{"id":16197,"date":"2019-03-21T16:03:38","date_gmt":"2019-03-21T15:03:38","guid":{"rendered":"http:\/\/www.spaziotorino.it\/scatto\/?p=16197"},"modified":"2019-03-21T16:04:35","modified_gmt":"2019-03-21T15:04:35","slug":"allex-incet-intitolata-la-piazza-teresa-noce-madre-costituente","status":"publish","type":"post","link":"http:\/\/www.spaziotorino.it\/scatto\/?p=16197","title":{"rendered":"All\u2019ex Incet, intitolata la piazza Teresa Noce, madre costituente"},"content":{"rendered":"<p><a class=\"ngg-fancybox\" title=\"All\u2019ex Incet, intitolata la piazza Teresa Noce, madre costituente\" href=\"http:\/\/www.spaziotorino.it\/scatto\/wp-content\/gallery\/2019_03_21_noce\/pla_0867.jpg\" rel=\"6b287957cbd8f59b40e30aa3047acbe3\"><br \/>\n<img decoding=\"async\" loading=\"lazy\" class=\"ngg-singlepic\" title=\"All\u2019ex Incet, intitolata la piazza Teresa Noce, madre costituente\" src=\"http:\/\/www.spaziotorino.it\/scatto\/wp-content\/gallery\/2019_03_21_noce\/pla_0867.jpg\" alt=\"\" width=\"540\" height=\"360\"\/><\/a><\/p>\n<!-- index.php -->\n<div\n\tclass=\"ngg-galleryoverview ngg-ajax-pagination-none\"\n\tid=\"ngg-gallery-0bf69d93505d5dbfe46671659dc4dd43-1\">\n\n    \t\t<!-- Thumbnails -->\n\t\t\t\t<div id=\"ngg-image-0\" class=\"ngg-gallery-thumbnail-box\" >\n\t\t\t\t        <div class=\"ngg-gallery-thumbnail\">\n            <a href=\"http:\/\/www.spaziotorino.it\/scatto\/wp-content\/gallery\/2019_03_21_noce\/pla_0725.jpg\"\n               title=\"Piazza Teresa Noce, madre costituente\"\n               data-src=\"http:\/\/www.spaziotorino.it\/scatto\/wp-content\/gallery\/2019_03_21_noce\/pla_0725.jpg\"\n               data-thumbnail=\"http:\/\/www.spaziotorino.it\/scatto\/wp-content\/gallery\/2019_03_21_noce\/thumbs\/thumbs_pla_0725.jpg\"\n               data-image-id=\"22470\"\n               data-title=\"Piazza Teresa Noce, madre costituente\"\n               data-description=\"Piazza Teresa Noce, madre costituente\"\n               data-image-slug=\"pla_0725\"\n               class=\"ngg-fancybox\" rel=\"0bf69d93505d5dbfe46671659dc4dd43\">\n                <img\n                    title=\"Piazza Teresa Noce, madre costituente\"\n                    alt=\"Piazza Teresa Noce, madre costituente\"\n                    src=\"http:\/\/www.spaziotorino.it\/scatto\/wp-content\/gallery\/2019_03_21_noce\/cache\/pla_0725.jpg-nggid0522470-ngg0dyn-60x60x100-00f0w010c011r110f110r010t010.jpg\"\n                    width=\"60\"\n                    height=\"60\"\n                    style=\"max-width:100%;\"\n                \/>\n            <\/a>\n        <\/div>\n\t\t\t\t\t\t\t<\/div> \n\t\t\t\n        \n\t\t\t\t<div id=\"ngg-image-1\" class=\"ngg-gallery-thumbnail-box\" >\n\t\t\t\t        <div class=\"ngg-gallery-thumbnail\">\n            <a href=\"http:\/\/www.spaziotorino.it\/scatto\/wp-content\/gallery\/2019_03_21_noce\/pla_0738.jpg\"\n               title=\"Gli alunni accolgono Giovanni Longo, figlio di Teresa Noce\"\n               data-src=\"http:\/\/www.spaziotorino.it\/scatto\/wp-content\/gallery\/2019_03_21_noce\/pla_0738.jpg\"\n               data-thumbnail=\"http:\/\/www.spaziotorino.it\/scatto\/wp-content\/gallery\/2019_03_21_noce\/thumbs\/thumbs_pla_0738.jpg\"\n               data-image-id=\"22471\"\n               data-title=\"Gli alunni accolgono Giovanni Longo, figlio di Teresa Noce\"\n               data-description=\"Gli alunni accolgono Giovanni Longo, figlio di Teresa Noce\"\n               data-image-slug=\"pla_0738\"\n               class=\"ngg-fancybox\" rel=\"0bf69d93505d5dbfe46671659dc4dd43\">\n                <img\n                    title=\"Gli alunni accolgono Giovanni Longo, figlio di Teresa Noce\"\n                    alt=\"Gli alunni accolgono Giovanni Longo, figlio di Teresa Noce\"\n                    src=\"http:\/\/www.spaziotorino.it\/scatto\/wp-content\/gallery\/2019_03_21_noce\/cache\/pla_0738.jpg-nggid0522471-ngg0dyn-60x60x100-00f0w010c011r110f110r010t010.jpg\"\n                    width=\"60\"\n                    height=\"60\"\n                    style=\"max-width:100%;\"\n                \/>\n            <\/a>\n        <\/div>\n\t\t\t\t\t\t\t<\/div> \n\t\t\t\n        \n\t\t\t\t<div id=\"ngg-image-2\" class=\"ngg-gallery-thumbnail-box\" >\n\t\t\t\t        <div class=\"ngg-gallery-thumbnail\">\n            <a href=\"http:\/\/www.spaziotorino.it\/scatto\/wp-content\/gallery\/2019_03_21_noce\/pla_0744.jpg\"\n               title=\"La marcia per la 24a giornata Vittime delle Mafie\"\n               data-src=\"http:\/\/www.spaziotorino.it\/scatto\/wp-content\/gallery\/2019_03_21_noce\/pla_0744.jpg\"\n               data-thumbnail=\"http:\/\/www.spaziotorino.it\/scatto\/wp-content\/gallery\/2019_03_21_noce\/thumbs\/thumbs_pla_0744.jpg\"\n               data-image-id=\"22472\"\n               data-title=\"La marcia per la 24a giornata Vittime delle Mafie\"\n               data-description=\"La marcia per la 24a giornata Vittime delle Mafie\"\n               data-image-slug=\"pla_0744\"\n               class=\"ngg-fancybox\" rel=\"0bf69d93505d5dbfe46671659dc4dd43\">\n                <img\n                    title=\"La marcia per la 24a giornata Vittime delle Mafie\"\n                    alt=\"La marcia per la 24a giornata Vittime delle Mafie\"\n                    src=\"http:\/\/www.spaziotorino.it\/scatto\/wp-content\/gallery\/2019_03_21_noce\/cache\/pla_0744.jpg-nggid0522472-ngg0dyn-60x60x100-00f0w010c011r110f110r010t010.jpg\"\n                    width=\"60\"\n                    height=\"60\"\n                    style=\"max-width:100%;\"\n                \/>\n            <\/a>\n        <\/div>\n\t\t\t\t\t\t\t<\/div> \n\t\t\t\n        \n\t\t\t\t<div id=\"ngg-image-3\" class=\"ngg-gallery-thumbnail-box\" >\n\t\t\t\t        <div class=\"ngg-gallery-thumbnail\">\n            <a href=\"http:\/\/www.spaziotorino.it\/scatto\/wp-content\/gallery\/2019_03_21_noce\/pla_0754.jpg\"\n               title=\"La marcia per la 24a giornata Vittime delle Mafie\"\n               data-src=\"http:\/\/www.spaziotorino.it\/scatto\/wp-content\/gallery\/2019_03_21_noce\/pla_0754.jpg\"\n               data-thumbnail=\"http:\/\/www.spaziotorino.it\/scatto\/wp-content\/gallery\/2019_03_21_noce\/thumbs\/thumbs_pla_0754.jpg\"\n               data-image-id=\"22473\"\n               data-title=\"La marcia per la 24a giornata Vittime delle Mafie\"\n               data-description=\"La marcia per la 24a giornata Vittime delle Mafie\"\n               data-image-slug=\"pla_0754\"\n               class=\"ngg-fancybox\" rel=\"0bf69d93505d5dbfe46671659dc4dd43\">\n                <img\n                    title=\"La marcia per la 24a giornata Vittime delle Mafie\"\n                    alt=\"La marcia per la 24a giornata Vittime delle Mafie\"\n                    src=\"http:\/\/www.spaziotorino.it\/scatto\/wp-content\/gallery\/2019_03_21_noce\/cache\/pla_0754.jpg-nggid0522473-ngg0dyn-60x60x100-00f0w010c011r110f110r010t010.jpg\"\n                    width=\"60\"\n                    height=\"60\"\n                    style=\"max-width:100%;\"\n                \/>\n            <\/a>\n        <\/div>\n\t\t\t\t\t\t\t<\/div> \n\t\t\t\n        \n\t\t\t\t<div id=\"ngg-image-4\" class=\"ngg-gallery-thumbnail-box\" >\n\t\t\t\t        <div class=\"ngg-gallery-thumbnail\">\n            <a href=\"http:\/\/www.spaziotorino.it\/scatto\/wp-content\/gallery\/2019_03_21_noce\/pla_0757.jpg\"\n               title=\"Uno striscione in piazza Noce\"\n               data-src=\"http:\/\/www.spaziotorino.it\/scatto\/wp-content\/gallery\/2019_03_21_noce\/pla_0757.jpg\"\n               data-thumbnail=\"http:\/\/www.spaziotorino.it\/scatto\/wp-content\/gallery\/2019_03_21_noce\/thumbs\/thumbs_pla_0757.jpg\"\n               data-image-id=\"22474\"\n               data-title=\"Uno striscione in piazza Noce\"\n               data-description=\"Uno striscione in piazza Noce\"\n               data-image-slug=\"pla_0757\"\n               class=\"ngg-fancybox\" rel=\"0bf69d93505d5dbfe46671659dc4dd43\">\n                <img\n                    title=\"Uno striscione in piazza Noce\"\n                    alt=\"Uno striscione in piazza Noce\"\n                    src=\"http:\/\/www.spaziotorino.it\/scatto\/wp-content\/gallery\/2019_03_21_noce\/cache\/pla_0757.jpg-nggid0522474-ngg0dyn-60x60x100-00f0w010c011r110f110r010t010.jpg\"\n                    width=\"60\"\n                    height=\"60\"\n                    style=\"max-width:100%;\"\n                \/>\n            <\/a>\n        <\/div>\n\t\t\t\t\t\t\t<\/div> \n\t\t\t\n        \n\t\t\t\t<div id=\"ngg-image-5\" class=\"ngg-gallery-thumbnail-box\" >\n\t\t\t\t        <div class=\"ngg-gallery-thumbnail\">\n            <a href=\"http:\/\/www.spaziotorino.it\/scatto\/wp-content\/gallery\/2019_03_21_noce\/pla_0767.jpg\"\n               title=\"Sorrisi dagli alunni della Pestalozzi\"\n               data-src=\"http:\/\/www.spaziotorino.it\/scatto\/wp-content\/gallery\/2019_03_21_noce\/pla_0767.jpg\"\n               data-thumbnail=\"http:\/\/www.spaziotorino.it\/scatto\/wp-content\/gallery\/2019_03_21_noce\/thumbs\/thumbs_pla_0767.jpg\"\n               data-image-id=\"22475\"\n               data-title=\"Sorrisi dagli alunni della Pestalozzi\"\n               data-description=\"Sorrisi dagli alunni della Pestalozzi\"\n               data-image-slug=\"pla_0767\"\n               class=\"ngg-fancybox\" rel=\"0bf69d93505d5dbfe46671659dc4dd43\">\n                <img\n                    title=\"Sorrisi dagli alunni della Pestalozzi\"\n                    alt=\"Sorrisi dagli alunni della Pestalozzi\"\n                    src=\"http:\/\/www.spaziotorino.it\/scatto\/wp-content\/gallery\/2019_03_21_noce\/cache\/pla_0767.jpg-nggid0522475-ngg0dyn-60x60x100-00f0w010c011r110f110r010t010.jpg\"\n                    width=\"60\"\n                    height=\"60\"\n                    style=\"max-width:100%;\"\n                \/>\n            <\/a>\n        <\/div>\n\t\t\t\t\t\t\t<\/div> \n\t\t\t\n        \n\t\t\t\t<div id=\"ngg-image-6\" class=\"ngg-gallery-thumbnail-box\" >\n\t\t\t\t        <div class=\"ngg-gallery-thumbnail\">\n            <a href=\"http:\/\/www.spaziotorino.it\/scatto\/wp-content\/gallery\/2019_03_21_noce\/pla_0777.jpg\"\n               title=\"Enzo Lavolta\"\n               data-src=\"http:\/\/www.spaziotorino.it\/scatto\/wp-content\/gallery\/2019_03_21_noce\/pla_0777.jpg\"\n               data-thumbnail=\"http:\/\/www.spaziotorino.it\/scatto\/wp-content\/gallery\/2019_03_21_noce\/thumbs\/thumbs_pla_0777.jpg\"\n               data-image-id=\"22476\"\n               data-title=\"Enzo Lavolta\"\n               data-description=\"Enzo Lavolta\"\n               data-image-slug=\"pla_0777\"\n               class=\"ngg-fancybox\" rel=\"0bf69d93505d5dbfe46671659dc4dd43\">\n                <img\n                    title=\"Enzo Lavolta\"\n                    alt=\"Enzo Lavolta\"\n                    src=\"http:\/\/www.spaziotorino.it\/scatto\/wp-content\/gallery\/2019_03_21_noce\/cache\/pla_0777.jpg-nggid0522476-ngg0dyn-60x60x100-00f0w010c011r110f110r010t010.jpg\"\n                    width=\"60\"\n                    height=\"60\"\n                    style=\"max-width:100%;\"\n                \/>\n            <\/a>\n        <\/div>\n\t\t\t\t\t\t\t<\/div> \n\t\t\t\n        \n\t\t\t\t<div id=\"ngg-image-7\" class=\"ngg-gallery-thumbnail-box\" >\n\t\t\t\t        <div class=\"ngg-gallery-thumbnail\">\n            <a href=\"http:\/\/www.spaziotorino.it\/scatto\/wp-content\/gallery\/2019_03_21_noce\/pla_0783.jpg\"\n               title=\"Un momento della cerimonia\"\n               data-src=\"http:\/\/www.spaziotorino.it\/scatto\/wp-content\/gallery\/2019_03_21_noce\/pla_0783.jpg\"\n               data-thumbnail=\"http:\/\/www.spaziotorino.it\/scatto\/wp-content\/gallery\/2019_03_21_noce\/thumbs\/thumbs_pla_0783.jpg\"\n               data-image-id=\"22477\"\n               data-title=\"Un momento della cerimonia\"\n               data-description=\"Un momento della cerimonia\"\n               data-image-slug=\"pla_0783\"\n               class=\"ngg-fancybox\" rel=\"0bf69d93505d5dbfe46671659dc4dd43\">\n                <img\n                    title=\"Un momento della cerimonia\"\n                    alt=\"Un momento della cerimonia\"\n                    src=\"http:\/\/www.spaziotorino.it\/scatto\/wp-content\/gallery\/2019_03_21_noce\/cache\/pla_0783.jpg-nggid0522477-ngg0dyn-60x60x100-00f0w010c011r110f110r010t010.jpg\"\n                    width=\"60\"\n                    height=\"60\"\n                    style=\"max-width:100%;\"\n                \/>\n            <\/a>\n        <\/div>\n\t\t\t\t\t\t\t<\/div> \n\t\t\t\n        \n\t\t\t\t<div id=\"ngg-image-8\" class=\"ngg-gallery-thumbnail-box\" >\n\t\t\t\t        <div class=\"ngg-gallery-thumbnail\">\n            <a href=\"http:\/\/www.spaziotorino.it\/scatto\/wp-content\/gallery\/2019_03_21_noce\/pla_0787.jpg\"\n               title=\"Piazza Teresa Noce\"\n               data-src=\"http:\/\/www.spaziotorino.it\/scatto\/wp-content\/gallery\/2019_03_21_noce\/pla_0787.jpg\"\n               data-thumbnail=\"http:\/\/www.spaziotorino.it\/scatto\/wp-content\/gallery\/2019_03_21_noce\/thumbs\/thumbs_pla_0787.jpg\"\n               data-image-id=\"22478\"\n               data-title=\"Piazza Teresa Noce\"\n               data-description=\"Piazza Teresa Noce\"\n               data-image-slug=\"pla_0787\"\n               class=\"ngg-fancybox\" rel=\"0bf69d93505d5dbfe46671659dc4dd43\">\n                <img\n                    title=\"Piazza Teresa Noce\"\n                    alt=\"Piazza Teresa Noce\"\n                    src=\"http:\/\/www.spaziotorino.it\/scatto\/wp-content\/gallery\/2019_03_21_noce\/cache\/pla_0787.jpg-nggid0522478-ngg0dyn-60x60x100-00f0w010c011r110f110r010t010.jpg\"\n                    width=\"60\"\n                    height=\"60\"\n                    style=\"max-width:100%;\"\n                \/>\n            <\/a>\n        <\/div>\n\t\t\t\t\t\t\t<\/div> \n\t\t\t\n        \n\t\t\t\t<div id=\"ngg-image-9\" class=\"ngg-gallery-thumbnail-box\" >\n\t\t\t\t        <div class=\"ngg-gallery-thumbnail\">\n            <a href=\"http:\/\/www.spaziotorino.it\/scatto\/wp-content\/gallery\/2019_03_21_noce\/pla_0803.jpg\"\n               title=\"Nino Boeti\"\n               data-src=\"http:\/\/www.spaziotorino.it\/scatto\/wp-content\/gallery\/2019_03_21_noce\/pla_0803.jpg\"\n               data-thumbnail=\"http:\/\/www.spaziotorino.it\/scatto\/wp-content\/gallery\/2019_03_21_noce\/thumbs\/thumbs_pla_0803.jpg\"\n               data-image-id=\"22479\"\n               data-title=\"Nino Boeti\"\n               data-description=\"Nino Boeti\"\n               data-image-slug=\"pla_0803\"\n               class=\"ngg-fancybox\" rel=\"0bf69d93505d5dbfe46671659dc4dd43\">\n                <img\n                    title=\"Nino Boeti\"\n                    alt=\"Nino Boeti\"\n                    src=\"http:\/\/www.spaziotorino.it\/scatto\/wp-content\/gallery\/2019_03_21_noce\/cache\/pla_0803.jpg-nggid0522479-ngg0dyn-60x60x100-00f0w010c011r110f110r010t010.jpg\"\n                    width=\"60\"\n                    height=\"60\"\n                    style=\"max-width:100%;\"\n                \/>\n            <\/a>\n        <\/div>\n\t\t\t\t\t\t\t<\/div> \n\t\t\t\n        \n\t\t\t\t<div id=\"ngg-image-10\" class=\"ngg-gallery-thumbnail-box\" >\n\t\t\t\t        <div class=\"ngg-gallery-thumbnail\">\n            <a href=\"http:\/\/www.spaziotorino.it\/scatto\/wp-content\/gallery\/2019_03_21_noce\/pla_0809.jpg\"\n               title=\"Giuseppe Longo\"\n               data-src=\"http:\/\/www.spaziotorino.it\/scatto\/wp-content\/gallery\/2019_03_21_noce\/pla_0809.jpg\"\n               data-thumbnail=\"http:\/\/www.spaziotorino.it\/scatto\/wp-content\/gallery\/2019_03_21_noce\/thumbs\/thumbs_pla_0809.jpg\"\n               data-image-id=\"22480\"\n               data-title=\"Giuseppe Longo\"\n               data-description=\"Giuseppe Longo\"\n               data-image-slug=\"pla_0809\"\n               class=\"ngg-fancybox\" rel=\"0bf69d93505d5dbfe46671659dc4dd43\">\n                <img\n                    title=\"Giuseppe Longo\"\n                    alt=\"Giuseppe Longo\"\n                    src=\"http:\/\/www.spaziotorino.it\/scatto\/wp-content\/gallery\/2019_03_21_noce\/cache\/pla_0809.jpg-nggid0522480-ngg0dyn-60x60x100-00f0w010c011r110f110r010t010.jpg\"\n                    width=\"60\"\n                    height=\"60\"\n                    style=\"max-width:100%;\"\n                \/>\n            <\/a>\n        <\/div>\n\t\t\t\t\t\t\t<\/div> \n\t\t\t\n        \n\t\t\t\t<div id=\"ngg-image-11\" class=\"ngg-gallery-thumbnail-box\" >\n\t\t\t\t        <div class=\"ngg-gallery-thumbnail\">\n            <a href=\"http:\/\/www.spaziotorino.it\/scatto\/wp-content\/gallery\/2019_03_21_noce\/pla_0826.jpg\"\n               title=\"Tiziana Rubano\"\n               data-src=\"http:\/\/www.spaziotorino.it\/scatto\/wp-content\/gallery\/2019_03_21_noce\/pla_0826.jpg\"\n               data-thumbnail=\"http:\/\/www.spaziotorino.it\/scatto\/wp-content\/gallery\/2019_03_21_noce\/thumbs\/thumbs_pla_0826.jpg\"\n               data-image-id=\"22481\"\n               data-title=\"Tiziana Rubano\"\n               data-description=\"Tiziana Rubano\"\n               data-image-slug=\"pla_0826\"\n               class=\"ngg-fancybox\" rel=\"0bf69d93505d5dbfe46671659dc4dd43\">\n                <img\n                    title=\"Tiziana Rubano\"\n                    alt=\"Tiziana Rubano\"\n                    src=\"http:\/\/www.spaziotorino.it\/scatto\/wp-content\/gallery\/2019_03_21_noce\/cache\/pla_0826.jpg-nggid0522481-ngg0dyn-60x60x100-00f0w010c011r110f110r010t010.jpg\"\n                    width=\"60\"\n                    height=\"60\"\n                    style=\"max-width:100%;\"\n                \/>\n            <\/a>\n        <\/div>\n\t\t\t\t\t\t\t<\/div> \n\t\t\t\n        \n\t\t\t\t<div id=\"ngg-image-12\" class=\"ngg-gallery-thumbnail-box\" >\n\t\t\t\t        <div class=\"ngg-gallery-thumbnail\">\n            <a href=\"http:\/\/www.spaziotorino.it\/scatto\/wp-content\/gallery\/2019_03_21_noce\/pla_0834.jpg\"\n               title=\"Carlotta Salerno\"\n               data-src=\"http:\/\/www.spaziotorino.it\/scatto\/wp-content\/gallery\/2019_03_21_noce\/pla_0834.jpg\"\n               data-thumbnail=\"http:\/\/www.spaziotorino.it\/scatto\/wp-content\/gallery\/2019_03_21_noce\/thumbs\/thumbs_pla_0834.jpg\"\n               data-image-id=\"22482\"\n               data-title=\"Carlotta Salerno\"\n               data-description=\"Carlotta Salerno\"\n               data-image-slug=\"pla_0834-1\"\n               class=\"ngg-fancybox\" rel=\"0bf69d93505d5dbfe46671659dc4dd43\">\n                <img\n                    title=\"Carlotta Salerno\"\n                    alt=\"Carlotta Salerno\"\n                    src=\"http:\/\/www.spaziotorino.it\/scatto\/wp-content\/gallery\/2019_03_21_noce\/cache\/pla_0834.jpg-nggid0522482-ngg0dyn-60x60x100-00f0w010c011r110f110r010t010.jpg\"\n                    width=\"60\"\n                    height=\"60\"\n                    style=\"max-width:100%;\"\n                \/>\n            <\/a>\n        <\/div>\n\t\t\t\t\t\t\t<\/div> \n\t\t\t\n        \n\t\t\t\t<div id=\"ngg-image-13\" class=\"ngg-gallery-thumbnail-box\" >\n\t\t\t\t        <div class=\"ngg-gallery-thumbnail\">\n            <a href=\"http:\/\/www.spaziotorino.it\/scatto\/wp-content\/gallery\/2019_03_21_noce\/pla_0844.jpg\"\n               title=\"Un momento della cerimonia\"\n               data-src=\"http:\/\/www.spaziotorino.it\/scatto\/wp-content\/gallery\/2019_03_21_noce\/pla_0844.jpg\"\n               data-thumbnail=\"http:\/\/www.spaziotorino.it\/scatto\/wp-content\/gallery\/2019_03_21_noce\/thumbs\/thumbs_pla_0844.jpg\"\n               data-image-id=\"22483\"\n               data-title=\"Un momento della cerimonia\"\n               data-description=\"Un momento della cerimonia\"\n               data-image-slug=\"pla_0844\"\n               class=\"ngg-fancybox\" rel=\"0bf69d93505d5dbfe46671659dc4dd43\">\n                <img\n                    title=\"Un momento della cerimonia\"\n                    alt=\"Un momento della cerimonia\"\n                    src=\"http:\/\/www.spaziotorino.it\/scatto\/wp-content\/gallery\/2019_03_21_noce\/cache\/pla_0844.jpg-nggid0522483-ngg0dyn-60x60x100-00f0w010c011r110f110r010t010.jpg\"\n                    width=\"60\"\n                    height=\"60\"\n                    style=\"max-width:100%;\"\n                \/>\n            <\/a>\n        <\/div>\n\t\t\t\t\t\t\t<\/div> \n\t\t\t\n        \n\t\t\t\t<div id=\"ngg-image-14\" class=\"ngg-gallery-thumbnail-box\" >\n\t\t\t\t        <div class=\"ngg-gallery-thumbnail\">\n            <a href=\"http:\/\/www.spaziotorino.it\/scatto\/wp-content\/gallery\/2019_03_21_noce\/pla_0858.jpg\"\n               title=\"Un momento della cerimonia\"\n               data-src=\"http:\/\/www.spaziotorino.it\/scatto\/wp-content\/gallery\/2019_03_21_noce\/pla_0858.jpg\"\n               data-thumbnail=\"http:\/\/www.spaziotorino.it\/scatto\/wp-content\/gallery\/2019_03_21_noce\/thumbs\/thumbs_pla_0858.jpg\"\n               data-image-id=\"22484\"\n               data-title=\"Un momento della cerimonia\"\n               data-description=\"Un momento della cerimonia\"\n               data-image-slug=\"pla_0858\"\n               class=\"ngg-fancybox\" rel=\"0bf69d93505d5dbfe46671659dc4dd43\">\n                <img\n                    title=\"Un momento della cerimonia\"\n                    alt=\"Un momento della cerimonia\"\n                    src=\"http:\/\/www.spaziotorino.it\/scatto\/wp-content\/gallery\/2019_03_21_noce\/cache\/pla_0858.jpg-nggid0522484-ngg0dyn-60x60x100-00f0w010c011r110f110r010t010.jpg\"\n                    width=\"60\"\n                    height=\"60\"\n                    style=\"max-width:100%;\"\n                \/>\n            <\/a>\n        <\/div>\n\t\t\t\t\t\t\t<\/div> \n\t\t\t\n        \n\t\t\t\t<div id=\"ngg-image-15\" class=\"ngg-gallery-thumbnail-box\" >\n\t\t\t\t        <div class=\"ngg-gallery-thumbnail\">\n            <a href=\"http:\/\/www.spaziotorino.it\/scatto\/wp-content\/gallery\/2019_03_21_noce\/pla_0867.jpg\"\n               title=\"Piazza Teresa Noce\"\n               data-src=\"http:\/\/www.spaziotorino.it\/scatto\/wp-content\/gallery\/2019_03_21_noce\/pla_0867.jpg\"\n               data-thumbnail=\"http:\/\/www.spaziotorino.it\/scatto\/wp-content\/gallery\/2019_03_21_noce\/thumbs\/thumbs_pla_0867.jpg\"\n               data-image-id=\"22485\"\n               data-title=\"Piazza Teresa Noce\"\n               data-description=\"Piazza Teresa Noce\"\n               data-image-slug=\"pla_0867\"\n               class=\"ngg-fancybox\" rel=\"0bf69d93505d5dbfe46671659dc4dd43\">\n                <img\n                    title=\"Piazza Teresa Noce\"\n                    alt=\"Piazza Teresa Noce\"\n                    src=\"http:\/\/www.spaziotorino.it\/scatto\/wp-content\/gallery\/2019_03_21_noce\/cache\/pla_0867.jpg-nggid0522485-ngg0dyn-60x60x100-00f0w010c011r110f110r010t010.jpg\"\n                    width=\"60\"\n                    height=\"60\"\n                    style=\"max-width:100%;\"\n                \/>\n            <\/a>\n        <\/div>\n\t\t\t\t\t\t\t<\/div> \n\t\t\t\n        \n\t\t\t\t<div id=\"ngg-image-16\" class=\"ngg-gallery-thumbnail-box\" >\n\t\t\t\t        <div class=\"ngg-gallery-thumbnail\">\n            <a href=\"http:\/\/www.spaziotorino.it\/scatto\/wp-content\/gallery\/2019_03_21_noce\/pla_0877.jpg\"\n               title=\"Piazza Teresa Noce\"\n               data-src=\"http:\/\/www.spaziotorino.it\/scatto\/wp-content\/gallery\/2019_03_21_noce\/pla_0877.jpg\"\n               data-thumbnail=\"http:\/\/www.spaziotorino.it\/scatto\/wp-content\/gallery\/2019_03_21_noce\/thumbs\/thumbs_pla_0877.jpg\"\n               data-image-id=\"22486\"\n               data-title=\"Piazza Teresa Noce\"\n               data-description=\"Piazza Teresa Noce\"\n               data-image-slug=\"pla_0877\"\n               class=\"ngg-fancybox\" rel=\"0bf69d93505d5dbfe46671659dc4dd43\">\n                <img\n                    title=\"Piazza Teresa Noce\"\n                    alt=\"Piazza Teresa Noce\"\n                    src=\"http:\/\/www.spaziotorino.it\/scatto\/wp-content\/gallery\/2019_03_21_noce\/cache\/pla_0877.jpg-nggid0522486-ngg0dyn-60x60x100-00f0w010c011r110f110r010t010.jpg\"\n                    width=\"60\"\n                    height=\"60\"\n                    style=\"max-width:100%;\"\n                \/>\n            <\/a>\n        <\/div>\n\t\t\t\t\t\t\t<\/div> \n\t\t\t\n        \n\t\t\t\t<div id=\"ngg-image-17\" class=\"ngg-gallery-thumbnail-box\" >\n\t\t\t\t        <div class=\"ngg-gallery-thumbnail\">\n            <a href=\"http:\/\/www.spaziotorino.it\/scatto\/wp-content\/gallery\/2019_03_21_noce\/pla_0895.jpg\"\n               title=\"Piazza Teresa Noce\"\n               data-src=\"http:\/\/www.spaziotorino.it\/scatto\/wp-content\/gallery\/2019_03_21_noce\/pla_0895.jpg\"\n               data-thumbnail=\"http:\/\/www.spaziotorino.it\/scatto\/wp-content\/gallery\/2019_03_21_noce\/thumbs\/thumbs_pla_0895.jpg\"\n               data-image-id=\"22487\"\n               data-title=\"Piazza Teresa Noce\"\n               data-description=\"Piazza Teresa Noce\"\n               data-image-slug=\"pla_0895-1\"\n               class=\"ngg-fancybox\" rel=\"0bf69d93505d5dbfe46671659dc4dd43\">\n                <img\n                    title=\"Piazza Teresa Noce\"\n                    alt=\"Piazza Teresa Noce\"\n                    src=\"http:\/\/www.spaziotorino.it\/scatto\/wp-content\/gallery\/2019_03_21_noce\/cache\/pla_0895.jpg-nggid0522487-ngg0dyn-60x60x100-00f0w010c011r110f110r010t010.jpg\"\n                    width=\"60\"\n                    height=\"60\"\n                    style=\"max-width:100%;\"\n                \/>\n            <\/a>\n        <\/div>\n\t\t\t\t\t\t\t<\/div> \n\t\t\t\n        \n\t\t\t\t<div id=\"ngg-image-18\" class=\"ngg-gallery-thumbnail-box\" >\n\t\t\t\t        <div class=\"ngg-gallery-thumbnail\">\n            <a href=\"http:\/\/www.spaziotorino.it\/scatto\/wp-content\/gallery\/2019_03_21_noce\/pla_0900.jpg\"\n               title=\"Piazza Teresa Noce\"\n               data-src=\"http:\/\/www.spaziotorino.it\/scatto\/wp-content\/gallery\/2019_03_21_noce\/pla_0900.jpg\"\n               data-thumbnail=\"http:\/\/www.spaziotorino.it\/scatto\/wp-content\/gallery\/2019_03_21_noce\/thumbs\/thumbs_pla_0900.jpg\"\n               data-image-id=\"22488\"\n               data-title=\"Piazza Teresa Noce\"\n               data-description=\"Piazza Teresa Noce\"\n               data-image-slug=\"pla_0900\"\n               class=\"ngg-fancybox\" rel=\"0bf69d93505d5dbfe46671659dc4dd43\">\n                <img\n                    title=\"Piazza Teresa Noce\"\n                    alt=\"Piazza Teresa Noce\"\n                    src=\"http:\/\/www.spaziotorino.it\/scatto\/wp-content\/gallery\/2019_03_21_noce\/cache\/pla_0900.jpg-nggid0522488-ngg0dyn-60x60x100-00f0w010c011r110f110r010t010.jpg\"\n                    width=\"60\"\n                    height=\"60\"\n                    style=\"max-width:100%;\"\n                \/>\n            <\/a>\n        <\/div>\n\t\t\t\t\t\t\t<\/div> \n\t\t\t\n        \n\t\t\n\t\t<!-- Pagination -->\n\t<div class='ngg-clear'><\/div>\t<\/div>\n\n<p>Nell\u2019interno di via Francesco Cigna 96 a Torino, nei pressi dell\u2019ex fabbrica Incet, \u00e8 stata intitolata una piazza a&nbsp;<strong style=\"font-style: inherit;\">Teresa Noce<\/strong>, madre costituente, partigiana, antifascista e politica italiana, impegnata nella legislazione sul lavoro femminile, nata a Torino il 29 luglio 1900 e morta a Bologna il 22 gennaio 1980.<\/p>\n<p>La \u201cnuova\u201d piazza era gremita da circa 500 alunni della Direzione Didattica Ilaria Alpi e delle scuole primarie Anna Frank, Erich Giachino, Enrico Pestalozzi, XXV aprile e del gruppo &#8220;Crescere in coro&#8221; che hanno preso parte alla marcia per la 24a giornata Vittime delle Mafie organizzata da Libera e che al termine della Cerimonia Ufficiale hanno scandito letture e canti.<\/p>\n<p>A rappresentare la Citt\u00e0 di Torino alla cerimonia, \u00e8 intervenuto il vicepresidente vicario del Consiglio Comunale&nbsp;<strong style=\"font-style: inherit;\">Enzo Lavolta<\/strong>: \u201cAver scelto Teresa Noce come toponimo da associare a questo spazio pubblico, in un\u2019area in cui sorgevano un tempo gli stabilimenti Incet, dove si producevano cavi elettrici, in una delle tante aree industriali della periferia di Torino, per troppo tempo abbandonate ma che da alcuni anni \u00e8 stata oggetto di importanti ed efficaci iniziative di riqualificazione da parte della Citt\u00e0 di Torino, non fa che rafforzare il senso di identit\u00e0, di appartenenza e di riconoscenza per chi ha lottato in nome di Torino, dell\u2019Italia e della nostra Democrazia\u201d.<\/p>\n<p>\u201cOggi, nel ricordo di Teresa Noce \u2013 ha concluso&nbsp;<strong style=\"font-style: inherit;\">Lavolta<\/strong>&nbsp;\u2013 \u00e8 pi\u00f9 che mai necessario frenare l\u2019assalto ai diritti che le donne e i lavoratori e le lavoratrici hanno acquisito a caro prezzo. Da oggi, il suo nome, il suo ricordo vivranno con noi, vicino a noi. In un luogo che appartiene alla storia di questa Citt\u00e0 e che sar\u00e0 nostro dovere morale tenere e mantenere con cura e amore\u201d.<\/p>\n<p>Il presidente del Consiglio regionale del Piemonte&nbsp;<strong style=\"font-style: inherit;\">Nino Boeti<\/strong>&nbsp;ha quindi ricordato l\u2019opposizione della Noce alla prima Guerra Mondiale, la sua appartenenza al Partito Comunista e la tragica esperienza della deportazione: \u201cFu una donna straordinaria, una delle tre donne piemontesi che hanno fatto parte dell\u2019Assemblea costituente, che credeva nel cambiamento, nell\u2019interesse della comunit\u00e0 in cui viveva\u201d.<\/p>\n<p>Arrivato da Bologna,&nbsp;<strong style=\"font-style: inherit;\">Giuseppe Longo<\/strong>, figlio di Teresa Noce, ha poi sottolineato il percorso dal basso che ha portato all\u2019intitolazione e l\u2019attualit\u00e0 della lotta al fascismo e alle mafie, necessaria allora cos\u00ec come oggi. Teresa Noce per\u00f2 \u2013 ha ricordato \u2013 \u00e8 stata anche una mamma che ha avuto paura mentre svolgeva attivit\u00e0 antifascista illegale, sotto i bombardamenti nella guerra civile di Spagna e nel campo di concentramento di&nbsp;<em style=\"font-weight: inherit;\">Ravensbr\u00fcck<\/em>, ma non per s\u00e9, ma per il futuro dei suoi figli.<\/p>\n<p><strong style=\"font-style: inherit;\">Tiziana Rubano<\/strong>, dell\u2019associazione Artemuda, ha quindi ringraziato tutti i promotori dell\u2019intitolazione e dello spettacolo teatrale dedicato alla figura di Teresa Noce: \u201cDedicarle una piazza, in un\u2019area di ex fabbrica, luogo di lotte, in un quartiere multiculturale, \u00e8 stato un gesto di responsabilit\u00e0, per restituire a una grande torinese il riconoscimento che la storia non le ha dato\u201d.<\/p>\n<p>Ha concluso la cerimonia la presidente della Circoscrizione 6,&nbsp;<strong style=\"font-style: inherit;\">Carlotta Salerno<\/strong>: \u201cAbbiamo intitolato questa piazza, anonima dopo una grande riqualificazione urbana, attraverso un percorso partecipato e condiviso. Per dare un giusto tributo alle battaglie politiche, sindacali e antifasciste di una donna eccezionale\u201d.<\/p>\n<p><strong>Perch\u00e9 Teresa Noce\u2026 <\/strong><\/p>\n<p>Nata in una famiglia di modestissime condizioni economiche Teresa mostra da subito acume, caparbiet\u00e0 e desiderio di riscatto. Dopo la morte della madre e del fratello fa dell\u2019impegno politico la sua ragione di vita, dapprima nel Partito socialista italiano e, in seguito, nel Partito Comunista d\u2019Italia dove conosce Luigi Longo, destinato a diventare dirigente politico nazionale di primo piano, marito e padre dei suoi tre figli. Dopo aver combattuto nella Guerra Civile Spagnola ed essere rientrata pi\u00f9 volte clandestinamente nel nostro Paese per sostenere l\u2019antifascismo militante nel corso degli Anni Trenta, viene arrestata in Francia e internata nel campo di Rieucros, poi deportata in Germania e in Cecoslovacchia. Tornata in Italia nel 1945, si dedica pienamente all\u2019attivit\u00e0 politica: \u00e8 nominata alla Consulta e nel 1946 \u00e8 eletta alla Costituente come una delle candidate pi\u00f9 votate del PCI a livello nazionale. Entra a far parte della Commissione dei 75, incaricata di stendere il testo della Carta Costituzionale. Eletta in Parlamento, vi rimane per due legislature, durante le quali presenta, tra le altre, la proposta di legge per la \u201cTutela fisica ed economica delle lavoratrici madri\u201d, che rimarr\u00e0 la base della legislazione in materia fino agli anni Settanta, e quella sulla parit\u00e0 tra donne e uomini, prevedendo eguale salario per eguale lavoro.<\/p>\n<p>[Fonte: <a href=\"http:\/\/www.comune.torino.it\/cittagora\/in-evidenza\/allex-incet-intitolata-la-piazza-teresa-noce-madre-costituente.html\">CittAgor\u00e0<\/a>, <a href=\"http:\/\/www.comune.torino.it\/circ6\/cm\/pages\/ServeBLOB.php\/L\/IT\/IDPagina\/5291\">Notizie Circoscrizione 6<\/a>] <\/p>\n","protected":false},"excerpt":{"rendered":"<p>Nell\u2019interno di via Francesco Cigna 96 a Torino, nei pressi dell\u2019ex fabbrica Incet, \u00e8 stata intitolata una piazza a&nbsp;Teresa Noce, madre costituente, partigiana, antifascista e politica italiana, impegnata nella legislazione sul lavoro femminile, nata a Torino il 29 luglio 1900 e morta a Bologna il 22 gennaio 1980. La \u201cnuova\u201d piazza era gremita da circa [&hellip;]<\/p>\n","protected":false},"author":1,"featured_media":0,"comment_status":"closed","ping_status":"open","sticky":false,"template":"","format":"standard","meta":{"ngg_post_thumbnail":0},"categories":[1,41,895],"tags":[],"_links":{"self":[{"href":"http:\/\/www.spaziotorino.it\/scatto\/index.php?rest_route=\/wp\/v2\/posts\/16197"}],"collection":[{"href":"http:\/\/www.spaziotorino.it\/scatto\/index.php?rest_route=\/wp\/v2\/posts"}],"about":[{"href":"http:\/\/www.spaziotorino.it\/scatto\/index.php?rest_route=\/wp\/v2\/types\/post"}],"author":[{"embeddable":true,"href":"http:\/\/www.spaziotorino.it\/scatto\/index.php?rest_route=\/wp\/v2\/users\/1"}],"replies":[{"embeddable":true,"href":"http:\/\/www.spaziotorino.it\/scatto\/index.php?rest_route=%2Fwp%2Fv2%2Fcomments&post=16197"}],"version-history":[{"count":4,"href":"http:\/\/www.spaziotorino.it\/scatto\/index.php?rest_route=\/wp\/v2\/posts\/16197\/revisions"}],"predecessor-version":[{"id":16201,"href":"http:\/\/www.spaziotorino.it\/scatto\/index.php?rest_route=\/wp\/v2\/posts\/16197\/revisions\/16201"}],"wp:attachment":[{"href":"http:\/\/www.spaziotorino.it\/scatto\/index.php?rest_route=%2Fwp%2Fv2%2Fmedia&parent=16197"}],"wp:term":[{"taxonomy":"category","embeddable":true,"href":"http:\/\/www.spaziotorino.it\/scatto\/index.php?rest_route=%2Fwp%2Fv2%2Fcategories&post=16197"},{"taxonomy":"post_tag","embeddable":true,"href":"http:\/\/www.spaziotorino.it\/scatto\/index.php?rest_route=%2Fwp%2Fv2%2Ftags&post=16197"}],"curies":[{"name":"wp","href":"https:\/\/api.w.org\/{rel}","templated":true}]}}