{"id":16322,"date":"2019-03-29T12:52:22","date_gmt":"2019-03-29T11:52:22","guid":{"rendered":"http:\/\/www.spaziotorino.it\/scatto\/?p=16322"},"modified":"2019-03-29T14:41:30","modified_gmt":"2019-03-29T13:41:30","slug":"tutte-le-famiglie-sono-benvenute-a-torino","status":"publish","type":"post","link":"http:\/\/www.spaziotorino.it\/scatto\/?p=16322","title":{"rendered":"\u201cTutte le famiglie sono benvenute a Torino\u201d"},"content":{"rendered":"<p><a class=\"ngg-fancybox\" title=\"\u201cTutte le famiglie sono benvenute a Torino\u201d\" href=\"http:\/\/www.spaziotorino.it\/scatto\/wp-content\/gallery\/2019_03_29_famiglia\/AMA_4603.jpg\" rel=\"8dd691c6de87d9065dd553a3d9f407cc\"><br \/>\n<img decoding=\"async\" loading=\"lazy\" class=\"ngg-singlepic\" title=\"\u201cTutte le famiglie sono benvenute a Torino\u201d\" src=\"http:\/\/www.spaziotorino.it\/scatto\/wp-content\/gallery\/2019_03_29_famiglia\/AMA_4603.jpg\" alt=\"\" width=\"540\" height=\"360\"\/><\/a><\/p>\n<!-- index.php -->\n<div\n\tclass=\"ngg-galleryoverview ngg-ajax-pagination-none\"\n\tid=\"ngg-gallery-a66fde0e74418ce136ac5acf5fe680eb-1\">\n\n    \t\t<!-- Thumbnails -->\n\t\t\t\t<div id=\"ngg-image-0\" class=\"ngg-gallery-thumbnail-box\" >\n\t\t\t\t        <div class=\"ngg-gallery-thumbnail\">\n            <a href=\"http:\/\/www.spaziotorino.it\/scatto\/wp-content\/gallery\/2019_03_29_famiglia\/AMA_4601.jpg\"\n               title=\"\"\n               data-src=\"http:\/\/www.spaziotorino.it\/scatto\/wp-content\/gallery\/2019_03_29_famiglia\/AMA_4601.jpg\"\n               data-thumbnail=\"http:\/\/www.spaziotorino.it\/scatto\/wp-content\/gallery\/2019_03_29_famiglia\/thumbs\/thumbs_AMA_4601.jpg\"\n               data-image-id=\"22537\"\n               data-title=\"AMA_4601\"\n               data-description=\"\"\n               data-image-slug=\"ama_4601\"\n               class=\"ngg-fancybox\" rel=\"a66fde0e74418ce136ac5acf5fe680eb\">\n                <img\n                    title=\"AMA_4601\"\n                    alt=\"AMA_4601\"\n                    src=\"http:\/\/www.spaziotorino.it\/scatto\/wp-content\/gallery\/2019_03_29_famiglia\/cache\/AMA_4601.jpg-nggid0522537-ngg0dyn-60x60x100-00f0w010c011r110f110r010t010.jpg\"\n                    width=\"60\"\n                    height=\"60\"\n                    style=\"max-width:100%;\"\n                \/>\n            <\/a>\n        <\/div>\n\t\t\t\t\t\t\t<\/div> \n\t\t\t\n        \n\t\t\t\t<div id=\"ngg-image-1\" class=\"ngg-gallery-thumbnail-box\" >\n\t\t\t\t        <div class=\"ngg-gallery-thumbnail\">\n            <a href=\"http:\/\/www.spaziotorino.it\/scatto\/wp-content\/gallery\/2019_03_29_famiglia\/AMA_4603.jpg\"\n               title=\"\"\n               data-src=\"http:\/\/www.spaziotorino.it\/scatto\/wp-content\/gallery\/2019_03_29_famiglia\/AMA_4603.jpg\"\n               data-thumbnail=\"http:\/\/www.spaziotorino.it\/scatto\/wp-content\/gallery\/2019_03_29_famiglia\/thumbs\/thumbs_AMA_4603.jpg\"\n               data-image-id=\"22538\"\n               data-title=\"AMA_4603\"\n               data-description=\"\"\n               data-image-slug=\"ama_4603\"\n               class=\"ngg-fancybox\" rel=\"a66fde0e74418ce136ac5acf5fe680eb\">\n                <img\n                    title=\"AMA_4603\"\n                    alt=\"AMA_4603\"\n                    src=\"http:\/\/www.spaziotorino.it\/scatto\/wp-content\/gallery\/2019_03_29_famiglia\/cache\/AMA_4603.jpg-nggid0522538-ngg0dyn-60x60x100-00f0w010c011r110f110r010t010.jpg\"\n                    width=\"60\"\n                    height=\"60\"\n                    style=\"max-width:100%;\"\n                \/>\n            <\/a>\n        <\/div>\n\t\t\t\t\t\t\t<\/div> \n\t\t\t\n        \n\t\t\t\t<div id=\"ngg-image-2\" class=\"ngg-gallery-thumbnail-box\" >\n\t\t\t\t        <div class=\"ngg-gallery-thumbnail\">\n            <a href=\"http:\/\/www.spaziotorino.it\/scatto\/wp-content\/gallery\/2019_03_29_famiglia\/AMA_4606.jpg\"\n               title=\"\"\n               data-src=\"http:\/\/www.spaziotorino.it\/scatto\/wp-content\/gallery\/2019_03_29_famiglia\/AMA_4606.jpg\"\n               data-thumbnail=\"http:\/\/www.spaziotorino.it\/scatto\/wp-content\/gallery\/2019_03_29_famiglia\/thumbs\/thumbs_AMA_4606.jpg\"\n               data-image-id=\"22539\"\n               data-title=\"AMA_4606\"\n               data-description=\"\"\n               data-image-slug=\"ama_4606\"\n               class=\"ngg-fancybox\" rel=\"a66fde0e74418ce136ac5acf5fe680eb\">\n                <img\n                    title=\"AMA_4606\"\n                    alt=\"AMA_4606\"\n                    src=\"http:\/\/www.spaziotorino.it\/scatto\/wp-content\/gallery\/2019_03_29_famiglia\/cache\/AMA_4606.jpg-nggid0522539-ngg0dyn-60x60x100-00f0w010c011r110f110r010t010.jpg\"\n                    width=\"60\"\n                    height=\"60\"\n                    style=\"max-width:100%;\"\n                \/>\n            <\/a>\n        <\/div>\n\t\t\t\t\t\t\t<\/div> \n\t\t\t\n        \n\t\t\n\t\t<!-- Pagination -->\n\t<div class='ngg-clear'><\/div>\t<\/div>\n\n<p>\u201cDa tempo \u2013 dichiara la sindaca Chiara Appendino &#8211; il Comune di Torino ha deciso di mutare la visione di un unico modello di famiglia pensando a quella pluralista, che riconosce come famiglie le realt\u00e0 sociali che formano la nostra societ\u00e0. Per questo motivo abbiamo deciso oggi, in contemporanea con la conferenza di Verona, di esporre e confermare ancora una volta la visione della Citt\u00e0 di Torino. Qui tutte le famiglie sono benvenute. Nessuna esclusa\u201d.<br \/>\n\u201cFamiglie \u2013 sottolinea l\u2019assessore ai Diritti e alle Politiche per le famiglie, Marco Giusta &#8211; sono persone sole, anziani, zii e nipoti, figli e figlie, nonne e cugine, mariti e mogli, compagni e compagne.<br \/>\nFamiglie sono quelle di nuova costituzione, quelle ricomposte, quelle allargate, quelle che comprendono relazioni anche tra pi\u00f9 di due persone, quelle che vorremmo costruire, quelle che sogniamo, gli spazi relazionali che riempiamo di significato. Famiglie sono le coppie omogenitoriali, le loro figlie e figli che la nostra Amministrazione ha deciso di riconoscere, prima in Italia.<br \/>\nFamiglie sono relazioni, lingue, culture, religioni, storie, lavoro, fatica quotidiana, affetto, amore, cura per l\u2019altra o per l&#8217;altro. Famiglie \u00e8 il proprio gatto, il cane, lo spazio confortevole a cui tornare la sera. Ogni persona porta con s\u00e9 la propria idea di famiglia, il proprio modello, e compito di una istituzione non potr\u00e0 mai essere quello di escluderne alcuni, peggio ancora ritenerne uno o altro superiori moralmente. Perch\u00e9 \u2013 conclude Giusta &#8211; dietro a questa posizione in realt\u00e0 se ne nascondono altre: la giustificazione alle violenze maschili e di genere, che avvengono soprattutto negli spazi relazionali, la discriminazione verso chi non si adegua ad un modello imposto, l&#8217;attacco alle soggettivit\u00e0 LGBTI che rifiutano i ruoli sociali culturalmente imposti e non si riconoscono nelle identit\u00e0 prescritte, un razzismo istituzionale, che sdogana quello sociale, che da un lato nega diritti e innalza confini e dall&#8217;altro sfrutta il lavoro migrante\u201d.<\/p>\n<p>[Fonte: <a href=\"http:\/\/www.torinoclick.it\/?p=82887\">TorinoClick<\/a>]<\/p>\n<p>Articoli correlati:<br \/>\n<a href=\"http:\/\/www.spaziotorino.it\/scatto\/?p=10698\"><strong>Riconoscimento dei diritti dei figli delle coppie omogenitoriali<\/strong><\/a><\/p>\n","protected":false},"excerpt":{"rendered":"<p>\u201cDa tempo \u2013 dichiara la sindaca Chiara Appendino &#8211; il Comune di Torino ha deciso di mutare la visione di un unico modello di famiglia pensando a quella pluralista, che riconosce come famiglie le realt\u00e0 sociali che formano la nostra societ\u00e0. Per questo motivo abbiamo deciso oggi, in contemporanea con la conferenza di Verona, di [&hellip;]<\/p>\n","protected":false},"author":1,"featured_media":0,"comment_status":"closed","ping_status":"open","sticky":false,"template":"","format":"standard","meta":{"ngg_post_thumbnail":0},"categories":[1,895],"tags":[],"_links":{"self":[{"href":"http:\/\/www.spaziotorino.it\/scatto\/index.php?rest_route=\/wp\/v2\/posts\/16322"}],"collection":[{"href":"http:\/\/www.spaziotorino.it\/scatto\/index.php?rest_route=\/wp\/v2\/posts"}],"about":[{"href":"http:\/\/www.spaziotorino.it\/scatto\/index.php?rest_route=\/wp\/v2\/types\/post"}],"author":[{"embeddable":true,"href":"http:\/\/www.spaziotorino.it\/scatto\/index.php?rest_route=\/wp\/v2\/users\/1"}],"replies":[{"embeddable":true,"href":"http:\/\/www.spaziotorino.it\/scatto\/index.php?rest_route=%2Fwp%2Fv2%2Fcomments&post=16322"}],"version-history":[{"count":4,"href":"http:\/\/www.spaziotorino.it\/scatto\/index.php?rest_route=\/wp\/v2\/posts\/16322\/revisions"}],"predecessor-version":[{"id":16363,"href":"http:\/\/www.spaziotorino.it\/scatto\/index.php?rest_route=\/wp\/v2\/posts\/16322\/revisions\/16363"}],"wp:attachment":[{"href":"http:\/\/www.spaziotorino.it\/scatto\/index.php?rest_route=%2Fwp%2Fv2%2Fmedia&parent=16322"}],"wp:term":[{"taxonomy":"category","embeddable":true,"href":"http:\/\/www.spaziotorino.it\/scatto\/index.php?rest_route=%2Fwp%2Fv2%2Fcategories&post=16322"},{"taxonomy":"post_tag","embeddable":true,"href":"http:\/\/www.spaziotorino.it\/scatto\/index.php?rest_route=%2Fwp%2Fv2%2Ftags&post=16322"}],"curies":[{"name":"wp","href":"https:\/\/api.w.org\/{rel}","templated":true}]}}