{"id":16444,"date":"2019-04-04T13:33:25","date_gmt":"2019-04-04T12:33:25","guid":{"rendered":"http:\/\/www.spaziotorino.it\/scatto\/?p=16444"},"modified":"2019-04-04T13:33:25","modified_gmt":"2019-04-04T12:33:25","slug":"a-palazzo-madama-le-sculture-gotiche-dalla-grande-cattedrale-notre-dame-de-paris","status":"publish","type":"post","link":"http:\/\/www.spaziotorino.it\/scatto\/?p=16444","title":{"rendered":"A Palazzo Madama le sculture gotiche dalla grande cattedrale Notre-Dame de Paris"},"content":{"rendered":"<p><a class=\"ngg-fancybox\" title=\"A Palazzo Madama le sculture gotiche dalla grande cattedrale Notre-Dame de Paris\" href=\"http:\/\/www.spaziotorino.it\/scatto\/wp-content\/gallery\/2019_04_04_notredame\/pla_2148.jpg\" rel=\"567d266aaff80a0dc6f07a48bf5a07c2\"><br \/>\n<img decoding=\"async\" loading=\"lazy\" class=\"ngg-singlepic\" title=\"A Palazzo Madama le sculture gotiche dalla grande cattedrale Notre-Dame de Paris\" src=\"http:\/\/www.spaziotorino.it\/scatto\/wp-content\/gallery\/2019_04_04_notredame\/pla_2148.jpg\" alt=\"\" width=\"540\" height=\"360\"\/><\/a><\/p>\n<!-- index.php -->\n<div\n\tclass=\"ngg-galleryoverview ngg-ajax-pagination-none\"\n\tid=\"ngg-gallery-29a066f36a0f535169d71a8c5a31b6a0-1\">\n\n    \t\t<!-- Thumbnails -->\n\t\t\t\t<div id=\"ngg-image-0\" class=\"ngg-gallery-thumbnail-box\" >\n\t\t\t\t        <div class=\"ngg-gallery-thumbnail\">\n            <a href=\"http:\/\/www.spaziotorino.it\/scatto\/wp-content\/gallery\/2019_04_04_notredame\/pla_2127.jpg\"\n               title=\"Testa di uomo barbuto. Jean de Chelles, Parigi, 1250-1258\"\n               data-src=\"http:\/\/www.spaziotorino.it\/scatto\/wp-content\/gallery\/2019_04_04_notredame\/pla_2127.jpg\"\n               data-thumbnail=\"http:\/\/www.spaziotorino.it\/scatto\/wp-content\/gallery\/2019_04_04_notredame\/thumbs\/thumbs_pla_2127.jpg\"\n               data-image-id=\"22582\"\n               data-title=\"Testa di uomo barbuto. Jean de Chelles, Parigi, 1250-1258\"\n               data-description=\"Testa di uomo barbuto. Jean de Chelles, Parigi, 1250-1258\"\n               data-image-slug=\"pla_2127\"\n               class=\"ngg-fancybox\" rel=\"29a066f36a0f535169d71a8c5a31b6a0\">\n                <img\n                    title=\"Testa di uomo barbuto. Jean de Chelles, Parigi, 1250-1258\"\n                    alt=\"Testa di uomo barbuto. Jean de Chelles, Parigi, 1250-1258\"\n                    src=\"http:\/\/www.spaziotorino.it\/scatto\/wp-content\/gallery\/2019_04_04_notredame\/cache\/pla_2127.jpg-nggid0522582-ngg0dyn-60x60x100-00f0w010c011r110f110r010t010.jpg\"\n                    width=\"60\"\n                    height=\"60\"\n                    style=\"max-width:100%;\"\n                \/>\n            <\/a>\n        <\/div>\n\t\t\t\t\t\t\t<\/div> \n\t\t\t\n        \n\t\t\t\t<div id=\"ngg-image-1\" class=\"ngg-gallery-thumbnail-box\" >\n\t\t\t\t        <div class=\"ngg-gallery-thumbnail\">\n            <a href=\"http:\/\/www.spaziotorino.it\/scatto\/wp-content\/gallery\/2019_04_04_notredame\/pla_2128.jpg\"\n               title=\"Testa di angelo. Parigi, 1210-1215 circa\"\n               data-src=\"http:\/\/www.spaziotorino.it\/scatto\/wp-content\/gallery\/2019_04_04_notredame\/pla_2128.jpg\"\n               data-thumbnail=\"http:\/\/www.spaziotorino.it\/scatto\/wp-content\/gallery\/2019_04_04_notredame\/thumbs\/thumbs_pla_2128.jpg\"\n               data-image-id=\"22583\"\n               data-title=\"Testa di angelo. Parigi, 1210-1215 circa\"\n               data-description=\"Testa di angelo. Parigi, 1210-1215 circa\"\n               data-image-slug=\"pla_2128\"\n               class=\"ngg-fancybox\" rel=\"29a066f36a0f535169d71a8c5a31b6a0\">\n                <img\n                    title=\"Testa di angelo. Parigi, 1210-1215 circa\"\n                    alt=\"Testa di angelo. Parigi, 1210-1215 circa\"\n                    src=\"http:\/\/www.spaziotorino.it\/scatto\/wp-content\/gallery\/2019_04_04_notredame\/cache\/pla_2128.jpg-nggid0522583-ngg0dyn-60x60x100-00f0w010c011r110f110r010t010.jpg\"\n                    width=\"60\"\n                    height=\"60\"\n                    style=\"max-width:100%;\"\n                \/>\n            <\/a>\n        <\/div>\n\t\t\t\t\t\t\t<\/div> \n\t\t\t\n        \n\t\t\t\t<div id=\"ngg-image-2\" class=\"ngg-gallery-thumbnail-box\" >\n\t\t\t\t        <div class=\"ngg-gallery-thumbnail\">\n            <a href=\"http:\/\/www.spaziotorino.it\/scatto\/wp-content\/gallery\/2019_04_04_notredame\/pla_2132.jpg\"\n               title=\"Testa di Re mago. Jean de Chelles, Parigi, 1250-1258\"\n               data-src=\"http:\/\/www.spaziotorino.it\/scatto\/wp-content\/gallery\/2019_04_04_notredame\/pla_2132.jpg\"\n               data-thumbnail=\"http:\/\/www.spaziotorino.it\/scatto\/wp-content\/gallery\/2019_04_04_notredame\/thumbs\/thumbs_pla_2132.jpg\"\n               data-image-id=\"22584\"\n               data-title=\"Testa di Re mago. Jean de Chelles, Parigi, 1250-1258\"\n               data-description=\"Testa di Re mago. Jean de Chelles, Parigi, 1250-1258\"\n               data-image-slug=\"pla_2132\"\n               class=\"ngg-fancybox\" rel=\"29a066f36a0f535169d71a8c5a31b6a0\">\n                <img\n                    title=\"Testa di Re mago. Jean de Chelles, Parigi, 1250-1258\"\n                    alt=\"Testa di Re mago. Jean de Chelles, Parigi, 1250-1258\"\n                    src=\"http:\/\/www.spaziotorino.it\/scatto\/wp-content\/gallery\/2019_04_04_notredame\/cache\/pla_2132.jpg-nggid0522584-ngg0dyn-60x60x100-00f0w010c011r110f110r010t010.jpg\"\n                    width=\"60\"\n                    height=\"60\"\n                    style=\"max-width:100%;\"\n                \/>\n            <\/a>\n        <\/div>\n\t\t\t\t\t\t\t<\/div> \n\t\t\t\n        \n\t\t\t\t<div id=\"ngg-image-3\" class=\"ngg-gallery-thumbnail-box\" >\n\t\t\t\t        <div class=\"ngg-gallery-thumbnail\">\n            <a href=\"http:\/\/www.spaziotorino.it\/scatto\/wp-content\/gallery\/2019_04_04_notredame\/pla_2136.jpg\"\n               title=\"Testa femminile, allegoria di virt\u00f9 teologale. Jean de Chelles, Parigi, 1250-1258\"\n               data-src=\"http:\/\/www.spaziotorino.it\/scatto\/wp-content\/gallery\/2019_04_04_notredame\/pla_2136.jpg\"\n               data-thumbnail=\"http:\/\/www.spaziotorino.it\/scatto\/wp-content\/gallery\/2019_04_04_notredame\/thumbs\/thumbs_pla_2136.jpg\"\n               data-image-id=\"22585\"\n               data-title=\"Testa femminile, allegoria di virt\u00f9 teologale. Jean de Chelles, Parigi, 1250-1258\"\n               data-description=\"Testa femminile, allegoria di virt\u00f9 teologale. Jean de Chelles, Parigi, 1250-1258\"\n               data-image-slug=\"pla_2136\"\n               class=\"ngg-fancybox\" rel=\"29a066f36a0f535169d71a8c5a31b6a0\">\n                <img\n                    title=\"Testa femminile, allegoria di virt\u00f9 teologale. Jean de Chelles, Parigi, 1250-1258\"\n                    alt=\"Testa femminile, allegoria di virt\u00f9 teologale. Jean de Chelles, Parigi, 1250-1258\"\n                    src=\"http:\/\/www.spaziotorino.it\/scatto\/wp-content\/gallery\/2019_04_04_notredame\/cache\/pla_2136.jpg-nggid0522585-ngg0dyn-60x60x100-00f0w010c011r110f110r010t010.jpg\"\n                    width=\"60\"\n                    height=\"60\"\n                    style=\"max-width:100%;\"\n                \/>\n            <\/a>\n        <\/div>\n\t\t\t\t\t\t\t<\/div> \n\t\t\t\n        \n\t\t\t\t<div id=\"ngg-image-4\" class=\"ngg-gallery-thumbnail-box\" >\n\t\t\t\t        <div class=\"ngg-gallery-thumbnail\">\n            <a href=\"http:\/\/www.spaziotorino.it\/scatto\/wp-content\/gallery\/2019_04_04_notredame\/pla_2148.jpg\"\n               title=\"A Palazzo Madama le sculture gotiche dalla grande cattedrale Notre-Dame de Paris\"\n               data-src=\"http:\/\/www.spaziotorino.it\/scatto\/wp-content\/gallery\/2019_04_04_notredame\/pla_2148.jpg\"\n               data-thumbnail=\"http:\/\/www.spaziotorino.it\/scatto\/wp-content\/gallery\/2019_04_04_notredame\/thumbs\/thumbs_pla_2148.jpg\"\n               data-image-id=\"22586\"\n               data-title=\"A Palazzo Madama le sculture gotiche dalla grande cattedrale Notre-Dame de Paris\"\n               data-description=\"A Palazzo Madama le sculture gotiche dalla grande cattedrale Notre-Dame de Paris\"\n               data-image-slug=\"pla_2148\"\n               class=\"ngg-fancybox\" rel=\"29a066f36a0f535169d71a8c5a31b6a0\">\n                <img\n                    title=\"A Palazzo Madama le sculture gotiche dalla grande cattedrale Notre-Dame de Paris\"\n                    alt=\"A Palazzo Madama le sculture gotiche dalla grande cattedrale Notre-Dame de Paris\"\n                    src=\"http:\/\/www.spaziotorino.it\/scatto\/wp-content\/gallery\/2019_04_04_notredame\/cache\/pla_2148.jpg-nggid0522586-ngg0dyn-60x60x100-00f0w010c011r110f110r010t010.jpg\"\n                    width=\"60\"\n                    height=\"60\"\n                    style=\"max-width:100%;\"\n                \/>\n            <\/a>\n        <\/div>\n\t\t\t\t\t\t\t<\/div> \n\t\t\t\n        \n\t\t\t\t<div id=\"ngg-image-5\" class=\"ngg-gallery-thumbnail-box\" >\n\t\t\t\t        <div class=\"ngg-gallery-thumbnail\">\n            <a href=\"http:\/\/www.spaziotorino.it\/scatto\/wp-content\/gallery\/2019_04_04_notredame\/pla_2171.jpg\"\n               title=\"Testa di angelo. Parigi, 1210-1215 circa\"\n               data-src=\"http:\/\/www.spaziotorino.it\/scatto\/wp-content\/gallery\/2019_04_04_notredame\/pla_2171.jpg\"\n               data-thumbnail=\"http:\/\/www.spaziotorino.it\/scatto\/wp-content\/gallery\/2019_04_04_notredame\/thumbs\/thumbs_pla_2171.jpg\"\n               data-image-id=\"22587\"\n               data-title=\"Testa di angelo. Parigi, 1210-1215 circa\"\n               data-description=\"Testa di angelo. Parigi, 1210-1215 circa\"\n               data-image-slug=\"pla_2171\"\n               class=\"ngg-fancybox\" rel=\"29a066f36a0f535169d71a8c5a31b6a0\">\n                <img\n                    title=\"Testa di angelo. Parigi, 1210-1215 circa\"\n                    alt=\"Testa di angelo. Parigi, 1210-1215 circa\"\n                    src=\"http:\/\/www.spaziotorino.it\/scatto\/wp-content\/gallery\/2019_04_04_notredame\/cache\/pla_2171.jpg-nggid0522587-ngg0dyn-60x60x100-00f0w010c011r110f110r010t010.jpg\"\n                    width=\"60\"\n                    height=\"60\"\n                    style=\"max-width:100%;\"\n                \/>\n            <\/a>\n        <\/div>\n\t\t\t\t\t\t\t<\/div> \n\t\t\t\n        \n\t\t\t\t<div id=\"ngg-image-6\" class=\"ngg-gallery-thumbnail-box\" >\n\t\t\t\t        <div class=\"ngg-gallery-thumbnail\">\n            <a href=\"http:\/\/www.spaziotorino.it\/scatto\/wp-content\/gallery\/2019_04_04_notredame\/pla_2183.jpg\"\n               title=\"A Palazzo Madama le sculture gotiche dalla grande cattedrale Notre-Dame de Paris\"\n               data-src=\"http:\/\/www.spaziotorino.it\/scatto\/wp-content\/gallery\/2019_04_04_notredame\/pla_2183.jpg\"\n               data-thumbnail=\"http:\/\/www.spaziotorino.it\/scatto\/wp-content\/gallery\/2019_04_04_notredame\/thumbs\/thumbs_pla_2183.jpg\"\n               data-image-id=\"22588\"\n               data-title=\"A Palazzo Madama le sculture gotiche dalla grande cattedrale Notre-Dame de Paris\"\n               data-description=\"A Palazzo Madama le sculture gotiche dalla grande cattedrale Notre-Dame de Paris\"\n               data-image-slug=\"pla_2183\"\n               class=\"ngg-fancybox\" rel=\"29a066f36a0f535169d71a8c5a31b6a0\">\n                <img\n                    title=\"A Palazzo Madama le sculture gotiche dalla grande cattedrale Notre-Dame de Paris\"\n                    alt=\"A Palazzo Madama le sculture gotiche dalla grande cattedrale Notre-Dame de Paris\"\n                    src=\"http:\/\/www.spaziotorino.it\/scatto\/wp-content\/gallery\/2019_04_04_notredame\/cache\/pla_2183.jpg-nggid0522588-ngg0dyn-60x60x100-00f0w010c011r110f110r010t010.jpg\"\n                    width=\"60\"\n                    height=\"60\"\n                    style=\"max-width:100%;\"\n                \/>\n            <\/a>\n        <\/div>\n\t\t\t\t\t\t\t<\/div> \n\t\t\t\n        \n\t\t\n\t\t<!-- Pagination -->\n\t<div class='ngg-clear'><\/div>\t<\/div>\n\n<p><strong>Quattro sculture gotiche provenienti dalla celebre cattedrale di Notre-Dame de Paris<\/strong>: una mostra innovativa e multimediale.<\/p>\n<p>A Palazzo Madama, dal 5 aprile al 30 settembre, frutto di una collaborazione con il Mus\u00e9e de Cluny \u2013 Mus\u00e9e national du Moyen \u00c2ge di Parigi, una mostra dedicata al tema della&nbsp;<strong>scultura gotica francese nella prima met\u00e0 del 1200<\/strong>&nbsp;e, in particolare, al cantiere della Cattedrale di Notre-Dame di Parigi.<\/p>\n<p>Dal portale dell\u2019Incoronazione della Vergine sulla facciata occidentale proviene la&nbsp;<strong>Testa d\u2019Angelo<\/strong>, mentre dal portale del braccio settentrionale del transetto provengono la&nbsp;<strong>Testa di Re mago<\/strong>, la&nbsp;<strong>Testa di uomo barbuto<\/strong>&nbsp;e la&nbsp;<strong>Testa di figura femminile<\/strong>, allegoria di una virt\u00f9 teologale. Le teste sono presentate con un&nbsp;<strong>coinvolgente allestimento audiovisivo<\/strong>&nbsp;che ricrea uno sfondo architettonico e ambientale per le sculture, arricchendo la visita con proiezioni e voci fuori campo che animano i quattro personaggi e ne raccontano la storia.<\/p>\n<p>Tra il 1793 e il 1794&nbsp;<strong>le quattro sculture furono rimosse dalla cattedrale parigina<\/strong>, insieme a molte altre che decoravano la galleria dei Re e i portali della facciata, su ordine del Comit\u00e9 revolutionnaire de la Section de la Cit\u00e9 in quanto simbolo della feudalit\u00e0, della monarchia e della religione. Una perdita che \u00e8 all\u2019origine dell\u2019imponente cantiere di restauro della Cattedrale degli anni 1845-64, sulla quale gli architetti Eug\u00e8ne Viollet-le-Duc e Jean-Baptiste Lassus si dovettero basare per realizzare le nuove sculture in sostituzione di quelle perdute.<\/p>\n<p>Il pubblico pu\u00f2 ammirare da vicino quattro capolavori del gotico francese e trovare al contempo&nbsp;<strong>spunti di riflessione su altri temi<\/strong>: l\u2019organizzazione del lavoro in un cantiere medievale complesso come quello di una cattedrale, il tema della distruzione delle opere d\u2019arte per ragioni politiche, fino a quello del restauro integrativo \u201cromantico\u201d dei monumenti medievali, che caratterizza gli interventi del XIX secolo in tutta Europa.<\/p>\n<p>Maggiori informazioni su <a href=\"http:\/\/www.palazzomadamatorino.it\">www.palazzomadamatorino.it<\/a><\/p>\n<p>[Fonte: <a href=\"http:\/\/www.inpiemonteintorino.it\/web\/it\/eventi\/dettaglio\/notre-dame-de-paris-sculture-gotiche-dalla-grande-cattedrale\">InPiemonteUnTorino<\/a>]<\/p>\n","protected":false},"excerpt":{"rendered":"<p>Quattro sculture gotiche provenienti dalla celebre cattedrale di Notre-Dame de Paris: una mostra innovativa e multimediale. A Palazzo Madama, dal 5 aprile al 30 settembre, frutto di una collaborazione con il Mus\u00e9e de Cluny \u2013 Mus\u00e9e national du Moyen \u00c2ge di Parigi, una mostra dedicata al tema della&nbsp;scultura gotica francese nella prima met\u00e0 del 1200&nbsp;e, [&hellip;]<\/p>\n","protected":false},"author":1,"featured_media":0,"comment_status":"closed","ping_status":"open","sticky":false,"template":"","format":"standard","meta":{"ngg_post_thumbnail":0},"categories":[54,1],"tags":[],"_links":{"self":[{"href":"http:\/\/www.spaziotorino.it\/scatto\/index.php?rest_route=\/wp\/v2\/posts\/16444"}],"collection":[{"href":"http:\/\/www.spaziotorino.it\/scatto\/index.php?rest_route=\/wp\/v2\/posts"}],"about":[{"href":"http:\/\/www.spaziotorino.it\/scatto\/index.php?rest_route=\/wp\/v2\/types\/post"}],"author":[{"embeddable":true,"href":"http:\/\/www.spaziotorino.it\/scatto\/index.php?rest_route=\/wp\/v2\/users\/1"}],"replies":[{"embeddable":true,"href":"http:\/\/www.spaziotorino.it\/scatto\/index.php?rest_route=%2Fwp%2Fv2%2Fcomments&post=16444"}],"version-history":[{"count":4,"href":"http:\/\/www.spaziotorino.it\/scatto\/index.php?rest_route=\/wp\/v2\/posts\/16444\/revisions"}],"predecessor-version":[{"id":16448,"href":"http:\/\/www.spaziotorino.it\/scatto\/index.php?rest_route=\/wp\/v2\/posts\/16444\/revisions\/16448"}],"wp:attachment":[{"href":"http:\/\/www.spaziotorino.it\/scatto\/index.php?rest_route=%2Fwp%2Fv2%2Fmedia&parent=16444"}],"wp:term":[{"taxonomy":"category","embeddable":true,"href":"http:\/\/www.spaziotorino.it\/scatto\/index.php?rest_route=%2Fwp%2Fv2%2Fcategories&post=16444"},{"taxonomy":"post_tag","embeddable":true,"href":"http:\/\/www.spaziotorino.it\/scatto\/index.php?rest_route=%2Fwp%2Fv2%2Ftags&post=16444"}],"curies":[{"name":"wp","href":"https:\/\/api.w.org\/{rel}","templated":true}]}}