{"id":16465,"date":"2019-04-04T12:57:47","date_gmt":"2019-04-04T11:57:47","guid":{"rendered":"http:\/\/www.spaziotorino.it\/scatto\/?p=16465"},"modified":"2019-04-04T14:17:48","modified_gmt":"2019-04-04T13:17:48","slug":"il-27-maggio-ritorna-la-partita-del-cuore","status":"publish","type":"post","link":"http:\/\/www.spaziotorino.it\/scatto\/?p=16465","title":{"rendered":"Il 27 maggio ritorna la Partita del Cuore"},"content":{"rendered":"<p><a class=\"ngg-fancybox\" title=\"Il 27 maggio ritorna la Partita del Cuore\" href=\"http:\/\/www.spaziotorino.it\/scatto\/wp-content\/gallery\/2019_04_04_cuore\/pla_2238.jpg\" rel=\"6a815512ecba793fc5093e41b838a706\"><br \/>\n<img decoding=\"async\" loading=\"lazy\" class=\"ngg-singlepic\" title=\"Il 27 maggio ritorna la Partita del Cuore\" src=\"http:\/\/www.spaziotorino.it\/scatto\/wp-content\/gallery\/2019_04_04_cuore\/pla_2238.jpg\" alt=\"\" width=\"540\" height=\"360\"\/><\/a><\/p>\n<!-- index.php -->\n<div\n\tclass=\"ngg-galleryoverview ngg-ajax-pagination-none\"\n\tid=\"ngg-gallery-f15dbf4a1aa2136be34f4856cf5fd236-1\">\n\n    \t\t<!-- Thumbnails -->\n\t\t\t\t<div id=\"ngg-image-0\" class=\"ngg-gallery-thumbnail-box\" >\n\t\t\t\t        <div class=\"ngg-gallery-thumbnail\">\n            <a href=\"http:\/\/www.spaziotorino.it\/scatto\/wp-content\/gallery\/2019_04_04_cuore\/pla_2203.jpg\"\n               title=\"Chiara Appendino, Allegra Agnelli e Andrea Agnelli\"\n               data-src=\"http:\/\/www.spaziotorino.it\/scatto\/wp-content\/gallery\/2019_04_04_cuore\/pla_2203.jpg\"\n               data-thumbnail=\"http:\/\/www.spaziotorino.it\/scatto\/wp-content\/gallery\/2019_04_04_cuore\/thumbs\/thumbs_pla_2203.jpg\"\n               data-image-id=\"22589\"\n               data-title=\"Chiara Appendino, Allegra Agnelli e Andrea Agnelli\"\n               data-description=\"Chiara Appendino, Allegra Agnelli e Andrea Agnelli\"\n               data-image-slug=\"pla_2203\"\n               class=\"ngg-fancybox\" rel=\"f15dbf4a1aa2136be34f4856cf5fd236\">\n                <img\n                    title=\"Chiara Appendino, Allegra Agnelli e Andrea Agnelli\"\n                    alt=\"Chiara Appendino, Allegra Agnelli e Andrea Agnelli\"\n                    src=\"http:\/\/www.spaziotorino.it\/scatto\/wp-content\/gallery\/2019_04_04_cuore\/cache\/pla_2203.jpg-nggid0522589-ngg0dyn-60x60x100-00f0w010c011r110f110r010t010.jpg\"\n                    width=\"60\"\n                    height=\"60\"\n                    style=\"max-width:100%;\"\n                \/>\n            <\/a>\n        <\/div>\n\t\t\t\t\t\t\t<\/div> \n\t\t\t\n        \n\t\t\t\t<div id=\"ngg-image-1\" class=\"ngg-gallery-thumbnail-box\" >\n\t\t\t\t        <div class=\"ngg-gallery-thumbnail\">\n            <a href=\"http:\/\/www.spaziotorino.it\/scatto\/wp-content\/gallery\/2019_04_04_cuore\/pla_2219.jpg\"\n               title=\"Allegra e Andrea Agnelli\"\n               data-src=\"http:\/\/www.spaziotorino.it\/scatto\/wp-content\/gallery\/2019_04_04_cuore\/pla_2219.jpg\"\n               data-thumbnail=\"http:\/\/www.spaziotorino.it\/scatto\/wp-content\/gallery\/2019_04_04_cuore\/thumbs\/thumbs_pla_2219.jpg\"\n               data-image-id=\"22590\"\n               data-title=\"Allegra e Andrea Agnelli\"\n               data-description=\"Allegra e Andrea Agnelli\"\n               data-image-slug=\"pla_2219\"\n               class=\"ngg-fancybox\" rel=\"f15dbf4a1aa2136be34f4856cf5fd236\">\n                <img\n                    title=\"Allegra e Andrea Agnelli\"\n                    alt=\"Allegra e Andrea Agnelli\"\n                    src=\"http:\/\/www.spaziotorino.it\/scatto\/wp-content\/gallery\/2019_04_04_cuore\/cache\/pla_2219.jpg-nggid0522590-ngg0dyn-60x60x100-00f0w010c011r110f110r010t010.jpg\"\n                    width=\"60\"\n                    height=\"60\"\n                    style=\"max-width:100%;\"\n                \/>\n            <\/a>\n        <\/div>\n\t\t\t\t\t\t\t<\/div> \n\t\t\t\n        \n\t\t\t\t<div id=\"ngg-image-2\" class=\"ngg-gallery-thumbnail-box\" >\n\t\t\t\t        <div class=\"ngg-gallery-thumbnail\">\n            <a href=\"http:\/\/www.spaziotorino.it\/scatto\/wp-content\/gallery\/2019_04_04_cuore\/pla_2228.jpg\"\n               title=\"27 maggio. La Partita del Cuore\"\n               data-src=\"http:\/\/www.spaziotorino.it\/scatto\/wp-content\/gallery\/2019_04_04_cuore\/pla_2228.jpg\"\n               data-thumbnail=\"http:\/\/www.spaziotorino.it\/scatto\/wp-content\/gallery\/2019_04_04_cuore\/thumbs\/thumbs_pla_2228.jpg\"\n               data-image-id=\"22591\"\n               data-title=\"27 maggio. La Partita del Cuore\"\n               data-description=\"27 maggio. La Partita del Cuore\"\n               data-image-slug=\"pla_2228\"\n               class=\"ngg-fancybox\" rel=\"f15dbf4a1aa2136be34f4856cf5fd236\">\n                <img\n                    title=\"27 maggio. La Partita del Cuore\"\n                    alt=\"27 maggio. La Partita del Cuore\"\n                    src=\"http:\/\/www.spaziotorino.it\/scatto\/wp-content\/gallery\/2019_04_04_cuore\/cache\/pla_2228.jpg-nggid0522591-ngg0dyn-60x60x100-00f0w010c011r110f110r010t010.jpg\"\n                    width=\"60\"\n                    height=\"60\"\n                    style=\"max-width:100%;\"\n                \/>\n            <\/a>\n        <\/div>\n\t\t\t\t\t\t\t<\/div> \n\t\t\t\n        \n\t\t\t\t<div id=\"ngg-image-3\" class=\"ngg-gallery-thumbnail-box\" >\n\t\t\t\t        <div class=\"ngg-gallery-thumbnail\">\n            <a href=\"http:\/\/www.spaziotorino.it\/scatto\/wp-content\/gallery\/2019_04_04_cuore\/pla_2235.jpg\"\n               title=\"Paolo Belli\"\n               data-src=\"http:\/\/www.spaziotorino.it\/scatto\/wp-content\/gallery\/2019_04_04_cuore\/pla_2235.jpg\"\n               data-thumbnail=\"http:\/\/www.spaziotorino.it\/scatto\/wp-content\/gallery\/2019_04_04_cuore\/thumbs\/thumbs_pla_2235.jpg\"\n               data-image-id=\"22592\"\n               data-title=\"Paolo Belli\"\n               data-description=\"Paolo Belli\"\n               data-image-slug=\"pla_2235\"\n               class=\"ngg-fancybox\" rel=\"f15dbf4a1aa2136be34f4856cf5fd236\">\n                <img\n                    title=\"Paolo Belli\"\n                    alt=\"Paolo Belli\"\n                    src=\"http:\/\/www.spaziotorino.it\/scatto\/wp-content\/gallery\/2019_04_04_cuore\/cache\/pla_2235.jpg-nggid0522592-ngg0dyn-60x60x100-00f0w010c011r110f110r010t010.jpg\"\n                    width=\"60\"\n                    height=\"60\"\n                    style=\"max-width:100%;\"\n                \/>\n            <\/a>\n        <\/div>\n\t\t\t\t\t\t\t<\/div> \n\t\t\t\n        \n\t\t\t\t<div id=\"ngg-image-4\" class=\"ngg-gallery-thumbnail-box\" >\n\t\t\t\t        <div class=\"ngg-gallery-thumbnail\">\n            <a href=\"http:\/\/www.spaziotorino.it\/scatto\/wp-content\/gallery\/2019_04_04_cuore\/pla_2238.jpg\"\n               title=\"Un momento della conferenza in Sala Colonne\"\n               data-src=\"http:\/\/www.spaziotorino.it\/scatto\/wp-content\/gallery\/2019_04_04_cuore\/pla_2238.jpg\"\n               data-thumbnail=\"http:\/\/www.spaziotorino.it\/scatto\/wp-content\/gallery\/2019_04_04_cuore\/thumbs\/thumbs_pla_2238.jpg\"\n               data-image-id=\"22593\"\n               data-title=\"Un momento della conferenza in Sala Colonne\"\n               data-description=\"Un momento della conferenza in Sala Colonne\"\n               data-image-slug=\"pla_2238\"\n               class=\"ngg-fancybox\" rel=\"f15dbf4a1aa2136be34f4856cf5fd236\">\n                <img\n                    title=\"Un momento della conferenza in Sala Colonne\"\n                    alt=\"Un momento della conferenza in Sala Colonne\"\n                    src=\"http:\/\/www.spaziotorino.it\/scatto\/wp-content\/gallery\/2019_04_04_cuore\/cache\/pla_2238.jpg-nggid0522593-ngg0dyn-60x60x100-00f0w010c011r110f110r010t010.jpg\"\n                    width=\"60\"\n                    height=\"60\"\n                    style=\"max-width:100%;\"\n                \/>\n            <\/a>\n        <\/div>\n\t\t\t\t\t\t\t<\/div> \n\t\t\t\n        \n\t\t\t\t<div id=\"ngg-image-5\" class=\"ngg-gallery-thumbnail-box\" >\n\t\t\t\t        <div class=\"ngg-gallery-thumbnail\">\n            <a href=\"http:\/\/www.spaziotorino.it\/scatto\/wp-content\/gallery\/2019_04_04_cuore\/pla_2247.jpg\"\n               title=\"L&#039;intervento della Sindaca Appendino\"\n               data-src=\"http:\/\/www.spaziotorino.it\/scatto\/wp-content\/gallery\/2019_04_04_cuore\/pla_2247.jpg\"\n               data-thumbnail=\"http:\/\/www.spaziotorino.it\/scatto\/wp-content\/gallery\/2019_04_04_cuore\/thumbs\/thumbs_pla_2247.jpg\"\n               data-image-id=\"22594\"\n               data-title=\"L&#039;intervento della Sindaca Appendino\"\n               data-description=\"L&#039;intervento della Sindaca Appendino\"\n               data-image-slug=\"pla_2247\"\n               class=\"ngg-fancybox\" rel=\"f15dbf4a1aa2136be34f4856cf5fd236\">\n                <img\n                    title=\"L&#039;intervento della Sindaca Appendino\"\n                    alt=\"L&#039;intervento della Sindaca Appendino\"\n                    src=\"http:\/\/www.spaziotorino.it\/scatto\/wp-content\/gallery\/2019_04_04_cuore\/cache\/pla_2247.jpg-nggid0522594-ngg0dyn-60x60x100-00f0w010c011r110f110r010t010.jpg\"\n                    width=\"60\"\n                    height=\"60\"\n                    style=\"max-width:100%;\"\n                \/>\n            <\/a>\n        <\/div>\n\t\t\t\t\t\t\t<\/div> \n\t\t\t\n        \n\t\t\t\t<div id=\"ngg-image-6\" class=\"ngg-gallery-thumbnail-box\" >\n\t\t\t\t        <div class=\"ngg-gallery-thumbnail\">\n            <a href=\"http:\/\/www.spaziotorino.it\/scatto\/wp-content\/gallery\/2019_04_04_cuore\/pla_2256.jpg\"\n               title=\"Foto di gruppo con le magliette ufficiali\"\n               data-src=\"http:\/\/www.spaziotorino.it\/scatto\/wp-content\/gallery\/2019_04_04_cuore\/pla_2256.jpg\"\n               data-thumbnail=\"http:\/\/www.spaziotorino.it\/scatto\/wp-content\/gallery\/2019_04_04_cuore\/thumbs\/thumbs_pla_2256.jpg\"\n               data-image-id=\"22595\"\n               data-title=\"Foto di gruppo con le magliette ufficiali\"\n               data-description=\"Foto di gruppo con le magliette ufficiali\"\n               data-image-slug=\"pla_2256\"\n               class=\"ngg-fancybox\" rel=\"f15dbf4a1aa2136be34f4856cf5fd236\">\n                <img\n                    title=\"Foto di gruppo con le magliette ufficiali\"\n                    alt=\"Foto di gruppo con le magliette ufficiali\"\n                    src=\"http:\/\/www.spaziotorino.it\/scatto\/wp-content\/gallery\/2019_04_04_cuore\/cache\/pla_2256.jpg-nggid0522595-ngg0dyn-60x60x100-00f0w010c011r110f110r010t010.jpg\"\n                    width=\"60\"\n                    height=\"60\"\n                    style=\"max-width:100%;\"\n                \/>\n            <\/a>\n        <\/div>\n\t\t\t\t\t\t\t<\/div> \n\t\t\t\n        \n\t\t\n\t\t<!-- Pagination -->\n\t<div class='ngg-clear'><\/div>\t<\/div>\n\n<p>&nbsp;<\/p>\n<p>Il <strong>27 maggio<\/strong> l\u2019<strong>Allianz Stadium <\/strong>ospiter\u00e0 la <strong>ventottessima edizione della Partita del Cuore<\/strong>, evento che vedr\u00e0 sfidarsi sul prato verde dell\u2019impianto torinese le squadre della <strong>Nazionale Italiana Cantanti<\/strong> e dei <strong>Campioni per la Ricerca<\/strong>. Il <strong>ricavato dell\u2019incontro andr\u00e0 alla Fondazione Piemontese per la Ricerca sul Cancro e a Fondazione Telethon<\/strong>.&nbsp;<\/p>\n<p>Alla conferenza sono intervenuti: la sindaca <strong>Chiara Appendino<\/strong>, la presidente della Fondazione Piemontese per Ricerca sul Cancro <strong>Allegra Agnelli<\/strong>, il direttore generale della Fondazione Telethon <strong>Francesca Pasinelli<\/strong>, il presidente FPO Istituto di Candiolo Andrea <strong>Agnelli<\/strong>, il videdirettore di Rai 1 <strong>Claudio Fasulo<\/strong>, il presidente della Nazionale Italiana Cantanti <strong>Paolo Belli<\/strong> e il direttore generale della Nazionale Italiana Cantanti <strong>Gianluca Pecchini.<\/strong><\/p>\n<p>L\u2019ultima volta che la nostra citt\u00e0 ha ospitato la Partita del Cuore \u00e8 stato nel 2017 dove sono stati oltre due millioni di euro e quest\u2019anno gli organizzatori puntano a battere il record d\u2019incassi. Molte le sorprese che sono attese per quanto riguarda le due formazioni. La Nazionale Italiana Cantanti sar\u00e0 allenata da Gianni Morandi, affiancato da Marco Masini. Mentre i Campioni per la Ricerca saranno guidati da Michel Platini e da Gianluca Vialli. Il calcio d\u2019inizio sar\u00e0 dato dal portoghese Cristiano Ronaldo.<\/p>\n<p>\u201c<em>Sono sicura che Ronaldo dar\u00e0 un ottimo calcio d\u2019inizio<\/em>&nbsp;\u2013 ha sottolineato la sindaca Chiara Appendino.&nbsp;<em>Nel 2017 Torino rispose in maniera straordinaria e anche quest\u2019anno i cittadini non faranno mancare la loro presenza sugli spalti. Questa citt\u00e0 \u00e8 molto legata alla Partita del Cuore, un evento che coniuga il divertimento alla solidariet\u00e0. Credo che sia la Fondazione Piemontese per Ricerca sul Cancro e Telethon abbiano fatto un ottimo lavoro in questi anni aiutando molte persone bisognose di cure. Vorrei ricordare che il momento dello spettacolo si apre e si chiude, mentre la ricerca \u00e8 sempre viva. Perci\u00f2 accorrete numerosi il 27 maggio allo stadio<\/em>\u201c.<\/p>\n<p>E\u2019 gi\u00e0 iniziata con successo la prevendita dei biglietti. Si possono acquistare nelle ricevitorie della rete Listicket o online sul sito sport.ticketone.it e tramite il call center al numero 892101. I prezzi sono: tribuna Ovest (20 euro), Est (15), Nord e Sud (12). Per i tagliandi per le persone con disabilit\u00e0 bisogna visitare il sito <a href=\"http:\/\/www.maniamicheonlus.org\/web\/home\">www.maniamicheonlus.org<\/a>.<\/p>\n<p>[Fonte: <a href=\"http:\/\/www.torinoclick.it\/?p=83008\">TorinoClick<\/a>]<\/p>\n","protected":false},"excerpt":{"rendered":"<p>&nbsp; Il 27 maggio l\u2019Allianz Stadium ospiter\u00e0 la ventottessima edizione della Partita del Cuore, evento che vedr\u00e0 sfidarsi sul prato verde dell\u2019impianto torinese le squadre della Nazionale Italiana Cantanti e dei Campioni per la Ricerca. Il ricavato dell\u2019incontro andr\u00e0 alla Fondazione Piemontese per la Ricerca sul Cancro e a Fondazione Telethon.&nbsp; Alla conferenza sono intervenuti: [&hellip;]<\/p>\n","protected":false},"author":1,"featured_media":0,"comment_status":"closed","ping_status":"open","sticky":false,"template":"","format":"standard","meta":{"ngg_post_thumbnail":0},"categories":[133,1],"tags":[],"_links":{"self":[{"href":"http:\/\/www.spaziotorino.it\/scatto\/index.php?rest_route=\/wp\/v2\/posts\/16465"}],"collection":[{"href":"http:\/\/www.spaziotorino.it\/scatto\/index.php?rest_route=\/wp\/v2\/posts"}],"about":[{"href":"http:\/\/www.spaziotorino.it\/scatto\/index.php?rest_route=\/wp\/v2\/types\/post"}],"author":[{"embeddable":true,"href":"http:\/\/www.spaziotorino.it\/scatto\/index.php?rest_route=\/wp\/v2\/users\/1"}],"replies":[{"embeddable":true,"href":"http:\/\/www.spaziotorino.it\/scatto\/index.php?rest_route=%2Fwp%2Fv2%2Fcomments&post=16465"}],"version-history":[{"count":2,"href":"http:\/\/www.spaziotorino.it\/scatto\/index.php?rest_route=\/wp\/v2\/posts\/16465\/revisions"}],"predecessor-version":[{"id":16467,"href":"http:\/\/www.spaziotorino.it\/scatto\/index.php?rest_route=\/wp\/v2\/posts\/16465\/revisions\/16467"}],"wp:attachment":[{"href":"http:\/\/www.spaziotorino.it\/scatto\/index.php?rest_route=%2Fwp%2Fv2%2Fmedia&parent=16465"}],"wp:term":[{"taxonomy":"category","embeddable":true,"href":"http:\/\/www.spaziotorino.it\/scatto\/index.php?rest_route=%2Fwp%2Fv2%2Fcategories&post=16465"},{"taxonomy":"post_tag","embeddable":true,"href":"http:\/\/www.spaziotorino.it\/scatto\/index.php?rest_route=%2Fwp%2Fv2%2Ftags&post=16465"}],"curies":[{"name":"wp","href":"https:\/\/api.w.org\/{rel}","templated":true}]}}