{"id":16496,"date":"2019-04-05T14:59:27","date_gmt":"2019-04-05T13:59:27","guid":{"rendered":"http:\/\/www.spaziotorino.it\/scatto\/?p=16496"},"modified":"2019-04-05T14:59:27","modified_gmt":"2019-04-05T13:59:27","slug":"torino-jazz-festival-dal-26-aprile-al-4-maggio-2019","status":"publish","type":"post","link":"http:\/\/www.spaziotorino.it\/scatto\/?p=16496","title":{"rendered":"Torino Jazz Festival. Dal 26 aprile al 4 maggio 2019"},"content":{"rendered":"<p><a class=\"ngg-fancybox\" title=\"Torino Jazz Festival. Dal 26 aprile al 4 maggio 2019\" href=\"http:\/\/www.spaziotorino.it\/scatto\/wp-content\/gallery\/2019_04_05_tjf\/pla_1774.jpg\" rel=\"40ce940634d1b7659ef8db264e9c4a3b\"><br \/>\n<img decoding=\"async\" loading=\"lazy\" class=\"ngg-singlepic\" title=\"Torino Jazz Festival. Dal 26 aprile al 4 maggio 2019\" src=\"http:\/\/www.spaziotorino.it\/scatto\/wp-content\/gallery\/2019_04_05_tjf\/pla_1774.jpg\" alt=\"\" width=\"540\" height=\"360\"\/><\/a><\/p>\n<!-- index.php -->\n<div\n\tclass=\"ngg-galleryoverview ngg-ajax-pagination-none\"\n\tid=\"ngg-gallery-f3667f9c88e1e77f11337344a9c20f75-1\">\n\n    \t\t<!-- Thumbnails -->\n\t\t\t\t<div id=\"ngg-image-0\" class=\"ngg-gallery-thumbnail-box\" >\n\t\t\t\t        <div class=\"ngg-gallery-thumbnail\">\n            <a href=\"http:\/\/www.spaziotorino.it\/scatto\/wp-content\/gallery\/2019_04_05_tjf\/pla_1761.jpg\"\n               title=\"Torino Jazz Festival. Dal 26 aprile al 4 maggio 2019\"\n               data-src=\"http:\/\/www.spaziotorino.it\/scatto\/wp-content\/gallery\/2019_04_05_tjf\/pla_1761.jpg\"\n               data-thumbnail=\"http:\/\/www.spaziotorino.it\/scatto\/wp-content\/gallery\/2019_04_05_tjf\/thumbs\/thumbs_pla_1761.jpg\"\n               data-image-id=\"22596\"\n               data-title=\"Torino Jazz Festival. Dal 26 aprile al 4 maggio 2019\"\n               data-description=\"Torino Jazz Festival. Dal 26 aprile al 4 maggio 2019\"\n               data-image-slug=\"pla_1761\"\n               class=\"ngg-fancybox\" rel=\"f3667f9c88e1e77f11337344a9c20f75\">\n                <img\n                    title=\"Torino Jazz Festival. Dal 26 aprile al 4 maggio 2019\"\n                    alt=\"Torino Jazz Festival. Dal 26 aprile al 4 maggio 2019\"\n                    src=\"http:\/\/www.spaziotorino.it\/scatto\/wp-content\/gallery\/2019_04_05_tjf\/cache\/pla_1761.jpg-nggid0522596-ngg0dyn-60x60x100-00f0w010c011r110f110r010t010.jpg\"\n                    width=\"60\"\n                    height=\"60\"\n                    style=\"max-width:100%;\"\n                \/>\n            <\/a>\n        <\/div>\n\t\t\t\t\t\t\t<\/div> \n\t\t\t\n        \n\t\t\t\t<div id=\"ngg-image-1\" class=\"ngg-gallery-thumbnail-box\" >\n\t\t\t\t        <div class=\"ngg-gallery-thumbnail\">\n            <a href=\"http:\/\/www.spaziotorino.it\/scatto\/wp-content\/gallery\/2019_04_05_tjf\/pla_2447.jpg\"\n               title=\"Giorgio Li Calzi, Francesca Leon, Chiara Appendino e Diego Borotti\"\n               data-src=\"http:\/\/www.spaziotorino.it\/scatto\/wp-content\/gallery\/2019_04_05_tjf\/pla_2447.jpg\"\n               data-thumbnail=\"http:\/\/www.spaziotorino.it\/scatto\/wp-content\/gallery\/2019_04_05_tjf\/thumbs\/thumbs_pla_2447.jpg\"\n               data-image-id=\"22599\"\n               data-title=\"Giorgio Li Calzi, Francesca Leon, Chiara Appendino e Diego Borotti\"\n               data-description=\"Giorgio Li Calzi, Francesca Leon, Chiara Appendino e Diego Borotti\"\n               data-image-slug=\"pla_2447\"\n               class=\"ngg-fancybox\" rel=\"f3667f9c88e1e77f11337344a9c20f75\">\n                <img\n                    title=\"Giorgio Li Calzi, Francesca Leon, Chiara Appendino e Diego Borotti\"\n                    alt=\"Giorgio Li Calzi, Francesca Leon, Chiara Appendino e Diego Borotti\"\n                    src=\"http:\/\/www.spaziotorino.it\/scatto\/wp-content\/gallery\/2019_04_05_tjf\/cache\/pla_2447.jpg-nggid0522599-ngg0dyn-60x60x100-00f0w010c011r110f110r010t010.jpg\"\n                    width=\"60\"\n                    height=\"60\"\n                    style=\"max-width:100%;\"\n                \/>\n            <\/a>\n        <\/div>\n\t\t\t\t\t\t\t<\/div> \n\t\t\t\n        \n\t\t\t\t<div id=\"ngg-image-2\" class=\"ngg-gallery-thumbnail-box\" >\n\t\t\t\t        <div class=\"ngg-gallery-thumbnail\">\n            <a href=\"http:\/\/www.spaziotorino.it\/scatto\/wp-content\/gallery\/2019_04_05_tjf\/pla_2668.jpg\"\n               title=\"Un momento della conferenza al Palazzo della Luce\"\n               data-src=\"http:\/\/www.spaziotorino.it\/scatto\/wp-content\/gallery\/2019_04_05_tjf\/pla_2668.jpg\"\n               data-thumbnail=\"http:\/\/www.spaziotorino.it\/scatto\/wp-content\/gallery\/2019_04_05_tjf\/thumbs\/thumbs_pla_2668.jpg\"\n               data-image-id=\"22607\"\n               data-title=\"Un momento della conferenza al Palazzo della Luce\"\n               data-description=\"Un momento della conferenza al Palazzo della Luce\"\n               data-image-slug=\"pla_2668\"\n               class=\"ngg-fancybox\" rel=\"f3667f9c88e1e77f11337344a9c20f75\">\n                <img\n                    title=\"Un momento della conferenza al Palazzo della Luce\"\n                    alt=\"Un momento della conferenza al Palazzo della Luce\"\n                    src=\"http:\/\/www.spaziotorino.it\/scatto\/wp-content\/gallery\/2019_04_05_tjf\/cache\/pla_2668.jpg-nggid0522607-ngg0dyn-60x60x100-00f0w010c011r110f110r010t010.jpg\"\n                    width=\"60\"\n                    height=\"60\"\n                    style=\"max-width:100%;\"\n                \/>\n            <\/a>\n        <\/div>\n\t\t\t\t\t\t\t<\/div> \n\t\t\t\n        \n\t\t\t\t<div id=\"ngg-image-3\" class=\"ngg-gallery-thumbnail-box\" >\n\t\t\t\t        <div class=\"ngg-gallery-thumbnail\">\n            <a href=\"http:\/\/www.spaziotorino.it\/scatto\/wp-content\/gallery\/2019_04_05_tjf\/pla_2456.jpg\"\n               title=\"Un momento della conferenza al Palazzo della Luce\"\n               data-src=\"http:\/\/www.spaziotorino.it\/scatto\/wp-content\/gallery\/2019_04_05_tjf\/pla_2456.jpg\"\n               data-thumbnail=\"http:\/\/www.spaziotorino.it\/scatto\/wp-content\/gallery\/2019_04_05_tjf\/thumbs\/thumbs_pla_2456.jpg\"\n               data-image-id=\"22600\"\n               data-title=\"Un momento della conferenza al Palazzo della Luce\"\n               data-description=\"Un momento della conferenza al Palazzo della Luce\"\n               data-image-slug=\"pla_2456-1\"\n               class=\"ngg-fancybox\" rel=\"f3667f9c88e1e77f11337344a9c20f75\">\n                <img\n                    title=\"Un momento della conferenza al Palazzo della Luce\"\n                    alt=\"Un momento della conferenza al Palazzo della Luce\"\n                    src=\"http:\/\/www.spaziotorino.it\/scatto\/wp-content\/gallery\/2019_04_05_tjf\/cache\/pla_2456.jpg-nggid0522600-ngg0dyn-60x60x100-00f0w010c011r110f110r010t010.jpg\"\n                    width=\"60\"\n                    height=\"60\"\n                    style=\"max-width:100%;\"\n                \/>\n            <\/a>\n        <\/div>\n\t\t\t\t\t\t\t<\/div> \n\t\t\t\n        \n\t\t\t\t<div id=\"ngg-image-4\" class=\"ngg-gallery-thumbnail-box\" >\n\t\t\t\t        <div class=\"ngg-gallery-thumbnail\">\n            <a href=\"http:\/\/www.spaziotorino.it\/scatto\/wp-content\/gallery\/2019_04_05_tjf\/pla_2468.jpg\"\n               title=\"Un momento della conferenza al Palazzo della Luce\"\n               data-src=\"http:\/\/www.spaziotorino.it\/scatto\/wp-content\/gallery\/2019_04_05_tjf\/pla_2468.jpg\"\n               data-thumbnail=\"http:\/\/www.spaziotorino.it\/scatto\/wp-content\/gallery\/2019_04_05_tjf\/thumbs\/thumbs_pla_2468.jpg\"\n               data-image-id=\"22601\"\n               data-title=\"Un momento della conferenza al Palazzo della Luce\"\n               data-description=\"Un momento della conferenza al Palazzo della Luce\"\n               data-image-slug=\"pla_2468\"\n               class=\"ngg-fancybox\" rel=\"f3667f9c88e1e77f11337344a9c20f75\">\n                <img\n                    title=\"Un momento della conferenza al Palazzo della Luce\"\n                    alt=\"Un momento della conferenza al Palazzo della Luce\"\n                    src=\"http:\/\/www.spaziotorino.it\/scatto\/wp-content\/gallery\/2019_04_05_tjf\/cache\/pla_2468.jpg-nggid0522601-ngg0dyn-60x60x100-00f0w010c011r110f110r010t010.jpg\"\n                    width=\"60\"\n                    height=\"60\"\n                    style=\"max-width:100%;\"\n                \/>\n            <\/a>\n        <\/div>\n\t\t\t\t\t\t\t<\/div> \n\t\t\t\n        \n\t\t\t\t<div id=\"ngg-image-5\" class=\"ngg-gallery-thumbnail-box\" >\n\t\t\t\t        <div class=\"ngg-gallery-thumbnail\">\n            <a href=\"http:\/\/www.spaziotorino.it\/scatto\/wp-content\/gallery\/2019_04_05_tjf\/pla_2480.jpg\"\n               title=\"Diego Borotti\"\n               data-src=\"http:\/\/www.spaziotorino.it\/scatto\/wp-content\/gallery\/2019_04_05_tjf\/pla_2480.jpg\"\n               data-thumbnail=\"http:\/\/www.spaziotorino.it\/scatto\/wp-content\/gallery\/2019_04_05_tjf\/thumbs\/thumbs_pla_2480.jpg\"\n               data-image-id=\"22602\"\n               data-title=\"Diego Borotti\"\n               data-description=\"Diego Borotti\"\n               data-image-slug=\"pla_2480\"\n               class=\"ngg-fancybox\" rel=\"f3667f9c88e1e77f11337344a9c20f75\">\n                <img\n                    title=\"Diego Borotti\"\n                    alt=\"Diego Borotti\"\n                    src=\"http:\/\/www.spaziotorino.it\/scatto\/wp-content\/gallery\/2019_04_05_tjf\/cache\/pla_2480.jpg-nggid0522602-ngg0dyn-60x60x100-00f0w010c011r110f110r010t010.jpg\"\n                    width=\"60\"\n                    height=\"60\"\n                    style=\"max-width:100%;\"\n                \/>\n            <\/a>\n        <\/div>\n\t\t\t\t\t\t\t<\/div> \n\t\t\t\n        \n\t\t\t\t<div id=\"ngg-image-6\" class=\"ngg-gallery-thumbnail-box\" >\n\t\t\t\t        <div class=\"ngg-gallery-thumbnail\">\n            <a href=\"http:\/\/www.spaziotorino.it\/scatto\/wp-content\/gallery\/2019_04_05_tjf\/pla_2514.jpg\"\n               title=\"Giorgio Li Calzi e Francesca Leon\"\n               data-src=\"http:\/\/www.spaziotorino.it\/scatto\/wp-content\/gallery\/2019_04_05_tjf\/pla_2514.jpg\"\n               data-thumbnail=\"http:\/\/www.spaziotorino.it\/scatto\/wp-content\/gallery\/2019_04_05_tjf\/thumbs\/thumbs_pla_2514.jpg\"\n               data-image-id=\"22603\"\n               data-title=\"Giorgio Li Calzi e Francesca Leon\"\n               data-description=\"Giorgio Li Calzi e Francesca Leon\"\n               data-image-slug=\"pla_2514\"\n               class=\"ngg-fancybox\" rel=\"f3667f9c88e1e77f11337344a9c20f75\">\n                <img\n                    title=\"Giorgio Li Calzi e Francesca Leon\"\n                    alt=\"Giorgio Li Calzi e Francesca Leon\"\n                    src=\"http:\/\/www.spaziotorino.it\/scatto\/wp-content\/gallery\/2019_04_05_tjf\/cache\/pla_2514.jpg-nggid0522603-ngg0dyn-60x60x100-00f0w010c011r110f110r010t010.jpg\"\n                    width=\"60\"\n                    height=\"60\"\n                    style=\"max-width:100%;\"\n                \/>\n            <\/a>\n        <\/div>\n\t\t\t\t\t\t\t<\/div> \n\t\t\t\n        \n\t\t\t\t<div id=\"ngg-image-7\" class=\"ngg-gallery-thumbnail-box\" >\n\t\t\t\t        <div class=\"ngg-gallery-thumbnail\">\n            <a href=\"http:\/\/www.spaziotorino.it\/scatto\/wp-content\/gallery\/2019_04_05_tjf\/pla_2576.jpg\"\n               title=\"Giorgio Li Calzi\"\n               data-src=\"http:\/\/www.spaziotorino.it\/scatto\/wp-content\/gallery\/2019_04_05_tjf\/pla_2576.jpg\"\n               data-thumbnail=\"http:\/\/www.spaziotorino.it\/scatto\/wp-content\/gallery\/2019_04_05_tjf\/thumbs\/thumbs_pla_2576.jpg\"\n               data-image-id=\"22604\"\n               data-title=\"Giorgio Li Calzi\"\n               data-description=\"Giorgio Li Calzi\"\n               data-image-slug=\"pla_2576\"\n               class=\"ngg-fancybox\" rel=\"f3667f9c88e1e77f11337344a9c20f75\">\n                <img\n                    title=\"Giorgio Li Calzi\"\n                    alt=\"Giorgio Li Calzi\"\n                    src=\"http:\/\/www.spaziotorino.it\/scatto\/wp-content\/gallery\/2019_04_05_tjf\/cache\/pla_2576.jpg-nggid0522604-ngg0dyn-60x60x100-00f0w010c011r110f110r010t010.jpg\"\n                    width=\"60\"\n                    height=\"60\"\n                    style=\"max-width:100%;\"\n                \/>\n            <\/a>\n        <\/div>\n\t\t\t\t\t\t\t<\/div> \n\t\t\t\n        \n\t\t\t\t<div id=\"ngg-image-8\" class=\"ngg-gallery-thumbnail-box\" >\n\t\t\t\t        <div class=\"ngg-gallery-thumbnail\">\n            <a href=\"http:\/\/www.spaziotorino.it\/scatto\/wp-content\/gallery\/2019_04_05_tjf\/pla_2650.jpg\"\n               title=\"L&#039;intervento della Sindaca Chiara Appendino\"\n               data-src=\"http:\/\/www.spaziotorino.it\/scatto\/wp-content\/gallery\/2019_04_05_tjf\/pla_2650.jpg\"\n               data-thumbnail=\"http:\/\/www.spaziotorino.it\/scatto\/wp-content\/gallery\/2019_04_05_tjf\/thumbs\/thumbs_pla_2650.jpg\"\n               data-image-id=\"22605\"\n               data-title=\"L&#039;intervento della Sindaca Chiara Appendino\"\n               data-description=\"L&#039;intervento della Sindaca Chiara Appendino\"\n               data-image-slug=\"pla_2650\"\n               class=\"ngg-fancybox\" rel=\"f3667f9c88e1e77f11337344a9c20f75\">\n                <img\n                    title=\"L&#039;intervento della Sindaca Chiara Appendino\"\n                    alt=\"L&#039;intervento della Sindaca Chiara Appendino\"\n                    src=\"http:\/\/www.spaziotorino.it\/scatto\/wp-content\/gallery\/2019_04_05_tjf\/cache\/pla_2650.jpg-nggid0522605-ngg0dyn-60x60x100-00f0w010c011r110f110r010t010.jpg\"\n                    width=\"60\"\n                    height=\"60\"\n                    style=\"max-width:100%;\"\n                \/>\n            <\/a>\n        <\/div>\n\t\t\t\t\t\t\t<\/div> \n\t\t\t\n        \n\t\t\t\t<div id=\"ngg-image-9\" class=\"ngg-gallery-thumbnail-box\" >\n\t\t\t\t        <div class=\"ngg-gallery-thumbnail\">\n            <a href=\"http:\/\/www.spaziotorino.it\/scatto\/wp-content\/gallery\/2019_04_05_tjf\/pla_2666.jpg\"\n               title=\"Chiara Appendino\"\n               data-src=\"http:\/\/www.spaziotorino.it\/scatto\/wp-content\/gallery\/2019_04_05_tjf\/pla_2666.jpg\"\n               data-thumbnail=\"http:\/\/www.spaziotorino.it\/scatto\/wp-content\/gallery\/2019_04_05_tjf\/thumbs\/thumbs_pla_2666.jpg\"\n               data-image-id=\"22606\"\n               data-title=\"Chiara Appendino\"\n               data-description=\"Chiara Appendino\"\n               data-image-slug=\"pla_2666\"\n               class=\"ngg-fancybox\" rel=\"f3667f9c88e1e77f11337344a9c20f75\">\n                <img\n                    title=\"Chiara Appendino\"\n                    alt=\"Chiara Appendino\"\n                    src=\"http:\/\/www.spaziotorino.it\/scatto\/wp-content\/gallery\/2019_04_05_tjf\/cache\/pla_2666.jpg-nggid0522606-ngg0dyn-60x60x100-00f0w010c011r110f110r010t010.jpg\"\n                    width=\"60\"\n                    height=\"60\"\n                    style=\"max-width:100%;\"\n                \/>\n            <\/a>\n        <\/div>\n\t\t\t\t\t\t\t<\/div> \n\t\t\t\n        \n\t\t\t\t<div id=\"ngg-image-10\" class=\"ngg-gallery-thumbnail-box\" >\n\t\t\t\t        <div class=\"ngg-gallery-thumbnail\">\n            <a href=\"http:\/\/www.spaziotorino.it\/scatto\/wp-content\/gallery\/2019_04_05_tjf\/pla_2428.jpg\"\n               title=\"Lo zucchero del TJF. In sostanza Jazz\"\n               data-src=\"http:\/\/www.spaziotorino.it\/scatto\/wp-content\/gallery\/2019_04_05_tjf\/pla_2428.jpg\"\n               data-thumbnail=\"http:\/\/www.spaziotorino.it\/scatto\/wp-content\/gallery\/2019_04_05_tjf\/thumbs\/thumbs_pla_2428.jpg\"\n               data-image-id=\"22598\"\n               data-title=\"Lo zucchero del TJF. In sostanza Jazz\"\n               data-description=\"Lo zucchero del TJF. In sostanza Jazz\"\n               data-image-slug=\"pla_2428\"\n               class=\"ngg-fancybox\" rel=\"f3667f9c88e1e77f11337344a9c20f75\">\n                <img\n                    title=\"Lo zucchero del TJF. In sostanza Jazz\"\n                    alt=\"Lo zucchero del TJF. In sostanza Jazz\"\n                    src=\"http:\/\/www.spaziotorino.it\/scatto\/wp-content\/gallery\/2019_04_05_tjf\/cache\/pla_2428.jpg-nggid0522598-ngg0dyn-60x60x100-00f0w010c011r110f110r010t010.jpg\"\n                    width=\"60\"\n                    height=\"60\"\n                    style=\"max-width:100%;\"\n                \/>\n            <\/a>\n        <\/div>\n\t\t\t\t\t\t\t<\/div> \n\t\t\t\n        \n\t\t\t\t<div id=\"ngg-image-11\" class=\"ngg-gallery-thumbnail-box\" >\n\t\t\t\t        <div class=\"ngg-gallery-thumbnail\">\n            <a href=\"http:\/\/www.spaziotorino.it\/scatto\/wp-content\/gallery\/2019_04_05_tjf\/wa_img1.jpg\"\n               title=\"Pausa Caff\u00e8. In sostanza Jazz\"\n               data-src=\"http:\/\/www.spaziotorino.it\/scatto\/wp-content\/gallery\/2019_04_05_tjf\/wa_img1.jpg\"\n               data-thumbnail=\"http:\/\/www.spaziotorino.it\/scatto\/wp-content\/gallery\/2019_04_05_tjf\/thumbs\/thumbs_wa_img1.jpg\"\n               data-image-id=\"22608\"\n               data-title=\"Pausa Caff\u00e8. In sostanza Jazz\"\n               data-description=\"Pausa Caff\u00e8. In sostanza Jazz\"\n               data-image-slug=\"wa_img1\"\n               class=\"ngg-fancybox\" rel=\"f3667f9c88e1e77f11337344a9c20f75\">\n                <img\n                    title=\"Pausa Caff\u00e8. In sostanza Jazz\"\n                    alt=\"Pausa Caff\u00e8. In sostanza Jazz\"\n                    src=\"http:\/\/www.spaziotorino.it\/scatto\/wp-content\/gallery\/2019_04_05_tjf\/cache\/wa_img1.jpg-nggid0522608-ngg0dyn-60x60x100-00f0w010c011r110f110r010t010.jpg\"\n                    width=\"60\"\n                    height=\"60\"\n                    style=\"max-width:100%;\"\n                \/>\n            <\/a>\n        <\/div>\n\t\t\t\t\t\t\t<\/div> \n\t\t\t\n        \n\t\t\n\t\t<!-- Pagination -->\n\t<div class='ngg-clear'><\/div>\t<\/div>\n\n<p><strong>9 giorni di festival; 320 musicisti; 24 sedi; 8 circoscrizioni;<\/strong><\/p>\n<p><strong>82 concerti di cui 70 a ingresso gratuito<\/strong><\/p>\n<p><strong>&nbsp;<\/strong><strong>(19 concert \u2013 53 jazz&nbsp;<\/strong><strong>clHUB<\/strong><strong>&nbsp;\u2013 6 special \u2013 4 open air)<\/strong><\/p>\n<p><strong>40 jazz blitz; 3 marching band; 2 giorni di meeting; 1 workshop; 1 mostra;<\/strong><\/p>\n<p><strong>30 persone coinvolte nell\u2019organizzazione; 50 volontari<\/strong><\/p>\n<p><strong>Da venerd\u00ec<\/strong>&nbsp;<strong>26 aprile a sabato 4 maggio<\/strong>&nbsp;si svolger\u00e0 la&nbsp;<strong>settima edizione<\/strong>&nbsp;del&nbsp;<strong>Torino Jazz Festival<\/strong>.<\/p>\n<p>La manifestazione, diretta da&nbsp;<strong>Diego Borotti&nbsp;<\/strong>e<strong>&nbsp;Giorgio Li Calzi<\/strong>, quest\u2019anno si amplier\u00e0 per durata, numero di concerti e allargher\u00e0 i suoi confini.<\/p>\n<p>Il cartellone riserver\u00e0 continue sorprese con le esibizioni di artisti di altissimo livello come&nbsp;<strong>Joshua Redman,&nbsp;Fred Frith, Enrico Pieranunzi, Jon Balke, Randy Brecker, Bugge Wesseltoft, Kyle Eastwood, Stefano Di Battista, Eivind Aarset, John Paul Jones, Michel Portal, Arto Tuncboyaciyan, Ernst Reijseger, Jim Black, Sidsel Endresen, Deborah Carter, Don Menza, Flavio Boltro&nbsp;<\/strong>ed<strong>&nbsp;Enrico Rava<\/strong>&nbsp;nei teatri, nelle sale e nei club, dove l\u2019anima del jazz pi\u00f9 autentica si alterner\u00e0 a proposte inedite.<\/p>\n<p>Il&nbsp;<strong>TJF<\/strong>&nbsp;\u2013 che propone&nbsp;<strong>12 concerti<\/strong>&nbsp;a prezzi popolari, con&nbsp;<strong>biglietti che vanno dai 5 ai 12 euro&nbsp;<\/strong>e&nbsp;<strong>70 appuntamenti gratuiti<\/strong>&nbsp;a cui si aggiungono&nbsp;<strong>40 jazz blitz, sempre a ingresso gratuito&nbsp;<\/strong>\u2013 \u00e8 un&nbsp;<strong>progetto della Citt\u00e0 di Torino<\/strong>&nbsp;realizzato dalla&nbsp;<strong>Fondazione per la Cultura Torino<\/strong>, con il contributo di&nbsp;<strong>Fondazione Crt&nbsp;<\/strong>e&nbsp;<strong>OGR Torino<\/strong><strong>, Confartigianato e Ancos,<\/strong>&nbsp;main partner&nbsp;<strong>Intesa Sanpaolo<\/strong>&nbsp;e&nbsp;<strong>Iren<\/strong>. Sponsor&nbsp;<strong>CNH Industrial Village<\/strong>, main media partner&nbsp;<strong>Rai<\/strong>, media partner&nbsp;<strong>Rai Radio tre&nbsp;<\/strong>e<strong>&nbsp;Rai Cultura<\/strong>, sponsor tecnico&nbsp;<strong>Wide Communication<\/strong>, in collaborazione con&nbsp;<strong>Il Mercato Centrale Torino<\/strong>.<\/p>\n<p>Il programma prevede la presenza di artisti internazionali e produzioni originali realizzate dai migliori jazzisti del territorio (<strong>i musicisti coinvolti saranno circa 320<\/strong>) che si esibiranno sul&nbsp;<strong>palco delle&nbsp;<\/strong><strong>OGR Torino<\/strong>, nei&nbsp;<strong>circoli jazz centrali e periferici<\/strong>&nbsp;e in diversi&nbsp;<strong>spazi della citt\u00e0&nbsp;<\/strong>dal&nbsp;<strong>Piccolo Regio \u2018Giacomo Puccini\u2019&nbsp;<\/strong>al&nbsp;<strong>Conservatorio<\/strong>&nbsp;\u2018<strong>Giuseppe Verdi\u2019,&nbsp;<\/strong>dall\u2019<strong>Aula Magna \u2018Giovanni Agnelli\u2019 del Politecnico&nbsp;<\/strong>all\u2019<strong>Auditorium del grattacielo Intesa Sanpaolo<\/strong>, a prezzi popolari.<\/p>\n<p>Nell\u2019edizione 2019 aumenteranno le esibizioni e le performance all\u2019aperto per dar vita a una&nbsp;rassegna \u2018diffusa\u2019 nella citt\u00e0 e per la citt\u00e0 che, con i grandi concerti e le molte iniziative ospitate \u2013&nbsp; tra cui le&nbsp;<strong>jam session<\/strong>, i&nbsp;<strong>Torino Jazz Meetings<\/strong>&nbsp;(dove si incontrano gli operatori del settore) e le incursioni musicali dei&nbsp;<strong>jazz blitz<\/strong>&nbsp;in luoghi atipici (che coinvolgeranno anche gli allievi della Jazz School Torino, di Arcote e dei Corsi di formazione musicale della Citt\u00e0 di Torino) \u2013 contribuir\u00e0 a creare il classico \u2018clima\u2019 da festival.<\/p>\n<p>Sono in calendario&nbsp;<strong>circa 100 eventi<\/strong>&nbsp;di cui&nbsp;<strong>7 produzioni<\/strong>&nbsp;<strong>originali&nbsp;<\/strong>(Icp Trio Feat. Han Bennink With Clgensemble; Jon Balke \u2018Siwan\u2019+ Ensemble d\u2019archi del Conservatorio di Torino; Arto Tun\u00e7boyaciyan con Sfom Quartet; Randy Brecker &amp; Chad Lefkowitz-Brown Meet Fabio Giachino Trio; Lapsus Lumine Feat. Jim Black ed Ernst Reijseger \u2018Moondog Project\u2019; Kyle Eastwood con Stefano Di Battista \u2018Gran Torino\u2019; Michel Portal &amp; Flavio Boltro Bbb Trio);&nbsp;<strong>la prima assoluta italiana dei \u2018Tres Coyotes\u2019<\/strong>&nbsp;con John Paul Jones, Magnus Lindberg, Anssi Karttunen;&nbsp;<strong>2 concerti esclusivi (unica data italiana)<\/strong>: Gavin Bryars Ensemble ed Eivind Aarset Quartet;&nbsp;<strong>performance e musica all\u2019aperto<\/strong>&nbsp;della sezione \u2018Open Air\u2019;&nbsp;<strong>spettacoli pomeridiani<\/strong>&nbsp;ed&nbsp;<strong>esibizioni serali<\/strong>.<\/p>\n<p><em>\u201cLo scorso anno la citt\u00e0 ha premiato il Festival e di questo non possiamo che essere felici e ringraziare il pubblico, torinese e non, che lo ha seguito con entusiasmo<\/em>&nbsp;\u2013&nbsp;<strong>afferma la sindaca Chiara Appendino -.<\/strong>&nbsp;&nbsp;<em>Un successo che ha il suo punto di forza nella scelta di creare un solido legame con tutto il mondo del jazz del territorio. Un doveroso plauso va a chi contribuisce a realizzare questa impresa, un merito diviso tra i jazzisti, le tante persone che vi lavorano e la direzione artistica di Diego Borotti e Giorgio Li Calzi che ne curano il programma e a cui abbiamo chiesto di ampliare il gi\u00e0 consistente calendario per innalzare ulteriormente il livello della manifestazione<\/em>\u201d.<strong>&nbsp;<\/strong><\/p>\n<p>Nei&nbsp;<strong>nove giorni di programmazione<\/strong>&nbsp;il Festival offrir\u00e0 una panoramica sulle varie anime del jazz \u2013 dal mainstream americano ai migliori talenti italiani ed europei \u2013 ospitando concerti di artisti che rappresentano l\u2019evoluzione attuale del jazz nel rock, nella musica elettronica e nei nuovi linguaggi improvvisativi.<\/p>\n<p>Si potranno ascoltare jazzisti provenienti da tutto il mondo:&nbsp;<strong>Italia<\/strong>,&nbsp;<strong>Inghilterra<\/strong>,&nbsp;<strong>Olanda<\/strong>,&nbsp;<strong>Norvegia<\/strong>,&nbsp;<strong>Stati<\/strong><strong>Uniti<\/strong>,&nbsp;<strong>Filippine<\/strong>,&nbsp;<strong>Algeria<\/strong>,&nbsp;<strong>Iran<\/strong>,&nbsp;<strong>Turchia<\/strong>,&nbsp;<strong>Portogallo<\/strong>,&nbsp;<strong>Israele<\/strong>,&nbsp;<strong>Svezia<\/strong>,&nbsp;<strong>Romania<\/strong>,&nbsp;<strong>Francia<\/strong>,&nbsp;<strong>Svizzera<\/strong>,&nbsp;<strong>Austria<\/strong>,&nbsp;<strong>Camerun<\/strong>&nbsp;e&nbsp;<strong>Ghana<\/strong>.<\/p>\n<p>Tra gli appuntamenti,&nbsp;<strong>quattro sono&nbsp;<\/strong>realizzati in<strong>&nbsp;esclusiva per il TJF 2019<\/strong>&nbsp;e, come le produzioni originali, si potranno vedere solo a Torino. Questi spettacoli esprimono al meglio la settima edizione della rassegna. Si tratta del concerto&nbsp;<strong>di<\/strong>&nbsp;<strong>Gavin Bryars&nbsp;<\/strong>(28 aprile, Conservatorio G. Verdi) compositore e contrabbassista inglese, autore di \u2018Jesus Blood never failed me yet\u2019 cantata da Tom Waits e \u2018By the Vaar\u2019 scritta per Charlie Haden (entrambe saranno eseguite a Torino). Il secondo \u00e8 il concerto del quartetto di&nbsp;<strong>Eivind Aarset<\/strong>, artista &nbsp;che il 3 maggio porter\u00e0 alle&nbsp;<strong>OGR Torino<\/strong>&nbsp;il suo&nbsp;<strong>jazz nordico&nbsp;<\/strong>tra minimalismo e psichedelia. Per ultimo va evidenziato&nbsp;<strong>il filo rosso del rock, un flusso di energia che unisce 2 eventi<\/strong>: quello di&nbsp;<strong>Paolo Ricca<\/strong>&nbsp;con ospite il<strong>&nbsp;chitarrista dei Soft Machine John Etheridge&nbsp;<\/strong>(26 aprile, Laboratori di Barriera) e l\u2019esibizione dei&nbsp;<strong>Tres Coyotes.&nbsp;<\/strong>A far parte di questo gruppo e a salire sul palco del Conservatorio, il 4 maggio, ultimo giorno della manifestazione, sar\u00e0 una<strong>&nbsp;leggenda della musica al suo primo concerto in Italia<\/strong>:&nbsp;<strong>John Paul Jones<\/strong>,&nbsp;<strong>il bassista dei Led Zeppelin<\/strong>, impegnato da anni in una carriera come produttore di giovani artisti, ma ancora attivo sui palchi di tutto il mondo.<\/p>\n<p>\u201c<em>I grandi artisti internazionali e le numerose produzioni originali con i migliori musicisti del territorio che arricchiscono il programma testimoniano senza dubbio la qualit\u00e0 artistica di questa settima edizione<\/em>&nbsp;\u2013 dichiara&nbsp;<strong>Francesca Leon assessora alla cultura della Citt\u00e0<\/strong>&nbsp;-.&nbsp;<em>Ci aspettano nove giorni e nove straordinarie notti di concerti, incontri e spettacoli rivolti a tutti, dagli appassionati ai neofiti, dai bambini agli studenti delle scuole superiori per i quali sono previsti specifici appuntamenti.&nbsp;<\/em><em>Prendendo spunto da una frase di Enrico Rava, del quale festeggiamo con un concerto nella \u2018sua\u2019 Torino l\u2019ottantesimo compleanno, \u2018Quando tutto funziona bene nel jazz esiste la democrazia perfetta\u2019\u201d<\/em>, conclude l\u2019assessora.<\/p>\n<p>Importante \u00e8 stata anche la scelta di organizzare, per il secondo anno, i&nbsp;<strong>concerti<\/strong>&nbsp;serali del TJF in un&nbsp;<strong>luogo simbolo della trasformazione urbana, le&nbsp;<\/strong><strong>OGR Torino<\/strong>, vitale punto di riferimento di una citt\u00e0 a vocazione internazionale per la cultura contemporanea. Gran parte degli spettacoli pomeridiani, invece, si svolgeranno al&nbsp;<strong>Conservatorio Giuseppe Verdi<\/strong>, al&nbsp;<strong>Piccolo Regio Giacomo Puccini<\/strong>, nell\u2019<strong>Aula Magna \u2018Giovanni Agnelli\u2019 del Politecnico<\/strong>&nbsp;e all\u2019<strong>Auditorium del grattacielo Intesa Sanpaolo.<\/strong><\/p>\n<p><em>\u201cLa realizzazione in una grande citt\u00e0 come Torino di un jazz festival con un programma diverso dagli stereotipi, dove gli artisti del territorio suonano insieme ai musicisti internazionali, dove il biglietto d\u2019ingresso \u00e8 estremamente accessibile e il vero protagonista \u00e8 il pubblico potrebbe sembrare un\u2019utopia, invece \u00e8 una realt\u00e0 \u2013&nbsp;<\/em><strong>spiegano i direttori artistici Diego Borotti e Giorgio Li Calzi<\/strong><em>&nbsp;\u2013<\/em><em>.<\/em><em>&nbsp;Lo dimostra il successo ottenuto lo scorso anno dal Torino Jazz Festival, dai suoi musicisti, dai suoi operatori e dagli spettatori.&nbsp;<\/em><em>A essere premiato, nel 2018, \u00e8 stato soprattutto il pubblico perch\u00e9 abbiamo dato vita a un festival creativo, non commerciale, in grado di far conoscere a tutti quella che \u00e8 considerata come la musica fondamentale del Novecento, il jazz.&nbsp;<\/em><em>Crediamo che i caratteri distintivi di questa manifestazione \u2013&nbsp;<\/em><strong>sottolineano i direttori<\/strong><em>&nbsp;\u2013 si esprimano nella preminenza dei luoghi e dei gruppi di lavoro stabili, nelle produzioni originali frutto di residenze artistiche, nell\u2019attenzione al sociale, nell\u2019alta caratura qualitativa equamente distribuita tra teatri e jazz club e nell\u2019estrema variet\u00e0 stilistica\u201d.<\/em><\/p>\n<p><strong>JAZZ BLITZ<\/strong><\/p>\n<p><strong>Dal 26 aprile al 4 maggio&nbsp;<\/strong>con i \u2018<strong>jazz blitz<\/strong>\u2019 la musica entrer\u00e0&nbsp;<strong>gratuitamente<\/strong>&nbsp;nei luoghi dell\u2019assistenza, nelle residenze diurne e notturne, nelle case di ospitalit\u00e0, negli ospedali, nelle strutture di accoglienza, posti dov\u2019\u00e8 difficile fruire di sonorit\u00e0 dal vivo. Alcuni interventi raggiungeranno anche un pubblico che per obbligo o necessit\u00e0 vive in situazioni di riservatezza o di esclusione.&nbsp;<strong>Venti minuti di jazz per 40 volte in tutta la citt\u00e0.&nbsp;<\/strong>Le sedi degli appuntamenti non accessibili al pubblico sono la Casa Circondariale Lorusso e Cutugno, il Centro Diurno Aurora per pazienti alzheimer, l\u2019 Hospice FARO, l\u2019Istituto Penale Minorile Ferrante Aporti, l\u2019Ospedale Infantile Regina Margherita e l\u2019Ospedale Sant\u2019Anna per il progetto Vitamine musicali.<\/p>\n<p><strong>OPEN AIR<\/strong><\/p>\n<p>Quest\u2019anno, per avvicinare il pi\u00f9 possibile nuovi pubblici alla musica, il TJF si arricchir\u00e0 della sezione \u2018<strong>Open Air\u2019<\/strong>. Saranno soprattutto le marching band a portare&nbsp;il jazz&nbsp;nelle strade, nei mercati e in giro per i quartieri. In occasione della&nbsp;<strong>Giornata Unesco della Danza<\/strong>,&nbsp;<strong>domenica 28 aprile<\/strong>, un vero e proprio \u2018diluvio\u2019 di note eseguito da diverse bande musicali sulle sonorit\u00e0 di un grande classico di Louis Armstrong e di danze, con la coreografia&nbsp;<strong>\u201cThe NELKEN Line by Pina Bausch<\/strong>, culminer\u00e0 in piazza San Carlo (progetto formativo e performativo, realizzato da Piemonte dal Vivo insieme alle scuole di danza). Sempre domenica, al Museo Nazionale della Montagna si terr\u00e0 un altro evento open air: il duo Martin Mayes e Oliviero Corbetta intreccer\u00e0 parole e musica nella cornice unica del Monte dei Cappuccini.<\/p>\n<p><strong>PROGRAMMA FESTIVAL<\/strong><\/p>\n<p>Il&nbsp;<strong>TJF<\/strong>&nbsp;prender\u00e0 il via<strong>&nbsp;venerd\u00ec 26 APRILE<\/strong>, alle<strong>&nbsp;ore 18,&nbsp;<\/strong>al&nbsp;<strong>Circolo dei Lettori<\/strong>&nbsp;con la presentazione del libro&nbsp;<strong>\u2018Jazz Area\u2019<\/strong>&nbsp;di&nbsp;<strong>Roberto Masotti<\/strong>. All\u2019incontro, insieme all\u2019autore, interverranno&nbsp;<strong>Peppino Ortoleva e Carlo Serra.<\/strong><\/p>\n<p>Alle<strong>&nbsp;ore 19<\/strong>, il gruppo<strong>&nbsp;Night Dreamers<\/strong>&nbsp;\u2013 Resident band del programma Rai5 \u2018Nessun Dorma\u2019 \u2013 suoner\u00e0 alla&nbsp;<strong>Piazza dei Mestieri<\/strong>; alle&nbsp;<strong>ore 21<\/strong>,&nbsp;<strong>Jazz club Torino<\/strong>&nbsp;ospiter\u00e0 la prima tappa del prestigioso concorso per solisti jazz \u2018<strong>Premio Internazionale Massimo Urbani\u2019<\/strong>&nbsp;e, sempre<strong>&nbsp;alle 21<\/strong>,&nbsp;<strong>Laboratori di Barriera<\/strong>&nbsp;vedr\u00e0 lo spettacolo di&nbsp;<strong>Paolo Ricca Group&nbsp;<\/strong>e<strong>&nbsp;John Etheridge&nbsp;<\/strong>storico chitarrista del gruppo Soft Machine mentre, la cantante&nbsp;<strong>Ginger Brew&nbsp;<\/strong>con il suo quintetto, sar\u00e0 all\u2019<strong>Osteria Rabezzana.&nbsp;<\/strong>Chiuder\u00e0 la serata, al&nbsp;<strong>Caf\u00e9 Neruda<\/strong>, il duo composto da&nbsp;<strong>Eleonora Strino&nbsp;<\/strong>(chitarra) e da&nbsp;<strong>Greg Cohen<\/strong>, importante contrabbassista a lungo collaboratore di John Zorn e Tom Waits<strong>.<\/strong><\/p>\n<p><strong>Sabato 27 APRILE<\/strong>,&nbsp;<strong>dalle ore 10 alle ore 15.30<\/strong>, nei mercati (corso Spezia, via Di Nanni, piazza della Vittoria, piazza Foroni e piazza della Repubblica, Mercato Centrale) e nel centro storico, si esibir\u00e0 la marching band&nbsp;<strong>Bandakadabra&nbsp;<\/strong>\u2013 gruppo che fa delle vie e delle piazze lo scenario ideale per suonare e il luogo da cui trarre ispirazione rielaborando rocksteady, balkan, swing \u2013 accompagnata dalle danze scatenate dei ballerini di&nbsp;<strong>lindy hop.&nbsp;<\/strong>Alle&nbsp;<strong>ore<\/strong>&nbsp;<strong>17.30<\/strong>, il&nbsp;<strong>Teatro Piccolo Regio Giacomo Puccini<\/strong>ospiter\u00e0&nbsp;<strong>Icp Trio Feat Han Bennink &amp; Clgensemble<\/strong>. In questa occasione l\u2019ensemble \u2013 che crea progetti in grado di integrare efficacemente persone disabili e professionisti della musica \u2013 incontrer\u00e0 uno dei pi\u00f9 influenti artisti dell\u2019avanguardia europea, il batterista Han Bennink, icona della storica scena olandese, personaggio eclettico e istrionico qui alla guida di un trio estrapolato dalla ICP Orchestra (Instant Composers Pool), formazione olandese tra le pi\u00f9 rilevanti in Europa. Alle<strong>&nbsp;ore 19<\/strong>, in&nbsp;<strong>Piazza dei Mestieri<\/strong>, il gruppo&nbsp;<strong>Torino Night Ensemble&nbsp;<\/strong>suoner\u00e0 con il percussionista<strong>&nbsp;Don Moye&nbsp;<\/strong>per l\u2019anniversario dei cinquant\u2019anni dell\u2019Art Ensemble of Chicago in Europa; alle&nbsp;<strong>ore 21<\/strong>, lo scrittore&nbsp;<strong>Giuseppe Culicchia<\/strong>, con l\u2019accompagnamento poco ortodosso delle percussioni di&nbsp;<strong>Donato Stolfi<\/strong>, legger\u00e0 alcune pagine de \u2018Il Grande Gatsby\u2019 ai&nbsp;<strong>Bagni pubblici di via Agli\u00e8<\/strong>; sempre&nbsp;<strong>alle 21<\/strong>, al&nbsp;<strong>FolkClub<\/strong>, il meglio della sperimentazione made in N.Y. con&nbsp;<strong>Peter Evans&nbsp;<\/strong>e&nbsp;<strong>Levy Lorenzo<\/strong>, uno dei pi\u00f9 grandi trombettisti viventi che incontra un estremo sound designer e percussionista; alle<strong>&nbsp;ore 22<\/strong>, al&nbsp;<strong>Capolinea8<\/strong>, il&nbsp;<strong>trio<\/strong>&nbsp;<strong>Hermanos&nbsp;<\/strong>omagger\u00e0 Paco De Lucia.<\/p>\n<p><strong>Domenica 28 APRILE<\/strong>, nella&nbsp;<strong>Sala Conference di CNH Industrial Village<\/strong>, alle&nbsp;<strong>ore 17<\/strong>, si potr\u00e0 assistere&nbsp;alla&nbsp;<strong>lezione-concerto&nbsp;\u2018Cartoons in Jazz\u2019<\/strong>,<strong>&nbsp;<\/strong>uno spettacolo gratuito (fino ad esaurimento dei 400 posti) dedicato soprattutto alle famiglie e ai bambini dai 4 agli 11 anni. Un gruppo di sei musicisti proporr\u00e0 dal vivo&nbsp;musiche e canzoni jazz tratte dai pi\u00f9 amati cartoni animati della storia del cinema. Il tutto&nbsp;accompagnato&nbsp;da immagini originali, in un concerto in cui il pubblico e soprattutto i pi\u00f9 piccini diventeranno i veri protagonisti. Al&nbsp;<strong>Conservatorio Giuseppe Verdi<\/strong>&nbsp;andr\u00e0 in scena, alle<strong>&nbsp;ore 17.30<\/strong>,<strong>&nbsp;Fred Frith<\/strong>, padre dell\u2019avanguardia chitarristica,<strong>&nbsp;in solo&nbsp;<\/strong>e, alle<strong>&nbsp;ore 21<\/strong>, sar\u00e0 la volta di<strong>&nbsp;The Gavin Bryars Ensemble.&nbsp;<\/strong>Alle&nbsp;<strong>ore<\/strong>&nbsp;<strong>21.30, Jazz Club Torino<\/strong>&nbsp;accoglier\u00e0 le sonorit\u00e0 del sassofonista&nbsp;<strong>Don Menza,&nbsp;<\/strong>leggenda del jazz per big band mentre, alle<strong>&nbsp;ore 22<\/strong>, l\u2019<strong>Osteria Rabezzana<\/strong>&nbsp;vedr\u00e0 suonare insieme&nbsp;<strong>Tiziana Cappellino con Javier Girotto<\/strong>.<\/p>\n<p><strong>Piazza dei Mestieri<\/strong>,<strong>&nbsp;luned\u00ec 29 APRILE<\/strong>, alle&nbsp;<strong>ore<\/strong>&nbsp;<strong>19<\/strong>, presenter\u00e0<strong>&nbsp;Groovity&nbsp;<\/strong>in<strong>&nbsp;\u2018NEWTONe\u2019<\/strong>: quattro musicisti, quattro pensieri verso la ricerca dell\u2019equilibrio dello spazio\/tempo; il&nbsp;<strong>Teatro Piccolo Regio Giacomo Puccini<\/strong>, alle&nbsp;<strong>ore 21<\/strong>, ospiter\u00e0 il duo norvegese costituito da&nbsp;<strong>Sidsel Endresen&nbsp;<\/strong>e&nbsp;<strong>Stian Westerhus<\/strong>&nbsp;e, alle&nbsp;<strong>ore<\/strong>&nbsp;<strong>21.30, Jazz Club Torino<\/strong>&nbsp;sar\u00e0 il palcoscenico di&nbsp;<strong>Deborah Carter<\/strong>.<\/p>\n<p>Nella&nbsp;<strong>Giornata Internazionale Unesco per il Jazz, marted\u00ec 30 APRILE<\/strong>, saranno protagonisti:&nbsp;<strong>Pieranunzi, Tavolazzi e Zirilli<\/strong>&nbsp;al&nbsp;<strong>Conservatorio Giuseppe Verdi<\/strong>, alle&nbsp;<strong>ore<\/strong>&nbsp;<strong>1<\/strong><strong>7.30&nbsp;<\/strong>e, il trio del pianista&nbsp;<strong>Tommaso Perazzo<\/strong>, alle&nbsp;<strong>ore 19 al<\/strong>&nbsp;<strong>Mercato Centrale Torino<\/strong>&nbsp;(piazza della Repubblica). La sera, invece, dalle<strong>&nbsp;ore 21<\/strong>, alle&nbsp;<strong>OGR Torino<\/strong>&nbsp;si potr\u00e0 assistere all\u2019esibizione di&nbsp;<strong>Jon Balke \u2018Siwan\u2019 con l\u2019Ensemble d\u2019archi del Conservatorio di Torino&nbsp;<\/strong>(produzione originale TJF) e, a seguire, al concerto dell\u2019attesissimo&nbsp;<strong>Joshua Redman Trio<\/strong>.<\/p>\n<p><strong>Mercoled\u00ec<\/strong>&nbsp;<strong>1 MAGGIO<\/strong>,&nbsp;<strong>Jazz Club Torino<\/strong>, alle<strong>&nbsp;ore&nbsp;<\/strong><strong>19<\/strong>, ospiter\u00e0 il chitarrista&nbsp;<strong>Tommaso Gambini&nbsp;<\/strong>con il&nbsp;<strong>sassofonista newyorkese Dayna Stephens.&nbsp;<\/strong>Alle&nbsp;<strong>ore<\/strong>&nbsp;<strong>21<\/strong>, le&nbsp;<strong>OGR Torino<\/strong>&nbsp;accoglieranno&nbsp;<strong>2 produzioni originali<\/strong>&nbsp;del TJF:&nbsp;<strong>Arto Tunc<\/strong><strong>\u0327<\/strong><strong>Boyaciyan&nbsp;<\/strong>cantante e percussionista turco accompagnato dallo&nbsp;<strong>Sfom Quartet&nbsp;<\/strong>e successivamente il leggendario trombettista&nbsp;<strong>Randy<\/strong>&nbsp;<strong>Brecker&nbsp;<\/strong>e il giovane sassofonista<strong>&nbsp;Chad Lefkowitz-Brown<\/strong>, nuovo grande talento della scena newyorchese<strong>.<\/strong><\/p>\n<p><strong>Gioved\u00ec 2 MAGGIO&nbsp;<\/strong>l\u2019<strong>Aula Magna \u2018Giovanni Agnelli\u2019&nbsp;<\/strong>del<strong>&nbsp;Politecnico<\/strong>, alle&nbsp;<strong>ore<\/strong>&nbsp;<strong>17.30<\/strong>, avr\u00e0 in programma il quintetto di&nbsp;<strong>Giovanni Guidi&nbsp;<\/strong>con il nuovo cd \u2018Avec Le Temps\u2019. Nello stesso giorno, alle&nbsp;<strong>ore<\/strong>&nbsp;<strong>21<\/strong>, alle&nbsp;<strong>OGR Torino<\/strong>&nbsp;andr\u00e0 in scena&nbsp;<strong>Lapsus Lumine Feat. Jim Black&nbsp;<\/strong>ed&nbsp;<strong>Ernst Reijseger \u2018Moondog Project\u2019&nbsp;<\/strong>(produzione originale TJF) seguito da&nbsp;<strong>Rymden&nbsp;<\/strong>(<strong>Bugge Wesseltoft<\/strong>, accompagnato da<strong>&nbsp;Dan Berglund<\/strong>&nbsp;e&nbsp;<strong>Magnus&nbsp;<\/strong><strong>O\u0308Stro\u0308M<\/strong>&nbsp;del mitico<strong>&nbsp;E.S.T. Trio<\/strong>)&nbsp;<strong>\u2018<\/strong><strong>Reflections &amp; Odysseys\u2019<\/strong>. Alle<strong>&nbsp;ore 19<\/strong>, sul palco del&nbsp;<strong>Caf\u00e9 Neruda<\/strong>gli&nbsp;<strong>Esagono<\/strong>&nbsp;porteranno un repertorio dedicato a Bob Dylan mentre, alla stessa ora,&nbsp;<strong>Jazz Club Torino<\/strong>vedr\u00e0 nell\u2019esibizione del musicista, scrittore, critico e blogger,&nbsp;<strong>Gilad Atzmon<\/strong>, fondersi l\u2019improvvisazione jazzistica, le melodie mediorientali e le sonorit\u00e0&nbsp; dell\u2019Europa dell\u2019Est.<\/p>\n<p><strong>Venerd\u00ec<\/strong>&nbsp;<strong>3 MAGGIO<\/strong>, alle<strong>&nbsp;ore 16.30<\/strong>, nell\u2019<strong>Aula Magna \u2018Giovanni Agnelli\u2019<\/strong>&nbsp;del Politecnico,&nbsp;<strong>Marco Tardito&nbsp;<\/strong>e<strong>gli Ossi Duri&nbsp;<\/strong>presenteranno il&nbsp;<strong>progetto multimediale&nbsp;<\/strong><strong>\u2018Eleven. Undici solfeggi futuristi\u2019<\/strong>&nbsp;mentre, alle&nbsp;<strong>ore<\/strong><strong>18<\/strong>, l\u2019<strong>Auditorium del grattacielo Intesa Sanpaolo<\/strong>&nbsp;aprir\u00e0 le porte agli&nbsp;<strong>Accordi Disaccordi&nbsp;<\/strong>che saranno sul palco insieme al<strong>&nbsp;violinista Florin Nicolescu&nbsp;<\/strong>e all\u2019attore&nbsp;<strong>Giorgio Tirabassi.&nbsp;<\/strong>Al&nbsp;<strong>Jazz Club Torino<\/strong>, alle<strong>ore 19<\/strong>, si potr\u00e0 ascoltare il trio internazionale&nbsp;<strong>Spanyi<\/strong>,<strong>&nbsp;Dobler<\/strong>,<strong>&nbsp;Di Castri<\/strong>, frutto del gemellaggio tra i conservatori di Torino e Losanna e, alle&nbsp;<strong>ore<\/strong>&nbsp;<strong>21<\/strong>, le&nbsp;<strong>OGR Torino<\/strong>&nbsp;ospiteranno il figlio maggiore del regista Clint Eastwood,<strong>&nbsp;Kyle<\/strong>, che si esibir\u00e0 insieme<strong>&nbsp;a<\/strong>&nbsp;<strong>Stefano Di Battista&nbsp;<\/strong>in<strong>&nbsp;\u2018Gran Torino\u2019<\/strong>. A seguire il concerto del quartetto di&nbsp;<strong>Eivind Aarset.<\/strong><\/p>\n<p>Il&nbsp;<strong>Torino Jazz<\/strong>&nbsp;<strong>Festival<\/strong>&nbsp;terminer\u00e0<strong>&nbsp;sabato 4 MAGGIO&nbsp;<\/strong>con&nbsp;<strong>4 appuntamenti di altissimo livello<\/strong>: alle&nbsp;<strong>ore<\/strong><strong>17.30<\/strong>, il palco del<strong>&nbsp;C<\/strong><strong>onservatorio Giuseppe Verdi<\/strong>, accoglier\u00e0 uno degli artisti che hanno segnato la storia del rock:&nbsp;<strong>il bassista dei&nbsp;<\/strong><strong>Led Zeppelin<\/strong><strong>&nbsp;John Paul Jones&nbsp;<\/strong>che si esibir\u00e0<strong>&nbsp;per la prima volta in Italia&nbsp;<\/strong>insieme ai musicisti&nbsp;<strong>Anssi Karttunen&nbsp;<\/strong>e<strong>&nbsp;Magnus Lindberg<\/strong>, con cui ha dato vita alla<strong>&nbsp;formazione inedita \u2018Tres Coyotes\u2019<\/strong>. Successivamente, dalle ore 20.30, sul palco delle&nbsp;<strong>OGR Torino<\/strong>&nbsp;suoneranno&nbsp;<strong>Michel Portal &amp; Flavio Boltro Bbb Trio<\/strong>;&nbsp;<strong>Enrico Rava New Quartet \u2018Rava 80\u2019<\/strong>&nbsp;e,&nbsp;<strong>Nik B\u00e4rtsch<\/strong>&nbsp;piano solo, quest\u2019ultimo invitato da&nbsp;<strong>Nicola Ricciardi, Direttore Artistico delle OGR<\/strong>, insieme a&nbsp;<strong>Diego Borotti e Giorgio Li Calzi<\/strong>, per proseguire l\u2019indagine sul grande pianismo internazionale intrapresa nella scorsa edizione con il concerto del maestro americano Fred Hersch. L\u2019evento \u00e8 sostenuto dalla Fondazione Crt.<\/p>\n<p>Durante tutto la rassegna il club&nbsp;<strong>Mad Dog<\/strong>&nbsp;ospiter\u00e0 jam session curate dal pianista&nbsp;<strong>Fabio Giachino.<\/strong><\/p>\n<p>Oltre ai concerti e ai momenti di musica dal vivo quest\u2019anno saranno in programma anche i&nbsp;<strong>Torino Jazz Meetings&nbsp;<\/strong>e<strong>&nbsp;la mostra&nbsp;<\/strong><strong>\u2018Black People in a White World \u2013&nbsp;<\/strong><strong>An<\/strong>&nbsp;<strong>Odyssey of Images by Valerio Corzani\u2019<\/strong>.<\/p>\n<p><strong>TORINO JAZZ MEETINGS<\/strong><\/p>\n<p><strong>EDIT (piazza Teresa Noce 15\/a) sabato&nbsp;<\/strong><strong>27 e domenica 28 aprile.<\/strong><\/p>\n<p>I&nbsp;<strong>Torino Jazz Meetings&nbsp;<\/strong>saranno occasione di incontro oltre che vetrina per le&nbsp; eccellenze del jazz piemontese. L\u2019iniziativa proporr\u00e0 convegni e concerti, con l\u2019obiettivo di sviluppare il network delle realt\u00e0 che promuovono il jazz a livello regionale, nazionale e internazionale. Gli appuntamenti si svolgeranno in collaborazione con il&nbsp;<strong>Torino Jazz Festival<\/strong>&nbsp;nell\u2019<strong>Osservatorio di EDIT<\/strong>&nbsp;e saranno articolati su due livelli: \u2018<strong>Piemonte jazz\u2019<\/strong>, riguardante le eccellenze del territorio e \u2018<strong>Jazz in Italy\u2019<\/strong>, relativo ai network nazionali. Gli incontri saranno seguiti dai jazz brunch.&nbsp;<strong>Torino Jazz Meetings<\/strong>&nbsp;\u00e8 un progetto del&nbsp;<strong>Consorzio Piemonte Jazz<\/strong>.<strong>&nbsp;<\/strong><\/p>\n<p><strong>MOSTRA<\/strong><\/p>\n<p><strong>\u2018BLACK PEOPLE IN A WHITE WORLD.&nbsp;<\/strong><strong>An Odyssey of Images by Valerio Corzani\u2019<\/strong><\/p>\n<p><strong>Dal 27 aprile al 4 maggio&nbsp;<\/strong>al&nbsp;<strong>Jazz Club Torino<\/strong>, piazzale Valdo Fusi \u2013 ore 19-23.&nbsp; Ingresso libero \u2013&nbsp;<strong>Inaugurazione:&nbsp;<\/strong><strong>sabato 27 aprile, ore 19.<\/strong><\/p>\n<p><strong>\u2018Ho fatto un viaggio e ho pagato il biglietto. Ma lascia che ti dica una cosa: mi \u00e8 costato troppo\u2019&nbsp;<\/strong><em>(Toni Morrison).&nbsp;<\/em><strong>Valerio Corzani&nbsp;<\/strong>\u00e8 un giornalista, conduttore radiofonico, musicista, fotografo e scrittore. Si occupa di musica, cultura giovanile, nuovi media e viaggi.<strong>&nbsp;\u2018Black People&nbsp;<\/strong><strong>in a White World\u2019&nbsp;<\/strong>racconta, con una serie di immagini in bianco e nero, le perlustrazioni di Corzani in giro per il mondo. Si approda cos\u00ec in Marocco, Tailandia, Colombia, Mali, Zanzibar, Inghilterra, Italia, Francia, Giordania, Portogallo ed Etiopia con un unico tema a guidare l\u2019obiettivo della macchina fotografica: la situazione del \u2018popolo nero\u2019 a ogni latitudine, i sogni e le vicissitudini della \u2018Black Odyssey\u2019 e il tentativo di documentare quella che l\u2019intellettuale senegalese L\u00e9opold S\u00e9dar Senghor chiama \u2018la n\u00e9gritude\u2019. Ad accompagnare il percorso saranno degli estratti dai testi delle canzoni di Nina Simone e Gil Scott-Heron, dai libri di James Baldwin e Toni Morrison e dalle dichiarazioni di Muhammad Ali.<\/p>\n<p><strong>Nei giorni del Torino Jazz Festival, sulla cupola della Mole Antonelliana, simbolo della citt\u00e0, saranno proiettati il logo e le date della manifestazione.<\/strong><\/p>\n<p><strong>SEDI EVENTI<\/strong><\/p>\n<p><strong>CONCERT&nbsp;<\/strong><\/p>\n<p><strong>Conservatorio Giuseppe Verdi&nbsp;<\/strong>(piazza Bodoni);&nbsp;<strong>Auditorium del g<\/strong><strong>rattacielo Intesa Sanpaolo&nbsp;<\/strong>(corso Inghilterra 3); &nbsp;<strong>Aula Magna<\/strong>&nbsp;<strong>Politecnico di Torino&nbsp;<\/strong>(corso Duca degli Abruzzi 24);&nbsp;<strong>Piccolo Regio Giacomo Puccini&nbsp;<\/strong>(piazza Castello 215);&nbsp;<strong>OGR Torino<\/strong>&nbsp;(corso Castelfidardo 22).<\/p>\n<p><strong>JAZZ clHUB&nbsp;<\/strong><\/p>\n<p><strong>Associazione Culturale Blue Train&nbsp;<\/strong>(via Alfonso Bonafous 2);&nbsp;<strong>Ai 3 bicchieri&nbsp;<\/strong>(via Carlo Ignazio Giulio 29);&nbsp;<strong>Bagni Pubblici di via Agli\u00e8&nbsp;<\/strong>(via Agli\u00e8 9);&nbsp;<strong>Caf\u00e8 Neruda&nbsp;<\/strong>(via Giachino 28);&nbsp;<strong>Capolinea8&nbsp;<\/strong>(via Maddalene 42);&nbsp;<strong>Charlie Bird&nbsp;<\/strong>(via Vincenzo Gioberti 1);&nbsp;<strong>Circolo B-Locale&nbsp;<\/strong>(via Bari 22);&nbsp;<strong>Circolo culturale La Rusnenta&nbsp;<\/strong>(via Andreis 11);&nbsp;<strong>Circolo dei lettori&nbsp;<\/strong>(via Bogino 9);&nbsp;<strong>CNH Industrial Village&nbsp;<\/strong>(strada Settimo 223);&nbsp;<strong>EDIT&nbsp;<\/strong>(piazza Teresa Noce, 15\/a);&nbsp;<strong>Folkclub&nbsp;<\/strong>(via Perrone 3 bis);&nbsp;<strong>Jazz Club Torino&nbsp;<\/strong>(piazzale Valdo Fusi);&nbsp;<strong>Laboratori di Barriera&nbsp;<\/strong>(via Baltea 3);&nbsp;<strong>Mad Dog&nbsp;<\/strong>(via Maria Vittoria 35);&nbsp;<strong>Mercato Centrale&nbsp;<\/strong>(piazza della Repubblica 25);&nbsp;<strong>Museo della montagna&nbsp;<\/strong>(piazzale Monte dei Cappuccini 7);<strong>&nbsp;Osteria Rabezzana&nbsp;<\/strong>(via San Francesco d\u2019Assisi 23\/C);&nbsp;<strong>Piazza dei Mestieri&nbsp;<\/strong>(via Jacopo Durandi 13).<\/p>\n<p><strong>BIGLIETTERIA PUNTI VENDITA:<\/strong><\/p>\n<p><strong>C\/O URBAN LAB:&nbsp;<\/strong>piazza Palazzo di Citt\u00e0 8\/F \u2013 tel. 01101124777&nbsp;<a href=\"mailto:tjftickets@comune.torino.it\"><strong>tjftickets@comune.torino.it<\/strong><\/a><\/p>\n<p><strong>Giorni e orari di apertura: da sabato 6 aprile<\/strong>&nbsp;\u2013 luned\u00ec\/sabato 10.30\/18.30 \u2013 chiusa luned\u00ec 22 e gioved\u00ec 25 aprile. Aperta tutti i giorni da venerd\u00ec 26 aprile a sabato 4 maggio.&nbsp;<strong>Informazioni e accesso disabili<\/strong>: tel 01101124777 nei giorni e negli orari di apertura della biglietteria.<\/p>\n<p><strong>INFOPIEMONTE \u2013 TORINOCULTURA:&nbsp;<\/strong>via Garibaldi 2 \u2013 Numero Verde 800.329.329<br \/>\nDa gioved\u00ec 8 aprile aperto tutti i giorni 10.00 \u2013 17.00 (verificare gli orari al n. verde). Saranno accettati esclusivamente pagamenti con carta di credito o bancomat.<strong><br \/>\n<\/strong><\/p>\n<p><strong>INTERNET:&nbsp;<\/strong><a href=\"http:\/\/www.torinojazzfestival.it\/\" target=\"_blank\" rel=\"noopener\">www.torinojazzfestival.it<\/a>&nbsp;\u2013&nbsp;<a href=\"http:\/\/www.vivaticket.it\/\" target=\"_blank\" rel=\"noopener\">www.vivaticket.it<\/a>&nbsp;\u2013 Il costo del servizio di acquisto \u00e8 pari al 12% del prezzo del biglietto, con un minimo di \u20ac 1.<\/p>\n<p><strong>CONCERTI ALLE OGR:&nbsp;<\/strong>Posti numerati \u20ac 12,00\/8,00<\/p>\n<p><strong><u>All\u2019ingresso saranno effettuati controlli di sicurezza.<\/u><\/strong><br \/>\n<strong>Concerti al Piccolo Regio Giacomo Puccini e al Conservatorio Giuseppe Verdi:&nbsp;<\/strong>Posto unico numerato \u20ac 5,00 \u2013 Per i nati a partire dall\u2019anno 2005 biglietti per tutti i concerti a \u20ac 5,00 \u2013 Se ancora disponibili i biglietti saranno posti in vendita 45 minuti prima dell\u2019inizio dei concerti alla biglietteria della relativa sede.<\/p>\n<p><strong>Concerto al grattacielo Intesa Sanpaolo:&nbsp;<\/strong>Ingresso con prenotazione \u20ac 5 effettuabile alla biglietteria e online su Vivaticket.it \u2013 La prenotazione \u00e8 possibile fino alle ore 12.00 di venerd\u00ec 3 maggio. I tagliandi per i posti disponibili eventualmente rimasti saranno messi in distribuzione gratuita dalle ore 17 del 3 maggio nella sede del concerto.<\/p>\n<p><strong>Esclusivamente in biglietteria:&nbsp;<\/strong>10% di sconto su tutti i biglietti di costo superiore a \u20ac 5,00 ai possessori di Abbonamento Musei Torino Piemonte e Torino+Piemonte Card.<\/p>\n<p><strong>Offerta Trenitalia:&nbsp;<\/strong>Formula 2\u00d71 (2 biglietti al prezzo di 1) esclusivamente tramite acquisto offline alla biglietteria, riservata a: \u2013 soci Cartafreccia con biglietto AV con destinazione Torino. Possessori di abbonamenti o biglietti treni regionali con destinazione Torino (info su&nbsp;<a href=\"http:\/\/www.torinojazzfestival.it\/\" target=\"_blank\" rel=\"noopener\">www.torinojazzfestival.it<\/a>).<\/p>\n<p><strong>&nbsp;<\/strong><\/p>\n<p><strong>TJF SOCIAL<\/strong><\/p>\n<p><strong>#tjf2019<\/strong><\/p>\n<p><strong>Canali TJF<\/strong><\/p>\n<p><strong>Sito&nbsp;<\/strong><a href=\"http:\/\/www.torinojazzfestival.it\/\" target=\"_blank\" rel=\"noopener\"><strong>www.torinojazzfestival.it<\/strong><\/a><\/p>\n<p><strong>Facebook&nbsp;&nbsp;<\/strong><a href=\"http:\/\/www.facebook.com\/torinojazzfestival\/\" target=\"_blank\" rel=\"noopener\"><strong>www.facebook.com\/torinojazzfestival\/<\/strong><\/a><\/p>\n<p><strong>Instagram&nbsp;<\/strong><a href=\"http:\/\/www.instagram.com\/torinojazzfestival\/\" target=\"_blank\" rel=\"noopener\"><strong>www.instagram.com\/torinojazzfestival\/<\/strong><\/a><\/p>\n<p><strong>Twitter&nbsp;<\/strong><a href=\"https:\/\/twitter.com\/torinojazzfest\" target=\"_blank\" rel=\"noopener\"><strong>twitter.com\/torinojazzfest<\/strong><\/a><strong>&nbsp;\u2013&nbsp;<\/strong><a href=\"https:\/\/twitter.com\/torinojazzfest\" target=\"_blank\" rel=\"noopener\"><strong>@torinojazzfest<\/strong><\/a><\/p>\n<p><strong>YouTube&nbsp;<\/strong><a href=\"http:\/\/www.youtube.com\/user\/torinojazzfestival\" target=\"_blank\" rel=\"noopener\"><strong>www.youtube.com\/user\/torinojazzfestival<\/strong><\/a><\/p>\n","protected":false},"excerpt":{"rendered":"<p>9 giorni di festival; 320 musicisti; 24 sedi; 8 circoscrizioni; 82 concerti di cui 70 a ingresso gratuito &nbsp;(19 concert \u2013 53 jazz&nbsp;clHUB&nbsp;\u2013 6 special \u2013 4 open air) 40 jazz blitz; 3 marching band; 2 giorni di meeting; 1 workshop; 1 mostra; 30 persone coinvolte nell\u2019organizzazione; 50 volontari Da venerd\u00ec&nbsp;26 aprile a sabato 4 [&hellip;]<\/p>\n","protected":false},"author":1,"featured_media":0,"comment_status":"closed","ping_status":"open","sticky":false,"template":"","format":"standard","meta":{"ngg_post_thumbnail":0},"categories":[133,1,134],"tags":[],"_links":{"self":[{"href":"http:\/\/www.spaziotorino.it\/scatto\/index.php?rest_route=\/wp\/v2\/posts\/16496"}],"collection":[{"href":"http:\/\/www.spaziotorino.it\/scatto\/index.php?rest_route=\/wp\/v2\/posts"}],"about":[{"href":"http:\/\/www.spaziotorino.it\/scatto\/index.php?rest_route=\/wp\/v2\/types\/post"}],"author":[{"embeddable":true,"href":"http:\/\/www.spaziotorino.it\/scatto\/index.php?rest_route=\/wp\/v2\/users\/1"}],"replies":[{"embeddable":true,"href":"http:\/\/www.spaziotorino.it\/scatto\/index.php?rest_route=%2Fwp%2Fv2%2Fcomments&post=16496"}],"version-history":[{"count":2,"href":"http:\/\/www.spaziotorino.it\/scatto\/index.php?rest_route=\/wp\/v2\/posts\/16496\/revisions"}],"predecessor-version":[{"id":16498,"href":"http:\/\/www.spaziotorino.it\/scatto\/index.php?rest_route=\/wp\/v2\/posts\/16496\/revisions\/16498"}],"wp:attachment":[{"href":"http:\/\/www.spaziotorino.it\/scatto\/index.php?rest_route=%2Fwp%2Fv2%2Fmedia&parent=16496"}],"wp:term":[{"taxonomy":"category","embeddable":true,"href":"http:\/\/www.spaziotorino.it\/scatto\/index.php?rest_route=%2Fwp%2Fv2%2Fcategories&post=16496"},{"taxonomy":"post_tag","embeddable":true,"href":"http:\/\/www.spaziotorino.it\/scatto\/index.php?rest_route=%2Fwp%2Fv2%2Ftags&post=16496"}],"curies":[{"name":"wp","href":"https:\/\/api.w.org\/{rel}","templated":true}]}}