{"id":16664,"date":"2019-04-15T16:07:15","date_gmt":"2019-04-15T15:07:15","guid":{"rendered":"http:\/\/www.spaziotorino.it\/scatto\/?p=16664"},"modified":"2019-04-15T16:07:15","modified_gmt":"2019-04-15T15:07:15","slug":"leonardo-da-vinci-disegnare-il-futuro","status":"publish","type":"post","link":"http:\/\/www.spaziotorino.it\/scatto\/?p=16664","title":{"rendered":"Leonardo da Vinci. Disegnare il futuro"},"content":{"rendered":"<p><a class=\"ngg-fancybox\" title=\"Leonardo da Vinci. Disegnare il futuro\" href=\"http:\/\/www.spaziotorino.it\/scatto\/wp-content\/gallery\/2019_04_15_leonardo\/pla_4212.jpg\" rel=\"6c26a1d56b028634578e3e82c2185a95\"><br \/>\n<img decoding=\"async\" loading=\"lazy\" class=\"ngg-singlepic\" title=\"Leonardo da Vinci. Disegnare il futuro\" src=\"http:\/\/www.spaziotorino.it\/scatto\/wp-content\/gallery\/2019_04_15_leonardo\/pla_4212.jpg\" alt=\"\" width=\"540\" height=\"360\"\/><\/a><\/p>\n<!-- index.php -->\n<div\n\tclass=\"ngg-galleryoverview ngg-ajax-pagination-none\"\n\tid=\"ngg-gallery-f0dd8a7362824be539ef811c26406c92-1\">\n\n    \t\t<!-- Thumbnails -->\n\t\t\t\t<div id=\"ngg-image-0\" class=\"ngg-gallery-thumbnail-box\" >\n\t\t\t\t        <div class=\"ngg-gallery-thumbnail\">\n            <a href=\"http:\/\/www.spaziotorino.it\/scatto\/wp-content\/gallery\/2019_04_15_leonardo\/pla_3940.jpg\"\n               title=\"La conferenza stampa di presentazione della mostra &quot;Leonardo da Vinci - Disegnare il futuro&quot; a Palazzo Reale\"\n               data-src=\"http:\/\/www.spaziotorino.it\/scatto\/wp-content\/gallery\/2019_04_15_leonardo\/pla_3940.jpg\"\n               data-thumbnail=\"http:\/\/www.spaziotorino.it\/scatto\/wp-content\/gallery\/2019_04_15_leonardo\/thumbs\/thumbs_pla_3940.jpg\"\n               data-image-id=\"22658\"\n               data-title=\"La conferenza stampa di presentazione della mostra &quot;Leonardo da Vinci - Disegnare il futuro&quot; a Palazzo Reale\"\n               data-description=\"La conferenza stampa di presentazione della mostra &quot;Leonardo da Vinci - Disegnare il futuro&quot; a Palazzo Reale\"\n               data-image-slug=\"pla_3940\"\n               class=\"ngg-fancybox\" rel=\"f0dd8a7362824be539ef811c26406c92\">\n                <img\n                    title=\"La conferenza stampa di presentazione della mostra &quot;Leonardo da Vinci - Disegnare il futuro&quot; a Palazzo Reale\"\n                    alt=\"La conferenza stampa di presentazione della mostra &quot;Leonardo da Vinci - Disegnare il futuro&quot; a Palazzo Reale\"\n                    src=\"http:\/\/www.spaziotorino.it\/scatto\/wp-content\/gallery\/2019_04_15_leonardo\/cache\/pla_3940.jpg-nggid0522658-ngg0dyn-60x60x100-00f0w010c011r110f110r010t010.jpg\"\n                    width=\"60\"\n                    height=\"60\"\n                    style=\"max-width:100%;\"\n                \/>\n            <\/a>\n        <\/div>\n\t\t\t\t\t\t\t<\/div> \n\t\t\t\n        \n\t\t\t\t<div id=\"ngg-image-1\" class=\"ngg-gallery-thumbnail-box\" >\n\t\t\t\t        <div class=\"ngg-gallery-thumbnail\">\n            <a href=\"http:\/\/www.spaziotorino.it\/scatto\/wp-content\/gallery\/2019_04_15_leonardo\/pla_3968.jpg\"\n               title=\"La conferenza stampa di presentazione della mostra &quot;Leonardo da Vinci - Disegnare il futuro&quot; a Palazzo Reale\"\n               data-src=\"http:\/\/www.spaziotorino.it\/scatto\/wp-content\/gallery\/2019_04_15_leonardo\/pla_3968.jpg\"\n               data-thumbnail=\"http:\/\/www.spaziotorino.it\/scatto\/wp-content\/gallery\/2019_04_15_leonardo\/thumbs\/thumbs_pla_3968.jpg\"\n               data-image-id=\"22659\"\n               data-title=\"La conferenza stampa di presentazione della mostra &quot;Leonardo da Vinci - Disegnare il futuro&quot; a Palazzo Reale\"\n               data-description=\"La conferenza stampa di presentazione della mostra &quot;Leonardo da Vinci - Disegnare il futuro&quot; a Palazzo Reale\"\n               data-image-slug=\"pla_3968\"\n               class=\"ngg-fancybox\" rel=\"f0dd8a7362824be539ef811c26406c92\">\n                <img\n                    title=\"La conferenza stampa di presentazione della mostra &quot;Leonardo da Vinci - Disegnare il futuro&quot; a Palazzo Reale\"\n                    alt=\"La conferenza stampa di presentazione della mostra &quot;Leonardo da Vinci - Disegnare il futuro&quot; a Palazzo Reale\"\n                    src=\"http:\/\/www.spaziotorino.it\/scatto\/wp-content\/gallery\/2019_04_15_leonardo\/cache\/pla_3968.jpg-nggid0522659-ngg0dyn-60x60x100-00f0w010c011r110f110r010t010.jpg\"\n                    width=\"60\"\n                    height=\"60\"\n                    style=\"max-width:100%;\"\n                \/>\n            <\/a>\n        <\/div>\n\t\t\t\t\t\t\t<\/div> \n\t\t\t\n        \n\t\t\t\t<div id=\"ngg-image-2\" class=\"ngg-gallery-thumbnail-box\" >\n\t\t\t\t        <div class=\"ngg-gallery-thumbnail\">\n            <a href=\"http:\/\/www.spaziotorino.it\/scatto\/wp-content\/gallery\/2019_04_15_leonardo\/pla_3995.jpg\"\n               title=\"La conferenza stampa di presentazione della mostra &quot;Leonardo da Vinci - Disegnare il futuro&quot; a Palazzo Reale\"\n               data-src=\"http:\/\/www.spaziotorino.it\/scatto\/wp-content\/gallery\/2019_04_15_leonardo\/pla_3995.jpg\"\n               data-thumbnail=\"http:\/\/www.spaziotorino.it\/scatto\/wp-content\/gallery\/2019_04_15_leonardo\/thumbs\/thumbs_pla_3995.jpg\"\n               data-image-id=\"22660\"\n               data-title=\"La conferenza stampa di presentazione della mostra &quot;Leonardo da Vinci - Disegnare il futuro&quot; a Palazzo Reale\"\n               data-description=\"La conferenza stampa di presentazione della mostra &quot;Leonardo da Vinci - Disegnare il futuro&quot; a Palazzo Reale\"\n               data-image-slug=\"pla_3995\"\n               class=\"ngg-fancybox\" rel=\"f0dd8a7362824be539ef811c26406c92\">\n                <img\n                    title=\"La conferenza stampa di presentazione della mostra &quot;Leonardo da Vinci - Disegnare il futuro&quot; a Palazzo Reale\"\n                    alt=\"La conferenza stampa di presentazione della mostra &quot;Leonardo da Vinci - Disegnare il futuro&quot; a Palazzo Reale\"\n                    src=\"http:\/\/www.spaziotorino.it\/scatto\/wp-content\/gallery\/2019_04_15_leonardo\/cache\/pla_3995.jpg-nggid0522660-ngg0dyn-60x60x100-00f0w010c011r110f110r010t010.jpg\"\n                    width=\"60\"\n                    height=\"60\"\n                    style=\"max-width:100%;\"\n                \/>\n            <\/a>\n        <\/div>\n\t\t\t\t\t\t\t<\/div> \n\t\t\t\n        \n\t\t\t\t<div id=\"ngg-image-3\" class=\"ngg-gallery-thumbnail-box\" >\n\t\t\t\t        <div class=\"ngg-gallery-thumbnail\">\n            <a href=\"http:\/\/www.spaziotorino.it\/scatto\/wp-content\/gallery\/2019_04_15_leonardo\/pla_4007.jpg\"\n               title=\"Leonardo da Vinci, Testa di fanciulla (studio per la Vergine delle Rocce, circa 1483-1485\"\n               data-src=\"http:\/\/www.spaziotorino.it\/scatto\/wp-content\/gallery\/2019_04_15_leonardo\/pla_4007.jpg\"\n               data-thumbnail=\"http:\/\/www.spaziotorino.it\/scatto\/wp-content\/gallery\/2019_04_15_leonardo\/thumbs\/thumbs_pla_4007.jpg\"\n               data-image-id=\"22661\"\n               data-title=\"Leonardo da Vinci, Testa di fanciulla (studio per la Vergine delle Rocce, circa 1483-1485\"\n               data-description=\"Leonardo da Vinci, Testa di fanciulla (studio per la Vergine delle Rocce, circa 1483-1485\"\n               data-image-slug=\"pla_4007\"\n               class=\"ngg-fancybox\" rel=\"f0dd8a7362824be539ef811c26406c92\">\n                <img\n                    title=\"Leonardo da Vinci, Testa di fanciulla (studio per la Vergine delle Rocce, circa 1483-1485\"\n                    alt=\"Leonardo da Vinci, Testa di fanciulla (studio per la Vergine delle Rocce, circa 1483-1485\"\n                    src=\"http:\/\/www.spaziotorino.it\/scatto\/wp-content\/gallery\/2019_04_15_leonardo\/cache\/pla_4007.jpg-nggid0522661-ngg0dyn-60x60x100-00f0w010c011r110f110r010t010.jpg\"\n                    width=\"60\"\n                    height=\"60\"\n                    style=\"max-width:100%;\"\n                \/>\n            <\/a>\n        <\/div>\n\t\t\t\t\t\t\t<\/div> \n\t\t\t\n        \n\t\t\t\t<div id=\"ngg-image-4\" class=\"ngg-gallery-thumbnail-box\" >\n\t\t\t\t        <div class=\"ngg-gallery-thumbnail\">\n            <a href=\"http:\/\/www.spaziotorino.it\/scatto\/wp-content\/gallery\/2019_04_15_leonardo\/pla_4014.jpg\"\n               title=\"Raffaello Sanzio, Angelo, 1501\"\n               data-src=\"http:\/\/www.spaziotorino.it\/scatto\/wp-content\/gallery\/2019_04_15_leonardo\/pla_4014.jpg\"\n               data-thumbnail=\"http:\/\/www.spaziotorino.it\/scatto\/wp-content\/gallery\/2019_04_15_leonardo\/thumbs\/thumbs_pla_4014.jpg\"\n               data-image-id=\"22662\"\n               data-title=\"Raffaello Sanzio, Angelo, 1501\"\n               data-description=\"Raffaello Sanzio, Angelo, 1501\"\n               data-image-slug=\"pla_4014\"\n               class=\"ngg-fancybox\" rel=\"f0dd8a7362824be539ef811c26406c92\">\n                <img\n                    title=\"Raffaello Sanzio, Angelo, 1501\"\n                    alt=\"Raffaello Sanzio, Angelo, 1501\"\n                    src=\"http:\/\/www.spaziotorino.it\/scatto\/wp-content\/gallery\/2019_04_15_leonardo\/cache\/pla_4014.jpg-nggid0522662-ngg0dyn-60x60x100-00f0w010c011r110f110r010t010.jpg\"\n                    width=\"60\"\n                    height=\"60\"\n                    style=\"max-width:100%;\"\n                \/>\n            <\/a>\n        <\/div>\n\t\t\t\t\t\t\t<\/div> \n\t\t\t\n        \n\t\t\t\t<div id=\"ngg-image-5\" class=\"ngg-gallery-thumbnail-box\" >\n\t\t\t\t        <div class=\"ngg-gallery-thumbnail\">\n            <a href=\"http:\/\/www.spaziotorino.it\/scatto\/wp-content\/gallery\/2019_04_15_leonardo\/pla_4017.jpg\"\n               title=\"Leonardo da Vinci. Disegnare il futuro\"\n               data-src=\"http:\/\/www.spaziotorino.it\/scatto\/wp-content\/gallery\/2019_04_15_leonardo\/pla_4017.jpg\"\n               data-thumbnail=\"http:\/\/www.spaziotorino.it\/scatto\/wp-content\/gallery\/2019_04_15_leonardo\/thumbs\/thumbs_pla_4017.jpg\"\n               data-image-id=\"22663\"\n               data-title=\"Leonardo da Vinci. Disegnare il futuro\"\n               data-description=\"Leonardo da Vinci. Disegnare il futuro\"\n               data-image-slug=\"pla_4017\"\n               class=\"ngg-fancybox\" rel=\"f0dd8a7362824be539ef811c26406c92\">\n                <img\n                    title=\"Leonardo da Vinci. Disegnare il futuro\"\n                    alt=\"Leonardo da Vinci. Disegnare il futuro\"\n                    src=\"http:\/\/www.spaziotorino.it\/scatto\/wp-content\/gallery\/2019_04_15_leonardo\/cache\/pla_4017.jpg-nggid0522663-ngg0dyn-60x60x100-00f0w010c011r110f110r010t010.jpg\"\n                    width=\"60\"\n                    height=\"60\"\n                    style=\"max-width:100%;\"\n                \/>\n            <\/a>\n        <\/div>\n\t\t\t\t\t\t\t<\/div> \n\t\t\t\n        \n\t\t\t\t<div id=\"ngg-image-6\" class=\"ngg-gallery-thumbnail-box\" >\n\t\t\t\t        <div class=\"ngg-gallery-thumbnail\">\n            <a href=\"http:\/\/www.spaziotorino.it\/scatto\/wp-content\/gallery\/2019_04_15_leonardo\/pla_4042.jpg\"\n               title=\"Leonardo da Vinci , autoritratto, 1515-1516 circa\"\n               data-src=\"http:\/\/www.spaziotorino.it\/scatto\/wp-content\/gallery\/2019_04_15_leonardo\/pla_4042.jpg\"\n               data-thumbnail=\"http:\/\/www.spaziotorino.it\/scatto\/wp-content\/gallery\/2019_04_15_leonardo\/thumbs\/thumbs_pla_4042.jpg\"\n               data-image-id=\"22664\"\n               data-title=\"Leonardo da Vinci , autoritratto, 1515-1516 circa\"\n               data-description=\"Leonardo da Vinci , autoritratto, 1515-1516 circa\"\n               data-image-slug=\"pla_4042\"\n               class=\"ngg-fancybox\" rel=\"f0dd8a7362824be539ef811c26406c92\">\n                <img\n                    title=\"Leonardo da Vinci , autoritratto, 1515-1516 circa\"\n                    alt=\"Leonardo da Vinci , autoritratto, 1515-1516 circa\"\n                    src=\"http:\/\/www.spaziotorino.it\/scatto\/wp-content\/gallery\/2019_04_15_leonardo\/cache\/pla_4042.jpg-nggid0522664-ngg0dyn-60x60x100-00f0w010c011r110f110r010t010.jpg\"\n                    width=\"60\"\n                    height=\"60\"\n                    style=\"max-width:100%;\"\n                \/>\n            <\/a>\n        <\/div>\n\t\t\t\t\t\t\t<\/div> \n\t\t\t\n        \n\t\t\t\t<div id=\"ngg-image-7\" class=\"ngg-gallery-thumbnail-box\" >\n\t\t\t\t        <div class=\"ngg-gallery-thumbnail\">\n            <a href=\"http:\/\/www.spaziotorino.it\/scatto\/wp-content\/gallery\/2019_04_15_leonardo\/pla_4060.jpg\"\n               title=\"Leonardo da Vinci, Guerriero a cavallo, prima met\u00e0 del XVI secolo\"\n               data-src=\"http:\/\/www.spaziotorino.it\/scatto\/wp-content\/gallery\/2019_04_15_leonardo\/pla_4060.jpg\"\n               data-thumbnail=\"http:\/\/www.spaziotorino.it\/scatto\/wp-content\/gallery\/2019_04_15_leonardo\/thumbs\/thumbs_pla_4060.jpg\"\n               data-image-id=\"22665\"\n               data-title=\"Leonardo da Vinci, Guerriero a cavallo, prima met\u00e0 del XVI secolo\"\n               data-description=\"Leonardo da Vinci, Guerriero a cavallo, prima met\u00e0 del XVI secolo\"\n               data-image-slug=\"pla_4060\"\n               class=\"ngg-fancybox\" rel=\"f0dd8a7362824be539ef811c26406c92\">\n                <img\n                    title=\"Leonardo da Vinci, Guerriero a cavallo, prima met\u00e0 del XVI secolo\"\n                    alt=\"Leonardo da Vinci, Guerriero a cavallo, prima met\u00e0 del XVI secolo\"\n                    src=\"http:\/\/www.spaziotorino.it\/scatto\/wp-content\/gallery\/2019_04_15_leonardo\/cache\/pla_4060.jpg-nggid0522665-ngg0dyn-60x60x100-00f0w010c011r110f110r010t010.jpg\"\n                    width=\"60\"\n                    height=\"60\"\n                    style=\"max-width:100%;\"\n                \/>\n            <\/a>\n        <\/div>\n\t\t\t\t\t\t\t<\/div> \n\t\t\t\n        \n\t\t\t\t<div id=\"ngg-image-8\" class=\"ngg-gallery-thumbnail-box\" >\n\t\t\t\t        <div class=\"ngg-gallery-thumbnail\">\n            <a href=\"http:\/\/www.spaziotorino.it\/scatto\/wp-content\/gallery\/2019_04_15_leonardo\/pla_4063.jpg\"\n               title=\"Leonardo da Vinci, Studi delle zampe posteriori di un cavallo, circa 1508\"\n               data-src=\"http:\/\/www.spaziotorino.it\/scatto\/wp-content\/gallery\/2019_04_15_leonardo\/pla_4063.jpg\"\n               data-thumbnail=\"http:\/\/www.spaziotorino.it\/scatto\/wp-content\/gallery\/2019_04_15_leonardo\/thumbs\/thumbs_pla_4063.jpg\"\n               data-image-id=\"22666\"\n               data-title=\"Leonardo da Vinci, Studi delle zampe posteriori di un cavallo, circa 1508\"\n               data-description=\"Leonardo da Vinci, Studi delle zampe posteriori di un cavallo, circa 1508\"\n               data-image-slug=\"pla_4063\"\n               class=\"ngg-fancybox\" rel=\"f0dd8a7362824be539ef811c26406c92\">\n                <img\n                    title=\"Leonardo da Vinci, Studi delle zampe posteriori di un cavallo, circa 1508\"\n                    alt=\"Leonardo da Vinci, Studi delle zampe posteriori di un cavallo, circa 1508\"\n                    src=\"http:\/\/www.spaziotorino.it\/scatto\/wp-content\/gallery\/2019_04_15_leonardo\/cache\/pla_4063.jpg-nggid0522666-ngg0dyn-60x60x100-00f0w010c011r110f110r010t010.jpg\"\n                    width=\"60\"\n                    height=\"60\"\n                    style=\"max-width:100%;\"\n                \/>\n            <\/a>\n        <\/div>\n\t\t\t\t\t\t\t<\/div> \n\t\t\t\n        \n\t\t\t\t<div id=\"ngg-image-9\" class=\"ngg-gallery-thumbnail-box\" >\n\t\t\t\t        <div class=\"ngg-gallery-thumbnail\">\n            <a href=\"http:\/\/www.spaziotorino.it\/scatto\/wp-content\/gallery\/2019_04_15_leonardo\/pla_4071.jpg\"\n               title=\"Leonardo da Vinci , autoritratto, 1515-1516 circa\"\n               data-src=\"http:\/\/www.spaziotorino.it\/scatto\/wp-content\/gallery\/2019_04_15_leonardo\/pla_4071.jpg\"\n               data-thumbnail=\"http:\/\/www.spaziotorino.it\/scatto\/wp-content\/gallery\/2019_04_15_leonardo\/thumbs\/thumbs_pla_4071.jpg\"\n               data-image-id=\"22667\"\n               data-title=\"Leonardo da Vinci , autoritratto, 1515-1516 circa\"\n               data-description=\"Leonardo da Vinci , autoritratto, 1515-1516 circa\"\n               data-image-slug=\"pla_4071\"\n               class=\"ngg-fancybox\" rel=\"f0dd8a7362824be539ef811c26406c92\">\n                <img\n                    title=\"Leonardo da Vinci , autoritratto, 1515-1516 circa\"\n                    alt=\"Leonardo da Vinci , autoritratto, 1515-1516 circa\"\n                    src=\"http:\/\/www.spaziotorino.it\/scatto\/wp-content\/gallery\/2019_04_15_leonardo\/cache\/pla_4071.jpg-nggid0522667-ngg0dyn-60x60x100-00f0w010c011r110f110r010t010.jpg\"\n                    width=\"60\"\n                    height=\"60\"\n                    style=\"max-width:100%;\"\n                \/>\n            <\/a>\n        <\/div>\n\t\t\t\t\t\t\t<\/div> \n\t\t\t\n        \n\t\t\t\t<div id=\"ngg-image-10\" class=\"ngg-gallery-thumbnail-box\" >\n\t\t\t\t        <div class=\"ngg-gallery-thumbnail\">\n            <a href=\"http:\/\/www.spaziotorino.it\/scatto\/wp-content\/gallery\/2019_04_15_leonardo\/pla_4075.jpg\"\n               title=\"Michelangelo Buonarroti, Sonetto autografato con autoritratto nell\u2019atto di dipingere la volta della Cappella Sistina, circa 1502-1512\"\n               data-src=\"http:\/\/www.spaziotorino.it\/scatto\/wp-content\/gallery\/2019_04_15_leonardo\/pla_4075.jpg\"\n               data-thumbnail=\"http:\/\/www.spaziotorino.it\/scatto\/wp-content\/gallery\/2019_04_15_leonardo\/thumbs\/thumbs_pla_4075.jpg\"\n               data-image-id=\"22668\"\n               data-title=\"Michelangelo Buonarroti, Sonetto autografato con autoritratto nell\u2019atto di dipingere la volta della Cappella Sistina, circa 1502-1512\"\n               data-description=\"Michelangelo Buonarroti, Sonetto autografato con autoritratto nell\u2019atto di dipingere la volta della Cappella Sistina, circa 1502-1512\"\n               data-image-slug=\"pla_4075\"\n               class=\"ngg-fancybox\" rel=\"f0dd8a7362824be539ef811c26406c92\">\n                <img\n                    title=\"Michelangelo Buonarroti, Sonetto autografato con autoritratto nell\u2019atto di dipingere la volta della Cappella Sistina, circa 1502-1512\"\n                    alt=\"Michelangelo Buonarroti, Sonetto autografato con autoritratto nell\u2019atto di dipingere la volta della Cappella Sistina, circa 1502-1512\"\n                    src=\"http:\/\/www.spaziotorino.it\/scatto\/wp-content\/gallery\/2019_04_15_leonardo\/cache\/pla_4075.jpg-nggid0522668-ngg0dyn-60x60x100-00f0w010c011r110f110r010t010.jpg\"\n                    width=\"60\"\n                    height=\"60\"\n                    style=\"max-width:100%;\"\n                \/>\n            <\/a>\n        <\/div>\n\t\t\t\t\t\t\t<\/div> \n\t\t\t\n        \n\t\t\t\t<div id=\"ngg-image-11\" class=\"ngg-gallery-thumbnail-box\" >\n\t\t\t\t        <div class=\"ngg-gallery-thumbnail\">\n            <a href=\"http:\/\/www.spaziotorino.it\/scatto\/wp-content\/gallery\/2019_04_15_leonardo\/pla_4083.jpg\"\n               title=\"Leonardo da Vinci, Nudi per la battaglia di Anghiari e altri studi di figura, circa 1505\"\n               data-src=\"http:\/\/www.spaziotorino.it\/scatto\/wp-content\/gallery\/2019_04_15_leonardo\/pla_4083.jpg\"\n               data-thumbnail=\"http:\/\/www.spaziotorino.it\/scatto\/wp-content\/gallery\/2019_04_15_leonardo\/thumbs\/thumbs_pla_4083.jpg\"\n               data-image-id=\"22669\"\n               data-title=\"Leonardo da Vinci, Nudi per la battaglia di Anghiari e altri studi di figura, circa 1505\"\n               data-description=\"Leonardo da Vinci, Nudi per la battaglia di Anghiari e altri studi di figura, circa 1505\"\n               data-image-slug=\"pla_4083\"\n               class=\"ngg-fancybox\" rel=\"f0dd8a7362824be539ef811c26406c92\">\n                <img\n                    title=\"Leonardo da Vinci, Nudi per la battaglia di Anghiari e altri studi di figura, circa 1505\"\n                    alt=\"Leonardo da Vinci, Nudi per la battaglia di Anghiari e altri studi di figura, circa 1505\"\n                    src=\"http:\/\/www.spaziotorino.it\/scatto\/wp-content\/gallery\/2019_04_15_leonardo\/cache\/pla_4083.jpg-nggid0522669-ngg0dyn-60x60x100-00f0w010c011r110f110r010t010.jpg\"\n                    width=\"60\"\n                    height=\"60\"\n                    style=\"max-width:100%;\"\n                \/>\n            <\/a>\n        <\/div>\n\t\t\t\t\t\t\t<\/div> \n\t\t\t\n        \n\t\t\t\t<div id=\"ngg-image-12\" class=\"ngg-gallery-thumbnail-box\" >\n\t\t\t\t        <div class=\"ngg-gallery-thumbnail\">\n            <a href=\"http:\/\/www.spaziotorino.it\/scatto\/wp-content\/gallery\/2019_04_15_leonardo\/pla_4098.jpg\"\n               title=\"Baccio Bandinelli, Ercole e il leone di nemeo, circa 1530-1540\"\n               data-src=\"http:\/\/www.spaziotorino.it\/scatto\/wp-content\/gallery\/2019_04_15_leonardo\/pla_4098.jpg\"\n               data-thumbnail=\"http:\/\/www.spaziotorino.it\/scatto\/wp-content\/gallery\/2019_04_15_leonardo\/thumbs\/thumbs_pla_4098.jpg\"\n               data-image-id=\"22670\"\n               data-title=\"Baccio Bandinelli, Ercole e il leone di nemeo, circa 1530-1540\"\n               data-description=\"Baccio Bandinelli, Ercole e il leone di nemeo, circa 1530-1540\"\n               data-image-slug=\"pla_4098\"\n               class=\"ngg-fancybox\" rel=\"f0dd8a7362824be539ef811c26406c92\">\n                <img\n                    title=\"Baccio Bandinelli, Ercole e il leone di nemeo, circa 1530-1540\"\n                    alt=\"Baccio Bandinelli, Ercole e il leone di nemeo, circa 1530-1540\"\n                    src=\"http:\/\/www.spaziotorino.it\/scatto\/wp-content\/gallery\/2019_04_15_leonardo\/cache\/pla_4098.jpg-nggid0522670-ngg0dyn-60x60x100-00f0w010c011r110f110r010t010.jpg\"\n                    width=\"60\"\n                    height=\"60\"\n                    style=\"max-width:100%;\"\n                \/>\n            <\/a>\n        <\/div>\n\t\t\t\t\t\t\t<\/div> \n\t\t\t\n        \n\t\t\t\t<div id=\"ngg-image-13\" class=\"ngg-gallery-thumbnail-box\" >\n\t\t\t\t        <div class=\"ngg-gallery-thumbnail\">\n            <a href=\"http:\/\/www.spaziotorino.it\/scatto\/wp-content\/gallery\/2019_04_15_leonardo\/pla_4116.jpg\"\n               title=\"Leonardo da Vinci. Disegnare il futuro\"\n               data-src=\"http:\/\/www.spaziotorino.it\/scatto\/wp-content\/gallery\/2019_04_15_leonardo\/pla_4116.jpg\"\n               data-thumbnail=\"http:\/\/www.spaziotorino.it\/scatto\/wp-content\/gallery\/2019_04_15_leonardo\/thumbs\/thumbs_pla_4116.jpg\"\n               data-image-id=\"22671\"\n               data-title=\"Leonardo da Vinci. Disegnare il futuro\"\n               data-description=\"Leonardo da Vinci. Disegnare il futuro\"\n               data-image-slug=\"pla_4116\"\n               class=\"ngg-fancybox\" rel=\"f0dd8a7362824be539ef811c26406c92\">\n                <img\n                    title=\"Leonardo da Vinci. Disegnare il futuro\"\n                    alt=\"Leonardo da Vinci. Disegnare il futuro\"\n                    src=\"http:\/\/www.spaziotorino.it\/scatto\/wp-content\/gallery\/2019_04_15_leonardo\/cache\/pla_4116.jpg-nggid0522671-ngg0dyn-60x60x100-00f0w010c011r110f110r010t010.jpg\"\n                    width=\"60\"\n                    height=\"60\"\n                    style=\"max-width:100%;\"\n                \/>\n            <\/a>\n        <\/div>\n\t\t\t\t\t\t\t<\/div> \n\t\t\t\n        \n\t\t\t\t<div id=\"ngg-image-14\" class=\"ngg-gallery-thumbnail-box\" >\n\t\t\t\t        <div class=\"ngg-gallery-thumbnail\">\n            <a href=\"http:\/\/www.spaziotorino.it\/scatto\/wp-content\/gallery\/2019_04_15_leonardo\/pla_4177.jpg\"\n               title=\"Leonardo da Vinci. Disegnare il futuro\"\n               data-src=\"http:\/\/www.spaziotorino.it\/scatto\/wp-content\/gallery\/2019_04_15_leonardo\/pla_4177.jpg\"\n               data-thumbnail=\"http:\/\/www.spaziotorino.it\/scatto\/wp-content\/gallery\/2019_04_15_leonardo\/thumbs\/thumbs_pla_4177.jpg\"\n               data-image-id=\"22672\"\n               data-title=\"Leonardo da Vinci. Disegnare il futuro\"\n               data-description=\"Leonardo da Vinci. Disegnare il futuro\"\n               data-image-slug=\"pla_4177\"\n               class=\"ngg-fancybox\" rel=\"f0dd8a7362824be539ef811c26406c92\">\n                <img\n                    title=\"Leonardo da Vinci. Disegnare il futuro\"\n                    alt=\"Leonardo da Vinci. Disegnare il futuro\"\n                    src=\"http:\/\/www.spaziotorino.it\/scatto\/wp-content\/gallery\/2019_04_15_leonardo\/cache\/pla_4177.jpg-nggid0522672-ngg0dyn-60x60x100-00f0w010c011r110f110r010t010.jpg\"\n                    width=\"60\"\n                    height=\"60\"\n                    style=\"max-width:100%;\"\n                \/>\n            <\/a>\n        <\/div>\n\t\t\t\t\t\t\t<\/div> \n\t\t\t\n        \n\t\t\t\t<div id=\"ngg-image-15\" class=\"ngg-gallery-thumbnail-box\" >\n\t\t\t\t        <div class=\"ngg-gallery-thumbnail\">\n            <a href=\"http:\/\/www.spaziotorino.it\/scatto\/wp-content\/gallery\/2019_04_15_leonardo\/pla_4195.jpg\"\n               title=\"Leonardo da Vinci. Disegnare il futuro\"\n               data-src=\"http:\/\/www.spaziotorino.it\/scatto\/wp-content\/gallery\/2019_04_15_leonardo\/pla_4195.jpg\"\n               data-thumbnail=\"http:\/\/www.spaziotorino.it\/scatto\/wp-content\/gallery\/2019_04_15_leonardo\/thumbs\/thumbs_pla_4195.jpg\"\n               data-image-id=\"22673\"\n               data-title=\"Leonardo da Vinci. Disegnare il futuro\"\n               data-description=\"Leonardo da Vinci. Disegnare il futuro\"\n               data-image-slug=\"pla_4195\"\n               class=\"ngg-fancybox\" rel=\"f0dd8a7362824be539ef811c26406c92\">\n                <img\n                    title=\"Leonardo da Vinci. Disegnare il futuro\"\n                    alt=\"Leonardo da Vinci. Disegnare il futuro\"\n                    src=\"http:\/\/www.spaziotorino.it\/scatto\/wp-content\/gallery\/2019_04_15_leonardo\/cache\/pla_4195.jpg-nggid0522673-ngg0dyn-60x60x100-00f0w010c011r110f110r010t010.jpg\"\n                    width=\"60\"\n                    height=\"60\"\n                    style=\"max-width:100%;\"\n                \/>\n            <\/a>\n        <\/div>\n\t\t\t\t\t\t\t<\/div> \n\t\t\t\n        \n\t\t\t\t<div id=\"ngg-image-16\" class=\"ngg-gallery-thumbnail-box\" >\n\t\t\t\t        <div class=\"ngg-gallery-thumbnail\">\n            <a href=\"http:\/\/www.spaziotorino.it\/scatto\/wp-content\/gallery\/2019_04_15_leonardo\/pla_4196.jpg\"\n               title=\"Leonardo da Vinci, Codice sul volo degli uccelli, circa 1505\"\n               data-src=\"http:\/\/www.spaziotorino.it\/scatto\/wp-content\/gallery\/2019_04_15_leonardo\/pla_4196.jpg\"\n               data-thumbnail=\"http:\/\/www.spaziotorino.it\/scatto\/wp-content\/gallery\/2019_04_15_leonardo\/thumbs\/thumbs_pla_4196.jpg\"\n               data-image-id=\"22674\"\n               data-title=\"Leonardo da Vinci, Codice sul volo degli uccelli, circa 1505\"\n               data-description=\"Leonardo da Vinci, Codice sul volo degli uccelli, circa 1505\"\n               data-image-slug=\"pla_4196\"\n               class=\"ngg-fancybox\" rel=\"f0dd8a7362824be539ef811c26406c92\">\n                <img\n                    title=\"Leonardo da Vinci, Codice sul volo degli uccelli, circa 1505\"\n                    alt=\"Leonardo da Vinci, Codice sul volo degli uccelli, circa 1505\"\n                    src=\"http:\/\/www.spaziotorino.it\/scatto\/wp-content\/gallery\/2019_04_15_leonardo\/cache\/pla_4196.jpg-nggid0522674-ngg0dyn-60x60x100-00f0w010c011r110f110r010t010.jpg\"\n                    width=\"60\"\n                    height=\"60\"\n                    style=\"max-width:100%;\"\n                \/>\n            <\/a>\n        <\/div>\n\t\t\t\t\t\t\t<\/div> \n\t\t\t\n        \n\t\t\t\t<div id=\"ngg-image-17\" class=\"ngg-gallery-thumbnail-box\" >\n\t\t\t\t        <div class=\"ngg-gallery-thumbnail\">\n            <a href=\"http:\/\/www.spaziotorino.it\/scatto\/wp-content\/gallery\/2019_04_15_leonardo\/pla_4202.jpg\"\n               title=\"Leonardo da Vinci. Disegnare il futuro\"\n               data-src=\"http:\/\/www.spaziotorino.it\/scatto\/wp-content\/gallery\/2019_04_15_leonardo\/pla_4202.jpg\"\n               data-thumbnail=\"http:\/\/www.spaziotorino.it\/scatto\/wp-content\/gallery\/2019_04_15_leonardo\/thumbs\/thumbs_pla_4202.jpg\"\n               data-image-id=\"22675\"\n               data-title=\"Leonardo da Vinci. Disegnare il futuro\"\n               data-description=\"Leonardo da Vinci. Disegnare il futuro\"\n               data-image-slug=\"pla_4202\"\n               class=\"ngg-fancybox\" rel=\"f0dd8a7362824be539ef811c26406c92\">\n                <img\n                    title=\"Leonardo da Vinci. Disegnare il futuro\"\n                    alt=\"Leonardo da Vinci. Disegnare il futuro\"\n                    src=\"http:\/\/www.spaziotorino.it\/scatto\/wp-content\/gallery\/2019_04_15_leonardo\/cache\/pla_4202.jpg-nggid0522675-ngg0dyn-60x60x100-00f0w010c011r110f110r010t010.jpg\"\n                    width=\"60\"\n                    height=\"60\"\n                    style=\"max-width:100%;\"\n                \/>\n            <\/a>\n        <\/div>\n\t\t\t\t\t\t\t<\/div> \n\t\t\t\n        \n\t\t\n\t\t<!-- Pagination -->\n\t<div class='ngg-clear'><\/div>\t<\/div>\n\n<p><strong>In occasione dei 500 anni di Leonardo una mostra che, con oltre cinquanta opere, racconta le ricerche tra scienza e arte del genio fiorentino attraverso lo strumento del disegno<\/strong>.<\/p>\n<p>Il percorso ruota intorno al nucleo di disegni autografi di Leonardo conservati alla Biblioteca Reale di Torino, tra cui il celebre<strong>&nbsp;C<em>odice sul volo degli uccelli<\/em><\/strong>, donato nel 1893 da Teodoro Sabachnikoff al re Umberto I. Uno straordinario insieme di opere databili all\u2019incirca tra il 1480 e il 1515, diverse per soggetto e per ispirazione, ma in grado di documentare l\u2019attivit\u00e0 di Leonardo dalla giovinezza alla piena maturit\u00e0.&nbsp;<strong>Alcuni disegni sono in relazione con opere note e celebrate del maestro<\/strong>: i nudi per la&nbsp;<strong><em>Battaglia d\u2019Anghiari<\/em><\/strong>, i cavalli per i monumenti Sforza e Trivulzio, lo straordinario studio per l\u2019angelo della&nbsp;<strong><em>Vergine delle Rocce<\/em><\/strong>, noto come&nbsp;<strong><em>Volto di fanciulla<\/em><\/strong>. Oltre all\u2019unicum, il celeberrimo&nbsp;<strong><em>Ritratto di vecchio<\/em>, ritenuto l\u2019<em>Autoritratto<\/em>&nbsp;di Leonardo<\/strong>.<\/p>\n<p>L\u2019itinerario \u00e8 suddiviso in sette sezioni dedicate ad altrettante possibili chiavi di lettura dell\u2019opera del maestro e delle esperienze condotte da tutti gli artisti del Rinascimento: l\u2019eredit\u00e0 dell\u2019arte antica; l\u2019esplorazione dell\u2019anatomia e delle proporzioni del corpo umano; il confronto tra arte e poesia; l\u2019autoritratto; lo studio dei volti e la sfida della rappresentazione delle emozioni. Infine, gli studi sul volo, l\u2019architettura e un tema finora inesplorato: \u201cLeonardo e il Piemonte\u201d, che si sofferma sulle citazioni dei luoghi presenti negli scritti di Leonardo<\/p>\n<p>Esposti, fino al 14 luglio 2019, ci saranno anche numerose&nbsp;<strong>opere di diversi altri artisti, tra i quali Michelangelo, Raffaello e Rembrandt.<\/strong><\/p>\n<p>La mostra \u00e8 realizzata in collaborazione con Regione Piemonte, Citt\u00e0 di Torino, Universit\u00e0 degli Studi di Torino, Politecnico di Torino ed \u00e8 compresa tra le iniziative finanziate dal Comitato per le Celebrazioni dei 500 anni della morte di Leonardo da Vinci presso il Ministero per i beni e le attivit\u00e0 culturali.<\/p>\n<p>Per maggiori informazioni <a href=\"http:\/\/www.mostraleonardo.it\"><strong>www.mostraleonardo.it<\/strong><\/a><\/p>\n<p>[Fonte: <a href=\"http:\/\/www.inpiemonteintorino.it\/web\/it\/eventi\/dettaglio\/leonardo-da-vinci-disegnare-il-futuro\">InPiemonteInTorino<\/a>]<\/p>\n","protected":false},"excerpt":{"rendered":"<p>In occasione dei 500 anni di Leonardo una mostra che, con oltre cinquanta opere, racconta le ricerche tra scienza e arte del genio fiorentino attraverso lo strumento del disegno. Il percorso ruota intorno al nucleo di disegni autografi di Leonardo conservati alla Biblioteca Reale di Torino, tra cui il celebre&nbsp;Codice sul volo degli uccelli, donato [&hellip;]<\/p>\n","protected":false},"author":1,"featured_media":0,"comment_status":"closed","ping_status":"open","sticky":false,"template":"","format":"standard","meta":{"ngg_post_thumbnail":0},"categories":[54,1],"tags":[],"_links":{"self":[{"href":"http:\/\/www.spaziotorino.it\/scatto\/index.php?rest_route=\/wp\/v2\/posts\/16664"}],"collection":[{"href":"http:\/\/www.spaziotorino.it\/scatto\/index.php?rest_route=\/wp\/v2\/posts"}],"about":[{"href":"http:\/\/www.spaziotorino.it\/scatto\/index.php?rest_route=\/wp\/v2\/types\/post"}],"author":[{"embeddable":true,"href":"http:\/\/www.spaziotorino.it\/scatto\/index.php?rest_route=\/wp\/v2\/users\/1"}],"replies":[{"embeddable":true,"href":"http:\/\/www.spaziotorino.it\/scatto\/index.php?rest_route=%2Fwp%2Fv2%2Fcomments&post=16664"}],"version-history":[{"count":2,"href":"http:\/\/www.spaziotorino.it\/scatto\/index.php?rest_route=\/wp\/v2\/posts\/16664\/revisions"}],"predecessor-version":[{"id":16666,"href":"http:\/\/www.spaziotorino.it\/scatto\/index.php?rest_route=\/wp\/v2\/posts\/16664\/revisions\/16666"}],"wp:attachment":[{"href":"http:\/\/www.spaziotorino.it\/scatto\/index.php?rest_route=%2Fwp%2Fv2%2Fmedia&parent=16664"}],"wp:term":[{"taxonomy":"category","embeddable":true,"href":"http:\/\/www.spaziotorino.it\/scatto\/index.php?rest_route=%2Fwp%2Fv2%2Fcategories&post=16664"},{"taxonomy":"post_tag","embeddable":true,"href":"http:\/\/www.spaziotorino.it\/scatto\/index.php?rest_route=%2Fwp%2Fv2%2Ftags&post=16664"}],"curies":[{"name":"wp","href":"https:\/\/api.w.org\/{rel}","templated":true}]}}