{"id":16769,"date":"2019-04-18T15:26:50","date_gmt":"2019-04-18T14:26:50","guid":{"rendered":"http:\/\/www.spaziotorino.it\/scatto\/?p=16769"},"modified":"2019-04-18T15:26:50","modified_gmt":"2019-04-18T14:26:50","slug":"giorgio-de-chirico-ritorno-al-futuro-neometafisica-e-arte-contemporanea","status":"publish","type":"post","link":"http:\/\/www.spaziotorino.it\/scatto\/?p=16769","title":{"rendered":"Giorgio De Chirico. Ritorno al Futuro, Neometafisica e Arte Contemporanea"},"content":{"rendered":"<p><a class=\"ngg-fancybox\" title=\"Giorgio De Chirico. Ritorno al Futuro, Neometafisica e Arte Contemporanea\" href=\"http:\/\/www.spaziotorino.it\/scatto\/wp-content\/gallery\/2019_04_18_dechirico\/pla_4323.jpg\" rel=\"cc712da83b8dcddb552a199f206dfc25\"><br \/>\n<img decoding=\"async\" loading=\"lazy\" class=\"ngg-singlepic\" title=\"Giorgio De Chirico. Ritorno al Futuro, Neometafisica e Arte Contemporanea\" src=\"http:\/\/www.spaziotorino.it\/scatto\/wp-content\/gallery\/2019_04_18_dechirico\/pla_4323.jpg\" alt=\"\" width=\"540\" height=\"360\"\/><\/a><\/p>\n<!-- index.php -->\n<div\n\tclass=\"ngg-galleryoverview ngg-ajax-pagination-none\"\n\tid=\"ngg-gallery-36118c740eaa74a7a842908a11667f0b-1\">\n\n    \t\t<!-- Thumbnails -->\n\t\t\t\t<div id=\"ngg-image-0\" class=\"ngg-gallery-thumbnail-box\" >\n\t\t\t\t        <div class=\"ngg-gallery-thumbnail\">\n            <a href=\"http:\/\/www.spaziotorino.it\/scatto\/wp-content\/gallery\/2019_04_18_dechirico\/pla_4518.jpg\"\n               title=\"Giorgio De Chirico, Orfeo Trovatore stanco, 1970\"\n               data-src=\"http:\/\/www.spaziotorino.it\/scatto\/wp-content\/gallery\/2019_04_18_dechirico\/pla_4518.jpg\"\n               data-thumbnail=\"http:\/\/www.spaziotorino.it\/scatto\/wp-content\/gallery\/2019_04_18_dechirico\/thumbs\/thumbs_pla_4518.jpg\"\n               data-image-id=\"22721\"\n               data-title=\"Giorgio De Chirico, Orfeo Trovatore stanco, 1970\"\n               data-description=\"Giorgio De Chirico, Orfeo Trovatore stanco, 1970\"\n               data-image-slug=\"pla_4518\"\n               class=\"ngg-fancybox\" rel=\"36118c740eaa74a7a842908a11667f0b\">\n                <img\n                    title=\"Giorgio De Chirico, Orfeo Trovatore stanco, 1970\"\n                    alt=\"Giorgio De Chirico, Orfeo Trovatore stanco, 1970\"\n                    src=\"http:\/\/www.spaziotorino.it\/scatto\/wp-content\/gallery\/2019_04_18_dechirico\/cache\/pla_4518.jpg-nggid0522721-ngg0dyn-60x60x100-00f0w010c011r110f110r010t010.jpg\"\n                    width=\"60\"\n                    height=\"60\"\n                    style=\"max-width:100%;\"\n                \/>\n            <\/a>\n        <\/div>\n\t\t\t\t\t\t\t<\/div> \n\t\t\t\n        \n\t\t\t\t<div id=\"ngg-image-1\" class=\"ngg-gallery-thumbnail-box\" >\n\t\t\t\t        <div class=\"ngg-gallery-thumbnail\">\n            <a href=\"http:\/\/www.spaziotorino.it\/scatto\/wp-content\/gallery\/2019_04_18_dechirico\/pla_4351.jpg\"\n               title=\"Giorgio De Chirico. Ritorno al Futuro, Neometafisica e Arte Contemporanea\"\n               data-src=\"http:\/\/www.spaziotorino.it\/scatto\/wp-content\/gallery\/2019_04_18_dechirico\/pla_4351.jpg\"\n               data-thumbnail=\"http:\/\/www.spaziotorino.it\/scatto\/wp-content\/gallery\/2019_04_18_dechirico\/thumbs\/thumbs_pla_4351.jpg\"\n               data-image-id=\"22699\"\n               data-title=\"Giorgio De Chirico. Ritorno al Futuro, Neometafisica e Arte Contemporanea\"\n               data-description=\"Giorgio De Chirico. Ritorno al Futuro, Neometafisica e Arte Contemporanea\"\n               data-image-slug=\"pla_4351\"\n               class=\"ngg-fancybox\" rel=\"36118c740eaa74a7a842908a11667f0b\">\n                <img\n                    title=\"Giorgio De Chirico. Ritorno al Futuro, Neometafisica e Arte Contemporanea\"\n                    alt=\"Giorgio De Chirico. Ritorno al Futuro, Neometafisica e Arte Contemporanea\"\n                    src=\"http:\/\/www.spaziotorino.it\/scatto\/wp-content\/gallery\/2019_04_18_dechirico\/cache\/pla_4351.jpg-nggid0522699-ngg0dyn-60x60x100-00f0w010c011r110f110r010t010.jpg\"\n                    width=\"60\"\n                    height=\"60\"\n                    style=\"max-width:100%;\"\n                \/>\n            <\/a>\n        <\/div>\n\t\t\t\t\t\t\t<\/div> \n\t\t\t\n        \n\t\t\t\t<div id=\"ngg-image-2\" class=\"ngg-gallery-thumbnail-box\" >\n\t\t\t\t        <div class=\"ngg-gallery-thumbnail\">\n            <a href=\"http:\/\/www.spaziotorino.it\/scatto\/wp-content\/gallery\/2019_04_18_dechirico\/pla_4353.jpg\"\n               title=\"Giorgio De Chirico. Ritorno al Futuro, Neometafisica e Arte Contemporanea\"\n               data-src=\"http:\/\/www.spaziotorino.it\/scatto\/wp-content\/gallery\/2019_04_18_dechirico\/pla_4353.jpg\"\n               data-thumbnail=\"http:\/\/www.spaziotorino.it\/scatto\/wp-content\/gallery\/2019_04_18_dechirico\/thumbs\/thumbs_pla_4353.jpg\"\n               data-image-id=\"22700\"\n               data-title=\"Giorgio De Chirico. Ritorno al Futuro, Neometafisica e Arte Contemporanea\"\n               data-description=\"Giorgio De Chirico. Ritorno al Futuro, Neometafisica e Arte Contemporanea\"\n               data-image-slug=\"pla_4353\"\n               class=\"ngg-fancybox\" rel=\"36118c740eaa74a7a842908a11667f0b\">\n                <img\n                    title=\"Giorgio De Chirico. Ritorno al Futuro, Neometafisica e Arte Contemporanea\"\n                    alt=\"Giorgio De Chirico. Ritorno al Futuro, Neometafisica e Arte Contemporanea\"\n                    src=\"http:\/\/www.spaziotorino.it\/scatto\/wp-content\/gallery\/2019_04_18_dechirico\/cache\/pla_4353.jpg-nggid0522700-ngg0dyn-60x60x100-00f0w010c011r110f110r010t010.jpg\"\n                    width=\"60\"\n                    height=\"60\"\n                    style=\"max-width:100%;\"\n                \/>\n            <\/a>\n        <\/div>\n\t\t\t\t\t\t\t<\/div> \n\t\t\t\n        \n\t\t\t\t<div id=\"ngg-image-3\" class=\"ngg-gallery-thumbnail-box\" >\n\t\t\t\t        <div class=\"ngg-gallery-thumbnail\">\n            <a href=\"http:\/\/www.spaziotorino.it\/scatto\/wp-content\/gallery\/2019_04_18_dechirico\/pla_4365.jpg\"\n               title=\"Giorgio De Chirico. Ritorno al Futuro, Neometafisica e Arte Contemporanea\"\n               data-src=\"http:\/\/www.spaziotorino.it\/scatto\/wp-content\/gallery\/2019_04_18_dechirico\/pla_4365.jpg\"\n               data-thumbnail=\"http:\/\/www.spaziotorino.it\/scatto\/wp-content\/gallery\/2019_04_18_dechirico\/thumbs\/thumbs_pla_4365.jpg\"\n               data-image-id=\"22701\"\n               data-title=\"Giorgio De Chirico. Ritorno al Futuro, Neometafisica e Arte Contemporanea\"\n               data-description=\"Giorgio De Chirico. Ritorno al Futuro, Neometafisica e Arte Contemporanea\"\n               data-image-slug=\"pla_4365\"\n               class=\"ngg-fancybox\" rel=\"36118c740eaa74a7a842908a11667f0b\">\n                <img\n                    title=\"Giorgio De Chirico. Ritorno al Futuro, Neometafisica e Arte Contemporanea\"\n                    alt=\"Giorgio De Chirico. Ritorno al Futuro, Neometafisica e Arte Contemporanea\"\n                    src=\"http:\/\/www.spaziotorino.it\/scatto\/wp-content\/gallery\/2019_04_18_dechirico\/cache\/pla_4365.jpg-nggid0522701-ngg0dyn-60x60x100-00f0w010c011r110f110r010t010.jpg\"\n                    width=\"60\"\n                    height=\"60\"\n                    style=\"max-width:100%;\"\n                \/>\n            <\/a>\n        <\/div>\n\t\t\t\t\t\t\t<\/div> \n\t\t\t\n        \n\t\t\t\t<div id=\"ngg-image-4\" class=\"ngg-gallery-thumbnail-box\" >\n\t\t\t\t        <div class=\"ngg-gallery-thumbnail\">\n            <a href=\"http:\/\/www.spaziotorino.it\/scatto\/wp-content\/gallery\/2019_04_18_dechirico\/pla_4370.jpg\"\n               title=\"Giorgio De Chirico, Le muse inquietanti, 1974\"\n               data-src=\"http:\/\/www.spaziotorino.it\/scatto\/wp-content\/gallery\/2019_04_18_dechirico\/pla_4370.jpg\"\n               data-thumbnail=\"http:\/\/www.spaziotorino.it\/scatto\/wp-content\/gallery\/2019_04_18_dechirico\/thumbs\/thumbs_pla_4370.jpg\"\n               data-image-id=\"22702\"\n               data-title=\"Giorgio De Chirico, Le muse inquietanti, 1974\"\n               data-description=\"Giorgio De Chirico, Le muse inquietanti, 1974\"\n               data-image-slug=\"pla_4370\"\n               class=\"ngg-fancybox\" rel=\"36118c740eaa74a7a842908a11667f0b\">\n                <img\n                    title=\"Giorgio De Chirico, Le muse inquietanti, 1974\"\n                    alt=\"Giorgio De Chirico, Le muse inquietanti, 1974\"\n                    src=\"http:\/\/www.spaziotorino.it\/scatto\/wp-content\/gallery\/2019_04_18_dechirico\/cache\/pla_4370.jpg-nggid0522702-ngg0dyn-60x60x100-00f0w010c011r110f110r010t010.jpg\"\n                    width=\"60\"\n                    height=\"60\"\n                    style=\"max-width:100%;\"\n                \/>\n            <\/a>\n        <\/div>\n\t\t\t\t\t\t\t<\/div> \n\t\t\t\n        \n\t\t\t\t<div id=\"ngg-image-5\" class=\"ngg-gallery-thumbnail-box\" >\n\t\t\t\t        <div class=\"ngg-gallery-thumbnail\">\n            <a href=\"http:\/\/www.spaziotorino.it\/scatto\/wp-content\/gallery\/2019_04_18_dechirico\/pla_4382.jpg\"\n               title=\"Giorgio De Chirico. Ritorno al Futuro, Neometafisica e Arte Contemporanea\"\n               data-src=\"http:\/\/www.spaziotorino.it\/scatto\/wp-content\/gallery\/2019_04_18_dechirico\/pla_4382.jpg\"\n               data-thumbnail=\"http:\/\/www.spaziotorino.it\/scatto\/wp-content\/gallery\/2019_04_18_dechirico\/thumbs\/thumbs_pla_4382.jpg\"\n               data-image-id=\"22704\"\n               data-title=\"Giorgio De Chirico. Ritorno al Futuro, Neometafisica e Arte Contemporanea\"\n               data-description=\"Giorgio De Chirico. Ritorno al Futuro, Neometafisica e Arte Contemporanea\"\n               data-image-slug=\"pla_4382\"\n               class=\"ngg-fancybox\" rel=\"36118c740eaa74a7a842908a11667f0b\">\n                <img\n                    title=\"Giorgio De Chirico. Ritorno al Futuro, Neometafisica e Arte Contemporanea\"\n                    alt=\"Giorgio De Chirico. Ritorno al Futuro, Neometafisica e Arte Contemporanea\"\n                    src=\"http:\/\/www.spaziotorino.it\/scatto\/wp-content\/gallery\/2019_04_18_dechirico\/cache\/pla_4382.jpg-nggid0522704-ngg0dyn-60x60x100-00f0w010c011r110f110r010t010.jpg\"\n                    width=\"60\"\n                    height=\"60\"\n                    style=\"max-width:100%;\"\n                \/>\n            <\/a>\n        <\/div>\n\t\t\t\t\t\t\t<\/div> \n\t\t\t\n        \n\t\t\t\t<div id=\"ngg-image-6\" class=\"ngg-gallery-thumbnail-box\" >\n\t\t\t\t        <div class=\"ngg-gallery-thumbnail\">\n            <a href=\"http:\/\/www.spaziotorino.it\/scatto\/wp-content\/gallery\/2019_04_18_dechirico\/pla_4386.jpg\"\n               title=\"Giorgio De Chirico, Le muse della lirica, 1973\"\n               data-src=\"http:\/\/www.spaziotorino.it\/scatto\/wp-content\/gallery\/2019_04_18_dechirico\/pla_4386.jpg\"\n               data-thumbnail=\"http:\/\/www.spaziotorino.it\/scatto\/wp-content\/gallery\/2019_04_18_dechirico\/thumbs\/thumbs_pla_4386.jpg\"\n               data-image-id=\"22705\"\n               data-title=\"Giorgio De Chirico, Le muse della lirica, 1973\"\n               data-description=\"Giorgio De Chirico, Le muse della lirica, 1973\"\n               data-image-slug=\"pla_4386\"\n               class=\"ngg-fancybox\" rel=\"36118c740eaa74a7a842908a11667f0b\">\n                <img\n                    title=\"Giorgio De Chirico, Le muse della lirica, 1973\"\n                    alt=\"Giorgio De Chirico, Le muse della lirica, 1973\"\n                    src=\"http:\/\/www.spaziotorino.it\/scatto\/wp-content\/gallery\/2019_04_18_dechirico\/cache\/pla_4386.jpg-nggid0522705-ngg0dyn-60x60x100-00f0w010c011r110f110r010t010.jpg\"\n                    width=\"60\"\n                    height=\"60\"\n                    style=\"max-width:100%;\"\n                \/>\n            <\/a>\n        <\/div>\n\t\t\t\t\t\t\t<\/div> \n\t\t\t\n        \n\t\t\t\t<div id=\"ngg-image-7\" class=\"ngg-gallery-thumbnail-box\" >\n\t\t\t\t        <div class=\"ngg-gallery-thumbnail\">\n            <a href=\"http:\/\/www.spaziotorino.it\/scatto\/wp-content\/gallery\/2019_04_18_dechirico\/pla_4405.jpg\"\n               title=\"Tano Festa, La creazione dell&#039;uomo, 1966\"\n               data-src=\"http:\/\/www.spaziotorino.it\/scatto\/wp-content\/gallery\/2019_04_18_dechirico\/pla_4405.jpg\"\n               data-thumbnail=\"http:\/\/www.spaziotorino.it\/scatto\/wp-content\/gallery\/2019_04_18_dechirico\/thumbs\/thumbs_pla_4405.jpg\"\n               data-image-id=\"22706\"\n               data-title=\"Tano Festa, La creazione dell&#039;uomo, 1966\"\n               data-description=\"Tano Festa, La creazione dell&#039;uomo, 1966\"\n               data-image-slug=\"pla_4405\"\n               class=\"ngg-fancybox\" rel=\"36118c740eaa74a7a842908a11667f0b\">\n                <img\n                    title=\"Tano Festa, La creazione dell&#039;uomo, 1966\"\n                    alt=\"Tano Festa, La creazione dell&#039;uomo, 1966\"\n                    src=\"http:\/\/www.spaziotorino.it\/scatto\/wp-content\/gallery\/2019_04_18_dechirico\/cache\/pla_4405.jpg-nggid0522706-ngg0dyn-60x60x100-00f0w010c011r110f110r010t010.jpg\"\n                    width=\"60\"\n                    height=\"60\"\n                    style=\"max-width:100%;\"\n                \/>\n            <\/a>\n        <\/div>\n\t\t\t\t\t\t\t<\/div> \n\t\t\t\n        \n\t\t\t\t<div id=\"ngg-image-8\" class=\"ngg-gallery-thumbnail-box\" >\n\t\t\t\t        <div class=\"ngg-gallery-thumbnail\">\n            <a href=\"http:\/\/www.spaziotorino.it\/scatto\/wp-content\/gallery\/2019_04_18_dechirico\/pla_4412.jpg\"\n               title=\"Giorgio De Chirico. Ritorno al Futuro, Neometafisica e Arte Contemporanea\"\n               data-src=\"http:\/\/www.spaziotorino.it\/scatto\/wp-content\/gallery\/2019_04_18_dechirico\/pla_4412.jpg\"\n               data-thumbnail=\"http:\/\/www.spaziotorino.it\/scatto\/wp-content\/gallery\/2019_04_18_dechirico\/thumbs\/thumbs_pla_4412.jpg\"\n               data-image-id=\"22707\"\n               data-title=\"Giorgio De Chirico. Ritorno al Futuro, Neometafisica e Arte Contemporanea\"\n               data-description=\"Giorgio De Chirico. Ritorno al Futuro, Neometafisica e Arte Contemporanea\"\n               data-image-slug=\"pla_4412\"\n               class=\"ngg-fancybox\" rel=\"36118c740eaa74a7a842908a11667f0b\">\n                <img\n                    title=\"Giorgio De Chirico. Ritorno al Futuro, Neometafisica e Arte Contemporanea\"\n                    alt=\"Giorgio De Chirico. Ritorno al Futuro, Neometafisica e Arte Contemporanea\"\n                    src=\"http:\/\/www.spaziotorino.it\/scatto\/wp-content\/gallery\/2019_04_18_dechirico\/cache\/pla_4412.jpg-nggid0522707-ngg0dyn-60x60x100-00f0w010c011r110f110r010t010.jpg\"\n                    width=\"60\"\n                    height=\"60\"\n                    style=\"max-width:100%;\"\n                \/>\n            <\/a>\n        <\/div>\n\t\t\t\t\t\t\t<\/div> \n\t\t\t\n        \n\t\t\t\t<div id=\"ngg-image-9\" class=\"ngg-gallery-thumbnail-box\" >\n\t\t\t\t        <div class=\"ngg-gallery-thumbnail\">\n            <a href=\"http:\/\/www.spaziotorino.it\/scatto\/wp-content\/gallery\/2019_04_18_dechirico\/pla_4426.jpg\"\n               title=\"Giorgio De Chirico. Ritorno al Futuro, Neometafisica e Arte Contemporanea\"\n               data-src=\"http:\/\/www.spaziotorino.it\/scatto\/wp-content\/gallery\/2019_04_18_dechirico\/pla_4426.jpg\"\n               data-thumbnail=\"http:\/\/www.spaziotorino.it\/scatto\/wp-content\/gallery\/2019_04_18_dechirico\/thumbs\/thumbs_pla_4426.jpg\"\n               data-image-id=\"22708\"\n               data-title=\"Giorgio De Chirico. Ritorno al Futuro, Neometafisica e Arte Contemporanea\"\n               data-description=\"Giorgio De Chirico. Ritorno al Futuro, Neometafisica e Arte Contemporanea\"\n               data-image-slug=\"pla_4426\"\n               class=\"ngg-fancybox\" rel=\"36118c740eaa74a7a842908a11667f0b\">\n                <img\n                    title=\"Giorgio De Chirico. Ritorno al Futuro, Neometafisica e Arte Contemporanea\"\n                    alt=\"Giorgio De Chirico. Ritorno al Futuro, Neometafisica e Arte Contemporanea\"\n                    src=\"http:\/\/www.spaziotorino.it\/scatto\/wp-content\/gallery\/2019_04_18_dechirico\/cache\/pla_4426.jpg-nggid0522708-ngg0dyn-60x60x100-00f0w010c011r110f110r010t010.jpg\"\n                    width=\"60\"\n                    height=\"60\"\n                    style=\"max-width:100%;\"\n                \/>\n            <\/a>\n        <\/div>\n\t\t\t\t\t\t\t<\/div> \n\t\t\t\n        \n\t\t\t\t<div id=\"ngg-image-10\" class=\"ngg-gallery-thumbnail-box\" >\n\t\t\t\t        <div class=\"ngg-gallery-thumbnail\">\n            <a href=\"http:\/\/www.spaziotorino.it\/scatto\/wp-content\/gallery\/2019_04_18_dechirico\/pla_4428.jpg\"\n               title=\"Giorgio De Chirico. Ritorno al Futuro, Neometafisica e Arte Contemporanea\"\n               data-src=\"http:\/\/www.spaziotorino.it\/scatto\/wp-content\/gallery\/2019_04_18_dechirico\/pla_4428.jpg\"\n               data-thumbnail=\"http:\/\/www.spaziotorino.it\/scatto\/wp-content\/gallery\/2019_04_18_dechirico\/thumbs\/thumbs_pla_4428.jpg\"\n               data-image-id=\"22709\"\n               data-title=\"Giorgio De Chirico. Ritorno al Futuro, Neometafisica e Arte Contemporanea\"\n               data-description=\"Giorgio De Chirico. Ritorno al Futuro, Neometafisica e Arte Contemporanea\"\n               data-image-slug=\"pla_4428\"\n               class=\"ngg-fancybox\" rel=\"36118c740eaa74a7a842908a11667f0b\">\n                <img\n                    title=\"Giorgio De Chirico. Ritorno al Futuro, Neometafisica e Arte Contemporanea\"\n                    alt=\"Giorgio De Chirico. Ritorno al Futuro, Neometafisica e Arte Contemporanea\"\n                    src=\"http:\/\/www.spaziotorino.it\/scatto\/wp-content\/gallery\/2019_04_18_dechirico\/cache\/pla_4428.jpg-nggid0522709-ngg0dyn-60x60x100-00f0w010c011r110f110r010t010.jpg\"\n                    width=\"60\"\n                    height=\"60\"\n                    style=\"max-width:100%;\"\n                \/>\n            <\/a>\n        <\/div>\n\t\t\t\t\t\t\t<\/div> \n\t\t\t\n        \n\t\t\t\t<div id=\"ngg-image-11\" class=\"ngg-gallery-thumbnail-box\" >\n\t\t\t\t        <div class=\"ngg-gallery-thumbnail\">\n            <a href=\"http:\/\/www.spaziotorino.it\/scatto\/wp-content\/gallery\/2019_04_18_dechirico\/pla_4436.jpg\"\n               title=\"Mimmo Paladino, Senza titolo\/Rabdomante 2007\"\n               data-src=\"http:\/\/www.spaziotorino.it\/scatto\/wp-content\/gallery\/2019_04_18_dechirico\/pla_4436.jpg\"\n               data-thumbnail=\"http:\/\/www.spaziotorino.it\/scatto\/wp-content\/gallery\/2019_04_18_dechirico\/thumbs\/thumbs_pla_4436.jpg\"\n               data-image-id=\"22710\"\n               data-title=\"Mimmo Paladino, Senza titolo\/Rabdomante 2007\"\n               data-description=\"Mimmo Paladino, Senza titolo\/Rabdomante 2007\"\n               data-image-slug=\"pla_4436\"\n               class=\"ngg-fancybox\" rel=\"36118c740eaa74a7a842908a11667f0b\">\n                <img\n                    title=\"Mimmo Paladino, Senza titolo\/Rabdomante 2007\"\n                    alt=\"Mimmo Paladino, Senza titolo\/Rabdomante 2007\"\n                    src=\"http:\/\/www.spaziotorino.it\/scatto\/wp-content\/gallery\/2019_04_18_dechirico\/cache\/pla_4436.jpg-nggid0522710-ngg0dyn-60x60x100-00f0w010c011r110f110r010t010.jpg\"\n                    width=\"60\"\n                    height=\"60\"\n                    style=\"max-width:100%;\"\n                \/>\n            <\/a>\n        <\/div>\n\t\t\t\t\t\t\t<\/div> \n\t\t\t\n        \n\t\t\t\t<div id=\"ngg-image-12\" class=\"ngg-gallery-thumbnail-box\" >\n\t\t\t\t        <div class=\"ngg-gallery-thumbnail\">\n            <a href=\"http:\/\/www.spaziotorino.it\/scatto\/wp-content\/gallery\/2019_04_18_dechirico\/pla_4448.jpg\"\n               title=\"Mimmo Paladino, Squadra, 1999\"\n               data-src=\"http:\/\/www.spaziotorino.it\/scatto\/wp-content\/gallery\/2019_04_18_dechirico\/pla_4448.jpg\"\n               data-thumbnail=\"http:\/\/www.spaziotorino.it\/scatto\/wp-content\/gallery\/2019_04_18_dechirico\/thumbs\/thumbs_pla_4448.jpg\"\n               data-image-id=\"22711\"\n               data-title=\"Mimmo Paladino, Squadra, 1999\"\n               data-description=\"Mimmo Paladino, Squadra, 1999\"\n               data-image-slug=\"pla_4448\"\n               class=\"ngg-fancybox\" rel=\"36118c740eaa74a7a842908a11667f0b\">\n                <img\n                    title=\"Mimmo Paladino, Squadra, 1999\"\n                    alt=\"Mimmo Paladino, Squadra, 1999\"\n                    src=\"http:\/\/www.spaziotorino.it\/scatto\/wp-content\/gallery\/2019_04_18_dechirico\/cache\/pla_4448.jpg-nggid0522711-ngg0dyn-60x60x100-00f0w010c011r110f110r010t010.jpg\"\n                    width=\"60\"\n                    height=\"60\"\n                    style=\"max-width:100%;\"\n                \/>\n            <\/a>\n        <\/div>\n\t\t\t\t\t\t\t<\/div> \n\t\t\t\n        \n\t\t\t\t<div id=\"ngg-image-13\" class=\"ngg-gallery-thumbnail-box\" >\n\t\t\t\t        <div class=\"ngg-gallery-thumbnail\">\n            <a href=\"http:\/\/www.spaziotorino.it\/scatto\/wp-content\/gallery\/2019_04_18_dechirico\/pla_4455.jpg\"\n               title=\"Giorgio De Chirico. Ritorno al Futuro, Neometafisica e Arte Contemporanea\"\n               data-src=\"http:\/\/www.spaziotorino.it\/scatto\/wp-content\/gallery\/2019_04_18_dechirico\/pla_4455.jpg\"\n               data-thumbnail=\"http:\/\/www.spaziotorino.it\/scatto\/wp-content\/gallery\/2019_04_18_dechirico\/thumbs\/thumbs_pla_4455.jpg\"\n               data-image-id=\"22712\"\n               data-title=\"Giorgio De Chirico. Ritorno al Futuro, Neometafisica e Arte Contemporanea\"\n               data-description=\"Giorgio De Chirico. Ritorno al Futuro, Neometafisica e Arte Contemporanea\"\n               data-image-slug=\"pla_4455\"\n               class=\"ngg-fancybox\" rel=\"36118c740eaa74a7a842908a11667f0b\">\n                <img\n                    title=\"Giorgio De Chirico. Ritorno al Futuro, Neometafisica e Arte Contemporanea\"\n                    alt=\"Giorgio De Chirico. Ritorno al Futuro, Neometafisica e Arte Contemporanea\"\n                    src=\"http:\/\/www.spaziotorino.it\/scatto\/wp-content\/gallery\/2019_04_18_dechirico\/cache\/pla_4455.jpg-nggid0522712-ngg0dyn-60x60x100-00f0w010c011r110f110r010t010.jpg\"\n                    width=\"60\"\n                    height=\"60\"\n                    style=\"max-width:100%;\"\n                \/>\n            <\/a>\n        <\/div>\n\t\t\t\t\t\t\t<\/div> \n\t\t\t\n        \n\t\t\t\t<div id=\"ngg-image-14\" class=\"ngg-gallery-thumbnail-box\" >\n\t\t\t\t        <div class=\"ngg-gallery-thumbnail\">\n            <a href=\"http:\/\/www.spaziotorino.it\/scatto\/wp-content\/gallery\/2019_04_18_dechirico\/pla_4476.jpg\"\n               title=\"Giorgio De Chirico. Ritorno al Futuro, Neometafisica e Arte Contemporanea\"\n               data-src=\"http:\/\/www.spaziotorino.it\/scatto\/wp-content\/gallery\/2019_04_18_dechirico\/pla_4476.jpg\"\n               data-thumbnail=\"http:\/\/www.spaziotorino.it\/scatto\/wp-content\/gallery\/2019_04_18_dechirico\/thumbs\/thumbs_pla_4476.jpg\"\n               data-image-id=\"22713\"\n               data-title=\"Giorgio De Chirico. Ritorno al Futuro, Neometafisica e Arte Contemporanea\"\n               data-description=\"Giorgio De Chirico. Ritorno al Futuro, Neometafisica e Arte Contemporanea\"\n               data-image-slug=\"pla_4476\"\n               class=\"ngg-fancybox\" rel=\"36118c740eaa74a7a842908a11667f0b\">\n                <img\n                    title=\"Giorgio De Chirico. Ritorno al Futuro, Neometafisica e Arte Contemporanea\"\n                    alt=\"Giorgio De Chirico. Ritorno al Futuro, Neometafisica e Arte Contemporanea\"\n                    src=\"http:\/\/www.spaziotorino.it\/scatto\/wp-content\/gallery\/2019_04_18_dechirico\/cache\/pla_4476.jpg-nggid0522713-ngg0dyn-60x60x100-00f0w010c011r110f110r010t010.jpg\"\n                    width=\"60\"\n                    height=\"60\"\n                    style=\"max-width:100%;\"\n                \/>\n            <\/a>\n        <\/div>\n\t\t\t\t\t\t\t<\/div> \n\t\t\t\n        \n\t\t\t\t<div id=\"ngg-image-15\" class=\"ngg-gallery-thumbnail-box\" >\n\t\t\t\t        <div class=\"ngg-gallery-thumbnail\">\n            <a href=\"http:\/\/www.spaziotorino.it\/scatto\/wp-content\/gallery\/2019_04_18_dechirico\/pla_4481.jpg\"\n               title=\"Giorgio De Chirico, Il meditatore, 1971\"\n               data-src=\"http:\/\/www.spaziotorino.it\/scatto\/wp-content\/gallery\/2019_04_18_dechirico\/pla_4481.jpg\"\n               data-thumbnail=\"http:\/\/www.spaziotorino.it\/scatto\/wp-content\/gallery\/2019_04_18_dechirico\/thumbs\/thumbs_pla_4481.jpg\"\n               data-image-id=\"22714\"\n               data-title=\"Giorgio De Chirico, Il meditatore, 1971\"\n               data-description=\"Giorgio De Chirico, Il meditatore, 1971\"\n               data-image-slug=\"pla_4481\"\n               class=\"ngg-fancybox\" rel=\"36118c740eaa74a7a842908a11667f0b\">\n                <img\n                    title=\"Giorgio De Chirico, Il meditatore, 1971\"\n                    alt=\"Giorgio De Chirico, Il meditatore, 1971\"\n                    src=\"http:\/\/www.spaziotorino.it\/scatto\/wp-content\/gallery\/2019_04_18_dechirico\/cache\/pla_4481.jpg-nggid0522714-ngg0dyn-60x60x100-00f0w010c011r110f110r010t010.jpg\"\n                    width=\"60\"\n                    height=\"60\"\n                    style=\"max-width:100%;\"\n                \/>\n            <\/a>\n        <\/div>\n\t\t\t\t\t\t\t<\/div> \n\t\t\t\n        \n\t\t\t\t<div id=\"ngg-image-16\" class=\"ngg-gallery-thumbnail-box\" >\n\t\t\t\t        <div class=\"ngg-gallery-thumbnail\">\n            <a href=\"http:\/\/www.spaziotorino.it\/scatto\/wp-content\/gallery\/2019_04_18_dechirico\/pla_4483.jpg\"\n               title=\"Giorgio De Chirico, Autoritratto nudo, 1945\"\n               data-src=\"http:\/\/www.spaziotorino.it\/scatto\/wp-content\/gallery\/2019_04_18_dechirico\/pla_4483.jpg\"\n               data-thumbnail=\"http:\/\/www.spaziotorino.it\/scatto\/wp-content\/gallery\/2019_04_18_dechirico\/thumbs\/thumbs_pla_4483.jpg\"\n               data-image-id=\"22720\"\n               data-title=\"Giorgio De Chirico, Autoritratto nudo, 1945\"\n               data-description=\"Giorgio De Chirico, Autoritratto nudo, 1945\"\n               data-image-slug=\"pla_4483\"\n               class=\"ngg-fancybox\" rel=\"36118c740eaa74a7a842908a11667f0b\">\n                <img\n                    title=\"Giorgio De Chirico, Autoritratto nudo, 1945\"\n                    alt=\"Giorgio De Chirico, Autoritratto nudo, 1945\"\n                    src=\"http:\/\/www.spaziotorino.it\/scatto\/wp-content\/gallery\/2019_04_18_dechirico\/cache\/pla_4483.jpg-nggid0522720-ngg0dyn-60x60x100-00f0w010c011r110f110r010t010.jpg\"\n                    width=\"60\"\n                    height=\"60\"\n                    style=\"max-width:100%;\"\n                \/>\n            <\/a>\n        <\/div>\n\t\t\t\t\t\t\t<\/div> \n\t\t\t\n        \n\t\t\t\t<div id=\"ngg-image-17\" class=\"ngg-gallery-thumbnail-box\" >\n\t\t\t\t        <div class=\"ngg-gallery-thumbnail\">\n            <a href=\"http:\/\/www.spaziotorino.it\/scatto\/wp-content\/gallery\/2019_04_18_dechirico\/pla_4491.jpg\"\n               title=\"Giorgio De Chirico. Ritorno al Futuro, Neometafisica e Arte Contemporanea\"\n               data-src=\"http:\/\/www.spaziotorino.it\/scatto\/wp-content\/gallery\/2019_04_18_dechirico\/pla_4491.jpg\"\n               data-thumbnail=\"http:\/\/www.spaziotorino.it\/scatto\/wp-content\/gallery\/2019_04_18_dechirico\/thumbs\/thumbs_pla_4491.jpg\"\n               data-image-id=\"22715\"\n               data-title=\"Giorgio De Chirico. Ritorno al Futuro, Neometafisica e Arte Contemporanea\"\n               data-description=\"Giorgio De Chirico. Ritorno al Futuro, Neometafisica e Arte Contemporanea\"\n               data-image-slug=\"pla_4491\"\n               class=\"ngg-fancybox\" rel=\"36118c740eaa74a7a842908a11667f0b\">\n                <img\n                    title=\"Giorgio De Chirico. Ritorno al Futuro, Neometafisica e Arte Contemporanea\"\n                    alt=\"Giorgio De Chirico. Ritorno al Futuro, Neometafisica e Arte Contemporanea\"\n                    src=\"http:\/\/www.spaziotorino.it\/scatto\/wp-content\/gallery\/2019_04_18_dechirico\/cache\/pla_4491.jpg-nggid0522715-ngg0dyn-60x60x100-00f0w010c011r110f110r010t010.jpg\"\n                    width=\"60\"\n                    height=\"60\"\n                    style=\"max-width:100%;\"\n                \/>\n            <\/a>\n        <\/div>\n\t\t\t\t\t\t\t<\/div> \n\t\t\t\n        \n\t\t\t\t<div id=\"ngg-image-18\" class=\"ngg-gallery-thumbnail-box\" >\n\t\t\t\t        <div class=\"ngg-gallery-thumbnail\">\n            <a href=\"http:\/\/www.spaziotorino.it\/scatto\/wp-content\/gallery\/2019_04_18_dechirico\/pla_4499.jpg\"\n               title=\"Lucio del Pezzo, Rosso Veneziano, 1965\"\n               data-src=\"http:\/\/www.spaziotorino.it\/scatto\/wp-content\/gallery\/2019_04_18_dechirico\/pla_4499.jpg\"\n               data-thumbnail=\"http:\/\/www.spaziotorino.it\/scatto\/wp-content\/gallery\/2019_04_18_dechirico\/thumbs\/thumbs_pla_4499.jpg\"\n               data-image-id=\"22716\"\n               data-title=\"Lucio del Pezzo, Rosso Veneziano, 1965\"\n               data-description=\"Lucio del Pezzo, Rosso Veneziano, 1965\"\n               data-image-slug=\"pla_4499\"\n               class=\"ngg-fancybox\" rel=\"36118c740eaa74a7a842908a11667f0b\">\n                <img\n                    title=\"Lucio del Pezzo, Rosso Veneziano, 1965\"\n                    alt=\"Lucio del Pezzo, Rosso Veneziano, 1965\"\n                    src=\"http:\/\/www.spaziotorino.it\/scatto\/wp-content\/gallery\/2019_04_18_dechirico\/cache\/pla_4499.jpg-nggid0522716-ngg0dyn-60x60x100-00f0w010c011r110f110r010t010.jpg\"\n                    width=\"60\"\n                    height=\"60\"\n                    style=\"max-width:100%;\"\n                \/>\n            <\/a>\n        <\/div>\n\t\t\t\t\t\t\t<\/div> \n\t\t\t\n        \n\t\t\t\t<div id=\"ngg-image-19\" class=\"ngg-gallery-thumbnail-box\" >\n\t\t\t\t        <div class=\"ngg-gallery-thumbnail\">\n            <a href=\"http:\/\/www.spaziotorino.it\/scatto\/wp-content\/gallery\/2019_04_18_dechirico\/pla_4506.jpg\"\n               title=\"Giorgio De Chirico. Ritorno al Futuro, Neometafisica e Arte Contemporanea\"\n               data-src=\"http:\/\/www.spaziotorino.it\/scatto\/wp-content\/gallery\/2019_04_18_dechirico\/pla_4506.jpg\"\n               data-thumbnail=\"http:\/\/www.spaziotorino.it\/scatto\/wp-content\/gallery\/2019_04_18_dechirico\/thumbs\/thumbs_pla_4506.jpg\"\n               data-image-id=\"22717\"\n               data-title=\"Giorgio De Chirico. Ritorno al Futuro, Neometafisica e Arte Contemporanea\"\n               data-description=\"Giorgio De Chirico. Ritorno al Futuro, Neometafisica e Arte Contemporanea\"\n               data-image-slug=\"pla_4506\"\n               class=\"ngg-fancybox\" rel=\"36118c740eaa74a7a842908a11667f0b\">\n                <img\n                    title=\"Giorgio De Chirico. Ritorno al Futuro, Neometafisica e Arte Contemporanea\"\n                    alt=\"Giorgio De Chirico. Ritorno al Futuro, Neometafisica e Arte Contemporanea\"\n                    src=\"http:\/\/www.spaziotorino.it\/scatto\/wp-content\/gallery\/2019_04_18_dechirico\/cache\/pla_4506.jpg-nggid0522717-ngg0dyn-60x60x100-00f0w010c011r110f110r010t010.jpg\"\n                    width=\"60\"\n                    height=\"60\"\n                    style=\"max-width:100%;\"\n                \/>\n            <\/a>\n        <\/div>\n\t\t\t\t\t\t\t<\/div> \n\t\t\t\n        \n\t\t\t\t<div id=\"ngg-image-20\" class=\"ngg-gallery-thumbnail-box\" >\n\t\t\t\t        <div class=\"ngg-gallery-thumbnail\">\n            <a href=\"http:\/\/www.spaziotorino.it\/scatto\/wp-content\/gallery\/2019_04_18_dechirico\/pla_4373.jpg\"\n               title=\"Giorgio De Chirico. 1950\"\n               data-src=\"http:\/\/www.spaziotorino.it\/scatto\/wp-content\/gallery\/2019_04_18_dechirico\/pla_4373.jpg\"\n               data-thumbnail=\"http:\/\/www.spaziotorino.it\/scatto\/wp-content\/gallery\/2019_04_18_dechirico\/thumbs\/thumbs_pla_4373.jpg\"\n               data-image-id=\"22719\"\n               data-title=\"Giorgio De Chirico. 1950\"\n               data-description=\"Giorgio De Chirico. 1950\"\n               data-image-slug=\"pla_4373\"\n               class=\"ngg-fancybox\" rel=\"36118c740eaa74a7a842908a11667f0b\">\n                <img\n                    title=\"Giorgio De Chirico. 1950\"\n                    alt=\"Giorgio De Chirico. 1950\"\n                    src=\"http:\/\/www.spaziotorino.it\/scatto\/wp-content\/gallery\/2019_04_18_dechirico\/cache\/pla_4373.jpg-nggid0522719-ngg0dyn-60x60x100-00f0w010c011r110f110r010t010.jpg\"\n                    width=\"60\"\n                    height=\"60\"\n                    style=\"max-width:100%;\"\n                \/>\n            <\/a>\n        <\/div>\n\t\t\t\t\t\t\t<\/div> \n\t\t\t\n        \n\t\t\n\t\t<!-- Pagination -->\n\t<div class='ngg-clear'><\/div>\t<\/div>\n\n<p>Alla GAM di Torino, dal 19 aprile al 25 agosto, la&nbsp;<strong>grande mostra<\/strong><strong>&nbsp;<\/strong>&#8220;Giorgio De Chirico. Ritorno al Futuro, Neometafisica e Arte Contemporanea&#8221;, un dialogo tra la pittura neometafisica di&nbsp;<em>de Chirico<\/em>&nbsp;e le generazioni di artisti che, in particolare dagli anni Sessanta in poi, si sono ispirati alla sua opera, riconoscendolo come il maestro che ha anticipato la loro nuova visione<\/p>\n<p>\u00c8 noto infatti che la Metafisica di&nbsp;<em>de Chirico<\/em>&nbsp;ha influenzato generi e visioni differenti, e non solo nel campo delle arti visive, ma anche nella letteratura, nel cinema, arrivando fino a confini inattesi come videogiochi e videoclip, in un interesse globale che va dall&#8217;Europa agli Stati Uniti fino al Giappone.<\/p>\n<p>Dell\u2019opera del maestro sar\u00e0 presentata soprattutto la stagione denominata come \u201c<em>Neo Metafisica<\/em>\u201d, corrispondente all\u2019ultima fase della sua vita, in cui l\u2019artista riprendeva e rivitalizzava antichi temi della sua pittura.&nbsp;<strong>Con una pittura di grande intensit\u00e0 e felicit\u00e0 cromatica<\/strong>, il&nbsp;<em>de Chirico<\/em>neometafisico sembra infatti rispondere agli omaggi degli artisti pi\u00f9 giovani creando un dialogo a distanza di grande intensit\u00e0 e vitalit\u00e0.<\/p>\n<p>In esposizione ci saranno un&nbsp;<strong>centinaio di opere&nbsp;<\/strong>provenienti da diverse collezioni private, musei e fondazioni che accompagneranno il visitatore in un&nbsp;<strong>viaggio interessante dagli anni 60 fino alla Pop Art di Andy Wharol, Ugo Nespolo, Valerio Adami, Tano Festa, Mario Schifano, Gino Marotta<\/strong>&nbsp;e molti altri.<\/p>\n<p>Oltre a&nbsp;<em>de Chirico<\/em>, in mostra si vedranno i lavori di&nbsp;<strong>Renato Guttuso, Fabrizio Clerici, Ruggero Savinio<\/strong>; quelli degli esponenti dell&#8217;arte povera,&nbsp;<strong>Michelangelo Pistoletto e Giulio Paolini e i quadri degli artisti internazionali Philip Guston, Bernd e Hilla Becher ed Henry Moore<\/strong><\/p>\n<p>Oltre al prestito delle opere neometafisiche della&nbsp;<strong>Fondazione Giorgio e Isa de Chirico<\/strong>, la mostra presenta un\u2019animazione digitale di&nbsp;<strong>Maurice Owen<\/strong>&nbsp;e&nbsp;<strong>Russell Richards.<\/strong><\/p>\n<p>[Fonte: <a href=\"http:\/\/www.inpiemonteintorino.it\/web\/it\/eventi\/dettaglio\/giorgio-de-chirico-ritorno-al-futuro\">InPiemonteInTorino<\/a>]<\/p>\n<p>Maggiori informazioni sul sito della <strong><a href=\"https:\/\/www.gamtorino.it\/it\">GAM &#8211; Galleria Civia d&#8217;Arte Moderna e Contemporanea<\/a><\/strong><\/p>\n","protected":false},"excerpt":{"rendered":"<p>Alla GAM di Torino, dal 19 aprile al 25 agosto, la&nbsp;grande mostra&nbsp;&#8220;Giorgio De Chirico. Ritorno al Futuro, Neometafisica e Arte Contemporanea&#8221;, un dialogo tra la pittura neometafisica di&nbsp;de Chirico&nbsp;e le generazioni di artisti che, in particolare dagli anni Sessanta in poi, si sono ispirati alla sua opera, riconoscendolo come il maestro che ha anticipato la [&hellip;]<\/p>\n","protected":false},"author":1,"featured_media":0,"comment_status":"closed","ping_status":"open","sticky":false,"template":"","format":"standard","meta":{"ngg_post_thumbnail":0},"categories":[54,1],"tags":[],"_links":{"self":[{"href":"http:\/\/www.spaziotorino.it\/scatto\/index.php?rest_route=\/wp\/v2\/posts\/16769"}],"collection":[{"href":"http:\/\/www.spaziotorino.it\/scatto\/index.php?rest_route=\/wp\/v2\/posts"}],"about":[{"href":"http:\/\/www.spaziotorino.it\/scatto\/index.php?rest_route=\/wp\/v2\/types\/post"}],"author":[{"embeddable":true,"href":"http:\/\/www.spaziotorino.it\/scatto\/index.php?rest_route=\/wp\/v2\/users\/1"}],"replies":[{"embeddable":true,"href":"http:\/\/www.spaziotorino.it\/scatto\/index.php?rest_route=%2Fwp%2Fv2%2Fcomments&post=16769"}],"version-history":[{"count":3,"href":"http:\/\/www.spaziotorino.it\/scatto\/index.php?rest_route=\/wp\/v2\/posts\/16769\/revisions"}],"predecessor-version":[{"id":16772,"href":"http:\/\/www.spaziotorino.it\/scatto\/index.php?rest_route=\/wp\/v2\/posts\/16769\/revisions\/16772"}],"wp:attachment":[{"href":"http:\/\/www.spaziotorino.it\/scatto\/index.php?rest_route=%2Fwp%2Fv2%2Fmedia&parent=16769"}],"wp:term":[{"taxonomy":"category","embeddable":true,"href":"http:\/\/www.spaziotorino.it\/scatto\/index.php?rest_route=%2Fwp%2Fv2%2Fcategories&post=16769"},{"taxonomy":"post_tag","embeddable":true,"href":"http:\/\/www.spaziotorino.it\/scatto\/index.php?rest_route=%2Fwp%2Fv2%2Ftags&post=16769"}],"curies":[{"name":"wp","href":"https:\/\/api.w.org\/{rel}","templated":true}]}}