{"id":17086,"date":"2019-05-17T15:06:44","date_gmt":"2019-05-17T14:06:44","guid":{"rendered":"http:\/\/www.spaziotorino.it\/scatto\/?p=17086"},"modified":"2019-05-17T15:06:44","modified_gmt":"2019-05-17T14:06:44","slug":"17-maggio-celebrata-la-giornata-internazionale-contro-le-discriminazioni-di-genere","status":"publish","type":"post","link":"http:\/\/www.spaziotorino.it\/scatto\/?p=17086","title":{"rendered":"17 maggio: celebrata la giornata internazionale contro le discriminazioni di genere"},"content":{"rendered":"<p><a class=\"ngg-fancybox\" title=\"17 maggio: celebrata la giornata internazionale contro le discriminazioni di genere\" href=\"http:\/\/www.spaziotorino.it\/scatto\/wp-content\/gallery\/2019_05_17_omotransfobia\/pla_9757.jpg\" rel=\"4486ccb38c87a6be769a81a6550ef748\"><br \/>\n<img decoding=\"async\" loading=\"lazy\" class=\"ngg-singlepic\" title=\"17 maggio: celebrata la giornata internazionale contro le discriminazioni di genere\" src=\"http:\/\/www.spaziotorino.it\/scatto\/wp-content\/gallery\/2019_05_17_omotransfobia\/pla_9757.jpg\" alt=\"\" width=\"540\" height=\"360\"\/><\/a><\/p>\n<!-- index.php -->\n<div\n\tclass=\"ngg-galleryoverview ngg-ajax-pagination-none\"\n\tid=\"ngg-gallery-3e27423db90dabf5dce5f4f874259d49-1\">\n\n    \t\t<!-- Thumbnails -->\n\t\t\t\t<div id=\"ngg-image-0\" class=\"ngg-gallery-thumbnail-box\" >\n\t\t\t\t        <div class=\"ngg-gallery-thumbnail\">\n            <a href=\"http:\/\/www.spaziotorino.it\/scatto\/wp-content\/gallery\/2019_05_17_omotransfobia\/AMA_5822-copia.jpg\"\n               title=\"Il Presidente del Consiglio Comunale Francesco Sicari e la Sindaca Appendino\"\n               data-src=\"http:\/\/www.spaziotorino.it\/scatto\/wp-content\/gallery\/2019_05_17_omotransfobia\/AMA_5822-copia.jpg\"\n               data-thumbnail=\"http:\/\/www.spaziotorino.it\/scatto\/wp-content\/gallery\/2019_05_17_omotransfobia\/thumbs\/thumbs_AMA_5822-copia.jpg\"\n               data-image-id=\"22834\"\n               data-title=\"Il Presidente del Consiglio Comunale Francesco Sicari e la Sindaca Appendino\"\n               data-description=\"Il Presidente del Consiglio Comunale Francesco Sicari e la Sindaca Appendino\"\n               data-image-slug=\"ama_5822-copia\"\n               class=\"ngg-fancybox\" rel=\"3e27423db90dabf5dce5f4f874259d49\">\n                <img\n                    title=\"Il Presidente del Consiglio Comunale Francesco Sicari e la Sindaca Appendino\"\n                    alt=\"Il Presidente del Consiglio Comunale Francesco Sicari e la Sindaca Appendino\"\n                    src=\"http:\/\/www.spaziotorino.it\/scatto\/wp-content\/gallery\/2019_05_17_omotransfobia\/cache\/AMA_5822-copia.jpg-nggid0522834-ngg0dyn-60x60x100-00f0w010c011r110f110r010t010.jpg\"\n                    width=\"60\"\n                    height=\"60\"\n                    style=\"max-width:100%;\"\n                \/>\n            <\/a>\n        <\/div>\n\t\t\t\t\t\t\t<\/div> \n\t\t\t\n        \n\t\t\t\t<div id=\"ngg-image-1\" class=\"ngg-gallery-thumbnail-box\" >\n\t\t\t\t        <div class=\"ngg-gallery-thumbnail\">\n            <a href=\"http:\/\/www.spaziotorino.it\/scatto\/wp-content\/gallery\/2019_05_17_omotransfobia\/pla_9601.jpg\"\n               title=\"Marco Giusta, assessore alle Pari Opportunit\u00e0 della Citt\u00e0 di Torino\"\n               data-src=\"http:\/\/www.spaziotorino.it\/scatto\/wp-content\/gallery\/2019_05_17_omotransfobia\/pla_9601.jpg\"\n               data-thumbnail=\"http:\/\/www.spaziotorino.it\/scatto\/wp-content\/gallery\/2019_05_17_omotransfobia\/thumbs\/thumbs_pla_9601.jpg\"\n               data-image-id=\"22838\"\n               data-title=\"Marco Giusta, assessore alle Pari Opportunit\u00e0 della Citt\u00e0 di Torino\"\n               data-description=\"Marco Giusta, assessore alle Pari Opportunit\u00e0 della Citt\u00e0 di Torino\"\n               data-image-slug=\"pla_9601\"\n               class=\"ngg-fancybox\" rel=\"3e27423db90dabf5dce5f4f874259d49\">\n                <img\n                    title=\"Marco Giusta, assessore alle Pari Opportunit\u00e0 della Citt\u00e0 di Torino\"\n                    alt=\"Marco Giusta, assessore alle Pari Opportunit\u00e0 della Citt\u00e0 di Torino\"\n                    src=\"http:\/\/www.spaziotorino.it\/scatto\/wp-content\/gallery\/2019_05_17_omotransfobia\/cache\/pla_9601.jpg-nggid0522838-ngg0dyn-60x60x100-00f0w010c011r110f110r010t010.jpg\"\n                    width=\"60\"\n                    height=\"60\"\n                    style=\"max-width:100%;\"\n                \/>\n            <\/a>\n        <\/div>\n\t\t\t\t\t\t\t<\/div> \n\t\t\t\n        \n\t\t\t\t<div id=\"ngg-image-2\" class=\"ngg-gallery-thumbnail-box\" >\n\t\t\t\t        <div class=\"ngg-gallery-thumbnail\">\n            <a href=\"http:\/\/www.spaziotorino.it\/scatto\/wp-content\/gallery\/2019_05_17_omotransfobia\/pla_9639.jpg\"\n               title=\"Stuart Milk, simbolo della lotta per i diritti civili, fondatore e presidente della Harvey Milk Foundation\"\n               data-src=\"http:\/\/www.spaziotorino.it\/scatto\/wp-content\/gallery\/2019_05_17_omotransfobia\/pla_9639.jpg\"\n               data-thumbnail=\"http:\/\/www.spaziotorino.it\/scatto\/wp-content\/gallery\/2019_05_17_omotransfobia\/thumbs\/thumbs_pla_9639.jpg\"\n               data-image-id=\"22839\"\n               data-title=\"Stuart Milk, simbolo della lotta per i diritti civili, fondatore e presidente della Harvey Milk Foundation\"\n               data-description=\"Stuart Milk, simbolo della lotta per i diritti civili, fondatore e presidente della Harvey Milk Foundation\"\n               data-image-slug=\"pla_9639\"\n               class=\"ngg-fancybox\" rel=\"3e27423db90dabf5dce5f4f874259d49\">\n                <img\n                    title=\"Stuart Milk, simbolo della lotta per i diritti civili, fondatore e presidente della Harvey Milk Foundation\"\n                    alt=\"Stuart Milk, simbolo della lotta per i diritti civili, fondatore e presidente della Harvey Milk Foundation\"\n                    src=\"http:\/\/www.spaziotorino.it\/scatto\/wp-content\/gallery\/2019_05_17_omotransfobia\/cache\/pla_9639.jpg-nggid0522839-ngg0dyn-60x60x100-00f0w010c011r110f110r010t010.jpg\"\n                    width=\"60\"\n                    height=\"60\"\n                    style=\"max-width:100%;\"\n                \/>\n            <\/a>\n        <\/div>\n\t\t\t\t\t\t\t<\/div> \n\t\t\t\n        \n\t\t\t\t<div id=\"ngg-image-3\" class=\"ngg-gallery-thumbnail-box\" >\n\t\t\t\t        <div class=\"ngg-gallery-thumbnail\">\n            <a href=\"http:\/\/www.spaziotorino.it\/scatto\/wp-content\/gallery\/2019_05_17_omotransfobia\/pla_9648.jpg\"\n               title=\"Alessandro Battaglia, coordinatore del Coordinamento Torino Pride e Vera Tripodi, docente di Filosofia Morale\"\n               data-src=\"http:\/\/www.spaziotorino.it\/scatto\/wp-content\/gallery\/2019_05_17_omotransfobia\/pla_9648.jpg\"\n               data-thumbnail=\"http:\/\/www.spaziotorino.it\/scatto\/wp-content\/gallery\/2019_05_17_omotransfobia\/thumbs\/thumbs_pla_9648.jpg\"\n               data-image-id=\"22840\"\n               data-title=\"Alessandro Battaglia, coordinatore del Coordinamento Torino Pride e Vera Tripodi, docente di Filosofia Morale\"\n               data-description=\"Alessandro Battaglia, coordinatore del Coordinamento Torino Pride e Vera Tripodi, docente di Filosofia Morale\"\n               data-image-slug=\"pla_9648\"\n               class=\"ngg-fancybox\" rel=\"3e27423db90dabf5dce5f4f874259d49\">\n                <img\n                    title=\"Alessandro Battaglia, coordinatore del Coordinamento Torino Pride e Vera Tripodi, docente di Filosofia Morale\"\n                    alt=\"Alessandro Battaglia, coordinatore del Coordinamento Torino Pride e Vera Tripodi, docente di Filosofia Morale\"\n                    src=\"http:\/\/www.spaziotorino.it\/scatto\/wp-content\/gallery\/2019_05_17_omotransfobia\/cache\/pla_9648.jpg-nggid0522840-ngg0dyn-60x60x100-00f0w010c011r110f110r010t010.jpg\"\n                    width=\"60\"\n                    height=\"60\"\n                    style=\"max-width:100%;\"\n                \/>\n            <\/a>\n        <\/div>\n\t\t\t\t\t\t\t<\/div> \n\t\t\t\n        \n\t\t\t\t<div id=\"ngg-image-4\" class=\"ngg-gallery-thumbnail-box\" >\n\t\t\t\t        <div class=\"ngg-gallery-thumbnail\">\n            <a href=\"http:\/\/www.spaziotorino.it\/scatto\/wp-content\/gallery\/2019_05_17_omotransfobia\/pla_9677.jpg\"\n               title=\"La Sindaca Chiara Appendino\"\n               data-src=\"http:\/\/www.spaziotorino.it\/scatto\/wp-content\/gallery\/2019_05_17_omotransfobia\/pla_9677.jpg\"\n               data-thumbnail=\"http:\/\/www.spaziotorino.it\/scatto\/wp-content\/gallery\/2019_05_17_omotransfobia\/thumbs\/thumbs_pla_9677.jpg\"\n               data-image-id=\"22841\"\n               data-title=\"La Sindaca Chiara Appendino\"\n               data-description=\"La Sindaca Chiara Appendino\"\n               data-image-slug=\"pla_9677\"\n               class=\"ngg-fancybox\" rel=\"3e27423db90dabf5dce5f4f874259d49\">\n                <img\n                    title=\"La Sindaca Chiara Appendino\"\n                    alt=\"La Sindaca Chiara Appendino\"\n                    src=\"http:\/\/www.spaziotorino.it\/scatto\/wp-content\/gallery\/2019_05_17_omotransfobia\/cache\/pla_9677.jpg-nggid0522841-ngg0dyn-60x60x100-00f0w010c011r110f110r010t010.jpg\"\n                    width=\"60\"\n                    height=\"60\"\n                    style=\"max-width:100%;\"\n                \/>\n            <\/a>\n        <\/div>\n\t\t\t\t\t\t\t<\/div> \n\t\t\t\n        \n\t\t\t\t<div id=\"ngg-image-5\" class=\"ngg-gallery-thumbnail-box\" >\n\t\t\t\t        <div class=\"ngg-gallery-thumbnail\">\n            <a href=\"http:\/\/www.spaziotorino.it\/scatto\/wp-content\/gallery\/2019_05_17_omotransfobia\/AMA_5873-copia.jpg\"\n               title=\"Il simbolo della Harvey Milk Foundation\"\n               data-src=\"http:\/\/www.spaziotorino.it\/scatto\/wp-content\/gallery\/2019_05_17_omotransfobia\/AMA_5873-copia.jpg\"\n               data-thumbnail=\"http:\/\/www.spaziotorino.it\/scatto\/wp-content\/gallery\/2019_05_17_omotransfobia\/thumbs\/thumbs_AMA_5873-copia.jpg\"\n               data-image-id=\"22835\"\n               data-title=\"Il simbolo della Harvey Milk Foundation\"\n               data-description=\"Il simbolo della Harvey Milk Foundation\"\n               data-image-slug=\"ama_5873-copia\"\n               class=\"ngg-fancybox\" rel=\"3e27423db90dabf5dce5f4f874259d49\">\n                <img\n                    title=\"Il simbolo della Harvey Milk Foundation\"\n                    alt=\"Il simbolo della Harvey Milk Foundation\"\n                    src=\"http:\/\/www.spaziotorino.it\/scatto\/wp-content\/gallery\/2019_05_17_omotransfobia\/cache\/AMA_5873-copia.jpg-nggid0522835-ngg0dyn-60x60x100-00f0w010c011r110f110r010t010.jpg\"\n                    width=\"60\"\n                    height=\"60\"\n                    style=\"max-width:100%;\"\n                \/>\n            <\/a>\n        <\/div>\n\t\t\t\t\t\t\t<\/div> \n\t\t\t\n        \n\t\t\t\t<div id=\"ngg-image-6\" class=\"ngg-gallery-thumbnail-box\" >\n\t\t\t\t        <div class=\"ngg-gallery-thumbnail\">\n            <a href=\"http:\/\/www.spaziotorino.it\/scatto\/wp-content\/gallery\/2019_05_17_omotransfobia\/pla_9695.jpg\"\n               title=\"Stuart Milk e Chiara Appendino\"\n               data-src=\"http:\/\/www.spaziotorino.it\/scatto\/wp-content\/gallery\/2019_05_17_omotransfobia\/pla_9695.jpg\"\n               data-thumbnail=\"http:\/\/www.spaziotorino.it\/scatto\/wp-content\/gallery\/2019_05_17_omotransfobia\/thumbs\/thumbs_pla_9695.jpg\"\n               data-image-id=\"22842\"\n               data-title=\"Stuart Milk e Chiara Appendino\"\n               data-description=\"Stuart Milk e Chiara Appendino\"\n               data-image-slug=\"pla_9695\"\n               class=\"ngg-fancybox\" rel=\"3e27423db90dabf5dce5f4f874259d49\">\n                <img\n                    title=\"Stuart Milk e Chiara Appendino\"\n                    alt=\"Stuart Milk e Chiara Appendino\"\n                    src=\"http:\/\/www.spaziotorino.it\/scatto\/wp-content\/gallery\/2019_05_17_omotransfobia\/cache\/pla_9695.jpg-nggid0522842-ngg0dyn-60x60x100-00f0w010c011r110f110r010t010.jpg\"\n                    width=\"60\"\n                    height=\"60\"\n                    style=\"max-width:100%;\"\n                \/>\n            <\/a>\n        <\/div>\n\t\t\t\t\t\t\t<\/div> \n\t\t\t\n        \n\t\t\t\t<div id=\"ngg-image-7\" class=\"ngg-gallery-thumbnail-box\" >\n\t\t\t\t        <div class=\"ngg-gallery-thumbnail\">\n            <a href=\"http:\/\/www.spaziotorino.it\/scatto\/wp-content\/gallery\/2019_05_17_omotransfobia\/AMA_5898-copia.jpg\"\n               title=\"Marco Giusta mette il primo &quot;segno&quot; sullo striscione contro l&#039;omotransfobia\"\n               data-src=\"http:\/\/www.spaziotorino.it\/scatto\/wp-content\/gallery\/2019_05_17_omotransfobia\/AMA_5898-copia.jpg\"\n               data-thumbnail=\"http:\/\/www.spaziotorino.it\/scatto\/wp-content\/gallery\/2019_05_17_omotransfobia\/thumbs\/thumbs_AMA_5898-copia.jpg\"\n               data-image-id=\"22836\"\n               data-title=\"Marco Giusta mette il primo &quot;segno&quot; sullo striscione contro l&#039;omotransfobia\"\n               data-description=\"Marco Giusta mette il primo &quot;segno&quot; sullo striscione contro l&#039;omotransfobia\"\n               data-image-slug=\"ama_5898-copia\"\n               class=\"ngg-fancybox\" rel=\"3e27423db90dabf5dce5f4f874259d49\">\n                <img\n                    title=\"Marco Giusta mette il primo &quot;segno&quot; sullo striscione contro l&#039;omotransfobia\"\n                    alt=\"Marco Giusta mette il primo &quot;segno&quot; sullo striscione contro l&#039;omotransfobia\"\n                    src=\"http:\/\/www.spaziotorino.it\/scatto\/wp-content\/gallery\/2019_05_17_omotransfobia\/cache\/AMA_5898-copia.jpg-nggid0522836-ngg0dyn-60x60x100-00f0w010c011r110f110r010t010.jpg\"\n                    width=\"60\"\n                    height=\"60\"\n                    style=\"max-width:100%;\"\n                \/>\n            <\/a>\n        <\/div>\n\t\t\t\t\t\t\t<\/div> \n\t\t\t\n        \n\t\t\t\t<div id=\"ngg-image-8\" class=\"ngg-gallery-thumbnail-box\" >\n\t\t\t\t        <div class=\"ngg-gallery-thumbnail\">\n            <a href=\"http:\/\/www.spaziotorino.it\/scatto\/wp-content\/gallery\/2019_05_17_omotransfobia\/AMA_5907-copia.jpg\"\n               title=\"Un segno contro l&#039;omotransfobia\"\n               data-src=\"http:\/\/www.spaziotorino.it\/scatto\/wp-content\/gallery\/2019_05_17_omotransfobia\/AMA_5907-copia.jpg\"\n               data-thumbnail=\"http:\/\/www.spaziotorino.it\/scatto\/wp-content\/gallery\/2019_05_17_omotransfobia\/thumbs\/thumbs_AMA_5907-copia.jpg\"\n               data-image-id=\"22837\"\n               data-title=\"Un segno contro l&#039;omotransfobia\"\n               data-description=\"Un segno contro l&#039;omotransfobia\"\n               data-image-slug=\"ama_5907-copia\"\n               class=\"ngg-fancybox\" rel=\"3e27423db90dabf5dce5f4f874259d49\">\n                <img\n                    title=\"Un segno contro l&#039;omotransfobia\"\n                    alt=\"Un segno contro l&#039;omotransfobia\"\n                    src=\"http:\/\/www.spaziotorino.it\/scatto\/wp-content\/gallery\/2019_05_17_omotransfobia\/cache\/AMA_5907-copia.jpg-nggid0522837-ngg0dyn-60x60x100-00f0w010c011r110f110r010t010.jpg\"\n                    width=\"60\"\n                    height=\"60\"\n                    style=\"max-width:100%;\"\n                \/>\n            <\/a>\n        <\/div>\n\t\t\t\t\t\t\t<\/div> \n\t\t\t\n        \n\t\t\t\t<div id=\"ngg-image-9\" class=\"ngg-gallery-thumbnail-box\" >\n\t\t\t\t        <div class=\"ngg-gallery-thumbnail\">\n            <a href=\"http:\/\/www.spaziotorino.it\/scatto\/wp-content\/gallery\/2019_05_17_omotransfobia\/pla_9706.jpg\"\n               title=\"Stuart Milk mette un &quot;segno&quot; contro l&#039;omotransfobia\"\n               data-src=\"http:\/\/www.spaziotorino.it\/scatto\/wp-content\/gallery\/2019_05_17_omotransfobia\/pla_9706.jpg\"\n               data-thumbnail=\"http:\/\/www.spaziotorino.it\/scatto\/wp-content\/gallery\/2019_05_17_omotransfobia\/thumbs\/thumbs_pla_9706.jpg\"\n               data-image-id=\"22843\"\n               data-title=\"Stuart Milk mette un &quot;segno&quot; contro l&#039;omotransfobia\"\n               data-description=\"Stuart Milk mette un &quot;segno&quot; contro l&#039;omotransfobia\"\n               data-image-slug=\"pla_9706\"\n               class=\"ngg-fancybox\" rel=\"3e27423db90dabf5dce5f4f874259d49\">\n                <img\n                    title=\"Stuart Milk mette un &quot;segno&quot; contro l&#039;omotransfobia\"\n                    alt=\"Stuart Milk mette un &quot;segno&quot; contro l&#039;omotransfobia\"\n                    src=\"http:\/\/www.spaziotorino.it\/scatto\/wp-content\/gallery\/2019_05_17_omotransfobia\/cache\/pla_9706.jpg-nggid0522843-ngg0dyn-60x60x100-00f0w010c011r110f110r010t010.jpg\"\n                    width=\"60\"\n                    height=\"60\"\n                    style=\"max-width:100%;\"\n                \/>\n            <\/a>\n        <\/div>\n\t\t\t\t\t\t\t<\/div> \n\t\t\t\n        \n\t\t\t\t<div id=\"ngg-image-10\" class=\"ngg-gallery-thumbnail-box\" >\n\t\t\t\t        <div class=\"ngg-gallery-thumbnail\">\n            <a href=\"http:\/\/www.spaziotorino.it\/scatto\/wp-content\/gallery\/2019_05_17_omotransfobia\/pla_9714.jpg\"\n               title=\"Un segno contro l&#039;omotransfobia\"\n               data-src=\"http:\/\/www.spaziotorino.it\/scatto\/wp-content\/gallery\/2019_05_17_omotransfobia\/pla_9714.jpg\"\n               data-thumbnail=\"http:\/\/www.spaziotorino.it\/scatto\/wp-content\/gallery\/2019_05_17_omotransfobia\/thumbs\/thumbs_pla_9714.jpg\"\n               data-image-id=\"22844\"\n               data-title=\"Un segno contro l&#039;omotransfobia\"\n               data-description=\"Un segno contro l&#039;omotransfobia\"\n               data-image-slug=\"pla_9714\"\n               class=\"ngg-fancybox\" rel=\"3e27423db90dabf5dce5f4f874259d49\">\n                <img\n                    title=\"Un segno contro l&#039;omotransfobia\"\n                    alt=\"Un segno contro l&#039;omotransfobia\"\n                    src=\"http:\/\/www.spaziotorino.it\/scatto\/wp-content\/gallery\/2019_05_17_omotransfobia\/cache\/pla_9714.jpg-nggid0522844-ngg0dyn-60x60x100-00f0w010c011r110f110r010t010.jpg\"\n                    width=\"60\"\n                    height=\"60\"\n                    style=\"max-width:100%;\"\n                \/>\n            <\/a>\n        <\/div>\n\t\t\t\t\t\t\t<\/div> \n\t\t\t\n        \n\t\t\t\t<div id=\"ngg-image-11\" class=\"ngg-gallery-thumbnail-box\" >\n\t\t\t\t        <div class=\"ngg-gallery-thumbnail\">\n            <a href=\"http:\/\/www.spaziotorino.it\/scatto\/wp-content\/gallery\/2019_05_17_omotransfobia\/pla_9725.jpg\"\n               title=\"Un segno contro l&#039;omotransfobia\"\n               data-src=\"http:\/\/www.spaziotorino.it\/scatto\/wp-content\/gallery\/2019_05_17_omotransfobia\/pla_9725.jpg\"\n               data-thumbnail=\"http:\/\/www.spaziotorino.it\/scatto\/wp-content\/gallery\/2019_05_17_omotransfobia\/thumbs\/thumbs_pla_9725.jpg\"\n               data-image-id=\"22845\"\n               data-title=\"Un segno contro l&#039;omotransfobia\"\n               data-description=\"Un segno contro l&#039;omotransfobia\"\n               data-image-slug=\"pla_9725\"\n               class=\"ngg-fancybox\" rel=\"3e27423db90dabf5dce5f4f874259d49\">\n                <img\n                    title=\"Un segno contro l&#039;omotransfobia\"\n                    alt=\"Un segno contro l&#039;omotransfobia\"\n                    src=\"http:\/\/www.spaziotorino.it\/scatto\/wp-content\/gallery\/2019_05_17_omotransfobia\/cache\/pla_9725.jpg-nggid0522845-ngg0dyn-60x60x100-00f0w010c011r110f110r010t010.jpg\"\n                    width=\"60\"\n                    height=\"60\"\n                    style=\"max-width:100%;\"\n                \/>\n            <\/a>\n        <\/div>\n\t\t\t\t\t\t\t<\/div> \n\t\t\t\n        \n\t\t\t\t<div id=\"ngg-image-12\" class=\"ngg-gallery-thumbnail-box\" >\n\t\t\t\t        <div class=\"ngg-gallery-thumbnail\">\n            <a href=\"http:\/\/www.spaziotorino.it\/scatto\/wp-content\/gallery\/2019_05_17_omotransfobia\/pla_9731.jpg\"\n               title=\"Un segno contro l&#039;omotransfobia\"\n               data-src=\"http:\/\/www.spaziotorino.it\/scatto\/wp-content\/gallery\/2019_05_17_omotransfobia\/pla_9731.jpg\"\n               data-thumbnail=\"http:\/\/www.spaziotorino.it\/scatto\/wp-content\/gallery\/2019_05_17_omotransfobia\/thumbs\/thumbs_pla_9731.jpg\"\n               data-image-id=\"22846\"\n               data-title=\"Un segno contro l&#039;omotransfobia\"\n               data-description=\"Un segno contro l&#039;omotransfobia\"\n               data-image-slug=\"pla_9731\"\n               class=\"ngg-fancybox\" rel=\"3e27423db90dabf5dce5f4f874259d49\">\n                <img\n                    title=\"Un segno contro l&#039;omotransfobia\"\n                    alt=\"Un segno contro l&#039;omotransfobia\"\n                    src=\"http:\/\/www.spaziotorino.it\/scatto\/wp-content\/gallery\/2019_05_17_omotransfobia\/cache\/pla_9731.jpg-nggid0522846-ngg0dyn-60x60x100-00f0w010c011r110f110r010t010.jpg\"\n                    width=\"60\"\n                    height=\"60\"\n                    style=\"max-width:100%;\"\n                \/>\n            <\/a>\n        <\/div>\n\t\t\t\t\t\t\t<\/div> \n\t\t\t\n        \n\t\t\t\t<div id=\"ngg-image-13\" class=\"ngg-gallery-thumbnail-box\" >\n\t\t\t\t        <div class=\"ngg-gallery-thumbnail\">\n            <a href=\"http:\/\/www.spaziotorino.it\/scatto\/wp-content\/gallery\/2019_05_17_omotransfobia\/pla_9745.jpg\"\n               title=\"Un segno contro l&#039;omotransfobia\"\n               data-src=\"http:\/\/www.spaziotorino.it\/scatto\/wp-content\/gallery\/2019_05_17_omotransfobia\/pla_9745.jpg\"\n               data-thumbnail=\"http:\/\/www.spaziotorino.it\/scatto\/wp-content\/gallery\/2019_05_17_omotransfobia\/thumbs\/thumbs_pla_9745.jpg\"\n               data-image-id=\"22847\"\n               data-title=\"Un segno contro l&#039;omotransfobia\"\n               data-description=\"Un segno contro l&#039;omotransfobia\"\n               data-image-slug=\"pla_9745\"\n               class=\"ngg-fancybox\" rel=\"3e27423db90dabf5dce5f4f874259d49\">\n                <img\n                    title=\"Un segno contro l&#039;omotransfobia\"\n                    alt=\"Un segno contro l&#039;omotransfobia\"\n                    src=\"http:\/\/www.spaziotorino.it\/scatto\/wp-content\/gallery\/2019_05_17_omotransfobia\/cache\/pla_9745.jpg-nggid0522847-ngg0dyn-60x60x100-00f0w010c011r110f110r010t010.jpg\"\n                    width=\"60\"\n                    height=\"60\"\n                    style=\"max-width:100%;\"\n                \/>\n            <\/a>\n        <\/div>\n\t\t\t\t\t\t\t<\/div> \n\t\t\t\n        \n\t\t\t\t<div id=\"ngg-image-14\" class=\"ngg-gallery-thumbnail-box\" >\n\t\t\t\t        <div class=\"ngg-gallery-thumbnail\">\n            <a href=\"http:\/\/www.spaziotorino.it\/scatto\/wp-content\/gallery\/2019_05_17_omotransfobia\/pla_9751.jpg\"\n               title=\"Un segno contro l&#039;omotransfobia\"\n               data-src=\"http:\/\/www.spaziotorino.it\/scatto\/wp-content\/gallery\/2019_05_17_omotransfobia\/pla_9751.jpg\"\n               data-thumbnail=\"http:\/\/www.spaziotorino.it\/scatto\/wp-content\/gallery\/2019_05_17_omotransfobia\/thumbs\/thumbs_pla_9751.jpg\"\n               data-image-id=\"22848\"\n               data-title=\"Un segno contro l&#039;omotransfobia\"\n               data-description=\"Un segno contro l&#039;omotransfobia\"\n               data-image-slug=\"pla_9751\"\n               class=\"ngg-fancybox\" rel=\"3e27423db90dabf5dce5f4f874259d49\">\n                <img\n                    title=\"Un segno contro l&#039;omotransfobia\"\n                    alt=\"Un segno contro l&#039;omotransfobia\"\n                    src=\"http:\/\/www.spaziotorino.it\/scatto\/wp-content\/gallery\/2019_05_17_omotransfobia\/cache\/pla_9751.jpg-nggid0522848-ngg0dyn-60x60x100-00f0w010c011r110f110r010t010.jpg\"\n                    width=\"60\"\n                    height=\"60\"\n                    style=\"max-width:100%;\"\n                \/>\n            <\/a>\n        <\/div>\n\t\t\t\t\t\t\t<\/div> \n\t\t\t\n        \n\t\t\t\t<div id=\"ngg-image-15\" class=\"ngg-gallery-thumbnail-box\" >\n\t\t\t\t        <div class=\"ngg-gallery-thumbnail\">\n            <a href=\"http:\/\/www.spaziotorino.it\/scatto\/wp-content\/gallery\/2019_05_17_omotransfobia\/pla_9765.jpg\"\n               title=\"Un segno contro l&#039;omotransfobia\"\n               data-src=\"http:\/\/www.spaziotorino.it\/scatto\/wp-content\/gallery\/2019_05_17_omotransfobia\/pla_9765.jpg\"\n               data-thumbnail=\"http:\/\/www.spaziotorino.it\/scatto\/wp-content\/gallery\/2019_05_17_omotransfobia\/thumbs\/thumbs_pla_9765.jpg\"\n               data-image-id=\"22850\"\n               data-title=\"Un segno contro l&#039;omotransfobia\"\n               data-description=\"Un segno contro l&#039;omotransfobia\"\n               data-image-slug=\"pla_9765\"\n               class=\"ngg-fancybox\" rel=\"3e27423db90dabf5dce5f4f874259d49\">\n                <img\n                    title=\"Un segno contro l&#039;omotransfobia\"\n                    alt=\"Un segno contro l&#039;omotransfobia\"\n                    src=\"http:\/\/www.spaziotorino.it\/scatto\/wp-content\/gallery\/2019_05_17_omotransfobia\/cache\/pla_9765.jpg-nggid0522850-ngg0dyn-60x60x100-00f0w010c011r110f110r010t010.jpg\"\n                    width=\"60\"\n                    height=\"60\"\n                    style=\"max-width:100%;\"\n                \/>\n            <\/a>\n        <\/div>\n\t\t\t\t\t\t\t<\/div> \n\t\t\t\n        \n\t\t\t\t<div id=\"ngg-image-16\" class=\"ngg-gallery-thumbnail-box\" >\n\t\t\t\t        <div class=\"ngg-gallery-thumbnail\">\n            <a href=\"http:\/\/www.spaziotorino.it\/scatto\/wp-content\/gallery\/2019_05_17_omotransfobia\/pla_9768.jpg\"\n               title=\"\"\n               data-src=\"http:\/\/www.spaziotorino.it\/scatto\/wp-content\/gallery\/2019_05_17_omotransfobia\/pla_9768.jpg\"\n               data-thumbnail=\"http:\/\/www.spaziotorino.it\/scatto\/wp-content\/gallery\/2019_05_17_omotransfobia\/thumbs\/thumbs_pla_9768.jpg\"\n               data-image-id=\"22851\"\n               data-title=\"pla_9768\"\n               data-description=\"\"\n               data-image-slug=\"pla_9768\"\n               class=\"ngg-fancybox\" rel=\"3e27423db90dabf5dce5f4f874259d49\">\n                <img\n                    title=\"pla_9768\"\n                    alt=\"pla_9768\"\n                    src=\"http:\/\/www.spaziotorino.it\/scatto\/wp-content\/gallery\/2019_05_17_omotransfobia\/cache\/pla_9768.jpg-nggid0522851-ngg0dyn-60x60x100-00f0w010c011r110f110r010t010.jpg\"\n                    width=\"60\"\n                    height=\"60\"\n                    style=\"max-width:100%;\"\n                \/>\n            <\/a>\n        <\/div>\n\t\t\t\t\t\t\t<\/div> \n\t\t\t\n        \n\t\t\n\t\t<!-- Pagination -->\n\t<div class='ngg-clear'><\/div>\t<\/div>\n\n<p>Flash mob \u201cUn segno contro l\u2019omotransfobia\u201d<br \/><iframe data-cc-src=\"https:\/\/www.youtube-nocookie.com\/embed\/S_CiYRJzUEU\" title=\"YouTube video player\" data-consent=\"youtube\" data-block=\"show\" allow=\"accelerometer; autoplay; clipboard-write; encrypted-media; gyroscope; picture-in-picture\" allowfullscreen=\"\" width=\"540\" height=\"360\" frameborder=\"0\"><\/iframe><\/p>\n<p>Cerimonia ufficiale in Sala Rossa<br \/><iframe data-cc-src=\"https:\/\/www.youtube-nocookie.com\/embed\/-7JGPp5KfSk\" title=\"YouTube video player\" data-consent=\"youtube\" data-block=\"show\" allow=\"accelerometer; autoplay; clipboard-write; encrypted-media; gyroscope; picture-in-picture\" allowfullscreen=\"\" width=\"540\" height=\"360\" frameborder=\"0\"><\/iframe><\/p>\n<p>Si \u00e8 celebrata questa mattina, nella sala Rossa di palazzo Civico, la giornata internazionale contro l\u2019omofobia,&nbsp;la lesbofobia, la transfobia e la bifobia,&nbsp;dal 2005 nota in tutto il mondo come IDAHOTB (International Day Against Homophobia, Transphobia and Biphobia).<\/p>\n<p>La cerimonia \u00e8 stata anche l\u2019occasione per ascoltare gli interventi di Patrizia Di Lorenzo, tutor coordinatrice, Facolt\u00e0 di Scienze della Formazione Primaria, Universit\u00e0 degli Studi di Torino;&nbsp;Vera Tripodi, docente di Filosofia Morale, Dipartimento di Filosofia e Scienze dell\u2019Educazione, Universit\u00e0 degli Studi di Torino;&nbsp;Anna Chiarle, vice commissaria, Reparto di Prossimit\u00e0, Corpo di Polizia Municipale;&nbsp;Alessandro Battaglia, Coordinamento Torino Pride.<\/p>\n<p>Ospite d\u2019onore Stuart Milk, simbolo della lotta per i diritti civili, fondatore e presidente della Harvey Milk Foundation, nonch\u00e8 consigliere di Barack Obama. Milk \u00e8 un attivista per i diritti umani noto a livello internazionale, portavoce dei diritti civili per le persone LGBT, consulente per le relazioni governative, conferenziere di fama internazionale sul tema dell\u2019uguaglianza globale e sostenitore delle rivendicazioni giovanili. Toccante \u00e8 stata la testimonianza del nipote di Harvey Bernard Milk il politico statunitense, primo componente delle istituzioni statunitensi apertamente gay, assassinato all\u2019interno del Municipio insieme al sindaco di San Francisco, George Moscone nel 1978 dall\u2019ex consigliere comunale Dan White. \u201cMio zio \u2013 ha ricordato Milk \u2013 &nbsp;sognava un giorno come questo e sarebbe stato orgoglioso di Torino. Quello che stiamo facendo oggi qui rappresenta la luce: ci\u00f2 che la vostra Sindaca ha fatto con la registrazione dei figli delle coppie omogenitoriali, nonch\u00e9 nominando un assessore appartenente alla comunit\u00e0 Lgbt, \u00e8 un gesto di grande coraggio e vicinanza alle persone\u201d.<\/p>\n<p>La sindaca di Torino a conclusione dell\u2019incontro, nel ringraziare Stuart Milk e tutti coloro che hanno contribuito alla realizzazione della giornata, ha ricordato che le battaglie di Harvey Bernard Milk sono battaglie di tutte e di tutti. Che, come a sottolineato anche l\u2019assessore alle Pari Opportunit\u00e0, i bimbi e le bimbe non nascono omofobi. \u201cAbbiamo il dovere di essere in prima linea \u2013 ha detto la Sindaca \u2013 ci\u00f2 non significa mettere solo una firma, uno striscione fuori da Palazzo civico, ma far s\u00ec che ogni persona senta la responsabilit\u00e0 di scegliere da che parte stare.&nbsp; Vuol dire che un atto di discriminazione fatto ad un altro \u00e8 fatto anche a te; \u00e8 un approccio culturale che dobbiamo costruire tutti insieme come citt\u00e0\u201d.<\/p>\n<p>A conclusione, si \u00e8 svolto sotto il porticato di Palazzo,&nbsp;il&nbsp;flash mob:&nbsp;\u201cUn segno contro l\u2019omotransfobia\u201d,&nbsp;il cui intento era quello di sensibilizzare la cittadinanza sul tema dell\u2019impegno civico per contrastare il bullismo omofobico e transfobico.<\/p>\n<p>[Fonte:<a href=\"http:\/\/www.torinoclick.it\/?p=83772#!\">TorinoClick<\/a>]<\/p>\n","protected":false},"excerpt":{"rendered":"<p>Flash mob \u201cUn segno contro l\u2019omotransfobia\u201d Cerimonia ufficiale in Sala Rossa Si \u00e8 celebrata questa mattina, nella sala Rossa di palazzo Civico, la giornata internazionale contro l\u2019omofobia,&nbsp;la lesbofobia, la transfobia e la bifobia,&nbsp;dal 2005 nota in tutto il mondo come IDAHOTB (International Day Against Homophobia, Transphobia and Biphobia). La cerimonia \u00e8 stata anche l\u2019occasione per [&hellip;]<\/p>\n","protected":false},"author":1,"featured_media":0,"comment_status":"closed","ping_status":"open","sticky":false,"template":"","format":"standard","meta":{"ngg_post_thumbnail":0},"categories":[133,1,895],"tags":[],"_links":{"self":[{"href":"http:\/\/www.spaziotorino.it\/scatto\/index.php?rest_route=\/wp\/v2\/posts\/17086"}],"collection":[{"href":"http:\/\/www.spaziotorino.it\/scatto\/index.php?rest_route=\/wp\/v2\/posts"}],"about":[{"href":"http:\/\/www.spaziotorino.it\/scatto\/index.php?rest_route=\/wp\/v2\/types\/post"}],"author":[{"embeddable":true,"href":"http:\/\/www.spaziotorino.it\/scatto\/index.php?rest_route=\/wp\/v2\/users\/1"}],"replies":[{"embeddable":true,"href":"http:\/\/www.spaziotorino.it\/scatto\/index.php?rest_route=%2Fwp%2Fv2%2Fcomments&post=17086"}],"version-history":[{"count":5,"href":"http:\/\/www.spaziotorino.it\/scatto\/index.php?rest_route=\/wp\/v2\/posts\/17086\/revisions"}],"predecessor-version":[{"id":17091,"href":"http:\/\/www.spaziotorino.it\/scatto\/index.php?rest_route=\/wp\/v2\/posts\/17086\/revisions\/17091"}],"wp:attachment":[{"href":"http:\/\/www.spaziotorino.it\/scatto\/index.php?rest_route=%2Fwp%2Fv2%2Fmedia&parent=17086"}],"wp:term":[{"taxonomy":"category","embeddable":true,"href":"http:\/\/www.spaziotorino.it\/scatto\/index.php?rest_route=%2Fwp%2Fv2%2Fcategories&post=17086"},{"taxonomy":"post_tag","embeddable":true,"href":"http:\/\/www.spaziotorino.it\/scatto\/index.php?rest_route=%2Fwp%2Fv2%2Ftags&post=17086"}],"curies":[{"name":"wp","href":"https:\/\/api.w.org\/{rel}","templated":true}]}}