{"id":17183,"date":"2019-05-28T08:43:05","date_gmt":"2019-05-28T07:43:05","guid":{"rendered":"http:\/\/www.spaziotorino.it\/scatto\/?p=17183"},"modified":"2019-05-29T08:46:13","modified_gmt":"2019-05-29T07:46:13","slug":"io-lapp-dei-servizi-pubblici-sara-sperimentata-dai-torinesi","status":"publish","type":"post","link":"http:\/\/www.spaziotorino.it\/scatto\/?p=17183","title":{"rendered":"Io, l\u2019app dei servizi pubblici sar\u00e0 sperimentata dai torinesi"},"content":{"rendered":"<p><a class=\"ngg-fancybox\" title=\"Io, l\u2019app dei servizi pubblici sar\u00e0 sperimentata dai torinesi\" href=\"http:\/\/www.spaziotorino.it\/scatto\/wp-content\/gallery\/2019_05_28_ioapp\/pla_3980.jpg\" rel=\"fabffc368790c40e7d937a9a85544687\"><br \/>\n<img decoding=\"async\" loading=\"lazy\" class=\"ngg-singlepic\" title=\"Io, l\u2019app dei servizi pubblici sar\u00e0 sperimentata dai torinesi\" src=\"http:\/\/www.spaziotorino.it\/scatto\/wp-content\/gallery\/2019_05_28_ioapp\/pla_3980.jpg\" alt=\"\" width=\"540\" height=\"360\"\/><\/a><\/p>\n<!-- index.php -->\n<div\n\tclass=\"ngg-galleryoverview ngg-ajax-pagination-none\"\n\tid=\"ngg-gallery-dcb84fa6189b108ca057bd73f00bf9b5-1\">\n\n    \t\t<!-- Thumbnails -->\n\t\t\t\t<div id=\"ngg-image-0\" class=\"ngg-gallery-thumbnail-box\" >\n\t\t\t\t        <div class=\"ngg-gallery-thumbnail\">\n            <a href=\"http:\/\/www.spaziotorino.it\/scatto\/wp-content\/gallery\/2019_05_28_ioapp\/pla_4036.jpg\"\n               title=\"Io, l\u2019app dei servizi pubblici sar\u00e0 sperimentata dai torinesi\"\n               data-src=\"http:\/\/www.spaziotorino.it\/scatto\/wp-content\/gallery\/2019_05_28_ioapp\/pla_4036.jpg\"\n               data-thumbnail=\"http:\/\/www.spaziotorino.it\/scatto\/wp-content\/gallery\/2019_05_28_ioapp\/thumbs\/thumbs_pla_4036.jpg\"\n               data-image-id=\"22889\"\n               data-title=\"Io, l\u2019app dei servizi pubblici sar\u00e0 sperimentata dai torinesi\"\n               data-description=\"Io, l\u2019app dei servizi pubblici sar\u00e0 sperimentata dai torinesi\"\n               data-image-slug=\"pla_4036\"\n               class=\"ngg-fancybox\" rel=\"dcb84fa6189b108ca057bd73f00bf9b5\">\n                <img\n                    title=\"Io, l\u2019app dei servizi pubblici sar\u00e0 sperimentata dai torinesi\"\n                    alt=\"Io, l\u2019app dei servizi pubblici sar\u00e0 sperimentata dai torinesi\"\n                    src=\"http:\/\/www.spaziotorino.it\/scatto\/wp-content\/gallery\/2019_05_28_ioapp\/cache\/pla_4036.jpg-nggid0522889-ngg0dyn-60x60x100-00f0w010c011r110f110r010t010.jpg\"\n                    width=\"60\"\n                    height=\"60\"\n                    style=\"max-width:100%;\"\n                \/>\n            <\/a>\n        <\/div>\n\t\t\t\t\t\t\t<\/div> \n\t\t\t\n        \n\t\t\t\t<div id=\"ngg-image-1\" class=\"ngg-gallery-thumbnail-box\" >\n\t\t\t\t        <div class=\"ngg-gallery-thumbnail\">\n            <a href=\"http:\/\/www.spaziotorino.it\/scatto\/wp-content\/gallery\/2019_05_28_ioapp\/pla_4001.jpg\"\n               title=\"Paola Pisano, Assessore all&#039;Innovazione della Citt\u00e0 di Torino\"\n               data-src=\"http:\/\/www.spaziotorino.it\/scatto\/wp-content\/gallery\/2019_05_28_ioapp\/pla_4001.jpg\"\n               data-thumbnail=\"http:\/\/www.spaziotorino.it\/scatto\/wp-content\/gallery\/2019_05_28_ioapp\/thumbs\/thumbs_pla_4001.jpg\"\n               data-image-id=\"22885\"\n               data-title=\"Paola Pisano, Assessore all&#039;Innovazione della Citt\u00e0 di Torino\"\n               data-description=\"Paola Pisano, Assessore all&#039;Innovazione della Citt\u00e0 di Torino\"\n               data-image-slug=\"pla_4001\"\n               class=\"ngg-fancybox\" rel=\"dcb84fa6189b108ca057bd73f00bf9b5\">\n                <img\n                    title=\"Paola Pisano, Assessore all&#039;Innovazione della Citt\u00e0 di Torino\"\n                    alt=\"Paola Pisano, Assessore all&#039;Innovazione della Citt\u00e0 di Torino\"\n                    src=\"http:\/\/www.spaziotorino.it\/scatto\/wp-content\/gallery\/2019_05_28_ioapp\/cache\/pla_4001.jpg-nggid0522885-ngg0dyn-60x60x100-00f0w010c011r110f110r010t010.jpg\"\n                    width=\"60\"\n                    height=\"60\"\n                    style=\"max-width:100%;\"\n                \/>\n            <\/a>\n        <\/div>\n\t\t\t\t\t\t\t<\/div> \n\t\t\t\n        \n\t\t\t\t<div id=\"ngg-image-2\" class=\"ngg-gallery-thumbnail-box\" >\n\t\t\t\t        <div class=\"ngg-gallery-thumbnail\">\n            <a href=\"http:\/\/www.spaziotorino.it\/scatto\/wp-content\/gallery\/2019_05_28_ioapp\/pla_4011.jpg\"\n               title=\"Matteo De Santi \u2013 chief Product &amp; Design Officer, Team per la Trasformazione Digitale della Presidenza del Consiglio dei Ministri\"\n               data-src=\"http:\/\/www.spaziotorino.it\/scatto\/wp-content\/gallery\/2019_05_28_ioapp\/pla_4011.jpg\"\n               data-thumbnail=\"http:\/\/www.spaziotorino.it\/scatto\/wp-content\/gallery\/2019_05_28_ioapp\/thumbs\/thumbs_pla_4011.jpg\"\n               data-image-id=\"22886\"\n               data-title=\"Matteo De Santi \u2013 chief Product &amp; Design Officer, Team per la Trasformazione Digitale della Presidenza del Consiglio dei Ministri\"\n               data-description=\"Matteo De Santi \u2013 chief Product &amp; Design Officer, Team per la Trasformazione Digitale della Presidenza del Consiglio dei Ministri\"\n               data-image-slug=\"pla_4011\"\n               class=\"ngg-fancybox\" rel=\"dcb84fa6189b108ca057bd73f00bf9b5\">\n                <img\n                    title=\"Matteo De Santi \u2013 chief Product &amp; Design Officer, Team per la Trasformazione Digitale della Presidenza del Consiglio dei Ministri\"\n                    alt=\"Matteo De Santi \u2013 chief Product &amp; Design Officer, Team per la Trasformazione Digitale della Presidenza del Consiglio dei Ministri\"\n                    src=\"http:\/\/www.spaziotorino.it\/scatto\/wp-content\/gallery\/2019_05_28_ioapp\/cache\/pla_4011.jpg-nggid0522886-ngg0dyn-60x60x100-00f0w010c011r110f110r010t010.jpg\"\n                    width=\"60\"\n                    height=\"60\"\n                    style=\"max-width:100%;\"\n                \/>\n            <\/a>\n        <\/div>\n\t\t\t\t\t\t\t<\/div> \n\t\t\t\n        \n\t\t\t\t<div id=\"ngg-image-3\" class=\"ngg-gallery-thumbnail-box\" >\n\t\t\t\t        <div class=\"ngg-gallery-thumbnail\">\n            <a href=\"http:\/\/www.spaziotorino.it\/scatto\/wp-content\/gallery\/2019_05_28_ioapp\/pla_4043.jpg\"\n               title=\"Franco Gola, direttore della Direzione PA digitale CSI Piemonte\"\n               data-src=\"http:\/\/www.spaziotorino.it\/scatto\/wp-content\/gallery\/2019_05_28_ioapp\/pla_4043.jpg\"\n               data-thumbnail=\"http:\/\/www.spaziotorino.it\/scatto\/wp-content\/gallery\/2019_05_28_ioapp\/thumbs\/thumbs_pla_4043.jpg\"\n               data-image-id=\"22890\"\n               data-title=\"Franco Gola, direttore della Direzione PA digitale CSI Piemonte\"\n               data-description=\"Franco Gola, direttore della Direzione PA digitale CSI Piemonte\"\n               data-image-slug=\"pla_4043\"\n               class=\"ngg-fancybox\" rel=\"dcb84fa6189b108ca057bd73f00bf9b5\">\n                <img\n                    title=\"Franco Gola, direttore della Direzione PA digitale CSI Piemonte\"\n                    alt=\"Franco Gola, direttore della Direzione PA digitale CSI Piemonte\"\n                    src=\"http:\/\/www.spaziotorino.it\/scatto\/wp-content\/gallery\/2019_05_28_ioapp\/cache\/pla_4043.jpg-nggid0522890-ngg0dyn-60x60x100-00f0w010c011r110f110r010t010.jpg\"\n                    width=\"60\"\n                    height=\"60\"\n                    style=\"max-width:100%;\"\n                \/>\n            <\/a>\n        <\/div>\n\t\t\t\t\t\t\t<\/div> \n\t\t\t\n        \n\t\t\t\t<div id=\"ngg-image-4\" class=\"ngg-gallery-thumbnail-box\" >\n\t\t\t\t        <div class=\"ngg-gallery-thumbnail\">\n            <a href=\"http:\/\/www.spaziotorino.it\/scatto\/wp-content\/gallery\/2019_05_28_ioapp\/pla_4026.jpg\"\n               title=\"Io, l\u2019app dei servizi pubblici sar\u00e0 sperimentata dai torinesi\"\n               data-src=\"http:\/\/www.spaziotorino.it\/scatto\/wp-content\/gallery\/2019_05_28_ioapp\/pla_4026.jpg\"\n               data-thumbnail=\"http:\/\/www.spaziotorino.it\/scatto\/wp-content\/gallery\/2019_05_28_ioapp\/thumbs\/thumbs_pla_4026.jpg\"\n               data-image-id=\"22891\"\n               data-title=\"Io, l\u2019app dei servizi pubblici sar\u00e0 sperimentata dai torinesi\"\n               data-description=\"Io, l\u2019app dei servizi pubblici sar\u00e0 sperimentata dai torinesi\"\n               data-image-slug=\"pla_4026\"\n               class=\"ngg-fancybox\" rel=\"dcb84fa6189b108ca057bd73f00bf9b5\">\n                <img\n                    title=\"Io, l\u2019app dei servizi pubblici sar\u00e0 sperimentata dai torinesi\"\n                    alt=\"Io, l\u2019app dei servizi pubblici sar\u00e0 sperimentata dai torinesi\"\n                    src=\"http:\/\/www.spaziotorino.it\/scatto\/wp-content\/gallery\/2019_05_28_ioapp\/cache\/pla_4026.jpg-nggid0522891-ngg0dyn-60x60x100-00f0w010c011r110f110r010t010.jpg\"\n                    width=\"60\"\n                    height=\"60\"\n                    style=\"max-width:100%;\"\n                \/>\n            <\/a>\n        <\/div>\n\t\t\t\t\t\t\t<\/div> \n\t\t\t\n        \n\t\t\t\t<div id=\"ngg-image-5\" class=\"ngg-gallery-thumbnail-box\" >\n\t\t\t\t        <div class=\"ngg-gallery-thumbnail\">\n            <a href=\"http:\/\/www.spaziotorino.it\/scatto\/wp-content\/gallery\/2019_05_28_ioapp\/pla_4029.jpg\"\n               title=\"Io, l\u2019app dei servizi pubblici sar\u00e0 sperimentata dai torinesi\"\n               data-src=\"http:\/\/www.spaziotorino.it\/scatto\/wp-content\/gallery\/2019_05_28_ioapp\/pla_4029.jpg\"\n               data-thumbnail=\"http:\/\/www.spaziotorino.it\/scatto\/wp-content\/gallery\/2019_05_28_ioapp\/thumbs\/thumbs_pla_4029.jpg\"\n               data-image-id=\"22892\"\n               data-title=\"Io, l\u2019app dei servizi pubblici sar\u00e0 sperimentata dai torinesi\"\n               data-description=\"Io, l\u2019app dei servizi pubblici sar\u00e0 sperimentata dai torinesi\"\n               data-image-slug=\"pla_4029\"\n               class=\"ngg-fancybox\" rel=\"dcb84fa6189b108ca057bd73f00bf9b5\">\n                <img\n                    title=\"Io, l\u2019app dei servizi pubblici sar\u00e0 sperimentata dai torinesi\"\n                    alt=\"Io, l\u2019app dei servizi pubblici sar\u00e0 sperimentata dai torinesi\"\n                    src=\"http:\/\/www.spaziotorino.it\/scatto\/wp-content\/gallery\/2019_05_28_ioapp\/cache\/pla_4029.jpg-nggid0522892-ngg0dyn-60x60x100-00f0w010c011r110f110r010t010.jpg\"\n                    width=\"60\"\n                    height=\"60\"\n                    style=\"max-width:100%;\"\n                \/>\n            <\/a>\n        <\/div>\n\t\t\t\t\t\t\t<\/div> \n\t\t\t\n        \n\t\t\t\t<div id=\"ngg-image-6\" class=\"ngg-gallery-thumbnail-box\" >\n\t\t\t\t        <div class=\"ngg-gallery-thumbnail\">\n            <a href=\"http:\/\/www.spaziotorino.it\/scatto\/wp-content\/gallery\/2019_05_28_ioapp\/pla_3980.jpg\"\n               title=\"\"\n               data-src=\"http:\/\/www.spaziotorino.it\/scatto\/wp-content\/gallery\/2019_05_28_ioapp\/pla_3980.jpg\"\n               data-thumbnail=\"http:\/\/www.spaziotorino.it\/scatto\/wp-content\/gallery\/2019_05_28_ioapp\/thumbs\/thumbs_pla_3980.jpg\"\n               data-image-id=\"22884\"\n               data-title=\"Matteo De Santi, Paola Pisano e Franco Gola\"\n               data-description=\"\"\n               data-image-slug=\"pla_3980\"\n               class=\"ngg-fancybox\" rel=\"dcb84fa6189b108ca057bd73f00bf9b5\">\n                <img\n                    title=\"Matteo De Santi, Paola Pisano e Franco Gola\"\n                    alt=\"Matteo De Santi, Paola Pisano e Franco Gola\"\n                    src=\"http:\/\/www.spaziotorino.it\/scatto\/wp-content\/gallery\/2019_05_28_ioapp\/cache\/pla_3980.jpg-nggid0522884-ngg0dyn-60x60x100-00f0w010c011r110f110r010t010.jpg\"\n                    width=\"60\"\n                    height=\"60\"\n                    style=\"max-width:100%;\"\n                \/>\n            <\/a>\n        <\/div>\n\t\t\t\t\t\t\t<\/div> \n\t\t\t\n        \n\t\t\n\t\t<!-- Pagination -->\n\t<div class='ngg-clear'><\/div>\t<\/div>\n\n<p>\u00c8 stato presentato oggi a Torino, al Museo Egizio, IO, il progetto ideato e sviluppato dal<a href=\"https:\/\/teamdigitale.governo.it\/\" target=\"_blank\" rel=\"noopener noreferrer\">&nbsp;Team per la Trasformazione Digitale della Presidenza del Consiglio dei Ministri<\/a>&nbsp;per il potenziamento dell\u2019applicazione che faciliter\u00e0 l\u2019accesso dei cittadini italiani ai servizi digitali della Pubblica Amministrazione.<\/p>\n<p>IO (<a href=\"https:\/\/io.italia.it\/\" target=\"_blank\" rel=\"noopener noreferrer\">io.italia.it<\/a><a href=\"https:\/\/io.italia.it\/\" target=\"_blank\" rel=\"noopener noreferrer\">) propone un cambio di paradigma nel<\/a>l\u2019erogazione dei servizi pubblici, portando il cittadino al centro del processo. Attraverso un\u2019unica applicazione, tutti gli enti pubblici locali e nazionali potranno contattare direttamente i singoli cittadini via smartphone in maniera semplice, moderna e sicura per avvisarli delle prossime scadenze&nbsp; ad esempio pagare un tributo, anche tramite la stessa app grazie all\u2019integrazione di&nbsp;<a href=\"https:\/\/teamdigitale.governo.it\/it\/projects\/pagamenti-digitali.htm\" target=\"_blank\" rel=\"noopener noreferrer\">pagoPA<\/a>&nbsp;oppure per condividere informazioni relative alle pratiche in corso o ai servizi richiesti, inviando messaggi personalizzati sulle specifiche esigenze dell\u2019utente.<\/p>\n<p>L\u2019Amministrazione Comunale, impegnata da sempre&nbsp; a rendere pi\u00f9 facile e diretto il dialogo con il cittadino anche con il portale&nbsp;&nbsp;<a href=\"http:\/\/www.torinofacile.it\/\" target=\"_blank\" rel=\"noopener noreferrer\">TorinoFacile<\/a>, da&nbsp; tempo collabora attivamente con il Team per la Trasformazione Digitale sul fronte della digitalizzazione dei servizi pubblici.<\/p>\n<p>\u00ab<em>Come Citt\u00e0 abbiamo sempre puntato sulla digitalizzazione e sulla semplificazione dei servizi al cittadino. Siamo in un\u2019epoca in cui tutto deve essere di facile utilizzo e veloce. Questo \u00e8 l\u2019impegno dell\u2019Amministrazione Comunale<\/em>\u00bb spiega&nbsp;<strong>Paola Pisano<\/strong>, assessore all\u2019Innovazione del capoluogo piemontese. \u00ab<em>Siamo partiti con TorinoFacile, il portale digitale per i servizi al cittadino e oggi presentiamo un nuovo progetto del Team per la Trasformazione Digitale, invitando i nostri cittadini a dare il proprio contributo alla sua evoluzione per essere, in futuro, sempre pi\u00f9 connessi con la PA<\/em>\u00bb.<\/p>\n<p>Alla presentazione della piattaforma hanno partecipato insieme&nbsp; a Pisano, &nbsp;<strong>Matteo De Santi<\/strong>&nbsp;\u2013 chief Product &amp; Design Officer, Team per la Trasformazione Digitale della Presidenza del Consiglio dei Ministri,&nbsp;<strong>Franco Gola,&nbsp;<\/strong>direttore della Direzione PA&nbsp; digitale CSI Piemonte e, in collegamento da Roma,&nbsp;<strong>Luca Attias,&nbsp;<\/strong>commissario straordinario per l\u2019attuazione dell\u2019Agenda Digitale.<\/p>\n<p>L\u2019app IO \u00e8 in continuo aggiornamento e oggi \u00e8 stata lanciata la&nbsp;<em>call for testers&nbsp;<\/em>anche dal Comune di Torino. I cittadini selezionati potranno provare la app nella vita di tutti i giorni e interagire con una prima serie di servizi reali, effettuando operazioni e pagamenti validi a tutti gli effetti. L\u2019invito \u00e8 rivolto a tutti i torinesi: coloro che desiderano partecipare alla sperimentazione dovranno risiedere nel capoluogo piemontese, essere in possesso di uno smartphone Android o iOS e di un\u2019identit\u00e0 digitale SPID per accedere all\u2019app.<\/p>\n<p>Per candidarsi&nbsp; a diventare&nbsp;<em>beta tester<\/em>&nbsp;\u00e8 sufficiente compilare il modulo online disponibile al link&nbsp;<a href=\"https:\/\/io.italia.it\/torino\/\" target=\"_blank\" rel=\"noopener noreferrer\">https:\/\/io.italia.it\/torino\/<\/a>&nbsp;indicando il&nbsp;<strong>codice invito 4003<\/strong>. L\u2019inserimento di questo codice invito consentir\u00e0 ai cittadini di avere la priorit\u00e0 su altri eventuali partecipanti al test.<\/p>\n<p>Entro met\u00e0 giugno, i candidati&nbsp; selezionati riceveranno le istruzioni per scaricare l\u2019app. Non tutti i cittadini che ne faranno richiesta potranno partecipare da subito alla sperimentazione. Il bacino di utenti della versione beta di IO sar\u00e0 ampliato progressivamente, cos\u00ec da consentire agli sviluppatori del Team per la Trasformazione Digitale di tenere sotto controllo la risposta dei sistemi e dell\u2019infrastruttura del progetto, nonch\u00e8 l\u2019integrazione dei vari servizi.<\/p>\n<p>\u00ab<em>IO \u00e8 un progetto open source, che \u00e8 nato coinvolgendo i cittadini sin dall\u2019inizio e che vogliamo far crescere e migliorare progressivamente facendo tesoro anche di competenze esterne e dell\u2019esperienza diretta degli utenti finali<\/em>\u00bb, ha commentato&nbsp;<strong>Matteo De Santi,<\/strong>&nbsp;chief Product &amp; Design Officer del Team per la Trasformazione Digitale. \u00ab<em>Dall\u2019avvio della fase di closed beta ad aprile, sono gi\u00e0 centinaia i cittadini che stanno testando l\u2019app per aiutarci a individuare e risolvere diversi bug, a&nbsp;<\/em><em>ottimizzare alcune funzionalit\u00e0, a scoprire nuove opportunit\u00e0 e nuovi servizi. Siamo entusiasti di poter estendere la sperimentazione anche ai torinesi, perch\u00e9 sono i feedback delle persone a fare la differenza nello sviluppo di IO, in vista del suo arrivo negli store nella seconda met\u00e0 del 2019<\/em>\u00bb.<\/p>\n<p>\u00ab<em>Siamo orgogliosi di aver dato il nostro contributo per la realizzazione di un progetto cos\u00ec strategico, di portata nazionale, come quello di IO, che porter\u00e0 i servizi digitali pubblici negli smartphone dei cittadini<\/em>\u00bb spiega&nbsp;<strong>Pietro Pacini<\/strong>, direttore generale CSI Piemonte &nbsp;\u00ab<em>Il CSI, integrando i servizi di notifica del portale Torino Facile con l\u2019app IO, ha permesso alla Citt\u00e0 di Torino di essere tra le prime citt\u00e0 pilota di questo importante servizio<\/em>\u00bb.<\/p>\n<p>Come Torino, anche altri enti locali e agenzie centrali hanno aderito al progetto e stanno per avviare la sperimentazione, cos\u00ec da far crescere sempre di pi\u00f9 su tutto il territorio italiano questa importante azione di digitalizzazione nella PA.<\/p>\n<p>[Fonte: <a href=\"http:\/\/www.torinoclick.it\/?p=83916\">TorinoClick<\/a>]<\/p>\n","protected":false},"excerpt":{"rendered":"<p>\u00c8 stato presentato oggi a Torino, al Museo Egizio, IO, il progetto ideato e sviluppato dal&nbsp;Team per la Trasformazione Digitale della Presidenza del Consiglio dei Ministri&nbsp;per il potenziamento dell\u2019applicazione che faciliter\u00e0 l\u2019accesso dei cittadini italiani ai servizi digitali della Pubblica Amministrazione. IO (io.italia.it) propone un cambio di paradigma nell\u2019erogazione dei servizi pubblici, portando il cittadino [&hellip;]<\/p>\n","protected":false},"author":1,"featured_media":0,"comment_status":"closed","ping_status":"open","sticky":false,"template":"","format":"standard","meta":{"ngg_post_thumbnail":0},"categories":[1],"tags":[],"_links":{"self":[{"href":"http:\/\/www.spaziotorino.it\/scatto\/index.php?rest_route=\/wp\/v2\/posts\/17183"}],"collection":[{"href":"http:\/\/www.spaziotorino.it\/scatto\/index.php?rest_route=\/wp\/v2\/posts"}],"about":[{"href":"http:\/\/www.spaziotorino.it\/scatto\/index.php?rest_route=\/wp\/v2\/types\/post"}],"author":[{"embeddable":true,"href":"http:\/\/www.spaziotorino.it\/scatto\/index.php?rest_route=\/wp\/v2\/users\/1"}],"replies":[{"embeddable":true,"href":"http:\/\/www.spaziotorino.it\/scatto\/index.php?rest_route=%2Fwp%2Fv2%2Fcomments&post=17183"}],"version-history":[{"count":2,"href":"http:\/\/www.spaziotorino.it\/scatto\/index.php?rest_route=\/wp\/v2\/posts\/17183\/revisions"}],"predecessor-version":[{"id":17185,"href":"http:\/\/www.spaziotorino.it\/scatto\/index.php?rest_route=\/wp\/v2\/posts\/17183\/revisions\/17185"}],"wp:attachment":[{"href":"http:\/\/www.spaziotorino.it\/scatto\/index.php?rest_route=%2Fwp%2Fv2%2Fmedia&parent=17183"}],"wp:term":[{"taxonomy":"category","embeddable":true,"href":"http:\/\/www.spaziotorino.it\/scatto\/index.php?rest_route=%2Fwp%2Fv2%2Fcategories&post=17183"},{"taxonomy":"post_tag","embeddable":true,"href":"http:\/\/www.spaziotorino.it\/scatto\/index.php?rest_route=%2Fwp%2Fv2%2Ftags&post=17183"}],"curies":[{"name":"wp","href":"https:\/\/api.w.org\/{rel}","templated":true}]}}