{"id":17202,"date":"2019-05-29T14:06:32","date_gmt":"2019-05-29T13:06:32","guid":{"rendered":"http:\/\/www.spaziotorino.it\/scatto\/?p=17202"},"modified":"2019-05-29T14:06:32","modified_gmt":"2019-05-29T13:06:32","slug":"imparare-ad-affrontare-le-emergenze-con-la-protezione-civile","status":"publish","type":"post","link":"http:\/\/www.spaziotorino.it\/scatto\/?p=17202","title":{"rendered":"Imparare ad affrontare le emergenze con la Protezione Civile"},"content":{"rendered":"<p><a class=\"ngg-fancybox\" title=\"Imparare ad affrontare le emergenze con la Protezione Civile\" href=\"http:\/\/www.spaziotorino.it\/scatto\/wp-content\/gallery\/2019_05_29_emergenze\/pla_9511.jpg\" rel=\"5abb56cec4deb75c85cf635090466dc9\"><br \/>\n<img decoding=\"async\" loading=\"lazy\" class=\"ngg-singlepic\" title=\"Imparare ad affrontare le emergenze con la Protezione Civile\" src=\"http:\/\/www.spaziotorino.it\/scatto\/wp-content\/gallery\/2019_05_29_emergenze\/pla_9511.jpg\" alt=\"\" width=\"540\" height=\"360\"\/><\/a><\/p>\n<!-- index.php -->\n<div\n\tclass=\"ngg-galleryoverview ngg-ajax-pagination-none\"\n\tid=\"ngg-gallery-c3f40b320404c8f8c809c90a9252eebd-1\">\n\n    \t\t<!-- Thumbnails -->\n\t\t\t\t<div id=\"ngg-image-0\" class=\"ngg-gallery-thumbnail-box\" >\n\t\t\t\t        <div class=\"ngg-gallery-thumbnail\">\n            <a href=\"http:\/\/www.spaziotorino.it\/scatto\/wp-content\/gallery\/2019_05_29_emergenze\/pla_4060.jpg\"\n               title=\"Con la protezione civile per una citt\u00e0 resiliente\"\n               data-src=\"http:\/\/www.spaziotorino.it\/scatto\/wp-content\/gallery\/2019_05_29_emergenze\/pla_4060.jpg\"\n               data-thumbnail=\"http:\/\/www.spaziotorino.it\/scatto\/wp-content\/gallery\/2019_05_29_emergenze\/thumbs\/thumbs_pla_4060.jpg\"\n               data-image-id=\"22893\"\n               data-title=\"Con la protezione civile per una citt\u00e0 resiliente\"\n               data-description=\"Con la protezione civile per una citt\u00e0 resiliente\"\n               data-image-slug=\"pla_4060-1\"\n               class=\"ngg-fancybox\" rel=\"c3f40b320404c8f8c809c90a9252eebd\">\n                <img\n                    title=\"Con la protezione civile per una citt\u00e0 resiliente\"\n                    alt=\"Con la protezione civile per una citt\u00e0 resiliente\"\n                    src=\"http:\/\/www.spaziotorino.it\/scatto\/wp-content\/gallery\/2019_05_29_emergenze\/cache\/pla_4060.jpg-nggid0522893-ngg0dyn-60x60x100-00f0w010c011r110f110r010t010.jpg\"\n                    width=\"60\"\n                    height=\"60\"\n                    style=\"max-width:100%;\"\n                \/>\n            <\/a>\n        <\/div>\n\t\t\t\t\t\t\t<\/div> \n\t\t\t\n        \n\t\t\t\t<div id=\"ngg-image-1\" class=\"ngg-gallery-thumbnail-box\" >\n\t\t\t\t        <div class=\"ngg-gallery-thumbnail\">\n            <a href=\"http:\/\/www.spaziotorino.it\/scatto\/wp-content\/gallery\/2019_05_29_emergenze\/pla_9483.jpg\"\n               title=\"Un momento della conferenza stampa\"\n               data-src=\"http:\/\/www.spaziotorino.it\/scatto\/wp-content\/gallery\/2019_05_29_emergenze\/pla_9483.jpg\"\n               data-thumbnail=\"http:\/\/www.spaziotorino.it\/scatto\/wp-content\/gallery\/2019_05_29_emergenze\/thumbs\/thumbs_pla_9483.jpg\"\n               data-image-id=\"22894\"\n               data-title=\"Un momento della conferenza stampa\"\n               data-description=\"Un momento della conferenza stampa\"\n               data-image-slug=\"pla_9483\"\n               class=\"ngg-fancybox\" rel=\"c3f40b320404c8f8c809c90a9252eebd\">\n                <img\n                    title=\"Un momento della conferenza stampa\"\n                    alt=\"Un momento della conferenza stampa\"\n                    src=\"http:\/\/www.spaziotorino.it\/scatto\/wp-content\/gallery\/2019_05_29_emergenze\/cache\/pla_9483.jpg-nggid0522894-ngg0dyn-60x60x100-00f0w010c011r110f110r010t010.jpg\"\n                    width=\"60\"\n                    height=\"60\"\n                    style=\"max-width:100%;\"\n                \/>\n            <\/a>\n        <\/div>\n\t\t\t\t\t\t\t<\/div> \n\t\t\t\n        \n\t\t\t\t<div id=\"ngg-image-2\" class=\"ngg-gallery-thumbnail-box\" >\n\t\t\t\t        <div class=\"ngg-gallery-thumbnail\">\n            <a href=\"http:\/\/www.spaziotorino.it\/scatto\/wp-content\/gallery\/2019_05_29_emergenze\/pla_9486.jpg\"\n               title=\"I volontari della Protezione Civile in Sala Congregazioni\"\n               data-src=\"http:\/\/www.spaziotorino.it\/scatto\/wp-content\/gallery\/2019_05_29_emergenze\/pla_9486.jpg\"\n               data-thumbnail=\"http:\/\/www.spaziotorino.it\/scatto\/wp-content\/gallery\/2019_05_29_emergenze\/thumbs\/thumbs_pla_9486.jpg\"\n               data-image-id=\"22895\"\n               data-title=\"I volontari della Protezione Civile in Sala Congregazioni\"\n               data-description=\"I volontari della Protezione Civile in Sala Congregazioni\"\n               data-image-slug=\"pla_9486\"\n               class=\"ngg-fancybox\" rel=\"c3f40b320404c8f8c809c90a9252eebd\">\n                <img\n                    title=\"I volontari della Protezione Civile in Sala Congregazioni\"\n                    alt=\"I volontari della Protezione Civile in Sala Congregazioni\"\n                    src=\"http:\/\/www.spaziotorino.it\/scatto\/wp-content\/gallery\/2019_05_29_emergenze\/cache\/pla_9486.jpg-nggid0522895-ngg0dyn-60x60x100-00f0w010c011r110f110r010t010.jpg\"\n                    width=\"60\"\n                    height=\"60\"\n                    style=\"max-width:100%;\"\n                \/>\n            <\/a>\n        <\/div>\n\t\t\t\t\t\t\t<\/div> \n\t\t\t\n        \n\t\t\t\t<div id=\"ngg-image-3\" class=\"ngg-gallery-thumbnail-box\" >\n\t\t\t\t        <div class=\"ngg-gallery-thumbnail\">\n            <a href=\"http:\/\/www.spaziotorino.it\/scatto\/wp-content\/gallery\/2019_05_29_emergenze\/pla_9489.jpg\"\n               title=\"L\u2019assessore Alberto Unia\"\n               data-src=\"http:\/\/www.spaziotorino.it\/scatto\/wp-content\/gallery\/2019_05_29_emergenze\/pla_9489.jpg\"\n               data-thumbnail=\"http:\/\/www.spaziotorino.it\/scatto\/wp-content\/gallery\/2019_05_29_emergenze\/thumbs\/thumbs_pla_9489.jpg\"\n               data-image-id=\"22896\"\n               data-title=\"L\u2019assessore Alberto Unia\"\n               data-description=\"L\u2019assessore Alberto Unia\"\n               data-image-slug=\"pla_9489\"\n               class=\"ngg-fancybox\" rel=\"c3f40b320404c8f8c809c90a9252eebd\">\n                <img\n                    title=\"L\u2019assessore Alberto Unia\"\n                    alt=\"L\u2019assessore Alberto Unia\"\n                    src=\"http:\/\/www.spaziotorino.it\/scatto\/wp-content\/gallery\/2019_05_29_emergenze\/cache\/pla_9489.jpg-nggid0522896-ngg0dyn-60x60x100-00f0w010c011r110f110r010t010.jpg\"\n                    width=\"60\"\n                    height=\"60\"\n                    style=\"max-width:100%;\"\n                \/>\n            <\/a>\n        <\/div>\n\t\t\t\t\t\t\t<\/div> \n\t\t\t\n        \n\t\t\t\t<div id=\"ngg-image-4\" class=\"ngg-gallery-thumbnail-box\" >\n\t\t\t\t        <div class=\"ngg-gallery-thumbnail\">\n            <a href=\"http:\/\/www.spaziotorino.it\/scatto\/wp-content\/gallery\/2019_05_29_emergenze\/pla_9490.jpg\"\n               title=\"Un momento della conferenza stampa\"\n               data-src=\"http:\/\/www.spaziotorino.it\/scatto\/wp-content\/gallery\/2019_05_29_emergenze\/pla_9490.jpg\"\n               data-thumbnail=\"http:\/\/www.spaziotorino.it\/scatto\/wp-content\/gallery\/2019_05_29_emergenze\/thumbs\/thumbs_pla_9490.jpg\"\n               data-image-id=\"22897\"\n               data-title=\"Un momento della conferenza stampa\"\n               data-description=\"Un momento della conferenza stampa\"\n               data-image-slug=\"pla_9490\"\n               class=\"ngg-fancybox\" rel=\"c3f40b320404c8f8c809c90a9252eebd\">\n                <img\n                    title=\"Un momento della conferenza stampa\"\n                    alt=\"Un momento della conferenza stampa\"\n                    src=\"http:\/\/www.spaziotorino.it\/scatto\/wp-content\/gallery\/2019_05_29_emergenze\/cache\/pla_9490.jpg-nggid0522897-ngg0dyn-60x60x100-00f0w010c011r110f110r010t010.jpg\"\n                    width=\"60\"\n                    height=\"60\"\n                    style=\"max-width:100%;\"\n                \/>\n            <\/a>\n        <\/div>\n\t\t\t\t\t\t\t<\/div> \n\t\t\t\n        \n\t\t\t\t<div id=\"ngg-image-5\" class=\"ngg-gallery-thumbnail-box\" >\n\t\t\t\t        <div class=\"ngg-gallery-thumbnail\">\n            <a href=\"http:\/\/www.spaziotorino.it\/scatto\/wp-content\/gallery\/2019_05_29_emergenze\/pla_9497.jpg\"\n               title=\"Un momento della conferenza stampa\"\n               data-src=\"http:\/\/www.spaziotorino.it\/scatto\/wp-content\/gallery\/2019_05_29_emergenze\/pla_9497.jpg\"\n               data-thumbnail=\"http:\/\/www.spaziotorino.it\/scatto\/wp-content\/gallery\/2019_05_29_emergenze\/thumbs\/thumbs_pla_9497.jpg\"\n               data-image-id=\"22898\"\n               data-title=\"Un momento della conferenza stampa\"\n               data-description=\"Un momento della conferenza stampa\"\n               data-image-slug=\"pla_9497\"\n               class=\"ngg-fancybox\" rel=\"c3f40b320404c8f8c809c90a9252eebd\">\n                <img\n                    title=\"Un momento della conferenza stampa\"\n                    alt=\"Un momento della conferenza stampa\"\n                    src=\"http:\/\/www.spaziotorino.it\/scatto\/wp-content\/gallery\/2019_05_29_emergenze\/cache\/pla_9497.jpg-nggid0522898-ngg0dyn-60x60x100-00f0w010c011r110f110r010t010.jpg\"\n                    width=\"60\"\n                    height=\"60\"\n                    style=\"max-width:100%;\"\n                \/>\n            <\/a>\n        <\/div>\n\t\t\t\t\t\t\t<\/div> \n\t\t\t\n        \n\t\t\t\t<div id=\"ngg-image-6\" class=\"ngg-gallery-thumbnail-box\" >\n\t\t\t\t        <div class=\"ngg-gallery-thumbnail\">\n            <a href=\"http:\/\/www.spaziotorino.it\/scatto\/wp-content\/gallery\/2019_05_29_emergenze\/pla_9511.jpg\"\n               title=\"Foto di gruppo con i volontari della Protezione Civile\"\n               data-src=\"http:\/\/www.spaziotorino.it\/scatto\/wp-content\/gallery\/2019_05_29_emergenze\/pla_9511.jpg\"\n               data-thumbnail=\"http:\/\/www.spaziotorino.it\/scatto\/wp-content\/gallery\/2019_05_29_emergenze\/thumbs\/thumbs_pla_9511.jpg\"\n               data-image-id=\"22899\"\n               data-title=\"Foto di gruppo con i volontari della Protezione Civile\"\n               data-description=\"Foto di gruppo con i volontari della Protezione Civile\"\n               data-image-slug=\"pla_9511\"\n               class=\"ngg-fancybox\" rel=\"c3f40b320404c8f8c809c90a9252eebd\">\n                <img\n                    title=\"Foto di gruppo con i volontari della Protezione Civile\"\n                    alt=\"Foto di gruppo con i volontari della Protezione Civile\"\n                    src=\"http:\/\/www.spaziotorino.it\/scatto\/wp-content\/gallery\/2019_05_29_emergenze\/cache\/pla_9511.jpg-nggid0522899-ngg0dyn-60x60x100-00f0w010c011r110f110r010t010.jpg\"\n                    width=\"60\"\n                    height=\"60\"\n                    style=\"max-width:100%;\"\n                \/>\n            <\/a>\n        <\/div>\n\t\t\t\t\t\t\t<\/div> \n\t\t\t\n        \n\t\t\n\t\t<!-- Pagination -->\n\t<div class='ngg-clear'><\/div>\t<\/div>\n\n<p class=\"ox-c22e8fee95-MsoNormal\"><i>Al Parco Le Vallette il 6 e il 7 giugno, un evento pubblico e una esercitazione civile<\/i><\/p>\n<p class=\"ox-c22e8fee95-MsoNormal\">Promuovere tra i cittadini la conoscenza dell\u2019importante ruolo che la Protezione Civile svolge nelle situazioni di emergenza cui \u00e8 chiamata a far fronte. \u00c8 questo il fine della manifestazione \u201c<b>Con la protezione civile per una citt\u00e0 resiliente\u201d<\/b> che si terr\u00e0 il <b>6 e il 7 giugno nel parco Le Vallette<\/b> di via dei Gladioli.<\/p>\n<p class=\"ox-c22e8fee95-MsoNormal\">L\u2019iniziativa \u00e8 coordinata dal Servizio di Protezione civile della Citt\u00e0 di Torino, con la collaborazione delle associazioni di volontariato convenzionate con la Citt\u00e0 e di Arpa Piemonte, Sistema nazionale per la protezione dell\u2019ambiente, Iren, Amiat e Smat.<\/p>\n<p class=\"ox-c22e8fee95-MsoNormal\">La manifestazione aperta al pubblico \u00e8 svolta nell\u2019ambito della <b>esercitazione civile che dal 3 all\u20198 giugno interesser\u00e0 la Borgata Pellerina<\/b> e dintorni; sar\u00e0 una prova virtuale, utile a testare la capacit\u00e0 di risposta del sistema. Si sperimenter\u00e0, nello specifico, una situazione di forte rischio di esondazione del Fiume Dora Riparia. Il Parco delle Vallette \u00e8 stato scelto quale sede del campo di raccolta delle persone evacuate, dove a partire da gioved\u00ec 6 giugno saranno presentate le attivit\u00e0 rivolte ai cittadini e alle scolaresche che hanno aderito alla proposta formativa \u201cSalviamoci la pelle\u201d, promossa da Iter e realizzata nelle scuole allo scopo di diffondere tra gli studenti la conoscenza dei rischi e delle tecniche di autoprotezione; i ragazzi coinvolti potranno quindi applicare quanto appreso in classe durante gli incontri con i volontari.<\/p>\n<p class=\"ox-c22e8fee95-MsoNormal\">Il programma di \u201cCon la protezione civile per una citt\u00e0 resiliente\u201d prevede numerose <b>iniziative<\/b>. Il 6 giugno fin dalle 9,30 il campo sar\u00e0 aperto al pubblico e alle classi. Alle 10 l\u2019incontro con la sindaca e le altre autorit\u00e0. La sera, alle 19, nella cucina di campo verr\u00e0 allestita una cena accessibile a tutti con contributo libero. Il ricavato sar\u00e0 destinato al sostegno di iniziative a favore dei cittadini.<\/p>\n<p class=\"ox-c22e8fee95-MsoNormal\">L\u2019indomani le attivit\u00e0 proseguiranno fino alle 18. Tra gli spazi allestiti nel campo, il Posto medico avanzato, che propone attivit\u00e0 divulgative sull\u2019emergenza sanitaria, e spazi dedicati a simulazioni di interventi (presenza di fumo, incendi) o a esercitazioni (volo di droni, cani addestrati, cucina da campo).<\/p>\n<p class=\"ox-c22e8fee95-MsoNormal\">\u201cIl manifestarsi di eventi naturali sempre pi\u00f9 complessi e di straordinaria violenza ha spinto l\u2019Amministrazione comunale a rivedere il ruolo della Protezione civile \u2013 spiega l\u2019assessore <b>Alberto Unia<\/b> &#8211; con l\u2019esigenza di diffondere tra i ragazzi delle scuole ma soprattutto tra gli adulti una vera cultura dell\u2019emergenza: \u00e8 importante essere tutti pienamente informati e pronti a reagire nel modo pi\u00f9 congruo al presentarsi di eventi naturali di eccezionale portata\u201d. Il 7 giugno, al mattino, si terr\u00e0 nel campo allestito nel parco un <b>tavolo di lavoro<\/b> su \u201cCambiamenti climatici e Piano di Protezione civile\u201d dove si metteranno a confronto nuove emergenze e nuovi strumenti e procedure per affrontarle.<\/p>\n<p class=\"ox-c22e8fee95-MsoNormal\">Il nuovo Piano di Protezione civile dar\u00e0 maggior peso al compito divulgativo e culturale dei volontari; sono in previsione numerose iniziative di comunicazione, eventi, proposte educative per i prossimi mesi. Il campo di raccolta del parco delle Vallette \u00e8 soltanto il primo tentativo di avviare questo importante cammino.<\/p>\n","protected":false},"excerpt":{"rendered":"<p>Al Parco Le Vallette il 6 e il 7 giugno, un evento pubblico e una esercitazione civile Promuovere tra i cittadini la conoscenza dell\u2019importante ruolo che la Protezione Civile svolge nelle situazioni di emergenza cui \u00e8 chiamata a far fronte. \u00c8 questo il fine della manifestazione \u201cCon la protezione civile per una citt\u00e0 resiliente\u201d che [&hellip;]<\/p>\n","protected":false},"author":1,"featured_media":0,"comment_status":"closed","ping_status":"open","sticky":false,"template":"","format":"standard","meta":{"ngg_post_thumbnail":0},"categories":[1,41],"tags":[],"_links":{"self":[{"href":"http:\/\/www.spaziotorino.it\/scatto\/index.php?rest_route=\/wp\/v2\/posts\/17202"}],"collection":[{"href":"http:\/\/www.spaziotorino.it\/scatto\/index.php?rest_route=\/wp\/v2\/posts"}],"about":[{"href":"http:\/\/www.spaziotorino.it\/scatto\/index.php?rest_route=\/wp\/v2\/types\/post"}],"author":[{"embeddable":true,"href":"http:\/\/www.spaziotorino.it\/scatto\/index.php?rest_route=\/wp\/v2\/users\/1"}],"replies":[{"embeddable":true,"href":"http:\/\/www.spaziotorino.it\/scatto\/index.php?rest_route=%2Fwp%2Fv2%2Fcomments&post=17202"}],"version-history":[{"count":2,"href":"http:\/\/www.spaziotorino.it\/scatto\/index.php?rest_route=\/wp\/v2\/posts\/17202\/revisions"}],"predecessor-version":[{"id":17204,"href":"http:\/\/www.spaziotorino.it\/scatto\/index.php?rest_route=\/wp\/v2\/posts\/17202\/revisions\/17204"}],"wp:attachment":[{"href":"http:\/\/www.spaziotorino.it\/scatto\/index.php?rest_route=%2Fwp%2Fv2%2Fmedia&parent=17202"}],"wp:term":[{"taxonomy":"category","embeddable":true,"href":"http:\/\/www.spaziotorino.it\/scatto\/index.php?rest_route=%2Fwp%2Fv2%2Fcategories&post=17202"},{"taxonomy":"post_tag","embeddable":true,"href":"http:\/\/www.spaziotorino.it\/scatto\/index.php?rest_route=%2Fwp%2Fv2%2Ftags&post=17202"}],"curies":[{"name":"wp","href":"https:\/\/api.w.org\/{rel}","templated":true}]}}