{"id":17221,"date":"2019-05-29T15:16:54","date_gmt":"2019-05-29T14:16:54","guid":{"rendered":"http:\/\/www.spaziotorino.it\/scatto\/?p=17221"},"modified":"2019-05-29T15:16:54","modified_gmt":"2019-05-29T14:16:54","slug":"mai-piu-sole-insieme-contro-la-violenza-sulle-donne","status":"publish","type":"post","link":"http:\/\/www.spaziotorino.it\/scatto\/?p=17221","title":{"rendered":"\u201cMai pi\u00f9 sole\u201d: insieme contro la violenza sulle donne"},"content":{"rendered":"<p><a class=\"ngg-fancybox\" title=\"\u201cMai pi\u00f9 sole\u201d: insieme contro la violenza sulle donne\" href=\"http:\/\/www.spaziotorino.it\/scatto\/wp-content\/gallery\/2019_05_29_maipiusole\/pla_9527.jpg\" rel=\"72cdf9457722ff3b9e48f66cfa9ee3d7\"><br \/>\n<img decoding=\"async\" loading=\"lazy\" class=\"ngg-singlepic\" title=\"\u201cMai pi\u00f9 sole\u201d: insieme contro la violenza sulle donne\" src=\"http:\/\/www.spaziotorino.it\/scatto\/wp-content\/gallery\/2019_05_29_maipiusole\/pla_9527.jpg\" alt=\"\" width=\"540\" height=\"360\"\/><\/a><\/p>\n<!-- index.php -->\n<div\n\tclass=\"ngg-galleryoverview ngg-ajax-pagination-none\"\n\tid=\"ngg-gallery-9837ce9b1f05e96785eeab7bb7f8bb40-1\">\n\n    \t\t<!-- Thumbnails -->\n\t\t\t\t<div id=\"ngg-image-0\" class=\"ngg-gallery-thumbnail-box\" >\n\t\t\t\t        <div class=\"ngg-gallery-thumbnail\">\n            <a href=\"http:\/\/www.spaziotorino.it\/scatto\/wp-content\/gallery\/2019_05_29_maipiusole\/pla_9524.jpg\"\n               title=\"La campagna di comunicazione dell&#039;iniziativa\"\n               data-src=\"http:\/\/www.spaziotorino.it\/scatto\/wp-content\/gallery\/2019_05_29_maipiusole\/pla_9524.jpg\"\n               data-thumbnail=\"http:\/\/www.spaziotorino.it\/scatto\/wp-content\/gallery\/2019_05_29_maipiusole\/thumbs\/thumbs_pla_9524.jpg\"\n               data-image-id=\"22900\"\n               data-title=\"La campagna di comunicazione dell&#039;iniziativa\"\n               data-description=\"La campagna di comunicazione dell&#039;iniziativa\"\n               data-image-slug=\"pla_9524\"\n               class=\"ngg-fancybox\" rel=\"9837ce9b1f05e96785eeab7bb7f8bb40\">\n                <img\n                    title=\"La campagna di comunicazione dell&#039;iniziativa\"\n                    alt=\"La campagna di comunicazione dell&#039;iniziativa\"\n                    src=\"http:\/\/www.spaziotorino.it\/scatto\/wp-content\/gallery\/2019_05_29_maipiusole\/cache\/pla_9524.jpg-nggid0522900-ngg0dyn-60x60x100-00f0w010c011r110f110r010t010.jpg\"\n                    width=\"60\"\n                    height=\"60\"\n                    style=\"max-width:100%;\"\n                \/>\n            <\/a>\n        <\/div>\n\t\t\t\t\t\t\t<\/div> \n\t\t\t\n        \n\t\t\t\t<div id=\"ngg-image-1\" class=\"ngg-gallery-thumbnail-box\" >\n\t\t\t\t        <div class=\"ngg-gallery-thumbnail\">\n            <a href=\"http:\/\/www.spaziotorino.it\/scatto\/wp-content\/gallery\/2019_05_29_maipiusole\/pla_9528.jpg\"\n               title=\"\u201cMai pi\u00f9 sole\u201d: insieme contro la violenza sulle donne\"\n               data-src=\"http:\/\/www.spaziotorino.it\/scatto\/wp-content\/gallery\/2019_05_29_maipiusole\/pla_9528.jpg\"\n               data-thumbnail=\"http:\/\/www.spaziotorino.it\/scatto\/wp-content\/gallery\/2019_05_29_maipiusole\/thumbs\/thumbs_pla_9528.jpg\"\n               data-image-id=\"22902\"\n               data-title=\"\u201cMai pi\u00f9 sole\u201d: insieme contro la violenza sulle donne\"\n               data-description=\"\u201cMai pi\u00f9 sole\u201d: insieme contro la violenza sulle donne\"\n               data-image-slug=\"pla_9528\"\n               class=\"ngg-fancybox\" rel=\"9837ce9b1f05e96785eeab7bb7f8bb40\">\n                <img\n                    title=\"\u201cMai pi\u00f9 sole\u201d: insieme contro la violenza sulle donne\"\n                    alt=\"\u201cMai pi\u00f9 sole\u201d: insieme contro la violenza sulle donne\"\n                    src=\"http:\/\/www.spaziotorino.it\/scatto\/wp-content\/gallery\/2019_05_29_maipiusole\/cache\/pla_9528.jpg-nggid0522902-ngg0dyn-60x60x100-00f0w010c011r110f110r010t010.jpg\"\n                    width=\"60\"\n                    height=\"60\"\n                    style=\"max-width:100%;\"\n                \/>\n            <\/a>\n        <\/div>\n\t\t\t\t\t\t\t<\/div> \n\t\t\t\n        \n\t\t\t\t<div id=\"ngg-image-2\" class=\"ngg-gallery-thumbnail-box\" >\n\t\t\t\t        <div class=\"ngg-gallery-thumbnail\">\n            <a href=\"http:\/\/www.spaziotorino.it\/scatto\/wp-content\/gallery\/2019_05_29_maipiusole\/pla_9536.jpg\"\n               title=\"Marco Giusta, assessore ai diritti della Citt\u00e0\"\n               data-src=\"http:\/\/www.spaziotorino.it\/scatto\/wp-content\/gallery\/2019_05_29_maipiusole\/pla_9536.jpg\"\n               data-thumbnail=\"http:\/\/www.spaziotorino.it\/scatto\/wp-content\/gallery\/2019_05_29_maipiusole\/thumbs\/thumbs_pla_9536.jpg\"\n               data-image-id=\"22903\"\n               data-title=\"Marco Giusta, assessore ai diritti della Citt\u00e0\"\n               data-description=\"Marco Giusta, assessore ai diritti della Citt\u00e0\"\n               data-image-slug=\"pla_9536\"\n               class=\"ngg-fancybox\" rel=\"9837ce9b1f05e96785eeab7bb7f8bb40\">\n                <img\n                    title=\"Marco Giusta, assessore ai diritti della Citt\u00e0\"\n                    alt=\"Marco Giusta, assessore ai diritti della Citt\u00e0\"\n                    src=\"http:\/\/www.spaziotorino.it\/scatto\/wp-content\/gallery\/2019_05_29_maipiusole\/cache\/pla_9536.jpg-nggid0522903-ngg0dyn-60x60x100-00f0w010c011r110f110r010t010.jpg\"\n                    width=\"60\"\n                    height=\"60\"\n                    style=\"max-width:100%;\"\n                \/>\n            <\/a>\n        <\/div>\n\t\t\t\t\t\t\t<\/div> \n\t\t\t\n        \n\t\t\t\t<div id=\"ngg-image-3\" class=\"ngg-gallery-thumbnail-box\" >\n\t\t\t\t        <div class=\"ngg-gallery-thumbnail\">\n            <a href=\"http:\/\/www.spaziotorino.it\/scatto\/wp-content\/gallery\/2019_05_29_maipiusole\/pla_9553.jpg\"\n               title=\"Un momento della conferenza stampa\"\n               data-src=\"http:\/\/www.spaziotorino.it\/scatto\/wp-content\/gallery\/2019_05_29_maipiusole\/pla_9553.jpg\"\n               data-thumbnail=\"http:\/\/www.spaziotorino.it\/scatto\/wp-content\/gallery\/2019_05_29_maipiusole\/thumbs\/thumbs_pla_9553.jpg\"\n               data-image-id=\"22904\"\n               data-title=\"Un momento della conferenza stampa\"\n               data-description=\"Un momento della conferenza stampa\"\n               data-image-slug=\"pla_9553\"\n               class=\"ngg-fancybox\" rel=\"9837ce9b1f05e96785eeab7bb7f8bb40\">\n                <img\n                    title=\"Un momento della conferenza stampa\"\n                    alt=\"Un momento della conferenza stampa\"\n                    src=\"http:\/\/www.spaziotorino.it\/scatto\/wp-content\/gallery\/2019_05_29_maipiusole\/cache\/pla_9553.jpg-nggid0522904-ngg0dyn-60x60x100-00f0w010c011r110f110r010t010.jpg\"\n                    width=\"60\"\n                    height=\"60\"\n                    style=\"max-width:100%;\"\n                \/>\n            <\/a>\n        <\/div>\n\t\t\t\t\t\t\t<\/div> \n\t\t\t\n        \n\t\t\t\t<div id=\"ngg-image-4\" class=\"ngg-gallery-thumbnail-box\" >\n\t\t\t\t        <div class=\"ngg-gallery-thumbnail\">\n            <a href=\"http:\/\/www.spaziotorino.it\/scatto\/wp-content\/gallery\/2019_05_29_maipiusole\/pla_9555.jpg\"\n               title=\"Carlotta Salerno, Presidente della Circoscrizione 6\"\n               data-src=\"http:\/\/www.spaziotorino.it\/scatto\/wp-content\/gallery\/2019_05_29_maipiusole\/pla_9555.jpg\"\n               data-thumbnail=\"http:\/\/www.spaziotorino.it\/scatto\/wp-content\/gallery\/2019_05_29_maipiusole\/thumbs\/thumbs_pla_9555.jpg\"\n               data-image-id=\"22905\"\n               data-title=\"Carlotta Salerno, Presidente della Circoscrizione 6\"\n               data-description=\"Carlotta Salerno, Presidente della Circoscrizione 6\"\n               data-image-slug=\"pla_9555\"\n               class=\"ngg-fancybox\" rel=\"9837ce9b1f05e96785eeab7bb7f8bb40\">\n                <img\n                    title=\"Carlotta Salerno, Presidente della Circoscrizione 6\"\n                    alt=\"Carlotta Salerno, Presidente della Circoscrizione 6\"\n                    src=\"http:\/\/www.spaziotorino.it\/scatto\/wp-content\/gallery\/2019_05_29_maipiusole\/cache\/pla_9555.jpg-nggid0522905-ngg0dyn-60x60x100-00f0w010c011r110f110r010t010.jpg\"\n                    width=\"60\"\n                    height=\"60\"\n                    style=\"max-width:100%;\"\n                \/>\n            <\/a>\n        <\/div>\n\t\t\t\t\t\t\t<\/div> \n\t\t\t\n        \n\t\t\t\t<div id=\"ngg-image-5\" class=\"ngg-gallery-thumbnail-box\" >\n\t\t\t\t        <div class=\"ngg-gallery-thumbnail\">\n            <a href=\"http:\/\/www.spaziotorino.it\/scatto\/wp-content\/gallery\/2019_05_29_maipiusole\/pla_9572.jpg\"\n               title=\"L&#039;intervento dei ragazzi della scuola media Norberto Bobbio di Barriera di Milano\"\n               data-src=\"http:\/\/www.spaziotorino.it\/scatto\/wp-content\/gallery\/2019_05_29_maipiusole\/pla_9572.jpg\"\n               data-thumbnail=\"http:\/\/www.spaziotorino.it\/scatto\/wp-content\/gallery\/2019_05_29_maipiusole\/thumbs\/thumbs_pla_9572.jpg\"\n               data-image-id=\"22906\"\n               data-title=\"L&#039;intervento dei ragazzi della scuola media Norberto Bobbio di Barriera di Milano\"\n               data-description=\"L&#039;intervento dei ragazzi della scuola media Norberto Bobbio di Barriera di Milano\"\n               data-image-slug=\"pla_9572\"\n               class=\"ngg-fancybox\" rel=\"9837ce9b1f05e96785eeab7bb7f8bb40\">\n                <img\n                    title=\"L&#039;intervento dei ragazzi della scuola media Norberto Bobbio di Barriera di Milano\"\n                    alt=\"L&#039;intervento dei ragazzi della scuola media Norberto Bobbio di Barriera di Milano\"\n                    src=\"http:\/\/www.spaziotorino.it\/scatto\/wp-content\/gallery\/2019_05_29_maipiusole\/cache\/pla_9572.jpg-nggid0522906-ngg0dyn-60x60x100-00f0w010c011r110f110r010t010.jpg\"\n                    width=\"60\"\n                    height=\"60\"\n                    style=\"max-width:100%;\"\n                \/>\n            <\/a>\n        <\/div>\n\t\t\t\t\t\t\t<\/div> \n\t\t\t\n        \n\t\t\n\t\t<!-- Pagination -->\n\t<div class='ngg-clear'><\/div>\t<\/div>\n\n<p>Domenica&nbsp;<b>2 giugno<\/b>&nbsp;si svolger\u00e0 presso il&nbsp;<b>Parco Sempione<\/b>&nbsp;in via Cigna e nei locali di&nbsp;<b>Cascina Marchesa<\/b>&nbsp;in corso Vercelli 141, una&nbsp;<b>Festa<\/b>&nbsp;aperta a tutta la cittadinanza in occasione della conclusione del progetto della &nbsp;<b>Citt\u00e0 &nbsp;Torino \u2013 Area Giovani e Pari Opportunit\u00e0:<\/b>&nbsp;&nbsp;\u201c<i>Mai pi\u00f9 sole: insieme contro la violenza sulle donne\u201d,<\/i>&nbsp;<i>azione&nbsp;<\/i><b><i>5.08&nbsp;<\/i><\/b><i>\u2013 del&nbsp;<\/i><b><i>Progetto AxTO<\/i><\/b><i>, finanziato dalla Presidenza del Consiglio dei Ministri.<\/i><span id=\"more-83940\"><\/span><\/p>\n<p>Per tutto il giorno si alterneranno diverse attivit\u00e0 e iniziative, tra cui la&nbsp;<b>camminata dei diritti<\/b>, la premiazione dei concorsi&nbsp;<b>#mai pi\u00f9 sole&nbsp;<\/b>e<b>&nbsp;#ho il diritto di<\/b>, una performance di teatro urbano, il disvelamento del murales \u201c<b>IO SONO MIA<\/b>\u201d e la proiezione del video \u201c<b>Le donne nella storia ieri e oggi\u201d,&nbsp;<\/b>tratto dallo spettacolo teatrale realizzato dalle ragazze e dai ragazzi della scuola media Norberto Bobbio di Barriera di Milano; nonch\u00e9 l\u2019occasione per illustrare i risultati del progetto.&nbsp;<\/p>\n<p>\u201cT<i>ra le 44 azioni del Programma per la riqualificazione e la sicurezza delle periferie, in specifico quelle dell\u2019asse 5 (Comunit\u00e0 e Partecipazione)<\/i>&nbsp;\u2013 afferma l\u2019assessore ai diritti della Citt\u00e0,&nbsp;<b>Marco Giusta<\/b>\u2013&nbsp;<i>abbiamo convintamente<\/i>&nbsp;<i>inserito<\/i>&nbsp;<i>quest\u2019azione rivolta alle donne che hanno sub\u00ecto violenza, poich\u00e9 siamo certi che il contrasto alla violenza maschile contro le donne e di genere debba essere una priorit\u00e0 politica e amministrativa. Inoltre, \u00e8 molto importante informare le donne circa l\u2019esistenza sul territorio cittadino dei Centri Antiviolenza, degli sportelli d\u2019ascolto e sulle associazioni attivi in quartiere. Vogliamo \u2013&nbsp;<\/i>aggiunge l\u2019assessore \u2013&nbsp;<i>che le donne sappiano che possono contare su una rete solidale e sulla Citt\u00e0 che si impegna a non lasciarle sole e che, anche grazie ai partner di questo progetto, la richiesta di aiuto \u00e8 sostenuta attraverso un percorso di affrancamento dalla violenza affinch\u00e9 ci\u00f2 che una donna subisce non sia pi\u00f9 un problema privato e qualcosa di cui vergognarsi e di cui non parlare<\/i>\u201d.<\/p>\n<p>\u201c<i>Il Progetto \u2018Mai pi\u00f9 sole\u2019 \u2013 dice la&nbsp;<\/i>Presidente della Circoscrizione 6,&nbsp;<b>Carlotta Salerno<\/b>&nbsp;\u2013 &nbsp;<i>si \u00e8 inserito, durante il suo percorso, in un solco di impegno e attenzione nei confronti delle tematiche femminili che la Circoscrizione 6, le associazioni e i cittadini hanno convintamente tracciato negli anni sul nostro territorio. Per questo motivo abbiamo accolto con entusiasmo e passione la scelta di dedicare una parte importante delle risorse del Progetto AxTO ad un intenso lavoro sulla violenza di genere proprio in Barriera di Milano. L\u2019anno trascorso \u2018Mai pi\u00f9 sole\u2019 ci ha permesso di approfondire, incontrarci, riflettere e agire una volta in pi\u00f9 su un tema che ci colpisce quotidianamente e su cui l\u2019impegno non \u00e8 mai abbastanza. Voglio ringraziare tutti coloro che hanno permesso la realizzazione di questa azione AxTO, nella speranza che quanto fatto possa trovare forme e modi per proseguire e crescere<\/i>\u201d.<\/p>\n<p>Il Progetto \u00e8 stato attuato da una A.T.S. (composta dalle Associazioni \u201c<b>e.m.m.a. \u2013 centri antiviolenza\u201d<\/b>,&nbsp;<b>\u201cCerchio degli uomini\u201d<\/b>,&nbsp;<b>Cooperativa Orso<\/b>)&nbsp;e dalla<b>&nbsp;Diaconia Valdese<\/b>.<\/p>\n<p>L\u2019A.T.S., incaricata della parte di comunicazione, sensibilizzazione e coinvolgimento della cittadinanza, nella fase iniziale ha costruito una rete di&nbsp;<i>stakeholder,&nbsp;<\/i>coinvolgendo la Circoscrizione 6, la casa del Quartiere, esercizi commerciali, associazioni, cooperative, biblioteche, &nbsp;presidi sanitari e farmacie. In collaborazione con un gruppo di donne \u00e8 stata ideata e realizzata la campagna di comunicazione i cui prodotti (<b>200<\/b>&nbsp;manifesti,&nbsp;<b>380<\/b>&nbsp;locandine,&nbsp;<b>10.120<\/b>&nbsp;opuscoli,&nbsp;<b>5.300<\/b>&nbsp;&nbsp;segnalibri,&nbsp;<b>270&nbsp;<\/b>vetrofanie,&nbsp;<b>1.000<\/b>&nbsp;spillette,&nbsp;<b>5.000<\/b>&nbsp;Tovagliette per la ristorazione), &nbsp;sono stati distribuiti ai&nbsp;<b>156&nbsp;<\/b><b><i>stakeholder<\/i><\/b>&nbsp;che hanno aderito al progetto, nonch\u00e9 messi a disposizione della cittadinanza.<\/p>\n<p>Per contro, sul fronte social media (<b>instagram<\/b>&nbsp;e&nbsp;<b>twitter<\/b>) due concorsi hanno contribuito alla promozione e alla realizzazione dell\u2019azione 5.08 &nbsp;di AxTO:&nbsp;<b>#mai pi\u00f9 sole<\/b>&nbsp;ha dato la possibilit\u00e0 alla cittadinanza di realizzare un selfie contro la violenza e condividerlo su Instagram, mentre&nbsp;<b>#ho il diritto di<\/b>, lanciato su Twitter, ha raccolto i contributi di coloro che hanno voluto esprimere la propria opinione riguardo ai diritti considerati irrinunciabili in una societ\u00e0 priva della violenza di genere.<\/p>\n<p>Un buon successo di partecipazione si \u00e8 avuto negli \u201c<i>Orange food day<\/i>\u201d e agli&nbsp;<i>aperitivi Orange<\/i>, arancione, &nbsp;il colore scelto dalle Nazioni Unite come simbolo di un futuro in cui le donne si saranno liberate dalla violenza degli uomini.&nbsp;Molto partecipate sono state le camminate, le pedalate per le vie della circoscrizione e<b>&nbsp;Gioco della tombola dei diritti a premi<\/b>. E ancora:&nbsp;<b>90<\/b>&nbsp;persone hanno partecipato alle due performance di teatro urbano, mentre oltre&nbsp;<b>470<\/b>&nbsp;spettatori hanno visto i due spettacoli teatrali messi in cartellone per questo progetto.<\/p>\n<p>Il progetto ha anche positivamente sperimentato gli&nbsp;<b>\u201cSportelli di ascolto con e per le donne\u201d,<\/b>&nbsp;con la presenza di una mediatrice culturale, sia presso Il Passo della Diaconia Valdese in via Nomaglio, sia in luoghi informali frequentati dalla cittadinanza.&nbsp;Lungo l\u2019elenco dei soggetti coinvolti per gli Sportelli: i&nbsp;Bagni Pubblici di Via Agli\u00e8 \u2013 Casa del Quartiere \u2013 lo spazio di Via Baltea, della Cooperativa Sumisura, &nbsp;luogo di ritrovo e di attivit\u00e0 ricreative e sociali; l\u2019Associazione Nuova Speranza e il Comando della Polizia Municipale di Via Bologna, che ha allestito da alcuni anni una \u201csala d\u2019ascolto\u201d per le donne vittime di violenza; il circolo Arci \u201cAntonio Banfo\u201d, la Biblioteca civica \u201cPrimo Levi\u201d, di via Leoncavallo; la moschea Taiba di via Chivasso, l\u2019associazione delle psicologhe \u201cRetedonna\u201d.<\/p>\n<p>Nell\u2019ambito del Progetto \u201c<b>Mai pi\u00f9 sole: insieme contro<\/b>&nbsp;<b>la violenza sulle donne\u201d&nbsp;<\/b>sono stati, inoltre, realizzati, a cura della Diaconia Valdese, incontri&nbsp;di sensibilizzazione e formazione con gli studenti e le studentesse di&nbsp;<b>quattro Istituti&nbsp;<\/b>di II grado di Barriera di Milano (<b>Beccari<\/b>,&nbsp;<b>Birago<\/b>,&nbsp;<b>Bodoni-Paravia<\/b>,&nbsp;<b>Peano<\/b>), attraverso la campagna&nbsp;<b>#mifidodite. Tredici&nbsp;<\/b>le classi coinvolte. Presso l\u2019Istituto Scolastico \u201cBodoni Paravia\u201d, \u00e8 stato inoltre attivato uno spazio informativo e di confronto denominato \u201c<i>parliamoci\u201d<\/i>.<\/p>\n<p>[Fonte: <a href=\"http:\/\/www.torinoclick.it\/?p=83940\">TorinoClick<\/a>]<\/p>\n","protected":false},"excerpt":{"rendered":"<p>Domenica&nbsp;2 giugno&nbsp;si svolger\u00e0 presso il&nbsp;Parco Sempione&nbsp;in via Cigna e nei locali di&nbsp;Cascina Marchesa&nbsp;in corso Vercelli 141, una&nbsp;Festa&nbsp;aperta a tutta la cittadinanza in occasione della conclusione del progetto della &nbsp;Citt\u00e0 &nbsp;Torino \u2013 Area Giovani e Pari Opportunit\u00e0:&nbsp;&nbsp;\u201cMai pi\u00f9 sole: insieme contro la violenza sulle donne\u201d,&nbsp;azione&nbsp;5.08&nbsp;\u2013 del&nbsp;Progetto AxTO, finanziato dalla Presidenza del Consiglio dei Ministri. Per tutto [&hellip;]<\/p>\n","protected":false},"author":1,"featured_media":0,"comment_status":"closed","ping_status":"open","sticky":false,"template":"","format":"standard","meta":{"ngg_post_thumbnail":0},"categories":[1,41],"tags":[],"_links":{"self":[{"href":"http:\/\/www.spaziotorino.it\/scatto\/index.php?rest_route=\/wp\/v2\/posts\/17221"}],"collection":[{"href":"http:\/\/www.spaziotorino.it\/scatto\/index.php?rest_route=\/wp\/v2\/posts"}],"about":[{"href":"http:\/\/www.spaziotorino.it\/scatto\/index.php?rest_route=\/wp\/v2\/types\/post"}],"author":[{"embeddable":true,"href":"http:\/\/www.spaziotorino.it\/scatto\/index.php?rest_route=\/wp\/v2\/users\/1"}],"replies":[{"embeddable":true,"href":"http:\/\/www.spaziotorino.it\/scatto\/index.php?rest_route=%2Fwp%2Fv2%2Fcomments&post=17221"}],"version-history":[{"count":2,"href":"http:\/\/www.spaziotorino.it\/scatto\/index.php?rest_route=\/wp\/v2\/posts\/17221\/revisions"}],"predecessor-version":[{"id":17223,"href":"http:\/\/www.spaziotorino.it\/scatto\/index.php?rest_route=\/wp\/v2\/posts\/17221\/revisions\/17223"}],"wp:attachment":[{"href":"http:\/\/www.spaziotorino.it\/scatto\/index.php?rest_route=%2Fwp%2Fv2%2Fmedia&parent=17221"}],"wp:term":[{"taxonomy":"category","embeddable":true,"href":"http:\/\/www.spaziotorino.it\/scatto\/index.php?rest_route=%2Fwp%2Fv2%2Fcategories&post=17221"},{"taxonomy":"post_tag","embeddable":true,"href":"http:\/\/www.spaziotorino.it\/scatto\/index.php?rest_route=%2Fwp%2Fv2%2Ftags&post=17221"}],"curies":[{"name":"wp","href":"https:\/\/api.w.org\/{rel}","templated":true}]}}