{"id":17240,"date":"2019-05-30T15:06:52","date_gmt":"2019-05-30T14:06:52","guid":{"rendered":"http:\/\/www.spaziotorino.it\/scatto\/?p=17240"},"modified":"2019-05-30T15:06:52","modified_gmt":"2019-05-30T14:06:52","slug":"una-poesia-urgente-per-giulio-regeni","status":"publish","type":"post","link":"http:\/\/www.spaziotorino.it\/scatto\/?p=17240","title":{"rendered":"Una &#8216;Poesia (urgente) per Giulio Regeni&#8217;"},"content":{"rendered":"<p><a class=\"ngg-fancybox\" title=\"Una 'Poesia (urgente) per Giulio Regeni'\" href=\"http:\/\/www.spaziotorino.it\/scatto\/wp-content\/gallery\/2019_05_30_regeni\/pla_9724.jpg\" rel=\"584c08f0e40ca898147fd5b50da15f4c\"><br \/>\n<img decoding=\"async\" loading=\"lazy\" class=\"ngg-singlepic\" title=\"Una 'Poesia (urgente) per Giulio Regeni'\" src=\"http:\/\/www.spaziotorino.it\/scatto\/wp-content\/gallery\/2019_05_30_regeni\/pla_9724.jpg\" alt=\"\" width=\"540\" height=\"360\"\/><\/a><\/p>\n<!-- index.php -->\n<div\n\tclass=\"ngg-galleryoverview ngg-ajax-pagination-none\"\n\tid=\"ngg-gallery-d2a3b7c2130f476090d66cab1292b3f1-1\">\n\n    \t\t<!-- Thumbnails -->\n\t\t\t\t<div id=\"ngg-image-0\" class=\"ngg-gallery-thumbnail-box\" >\n\t\t\t\t        <div class=\"ngg-gallery-thumbnail\">\n            <a href=\"http:\/\/www.spaziotorino.it\/scatto\/wp-content\/gallery\/2019_05_30_regeni\/pla_9697.jpg\"\n               title=\"Poesia (urgente) per Giulio Regeni\"\n               data-src=\"http:\/\/www.spaziotorino.it\/scatto\/wp-content\/gallery\/2019_05_30_regeni\/pla_9697.jpg\"\n               data-thumbnail=\"http:\/\/www.spaziotorino.it\/scatto\/wp-content\/gallery\/2019_05_30_regeni\/thumbs\/thumbs_pla_9697.jpg\"\n               data-image-id=\"22907\"\n               data-title=\"Poesia (urgente) per Giulio Regeni\"\n               data-description=\"Poesia (urgente) per Giulio Regeni\"\n               data-image-slug=\"pla_9697\"\n               class=\"ngg-fancybox\" rel=\"d2a3b7c2130f476090d66cab1292b3f1\">\n                <img\n                    title=\"Poesia (urgente) per Giulio Regeni\"\n                    alt=\"Poesia (urgente) per Giulio Regeni\"\n                    src=\"http:\/\/www.spaziotorino.it\/scatto\/wp-content\/gallery\/2019_05_30_regeni\/cache\/pla_9697.jpg-nggid0522907-ngg0dyn-60x60x100-00f0w010c011r110f110r010t010.jpg\"\n                    width=\"60\"\n                    height=\"60\"\n                    style=\"max-width:100%;\"\n                \/>\n            <\/a>\n        <\/div>\n\t\t\t\t\t\t\t<\/div> \n\t\t\t\n        \n\t\t\t\t<div id=\"ngg-image-1\" class=\"ngg-gallery-thumbnail-box\" >\n\t\t\t\t        <div class=\"ngg-gallery-thumbnail\">\n            <a href=\"http:\/\/www.spaziotorino.it\/scatto\/wp-content\/gallery\/2019_05_30_regeni\/pla_9699.jpg\"\n               title=\"Un momento della presentazione\"\n               data-src=\"http:\/\/www.spaziotorino.it\/scatto\/wp-content\/gallery\/2019_05_30_regeni\/pla_9699.jpg\"\n               data-thumbnail=\"http:\/\/www.spaziotorino.it\/scatto\/wp-content\/gallery\/2019_05_30_regeni\/thumbs\/thumbs_pla_9699.jpg\"\n               data-image-id=\"22908\"\n               data-title=\"Un momento della presentazione\"\n               data-description=\"Un momento della presentazione\"\n               data-image-slug=\"pla_9699\"\n               class=\"ngg-fancybox\" rel=\"d2a3b7c2130f476090d66cab1292b3f1\">\n                <img\n                    title=\"Un momento della presentazione\"\n                    alt=\"Un momento della presentazione\"\n                    src=\"http:\/\/www.spaziotorino.it\/scatto\/wp-content\/gallery\/2019_05_30_regeni\/cache\/pla_9699.jpg-nggid0522908-ngg0dyn-60x60x100-00f0w010c011r110f110r010t010.jpg\"\n                    width=\"60\"\n                    height=\"60\"\n                    style=\"max-width:100%;\"\n                \/>\n            <\/a>\n        <\/div>\n\t\t\t\t\t\t\t<\/div> \n\t\t\t\n        \n\t\t\t\t<div id=\"ngg-image-2\" class=\"ngg-gallery-thumbnail-box\" >\n\t\t\t\t        <div class=\"ngg-gallery-thumbnail\">\n            <a href=\"http:\/\/www.spaziotorino.it\/scatto\/wp-content\/gallery\/2019_05_30_regeni\/pla_9703.jpg\"\n               title=\"Francesco Sicari e Chiara Appendino\"\n               data-src=\"http:\/\/www.spaziotorino.it\/scatto\/wp-content\/gallery\/2019_05_30_regeni\/pla_9703.jpg\"\n               data-thumbnail=\"http:\/\/www.spaziotorino.it\/scatto\/wp-content\/gallery\/2019_05_30_regeni\/thumbs\/thumbs_pla_9703.jpg\"\n               data-image-id=\"22909\"\n               data-title=\"Francesco Sicari e Chiara Appendino\"\n               data-description=\"Francesco Sicari e Chiara Appendino\"\n               data-image-slug=\"pla_9703\"\n               class=\"ngg-fancybox\" rel=\"d2a3b7c2130f476090d66cab1292b3f1\">\n                <img\n                    title=\"Francesco Sicari e Chiara Appendino\"\n                    alt=\"Francesco Sicari e Chiara Appendino\"\n                    src=\"http:\/\/www.spaziotorino.it\/scatto\/wp-content\/gallery\/2019_05_30_regeni\/cache\/pla_9703.jpg-nggid0522909-ngg0dyn-60x60x100-00f0w010c011r110f110r010t010.jpg\"\n                    width=\"60\"\n                    height=\"60\"\n                    style=\"max-width:100%;\"\n                \/>\n            <\/a>\n        <\/div>\n\t\t\t\t\t\t\t<\/div> \n\t\t\t\n        \n\t\t\t\t<div id=\"ngg-image-3\" class=\"ngg-gallery-thumbnail-box\" >\n\t\t\t\t        <div class=\"ngg-gallery-thumbnail\">\n            <a href=\"http:\/\/www.spaziotorino.it\/scatto\/wp-content\/gallery\/2019_05_30_regeni\/pla_9707.jpg\"\n               title=\"La presentazione del libro di poesie in Sala delle Colonne\"\n               data-src=\"http:\/\/www.spaziotorino.it\/scatto\/wp-content\/gallery\/2019_05_30_regeni\/pla_9707.jpg\"\n               data-thumbnail=\"http:\/\/www.spaziotorino.it\/scatto\/wp-content\/gallery\/2019_05_30_regeni\/thumbs\/thumbs_pla_9707.jpg\"\n               data-image-id=\"22910\"\n               data-title=\"La presentazione del libro di poesie in Sala delle Colonne\"\n               data-description=\"La presentazione del libro di poesie in Sala delle Colonne\"\n               data-image-slug=\"pla_9707\"\n               class=\"ngg-fancybox\" rel=\"d2a3b7c2130f476090d66cab1292b3f1\">\n                <img\n                    title=\"La presentazione del libro di poesie in Sala delle Colonne\"\n                    alt=\"La presentazione del libro di poesie in Sala delle Colonne\"\n                    src=\"http:\/\/www.spaziotorino.it\/scatto\/wp-content\/gallery\/2019_05_30_regeni\/cache\/pla_9707.jpg-nggid0522910-ngg0dyn-60x60x100-00f0w010c011r110f110r010t010.jpg\"\n                    width=\"60\"\n                    height=\"60\"\n                    style=\"max-width:100%;\"\n                \/>\n            <\/a>\n        <\/div>\n\t\t\t\t\t\t\t<\/div> \n\t\t\t\n        \n\t\t\t\t<div id=\"ngg-image-4\" class=\"ngg-gallery-thumbnail-box\" >\n\t\t\t\t        <div class=\"ngg-gallery-thumbnail\">\n            <a href=\"http:\/\/www.spaziotorino.it\/scatto\/wp-content\/gallery\/2019_05_30_regeni\/pla_9714.jpg\"\n               title=\"La presentazione del libro di poesie in Sala delle Colonne\"\n               data-src=\"http:\/\/www.spaziotorino.it\/scatto\/wp-content\/gallery\/2019_05_30_regeni\/pla_9714.jpg\"\n               data-thumbnail=\"http:\/\/www.spaziotorino.it\/scatto\/wp-content\/gallery\/2019_05_30_regeni\/thumbs\/thumbs_pla_9714.jpg\"\n               data-image-id=\"22911\"\n               data-title=\"La presentazione del libro di poesie in Sala delle Colonne\"\n               data-description=\"La presentazione del libro di poesie in Sala delle Colonne\"\n               data-image-slug=\"pla_9714-1\"\n               class=\"ngg-fancybox\" rel=\"d2a3b7c2130f476090d66cab1292b3f1\">\n                <img\n                    title=\"La presentazione del libro di poesie in Sala delle Colonne\"\n                    alt=\"La presentazione del libro di poesie in Sala delle Colonne\"\n                    src=\"http:\/\/www.spaziotorino.it\/scatto\/wp-content\/gallery\/2019_05_30_regeni\/cache\/pla_9714.jpg-nggid0522911-ngg0dyn-60x60x100-00f0w010c011r110f110r010t010.jpg\"\n                    width=\"60\"\n                    height=\"60\"\n                    style=\"max-width:100%;\"\n                \/>\n            <\/a>\n        <\/div>\n\t\t\t\t\t\t\t<\/div> \n\t\t\t\n        \n\t\t\t\t<div id=\"ngg-image-5\" class=\"ngg-gallery-thumbnail-box\" >\n\t\t\t\t        <div class=\"ngg-gallery-thumbnail\">\n            <a href=\"http:\/\/www.spaziotorino.it\/scatto\/wp-content\/gallery\/2019_05_30_regeni\/pla_9724.jpg\"\n               title=\"Chiara Appendino legge Poesia (urgente) per Giulio Regeni\"\n               data-src=\"http:\/\/www.spaziotorino.it\/scatto\/wp-content\/gallery\/2019_05_30_regeni\/pla_9724.jpg\"\n               data-thumbnail=\"http:\/\/www.spaziotorino.it\/scatto\/wp-content\/gallery\/2019_05_30_regeni\/thumbs\/thumbs_pla_9724.jpg\"\n               data-image-id=\"22912\"\n               data-title=\"Chiara Appendino legge Poesia (urgente) per Giulio Regeni\"\n               data-description=\"Chiara Appendino legge Poesia (urgente) per Giulio Regeni\"\n               data-image-slug=\"pla_9724\"\n               class=\"ngg-fancybox\" rel=\"d2a3b7c2130f476090d66cab1292b3f1\">\n                <img\n                    title=\"Chiara Appendino legge Poesia (urgente) per Giulio Regeni\"\n                    alt=\"Chiara Appendino legge Poesia (urgente) per Giulio Regeni\"\n                    src=\"http:\/\/www.spaziotorino.it\/scatto\/wp-content\/gallery\/2019_05_30_regeni\/cache\/pla_9724.jpg-nggid0522912-ngg0dyn-60x60x100-00f0w010c011r110f110r010t010.jpg\"\n                    width=\"60\"\n                    height=\"60\"\n                    style=\"max-width:100%;\"\n                \/>\n            <\/a>\n        <\/div>\n\t\t\t\t\t\t\t<\/div> \n\t\t\t\n        \n\t\t\t\t<div id=\"ngg-image-6\" class=\"ngg-gallery-thumbnail-box\" >\n\t\t\t\t        <div class=\"ngg-gallery-thumbnail\">\n            <a href=\"http:\/\/www.spaziotorino.it\/scatto\/wp-content\/gallery\/2019_05_30_regeni\/pla_9728.jpg\"\n               title=\"Gli alunni del Convitto nazionale Umberto I leggono alcune poesie\"\n               data-src=\"http:\/\/www.spaziotorino.it\/scatto\/wp-content\/gallery\/2019_05_30_regeni\/pla_9728.jpg\"\n               data-thumbnail=\"http:\/\/www.spaziotorino.it\/scatto\/wp-content\/gallery\/2019_05_30_regeni\/thumbs\/thumbs_pla_9728.jpg\"\n               data-image-id=\"22913\"\n               data-title=\"Gli alunni del Convitto nazionale Umberto I leggono alcune poesie\"\n               data-description=\"Gli alunni del Convitto nazionale Umberto I leggono alcune poesie\"\n               data-image-slug=\"pla_9728\"\n               class=\"ngg-fancybox\" rel=\"d2a3b7c2130f476090d66cab1292b3f1\">\n                <img\n                    title=\"Gli alunni del Convitto nazionale Umberto I leggono alcune poesie\"\n                    alt=\"Gli alunni del Convitto nazionale Umberto I leggono alcune poesie\"\n                    src=\"http:\/\/www.spaziotorino.it\/scatto\/wp-content\/gallery\/2019_05_30_regeni\/cache\/pla_9728.jpg-nggid0522913-ngg0dyn-60x60x100-00f0w010c011r110f110r010t010.jpg\"\n                    width=\"60\"\n                    height=\"60\"\n                    style=\"max-width:100%;\"\n                \/>\n            <\/a>\n        <\/div>\n\t\t\t\t\t\t\t<\/div> \n\t\t\t\n        \n\t\t\n\t\t<!-- Pagination -->\n\t<div class='ngg-clear'><\/div>\t<\/div>\n\n<p>\u00c8 un messaggio che guarda al futuro quello dei bambini del Convitto nazionale Umberto I autori di alcuni testi del libro \u2018Poesia (urgente) per Giulio Regeni\u2019<br \/>\nIl volume, che raccoglie centinaia di scritti dedicati alla figura del giovane ricercatore italiano assassinato in Egitto, \u00e8 stato illustrato questa mattina in Sala Colonne a Palazzo Civico alla presenza, oltre che dei giovanissimi autori, della sindaca Chiara Appendino e del presidente del Consiglio Comunale Francesco Sicari.<br \/>\n\u201cUna bella dimostrazione di cosa significhi oggi essere scuola \u2013 ha detto la Sindaca -, un luogo dove si costruiscono gli strumenti per diventare parte attiva della comunit\u00e0. Poesie emozionanti che contribuiscono a un percorso di verit\u00e0 per il quale una mamma e un pap\u00e0 stanno lottando ormai da 3 anni\u201d. <\/p>\n","protected":false},"excerpt":{"rendered":"<p>\u00c8 un messaggio che guarda al futuro quello dei bambini del Convitto nazionale Umberto I autori di alcuni testi del libro \u2018Poesia (urgente) per Giulio Regeni\u2019 Il volume, che raccoglie centinaia di scritti dedicati alla figura del giovane ricercatore italiano assassinato in Egitto, \u00e8 stato illustrato questa mattina in Sala Colonne a Palazzo Civico alla [&hellip;]<\/p>\n","protected":false},"author":1,"featured_media":0,"comment_status":"closed","ping_status":"open","sticky":false,"template":"","format":"standard","meta":{"ngg_post_thumbnail":0},"categories":[1],"tags":[],"_links":{"self":[{"href":"http:\/\/www.spaziotorino.it\/scatto\/index.php?rest_route=\/wp\/v2\/posts\/17240"}],"collection":[{"href":"http:\/\/www.spaziotorino.it\/scatto\/index.php?rest_route=\/wp\/v2\/posts"}],"about":[{"href":"http:\/\/www.spaziotorino.it\/scatto\/index.php?rest_route=\/wp\/v2\/types\/post"}],"author":[{"embeddable":true,"href":"http:\/\/www.spaziotorino.it\/scatto\/index.php?rest_route=\/wp\/v2\/users\/1"}],"replies":[{"embeddable":true,"href":"http:\/\/www.spaziotorino.it\/scatto\/index.php?rest_route=%2Fwp%2Fv2%2Fcomments&post=17240"}],"version-history":[{"count":3,"href":"http:\/\/www.spaziotorino.it\/scatto\/index.php?rest_route=\/wp\/v2\/posts\/17240\/revisions"}],"predecessor-version":[{"id":17243,"href":"http:\/\/www.spaziotorino.it\/scatto\/index.php?rest_route=\/wp\/v2\/posts\/17240\/revisions\/17243"}],"wp:attachment":[{"href":"http:\/\/www.spaziotorino.it\/scatto\/index.php?rest_route=%2Fwp%2Fv2%2Fmedia&parent=17240"}],"wp:term":[{"taxonomy":"category","embeddable":true,"href":"http:\/\/www.spaziotorino.it\/scatto\/index.php?rest_route=%2Fwp%2Fv2%2Fcategories&post=17240"},{"taxonomy":"post_tag","embeddable":true,"href":"http:\/\/www.spaziotorino.it\/scatto\/index.php?rest_route=%2Fwp%2Fv2%2Ftags&post=17240"}],"curies":[{"name":"wp","href":"https:\/\/api.w.org\/{rel}","templated":true}]}}