{"id":17268,"date":"2019-05-30T15:17:31","date_gmt":"2019-05-30T14:17:31","guid":{"rendered":"http:\/\/www.spaziotorino.it\/scatto\/?p=17268"},"modified":"2019-05-31T09:28:37","modified_gmt":"2019-05-31T08:28:37","slug":"il-2-giugno-moschee-aperte-spazio-per-tutt","status":"publish","type":"post","link":"http:\/\/www.spaziotorino.it\/scatto\/?p=17268","title":{"rendered":"Il 2 giugno \u201cMoschee aperte-spazio per tutt@\u201d"},"content":{"rendered":"<p><a class=\"ngg-fancybox\" title=\"Il 2 giugno \u201cMoschee aperte-spazio per tutt@\u201d\" href=\"http:\/\/www.spaziotorino.it\/scatto\/wp-content\/gallery\/2019_05_30_moschee\/pla_9644.jpg\" rel=\"2203df818bd8a45adf86a46f5dd5d06f\"><br \/>\n<img decoding=\"async\" loading=\"lazy\" class=\"ngg-singlepic\" title=\"Il 2 giugno \u201cMoschee aperte-spazio per tutt@\u201d\" src=\"http:\/\/www.spaziotorino.it\/scatto\/wp-content\/gallery\/2019_05_30_moschee\/pla_9644.jpg\" alt=\"\" width=\"540\" height=\"360\"\/><\/a><\/p>\n<!-- index.php -->\n<div\n\tclass=\"ngg-galleryoverview ngg-ajax-pagination-none\"\n\tid=\"ngg-gallery-3c43d1980fef21026cc40c27b92947de-1\">\n\n    \t\t<!-- Thumbnails -->\n\t\t\t\t<div id=\"ngg-image-0\" class=\"ngg-gallery-thumbnail-box\" >\n\t\t\t\t        <div class=\"ngg-gallery-thumbnail\">\n            <a href=\"http:\/\/www.spaziotorino.it\/scatto\/wp-content\/gallery\/2019_05_30_moschee\/pla_9585.jpg\"\n               title=\"Marco Giusta, Assessore ai Diritti\"\n               data-src=\"http:\/\/www.spaziotorino.it\/scatto\/wp-content\/gallery\/2019_05_30_moschee\/pla_9585.jpg\"\n               data-thumbnail=\"http:\/\/www.spaziotorino.it\/scatto\/wp-content\/gallery\/2019_05_30_moschee\/thumbs\/thumbs_pla_9585.jpg\"\n               data-image-id=\"22914\"\n               data-title=\"Marco Giusta, Assessore ai Diritti\"\n               data-description=\"Marco Giusta, Assessore ai Diritti\"\n               data-image-slug=\"pla_9585\"\n               class=\"ngg-fancybox\" rel=\"3c43d1980fef21026cc40c27b92947de\">\n                <img\n                    title=\"Marco Giusta, Assessore ai Diritti\"\n                    alt=\"Marco Giusta, Assessore ai Diritti\"\n                    src=\"http:\/\/www.spaziotorino.it\/scatto\/wp-content\/gallery\/2019_05_30_moschee\/cache\/pla_9585.jpg-nggid0522914-ngg0dyn-60x60x100-00f0w010c011r110f110r010t010.jpg\"\n                    width=\"60\"\n                    height=\"60\"\n                    style=\"max-width:100%;\"\n                \/>\n            <\/a>\n        <\/div>\n\t\t\t\t\t\t\t<\/div> \n\t\t\t\n        \n\t\t\t\t<div id=\"ngg-image-1\" class=\"ngg-gallery-thumbnail-box\" >\n\t\t\t\t        <div class=\"ngg-gallery-thumbnail\">\n            <a href=\"http:\/\/www.spaziotorino.it\/scatto\/wp-content\/gallery\/2019_05_30_moschee\/pla_9615.jpg\"\n               title=\"Il 2 giugno \u201cMoschee aperte-spazio per tutt@\u201d\"\n               data-src=\"http:\/\/www.spaziotorino.it\/scatto\/wp-content\/gallery\/2019_05_30_moschee\/pla_9615.jpg\"\n               data-thumbnail=\"http:\/\/www.spaziotorino.it\/scatto\/wp-content\/gallery\/2019_05_30_moschee\/thumbs\/thumbs_pla_9615.jpg\"\n               data-image-id=\"22916\"\n               data-title=\"Il 2 giugno \u201cMoschee aperte-spazio per tutt@\u201d\"\n               data-description=\"Il 2 giugno \u201cMoschee aperte-spazio per tutt@\u201d\"\n               data-image-slug=\"pla_9615\"\n               class=\"ngg-fancybox\" rel=\"3c43d1980fef21026cc40c27b92947de\">\n                <img\n                    title=\"Il 2 giugno \u201cMoschee aperte-spazio per tutt@\u201d\"\n                    alt=\"Il 2 giugno \u201cMoschee aperte-spazio per tutt@\u201d\"\n                    src=\"http:\/\/www.spaziotorino.it\/scatto\/wp-content\/gallery\/2019_05_30_moschee\/cache\/pla_9615.jpg-nggid0522916-ngg0dyn-60x60x100-00f0w010c011r110f110r010t010.jpg\"\n                    width=\"60\"\n                    height=\"60\"\n                    style=\"max-width:100%;\"\n                \/>\n            <\/a>\n        <\/div>\n\t\t\t\t\t\t\t<\/div> \n\t\t\t\n        \n\t\t\t\t<div id=\"ngg-image-2\" class=\"ngg-gallery-thumbnail-box\" >\n\t\t\t\t        <div class=\"ngg-gallery-thumbnail\">\n            <a href=\"http:\/\/www.spaziotorino.it\/scatto\/wp-content\/gallery\/2019_05_30_moschee\/pla_9628.jpg\"\n               title=\"Un momento della conferenza stampa\"\n               data-src=\"http:\/\/www.spaziotorino.it\/scatto\/wp-content\/gallery\/2019_05_30_moschee\/pla_9628.jpg\"\n               data-thumbnail=\"http:\/\/www.spaziotorino.it\/scatto\/wp-content\/gallery\/2019_05_30_moschee\/thumbs\/thumbs_pla_9628.jpg\"\n               data-image-id=\"22918\"\n               data-title=\"Un momento della conferenza stampa\"\n               data-description=\"Un momento della conferenza stampa\"\n               data-image-slug=\"pla_9628\"\n               class=\"ngg-fancybox\" rel=\"3c43d1980fef21026cc40c27b92947de\">\n                <img\n                    title=\"Un momento della conferenza stampa\"\n                    alt=\"Un momento della conferenza stampa\"\n                    src=\"http:\/\/www.spaziotorino.it\/scatto\/wp-content\/gallery\/2019_05_30_moschee\/cache\/pla_9628.jpg-nggid0522918-ngg0dyn-60x60x100-00f0w010c011r110f110r010t010.jpg\"\n                    width=\"60\"\n                    height=\"60\"\n                    style=\"max-width:100%;\"\n                \/>\n            <\/a>\n        <\/div>\n\t\t\t\t\t\t\t<\/div> \n\t\t\t\n        \n\t\t\t\t<div id=\"ngg-image-3\" class=\"ngg-gallery-thumbnail-box\" >\n\t\t\t\t        <div class=\"ngg-gallery-thumbnail\">\n            <a href=\"http:\/\/www.spaziotorino.it\/scatto\/wp-content\/gallery\/2019_05_30_moschee\/pla_9639.jpg\"\n               title=\"L\u2019Arcivescovo di Torino, Cesare Nosiglia\"\n               data-src=\"http:\/\/www.spaziotorino.it\/scatto\/wp-content\/gallery\/2019_05_30_moschee\/pla_9639.jpg\"\n               data-thumbnail=\"http:\/\/www.spaziotorino.it\/scatto\/wp-content\/gallery\/2019_05_30_moschee\/thumbs\/thumbs_pla_9639.jpg\"\n               data-image-id=\"22919\"\n               data-title=\"L\u2019Arcivescovo di Torino, Cesare Nosiglia\"\n               data-description=\"L\u2019Arcivescovo di Torino, Cesare Nosiglia\"\n               data-image-slug=\"pla_9639-1\"\n               class=\"ngg-fancybox\" rel=\"3c43d1980fef21026cc40c27b92947de\">\n                <img\n                    title=\"L\u2019Arcivescovo di Torino, Cesare Nosiglia\"\n                    alt=\"L\u2019Arcivescovo di Torino, Cesare Nosiglia\"\n                    src=\"http:\/\/www.spaziotorino.it\/scatto\/wp-content\/gallery\/2019_05_30_moschee\/cache\/pla_9639.jpg-nggid0522919-ngg0dyn-60x60x100-00f0w010c011r110f110r010t010.jpg\"\n                    width=\"60\"\n                    height=\"60\"\n                    style=\"max-width:100%;\"\n                \/>\n            <\/a>\n        <\/div>\n\t\t\t\t\t\t\t<\/div> \n\t\t\t\n        \n\t\t\t\t<div id=\"ngg-image-4\" class=\"ngg-gallery-thumbnail-box\" >\n\t\t\t\t        <div class=\"ngg-gallery-thumbnail\">\n            <a href=\"http:\/\/www.spaziotorino.it\/scatto\/wp-content\/gallery\/2019_05_30_moschee\/pla_9654.jpg\"\n               title=\"Il 2 giugno \u201cMoschee aperte-spazio per tutt@\u201d\"\n               data-src=\"http:\/\/www.spaziotorino.it\/scatto\/wp-content\/gallery\/2019_05_30_moschee\/pla_9654.jpg\"\n               data-thumbnail=\"http:\/\/www.spaziotorino.it\/scatto\/wp-content\/gallery\/2019_05_30_moschee\/thumbs\/thumbs_pla_9654.jpg\"\n               data-image-id=\"22921\"\n               data-title=\"Il 2 giugno \u201cMoschee aperte-spazio per tutt@\u201d\"\n               data-description=\"Il 2 giugno \u201cMoschee aperte-spazio per tutt@\u201d\"\n               data-image-slug=\"pla_9654\"\n               class=\"ngg-fancybox\" rel=\"3c43d1980fef21026cc40c27b92947de\">\n                <img\n                    title=\"Il 2 giugno \u201cMoschee aperte-spazio per tutt@\u201d\"\n                    alt=\"Il 2 giugno \u201cMoschee aperte-spazio per tutt@\u201d\"\n                    src=\"http:\/\/www.spaziotorino.it\/scatto\/wp-content\/gallery\/2019_05_30_moschee\/cache\/pla_9654.jpg-nggid0522921-ngg0dyn-60x60x100-00f0w010c011r110f110r010t010.jpg\"\n                    width=\"60\"\n                    height=\"60\"\n                    style=\"max-width:100%;\"\n                \/>\n            <\/a>\n        <\/div>\n\t\t\t\t\t\t\t<\/div> \n\t\t\t\n        \n\t\t\t\t<div id=\"ngg-image-5\" class=\"ngg-gallery-thumbnail-box\" >\n\t\t\t\t        <div class=\"ngg-gallery-thumbnail\">\n            <a href=\"http:\/\/www.spaziotorino.it\/scatto\/wp-content\/gallery\/2019_05_30_moschee\/pla_9658.jpg\"\n               title=\"Il 2 giugno \u201cMoschee aperte-spazio per tutt@\u201d\"\n               data-src=\"http:\/\/www.spaziotorino.it\/scatto\/wp-content\/gallery\/2019_05_30_moschee\/pla_9658.jpg\"\n               data-thumbnail=\"http:\/\/www.spaziotorino.it\/scatto\/wp-content\/gallery\/2019_05_30_moschee\/thumbs\/thumbs_pla_9658.jpg\"\n               data-image-id=\"22922\"\n               data-title=\"Il 2 giugno \u201cMoschee aperte-spazio per tutt@\u201d\"\n               data-description=\"Il 2 giugno \u201cMoschee aperte-spazio per tutt@\u201d\"\n               data-image-slug=\"pla_9658\"\n               class=\"ngg-fancybox\" rel=\"3c43d1980fef21026cc40c27b92947de\">\n                <img\n                    title=\"Il 2 giugno \u201cMoschee aperte-spazio per tutt@\u201d\"\n                    alt=\"Il 2 giugno \u201cMoschee aperte-spazio per tutt@\u201d\"\n                    src=\"http:\/\/www.spaziotorino.it\/scatto\/wp-content\/gallery\/2019_05_30_moschee\/cache\/pla_9658.jpg-nggid0522922-ngg0dyn-60x60x100-00f0w010c011r110f110r010t010.jpg\"\n                    width=\"60\"\n                    height=\"60\"\n                    style=\"max-width:100%;\"\n                \/>\n            <\/a>\n        <\/div>\n\t\t\t\t\t\t\t<\/div> \n\t\t\t\n        \n\t\t\t\t<div id=\"ngg-image-6\" class=\"ngg-gallery-thumbnail-box\" >\n\t\t\t\t        <div class=\"ngg-gallery-thumbnail\">\n            <a href=\"http:\/\/www.spaziotorino.it\/scatto\/wp-content\/gallery\/2019_05_30_moschee\/pla_9670.jpg\"\n               title=\"Il 2 giugno \u201cMoschee aperte-spazio per tutt@\u201d\"\n               data-src=\"http:\/\/www.spaziotorino.it\/scatto\/wp-content\/gallery\/2019_05_30_moschee\/pla_9670.jpg\"\n               data-thumbnail=\"http:\/\/www.spaziotorino.it\/scatto\/wp-content\/gallery\/2019_05_30_moschee\/thumbs\/thumbs_pla_9670.jpg\"\n               data-image-id=\"22923\"\n               data-title=\"Il 2 giugno \u201cMoschee aperte-spazio per tutt@\u201d\"\n               data-description=\"Il 2 giugno \u201cMoschee aperte-spazio per tutt@\u201d\"\n               data-image-slug=\"pla_9670\"\n               class=\"ngg-fancybox\" rel=\"3c43d1980fef21026cc40c27b92947de\">\n                <img\n                    title=\"Il 2 giugno \u201cMoschee aperte-spazio per tutt@\u201d\"\n                    alt=\"Il 2 giugno \u201cMoschee aperte-spazio per tutt@\u201d\"\n                    src=\"http:\/\/www.spaziotorino.it\/scatto\/wp-content\/gallery\/2019_05_30_moschee\/cache\/pla_9670.jpg-nggid0522923-ngg0dyn-60x60x100-00f0w010c011r110f110r010t010.jpg\"\n                    width=\"60\"\n                    height=\"60\"\n                    style=\"max-width:100%;\"\n                \/>\n            <\/a>\n        <\/div>\n\t\t\t\t\t\t\t<\/div> \n\t\t\t\n        \n\t\t\t\t<div id=\"ngg-image-7\" class=\"ngg-gallery-thumbnail-box\" >\n\t\t\t\t        <div class=\"ngg-gallery-thumbnail\">\n            <a href=\"http:\/\/www.spaziotorino.it\/scatto\/wp-content\/gallery\/2019_05_30_moschee\/pla_9690.jpg\"\n               title=\"Il 2 giugno \u201cMoschee aperte-spazio per tutt@\u201d\"\n               data-src=\"http:\/\/www.spaziotorino.it\/scatto\/wp-content\/gallery\/2019_05_30_moschee\/pla_9690.jpg\"\n               data-thumbnail=\"http:\/\/www.spaziotorino.it\/scatto\/wp-content\/gallery\/2019_05_30_moschee\/thumbs\/thumbs_pla_9690.jpg\"\n               data-image-id=\"22924\"\n               data-title=\"Il 2 giugno \u201cMoschee aperte-spazio per tutt@\u201d\"\n               data-description=\"Il 2 giugno \u201cMoschee aperte-spazio per tutt@\u201d\"\n               data-image-slug=\"pla_9690\"\n               class=\"ngg-fancybox\" rel=\"3c43d1980fef21026cc40c27b92947de\">\n                <img\n                    title=\"Il 2 giugno \u201cMoschee aperte-spazio per tutt@\u201d\"\n                    alt=\"Il 2 giugno \u201cMoschee aperte-spazio per tutt@\u201d\"\n                    src=\"http:\/\/www.spaziotorino.it\/scatto\/wp-content\/gallery\/2019_05_30_moschee\/cache\/pla_9690.jpg-nggid0522924-ngg0dyn-60x60x100-00f0w010c011r110f110r010t010.jpg\"\n                    width=\"60\"\n                    height=\"60\"\n                    style=\"max-width:100%;\"\n                \/>\n            <\/a>\n        <\/div>\n\t\t\t\t\t\t\t<\/div> \n\t\t\t\n        \n\t\t\n\t\t<!-- Pagination -->\n\t<div class='ngg-clear'><\/div>\t<\/div>\n\n<p>Una domenica all\u2019insegna del dialogo interculturale. Il 2 giugno torna a Torino \u2013 per il terzo anno consecutivo \u2013&nbsp;<strong>\u201c<em>Moschee aperte-spazio per tutt@\u201d<\/em><\/strong>, una giornata in cui i centri islamici della citt\u00e0 saranno aperti a tutti&nbsp;e a tutte&nbsp;<strong>dalle 18 alle 21<\/strong>&nbsp;per appuntamenti all\u2019insegna dell\u2019accoglienza e della condivisione.<span id=\"more-83965\"><\/span><\/p>\n<p>L\u2019iniziativa, presentata questa mattina a Palazzo Civico, \u00e8 promossa dal&nbsp;<strong>Comune di Torino<\/strong><strong>&nbsp;<\/strong>e dai<strong>&nbsp;<\/strong><strong>centri islamici<\/strong>&nbsp;della citt\u00e0 in attuazione del&nbsp;<strong>Patto di Condivisione&nbsp;<\/strong><strong>siglato nel 2016<\/strong>&nbsp;come importante segnale di&nbsp;<strong>apertura e reciproca fiducia<\/strong><strong>,<\/strong>&nbsp;\u00e8 frutto di un percorso di crescita e di condivisione che la Citt\u00e0 promuove da decenni.<\/p>\n<p><em>\u201cLa via per la pace e la serena convivenza passa dalla conoscenza reciproca e dal confronto tra culture.&nbsp;L\u2019iniziativa Moschee Aperte \u2013 ha sottolineato la Sindaca Chiara&nbsp;<strong>Appendino<\/strong>&nbsp;\u2013 va esattamente in questa direzione. \u00c8 un orgoglio vedere come, ancora una volta, la comunit\u00e0 torinese \u2013 che include tutte e tutti \u2013 sia in grado di aprire porte in un mondo in cui si costruiscono muri.<\/em><\/p>\n<p><em>\u201cMoschee aperte &nbsp;\u2013 ha spiegato Marco&nbsp;<strong>Giusta<\/strong>, Assessore ai Diritti \u2013 \u00e8 uno dei mille eventi, grandi e piccoli, che permettono alle persone di incontrarsi, di scoprirsi, di conoscersi. Eventi che mettono in moto processi di vicinato e di vicinanza che ricostruiscono quel tessuto sociale che la crisi, la disoccupazione e la sfiducia nelle istituzioni hanno sfilacciato. Io ringrazio moltissimo la comunit\u00e0 musulmana torinese per questa rinnovata volont\u00e0 di aprire la propria casa, per le energie, l\u2019impegno e le risorse che mette in questo evento. La Citt\u00e0 di Torino \u00e8 orgogliosa di starle accanto e supportarla in questo percorso, cos\u00ec come fa con tutte le altre comunit\u00e0 che vivono sul nostro territorio.\u201d<\/em><\/p>\n<p>Il<strong>&nbsp;2 giugno<\/strong>, nell\u2019ultima domenica del Ramadan \u2013 mese nel quale i fedeli musulmani e le fedeli musulmane praticano il digiuno rituale -, 14 centri di cultura e religione islamica distribuiti su tutto il territorio cittadino (dalle Vallette a Mirafiori, dal Lingotto a Barriera di Milano)&nbsp;accoglieranno visitatori e visitatrici organizzando visite guidate, momenti di discussione e di dialogo ed eventi artistici.<\/p>\n<p>Partecipando all\u2019incontro l\u2019Arcivescovo di Torino, Cesare&nbsp;<strong>Nosiglia<\/strong>&nbsp;ha affermato di essere&nbsp;<em>\u201clieto che si rinnovi l\u2019iniziativa. Questa giornata \u00e8 un esempio di accoglienza, pace e comunione che favoriscono un cammino per costruire una citt\u00e0 aperta a tutti, un luogo aperto in cui vivere ed educare le nuove generazioni\u201d.<\/em><\/p>\n<p>Tra i principali appuntamenti della giornata si segnalano due dibattiti organizzati dalla Moschea delle Alpi di Via Chivasso 10: \u201cIslam italiano e valori repubblicani\u201d, con la partecipazione di Sumaya Abdel Qader, consigliera del Comune di Milano e dello studioso di fenomeni migratori, Fabrizio Ciocca.<br \/>\nL\u2019altro momento di riflessione tratta il tema \u201cSpiritualit\u00e0 e Ambiente\u201d con Fra Luca Minuto e Abdallah Kabakebji.<\/p>\n<p>La Moschea Mohamed VI di via Genova 286, in collaborazione con il Polo del Novecento, organizza un approfondimento sui diritti che si sono conquistati, a partire dal 2 giugno 1946, fino ad arrivare ai giorni nostri.<\/p>\n<p>Al centro La Mecca di Corso Botticelli 104, si terr\u00e0 un incontro&nbsp;&nbsp; riguardante il Ramadan di dialogo tra religiosi musulmani e cristiani dal titolo \u201cIl digiuno \u00e8 in tutte le religioni\u201d.<\/p>\n<p>La giornata si concluder\u00e0 con&nbsp;<strong>la cena di Iftar<\/strong>, la rituale rottura del digiuno al calar del sole durante il Ramadan, insieme a tutti e a tutte coloro che accoglieranno l\u2019invito recandosi in una delle moschee aderenti all\u2019iniziativa, persone di ogni provenienza, fede religiosa, cultura, accomunate dal piacere di stare insieme, conoscersi, dialogare.<\/p>\n<p>La cena verr\u00e0 offerta a tutti i partecipanti e le partecipanti in un momento di condivisione e convivialit\u00e0.&nbsp;<\/p>\n<p><strong><a href=\"http:\/\/www.comune.torino.it\/torinogiovani\/vivere-a-torino\/moschee-aperte?fbclid=IwAR06It-gqa4sR8Ggi6pi3WfqU32BzxcZoWh7BIH9gkU1gqqI9tbjaZa1-5U\">Elenco delle Moschee Aperte a Torino domenica 2 giugno 2019<\/a><\/strong><\/p>\n<p>[Fonte: <a href=\"http:\/\/www.torinoclick.it\/?p=83965\">TorinoClick<\/a>]<\/p>\n","protected":false},"excerpt":{"rendered":"<p>Una domenica all\u2019insegna del dialogo interculturale. Il 2 giugno torna a Torino \u2013 per il terzo anno consecutivo \u2013&nbsp;\u201cMoschee aperte-spazio per tutt@\u201d, una giornata in cui i centri islamici della citt\u00e0 saranno aperti a tutti&nbsp;e a tutte&nbsp;dalle 18 alle 21&nbsp;per appuntamenti all\u2019insegna dell\u2019accoglienza e della condivisione. L\u2019iniziativa, presentata questa mattina a Palazzo Civico, \u00e8 promossa [&hellip;]<\/p>\n","protected":false},"author":1,"featured_media":0,"comment_status":"closed","ping_status":"open","sticky":false,"template":"","format":"standard","meta":{"ngg_post_thumbnail":0},"categories":[1,895],"tags":[],"_links":{"self":[{"href":"http:\/\/www.spaziotorino.it\/scatto\/index.php?rest_route=\/wp\/v2\/posts\/17268"}],"collection":[{"href":"http:\/\/www.spaziotorino.it\/scatto\/index.php?rest_route=\/wp\/v2\/posts"}],"about":[{"href":"http:\/\/www.spaziotorino.it\/scatto\/index.php?rest_route=\/wp\/v2\/types\/post"}],"author":[{"embeddable":true,"href":"http:\/\/www.spaziotorino.it\/scatto\/index.php?rest_route=\/wp\/v2\/users\/1"}],"replies":[{"embeddable":true,"href":"http:\/\/www.spaziotorino.it\/scatto\/index.php?rest_route=%2Fwp%2Fv2%2Fcomments&post=17268"}],"version-history":[{"count":4,"href":"http:\/\/www.spaziotorino.it\/scatto\/index.php?rest_route=\/wp\/v2\/posts\/17268\/revisions"}],"predecessor-version":[{"id":17288,"href":"http:\/\/www.spaziotorino.it\/scatto\/index.php?rest_route=\/wp\/v2\/posts\/17268\/revisions\/17288"}],"wp:attachment":[{"href":"http:\/\/www.spaziotorino.it\/scatto\/index.php?rest_route=%2Fwp%2Fv2%2Fmedia&parent=17268"}],"wp:term":[{"taxonomy":"category","embeddable":true,"href":"http:\/\/www.spaziotorino.it\/scatto\/index.php?rest_route=%2Fwp%2Fv2%2Fcategories&post=17268"},{"taxonomy":"post_tag","embeddable":true,"href":"http:\/\/www.spaziotorino.it\/scatto\/index.php?rest_route=%2Fwp%2Fv2%2Ftags&post=17268"}],"curies":[{"name":"wp","href":"https:\/\/api.w.org\/{rel}","templated":true}]}}