{"id":17287,"date":"2019-06-03T11:27:29","date_gmt":"2019-06-03T10:27:29","guid":{"rendered":"http:\/\/www.spaziotorino.it\/scatto\/?p=17287"},"modified":"2019-06-03T11:27:29","modified_gmt":"2019-06-03T10:27:29","slug":"una-corona-di-fiori-per-ricordare-le-vittime-di-piazza-san-carlo","status":"publish","type":"post","link":"http:\/\/www.spaziotorino.it\/scatto\/?p=17287","title":{"rendered":"Una corona di fiori per ricordare le vittime di piazza San Carlo"},"content":{"rendered":"<p><a class=\"ngg-fancybox\" title=\"Una corona di fiori per ricordare le vittime di piazza San Carlo\" href=\"http:\/\/www.spaziotorino.it\/scatto\/wp-content\/gallery\/2019_06_03_sancarlo\/pla_0121.jpg\" rel=\"def1989e9478a034c3e18a31904cd308\"><br \/>\n<img decoding=\"async\" loading=\"lazy\" class=\"ngg-singlepic\" title=\"Una corona di fiori per ricordare le vittime di piazza San Carlo\" src=\"http:\/\/www.spaziotorino.it\/scatto\/wp-content\/gallery\/2019_06_03_sancarlo\/pla_0121.jpg\" alt=\"\" width=\"540\" height=\"360\"\/><\/a><\/p>\n<!-- index.php -->\n<div\n\tclass=\"ngg-galleryoverview ngg-ajax-pagination-none\"\n\tid=\"ngg-gallery-79f8c678c29dd95fd1d742859141b8ff-1\">\n\n    \t\t<!-- Thumbnails -->\n\t\t\t\t<div id=\"ngg-image-0\" class=\"ngg-gallery-thumbnail-box\" >\n\t\t\t\t        <div class=\"ngg-gallery-thumbnail\">\n            <a href=\"http:\/\/www.spaziotorino.it\/scatto\/wp-content\/gallery\/2019_06_03_sancarlo\/pla_0107.jpg\"\n               title=\"\"\n               data-src=\"http:\/\/www.spaziotorino.it\/scatto\/wp-content\/gallery\/2019_06_03_sancarlo\/pla_0107.jpg\"\n               data-thumbnail=\"http:\/\/www.spaziotorino.it\/scatto\/wp-content\/gallery\/2019_06_03_sancarlo\/thumbs\/thumbs_pla_0107.jpg\"\n               data-image-id=\"22927\"\n               data-title=\"pla_0107\"\n               data-description=\"\"\n               data-image-slug=\"pla_0107\"\n               class=\"ngg-fancybox\" rel=\"79f8c678c29dd95fd1d742859141b8ff\">\n                <img\n                    title=\"pla_0107\"\n                    alt=\"pla_0107\"\n                    src=\"http:\/\/www.spaziotorino.it\/scatto\/wp-content\/gallery\/2019_06_03_sancarlo\/cache\/pla_0107.jpg-nggid0522927-ngg0dyn-60x60x100-00f0w010c011r110f110r010t010.jpg\"\n                    width=\"60\"\n                    height=\"60\"\n                    style=\"max-width:100%;\"\n                \/>\n            <\/a>\n        <\/div>\n\t\t\t\t\t\t\t<\/div> \n\t\t\t\n        \n\t\t\t\t<div id=\"ngg-image-1\" class=\"ngg-gallery-thumbnail-box\" >\n\t\t\t\t        <div class=\"ngg-gallery-thumbnail\">\n            <a href=\"http:\/\/www.spaziotorino.it\/scatto\/wp-content\/gallery\/2019_06_03_sancarlo\/pla_0121.jpg\"\n               title=\"\"\n               data-src=\"http:\/\/www.spaziotorino.it\/scatto\/wp-content\/gallery\/2019_06_03_sancarlo\/pla_0121.jpg\"\n               data-thumbnail=\"http:\/\/www.spaziotorino.it\/scatto\/wp-content\/gallery\/2019_06_03_sancarlo\/thumbs\/thumbs_pla_0121.jpg\"\n               data-image-id=\"22928\"\n               data-title=\"pla_0121\"\n               data-description=\"\"\n               data-image-slug=\"pla_0121\"\n               class=\"ngg-fancybox\" rel=\"79f8c678c29dd95fd1d742859141b8ff\">\n                <img\n                    title=\"pla_0121\"\n                    alt=\"pla_0121\"\n                    src=\"http:\/\/www.spaziotorino.it\/scatto\/wp-content\/gallery\/2019_06_03_sancarlo\/cache\/pla_0121.jpg-nggid0522928-ngg0dyn-60x60x100-00f0w010c011r110f110r010t010.jpg\"\n                    width=\"60\"\n                    height=\"60\"\n                    style=\"max-width:100%;\"\n                \/>\n            <\/a>\n        <\/div>\n\t\t\t\t\t\t\t<\/div> \n\t\t\t\n        \n\t\t\t\t<div id=\"ngg-image-2\" class=\"ngg-gallery-thumbnail-box\" >\n\t\t\t\t        <div class=\"ngg-gallery-thumbnail\">\n            <a href=\"http:\/\/www.spaziotorino.it\/scatto\/wp-content\/gallery\/2019_06_03_sancarlo\/pla_0125.jpg\"\n               title=\"\"\n               data-src=\"http:\/\/www.spaziotorino.it\/scatto\/wp-content\/gallery\/2019_06_03_sancarlo\/pla_0125.jpg\"\n               data-thumbnail=\"http:\/\/www.spaziotorino.it\/scatto\/wp-content\/gallery\/2019_06_03_sancarlo\/thumbs\/thumbs_pla_0125.jpg\"\n               data-image-id=\"22929\"\n               data-title=\"pla_0125\"\n               data-description=\"\"\n               data-image-slug=\"pla_0125\"\n               class=\"ngg-fancybox\" rel=\"79f8c678c29dd95fd1d742859141b8ff\">\n                <img\n                    title=\"pla_0125\"\n                    alt=\"pla_0125\"\n                    src=\"http:\/\/www.spaziotorino.it\/scatto\/wp-content\/gallery\/2019_06_03_sancarlo\/cache\/pla_0125.jpg-nggid0522929-ngg0dyn-60x60x100-00f0w010c011r110f110r010t010.jpg\"\n                    width=\"60\"\n                    height=\"60\"\n                    style=\"max-width:100%;\"\n                \/>\n            <\/a>\n        <\/div>\n\t\t\t\t\t\t\t<\/div> \n\t\t\t\n        \n\t\t\t\t<div id=\"ngg-image-3\" class=\"ngg-gallery-thumbnail-box\" >\n\t\t\t\t        <div class=\"ngg-gallery-thumbnail\">\n            <a href=\"http:\/\/www.spaziotorino.it\/scatto\/wp-content\/gallery\/2019_06_03_sancarlo\/pla_0127.jpg\"\n               title=\"\"\n               data-src=\"http:\/\/www.spaziotorino.it\/scatto\/wp-content\/gallery\/2019_06_03_sancarlo\/pla_0127.jpg\"\n               data-thumbnail=\"http:\/\/www.spaziotorino.it\/scatto\/wp-content\/gallery\/2019_06_03_sancarlo\/thumbs\/thumbs_pla_0127.jpg\"\n               data-image-id=\"22930\"\n               data-title=\"pla_0127\"\n               data-description=\"\"\n               data-image-slug=\"pla_0127\"\n               class=\"ngg-fancybox\" rel=\"79f8c678c29dd95fd1d742859141b8ff\">\n                <img\n                    title=\"pla_0127\"\n                    alt=\"pla_0127\"\n                    src=\"http:\/\/www.spaziotorino.it\/scatto\/wp-content\/gallery\/2019_06_03_sancarlo\/cache\/pla_0127.jpg-nggid0522930-ngg0dyn-60x60x100-00f0w010c011r110f110r010t010.jpg\"\n                    width=\"60\"\n                    height=\"60\"\n                    style=\"max-width:100%;\"\n                \/>\n            <\/a>\n        <\/div>\n\t\t\t\t\t\t\t<\/div> \n\t\t\t\n        \n\t\t\t\t<div id=\"ngg-image-4\" class=\"ngg-gallery-thumbnail-box\" >\n\t\t\t\t        <div class=\"ngg-gallery-thumbnail\">\n            <a href=\"http:\/\/www.spaziotorino.it\/scatto\/wp-content\/gallery\/2019_06_03_sancarlo\/pla_0100.jpg\"\n               title=\"\"\n               data-src=\"http:\/\/www.spaziotorino.it\/scatto\/wp-content\/gallery\/2019_06_03_sancarlo\/pla_0100.jpg\"\n               data-thumbnail=\"http:\/\/www.spaziotorino.it\/scatto\/wp-content\/gallery\/2019_06_03_sancarlo\/thumbs\/thumbs_pla_0100.jpg\"\n               data-image-id=\"22926\"\n               data-title=\"pla_0100\"\n               data-description=\"\"\n               data-image-slug=\"pla_0100\"\n               class=\"ngg-fancybox\" rel=\"79f8c678c29dd95fd1d742859141b8ff\">\n                <img\n                    title=\"pla_0100\"\n                    alt=\"pla_0100\"\n                    src=\"http:\/\/www.spaziotorino.it\/scatto\/wp-content\/gallery\/2019_06_03_sancarlo\/cache\/pla_0100.jpg-nggid0522926-ngg0dyn-60x60x100-00f0w010c011r110f110r010t010.jpg\"\n                    width=\"60\"\n                    height=\"60\"\n                    style=\"max-width:100%;\"\n                \/>\n            <\/a>\n        <\/div>\n\t\t\t\t\t\t\t<\/div> \n\t\t\t\n        \n\t\t\t\t<div id=\"ngg-image-5\" class=\"ngg-gallery-thumbnail-box\" >\n\t\t\t\t        <div class=\"ngg-gallery-thumbnail\">\n            <a href=\"http:\/\/www.spaziotorino.it\/scatto\/wp-content\/gallery\/2019_06_03_sancarlo\/pla_0098.jpg\"\n               title=\"\"\n               data-src=\"http:\/\/www.spaziotorino.it\/scatto\/wp-content\/gallery\/2019_06_03_sancarlo\/pla_0098.jpg\"\n               data-thumbnail=\"http:\/\/www.spaziotorino.it\/scatto\/wp-content\/gallery\/2019_06_03_sancarlo\/thumbs\/thumbs_pla_0098.jpg\"\n               data-image-id=\"22925\"\n               data-title=\"pla_0098\"\n               data-description=\"\"\n               data-image-slug=\"pla_0098\"\n               class=\"ngg-fancybox\" rel=\"79f8c678c29dd95fd1d742859141b8ff\">\n                <img\n                    title=\"pla_0098\"\n                    alt=\"pla_0098\"\n                    src=\"http:\/\/www.spaziotorino.it\/scatto\/wp-content\/gallery\/2019_06_03_sancarlo\/cache\/pla_0098.jpg-nggid0522925-ngg0dyn-60x60x100-00f0w010c011r110f110r010t010.jpg\"\n                    width=\"60\"\n                    height=\"60\"\n                    style=\"max-width:100%;\"\n                \/>\n            <\/a>\n        <\/div>\n\t\t\t\t\t\t\t<\/div> \n\t\t\t\n        \n\t\t\n\t\t<!-- Pagination -->\n\t<div class='ngg-clear'><\/div>\t<\/div>\n\n<p>Silenzio e fiori in piazza San Carlo, questa mattina a Torino, nel secondo anniversario della calca che, la sera del 3 giugno di fronte alla proiezione su maxi schermo della finale Champions tra Juventus e Real Madrid, caus\u00f2 due morti e oltre 1.500 feriti. Una corona gialla e blu della Citt\u00e0 \u00e8 stata posata dalla sindaca di Torino, Chiara Appendino, e dal presidente del Consiglio comunale Francesco Sicari. <\/p>\n","protected":false},"excerpt":{"rendered":"<p>Silenzio e fiori in piazza San Carlo, questa mattina a Torino, nel secondo anniversario della calca che, la sera del 3 giugno di fronte alla proiezione su maxi schermo della finale Champions tra Juventus e Real Madrid, caus\u00f2 due morti e oltre 1.500 feriti. Una corona gialla e blu della Citt\u00e0 \u00e8 stata posata dalla [&hellip;]<\/p>\n","protected":false},"author":1,"featured_media":0,"comment_status":"closed","ping_status":"open","sticky":false,"template":"","format":"standard","meta":{"ngg_post_thumbnail":0},"categories":[1,895],"tags":[],"_links":{"self":[{"href":"http:\/\/www.spaziotorino.it\/scatto\/index.php?rest_route=\/wp\/v2\/posts\/17287"}],"collection":[{"href":"http:\/\/www.spaziotorino.it\/scatto\/index.php?rest_route=\/wp\/v2\/posts"}],"about":[{"href":"http:\/\/www.spaziotorino.it\/scatto\/index.php?rest_route=\/wp\/v2\/types\/post"}],"author":[{"embeddable":true,"href":"http:\/\/www.spaziotorino.it\/scatto\/index.php?rest_route=\/wp\/v2\/users\/1"}],"replies":[{"embeddable":true,"href":"http:\/\/www.spaziotorino.it\/scatto\/index.php?rest_route=%2Fwp%2Fv2%2Fcomments&post=17287"}],"version-history":[{"count":3,"href":"http:\/\/www.spaziotorino.it\/scatto\/index.php?rest_route=\/wp\/v2\/posts\/17287\/revisions"}],"predecessor-version":[{"id":17291,"href":"http:\/\/www.spaziotorino.it\/scatto\/index.php?rest_route=\/wp\/v2\/posts\/17287\/revisions\/17291"}],"wp:attachment":[{"href":"http:\/\/www.spaziotorino.it\/scatto\/index.php?rest_route=%2Fwp%2Fv2%2Fmedia&parent=17287"}],"wp:term":[{"taxonomy":"category","embeddable":true,"href":"http:\/\/www.spaziotorino.it\/scatto\/index.php?rest_route=%2Fwp%2Fv2%2Fcategories&post=17287"},{"taxonomy":"post_tag","embeddable":true,"href":"http:\/\/www.spaziotorino.it\/scatto\/index.php?rest_route=%2Fwp%2Fv2%2Ftags&post=17287"}],"curies":[{"name":"wp","href":"https:\/\/api.w.org\/{rel}","templated":true}]}}