{"id":17631,"date":"2019-06-20T15:36:13","date_gmt":"2019-06-20T14:36:13","guid":{"rendered":"http:\/\/www.spaziotorino.it\/scatto\/?p=17631"},"modified":"2019-06-20T15:36:13","modified_gmt":"2019-06-20T14:36:13","slug":"il-programma-dellestate-intorno","status":"publish","type":"post","link":"http:\/\/www.spaziotorino.it\/scatto\/?p=17631","title":{"rendered":"Il programma dell\u2019Estate Intorno"},"content":{"rendered":"<p><a class=\"ngg-fancybox\" title=\"Il programma dell\u2019Estate Intorno\" href=\"http:\/\/www.spaziotorino.it\/scatto\/wp-content\/gallery\/2019_06_20_estateintorno\/pla_5507.jpg\" rel=\"e6cd579c66792147aa8ed4ac973505af\"><br \/>\n<img decoding=\"async\" loading=\"lazy\" class=\"ngg-singlepic\" title=\"Il programma dell\u2019Estate Intorno\" src=\"http:\/\/www.spaziotorino.it\/scatto\/wp-content\/gallery\/2019_06_20_estateintorno\/pla_5507.jpg\" alt=\"\" width=\"540\" height=\"360\"\/><\/a><\/p>\n<!-- index.php -->\n<div\n\tclass=\"ngg-galleryoverview ngg-ajax-pagination-none\"\n\tid=\"ngg-gallery-adb38b22827fbb0779904904e9bf45fd-1\">\n\n    \t\t<!-- Thumbnails -->\n\t\t\t\t<div id=\"ngg-image-0\" class=\"ngg-gallery-thumbnail-box\" >\n\t\t\t\t        <div class=\"ngg-gallery-thumbnail\">\n            <a href=\"http:\/\/www.spaziotorino.it\/scatto\/wp-content\/gallery\/2019_06_20_estateintorno\/pla_5499.jpg\"\n               title=\"La Tesoriera\"\n               data-src=\"http:\/\/www.spaziotorino.it\/scatto\/wp-content\/gallery\/2019_06_20_estateintorno\/pla_5499.jpg\"\n               data-thumbnail=\"http:\/\/www.spaziotorino.it\/scatto\/wp-content\/gallery\/2019_06_20_estateintorno\/thumbs\/thumbs_pla_5499.jpg\"\n               data-image-id=\"23059\"\n               data-title=\"La Tesoriera\"\n               data-description=\"La Tesoriera\"\n               data-image-slug=\"pla_5499\"\n               class=\"ngg-fancybox\" rel=\"adb38b22827fbb0779904904e9bf45fd\">\n                <img\n                    title=\"La Tesoriera\"\n                    alt=\"La Tesoriera\"\n                    src=\"http:\/\/www.spaziotorino.it\/scatto\/wp-content\/gallery\/2019_06_20_estateintorno\/cache\/pla_5499.jpg-nggid0523059-ngg0dyn-60x60x100-00f0w010c011r110f110r010t010.jpg\"\n                    width=\"60\"\n                    height=\"60\"\n                    style=\"max-width:100%;\"\n                \/>\n            <\/a>\n        <\/div>\n\t\t\t\t\t\t\t<\/div> \n\t\t\t\n        \n\t\t\t\t<div id=\"ngg-image-1\" class=\"ngg-gallery-thumbnail-box\" >\n\t\t\t\t        <div class=\"ngg-gallery-thumbnail\">\n            <a href=\"http:\/\/www.spaziotorino.it\/scatto\/wp-content\/gallery\/2019_06_20_estateintorno\/pla_5540.jpg\"\n               title=\"Francesca Leon\"\n               data-src=\"http:\/\/www.spaziotorino.it\/scatto\/wp-content\/gallery\/2019_06_20_estateintorno\/pla_5540.jpg\"\n               data-thumbnail=\"http:\/\/www.spaziotorino.it\/scatto\/wp-content\/gallery\/2019_06_20_estateintorno\/thumbs\/thumbs_pla_5540.jpg\"\n               data-image-id=\"23062\"\n               data-title=\"Francesca Leon\"\n               data-description=\"Francesca Leon\"\n               data-image-slug=\"pla_5540\"\n               class=\"ngg-fancybox\" rel=\"adb38b22827fbb0779904904e9bf45fd\">\n                <img\n                    title=\"Francesca Leon\"\n                    alt=\"Francesca Leon\"\n                    src=\"http:\/\/www.spaziotorino.it\/scatto\/wp-content\/gallery\/2019_06_20_estateintorno\/cache\/pla_5540.jpg-nggid0523062-ngg0dyn-60x60x100-00f0w010c011r110f110r010t010.jpg\"\n                    width=\"60\"\n                    height=\"60\"\n                    style=\"max-width:100%;\"\n                \/>\n            <\/a>\n        <\/div>\n\t\t\t\t\t\t\t<\/div> \n\t\t\t\n        \n\t\t\t\t<div id=\"ngg-image-2\" class=\"ngg-gallery-thumbnail-box\" >\n\t\t\t\t        <div class=\"ngg-gallery-thumbnail\">\n            <a href=\"http:\/\/www.spaziotorino.it\/scatto\/wp-content\/gallery\/2019_06_20_estateintorno\/pla_5547.jpg\"\n               title=\"La conferenza nella Biblioteca civica musicale Andrea Della Corte\"\n               data-src=\"http:\/\/www.spaziotorino.it\/scatto\/wp-content\/gallery\/2019_06_20_estateintorno\/pla_5547.jpg\"\n               data-thumbnail=\"http:\/\/www.spaziotorino.it\/scatto\/wp-content\/gallery\/2019_06_20_estateintorno\/thumbs\/thumbs_pla_5547.jpg\"\n               data-image-id=\"23063\"\n               data-title=\"La conferenza nella Biblioteca civica musicale Andrea Della Corte\"\n               data-description=\"La conferenza nella Biblioteca civica musicale Andrea Della Corte\"\n               data-image-slug=\"pla_5547\"\n               class=\"ngg-fancybox\" rel=\"adb38b22827fbb0779904904e9bf45fd\">\n                <img\n                    title=\"La conferenza nella Biblioteca civica musicale Andrea Della Corte\"\n                    alt=\"La conferenza nella Biblioteca civica musicale Andrea Della Corte\"\n                    src=\"http:\/\/www.spaziotorino.it\/scatto\/wp-content\/gallery\/2019_06_20_estateintorno\/cache\/pla_5547.jpg-nggid0523063-ngg0dyn-60x60x100-00f0w010c011r110f110r010t010.jpg\"\n                    width=\"60\"\n                    height=\"60\"\n                    style=\"max-width:100%;\"\n                \/>\n            <\/a>\n        <\/div>\n\t\t\t\t\t\t\t<\/div> \n\t\t\t\n        \n\t\t\t\t<div id=\"ngg-image-3\" class=\"ngg-gallery-thumbnail-box\" >\n\t\t\t\t        <div class=\"ngg-gallery-thumbnail\">\n            <a href=\"http:\/\/www.spaziotorino.it\/scatto\/wp-content\/gallery\/2019_06_20_estateintorno\/pla_5568.jpg\"\n               title=\"Marco Giusta\"\n               data-src=\"http:\/\/www.spaziotorino.it\/scatto\/wp-content\/gallery\/2019_06_20_estateintorno\/pla_5568.jpg\"\n               data-thumbnail=\"http:\/\/www.spaziotorino.it\/scatto\/wp-content\/gallery\/2019_06_20_estateintorno\/thumbs\/thumbs_pla_5568.jpg\"\n               data-image-id=\"23064\"\n               data-title=\"Marco Giusta\"\n               data-description=\"Marco Giusta\"\n               data-image-slug=\"pla_5568\"\n               class=\"ngg-fancybox\" rel=\"adb38b22827fbb0779904904e9bf45fd\">\n                <img\n                    title=\"Marco Giusta\"\n                    alt=\"Marco Giusta\"\n                    src=\"http:\/\/www.spaziotorino.it\/scatto\/wp-content\/gallery\/2019_06_20_estateintorno\/cache\/pla_5568.jpg-nggid0523064-ngg0dyn-60x60x100-00f0w010c011r110f110r010t010.jpg\"\n                    width=\"60\"\n                    height=\"60\"\n                    style=\"max-width:100%;\"\n                \/>\n            <\/a>\n        <\/div>\n\t\t\t\t\t\t\t<\/div> \n\t\t\t\n        \n\t\t\t\t<div id=\"ngg-image-4\" class=\"ngg-gallery-thumbnail-box\" >\n\t\t\t\t        <div class=\"ngg-gallery-thumbnail\">\n            <a href=\"http:\/\/www.spaziotorino.it\/scatto\/wp-content\/gallery\/2019_06_20_estateintorno\/pla_5603.jpg\"\n               title=\"La conferenza nella Biblioteca civica musicale Andrea Della Corte\"\n               data-src=\"http:\/\/www.spaziotorino.it\/scatto\/wp-content\/gallery\/2019_06_20_estateintorno\/pla_5603.jpg\"\n               data-thumbnail=\"http:\/\/www.spaziotorino.it\/scatto\/wp-content\/gallery\/2019_06_20_estateintorno\/thumbs\/thumbs_pla_5603.jpg\"\n               data-image-id=\"23065\"\n               data-title=\"La conferenza nella Biblioteca civica musicale Andrea Della Corte\"\n               data-description=\"La conferenza nella Biblioteca civica musicale Andrea Della Corte\"\n               data-image-slug=\"pla_5603\"\n               class=\"ngg-fancybox\" rel=\"adb38b22827fbb0779904904e9bf45fd\">\n                <img\n                    title=\"La conferenza nella Biblioteca civica musicale Andrea Della Corte\"\n                    alt=\"La conferenza nella Biblioteca civica musicale Andrea Della Corte\"\n                    src=\"http:\/\/www.spaziotorino.it\/scatto\/wp-content\/gallery\/2019_06_20_estateintorno\/cache\/pla_5603.jpg-nggid0523065-ngg0dyn-60x60x100-00f0w010c011r110f110r010t010.jpg\"\n                    width=\"60\"\n                    height=\"60\"\n                    style=\"max-width:100%;\"\n                \/>\n            <\/a>\n        <\/div>\n\t\t\t\t\t\t\t<\/div> \n\t\t\t\n        \n\t\t\t\t<div id=\"ngg-image-5\" class=\"ngg-gallery-thumbnail-box\" >\n\t\t\t\t        <div class=\"ngg-gallery-thumbnail\">\n            <a href=\"http:\/\/www.spaziotorino.it\/scatto\/wp-content\/gallery\/2019_06_20_estateintorno\/pla_5612.jpg\"\n               title=\"L&#039;Estate Intorno\"\n               data-src=\"http:\/\/www.spaziotorino.it\/scatto\/wp-content\/gallery\/2019_06_20_estateintorno\/pla_5612.jpg\"\n               data-thumbnail=\"http:\/\/www.spaziotorino.it\/scatto\/wp-content\/gallery\/2019_06_20_estateintorno\/thumbs\/thumbs_pla_5612.jpg\"\n               data-image-id=\"23066\"\n               data-title=\"L&#039;Estate Intorno\"\n               data-description=\"L&#039;Estate Intorno\"\n               data-image-slug=\"pla_5612\"\n               class=\"ngg-fancybox\" rel=\"adb38b22827fbb0779904904e9bf45fd\">\n                <img\n                    title=\"L&#039;Estate Intorno\"\n                    alt=\"L&#039;Estate Intorno\"\n                    src=\"http:\/\/www.spaziotorino.it\/scatto\/wp-content\/gallery\/2019_06_20_estateintorno\/cache\/pla_5612.jpg-nggid0523066-ngg0dyn-60x60x100-00f0w010c011r110f110r010t010.jpg\"\n                    width=\"60\"\n                    height=\"60\"\n                    style=\"max-width:100%;\"\n                \/>\n            <\/a>\n        <\/div>\n\t\t\t\t\t\t\t<\/div> \n\t\t\t\n        \n\t\t\t\t<div id=\"ngg-image-6\" class=\"ngg-gallery-thumbnail-box\" >\n\t\t\t\t        <div class=\"ngg-gallery-thumbnail\">\n            <a href=\"http:\/\/www.spaziotorino.it\/scatto\/wp-content\/gallery\/2019_06_20_estateintorno\/pla_5632.jpg\"\n               title=\"Marco Giusta, Chiara Appendino e Francesca Leon\"\n               data-src=\"http:\/\/www.spaziotorino.it\/scatto\/wp-content\/gallery\/2019_06_20_estateintorno\/pla_5632.jpg\"\n               data-thumbnail=\"http:\/\/www.spaziotorino.it\/scatto\/wp-content\/gallery\/2019_06_20_estateintorno\/thumbs\/thumbs_pla_5632.jpg\"\n               data-image-id=\"23067\"\n               data-title=\"Marco Giusta, Chiara Appendino e Francesca Leon\"\n               data-description=\"Marco Giusta, Chiara Appendino e Francesca Leon\"\n               data-image-slug=\"pla_5632\"\n               class=\"ngg-fancybox\" rel=\"adb38b22827fbb0779904904e9bf45fd\">\n                <img\n                    title=\"Marco Giusta, Chiara Appendino e Francesca Leon\"\n                    alt=\"Marco Giusta, Chiara Appendino e Francesca Leon\"\n                    src=\"http:\/\/www.spaziotorino.it\/scatto\/wp-content\/gallery\/2019_06_20_estateintorno\/cache\/pla_5632.jpg-nggid0523067-ngg0dyn-60x60x100-00f0w010c011r110f110r010t010.jpg\"\n                    width=\"60\"\n                    height=\"60\"\n                    style=\"max-width:100%;\"\n                \/>\n            <\/a>\n        <\/div>\n\t\t\t\t\t\t\t<\/div> \n\t\t\t\n        \n\t\t\t\t<div id=\"ngg-image-7\" class=\"ngg-gallery-thumbnail-box\" >\n\t\t\t\t        <div class=\"ngg-gallery-thumbnail\">\n            <a href=\"http:\/\/www.spaziotorino.it\/scatto\/wp-content\/gallery\/2019_06_20_estateintorno\/pla_5637.jpg\"\n               title=\"Chiara Appendino\"\n               data-src=\"http:\/\/www.spaziotorino.it\/scatto\/wp-content\/gallery\/2019_06_20_estateintorno\/pla_5637.jpg\"\n               data-thumbnail=\"http:\/\/www.spaziotorino.it\/scatto\/wp-content\/gallery\/2019_06_20_estateintorno\/thumbs\/thumbs_pla_5637.jpg\"\n               data-image-id=\"23068\"\n               data-title=\"Chiara Appendino\"\n               data-description=\"Chiara Appendino\"\n               data-image-slug=\"pla_5637\"\n               class=\"ngg-fancybox\" rel=\"adb38b22827fbb0779904904e9bf45fd\">\n                <img\n                    title=\"Chiara Appendino\"\n                    alt=\"Chiara Appendino\"\n                    src=\"http:\/\/www.spaziotorino.it\/scatto\/wp-content\/gallery\/2019_06_20_estateintorno\/cache\/pla_5637.jpg-nggid0523068-ngg0dyn-60x60x100-00f0w010c011r110f110r010t010.jpg\"\n                    width=\"60\"\n                    height=\"60\"\n                    style=\"max-width:100%;\"\n                \/>\n            <\/a>\n        <\/div>\n\t\t\t\t\t\t\t<\/div> \n\t\t\t\n        \n\t\t\t\t<div id=\"ngg-image-8\" class=\"ngg-gallery-thumbnail-box\" >\n\t\t\t\t        <div class=\"ngg-gallery-thumbnail\">\n            <a href=\"http:\/\/www.spaziotorino.it\/scatto\/wp-content\/gallery\/2019_06_20_estateintorno\/pla_5659.jpg\"\n               title=\"L&#039;Estate Intorno\"\n               data-src=\"http:\/\/www.spaziotorino.it\/scatto\/wp-content\/gallery\/2019_06_20_estateintorno\/pla_5659.jpg\"\n               data-thumbnail=\"http:\/\/www.spaziotorino.it\/scatto\/wp-content\/gallery\/2019_06_20_estateintorno\/thumbs\/thumbs_pla_5659.jpg\"\n               data-image-id=\"23069\"\n               data-title=\"L&#039;Estate Intorno\"\n               data-description=\"L&#039;Estate Intorno\"\n               data-image-slug=\"pla_5659\"\n               class=\"ngg-fancybox\" rel=\"adb38b22827fbb0779904904e9bf45fd\">\n                <img\n                    title=\"L&#039;Estate Intorno\"\n                    alt=\"L&#039;Estate Intorno\"\n                    src=\"http:\/\/www.spaziotorino.it\/scatto\/wp-content\/gallery\/2019_06_20_estateintorno\/cache\/pla_5659.jpg-nggid0523069-ngg0dyn-60x60x100-00f0w010c011r110f110r010t010.jpg\"\n                    width=\"60\"\n                    height=\"60\"\n                    style=\"max-width:100%;\"\n                \/>\n            <\/a>\n        <\/div>\n\t\t\t\t\t\t\t<\/div> \n\t\t\t\n        \n\t\t\n\t\t<!-- Pagination -->\n\t<div class='ngg-clear'><\/div>\t<\/div>\n\n<p>Alla Biblioteca civica musicale &#8216;Andrea Della Corte&#8217;, \u00e8 stato presentato il programma \u2018L\u2019<strong>Estate Intorno<\/strong>\u2019 alla presenza della Sindaca Chiara Appendino e degli Assessori Francesca Leon e Marco Giusta.<\/p>\n<p><strong>L\u2019Estate Intorno<\/strong>\u2019, il ricco cartellone di eventi culturali e ricreativi diffusi su tutto il territorio ha l\u2019obiettivo di invitare cittadini e turisti a frequentare, nella bella stagione, spazi pubblici e parchi cittadini.<\/p>\n<p>Il calendario \u2013&nbsp;<strong>proposto dall\u2019Assessorato alla Cultura della Citt\u00e0 di Torino in collaborazione con la Fondazione per la Cultura, grazie al sostegno di Intesa Sanpaolo e Crai<\/strong>&nbsp;\u2013 presenta&nbsp;<strong>9 \u2018punti estivi\u2019<\/strong>realizzati da associazioni culturali con il contributo della Citt\u00e0;&nbsp;<strong>il Festival \u2018Contaminazioni\u2019<\/strong>&nbsp;al Borgo Medievale e un progetto speciale,&nbsp;<strong>\u2018La vie en Rose. Grandi voci al femminile, opera, jazz, rock, reading\u2019<\/strong>, ideato dalla Fondazione per la Cultura Torino e di cui Intesa Sanpaolo \u00e8 partner unico, al Conservatorio Giuseppe Verdi.<\/p>\n<p>Alcuni parchi, insieme a luoghi di particolare rilevanza del patrimonio storico architettonico,&nbsp;come la Villa della Tesoriera, il Borgo Medievale, il Mausoleo della Bela Rosin, saranno quindi la quinta scenografica ideale per le numerose attivit\u00e0 previste e chiunque si trover\u00e0 in citt\u00e0 potr\u00e0 assistere a spettacoli di diverso genere dal balletto al teatro, dal concerto al film agli intrattenimenti vari, che renderanno pi\u00f9 gradevoli le calde giornate di luglio, agosto e settembre.<\/p>\n<p>Una stagione che non mancher\u00e0 di stupirci con appuntamenti di qualit\u00e0 capaci di soddisfare ogni esigenza di fruizione culturale e di trasformare Torino in un palcoscenico diffuso.<\/p>\n<p><em>\u201cSiamo felici di aver accompagnato e sostenuto le proposte che, fino a settembre, offriranno alle cittadine e ai cittadini un calendario di appuntamenti rivolti alle famiglie, ai giovani, ai bimbi e agli anziani \u2013&nbsp;<\/em><strong>sottolineano l\u2019assessora alla Cultura, Francesca Leon e l\u2019assessore alle Politiche Giovanili, Marco Giusta<\/strong>&nbsp;\u2013<em>. I progetti spaziano dalla musica classica agli spettacoli di magia e prestidigitazione, dall\u2019animazione per le bambine e i bambini alle serate dedicate a tutti target d\u2019et\u00e0.&nbsp;<\/em><em>Un palinsesto vario e molto vasto, capace di soddisfare ogni esigenza di fruizione culturale. Nove punti sparsi nella citt\u00e0 perch\u00e9 L\u2019Estate Intorno possa essere un\u2019opportunit\u00e0 per attraversare la bella stagione occupando in modo piacevole il tempo delle vacanze\u201d.<\/em><\/p>\n<p><strong>\u2018L\u2019Estate Intorno\u2019<\/strong>&nbsp;ha in programma: sul palco esterno di sPAZIO211, in via Cigna 211,&nbsp;<strong>\u2018Sun of a Beach\u2019<\/strong>un cartellone di concerti che, fino al 14 luglio, vede avvicendarsi le pi\u00f9 promettenti band emergenti torinesi; nel Cortile dell\u2019ex caserma La Marmora, fino al 27 luglio,&nbsp;<strong>\u2018Zoe Community Festival\u2019<\/strong>, una manifestazione condivisa, pensata e realizzata da 18 partner diversi: il Centro Giovani del quartiere insieme al Centro Anziani, scuole di ballo e di musica, una radio indipendente, associazioni sportive, organizzazioni giovanili, musicisti, scacchisti e cinofili; nella suggestiva location del Parco della Tesoriera fino al 21 luglio si tiene la quarta edizione di&nbsp;<strong>\u2018Ever Green Festival\u2019<\/strong>&nbsp;mentre, a ospitare&nbsp;<strong>\u2018Svincoli\u2019<\/strong>&nbsp;fino al 30 luglio, \u00e8 la zona teatro dell\u2019ex Cimitero San Pietro in Vincoli.<\/p>\n<p>Due le rassegne dedicate alle proiezioni di film: \u2018<strong>Un\u2019estate al Cinema\u2019<\/strong>&nbsp;che si svolger\u00e0 fino al 26 settembre in diversi luoghi cittadini (Casa nel Parco; Cinema Massimo; Casa del Quartiere di San Salvario, Cascina Roccafranca, R.A.F. Centro Diurno Momenti Familiari; Centro Interculturale; Luoghi Comuni Porta Palazzo) e&nbsp;<strong>\u2018Cinema in famiglia \u2013 La finestra sul cortile\u2019<\/strong>&nbsp;in piazza Don Franco Delpiano fino al 31 agosto.<\/p>\n<p>Il Mausoleo della Bela Rosin accoglier\u00e0, dal 27 luglio al 17 agosto,&nbsp;<strong>\u2018Per chi resta \u2013 Ti racconto\u2026 s\u00ec ti racconto\u2019<\/strong>, 15 appuntamenti con letture e spettacoli tratti da testi di grandi autori italiani e internazionali, mentre le arti magiche saranno protagoniste dal 18 luglio al 4 agosto al Borgo Medievale con l\u2019iniziativa&nbsp;<strong>\u2018Maghi, incantesimi, illusioni. Il Borgo della Magia\u2019<\/strong>.<\/p>\n<p><strong>\u2018Il sole dopo la pioggia\u2019<\/strong>&nbsp;splender\u00e0 dal 6 luglio all\u20198 settembre all\u2019Imbarchino del Valentino dove saranno proposte varie iniziative tra cui cinema all\u2019aperto, musica live, dj set, performance e workshop creativi.<\/p>\n<p>A incrementare l\u2019offerta artistica dei punti estivi saranno il festival&nbsp;<strong>\u2018Contaminazioni\u2019,&nbsp;<\/strong>dal 30 giugno al 14 luglio al Borgo medievale e la rassegna&nbsp;<strong>\u2018La vie en rose \u2013 Grandi voci al femminile, opera, jazz, rock, reading\u2019&nbsp;<\/strong>nelle serate del 3, 9, 15 e 23 luglio al Conservatorio Giuseppe Verdi. Tra gli altri, in programma nei prossimi mesi anche&nbsp;Mito Settembre Musica e Todays festival.<\/p>\n<p>Oltre a dedicare una particolare attenzione alla sostenibilit\u00e0 ambientale ed economica, \u2018<strong>L\u2019Estate Intorno<\/strong>\u2019 rappresenta un segnale concreto della sensibilit\u00e0 che la Citt\u00e0 dimostra da sempre per migliorare la qualit\u00e0 della vita dei suoi residenti oltre a essere un presidio attivo verso i parchi cittadini.<\/p>\n<p>Con questa rassegna, Torino terr\u00e0 aperti i sipari dello spettacolo dal vivo in ambientazioni suggestive, per continuare ad arricchire una programmazione culturale che non va mai in vacanza.<\/p>\n<p><strong>&nbsp;<\/strong><\/p>\n<p><strong>PUNTI ESTIVI<\/strong><\/p>\n<p><strong>\u2018SUN OF A BEACH \u2013 L\u2019ESTATE DI SPAZIO 211\u2019<\/strong><\/p>\n<p>Associazione sPAZI Musicali in collaborazione con Street Gang, Buskercase, Associazione Culturale Nothing Else To Do, Associazione Culturale DOCABOUT, RadioOhm, altreArti<\/p>\n<p><strong>14 giugno \u2013 14 luglio<\/strong><\/p>\n<p><strong>Cortile di Spazio 211, via Cigna 211<\/strong><\/p>\n<p>Il giardino di sPAZIO211 dal gioved\u00ec alla domenica d\u2019estate diventa, dalle ore 16.00 alle ore 24.00, un luogo di incontro e aggregazione a libero accesso, con calcetto, ping pong, giochi di societ\u00e0, biblioteca, wi-fi, food e area bimbi. La proposta food offre stand gastronomici con diverse specialit\u00e0 dedicate al cibo di strada dei territori, per fare conoscere e apprezzare le culture regionali e internazionali.<\/p>\n<p>Ogni gioved\u00ec e venerd\u00ec, dalle ore 17.00 alle ore 20.00,&nbsp;<em>Busker Case<\/em>: showcase di musicisti e interviste a cura di RadioOhm, nella cornice del futuribile palco acustico sviluppato presso l\u2019Incubatore di Imprese Innovative del Politecnico di Torino, un progetto che si propone di rivoluzionare le performance artistiche all\u2019aperto. Il gioved\u00ec sera si continua con&nbsp;<em>Pop Corner<\/em>, rassegna cinematografica in 4 puntate incentrata sulle storie di chi ha vissuto la musica in prima persona, dai ghetti di Compton, USA., alle periferie industriali di Salford, UK.<\/p>\n<p>Il venerd\u00ec e il sabato sera, dalle ore 20.00 alle ore 24.00,&nbsp;<em>Sound of a Beach<\/em>, cartellone di concerti sul palco esterno di sPAZIO211, che vede avvicendarsi le pi\u00f9 promettenti band emergenti torinesi con i pi\u00f9 interessanti artisti della scena underground italiana. Sabato 29 giugno dalle ore 17.00 alle ore 20.00 protagonisti i bambini, con i&nbsp;<em>Concertini per Piccolini<\/em>, laboratorio e performance musicali a cura di RadioOhm e altreArti. La domenica \u00e8 dedicata al ballo e alla scoperta dell\u2019elettrocumbia e dell\u2019afrobeat con&nbsp;<em>All You Can Beat<\/em>.<\/p>\n<p><strong>Ingresso libero a tutti gli appuntamenti<\/strong><\/p>\n<p><strong>Info:&nbsp;<\/strong><a href=\"http:\/\/www.spazio211.com\/\" target=\"_blank\" rel=\"noopener noreferrer\" data-saferedirecturl=\"https:\/\/www.google.com\/url?q=http:\/\/www.spazio211.com&amp;source=gmail&amp;ust=1561122781534000&amp;usg=AFQjCNEnFN9bOo3N2XtPQO5__EUkERb_Ag\">www.spazio211.com<\/a>&nbsp;&nbsp;\u2013&nbsp;<u><a href=\"http:\/\/www.facebook.com\/sunofabeach211\/\" target=\"_blank\" rel=\"noopener noreferrer\" data-saferedirecturl=\"https:\/\/www.google.com\/url?q=http:\/\/www.facebook.com\/sunofabeach211\/&amp;source=gmail&amp;ust=1561122781534000&amp;usg=AFQjCNG7xvZx8n3ynw5mSOo3oNm7TI3e4A\">www.facebook.com\/sunofabeach211\/<\/a><\/u><\/p>\n<p><strong>&nbsp;<\/strong><\/p>\n<p><strong>\u2018ZOE COMMUNITY FESTIVAL\u2019<\/strong><\/p>\n<p>Associazione Culturale Comala in collaborazione con Tilt Music, Bal.Un Balfolk Universitario, Pietra Tonale, Lindy Bros, Perc&amp;Music Studio, Centro Studi Sereno Regis, Border Radio, Tamra Associazione Culturale, Divine Queer Film Festival, LTB, Associazione Cit \u2013 Turin San Paolo, A.S.D. Balon Mundial, A.S.D. Cit Turin LDE<\/p>\n<p><strong>3 giugno \u2013 27 luglio<\/strong><\/p>\n<p><strong>Comala \u2013 Cortile ex caserma La Marmora, corso Ferrucci 65<\/strong><\/p>\n<p>Il cortile dell\u2019ex Caserma La Marmora, struttura della seconda met\u00e0 dell\u2019800, che nel corso del tempo ha vissuto mille vite diverse \u2013 mercato del bestiame, spazio per le truppe di artiglieria a cavallo, sede di uffici comunali poi dismessi, aula bunker del maxi-processo alle Brigate Rosse \u2013 e che, da qualche anno, \u00e8 coinvolta in un percorso di riqualificazione e rigenerazione portato avanti da diverse associazioni e gruppi di cittadini del territorio, ospita per l\u2019estate una manifestazione condivisa, pensata e realizzata da 18 partner diversi: il Centro Giovani del quartiere insieme al Centro Anziani, scuole di ballo e di musica, una radio indipendente, associazioni sportive, organizzazioni giovanili, musicisti, scacchisti e cinofili, in un puzzle in cui ognuno ha messo un pezzetto e ha lasciato che si confondesse con gli altri.<\/p>\n<p>Durante il giorno, spazi interni ed esterni sono pensati appositamente per lo studio, con connessione wifi, un\u2019area ludica aperta a tutti e un programma di laboratori.&nbsp;Dopo il tramonto, il cartellone propone ogni sera concerti e spettacoli, serate danzanti, brevi festival \u2013 tra tutti l\u2019ottava edizione del Tribal Town, dedicato alla cultura africana \u2013 e tutte le domeniche (ma a volte anche in settimana) cinema all\u2019aperto. Inoltre, a Zoe si pu\u00f2 mangiare e bere: panini di tutte le taglie, prodotti di rosticceria e pasticceria salentini, birre artigianali, tutto nei bicchieri che non si rompono e non si&nbsp;buttano, e si beve l\u2019acqua pubblica: alla spina, sempre fresca e sempre gratuita. Si pu\u00f2 arrivare a Zoe comodamente in metropolitana, con i mezzi pubblici e in bicicletta.<\/p>\n<p><strong>Ingresso libero e gratuito.<\/strong><\/p>\n<p><strong>Info:&nbsp;<\/strong><a href=\"https:\/\/www.facebook.com\/comala65\/\" target=\"_blank\" rel=\"noopener noreferrer\" data-saferedirecturl=\"https:\/\/www.google.com\/url?q=https:\/\/www.facebook.com\/comala65\/&amp;source=gmail&amp;ust=1561122781534000&amp;usg=AFQjCNGDumqiSslJU7mGKt1s3MH90jXT-w\">https:\/\/www.facebook.com\/comala65\/<\/a>&nbsp;\u2013&nbsp;<a href=\"mailto:info@comala.it\">info@comala.it<\/a><\/p>\n<p><strong>&nbsp;<\/strong><\/p>\n<p><strong>\u2018EVER GREEN FESTIVAL\u2019<\/strong><\/p>\n<p>Associazione Tedac\u00e0 in collaborazione con Coordinamento Associazioni Musicali di Torino, libreria Diorama Kid\u2019s, Coordinamento Torino Pride, CinemAmbiente, CClimaTT, Associazione Altera, Lovers Film Festival. Media partner Radio Energy<\/p>\n<p><strong>7 giugno \u2013 21 luglio<\/strong><\/p>\n<p><strong>Parco della Tesoriera, corso Francia 186<\/strong><\/p>\n<p>Giunto alla sua quarta edizione, Evergreen Fest propone, nella suggestiva location del Parco della Tesoriera, 45 giornate di concerti, spettacoli, laboratori, incontri, presentazioni di libri, stand informativi, serate di cinema e danza, con l\u2019obiettivo di promuovere la concezione di citt\u00e0 intelligente, sostenibile e sempre pi\u00f9 vivibile per i cittadini. Le attivit\u00e0 iniziano gi\u00e0 dal pomeriggio con workshop per bambini di arte performativa, lettura e costruzione LEGO\u00ae a cura di Bricks 4 kidz\u00ae.&nbsp;Dalle 19.30 si attiva il punto ristoro dove si possono gustare piatti preparati con prodotti di stagione e del territorio.&nbsp;Dalle 21.00, sul palco, le serate iniziano con la rubrica La mia citt\u00e0 sostenibile, un momento di incontro con realt\u00e0, enti e associazioni che operano in ambito culturale, artistico, sociale, ambientale, alternata alla sezione Un libro per l\u2019Estate, organizzata in collaborazione con libreria Diorama Kids\u2019 e dedicata agli autori che presentano al pubblico le proprie opere letterarie.&nbsp;Dalle 21.30 il palco si anima con spettacoli dal vivo, serate danzanti e concerti live per un viaggio musicale fra diversi generi che coinvolge ospiti del calibro di Marina Rei, Paolo Benvegn\u00f9, Sweet Life Society, Amira Kheir, Sergio Berardo (Lou Dalfin) e Daiana Lou.&nbsp;Inoltre, proiezioni cinematografiche curate in collaborazione con Lovers Film Festival, CinemAmbiente e Moving TFF, e, ogni luned\u00ec, la nuova sezione Serate talk: interviste a diverse personalit\u00e0 del contesto culturale e sociale italiano, da Vladimir Luxuria a Luca Trapanese, ad Arianna Porcelli Safanov.&nbsp;La domenica mattina, come da tradizione ormai consolidata, l\u2019area spettacolo ospita i concerti di musica strumentale classica e barocca.<\/p>\n<p><strong>Info e prenotazioni<\/strong>:&nbsp;<a href=\"mailto:info@evergreenfest.it\">info@evergreenfest.it<\/a>&nbsp; \u2013 334 86 55 865&nbsp;<a href=\"http:\/\/www.evergreenfest.it\/\" target=\"_blank\" rel=\"noopener noreferrer\" data-saferedirecturl=\"https:\/\/www.google.com\/url?q=http:\/\/www.evergreenfest.it&amp;source=gmail&amp;ust=1561122781534000&amp;usg=AFQjCNHu6Je-EHcYfRX21ATO_4y61UH95Q\">www.evergreenfest.it<\/a><\/p>\n<p><strong>&nbsp;<\/strong><\/p>\n<p><strong>\u2018SVINCOLI\u2019 \u2013 San Pietro in Vincoli<\/strong><\/p>\n<p>Associazione San Pietro in Vincoli Zona Teatro (ACTI Teatri Indipendenti, Il Mutamento Zona Castalia, LabPerm \u2013 Laboratorio Permanente di Ricerca sull\u2019Arte dell\u2019Attore), Magazzino sul Po, Babelica, Dewrec e TUM<\/p>\n<p><strong>1 giugno \u2013 30 luglio<\/strong><\/p>\n<p><strong>Ex Cimitero San Pietro in Vincoli Zona Teatro, via San Pietro in Vincoli 28<\/strong><\/p>\n<p>Lo svincolo \u00e8 l\u2019eliminazione di un vincolo, una strada che permette il raccordo di diverse strade tra loro: da queste premesse nasce un articolato progetto estivo capace di coniugare le molte anime che costituiscono il carattere di una location particolare come l\u2019ex Cimitero di San Pietro in Vincoli e del borgo in cui si colloca. Durante il giorno lo spazio diventa Summer Kids, un centro estivo dedicato alle arti, con una vasta gamma di attivit\u00e0 ludiche, sportive, culturali ed educative per il divertimento e la crescita dei bambini di et\u00e0 compresa tra i 6 e gli 11 anni. Dal tardo pomeriggio, nei&nbsp;fine settimana, presentazioni di libri, incontri, musica dal vivo. Il cartellone serale, all\u2019interno della suggestiva cappella, propone Summer Nights, rassegna teatrale per famiglie con una forte attenzione all\u2019interculturalit\u00e0, all\u2019integrazione, all\u2019inclusione sociale, alla tolleranza; il percorso Luci della rivolta, con performance dedicate al teatro fisico e al tema della ritualit\u00e0 nell\u2019arte, alla scoperta di nuovi linguaggi e nuovi talenti; Jazz is\u2026, momenti musicali per esplorare gli infiniti scenari del genere \u2013 dall\u2019elettronica al prog, dall\u2019etnomusic all\u2019improvvisazione free. Per i pi\u00f9 giovani, serate dedicate alla musica emergente e dj set che spaziano dalle selezioni elettrificate al pop italiano pi\u00f9 irriverente.<\/p>\n<p><strong>Tutti gli appuntamenti sono a ingresso gratuito&nbsp;<\/strong>fino a esaurimento posti disponibili,&nbsp;<strong>eccetto gli spettacoli della rassegna \u2018Summer Nights\u2019&nbsp;<\/strong>(ingresso 1 euro \u2013 info e prenotazioni&nbsp;<a href=\"mailto:segreteria@mutamento.org\">segreteria@mutamento.org<\/a>) e<strong>&nbsp;gli spettacoli della rassegna \u2018Luci della rivolta<\/strong>\u2019 (ingresso 10 euro\u2013 info e prenotazioni&nbsp;<a href=\"mailto:prenotazioni@labperm.it\">prenotazioni@labperm.it<\/a>).<\/p>\n<p><strong>&nbsp;<\/strong><\/p>\n<p><strong>\u2018UN\u2019ESTATE AL CINEMA\u2019<\/strong><\/p>\n<p>Associazione Museo Nazionale del Cinema e Associazione Baretti in collaborazione con Fondazione della Comunit\u00e0 di Mirafiori onlus, Circoscrizione 6, Fondazione Cascina Roccafranca, Centro Interculturale della Citt\u00e0 di Torino, Associazione MAC e Cooperativa PG Frassati. Media partner Agenda del Cinema a Torino e Radio Energy.<\/p>\n<p><strong>13 giugno \u2013 26 settembre<\/strong><\/p>\n<p><strong>Location<\/strong>:<\/p>\n<p>Casa nel Parco, via Panetti 1 (Parco Colonnetti)<\/p>\n<p>Cinema Massimo, via Verdi 18<\/p>\n<p>Casa del Quartiere di San Salvario, via Morgari 14<\/p>\n<p>Cascina Roccafranca, via Rubino 45<\/p>\n<p>R.A.F. Centro Diurno Momenti Familiari, via Pio VII 61<\/p>\n<p>Centro Interculturale della Citt\u00e0 di Torino, corso Taranto 160<\/p>\n<p>Luoghi Comuni Porta Palazzo, via Priocca 3<\/p>\n<p>Trentaquattro proiezioni fra lungometraggi, documentari e cortometraggi, 5 percorsi cinematografici, 7 diverse location a Torino: la VII edizione di Un\u2019Estate al Cinema propone 31 appuntamenti per gli amanti della settima arte e non solo, tra commedie, pellicole d\u2019essai, grandi classici, documentari, cortometraggi, presentazioni di libri. Un cartellone di qualit\u00e0, che vuole valorizzare il cinema indipendente e i giovani autori del territorio. La rassegna inaugura alla Casa nel Parco il 13 giugno con il docufilm Dove bisogna stare di Daniele Gaglianone. Luned\u00ec 17 giugno ci si sposta al Cinema Massimo per riflettere sui diritti con Franco e Gianni, Amore e rivoluzione e la presentazione del 16\u00b0 Rapporto Diritti Globali. Un Mondo alla rovescia. La Cooperativa Arcobaleno \u00e8 protagonista domenica 23 giugno alla Cascina Roccafranca, con la presentazione di Al massimo ribasso dedicato al sistema delle gare d\u2019appalto nel nostro Paese, mentre da gioved\u00ec 27 giugno parte con la proiezione di Green Book alla Casa del Quartiere di San Salvario una nuova edizione di Portofranco Summer Night in versione Silent Movie, ovvero con l\u2019ausilio di cuffie wireless. Domenica 30 giugno il Centro Interculturale della Citt\u00e0 di Torino ospita le parole degli ideatori del Migranti Film Festival e dell\u2019Universit\u00e0 di Scienze Gastronomiche di Pollenzo con il film indiano Lunchbox.&nbsp;Mercoled\u00ec 17 luglio, al Centro Diurno Momenti Familiari, un incontro con le immagini e i pensieri dei pi\u00f9 grandi intellettuali italiani del secondo dopoguerra grazie al film Bulli e pupe di Steve Della Casa e Chiara Ronchini. Nella seconda met\u00e0 dell\u2019estate si rende omaggio a due maestri del cinema come Agn\u00e8s Varda con il suo Visage Villages il 26 luglio al Centro Interculturale, e a Charlie Chaplin con il suo Il grande dittatore il 4 luglio alla Cascina Roccafranca. L\u2019estate si chiude con due appuntamenti ancora nel mese di settembre: la proiezione di RYU di Pier Milanese e di 120 battiti al minuto di Robin Campillo.<\/p>\n<p><strong>Tutti gli appuntamenti sono a ingresso gratuito, a eccezione delle proiezioni Silent Movie nella Casa del Quartiere di San Salvario, dal 27 giugno al primo agosto, dove \u00e8 previsto un biglietto di 3 Euro.<\/strong><\/p>\n<p><strong>Info<\/strong>:&nbsp;<a href=\"http:\/\/amnc.it\/\" target=\"_blank\" rel=\"noopener noreferrer\" data-saferedirecturl=\"https:\/\/www.google.com\/url?q=http:\/\/amnc.it\/&amp;source=gmail&amp;ust=1561122781534000&amp;usg=AFQjCNHznBaIJF4jhLhBlMt0GC5uetqIQg\">http:\/\/amnc.it\/<\/a>&nbsp;\u2013&nbsp;<a href=\"mailto:info@amnc.it\">info@amnc.it<\/a>&nbsp;\u2013 Facebook: Associazione Museo Nazionale del Cinema \u2013&nbsp;<a href=\"http:\/\/www.cineteatrobaretti.it\/\" target=\"_blank\" rel=\"noopener noreferrer\" data-saferedirecturl=\"https:\/\/www.google.com\/url?q=http:\/\/www.cineteatrobaretti.it&amp;source=gmail&amp;ust=1561122781534000&amp;usg=AFQjCNHPj3BcN3s4cUa0tf-QxUw9jxKaNw\">www.cineteatrobaretti.it<\/a>&nbsp;\u2013&nbsp;<a href=\"mailto:info@cineteatrobaretti.it\">info@cineteatrobaretti.it<\/a>&nbsp;\u2013 Facebook: CineTeatro Baretti.<\/p>\n<p><strong>&nbsp;<\/strong><\/p>\n<p><strong>\u2018CINEMA IN FAMIGLIA \u2013&nbsp; LA FINESTRA SUL CORTILE<\/strong><\/p>\n<p><strong>IX EDIZIONE\u2019<\/strong><\/p>\n<p>Associazione Zampan\u00f2 in collaborazione con la Circoscrizione 3<\/p>\n<p><strong>6 luglio \u2013 31 agosto<\/strong><\/p>\n<p><strong>Piazza Don Franco Delpiano<\/strong><\/p>\n<p>Piazzale Rostagno (Giardini Italo Calvino, tra via Vandalino e via Val Lagarina)<\/p>\n<p>Giunge alla IX edizione la rassegna cinematografica in piazza Delpiano e in piazzale Rostagno, con un programma destinato al grande pubblico, e in particolare alle famiglie e ai bambini, che spazia dal film d\u2019autore e di animazione alle commedie di successo.<\/p>\n<p>Ogni sabato sera di luglio e agosto l\u2019anfiteatro naturale di piazza Delpiano, area pedonale pubblica compresa tra i corsi Lione, Mediterraneo e Rosselli, frutto di un\u2019importante azione di riqualificazione urbana e ancora poco nota ai torinesi, si trasforma cos\u00ec in un cinema sotto le stelle. Dopo la fortunata sperimentazione dell\u2019estate scorsa, anche in seguito alle istanze dei cittadini residenti, piazzale Rostagno, zona pedonale attigua al Giardino Italo Calvino in quartiere Pozzo Strada, diventa, ogni luned\u00ec sera, dalla met\u00e0 di luglio a fine agosto, la seconda location della manifestazione.<\/p>\n<p><strong>Ingresso libero a tutti gli appuntamenti<\/strong><\/p>\n<p><strong>Info<\/strong>:&nbsp;<a href=\"http:\/\/www.comune.torino.it\/circ3\" target=\"_blank\" rel=\"noopener noreferrer\" data-saferedirecturl=\"https:\/\/www.google.com\/url?q=http:\/\/www.comune.torino.it\/circ3&amp;source=gmail&amp;ust=1561122781534000&amp;usg=AFQjCNHkia1BCmKe3w983wbkZhIE63T0mA\">www.comune.torino.it\/circ3<\/a><\/p>\n<p><strong>\u2018PER CHI RESTA \u2013 \u201cTI RACCONTO\u2026 S\u00cc TI RACCONTO\u201d\u2019<\/strong><\/p>\n<p>Assemblea Teatro in collaborazione con Consorzio COLTI e Biblioteche Civiche torinesi<\/p>\n<p><strong>27 luglio \u2013 17 agosto<\/strong><\/p>\n<p>Mausoleo della Bela Rosin, strada Castello di Mirafiori 148\/7<\/p>\n<p>Un tempo l\u2019aia, il cortile del cascinale, era il luogo dove, terminato il giorno di lavoro nei campi, ci si trovava in uno spazio fresco vicino al pozzo o sotto un grande albero e seduti insieme si raccontavano e ascoltavano storie. Era un modo per portare al termine la giornata prima della cena e della discesa della notte. Una socialit\u00e0 semplice&nbsp;che viveva di parole, con le voci del babbo, della mamma, dei nonni. L\u2019estate, dalla fine di luglio e nel mese di agosto, diventa un tempo pi\u00f9 rilassato e meno frenetico in<\/p>\n<p>cui provare a recuperare quella magia. Un luogo particolare come il Mausoleo della Bela Rosin divenuto, grazie alle Biblioteche Civiche, uno spazio deputato alla narrazione e alle parole, \u00e8 la cornice adeguata per tornare a raccontare storie, per favorire una serenit\u00e0 fuori dai tempi travolgenti della vita metropolitana.&nbsp;Un\u2019estate in cui ti racconto\u2026 s\u00ec ti racconto. Da La gabbianella e il gatto di Luis Sep\u00falveda a Il Piccolo Principe di Antoine De Saint-Ex\u00fapery, da Il Visconte dimezzato, in un omaggio a Italo Calvino, a Dolcissima abitudine di Alberto Schiavone, da L\u2019ultima notte del Rais di Yasmina Khadra, nella riduzione teatrale di Renzo Sicco che tratteggia la figura di Gheddafi come un Re Lear shakesperiano, a Le interviste impossibili con Umberto Eco, Italo Calvino, Edoardo Sanguineti.<\/p>\n<p>E ancora, da Afrodita di Isabelle Allende a Le ricette immorali di Manuel Vazquez Montalban, dall\u2019ultima produzione Storia di una balena bianca raccontata da lei stessa a Il mago dei numeri di Hans Magnus Enzensberger: 15 appuntamenti con letture e spettacoli tratti da testi di grandi autori italiani e internazionali per un\u2019estate all\u2019insegna delle parole, delle storie, dei racconti.<\/p>\n<p><strong>Ingresso agli spettacoli 5 euro \u2013 ridotto 3 euro(per i residenti del quartiere e iscritti alle Biblioteche Civiche torinesi)<\/strong>.<\/p>\n<p><strong>Info:&nbsp;<\/strong><a href=\"http:\/\/www.assembleateatro.com\/\" target=\"_blank\" rel=\"noopener noreferrer\" data-saferedirecturl=\"https:\/\/www.google.com\/url?q=http:\/\/www.assembleateatro.com&amp;source=gmail&amp;ust=1561122781534000&amp;usg=AFQjCNGnaHzerxdd6jEd-G6UoPpwjrRDBQ\">www.assembleateatro.com<\/a><\/p>\n<p><strong>&nbsp;<\/strong><\/p>\n<p><strong>\u2018MAGHI, INCANTESIMI, ILLUSIONI. IL BORGO DELLA MAGIA\u2019<\/strong><\/p>\n<p>Associazione Culturale Inova in collaborazione con Hydra Technologies e Concept Event<\/p>\n<p><strong>18 luglio \u2013 4 agosto<\/strong><\/p>\n<p><strong>Borgo Medievale, viale Virgilio 107<\/strong><\/p>\n<p>La meraviglia dell\u2019imprevisto, l\u2019abilit\u00e0 dei maghi, le luci e i colori: un incanto che da secoli affascina persone di tutte le et\u00e0 con i trucchi pi\u00f9 classici e con le invenzioni che i maestri di queste discipline, moderni stregoni, offrono al loro pubblico.<\/p>\n<p>Uno dei luoghi pi\u00f9 fatati della citt\u00e0, il Borgo Medievale, ospita una rassegna estiva interamente dedicata alla magia: un\u2019occasione di svago e divertimento ma anche l\u2019opportunit\u00e0 per raccontare questa arte dalle tradizioni antiche. Durante il giorno, eventi, animazioni, una scuola di magia per bambini e laboratori per adulti, in un percorso tematico che coinvolge anche i menu della ristorazione e i prodotti degli stand a tema, per ricostruire l\u2019atmosfera medievale che caratterizza il luogo.&nbsp;Quando scende la sera, il Cortile del Melograno diventa la suggestiva cornice per un ciclo di spettacoli a cura di grandi interpreti di questa nobile arte, con un occhio di riguardo per gli artisti torinesi, oggi in primo piano nel panorama internazionale, che ben rappresentano la tradizione di una citt\u00e0 storicamente in bilico tra illusione e realt\u00e0, tra ragione e superstizione. Eventi, laboratori e animazioni pomeridiane.<\/p>\n<p>Ingresso libero fino ad esaurimento posti; Spettacoli serali: biglietto unico 10 euro.<\/p>\n<p><strong>Info<\/strong>:&nbsp;<a href=\"mailto:assoc.inova@gmail.com\">assoc.inova@gmail.com<\/a><\/p>\n<p><strong>&nbsp;<\/strong><\/p>\n<p><strong>\u2018IL SOLE DOPO LA PIOGGIA\u2019<\/strong><\/p>\n<p>Associazione Culturale Banda Larga in collaborazione con Aut Arch, Bike Pride, Cinemambiente, Chamoisic, Laboratorio Zanzara, Lights On, Mirabilia, Parco Arte Vivente, Scuola di Musica Elettronica con il sostegno di Culturability, Circoscrizione 8, Va Lentino Societ\u00e0 Benefit<\/p>\n<p><strong>6 luglio \u2013 8 settembre<\/strong><\/p>\n<p><strong>Imbarchino del Valentino \u2013 viale Umberto Cagni, 37<\/strong><\/p>\n<p>L\u2019Imbarchino del Valentino torna a splendere nell\u2019estate torinese!<\/p>\n<p>A distanza di tre anni dall\u2019alluvione del 2016 un gruppo di giovani si \u00e8 preso carico di ristrutturare l\u2019amata casetta sul fiume e restituirla alla comunit\u00e0.<\/p>\n<p>Per festeggiare questo atteso ritorno l\u2019Associazione Banda Larga propone un ricco calendario di eventi gratuiti per i weekend dal 6 luglio all\u20198 settembre in un\u2019arena naturale nel Parco: cinema all\u2019aperto, musica live, dj set, performance e workshop creativi a cui partecipare seduti sull\u2019erba in uno dei luoghi pi\u00f9 suggestivi della citt\u00e0. Sunset Park \u00e8 una rassegna che vede nel tramonto un momento d\u2019ascolto: spettacoli di musica e arti performative organizzati insieme a un\u2019ampia rete di partner riunita attorno all\u2019Imbarchino e ospitati sul palco ideato da Aut Arch, un gruppo di studenti e studentesse del Politecnico di Torino che guider\u00e0 un workshop di costruzione con l\u2019aiuto del noto collettivo di architetti romani \u201cOrizzontale\u201d.&nbsp;Tutte le performance si rivolgono a un doppio pubblico: quello presente nel parco e quello online raggiunto tramite la diretta streaming audio\/video di RBL. La domenica sera \u00e8 il momento del cinema: il prato dell\u2019Imbarchino diventa una sala cinematografica all\u2019aperto per la rassegna Imbar Kino, organizzata insieme all\u2019associazione culturale Lights On. Tema centrale della rassegna: la musica, il trait d\u2019union che lega RBL e l\u2019Imbarchino. In concomitanza delle proiezioni, all\u2019interno dell\u2019Imbarchino trasmissioni radiofoniche a tema associate al film proiettato e trasmesse in diretta streaming sul sito di RBL.<\/p>\n<p><strong>Info:&nbsp;<\/strong><a href=\"http:\/\/www.imbarchino.space\/\" target=\"_blank\" rel=\"noopener noreferrer\" data-saferedirecturl=\"https:\/\/www.google.com\/url?q=http:\/\/www.imbarchino.space&amp;source=gmail&amp;ust=1561122781535000&amp;usg=AFQjCNFXIHKKug3tVJ8HSLvElyiUhT9YWw\">www.imbarchino.space<\/a>&nbsp; \u2013&nbsp;<a href=\"http:\/\/www.facebook.com\/imbarchinovalentino\" target=\"_blank\" rel=\"noopener noreferrer\" data-saferedirecturl=\"https:\/\/www.google.com\/url?q=http:\/\/www.facebook.com\/imbarchinovalentino&amp;source=gmail&amp;ust=1561122781535000&amp;usg=AFQjCNGb5MHrF6LD2zgATvbASIx5fzurug\">www.facebook.com\/imbarchinovalentino<\/a><\/p>\n<p><strong>E ANCORA\u2026<\/strong><\/p>\n<p>Oltre ai progetti che hanno partecipato al bando comunale quest\u2019estate ci saranno anche:<\/p>\n<p><strong>\u2018CONTAMINAZIONI\u2019<\/strong><\/p>\n<p><strong>Festival dei valori, delle culture e dei sapori<\/strong><\/p>\n<p>Cooperativa Sociale Meeting Service e Societ\u00e0 Held Eventi<\/p>\n<p><strong>30 giugno \u2013 14 luglio<\/strong><\/p>\n<p><strong>Borgo Medievale, viale Virgilio 107<\/strong><\/p>\n<p>A partire dal 30 giugno il magico scenario del Borgo Medievale si trasforma in un divertente, emozionante e culturalmente appagante punto estivo. Gli eventi in programma \u2013 dalle 9.00 alle 23.30 \u2013 coinvolgono l\u2019intero Borgo, le botteghe, la terrazza sul Po e lo spazio dell\u2019ex ristorante San Giorgio.&nbsp;Il Festival non si limita solamente a essere un ciclo di eventi e show legati al divertimento \u2013 con concerti live, laboratori per adulti e bambini, eventi, spettacoli teatrali, proiezioni cinematografiche serali, salotti letterari, giornate\/serate dell\u2019amicizia \u2013 ma si presenta altres\u00ec come un vero e proprio punto di incontro tra le eccellenze dell\u2019arte, della musica, della cultura e dell\u2019enogastronomia del territorio. Alla manifestazione sono inoltre abbinati temi di grande attualit\u00e0 come la tolleranza, l\u2019impatto ambientale, il rispetto delle persone, del cibo, delle culture e degli animali. Il Festival vuole coinvolgere in maniera attiva e interattiva anche due fondamentali fasce della popolazione, gli anziani e i bambini: attraverso progetti legati alle \u201cmemorie storiche\u201d, ospiti alcune tra le persone pi\u00f9 carismatiche e \u201crivoluzionarie\u201d degli ultimi decenni, mentre ai bambini possono riscoprire le attivit\u00e0 \u201cfuori dalla rete di internet\u201d.<\/p>\n<p><strong>Info e biglietteria<\/strong>: Info Point Borgo Medievale \u2013 Info Line Held Eventi 373 7144904 \u2013&nbsp;<a href=\"mailto:fest@heldeventi.it\">fest@heldeventi.it<\/a><\/p>\n<p><strong>\u2018LA VIE EN ROSE\u2019<\/strong><\/p>\n<p><strong>GRANDI VOCI AL FEMMINILE, OPERA, JAZZ, ROCK, READING<\/strong><\/p>\n<p><strong>3 \u2013 9 \u2013 15 \u2013 23 luglio 2019, ore 21.30<\/strong><\/p>\n<p><strong>Conservatorio Giuseppe Verdi<\/strong><\/p>\n<p>L\u2019estate \u00e8 da sempre la stagione in cui la Citt\u00e0 organizza spettacoli dal vivo.<\/p>\n<p>Terminati i festival e le stagioni teatrali l\u2019Amministrazione proporr\u00e0 nel mese di luglio un progetto speciale inserito all\u2019interno della programmazione \u2018Torino Estate\u2019.<\/p>\n<p>\u00c8 \u2018<strong>La Vie en Rose<\/strong>\u2019 rassegna realizzata dalla Fondazione per la Cultura che avr\u00e0 come interpreti&nbsp;<strong>otto artiste ospiti per 4 serate al Conservatorio Giuseppe Verdi di Torino<\/strong>, cornice aulica, simbolo di alta cultura e patrimonio del sapere. Si tratta di un unicum realizzato ad hoc per quest\u2019anno, mentre \u2018Torino Estate Reale\u2019 torner\u00e0 il prossimo. Nei giorni&nbsp;<strong>3, 9, 15 e 23 luglio<\/strong>&nbsp;il pubblico potr\u00e0 assistere a&nbsp;<strong>un reading e tre concerti<\/strong>&nbsp;caratterizzati dall\u2019eleganza e dalla bellezza. Quattro affascinanti coppie di artiste condurranno i presenti in un viaggio che, partendo dalla letteratura, toccher\u00e0 l\u2019opera, il rock e il jazz. A inaugurare la \u2018manifestazione in rosa\u2019,&nbsp;<strong>mercoled\u00ec 3 luglio<\/strong>, alle&nbsp;<strong>21.30<\/strong>, saranno Laura Morante ed Eugenia Costantini, accompagnate dalla pianista Francesca Giovannelli, con il reading&nbsp;<strong>\u2018Il Ballo\u2019<\/strong>tratto dal romanzo di Ir\u00e8ne N\u00e9mirovsky. Il soprano Erika Grimaldi e il mezzosoprano Martina Belli, con la pianista Jeong Un Kim, si esibiranno,<strong>&nbsp;marted\u00ec 9 luglio<\/strong>, in&nbsp;<strong>\u2018Protagoniste all\u2019opera\u2019<\/strong>: un bouquet di figure musicali femminili tratte, principalmente, dal repertorio dell\u2019opera italiana, francese e russa dell\u2019Ottocento, proponendo arie e duetti tra i pi\u00f9 amati e conosciuti. Saranno rappresentate eroine sotto diverse sfaccettature: frivole e curiose come Fiordiligi e Dorabella, seducenti e astute come Isabella e Dalila, pure e votate al sacrificio come Norma e Violetta, passionali e sfacciate come Carmen, fino alle donne pucciniane contraddittorie e sfuggevoli come Manon oppure dolci e innocenti come Mim\u00ec. Il concerto \u00e8 a cura di Teatro Regio.&nbsp;<strong>Luned\u00ec 15 luglio<\/strong>, a cura di Todays Festival, Ginevra Di Marco &amp; Cristina Don\u00e0, con uno speciale opening dell\u2019arpista Cecilia, porteranno sul palco torinese&nbsp;<strong>\u2018Il primo tour insieme\u2019.<\/strong>&nbsp;I loro diversi stili, intrecciandosi, daranno vita a brani inediti.&nbsp;<em>\u201cSiamo partite con l\u2019idea di fare qualche concerto, convinte che condividere il palco ci sarebbe bastato e cos\u00ec, per cominciare, la scorsa estate ne abbiamo fatti due \u2013&nbsp;<\/em>sottolineano le artiste<em>&nbsp;-. Furono magici, pi\u00f9 belli di quanto potessimo immaginare. Da l\u00ec la spinta ad andare oltre\u2026\u201d.<\/em><\/p>\n<p>Il progetto si concluder\u00e0&nbsp;<strong>marted\u00ec 23 luglio&nbsp;<\/strong>con il concerto<strong>&nbsp;\u2018Jazz Ladies Night\u2019&nbsp;<\/strong>di Ada Montellanico e Maria Pia De Vito, due grandi voci del jazz italiano che celebreranno altrettante icone della musica vocale, la lunare Billie Holiday e la solare Joni Mitchell, in una rilettura creativa e appassionata. La serata \u00e8 stata ideata dalla direzione artistica del Torino Jazz Festival.<\/p>\n<p><strong>Gli spettacoli della rassegna \u2018La Vie en rose\u2019, realizzati dalla Fondazione per la Cultura Torino&nbsp;e con la partnership di Intesa Sanpaolo, sono accessibili al costo di soli 5 euro<\/strong><strong>.<\/strong><\/p>\n<p>I biglietti \u2013&nbsp;<strong>p<\/strong><strong>osto unico numerato \u20ac 5 \u2013&nbsp;<\/strong>&nbsp;sono acquistabili all\u2019<strong>Urban Lab<\/strong>&nbsp;in piazza Palazzo di Citt\u00e0 8\/F, all\u2019<strong>Infopiemonte<\/strong>&nbsp;in via Garibaldi angolo piazza Castello e&nbsp;<strong>online&nbsp;<\/strong>sui siti&nbsp;<a href=\"http:\/\/www.torinoestate.it\/\" target=\"_blank\" rel=\"noopener noreferrer\" data-saferedirecturl=\"https:\/\/www.google.com\/url?q=http:\/\/www.torinoestate.it&amp;source=gmail&amp;ust=1561122781535000&amp;usg=AFQjCNFB1JEs_aQm5FJOoqWBpdG9JIgRFQ\">www.torinoestate.it<\/a>&nbsp;&nbsp;\u2013&nbsp;<a href=\"http:\/\/www.vivaticket.it\/\" target=\"_blank\" rel=\"noopener noreferrer\" data-saferedirecturl=\"https:\/\/www.google.com\/url?q=http:\/\/www.vivaticket.it&amp;source=gmail&amp;ust=1561122781535000&amp;usg=AFQjCNGXuW_x92xLp57p1Sss_lV87iad5A\">www.vivaticket.it<\/a>&nbsp; (il costo del servizio di acquisto \u00e8 di \u20ac 1 per ciascun biglietto).<\/p>\n<p>[Fonte: <a href=\"http:\/\/www.torinoclick.it\/?p=84359\">TorinoClick<\/a>]<\/p>\n","protected":false},"excerpt":{"rendered":"<p>Alla Biblioteca civica musicale &#8216;Andrea Della Corte&#8217;, \u00e8 stato presentato il programma \u2018L\u2019Estate Intorno\u2019 alla presenza della Sindaca Chiara Appendino e degli Assessori Francesca Leon e Marco Giusta. L\u2019Estate Intorno\u2019, il ricco cartellone di eventi culturali e ricreativi diffusi su tutto il territorio ha l\u2019obiettivo di invitare cittadini e turisti a frequentare, nella bella stagione, [&hellip;]<\/p>\n","protected":false},"author":1,"featured_media":0,"comment_status":"closed","ping_status":"open","sticky":false,"template":"","format":"standard","meta":{"ngg_post_thumbnail":0},"categories":[54,1,41,134,154],"tags":[],"_links":{"self":[{"href":"http:\/\/www.spaziotorino.it\/scatto\/index.php?rest_route=\/wp\/v2\/posts\/17631"}],"collection":[{"href":"http:\/\/www.spaziotorino.it\/scatto\/index.php?rest_route=\/wp\/v2\/posts"}],"about":[{"href":"http:\/\/www.spaziotorino.it\/scatto\/index.php?rest_route=\/wp\/v2\/types\/post"}],"author":[{"embeddable":true,"href":"http:\/\/www.spaziotorino.it\/scatto\/index.php?rest_route=\/wp\/v2\/users\/1"}],"replies":[{"embeddable":true,"href":"http:\/\/www.spaziotorino.it\/scatto\/index.php?rest_route=%2Fwp%2Fv2%2Fcomments&post=17631"}],"version-history":[{"count":4,"href":"http:\/\/www.spaziotorino.it\/scatto\/index.php?rest_route=\/wp\/v2\/posts\/17631\/revisions"}],"predecessor-version":[{"id":17667,"href":"http:\/\/www.spaziotorino.it\/scatto\/index.php?rest_route=\/wp\/v2\/posts\/17631\/revisions\/17667"}],"wp:attachment":[{"href":"http:\/\/www.spaziotorino.it\/scatto\/index.php?rest_route=%2Fwp%2Fv2%2Fmedia&parent=17631"}],"wp:term":[{"taxonomy":"category","embeddable":true,"href":"http:\/\/www.spaziotorino.it\/scatto\/index.php?rest_route=%2Fwp%2Fv2%2Fcategories&post=17631"},{"taxonomy":"post_tag","embeddable":true,"href":"http:\/\/www.spaziotorino.it\/scatto\/index.php?rest_route=%2Fwp%2Fv2%2Ftags&post=17631"}],"curies":[{"name":"wp","href":"https:\/\/api.w.org\/{rel}","templated":true}]}}