{"id":17692,"date":"2019-06-21T16:22:32","date_gmt":"2019-06-21T15:22:32","guid":{"rendered":"http:\/\/www.spaziotorino.it\/scatto\/?p=17692"},"modified":"2019-06-24T14:25:26","modified_gmt":"2019-06-24T13:25:26","slug":"in-piazza-palazzo-di-citta-il-giuramento-della-polizia-municipale-da-oggi-in-servizio-i-nuovi-agent","status":"publish","type":"post","link":"http:\/\/www.spaziotorino.it\/scatto\/?p=17692","title":{"rendered":"In piazza Palazzo di Citt\u00e0 il giuramento della Polizia Municipale. Da oggi in servizio i nuovi agent"},"content":{"rendered":"<p><a class=\"ngg-fancybox\" title=\"In piazza Palazzo di Citt\u00e0 il giuramento della Polizia Municipale\" href=\"http:\/\/www.spaziotorino.it\/scatto\/wp-content\/gallery\/2019_06_21_civich\/P1020824.jpg\" rel=\"6e361dda149b14f7a8bd7f3421e8a99e\"><br \/>\n<img decoding=\"async\" loading=\"lazy\" class=\"ngg-singlepic\" title=\"In piazza Palazzo di Citt\u00e0 il giuramento della Polizia Municipale\" src=\"http:\/\/www.spaziotorino.it\/scatto\/wp-content\/gallery\/2019_06_21_civich\/P1020824.jpg\" alt=\"\" width=\"540\" height=\"360\"\/><\/a><\/p>\n<!-- index.php -->\n<div\n\tclass=\"ngg-galleryoverview ngg-ajax-pagination-none\"\n\tid=\"ngg-gallery-81179f0ed0b3e095f944f698ac9bf48f-1\">\n\n    \t\t<!-- Thumbnails -->\n\t\t\t\t<div id=\"ngg-image-0\" class=\"ngg-gallery-thumbnail-box\" >\n\t\t\t\t        <div class=\"ngg-gallery-thumbnail\">\n            <a href=\"http:\/\/www.spaziotorino.it\/scatto\/wp-content\/gallery\/2019_06_21_civich\/P1020805.jpg\"\n               title=\"\"\n               data-src=\"http:\/\/www.spaziotorino.it\/scatto\/wp-content\/gallery\/2019_06_21_civich\/P1020805.jpg\"\n               data-thumbnail=\"http:\/\/www.spaziotorino.it\/scatto\/wp-content\/gallery\/2019_06_21_civich\/thumbs\/thumbs_P1020805.jpg\"\n               data-image-id=\"23084\"\n               data-title=\"P1020805\"\n               data-description=\"\"\n               data-image-slug=\"p1020805\"\n               class=\"ngg-fancybox\" rel=\"81179f0ed0b3e095f944f698ac9bf48f\">\n                <img\n                    title=\"P1020805\"\n                    alt=\"P1020805\"\n                    src=\"http:\/\/www.spaziotorino.it\/scatto\/wp-content\/gallery\/2019_06_21_civich\/cache\/P1020805.jpg-nggid0523084-ngg0dyn-60x60x100-00f0w010c011r110f110r010t010.jpg\"\n                    width=\"60\"\n                    height=\"60\"\n                    style=\"max-width:100%;\"\n                \/>\n            <\/a>\n        <\/div>\n\t\t\t\t\t\t\t<\/div> \n\t\t\t\n        \n\t\t\t\t<div id=\"ngg-image-1\" class=\"ngg-gallery-thumbnail-box\" >\n\t\t\t\t        <div class=\"ngg-gallery-thumbnail\">\n            <a href=\"http:\/\/www.spaziotorino.it\/scatto\/wp-content\/gallery\/2019_06_21_civich\/P1020818.jpg\"\n               title=\"\"\n               data-src=\"http:\/\/www.spaziotorino.it\/scatto\/wp-content\/gallery\/2019_06_21_civich\/P1020818.jpg\"\n               data-thumbnail=\"http:\/\/www.spaziotorino.it\/scatto\/wp-content\/gallery\/2019_06_21_civich\/thumbs\/thumbs_P1020818.jpg\"\n               data-image-id=\"23085\"\n               data-title=\"P1020818\"\n               data-description=\"\"\n               data-image-slug=\"p1020818\"\n               class=\"ngg-fancybox\" rel=\"81179f0ed0b3e095f944f698ac9bf48f\">\n                <img\n                    title=\"P1020818\"\n                    alt=\"P1020818\"\n                    src=\"http:\/\/www.spaziotorino.it\/scatto\/wp-content\/gallery\/2019_06_21_civich\/cache\/P1020818.jpg-nggid0523085-ngg0dyn-60x60x100-00f0w010c011r110f110r010t010.jpg\"\n                    width=\"60\"\n                    height=\"60\"\n                    style=\"max-width:100%;\"\n                \/>\n            <\/a>\n        <\/div>\n\t\t\t\t\t\t\t<\/div> \n\t\t\t\n        \n\t\t\t\t<div id=\"ngg-image-2\" class=\"ngg-gallery-thumbnail-box\" >\n\t\t\t\t        <div class=\"ngg-gallery-thumbnail\">\n            <a href=\"http:\/\/www.spaziotorino.it\/scatto\/wp-content\/gallery\/2019_06_21_civich\/P1020820.jpg\"\n               title=\"\"\n               data-src=\"http:\/\/www.spaziotorino.it\/scatto\/wp-content\/gallery\/2019_06_21_civich\/P1020820.jpg\"\n               data-thumbnail=\"http:\/\/www.spaziotorino.it\/scatto\/wp-content\/gallery\/2019_06_21_civich\/thumbs\/thumbs_P1020820.jpg\"\n               data-image-id=\"23086\"\n               data-title=\"P1020820\"\n               data-description=\"\"\n               data-image-slug=\"p1020820\"\n               class=\"ngg-fancybox\" rel=\"81179f0ed0b3e095f944f698ac9bf48f\">\n                <img\n                    title=\"P1020820\"\n                    alt=\"P1020820\"\n                    src=\"http:\/\/www.spaziotorino.it\/scatto\/wp-content\/gallery\/2019_06_21_civich\/cache\/P1020820.jpg-nggid0523086-ngg0dyn-60x60x100-00f0w010c011r110f110r010t010.jpg\"\n                    width=\"60\"\n                    height=\"60\"\n                    style=\"max-width:100%;\"\n                \/>\n            <\/a>\n        <\/div>\n\t\t\t\t\t\t\t<\/div> \n\t\t\t\n        \n\t\t\t\t<div id=\"ngg-image-3\" class=\"ngg-gallery-thumbnail-box\" >\n\t\t\t\t        <div class=\"ngg-gallery-thumbnail\">\n            <a href=\"http:\/\/www.spaziotorino.it\/scatto\/wp-content\/gallery\/2019_06_21_civich\/P1020824.jpg\"\n               title=\"\"\n               data-src=\"http:\/\/www.spaziotorino.it\/scatto\/wp-content\/gallery\/2019_06_21_civich\/P1020824.jpg\"\n               data-thumbnail=\"http:\/\/www.spaziotorino.it\/scatto\/wp-content\/gallery\/2019_06_21_civich\/thumbs\/thumbs_P1020824.jpg\"\n               data-image-id=\"23087\"\n               data-title=\"P1020824\"\n               data-description=\"\"\n               data-image-slug=\"p1020824\"\n               class=\"ngg-fancybox\" rel=\"81179f0ed0b3e095f944f698ac9bf48f\">\n                <img\n                    title=\"P1020824\"\n                    alt=\"P1020824\"\n                    src=\"http:\/\/www.spaziotorino.it\/scatto\/wp-content\/gallery\/2019_06_21_civich\/cache\/P1020824.jpg-nggid0523087-ngg0dyn-60x60x100-00f0w010c011r110f110r010t010.jpg\"\n                    width=\"60\"\n                    height=\"60\"\n                    style=\"max-width:100%;\"\n                \/>\n            <\/a>\n        <\/div>\n\t\t\t\t\t\t\t<\/div> \n\t\t\t\n        \n\t\t\t\t<div id=\"ngg-image-4\" class=\"ngg-gallery-thumbnail-box\" >\n\t\t\t\t        <div class=\"ngg-gallery-thumbnail\">\n            <a href=\"http:\/\/www.spaziotorino.it\/scatto\/wp-content\/gallery\/2019_06_21_civich\/P1020828.jpg\"\n               title=\"\"\n               data-src=\"http:\/\/www.spaziotorino.it\/scatto\/wp-content\/gallery\/2019_06_21_civich\/P1020828.jpg\"\n               data-thumbnail=\"http:\/\/www.spaziotorino.it\/scatto\/wp-content\/gallery\/2019_06_21_civich\/thumbs\/thumbs_P1020828.jpg\"\n               data-image-id=\"23088\"\n               data-title=\"P1020828\"\n               data-description=\"\"\n               data-image-slug=\"p1020828\"\n               class=\"ngg-fancybox\" rel=\"81179f0ed0b3e095f944f698ac9bf48f\">\n                <img\n                    title=\"P1020828\"\n                    alt=\"P1020828\"\n                    src=\"http:\/\/www.spaziotorino.it\/scatto\/wp-content\/gallery\/2019_06_21_civich\/cache\/P1020828.jpg-nggid0523088-ngg0dyn-60x60x100-00f0w010c011r110f110r010t010.jpg\"\n                    width=\"60\"\n                    height=\"60\"\n                    style=\"max-width:100%;\"\n                \/>\n            <\/a>\n        <\/div>\n\t\t\t\t\t\t\t<\/div> \n\t\t\t\n        \n\t\t\t\t<div id=\"ngg-image-5\" class=\"ngg-gallery-thumbnail-box\" >\n\t\t\t\t        <div class=\"ngg-gallery-thumbnail\">\n            <a href=\"http:\/\/www.spaziotorino.it\/scatto\/wp-content\/gallery\/2019_06_21_civich\/P1020834.jpg\"\n               title=\"\"\n               data-src=\"http:\/\/www.spaziotorino.it\/scatto\/wp-content\/gallery\/2019_06_21_civich\/P1020834.jpg\"\n               data-thumbnail=\"http:\/\/www.spaziotorino.it\/scatto\/wp-content\/gallery\/2019_06_21_civich\/thumbs\/thumbs_P1020834.jpg\"\n               data-image-id=\"23089\"\n               data-title=\"P1020834\"\n               data-description=\"\"\n               data-image-slug=\"p1020834\"\n               class=\"ngg-fancybox\" rel=\"81179f0ed0b3e095f944f698ac9bf48f\">\n                <img\n                    title=\"P1020834\"\n                    alt=\"P1020834\"\n                    src=\"http:\/\/www.spaziotorino.it\/scatto\/wp-content\/gallery\/2019_06_21_civich\/cache\/P1020834.jpg-nggid0523089-ngg0dyn-60x60x100-00f0w010c011r110f110r010t010.jpg\"\n                    width=\"60\"\n                    height=\"60\"\n                    style=\"max-width:100%;\"\n                \/>\n            <\/a>\n        <\/div>\n\t\t\t\t\t\t\t<\/div> \n\t\t\t\n        \n\t\t\t\t<div id=\"ngg-image-6\" class=\"ngg-gallery-thumbnail-box\" >\n\t\t\t\t        <div class=\"ngg-gallery-thumbnail\">\n            <a href=\"http:\/\/www.spaziotorino.it\/scatto\/wp-content\/gallery\/2019_06_21_civich\/P1020840.jpg\"\n               title=\"\"\n               data-src=\"http:\/\/www.spaziotorino.it\/scatto\/wp-content\/gallery\/2019_06_21_civich\/P1020840.jpg\"\n               data-thumbnail=\"http:\/\/www.spaziotorino.it\/scatto\/wp-content\/gallery\/2019_06_21_civich\/thumbs\/thumbs_P1020840.jpg\"\n               data-image-id=\"23090\"\n               data-title=\"P1020840\"\n               data-description=\"\"\n               data-image-slug=\"p1020840\"\n               class=\"ngg-fancybox\" rel=\"81179f0ed0b3e095f944f698ac9bf48f\">\n                <img\n                    title=\"P1020840\"\n                    alt=\"P1020840\"\n                    src=\"http:\/\/www.spaziotorino.it\/scatto\/wp-content\/gallery\/2019_06_21_civich\/cache\/P1020840.jpg-nggid0523090-ngg0dyn-60x60x100-00f0w010c011r110f110r010t010.jpg\"\n                    width=\"60\"\n                    height=\"60\"\n                    style=\"max-width:100%;\"\n                \/>\n            <\/a>\n        <\/div>\n\t\t\t\t\t\t\t<\/div> \n\t\t\t\n        \n\t\t\t\t<div id=\"ngg-image-7\" class=\"ngg-gallery-thumbnail-box\" >\n\t\t\t\t        <div class=\"ngg-gallery-thumbnail\">\n            <a href=\"http:\/\/www.spaziotorino.it\/scatto\/wp-content\/gallery\/2019_06_21_civich\/P1020846.jpg\"\n               title=\"\"\n               data-src=\"http:\/\/www.spaziotorino.it\/scatto\/wp-content\/gallery\/2019_06_21_civich\/P1020846.jpg\"\n               data-thumbnail=\"http:\/\/www.spaziotorino.it\/scatto\/wp-content\/gallery\/2019_06_21_civich\/thumbs\/thumbs_P1020846.jpg\"\n               data-image-id=\"23091\"\n               data-title=\"P1020846\"\n               data-description=\"\"\n               data-image-slug=\"p1020846\"\n               class=\"ngg-fancybox\" rel=\"81179f0ed0b3e095f944f698ac9bf48f\">\n                <img\n                    title=\"P1020846\"\n                    alt=\"P1020846\"\n                    src=\"http:\/\/www.spaziotorino.it\/scatto\/wp-content\/gallery\/2019_06_21_civich\/cache\/P1020846.jpg-nggid0523091-ngg0dyn-60x60x100-00f0w010c011r110f110r010t010.jpg\"\n                    width=\"60\"\n                    height=\"60\"\n                    style=\"max-width:100%;\"\n                \/>\n            <\/a>\n        <\/div>\n\t\t\t\t\t\t\t<\/div> \n\t\t\t\n        \n\t\t\t\t<div id=\"ngg-image-8\" class=\"ngg-gallery-thumbnail-box\" >\n\t\t\t\t        <div class=\"ngg-gallery-thumbnail\">\n            <a href=\"http:\/\/www.spaziotorino.it\/scatto\/wp-content\/gallery\/2019_06_21_civich\/P1020856.jpg\"\n               title=\"\"\n               data-src=\"http:\/\/www.spaziotorino.it\/scatto\/wp-content\/gallery\/2019_06_21_civich\/P1020856.jpg\"\n               data-thumbnail=\"http:\/\/www.spaziotorino.it\/scatto\/wp-content\/gallery\/2019_06_21_civich\/thumbs\/thumbs_P1020856.jpg\"\n               data-image-id=\"23092\"\n               data-title=\"P1020856\"\n               data-description=\"\"\n               data-image-slug=\"p1020856\"\n               class=\"ngg-fancybox\" rel=\"81179f0ed0b3e095f944f698ac9bf48f\">\n                <img\n                    title=\"P1020856\"\n                    alt=\"P1020856\"\n                    src=\"http:\/\/www.spaziotorino.it\/scatto\/wp-content\/gallery\/2019_06_21_civich\/cache\/P1020856.jpg-nggid0523092-ngg0dyn-60x60x100-00f0w010c011r110f110r010t010.jpg\"\n                    width=\"60\"\n                    height=\"60\"\n                    style=\"max-width:100%;\"\n                \/>\n            <\/a>\n        <\/div>\n\t\t\t\t\t\t\t<\/div> \n\t\t\t\n        \n\t\t\t\t<div id=\"ngg-image-9\" class=\"ngg-gallery-thumbnail-box\" >\n\t\t\t\t        <div class=\"ngg-gallery-thumbnail\">\n            <a href=\"http:\/\/www.spaziotorino.it\/scatto\/wp-content\/gallery\/2019_06_21_civich\/P1020875.jpg\"\n               title=\"\"\n               data-src=\"http:\/\/www.spaziotorino.it\/scatto\/wp-content\/gallery\/2019_06_21_civich\/P1020875.jpg\"\n               data-thumbnail=\"http:\/\/www.spaziotorino.it\/scatto\/wp-content\/gallery\/2019_06_21_civich\/thumbs\/thumbs_P1020875.jpg\"\n               data-image-id=\"23093\"\n               data-title=\"P1020875\"\n               data-description=\"\"\n               data-image-slug=\"p1020875\"\n               class=\"ngg-fancybox\" rel=\"81179f0ed0b3e095f944f698ac9bf48f\">\n                <img\n                    title=\"P1020875\"\n                    alt=\"P1020875\"\n                    src=\"http:\/\/www.spaziotorino.it\/scatto\/wp-content\/gallery\/2019_06_21_civich\/cache\/P1020875.jpg-nggid0523093-ngg0dyn-60x60x100-00f0w010c011r110f110r010t010.jpg\"\n                    width=\"60\"\n                    height=\"60\"\n                    style=\"max-width:100%;\"\n                \/>\n            <\/a>\n        <\/div>\n\t\t\t\t\t\t\t<\/div> \n\t\t\t\n        \n\t\t\n\t\t<!-- Pagination -->\n\t<div class='ngg-clear'><\/div>\t<\/div>\n\n<p>50 entrano in servizio a Torino, 48 nel resto del Piemonte. Sono i&nbsp;<strong>nuovi agenti di Polizia Municipale<\/strong>che hanno completato l\u201983esimo corso di formazione regionale (il 55esimo della Citt\u00e0 di Torino), la cui cerimonia finale si \u00e8 svolta il&nbsp;<strong>21 giugno 2019<\/strong>&nbsp;davanti al Municipio di Torino, con la partecipazione della banda musicale del Corpo torinese, diretta dal maestro&nbsp;<strong>Massimo Sanfilippo<\/strong>.<\/p>\n<p>Molte le autorit\u00e0 in piazza Palazzo di Citt\u00e0, provenienti da tutto il Piemonte. Per il Comune di Torino sono intervenuti la sindaca&nbsp;<strong>Chiara Appendino<\/strong>&nbsp;e il comandante dei civich torinesi&nbsp;<strong>Emiliano Bezzon<\/strong>, che, insieme al neo-assessore regionale a Polizia Municipale e Sicurezza&nbsp;<strong>Fabrizio Ricca<\/strong>, hanno passato in rassegna gli agenti schierati. Presenti anche l\u2019assessore comunale alla Sicurezza&nbsp;<strong>Roberto Finardi<\/strong>&nbsp;e la presidente della Commissione consiliare Legalit\u00e0&nbsp;<strong>Carlotta Tevere<\/strong>.<\/p>\n<p>\u201cSiete qui per servire e proteggere la vostra comunit\u00e0 \u2013 ha dichiarato&nbsp;<strong>Bezzon<\/strong>&nbsp;\u2013 e dovrete saper rinnovare sempre la vostra passione e motivazione, nonostante le possibili critiche\u201d.<\/p>\n<p>\u201cLa vostra \u00e8 una sfida importante \u2013 ha affermato&nbsp;<strong>Ricca<\/strong>&nbsp;\u2013 e noi vi accompagneremo. Siate orgogliosi della vostra divisa e sentitene per\u00f2 anche il peso, la grande responsabilit\u00e0\u201d.<\/p>\n<p>Concetti ribaditi anche dalla sindaca&nbsp;<strong>Appendino<\/strong>, alla conclusione della cerimonia: \u201c\u00c8 una scelta coraggiosa servire la comunit\u00e0: il vostro ruolo non sar\u00e0 semplice. Oggi vi consegniamo le nostre vie, piazze, giardini e scuole e i nostri cittadini, di tutte le et\u00e0: dai bambini agli anziani. Avete la responsabilit\u00e0 di costruire una comunit\u00e0 coesa, solidale, sicura\u201d.<\/p>\n<p>[Fonte: <a href=\"http:\/\/www.comune.torino.it\/cittagora\/in-evidenza\/in-piazza-palazzo-di-citta-il-giuramento-polizia-municipale-da-oggi-in-servizio-i-nuovi-agenti.html\">CittAgor\u00e0<\/a>]<\/p>\n","protected":false},"excerpt":{"rendered":"<p>50 entrano in servizio a Torino, 48 nel resto del Piemonte. Sono i&nbsp;nuovi agenti di Polizia Municipaleche hanno completato l\u201983esimo corso di formazione regionale (il 55esimo della Citt\u00e0 di Torino), la cui cerimonia finale si \u00e8 svolta il&nbsp;21 giugno 2019&nbsp;davanti al Municipio di Torino, con la partecipazione della banda musicale del Corpo torinese, diretta dal [&hellip;]<\/p>\n","protected":false},"author":1,"featured_media":0,"comment_status":"closed","ping_status":"open","sticky":false,"template":"","format":"standard","meta":{"ngg_post_thumbnail":0},"categories":[1,895],"tags":[],"_links":{"self":[{"href":"http:\/\/www.spaziotorino.it\/scatto\/index.php?rest_route=\/wp\/v2\/posts\/17692"}],"collection":[{"href":"http:\/\/www.spaziotorino.it\/scatto\/index.php?rest_route=\/wp\/v2\/posts"}],"about":[{"href":"http:\/\/www.spaziotorino.it\/scatto\/index.php?rest_route=\/wp\/v2\/types\/post"}],"author":[{"embeddable":true,"href":"http:\/\/www.spaziotorino.it\/scatto\/index.php?rest_route=\/wp\/v2\/users\/1"}],"replies":[{"embeddable":true,"href":"http:\/\/www.spaziotorino.it\/scatto\/index.php?rest_route=%2Fwp%2Fv2%2Fcomments&post=17692"}],"version-history":[{"count":2,"href":"http:\/\/www.spaziotorino.it\/scatto\/index.php?rest_route=\/wp\/v2\/posts\/17692\/revisions"}],"predecessor-version":[{"id":17694,"href":"http:\/\/www.spaziotorino.it\/scatto\/index.php?rest_route=\/wp\/v2\/posts\/17692\/revisions\/17694"}],"wp:attachment":[{"href":"http:\/\/www.spaziotorino.it\/scatto\/index.php?rest_route=%2Fwp%2Fv2%2Fmedia&parent=17692"}],"wp:term":[{"taxonomy":"category","embeddable":true,"href":"http:\/\/www.spaziotorino.it\/scatto\/index.php?rest_route=%2Fwp%2Fv2%2Fcategories&post=17692"},{"taxonomy":"post_tag","embeddable":true,"href":"http:\/\/www.spaziotorino.it\/scatto\/index.php?rest_route=%2Fwp%2Fv2%2Ftags&post=17692"}],"curies":[{"name":"wp","href":"https:\/\/api.w.org\/{rel}","templated":true}]}}