{"id":1770,"date":"2011-06-26T22:54:10","date_gmt":"2011-06-26T21:54:10","guid":{"rendered":"http:\/\/www.spaziotorino.it\/scatto\/?p=1770"},"modified":"2011-06-27T11:56:33","modified_gmt":"2011-06-27T10:56:33","slug":"campionati-italiani-assoluti-di-atletica-leggera-2011","status":"publish","type":"post","link":"http:\/\/www.spaziotorino.it\/scatto\/?p=1770","title":{"rendered":"Campionati Italiani Assoluti di atletica leggera 2011"},"content":{"rendered":"<p><a title=\"Andrew Howe\" rel=\"lightbox[set_297]\" href=\"http:\/\/www.spaziotorino.it\/scatto\/wp-content\/gallery\/2011_06_26_atletica\/2606_atletica_4600.jpg\"><br \/>\n<img decoding=\"async\" loading=\"lazy\" class=\"ngg-singlepic\" title=\"Andrew Howe\" src=\"http:\/\/www.spaziotorino.it\/scatto\/wp-content\/gallery\/2011_06_26_atletica\/2606_atletica_4600.jpg\" alt=\"\" width=\"540\" height=\"360\" \/><\/a><\/p>\n<!-- index.php -->\n<div\n\tclass=\"ngg-galleryoverview ngg-ajax-pagination-none\"\n\tid=\"ngg-gallery-8bee8dfc3f99518be739f91e40b11d44-1\">\n\n    \t\t<!-- Thumbnails -->\n\t\t\t\t<div id=\"ngg-image-0\" class=\"ngg-gallery-thumbnail-box\" >\n\t\t\t\t        <div class=\"ngg-gallery-thumbnail\">\n            <a href=\"http:\/\/www.spaziotorino.it\/scatto\/wp-content\/gallery\/2011_06_26_atletica\/2606_atletica_4532.jpg\"\n               title=\"Campionati Italiani Assoluti di atletica leggera 2011\"\n               data-src=\"http:\/\/www.spaziotorino.it\/scatto\/wp-content\/gallery\/2011_06_26_atletica\/2606_atletica_4532.jpg\"\n               data-thumbnail=\"http:\/\/www.spaziotorino.it\/scatto\/wp-content\/gallery\/2011_06_26_atletica\/thumbs\/thumbs_2606_atletica_4532.jpg\"\n               data-image-id=\"4870\"\n               data-title=\"Campionati Italiani Assoluti di atletica leggera 2011\"\n               data-description=\"Campionati Italiani Assoluti di atletica leggera 2011\"\n               data-image-slug=\"campionati-italiani-assoluti-di-atletica-leggera-2011\"\n               class=\"ngg-fancybox\" rel=\"8bee8dfc3f99518be739f91e40b11d44\">\n                <img\n                    title=\"Campionati Italiani Assoluti di atletica leggera 2011\"\n                    alt=\"Campionati Italiani Assoluti di atletica leggera 2011\"\n                    src=\"http:\/\/www.spaziotorino.it\/scatto\/wp-content\/gallery\/2011_06_26_atletica\/cache\/2606_atletica_4532.jpg-nggid044870-ngg0dyn-60x60x100-00f0w010c011r110f110r010t010.jpg\"\n                    width=\"60\"\n                    height=\"60\"\n                    style=\"max-width:100%;\"\n                \/>\n            <\/a>\n        <\/div>\n\t\t\t\t\t\t\t<\/div> \n\t\t\t\n        \n\t\t\t\t<div id=\"ngg-image-1\" class=\"ngg-gallery-thumbnail-box\" >\n\t\t\t\t        <div class=\"ngg-gallery-thumbnail\">\n            <a href=\"http:\/\/www.spaziotorino.it\/scatto\/wp-content\/gallery\/2011_06_26_atletica\/2606_atletica_4534.jpg\"\n               title=\"Solitari fotografi\"\n               data-src=\"http:\/\/www.spaziotorino.it\/scatto\/wp-content\/gallery\/2011_06_26_atletica\/2606_atletica_4534.jpg\"\n               data-thumbnail=\"http:\/\/www.spaziotorino.it\/scatto\/wp-content\/gallery\/2011_06_26_atletica\/thumbs\/thumbs_2606_atletica_4534.jpg\"\n               data-image-id=\"4871\"\n               data-title=\"Solitari fotografi\"\n               data-description=\"Solitari fotografi\"\n               data-image-slug=\"solitari-fotografi\"\n               class=\"ngg-fancybox\" rel=\"8bee8dfc3f99518be739f91e40b11d44\">\n                <img\n                    title=\"Solitari fotografi\"\n                    alt=\"Solitari fotografi\"\n                    src=\"http:\/\/www.spaziotorino.it\/scatto\/wp-content\/gallery\/2011_06_26_atletica\/cache\/2606_atletica_4534.jpg-nggid044871-ngg0dyn-60x60x100-00f0w010c011r110f110r010t010.jpg\"\n                    width=\"60\"\n                    height=\"60\"\n                    style=\"max-width:100%;\"\n                \/>\n            <\/a>\n        <\/div>\n\t\t\t\t\t\t\t<\/div> \n\t\t\t\n        \n\t\t\t\t<div id=\"ngg-image-2\" class=\"ngg-gallery-thumbnail-box\" >\n\t\t\t\t        <div class=\"ngg-gallery-thumbnail\">\n            <a href=\"http:\/\/www.spaziotorino.it\/scatto\/wp-content\/gallery\/2011_06_26_atletica\/2606_atletica_4559.jpg\"\n               title=\"Giulia Arcioni conquista il primo posto nella batteria dei 200m femminili\"\n               data-src=\"http:\/\/www.spaziotorino.it\/scatto\/wp-content\/gallery\/2011_06_26_atletica\/2606_atletica_4559.jpg\"\n               data-thumbnail=\"http:\/\/www.spaziotorino.it\/scatto\/wp-content\/gallery\/2011_06_26_atletica\/thumbs\/thumbs_2606_atletica_4559.jpg\"\n               data-image-id=\"4872\"\n               data-title=\"Giulia Arcioni conquista il primo posto nella batteria dei 200m femminili\"\n               data-description=\"Giulia Arcioni conquista il primo posto nella batteria dei 200m femminili\"\n               data-image-slug=\"giulia-arcioni-conquista-il-primo-posto-nella-batteria-dei-200m-femminili\"\n               class=\"ngg-fancybox\" rel=\"8bee8dfc3f99518be739f91e40b11d44\">\n                <img\n                    title=\"Giulia Arcioni conquista il primo posto nella batteria dei 200m femminili\"\n                    alt=\"Giulia Arcioni conquista il primo posto nella batteria dei 200m femminili\"\n                    src=\"http:\/\/www.spaziotorino.it\/scatto\/wp-content\/gallery\/2011_06_26_atletica\/cache\/2606_atletica_4559.jpg-nggid044872-ngg0dyn-60x60x100-00f0w010c011r110f110r010t010.jpg\"\n                    width=\"60\"\n                    height=\"60\"\n                    style=\"max-width:100%;\"\n                \/>\n            <\/a>\n        <\/div>\n\t\t\t\t\t\t\t<\/div> \n\t\t\t\n        \n\t\t\t\t<div id=\"ngg-image-3\" class=\"ngg-gallery-thumbnail-box\" >\n\t\t\t\t        <div class=\"ngg-gallery-thumbnail\">\n            <a href=\"http:\/\/www.spaziotorino.it\/scatto\/wp-content\/gallery\/2011_06_26_atletica\/2606_atletica_4574.jpg\"\n               title=\"La seconda batteria dei 200m femminili\"\n               data-src=\"http:\/\/www.spaziotorino.it\/scatto\/wp-content\/gallery\/2011_06_26_atletica\/2606_atletica_4574.jpg\"\n               data-thumbnail=\"http:\/\/www.spaziotorino.it\/scatto\/wp-content\/gallery\/2011_06_26_atletica\/thumbs\/thumbs_2606_atletica_4574.jpg\"\n               data-image-id=\"4873\"\n               data-title=\"La seconda batteria dei 200m femminili\"\n               data-description=\"La seconda batteria dei 200m femminili\"\n               data-image-slug=\"la-seconda-batteria-dei-200m-femminili\"\n               class=\"ngg-fancybox\" rel=\"8bee8dfc3f99518be739f91e40b11d44\">\n                <img\n                    title=\"La seconda batteria dei 200m femminili\"\n                    alt=\"La seconda batteria dei 200m femminili\"\n                    src=\"http:\/\/www.spaziotorino.it\/scatto\/wp-content\/gallery\/2011_06_26_atletica\/cache\/2606_atletica_4574.jpg-nggid044873-ngg0dyn-60x60x100-00f0w010c011r110f110r010t010.jpg\"\n                    width=\"60\"\n                    height=\"60\"\n                    style=\"max-width:100%;\"\n                \/>\n            <\/a>\n        <\/div>\n\t\t\t\t\t\t\t<\/div> \n\t\t\t\n        \n\t\t\t\t<div id=\"ngg-image-4\" class=\"ngg-gallery-thumbnail-box\" >\n\t\t\t\t        <div class=\"ngg-gallery-thumbnail\">\n            <a href=\"http:\/\/www.spaziotorino.it\/scatto\/wp-content\/gallery\/2011_06_26_atletica\/2606_atletica_4578.jpg\"\n               title=\"I ragazzi della Fidal portano le aste delle saltatrici\"\n               data-src=\"http:\/\/www.spaziotorino.it\/scatto\/wp-content\/gallery\/2011_06_26_atletica\/2606_atletica_4578.jpg\"\n               data-thumbnail=\"http:\/\/www.spaziotorino.it\/scatto\/wp-content\/gallery\/2011_06_26_atletica\/thumbs\/thumbs_2606_atletica_4578.jpg\"\n               data-image-id=\"4874\"\n               data-title=\"I ragazzi della Fidal portano le aste delle saltatrici\"\n               data-description=\"I ragazzi della Fidal portano le aste delle saltatrici\"\n               data-image-slug=\"i-ragazzi-della-fidal-portano-le-aste-delle-saltatrici\"\n               class=\"ngg-fancybox\" rel=\"8bee8dfc3f99518be739f91e40b11d44\">\n                <img\n                    title=\"I ragazzi della Fidal portano le aste delle saltatrici\"\n                    alt=\"I ragazzi della Fidal portano le aste delle saltatrici\"\n                    src=\"http:\/\/www.spaziotorino.it\/scatto\/wp-content\/gallery\/2011_06_26_atletica\/cache\/2606_atletica_4578.jpg-nggid044874-ngg0dyn-60x60x100-00f0w010c011r110f110r010t010.jpg\"\n                    width=\"60\"\n                    height=\"60\"\n                    style=\"max-width:100%;\"\n                \/>\n            <\/a>\n        <\/div>\n\t\t\t\t\t\t\t<\/div> \n\t\t\t\n        \n\t\t\t\t<div id=\"ngg-image-5\" class=\"ngg-gallery-thumbnail-box\" >\n\t\t\t\t        <div class=\"ngg-gallery-thumbnail\">\n            <a href=\"http:\/\/www.spaziotorino.it\/scatto\/wp-content\/gallery\/2011_06_26_atletica\/2606_atletica_4582.jpg\"\n               title=\"Andrew Howe\"\n               data-src=\"http:\/\/www.spaziotorino.it\/scatto\/wp-content\/gallery\/2011_06_26_atletica\/2606_atletica_4582.jpg\"\n               data-thumbnail=\"http:\/\/www.spaziotorino.it\/scatto\/wp-content\/gallery\/2011_06_26_atletica\/thumbs\/thumbs_2606_atletica_4582.jpg\"\n               data-image-id=\"4875\"\n               data-title=\"Andrew Howe\"\n               data-description=\"Andrew Howe\"\n               data-image-slug=\"andrew-howe\"\n               class=\"ngg-fancybox\" rel=\"8bee8dfc3f99518be739f91e40b11d44\">\n                <img\n                    title=\"Andrew Howe\"\n                    alt=\"Andrew Howe\"\n                    src=\"http:\/\/www.spaziotorino.it\/scatto\/wp-content\/gallery\/2011_06_26_atletica\/cache\/2606_atletica_4582.jpg-nggid044875-ngg0dyn-60x60x100-00f0w010c011r110f110r010t010.jpg\"\n                    width=\"60\"\n                    height=\"60\"\n                    style=\"max-width:100%;\"\n                \/>\n            <\/a>\n        <\/div>\n\t\t\t\t\t\t\t<\/div> \n\t\t\t\n        \n\t\t\t\t<div id=\"ngg-image-6\" class=\"ngg-gallery-thumbnail-box\" >\n\t\t\t\t        <div class=\"ngg-gallery-thumbnail\">\n            <a href=\"http:\/\/www.spaziotorino.it\/scatto\/wp-content\/gallery\/2011_06_26_atletica\/2606_atletica_4600.jpg\"\n               title=\"Andrew Howe nella prima batteria dei 200m maschili\"\n               data-src=\"http:\/\/www.spaziotorino.it\/scatto\/wp-content\/gallery\/2011_06_26_atletica\/2606_atletica_4600.jpg\"\n               data-thumbnail=\"http:\/\/www.spaziotorino.it\/scatto\/wp-content\/gallery\/2011_06_26_atletica\/thumbs\/thumbs_2606_atletica_4600.jpg\"\n               data-image-id=\"4876\"\n               data-title=\"Andrew Howe nella prima batteria dei 200m maschili\"\n               data-description=\"Andrew Howe nella prima batteria dei 200m maschili\"\n               data-image-slug=\"andrew-howe-nella-prima-batteria-dei-200m-maschili\"\n               class=\"ngg-fancybox\" rel=\"8bee8dfc3f99518be739f91e40b11d44\">\n                <img\n                    title=\"Andrew Howe nella prima batteria dei 200m maschili\"\n                    alt=\"Andrew Howe nella prima batteria dei 200m maschili\"\n                    src=\"http:\/\/www.spaziotorino.it\/scatto\/wp-content\/gallery\/2011_06_26_atletica\/cache\/2606_atletica_4600.jpg-nggid044876-ngg0dyn-60x60x100-00f0w010c011r110f110r010t010.jpg\"\n                    width=\"60\"\n                    height=\"60\"\n                    style=\"max-width:100%;\"\n                \/>\n            <\/a>\n        <\/div>\n\t\t\t\t\t\t\t<\/div> \n\t\t\t\n        \n\t\t\t\t<div id=\"ngg-image-7\" class=\"ngg-gallery-thumbnail-box\" >\n\t\t\t\t        <div class=\"ngg-gallery-thumbnail\">\n            <a href=\"http:\/\/www.spaziotorino.it\/scatto\/wp-content\/gallery\/2011_06_26_atletica\/2606_atletica_4610.jpg\"\n               title=\"La seconda batteria dei 200m maschili\"\n               data-src=\"http:\/\/www.spaziotorino.it\/scatto\/wp-content\/gallery\/2011_06_26_atletica\/2606_atletica_4610.jpg\"\n               data-thumbnail=\"http:\/\/www.spaziotorino.it\/scatto\/wp-content\/gallery\/2011_06_26_atletica\/thumbs\/thumbs_2606_atletica_4610.jpg\"\n               data-image-id=\"4877\"\n               data-title=\"La seconda batteria dei 200m maschili\"\n               data-description=\"La seconda batteria dei 200m maschili\"\n               data-image-slug=\"la-seconda-batteria-dei-200m-maschili-1\"\n               class=\"ngg-fancybox\" rel=\"8bee8dfc3f99518be739f91e40b11d44\">\n                <img\n                    title=\"La seconda batteria dei 200m maschili\"\n                    alt=\"La seconda batteria dei 200m maschili\"\n                    src=\"http:\/\/www.spaziotorino.it\/scatto\/wp-content\/gallery\/2011_06_26_atletica\/cache\/2606_atletica_4610.jpg-nggid044877-ngg0dyn-60x60x100-00f0w010c011r110f110r010t010.jpg\"\n                    width=\"60\"\n                    height=\"60\"\n                    style=\"max-width:100%;\"\n                \/>\n            <\/a>\n        <\/div>\n\t\t\t\t\t\t\t<\/div> \n\t\t\t\n        \n\t\t\t\t<div id=\"ngg-image-8\" class=\"ngg-gallery-thumbnail-box\" >\n\t\t\t\t        <div class=\"ngg-gallery-thumbnail\">\n            <a href=\"http:\/\/www.spaziotorino.it\/scatto\/wp-content\/gallery\/2011_06_26_atletica\/2606_atletica_4613.jpg\"\n               title=\"La seconda batteria dei 200m maschili\"\n               data-src=\"http:\/\/www.spaziotorino.it\/scatto\/wp-content\/gallery\/2011_06_26_atletica\/2606_atletica_4613.jpg\"\n               data-thumbnail=\"http:\/\/www.spaziotorino.it\/scatto\/wp-content\/gallery\/2011_06_26_atletica\/thumbs\/thumbs_2606_atletica_4613.jpg\"\n               data-image-id=\"4878\"\n               data-title=\"La seconda batteria dei 200m maschili\"\n               data-description=\"La seconda batteria dei 200m maschili\"\n               data-image-slug=\"la-seconda-batteria-dei-200m-maschili\"\n               class=\"ngg-fancybox\" rel=\"8bee8dfc3f99518be739f91e40b11d44\">\n                <img\n                    title=\"La seconda batteria dei 200m maschili\"\n                    alt=\"La seconda batteria dei 200m maschili\"\n                    src=\"http:\/\/www.spaziotorino.it\/scatto\/wp-content\/gallery\/2011_06_26_atletica\/cache\/2606_atletica_4613.jpg-nggid044878-ngg0dyn-60x60x100-00f0w010c011r110f110r010t010.jpg\"\n                    width=\"60\"\n                    height=\"60\"\n                    style=\"max-width:100%;\"\n                \/>\n            <\/a>\n        <\/div>\n\t\t\t\t\t\t\t<\/div> \n\t\t\t\n        \n\t\t\t\t<div id=\"ngg-image-9\" class=\"ngg-gallery-thumbnail-box\" >\n\t\t\t\t        <div class=\"ngg-gallery-thumbnail\">\n            <a href=\"http:\/\/www.spaziotorino.it\/scatto\/wp-content\/gallery\/2011_06_26_atletica\/2606_atletica_4634.jpg\"\n               title=\"Il saluto del Sindaco Piero Fassino\"\n               data-src=\"http:\/\/www.spaziotorino.it\/scatto\/wp-content\/gallery\/2011_06_26_atletica\/2606_atletica_4634.jpg\"\n               data-thumbnail=\"http:\/\/www.spaziotorino.it\/scatto\/wp-content\/gallery\/2011_06_26_atletica\/thumbs\/thumbs_2606_atletica_4634.jpg\"\n               data-image-id=\"4879\"\n               data-title=\"Il saluto del Sindaco Piero Fassino\"\n               data-description=\"Il saluto del Sindaco Piero Fassino\"\n               data-image-slug=\"il-saluto-del-sindaco-piero-fassino-1\"\n               class=\"ngg-fancybox\" rel=\"8bee8dfc3f99518be739f91e40b11d44\">\n                <img\n                    title=\"Il saluto del Sindaco Piero Fassino\"\n                    alt=\"Il saluto del Sindaco Piero Fassino\"\n                    src=\"http:\/\/www.spaziotorino.it\/scatto\/wp-content\/gallery\/2011_06_26_atletica\/cache\/2606_atletica_4634.jpg-nggid044879-ngg0dyn-60x60x100-00f0w010c011r110f110r010t010.jpg\"\n                    width=\"60\"\n                    height=\"60\"\n                    style=\"max-width:100%;\"\n                \/>\n            <\/a>\n        <\/div>\n\t\t\t\t\t\t\t<\/div> \n\t\t\t\n        \n\t\t\t\t<div id=\"ngg-image-10\" class=\"ngg-gallery-thumbnail-box\" >\n\t\t\t\t        <div class=\"ngg-gallery-thumbnail\">\n            <a href=\"http:\/\/www.spaziotorino.it\/scatto\/wp-content\/gallery\/2011_06_26_atletica\/2606_atletica_4655.jpg\"\n               title=\"Piero Fassino e Maurizio Braccialarghe sulle tribune dello stadio Primo Nebiolo\"\n               data-src=\"http:\/\/www.spaziotorino.it\/scatto\/wp-content\/gallery\/2011_06_26_atletica\/2606_atletica_4655.jpg\"\n               data-thumbnail=\"http:\/\/www.spaziotorino.it\/scatto\/wp-content\/gallery\/2011_06_26_atletica\/thumbs\/thumbs_2606_atletica_4655.jpg\"\n               data-image-id=\"4880\"\n               data-title=\"Piero Fassino e Maurizio Braccialarghe sulle tribune dello stadio Primo Nebiolo\"\n               data-description=\"Piero Fassino e Maurizio Braccialarghe sulle tribune dello stadio Primo Nebiolo\"\n               data-image-slug=\"piero-fassino-e-maurizio-braccialarghe-sulle-tribune-dello-stadio-primo-nebiolo\"\n               class=\"ngg-fancybox\" rel=\"8bee8dfc3f99518be739f91e40b11d44\">\n                <img\n                    title=\"Piero Fassino e Maurizio Braccialarghe sulle tribune dello stadio Primo Nebiolo\"\n                    alt=\"Piero Fassino e Maurizio Braccialarghe sulle tribune dello stadio Primo Nebiolo\"\n                    src=\"http:\/\/www.spaziotorino.it\/scatto\/wp-content\/gallery\/2011_06_26_atletica\/cache\/2606_atletica_4655.jpg-nggid044880-ngg0dyn-60x60x100-00f0w010c011r110f110r010t010.jpg\"\n                    width=\"60\"\n                    height=\"60\"\n                    style=\"max-width:100%;\"\n                \/>\n            <\/a>\n        <\/div>\n\t\t\t\t\t\t\t<\/div> \n\t\t\t\n        \n\t\t\t\t<div id=\"ngg-image-11\" class=\"ngg-gallery-thumbnail-box\" >\n\t\t\t\t        <div class=\"ngg-gallery-thumbnail\">\n            <a href=\"http:\/\/www.spaziotorino.it\/scatto\/wp-content\/gallery\/2011_06_26_atletica\/2606_atletica_4681.jpg\"\n               title=\"Salti di riscaldamento della finale dell\\&#039;asta femminile\"\n               data-src=\"http:\/\/www.spaziotorino.it\/scatto\/wp-content\/gallery\/2011_06_26_atletica\/2606_atletica_4681.jpg\"\n               data-thumbnail=\"http:\/\/www.spaziotorino.it\/scatto\/wp-content\/gallery\/2011_06_26_atletica\/thumbs\/thumbs_2606_atletica_4681.jpg\"\n               data-image-id=\"4881\"\n               data-title=\"Salti di riscaldamento della finale dell\\&#039;asta femminile\"\n               data-description=\"Salti di riscaldamento della finale dell&#039;asta femminile\"\n               data-image-slug=\"salti-di-riscaldamento-della-finale-dellasta-femminile\"\n               class=\"ngg-fancybox\" rel=\"8bee8dfc3f99518be739f91e40b11d44\">\n                <img\n                    title=\"Salti di riscaldamento della finale dell\\&#039;asta femminile\"\n                    alt=\"Salti di riscaldamento della finale dell\\&#039;asta femminile\"\n                    src=\"http:\/\/www.spaziotorino.it\/scatto\/wp-content\/gallery\/2011_06_26_atletica\/cache\/2606_atletica_4681.jpg-nggid044881-ngg0dyn-60x60x100-00f0w010c011r110f110r010t010.jpg\"\n                    width=\"60\"\n                    height=\"60\"\n                    style=\"max-width:100%;\"\n                \/>\n            <\/a>\n        <\/div>\n\t\t\t\t\t\t\t<\/div> \n\t\t\t\n        \n\t\t\t\t<div id=\"ngg-image-12\" class=\"ngg-gallery-thumbnail-box\" >\n\t\t\t\t        <div class=\"ngg-gallery-thumbnail\">\n            <a href=\"http:\/\/www.spaziotorino.it\/scatto\/wp-content\/gallery\/2011_06_26_atletica\/2606_atletica_4704.jpg\"\n               title=\"Salti di riscaldamento della finale dell\\&#039;asta femminile\"\n               data-src=\"http:\/\/www.spaziotorino.it\/scatto\/wp-content\/gallery\/2011_06_26_atletica\/2606_atletica_4704.jpg\"\n               data-thumbnail=\"http:\/\/www.spaziotorino.it\/scatto\/wp-content\/gallery\/2011_06_26_atletica\/thumbs\/thumbs_2606_atletica_4704.jpg\"\n               data-image-id=\"4882\"\n               data-title=\"Salti di riscaldamento della finale dell\\&#039;asta femminile\"\n               data-description=\"Salti di riscaldamento della finale dell&#039;asta femminile\"\n               data-image-slug=\"salti-di-riscaldamento-della-finale-dellasta-femminile-1\"\n               class=\"ngg-fancybox\" rel=\"8bee8dfc3f99518be739f91e40b11d44\">\n                <img\n                    title=\"Salti di riscaldamento della finale dell\\&#039;asta femminile\"\n                    alt=\"Salti di riscaldamento della finale dell\\&#039;asta femminile\"\n                    src=\"http:\/\/www.spaziotorino.it\/scatto\/wp-content\/gallery\/2011_06_26_atletica\/cache\/2606_atletica_4704.jpg-nggid044882-ngg0dyn-60x60x100-00f0w010c011r110f110r010t010.jpg\"\n                    width=\"60\"\n                    height=\"60\"\n                    style=\"max-width:100%;\"\n                \/>\n            <\/a>\n        <\/div>\n\t\t\t\t\t\t\t<\/div> \n\t\t\t\n        \n\t\t\t\t<div id=\"ngg-image-13\" class=\"ngg-gallery-thumbnail-box\" >\n\t\t\t\t        <div class=\"ngg-gallery-thumbnail\">\n            <a href=\"http:\/\/www.spaziotorino.it\/scatto\/wp-content\/gallery\/2011_06_26_atletica\/2606_atletica_4715.jpg\"\n               title=\"Manuela Gentili, 400 ostacoli femminile\"\n               data-src=\"http:\/\/www.spaziotorino.it\/scatto\/wp-content\/gallery\/2011_06_26_atletica\/2606_atletica_4715.jpg\"\n               data-thumbnail=\"http:\/\/www.spaziotorino.it\/scatto\/wp-content\/gallery\/2011_06_26_atletica\/thumbs\/thumbs_2606_atletica_4715.jpg\"\n               data-image-id=\"4883\"\n               data-title=\"Manuela Gentili, 400 ostacoli femminile\"\n               data-description=\"Manuela Gentili, 400 ostacoli femminile\"\n               data-image-slug=\"manuela-gentili-400-ostacoli-femminile\"\n               class=\"ngg-fancybox\" rel=\"8bee8dfc3f99518be739f91e40b11d44\">\n                <img\n                    title=\"Manuela Gentili, 400 ostacoli femminile\"\n                    alt=\"Manuela Gentili, 400 ostacoli femminile\"\n                    src=\"http:\/\/www.spaziotorino.it\/scatto\/wp-content\/gallery\/2011_06_26_atletica\/cache\/2606_atletica_4715.jpg-nggid044883-ngg0dyn-60x60x100-00f0w010c011r110f110r010t010.jpg\"\n                    width=\"60\"\n                    height=\"60\"\n                    style=\"max-width:100%;\"\n                \/>\n            <\/a>\n        <\/div>\n\t\t\t\t\t\t\t<\/div> \n\t\t\t\n        \n\t\t\t\t<div id=\"ngg-image-14\" class=\"ngg-gallery-thumbnail-box\" >\n\t\t\t\t        <div class=\"ngg-gallery-thumbnail\">\n            <a href=\"http:\/\/www.spaziotorino.it\/scatto\/wp-content\/gallery\/2011_06_26_atletica\/2606_atletica_4722.jpg\"\n               title=\"Controllo degli ostacoli\"\n               data-src=\"http:\/\/www.spaziotorino.it\/scatto\/wp-content\/gallery\/2011_06_26_atletica\/2606_atletica_4722.jpg\"\n               data-thumbnail=\"http:\/\/www.spaziotorino.it\/scatto\/wp-content\/gallery\/2011_06_26_atletica\/thumbs\/thumbs_2606_atletica_4722.jpg\"\n               data-image-id=\"4885\"\n               data-title=\"Controllo degli ostacoli\"\n               data-description=\"Controllo degli ostacoli\"\n               data-image-slug=\"controllo-degli-ostacoli\"\n               class=\"ngg-fancybox\" rel=\"8bee8dfc3f99518be739f91e40b11d44\">\n                <img\n                    title=\"Controllo degli ostacoli\"\n                    alt=\"Controllo degli ostacoli\"\n                    src=\"http:\/\/www.spaziotorino.it\/scatto\/wp-content\/gallery\/2011_06_26_atletica\/cache\/2606_atletica_4722.jpg-nggid044885-ngg0dyn-60x60x100-00f0w010c011r110f110r010t010.jpg\"\n                    width=\"60\"\n                    height=\"60\"\n                    style=\"max-width:100%;\"\n                \/>\n            <\/a>\n        <\/div>\n\t\t\t\t\t\t\t<\/div> \n\t\t\t\n        \n\t\t\t\t<div id=\"ngg-image-15\" class=\"ngg-gallery-thumbnail-box\" >\n\t\t\t\t        <div class=\"ngg-gallery-thumbnail\">\n            <a href=\"http:\/\/www.spaziotorino.it\/scatto\/wp-content\/gallery\/2011_06_26_atletica\/2606_atletica_4736.jpg\"\n               title=\"La finale 400 ostacoli maschile\"\n               data-src=\"http:\/\/www.spaziotorino.it\/scatto\/wp-content\/gallery\/2011_06_26_atletica\/2606_atletica_4736.jpg\"\n               data-thumbnail=\"http:\/\/www.spaziotorino.it\/scatto\/wp-content\/gallery\/2011_06_26_atletica\/thumbs\/thumbs_2606_atletica_4736.jpg\"\n               data-image-id=\"4886\"\n               data-title=\"La finale 400 ostacoli maschile\"\n               data-description=\"La finale 400 ostacoli maschile\"\n               data-image-slug=\"la-finale-400-ostacoli-maschile\"\n               class=\"ngg-fancybox\" rel=\"8bee8dfc3f99518be739f91e40b11d44\">\n                <img\n                    title=\"La finale 400 ostacoli maschile\"\n                    alt=\"La finale 400 ostacoli maschile\"\n                    src=\"http:\/\/www.spaziotorino.it\/scatto\/wp-content\/gallery\/2011_06_26_atletica\/cache\/2606_atletica_4736.jpg-nggid044886-ngg0dyn-60x60x100-00f0w010c011r110f110r010t010.jpg\"\n                    width=\"60\"\n                    height=\"60\"\n                    style=\"max-width:100%;\"\n                \/>\n            <\/a>\n        <\/div>\n\t\t\t\t\t\t\t<\/div> \n\t\t\t\n        \n\t\t\n\t\t<!-- Pagination -->\n\t<div class='ngg-clear'><\/div>\t<\/div>\n\n<p>Torino torna capitale dell\u2019atletica leggera italiana con i Campionati Italiani Assoluti di atletica leggera 2011 che si sono disputati allo Stadio Nebiolo di Parco Ruffini.<br \/>\nDopo il successo organizzativo dei Campionati Europei Indoor del 2009, la citt\u00e0 della Mole \u00e8 stata fortemente voluta dalla FIDAL come sede dei campionati per onorare non solo la citt\u00e0 prima capitale d\u2019Italia, ma anche la culla dell\u2019atletica leggera italiana.<br \/>\nProprio nella citt\u00e0 fulcro dei festeggiamenti per i 150 anni dell\u2019Unit\u00e0 d\u2019Italia nacque infatti nel lontano 1899 l\u2019Unione Pedestre Italiana, antenata della Federazione odierna. Torino ha inoltre ospitato il primo campionato nazionale nel 1898 e da allora l&#8217;appuntamento \u00e8 pi\u00f9 volte tornato nella capitale sabauda, per ultimo nel luglio 2006. <\/p>\n<p>Tutti i risultati sul sito della <a href=\"http:\/\/www.fidal.it\/showquestion.php?fldAuto=13532&#038;faq=65\">FIDAL &#8211; Federazione Italiana di Atletica Leggera<\/a><\/p>\n","protected":false},"excerpt":{"rendered":"<p>Torino torna capitale dell\u2019atletica leggera italiana con i Campionati Italiani Assoluti di atletica leggera 2011 che si sono disputati allo Stadio Nebiolo di Parco Ruffini. Dopo il successo organizzativo dei Campionati Europei Indoor del 2009, la citt\u00e0 della Mole \u00e8 stata fortemente voluta dalla FIDAL come sede dei campionati per onorare non solo la citt\u00e0 [&hellip;]<\/p>\n","protected":false},"author":1,"featured_media":0,"comment_status":"closed","ping_status":"open","sticky":false,"template":"","format":"standard","meta":{"ngg_post_thumbnail":0},"categories":[1,10],"tags":[3821,3765,3822,3760,1249,3763],"_links":{"self":[{"href":"http:\/\/www.spaziotorino.it\/scatto\/index.php?rest_route=\/wp\/v2\/posts\/1770"}],"collection":[{"href":"http:\/\/www.spaziotorino.it\/scatto\/index.php?rest_route=\/wp\/v2\/posts"}],"about":[{"href":"http:\/\/www.spaziotorino.it\/scatto\/index.php?rest_route=\/wp\/v2\/types\/post"}],"author":[{"embeddable":true,"href":"http:\/\/www.spaziotorino.it\/scatto\/index.php?rest_route=\/wp\/v2\/users\/1"}],"replies":[{"embeddable":true,"href":"http:\/\/www.spaziotorino.it\/scatto\/index.php?rest_route=%2Fwp%2Fv2%2Fcomments&post=1770"}],"version-history":[{"count":2,"href":"http:\/\/www.spaziotorino.it\/scatto\/index.php?rest_route=\/wp\/v2\/posts\/1770\/revisions"}],"predecessor-version":[{"id":1772,"href":"http:\/\/www.spaziotorino.it\/scatto\/index.php?rest_route=\/wp\/v2\/posts\/1770\/revisions\/1772"}],"wp:attachment":[{"href":"http:\/\/www.spaziotorino.it\/scatto\/index.php?rest_route=%2Fwp%2Fv2%2Fmedia&parent=1770"}],"wp:term":[{"taxonomy":"category","embeddable":true,"href":"http:\/\/www.spaziotorino.it\/scatto\/index.php?rest_route=%2Fwp%2Fv2%2Fcategories&post=1770"},{"taxonomy":"post_tag","embeddable":true,"href":"http:\/\/www.spaziotorino.it\/scatto\/index.php?rest_route=%2Fwp%2Fv2%2Ftags&post=1770"}],"curies":[{"name":"wp","href":"https:\/\/api.w.org\/{rel}","templated":true}]}}