{"id":1777,"date":"2011-06-29T19:45:24","date_gmt":"2011-06-29T18:45:24","guid":{"rendered":"http:\/\/www.spaziotorino.it\/scatto\/?p=1777"},"modified":"2016-12-01T10:07:45","modified_gmt":"2016-12-01T09:07:45","slug":"presentazione-del-sistema-di-incarrozzamento-sui-mezzi-gtt","status":"publish","type":"post","link":"http:\/\/www.spaziotorino.it\/scatto\/?p=1777","title":{"rendered":"Presentazione del sistema di incarrozzamento sui mezzi GTT"},"content":{"rendered":"<p><a title=\"Presentazione del sistema di incarrozzamento sui mezzi GTT\" rel=\"lightbox[set_301]\" href=\"http:\/\/www.spaziotorino.it\/scatto\/wp-content\/gallery\/2011_06_29_gtt\/dsc_7280.jpg\"><br \/>\n<img decoding=\"async\" loading=\"lazy\" class=\"ngg-singlepic\" title=\"Presentazione del sistema di incarrozzamento sui mezzi GTT\" src=\"http:\/\/www.spaziotorino.it\/scatto\/wp-content\/gallery\/2011_06_29_gtt\/dsc_7280.jpg\" alt=\"\" width=\"540\" height=\"360\" \/><\/a><\/p>\n<!-- index.php -->\n<div\n\tclass=\"ngg-galleryoverview ngg-ajax-pagination-none\"\n\tid=\"ngg-gallery-2edb517086f3e7d4e97a02cd36c1bd25-1\">\n\n    \t\t<!-- Thumbnails -->\n\t\t\t\t<div id=\"ngg-image-0\" class=\"ngg-gallery-thumbnail-box\" >\n\t\t\t\t        <div class=\"ngg-gallery-thumbnail\">\n            <a href=\"http:\/\/www.spaziotorino.it\/scatto\/wp-content\/gallery\/2011_06_29_gtt\/dsc_7255.jpg\"\n               title=\"Incarrozzamento in avanti\"\n               data-src=\"http:\/\/www.spaziotorino.it\/scatto\/wp-content\/gallery\/2011_06_29_gtt\/dsc_7255.jpg\"\n               data-thumbnail=\"http:\/\/www.spaziotorino.it\/scatto\/wp-content\/gallery\/2011_06_29_gtt\/thumbs\/thumbs_dsc_7255.jpg\"\n               data-image-id=\"4957\"\n               data-title=\"Incarrozzamento in avanti\"\n               data-description=\"Incarrozzamento in avanti\"\n               data-image-slug=\"incarrozzamento-in-avanti\"\n               class=\"ngg-fancybox\" rel=\"2edb517086f3e7d4e97a02cd36c1bd25\">\n                <img\n                    title=\"Incarrozzamento in avanti\"\n                    alt=\"Incarrozzamento in avanti\"\n                    src=\"http:\/\/www.spaziotorino.it\/scatto\/wp-content\/gallery\/2011_06_29_gtt\/cache\/dsc_7255.jpg-nggid044957-ngg0dyn-60x60x100-00f0w010c011r110f110r010t010.jpg\"\n                    width=\"60\"\n                    height=\"60\"\n                    style=\"max-width:100%;\"\n                \/>\n            <\/a>\n        <\/div>\n\t\t\t\t\t\t\t<\/div> \n\t\t\t\n        \n\t\t\t\t<div id=\"ngg-image-1\" class=\"ngg-gallery-thumbnail-box\" >\n\t\t\t\t        <div class=\"ngg-gallery-thumbnail\">\n            <a href=\"http:\/\/www.spaziotorino.it\/scatto\/wp-content\/gallery\/2011_06_29_gtt\/dsc_7276.jpg\"\n               title=\"Assistenza clienti\"\n               data-src=\"http:\/\/www.spaziotorino.it\/scatto\/wp-content\/gallery\/2011_06_29_gtt\/dsc_7276.jpg\"\n               data-thumbnail=\"http:\/\/www.spaziotorino.it\/scatto\/wp-content\/gallery\/2011_06_29_gtt\/thumbs\/thumbs_dsc_7276.jpg\"\n               data-image-id=\"4958\"\n               data-title=\"Assistenza clienti\"\n               data-description=\"Assistenza clienti\"\n               data-image-slug=\"assistenza-clienti\"\n               class=\"ngg-fancybox\" rel=\"2edb517086f3e7d4e97a02cd36c1bd25\">\n                <img\n                    title=\"Assistenza clienti\"\n                    alt=\"Assistenza clienti\"\n                    src=\"http:\/\/www.spaziotorino.it\/scatto\/wp-content\/gallery\/2011_06_29_gtt\/cache\/dsc_7276.jpg-nggid044958-ngg0dyn-60x60x100-00f0w010c011r110f110r010t010.jpg\"\n                    width=\"60\"\n                    height=\"60\"\n                    style=\"max-width:100%;\"\n                \/>\n            <\/a>\n        <\/div>\n\t\t\t\t\t\t\t<\/div> \n\t\t\t\n        \n\t\t\t\t<div id=\"ngg-image-2\" class=\"ngg-gallery-thumbnail-box\" >\n\t\t\t\t        <div class=\"ngg-gallery-thumbnail\">\n            <a href=\"http:\/\/www.spaziotorino.it\/scatto\/wp-content\/gallery\/2011_06_29_gtt\/dsc_7280.jpg\"\n               title=\"Emettitrice di biglietti\"\n               data-src=\"http:\/\/www.spaziotorino.it\/scatto\/wp-content\/gallery\/2011_06_29_gtt\/dsc_7280.jpg\"\n               data-thumbnail=\"http:\/\/www.spaziotorino.it\/scatto\/wp-content\/gallery\/2011_06_29_gtt\/thumbs\/thumbs_dsc_7280.jpg\"\n               data-image-id=\"4959\"\n               data-title=\"Emettitrice di biglietti\"\n               data-description=\"Emettitrice di biglietti\"\n               data-image-slug=\"emettitrice-di-biglietti\"\n               class=\"ngg-fancybox\" rel=\"2edb517086f3e7d4e97a02cd36c1bd25\">\n                <img\n                    title=\"Emettitrice di biglietti\"\n                    alt=\"Emettitrice di biglietti\"\n                    src=\"http:\/\/www.spaziotorino.it\/scatto\/wp-content\/gallery\/2011_06_29_gtt\/cache\/dsc_7280.jpg-nggid044959-ngg0dyn-60x60x100-00f0w010c011r110f110r010t010.jpg\"\n                    width=\"60\"\n                    height=\"60\"\n                    style=\"max-width:100%;\"\n                \/>\n            <\/a>\n        <\/div>\n\t\t\t\t\t\t\t<\/div> \n\t\t\t\n        \n\t\t\t\t<div id=\"ngg-image-3\" class=\"ngg-gallery-thumbnail-box\" >\n\t\t\t\t        <div class=\"ngg-gallery-thumbnail\">\n            <a href=\"http:\/\/www.spaziotorino.it\/scatto\/wp-content\/gallery\/2011_06_29_gtt\/dsc_7332.jpg\"\n               title=\"L\\&#039;Assessore Claudio Lubatti e l\\&#039;AD di GTT Roberto Barbieri\"\n               data-src=\"http:\/\/www.spaziotorino.it\/scatto\/wp-content\/gallery\/2011_06_29_gtt\/dsc_7332.jpg\"\n               data-thumbnail=\"http:\/\/www.spaziotorino.it\/scatto\/wp-content\/gallery\/2011_06_29_gtt\/thumbs\/thumbs_dsc_7332.jpg\"\n               data-image-id=\"4961\"\n               data-title=\"L\\&#039;Assessore Claudio Lubatti e l\\&#039;AD di GTT Roberto Barbieri\"\n               data-description=\"L&#039;Assessore Claudio Lubatti e l&#039;AD di GTT Roberto Barbieri\"\n               data-image-slug=\"lassessore-claudio-lubatti-e-lad-di-gtt-roberto-barbieri\"\n               class=\"ngg-fancybox\" rel=\"2edb517086f3e7d4e97a02cd36c1bd25\">\n                <img\n                    title=\"L\\&#039;Assessore Claudio Lubatti e l\\&#039;AD di GTT Roberto Barbieri\"\n                    alt=\"L\\&#039;Assessore Claudio Lubatti e l\\&#039;AD di GTT Roberto Barbieri\"\n                    src=\"http:\/\/www.spaziotorino.it\/scatto\/wp-content\/gallery\/2011_06_29_gtt\/cache\/dsc_7332.jpg-nggid044961-ngg0dyn-60x60x100-00f0w010c011r110f110r010t010.jpg\"\n                    width=\"60\"\n                    height=\"60\"\n                    style=\"max-width:100%;\"\n                \/>\n            <\/a>\n        <\/div>\n\t\t\t\t\t\t\t<\/div> \n\t\t\t\n        \n\t\t\t\t<div id=\"ngg-image-4\" class=\"ngg-gallery-thumbnail-box\" >\n\t\t\t\t        <div class=\"ngg-gallery-thumbnail\">\n            <a href=\"http:\/\/www.spaziotorino.it\/scatto\/wp-content\/gallery\/2011_06_29_gtt\/dsc_7374.jpg\"\n               title=\"Il sistema di incarrozzamento di discesa\"\n               data-src=\"http:\/\/www.spaziotorino.it\/scatto\/wp-content\/gallery\/2011_06_29_gtt\/dsc_7374.jpg\"\n               data-thumbnail=\"http:\/\/www.spaziotorino.it\/scatto\/wp-content\/gallery\/2011_06_29_gtt\/thumbs\/thumbs_dsc_7374.jpg\"\n               data-image-id=\"4963\"\n               data-title=\"Il sistema di incarrozzamento di discesa\"\n               data-description=\"Il sistema di incarrozzamento di discesa\"\n               data-image-slug=\"il-sistema-di-incarrozzamento-di-discesa\"\n               class=\"ngg-fancybox\" rel=\"2edb517086f3e7d4e97a02cd36c1bd25\">\n                <img\n                    title=\"Il sistema di incarrozzamento di discesa\"\n                    alt=\"Il sistema di incarrozzamento di discesa\"\n                    src=\"http:\/\/www.spaziotorino.it\/scatto\/wp-content\/gallery\/2011_06_29_gtt\/cache\/dsc_7374.jpg-nggid044963-ngg0dyn-60x60x100-00f0w010c011r110f110r010t010.jpg\"\n                    width=\"60\"\n                    height=\"60\"\n                    style=\"max-width:100%;\"\n                \/>\n            <\/a>\n        <\/div>\n\t\t\t\t\t\t\t<\/div> \n\t\t\t\n        \n\t\t\n\t\t<!-- Pagination -->\n\t<div class='ngg-clear'><\/div>\t<\/div>\n\n<p>GTT avvia il piano di attivit\u00e0 per la riduzione dell&#8217;evasione nel trasporto pubblico e l&#8217;incremento della sicurezza a bordo dei mezzi.<br \/>\nLa prima grande novit\u00e0 riguarda il sistema di incarrozzamento, ovvero di <strong>salita<\/strong> e <strong>discesa<\/strong> dall&#8217;autobus che partir\u00e0 ufficialmente venerd\u00ec 1\u00b0 luglio; questo sistema riserva una porta ad uso esclusivo della discesa ed una porta ad uso esclusivo della salita, i passeggeri potranno prendere l&#8217;autobus solo usando la porta anteriore e appena a bordo mostreranno al conducente il loro titolo di viaggio valido.<br \/>\nSempre dal 1\u00b0 luglio le linee 19 e 30 disporranno di emettitrici automatiche dove si potr\u00e0 acquistare un titolo di viaggio valido finoal termine della corsa: un&#8217;ulteriore possibilit\u00e0 per evitare sanzioni, che non sostituisce i sistemi tradizionali, n\u00e9 va intesa come una nuova tariffa.<br \/>\nI biglietti, infatti, continueranno ad essere acquistati nei 1.600 punti vendita a Torino e nei 700 parcometri in tutta la Citt\u00e0.<\/p>\n<p>Maggiori informazioni sul sito della <a href=\"http:\/\/www.gtt.to.it\/\">GTT<\/a><\/p>\n","protected":false},"excerpt":{"rendered":"<p>GTT avvia il piano di attivit\u00e0 per la riduzione dell&#8217;evasione nel trasporto pubblico e l&#8217;incremento della sicurezza a bordo dei mezzi. La prima grande novit\u00e0 riguarda il sistema di incarrozzamento, ovvero di salita e discesa dall&#8217;autobus che partir\u00e0 ufficialmente venerd\u00ec 1\u00b0 luglio; questo sistema riserva una porta ad uso esclusivo della discesa ed una porta [&hellip;]<\/p>\n","protected":false},"author":1,"featured_media":0,"comment_status":"closed","ping_status":"open","sticky":false,"template":"","format":"standard","meta":{"ngg_post_thumbnail":0},"categories":[1,41],"tags":[1254,3457,3458,1253,3826,3825],"_links":{"self":[{"href":"http:\/\/www.spaziotorino.it\/scatto\/index.php?rest_route=\/wp\/v2\/posts\/1777"}],"collection":[{"href":"http:\/\/www.spaziotorino.it\/scatto\/index.php?rest_route=\/wp\/v2\/posts"}],"about":[{"href":"http:\/\/www.spaziotorino.it\/scatto\/index.php?rest_route=\/wp\/v2\/types\/post"}],"author":[{"embeddable":true,"href":"http:\/\/www.spaziotorino.it\/scatto\/index.php?rest_route=\/wp\/v2\/users\/1"}],"replies":[{"embeddable":true,"href":"http:\/\/www.spaziotorino.it\/scatto\/index.php?rest_route=%2Fwp%2Fv2%2Fcomments&post=1777"}],"version-history":[{"count":5,"href":"http:\/\/www.spaziotorino.it\/scatto\/index.php?rest_route=\/wp\/v2\/posts\/1777\/revisions"}],"predecessor-version":[{"id":5363,"href":"http:\/\/www.spaziotorino.it\/scatto\/index.php?rest_route=\/wp\/v2\/posts\/1777\/revisions\/5363"}],"wp:attachment":[{"href":"http:\/\/www.spaziotorino.it\/scatto\/index.php?rest_route=%2Fwp%2Fv2%2Fmedia&parent=1777"}],"wp:term":[{"taxonomy":"category","embeddable":true,"href":"http:\/\/www.spaziotorino.it\/scatto\/index.php?rest_route=%2Fwp%2Fv2%2Fcategories&post=1777"},{"taxonomy":"post_tag","embeddable":true,"href":"http:\/\/www.spaziotorino.it\/scatto\/index.php?rest_route=%2Fwp%2Fv2%2Ftags&post=1777"}],"curies":[{"name":"wp","href":"https:\/\/api.w.org\/{rel}","templated":true}]}}