{"id":18357,"date":"2019-09-12T16:10:29","date_gmt":"2019-09-12T15:10:29","guid":{"rendered":"http:\/\/www.spaziotorino.it\/scatto\/?p=18357"},"modified":"2019-09-12T16:10:29","modified_gmt":"2019-09-12T15:10:29","slug":"torino-fa-scuola-inaugurate-due-scuole-del-futuro","status":"publish","type":"post","link":"http:\/\/www.spaziotorino.it\/scatto\/?p=18357","title":{"rendered":"TORINO fa SCUOLA. Inaugurate due scuole del futuro"},"content":{"rendered":"<p><a class=\"ngg-fancybox\" title=\"TORINO fa SCUOLA. Inaugurate due scuole del futuro\" href=\"http:\/\/www.spaziotorino.it\/scatto\/wp-content\/gallery\/2019_09_12_tofascuola\/IMG_9750-copia.jpg\" rel=\"0e45a3997b765aba439ebed41d8b56ff\"><br \/>\n<img decoding=\"async\" loading=\"lazy\" class=\"ngg-singlepic\" title=\"TORINO fa SCUOLA. Inaugurate due scuole del futuro\" src=\"http:\/\/www.spaziotorino.it\/scatto\/wp-content\/gallery\/2019_09_12_tofascuola\/IMG_9750-copia.jpg\" alt=\"\" width=\"540\" height=\"360\"\/><\/a><\/p>\n<!-- index.php -->\n<div\n\tclass=\"ngg-galleryoverview ngg-ajax-pagination-none\"\n\tid=\"ngg-gallery-2f912d6840c9c35522a812e9769503d6-1\">\n\n    \t\t<!-- Thumbnails -->\n\t\t\t\t<div id=\"ngg-image-0\" class=\"ngg-gallery-thumbnail-box\" >\n\t\t\t\t        <div class=\"ngg-gallery-thumbnail\">\n            <a href=\"http:\/\/www.spaziotorino.it\/scatto\/wp-content\/gallery\/2019_09_12_tofascuola\/IMG_9655-copia.jpg\"\n               title=\"Scuola Enrico Fermi\"\n               data-src=\"http:\/\/www.spaziotorino.it\/scatto\/wp-content\/gallery\/2019_09_12_tofascuola\/IMG_9655-copia.jpg\"\n               data-thumbnail=\"http:\/\/www.spaziotorino.it\/scatto\/wp-content\/gallery\/2019_09_12_tofascuola\/thumbs\/thumbs_IMG_9655-copia.jpg\"\n               data-image-id=\"23368\"\n               data-title=\"Scuola Enrico Fermi\"\n               data-description=\"Scuola Enrico Fermi\"\n               data-image-slug=\"img_9655-copia\"\n               class=\"ngg-fancybox\" rel=\"2f912d6840c9c35522a812e9769503d6\">\n                <img\n                    title=\"Scuola Enrico Fermi\"\n                    alt=\"Scuola Enrico Fermi\"\n                    src=\"http:\/\/www.spaziotorino.it\/scatto\/wp-content\/gallery\/2019_09_12_tofascuola\/cache\/IMG_9655-copia.jpg-nggid0523368-ngg0dyn-60x60x100-00f0w010c011r110f110r010t010.jpg\"\n                    width=\"60\"\n                    height=\"60\"\n                    style=\"max-width:100%;\"\n                \/>\n            <\/a>\n        <\/div>\n\t\t\t\t\t\t\t<\/div> \n\t\t\t\n        \n\t\t\t\t<div id=\"ngg-image-1\" class=\"ngg-gallery-thumbnail-box\" >\n\t\t\t\t        <div class=\"ngg-gallery-thumbnail\">\n            <a href=\"http:\/\/www.spaziotorino.it\/scatto\/wp-content\/gallery\/2019_09_12_tofascuola\/IMG_9658-copia.jpg\"\n               title=\"Scuola Enrico Fermi\"\n               data-src=\"http:\/\/www.spaziotorino.it\/scatto\/wp-content\/gallery\/2019_09_12_tofascuola\/IMG_9658-copia.jpg\"\n               data-thumbnail=\"http:\/\/www.spaziotorino.it\/scatto\/wp-content\/gallery\/2019_09_12_tofascuola\/thumbs\/thumbs_IMG_9658-copia.jpg\"\n               data-image-id=\"23369\"\n               data-title=\"Scuola Enrico Fermi\"\n               data-description=\"Scuola Enrico Fermi\"\n               data-image-slug=\"img_9658-copia\"\n               class=\"ngg-fancybox\" rel=\"2f912d6840c9c35522a812e9769503d6\">\n                <img\n                    title=\"Scuola Enrico Fermi\"\n                    alt=\"Scuola Enrico Fermi\"\n                    src=\"http:\/\/www.spaziotorino.it\/scatto\/wp-content\/gallery\/2019_09_12_tofascuola\/cache\/IMG_9658-copia.jpg-nggid0523369-ngg0dyn-60x60x100-00f0w010c011r110f110r010t010.jpg\"\n                    width=\"60\"\n                    height=\"60\"\n                    style=\"max-width:100%;\"\n                \/>\n            <\/a>\n        <\/div>\n\t\t\t\t\t\t\t<\/div> \n\t\t\t\n        \n\t\t\t\t<div id=\"ngg-image-2\" class=\"ngg-gallery-thumbnail-box\" >\n\t\t\t\t        <div class=\"ngg-gallery-thumbnail\">\n            <a href=\"http:\/\/www.spaziotorino.it\/scatto\/wp-content\/gallery\/2019_09_12_tofascuola\/IMG_9663-copia.jpg\"\n               title=\"Gli architetti Alberto Bottero e Simona Della Rocca\"\n               data-src=\"http:\/\/www.spaziotorino.it\/scatto\/wp-content\/gallery\/2019_09_12_tofascuola\/IMG_9663-copia.jpg\"\n               data-thumbnail=\"http:\/\/www.spaziotorino.it\/scatto\/wp-content\/gallery\/2019_09_12_tofascuola\/thumbs\/thumbs_IMG_9663-copia.jpg\"\n               data-image-id=\"23370\"\n               data-title=\"Gli architetti Alberto Bottero e Simona Della Rocca\"\n               data-description=\"Gli architetti Alberto Bottero e Simona Della Rocca\"\n               data-image-slug=\"img_9663-copia\"\n               class=\"ngg-fancybox\" rel=\"2f912d6840c9c35522a812e9769503d6\">\n                <img\n                    title=\"Gli architetti Alberto Bottero e Simona Della Rocca\"\n                    alt=\"Gli architetti Alberto Bottero e Simona Della Rocca\"\n                    src=\"http:\/\/www.spaziotorino.it\/scatto\/wp-content\/gallery\/2019_09_12_tofascuola\/cache\/IMG_9663-copia.jpg-nggid0523370-ngg0dyn-60x60x100-00f0w010c011r110f110r010t010.jpg\"\n                    width=\"60\"\n                    height=\"60\"\n                    style=\"max-width:100%;\"\n                \/>\n            <\/a>\n        <\/div>\n\t\t\t\t\t\t\t<\/div> \n\t\t\t\n        \n\t\t\t\t<div id=\"ngg-image-3\" class=\"ngg-gallery-thumbnail-box\" >\n\t\t\t\t        <div class=\"ngg-gallery-thumbnail\">\n            <a href=\"http:\/\/www.spaziotorino.it\/scatto\/wp-content\/gallery\/2019_09_12_tofascuola\/IMG_9668-copia.jpg\"\n               title=\"Scuola Enrico Fermi\"\n               data-src=\"http:\/\/www.spaziotorino.it\/scatto\/wp-content\/gallery\/2019_09_12_tofascuola\/IMG_9668-copia.jpg\"\n               data-thumbnail=\"http:\/\/www.spaziotorino.it\/scatto\/wp-content\/gallery\/2019_09_12_tofascuola\/thumbs\/thumbs_IMG_9668-copia.jpg\"\n               data-image-id=\"23371\"\n               data-title=\"Scuola Enrico Fermi\"\n               data-description=\"Scuola Enrico Fermi\"\n               data-image-slug=\"img_9668-copia\"\n               class=\"ngg-fancybox\" rel=\"2f912d6840c9c35522a812e9769503d6\">\n                <img\n                    title=\"Scuola Enrico Fermi\"\n                    alt=\"Scuola Enrico Fermi\"\n                    src=\"http:\/\/www.spaziotorino.it\/scatto\/wp-content\/gallery\/2019_09_12_tofascuola\/cache\/IMG_9668-copia.jpg-nggid0523371-ngg0dyn-60x60x100-00f0w010c011r110f110r010t010.jpg\"\n                    width=\"60\"\n                    height=\"60\"\n                    style=\"max-width:100%;\"\n                \/>\n            <\/a>\n        <\/div>\n\t\t\t\t\t\t\t<\/div> \n\t\t\t\n        \n\t\t\t\t<div id=\"ngg-image-4\" class=\"ngg-gallery-thumbnail-box\" >\n\t\t\t\t        <div class=\"ngg-gallery-thumbnail\">\n            <a href=\"http:\/\/www.spaziotorino.it\/scatto\/wp-content\/gallery\/2019_09_12_tofascuola\/IMG_9682-copia.jpg\"\n               title=\"Palestra - Scuola Enrico Fermi\"\n               data-src=\"http:\/\/www.spaziotorino.it\/scatto\/wp-content\/gallery\/2019_09_12_tofascuola\/IMG_9682-copia.jpg\"\n               data-thumbnail=\"http:\/\/www.spaziotorino.it\/scatto\/wp-content\/gallery\/2019_09_12_tofascuola\/thumbs\/thumbs_IMG_9682-copia.jpg\"\n               data-image-id=\"23349\"\n               data-title=\"Palestra - Scuola Enrico Fermi\"\n               data-description=\"Palestra - Scuola Enrico Fermi\"\n               data-image-slug=\"img_9682-copia\"\n               class=\"ngg-fancybox\" rel=\"2f912d6840c9c35522a812e9769503d6\">\n                <img\n                    title=\"Palestra - Scuola Enrico Fermi\"\n                    alt=\"Palestra - Scuola Enrico Fermi\"\n                    src=\"http:\/\/www.spaziotorino.it\/scatto\/wp-content\/gallery\/2019_09_12_tofascuola\/cache\/IMG_9682-copia.jpg-nggid0523349-ngg0dyn-60x60x100-00f0w010c011r110f110r010t010.jpg\"\n                    width=\"60\"\n                    height=\"60\"\n                    style=\"max-width:100%;\"\n                \/>\n            <\/a>\n        <\/div>\n\t\t\t\t\t\t\t<\/div> \n\t\t\t\n        \n\t\t\t\t<div id=\"ngg-image-5\" class=\"ngg-gallery-thumbnail-box\" >\n\t\t\t\t        <div class=\"ngg-gallery-thumbnail\">\n            <a href=\"http:\/\/www.spaziotorino.it\/scatto\/wp-content\/gallery\/2019_09_12_tofascuola\/IMG_9713-copia.jpg\"\n               title=\"Biblioteca - Scuola Enrico Fermi\"\n               data-src=\"http:\/\/www.spaziotorino.it\/scatto\/wp-content\/gallery\/2019_09_12_tofascuola\/IMG_9713-copia.jpg\"\n               data-thumbnail=\"http:\/\/www.spaziotorino.it\/scatto\/wp-content\/gallery\/2019_09_12_tofascuola\/thumbs\/thumbs_IMG_9713-copia.jpg\"\n               data-image-id=\"23350\"\n               data-title=\"Biblioteca - Scuola Enrico Fermi\"\n               data-description=\"Biblioteca - Scuola Enrico Fermi\"\n               data-image-slug=\"img_9713-copia\"\n               class=\"ngg-fancybox\" rel=\"2f912d6840c9c35522a812e9769503d6\">\n                <img\n                    title=\"Biblioteca - Scuola Enrico Fermi\"\n                    alt=\"Biblioteca - Scuola Enrico Fermi\"\n                    src=\"http:\/\/www.spaziotorino.it\/scatto\/wp-content\/gallery\/2019_09_12_tofascuola\/cache\/IMG_9713-copia.jpg-nggid0523350-ngg0dyn-60x60x100-00f0w010c011r110f110r010t010.jpg\"\n                    width=\"60\"\n                    height=\"60\"\n                    style=\"max-width:100%;\"\n                \/>\n            <\/a>\n        <\/div>\n\t\t\t\t\t\t\t<\/div> \n\t\t\t\n        \n\t\t\t\t<div id=\"ngg-image-6\" class=\"ngg-gallery-thumbnail-box\" >\n\t\t\t\t        <div class=\"ngg-gallery-thumbnail\">\n            <a href=\"http:\/\/www.spaziotorino.it\/scatto\/wp-content\/gallery\/2019_09_12_tofascuola\/IMG_9719-copia.jpg\"\n               title=\"Biblioteca - Scuola Enrico Fermi\"\n               data-src=\"http:\/\/www.spaziotorino.it\/scatto\/wp-content\/gallery\/2019_09_12_tofascuola\/IMG_9719-copia.jpg\"\n               data-thumbnail=\"http:\/\/www.spaziotorino.it\/scatto\/wp-content\/gallery\/2019_09_12_tofascuola\/thumbs\/thumbs_IMG_9719-copia.jpg\"\n               data-image-id=\"23351\"\n               data-title=\"Biblioteca - Scuola Enrico Fermi\"\n               data-description=\"Biblioteca - Scuola Enrico Fermi\"\n               data-image-slug=\"img_9719-copia\"\n               class=\"ngg-fancybox\" rel=\"2f912d6840c9c35522a812e9769503d6\">\n                <img\n                    title=\"Biblioteca - Scuola Enrico Fermi\"\n                    alt=\"Biblioteca - Scuola Enrico Fermi\"\n                    src=\"http:\/\/www.spaziotorino.it\/scatto\/wp-content\/gallery\/2019_09_12_tofascuola\/cache\/IMG_9719-copia.jpg-nggid0523351-ngg0dyn-60x60x100-00f0w010c011r110f110r010t010.jpg\"\n                    width=\"60\"\n                    height=\"60\"\n                    style=\"max-width:100%;\"\n                \/>\n            <\/a>\n        <\/div>\n\t\t\t\t\t\t\t<\/div> \n\t\t\t\n        \n\t\t\t\t<div id=\"ngg-image-7\" class=\"ngg-gallery-thumbnail-box\" >\n\t\t\t\t        <div class=\"ngg-gallery-thumbnail\">\n            <a href=\"http:\/\/www.spaziotorino.it\/scatto\/wp-content\/gallery\/2019_09_12_tofascuola\/IMG_9750-copia.jpg\"\n               title=\"Gli studenti della Fermi con le autorit\u00e0\"\n               data-src=\"http:\/\/www.spaziotorino.it\/scatto\/wp-content\/gallery\/2019_09_12_tofascuola\/IMG_9750-copia.jpg\"\n               data-thumbnail=\"http:\/\/www.spaziotorino.it\/scatto\/wp-content\/gallery\/2019_09_12_tofascuola\/thumbs\/thumbs_IMG_9750-copia.jpg\"\n               data-image-id=\"23352\"\n               data-title=\"Gli studenti della Fermi con le autorit\u00e0\"\n               data-description=\"Gli studenti della Fermi con le autorit\u00e0\"\n               data-image-slug=\"img_9750-copia\"\n               class=\"ngg-fancybox\" rel=\"2f912d6840c9c35522a812e9769503d6\">\n                <img\n                    title=\"Gli studenti della Fermi con le autorit\u00e0\"\n                    alt=\"Gli studenti della Fermi con le autorit\u00e0\"\n                    src=\"http:\/\/www.spaziotorino.it\/scatto\/wp-content\/gallery\/2019_09_12_tofascuola\/cache\/IMG_9750-copia.jpg-nggid0523352-ngg0dyn-60x60x100-00f0w010c011r110f110r010t010.jpg\"\n                    width=\"60\"\n                    height=\"60\"\n                    style=\"max-width:100%;\"\n                \/>\n            <\/a>\n        <\/div>\n\t\t\t\t\t\t\t<\/div> \n\t\t\t\n        \n\t\t\t\t<div id=\"ngg-image-8\" class=\"ngg-gallery-thumbnail-box\" >\n\t\t\t\t        <div class=\"ngg-gallery-thumbnail\">\n            <a href=\"http:\/\/www.spaziotorino.it\/scatto\/wp-content\/gallery\/2019_09_12_tofascuola\/IMG_9780-copia.jpg\"\n               title=\"Discorsi ufficiali alla Fermi\"\n               data-src=\"http:\/\/www.spaziotorino.it\/scatto\/wp-content\/gallery\/2019_09_12_tofascuola\/IMG_9780-copia.jpg\"\n               data-thumbnail=\"http:\/\/www.spaziotorino.it\/scatto\/wp-content\/gallery\/2019_09_12_tofascuola\/thumbs\/thumbs_IMG_9780-copia.jpg\"\n               data-image-id=\"23353\"\n               data-title=\"Discorsi ufficiali alla Fermi\"\n               data-description=\"Discorsi ufficiali alla Fermi\"\n               data-image-slug=\"img_9780-copia\"\n               class=\"ngg-fancybox\" rel=\"2f912d6840c9c35522a812e9769503d6\">\n                <img\n                    title=\"Discorsi ufficiali alla Fermi\"\n                    alt=\"Discorsi ufficiali alla Fermi\"\n                    src=\"http:\/\/www.spaziotorino.it\/scatto\/wp-content\/gallery\/2019_09_12_tofascuola\/cache\/IMG_9780-copia.jpg-nggid0523353-ngg0dyn-60x60x100-00f0w010c011r110f110r010t010.jpg\"\n                    width=\"60\"\n                    height=\"60\"\n                    style=\"max-width:100%;\"\n                \/>\n            <\/a>\n        <\/div>\n\t\t\t\t\t\t\t<\/div> \n\t\t\t\n        \n\t\t\t\t<div id=\"ngg-image-9\" class=\"ngg-gallery-thumbnail-box\" >\n\t\t\t\t        <div class=\"ngg-gallery-thumbnail\">\n            <a href=\"http:\/\/www.spaziotorino.it\/scatto\/wp-content\/gallery\/2019_09_12_tofascuola\/IMG_9782-copia.jpg\"\n               title=\"Fabrizio Manca, John Elkann e Loredana Fedeli\"\n               data-src=\"http:\/\/www.spaziotorino.it\/scatto\/wp-content\/gallery\/2019_09_12_tofascuola\/IMG_9782-copia.jpg\"\n               data-thumbnail=\"http:\/\/www.spaziotorino.it\/scatto\/wp-content\/gallery\/2019_09_12_tofascuola\/thumbs\/thumbs_IMG_9782-copia.jpg\"\n               data-image-id=\"23354\"\n               data-title=\"Fabrizio Manca, John Elkann e Loredana Fedeli\"\n               data-description=\"Fabrizio Manca, John Elkann e Loredana Fedeli\"\n               data-image-slug=\"img_9782-copia-1\"\n               class=\"ngg-fancybox\" rel=\"2f912d6840c9c35522a812e9769503d6\">\n                <img\n                    title=\"Fabrizio Manca, John Elkann e Loredana Fedeli\"\n                    alt=\"Fabrizio Manca, John Elkann e Loredana Fedeli\"\n                    src=\"http:\/\/www.spaziotorino.it\/scatto\/wp-content\/gallery\/2019_09_12_tofascuola\/cache\/IMG_9782-copia.jpg-nggid0523354-ngg0dyn-60x60x100-00f0w010c011r110f110r010t010.jpg\"\n                    width=\"60\"\n                    height=\"60\"\n                    style=\"max-width:100%;\"\n                \/>\n            <\/a>\n        <\/div>\n\t\t\t\t\t\t\t<\/div> \n\t\t\t\n        \n\t\t\t\t<div id=\"ngg-image-10\" class=\"ngg-gallery-thumbnail-box\" >\n\t\t\t\t        <div class=\"ngg-gallery-thumbnail\">\n            <a href=\"http:\/\/www.spaziotorino.it\/scatto\/wp-content\/gallery\/2019_09_12_tofascuola\/IMG_9789-copia.jpg\"\n               title=\"Discorsi ufficiali alla Fermi\"\n               data-src=\"http:\/\/www.spaziotorino.it\/scatto\/wp-content\/gallery\/2019_09_12_tofascuola\/IMG_9789-copia.jpg\"\n               data-thumbnail=\"http:\/\/www.spaziotorino.it\/scatto\/wp-content\/gallery\/2019_09_12_tofascuola\/thumbs\/thumbs_IMG_9789-copia.jpg\"\n               data-image-id=\"23355\"\n               data-title=\"Discorsi ufficiali alla Fermi\"\n               data-description=\"Discorsi ufficiali alla Fermi\"\n               data-image-slug=\"img_9789-copia\"\n               class=\"ngg-fancybox\" rel=\"2f912d6840c9c35522a812e9769503d6\">\n                <img\n                    title=\"Discorsi ufficiali alla Fermi\"\n                    alt=\"Discorsi ufficiali alla Fermi\"\n                    src=\"http:\/\/www.spaziotorino.it\/scatto\/wp-content\/gallery\/2019_09_12_tofascuola\/cache\/IMG_9789-copia.jpg-nggid0523355-ngg0dyn-60x60x100-00f0w010c011r110f110r010t010.jpg\"\n                    width=\"60\"\n                    height=\"60\"\n                    style=\"max-width:100%;\"\n                \/>\n            <\/a>\n        <\/div>\n\t\t\t\t\t\t\t<\/div> \n\t\t\t\n        \n\t\t\t\t<div id=\"ngg-image-11\" class=\"ngg-gallery-thumbnail-box\" >\n\t\t\t\t        <div class=\"ngg-gallery-thumbnail\">\n            <a href=\"http:\/\/www.spaziotorino.it\/scatto\/wp-content\/gallery\/2019_09_12_tofascuola\/IMG_9818-copia.jpg\"\n               title=\"Chiara Appendino\"\n               data-src=\"http:\/\/www.spaziotorino.it\/scatto\/wp-content\/gallery\/2019_09_12_tofascuola\/IMG_9818-copia.jpg\"\n               data-thumbnail=\"http:\/\/www.spaziotorino.it\/scatto\/wp-content\/gallery\/2019_09_12_tofascuola\/thumbs\/thumbs_IMG_9818-copia.jpg\"\n               data-image-id=\"23356\"\n               data-title=\"Chiara Appendino\"\n               data-description=\"Chiara Appendino\"\n               data-image-slug=\"img_9818-copia\"\n               class=\"ngg-fancybox\" rel=\"2f912d6840c9c35522a812e9769503d6\">\n                <img\n                    title=\"Chiara Appendino\"\n                    alt=\"Chiara Appendino\"\n                    src=\"http:\/\/www.spaziotorino.it\/scatto\/wp-content\/gallery\/2019_09_12_tofascuola\/cache\/IMG_9818-copia.jpg-nggid0523356-ngg0dyn-60x60x100-00f0w010c011r110f110r010t010.jpg\"\n                    width=\"60\"\n                    height=\"60\"\n                    style=\"max-width:100%;\"\n                \/>\n            <\/a>\n        <\/div>\n\t\t\t\t\t\t\t<\/div> \n\t\t\t\n        \n\t\t\t\t<div id=\"ngg-image-12\" class=\"ngg-gallery-thumbnail-box\" >\n\t\t\t\t        <div class=\"ngg-gallery-thumbnail\">\n            <a href=\"http:\/\/www.spaziotorino.it\/scatto\/wp-content\/gallery\/2019_09_12_tofascuola\/IMG_9825-copia.jpg\"\n               title=\"Le aule della nuova scuola Fermi\"\n               data-src=\"http:\/\/www.spaziotorino.it\/scatto\/wp-content\/gallery\/2019_09_12_tofascuola\/IMG_9825-copia.jpg\"\n               data-thumbnail=\"http:\/\/www.spaziotorino.it\/scatto\/wp-content\/gallery\/2019_09_12_tofascuola\/thumbs\/thumbs_IMG_9825-copia.jpg\"\n               data-image-id=\"23357\"\n               data-title=\"Le aule della nuova scuola Fermi\"\n               data-description=\"Le aule della nuova scuola Fermi\"\n               data-image-slug=\"img_9825-copia\"\n               class=\"ngg-fancybox\" rel=\"2f912d6840c9c35522a812e9769503d6\">\n                <img\n                    title=\"Le aule della nuova scuola Fermi\"\n                    alt=\"Le aule della nuova scuola Fermi\"\n                    src=\"http:\/\/www.spaziotorino.it\/scatto\/wp-content\/gallery\/2019_09_12_tofascuola\/cache\/IMG_9825-copia.jpg-nggid0523357-ngg0dyn-60x60x100-00f0w010c011r110f110r010t010.jpg\"\n                    width=\"60\"\n                    height=\"60\"\n                    style=\"max-width:100%;\"\n                \/>\n            <\/a>\n        <\/div>\n\t\t\t\t\t\t\t<\/div> \n\t\t\t\n        \n\t\t\t\t<div id=\"ngg-image-13\" class=\"ngg-gallery-thumbnail-box\" >\n\t\t\t\t        <div class=\"ngg-gallery-thumbnail\">\n            <a href=\"http:\/\/www.spaziotorino.it\/scatto\/wp-content\/gallery\/2019_09_12_tofascuola\/IMG_9841-copia.jpg\"\n               title=\"Le aule della nuova scuola Fermi\"\n               data-src=\"http:\/\/www.spaziotorino.it\/scatto\/wp-content\/gallery\/2019_09_12_tofascuola\/IMG_9841-copia.jpg\"\n               data-thumbnail=\"http:\/\/www.spaziotorino.it\/scatto\/wp-content\/gallery\/2019_09_12_tofascuola\/thumbs\/thumbs_IMG_9841-copia.jpg\"\n               data-image-id=\"23358\"\n               data-title=\"Le aule della nuova scuola Fermi\"\n               data-description=\"Le aule della nuova scuola Fermi\"\n               data-image-slug=\"img_9841-copia-1\"\n               class=\"ngg-fancybox\" rel=\"2f912d6840c9c35522a812e9769503d6\">\n                <img\n                    title=\"Le aule della nuova scuola Fermi\"\n                    alt=\"Le aule della nuova scuola Fermi\"\n                    src=\"http:\/\/www.spaziotorino.it\/scatto\/wp-content\/gallery\/2019_09_12_tofascuola\/cache\/IMG_9841-copia.jpg-nggid0523358-ngg0dyn-60x60x100-00f0w010c011r110f110r010t010.jpg\"\n                    width=\"60\"\n                    height=\"60\"\n                    style=\"max-width:100%;\"\n                \/>\n            <\/a>\n        <\/div>\n\t\t\t\t\t\t\t<\/div> \n\t\t\t\n        \n\t\t\t\t<div id=\"ngg-image-14\" class=\"ngg-gallery-thumbnail-box\" >\n\t\t\t\t        <div class=\"ngg-gallery-thumbnail\">\n            <a href=\"http:\/\/www.spaziotorino.it\/scatto\/wp-content\/gallery\/2019_09_12_tofascuola\/IMG_9843-copia.jpg\"\n               title=\"Le aule della nuova scuola Fermi\"\n               data-src=\"http:\/\/www.spaziotorino.it\/scatto\/wp-content\/gallery\/2019_09_12_tofascuola\/IMG_9843-copia.jpg\"\n               data-thumbnail=\"http:\/\/www.spaziotorino.it\/scatto\/wp-content\/gallery\/2019_09_12_tofascuola\/thumbs\/thumbs_IMG_9843-copia.jpg\"\n               data-image-id=\"23359\"\n               data-title=\"Le aule della nuova scuola Fermi\"\n               data-description=\"Le aule della nuova scuola Fermi\"\n               data-image-slug=\"img_9843-copia\"\n               class=\"ngg-fancybox\" rel=\"2f912d6840c9c35522a812e9769503d6\">\n                <img\n                    title=\"Le aule della nuova scuola Fermi\"\n                    alt=\"Le aule della nuova scuola Fermi\"\n                    src=\"http:\/\/www.spaziotorino.it\/scatto\/wp-content\/gallery\/2019_09_12_tofascuola\/cache\/IMG_9843-copia.jpg-nggid0523359-ngg0dyn-60x60x100-00f0w010c011r110f110r010t010.jpg\"\n                    width=\"60\"\n                    height=\"60\"\n                    style=\"max-width:100%;\"\n                \/>\n            <\/a>\n        <\/div>\n\t\t\t\t\t\t\t<\/div> \n\t\t\t\n        \n\t\t\t\t<div id=\"ngg-image-15\" class=\"ngg-gallery-thumbnail-box\" >\n\t\t\t\t        <div class=\"ngg-gallery-thumbnail\">\n            <a href=\"http:\/\/www.spaziotorino.it\/scatto\/wp-content\/gallery\/2019_09_12_tofascuola\/IMG_9851-copia.jpg\"\n               title=\"In palestra\"\n               data-src=\"http:\/\/www.spaziotorino.it\/scatto\/wp-content\/gallery\/2019_09_12_tofascuola\/IMG_9851-copia.jpg\"\n               data-thumbnail=\"http:\/\/www.spaziotorino.it\/scatto\/wp-content\/gallery\/2019_09_12_tofascuola\/thumbs\/thumbs_IMG_9851-copia.jpg\"\n               data-image-id=\"23360\"\n               data-title=\"In palestra\"\n               data-description=\"In palestra\"\n               data-image-slug=\"img_9851-copia\"\n               class=\"ngg-fancybox\" rel=\"2f912d6840c9c35522a812e9769503d6\">\n                <img\n                    title=\"In palestra\"\n                    alt=\"In palestra\"\n                    src=\"http:\/\/www.spaziotorino.it\/scatto\/wp-content\/gallery\/2019_09_12_tofascuola\/cache\/IMG_9851-copia.jpg-nggid0523360-ngg0dyn-60x60x100-00f0w010c011r110f110r010t010.jpg\"\n                    width=\"60\"\n                    height=\"60\"\n                    style=\"max-width:100%;\"\n                \/>\n            <\/a>\n        <\/div>\n\t\t\t\t\t\t\t<\/div> \n\t\t\t\n        \n\t\t\t\t<div id=\"ngg-image-16\" class=\"ngg-gallery-thumbnail-box\" >\n\t\t\t\t        <div class=\"ngg-gallery-thumbnail\">\n            <a href=\"http:\/\/www.spaziotorino.it\/scatto\/wp-content\/gallery\/2019_09_12_tofascuola\/IMG_9869-copia.jpg\"\n               title=\"In palestra\"\n               data-src=\"http:\/\/www.spaziotorino.it\/scatto\/wp-content\/gallery\/2019_09_12_tofascuola\/IMG_9869-copia.jpg\"\n               data-thumbnail=\"http:\/\/www.spaziotorino.it\/scatto\/wp-content\/gallery\/2019_09_12_tofascuola\/thumbs\/thumbs_IMG_9869-copia.jpg\"\n               data-image-id=\"23361\"\n               data-title=\"In palestra\"\n               data-description=\"In palestra\"\n               data-image-slug=\"img_9869-copia\"\n               class=\"ngg-fancybox\" rel=\"2f912d6840c9c35522a812e9769503d6\">\n                <img\n                    title=\"In palestra\"\n                    alt=\"In palestra\"\n                    src=\"http:\/\/www.spaziotorino.it\/scatto\/wp-content\/gallery\/2019_09_12_tofascuola\/cache\/IMG_9869-copia.jpg-nggid0523361-ngg0dyn-60x60x100-00f0w010c011r110f110r010t010.jpg\"\n                    width=\"60\"\n                    height=\"60\"\n                    style=\"max-width:100%;\"\n                \/>\n            <\/a>\n        <\/div>\n\t\t\t\t\t\t\t<\/div> \n\t\t\t\n        \n\t\t\t\t<div id=\"ngg-image-17\" class=\"ngg-gallery-thumbnail-box\" >\n\t\t\t\t        <div class=\"ngg-gallery-thumbnail\">\n            <a href=\"http:\/\/www.spaziotorino.it\/scatto\/wp-content\/gallery\/2019_09_12_tofascuola\/IMG_9878-copia.jpg\"\n               title=\"In palestra\"\n               data-src=\"http:\/\/www.spaziotorino.it\/scatto\/wp-content\/gallery\/2019_09_12_tofascuola\/IMG_9878-copia.jpg\"\n               data-thumbnail=\"http:\/\/www.spaziotorino.it\/scatto\/wp-content\/gallery\/2019_09_12_tofascuola\/thumbs\/thumbs_IMG_9878-copia.jpg\"\n               data-image-id=\"23362\"\n               data-title=\"In palestra\"\n               data-description=\"In palestra\"\n               data-image-slug=\"img_9878-copia\"\n               class=\"ngg-fancybox\" rel=\"2f912d6840c9c35522a812e9769503d6\">\n                <img\n                    title=\"In palestra\"\n                    alt=\"In palestra\"\n                    src=\"http:\/\/www.spaziotorino.it\/scatto\/wp-content\/gallery\/2019_09_12_tofascuola\/cache\/IMG_9878-copia.jpg-nggid0523362-ngg0dyn-60x60x100-00f0w010c011r110f110r010t010.jpg\"\n                    width=\"60\"\n                    height=\"60\"\n                    style=\"max-width:100%;\"\n                \/>\n            <\/a>\n        <\/div>\n\t\t\t\t\t\t\t<\/div> \n\t\t\t\n        \n\t\t\t\t<div id=\"ngg-image-18\" class=\"ngg-gallery-thumbnail-box\" >\n\t\t\t\t        <div class=\"ngg-gallery-thumbnail\">\n            <a href=\"http:\/\/www.spaziotorino.it\/scatto\/wp-content\/gallery\/2019_09_12_tofascuola\/IMG_9899-copia.jpg\"\n               title=\"Scuola Enrico Fermi\"\n               data-src=\"http:\/\/www.spaziotorino.it\/scatto\/wp-content\/gallery\/2019_09_12_tofascuola\/IMG_9899-copia.jpg\"\n               data-thumbnail=\"http:\/\/www.spaziotorino.it\/scatto\/wp-content\/gallery\/2019_09_12_tofascuola\/thumbs\/thumbs_IMG_9899-copia.jpg\"\n               data-image-id=\"23363\"\n               data-title=\"Scuola Enrico Fermi\"\n               data-description=\"Scuola Enrico Fermi\"\n               data-image-slug=\"img_9899-copia\"\n               class=\"ngg-fancybox\" rel=\"2f912d6840c9c35522a812e9769503d6\">\n                <img\n                    title=\"Scuola Enrico Fermi\"\n                    alt=\"Scuola Enrico Fermi\"\n                    src=\"http:\/\/www.spaziotorino.it\/scatto\/wp-content\/gallery\/2019_09_12_tofascuola\/cache\/IMG_9899-copia.jpg-nggid0523363-ngg0dyn-60x60x100-00f0w010c011r110f110r010t010.jpg\"\n                    width=\"60\"\n                    height=\"60\"\n                    style=\"max-width:100%;\"\n                \/>\n            <\/a>\n        <\/div>\n\t\t\t\t\t\t\t<\/div> \n\t\t\t\n        \n\t\t\t\t<div id=\"ngg-image-19\" class=\"ngg-gallery-thumbnail-box\" >\n\t\t\t\t        <div class=\"ngg-gallery-thumbnail\">\n            <a href=\"http:\/\/www.spaziotorino.it\/scatto\/wp-content\/gallery\/2019_09_12_tofascuola\/IMG_9914-copia.jpg\"\n               title=\"La Sindaca con gli alunni della Fermi\"\n               data-src=\"http:\/\/www.spaziotorino.it\/scatto\/wp-content\/gallery\/2019_09_12_tofascuola\/IMG_9914-copia.jpg\"\n               data-thumbnail=\"http:\/\/www.spaziotorino.it\/scatto\/wp-content\/gallery\/2019_09_12_tofascuola\/thumbs\/thumbs_IMG_9914-copia.jpg\"\n               data-image-id=\"23364\"\n               data-title=\"La Sindaca con gli alunni della Fermi\"\n               data-description=\"La Sindaca con gli alunni della Fermi\"\n               data-image-slug=\"img_9914-copia-1\"\n               class=\"ngg-fancybox\" rel=\"2f912d6840c9c35522a812e9769503d6\">\n                <img\n                    title=\"La Sindaca con gli alunni della Fermi\"\n                    alt=\"La Sindaca con gli alunni della Fermi\"\n                    src=\"http:\/\/www.spaziotorino.it\/scatto\/wp-content\/gallery\/2019_09_12_tofascuola\/cache\/IMG_9914-copia.jpg-nggid0523364-ngg0dyn-60x60x100-00f0w010c011r110f110r010t010.jpg\"\n                    width=\"60\"\n                    height=\"60\"\n                    style=\"max-width:100%;\"\n                \/>\n            <\/a>\n        <\/div>\n\t\t\t\t\t\t\t<\/div> \n\t\t\t\n        \n\t\t\t\t<div id=\"ngg-image-20\" class=\"ngg-gallery-thumbnail-box\" >\n\t\t\t\t        <div class=\"ngg-gallery-thumbnail\">\n            <a href=\"http:\/\/www.spaziotorino.it\/scatto\/wp-content\/gallery\/2019_09_12_tofascuola\/IMG_9958-copia.jpg\"\n               title=\"Biblioteca - Scuola Enrico Fermi\"\n               data-src=\"http:\/\/www.spaziotorino.it\/scatto\/wp-content\/gallery\/2019_09_12_tofascuola\/IMG_9958-copia.jpg\"\n               data-thumbnail=\"http:\/\/www.spaziotorino.it\/scatto\/wp-content\/gallery\/2019_09_12_tofascuola\/thumbs\/thumbs_IMG_9958-copia.jpg\"\n               data-image-id=\"23365\"\n               data-title=\"Biblioteca - Scuola Enrico Fermi\"\n               data-description=\"Biblioteca - Scuola Enrico Fermi\"\n               data-image-slug=\"img_9958-copia\"\n               class=\"ngg-fancybox\" rel=\"2f912d6840c9c35522a812e9769503d6\">\n                <img\n                    title=\"Biblioteca - Scuola Enrico Fermi\"\n                    alt=\"Biblioteca - Scuola Enrico Fermi\"\n                    src=\"http:\/\/www.spaziotorino.it\/scatto\/wp-content\/gallery\/2019_09_12_tofascuola\/cache\/IMG_9958-copia.jpg-nggid0523365-ngg0dyn-60x60x100-00f0w010c011r110f110r010t010.jpg\"\n                    width=\"60\"\n                    height=\"60\"\n                    style=\"max-width:100%;\"\n                \/>\n            <\/a>\n        <\/div>\n\t\t\t\t\t\t\t<\/div> \n\t\t\t\n        \n\t\t\t\t<div id=\"ngg-image-21\" class=\"ngg-gallery-thumbnail-box\" >\n\t\t\t\t        <div class=\"ngg-gallery-thumbnail\">\n            <a href=\"http:\/\/www.spaziotorino.it\/scatto\/wp-content\/gallery\/2019_09_12_tofascuola\/IMG_9978-copia.jpg\"\n               title=\"Biblioteca - Scuola Enrico Fermi\"\n               data-src=\"http:\/\/www.spaziotorino.it\/scatto\/wp-content\/gallery\/2019_09_12_tofascuola\/IMG_9978-copia.jpg\"\n               data-thumbnail=\"http:\/\/www.spaziotorino.it\/scatto\/wp-content\/gallery\/2019_09_12_tofascuola\/thumbs\/thumbs_IMG_9978-copia.jpg\"\n               data-image-id=\"23366\"\n               data-title=\"Biblioteca - Scuola Enrico Fermi\"\n               data-description=\"Biblioteca - Scuola Enrico Fermi\"\n               data-image-slug=\"img_9978-copia\"\n               class=\"ngg-fancybox\" rel=\"2f912d6840c9c35522a812e9769503d6\">\n                <img\n                    title=\"Biblioteca - Scuola Enrico Fermi\"\n                    alt=\"Biblioteca - Scuola Enrico Fermi\"\n                    src=\"http:\/\/www.spaziotorino.it\/scatto\/wp-content\/gallery\/2019_09_12_tofascuola\/cache\/IMG_9978-copia.jpg-nggid0523366-ngg0dyn-60x60x100-00f0w010c011r110f110r010t010.jpg\"\n                    width=\"60\"\n                    height=\"60\"\n                    style=\"max-width:100%;\"\n                \/>\n            <\/a>\n        <\/div>\n\t\t\t\t\t\t\t<\/div> \n\t\t\t\n        \n\t\t\t\t<div id=\"ngg-image-22\" class=\"ngg-gallery-thumbnail-box\" >\n\t\t\t\t        <div class=\"ngg-gallery-thumbnail\">\n            <a href=\"http:\/\/www.spaziotorino.it\/scatto\/wp-content\/gallery\/2019_09_12_tofascuola\/IMG_0006-copia.jpg\"\n               title=\"La Sindaca con gli alunni della Fermi\"\n               data-src=\"http:\/\/www.spaziotorino.it\/scatto\/wp-content\/gallery\/2019_09_12_tofascuola\/IMG_0006-copia.jpg\"\n               data-thumbnail=\"http:\/\/www.spaziotorino.it\/scatto\/wp-content\/gallery\/2019_09_12_tofascuola\/thumbs\/thumbs_IMG_0006-copia.jpg\"\n               data-image-id=\"23334\"\n               data-title=\"La Sindaca con gli alunni della Fermi\"\n               data-description=\"La Sindaca con gli alunni della Fermi\"\n               data-image-slug=\"img_0006-copia\"\n               class=\"ngg-fancybox\" rel=\"2f912d6840c9c35522a812e9769503d6\">\n                <img\n                    title=\"La Sindaca con gli alunni della Fermi\"\n                    alt=\"La Sindaca con gli alunni della Fermi\"\n                    src=\"http:\/\/www.spaziotorino.it\/scatto\/wp-content\/gallery\/2019_09_12_tofascuola\/cache\/IMG_0006-copia.jpg-nggid0523334-ngg0dyn-60x60x100-00f0w010c011r110f110r010t010.jpg\"\n                    width=\"60\"\n                    height=\"60\"\n                    style=\"max-width:100%;\"\n                \/>\n            <\/a>\n        <\/div>\n\t\t\t\t\t\t\t<\/div> \n\t\t\t\n        \n\t\t\t\t<div id=\"ngg-image-23\" class=\"ngg-gallery-thumbnail-box\" >\n\t\t\t\t        <div class=\"ngg-gallery-thumbnail\">\n            <a href=\"http:\/\/www.spaziotorino.it\/scatto\/wp-content\/gallery\/2019_09_12_tofascuola\/IMG_0056-copia.jpg\"\n               title=\"Scuola Giovanni Pascoli\"\n               data-src=\"http:\/\/www.spaziotorino.it\/scatto\/wp-content\/gallery\/2019_09_12_tofascuola\/IMG_0056-copia.jpg\"\n               data-thumbnail=\"http:\/\/www.spaziotorino.it\/scatto\/wp-content\/gallery\/2019_09_12_tofascuola\/thumbs\/thumbs_IMG_0056-copia.jpg\"\n               data-image-id=\"23335\"\n               data-title=\"Scuola Giovanni Pascoli\"\n               data-description=\"Scuola Giovanni Pascoli\"\n               data-image-slug=\"img_0056-copia\"\n               class=\"ngg-fancybox\" rel=\"2f912d6840c9c35522a812e9769503d6\">\n                <img\n                    title=\"Scuola Giovanni Pascoli\"\n                    alt=\"Scuola Giovanni Pascoli\"\n                    src=\"http:\/\/www.spaziotorino.it\/scatto\/wp-content\/gallery\/2019_09_12_tofascuola\/cache\/IMG_0056-copia.jpg-nggid0523335-ngg0dyn-60x60x100-00f0w010c011r110f110r010t010.jpg\"\n                    width=\"60\"\n                    height=\"60\"\n                    style=\"max-width:100%;\"\n                \/>\n            <\/a>\n        <\/div>\n\t\t\t\t\t\t\t<\/div> \n\t\t\t\n        \n\t\t\t\t<div id=\"ngg-image-24\" class=\"ngg-gallery-thumbnail-box\" >\n\t\t\t\t        <div class=\"ngg-gallery-thumbnail\">\n            <a href=\"http:\/\/www.spaziotorino.it\/scatto\/wp-content\/gallery\/2019_09_12_tofascuola\/IMG_0065-copia.jpg\"\n               title=\"I discorsi ufficiali alla Pascoli\"\n               data-src=\"http:\/\/www.spaziotorino.it\/scatto\/wp-content\/gallery\/2019_09_12_tofascuola\/IMG_0065-copia.jpg\"\n               data-thumbnail=\"http:\/\/www.spaziotorino.it\/scatto\/wp-content\/gallery\/2019_09_12_tofascuola\/thumbs\/thumbs_IMG_0065-copia.jpg\"\n               data-image-id=\"23336\"\n               data-title=\"I discorsi ufficiali alla Pascoli\"\n               data-description=\"I discorsi ufficiali alla Pascoli\"\n               data-image-slug=\"img_0065-copia\"\n               class=\"ngg-fancybox\" rel=\"2f912d6840c9c35522a812e9769503d6\">\n                <img\n                    title=\"I discorsi ufficiali alla Pascoli\"\n                    alt=\"I discorsi ufficiali alla Pascoli\"\n                    src=\"http:\/\/www.spaziotorino.it\/scatto\/wp-content\/gallery\/2019_09_12_tofascuola\/cache\/IMG_0065-copia.jpg-nggid0523336-ngg0dyn-60x60x100-00f0w010c011r110f110r010t010.jpg\"\n                    width=\"60\"\n                    height=\"60\"\n                    style=\"max-width:100%;\"\n                \/>\n            <\/a>\n        <\/div>\n\t\t\t\t\t\t\t<\/div> \n\t\t\t\n        \n\t\t\t\t<div id=\"ngg-image-25\" class=\"ngg-gallery-thumbnail-box\" >\n\t\t\t\t        <div class=\"ngg-gallery-thumbnail\">\n            <a href=\"http:\/\/www.spaziotorino.it\/scatto\/wp-content\/gallery\/2019_09_12_tofascuola\/IMG_0070-copia.jpg\"\n               title=\"John Elkann, Presidente di Fondazione Agnelli\"\n               data-src=\"http:\/\/www.spaziotorino.it\/scatto\/wp-content\/gallery\/2019_09_12_tofascuola\/IMG_0070-copia.jpg\"\n               data-thumbnail=\"http:\/\/www.spaziotorino.it\/scatto\/wp-content\/gallery\/2019_09_12_tofascuola\/thumbs\/thumbs_IMG_0070-copia.jpg\"\n               data-image-id=\"23337\"\n               data-title=\"John Elkann, Presidente di Fondazione Agnelli\"\n               data-description=\"John Elkann, Presidente di Fondazione Agnelli\"\n               data-image-slug=\"img_0070-copia\"\n               class=\"ngg-fancybox\" rel=\"2f912d6840c9c35522a812e9769503d6\">\n                <img\n                    title=\"John Elkann, Presidente di Fondazione Agnelli\"\n                    alt=\"John Elkann, Presidente di Fondazione Agnelli\"\n                    src=\"http:\/\/www.spaziotorino.it\/scatto\/wp-content\/gallery\/2019_09_12_tofascuola\/cache\/IMG_0070-copia.jpg-nggid0523337-ngg0dyn-60x60x100-00f0w010c011r110f110r010t010.jpg\"\n                    width=\"60\"\n                    height=\"60\"\n                    style=\"max-width:100%;\"\n                \/>\n            <\/a>\n        <\/div>\n\t\t\t\t\t\t\t<\/div> \n\t\t\t\n        \n\t\t\t\t<div id=\"ngg-image-26\" class=\"ngg-gallery-thumbnail-box\" >\n\t\t\t\t        <div class=\"ngg-gallery-thumbnail\">\n            <a href=\"http:\/\/www.spaziotorino.it\/scatto\/wp-content\/gallery\/2019_09_12_tofascuola\/IMG_0083-copia.jpg\"\n               title=\"La presentazione dei lavori alla scuola Pascoli\"\n               data-src=\"http:\/\/www.spaziotorino.it\/scatto\/wp-content\/gallery\/2019_09_12_tofascuola\/IMG_0083-copia.jpg\"\n               data-thumbnail=\"http:\/\/www.spaziotorino.it\/scatto\/wp-content\/gallery\/2019_09_12_tofascuola\/thumbs\/thumbs_IMG_0083-copia.jpg\"\n               data-image-id=\"23338\"\n               data-title=\"La presentazione dei lavori alla scuola Pascoli\"\n               data-description=\"La presentazione dei lavori alla scuola Pascoli\"\n               data-image-slug=\"img_0083-copia\"\n               class=\"ngg-fancybox\" rel=\"2f912d6840c9c35522a812e9769503d6\">\n                <img\n                    title=\"La presentazione dei lavori alla scuola Pascoli\"\n                    alt=\"La presentazione dei lavori alla scuola Pascoli\"\n                    src=\"http:\/\/www.spaziotorino.it\/scatto\/wp-content\/gallery\/2019_09_12_tofascuola\/cache\/IMG_0083-copia.jpg-nggid0523338-ngg0dyn-60x60x100-00f0w010c011r110f110r010t010.jpg\"\n                    width=\"60\"\n                    height=\"60\"\n                    style=\"max-width:100%;\"\n                \/>\n            <\/a>\n        <\/div>\n\t\t\t\t\t\t\t<\/div> \n\t\t\t\n        \n\t\t\t\t<div id=\"ngg-image-27\" class=\"ngg-gallery-thumbnail-box\" >\n\t\t\t\t        <div class=\"ngg-gallery-thumbnail\">\n            <a href=\"http:\/\/www.spaziotorino.it\/scatto\/wp-content\/gallery\/2019_09_12_tofascuola\/IMG_0116-copia.jpg\"\n               title=\"Gli studenti della Pascoli presentano la scuola\"\n               data-src=\"http:\/\/www.spaziotorino.it\/scatto\/wp-content\/gallery\/2019_09_12_tofascuola\/IMG_0116-copia.jpg\"\n               data-thumbnail=\"http:\/\/www.spaziotorino.it\/scatto\/wp-content\/gallery\/2019_09_12_tofascuola\/thumbs\/thumbs_IMG_0116-copia.jpg\"\n               data-image-id=\"23339\"\n               data-title=\"Gli studenti della Pascoli presentano la scuola\"\n               data-description=\"Gli studenti della Pascoli presentano la scuola\"\n               data-image-slug=\"img_0116-copia\"\n               class=\"ngg-fancybox\" rel=\"2f912d6840c9c35522a812e9769503d6\">\n                <img\n                    title=\"Gli studenti della Pascoli presentano la scuola\"\n                    alt=\"Gli studenti della Pascoli presentano la scuola\"\n                    src=\"http:\/\/www.spaziotorino.it\/scatto\/wp-content\/gallery\/2019_09_12_tofascuola\/cache\/IMG_0116-copia.jpg-nggid0523339-ngg0dyn-60x60x100-00f0w010c011r110f110r010t010.jpg\"\n                    width=\"60\"\n                    height=\"60\"\n                    style=\"max-width:100%;\"\n                \/>\n            <\/a>\n        <\/div>\n\t\t\t\t\t\t\t<\/div> \n\t\t\t\n        \n\t\t\t\t<div id=\"ngg-image-28\" class=\"ngg-gallery-thumbnail-box\" >\n\t\t\t\t        <div class=\"ngg-gallery-thumbnail\">\n            <a href=\"http:\/\/www.spaziotorino.it\/scatto\/wp-content\/gallery\/2019_09_12_tofascuola\/IMG_0127-copia.jpg\"\n               title=\"La Sindaca Chiara Appendino\"\n               data-src=\"http:\/\/www.spaziotorino.it\/scatto\/wp-content\/gallery\/2019_09_12_tofascuola\/IMG_0127-copia.jpg\"\n               data-thumbnail=\"http:\/\/www.spaziotorino.it\/scatto\/wp-content\/gallery\/2019_09_12_tofascuola\/thumbs\/thumbs_IMG_0127-copia.jpg\"\n               data-image-id=\"23340\"\n               data-title=\"La Sindaca Chiara Appendino\"\n               data-description=\"La Sindaca Chiara Appendino\"\n               data-image-slug=\"img_0127-copia\"\n               class=\"ngg-fancybox\" rel=\"2f912d6840c9c35522a812e9769503d6\">\n                <img\n                    title=\"La Sindaca Chiara Appendino\"\n                    alt=\"La Sindaca Chiara Appendino\"\n                    src=\"http:\/\/www.spaziotorino.it\/scatto\/wp-content\/gallery\/2019_09_12_tofascuola\/cache\/IMG_0127-copia.jpg-nggid0523340-ngg0dyn-60x60x100-00f0w010c011r110f110r010t010.jpg\"\n                    width=\"60\"\n                    height=\"60\"\n                    style=\"max-width:100%;\"\n                \/>\n            <\/a>\n        <\/div>\n\t\t\t\t\t\t\t<\/div> \n\t\t\t\n        \n\t\t\t\t<div id=\"ngg-image-29\" class=\"ngg-gallery-thumbnail-box\" >\n\t\t\t\t        <div class=\"ngg-gallery-thumbnail\">\n            <a href=\"http:\/\/www.spaziotorino.it\/scatto\/wp-content\/gallery\/2019_09_12_tofascuola\/IMG_0182-copia.jpg\"\n               title=\"Le aule della scuola Pascoli\"\n               data-src=\"http:\/\/www.spaziotorino.it\/scatto\/wp-content\/gallery\/2019_09_12_tofascuola\/IMG_0182-copia.jpg\"\n               data-thumbnail=\"http:\/\/www.spaziotorino.it\/scatto\/wp-content\/gallery\/2019_09_12_tofascuola\/thumbs\/thumbs_IMG_0182-copia.jpg\"\n               data-image-id=\"23343\"\n               data-title=\"Le aule della scuola Pascoli\"\n               data-description=\"Le aule della scuola Pascoli\"\n               data-image-slug=\"img_0182-copia\"\n               class=\"ngg-fancybox\" rel=\"2f912d6840c9c35522a812e9769503d6\">\n                <img\n                    title=\"Le aule della scuola Pascoli\"\n                    alt=\"Le aule della scuola Pascoli\"\n                    src=\"http:\/\/www.spaziotorino.it\/scatto\/wp-content\/gallery\/2019_09_12_tofascuola\/cache\/IMG_0182-copia.jpg-nggid0523343-ngg0dyn-60x60x100-00f0w010c011r110f110r010t010.jpg\"\n                    width=\"60\"\n                    height=\"60\"\n                    style=\"max-width:100%;\"\n                \/>\n            <\/a>\n        <\/div>\n\t\t\t\t\t\t\t<\/div> \n\t\t\t\n        \n\t\t\t\t<div id=\"ngg-image-30\" class=\"ngg-gallery-thumbnail-box\" >\n\t\t\t\t        <div class=\"ngg-gallery-thumbnail\">\n            <a href=\"http:\/\/www.spaziotorino.it\/scatto\/wp-content\/gallery\/2019_09_12_tofascuola\/IMG_0171-copia.jpg\"\n               title=\"Le aule della scuola Pascoli\"\n               data-src=\"http:\/\/www.spaziotorino.it\/scatto\/wp-content\/gallery\/2019_09_12_tofascuola\/IMG_0171-copia.jpg\"\n               data-thumbnail=\"http:\/\/www.spaziotorino.it\/scatto\/wp-content\/gallery\/2019_09_12_tofascuola\/thumbs\/thumbs_IMG_0171-copia.jpg\"\n               data-image-id=\"23341\"\n               data-title=\"Le aule della scuola Pascoli\"\n               data-description=\"Le aule della scuola Pascoli\"\n               data-image-slug=\"img_0171-copia\"\n               class=\"ngg-fancybox\" rel=\"2f912d6840c9c35522a812e9769503d6\">\n                <img\n                    title=\"Le aule della scuola Pascoli\"\n                    alt=\"Le aule della scuola Pascoli\"\n                    src=\"http:\/\/www.spaziotorino.it\/scatto\/wp-content\/gallery\/2019_09_12_tofascuola\/cache\/IMG_0171-copia.jpg-nggid0523341-ngg0dyn-60x60x100-00f0w010c011r110f110r010t010.jpg\"\n                    width=\"60\"\n                    height=\"60\"\n                    style=\"max-width:100%;\"\n                \/>\n            <\/a>\n        <\/div>\n\t\t\t\t\t\t\t<\/div> \n\t\t\t\n        \n\t\t\t\t<div id=\"ngg-image-31\" class=\"ngg-gallery-thumbnail-box\" >\n\t\t\t\t        <div class=\"ngg-gallery-thumbnail\">\n            <a href=\"http:\/\/www.spaziotorino.it\/scatto\/wp-content\/gallery\/2019_09_12_tofascuola\/IMG_0180-copia.jpg\"\n               title=\"Scuola Giovanni Pascoli\"\n               data-src=\"http:\/\/www.spaziotorino.it\/scatto\/wp-content\/gallery\/2019_09_12_tofascuola\/IMG_0180-copia.jpg\"\n               data-thumbnail=\"http:\/\/www.spaziotorino.it\/scatto\/wp-content\/gallery\/2019_09_12_tofascuola\/thumbs\/thumbs_IMG_0180-copia.jpg\"\n               data-image-id=\"23342\"\n               data-title=\"Scuola Giovanni Pascoli\"\n               data-description=\"Scuola Giovanni Pascoli\"\n               data-image-slug=\"img_0180-copia-2\"\n               class=\"ngg-fancybox\" rel=\"2f912d6840c9c35522a812e9769503d6\">\n                <img\n                    title=\"Scuola Giovanni Pascoli\"\n                    alt=\"Scuola Giovanni Pascoli\"\n                    src=\"http:\/\/www.spaziotorino.it\/scatto\/wp-content\/gallery\/2019_09_12_tofascuola\/cache\/IMG_0180-copia.jpg-nggid0523342-ngg0dyn-60x60x100-00f0w010c011r110f110r010t010.jpg\"\n                    width=\"60\"\n                    height=\"60\"\n                    style=\"max-width:100%;\"\n                \/>\n            <\/a>\n        <\/div>\n\t\t\t\t\t\t\t<\/div> \n\t\t\t\n        \n\t\t\t\t<div id=\"ngg-image-32\" class=\"ngg-gallery-thumbnail-box\" >\n\t\t\t\t        <div class=\"ngg-gallery-thumbnail\">\n            <a href=\"http:\/\/www.spaziotorino.it\/scatto\/wp-content\/gallery\/2019_09_12_tofascuola\/IMG_0196-copia.jpg\"\n               title=\"Le aule della scuola Pascoli\"\n               data-src=\"http:\/\/www.spaziotorino.it\/scatto\/wp-content\/gallery\/2019_09_12_tofascuola\/IMG_0196-copia.jpg\"\n               data-thumbnail=\"http:\/\/www.spaziotorino.it\/scatto\/wp-content\/gallery\/2019_09_12_tofascuola\/thumbs\/thumbs_IMG_0196-copia.jpg\"\n               data-image-id=\"23344\"\n               data-title=\"Le aule della scuola Pascoli\"\n               data-description=\"Le aule della scuola Pascoli\"\n               data-image-slug=\"img_0196-copia\"\n               class=\"ngg-fancybox\" rel=\"2f912d6840c9c35522a812e9769503d6\">\n                <img\n                    title=\"Le aule della scuola Pascoli\"\n                    alt=\"Le aule della scuola Pascoli\"\n                    src=\"http:\/\/www.spaziotorino.it\/scatto\/wp-content\/gallery\/2019_09_12_tofascuola\/cache\/IMG_0196-copia.jpg-nggid0523344-ngg0dyn-60x60x100-00f0w010c011r110f110r010t010.jpg\"\n                    width=\"60\"\n                    height=\"60\"\n                    style=\"max-width:100%;\"\n                \/>\n            <\/a>\n        <\/div>\n\t\t\t\t\t\t\t<\/div> \n\t\t\t\n        \n\t\t\t\t<div id=\"ngg-image-33\" class=\"ngg-gallery-thumbnail-box\" >\n\t\t\t\t        <div class=\"ngg-gallery-thumbnail\">\n            <a href=\"http:\/\/www.spaziotorino.it\/scatto\/wp-content\/gallery\/2019_09_12_tofascuola\/IMG_0219-copia.jpg\"\n               title=\"Scuola Giovanni Pascoli\"\n               data-src=\"http:\/\/www.spaziotorino.it\/scatto\/wp-content\/gallery\/2019_09_12_tofascuola\/IMG_0219-copia.jpg\"\n               data-thumbnail=\"http:\/\/www.spaziotorino.it\/scatto\/wp-content\/gallery\/2019_09_12_tofascuola\/thumbs\/thumbs_IMG_0219-copia.jpg\"\n               data-image-id=\"23345\"\n               data-title=\"Scuola Giovanni Pascoli\"\n               data-description=\"Scuola Giovanni Pascoli\"\n               data-image-slug=\"img_0219-copia\"\n               class=\"ngg-fancybox\" rel=\"2f912d6840c9c35522a812e9769503d6\">\n                <img\n                    title=\"Scuola Giovanni Pascoli\"\n                    alt=\"Scuola Giovanni Pascoli\"\n                    src=\"http:\/\/www.spaziotorino.it\/scatto\/wp-content\/gallery\/2019_09_12_tofascuola\/cache\/IMG_0219-copia.jpg-nggid0523345-ngg0dyn-60x60x100-00f0w010c011r110f110r010t010.jpg\"\n                    width=\"60\"\n                    height=\"60\"\n                    style=\"max-width:100%;\"\n                \/>\n            <\/a>\n        <\/div>\n\t\t\t\t\t\t\t<\/div> \n\t\t\t\n        \n\t\t\t\t<div id=\"ngg-image-34\" class=\"ngg-gallery-thumbnail-box\" >\n\t\t\t\t        <div class=\"ngg-gallery-thumbnail\">\n            <a href=\"http:\/\/www.spaziotorino.it\/scatto\/wp-content\/gallery\/2019_09_12_tofascuola\/IMG_0231-copia.jpg\"\n               title=\"Gli architetti Alberto Bottero e Simona Della Rocca (BDRbureau) per la Scuola Fermi, Silvia Minutolo (Archisbang) e Domenico Racca (Area Progetti) per la Scuola Pascoli\"\n               data-src=\"http:\/\/www.spaziotorino.it\/scatto\/wp-content\/gallery\/2019_09_12_tofascuola\/IMG_0231-copia.jpg\"\n               data-thumbnail=\"http:\/\/www.spaziotorino.it\/scatto\/wp-content\/gallery\/2019_09_12_tofascuola\/thumbs\/thumbs_IMG_0231-copia.jpg\"\n               data-image-id=\"23346\"\n               data-title=\"Gli architetti Alberto Bottero e Simona Della Rocca (BDRbureau) per la Scuola Fermi, Silvia Minutolo (Archisbang) e Domenico Racca (Area Progetti) per la Scuola Pascoli\"\n               data-description=\"Gli architetti Alberto Bottero e Simona Della Rocca (BDRbureau) per la Scuola Fermi, Silvia Minutolo (Archisbang) e Domenico Racca (Area Progetti) per la Scuola Pascoli\"\n               data-image-slug=\"img_0231-copia\"\n               class=\"ngg-fancybox\" rel=\"2f912d6840c9c35522a812e9769503d6\">\n                <img\n                    title=\"Gli architetti Alberto Bottero e Simona Della Rocca (BDRbureau) per la Scuola Fermi, Silvia Minutolo (Archisbang) e Domenico Racca (Area Progetti) per la Scuola Pascoli\"\n                    alt=\"Gli architetti Alberto Bottero e Simona Della Rocca (BDRbureau) per la Scuola Fermi, Silvia Minutolo (Archisbang) e Domenico Racca (Area Progetti) per la Scuola Pascoli\"\n                    src=\"http:\/\/www.spaziotorino.it\/scatto\/wp-content\/gallery\/2019_09_12_tofascuola\/cache\/IMG_0231-copia.jpg-nggid0523346-ngg0dyn-60x60x100-00f0w010c011r110f110r010t010.jpg\"\n                    width=\"60\"\n                    height=\"60\"\n                    style=\"max-width:100%;\"\n                \/>\n            <\/a>\n        <\/div>\n\t\t\t\t\t\t\t<\/div> \n\t\t\t\n        \n\t\t\t\t<div id=\"ngg-image-35\" class=\"ngg-gallery-thumbnail-box\" >\n\t\t\t\t        <div class=\"ngg-gallery-thumbnail\">\n            <a href=\"http:\/\/www.spaziotorino.it\/scatto\/wp-content\/gallery\/2019_09_12_tofascuola\/IMG_0260-copia.jpg\"\n               title=\"La terrazza della scuola Pascoli\"\n               data-src=\"http:\/\/www.spaziotorino.it\/scatto\/wp-content\/gallery\/2019_09_12_tofascuola\/IMG_0260-copia.jpg\"\n               data-thumbnail=\"http:\/\/www.spaziotorino.it\/scatto\/wp-content\/gallery\/2019_09_12_tofascuola\/thumbs\/thumbs_IMG_0260-copia.jpg\"\n               data-image-id=\"23347\"\n               data-title=\"La terrazza della scuola Pascoli\"\n               data-description=\"La terrazza della scuola Pascoli\"\n               data-image-slug=\"img_0260-copia\"\n               class=\"ngg-fancybox\" rel=\"2f912d6840c9c35522a812e9769503d6\">\n                <img\n                    title=\"La terrazza della scuola Pascoli\"\n                    alt=\"La terrazza della scuola Pascoli\"\n                    src=\"http:\/\/www.spaziotorino.it\/scatto\/wp-content\/gallery\/2019_09_12_tofascuola\/cache\/IMG_0260-copia.jpg-nggid0523347-ngg0dyn-60x60x100-00f0w010c011r110f110r010t010.jpg\"\n                    width=\"60\"\n                    height=\"60\"\n                    style=\"max-width:100%;\"\n                \/>\n            <\/a>\n        <\/div>\n\t\t\t\t\t\t\t<\/div> \n\t\t\t\n        \n\t\t\t\t<div id=\"ngg-image-36\" class=\"ngg-gallery-thumbnail-box\" >\n\t\t\t\t        <div class=\"ngg-gallery-thumbnail\">\n            <a href=\"http:\/\/www.spaziotorino.it\/scatto\/wp-content\/gallery\/2019_09_12_tofascuola\/IMG_0279-copia.jpg\"\n               title=\"Scuola Giovanni Pascoli\"\n               data-src=\"http:\/\/www.spaziotorino.it\/scatto\/wp-content\/gallery\/2019_09_12_tofascuola\/IMG_0279-copia.jpg\"\n               data-thumbnail=\"http:\/\/www.spaziotorino.it\/scatto\/wp-content\/gallery\/2019_09_12_tofascuola\/thumbs\/thumbs_IMG_0279-copia.jpg\"\n               data-image-id=\"23348\"\n               data-title=\"Scuola Giovanni Pascoli\"\n               data-description=\"Scuola Giovanni Pascoli\"\n               data-image-slug=\"img_0279-copia\"\n               class=\"ngg-fancybox\" rel=\"2f912d6840c9c35522a812e9769503d6\">\n                <img\n                    title=\"Scuola Giovanni Pascoli\"\n                    alt=\"Scuola Giovanni Pascoli\"\n                    src=\"http:\/\/www.spaziotorino.it\/scatto\/wp-content\/gallery\/2019_09_12_tofascuola\/cache\/IMG_0279-copia.jpg-nggid0523348-ngg0dyn-60x60x100-00f0w010c011r110f110r010t010.jpg\"\n                    width=\"60\"\n                    height=\"60\"\n                    style=\"max-width:100%;\"\n                \/>\n            <\/a>\n        <\/div>\n\t\t\t\t\t\t\t<\/div> \n\t\t\t\n        \n\t\t\n\t\t<!-- Pagination -->\n\t<div class='ngg-clear'><\/div>\t<\/div>\n\n<p>Due scuole medie statali completamente rinnovate e restituite alla citt\u00e0, dopo interventi sostanziali realizzati a tempo di record. Insieme, un segnale forte che da Torino arriva a tutta la scuola italiana con la proposta di idee progettuali e un modello di processo replicabili e interessanti per quanti ritengono l\u2019intervento in edilizia scolastica una condizione necessaria per migliorare la qualit\u00e0 dell\u2019istruzione, andando al di l\u00e0 dell\u2019emergenza sicurezza e costruendo gli ambienti di apprendimento pi\u00f9 \u201cgiusti\u201d per l\u2019innovazione didattica.<\/p>\n<p>\u00c8 questo il significato del progetto <strong>Torino fa scuola, <\/strong>promosso e sostenuto da Fondazione Agnelli e Compagnia di San Paolo, in collaborazione con Citt\u00e0 di Torino e Fondazione per la Scuola, giunto oggi alla sua tappa pi\u00f9 attesa: la nuova inaugurazione pubblica delle scuole Enrico Fermi (via Biglieri al Lingotto) e Giovanni Pascoli (Via Duchessa Jolanda a Cit Turin). Al termine di un anno di lavori, i cantieri si sono chiusi all\u2019inizio di settembre, cos\u00ec da permettere \u2013 mantenendo gli impegni presi \u2013 il ritorno nei due edifici di allievi, insegnanti e personale della scuola in tempo per la campanella del nuovo anno.<\/p>\n<p>Alla presenza di altre numerose autorit\u00e0 locali e dei cittadini, l\u2019inaugurazione \u2013 che si \u00e8 svolta con una duplice cerimonia nelle due scuole &#8211; ha visto gli interventi della Sindaca di Torino, <strong>Chiara Appendino<\/strong>, del Presidente di Fondazione Agnelli, <strong>John Elkann<\/strong>, del Presidente della Compagnia di San Paolo, <strong>Francesco Profumo. <\/strong>Il Direttore generale dell\u2019Ufficio Scolastico Regionale del Piemonte, <strong>Fabrizio Manca<\/strong>, ha portato il saluto del Ministero dell&#8217;Istruzione, dell&#8217;universit\u00e0 e della ricerca.<\/p>\n<p>Le due comunit\u00e0 scolastiche, gi\u00e0 al lavoro da settimane, guidate dai due dirigenti scolastici, <strong>Laura Di Perna <\/strong>(Pascoli) e <strong>Giorgio Brandone <\/strong>(Fermi), hanno accolto gli ospiti con entusiasmo e la consapevolezza dell\u2019importante e difficile sfida didattica che le attende.<\/p>\n<p>La visita alle scuole \u00e8 stata condotta dagli architetti dei due progetti vincitori del concorso: <strong>Alberto Bottero e Simona Della Rocca (BDRbureau) <\/strong>per la Scuola Fermi, <strong>Silvia Minutolo (Archisbang) e Domenico Racca (Area Progetti) <\/strong>per la Scuola Pascoli.<\/p>\n<p>\u201cCon la Compagnia di San Paolo e la collaborazione della Citt\u00e0 di Torino \u2013 ha detto <strong>John Elkann, <\/strong>Presidente di Fondazione Agnelli \u2013 abbiamo sperimentato un inedito metodo di lavoro fra pubblico e privato, con gli esiti ammirevoli che tutti possono vedere. Oggi abbiamo due scuole rinnovate, sicure, belle e sostenibili. Grazie all\u2019impegno di tutti, a partire da quello di docenti e studenti, vorremmo che domani Fermi e Pascoli diventassero anche un modello di innovazione didattica. Perch\u00e9 questo era, fin dall\u2019inizio, l\u2019obiettivo\u201d.<\/p>\n<p>\u201cPromuovere la conoscenza di qualit\u00e0 e lo sviluppo delle competenze delle generazioni future rappresenta l\u2019investimento pi\u00f9 promettente per un Paese, perch\u00e9 pone solide basi a favore della crescita consapevole dei cittadini di domani. Per questo &#8211; ha affermato <strong>Francesco Profumo<\/strong>, Presidente della Compagnia di San Paolo &#8211; abbiamo investito nel rinnovamento degli spazi e del pensiero pedagogico all\u2019interno di due scuole di Torino, coinvolgendo persone del mondo della scuola e dell\u2019architettura cos\u00ec come studenti, insegnanti, famiglie e molti altri professionisti. Si tratta di due scuole esemplari per la loro storia e le loro caratteristiche architettoniche. Auspichiamo che questo processo possa essere replicato, in tutto o in parte, anche su altri edifici scolastici a livello nazionale\u201d.<\/p>\n<p>\u201cLe due scuole che abbiamo visitato oggi &#8211; ha affermato <strong>Fabrizio Manca<\/strong>, Direttore generale USR Piemonte &#8211; sono concepite come spazio educativo dinamico, aperto e interconnesso, dove il lavoro individuale e di gruppo, la sperimentazione, l\u2019approfondimento delle discipline diventano esperienze realizzabili in tutto l\u2019edificio e non solo nella \u2018classica aula\u2019. L\u2019aula tradizionale costituisce uno strumento didattico ormai troppo rigido e inadeguato alle esigenze formative attuali e non pu\u00f2 essere pi\u00f9 il luogo unico dell&#8217;apprendere ma un luogo in cui una molteplicit\u00e0 di spazi diversificati, complementari e sinergici contribuiscono a formare un ambiente integrato, in grado di supportare una didattica attiva e moderna, in base a standard di qualit\u00e0, vivibilit\u00e0 e benessere\u201d.<\/p>\n<p>\u201cCon questo intervento di rinnovamento sostanziale di due spazi educativi della nostra citt\u00e0 &#8211; ha concluso <strong>Chiara Appendino<\/strong>, Sindaca della Citt\u00e0 di Torino &#8211; si offre una proposta nuova e stimolante alla scuola italiana. Torino fa scuola anche per questo, per la sua capacit\u00e0 di accogliere nuove proposte e dar loro spazio, idee che poi si diffondono nel resto del Paese. La Citt\u00e0 dedica lavoro, risorse ed energie all\u2019istruzione offrendo servizi socio-educativi che ne amplificano l\u2019efficienza, nella certezza che il benessere della scuola sia la chiave del benessere di tutti. Ringrazio la Fondazione Agnelli e la Compagnia di San Paolo per questo importante impegno e per la qualit\u00e0 dell\u2019intervento, che sottolinea la capacit\u00e0 tutta torinese di dare ali alle idee\u201d .<\/p>\n<p><strong>Torino fa scuola <\/strong>nasce nel 2015 da una riflessione culturale e architettonica sul ruolo decisivo che gli ambienti di apprendimento possono avere \u2013 e gi\u00e0 hanno in molte esperienze internazionali \u2013 per la qualit\u00e0 della scuola. Edifici pi\u00f9 &nbsp;accoglienti, sostenibili, meglio integrati nella vita del quartiere, con spazi modulari e flessibili, progettati ex novo o (come \u00e8 pi\u00f9 probabile in Italia) rinnovati a partire dell\u2019esistente secondo i moderni orientamenti della pedagogia e pratiche didattiche innovative, personalizzate e inclusive, possono favorire gli apprendimenti e il benessere di chi nella scuola vive e lavora: questa \u00e8 l\u2019idea di fondo del progetto. Grazie a questa visione condivisa, le due fondazioni dall\u2019inizio hanno scelto la strada della concretezza con un valore esemplare: passare dalle idee ai fatti, realizzare interventi di impatto a livello locale attraverso i quali \u201cfare scuola\u201d per offrire idee e un modello di processo per la riqualificazione del patrimonio edilizio scolastico replicabile in tutto il Paese e a diverse scale.<\/p>\n<p>Il primo anno \u00e8 stato dedicato a lavorare con le due comunit\u00e0 scolastiche (preside, docenti, famiglie, studenti, insieme a pedagogisti e architetti) per dare loro voce, mettendo a fuoco bisogni, aspettative e desideri di rinnovamento, facendoli diventare \u201cconcetto pedagogico\u201d e <em>driver <\/em>di cambiamento. Da questo processo sono emerse le linee guida per le due nuove scuole, che nel 2016 hanno orientato il concorso di progettazione, al quale hanno partecipato quasi 300 studi di architettura, italiani e stranieri. Nel 2017 sono stati annunciati i due progetti vincitori; l\u2019iter \u00e8 proseguito per rendere esecutivi i progetti e ricevere le autorizzazioni, fino all\u2019apertura dei lavori di cantiere nell\u2019estate del 2018, conclusi senza ritardo nell\u2019agosto 2019.<\/p>\n<p><strong>Torino fa scuola <\/strong>ha visto un investimento economico di 11 milioni, interamente a carico dei due soggetti privati. Gli interventi per le opere e gli arredi di Scuola Fermi sono costati circa 7,7 milioni di Euro (IVA inclusa), finanziati per 4,7 dalla Fondazione Agnelli (che \u00e8 stato il committente unico dei lavori) e per 3 dalla Compagnia di San Paolo. Gli interventi per le opere e gli arredi Scuola Pascoli sono stati finanziati da Fondazione per la Scuola e Compagnia di San Paolo per un costo totale di realizzazione di 3,5 milioni di Euro (IVA inclusa).<\/p>\n<p>Maggiori informazioni su <a href=\"http:\/\/www.torinofascuola.it\/\">www.torinofascuola.it<\/a><\/p>\n","protected":false},"excerpt":{"rendered":"<p>Due scuole medie statali completamente rinnovate e restituite alla citt\u00e0, dopo interventi sostanziali realizzati a tempo di record. Insieme, un segnale forte che da Torino arriva a tutta la scuola italiana con la proposta di idee progettuali e un modello di processo replicabili e interessanti per quanti ritengono l\u2019intervento in edilizia scolastica una condizione necessaria [&hellip;]<\/p>\n","protected":false},"author":1,"featured_media":0,"comment_status":"closed","ping_status":"open","sticky":false,"template":"","format":"standard","meta":{"ngg_post_thumbnail":0},"categories":[133,1,41],"tags":[],"_links":{"self":[{"href":"http:\/\/www.spaziotorino.it\/scatto\/index.php?rest_route=\/wp\/v2\/posts\/18357"}],"collection":[{"href":"http:\/\/www.spaziotorino.it\/scatto\/index.php?rest_route=\/wp\/v2\/posts"}],"about":[{"href":"http:\/\/www.spaziotorino.it\/scatto\/index.php?rest_route=\/wp\/v2\/types\/post"}],"author":[{"embeddable":true,"href":"http:\/\/www.spaziotorino.it\/scatto\/index.php?rest_route=\/wp\/v2\/users\/1"}],"replies":[{"embeddable":true,"href":"http:\/\/www.spaziotorino.it\/scatto\/index.php?rest_route=%2Fwp%2Fv2%2Fcomments&post=18357"}],"version-history":[{"count":4,"href":"http:\/\/www.spaziotorino.it\/scatto\/index.php?rest_route=\/wp\/v2\/posts\/18357\/revisions"}],"predecessor-version":[{"id":18407,"href":"http:\/\/www.spaziotorino.it\/scatto\/index.php?rest_route=\/wp\/v2\/posts\/18357\/revisions\/18407"}],"wp:attachment":[{"href":"http:\/\/www.spaziotorino.it\/scatto\/index.php?rest_route=%2Fwp%2Fv2%2Fmedia&parent=18357"}],"wp:term":[{"taxonomy":"category","embeddable":true,"href":"http:\/\/www.spaziotorino.it\/scatto\/index.php?rest_route=%2Fwp%2Fv2%2Fcategories&post=18357"},{"taxonomy":"post_tag","embeddable":true,"href":"http:\/\/www.spaziotorino.it\/scatto\/index.php?rest_route=%2Fwp%2Fv2%2Ftags&post=18357"}],"curies":[{"name":"wp","href":"https:\/\/api.w.org\/{rel}","templated":true}]}}