{"id":18406,"date":"2019-09-17T15:33:13","date_gmt":"2019-09-17T14:33:13","guid":{"rendered":"http:\/\/www.spaziotorino.it\/scatto\/?p=18406"},"modified":"2019-09-17T15:33:13","modified_gmt":"2019-09-17T14:33:13","slug":"iconica-2019-atelier-torino-artefice-di-eleganza","status":"publish","type":"post","link":"http:\/\/www.spaziotorino.it\/scatto\/?p=18406","title":{"rendered":"ICONICA 2019: Atelier. Torino artefice di eleganza"},"content":{"rendered":"<p><a class=\"ngg-fancybox\" title=\"ICONICA 2019: Atelier. Torino artefice di eleganza\" href=\"http:\/\/www.spaziotorino.it\/scatto\/wp-content\/gallery\/2019_09_17_iconica\/pla_0957.jpg\" rel=\"0d119b236a68a4381a218abd80ee97c2\"><br \/>\n<img decoding=\"async\" loading=\"lazy\" class=\"ngg-singlepic\" title=\"ICONICA 2019: Atelier. Torino artefice di eleganza\" src=\"http:\/\/www.spaziotorino.it\/scatto\/wp-content\/gallery\/2019_09_17_iconica\/pla_0957.jpg\" alt=\"\" width=\"540\" height=\"360\"\/><\/a><\/p>\n<!-- index.php -->\n<div\n\tclass=\"ngg-galleryoverview ngg-ajax-pagination-none\"\n\tid=\"ngg-gallery-1607d0f1ad6ed197169f8c94a6740e25-1\">\n\n    \t\t<!-- Thumbnails -->\n\t\t\t\t<div id=\"ngg-image-0\" class=\"ngg-gallery-thumbnail-box\" >\n\t\t\t\t        <div class=\"ngg-gallery-thumbnail\">\n            <a href=\"http:\/\/www.spaziotorino.it\/scatto\/wp-content\/gallery\/2019_09_17_iconica\/pla_0632.jpg\"\n               title=\"ICONICA 2019 a Palazzo Chiablese\"\n               data-src=\"http:\/\/www.spaziotorino.it\/scatto\/wp-content\/gallery\/2019_09_17_iconica\/pla_0632.jpg\"\n               data-thumbnail=\"http:\/\/www.spaziotorino.it\/scatto\/wp-content\/gallery\/2019_09_17_iconica\/thumbs\/thumbs_pla_0632.jpg\"\n               data-image-id=\"23372\"\n               data-title=\"ICONICA 2019 a Palazzo Chiablese\"\n               data-description=\"ICONICA 2019 a Palazzo Chiablese\"\n               data-image-slug=\"pla_0632\"\n               class=\"ngg-fancybox\" rel=\"1607d0f1ad6ed197169f8c94a6740e25\">\n                <img\n                    title=\"ICONICA 2019 a Palazzo Chiablese\"\n                    alt=\"ICONICA 2019 a Palazzo Chiablese\"\n                    src=\"http:\/\/www.spaziotorino.it\/scatto\/wp-content\/gallery\/2019_09_17_iconica\/cache\/pla_0632.jpg-nggid0523372-ngg0dyn-60x60x100-00f0w010c011r110f110r010t010.jpg\"\n                    width=\"60\"\n                    height=\"60\"\n                    style=\"max-width:100%;\"\n                \/>\n            <\/a>\n        <\/div>\n\t\t\t\t\t\t\t<\/div> \n\t\t\t\n        \n\t\t\t\t<div id=\"ngg-image-1\" class=\"ngg-gallery-thumbnail-box\" >\n\t\t\t\t        <div class=\"ngg-gallery-thumbnail\">\n            <a href=\"http:\/\/www.spaziotorino.it\/scatto\/wp-content\/gallery\/2019_09_17_iconica\/pla_0660.jpg\"\n               title=\"ICONICA 2019: Atelier. Torino artefice di eleganza\"\n               data-src=\"http:\/\/www.spaziotorino.it\/scatto\/wp-content\/gallery\/2019_09_17_iconica\/pla_0660.jpg\"\n               data-thumbnail=\"http:\/\/www.spaziotorino.it\/scatto\/wp-content\/gallery\/2019_09_17_iconica\/thumbs\/thumbs_pla_0660.jpg\"\n               data-image-id=\"23373\"\n               data-title=\"ICONICA 2019: Atelier. Torino artefice di eleganza\"\n               data-description=\"ICONICA 2019: Atelier. Torino artefice di eleganza\"\n               data-image-slug=\"pla_0660\"\n               class=\"ngg-fancybox\" rel=\"1607d0f1ad6ed197169f8c94a6740e25\">\n                <img\n                    title=\"ICONICA 2019: Atelier. Torino artefice di eleganza\"\n                    alt=\"ICONICA 2019: Atelier. Torino artefice di eleganza\"\n                    src=\"http:\/\/www.spaziotorino.it\/scatto\/wp-content\/gallery\/2019_09_17_iconica\/cache\/pla_0660.jpg-nggid0523373-ngg0dyn-60x60x100-00f0w010c011r110f110r010t010.jpg\"\n                    width=\"60\"\n                    height=\"60\"\n                    style=\"max-width:100%;\"\n                \/>\n            <\/a>\n        <\/div>\n\t\t\t\t\t\t\t<\/div> \n\t\t\t\n        \n\t\t\t\t<div id=\"ngg-image-2\" class=\"ngg-gallery-thumbnail-box\" >\n\t\t\t\t        <div class=\"ngg-gallery-thumbnail\">\n            <a href=\"http:\/\/www.spaziotorino.it\/scatto\/wp-content\/gallery\/2019_09_17_iconica\/pla_0693.jpg\"\n               title=\"ICONICA 2019: Atelier. Torino artefice di eleganza\"\n               data-src=\"http:\/\/www.spaziotorino.it\/scatto\/wp-content\/gallery\/2019_09_17_iconica\/pla_0693.jpg\"\n               data-thumbnail=\"http:\/\/www.spaziotorino.it\/scatto\/wp-content\/gallery\/2019_09_17_iconica\/thumbs\/thumbs_pla_0693.jpg\"\n               data-image-id=\"23374\"\n               data-title=\"ICONICA 2019: Atelier. Torino artefice di eleganza\"\n               data-description=\"ICONICA 2019: Atelier. Torino artefice di eleganza\"\n               data-image-slug=\"pla_0693\"\n               class=\"ngg-fancybox\" rel=\"1607d0f1ad6ed197169f8c94a6740e25\">\n                <img\n                    title=\"ICONICA 2019: Atelier. Torino artefice di eleganza\"\n                    alt=\"ICONICA 2019: Atelier. Torino artefice di eleganza\"\n                    src=\"http:\/\/www.spaziotorino.it\/scatto\/wp-content\/gallery\/2019_09_17_iconica\/cache\/pla_0693.jpg-nggid0523374-ngg0dyn-60x60x100-00f0w010c011r110f110r010t010.jpg\"\n                    width=\"60\"\n                    height=\"60\"\n                    style=\"max-width:100%;\"\n                \/>\n            <\/a>\n        <\/div>\n\t\t\t\t\t\t\t<\/div> \n\t\t\t\n        \n\t\t\t\t<div id=\"ngg-image-3\" class=\"ngg-gallery-thumbnail-box\" >\n\t\t\t\t        <div class=\"ngg-gallery-thumbnail\">\n            <a href=\"http:\/\/www.spaziotorino.it\/scatto\/wp-content\/gallery\/2019_09_17_iconica\/pla_0713.jpg\"\n               title=\"ICONICA 2019: Atelier. Torino artefice di eleganza\"\n               data-src=\"http:\/\/www.spaziotorino.it\/scatto\/wp-content\/gallery\/2019_09_17_iconica\/pla_0713.jpg\"\n               data-thumbnail=\"http:\/\/www.spaziotorino.it\/scatto\/wp-content\/gallery\/2019_09_17_iconica\/thumbs\/thumbs_pla_0713.jpg\"\n               data-image-id=\"23375\"\n               data-title=\"ICONICA 2019: Atelier. Torino artefice di eleganza\"\n               data-description=\"ICONICA 2019: Atelier. Torino artefice di eleganza\"\n               data-image-slug=\"pla_0713\"\n               class=\"ngg-fancybox\" rel=\"1607d0f1ad6ed197169f8c94a6740e25\">\n                <img\n                    title=\"ICONICA 2019: Atelier. Torino artefice di eleganza\"\n                    alt=\"ICONICA 2019: Atelier. Torino artefice di eleganza\"\n                    src=\"http:\/\/www.spaziotorino.it\/scatto\/wp-content\/gallery\/2019_09_17_iconica\/cache\/pla_0713.jpg-nggid0523375-ngg0dyn-60x60x100-00f0w010c011r110f110r010t010.jpg\"\n                    width=\"60\"\n                    height=\"60\"\n                    style=\"max-width:100%;\"\n                \/>\n            <\/a>\n        <\/div>\n\t\t\t\t\t\t\t<\/div> \n\t\t\t\n        \n\t\t\t\t<div id=\"ngg-image-4\" class=\"ngg-gallery-thumbnail-box\" >\n\t\t\t\t        <div class=\"ngg-gallery-thumbnail\">\n            <a href=\"http:\/\/www.spaziotorino.it\/scatto\/wp-content\/gallery\/2019_09_17_iconica\/pla_0724.jpg\"\n               title=\"ICONICA 2019: Atelier. Torino artefice di eleganza\"\n               data-src=\"http:\/\/www.spaziotorino.it\/scatto\/wp-content\/gallery\/2019_09_17_iconica\/pla_0724.jpg\"\n               data-thumbnail=\"http:\/\/www.spaziotorino.it\/scatto\/wp-content\/gallery\/2019_09_17_iconica\/thumbs\/thumbs_pla_0724.jpg\"\n               data-image-id=\"23376\"\n               data-title=\"ICONICA 2019: Atelier. Torino artefice di eleganza\"\n               data-description=\"ICONICA 2019: Atelier. Torino artefice di eleganza\"\n               data-image-slug=\"pla_0724-1\"\n               class=\"ngg-fancybox\" rel=\"1607d0f1ad6ed197169f8c94a6740e25\">\n                <img\n                    title=\"ICONICA 2019: Atelier. Torino artefice di eleganza\"\n                    alt=\"ICONICA 2019: Atelier. Torino artefice di eleganza\"\n                    src=\"http:\/\/www.spaziotorino.it\/scatto\/wp-content\/gallery\/2019_09_17_iconica\/cache\/pla_0724.jpg-nggid0523376-ngg0dyn-60x60x100-00f0w010c011r110f110r010t010.jpg\"\n                    width=\"60\"\n                    height=\"60\"\n                    style=\"max-width:100%;\"\n                \/>\n            <\/a>\n        <\/div>\n\t\t\t\t\t\t\t<\/div> \n\t\t\t\n        \n\t\t\t\t<div id=\"ngg-image-5\" class=\"ngg-gallery-thumbnail-box\" >\n\t\t\t\t        <div class=\"ngg-gallery-thumbnail\">\n            <a href=\"http:\/\/www.spaziotorino.it\/scatto\/wp-content\/gallery\/2019_09_17_iconica\/pla_0761.jpg\"\n               title=\"ICONICA 2019: Atelier. Torino artefice di eleganza\"\n               data-src=\"http:\/\/www.spaziotorino.it\/scatto\/wp-content\/gallery\/2019_09_17_iconica\/pla_0761.jpg\"\n               data-thumbnail=\"http:\/\/www.spaziotorino.it\/scatto\/wp-content\/gallery\/2019_09_17_iconica\/thumbs\/thumbs_pla_0761.jpg\"\n               data-image-id=\"23377\"\n               data-title=\"ICONICA 2019: Atelier. Torino artefice di eleganza\"\n               data-description=\"ICONICA 2019: Atelier. Torino artefice di eleganza\"\n               data-image-slug=\"pla_0761\"\n               class=\"ngg-fancybox\" rel=\"1607d0f1ad6ed197169f8c94a6740e25\">\n                <img\n                    title=\"ICONICA 2019: Atelier. Torino artefice di eleganza\"\n                    alt=\"ICONICA 2019: Atelier. Torino artefice di eleganza\"\n                    src=\"http:\/\/www.spaziotorino.it\/scatto\/wp-content\/gallery\/2019_09_17_iconica\/cache\/pla_0761.jpg-nggid0523377-ngg0dyn-60x60x100-00f0w010c011r110f110r010t010.jpg\"\n                    width=\"60\"\n                    height=\"60\"\n                    style=\"max-width:100%;\"\n                \/>\n            <\/a>\n        <\/div>\n\t\t\t\t\t\t\t<\/div> \n\t\t\t\n        \n\t\t\t\t<div id=\"ngg-image-6\" class=\"ngg-gallery-thumbnail-box\" >\n\t\t\t\t        <div class=\"ngg-gallery-thumbnail\">\n            <a href=\"http:\/\/www.spaziotorino.it\/scatto\/wp-content\/gallery\/2019_09_17_iconica\/pla_0889.jpg\"\n               title=\"ICONICA 2019: Atelier. Torino artefice di eleganza\"\n               data-src=\"http:\/\/www.spaziotorino.it\/scatto\/wp-content\/gallery\/2019_09_17_iconica\/pla_0889.jpg\"\n               data-thumbnail=\"http:\/\/www.spaziotorino.it\/scatto\/wp-content\/gallery\/2019_09_17_iconica\/thumbs\/thumbs_pla_0889.jpg\"\n               data-image-id=\"23379\"\n               data-title=\"ICONICA 2019: Atelier. Torino artefice di eleganza\"\n               data-description=\"ICONICA 2019: Atelier. Torino artefice di eleganza\"\n               data-image-slug=\"pla_0889\"\n               class=\"ngg-fancybox\" rel=\"1607d0f1ad6ed197169f8c94a6740e25\">\n                <img\n                    title=\"ICONICA 2019: Atelier. Torino artefice di eleganza\"\n                    alt=\"ICONICA 2019: Atelier. Torino artefice di eleganza\"\n                    src=\"http:\/\/www.spaziotorino.it\/scatto\/wp-content\/gallery\/2019_09_17_iconica\/cache\/pla_0889.jpg-nggid0523379-ngg0dyn-60x60x100-00f0w010c011r110f110r010t010.jpg\"\n                    width=\"60\"\n                    height=\"60\"\n                    style=\"max-width:100%;\"\n                \/>\n            <\/a>\n        <\/div>\n\t\t\t\t\t\t\t<\/div> \n\t\t\t\n        \n\t\t\t\t<div id=\"ngg-image-7\" class=\"ngg-gallery-thumbnail-box\" >\n\t\t\t\t        <div class=\"ngg-gallery-thumbnail\">\n            <a href=\"http:\/\/www.spaziotorino.it\/scatto\/wp-content\/gallery\/2019_09_17_iconica\/pla_0943.jpg\"\n               title=\"ICONICA 2019: Atelier. Torino artefice di eleganza\"\n               data-src=\"http:\/\/www.spaziotorino.it\/scatto\/wp-content\/gallery\/2019_09_17_iconica\/pla_0943.jpg\"\n               data-thumbnail=\"http:\/\/www.spaziotorino.it\/scatto\/wp-content\/gallery\/2019_09_17_iconica\/thumbs\/thumbs_pla_0943.jpg\"\n               data-image-id=\"23380\"\n               data-title=\"ICONICA 2019: Atelier. Torino artefice di eleganza\"\n               data-description=\"ICONICA 2019: Atelier. Torino artefice di eleganza\"\n               data-image-slug=\"pla_0943\"\n               class=\"ngg-fancybox\" rel=\"1607d0f1ad6ed197169f8c94a6740e25\">\n                <img\n                    title=\"ICONICA 2019: Atelier. Torino artefice di eleganza\"\n                    alt=\"ICONICA 2019: Atelier. Torino artefice di eleganza\"\n                    src=\"http:\/\/www.spaziotorino.it\/scatto\/wp-content\/gallery\/2019_09_17_iconica\/cache\/pla_0943.jpg-nggid0523380-ngg0dyn-60x60x100-00f0w010c011r110f110r010t010.jpg\"\n                    width=\"60\"\n                    height=\"60\"\n                    style=\"max-width:100%;\"\n                \/>\n            <\/a>\n        <\/div>\n\t\t\t\t\t\t\t<\/div> \n\t\t\t\n        \n\t\t\t\t<div id=\"ngg-image-8\" class=\"ngg-gallery-thumbnail-box\" >\n\t\t\t\t        <div class=\"ngg-gallery-thumbnail\">\n            <a href=\"http:\/\/www.spaziotorino.it\/scatto\/wp-content\/gallery\/2019_09_17_iconica\/pla_0945.jpg\"\n               title=\"ICONICA 2019: Atelier. Torino artefice di eleganza\"\n               data-src=\"http:\/\/www.spaziotorino.it\/scatto\/wp-content\/gallery\/2019_09_17_iconica\/pla_0945.jpg\"\n               data-thumbnail=\"http:\/\/www.spaziotorino.it\/scatto\/wp-content\/gallery\/2019_09_17_iconica\/thumbs\/thumbs_pla_0945.jpg\"\n               data-image-id=\"23381\"\n               data-title=\"ICONICA 2019: Atelier. Torino artefice di eleganza\"\n               data-description=\"ICONICA 2019: Atelier. Torino artefice di eleganza\"\n               data-image-slug=\"pla_0945-1\"\n               class=\"ngg-fancybox\" rel=\"1607d0f1ad6ed197169f8c94a6740e25\">\n                <img\n                    title=\"ICONICA 2019: Atelier. Torino artefice di eleganza\"\n                    alt=\"ICONICA 2019: Atelier. Torino artefice di eleganza\"\n                    src=\"http:\/\/www.spaziotorino.it\/scatto\/wp-content\/gallery\/2019_09_17_iconica\/cache\/pla_0945.jpg-nggid0523381-ngg0dyn-60x60x100-00f0w010c011r110f110r010t010.jpg\"\n                    width=\"60\"\n                    height=\"60\"\n                    style=\"max-width:100%;\"\n                \/>\n            <\/a>\n        <\/div>\n\t\t\t\t\t\t\t<\/div> \n\t\t\t\n        \n\t\t\t\t<div id=\"ngg-image-9\" class=\"ngg-gallery-thumbnail-box\" >\n\t\t\t\t        <div class=\"ngg-gallery-thumbnail\">\n            <a href=\"http:\/\/www.spaziotorino.it\/scatto\/wp-content\/gallery\/2019_09_17_iconica\/pla_0954.jpg\"\n               title=\"ICONICA 2019: Atelier. Torino artefice di eleganza\"\n               data-src=\"http:\/\/www.spaziotorino.it\/scatto\/wp-content\/gallery\/2019_09_17_iconica\/pla_0954.jpg\"\n               data-thumbnail=\"http:\/\/www.spaziotorino.it\/scatto\/wp-content\/gallery\/2019_09_17_iconica\/thumbs\/thumbs_pla_0954.jpg\"\n               data-image-id=\"23382\"\n               data-title=\"ICONICA 2019: Atelier. Torino artefice di eleganza\"\n               data-description=\"ICONICA 2019: Atelier. Torino artefice di eleganza\"\n               data-image-slug=\"pla_0954\"\n               class=\"ngg-fancybox\" rel=\"1607d0f1ad6ed197169f8c94a6740e25\">\n                <img\n                    title=\"ICONICA 2019: Atelier. Torino artefice di eleganza\"\n                    alt=\"ICONICA 2019: Atelier. Torino artefice di eleganza\"\n                    src=\"http:\/\/www.spaziotorino.it\/scatto\/wp-content\/gallery\/2019_09_17_iconica\/cache\/pla_0954.jpg-nggid0523382-ngg0dyn-60x60x100-00f0w010c011r110f110r010t010.jpg\"\n                    width=\"60\"\n                    height=\"60\"\n                    style=\"max-width:100%;\"\n                \/>\n            <\/a>\n        <\/div>\n\t\t\t\t\t\t\t<\/div> \n\t\t\t\n        \n\t\t\t\t<div id=\"ngg-image-10\" class=\"ngg-gallery-thumbnail-box\" >\n\t\t\t\t        <div class=\"ngg-gallery-thumbnail\">\n            <a href=\"http:\/\/www.spaziotorino.it\/scatto\/wp-content\/gallery\/2019_09_17_iconica\/pla_0957.jpg\"\n               title=\"ICONICA 2019: Atelier. Torino artefice di eleganza\"\n               data-src=\"http:\/\/www.spaziotorino.it\/scatto\/wp-content\/gallery\/2019_09_17_iconica\/pla_0957.jpg\"\n               data-thumbnail=\"http:\/\/www.spaziotorino.it\/scatto\/wp-content\/gallery\/2019_09_17_iconica\/thumbs\/thumbs_pla_0957.jpg\"\n               data-image-id=\"23383\"\n               data-title=\"ICONICA 2019: Atelier. Torino artefice di eleganza\"\n               data-description=\"ICONICA 2019: Atelier. Torino artefice di eleganza\"\n               data-image-slug=\"pla_0957\"\n               class=\"ngg-fancybox\" rel=\"1607d0f1ad6ed197169f8c94a6740e25\">\n                <img\n                    title=\"ICONICA 2019: Atelier. Torino artefice di eleganza\"\n                    alt=\"ICONICA 2019: Atelier. Torino artefice di eleganza\"\n                    src=\"http:\/\/www.spaziotorino.it\/scatto\/wp-content\/gallery\/2019_09_17_iconica\/cache\/pla_0957.jpg-nggid0523383-ngg0dyn-60x60x100-00f0w010c011r110f110r010t010.jpg\"\n                    width=\"60\"\n                    height=\"60\"\n                    style=\"max-width:100%;\"\n                \/>\n            <\/a>\n        <\/div>\n\t\t\t\t\t\t\t<\/div> \n\t\t\t\n        \n\t\t\t\t<div id=\"ngg-image-11\" class=\"ngg-gallery-thumbnail-box\" >\n\t\t\t\t        <div class=\"ngg-gallery-thumbnail\">\n            <a href=\"http:\/\/www.spaziotorino.it\/scatto\/wp-content\/gallery\/2019_09_17_iconica\/pla_0965.jpg\"\n               title=\"ICONICA 2019: Atelier. Torino artefice di eleganza\"\n               data-src=\"http:\/\/www.spaziotorino.it\/scatto\/wp-content\/gallery\/2019_09_17_iconica\/pla_0965.jpg\"\n               data-thumbnail=\"http:\/\/www.spaziotorino.it\/scatto\/wp-content\/gallery\/2019_09_17_iconica\/thumbs\/thumbs_pla_0965.jpg\"\n               data-image-id=\"23384\"\n               data-title=\"ICONICA 2019: Atelier. Torino artefice di eleganza\"\n               data-description=\"ICONICA 2019: Atelier. Torino artefice di eleganza\"\n               data-image-slug=\"pla_0965\"\n               class=\"ngg-fancybox\" rel=\"1607d0f1ad6ed197169f8c94a6740e25\">\n                <img\n                    title=\"ICONICA 2019: Atelier. Torino artefice di eleganza\"\n                    alt=\"ICONICA 2019: Atelier. Torino artefice di eleganza\"\n                    src=\"http:\/\/www.spaziotorino.it\/scatto\/wp-content\/gallery\/2019_09_17_iconica\/cache\/pla_0965.jpg-nggid0523384-ngg0dyn-60x60x100-00f0w010c011r110f110r010t010.jpg\"\n                    width=\"60\"\n                    height=\"60\"\n                    style=\"max-width:100%;\"\n                \/>\n            <\/a>\n        <\/div>\n\t\t\t\t\t\t\t<\/div> \n\t\t\t\n        \n\t\t\t\t<div id=\"ngg-image-12\" class=\"ngg-gallery-thumbnail-box\" >\n\t\t\t\t        <div class=\"ngg-gallery-thumbnail\">\n            <a href=\"http:\/\/www.spaziotorino.it\/scatto\/wp-content\/gallery\/2019_09_17_iconica\/pla_0972.jpg\"\n               title=\"Corpi - Live performance\"\n               data-src=\"http:\/\/www.spaziotorino.it\/scatto\/wp-content\/gallery\/2019_09_17_iconica\/pla_0972.jpg\"\n               data-thumbnail=\"http:\/\/www.spaziotorino.it\/scatto\/wp-content\/gallery\/2019_09_17_iconica\/thumbs\/thumbs_pla_0972.jpg\"\n               data-image-id=\"23385\"\n               data-title=\"Corpi - Live performance\"\n               data-description=\"Corpi - Live performance\"\n               data-image-slug=\"pla_0972\"\n               class=\"ngg-fancybox\" rel=\"1607d0f1ad6ed197169f8c94a6740e25\">\n                <img\n                    title=\"Corpi - Live performance\"\n                    alt=\"Corpi - Live performance\"\n                    src=\"http:\/\/www.spaziotorino.it\/scatto\/wp-content\/gallery\/2019_09_17_iconica\/cache\/pla_0972.jpg-nggid0523385-ngg0dyn-60x60x100-00f0w010c011r110f110r010t010.jpg\"\n                    width=\"60\"\n                    height=\"60\"\n                    style=\"max-width:100%;\"\n                \/>\n            <\/a>\n        <\/div>\n\t\t\t\t\t\t\t<\/div> \n\t\t\t\n        \n\t\t\t\t<div id=\"ngg-image-13\" class=\"ngg-gallery-thumbnail-box\" >\n\t\t\t\t        <div class=\"ngg-gallery-thumbnail\">\n            <a href=\"http:\/\/www.spaziotorino.it\/scatto\/wp-content\/gallery\/2019_09_17_iconica\/pla_1090.jpg\"\n               title=\"Corpi - Live performance\"\n               data-src=\"http:\/\/www.spaziotorino.it\/scatto\/wp-content\/gallery\/2019_09_17_iconica\/pla_1090.jpg\"\n               data-thumbnail=\"http:\/\/www.spaziotorino.it\/scatto\/wp-content\/gallery\/2019_09_17_iconica\/thumbs\/thumbs_pla_1090.jpg\"\n               data-image-id=\"23386\"\n               data-title=\"Corpi - Live performance\"\n               data-description=\"Corpi - Live performance\"\n               data-image-slug=\"pla_1090\"\n               class=\"ngg-fancybox\" rel=\"1607d0f1ad6ed197169f8c94a6740e25\">\n                <img\n                    title=\"Corpi - Live performance\"\n                    alt=\"Corpi - Live performance\"\n                    src=\"http:\/\/www.spaziotorino.it\/scatto\/wp-content\/gallery\/2019_09_17_iconica\/cache\/pla_1090.jpg-nggid0523386-ngg0dyn-60x60x100-00f0w010c011r110f110r010t010.jpg\"\n                    width=\"60\"\n                    height=\"60\"\n                    style=\"max-width:100%;\"\n                \/>\n            <\/a>\n        <\/div>\n\t\t\t\t\t\t\t<\/div> \n\t\t\t\n        \n\t\t\t\t<div id=\"ngg-image-14\" class=\"ngg-gallery-thumbnail-box\" >\n\t\t\t\t        <div class=\"ngg-gallery-thumbnail\">\n            <a href=\"http:\/\/www.spaziotorino.it\/scatto\/wp-content\/gallery\/2019_09_17_iconica\/pla_1181.jpg\"\n               title=\"Corpi - Live performance\"\n               data-src=\"http:\/\/www.spaziotorino.it\/scatto\/wp-content\/gallery\/2019_09_17_iconica\/pla_1181.jpg\"\n               data-thumbnail=\"http:\/\/www.spaziotorino.it\/scatto\/wp-content\/gallery\/2019_09_17_iconica\/thumbs\/thumbs_pla_1181.jpg\"\n               data-image-id=\"23387\"\n               data-title=\"Corpi - Live performance\"\n               data-description=\"Corpi - Live performance\"\n               data-image-slug=\"pla_1181-1\"\n               class=\"ngg-fancybox\" rel=\"1607d0f1ad6ed197169f8c94a6740e25\">\n                <img\n                    title=\"Corpi - Live performance\"\n                    alt=\"Corpi - Live performance\"\n                    src=\"http:\/\/www.spaziotorino.it\/scatto\/wp-content\/gallery\/2019_09_17_iconica\/cache\/pla_1181.jpg-nggid0523387-ngg0dyn-60x60x100-00f0w010c011r110f110r010t010.jpg\"\n                    width=\"60\"\n                    height=\"60\"\n                    style=\"max-width:100%;\"\n                \/>\n            <\/a>\n        <\/div>\n\t\t\t\t\t\t\t<\/div> \n\t\t\t\n        \n\t\t\t\t<div id=\"ngg-image-15\" class=\"ngg-gallery-thumbnail-box\" >\n\t\t\t\t        <div class=\"ngg-gallery-thumbnail\">\n            <a href=\"http:\/\/www.spaziotorino.it\/scatto\/wp-content\/gallery\/2019_09_17_iconica\/pla_1197.jpg\"\n               title=\"Corpi - Live performance\"\n               data-src=\"http:\/\/www.spaziotorino.it\/scatto\/wp-content\/gallery\/2019_09_17_iconica\/pla_1197.jpg\"\n               data-thumbnail=\"http:\/\/www.spaziotorino.it\/scatto\/wp-content\/gallery\/2019_09_17_iconica\/thumbs\/thumbs_pla_1197.jpg\"\n               data-image-id=\"23388\"\n               data-title=\"Corpi - Live performance\"\n               data-description=\"Corpi - Live performance\"\n               data-image-slug=\"pla_1197\"\n               class=\"ngg-fancybox\" rel=\"1607d0f1ad6ed197169f8c94a6740e25\">\n                <img\n                    title=\"Corpi - Live performance\"\n                    alt=\"Corpi - Live performance\"\n                    src=\"http:\/\/www.spaziotorino.it\/scatto\/wp-content\/gallery\/2019_09_17_iconica\/cache\/pla_1197.jpg-nggid0523388-ngg0dyn-60x60x100-00f0w010c011r110f110r010t010.jpg\"\n                    width=\"60\"\n                    height=\"60\"\n                    style=\"max-width:100%;\"\n                \/>\n            <\/a>\n        <\/div>\n\t\t\t\t\t\t\t<\/div> \n\t\t\t\n        \n\t\t\t\t<div id=\"ngg-image-16\" class=\"ngg-gallery-thumbnail-box\" >\n\t\t\t\t        <div class=\"ngg-gallery-thumbnail\">\n            <a href=\"http:\/\/www.spaziotorino.it\/scatto\/wp-content\/gallery\/2019_09_17_iconica\/pla_0748.jpg\"\n               title=\"\"\n               data-src=\"http:\/\/www.spaziotorino.it\/scatto\/wp-content\/gallery\/2019_09_17_iconica\/pla_0748.jpg\"\n               data-thumbnail=\"http:\/\/www.spaziotorino.it\/scatto\/wp-content\/gallery\/2019_09_17_iconica\/thumbs\/thumbs_pla_0748.jpg\"\n               data-image-id=\"23391\"\n               data-title=\"ICONICA 2019: Atelier. Torino artefice di eleganza\"\n               data-description=\"\"\n               data-image-slug=\"pla_0748\"\n               class=\"ngg-fancybox\" rel=\"1607d0f1ad6ed197169f8c94a6740e25\">\n                <img\n                    title=\"ICONICA 2019: Atelier. Torino artefice di eleganza\"\n                    alt=\"ICONICA 2019: Atelier. Torino artefice di eleganza\"\n                    src=\"http:\/\/www.spaziotorino.it\/scatto\/wp-content\/gallery\/2019_09_17_iconica\/cache\/pla_0748.jpg-nggid0523391-ngg0dyn-60x60x100-00f0w010c011r110f110r010t010.jpg\"\n                    width=\"60\"\n                    height=\"60\"\n                    style=\"max-width:100%;\"\n                \/>\n            <\/a>\n        <\/div>\n\t\t\t\t\t\t\t<\/div> \n\t\t\t\n        \n\t\t\t\t<div id=\"ngg-image-17\" class=\"ngg-gallery-thumbnail-box\" >\n\t\t\t\t        <div class=\"ngg-gallery-thumbnail\">\n            <a href=\"http:\/\/www.spaziotorino.it\/scatto\/wp-content\/gallery\/2019_09_17_iconica\/pla_0912.jpg\"\n               title=\"\"\n               data-src=\"http:\/\/www.spaziotorino.it\/scatto\/wp-content\/gallery\/2019_09_17_iconica\/pla_0912.jpg\"\n               data-thumbnail=\"http:\/\/www.spaziotorino.it\/scatto\/wp-content\/gallery\/2019_09_17_iconica\/thumbs\/thumbs_pla_0912.jpg\"\n               data-image-id=\"23392\"\n               data-title=\"ICONICA 2019: Atelier. Torino artefice di eleganza\"\n               data-description=\"\"\n               data-image-slug=\"pla_0912\"\n               class=\"ngg-fancybox\" rel=\"1607d0f1ad6ed197169f8c94a6740e25\">\n                <img\n                    title=\"ICONICA 2019: Atelier. Torino artefice di eleganza\"\n                    alt=\"ICONICA 2019: Atelier. Torino artefice di eleganza\"\n                    src=\"http:\/\/www.spaziotorino.it\/scatto\/wp-content\/gallery\/2019_09_17_iconica\/cache\/pla_0912.jpg-nggid0523392-ngg0dyn-60x60x100-00f0w010c011r110f110r010t010.jpg\"\n                    width=\"60\"\n                    height=\"60\"\n                    style=\"max-width:100%;\"\n                \/>\n            <\/a>\n        <\/div>\n\t\t\t\t\t\t\t<\/div> \n\t\t\t\n        \n\t\t\n\t\t<!-- Pagination -->\n\t<div class='ngg-clear'><\/div>\t<\/div>\n\n<p>Dopo il successo dello scorso anno, <strong>dal 19 al 22 settembre<\/strong> <strong>2019<\/strong> torna <strong>ICONICA<\/strong>,   il format nato con l&rsquo;obiettivo di avvicinare il pubblico alle grandi e   piccole storie di personaggi diventati icone del nostro tempo:<strong> dalla<\/strong> <strong>moda all&rsquo;arte, dalla letteratura alla musica, dal cinema al design<\/strong>. <\/p>\n<p>La <strong>seconda edizione<\/strong> della manifestazione, organizzata in collaborazione con la <strong>Soprintendenza Archeologia, Belle Arti e Paesaggio per la Citt\u00e0 Metropolitana di Torino<\/strong>, in occasione delle <strong>Giornate Europee del Patrimonio<\/strong>,<strong> <\/strong>si propone di celebrare il &lsquo;saper fare&rsquo; di una Torino artefice indiscussa di eleganza. <\/p>\n<p><strong>Il tema di ICONICA 2019 <\/strong>&#8211; realizzata con <strong>il contributo e il patrocinio di<\/strong> <strong>Regione Piemonte <\/strong>e <strong>Camera di commercio<\/strong> <strong>di Torino e con<\/strong> <strong>il patrocinio di<\/strong> <strong>Citt\u00e0 di Torino<\/strong>, <strong>main sponsor Azimut Capital Management (Gruppo Azimut), partner Marco Polo e Irreplaceable \u2013 <\/strong>\u00e8, infatti,<strong> &lsquo;<\/strong><strong>Atelier. Torino artefice di Eleganza&rsquo;<\/strong><strong>. <\/strong><\/p>\n<p>Quattro giorni<strong> <\/strong>di appuntamenti, incontri a tema, mostre, laboratori e, <strong>sabato 21 settembre<\/strong>, l&rsquo;esibizione teatrale &ldquo;<strong>Corpi &#8211; Live performance<\/strong>&rdquo; messa in scena da Casa Fools-Teatro Vanchiglia. Eventi che ruoteranno intorno agli abiti e agli accessori creati dalle pi\u00f9 famose sartorie e modiste torinesi negli anni 1950-80. <strong>Si tratta della ricostruzione della storia affascinante e inedita che ha consacrato Torino capitale della moda<\/strong>, seconda solo a Parigi da dove il capoluogo piemontese importava i modelli pi\u00f9 esclusivi. <\/p>\n<p>La mostra, a ingresso gratuito, si svolger\u00e0 in 8 sale degli appartamenti alfieriani di Palazzo Chiablese aperte al pubblico in occasione delle &lsquo;Giornate Europee<strong> <\/strong>del Patrimonio&rsquo;. <\/p>\n<p>&ldquo;<em>Gli   abiti esposti sono il lampo che ha illuminato qualche istante della   vita delle donne che li hanno scelti e indossati. Allo stesso tempo   hanno il dono di suscitare in ciascuno di noi ricordi o narrazioni di   quell&rsquo;epoca, una passeggiata nel tempo lungo la quale risuonano luoghi,   profumi e colori che rivelano la fantasia e l&rsquo;estro dei creatori di   moda, la grande professionalit\u00e0 delle sarte e delle modiste, il legame   dialettico tra gli eventi di massa e quelli riservati a una \u00e9lite<\/em> <em>&#8211;<\/em> <strong>spiega la curatrice, Monica Bruno &#8211;<\/strong>. <em>Abiti che raccontano una storia, innescano suggestioni, sono testimoni di un divenire storico che ci appartiene<\/em> <em>ed \u00e8 per questo che \u00e8 necessario esporli per far si che diventino patrimonio di tutti<\/em> <em>\u2013<\/em>.\u00a0 <em>Anche   la scelta del luogo dov&rsquo;\u00e8 stato realizzato lo shooting fotografico,   Passamaneria Massia, mette al centro l&rsquo;eccellenza del &lsquo;saper fare&rsquo;<\/em> &#8211; <strong>continua Monica Bruno<\/strong> <em>\u2013<\/em>. <em>Si   tratta infatti di un&rsquo;azienda storica del territorio che ha saputo   proiettarsi nel mondo moderno. Allo stesso modo Iconica 2019 vuole   recuperare l&rsquo;altissimo livello degli anni &lsquo;50 \u2013 &lsquo;80, quando Torino era   capitale della moda e comunicava direttamente con Parigi, e raccontarlo   con un servizio fotografico realizzato con creativit\u00e0, tecnica e   professionalit\u00e0. \u00a0I capi fotografati sembrano usciti da una   sfilata dei giorni nostri, in realt\u00e0 provengono dagli armadi di   collezioni private o dagli archivi delle Maison&rdquo;.<\/em><\/p>\n<p><em>&ldquo;A distanza di oltre settant&rsquo;anni <\/em>&#8211; <strong>sottolinea l&rsquo;Architetto Luisa Papotti<\/strong>, <strong>Soprintendente Archeologia Belle Arti e Paesaggio per la Citt\u00e0 Metropolitana di Torino &#8211; <\/strong><em>gli   Appartamenti del complesso di Palazzo Reale tornano a ospitare   un&rsquo;iniziativa dedicata alla moda: era il 1946 quando l&rsquo;Ente Nazionale   della Moda proponeva a Palazzo Reale, tra le prime iniziative pubbliche   della fase repubblicana, una mostra di abiti sartoriali e una sfilata, a   significare il valore che la moda italiana, e quella torinese in   particolare, potevano avere per la rinascita del paese. Con Iconica \u2013 <\/em><strong>continua la Soprintendente<\/strong> &#8211;<em>,   le sale di Palazzo Chiablese, che hanno ospitato Paolina Bonaparte e la   Regina Margherita di Savoia, rinnovano una vocazione loro propria:   quella di fare da cornice, con la grazia incomparabile delle   architetture settecentesche, a figure femminili capaci di essere icone   del loro tempo. Gli specchi che scandiscono l&rsquo;infilata di sale degli   Appartamenti dei Duchi del Chiablese moltiplicano e riflettono le   creazioni di eccellenza dei grandi atelier storici torinesi, a   salvaguardare la memoria di una stagione unica, in cui la genialit\u00e0   delle sartorie e la qualit\u00e0 della produzione tessile faceva di Torino   una capitale dell&rsquo;eleganza.<\/em>&rdquo; <\/p>\n<p>La moda italiana \u00e8 nata a Torino. Il <strong>31 marzo 1911<\/strong> nel centro citt\u00e0 <strong>per la prima volta una donna torinese indoss\u00f2 un paio di pantaloni femminili<\/strong>. Si trattava di calzoni modello &lsquo;<strong>jupes-culottes<\/strong>&rsquo;   lanciati dal sarto parigino Paul Poiret all&rsquo;Esposizione Internazionale   dell&rsquo;Industria e Lavoro che si teneva nel capoluogo piemontese in quei   giorni. Per sfuggire al clamore che la vista di tale &lsquo;sfacciata&rsquo; mise   provoc\u00f2 nel pubblico a passeggio in piazza Carlo Felice, la signora   dovette rifugiarsi in una profumeria e uscire dal retro diverse ore   dopo. <\/p>\n<p>Con l&rsquo;<strong>Expo del 1911<\/strong> e il lussuoso <strong>Padiglione dedicato alla Moda<\/strong> si parl\u00f2 per la prima volta della nascita della &ldquo;<strong>Sartoria Italiana<\/strong>&rdquo; e Torino si consacr\u00f2 polo di riferimento al pari della vicina Parigi. <\/p>\n<p><strong>Nel 1935<\/strong> <strong>in citt\u00e0<\/strong> <strong>si apr\u00ec la sede dell&rsquo;Ente Nazionale della Moda<\/strong> e, nel novembre del <strong>1950,<\/strong> <strong>nacque il Samia, il primo salone della moda italiana<\/strong>.   Era una manifestazione unica in Italia che riscosse un grande successo   fino alla sua chiusura nel 1977. Per quasi tutto il XX secolo Torino \u00e8   stata capitale indiscussa della moda, seconda solo a Parigi. La forza   del settore torinese risiedeva, prima che nell&rsquo;originalit\u00e0, nell&rsquo;abilit\u00e0   sartoriale, un&rsquo;eccellenza artigiana che poteva vantare una grande e   ricca clientela in tutto il mondo. <\/p>\n<p>Occorre   arrivare all&rsquo;inizio degli anni &rsquo;60 perch\u00e9 il GFT (Gruppo Finanziario   Tessile) di Torino trasformi la produzione della moda da sartoriale a   industriale dando vita a una delle prime distribuzioni del pr\u00eat-\u00e0-porter   delle grandi case di moda. Per circa vent&rsquo;anni l&rsquo;azienda torinese fu il   principale polo produttivo e distributivo della moda italiana e non   solo lavorando per Valentino, Armani, Dior, Ungaro e molti altri marchi   prestigiosi. Con molteplici societ\u00e0, stabilimenti anche all&rsquo;estero e un   gran numero di marchi propri come Marus, Facis e Cori l&rsquo;azienda   rappresent\u00f2 un esempio di industria fiorente completamente torinese.   Furono invece gli anni &rsquo;90 a segnare il passaggio del testimone da   Torino capitale della moda a Milano, con la nascita della sua famosa   Fashion Week e l&rsquo;imporsi di nuovi brand nel panorama internazionale. <\/p>\n<p><strong>ICONICA 2019 <\/strong>\u2013<strong> che si<\/strong> <strong>inaugurer\u00e0 mercoled\u00ec 18 settembre<\/strong>,<strong> <\/strong>alle <strong>ore 19<\/strong>, con il vernissage della mostra organizzato <strong>in collaborazione con il <\/strong><strong>M\u00daSES<\/strong> (Museo delle Essenze di Savigliano) <strong>nella<\/strong> <strong>Galleria Marco Polo<\/strong> in corso Vittorio Emanuele II, 86 &#8211; racconter\u00e0 al pubblico una <strong>Torino che pullulava di<\/strong> <strong>piccole sartorie e grandi atelier <\/strong>che, <strong>dai primi del &lsquo;900 agli anni &rsquo;80<\/strong> e oltre, si avvicendavano, affiancavano e spartivano equamente un raffinato pubblico di fedeli clienti.  \u00a0 <\/p>\n<p>L&rsquo;atelier <strong>Vacchetta<\/strong> in <strong>via XX Settembre<\/strong>, &lsquo;<strong>Trinelli&rsquo;<\/strong> in <strong>piazza Castello<\/strong> sopra Baratti &amp; Milano, la &lsquo;<strong>Naide&rsquo;<\/strong>,   con la sua chicchissima direttrice Madame Biagine, al piano nobile   sopra il caff\u00e8 Platti, dove si poteva incontrare Marella Agnelli. Le   storiche &lsquo;<strong>sorelle Noussan&rsquo;<\/strong> in <strong>via Arcivescovado 1<\/strong>, le &lsquo;<strong>sorelle Cappa&rsquo;<\/strong> in <strong>via Pietro Micca<\/strong>, la &lsquo;<strong>Longo&rsquo;<\/strong> dietro <strong>via Cernaia<\/strong> e &lsquo;<strong>Maria Cristina&rsquo;<\/strong> in <strong>via Roma<\/strong>. E ancora, l&rsquo;atelier &lsquo;<strong>Solaro&rsquo;<\/strong> in <strong>piazza San Carlo<\/strong> sopra il Caff\u00e8 Torino, a fianco la maison &lsquo;<strong>Favro&rsquo;<\/strong>, famosa, oltre che per i sui capi, per gli arredi che sembrava non avessero nulla da invidiare a una reggia. In <strong>corso Vittorio Emanuele<\/strong> si susseguivano gli atelier di &lsquo;<strong>Sanlorenzo&rsquo; <\/strong>al numero 68 gi\u00e0 dal 1945, di &lsquo;<strong>Emi Badolato&rsquo;<\/strong> al 76, a fianco, al numero 74, sotto la pellicceria Tonio, riconosciuta come una delle migliori al mondo, si faceva largo <strong>un giovane Roccuzzo che avrebbe dominato gli anni &lsquo;80.<\/strong> Queste sono solo alcune delle tantissime sartorie di cui non si   incrocia che qualche abito e il racconto di chi \u00e8 rimasto testimone di   quell&rsquo;epoca. <\/p>\n<p><strong>Gioved\u00ec 19 settembre<\/strong>, gli <strong>Appartamenti Alfieriani<\/strong> di <strong>Palazzo Chiablese<\/strong> (piazza San Giovanni 2) apriranno al pubblico, <strong>d<\/strong><strong>alle 9 alle 18<\/strong>, ospitando la mostra &lsquo;<strong>Atelier. Torino artefice di eleganza&rsquo;<\/strong>. Nelle splendide sale di piazza San Giovanni si potranno ammirare <strong>circa 32 manichini con abiti iconici, <\/strong>corredati da pannelli informativi. Attraverso   questi vestiti, che mostrano tutta la loro intima forza oltre che   attualit\u00e0, indossati per eventi mondani cosmopoliti, feste private o   avvenimenti pubblici sar\u00e0 raccontata la storia delle pi\u00f9 famose delle   sartorie torinesi e Maison internazionali. <\/p>\n<p>A impreziosire l&rsquo;allestimento un importante nucleo &#8211; <strong>mai esposto prima<\/strong> &#8211; degli <strong>schizzi originali di modelli e cappelli della collezione di Pina Cerrato<\/strong>, celebre e storica modista. <\/p>\n<p><strong>La rassegna sar\u00e0 visibile, a ingresso gratuito, fino a domenica 22 <\/strong><strong>settembre (orari: gio. 19\/09 dalle 9 alle 18; ven. 20\/09 dalle 9 alle 18; sab. 21\/09 dalle 14 alle 18; domenica 22\/09 dalle 10 alle 18). <\/strong><\/p>\n<p><em>&ldquo;L&rsquo;immagine guida della rassegna \u00e8 una donna che cammina su una tavola imbandita al termine di un pranzo di festa \u2013 <\/em><strong>racconta Monica Bruno<\/strong> &#8211;<em>.   I colori scuri, i tagli di luce caravaggeschi riportano alle atmosfere   barocche e oniriche. Una tavola apparecchiata e sospesa nel tempo, come i   grandi balli importanti che venivano organizzati in citt\u00e0, di cui io   subisco particolarmente il fascino. Dai balli del secolo, generalmente   in maschera e a tema, ho preso lo spunto per l&rsquo;allestimento della sale.   Gli abiti per questi eventi mondani spesso venivano disegnati da grandi   stilisti. <\/em><em>La   mostra, che si articola in 8 sale, parte in modo didascalico   raccontando le origini di Torino capitale della moda e illustra il   rapporto dei grandi atelier con le Maison internazionali \u2013 <\/em><strong>spiega la curatrice<\/strong><em> -. L&rsquo;esplosione avviene nella Sala degli Arazzi, la quarta del   percorso, dove sar\u00e0 allestita una tavola da pranzo onirica, nel tempo e   fuori dal tempo, sopra la quale, con l&rsquo;aiuto Fan\u00e8 Vintage Decorations e   Pane e Tulipani Emporio Floreale, abbiamo deciso di appoggiare stoviglie   vintage, fiori, frutta, animali, centrotavola e tant&rsquo;altro con la   volont\u00e0 di riprodurre una tavola da sogno a tema e tipica delle grandi   feste ma che allo stesso tempo fosse anche contemporanea. Intorno ci   saranno 13 manichini alcuni seduti altri in piedi, tutti in   abbigliamento sartoriale sospesi nel tempo, pi\u00f9 un gatto inserito per i   pi\u00f9 superstiziosi<\/em> &rdquo;. <\/p>\n<p><strong>ICONICA \u00e8 un <\/strong><strong>progetto di Monica Bruno sviluppato da Francesca Lorenzoni e Stefania Manfr\u00e9. <\/strong><\/p>\n<p><strong>Per maggiori informazioni: <a href=\"http:\/\/www.iconicatorino.com\" target=\"_blank\" rel=\"noopener noreferrer\">www.iconicatorino.com<\/a> &#8211; <a href=\"https:\/\/drive.google.com\/file\/d\/10p0FEeKjwp2eaFgEcESDxGlPVnJSE8D9\/view\">Il programma completo <\/a>\u00a0<\/strong><\/p>\n","protected":false},"excerpt":{"rendered":"<p>Dopo il successo dello scorso anno, dal 19 al 22 settembre 2019 torna ICONICA, il format nato con l&rsquo;obiettivo di avvicinare il pubblico alle grandi e piccole storie di personaggi diventati icone del nostro tempo: dalla moda all&rsquo;arte, dalla letteratura alla musica, dal cinema al design. La seconda edizione della manifestazione, organizzata in collaborazione con [&hellip;]<\/p>\n","protected":false},"author":1,"featured_media":0,"comment_status":"closed","ping_status":"open","sticky":false,"template":"","format":"standard","meta":{"ngg_post_thumbnail":0},"categories":[54,1],"tags":[],"_links":{"self":[{"href":"http:\/\/www.spaziotorino.it\/scatto\/index.php?rest_route=\/wp\/v2\/posts\/18406"}],"collection":[{"href":"http:\/\/www.spaziotorino.it\/scatto\/index.php?rest_route=\/wp\/v2\/posts"}],"about":[{"href":"http:\/\/www.spaziotorino.it\/scatto\/index.php?rest_route=\/wp\/v2\/types\/post"}],"author":[{"embeddable":true,"href":"http:\/\/www.spaziotorino.it\/scatto\/index.php?rest_route=\/wp\/v2\/users\/1"}],"replies":[{"embeddable":true,"href":"http:\/\/www.spaziotorino.it\/scatto\/index.php?rest_route=%2Fwp%2Fv2%2Fcomments&post=18406"}],"version-history":[{"count":2,"href":"http:\/\/www.spaziotorino.it\/scatto\/index.php?rest_route=\/wp\/v2\/posts\/18406\/revisions"}],"predecessor-version":[{"id":18409,"href":"http:\/\/www.spaziotorino.it\/scatto\/index.php?rest_route=\/wp\/v2\/posts\/18406\/revisions\/18409"}],"wp:attachment":[{"href":"http:\/\/www.spaziotorino.it\/scatto\/index.php?rest_route=%2Fwp%2Fv2%2Fmedia&parent=18406"}],"wp:term":[{"taxonomy":"category","embeddable":true,"href":"http:\/\/www.spaziotorino.it\/scatto\/index.php?rest_route=%2Fwp%2Fv2%2Fcategories&post=18406"},{"taxonomy":"post_tag","embeddable":true,"href":"http:\/\/www.spaziotorino.it\/scatto\/index.php?rest_route=%2Fwp%2Fv2%2Ftags&post=18406"}],"curies":[{"name":"wp","href":"https:\/\/api.w.org\/{rel}","templated":true}]}}