{"id":1859,"date":"2011-07-11T15:16:05","date_gmt":"2011-07-11T14:16:05","guid":{"rendered":"http:\/\/www.spaziotorino.it\/scatto\/?p=1859"},"modified":"2011-07-12T09:22:18","modified_gmt":"2011-07-12T08:22:18","slug":"una-citta-on-line-24-ore-su-24","status":"publish","type":"post","link":"http:\/\/www.spaziotorino.it\/scatto\/?p=1859","title":{"rendered":"Una citt\u00e0 on-line, 24 ore su 24"},"content":{"rendered":"<p><a title=\"Il Sindaco mostra la carta Torino Facilissima\" rel=\"lightbox[set_316]\" href=\"http:\/\/www.spaziotorino.it\/scatto\/wp-content\/gallery\/2011_07_11_torinofacile\/1107_torinofacileimg_0946.jpg\"><br \/>\n<img decoding=\"async\" loading=\"lazy\" class=\"ngg-singlepic\" title=\"Il Sindaco mostra la carta Torino Facilissima\" src=\"http:\/\/www.spaziotorino.it\/scatto\/wp-content\/gallery\/2011_07_11_torinofacile\/1107_torinofacileimg_0946.jpg\" alt=\"\" width=\"540\" height=\"360\" \/><\/a><\/p>\n<!-- index.php -->\n<div\n\tclass=\"ngg-galleryoverview ngg-ajax-pagination-none\"\n\tid=\"ngg-gallery-012f7620375022f52ab0397d01a4df65-1\">\n\n    \t\t<!-- Thumbnails -->\n\t\t\t\t<div id=\"ngg-image-0\" class=\"ngg-gallery-thumbnail-box\" >\n\t\t\t\t        <div class=\"ngg-gallery-thumbnail\">\n            <a href=\"http:\/\/www.spaziotorino.it\/scatto\/wp-content\/gallery\/2011_07_11_torinofacile\/1107_torinofacileimg_0885.jpg\"\n               title=\"Franco Carcillo, Piero Fassino e Stefano Gallo\"\n               data-src=\"http:\/\/www.spaziotorino.it\/scatto\/wp-content\/gallery\/2011_07_11_torinofacile\/1107_torinofacileimg_0885.jpg\"\n               data-thumbnail=\"http:\/\/www.spaziotorino.it\/scatto\/wp-content\/gallery\/2011_07_11_torinofacile\/thumbs\/thumbs_1107_torinofacileimg_0885.jpg\"\n               data-image-id=\"5214\"\n               data-title=\"Franco Carcillo, Piero Fassino e Stefano Gallo\"\n               data-description=\"Franco Carcillo, Piero Fassino e Stefano Gallo\"\n               data-image-slug=\"franco-carcillo-piero-fassino-e-stefano-gallo\"\n               class=\"ngg-fancybox\" rel=\"012f7620375022f52ab0397d01a4df65\">\n                <img\n                    title=\"Franco Carcillo, Piero Fassino e Stefano Gallo\"\n                    alt=\"Franco Carcillo, Piero Fassino e Stefano Gallo\"\n                    src=\"http:\/\/www.spaziotorino.it\/scatto\/wp-content\/gallery\/2011_07_11_torinofacile\/cache\/1107_torinofacileimg_0885.jpg-nggid045214-ngg0dyn-60x60x100-00f0w010c011r110f110r010t010.jpg\"\n                    width=\"60\"\n                    height=\"60\"\n                    style=\"max-width:100%;\"\n                \/>\n            <\/a>\n        <\/div>\n\t\t\t\t\t\t\t<\/div> \n\t\t\t\n        \n\t\t\t\t<div id=\"ngg-image-1\" class=\"ngg-gallery-thumbnail-box\" >\n\t\t\t\t        <div class=\"ngg-gallery-thumbnail\">\n            <a href=\"http:\/\/www.spaziotorino.it\/scatto\/wp-content\/gallery\/2011_07_11_torinofacile\/1107_torinofacileimg_0901.jpg\"\n               title=\"L\\&#039;anagrafe da casa tua\"\n               data-src=\"http:\/\/www.spaziotorino.it\/scatto\/wp-content\/gallery\/2011_07_11_torinofacile\/1107_torinofacileimg_0901.jpg\"\n               data-thumbnail=\"http:\/\/www.spaziotorino.it\/scatto\/wp-content\/gallery\/2011_07_11_torinofacile\/thumbs\/thumbs_1107_torinofacileimg_0901.jpg\"\n               data-image-id=\"5215\"\n               data-title=\"L\\&#039;anagrafe da casa tua\"\n               data-description=\"L&#039;anagrafe da casa tua\"\n               data-image-slug=\"lanagrafe-da-casa-tua\"\n               class=\"ngg-fancybox\" rel=\"012f7620375022f52ab0397d01a4df65\">\n                <img\n                    title=\"L\\&#039;anagrafe da casa tua\"\n                    alt=\"L\\&#039;anagrafe da casa tua\"\n                    src=\"http:\/\/www.spaziotorino.it\/scatto\/wp-content\/gallery\/2011_07_11_torinofacile\/cache\/1107_torinofacileimg_0901.jpg-nggid045215-ngg0dyn-60x60x100-00f0w010c011r110f110r010t010.jpg\"\n                    width=\"60\"\n                    height=\"60\"\n                    style=\"max-width:100%;\"\n                \/>\n            <\/a>\n        <\/div>\n\t\t\t\t\t\t\t<\/div> \n\t\t\t\n        \n\t\t\t\t<div id=\"ngg-image-2\" class=\"ngg-gallery-thumbnail-box\" >\n\t\t\t\t        <div class=\"ngg-gallery-thumbnail\">\n            <a href=\"http:\/\/www.spaziotorino.it\/scatto\/wp-content\/gallery\/2011_07_11_torinofacile\/1107_torinofacileimg_0904.jpg\"\n               title=\"Torino Facilissima\"\n               data-src=\"http:\/\/www.spaziotorino.it\/scatto\/wp-content\/gallery\/2011_07_11_torinofacile\/1107_torinofacileimg_0904.jpg\"\n               data-thumbnail=\"http:\/\/www.spaziotorino.it\/scatto\/wp-content\/gallery\/2011_07_11_torinofacile\/thumbs\/thumbs_1107_torinofacileimg_0904.jpg\"\n               data-image-id=\"5216\"\n               data-title=\"Torino Facilissima\"\n               data-description=\"Torino Facilissima\"\n               data-image-slug=\"torino-facilissima\"\n               class=\"ngg-fancybox\" rel=\"012f7620375022f52ab0397d01a4df65\">\n                <img\n                    title=\"Torino Facilissima\"\n                    alt=\"Torino Facilissima\"\n                    src=\"http:\/\/www.spaziotorino.it\/scatto\/wp-content\/gallery\/2011_07_11_torinofacile\/cache\/1107_torinofacileimg_0904.jpg-nggid045216-ngg0dyn-60x60x100-00f0w010c011r110f110r010t010.jpg\"\n                    width=\"60\"\n                    height=\"60\"\n                    style=\"max-width:100%;\"\n                \/>\n            <\/a>\n        <\/div>\n\t\t\t\t\t\t\t<\/div> \n\t\t\t\n        \n\t\t\t\t<div id=\"ngg-image-3\" class=\"ngg-gallery-thumbnail-box\" >\n\t\t\t\t        <div class=\"ngg-gallery-thumbnail\">\n            <a href=\"http:\/\/www.spaziotorino.it\/scatto\/wp-content\/gallery\/2011_07_11_torinofacile\/1107_torinofacileimg_0922.jpg\"\n               title=\"Piero Fassino e Stefano Gallo\"\n               data-src=\"http:\/\/www.spaziotorino.it\/scatto\/wp-content\/gallery\/2011_07_11_torinofacile\/1107_torinofacileimg_0922.jpg\"\n               data-thumbnail=\"http:\/\/www.spaziotorino.it\/scatto\/wp-content\/gallery\/2011_07_11_torinofacile\/thumbs\/thumbs_1107_torinofacileimg_0922.jpg\"\n               data-image-id=\"5217\"\n               data-title=\"Piero Fassino e Stefano Gallo\"\n               data-description=\"Piero Fassino e Stefano Gallo\"\n               data-image-slug=\"piero-fassino-e-stefano-gallo\"\n               class=\"ngg-fancybox\" rel=\"012f7620375022f52ab0397d01a4df65\">\n                <img\n                    title=\"Piero Fassino e Stefano Gallo\"\n                    alt=\"Piero Fassino e Stefano Gallo\"\n                    src=\"http:\/\/www.spaziotorino.it\/scatto\/wp-content\/gallery\/2011_07_11_torinofacile\/cache\/1107_torinofacileimg_0922.jpg-nggid045217-ngg0dyn-60x60x100-00f0w010c011r110f110r010t010.jpg\"\n                    width=\"60\"\n                    height=\"60\"\n                    style=\"max-width:100%;\"\n                \/>\n            <\/a>\n        <\/div>\n\t\t\t\t\t\t\t<\/div> \n\t\t\t\n        \n\t\t\t\t<div id=\"ngg-image-4\" class=\"ngg-gallery-thumbnail-box\" >\n\t\t\t\t        <div class=\"ngg-gallery-thumbnail\">\n            <a href=\"http:\/\/www.spaziotorino.it\/scatto\/wp-content\/gallery\/2011_07_11_torinofacile\/1107_torinofacileimg_0946.jpg\"\n               title=\"Il Sindaco mostra la carta Torino Facilissima\"\n               data-src=\"http:\/\/www.spaziotorino.it\/scatto\/wp-content\/gallery\/2011_07_11_torinofacile\/1107_torinofacileimg_0946.jpg\"\n               data-thumbnail=\"http:\/\/www.spaziotorino.it\/scatto\/wp-content\/gallery\/2011_07_11_torinofacile\/thumbs\/thumbs_1107_torinofacileimg_0946.jpg\"\n               data-image-id=\"5218\"\n               data-title=\"Il Sindaco mostra la carta Torino Facilissima\"\n               data-description=\"Il Sindaco mostra la carta Torino Facilissima\"\n               data-image-slug=\"il-sindaco-mostra-la-carta-torino-facilissima\"\n               class=\"ngg-fancybox\" rel=\"012f7620375022f52ab0397d01a4df65\">\n                <img\n                    title=\"Il Sindaco mostra la carta Torino Facilissima\"\n                    alt=\"Il Sindaco mostra la carta Torino Facilissima\"\n                    src=\"http:\/\/www.spaziotorino.it\/scatto\/wp-content\/gallery\/2011_07_11_torinofacile\/cache\/1107_torinofacileimg_0946.jpg-nggid045218-ngg0dyn-60x60x100-00f0w010c011r110f110r010t010.jpg\"\n                    width=\"60\"\n                    height=\"60\"\n                    style=\"max-width:100%;\"\n                \/>\n            <\/a>\n        <\/div>\n\t\t\t\t\t\t\t<\/div> \n\t\t\t\n        \n\t\t\t\t<div id=\"ngg-image-5\" class=\"ngg-gallery-thumbnail-box\" >\n\t\t\t\t        <div class=\"ngg-gallery-thumbnail\">\n            <a href=\"http:\/\/www.spaziotorino.it\/scatto\/wp-content\/gallery\/2011_07_11_torinofacile\/1107_torinofacileimg_0952.jpg\"\n               title=\"L\\&#039;Assessore Gallo intervistato dalle TV locali\"\n               data-src=\"http:\/\/www.spaziotorino.it\/scatto\/wp-content\/gallery\/2011_07_11_torinofacile\/1107_torinofacileimg_0952.jpg\"\n               data-thumbnail=\"http:\/\/www.spaziotorino.it\/scatto\/wp-content\/gallery\/2011_07_11_torinofacile\/thumbs\/thumbs_1107_torinofacileimg_0952.jpg\"\n               data-image-id=\"5219\"\n               data-title=\"L\\&#039;Assessore Gallo intervistato dalle TV locali\"\n               data-description=\"L&#039;Assessore Gallo intervistato dalle TV locali\"\n               data-image-slug=\"lassessore-gallo-intervistato-dalle-tv-locali\"\n               class=\"ngg-fancybox\" rel=\"012f7620375022f52ab0397d01a4df65\">\n                <img\n                    title=\"L\\&#039;Assessore Gallo intervistato dalle TV locali\"\n                    alt=\"L\\&#039;Assessore Gallo intervistato dalle TV locali\"\n                    src=\"http:\/\/www.spaziotorino.it\/scatto\/wp-content\/gallery\/2011_07_11_torinofacile\/cache\/1107_torinofacileimg_0952.jpg-nggid045219-ngg0dyn-60x60x100-00f0w010c011r110f110r010t010.jpg\"\n                    width=\"60\"\n                    height=\"60\"\n                    style=\"max-width:100%;\"\n                \/>\n            <\/a>\n        <\/div>\n\t\t\t\t\t\t\t<\/div> \n\t\t\t\n        \n\t\t\t\t<div id=\"ngg-image-6\" class=\"ngg-gallery-thumbnail-box\" >\n\t\t\t\t        <div class=\"ngg-gallery-thumbnail\">\n            <a href=\"http:\/\/www.spaziotorino.it\/scatto\/wp-content\/gallery\/2011_07_11_torinofacile\/1107_torinofacileimg_0964.jpg\"\n               title=\"L\\&#039;Assessore Gallo mostra i servizi online del sito del Comune di Torino\"\n               data-src=\"http:\/\/www.spaziotorino.it\/scatto\/wp-content\/gallery\/2011_07_11_torinofacile\/1107_torinofacileimg_0964.jpg\"\n               data-thumbnail=\"http:\/\/www.spaziotorino.it\/scatto\/wp-content\/gallery\/2011_07_11_torinofacile\/thumbs\/thumbs_1107_torinofacileimg_0964.jpg\"\n               data-image-id=\"5220\"\n               data-title=\"L\\&#039;Assessore Gallo mostra i servizi online del sito del Comune di Torino\"\n               data-description=\"L&#039;Assessore Gallo mostra i servizi online del sito del Comune di Torino\"\n               data-image-slug=\"lassessore-gallo-mostra-i-servizi-online-del-sito-del-comune-di-torino\"\n               class=\"ngg-fancybox\" rel=\"012f7620375022f52ab0397d01a4df65\">\n                <img\n                    title=\"L\\&#039;Assessore Gallo mostra i servizi online del sito del Comune di Torino\"\n                    alt=\"L\\&#039;Assessore Gallo mostra i servizi online del sito del Comune di Torino\"\n                    src=\"http:\/\/www.spaziotorino.it\/scatto\/wp-content\/gallery\/2011_07_11_torinofacile\/cache\/1107_torinofacileimg_0964.jpg-nggid045220-ngg0dyn-60x60x100-00f0w010c011r110f110r010t010.jpg\"\n                    width=\"60\"\n                    height=\"60\"\n                    style=\"max-width:100%;\"\n                \/>\n            <\/a>\n        <\/div>\n\t\t\t\t\t\t\t<\/div> \n\t\t\t\n        \n\t\t\n\t\t<!-- Pagination -->\n\t<div class='ngg-clear'><\/div>\t<\/div>\n\n<p>Un Comune virtuoso perch\u00e9 virtuale; dove per virtuale s\u2019intende la possibilit\u00e0 di poter ottenere una serie di servizi comunali, come certificati, cambi d\u2019indirizzo, o pagare le infrazioni al codice della strada, presso la propria abitazione.<br \/>\nAccade a Torino citt\u00e0 classificata dal Forum PA primo Comune capoluogo con la migliore qualit\u00e0 dei servizi internet offerti.<br \/>\nSu un massimo di 100, il sito torinese <a href=\"http:\/\/www.comune.torino.it\">www.comune.torino.it<\/a> &#8211; diretto da Franco Carcillo &#8211;  ha ottenuto 91,7 punti per l\u2019area riservata ai \u201cServizi on line\u201d e per quella dei \u201cProcedimenti Amministrativi\u201d, mentre l\u2019enplein lo ha totalizzato alla voce \u201cBandi di Gara e di Concorso\u201d.<br \/>\nIntervenendo alla conferenza stampa: \u201cTorino capitale dell\u2019egovernment\u201d il Sindaco, Piero Fassino ha ricordato che: \u201cTorino deve e vuole essere capitale dell\u2019innovazione\u201d. \u201cIl nostro obiettivo \u2013 ha aggiunto il Sindaco Fassino &#8211; \u00e8 quello di portare sempre pi\u00f9 il Comune a domicilio e far s\u00ec che molti dei servizi richiesti agli sportelli comunali si possano ottenere comodamente e rapidamente a casa propria.<br \/>\nAnche grazie a ci\u00f2 la Citt\u00e0 \u00e8, dunque, sempre pi\u00f9 coerente con la scelta di condividere, nonch\u00e9 partecipare ai progetti europei di Smart City\u201d.<br \/>\nNel solco di un Comune sempre pi\u00f9 digitalizzato anche la tessera Torino Facilissima (con i suoi 66.000 possessori) contribuisce a far s\u00ec che sempre meno cittadini si rechino di persona presso le anagrafi cittadine.<br \/>\nCresce, dunque, l\u2019interesse dei torinesi verso questa nuova modalit\u00e0 di interazione con l\u2019Amministrazione comunale attraverso internet. \u201cQuesta carta \u2013 afferma l\u2019assessore ai servizi civici, sistemi informativi, sport e tempo libero, Stefano Gallo \u2013 che dal prossimo 15 luglio sar\u00e0 possibile richiedere anche presso gli sportelli dell\u2019anagrafe centrale, rappresenta non tanto un punto di arrivo, quanto un ulteriore stimolo a migliorare, innovare e disegnare un\u2019 Amministrazione pi\u00f9 vicina ai cittadini, aperta all\u2019ascolto, \u2018on-line\u2019 24 ore su 24 e, ovviamente, sempre pi\u00f9 digitale. In questo senso va inserito anche l\u2019accordo appena siglato con Roma e Provincia, Venezia e la Regione Sardegna per Free Italia WiFi, la prima rete Internet senza fili, ad accesso gratuito, per le pubbliche amministrazioni di tutto il territorio nazionale. Con la carta Torino Facilissima sar\u00e0 possibile accedere alle reti di questi Enti\u201d.<br \/>\nI numeri della Torino virtuale dove l\u2019e-government \u00e8 una pratica sono pi\u00f9 che significativi, nonch\u00e9 incoraggianti. Infatti, i servizi telematici della Citt\u00e0 si riconfermano all\u2019avanguardia in Italia con 125 milioni di pagine lette, una media di 260.000 utenti unici e la presenza sui social network Facebook e Twitter (oltre 12.000 lettori).<br \/>\nAlla voce \u201ccertificati\u201d, nel primo semestre del 2011 sono stati stampati autonomamente dagli utenti, comodamente a casa, oltre 28.600 certificati di anagrafe e stato civile, con un trend significativo che passa da 60 certificati al giorno del 2010 agli oltre 160 al giorno nei primi sei mesi del 2011.<\/p>\n","protected":false},"excerpt":{"rendered":"<p>Un Comune virtuoso perch\u00e9 virtuale; dove per virtuale s\u2019intende la possibilit\u00e0 di poter ottenere una serie di servizi comunali, come certificati, cambi d\u2019indirizzo, o pagare le infrazioni al codice della strada, presso la propria abitazione. Accade a Torino citt\u00e0 classificata dal Forum PA primo Comune capoluogo con la migliore qualit\u00e0 dei servizi internet offerti. Su [&hellip;]<\/p>\n","protected":false},"author":1,"featured_media":0,"comment_status":"closed","ping_status":"open","sticky":false,"template":"","format":"standard","meta":{"ngg_post_thumbnail":0},"categories":[1,895],"tags":[3760,3660,3039,3534,3607,3838],"_links":{"self":[{"href":"http:\/\/www.spaziotorino.it\/scatto\/index.php?rest_route=\/wp\/v2\/posts\/1859"}],"collection":[{"href":"http:\/\/www.spaziotorino.it\/scatto\/index.php?rest_route=\/wp\/v2\/posts"}],"about":[{"href":"http:\/\/www.spaziotorino.it\/scatto\/index.php?rest_route=\/wp\/v2\/types\/post"}],"author":[{"embeddable":true,"href":"http:\/\/www.spaziotorino.it\/scatto\/index.php?rest_route=\/wp\/v2\/users\/1"}],"replies":[{"embeddable":true,"href":"http:\/\/www.spaziotorino.it\/scatto\/index.php?rest_route=%2Fwp%2Fv2%2Fcomments&post=1859"}],"version-history":[{"count":2,"href":"http:\/\/www.spaziotorino.it\/scatto\/index.php?rest_route=\/wp\/v2\/posts\/1859\/revisions"}],"predecessor-version":[{"id":1861,"href":"http:\/\/www.spaziotorino.it\/scatto\/index.php?rest_route=\/wp\/v2\/posts\/1859\/revisions\/1861"}],"wp:attachment":[{"href":"http:\/\/www.spaziotorino.it\/scatto\/index.php?rest_route=%2Fwp%2Fv2%2Fmedia&parent=1859"}],"wp:term":[{"taxonomy":"category","embeddable":true,"href":"http:\/\/www.spaziotorino.it\/scatto\/index.php?rest_route=%2Fwp%2Fv2%2Fcategories&post=1859"},{"taxonomy":"post_tag","embeddable":true,"href":"http:\/\/www.spaziotorino.it\/scatto\/index.php?rest_route=%2Fwp%2Fv2%2Ftags&post=1859"}],"curies":[{"name":"wp","href":"https:\/\/api.w.org\/{rel}","templated":true}]}}