{"id":18618,"date":"2019-10-08T16:08:11","date_gmt":"2019-10-08T15:08:11","guid":{"rendered":"http:\/\/www.spaziotorino.it\/scatto\/?p=18618"},"modified":"2019-10-08T16:08:11","modified_gmt":"2019-10-08T15:08:11","slug":"remida-il-riuso-creativo-trasforma-lo-scarto-in-arte","status":"publish","type":"post","link":"http:\/\/www.spaziotorino.it\/scatto\/?p=18618","title":{"rendered":"Remida, il riuso creativo trasforma lo scarto in arte"},"content":{"rendered":"<p><a class=\"ngg-fancybox\" title=\"Remida, il riuso creativo trasforma lo scarto in arte\" href=\"http:\/\/www.spaziotorino.it\/scatto\/wp-content\/gallery\/2019_10_08_remida\/pla_2595.jpg\" rel=\"083837b756e7d2f4dfead95493ad895f\"><br \/>\n<img decoding=\"async\" loading=\"lazy\" class=\"ngg-singlepic\" title=\"Remida, il riuso creativo trasforma lo scarto in arte\" src=\"http:\/\/www.spaziotorino.it\/scatto\/wp-content\/gallery\/2019_10_08_remida\/pla_2595.jpg\" alt=\"\" width=\"540\" height=\"360\"\/><\/a><\/p>\n<!-- index.php -->\n<div\n\tclass=\"ngg-galleryoverview ngg-ajax-pagination-none\"\n\tid=\"ngg-gallery-d46a2c367cf9a7e4a3ffd8d411205f60-1\">\n\n    \t\t<!-- Thumbnails -->\n\t\t\t\t<div id=\"ngg-image-0\" class=\"ngg-gallery-thumbnail-box\" >\n\t\t\t\t        <div class=\"ngg-gallery-thumbnail\">\n            <a href=\"http:\/\/www.spaziotorino.it\/scatto\/wp-content\/gallery\/2019_10_08_remida\/pla_2564.jpg\"\n               title=\"Centro di Riuso Creativo &quot;Remida&quot;\"\n               data-src=\"http:\/\/www.spaziotorino.it\/scatto\/wp-content\/gallery\/2019_10_08_remida\/pla_2564.jpg\"\n               data-thumbnail=\"http:\/\/www.spaziotorino.it\/scatto\/wp-content\/gallery\/2019_10_08_remida\/thumbs\/thumbs_pla_2564.jpg\"\n               data-image-id=\"23464\"\n               data-title=\"Centro di Riuso Creativo &quot;Remida&quot;\"\n               data-description=\"Centro di Riuso Creativo &quot;Remida&quot;\"\n               data-image-slug=\"pla_2564\"\n               class=\"ngg-fancybox\" rel=\"d46a2c367cf9a7e4a3ffd8d411205f60\">\n                <img\n                    title=\"Centro di Riuso Creativo &quot;Remida&quot;\"\n                    alt=\"Centro di Riuso Creativo &quot;Remida&quot;\"\n                    src=\"http:\/\/www.spaziotorino.it\/scatto\/wp-content\/gallery\/2019_10_08_remida\/cache\/pla_2564.jpg-nggid0523464-ngg0dyn-60x60x100-00f0w010c011r110f110r010t010.jpg\"\n                    width=\"60\"\n                    height=\"60\"\n                    style=\"max-width:100%;\"\n                \/>\n            <\/a>\n        <\/div>\n\t\t\t\t\t\t\t<\/div> \n\t\t\t\n        \n\t\t\t\t<div id=\"ngg-image-1\" class=\"ngg-gallery-thumbnail-box\" >\n\t\t\t\t        <div class=\"ngg-gallery-thumbnail\">\n            <a href=\"http:\/\/www.spaziotorino.it\/scatto\/wp-content\/gallery\/2019_10_08_remida\/pla_2571.jpg\"\n               title=\"Un momento dell&#039;inaugurazione del Centro\"\n               data-src=\"http:\/\/www.spaziotorino.it\/scatto\/wp-content\/gallery\/2019_10_08_remida\/pla_2571.jpg\"\n               data-thumbnail=\"http:\/\/www.spaziotorino.it\/scatto\/wp-content\/gallery\/2019_10_08_remida\/thumbs\/thumbs_pla_2571.jpg\"\n               data-image-id=\"23465\"\n               data-title=\"Un momento dell&#039;inaugurazione del Centro\"\n               data-description=\"Un momento dell&#039;inaugurazione del Centro\"\n               data-image-slug=\"pla_2571\"\n               class=\"ngg-fancybox\" rel=\"d46a2c367cf9a7e4a3ffd8d411205f60\">\n                <img\n                    title=\"Un momento dell&#039;inaugurazione del Centro\"\n                    alt=\"Un momento dell&#039;inaugurazione del Centro\"\n                    src=\"http:\/\/www.spaziotorino.it\/scatto\/wp-content\/gallery\/2019_10_08_remida\/cache\/pla_2571.jpg-nggid0523465-ngg0dyn-60x60x100-00f0w010c011r110f110r010t010.jpg\"\n                    width=\"60\"\n                    height=\"60\"\n                    style=\"max-width:100%;\"\n                \/>\n            <\/a>\n        <\/div>\n\t\t\t\t\t\t\t<\/div> \n\t\t\t\n        \n\t\t\t\t<div id=\"ngg-image-2\" class=\"ngg-gallery-thumbnail-box\" >\n\t\t\t\t        <div class=\"ngg-gallery-thumbnail\">\n            <a href=\"http:\/\/www.spaziotorino.it\/scatto\/wp-content\/gallery\/2019_10_08_remida\/pla_2579.jpg\"\n               title=\"L&#039;installazione-laboratorio didattico &quot;Casa Corepla&quot;\"\n               data-src=\"http:\/\/www.spaziotorino.it\/scatto\/wp-content\/gallery\/2019_10_08_remida\/pla_2579.jpg\"\n               data-thumbnail=\"http:\/\/www.spaziotorino.it\/scatto\/wp-content\/gallery\/2019_10_08_remida\/thumbs\/thumbs_pla_2579.jpg\"\n               data-image-id=\"23466\"\n               data-title=\"L&#039;installazione-laboratorio didattico &quot;Casa Corepla&quot;\"\n               data-description=\"L&#039;installazione-laboratorio didattico &quot;Casa Corepla&quot;\"\n               data-image-slug=\"pla_2579\"\n               class=\"ngg-fancybox\" rel=\"d46a2c367cf9a7e4a3ffd8d411205f60\">\n                <img\n                    title=\"L&#039;installazione-laboratorio didattico &quot;Casa Corepla&quot;\"\n                    alt=\"L&#039;installazione-laboratorio didattico &quot;Casa Corepla&quot;\"\n                    src=\"http:\/\/www.spaziotorino.it\/scatto\/wp-content\/gallery\/2019_10_08_remida\/cache\/pla_2579.jpg-nggid0523466-ngg0dyn-60x60x100-00f0w010c011r110f110r010t010.jpg\"\n                    width=\"60\"\n                    height=\"60\"\n                    style=\"max-width:100%;\"\n                \/>\n            <\/a>\n        <\/div>\n\t\t\t\t\t\t\t<\/div> \n\t\t\t\n        \n\t\t\t\t<div id=\"ngg-image-3\" class=\"ngg-gallery-thumbnail-box\" >\n\t\t\t\t        <div class=\"ngg-gallery-thumbnail\">\n            <a href=\"http:\/\/www.spaziotorino.it\/scatto\/wp-content\/gallery\/2019_10_08_remida\/pla_2593.jpg\"\n               title=\"Centro di Riuso Creativo &quot;Remida&quot;\"\n               data-src=\"http:\/\/www.spaziotorino.it\/scatto\/wp-content\/gallery\/2019_10_08_remida\/pla_2593.jpg\"\n               data-thumbnail=\"http:\/\/www.spaziotorino.it\/scatto\/wp-content\/gallery\/2019_10_08_remida\/thumbs\/thumbs_pla_2593.jpg\"\n               data-image-id=\"23467\"\n               data-title=\"Centro di Riuso Creativo &quot;Remida&quot;\"\n               data-description=\"Centro di Riuso Creativo &quot;Remida&quot;\"\n               data-image-slug=\"pla_2593\"\n               class=\"ngg-fancybox\" rel=\"d46a2c367cf9a7e4a3ffd8d411205f60\">\n                <img\n                    title=\"Centro di Riuso Creativo &quot;Remida&quot;\"\n                    alt=\"Centro di Riuso Creativo &quot;Remida&quot;\"\n                    src=\"http:\/\/www.spaziotorino.it\/scatto\/wp-content\/gallery\/2019_10_08_remida\/cache\/pla_2593.jpg-nggid0523467-ngg0dyn-60x60x100-00f0w010c011r110f110r010t010.jpg\"\n                    width=\"60\"\n                    height=\"60\"\n                    style=\"max-width:100%;\"\n                \/>\n            <\/a>\n        <\/div>\n\t\t\t\t\t\t\t<\/div> \n\t\t\t\n        \n\t\t\t\t<div id=\"ngg-image-4\" class=\"ngg-gallery-thumbnail-box\" >\n\t\t\t\t        <div class=\"ngg-gallery-thumbnail\">\n            <a href=\"http:\/\/www.spaziotorino.it\/scatto\/wp-content\/gallery\/2019_10_08_remida\/pla_2595.jpg\"\n               title=\"Centro di Riuso Creativo &quot;Remida&quot;\"\n               data-src=\"http:\/\/www.spaziotorino.it\/scatto\/wp-content\/gallery\/2019_10_08_remida\/pla_2595.jpg\"\n               data-thumbnail=\"http:\/\/www.spaziotorino.it\/scatto\/wp-content\/gallery\/2019_10_08_remida\/thumbs\/thumbs_pla_2595.jpg\"\n               data-image-id=\"23468\"\n               data-title=\"Centro di Riuso Creativo &quot;Remida&quot;\"\n               data-description=\"Centro di Riuso Creativo &quot;Remida&quot;\"\n               data-image-slug=\"pla_2595\"\n               class=\"ngg-fancybox\" rel=\"d46a2c367cf9a7e4a3ffd8d411205f60\">\n                <img\n                    title=\"Centro di Riuso Creativo &quot;Remida&quot;\"\n                    alt=\"Centro di Riuso Creativo &quot;Remida&quot;\"\n                    src=\"http:\/\/www.spaziotorino.it\/scatto\/wp-content\/gallery\/2019_10_08_remida\/cache\/pla_2595.jpg-nggid0523468-ngg0dyn-60x60x100-00f0w010c011r110f110r010t010.jpg\"\n                    width=\"60\"\n                    height=\"60\"\n                    style=\"max-width:100%;\"\n                \/>\n            <\/a>\n        <\/div>\n\t\t\t\t\t\t\t<\/div> \n\t\t\t\n        \n\t\t\t\t<div id=\"ngg-image-5\" class=\"ngg-gallery-thumbnail-box\" >\n\t\t\t\t        <div class=\"ngg-gallery-thumbnail\">\n            <a href=\"http:\/\/www.spaziotorino.it\/scatto\/wp-content\/gallery\/2019_10_08_remida\/pla_2619.jpg\"\n               title=\"L&#039;installazione-laboratorio didattico &quot;Casa Corepla&quot;\"\n               data-src=\"http:\/\/www.spaziotorino.it\/scatto\/wp-content\/gallery\/2019_10_08_remida\/pla_2619.jpg\"\n               data-thumbnail=\"http:\/\/www.spaziotorino.it\/scatto\/wp-content\/gallery\/2019_10_08_remida\/thumbs\/thumbs_pla_2619.jpg\"\n               data-image-id=\"23469\"\n               data-title=\"L&#039;installazione-laboratorio didattico &quot;Casa Corepla&quot;\"\n               data-description=\"L&#039;installazione-laboratorio didattico &quot;Casa Corepla&quot;\"\n               data-image-slug=\"pla_2619\"\n               class=\"ngg-fancybox\" rel=\"d46a2c367cf9a7e4a3ffd8d411205f60\">\n                <img\n                    title=\"L&#039;installazione-laboratorio didattico &quot;Casa Corepla&quot;\"\n                    alt=\"L&#039;installazione-laboratorio didattico &quot;Casa Corepla&quot;\"\n                    src=\"http:\/\/www.spaziotorino.it\/scatto\/wp-content\/gallery\/2019_10_08_remida\/cache\/pla_2619.jpg-nggid0523469-ngg0dyn-60x60x100-00f0w010c011r110f110r010t010.jpg\"\n                    width=\"60\"\n                    height=\"60\"\n                    style=\"max-width:100%;\"\n                \/>\n            <\/a>\n        <\/div>\n\t\t\t\t\t\t\t<\/div> \n\t\t\t\n        \n\t\t\t\t<div id=\"ngg-image-6\" class=\"ngg-gallery-thumbnail-box\" >\n\t\t\t\t        <div class=\"ngg-gallery-thumbnail\">\n            <a href=\"http:\/\/www.spaziotorino.it\/scatto\/wp-content\/gallery\/2019_10_08_remida\/pla_2620.jpg\"\n               title=\"Un momento della presentazione del nuovo Centro Remid\"\n               data-src=\"http:\/\/www.spaziotorino.it\/scatto\/wp-content\/gallery\/2019_10_08_remida\/pla_2620.jpg\"\n               data-thumbnail=\"http:\/\/www.spaziotorino.it\/scatto\/wp-content\/gallery\/2019_10_08_remida\/thumbs\/thumbs_pla_2620.jpg\"\n               data-image-id=\"23470\"\n               data-title=\"Un momento della presentazione del nuovo Centro Remida\"\n               data-description=\"Un momento della presentazione del nuovo Centro Remid\"\n               data-image-slug=\"pla_2620\"\n               class=\"ngg-fancybox\" rel=\"d46a2c367cf9a7e4a3ffd8d411205f60\">\n                <img\n                    title=\"Un momento della presentazione del nuovo Centro Remida\"\n                    alt=\"Un momento della presentazione del nuovo Centro Remida\"\n                    src=\"http:\/\/www.spaziotorino.it\/scatto\/wp-content\/gallery\/2019_10_08_remida\/cache\/pla_2620.jpg-nggid0523470-ngg0dyn-60x60x100-00f0w010c011r110f110r010t010.jpg\"\n                    width=\"60\"\n                    height=\"60\"\n                    style=\"max-width:100%;\"\n                \/>\n            <\/a>\n        <\/div>\n\t\t\t\t\t\t\t<\/div> \n\t\t\t\n        \n\t\t\t\t<div id=\"ngg-image-7\" class=\"ngg-gallery-thumbnail-box\" >\n\t\t\t\t        <div class=\"ngg-gallery-thumbnail\">\n            <a href=\"http:\/\/www.spaziotorino.it\/scatto\/wp-content\/gallery\/2019_10_08_remida\/pla_2625.jpg\"\n               title=\"Gli Assessori Unia e Di Martino presenti all&#039;inaugurazione\"\n               data-src=\"http:\/\/www.spaziotorino.it\/scatto\/wp-content\/gallery\/2019_10_08_remida\/pla_2625.jpg\"\n               data-thumbnail=\"http:\/\/www.spaziotorino.it\/scatto\/wp-content\/gallery\/2019_10_08_remida\/thumbs\/thumbs_pla_2625.jpg\"\n               data-image-id=\"23471\"\n               data-title=\"Gli Assessori Unia e Di Martino presenti all&#039;inaugurazione\"\n               data-description=\"Gli Assessori Unia e Di Martino presenti all&#039;inaugurazione\"\n               data-image-slug=\"pla_2625\"\n               class=\"ngg-fancybox\" rel=\"d46a2c367cf9a7e4a3ffd8d411205f60\">\n                <img\n                    title=\"Gli Assessori Unia e Di Martino presenti all&#039;inaugurazione\"\n                    alt=\"Gli Assessori Unia e Di Martino presenti all&#039;inaugurazione\"\n                    src=\"http:\/\/www.spaziotorino.it\/scatto\/wp-content\/gallery\/2019_10_08_remida\/cache\/pla_2625.jpg-nggid0523471-ngg0dyn-60x60x100-00f0w010c011r110f110r010t010.jpg\"\n                    width=\"60\"\n                    height=\"60\"\n                    style=\"max-width:100%;\"\n                \/>\n            <\/a>\n        <\/div>\n\t\t\t\t\t\t\t<\/div> \n\t\t\t\n        \n\t\t\t\t<div id=\"ngg-image-8\" class=\"ngg-gallery-thumbnail-box\" >\n\t\t\t\t        <div class=\"ngg-gallery-thumbnail\">\n            <a href=\"http:\/\/www.spaziotorino.it\/scatto\/wp-content\/gallery\/2019_10_08_remida\/pla_2652.jpg\"\n               title=\"L&#039;installazione-laboratorio didattico &quot;Casa Corepla&quot;\"\n               data-src=\"http:\/\/www.spaziotorino.it\/scatto\/wp-content\/gallery\/2019_10_08_remida\/pla_2652.jpg\"\n               data-thumbnail=\"http:\/\/www.spaziotorino.it\/scatto\/wp-content\/gallery\/2019_10_08_remida\/thumbs\/thumbs_pla_2652.jpg\"\n               data-image-id=\"23473\"\n               data-title=\"L&#039;installazione-laboratorio didattico &quot;Casa Corepla&quot;\"\n               data-description=\"L&#039;installazione-laboratorio didattico &quot;Casa Corepla&quot;\"\n               data-image-slug=\"pla_2652\"\n               class=\"ngg-fancybox\" rel=\"d46a2c367cf9a7e4a3ffd8d411205f60\">\n                <img\n                    title=\"L&#039;installazione-laboratorio didattico &quot;Casa Corepla&quot;\"\n                    alt=\"L&#039;installazione-laboratorio didattico &quot;Casa Corepla&quot;\"\n                    src=\"http:\/\/www.spaziotorino.it\/scatto\/wp-content\/gallery\/2019_10_08_remida\/cache\/pla_2652.jpg-nggid0523473-ngg0dyn-60x60x100-00f0w010c011r110f110r010t010.jpg\"\n                    width=\"60\"\n                    height=\"60\"\n                    style=\"max-width:100%;\"\n                \/>\n            <\/a>\n        <\/div>\n\t\t\t\t\t\t\t<\/div> \n\t\t\t\n        \n\t\t\t\t<div id=\"ngg-image-9\" class=\"ngg-gallery-thumbnail-box\" >\n\t\t\t\t        <div class=\"ngg-gallery-thumbnail\">\n            <a href=\"http:\/\/www.spaziotorino.it\/scatto\/wp-content\/gallery\/2019_10_08_remida\/pla_2653.jpg\"\n               title=\"L&#039;installazione-laboratorio didattico &quot;Casa Corepla&quot;\"\n               data-src=\"http:\/\/www.spaziotorino.it\/scatto\/wp-content\/gallery\/2019_10_08_remida\/pla_2653.jpg\"\n               data-thumbnail=\"http:\/\/www.spaziotorino.it\/scatto\/wp-content\/gallery\/2019_10_08_remida\/thumbs\/thumbs_pla_2653.jpg\"\n               data-image-id=\"23474\"\n               data-title=\"L&#039;installazione-laboratorio didattico &quot;Casa Corepla&quot;\"\n               data-description=\"L&#039;installazione-laboratorio didattico &quot;Casa Corepla&quot;\"\n               data-image-slug=\"pla_2653\"\n               class=\"ngg-fancybox\" rel=\"d46a2c367cf9a7e4a3ffd8d411205f60\">\n                <img\n                    title=\"L&#039;installazione-laboratorio didattico &quot;Casa Corepla&quot;\"\n                    alt=\"L&#039;installazione-laboratorio didattico &quot;Casa Corepla&quot;\"\n                    src=\"http:\/\/www.spaziotorino.it\/scatto\/wp-content\/gallery\/2019_10_08_remida\/cache\/pla_2653.jpg-nggid0523474-ngg0dyn-60x60x100-00f0w010c011r110f110r010t010.jpg\"\n                    width=\"60\"\n                    height=\"60\"\n                    style=\"max-width:100%;\"\n                \/>\n            <\/a>\n        <\/div>\n\t\t\t\t\t\t\t<\/div> \n\t\t\t\n        \n\t\t\t\t<div id=\"ngg-image-10\" class=\"ngg-gallery-thumbnail-box\" >\n\t\t\t\t        <div class=\"ngg-gallery-thumbnail\">\n            <a href=\"http:\/\/www.spaziotorino.it\/scatto\/wp-content\/gallery\/2019_10_08_remida\/pla_2657.jpg\"\n               title=\"Centro di Riuso Creativo &quot;Remida&quot;\"\n               data-src=\"http:\/\/www.spaziotorino.it\/scatto\/wp-content\/gallery\/2019_10_08_remida\/pla_2657.jpg\"\n               data-thumbnail=\"http:\/\/www.spaziotorino.it\/scatto\/wp-content\/gallery\/2019_10_08_remida\/thumbs\/thumbs_pla_2657.jpg\"\n               data-image-id=\"23475\"\n               data-title=\"Centro di Riuso Creativo &quot;Remida&quot;\"\n               data-description=\"Centro di Riuso Creativo &quot;Remida&quot;\"\n               data-image-slug=\"pla_2657\"\n               class=\"ngg-fancybox\" rel=\"d46a2c367cf9a7e4a3ffd8d411205f60\">\n                <img\n                    title=\"Centro di Riuso Creativo &quot;Remida&quot;\"\n                    alt=\"Centro di Riuso Creativo &quot;Remida&quot;\"\n                    src=\"http:\/\/www.spaziotorino.it\/scatto\/wp-content\/gallery\/2019_10_08_remida\/cache\/pla_2657.jpg-nggid0523475-ngg0dyn-60x60x100-00f0w010c011r110f110r010t010.jpg\"\n                    width=\"60\"\n                    height=\"60\"\n                    style=\"max-width:100%;\"\n                \/>\n            <\/a>\n        <\/div>\n\t\t\t\t\t\t\t<\/div> \n\t\t\t\n        \n\t\t\t\t<div id=\"ngg-image-11\" class=\"ngg-gallery-thumbnail-box\" >\n\t\t\t\t        <div class=\"ngg-gallery-thumbnail\">\n            <a href=\"http:\/\/www.spaziotorino.it\/scatto\/wp-content\/gallery\/2019_10_08_remida\/pla_2663.jpg\"\n               title=\"Centro di Riuso Creativo &quot;Remida&quot;\"\n               data-src=\"http:\/\/www.spaziotorino.it\/scatto\/wp-content\/gallery\/2019_10_08_remida\/pla_2663.jpg\"\n               data-thumbnail=\"http:\/\/www.spaziotorino.it\/scatto\/wp-content\/gallery\/2019_10_08_remida\/thumbs\/thumbs_pla_2663.jpg\"\n               data-image-id=\"23476\"\n               data-title=\"Centro di Riuso Creativo &quot;Remida&quot;\"\n               data-description=\"Centro di Riuso Creativo &quot;Remida&quot;\"\n               data-image-slug=\"pla_2663\"\n               class=\"ngg-fancybox\" rel=\"d46a2c367cf9a7e4a3ffd8d411205f60\">\n                <img\n                    title=\"Centro di Riuso Creativo &quot;Remida&quot;\"\n                    alt=\"Centro di Riuso Creativo &quot;Remida&quot;\"\n                    src=\"http:\/\/www.spaziotorino.it\/scatto\/wp-content\/gallery\/2019_10_08_remida\/cache\/pla_2663.jpg-nggid0523476-ngg0dyn-60x60x100-00f0w010c011r110f110r010t010.jpg\"\n                    width=\"60\"\n                    height=\"60\"\n                    style=\"max-width:100%;\"\n                \/>\n            <\/a>\n        <\/div>\n\t\t\t\t\t\t\t<\/div> \n\t\t\t\n        \n\t\t\t\t<div id=\"ngg-image-12\" class=\"ngg-gallery-thumbnail-box\" >\n\t\t\t\t        <div class=\"ngg-gallery-thumbnail\">\n            <a href=\"http:\/\/www.spaziotorino.it\/scatto\/wp-content\/gallery\/2019_10_08_remida\/pla_2691.jpg\"\n               title=\"Il taglio del nastro\"\n               data-src=\"http:\/\/www.spaziotorino.it\/scatto\/wp-content\/gallery\/2019_10_08_remida\/pla_2691.jpg\"\n               data-thumbnail=\"http:\/\/www.spaziotorino.it\/scatto\/wp-content\/gallery\/2019_10_08_remida\/thumbs\/thumbs_pla_2691.jpg\"\n               data-image-id=\"23477\"\n               data-title=\"Il taglio del nastro\"\n               data-description=\"Il taglio del nastro\"\n               data-image-slug=\"pla_2691\"\n               class=\"ngg-fancybox\" rel=\"d46a2c367cf9a7e4a3ffd8d411205f60\">\n                <img\n                    title=\"Il taglio del nastro\"\n                    alt=\"Il taglio del nastro\"\n                    src=\"http:\/\/www.spaziotorino.it\/scatto\/wp-content\/gallery\/2019_10_08_remida\/cache\/pla_2691.jpg-nggid0523477-ngg0dyn-60x60x100-00f0w010c011r110f110r010t010.jpg\"\n                    width=\"60\"\n                    height=\"60\"\n                    style=\"max-width:100%;\"\n                \/>\n            <\/a>\n        <\/div>\n\t\t\t\t\t\t\t<\/div> \n\t\t\t\n        \n\t\t\t\t<div id=\"ngg-image-13\" class=\"ngg-gallery-thumbnail-box\" >\n\t\t\t\t        <div class=\"ngg-gallery-thumbnail\">\n            <a href=\"http:\/\/www.spaziotorino.it\/scatto\/wp-content\/gallery\/2019_10_08_remida\/pla_2701.jpg\"\n               title=\"L&#039;allestimento a cura del Dipartimento Educazione Castello di Rivoli\"\n               data-src=\"http:\/\/www.spaziotorino.it\/scatto\/wp-content\/gallery\/2019_10_08_remida\/pla_2701.jpg\"\n               data-thumbnail=\"http:\/\/www.spaziotorino.it\/scatto\/wp-content\/gallery\/2019_10_08_remida\/thumbs\/thumbs_pla_2701.jpg\"\n               data-image-id=\"23478\"\n               data-title=\"L&#039;allestimento a cura del Dipartimento Educazione Castello di Rivoli\"\n               data-description=\"L&#039;allestimento a cura del Dipartimento Educazione Castello di Rivoli\"\n               data-image-slug=\"pla_2701\"\n               class=\"ngg-fancybox\" rel=\"d46a2c367cf9a7e4a3ffd8d411205f60\">\n                <img\n                    title=\"L&#039;allestimento a cura del Dipartimento Educazione Castello di Rivoli\"\n                    alt=\"L&#039;allestimento a cura del Dipartimento Educazione Castello di Rivoli\"\n                    src=\"http:\/\/www.spaziotorino.it\/scatto\/wp-content\/gallery\/2019_10_08_remida\/cache\/pla_2701.jpg-nggid0523478-ngg0dyn-60x60x100-00f0w010c011r110f110r010t010.jpg\"\n                    width=\"60\"\n                    height=\"60\"\n                    style=\"max-width:100%;\"\n                \/>\n            <\/a>\n        <\/div>\n\t\t\t\t\t\t\t<\/div> \n\t\t\t\n        \n\t\t\t\t<div id=\"ngg-image-14\" class=\"ngg-gallery-thumbnail-box\" >\n\t\t\t\t        <div class=\"ngg-gallery-thumbnail\">\n            <a href=\"http:\/\/www.spaziotorino.it\/scatto\/wp-content\/gallery\/2019_10_08_remida\/pla_2712.jpg\"\n               title=\"Centro di Riuso Creativo &quot;Remida&quot;\"\n               data-src=\"http:\/\/www.spaziotorino.it\/scatto\/wp-content\/gallery\/2019_10_08_remida\/pla_2712.jpg\"\n               data-thumbnail=\"http:\/\/www.spaziotorino.it\/scatto\/wp-content\/gallery\/2019_10_08_remida\/thumbs\/thumbs_pla_2712.jpg\"\n               data-image-id=\"23479\"\n               data-title=\"Centro di Riuso Creativo &quot;Remida&quot;\"\n               data-description=\"Centro di Riuso Creativo &quot;Remida&quot;\"\n               data-image-slug=\"pla_2712\"\n               class=\"ngg-fancybox\" rel=\"d46a2c367cf9a7e4a3ffd8d411205f60\">\n                <img\n                    title=\"Centro di Riuso Creativo &quot;Remida&quot;\"\n                    alt=\"Centro di Riuso Creativo &quot;Remida&quot;\"\n                    src=\"http:\/\/www.spaziotorino.it\/scatto\/wp-content\/gallery\/2019_10_08_remida\/cache\/pla_2712.jpg-nggid0523479-ngg0dyn-60x60x100-00f0w010c011r110f110r010t010.jpg\"\n                    width=\"60\"\n                    height=\"60\"\n                    style=\"max-width:100%;\"\n                \/>\n            <\/a>\n        <\/div>\n\t\t\t\t\t\t\t<\/div> \n\t\t\t\n        \n\t\t\t\t<div id=\"ngg-image-15\" class=\"ngg-gallery-thumbnail-box\" >\n\t\t\t\t        <div class=\"ngg-gallery-thumbnail\">\n            <a href=\"http:\/\/www.spaziotorino.it\/scatto\/wp-content\/gallery\/2019_10_08_remida\/pla_2743.jpg\"\n               title=\"Laboratorio didattico &quot;Casa Corepla&quot;\"\n               data-src=\"http:\/\/www.spaziotorino.it\/scatto\/wp-content\/gallery\/2019_10_08_remida\/pla_2743.jpg\"\n               data-thumbnail=\"http:\/\/www.spaziotorino.it\/scatto\/wp-content\/gallery\/2019_10_08_remida\/thumbs\/thumbs_pla_2743.jpg\"\n               data-image-id=\"23480\"\n               data-title=\"Laboratorio didattico &quot;Casa Corepla&quot;\"\n               data-description=\"Laboratorio didattico &quot;Casa Corepla&quot;\"\n               data-image-slug=\"pla_2743\"\n               class=\"ngg-fancybox\" rel=\"d46a2c367cf9a7e4a3ffd8d411205f60\">\n                <img\n                    title=\"Laboratorio didattico &quot;Casa Corepla&quot;\"\n                    alt=\"Laboratorio didattico &quot;Casa Corepla&quot;\"\n                    src=\"http:\/\/www.spaziotorino.it\/scatto\/wp-content\/gallery\/2019_10_08_remida\/cache\/pla_2743.jpg-nggid0523480-ngg0dyn-60x60x100-00f0w010c011r110f110r010t010.jpg\"\n                    width=\"60\"\n                    height=\"60\"\n                    style=\"max-width:100%;\"\n                \/>\n            <\/a>\n        <\/div>\n\t\t\t\t\t\t\t<\/div> \n\t\t\t\n        \n\t\t\t\t<div id=\"ngg-image-16\" class=\"ngg-gallery-thumbnail-box\" >\n\t\t\t\t        <div class=\"ngg-gallery-thumbnail\">\n            <a href=\"http:\/\/www.spaziotorino.it\/scatto\/wp-content\/gallery\/2019_10_08_remida\/pla_2750.jpg\"\n               title=\"L&#039;attestato di partecipazione ai laboratori didattici di &quot;Casa Corepla&quot;\"\n               data-src=\"http:\/\/www.spaziotorino.it\/scatto\/wp-content\/gallery\/2019_10_08_remida\/pla_2750.jpg\"\n               data-thumbnail=\"http:\/\/www.spaziotorino.it\/scatto\/wp-content\/gallery\/2019_10_08_remida\/thumbs\/thumbs_pla_2750.jpg\"\n               data-image-id=\"23481\"\n               data-title=\"L&#039;attestato di partecipazione ai laboratori didattici di &quot;Casa Corepla&quot;\"\n               data-description=\"L&#039;attestato di partecipazione ai laboratori didattici di &quot;Casa Corepla&quot;\"\n               data-image-slug=\"pla_2750\"\n               class=\"ngg-fancybox\" rel=\"d46a2c367cf9a7e4a3ffd8d411205f60\">\n                <img\n                    title=\"L&#039;attestato di partecipazione ai laboratori didattici di &quot;Casa Corepla&quot;\"\n                    alt=\"L&#039;attestato di partecipazione ai laboratori didattici di &quot;Casa Corepla&quot;\"\n                    src=\"http:\/\/www.spaziotorino.it\/scatto\/wp-content\/gallery\/2019_10_08_remida\/cache\/pla_2750.jpg-nggid0523481-ngg0dyn-60x60x100-00f0w010c011r110f110r010t010.jpg\"\n                    width=\"60\"\n                    height=\"60\"\n                    style=\"max-width:100%;\"\n                \/>\n            <\/a>\n        <\/div>\n\t\t\t\t\t\t\t<\/div> \n\t\t\t\n        \n\t\t\t\t<div id=\"ngg-image-17\" class=\"ngg-gallery-thumbnail-box\" >\n\t\t\t\t        <div class=\"ngg-gallery-thumbnail\">\n            <a href=\"http:\/\/www.spaziotorino.it\/scatto\/wp-content\/gallery\/2019_10_08_remida\/pla_2763.jpg\"\n               title=\"Centro di Riuso Creativo &quot;Remida&quot;\"\n               data-src=\"http:\/\/www.spaziotorino.it\/scatto\/wp-content\/gallery\/2019_10_08_remida\/pla_2763.jpg\"\n               data-thumbnail=\"http:\/\/www.spaziotorino.it\/scatto\/wp-content\/gallery\/2019_10_08_remida\/thumbs\/thumbs_pla_2763.jpg\"\n               data-image-id=\"23482\"\n               data-title=\"Centro di Riuso Creativo &quot;Remida&quot;\"\n               data-description=\"Centro di Riuso Creativo &quot;Remida&quot;\"\n               data-image-slug=\"pla_2763\"\n               class=\"ngg-fancybox\" rel=\"d46a2c367cf9a7e4a3ffd8d411205f60\">\n                <img\n                    title=\"Centro di Riuso Creativo &quot;Remida&quot;\"\n                    alt=\"Centro di Riuso Creativo &quot;Remida&quot;\"\n                    src=\"http:\/\/www.spaziotorino.it\/scatto\/wp-content\/gallery\/2019_10_08_remida\/cache\/pla_2763.jpg-nggid0523482-ngg0dyn-60x60x100-00f0w010c011r110f110r010t010.jpg\"\n                    width=\"60\"\n                    height=\"60\"\n                    style=\"max-width:100%;\"\n                \/>\n            <\/a>\n        <\/div>\n\t\t\t\t\t\t\t<\/div> \n\t\t\t\n        \n\t\t\n\t\t<!-- Pagination -->\n\t<div class='ngg-clear'><\/div>\t<\/div>\n\n<p>Riapre le porte il Centro di riuso creativo Remida. Il suo obiettivo \u00e8 la&nbsp;<strong>raccolta e la distribuzione di materiali recuperati<\/strong>: carta, cartone, ceramica, plastica, cordami, cuoio, gomma, legno, \u2026; questi materiali sono a disposizione di scuole e associazioni, per essere riutilizzati e valorizzati. Questa mattina \u00e8 stato inaugurato alla presenza degli assessori Di Martino e Unia, del presidente Corepla Ciotti e del presidente Amiat Aimaro.<span id=\"more-85437\"><\/span><\/p>\n<p>Attraverso il recupero creativo dei materiali si sensibilizzano le giovani generazioni sul tema dei limiti dello sviluppo e della solidariet\u00e0 possibile tra uomo e ambiente favorendo lo scambio di idee, esperienze e progetti fra le scuole.<\/p>\n<p>In occasione dell\u2019inaugurazione, il mese di ottobre \u00e8 interamente dedicato all\u2019educazione alla sostenibilit\u00e0 ambientale<strong>.&nbsp;<\/strong>Per due settimane,&nbsp;<strong>dall\u20198 al 19 ottobre<\/strong>, il Centro ospiter\u00e0 \u201c<strong>Casa Corepla\u201d<\/strong>, l\u2019installazione didattica che il Consorzio nazionale per la raccolta, il riciclo e il recupero degli imballaggi in plastica ha reso itinerante nelle citt\u00e0 italiane.<\/p>\n<p>Il 22 e il 23 ottobre il workshop \u201c<strong>Lessico e Nuvole<\/strong>. Le parole del cambiamento climatico\u201d \u00e8 rivolto a insegnanti e docenti di ogni ordine a grado. Un progetto di&nbsp;<strong>Iter<\/strong>&nbsp;con il contributo dell\u2019Universit\u00e0 di Torino.&nbsp;Il 25 ottobre Remida ospita \u201c<strong>Climathon young<\/strong>\u201d, una sezione dedicata all\u2019infanzia all\u2019interno della maratona internazionale di Climathon.<\/p>\n<p>Remida riapre dopo un anno di chiusura per adeguarsi alle norme di sicurezza e si rilancia, come afferma&nbsp;<strong>Antonietta Di Martino<\/strong>, assessora all\u2019Istruzione: \u201cNon \u00e8 soltanto un magazzino ma sede di attivit\u00e0 formative, workshop, seminari ed eventi per la diffusione di buone pratiche di sostenibilit\u00e0 ambientale e di economia circolare, che pu\u00f2 contare sull\u2019impegno quotidiano di Iter e sulla collaborazione e il lavoro di tante persone, enti e istituzioni\u201d, Anche l\u2019assessore all\u2019Ambiente&nbsp;<strong>Alberto Unia<\/strong>, presente all\u2019inaugurazione,&nbsp; ha sottolineato \u201cla presenza del tema della sostenibilit\u00e0 e del riuso in modo trasversale nelle politiche dell\u2019Amministrazione e nelle azioni degli assessorati: c\u2019\u00e8 grande attenzione da parte di tutti. Remida \u00e8 soltanto un esempio delle iniziative che la Citt\u00e0 mette in campo per una corretta informazione ambientale\u201d.<\/p>\n<p><strong>Il Centro di riuso creativo<\/strong><\/p>\n<p>Il Centro Remida di Torino \u00e8 frutto della collaborazione tra&nbsp;<strong>Iter<\/strong>&nbsp;\u2013 Istituzione torinese per l\u2019educazione responsabile della&nbsp;<strong>Citt\u00e0 di Torino<\/strong>&nbsp;\u2013 e il&nbsp;<strong>Dipartimento Educazione Castello di Rivoli Museo d\u2019Arte Contemporanea<\/strong>, partner storico di Iter sin dagli anni Novanta.<\/p>\n<p>La struttura \u00e8 parte di una&nbsp;<strong>rete<\/strong>&nbsp;che fa capo al centro di riuso creativo di&nbsp;<strong>Reggio Emilia<\/strong>, primo in Italia a proporre questo modello di centro educativo. La rete \u00e8 ormai internazionale ed \u00e8 composta da&nbsp;<strong>14 centri<\/strong>, di cui 8 in Italia.<\/p>\n<p>Remida intende promuovere un nuovo modello di sviluppo sostenibile e si propone di diventare punto di riferimento per le giovani generazioni, in sintonia con la grande attenzione del momento attuale rispetto alla difesa del Pianeta.<\/p>\n<p>Particolare attenzione \u00e8 stata dedicata all\u2019<strong>allestimento<\/strong>: non solo magazzino, ma spazio polifunzionale. Un luogo pensato per facilitare la distribuzione dei materiali di recupero, provenienti da aziende del territorio, promuovendo al contempo una rinnovata idea di cultura della sostenibilit\u00e0. Un esempio virtuoso di economia circolare. Il progetto condiviso con il&nbsp;<strong>Dipartimento Educazione Castello di Rivoli<\/strong>, a partire dall\u2019organizzazione dello spazio \u00e8 pensato per valorizzare i materiali e le loro qualit\u00e0 specifiche. Infatti, quando l\u2019oggetto cessa di esistere in quanto&nbsp;<em>funzione<\/em>, dell\u2019oggetto stesso si possono ammirare la&nbsp;<em>forma<\/em>, il&nbsp;<em>colore<\/em>&nbsp;e la&nbsp;<em>materia<\/em>&nbsp;\u2013 contenuti propri dell\u2019opera d\u2019arte. Gli scarti sono cos\u00ec intesi come preziose risorse per una diversa e rinnovata educazione estetica. Afferma&nbsp;<strong>Anna Pironti<\/strong>, responsabile capo del Dipartimento Educazione: \u201cL\u2019arte contemporanea si intreccia con le emergenze del tempo presente su cui si concentra l\u2019attenzione dei giovani, come la salvaguardia del Pianeta e la necessit\u00e0 di promuovere un nuovo paradigma di sviluppo sostenibile all\u2019insegna dell\u2019Economia circolare\u201d.<\/p>\n<p><strong>\u201dCasa Corepla\u201d<\/strong><\/p>\n<p>Per festeggiare la riapertura del Centro, la&nbsp;<strong>Citt\u00e0 di Torino<\/strong>&nbsp;e&nbsp;<strong>Corepla<\/strong>&nbsp;promuovono,&nbsp;<strong>in collaborazione con Amiat Gruppo Iren<\/strong>, l\u2019installazione-laboratorio didattico \u201cCasa Corepla\u201d. Aperta ai bambini delle scuole primarie e alle loro famiglie per informare ed educare alla raccolta differenziata degli imballaggi in plastica, l\u2019installazione riproduce gli interni di un appartamento. La visita inizia in salotto dove gli animatori ambientali, con l\u2019ausilio di video e presentazioni interattive, illustrano la&nbsp;<strong>funzione odierna dell\u2019imballaggio<\/strong>; il tour prosegue in cucina per imparare a&nbsp;<strong>conferire gli imballaggi nella raccolta differenziata<\/strong>; infine, i bambini sono condotti nella stanza dei giochi per trasformare&nbsp;<strong>gli imballaggi raccolti in nuovi oggetti<\/strong>. Nelle tre stanze vengono proposte attivit\u00e0 ludico-didattiche e creative; i piccoli e le loro famiglie possono inoltre provare un\u2019esperienza di realt\u00e0 aumentata, replicabile a casa o a scuola, e viaggiare virtualmente nel mondo del riciclo con il video a 360 gradi \u201cPlastic Wonderland\u201d.<\/p>\n<p>Fino al 19 ottobre, 50 classi di una ventina di scuole torinesi, per un totale di oltre 1000 giovani studenti, hanno gi\u00e0 prenotato la visita didattica.&nbsp;<strong>Anche senza prenotazione, \u201cCasa Corepla\u201d rimane visitabile a bambini e famiglie sabato 12 e 19 ottobre dalle ore 9.30 alle 13.<\/strong><\/p>\n<p>\u201cTorniamo a Torino a poche settimane di distanza dalla presentazione del progetto pilota di prevenzione del&nbsp;<em>river litter<\/em>&nbsp;e l\u2019installazione delle prime barriere sul tratto cittadino del fiume Po \u2013 sottolinea&nbsp;<strong>Antonello Ciotti<\/strong>, presidente di Corepla -. Insegnare la corretta gestione dei rifiuti a terra \u00e8 il gesto pi\u00f9 importante per preservare le nostre citt\u00e0, i nostri fiumi e i nostri mari: \u00e8 questa l\u2019idea di presente e di futuro su cui vogliamo concentrare le attivit\u00e0 e i giochi dei bambini in visita a Casa Corepla. Oggi nelle stanze della \u201ccasa del riciclo\u201d ritroviamo Amministrazione cittadina, scuole, mondo imprenditoriale, realt\u00e0 artistico-creative e associazioni. \u00c8 la dimostrazione della bont\u00e0 del lavoro di squadra, lo stesso alla base dei numeri della raccolta degli imballaggi in plastica in Piemonte: non solo a Torino, nel 2018 la raccolta ha registrato valori in crescita in tutte le province e a livello regionale (21,5 kg\/ab) ha superato la media di raccolta pro capite nazionale (20,1 kg\/ab)\u201d.<\/p>\n<p>\u201cRemida e Casa Corepla \u2013 dichiara il presidente di Amiat Gruppo Iren&nbsp;<strong>Christian Aimaro&nbsp;<\/strong>\u2013 costituiscono un esempio concreto di quanto sia importante offrire ai ragazzi e ai cittadini in genere esperienze tangibili di recupero e riciclo dei materiali e di come semplici azioni quotidiane, che tutti noi portiamo a termine ogni giorno, possano contribuire significativamente alla salvaguardia dell\u2019ambiente in cui viviamo\u201d.<\/p>\n","protected":false},"excerpt":{"rendered":"<p>Riapre le porte il Centro di riuso creativo Remida. Il suo obiettivo \u00e8 la&nbsp;raccolta e la distribuzione di materiali recuperati: carta, cartone, ceramica, plastica, cordami, cuoio, gomma, legno, \u2026; questi materiali sono a disposizione di scuole e associazioni, per essere riutilizzati e valorizzati. Questa mattina \u00e8 stato inaugurato alla presenza degli assessori Di Martino e [&hellip;]<\/p>\n","protected":false},"author":1,"featured_media":0,"comment_status":"closed","ping_status":"open","sticky":false,"template":"","format":"standard","meta":{"ngg_post_thumbnail":0},"categories":[1,41],"tags":[],"_links":{"self":[{"href":"http:\/\/www.spaziotorino.it\/scatto\/index.php?rest_route=\/wp\/v2\/posts\/18618"}],"collection":[{"href":"http:\/\/www.spaziotorino.it\/scatto\/index.php?rest_route=\/wp\/v2\/posts"}],"about":[{"href":"http:\/\/www.spaziotorino.it\/scatto\/index.php?rest_route=\/wp\/v2\/types\/post"}],"author":[{"embeddable":true,"href":"http:\/\/www.spaziotorino.it\/scatto\/index.php?rest_route=\/wp\/v2\/users\/1"}],"replies":[{"embeddable":true,"href":"http:\/\/www.spaziotorino.it\/scatto\/index.php?rest_route=%2Fwp%2Fv2%2Fcomments&post=18618"}],"version-history":[{"count":2,"href":"http:\/\/www.spaziotorino.it\/scatto\/index.php?rest_route=\/wp\/v2\/posts\/18618\/revisions"}],"predecessor-version":[{"id":18620,"href":"http:\/\/www.spaziotorino.it\/scatto\/index.php?rest_route=\/wp\/v2\/posts\/18618\/revisions\/18620"}],"wp:attachment":[{"href":"http:\/\/www.spaziotorino.it\/scatto\/index.php?rest_route=%2Fwp%2Fv2%2Fmedia&parent=18618"}],"wp:term":[{"taxonomy":"category","embeddable":true,"href":"http:\/\/www.spaziotorino.it\/scatto\/index.php?rest_route=%2Fwp%2Fv2%2Fcategories&post=18618"},{"taxonomy":"post_tag","embeddable":true,"href":"http:\/\/www.spaziotorino.it\/scatto\/index.php?rest_route=%2Fwp%2Fv2%2Ftags&post=18618"}],"curies":[{"name":"wp","href":"https:\/\/api.w.org\/{rel}","templated":true}]}}