{"id":1862,"date":"2011-07-12T16:07:11","date_gmt":"2011-07-12T15:07:11","guid":{"rendered":"http:\/\/www.spaziotorino.it\/scatto\/?p=1862"},"modified":"2011-07-13T14:32:29","modified_gmt":"2011-07-13T13:32:29","slug":"il-sindaco-e-il-consiglio-comunale-incontrano-larcivescovo-cesare-nosiglia","status":"publish","type":"post","link":"http:\/\/www.spaziotorino.it\/scatto\/?p=1862","title":{"rendered":"Il Sindaco e il Consiglio Comunale incontrano l&#8217;Arcivescovo Cesare Nosiglia"},"content":{"rendered":"<p><iframe data-cc-src=\"https:\/\/www.youtube-nocookie.com\/embed\/CP1tDnnRrZs\" title=\"YouTube video player\" data-consent=\"youtube\" data-block=\"show\" allow=\"accelerometer; autoplay; clipboard-write; encrypted-media; gyroscope; picture-in-picture\" allowfullscreen=\"\" width=\"540\" height=\"360\" frameborder=\"0\"><\/iframe><br \/>\n<a title=\"Il Sindaco e il Consiglio Comunale incontrano l'Arcivescovo Cesare Nosiglia\" rel=\"lightbox[set_317]\" href=\"http:\/\/www.spaziotorino.it\/scatto\/wp-content\/gallery\/2011_07_12_nosiglia\/1207_nosiglia_1160.jpg\"><br \/>\n<img decoding=\"async\" loading=\"lazy\" class=\"ngg-singlepic\" title=\"Il Sindaco e il Consiglio Comunale incontrano l'Arcivescovo Cesare Nosiglia\" src=\"http:\/\/www.spaziotorino.it\/scatto\/wp-content\/gallery\/2011_07_12_nosiglia\/1207_nosiglia_1160.jpg\" alt=\"\" width=\"540\" height=\"360\" \/><\/a><\/p>\n<!-- index.php -->\n<div\n\tclass=\"ngg-galleryoverview ngg-ajax-pagination-none\"\n\tid=\"ngg-gallery-73bcc6d7ae902b477799eb5daf3379a1-1\">\n\n    \t\t<!-- Thumbnails -->\n\t\t\t\t<div id=\"ngg-image-0\" class=\"ngg-gallery-thumbnail-box\" >\n\t\t\t\t        <div class=\"ngg-gallery-thumbnail\">\n            <a href=\"http:\/\/www.spaziotorino.it\/scatto\/wp-content\/gallery\/2011_07_12_nosiglia\/1207_nosiglia_0981.jpg\"\n               title=\"L\\&#039;Arcivescovo Nosiglia arriva a Palazzo Civico\"\n               data-src=\"http:\/\/www.spaziotorino.it\/scatto\/wp-content\/gallery\/2011_07_12_nosiglia\/1207_nosiglia_0981.jpg\"\n               data-thumbnail=\"http:\/\/www.spaziotorino.it\/scatto\/wp-content\/gallery\/2011_07_12_nosiglia\/thumbs\/thumbs_1207_nosiglia_0981.jpg\"\n               data-image-id=\"5221\"\n               data-title=\"L\\&#039;Arcivescovo Nosiglia arriva a Palazzo Civico\"\n               data-description=\"L&#039;Arcivescovo Nosiglia arriva a Palazzo Civico\"\n               data-image-slug=\"larcivescovo-nosiglia-arriva-a-palazzo-civico\"\n               class=\"ngg-fancybox\" rel=\"73bcc6d7ae902b477799eb5daf3379a1\">\n                <img\n                    title=\"L\\&#039;Arcivescovo Nosiglia arriva a Palazzo Civico\"\n                    alt=\"L\\&#039;Arcivescovo Nosiglia arriva a Palazzo Civico\"\n                    src=\"http:\/\/www.spaziotorino.it\/scatto\/wp-content\/gallery\/2011_07_12_nosiglia\/cache\/1207_nosiglia_0981.jpg-nggid045221-ngg0dyn-60x60x100-00f0w010c011r110f110r010t010.jpg\"\n                    width=\"60\"\n                    height=\"60\"\n                    style=\"max-width:100%;\"\n                \/>\n            <\/a>\n        <\/div>\n\t\t\t\t\t\t\t<\/div> \n\t\t\t\n        \n\t\t\t\t<div id=\"ngg-image-1\" class=\"ngg-gallery-thumbnail-box\" >\n\t\t\t\t        <div class=\"ngg-gallery-thumbnail\">\n            <a href=\"http:\/\/www.spaziotorino.it\/scatto\/wp-content\/gallery\/2011_07_12_nosiglia\/1207_nosiglia_0986.jpg\"\n               title=\"Piero Fassino accoglie Cesare Nosiglia\"\n               data-src=\"http:\/\/www.spaziotorino.it\/scatto\/wp-content\/gallery\/2011_07_12_nosiglia\/1207_nosiglia_0986.jpg\"\n               data-thumbnail=\"http:\/\/www.spaziotorino.it\/scatto\/wp-content\/gallery\/2011_07_12_nosiglia\/thumbs\/thumbs_1207_nosiglia_0986.jpg\"\n               data-image-id=\"5222\"\n               data-title=\"Piero Fassino accoglie Cesare Nosiglia\"\n               data-description=\"Piero Fassino accoglie Cesare Nosiglia\"\n               data-image-slug=\"piero-fassino-accoglie-cesare-nosiglia\"\n               class=\"ngg-fancybox\" rel=\"73bcc6d7ae902b477799eb5daf3379a1\">\n                <img\n                    title=\"Piero Fassino accoglie Cesare Nosiglia\"\n                    alt=\"Piero Fassino accoglie Cesare Nosiglia\"\n                    src=\"http:\/\/www.spaziotorino.it\/scatto\/wp-content\/gallery\/2011_07_12_nosiglia\/cache\/1207_nosiglia_0986.jpg-nggid045222-ngg0dyn-60x60x100-00f0w010c011r110f110r010t010.jpg\"\n                    width=\"60\"\n                    height=\"60\"\n                    style=\"max-width:100%;\"\n                \/>\n            <\/a>\n        <\/div>\n\t\t\t\t\t\t\t<\/div> \n\t\t\t\n        \n\t\t\t\t<div id=\"ngg-image-2\" class=\"ngg-gallery-thumbnail-box\" >\n\t\t\t\t        <div class=\"ngg-gallery-thumbnail\">\n            <a href=\"http:\/\/www.spaziotorino.it\/scatto\/wp-content\/gallery\/2011_07_12_nosiglia\/1207_nosiglia_0998.jpg\"\n               title=\"Cesare Nosiglia nell\\&#039;ufficio del Sindaco con Giovanni Maria Ferraris\"\n               data-src=\"http:\/\/www.spaziotorino.it\/scatto\/wp-content\/gallery\/2011_07_12_nosiglia\/1207_nosiglia_0998.jpg\"\n               data-thumbnail=\"http:\/\/www.spaziotorino.it\/scatto\/wp-content\/gallery\/2011_07_12_nosiglia\/thumbs\/thumbs_1207_nosiglia_0998.jpg\"\n               data-image-id=\"5223\"\n               data-title=\"Cesare Nosiglia nell\\&#039;ufficio del Sindaco con Giovanni Maria Ferraris\"\n               data-description=\"Cesare Nosiglia nell&#039;ufficio del Sindaco con Giovanni Maria Ferraris\"\n               data-image-slug=\"cesare-nosiglia-nellufficio-del-sindaco-con-giovanni-maria-ferraris\"\n               class=\"ngg-fancybox\" rel=\"73bcc6d7ae902b477799eb5daf3379a1\">\n                <img\n                    title=\"Cesare Nosiglia nell\\&#039;ufficio del Sindaco con Giovanni Maria Ferraris\"\n                    alt=\"Cesare Nosiglia nell\\&#039;ufficio del Sindaco con Giovanni Maria Ferraris\"\n                    src=\"http:\/\/www.spaziotorino.it\/scatto\/wp-content\/gallery\/2011_07_12_nosiglia\/cache\/1207_nosiglia_0998.jpg-nggid045223-ngg0dyn-60x60x100-00f0w010c011r110f110r010t010.jpg\"\n                    width=\"60\"\n                    height=\"60\"\n                    style=\"max-width:100%;\"\n                \/>\n            <\/a>\n        <\/div>\n\t\t\t\t\t\t\t<\/div> \n\t\t\t\n        \n\t\t\t\t<div id=\"ngg-image-3\" class=\"ngg-gallery-thumbnail-box\" >\n\t\t\t\t        <div class=\"ngg-gallery-thumbnail\">\n            <a href=\"http:\/\/www.spaziotorino.it\/scatto\/wp-content\/gallery\/2011_07_12_nosiglia\/1207_nosiglia_1044.jpg\"\n               title=\"Il Presidente del Consiglio Comunale, Giovanni Maria Ferraris, apre l\\&#039;incontro con l\\&#039;Arcivescovo Nosiglia\"\n               data-src=\"http:\/\/www.spaziotorino.it\/scatto\/wp-content\/gallery\/2011_07_12_nosiglia\/1207_nosiglia_1044.jpg\"\n               data-thumbnail=\"http:\/\/www.spaziotorino.it\/scatto\/wp-content\/gallery\/2011_07_12_nosiglia\/thumbs\/thumbs_1207_nosiglia_1044.jpg\"\n               data-image-id=\"5224\"\n               data-title=\"Il Presidente del Consiglio Comunale, Giovanni Maria Ferraris, apre l\\&#039;incontro con l\\&#039;Arcivescovo Nosiglia\"\n               data-description=\"Il Presidente del Consiglio Comunale, Giovanni Maria Ferraris, apre l&#039;incontro con l&#039;Arcivescovo Nosiglia\"\n               data-image-slug=\"il-presidente-del-consiglio-comunale-giovanni-maria-ferraris-apre-lincontro-con-larcivescovo-nosiglia\"\n               class=\"ngg-fancybox\" rel=\"73bcc6d7ae902b477799eb5daf3379a1\">\n                <img\n                    title=\"Il Presidente del Consiglio Comunale, Giovanni Maria Ferraris, apre l\\&#039;incontro con l\\&#039;Arcivescovo Nosiglia\"\n                    alt=\"Il Presidente del Consiglio Comunale, Giovanni Maria Ferraris, apre l\\&#039;incontro con l\\&#039;Arcivescovo Nosiglia\"\n                    src=\"http:\/\/www.spaziotorino.it\/scatto\/wp-content\/gallery\/2011_07_12_nosiglia\/cache\/1207_nosiglia_1044.jpg-nggid045224-ngg0dyn-60x60x100-00f0w010c011r110f110r010t010.jpg\"\n                    width=\"60\"\n                    height=\"60\"\n                    style=\"max-width:100%;\"\n                \/>\n            <\/a>\n        <\/div>\n\t\t\t\t\t\t\t<\/div> \n\t\t\t\n        \n\t\t\t\t<div id=\"ngg-image-4\" class=\"ngg-gallery-thumbnail-box\" >\n\t\t\t\t        <div class=\"ngg-gallery-thumbnail\">\n            <a href=\"http:\/\/www.spaziotorino.it\/scatto\/wp-content\/gallery\/2011_07_12_nosiglia\/1207_nosiglia_1047.jpg\"\n               title=\"La Sala Rossa di Palazzo Civico\"\n               data-src=\"http:\/\/www.spaziotorino.it\/scatto\/wp-content\/gallery\/2011_07_12_nosiglia\/1207_nosiglia_1047.jpg\"\n               data-thumbnail=\"http:\/\/www.spaziotorino.it\/scatto\/wp-content\/gallery\/2011_07_12_nosiglia\/thumbs\/thumbs_1207_nosiglia_1047.jpg\"\n               data-image-id=\"5225\"\n               data-title=\"La Sala Rossa di Palazzo Civico\"\n               data-description=\"La Sala Rossa di Palazzo Civico\"\n               data-image-slug=\"la-sala-rossa-di-palazzo-civico\"\n               class=\"ngg-fancybox\" rel=\"73bcc6d7ae902b477799eb5daf3379a1\">\n                <img\n                    title=\"La Sala Rossa di Palazzo Civico\"\n                    alt=\"La Sala Rossa di Palazzo Civico\"\n                    src=\"http:\/\/www.spaziotorino.it\/scatto\/wp-content\/gallery\/2011_07_12_nosiglia\/cache\/1207_nosiglia_1047.jpg-nggid045225-ngg0dyn-60x60x100-00f0w010c011r110f110r010t010.jpg\"\n                    width=\"60\"\n                    height=\"60\"\n                    style=\"max-width:100%;\"\n                \/>\n            <\/a>\n        <\/div>\n\t\t\t\t\t\t\t<\/div> \n\t\t\t\n        \n\t\t\t\t<div id=\"ngg-image-5\" class=\"ngg-gallery-thumbnail-box\" >\n\t\t\t\t        <div class=\"ngg-gallery-thumbnail\">\n            <a href=\"http:\/\/www.spaziotorino.it\/scatto\/wp-content\/gallery\/2011_07_12_nosiglia\/1207_nosiglia_1056.jpg\"\n               title=\"Cesare Nosiglia\"\n               data-src=\"http:\/\/www.spaziotorino.it\/scatto\/wp-content\/gallery\/2011_07_12_nosiglia\/1207_nosiglia_1056.jpg\"\n               data-thumbnail=\"http:\/\/www.spaziotorino.it\/scatto\/wp-content\/gallery\/2011_07_12_nosiglia\/thumbs\/thumbs_1207_nosiglia_1056.jpg\"\n               data-image-id=\"5226\"\n               data-title=\"Cesare Nosiglia\"\n               data-description=\"Cesare Nosiglia\"\n               data-image-slug=\"cesare-nosiglia\"\n               class=\"ngg-fancybox\" rel=\"73bcc6d7ae902b477799eb5daf3379a1\">\n                <img\n                    title=\"Cesare Nosiglia\"\n                    alt=\"Cesare Nosiglia\"\n                    src=\"http:\/\/www.spaziotorino.it\/scatto\/wp-content\/gallery\/2011_07_12_nosiglia\/cache\/1207_nosiglia_1056.jpg-nggid045226-ngg0dyn-60x60x100-00f0w010c011r110f110r010t010.jpg\"\n                    width=\"60\"\n                    height=\"60\"\n                    style=\"max-width:100%;\"\n                \/>\n            <\/a>\n        <\/div>\n\t\t\t\t\t\t\t<\/div> \n\t\t\t\n        \n\t\t\t\t<div id=\"ngg-image-6\" class=\"ngg-gallery-thumbnail-box\" >\n\t\t\t\t        <div class=\"ngg-gallery-thumbnail\">\n            <a href=\"http:\/\/www.spaziotorino.it\/scatto\/wp-content\/gallery\/2011_07_12_nosiglia\/1207_nosiglia_1064.jpg\"\n               title=\"Il discorso del Sindaco Piero Fassino\"\n               data-src=\"http:\/\/www.spaziotorino.it\/scatto\/wp-content\/gallery\/2011_07_12_nosiglia\/1207_nosiglia_1064.jpg\"\n               data-thumbnail=\"http:\/\/www.spaziotorino.it\/scatto\/wp-content\/gallery\/2011_07_12_nosiglia\/thumbs\/thumbs_1207_nosiglia_1064.jpg\"\n               data-image-id=\"5227\"\n               data-title=\"Il discorso del Sindaco Piero Fassino\"\n               data-description=\"Il discorso del Sindaco Piero Fassino\"\n               data-image-slug=\"il-discorso-del-sindaco-piero-fassino-2\"\n               class=\"ngg-fancybox\" rel=\"73bcc6d7ae902b477799eb5daf3379a1\">\n                <img\n                    title=\"Il discorso del Sindaco Piero Fassino\"\n                    alt=\"Il discorso del Sindaco Piero Fassino\"\n                    src=\"http:\/\/www.spaziotorino.it\/scatto\/wp-content\/gallery\/2011_07_12_nosiglia\/cache\/1207_nosiglia_1064.jpg-nggid045227-ngg0dyn-60x60x100-00f0w010c011r110f110r010t010.jpg\"\n                    width=\"60\"\n                    height=\"60\"\n                    style=\"max-width:100%;\"\n                \/>\n            <\/a>\n        <\/div>\n\t\t\t\t\t\t\t<\/div> \n\t\t\t\n        \n\t\t\t\t<div id=\"ngg-image-7\" class=\"ngg-gallery-thumbnail-box\" >\n\t\t\t\t        <div class=\"ngg-gallery-thumbnail\">\n            <a href=\"http:\/\/www.spaziotorino.it\/scatto\/wp-content\/gallery\/2011_07_12_nosiglia\/1207_nosiglia_1083.jpg\"\n               title=\"Il discorso del Sindaco Piero Fassino\"\n               data-src=\"http:\/\/www.spaziotorino.it\/scatto\/wp-content\/gallery\/2011_07_12_nosiglia\/1207_nosiglia_1083.jpg\"\n               data-thumbnail=\"http:\/\/www.spaziotorino.it\/scatto\/wp-content\/gallery\/2011_07_12_nosiglia\/thumbs\/thumbs_1207_nosiglia_1083.jpg\"\n               data-image-id=\"5228\"\n               data-title=\"Il discorso del Sindaco Piero Fassino\"\n               data-description=\"Il discorso del Sindaco Piero Fassino\"\n               data-image-slug=\"il-discorso-del-sindaco-piero-fassino-3\"\n               class=\"ngg-fancybox\" rel=\"73bcc6d7ae902b477799eb5daf3379a1\">\n                <img\n                    title=\"Il discorso del Sindaco Piero Fassino\"\n                    alt=\"Il discorso del Sindaco Piero Fassino\"\n                    src=\"http:\/\/www.spaziotorino.it\/scatto\/wp-content\/gallery\/2011_07_12_nosiglia\/cache\/1207_nosiglia_1083.jpg-nggid045228-ngg0dyn-60x60x100-00f0w010c011r110f110r010t010.jpg\"\n                    width=\"60\"\n                    height=\"60\"\n                    style=\"max-width:100%;\"\n                \/>\n            <\/a>\n        <\/div>\n\t\t\t\t\t\t\t<\/div> \n\t\t\t\n        \n\t\t\t\t<div id=\"ngg-image-8\" class=\"ngg-gallery-thumbnail-box\" >\n\t\t\t\t        <div class=\"ngg-gallery-thumbnail\">\n            <a href=\"http:\/\/www.spaziotorino.it\/scatto\/wp-content\/gallery\/2011_07_12_nosiglia\/1207_nosiglia_1090.jpg\"\n               title=\"Il discorso del Sindaco Piero Fassino\"\n               data-src=\"http:\/\/www.spaziotorino.it\/scatto\/wp-content\/gallery\/2011_07_12_nosiglia\/1207_nosiglia_1090.jpg\"\n               data-thumbnail=\"http:\/\/www.spaziotorino.it\/scatto\/wp-content\/gallery\/2011_07_12_nosiglia\/thumbs\/thumbs_1207_nosiglia_1090.jpg\"\n               data-image-id=\"5229\"\n               data-title=\"Il discorso del Sindaco Piero Fassino\"\n               data-description=\"Il discorso del Sindaco Piero Fassino\"\n               data-image-slug=\"il-discorso-del-sindaco-piero-fassino-4\"\n               class=\"ngg-fancybox\" rel=\"73bcc6d7ae902b477799eb5daf3379a1\">\n                <img\n                    title=\"Il discorso del Sindaco Piero Fassino\"\n                    alt=\"Il discorso del Sindaco Piero Fassino\"\n                    src=\"http:\/\/www.spaziotorino.it\/scatto\/wp-content\/gallery\/2011_07_12_nosiglia\/cache\/1207_nosiglia_1090.jpg-nggid045229-ngg0dyn-60x60x100-00f0w010c011r110f110r010t010.jpg\"\n                    width=\"60\"\n                    height=\"60\"\n                    style=\"max-width:100%;\"\n                \/>\n            <\/a>\n        <\/div>\n\t\t\t\t\t\t\t<\/div> \n\t\t\t\n        \n\t\t\t\t<div id=\"ngg-image-9\" class=\"ngg-gallery-thumbnail-box\" >\n\t\t\t\t        <div class=\"ngg-gallery-thumbnail\">\n            <a href=\"http:\/\/www.spaziotorino.it\/scatto\/wp-content\/gallery\/2011_07_12_nosiglia\/1207_nosiglia_1118.jpg\"\n               title=\"L\\&#039;intervento di Cesare Nosiglia\"\n               data-src=\"http:\/\/www.spaziotorino.it\/scatto\/wp-content\/gallery\/2011_07_12_nosiglia\/1207_nosiglia_1118.jpg\"\n               data-thumbnail=\"http:\/\/www.spaziotorino.it\/scatto\/wp-content\/gallery\/2011_07_12_nosiglia\/thumbs\/thumbs_1207_nosiglia_1118.jpg\"\n               data-image-id=\"5230\"\n               data-title=\"L\\&#039;intervento di Cesare Nosiglia\"\n               data-description=\"L&#039;intervento di Cesare Nosiglia\"\n               data-image-slug=\"lintervento-di-cesare-nosiglia-1\"\n               class=\"ngg-fancybox\" rel=\"73bcc6d7ae902b477799eb5daf3379a1\">\n                <img\n                    title=\"L\\&#039;intervento di Cesare Nosiglia\"\n                    alt=\"L\\&#039;intervento di Cesare Nosiglia\"\n                    src=\"http:\/\/www.spaziotorino.it\/scatto\/wp-content\/gallery\/2011_07_12_nosiglia\/cache\/1207_nosiglia_1118.jpg-nggid045230-ngg0dyn-60x60x100-00f0w010c011r110f110r010t010.jpg\"\n                    width=\"60\"\n                    height=\"60\"\n                    style=\"max-width:100%;\"\n                \/>\n            <\/a>\n        <\/div>\n\t\t\t\t\t\t\t<\/div> \n\t\t\t\n        \n\t\t\t\t<div id=\"ngg-image-10\" class=\"ngg-gallery-thumbnail-box\" >\n\t\t\t\t        <div class=\"ngg-gallery-thumbnail\">\n            <a href=\"http:\/\/www.spaziotorino.it\/scatto\/wp-content\/gallery\/2011_07_12_nosiglia\/1207_nosiglia_1129.jpg\"\n               title=\"L\\&#039;intervento di Cesare Nosiglia\"\n               data-src=\"http:\/\/www.spaziotorino.it\/scatto\/wp-content\/gallery\/2011_07_12_nosiglia\/1207_nosiglia_1129.jpg\"\n               data-thumbnail=\"http:\/\/www.spaziotorino.it\/scatto\/wp-content\/gallery\/2011_07_12_nosiglia\/thumbs\/thumbs_1207_nosiglia_1129.jpg\"\n               data-image-id=\"5231\"\n               data-title=\"L\\&#039;intervento di Cesare Nosiglia\"\n               data-description=\"L&#039;intervento di Cesare Nosiglia\"\n               data-image-slug=\"lintervento-di-cesare-nosiglia\"\n               class=\"ngg-fancybox\" rel=\"73bcc6d7ae902b477799eb5daf3379a1\">\n                <img\n                    title=\"L\\&#039;intervento di Cesare Nosiglia\"\n                    alt=\"L\\&#039;intervento di Cesare Nosiglia\"\n                    src=\"http:\/\/www.spaziotorino.it\/scatto\/wp-content\/gallery\/2011_07_12_nosiglia\/cache\/1207_nosiglia_1129.jpg-nggid045231-ngg0dyn-60x60x100-00f0w010c011r110f110r010t010.jpg\"\n                    width=\"60\"\n                    height=\"60\"\n                    style=\"max-width:100%;\"\n                \/>\n            <\/a>\n        <\/div>\n\t\t\t\t\t\t\t<\/div> \n\t\t\t\n        \n\t\t\t\t<div id=\"ngg-image-11\" class=\"ngg-gallery-thumbnail-box\" >\n\t\t\t\t        <div class=\"ngg-gallery-thumbnail\">\n            <a href=\"http:\/\/www.spaziotorino.it\/scatto\/wp-content\/gallery\/2011_07_12_nosiglia\/1207_nosiglia_1151.jpg\"\n               title=\"L\\&#039;omaggio della Citt\u00e0 all\\&#039;Arcivescovo Nosiglia\"\n               data-src=\"http:\/\/www.spaziotorino.it\/scatto\/wp-content\/gallery\/2011_07_12_nosiglia\/1207_nosiglia_1151.jpg\"\n               data-thumbnail=\"http:\/\/www.spaziotorino.it\/scatto\/wp-content\/gallery\/2011_07_12_nosiglia\/thumbs\/thumbs_1207_nosiglia_1151.jpg\"\n               data-image-id=\"5232\"\n               data-title=\"L\\&#039;omaggio della Citt\u00e0 all\\&#039;Arcivescovo Nosiglia\"\n               data-description=\"L&#039;omaggio della Citt\u00e0 all&#039;Arcivescovo Nosiglia\"\n               data-image-slug=\"lomaggio-della-citt%c3%a0-allarcivescovo-nosiglia\"\n               class=\"ngg-fancybox\" rel=\"73bcc6d7ae902b477799eb5daf3379a1\">\n                <img\n                    title=\"L\\&#039;omaggio della Citt\u00e0 all\\&#039;Arcivescovo Nosiglia\"\n                    alt=\"L\\&#039;omaggio della Citt\u00e0 all\\&#039;Arcivescovo Nosiglia\"\n                    src=\"http:\/\/www.spaziotorino.it\/scatto\/wp-content\/gallery\/2011_07_12_nosiglia\/cache\/1207_nosiglia_1151.jpg-nggid045232-ngg0dyn-60x60x100-00f0w010c011r110f110r010t010.jpg\"\n                    width=\"60\"\n                    height=\"60\"\n                    style=\"max-width:100%;\"\n                \/>\n            <\/a>\n        <\/div>\n\t\t\t\t\t\t\t<\/div> \n\t\t\t\n        \n\t\t\t\t<div id=\"ngg-image-12\" class=\"ngg-gallery-thumbnail-box\" >\n\t\t\t\t        <div class=\"ngg-gallery-thumbnail\">\n            <a href=\"http:\/\/www.spaziotorino.it\/scatto\/wp-content\/gallery\/2011_07_12_nosiglia\/1207_nosiglia_1160.jpg\"\n               title=\"Piero Fassino, Cesare Nosiglia, Giovanni Maria Ferraris e Silvio Magliano Magliano\"\n               data-src=\"http:\/\/www.spaziotorino.it\/scatto\/wp-content\/gallery\/2011_07_12_nosiglia\/1207_nosiglia_1160.jpg\"\n               data-thumbnail=\"http:\/\/www.spaziotorino.it\/scatto\/wp-content\/gallery\/2011_07_12_nosiglia\/thumbs\/thumbs_1207_nosiglia_1160.jpg\"\n               data-image-id=\"5233\"\n               data-title=\"Piero Fassino, Cesare Nosiglia, Giovanni Maria Ferraris e Silvio Magliano Magliano\"\n               data-description=\"Piero Fassino, Cesare Nosiglia, Giovanni Maria Ferraris e Silvio Magliano Magliano\"\n               data-image-slug=\"piero-fassino-cesare-nosiglia-giovanni-maria-ferraris-e-silvio-magliano-magliano\"\n               class=\"ngg-fancybox\" rel=\"73bcc6d7ae902b477799eb5daf3379a1\">\n                <img\n                    title=\"Piero Fassino, Cesare Nosiglia, Giovanni Maria Ferraris e Silvio Magliano Magliano\"\n                    alt=\"Piero Fassino, Cesare Nosiglia, Giovanni Maria Ferraris e Silvio Magliano Magliano\"\n                    src=\"http:\/\/www.spaziotorino.it\/scatto\/wp-content\/gallery\/2011_07_12_nosiglia\/cache\/1207_nosiglia_1160.jpg-nggid045233-ngg0dyn-60x60x100-00f0w010c011r110f110r010t010.jpg\"\n                    width=\"60\"\n                    height=\"60\"\n                    style=\"max-width:100%;\"\n                \/>\n            <\/a>\n        <\/div>\n\t\t\t\t\t\t\t<\/div> \n\t\t\t\n        \n\t\t\n\t\t<!-- Pagination -->\n\t<div class='ngg-clear'><\/div>\t<\/div>\n\n<p>L\u2019arcivescovo Cesare Nosiglia \u00e8 stato ospite a Palazzo Civico questa mattina.  Si tratta della prima visita  ufficiale nella sede dell\u2019Amministrazione comunale da quando monsignor Nosiglia \u00e8 alla guida della diocesi torinese. Giunto a Palazzo di Citt\u00e0 questa mattina qualche minuto prima delle undici, il successore del cardinal Severino Poletto ha trovato ad accoglierlo il sindaco Piero Fassino e il presidente del Consiglio comunale, Giovanni Maria Ferraris.<br \/>\nQualche parola di benvenuto e, dopo un breve colloquio privato nell\u2019ufficio del primo cittadino, si \u00e8 svolto l\u2019 incontro in Sala Rossa con gli assessori e i consiglieri comunali.<br \/>\nDavanti ai membri dell\u2019assemblea municipale, l\u2019arcivescovo Nosiglia ha detto che la sua presenza in Sala Rossa deve essere considerata anche come \u201cun gesto di piena disponibilit\u00e0 a far s\u00ec che le comunit\u00e0 cristiane possano collaborare con tutte le altre componenti della societ\u00e0 con spirito aperto al dialogo, al corretto confronto delle diverse posizioni religiose e non, culturali e politiche di cui \u00e8 espressione autorevole il Consiglio comunale\u201d.<br \/>\nVolont\u00e0 di confrontarsi e collaborare non sono certo una novit\u00e0 per i rapporti tra Chiesa torinese e amministrazione civica. \u201cI campi su cui la Chiesa e le istituzioni ormai da tempo hanno avviato nella nostra citt\u00e0 un proficuo impegno di collaborazione sono molteplici \u2013 ha ricordato Nosiglia &#8211; e riguardano aspetti molto sentiti e vissuti dalla gente: la famiglia, il lavoro, i giovani, l\u2019educazione e la cultura, i poveri, gli immigrati.\u201d<br \/>\nCollaborazione senza preclusioni.  \u201cLa Chiesa \u2013 ha aggiunto l\u2019arcivescovo &#8211; intende far parte e offrire il suo specifico contributo in questa alleanza, mettendosi in dialogo con tutti senza preclusioni: uomini di cultura e di scienza, della politica, del mondo del lavoro e di ogni realt\u00e0 umana e religiosa, per valorizzare insieme ci\u00f2 che di buono, di bello, di giusto e di vero ognuno porta con s\u00e9 e orientare il proprio impegno verso il bene comune.\u201d<br \/>\nCollaborazione nei fatti. \u201cHo chiesto al signor sindaco \u2013 ha detto ancora Nosiglia &#8211; di agevolare opportuni tavoli operativi di consultazione e di progettualit\u00e0 concreta nei molteplici ambiti che vedono impegnati nella citt\u00e0 il Comune, le parrocchie e tante realt\u00e0 religiose, civili e culturali, una sorta di \u201ccabina di regia\u201d che permetta di non disperdere le forze, non frammentare le risorse disponibili e mantenere un raccordo stabile anche per affrontare eventuali emergenze, come sta avvenendo per la questione dei nomadi e degli immigrati\u201d.<br \/>\nCollaborazione per sfruttare le mille risorse della citt\u00e0, \u00e8 quanto ha evidenziato nel suo discorso il sindaco Piero Fassino. \u201cServe mettere in campo energie, intelligenze, saperi, competenze, esperienze e buone pratiche. E \u2013 ha sottolineato il primo cittadino nel suo intervento &#8211; questo significa mettersi in relazione con le tante articolazioni professionali, civili, sociali, religiose di cui la societ\u00e0 torinese \u00e8 ricca. E fare ricorso a quel giacimento di generosit\u00e0, amore per il prossimo, spirito di servizio civico che \u00e8 costituito dal volontariato, dal no profit, dal terzo settore. E in tale contesto prezioso e irrinunciabile \u00e8 il contributo che gi\u00e0 oggi viene &#8211;  e sempre di pi\u00f9 potr\u00e0 venire &#8211; dalla Chiesa, dal mondo cattolico, dalle tante espressioni di impegno sociale, civile, associativo che traggono ispirazione dalle ragioni della fede\u201d.<br \/>\n\u201cSiamo nella citt\u00e0 dei Santi Sociali \u2013 ha ricordato Fassino &#8211; , la citt\u00e0 in cui uomini illuminati scelsero di scendere in strada per dedicare se stessi al fianco degli ultimi, dei pi\u00f9 umili. E il 200\u00b0 anniversario dei San Giovanni Bosco, che festeggeremo nel 2015, sar\u00e0 l\u2019occasione per rivisitare e restituire alla memoria collettiva della citt\u00e0 un periodo cruciale della storia di Torino e il ruolo essenziale che vi svolse il cattolicesimo sociale. Siamo nella Torino che lungo tutto il Novecento seppe accogliere e integrare chi venne qui  a cercare lavoro e dignit\u00e0 e che oggi \u2013 ha sottolineato il sindaco &#8211; deve accogliere con la stessa apertura di cuore e di mente chi venendo da lontano ricerca qui le ragioni di una dignit\u00e0 di vita o chi \u00e8 costretto alla fuga o all\u2019esilio dai tremendi conflitti del nuovo millennio\u201d.<br \/>\nUn appello alla collaborazione nel nome del bene comune \u00e8 venuto infine dal presidente del Consiglio comunale, Giovanni Maria Ferraris, che ha invitato a \u201csuperare gli steccati e le divisioni che troppo spesso insidiano i partiti e la dialettica politica, rischiando cos\u00ec di far perdere di vista il fine ultimo e supremo del nostro agire\u201d. \u201cAffinch\u00e9 i buoni propositi si traducano in buone azioni \u2013 ha evidenziato Ferraris &#8211;  \u00e8 necessario che la partecipazione politica sappia riscoprire la sua pi\u00f9 autentica e primaria vocazione al bene comune.\u201d<\/p>\n","protected":false},"excerpt":{"rendered":"<p>L\u2019arcivescovo Cesare Nosiglia \u00e8 stato ospite a Palazzo Civico questa mattina. Si tratta della prima visita ufficiale nella sede dell\u2019Amministrazione comunale da quando monsignor Nosiglia \u00e8 alla guida della diocesi torinese. Giunto a Palazzo di Citt\u00e0 questa mattina qualche minuto prima delle undici, il successore del cardinal Severino Poletto ha trovato ad accoglierlo il sindaco [&hellip;]<\/p>\n","protected":false},"author":1,"featured_media":0,"comment_status":"closed","ping_status":"open","sticky":false,"template":"","format":"standard","meta":{"ngg_post_thumbnail":0},"categories":[1,895],"tags":[3839,3758,3527,3760,3658,3535,3816,3039,3319],"_links":{"self":[{"href":"http:\/\/www.spaziotorino.it\/scatto\/index.php?rest_route=\/wp\/v2\/posts\/1862"}],"collection":[{"href":"http:\/\/www.spaziotorino.it\/scatto\/index.php?rest_route=\/wp\/v2\/posts"}],"about":[{"href":"http:\/\/www.spaziotorino.it\/scatto\/index.php?rest_route=\/wp\/v2\/types\/post"}],"author":[{"embeddable":true,"href":"http:\/\/www.spaziotorino.it\/scatto\/index.php?rest_route=\/wp\/v2\/users\/1"}],"replies":[{"embeddable":true,"href":"http:\/\/www.spaziotorino.it\/scatto\/index.php?rest_route=%2Fwp%2Fv2%2Fcomments&post=1862"}],"version-history":[{"count":5,"href":"http:\/\/www.spaziotorino.it\/scatto\/index.php?rest_route=\/wp\/v2\/posts\/1862\/revisions"}],"predecessor-version":[{"id":1872,"href":"http:\/\/www.spaziotorino.it\/scatto\/index.php?rest_route=\/wp\/v2\/posts\/1862\/revisions\/1872"}],"wp:attachment":[{"href":"http:\/\/www.spaziotorino.it\/scatto\/index.php?rest_route=%2Fwp%2Fv2%2Fmedia&parent=1862"}],"wp:term":[{"taxonomy":"category","embeddable":true,"href":"http:\/\/www.spaziotorino.it\/scatto\/index.php?rest_route=%2Fwp%2Fv2%2Fcategories&post=1862"},{"taxonomy":"post_tag","embeddable":true,"href":"http:\/\/www.spaziotorino.it\/scatto\/index.php?rest_route=%2Fwp%2Fv2%2Ftags&post=1862"}],"curies":[{"name":"wp","href":"https:\/\/api.w.org\/{rel}","templated":true}]}}