{"id":2055,"date":"2011-10-04T17:48:35","date_gmt":"2011-10-04T16:48:35","guid":{"rendered":"http:\/\/www.spaziotorino.it\/scatto\/?p=2055"},"modified":"2011-10-05T09:31:12","modified_gmt":"2011-10-05T08:31:12","slug":"in-piazza-nizza-un-orto-metropolitano","status":"publish","type":"post","link":"http:\/\/www.spaziotorino.it\/scatto\/?p=2055","title":{"rendered":"In piazza Nizza un orto metropolitano"},"content":{"rendered":"<p><a title=\"L'ortopolitano di piazza Nizza\" rel=\"lightbox[set_359]\" href=\"http:\/\/www.spaziotorino.it\/scatto\/wp-content\/gallery\/2011_10_04_ortopolitano\/0410_ortopolitano_0012.jpg\"><br \/>\n<img decoding=\"async\" loading=\"lazy\" class=\"ngg-singlepic\" title=\"L'ortopolitano di piazza Nizza\" src=\"http:\/\/www.spaziotorino.it\/scatto\/wp-content\/gallery\/2011_10_04_ortopolitano\/0410_ortopolitano_0012.jpg\" alt=\"\" width=\"540\" height=\"360\" \/><\/a><\/p>\n<!-- index.php -->\n<div\n\tclass=\"ngg-galleryoverview ngg-ajax-pagination-none\"\n\tid=\"ngg-gallery-ada7f5b697e6c0e7c94b54342352a19d-1\">\n\n    \t\t<!-- Thumbnails -->\n\t\t\t\t<div id=\"ngg-image-0\" class=\"ngg-gallery-thumbnail-box\" >\n\t\t\t\t        <div class=\"ngg-gallery-thumbnail\">\n            <a href=\"http:\/\/www.spaziotorino.it\/scatto\/wp-content\/gallery\/2011_10_04_ortopolitano\/0410_ortopolitano_0011.jpg\"\n               title=\"Ortopolitano Nizza\"\n               data-src=\"http:\/\/www.spaziotorino.it\/scatto\/wp-content\/gallery\/2011_10_04_ortopolitano\/0410_ortopolitano_0011.jpg\"\n               data-thumbnail=\"http:\/\/www.spaziotorino.it\/scatto\/wp-content\/gallery\/2011_10_04_ortopolitano\/thumbs\/thumbs_0410_ortopolitano_0011.jpg\"\n               data-image-id=\"5906\"\n               data-title=\"Ortopolitano Nizza\"\n               data-description=\"Ortopolitano Nizza\"\n               data-image-slug=\"ortopolitano-nizza\"\n               class=\"ngg-fancybox\" rel=\"ada7f5b697e6c0e7c94b54342352a19d\">\n                <img\n                    title=\"Ortopolitano Nizza\"\n                    alt=\"Ortopolitano Nizza\"\n                    src=\"http:\/\/www.spaziotorino.it\/scatto\/wp-content\/gallery\/2011_10_04_ortopolitano\/cache\/0410_ortopolitano_0011.jpg-nggid045906-ngg0dyn-60x60x100-00f0w010c011r110f110r010t010.jpg\"\n                    width=\"60\"\n                    height=\"60\"\n                    style=\"max-width:100%;\"\n                \/>\n            <\/a>\n        <\/div>\n\t\t\t\t\t\t\t<\/div> \n\t\t\t\n        \n\t\t\t\t<div id=\"ngg-image-1\" class=\"ngg-gallery-thumbnail-box\" >\n\t\t\t\t        <div class=\"ngg-gallery-thumbnail\">\n            <a href=\"http:\/\/www.spaziotorino.it\/scatto\/wp-content\/gallery\/2011_10_04_ortopolitano\/0410_ortopolitano_0012.jpg\"\n               title=\"Ortopolitano Nizza\"\n               data-src=\"http:\/\/www.spaziotorino.it\/scatto\/wp-content\/gallery\/2011_10_04_ortopolitano\/0410_ortopolitano_0012.jpg\"\n               data-thumbnail=\"http:\/\/www.spaziotorino.it\/scatto\/wp-content\/gallery\/2011_10_04_ortopolitano\/thumbs\/thumbs_0410_ortopolitano_0012.jpg\"\n               data-image-id=\"5907\"\n               data-title=\"Ortopolitano Nizza\"\n               data-description=\"Ortopolitano Nizza\"\n               data-image-slug=\"ortopolitano-nizza-1\"\n               class=\"ngg-fancybox\" rel=\"ada7f5b697e6c0e7c94b54342352a19d\">\n                <img\n                    title=\"Ortopolitano Nizza\"\n                    alt=\"Ortopolitano Nizza\"\n                    src=\"http:\/\/www.spaziotorino.it\/scatto\/wp-content\/gallery\/2011_10_04_ortopolitano\/cache\/0410_ortopolitano_0012.jpg-nggid045907-ngg0dyn-60x60x100-00f0w010c011r110f110r010t010.jpg\"\n                    width=\"60\"\n                    height=\"60\"\n                    style=\"max-width:100%;\"\n                \/>\n            <\/a>\n        <\/div>\n\t\t\t\t\t\t\t<\/div> \n\t\t\t\n        \n\t\t\t\t<div id=\"ngg-image-2\" class=\"ngg-gallery-thumbnail-box\" >\n\t\t\t\t        <div class=\"ngg-gallery-thumbnail\">\n            <a href=\"http:\/\/www.spaziotorino.it\/scatto\/wp-content\/gallery\/2011_10_04_ortopolitano\/0410_ortopolitano_0014.jpg\"\n               title=\"Ortopolitano Nizza\"\n               data-src=\"http:\/\/www.spaziotorino.it\/scatto\/wp-content\/gallery\/2011_10_04_ortopolitano\/0410_ortopolitano_0014.jpg\"\n               data-thumbnail=\"http:\/\/www.spaziotorino.it\/scatto\/wp-content\/gallery\/2011_10_04_ortopolitano\/thumbs\/thumbs_0410_ortopolitano_0014.jpg\"\n               data-image-id=\"5908\"\n               data-title=\"Ortopolitano Nizza\"\n               data-description=\"Ortopolitano Nizza\"\n               data-image-slug=\"ortopolitano-nizza-2\"\n               class=\"ngg-fancybox\" rel=\"ada7f5b697e6c0e7c94b54342352a19d\">\n                <img\n                    title=\"Ortopolitano Nizza\"\n                    alt=\"Ortopolitano Nizza\"\n                    src=\"http:\/\/www.spaziotorino.it\/scatto\/wp-content\/gallery\/2011_10_04_ortopolitano\/cache\/0410_ortopolitano_0014.jpg-nggid045908-ngg0dyn-60x60x100-00f0w010c011r110f110r010t010.jpg\"\n                    width=\"60\"\n                    height=\"60\"\n                    style=\"max-width:100%;\"\n                \/>\n            <\/a>\n        <\/div>\n\t\t\t\t\t\t\t<\/div> \n\t\t\t\n        \n\t\t\t\t<div id=\"ngg-image-3\" class=\"ngg-gallery-thumbnail-box\" >\n\t\t\t\t        <div class=\"ngg-gallery-thumbnail\">\n            <a href=\"http:\/\/www.spaziotorino.it\/scatto\/wp-content\/gallery\/2011_10_04_ortopolitano\/0410_ortopolitano_0015.jpg\"\n               title=\"Ortopolitano Nizza\"\n               data-src=\"http:\/\/www.spaziotorino.it\/scatto\/wp-content\/gallery\/2011_10_04_ortopolitano\/0410_ortopolitano_0015.jpg\"\n               data-thumbnail=\"http:\/\/www.spaziotorino.it\/scatto\/wp-content\/gallery\/2011_10_04_ortopolitano\/thumbs\/thumbs_0410_ortopolitano_0015.jpg\"\n               data-image-id=\"5909\"\n               data-title=\"Ortopolitano Nizza\"\n               data-description=\"Ortopolitano Nizza\"\n               data-image-slug=\"ortopolitano-nizza-3\"\n               class=\"ngg-fancybox\" rel=\"ada7f5b697e6c0e7c94b54342352a19d\">\n                <img\n                    title=\"Ortopolitano Nizza\"\n                    alt=\"Ortopolitano Nizza\"\n                    src=\"http:\/\/www.spaziotorino.it\/scatto\/wp-content\/gallery\/2011_10_04_ortopolitano\/cache\/0410_ortopolitano_0015.jpg-nggid045909-ngg0dyn-60x60x100-00f0w010c011r110f110r010t010.jpg\"\n                    width=\"60\"\n                    height=\"60\"\n                    style=\"max-width:100%;\"\n                \/>\n            <\/a>\n        <\/div>\n\t\t\t\t\t\t\t<\/div> \n\t\t\t\n        \n\t\t\t\t<div id=\"ngg-image-4\" class=\"ngg-gallery-thumbnail-box\" >\n\t\t\t\t        <div class=\"ngg-gallery-thumbnail\">\n            <a href=\"http:\/\/www.spaziotorino.it\/scatto\/wp-content\/gallery\/2011_10_04_ortopolitano\/0410_ortopolitano_0017.jpg\"\n               title=\"Ortopolitano Nizza\"\n               data-src=\"http:\/\/www.spaziotorino.it\/scatto\/wp-content\/gallery\/2011_10_04_ortopolitano\/0410_ortopolitano_0017.jpg\"\n               data-thumbnail=\"http:\/\/www.spaziotorino.it\/scatto\/wp-content\/gallery\/2011_10_04_ortopolitano\/thumbs\/thumbs_0410_ortopolitano_0017.jpg\"\n               data-image-id=\"5910\"\n               data-title=\"Ortopolitano Nizza\"\n               data-description=\"Ortopolitano Nizza\"\n               data-image-slug=\"ortopolitano-nizza-4\"\n               class=\"ngg-fancybox\" rel=\"ada7f5b697e6c0e7c94b54342352a19d\">\n                <img\n                    title=\"Ortopolitano Nizza\"\n                    alt=\"Ortopolitano Nizza\"\n                    src=\"http:\/\/www.spaziotorino.it\/scatto\/wp-content\/gallery\/2011_10_04_ortopolitano\/cache\/0410_ortopolitano_0017.jpg-nggid045910-ngg0dyn-60x60x100-00f0w010c011r110f110r010t010.jpg\"\n                    width=\"60\"\n                    height=\"60\"\n                    style=\"max-width:100%;\"\n                \/>\n            <\/a>\n        <\/div>\n\t\t\t\t\t\t\t<\/div> \n\t\t\t\n        \n\t\t\t\t<div id=\"ngg-image-5\" class=\"ngg-gallery-thumbnail-box\" >\n\t\t\t\t        <div class=\"ngg-gallery-thumbnail\">\n            <a href=\"http:\/\/www.spaziotorino.it\/scatto\/wp-content\/gallery\/2011_10_04_ortopolitano\/0410_ortopolitano_0019.jpg\"\n               title=\"Ortopolitano Nizza\"\n               data-src=\"http:\/\/www.spaziotorino.it\/scatto\/wp-content\/gallery\/2011_10_04_ortopolitano\/0410_ortopolitano_0019.jpg\"\n               data-thumbnail=\"http:\/\/www.spaziotorino.it\/scatto\/wp-content\/gallery\/2011_10_04_ortopolitano\/thumbs\/thumbs_0410_ortopolitano_0019.jpg\"\n               data-image-id=\"5911\"\n               data-title=\"Ortopolitano Nizza\"\n               data-description=\"Ortopolitano Nizza\"\n               data-image-slug=\"ortopolitano-nizza-5\"\n               class=\"ngg-fancybox\" rel=\"ada7f5b697e6c0e7c94b54342352a19d\">\n                <img\n                    title=\"Ortopolitano Nizza\"\n                    alt=\"Ortopolitano Nizza\"\n                    src=\"http:\/\/www.spaziotorino.it\/scatto\/wp-content\/gallery\/2011_10_04_ortopolitano\/cache\/0410_ortopolitano_0019.jpg-nggid045911-ngg0dyn-60x60x100-00f0w010c011r110f110r010t010.jpg\"\n                    width=\"60\"\n                    height=\"60\"\n                    style=\"max-width:100%;\"\n                \/>\n            <\/a>\n        <\/div>\n\t\t\t\t\t\t\t<\/div> \n\t\t\t\n        \n\t\t\t\t<div id=\"ngg-image-6\" class=\"ngg-gallery-thumbnail-box\" >\n\t\t\t\t        <div class=\"ngg-gallery-thumbnail\">\n            <a href=\"http:\/\/www.spaziotorino.it\/scatto\/wp-content\/gallery\/2011_10_04_ortopolitano\/0410_ortopolitano_0021.jpg\"\n               title=\"Ortopolitano Nizza\"\n               data-src=\"http:\/\/www.spaziotorino.it\/scatto\/wp-content\/gallery\/2011_10_04_ortopolitano\/0410_ortopolitano_0021.jpg\"\n               data-thumbnail=\"http:\/\/www.spaziotorino.it\/scatto\/wp-content\/gallery\/2011_10_04_ortopolitano\/thumbs\/thumbs_0410_ortopolitano_0021.jpg\"\n               data-image-id=\"5912\"\n               data-title=\"Ortopolitano Nizza\"\n               data-description=\"Ortopolitano Nizza\"\n               data-image-slug=\"ortopolitano-nizza-6\"\n               class=\"ngg-fancybox\" rel=\"ada7f5b697e6c0e7c94b54342352a19d\">\n                <img\n                    title=\"Ortopolitano Nizza\"\n                    alt=\"Ortopolitano Nizza\"\n                    src=\"http:\/\/www.spaziotorino.it\/scatto\/wp-content\/gallery\/2011_10_04_ortopolitano\/cache\/0410_ortopolitano_0021.jpg-nggid045912-ngg0dyn-60x60x100-00f0w010c011r110f110r010t010.jpg\"\n                    width=\"60\"\n                    height=\"60\"\n                    style=\"max-width:100%;\"\n                \/>\n            <\/a>\n        <\/div>\n\t\t\t\t\t\t\t<\/div> \n\t\t\t\n        \n\t\t\t\t<div id=\"ngg-image-7\" class=\"ngg-gallery-thumbnail-box\" >\n\t\t\t\t        <div class=\"ngg-gallery-thumbnail\">\n            <a href=\"http:\/\/www.spaziotorino.it\/scatto\/wp-content\/gallery\/2011_10_04_ortopolitano\/0410_ortopolitano_0022.jpg\"\n               title=\"Ortopolitano Nizza\"\n               data-src=\"http:\/\/www.spaziotorino.it\/scatto\/wp-content\/gallery\/2011_10_04_ortopolitano\/0410_ortopolitano_0022.jpg\"\n               data-thumbnail=\"http:\/\/www.spaziotorino.it\/scatto\/wp-content\/gallery\/2011_10_04_ortopolitano\/thumbs\/thumbs_0410_ortopolitano_0022.jpg\"\n               data-image-id=\"5913\"\n               data-title=\"Ortopolitano Nizza\"\n               data-description=\"Ortopolitano Nizza\"\n               data-image-slug=\"ortopolitano-nizza-7\"\n               class=\"ngg-fancybox\" rel=\"ada7f5b697e6c0e7c94b54342352a19d\">\n                <img\n                    title=\"Ortopolitano Nizza\"\n                    alt=\"Ortopolitano Nizza\"\n                    src=\"http:\/\/www.spaziotorino.it\/scatto\/wp-content\/gallery\/2011_10_04_ortopolitano\/cache\/0410_ortopolitano_0022.jpg-nggid045913-ngg0dyn-60x60x100-00f0w010c011r110f110r010t010.jpg\"\n                    width=\"60\"\n                    height=\"60\"\n                    style=\"max-width:100%;\"\n                \/>\n            <\/a>\n        <\/div>\n\t\t\t\t\t\t\t<\/div> \n\t\t\t\n        \n\t\t\t\t<div id=\"ngg-image-8\" class=\"ngg-gallery-thumbnail-box\" >\n\t\t\t\t        <div class=\"ngg-gallery-thumbnail\">\n            <a href=\"http:\/\/www.spaziotorino.it\/scatto\/wp-content\/gallery\/2011_10_04_ortopolitano\/0410_ortopolitano_0028.jpg\"\n               title=\"Ortopolitano Nizza\"\n               data-src=\"http:\/\/www.spaziotorino.it\/scatto\/wp-content\/gallery\/2011_10_04_ortopolitano\/0410_ortopolitano_0028.jpg\"\n               data-thumbnail=\"http:\/\/www.spaziotorino.it\/scatto\/wp-content\/gallery\/2011_10_04_ortopolitano\/thumbs\/thumbs_0410_ortopolitano_0028.jpg\"\n               data-image-id=\"5914\"\n               data-title=\"Ortopolitano Nizza\"\n               data-description=\"Ortopolitano Nizza\"\n               data-image-slug=\"ortopolitano-nizza-8\"\n               class=\"ngg-fancybox\" rel=\"ada7f5b697e6c0e7c94b54342352a19d\">\n                <img\n                    title=\"Ortopolitano Nizza\"\n                    alt=\"Ortopolitano Nizza\"\n                    src=\"http:\/\/www.spaziotorino.it\/scatto\/wp-content\/gallery\/2011_10_04_ortopolitano\/cache\/0410_ortopolitano_0028.jpg-nggid045914-ngg0dyn-60x60x100-00f0w010c011r110f110r010t010.jpg\"\n                    width=\"60\"\n                    height=\"60\"\n                    style=\"max-width:100%;\"\n                \/>\n            <\/a>\n        <\/div>\n\t\t\t\t\t\t\t<\/div> \n\t\t\t\n        \n\t\t\n\t\t<!-- Pagination -->\n\t<div class='ngg-clear'><\/div>\t<\/div>\n\n<p>Da qualche mese in piazza Nizza si \u00e8 affacciato un &#8220;Ortopolitano&#8221;, un orto curato da alcuni cittadini in piena citt\u00e0. Ogni marted\u00ec sera a partire dalle 18.30, chi \u00e8 interessato pu\u00f2 partecipare alla cura del pezzo di terra coltivata proprio accanto alla fermata della metropolitana.<\/p>\n<p>Un&#8217;iniziativa spontanea per curare un piccolo pezzo di verde e per dare respiro a una delle vie pi\u00f9 trafficate della citt\u00e0. <\/p>\n","protected":false},"excerpt":{"rendered":"<p>Da qualche mese in piazza Nizza si \u00e8 affacciato un &#8220;Ortopolitano&#8221;, un orto curato da alcuni cittadini in piena citt\u00e0. Ogni marted\u00ec sera a partire dalle 18.30, chi \u00e8 interessato pu\u00f2 partecipare alla cura del pezzo di terra coltivata proprio accanto alla fermata della metropolitana. Un&#8217;iniziativa spontanea per curare un piccolo pezzo di verde e [&hellip;]<\/p>\n","protected":false},"author":1,"featured_media":0,"comment_status":"closed","ping_status":"open","sticky":false,"template":"","format":"standard","meta":{"ngg_post_thumbnail":0},"categories":[1,41],"tags":[3934,3702,3935,3447,3937,3933,3936],"_links":{"self":[{"href":"http:\/\/www.spaziotorino.it\/scatto\/index.php?rest_route=\/wp\/v2\/posts\/2055"}],"collection":[{"href":"http:\/\/www.spaziotorino.it\/scatto\/index.php?rest_route=\/wp\/v2\/posts"}],"about":[{"href":"http:\/\/www.spaziotorino.it\/scatto\/index.php?rest_route=\/wp\/v2\/types\/post"}],"author":[{"embeddable":true,"href":"http:\/\/www.spaziotorino.it\/scatto\/index.php?rest_route=\/wp\/v2\/users\/1"}],"replies":[{"embeddable":true,"href":"http:\/\/www.spaziotorino.it\/scatto\/index.php?rest_route=%2Fwp%2Fv2%2Fcomments&post=2055"}],"version-history":[{"count":2,"href":"http:\/\/www.spaziotorino.it\/scatto\/index.php?rest_route=\/wp\/v2\/posts\/2055\/revisions"}],"predecessor-version":[{"id":2057,"href":"http:\/\/www.spaziotorino.it\/scatto\/index.php?rest_route=\/wp\/v2\/posts\/2055\/revisions\/2057"}],"wp:attachment":[{"href":"http:\/\/www.spaziotorino.it\/scatto\/index.php?rest_route=%2Fwp%2Fv2%2Fmedia&parent=2055"}],"wp:term":[{"taxonomy":"category","embeddable":true,"href":"http:\/\/www.spaziotorino.it\/scatto\/index.php?rest_route=%2Fwp%2Fv2%2Fcategories&post=2055"},{"taxonomy":"post_tag","embeddable":true,"href":"http:\/\/www.spaziotorino.it\/scatto\/index.php?rest_route=%2Fwp%2Fv2%2Ftags&post=2055"}],"curies":[{"name":"wp","href":"https:\/\/api.w.org\/{rel}","templated":true}]}}