{"id":250,"date":"2010-02-02T19:45:08","date_gmt":"2010-02-02T18:45:08","guid":{"rendered":"http:\/\/www.spaziotorino.it\/scatto\/?p=250"},"modified":"2010-02-03T12:11:56","modified_gmt":"2010-02-03T11:11:56","slug":"greater-torino-e-indagini-di-un-cane-alla-fondazione-sandretto-re-rebaudengo","status":"publish","type":"post","link":"http:\/\/www.spaziotorino.it\/scatto\/?p=250","title":{"rendered":"Greater Torino e Indagini di un cane alla Fondazione Sandretto Re Rebaudengo"},"content":{"rendered":"<p><a title=\"Spaziando, Paola Anzich\u00e9\" rel=\"lightbox[set_31]\" href=\"http:\/\/www.spaziotorino.it\/scatto\/wp-content\/gallery\/2010_02_02_sandretto\/0202_sandretto_img_3021.jpg\"><br \/>\n<img decoding=\"async\" loading=\"lazy\" class=\"ngg-singlepic\" title=\"Spaziando, Paola Anzich\u00e9\" src=\"http:\/\/www.spaziotorino.it\/scatto\/wp-content\/gallery\/2010_02_02_sandretto\/0202_sandretto_img_3021.jpg\" alt=\"Spaziando, Paola Anzich\u00e9\" width=\"540\" height=\"360\" \/><br \/>\n<\/a><\/p>\n<!-- index.php -->\n<div\n\tclass=\"ngg-galleryoverview ngg-ajax-pagination-none\"\n\tid=\"ngg-gallery-c5f66bf00d9ed313bce3807a74f46a44-1\">\n\n    \t\t<!-- Thumbnails -->\n\t\t\t\t<div id=\"ngg-image-0\" class=\"ngg-gallery-thumbnail-box\" >\n\t\t\t\t        <div class=\"ngg-gallery-thumbnail\">\n            <a href=\"http:\/\/www.spaziotorino.it\/scatto\/wp-content\/gallery\/2010_02_02_sandretto\/0202_sandretto_img_2963.jpg\"\n               title=\"\\&quot;Indagini di un cane\\&quot; - talpa di Mark Dion ( Les Necrophores)\"\n               data-src=\"http:\/\/www.spaziotorino.it\/scatto\/wp-content\/gallery\/2010_02_02_sandretto\/0202_sandretto_img_2963.jpg\"\n               data-thumbnail=\"http:\/\/www.spaziotorino.it\/scatto\/wp-content\/gallery\/2010_02_02_sandretto\/thumbs\/thumbs_0202_sandretto_img_2963.jpg\"\n               data-image-id=\"500\"\n               data-title=\"0202_sandretto_img_2963\"\n               data-description=\"&quot;Indagini di un cane&quot; - talpa di Mark Dion ( Les Necrophores)\"\n               data-image-slug=\"0202_sandretto_img_2963\"\n               class=\"ngg-fancybox\" rel=\"c5f66bf00d9ed313bce3807a74f46a44\">\n                <img\n                    title=\"0202_sandretto_img_2963\"\n                    alt=\"0202_sandretto_img_2963\"\n                    src=\"http:\/\/www.spaziotorino.it\/scatto\/wp-content\/gallery\/2010_02_02_sandretto\/cache\/0202_sandretto_img_2963.jpg-nggid03500-ngg0dyn-60x60x100-00f0w010c011r110f110r010t010.jpg\"\n                    width=\"60\"\n                    height=\"60\"\n                    style=\"max-width:100%;\"\n                \/>\n            <\/a>\n        <\/div>\n\t\t\t\t\t\t\t<\/div> \n\t\t\t\n        \n\t\t\t\t<div id=\"ngg-image-1\" class=\"ngg-gallery-thumbnail-box\" >\n\t\t\t\t        <div class=\"ngg-gallery-thumbnail\">\n            <a href=\"http:\/\/www.spaziotorino.it\/scatto\/wp-content\/gallery\/2010_02_02_sandretto\/0202_sandretto_img_2964.jpg\"\n               title=\"\\&quot;Indagini di un cane\\&quot;\"\n               data-src=\"http:\/\/www.spaziotorino.it\/scatto\/wp-content\/gallery\/2010_02_02_sandretto\/0202_sandretto_img_2964.jpg\"\n               data-thumbnail=\"http:\/\/www.spaziotorino.it\/scatto\/wp-content\/gallery\/2010_02_02_sandretto\/thumbs\/thumbs_0202_sandretto_img_2964.jpg\"\n               data-image-id=\"501\"\n               data-title=\"0202_sandretto_img_2964\"\n               data-description=\"&quot;Indagini di un cane&quot;\"\n               data-image-slug=\"0202_sandretto_img_2964\"\n               class=\"ngg-fancybox\" rel=\"c5f66bf00d9ed313bce3807a74f46a44\">\n                <img\n                    title=\"0202_sandretto_img_2964\"\n                    alt=\"0202_sandretto_img_2964\"\n                    src=\"http:\/\/www.spaziotorino.it\/scatto\/wp-content\/gallery\/2010_02_02_sandretto\/cache\/0202_sandretto_img_2964.jpg-nggid03501-ngg0dyn-60x60x100-00f0w010c011r110f110r010t010.jpg\"\n                    width=\"60\"\n                    height=\"60\"\n                    style=\"max-width:100%;\"\n                \/>\n            <\/a>\n        <\/div>\n\t\t\t\t\t\t\t<\/div> \n\t\t\t\n        \n\t\t\t\t<div id=\"ngg-image-2\" class=\"ngg-gallery-thumbnail-box\" >\n\t\t\t\t        <div class=\"ngg-gallery-thumbnail\">\n            <a href=\"http:\/\/www.spaziotorino.it\/scatto\/wp-content\/gallery\/2010_02_02_sandretto\/0202_sandretto_img_2967.jpg\"\n               title=\"\\&quot;Indagini di un cane\\&quot; - La rivoluzione siamo noi, Maurizio Cattelan\"\n               data-src=\"http:\/\/www.spaziotorino.it\/scatto\/wp-content\/gallery\/2010_02_02_sandretto\/0202_sandretto_img_2967.jpg\"\n               data-thumbnail=\"http:\/\/www.spaziotorino.it\/scatto\/wp-content\/gallery\/2010_02_02_sandretto\/thumbs\/thumbs_0202_sandretto_img_2967.jpg\"\n               data-image-id=\"502\"\n               data-title=\"0202_sandretto_img_2967\"\n               data-description=\"&quot;Indagini di un cane&quot; - La rivoluzione siamo noi, Maurizio Cattelan\"\n               data-image-slug=\"0202_sandretto_img_2967\"\n               class=\"ngg-fancybox\" rel=\"c5f66bf00d9ed313bce3807a74f46a44\">\n                <img\n                    title=\"0202_sandretto_img_2967\"\n                    alt=\"0202_sandretto_img_2967\"\n                    src=\"http:\/\/www.spaziotorino.it\/scatto\/wp-content\/gallery\/2010_02_02_sandretto\/cache\/0202_sandretto_img_2967.jpg-nggid03502-ngg0dyn-60x60x100-00f0w010c011r110f110r010t010.jpg\"\n                    width=\"60\"\n                    height=\"60\"\n                    style=\"max-width:100%;\"\n                \/>\n            <\/a>\n        <\/div>\n\t\t\t\t\t\t\t<\/div> \n\t\t\t\n        \n\t\t\t\t<div id=\"ngg-image-3\" class=\"ngg-gallery-thumbnail-box\" >\n\t\t\t\t        <div class=\"ngg-gallery-thumbnail\">\n            <a href=\"http:\/\/www.spaziotorino.it\/scatto\/wp-content\/gallery\/2010_02_02_sandretto\/0202_sandretto_img_2969.jpg\"\n               title=\"\\&quot;Indagini di un cane\\&quot;\"\n               data-src=\"http:\/\/www.spaziotorino.it\/scatto\/wp-content\/gallery\/2010_02_02_sandretto\/0202_sandretto_img_2969.jpg\"\n               data-thumbnail=\"http:\/\/www.spaziotorino.it\/scatto\/wp-content\/gallery\/2010_02_02_sandretto\/thumbs\/thumbs_0202_sandretto_img_2969.jpg\"\n               data-image-id=\"503\"\n               data-title=\"0202_sandretto_img_2969\"\n               data-description=\"&quot;Indagini di un cane&quot;\"\n               data-image-slug=\"0202_sandretto_img_2969\"\n               class=\"ngg-fancybox\" rel=\"c5f66bf00d9ed313bce3807a74f46a44\">\n                <img\n                    title=\"0202_sandretto_img_2969\"\n                    alt=\"0202_sandretto_img_2969\"\n                    src=\"http:\/\/www.spaziotorino.it\/scatto\/wp-content\/gallery\/2010_02_02_sandretto\/cache\/0202_sandretto_img_2969.jpg-nggid03503-ngg0dyn-60x60x100-00f0w010c011r110f110r010t010.jpg\"\n                    width=\"60\"\n                    height=\"60\"\n                    style=\"max-width:100%;\"\n                \/>\n            <\/a>\n        <\/div>\n\t\t\t\t\t\t\t<\/div> \n\t\t\t\n        \n\t\t\t\t<div id=\"ngg-image-4\" class=\"ngg-gallery-thumbnail-box\" >\n\t\t\t\t        <div class=\"ngg-gallery-thumbnail\">\n            <a href=\"http:\/\/www.spaziotorino.it\/scatto\/wp-content\/gallery\/2010_02_02_sandretto\/0202_sandretto_img_2971.jpg\"\n               title=\"\\&quot;Indagini di un cane\\&quot; - Pig, Paul McCarthy\"\n               data-src=\"http:\/\/www.spaziotorino.it\/scatto\/wp-content\/gallery\/2010_02_02_sandretto\/0202_sandretto_img_2971.jpg\"\n               data-thumbnail=\"http:\/\/www.spaziotorino.it\/scatto\/wp-content\/gallery\/2010_02_02_sandretto\/thumbs\/thumbs_0202_sandretto_img_2971.jpg\"\n               data-image-id=\"504\"\n               data-title=\"0202_sandretto_img_2971\"\n               data-description=\"&quot;Indagini di un cane&quot; - Pig, Paul McCarthy\"\n               data-image-slug=\"0202_sandretto_img_2971\"\n               class=\"ngg-fancybox\" rel=\"c5f66bf00d9ed313bce3807a74f46a44\">\n                <img\n                    title=\"0202_sandretto_img_2971\"\n                    alt=\"0202_sandretto_img_2971\"\n                    src=\"http:\/\/www.spaziotorino.it\/scatto\/wp-content\/gallery\/2010_02_02_sandretto\/cache\/0202_sandretto_img_2971.jpg-nggid03504-ngg0dyn-60x60x100-00f0w010c011r110f110r010t010.jpg\"\n                    width=\"60\"\n                    height=\"60\"\n                    style=\"max-width:100%;\"\n                \/>\n            <\/a>\n        <\/div>\n\t\t\t\t\t\t\t<\/div> \n\t\t\t\n        \n\t\t\t\t<div id=\"ngg-image-5\" class=\"ngg-gallery-thumbnail-box\" >\n\t\t\t\t        <div class=\"ngg-gallery-thumbnail\">\n            <a href=\"http:\/\/www.spaziotorino.it\/scatto\/wp-content\/gallery\/2010_02_02_sandretto\/0202_sandretto_img_2979.jpg\"\n               title=\"\\&quot;Indagini di un cane\\&quot; - Bottari Truck, Kimsooja\"\n               data-src=\"http:\/\/www.spaziotorino.it\/scatto\/wp-content\/gallery\/2010_02_02_sandretto\/0202_sandretto_img_2979.jpg\"\n               data-thumbnail=\"http:\/\/www.spaziotorino.it\/scatto\/wp-content\/gallery\/2010_02_02_sandretto\/thumbs\/thumbs_0202_sandretto_img_2979.jpg\"\n               data-image-id=\"505\"\n               data-title=\"0202_sandretto_img_2979\"\n               data-description=\"&quot;Indagini di un cane&quot; - Bottari Truck, Kimsooja\"\n               data-image-slug=\"0202_sandretto_img_2979\"\n               class=\"ngg-fancybox\" rel=\"c5f66bf00d9ed313bce3807a74f46a44\">\n                <img\n                    title=\"0202_sandretto_img_2979\"\n                    alt=\"0202_sandretto_img_2979\"\n                    src=\"http:\/\/www.spaziotorino.it\/scatto\/wp-content\/gallery\/2010_02_02_sandretto\/cache\/0202_sandretto_img_2979.jpg-nggid03505-ngg0dyn-60x60x100-00f0w010c011r110f110r010t010.jpg\"\n                    width=\"60\"\n                    height=\"60\"\n                    style=\"max-width:100%;\"\n                \/>\n            <\/a>\n        <\/div>\n\t\t\t\t\t\t\t<\/div> \n\t\t\t\n        \n\t\t\t\t<div id=\"ngg-image-6\" class=\"ngg-gallery-thumbnail-box\" >\n\t\t\t\t        <div class=\"ngg-gallery-thumbnail\">\n            <a href=\"http:\/\/www.spaziotorino.it\/scatto\/wp-content\/gallery\/2010_02_02_sandretto\/0202_sandretto_img_2982.jpg\"\n               title=\"\\&quot;Indagini di un cane\\&quot;\"\n               data-src=\"http:\/\/www.spaziotorino.it\/scatto\/wp-content\/gallery\/2010_02_02_sandretto\/0202_sandretto_img_2982.jpg\"\n               data-thumbnail=\"http:\/\/www.spaziotorino.it\/scatto\/wp-content\/gallery\/2010_02_02_sandretto\/thumbs\/thumbs_0202_sandretto_img_2982.jpg\"\n               data-image-id=\"506\"\n               data-title=\"0202_sandretto_img_2982\"\n               data-description=\"&quot;Indagini di un cane&quot;\"\n               data-image-slug=\"0202_sandretto_img_2982\"\n               class=\"ngg-fancybox\" rel=\"c5f66bf00d9ed313bce3807a74f46a44\">\n                <img\n                    title=\"0202_sandretto_img_2982\"\n                    alt=\"0202_sandretto_img_2982\"\n                    src=\"http:\/\/www.spaziotorino.it\/scatto\/wp-content\/gallery\/2010_02_02_sandretto\/cache\/0202_sandretto_img_2982.jpg-nggid03506-ngg0dyn-60x60x100-00f0w010c011r110f110r010t010.jpg\"\n                    width=\"60\"\n                    height=\"60\"\n                    style=\"max-width:100%;\"\n                \/>\n            <\/a>\n        <\/div>\n\t\t\t\t\t\t\t<\/div> \n\t\t\t\n        \n\t\t\t\t<div id=\"ngg-image-7\" class=\"ngg-gallery-thumbnail-box\" >\n\t\t\t\t        <div class=\"ngg-gallery-thumbnail\">\n            <a href=\"http:\/\/www.spaziotorino.it\/scatto\/wp-content\/gallery\/2010_02_02_sandretto\/0202_sandretto_img_2990.jpg\"\n               title=\"\\&quot;Indagini di un cane\\&quot;\"\n               data-src=\"http:\/\/www.spaziotorino.it\/scatto\/wp-content\/gallery\/2010_02_02_sandretto\/0202_sandretto_img_2990.jpg\"\n               data-thumbnail=\"http:\/\/www.spaziotorino.it\/scatto\/wp-content\/gallery\/2010_02_02_sandretto\/thumbs\/thumbs_0202_sandretto_img_2990.jpg\"\n               data-image-id=\"507\"\n               data-title=\"0202_sandretto_img_2990\"\n               data-description=\"&quot;Indagini di un cane&quot;\"\n               data-image-slug=\"0202_sandretto_img_2990\"\n               class=\"ngg-fancybox\" rel=\"c5f66bf00d9ed313bce3807a74f46a44\">\n                <img\n                    title=\"0202_sandretto_img_2990\"\n                    alt=\"0202_sandretto_img_2990\"\n                    src=\"http:\/\/www.spaziotorino.it\/scatto\/wp-content\/gallery\/2010_02_02_sandretto\/cache\/0202_sandretto_img_2990.jpg-nggid03507-ngg0dyn-60x60x100-00f0w010c011r110f110r010t010.jpg\"\n                    width=\"60\"\n                    height=\"60\"\n                    style=\"max-width:100%;\"\n                \/>\n            <\/a>\n        <\/div>\n\t\t\t\t\t\t\t<\/div> \n\t\t\t\n        \n\t\t\t\t<div id=\"ngg-image-8\" class=\"ngg-gallery-thumbnail-box\" >\n\t\t\t\t        <div class=\"ngg-gallery-thumbnail\">\n            <a href=\"http:\/\/www.spaziotorino.it\/scatto\/wp-content\/gallery\/2010_02_02_sandretto\/0202_sandretto_img_2994.jpg\"\n               title=\"\\&quot;Indagini di un cane\\&quot; - i coriandoli di St\u00e9phane Thidet e il neon di Claire Fontaine\"\n               data-src=\"http:\/\/www.spaziotorino.it\/scatto\/wp-content\/gallery\/2010_02_02_sandretto\/0202_sandretto_img_2994.jpg\"\n               data-thumbnail=\"http:\/\/www.spaziotorino.it\/scatto\/wp-content\/gallery\/2010_02_02_sandretto\/thumbs\/thumbs_0202_sandretto_img_2994.jpg\"\n               data-image-id=\"508\"\n               data-title=\"0202_sandretto_img_2994\"\n               data-description=\"&quot;Indagini di un cane&quot; - i coriandoli di St\u00e9phane Thidet e il neon di Claire Fontaine\"\n               data-image-slug=\"0202_sandretto_img_2994\"\n               class=\"ngg-fancybox\" rel=\"c5f66bf00d9ed313bce3807a74f46a44\">\n                <img\n                    title=\"0202_sandretto_img_2994\"\n                    alt=\"0202_sandretto_img_2994\"\n                    src=\"http:\/\/www.spaziotorino.it\/scatto\/wp-content\/gallery\/2010_02_02_sandretto\/cache\/0202_sandretto_img_2994.jpg-nggid03508-ngg0dyn-60x60x100-00f0w010c011r110f110r010t010.jpg\"\n                    width=\"60\"\n                    height=\"60\"\n                    style=\"max-width:100%;\"\n                \/>\n            <\/a>\n        <\/div>\n\t\t\t\t\t\t\t<\/div> \n\t\t\t\n        \n\t\t\t\t<div id=\"ngg-image-9\" class=\"ngg-gallery-thumbnail-box\" >\n\t\t\t\t        <div class=\"ngg-gallery-thumbnail\">\n            <a href=\"http:\/\/www.spaziotorino.it\/scatto\/wp-content\/gallery\/2010_02_02_sandretto\/0202_sandretto_img_2998.jpg\"\n               title=\"\\&quot;Indagini di un cane\\&quot; - sedia capovolta di Bruce Nauman\"\n               data-src=\"http:\/\/www.spaziotorino.it\/scatto\/wp-content\/gallery\/2010_02_02_sandretto\/0202_sandretto_img_2998.jpg\"\n               data-thumbnail=\"http:\/\/www.spaziotorino.it\/scatto\/wp-content\/gallery\/2010_02_02_sandretto\/thumbs\/thumbs_0202_sandretto_img_2998.jpg\"\n               data-image-id=\"509\"\n               data-title=\"0202_sandretto_img_2998\"\n               data-description=\"&quot;Indagini di un cane&quot; - sedia capovolta di Bruce Nauman\"\n               data-image-slug=\"0202_sandretto_img_2998\"\n               class=\"ngg-fancybox\" rel=\"c5f66bf00d9ed313bce3807a74f46a44\">\n                <img\n                    title=\"0202_sandretto_img_2998\"\n                    alt=\"0202_sandretto_img_2998\"\n                    src=\"http:\/\/www.spaziotorino.it\/scatto\/wp-content\/gallery\/2010_02_02_sandretto\/cache\/0202_sandretto_img_2998.jpg-nggid03509-ngg0dyn-60x60x100-00f0w010c011r110f110r010t010.jpg\"\n                    width=\"60\"\n                    height=\"60\"\n                    style=\"max-width:100%;\"\n                \/>\n            <\/a>\n        <\/div>\n\t\t\t\t\t\t\t<\/div> \n\t\t\t\n        \n\t\t\t\t<div id=\"ngg-image-10\" class=\"ngg-gallery-thumbnail-box\" >\n\t\t\t\t        <div class=\"ngg-gallery-thumbnail\">\n            <a href=\"http:\/\/www.spaziotorino.it\/scatto\/wp-content\/gallery\/2010_02_02_sandretto\/0202_sandretto_img_3009.jpg\"\n               title=\"\\&quot;Greater Torino\\&quot; - Spaziando, Paola Azich\u00e9\"\n               data-src=\"http:\/\/www.spaziotorino.it\/scatto\/wp-content\/gallery\/2010_02_02_sandretto\/0202_sandretto_img_3009.jpg\"\n               data-thumbnail=\"http:\/\/www.spaziotorino.it\/scatto\/wp-content\/gallery\/2010_02_02_sandretto\/thumbs\/thumbs_0202_sandretto_img_3009.jpg\"\n               data-image-id=\"510\"\n               data-title=\"0202_sandretto_img_3009\"\n               data-description=\"&quot;Greater Torino&quot; - Spaziando, Paola Azich\u00e9\"\n               data-image-slug=\"0202_sandretto_img_3009\"\n               class=\"ngg-fancybox\" rel=\"c5f66bf00d9ed313bce3807a74f46a44\">\n                <img\n                    title=\"0202_sandretto_img_3009\"\n                    alt=\"0202_sandretto_img_3009\"\n                    src=\"http:\/\/www.spaziotorino.it\/scatto\/wp-content\/gallery\/2010_02_02_sandretto\/cache\/0202_sandretto_img_3009.jpg-nggid03510-ngg0dyn-60x60x100-00f0w010c011r110f110r010t010.jpg\"\n                    width=\"60\"\n                    height=\"60\"\n                    style=\"max-width:100%;\"\n                \/>\n            <\/a>\n        <\/div>\n\t\t\t\t\t\t\t<\/div> \n\t\t\t\n        \n\t\t\t\t<div id=\"ngg-image-11\" class=\"ngg-gallery-thumbnail-box\" >\n\t\t\t\t        <div class=\"ngg-gallery-thumbnail\">\n            <a href=\"http:\/\/www.spaziotorino.it\/scatto\/wp-content\/gallery\/2010_02_02_sandretto\/0202_sandretto_img_3013.jpg\"\n               title=\"\\&quot;Greater Torino\\&quot; - More work \/ More space, Paolo Piscitelli. A sinistra Patrizia Sandretto Re Rebaudengo\"\n               data-src=\"http:\/\/www.spaziotorino.it\/scatto\/wp-content\/gallery\/2010_02_02_sandretto\/0202_sandretto_img_3013.jpg\"\n               data-thumbnail=\"http:\/\/www.spaziotorino.it\/scatto\/wp-content\/gallery\/2010_02_02_sandretto\/thumbs\/thumbs_0202_sandretto_img_3013.jpg\"\n               data-image-id=\"511\"\n               data-title=\"0202_sandretto_img_3013\"\n               data-description=\"&quot;Greater Torino&quot; - More work \/ More space, Paolo Piscitelli. A sinistra Patrizia Sandretto Re Rebaudengo\"\n               data-image-slug=\"0202_sandretto_img_3013\"\n               class=\"ngg-fancybox\" rel=\"c5f66bf00d9ed313bce3807a74f46a44\">\n                <img\n                    title=\"0202_sandretto_img_3013\"\n                    alt=\"0202_sandretto_img_3013\"\n                    src=\"http:\/\/www.spaziotorino.it\/scatto\/wp-content\/gallery\/2010_02_02_sandretto\/cache\/0202_sandretto_img_3013.jpg-nggid03511-ngg0dyn-60x60x100-00f0w010c011r110f110r010t010.jpg\"\n                    width=\"60\"\n                    height=\"60\"\n                    style=\"max-width:100%;\"\n                \/>\n            <\/a>\n        <\/div>\n\t\t\t\t\t\t\t<\/div> \n\t\t\t\n        \n\t\t\t\t<div id=\"ngg-image-12\" class=\"ngg-gallery-thumbnail-box\" >\n\t\t\t\t        <div class=\"ngg-gallery-thumbnail\">\n            <a href=\"http:\/\/www.spaziotorino.it\/scatto\/wp-content\/gallery\/2010_02_02_sandretto\/0202_sandretto_img_3021.jpg\"\n               title=\"\\&quot;Greater Torino\\&quot; - Spaziando, Paola Azich\u00e9\"\n               data-src=\"http:\/\/www.spaziotorino.it\/scatto\/wp-content\/gallery\/2010_02_02_sandretto\/0202_sandretto_img_3021.jpg\"\n               data-thumbnail=\"http:\/\/www.spaziotorino.it\/scatto\/wp-content\/gallery\/2010_02_02_sandretto\/thumbs\/thumbs_0202_sandretto_img_3021.jpg\"\n               data-image-id=\"512\"\n               data-title=\"0202_sandretto_img_3021\"\n               data-description=\"&quot;Greater Torino&quot; - Spaziando, Paola Azich\u00e9\"\n               data-image-slug=\"0202_sandretto_img_3021\"\n               class=\"ngg-fancybox\" rel=\"c5f66bf00d9ed313bce3807a74f46a44\">\n                <img\n                    title=\"0202_sandretto_img_3021\"\n                    alt=\"0202_sandretto_img_3021\"\n                    src=\"http:\/\/www.spaziotorino.it\/scatto\/wp-content\/gallery\/2010_02_02_sandretto\/cache\/0202_sandretto_img_3021.jpg-nggid03512-ngg0dyn-60x60x100-00f0w010c011r110f110r010t010.jpg\"\n                    width=\"60\"\n                    height=\"60\"\n                    style=\"max-width:100%;\"\n                \/>\n            <\/a>\n        <\/div>\n\t\t\t\t\t\t\t<\/div> \n\t\t\t\n        \n\t\t\t\t<div id=\"ngg-image-13\" class=\"ngg-gallery-thumbnail-box\" >\n\t\t\t\t        <div class=\"ngg-gallery-thumbnail\">\n            <a href=\"http:\/\/www.spaziotorino.it\/scatto\/wp-content\/gallery\/2010_02_02_sandretto\/0202_sandretto_img_3045.jpg\"\n               title=\"\\&quot;Greater Torino\\&quot; - Origami Tapis, Paola Anzich\u00e9\"\n               data-src=\"http:\/\/www.spaziotorino.it\/scatto\/wp-content\/gallery\/2010_02_02_sandretto\/0202_sandretto_img_3045.jpg\"\n               data-thumbnail=\"http:\/\/www.spaziotorino.it\/scatto\/wp-content\/gallery\/2010_02_02_sandretto\/thumbs\/thumbs_0202_sandretto_img_3045.jpg\"\n               data-image-id=\"513\"\n               data-title=\"0202_sandretto_img_3045\"\n               data-description=\"&quot;Greater Torino&quot; - Origami Tapis, Paola Anzich\u00e9\"\n               data-image-slug=\"0202_sandretto_img_3045\"\n               class=\"ngg-fancybox\" rel=\"c5f66bf00d9ed313bce3807a74f46a44\">\n                <img\n                    title=\"0202_sandretto_img_3045\"\n                    alt=\"0202_sandretto_img_3045\"\n                    src=\"http:\/\/www.spaziotorino.it\/scatto\/wp-content\/gallery\/2010_02_02_sandretto\/cache\/0202_sandretto_img_3045.jpg-nggid03513-ngg0dyn-60x60x100-00f0w010c011r110f110r010t010.jpg\"\n                    width=\"60\"\n                    height=\"60\"\n                    style=\"max-width:100%;\"\n                \/>\n            <\/a>\n        <\/div>\n\t\t\t\t\t\t\t<\/div> \n\t\t\t\n        \n\t\t\n\t\t<!-- Pagination -->\n\t<div class='ngg-clear'><\/div>\t<\/div>\n\n<p>Alla Fondazione Sandretto Re Rebaudengo visibile il nuovo progetto artistico <em>Greater Torino. <\/em> Una parte dello spazio espositivo sar\u00e0 messo a disposizione di due talenti emergenti. A cadenza mensile, in contemporanea alla mostra presente nel museo \u2013 che in questo momento \u00e8<em> Indagini di un cane. Collezioni d\u2019arte di cinque fondazioni europee<\/em> -, verranno allestite delle personali dedicate a due giovani artisti nati o residenti nel territorio torinese. La compresenza con le rassegne presenti in calendario incrementer\u00e0 la visibilit\u00e0 dei lavori realizzati dalle giovani generazioni. Il nuovo ciclo espositivo, che sar\u00e0 inaugurato alle 19 in via Modane 16, aprir\u00e0 con gli allestimenti dedicati a Paola Anzich\u00e9, nata a Milano nel 1975 e da alcuni anni trasferita a Torino e Paolo Piscitelli, nato a Venaria Reale nel 1971, di formazione torinese e attuale residenza negli Stati Uniti.<\/p>\n<p>Di Paola Anzich\u00e9 esposte delle sculture-tappeto create per interagire col pubblico, un video e una rete di tela realizzata appositamente per <em>Greater Torino <\/em>ispirata alla figura mitica dell\u2019artista brasiliana Lygia Clark.<\/p>\n<p>Piscitelli espone invece sculture in legno formate da tavolette accatastate dalla posizione\u00a0 modificabile, un video delle sue esperienze e disegni a carboncino e inchiostro.<\/p>\n<p>Per <em>Greater<\/em>, la Fondazione produrr\u00e0 l\u2019opera \u201cSign of the Times\u201d di Piscitelli e \u201cSpaziando\u201d della Anzich\u00e9. Le opere dei due artisti vivono dell\u2019interazione con il pubblico che, tra l\u2019altro, potr\u00e0 partecipare ai laboratori curati dalla storica dell\u2019arte Giorgina Bertolino. \u201cGreater \u00e8 l\u2019immagine che abbiamo scelto per fotografare una citt\u00e0 e i percorsi dei suoi artisti \u2013 ha spiegato -. La mostra, gi\u00e0 di per s\u00e9 specchio di una geografia di ricerche e di biografie, si allarga diventando l\u2019occasione di un \u2018laboratorio\u2019 di attivit\u00e0 e di riflessioni aperto a giovani e adulti, studenti, frequentatori, visitatori. Per iscrizioni: dip.educativo@fsrr.org | telefono: 011\/37.97.631 | f. 011\/37.97.601.<\/p>\n<p><strong>Informazioni:<\/strong><\/p>\n<p><strong>orario:<\/strong> Da marted\u00ec a domenica dalle 12 alle 20. Gioved\u00ec dalle 12 alle 23. Luned\u00ec chiuso. (possono variare, verificare sempre via telefono)<\/p>\n<p><strong>biglietti:<\/strong> Intero \u20ac 5 , Gruppi \u20ac 4, Ridotto \u20ac 3<\/p>\n<p>Fondazione Sandretto Re Rebaudengo, Via Modane 16 (10141)<\/p>\n<p>Telefono\u00a0: 0113797600<br \/>\nEmail: <a href=\"mailto:info@fondsrr.org\">info@fondsrr.org<\/a><br \/>\nSito: <a href=\"http:\/\/www.fondsrr.org\/\" target=\"_blank\">www.fondsrr.org<\/a><\/p>\n","protected":false},"excerpt":{"rendered":"<p>Alla Fondazione Sandretto Re Rebaudengo visibile il nuovo progetto artistico Greater Torino. Una parte dello spazio espositivo sar\u00e0 messo a disposizione di due talenti emergenti. A cadenza mensile, in contemporanea alla mostra presente nel museo \u2013 che in questo momento \u00e8 Indagini di un cane. Collezioni d\u2019arte di cinque fondazioni europee -, verranno allestite delle [&hellip;]<\/p>\n","protected":false},"author":1,"featured_media":0,"comment_status":"open","ping_status":"open","sticky":false,"template":"","format":"standard","meta":{"ngg_post_thumbnail":0},"categories":[54,1],"tags":[3021,3156,3155,3157,3158],"_links":{"self":[{"href":"http:\/\/www.spaziotorino.it\/scatto\/index.php?rest_route=\/wp\/v2\/posts\/250"}],"collection":[{"href":"http:\/\/www.spaziotorino.it\/scatto\/index.php?rest_route=\/wp\/v2\/posts"}],"about":[{"href":"http:\/\/www.spaziotorino.it\/scatto\/index.php?rest_route=\/wp\/v2\/types\/post"}],"author":[{"embeddable":true,"href":"http:\/\/www.spaziotorino.it\/scatto\/index.php?rest_route=\/wp\/v2\/users\/1"}],"replies":[{"embeddable":true,"href":"http:\/\/www.spaziotorino.it\/scatto\/index.php?rest_route=%2Fwp%2Fv2%2Fcomments&post=250"}],"version-history":[{"count":4,"href":"http:\/\/www.spaziotorino.it\/scatto\/index.php?rest_route=\/wp\/v2\/posts\/250\/revisions"}],"predecessor-version":[{"id":254,"href":"http:\/\/www.spaziotorino.it\/scatto\/index.php?rest_route=\/wp\/v2\/posts\/250\/revisions\/254"}],"wp:attachment":[{"href":"http:\/\/www.spaziotorino.it\/scatto\/index.php?rest_route=%2Fwp%2Fv2%2Fmedia&parent=250"}],"wp:term":[{"taxonomy":"category","embeddable":true,"href":"http:\/\/www.spaziotorino.it\/scatto\/index.php?rest_route=%2Fwp%2Fv2%2Fcategories&post=250"},{"taxonomy":"post_tag","embeddable":true,"href":"http:\/\/www.spaziotorino.it\/scatto\/index.php?rest_route=%2Fwp%2Fv2%2Ftags&post=250"}],"curies":[{"name":"wp","href":"https:\/\/api.w.org\/{rel}","templated":true}]}}