{"id":256,"date":"2010-02-03T20:06:49","date_gmt":"2010-02-03T19:06:49","guid":{"rendered":"http:\/\/www.spaziotorino.it\/scatto\/?p=256"},"modified":"2010-02-12T15:32:01","modified_gmt":"2010-02-12T14:32:01","slug":"museo-olimpico-torino-2006","status":"publish","type":"post","link":"http:\/\/www.spaziotorino.it\/scatto\/?p=256","title":{"rendered":"Museo Olimpico Torino 2006"},"content":{"rendered":"<p><a title=\"La medaglia d'oro di Torino 2006\" rel=\"lightbox[set_32]\" href=\"http:\/\/www.spaziotorino.it\/scatto\/wp-content\/gallery\/2010_02_03_museo_olimpico\/0302_ol_img_3200.jpg\"><br \/>\n<img decoding=\"async\" loading=\"lazy\" class=\"ngg-singlepic\" title=\"La medaglia d'oro di Torino 2006\" src=\"http:\/\/www.spaziotorino.it\/scatto\/wp-content\/gallery\/2010_02_03_museo_olimpico\/0302_ol_img_3200.jpg\" alt=\"La medaglia d'oro di Torino 2006\" width=\"540\" height=\"360\" \/><br \/>\n<\/a><\/p>\n<!-- index.php -->\n<div\n\tclass=\"ngg-galleryoverview ngg-ajax-pagination-none\"\n\tid=\"ngg-gallery-b72bb5cdc7bc85ab3e95d7be20b3547a-1\">\n\n    \t\t<!-- Thumbnails -->\n\t\t\t\t<div id=\"ngg-image-0\" class=\"ngg-gallery-thumbnail-box\" >\n\t\t\t\t        <div class=\"ngg-gallery-thumbnail\">\n            <a href=\"http:\/\/www.spaziotorino.it\/scatto\/wp-content\/gallery\/2010_02_03_museo_olimpico\/0302_ol_img_3119.jpg\"\n               title=\"L\\&#039;ingesso del Museo di Scienze Naturali di via Giolitti 36\"\n               data-src=\"http:\/\/www.spaziotorino.it\/scatto\/wp-content\/gallery\/2010_02_03_museo_olimpico\/0302_ol_img_3119.jpg\"\n               data-thumbnail=\"http:\/\/www.spaziotorino.it\/scatto\/wp-content\/gallery\/2010_02_03_museo_olimpico\/thumbs\/thumbs_0302_ol_img_3119.jpg\"\n               data-image-id=\"514\"\n               data-title=\"0302_ol_img_3119\"\n               data-description=\"L&#039;ingesso del Museo di Scienze Naturali di via Giolitti 36\"\n               data-image-slug=\"0302_ol_img_3119\"\n               class=\"ngg-fancybox\" rel=\"b72bb5cdc7bc85ab3e95d7be20b3547a\">\n                <img\n                    title=\"0302_ol_img_3119\"\n                    alt=\"0302_ol_img_3119\"\n                    src=\"http:\/\/www.spaziotorino.it\/scatto\/wp-content\/gallery\/2010_02_03_museo_olimpico\/cache\/0302_ol_img_3119.jpg-nggid03514-ngg0dyn-60x60x100-00f0w010c011r110f110r010t010.jpg\"\n                    width=\"60\"\n                    height=\"60\"\n                    style=\"max-width:100%;\"\n                \/>\n            <\/a>\n        <\/div>\n\t\t\t\t\t\t\t<\/div> \n\t\t\t\n        \n\t\t\t\t<div id=\"ngg-image-1\" class=\"ngg-gallery-thumbnail-box\" >\n\t\t\t\t        <div class=\"ngg-gallery-thumbnail\">\n            <a href=\"http:\/\/www.spaziotorino.it\/scatto\/wp-content\/gallery\/2010_02_03_museo_olimpico\/0302_ol_img_3124.jpg\"\n               title=\"Nelle fauci del Museo Olimpico\"\n               data-src=\"http:\/\/www.spaziotorino.it\/scatto\/wp-content\/gallery\/2010_02_03_museo_olimpico\/0302_ol_img_3124.jpg\"\n               data-thumbnail=\"http:\/\/www.spaziotorino.it\/scatto\/wp-content\/gallery\/2010_02_03_museo_olimpico\/thumbs\/thumbs_0302_ol_img_3124.jpg\"\n               data-image-id=\"515\"\n               data-title=\"0302_ol_img_3124\"\n               data-description=\"Nelle fauci del Museo Olimpico\"\n               data-image-slug=\"0302_ol_img_3124\"\n               class=\"ngg-fancybox\" rel=\"b72bb5cdc7bc85ab3e95d7be20b3547a\">\n                <img\n                    title=\"0302_ol_img_3124\"\n                    alt=\"0302_ol_img_3124\"\n                    src=\"http:\/\/www.spaziotorino.it\/scatto\/wp-content\/gallery\/2010_02_03_museo_olimpico\/cache\/0302_ol_img_3124.jpg-nggid03515-ngg0dyn-60x60x100-00f0w010c011r110f110r010t010.jpg\"\n                    width=\"60\"\n                    height=\"60\"\n                    style=\"max-width:100%;\"\n                \/>\n            <\/a>\n        <\/div>\n\t\t\t\t\t\t\t<\/div> \n\t\t\t\n        \n\t\t\t\t<div id=\"ngg-image-2\" class=\"ngg-gallery-thumbnail-box\" >\n\t\t\t\t        <div class=\"ngg-gallery-thumbnail\">\n            <a href=\"http:\/\/www.spaziotorino.it\/scatto\/wp-content\/gallery\/2010_02_03_museo_olimpico\/0302_ol_img_3130.jpg\"\n               title=\"L\\&#039;enorme libro degli ospiti delle olimpiadi di Torino\"\n               data-src=\"http:\/\/www.spaziotorino.it\/scatto\/wp-content\/gallery\/2010_02_03_museo_olimpico\/0302_ol_img_3130.jpg\"\n               data-thumbnail=\"http:\/\/www.spaziotorino.it\/scatto\/wp-content\/gallery\/2010_02_03_museo_olimpico\/thumbs\/thumbs_0302_ol_img_3130.jpg\"\n               data-image-id=\"516\"\n               data-title=\"0302_ol_img_3130\"\n               data-description=\"L&#039;enorme libro degli ospiti delle olimpiadi di Torino\"\n               data-image-slug=\"0302_ol_img_3130\"\n               class=\"ngg-fancybox\" rel=\"b72bb5cdc7bc85ab3e95d7be20b3547a\">\n                <img\n                    title=\"0302_ol_img_3130\"\n                    alt=\"0302_ol_img_3130\"\n                    src=\"http:\/\/www.spaziotorino.it\/scatto\/wp-content\/gallery\/2010_02_03_museo_olimpico\/cache\/0302_ol_img_3130.jpg-nggid03516-ngg0dyn-60x60x100-00f0w010c011r110f110r010t010.jpg\"\n                    width=\"60\"\n                    height=\"60\"\n                    style=\"max-width:100%;\"\n                \/>\n            <\/a>\n        <\/div>\n\t\t\t\t\t\t\t<\/div> \n\t\t\t\n        \n\t\t\t\t<div id=\"ngg-image-3\" class=\"ngg-gallery-thumbnail-box\" >\n\t\t\t\t        <div class=\"ngg-gallery-thumbnail\">\n            <a href=\"http:\/\/www.spaziotorino.it\/scatto\/wp-content\/gallery\/2010_02_03_museo_olimpico\/0302_ol_img_3132.jpg\"\n               title=\"Torino 2006\"\n               data-src=\"http:\/\/www.spaziotorino.it\/scatto\/wp-content\/gallery\/2010_02_03_museo_olimpico\/0302_ol_img_3132.jpg\"\n               data-thumbnail=\"http:\/\/www.spaziotorino.it\/scatto\/wp-content\/gallery\/2010_02_03_museo_olimpico\/thumbs\/thumbs_0302_ol_img_3132.jpg\"\n               data-image-id=\"517\"\n               data-title=\"0302_ol_img_3132\"\n               data-description=\"Torino 2006\"\n               data-image-slug=\"0302_ol_img_3132\"\n               class=\"ngg-fancybox\" rel=\"b72bb5cdc7bc85ab3e95d7be20b3547a\">\n                <img\n                    title=\"0302_ol_img_3132\"\n                    alt=\"0302_ol_img_3132\"\n                    src=\"http:\/\/www.spaziotorino.it\/scatto\/wp-content\/gallery\/2010_02_03_museo_olimpico\/cache\/0302_ol_img_3132.jpg-nggid03517-ngg0dyn-60x60x100-00f0w010c011r110f110r010t010.jpg\"\n                    width=\"60\"\n                    height=\"60\"\n                    style=\"max-width:100%;\"\n                \/>\n            <\/a>\n        <\/div>\n\t\t\t\t\t\t\t<\/div> \n\t\t\t\n        \n\t\t\t\t<div id=\"ngg-image-4\" class=\"ngg-gallery-thumbnail-box\" >\n\t\t\t\t        <div class=\"ngg-gallery-thumbnail\">\n            <a href=\"http:\/\/www.spaziotorino.it\/scatto\/wp-content\/gallery\/2010_02_03_museo_olimpico\/0302_ol_img_3140.jpg\"\n               title=\"Museo Olimpico Torino 2006\"\n               data-src=\"http:\/\/www.spaziotorino.it\/scatto\/wp-content\/gallery\/2010_02_03_museo_olimpico\/0302_ol_img_3140.jpg\"\n               data-thumbnail=\"http:\/\/www.spaziotorino.it\/scatto\/wp-content\/gallery\/2010_02_03_museo_olimpico\/thumbs\/thumbs_0302_ol_img_3140.jpg\"\n               data-image-id=\"518\"\n               data-title=\"0302_ol_img_3140\"\n               data-description=\"Museo Olimpico Torino 2006\"\n               data-image-slug=\"0302_ol_img_3140\"\n               class=\"ngg-fancybox\" rel=\"b72bb5cdc7bc85ab3e95d7be20b3547a\">\n                <img\n                    title=\"0302_ol_img_3140\"\n                    alt=\"0302_ol_img_3140\"\n                    src=\"http:\/\/www.spaziotorino.it\/scatto\/wp-content\/gallery\/2010_02_03_museo_olimpico\/cache\/0302_ol_img_3140.jpg-nggid03518-ngg0dyn-60x60x100-00f0w010c011r110f110r010t010.jpg\"\n                    width=\"60\"\n                    height=\"60\"\n                    style=\"max-width:100%;\"\n                \/>\n            <\/a>\n        <\/div>\n\t\t\t\t\t\t\t<\/div> \n\t\t\t\n        \n\t\t\t\t<div id=\"ngg-image-5\" class=\"ngg-gallery-thumbnail-box\" >\n\t\t\t\t        <div class=\"ngg-gallery-thumbnail\">\n            <a href=\"http:\/\/www.spaziotorino.it\/scatto\/wp-content\/gallery\/2010_02_03_museo_olimpico\/0302_ol_img_3195.jpg\"\n               title=\"L\\&#039;evoluzione della Torcia Olimpica\"\n               data-src=\"http:\/\/www.spaziotorino.it\/scatto\/wp-content\/gallery\/2010_02_03_museo_olimpico\/0302_ol_img_3195.jpg\"\n               data-thumbnail=\"http:\/\/www.spaziotorino.it\/scatto\/wp-content\/gallery\/2010_02_03_museo_olimpico\/thumbs\/thumbs_0302_ol_img_3195.jpg\"\n               data-image-id=\"520\"\n               data-title=\"0302_ol_img_3195\"\n               data-description=\"L&#039;evoluzione della Torcia Olimpica\"\n               data-image-slug=\"0302_ol_img_3195\"\n               class=\"ngg-fancybox\" rel=\"b72bb5cdc7bc85ab3e95d7be20b3547a\">\n                <img\n                    title=\"0302_ol_img_3195\"\n                    alt=\"0302_ol_img_3195\"\n                    src=\"http:\/\/www.spaziotorino.it\/scatto\/wp-content\/gallery\/2010_02_03_museo_olimpico\/cache\/0302_ol_img_3195.jpg-nggid03520-ngg0dyn-60x60x100-00f0w010c011r110f110r010t010.jpg\"\n                    width=\"60\"\n                    height=\"60\"\n                    style=\"max-width:100%;\"\n                \/>\n            <\/a>\n        <\/div>\n\t\t\t\t\t\t\t<\/div> \n\t\t\t\n        \n\t\t\t\t<div id=\"ngg-image-6\" class=\"ngg-gallery-thumbnail-box\" >\n\t\t\t\t        <div class=\"ngg-gallery-thumbnail\">\n            <a href=\"http:\/\/www.spaziotorino.it\/scatto\/wp-content\/gallery\/2010_02_03_museo_olimpico\/0302_ol_img_3200.jpg\"\n               title=\"La medaglia d\\&#039;oro di Torino 2006\"\n               data-src=\"http:\/\/www.spaziotorino.it\/scatto\/wp-content\/gallery\/2010_02_03_museo_olimpico\/0302_ol_img_3200.jpg\"\n               data-thumbnail=\"http:\/\/www.spaziotorino.it\/scatto\/wp-content\/gallery\/2010_02_03_museo_olimpico\/thumbs\/thumbs_0302_ol_img_3200.jpg\"\n               data-image-id=\"521\"\n               data-title=\"0302_ol_img_3200\"\n               data-description=\"La medaglia d&#039;oro di Torino 2006\"\n               data-image-slug=\"0302_ol_img_3200\"\n               class=\"ngg-fancybox\" rel=\"b72bb5cdc7bc85ab3e95d7be20b3547a\">\n                <img\n                    title=\"0302_ol_img_3200\"\n                    alt=\"0302_ol_img_3200\"\n                    src=\"http:\/\/www.spaziotorino.it\/scatto\/wp-content\/gallery\/2010_02_03_museo_olimpico\/cache\/0302_ol_img_3200.jpg-nggid03521-ngg0dyn-60x60x100-00f0w010c011r110f110r010t010.jpg\"\n                    width=\"60\"\n                    height=\"60\"\n                    style=\"max-width:100%;\"\n                \/>\n            <\/a>\n        <\/div>\n\t\t\t\t\t\t\t<\/div> \n\t\t\t\n        \n\t\t\n\t\t<!-- Pagination -->\n\t<div class='ngg-clear'><\/div>\t<\/div>\n\n<p>Atmosfere e ricordi della Torino a cinque cerchi riprendono vita negli spazi espositivi del Museo regionale di Scienze naturali dove \u00e8 stato inaugurato il Museo Olimpico Italiano. Allestito a cura di Regione Piemonte, Provincia e Comune di Torino, con la collaborazione di TOP e Torino Olympic Park, raccoglie oggetti e immagini di quei giorni del 2006, in cui le montagne della<br \/>\nValsusa e della Val Chisone divennero protagoniste di un palcoscenico mondiale e la citt\u00e0 sotto la Mole torn\u00f2 a essere capitale, accogliendo la pi\u00f9 festosa, cosmopolita e piacevole invasione della sua storia.<\/p>\n<p>Il Museo Olimpico \u00e8 allestito presso il Museo di Scienze Naturali di via Giolitti, 36.<br \/>\nAperto tutti i giorni dalle 10 alle 19,escluso il marted\u00ec.<br \/>\nIl costo del biglietto, compreso nell\u2019ingresso al Museo di Scienze Naturali, \u00e8 di 5 euro (intero), 2,50  ridotto).<br \/>\nL\u2019ingresso \u00e8 gratuito per i volontari di Noi 2006<\/p>\n<p><strong>Le immagini delle Olimpiadi e delle Paralimpiadi dal fotoblog del 2006:<\/strong><\/p>\n<p><strong>Olimpiadi<\/strong><\/p>\n<ul>\n<li><a href=\"http:\/\/www.comune.torino.it\/scatTO\/archivio\/2006\/gennaio06\/20060126.shtml\">Torino Olimpica pronta ad accogliere i turisti<\/a><\/li>\n<li><a href=\"http:\/\/www.comune.torino.it\/scatTO\/archivio\/2006\/febbraio06\/20060209.shtml\">Fiamma Olimpica<\/a><\/li>\n<li><a href=\"http:\/\/www.comune.torino.it\/scatTO\/archivio\/2006\/febbraio06\/20060210.shtml\">istantanee della Cerimonia di Apertura<\/a><\/li>\n<\/ul>\n<p><strong>Le foto dei lettori<\/strong><\/p>\n<li><a href=\"http:\/\/www.comune.torino.it\/scatTO\/archivio\/2006\/febbraio06\/20060213.shtml\">13 febbraio 2006<\/a><\/li>\n<li><a href=\"http:\/\/www.comune.torino.it\/scatTO\/archivio\/2006\/febbraio06\/20060215.shtml#blog\">15 febbraio 2006<\/a><\/li>\n<li><a href=\"http:\/\/www.comune.torino.it\/scatTO\/archivio\/2006\/febbraio06\/20060217.shtml\">17 febbraio 2006<\/a><\/li>\n<li><a href=\"http:\/\/www.comune.torino.it\/scatTO\/archivio\/2006\/febbraio06\/20060220.shtml\">20 febbraio 2006<\/a><\/li>\n<li><a href=\"http:\/\/www.comune.torino.it\/scatTO\/archivio\/2006\/febbraio06\/20060221.shtml\">21 febbraio 2006<\/a><\/li>\n<li><a href=\"http:\/\/www.comune.torino.it\/scatTO\/archivio\/2006\/febbraio06\/20060222.shtml#blog2\">22 febbraio 2006<\/a><\/li>\n<li><a href=\"http:\/\/www.comune.torino.it\/scatTO\/archivio\/2006\/febbraio06\/20060226.shtml\">26 febbraio 2006<\/a><\/li>\n<p><strong>Paralimpiadi<\/strong><\/p>\n<ul>\n<li><a href=\"http:\/\/www.comune.torino.it\/scatTO\/archivio\/2006\/marzo06\/20060310.shtml\">istantanee della Cerimonia di Apertura<\/a><\/li>\n<\/ul>\n<p><strong>le foto dei lettori:<\/strong><\/p>\n<ul>\n<li><a href=\"http:\/\/www.comune.torino.it\/scatTO\/archivio\/2006\/marzo06\/20060316.shtml\">16 marzo 2006<\/a><\/li>\n<li><a href=\"http:\/\/www.comune.torino.it\/scatTO\/archivio\/2006\/marzo06\/20060320.shtml\">20 marzo 2006<\/a><\/li>\n<\/ul>\n","protected":false},"excerpt":{"rendered":"<p>Atmosfere e ricordi della Torino a cinque cerchi riprendono vita negli spazi espositivi del Museo regionale di Scienze naturali dove \u00e8 stato inaugurato il Museo Olimpico Italiano. Allestito a cura di Regione Piemonte, Provincia e Comune di Torino, con la collaborazione di TOP e Torino Olympic Park, raccoglie oggetti e immagini di quei giorni del [&hellip;]<\/p>\n","protected":false},"author":1,"featured_media":0,"comment_status":"open","ping_status":"open","sticky":false,"template":"","format":"standard","meta":{"ngg_post_thumbnail":0},"categories":[1,10],"tags":[3160,3159,3066,3126],"_links":{"self":[{"href":"http:\/\/www.spaziotorino.it\/scatto\/index.php?rest_route=\/wp\/v2\/posts\/256"}],"collection":[{"href":"http:\/\/www.spaziotorino.it\/scatto\/index.php?rest_route=\/wp\/v2\/posts"}],"about":[{"href":"http:\/\/www.spaziotorino.it\/scatto\/index.php?rest_route=\/wp\/v2\/types\/post"}],"author":[{"embeddable":true,"href":"http:\/\/www.spaziotorino.it\/scatto\/index.php?rest_route=\/wp\/v2\/users\/1"}],"replies":[{"embeddable":true,"href":"http:\/\/www.spaziotorino.it\/scatto\/index.php?rest_route=%2Fwp%2Fv2%2Fcomments&post=256"}],"version-history":[{"count":7,"href":"http:\/\/www.spaziotorino.it\/scatto\/index.php?rest_route=\/wp\/v2\/posts\/256\/revisions"}],"predecessor-version":[{"id":269,"href":"http:\/\/www.spaziotorino.it\/scatto\/index.php?rest_route=\/wp\/v2\/posts\/256\/revisions\/269"}],"wp:attachment":[{"href":"http:\/\/www.spaziotorino.it\/scatto\/index.php?rest_route=%2Fwp%2Fv2%2Fmedia&parent=256"}],"wp:term":[{"taxonomy":"category","embeddable":true,"href":"http:\/\/www.spaziotorino.it\/scatto\/index.php?rest_route=%2Fwp%2Fv2%2Fcategories&post=256"},{"taxonomy":"post_tag","embeddable":true,"href":"http:\/\/www.spaziotorino.it\/scatto\/index.php?rest_route=%2Fwp%2Fv2%2Ftags&post=256"}],"curies":[{"name":"wp","href":"https:\/\/api.w.org\/{rel}","templated":true}]}}