{"id":39086,"date":"2021-02-04T17:36:12","date_gmt":"2021-02-04T16:36:12","guid":{"rendered":"http:\/\/www.spaziotorino.it\/scatto\/?p=39086"},"modified":"2021-02-05T11:36:41","modified_gmt":"2021-02-05T10:36:41","slug":"a-palazzo-madama-ritratti-doro-e-dargento","status":"publish","type":"post","link":"http:\/\/www.spaziotorino.it\/scatto\/?p=39086","title":{"rendered":"A Palazzo Madama Ritratti d\u2019oro e d\u2019argento"},"content":{"rendered":"<p><a class=\"ngg-fancybox\" title=\"A Palazzo Madama Ritratti d\u2019oro e d\u2019argento\" href=\"http:\/\/www.spaziotorino.it\/scatto\/wp-content\/gallery\/2021_02_04_madama\/pla_8069.jpg\" rel=\"565bb618dc12737a16c2e86599ab3544\"><br \/>\n<img decoding=\"async\" loading=\"lazy\" class=\"ngg-singlepic\" title=\"A Palazzo Madama Ritratti d\u2019oro e d\u2019argento\" src=\"http:\/\/www.spaziotorino.it\/scatto\/wp-content\/gallery\/2021_02_04_madama\/pla_8069.jpg\" alt=\"\" width=\"540\" height=\"360\"\/><\/a><\/p>\n<!-- index.php -->\n<div\n\tclass=\"ngg-galleryoverview ngg-ajax-pagination-none\"\n\tid=\"ngg-gallery-df8bd6fdaf6a7f130b5f82421b5f31c0-1\">\n\n    \t\t<!-- Thumbnails -->\n\t\t\t\t<div id=\"ngg-image-0\" class=\"ngg-gallery-thumbnail-box\" >\n\t\t\t\t        <div class=\"ngg-gallery-thumbnail\">\n            <a href=\"http:\/\/www.spaziotorino.it\/scatto\/wp-content\/gallery\/2021_02_04_madama\/pla_8113.jpg\"\n               title=\"A Palazzo Madama Ritratti d\u2019oro e d\u2019argento\"\n               data-src=\"http:\/\/www.spaziotorino.it\/scatto\/wp-content\/gallery\/2021_02_04_madama\/pla_8113.jpg\"\n               data-thumbnail=\"http:\/\/www.spaziotorino.it\/scatto\/wp-content\/gallery\/2021_02_04_madama\/thumbs\/thumbs_pla_8113.jpg\"\n               data-image-id=\"24767\"\n               data-title=\"A Palazzo Madama Ritratti d\u2019oro e d\u2019argento\"\n               data-description=\"A Palazzo Madama Ritratti d\u2019oro e d\u2019argento\"\n               data-image-slug=\"pla_8113\"\n               class=\"ngg-fancybox\" rel=\"df8bd6fdaf6a7f130b5f82421b5f31c0\">\n                <img\n                    title=\"A Palazzo Madama Ritratti d\u2019oro e d\u2019argento\"\n                    alt=\"A Palazzo Madama Ritratti d\u2019oro e d\u2019argento\"\n                    src=\"http:\/\/www.spaziotorino.it\/scatto\/wp-content\/gallery\/2021_02_04_madama\/cache\/pla_8113.jpg-nggid0524767-ngg0dyn-60x60x100-00f0w010c011r110f110r010t010.jpg\"\n                    width=\"60\"\n                    height=\"60\"\n                    style=\"max-width:100%;\"\n                \/>\n            <\/a>\n        <\/div>\n\t\t\t\t\t\t\t<\/div> \n\t\t\t\n        \n\t\t\t\t<div id=\"ngg-image-1\" class=\"ngg-gallery-thumbnail-box\" >\n\t\t\t\t        <div class=\"ngg-gallery-thumbnail\">\n            <a href=\"http:\/\/www.spaziotorino.it\/scatto\/wp-content\/gallery\/2021_02_04_madama\/pla_8050.jpg\"\n               title=\"Ritratti d\u2019oro e d\u2019argento, reliquiari medievali in Piemonte, Valle d\u2019Aosta, Svizzera e Savoia\"\n               data-src=\"http:\/\/www.spaziotorino.it\/scatto\/wp-content\/gallery\/2021_02_04_madama\/pla_8050.jpg\"\n               data-thumbnail=\"http:\/\/www.spaziotorino.it\/scatto\/wp-content\/gallery\/2021_02_04_madama\/thumbs\/thumbs_pla_8050.jpg\"\n               data-image-id=\"24760\"\n               data-title=\"Ritratti d\u2019oro e d\u2019argento, reliquiari medievali in Piemonte, Valle d\u2019Aosta, Svizzera e Savoia50\"\n               data-description=\"Ritratti d\u2019oro e d\u2019argento, reliquiari medievali in Piemonte, Valle d\u2019Aosta, Svizzera e Savoia\"\n               data-image-slug=\"pla_8050\"\n               class=\"ngg-fancybox\" rel=\"df8bd6fdaf6a7f130b5f82421b5f31c0\">\n                <img\n                    title=\"Ritratti d\u2019oro e d\u2019argento, reliquiari medievali in Piemonte, Valle d\u2019Aosta, Svizzera e Savoia50\"\n                    alt=\"Ritratti d\u2019oro e d\u2019argento, reliquiari medievali in Piemonte, Valle d\u2019Aosta, Svizzera e Savoia50\"\n                    src=\"http:\/\/www.spaziotorino.it\/scatto\/wp-content\/gallery\/2021_02_04_madama\/cache\/pla_8050.jpg-nggid0524760-ngg0dyn-60x60x100-00f0w010c011r110f110r010t010.jpg\"\n                    width=\"60\"\n                    height=\"60\"\n                    style=\"max-width:100%;\"\n                \/>\n            <\/a>\n        <\/div>\n\t\t\t\t\t\t\t<\/div> \n\t\t\t\n        \n\t\t\t\t<div id=\"ngg-image-2\" class=\"ngg-gallery-thumbnail-box\" >\n\t\t\t\t        <div class=\"ngg-gallery-thumbnail\">\n            <a href=\"http:\/\/www.spaziotorino.it\/scatto\/wp-content\/gallery\/2021_02_04_madama\/pla_8060.jpg\"\n               title=\"Ritratti d\u2019oro e d\u2019argento, reliquiari medievali in Piemonte, Valle d\u2019Aosta, Svizzera e Savoia\"\n               data-src=\"http:\/\/www.spaziotorino.it\/scatto\/wp-content\/gallery\/2021_02_04_madama\/pla_8060.jpg\"\n               data-thumbnail=\"http:\/\/www.spaziotorino.it\/scatto\/wp-content\/gallery\/2021_02_04_madama\/thumbs\/thumbs_pla_8060.jpg\"\n               data-image-id=\"24761\"\n               data-title=\"Ritratti d\u2019oro e d\u2019argento, reliquiari medievali in Piemonte, Valle d\u2019Aosta, Svizzera e Savoia\"\n               data-description=\"Ritratti d\u2019oro e d\u2019argento, reliquiari medievali in Piemonte, Valle d\u2019Aosta, Svizzera e Savoia\"\n               data-image-slug=\"pla_8060\"\n               class=\"ngg-fancybox\" rel=\"df8bd6fdaf6a7f130b5f82421b5f31c0\">\n                <img\n                    title=\"Ritratti d\u2019oro e d\u2019argento, reliquiari medievali in Piemonte, Valle d\u2019Aosta, Svizzera e Savoia\"\n                    alt=\"Ritratti d\u2019oro e d\u2019argento, reliquiari medievali in Piemonte, Valle d\u2019Aosta, Svizzera e Savoia\"\n                    src=\"http:\/\/www.spaziotorino.it\/scatto\/wp-content\/gallery\/2021_02_04_madama\/cache\/pla_8060.jpg-nggid0524761-ngg0dyn-60x60x100-00f0w010c011r110f110r010t010.jpg\"\n                    width=\"60\"\n                    height=\"60\"\n                    style=\"max-width:100%;\"\n                \/>\n            <\/a>\n        <\/div>\n\t\t\t\t\t\t\t<\/div> \n\t\t\t\n        \n\t\t\t\t<div id=\"ngg-image-3\" class=\"ngg-gallery-thumbnail-box\" >\n\t\t\t\t        <div class=\"ngg-gallery-thumbnail\">\n            <a href=\"http:\/\/www.spaziotorino.it\/scatto\/wp-content\/gallery\/2021_02_04_madama\/pla_8072.jpg\"\n               title=\"Ritratti d\u2019oro e d\u2019argento, reliquiari medievali in Piemonte, Valle d\u2019Aosta, Svizzera e Savoia\"\n               data-src=\"http:\/\/www.spaziotorino.it\/scatto\/wp-content\/gallery\/2021_02_04_madama\/pla_8072.jpg\"\n               data-thumbnail=\"http:\/\/www.spaziotorino.it\/scatto\/wp-content\/gallery\/2021_02_04_madama\/thumbs\/thumbs_pla_8072.jpg\"\n               data-image-id=\"24763\"\n               data-title=\"Ritratti d\u2019oro e d\u2019argento, reliquiari medievali in Piemonte, Valle d\u2019Aosta, Svizzera e Savoia\"\n               data-description=\"Ritratti d\u2019oro e d\u2019argento, reliquiari medievali in Piemonte, Valle d\u2019Aosta, Svizzera e Savoia\"\n               data-image-slug=\"pla_8072\"\n               class=\"ngg-fancybox\" rel=\"df8bd6fdaf6a7f130b5f82421b5f31c0\">\n                <img\n                    title=\"Ritratti d\u2019oro e d\u2019argento, reliquiari medievali in Piemonte, Valle d\u2019Aosta, Svizzera e Savoia\"\n                    alt=\"Ritratti d\u2019oro e d\u2019argento, reliquiari medievali in Piemonte, Valle d\u2019Aosta, Svizzera e Savoia\"\n                    src=\"http:\/\/www.spaziotorino.it\/scatto\/wp-content\/gallery\/2021_02_04_madama\/cache\/pla_8072.jpg-nggid0524763-ngg0dyn-60x60x100-00f0w010c011r110f110r010t010.jpg\"\n                    width=\"60\"\n                    height=\"60\"\n                    style=\"max-width:100%;\"\n                \/>\n            <\/a>\n        <\/div>\n\t\t\t\t\t\t\t<\/div> \n\t\t\t\n        \n\t\t\t\t<div id=\"ngg-image-4\" class=\"ngg-gallery-thumbnail-box\" >\n\t\t\t\t        <div class=\"ngg-gallery-thumbnail\">\n            <a href=\"http:\/\/www.spaziotorino.it\/scatto\/wp-content\/gallery\/2021_02_04_madama\/pla_8073.jpg\"\n               title=\"Ritratti d\u2019oro e d\u2019argento, reliquiari medievali in Piemonte, Valle d\u2019Aosta, Svizzera e Savoia\"\n               data-src=\"http:\/\/www.spaziotorino.it\/scatto\/wp-content\/gallery\/2021_02_04_madama\/pla_8073.jpg\"\n               data-thumbnail=\"http:\/\/www.spaziotorino.it\/scatto\/wp-content\/gallery\/2021_02_04_madama\/thumbs\/thumbs_pla_8073.jpg\"\n               data-image-id=\"24764\"\n               data-title=\"Ritratti d\u2019oro e d\u2019argento, reliquiari medievali in Piemonte, Valle d\u2019Aosta, Svizzera e Savoia\"\n               data-description=\"Ritratti d\u2019oro e d\u2019argento, reliquiari medievali in Piemonte, Valle d\u2019Aosta, Svizzera e Savoia\"\n               data-image-slug=\"pla_8073\"\n               class=\"ngg-fancybox\" rel=\"df8bd6fdaf6a7f130b5f82421b5f31c0\">\n                <img\n                    title=\"Ritratti d\u2019oro e d\u2019argento, reliquiari medievali in Piemonte, Valle d\u2019Aosta, Svizzera e Savoia\"\n                    alt=\"Ritratti d\u2019oro e d\u2019argento, reliquiari medievali in Piemonte, Valle d\u2019Aosta, Svizzera e Savoia\"\n                    src=\"http:\/\/www.spaziotorino.it\/scatto\/wp-content\/gallery\/2021_02_04_madama\/cache\/pla_8073.jpg-nggid0524764-ngg0dyn-60x60x100-00f0w010c011r110f110r010t010.jpg\"\n                    width=\"60\"\n                    height=\"60\"\n                    style=\"max-width:100%;\"\n                \/>\n            <\/a>\n        <\/div>\n\t\t\t\t\t\t\t<\/div> \n\t\t\t\n        \n\t\t\t\t<div id=\"ngg-image-5\" class=\"ngg-gallery-thumbnail-box\" >\n\t\t\t\t        <div class=\"ngg-gallery-thumbnail\">\n            <a href=\"http:\/\/www.spaziotorino.it\/scatto\/wp-content\/gallery\/2021_02_04_madama\/pla_8075.jpg\"\n               title=\"Ritratti d\u2019oro e d\u2019argento, reliquiari medievali in Piemonte, Valle d\u2019Aosta, Svizzera e Savoia\"\n               data-src=\"http:\/\/www.spaziotorino.it\/scatto\/wp-content\/gallery\/2021_02_04_madama\/pla_8075.jpg\"\n               data-thumbnail=\"http:\/\/www.spaziotorino.it\/scatto\/wp-content\/gallery\/2021_02_04_madama\/thumbs\/thumbs_pla_8075.jpg\"\n               data-image-id=\"24765\"\n               data-title=\"Ritratti d\u2019oro e d\u2019argento, reliquiari medievali in Piemonte, Valle d\u2019Aosta, Svizzera e Savoia\"\n               data-description=\"Ritratti d\u2019oro e d\u2019argento, reliquiari medievali in Piemonte, Valle d\u2019Aosta, Svizzera e Savoia\"\n               data-image-slug=\"pla_8075\"\n               class=\"ngg-fancybox\" rel=\"df8bd6fdaf6a7f130b5f82421b5f31c0\">\n                <img\n                    title=\"Ritratti d\u2019oro e d\u2019argento, reliquiari medievali in Piemonte, Valle d\u2019Aosta, Svizzera e Savoia\"\n                    alt=\"Ritratti d\u2019oro e d\u2019argento, reliquiari medievali in Piemonte, Valle d\u2019Aosta, Svizzera e Savoia\"\n                    src=\"http:\/\/www.spaziotorino.it\/scatto\/wp-content\/gallery\/2021_02_04_madama\/cache\/pla_8075.jpg-nggid0524765-ngg0dyn-60x60x100-00f0w010c011r110f110r010t010.jpg\"\n                    width=\"60\"\n                    height=\"60\"\n                    style=\"max-width:100%;\"\n                \/>\n            <\/a>\n        <\/div>\n\t\t\t\t\t\t\t<\/div> \n\t\t\t\n        \n\t\t\t\t<div id=\"ngg-image-6\" class=\"ngg-gallery-thumbnail-box\" >\n\t\t\t\t        <div class=\"ngg-gallery-thumbnail\">\n            <a href=\"http:\/\/www.spaziotorino.it\/scatto\/wp-content\/gallery\/2021_02_04_madama\/pla_8077.jpg\"\n               title=\"Ritratti d\u2019oro e d\u2019argento, reliquiari medievali in Piemonte, Valle d\u2019Aosta, Svizzera e Savoia\"\n               data-src=\"http:\/\/www.spaziotorino.it\/scatto\/wp-content\/gallery\/2021_02_04_madama\/pla_8077.jpg\"\n               data-thumbnail=\"http:\/\/www.spaziotorino.it\/scatto\/wp-content\/gallery\/2021_02_04_madama\/thumbs\/thumbs_pla_8077.jpg\"\n               data-image-id=\"24766\"\n               data-title=\"Ritratti d\u2019oro e d\u2019argento, reliquiari medievali in Piemonte, Valle d\u2019Aosta, Svizzera e Savoia\"\n               data-description=\"Ritratti d\u2019oro e d\u2019argento, reliquiari medievali in Piemonte, Valle d\u2019Aosta, Svizzera e Savoia\"\n               data-image-slug=\"pla_8077\"\n               class=\"ngg-fancybox\" rel=\"df8bd6fdaf6a7f130b5f82421b5f31c0\">\n                <img\n                    title=\"Ritratti d\u2019oro e d\u2019argento, reliquiari medievali in Piemonte, Valle d\u2019Aosta, Svizzera e Savoia\"\n                    alt=\"Ritratti d\u2019oro e d\u2019argento, reliquiari medievali in Piemonte, Valle d\u2019Aosta, Svizzera e Savoia\"\n                    src=\"http:\/\/www.spaziotorino.it\/scatto\/wp-content\/gallery\/2021_02_04_madama\/cache\/pla_8077.jpg-nggid0524766-ngg0dyn-60x60x100-00f0w010c011r110f110r010t010.jpg\"\n                    width=\"60\"\n                    height=\"60\"\n                    style=\"max-width:100%;\"\n                \/>\n            <\/a>\n        <\/div>\n\t\t\t\t\t\t\t<\/div> \n\t\t\t\n        \n\t\t\t\t<div id=\"ngg-image-7\" class=\"ngg-gallery-thumbnail-box\" >\n\t\t\t\t        <div class=\"ngg-gallery-thumbnail\">\n            <a href=\"http:\/\/www.spaziotorino.it\/scatto\/wp-content\/gallery\/2021_02_04_madama\/pla_8069.jpg\"\n               title=\"Ritratti d\u2019oro e d\u2019argento, reliquiari medievali in Piemonte, Valle d\u2019Aosta, Svizzera e Savoia\"\n               data-src=\"http:\/\/www.spaziotorino.it\/scatto\/wp-content\/gallery\/2021_02_04_madama\/pla_8069.jpg\"\n               data-thumbnail=\"http:\/\/www.spaziotorino.it\/scatto\/wp-content\/gallery\/2021_02_04_madama\/thumbs\/thumbs_pla_8069.jpg\"\n               data-image-id=\"24762\"\n               data-title=\"Ritratti d\u2019oro e d\u2019argento, reliquiari medievali in Piemonte, Valle d\u2019Aosta, Svizzera e Savoia\"\n               data-description=\"Ritratti d\u2019oro e d\u2019argento, reliquiari medievali in Piemonte, Valle d\u2019Aosta, Svizzera e Savoia\"\n               data-image-slug=\"pla_8069-1\"\n               class=\"ngg-fancybox\" rel=\"df8bd6fdaf6a7f130b5f82421b5f31c0\">\n                <img\n                    title=\"Ritratti d\u2019oro e d\u2019argento, reliquiari medievali in Piemonte, Valle d\u2019Aosta, Svizzera e Savoia\"\n                    alt=\"Ritratti d\u2019oro e d\u2019argento, reliquiari medievali in Piemonte, Valle d\u2019Aosta, Svizzera e Savoia\"\n                    src=\"http:\/\/www.spaziotorino.it\/scatto\/wp-content\/gallery\/2021_02_04_madama\/cache\/pla_8069.jpg-nggid0524762-ngg0dyn-60x60x100-00f0w010c011r110f110r010t010.jpg\"\n                    width=\"60\"\n                    height=\"60\"\n                    style=\"max-width:100%;\"\n                \/>\n            <\/a>\n        <\/div>\n\t\t\t\t\t\t\t<\/div> \n\t\t\t\n        \n\t\t\n\t\t<!-- Pagination -->\n\t<div class='ngg-clear'><\/div>\t<\/div>\n\n<p><strong><em>Ritratti d\u2019oro e d\u2019argento<br \/>\nReliquiari medievali in Piemonte, Valle d\u2019Aosta, Svizzera e Savoia<\/em><\/strong><strong>&nbsp;<\/strong><\/p>\n<p><strong>Palazzo Madama \u2013 Sala Atelier<\/strong><\/p>\n<p>Piazza Castello \u2013 Torino<\/p>\n<p><strong>5 febbraio \u2013 12 luglio 2021<\/strong><\/p>\n<p>La mostra dossier <strong><em>Ritratti d\u2019oro e d\u2019argento<\/em><\/strong>, a cura di <strong>Simonetta Castronovo<\/strong>, allestita nella <strong>Sala Atelier<\/strong> di <strong>Palazzo Madama<\/strong> <strong>dal 5 febbraio al 12 luglio 2021<\/strong>, presenta una galleria di <strong>busti reliquiario<\/strong> dal Trecento al primo Cinquecento, provenienti da tutte le diocesi del Piemonte e raffiguranti santi legati alle devozioni del territorio e alle titolazioni di determinate chiese locali, oltre ad alcuni esemplari dalla Svizzera e dall\u2019Alta Savoia. &nbsp;<\/p>\n<p>Documentati gi\u00e0 dall\u2019XI secolo per contenere la reliquia del cranio di certi santi, i busti sono a tutti gli effetti dei <strong>ritratti in oreficeria<\/strong>, solitamente in rame o in argento dorato, spesso arricchiti da pietre preziose, vetri colorati e smalti. Una produzione&nbsp; &nbsp;specificatamente medievale, in cui convivono il gusto per il ritratto di tradizione classica &#8211; di qui la presenza di dettagli relativi all\u2019acconciatura o all\u2019abbigliamento &#8211; e le pratiche devozionali teorizzate da alcuni ecclesiastici e filosofi del XII secolo, secondo cui la contemplazione dell\u2019immagine di un santo, realizzata con materiali preziosi, poteva condurre il fedele verso l\u2019elevazione spirituale. I busti e le teste reliquiario si configurano quindi come opere di valenza doppia: sia opere d\u2019arte sia ricettacolo delle reliquie dei santi che rappresentano e in quanto tali oggetto della venerazione dei fedeli. Il Piemonte e l\u2019area alpina contano un numero molto elevato di queste testimonianze per il periodo XII-XVI secolo, soprattutto in rapporto alle altre regioni d\u2019Italia. La mostra vuole documentare questa ricchezza, anche stilistica, cercando di comprendere le ragioni del successo di questa tipologia nel nostro territorio.<\/p>\n<p><strong>Palazzo Madama &#8211; Museo Civico d\u2019Arte Antica<\/strong><\/p>\n<p>Piazza Castello, 10122 Torino<\/p>\n<p><strong>Orari di apertura<\/strong>: mercoled\u00ec e gioved\u00ec 11.00-19.00; venerd\u00ec 11.00-20.00. Chiuso luned\u00ec, marted\u00ec, sabato e domenica. La biglietteria chiude un\u2019ora prima.<\/p>\n<p><a href=\"http:\/\/www.palazzomadamatorino.it\">www.palazzomadamatorino.it<\/a><\/p>\n","protected":false},"excerpt":{"rendered":"<p>Ritratti d\u2019oro e d\u2019argento Reliquiari medievali in Piemonte, Valle d\u2019Aosta, Svizzera e Savoia&nbsp; Palazzo Madama \u2013 Sala Atelier Piazza Castello \u2013 Torino 5 febbraio \u2013 12 luglio 2021 La mostra dossier Ritratti d\u2019oro e d\u2019argento, a cura di Simonetta Castronovo, allestita nella Sala Atelier di Palazzo Madama dal 5 febbraio al 12 luglio 2021, presenta [&hellip;]<\/p>\n","protected":false},"author":1,"featured_media":0,"comment_status":"closed","ping_status":"open","sticky":false,"template":"","format":"standard","meta":{"ngg_post_thumbnail":0},"categories":[54,1],"tags":[],"_links":{"self":[{"href":"http:\/\/www.spaziotorino.it\/scatto\/index.php?rest_route=\/wp\/v2\/posts\/39086"}],"collection":[{"href":"http:\/\/www.spaziotorino.it\/scatto\/index.php?rest_route=\/wp\/v2\/posts"}],"about":[{"href":"http:\/\/www.spaziotorino.it\/scatto\/index.php?rest_route=\/wp\/v2\/types\/post"}],"author":[{"embeddable":true,"href":"http:\/\/www.spaziotorino.it\/scatto\/index.php?rest_route=\/wp\/v2\/users\/1"}],"replies":[{"embeddable":true,"href":"http:\/\/www.spaziotorino.it\/scatto\/index.php?rest_route=%2Fwp%2Fv2%2Fcomments&post=39086"}],"version-history":[{"count":3,"href":"http:\/\/www.spaziotorino.it\/scatto\/index.php?rest_route=\/wp\/v2\/posts\/39086\/revisions"}],"predecessor-version":[{"id":39091,"href":"http:\/\/www.spaziotorino.it\/scatto\/index.php?rest_route=\/wp\/v2\/posts\/39086\/revisions\/39091"}],"wp:attachment":[{"href":"http:\/\/www.spaziotorino.it\/scatto\/index.php?rest_route=%2Fwp%2Fv2%2Fmedia&parent=39086"}],"wp:term":[{"taxonomy":"category","embeddable":true,"href":"http:\/\/www.spaziotorino.it\/scatto\/index.php?rest_route=%2Fwp%2Fv2%2Fcategories&post=39086"},{"taxonomy":"post_tag","embeddable":true,"href":"http:\/\/www.spaziotorino.it\/scatto\/index.php?rest_route=%2Fwp%2Fv2%2Ftags&post=39086"}],"curies":[{"name":"wp","href":"https:\/\/api.w.org\/{rel}","templated":true}]}}