{"id":39589,"date":"2021-05-12T16:16:35","date_gmt":"2021-05-12T15:16:35","guid":{"rendered":"http:\/\/www.spaziotorino.it\/scatto\/?p=39589"},"modified":"2021-05-12T16:16:35","modified_gmt":"2021-05-12T15:16:35","slug":"spazio-portici-percorsi-creativi-edizione-2-in-via-nizza","status":"publish","type":"post","link":"http:\/\/www.spaziotorino.it\/scatto\/?p=39589","title":{"rendered":"Spazio Portici &#8211; Percorsi Creativi.  Edizione 2 in via Nizza"},"content":{"rendered":"<p><a class=\"ngg-fancybox\" title=\"Spazio Portici - Percorsi Creativi. Edizione 2 in via Nizza\" href=\"http:\/\/www.spaziotorino.it\/scatto\/wp-content\/gallery\/2021_05_12_spazioportici2\/pla_2425.jpg\" rel=\"4e46299005a26a6a93186aa6cb0cfcf0\"><br \/>\n<img decoding=\"async\" loading=\"lazy\" class=\"ngg-singlepic\" title=\"Spazio Portici - Percorsi Creativi. Edizione 2 in via Nizza\" src=\"http:\/\/www.spaziotorino.it\/scatto\/wp-content\/gallery\/2021_05_12_spazioportici2\/pla_2425.jpg\" alt=\"\" width=\"540\" height=\"360\"\/><\/a><\/p>\n<!-- index.php -->\n<div\n\tclass=\"ngg-galleryoverview ngg-ajax-pagination-none\"\n\tid=\"ngg-gallery-f55ea3d6b59ddff51991a0e40775926a-1\">\n\n    \t\t<!-- Thumbnails -->\n\t\t\t\t<div id=\"ngg-image-0\" class=\"ngg-gallery-thumbnail-box\" >\n\t\t\t\t        <div class=\"ngg-gallery-thumbnail\">\n            <a href=\"http:\/\/www.spaziotorino.it\/scatto\/wp-content\/gallery\/2021_05_12_spazioportici2\/pla_2338.jpg\"\n               title=\"Spazio Portici - Percorsi Creativi. Edizione 2 in via Nizza\"\n               data-src=\"http:\/\/www.spaziotorino.it\/scatto\/wp-content\/gallery\/2021_05_12_spazioportici2\/pla_2338.jpg\"\n               data-thumbnail=\"http:\/\/www.spaziotorino.it\/scatto\/wp-content\/gallery\/2021_05_12_spazioportici2\/thumbs\/thumbs_pla_2338.jpg\"\n               data-image-id=\"24948\"\n               data-title=\"Spazio Portici - Percorsi Creativi. Edizione 2 in via Nizza\"\n               data-description=\"Spazio Portici - Percorsi Creativi. Edizione 2 in via Nizza\"\n               data-image-slug=\"pla_2338\"\n               class=\"ngg-fancybox\" rel=\"f55ea3d6b59ddff51991a0e40775926a\">\n                <img\n                    title=\"Spazio Portici - Percorsi Creativi. Edizione 2 in via Nizza\"\n                    alt=\"Spazio Portici - Percorsi Creativi. Edizione 2 in via Nizza\"\n                    src=\"http:\/\/www.spaziotorino.it\/scatto\/wp-content\/gallery\/2021_05_12_spazioportici2\/cache\/pla_2338.jpg-nggid0524948-ngg0dyn-60x60x100-00f0w010c011r110f110r010t010.jpg\"\n                    width=\"60\"\n                    height=\"60\"\n                    style=\"max-width:100%;\"\n                \/>\n            <\/a>\n        <\/div>\n\t\t\t\t\t\t\t<\/div> \n\t\t\t\n        \n\t\t\t\t<div id=\"ngg-image-1\" class=\"ngg-gallery-thumbnail-box\" >\n\t\t\t\t        <div class=\"ngg-gallery-thumbnail\">\n            <a href=\"http:\/\/www.spaziotorino.it\/scatto\/wp-content\/gallery\/2021_05_12_spazioportici2\/pla_2343.jpg\"\n               title=\"Spazio Portici - Percorsi Creativi. Edizione 2 in via Nizza\"\n               data-src=\"http:\/\/www.spaziotorino.it\/scatto\/wp-content\/gallery\/2021_05_12_spazioportici2\/pla_2343.jpg\"\n               data-thumbnail=\"http:\/\/www.spaziotorino.it\/scatto\/wp-content\/gallery\/2021_05_12_spazioportici2\/thumbs\/thumbs_pla_2343.jpg\"\n               data-image-id=\"24949\"\n               data-title=\"Spazio Portici - Percorsi Creativi. Edizione 2 in via Nizza\"\n               data-description=\"Spazio Portici - Percorsi Creativi. Edizione 2 in via Nizza\"\n               data-image-slug=\"pla_2343\"\n               class=\"ngg-fancybox\" rel=\"f55ea3d6b59ddff51991a0e40775926a\">\n                <img\n                    title=\"Spazio Portici - Percorsi Creativi. Edizione 2 in via Nizza\"\n                    alt=\"Spazio Portici - Percorsi Creativi. Edizione 2 in via Nizza\"\n                    src=\"http:\/\/www.spaziotorino.it\/scatto\/wp-content\/gallery\/2021_05_12_spazioportici2\/cache\/pla_2343.jpg-nggid0524949-ngg0dyn-60x60x100-00f0w010c011r110f110r010t010.jpg\"\n                    width=\"60\"\n                    height=\"60\"\n                    style=\"max-width:100%;\"\n                \/>\n            <\/a>\n        <\/div>\n\t\t\t\t\t\t\t<\/div> \n\t\t\t\n        \n\t\t\t\t<div id=\"ngg-image-2\" class=\"ngg-gallery-thumbnail-box\" >\n\t\t\t\t        <div class=\"ngg-gallery-thumbnail\">\n            <a href=\"http:\/\/www.spaziotorino.it\/scatto\/wp-content\/gallery\/2021_05_12_spazioportici2\/pla_2350.jpg\"\n               title=\"Spazio Portici - Percorsi Creativi. Edizione 2 in via Nizza\"\n               data-src=\"http:\/\/www.spaziotorino.it\/scatto\/wp-content\/gallery\/2021_05_12_spazioportici2\/pla_2350.jpg\"\n               data-thumbnail=\"http:\/\/www.spaziotorino.it\/scatto\/wp-content\/gallery\/2021_05_12_spazioportici2\/thumbs\/thumbs_pla_2350.jpg\"\n               data-image-id=\"24950\"\n               data-title=\"Spazio Portici - Percorsi Creativi. Edizione 2 in via Nizza\"\n               data-description=\"Spazio Portici - Percorsi Creativi. Edizione 2 in via Nizza\"\n               data-image-slug=\"pla_2350\"\n               class=\"ngg-fancybox\" rel=\"f55ea3d6b59ddff51991a0e40775926a\">\n                <img\n                    title=\"Spazio Portici - Percorsi Creativi. Edizione 2 in via Nizza\"\n                    alt=\"Spazio Portici - Percorsi Creativi. Edizione 2 in via Nizza\"\n                    src=\"http:\/\/www.spaziotorino.it\/scatto\/wp-content\/gallery\/2021_05_12_spazioportici2\/cache\/pla_2350.jpg-nggid0524950-ngg0dyn-60x60x100-00f0w010c011r110f110r010t010.jpg\"\n                    width=\"60\"\n                    height=\"60\"\n                    style=\"max-width:100%;\"\n                \/>\n            <\/a>\n        <\/div>\n\t\t\t\t\t\t\t<\/div> \n\t\t\t\n        \n\t\t\t\t<div id=\"ngg-image-3\" class=\"ngg-gallery-thumbnail-box\" >\n\t\t\t\t        <div class=\"ngg-gallery-thumbnail\">\n            <a href=\"http:\/\/www.spaziotorino.it\/scatto\/wp-content\/gallery\/2021_05_12_spazioportici2\/pla_2366.jpg\"\n               title=\"Xel\"\n               data-src=\"http:\/\/www.spaziotorino.it\/scatto\/wp-content\/gallery\/2021_05_12_spazioportici2\/pla_2366.jpg\"\n               data-thumbnail=\"http:\/\/www.spaziotorino.it\/scatto\/wp-content\/gallery\/2021_05_12_spazioportici2\/thumbs\/thumbs_pla_2366.jpg\"\n               data-image-id=\"24951\"\n               data-title=\"Xel\"\n               data-description=\"Xel\"\n               data-image-slug=\"pla_2366\"\n               class=\"ngg-fancybox\" rel=\"f55ea3d6b59ddff51991a0e40775926a\">\n                <img\n                    title=\"Xel\"\n                    alt=\"Xel\"\n                    src=\"http:\/\/www.spaziotorino.it\/scatto\/wp-content\/gallery\/2021_05_12_spazioportici2\/cache\/pla_2366.jpg-nggid0524951-ngg0dyn-60x60x100-00f0w010c011r110f110r010t010.jpg\"\n                    width=\"60\"\n                    height=\"60\"\n                    style=\"max-width:100%;\"\n                \/>\n            <\/a>\n        <\/div>\n\t\t\t\t\t\t\t<\/div> \n\t\t\t\n        \n\t\t\t\t<div id=\"ngg-image-4\" class=\"ngg-gallery-thumbnail-box\" >\n\t\t\t\t        <div class=\"ngg-gallery-thumbnail\">\n            <a href=\"http:\/\/www.spaziotorino.it\/scatto\/wp-content\/gallery\/2021_05_12_spazioportici2\/pla_2386.jpg\"\n               title=\"Carlo Gloria\"\n               data-src=\"http:\/\/www.spaziotorino.it\/scatto\/wp-content\/gallery\/2021_05_12_spazioportici2\/pla_2386.jpg\"\n               data-thumbnail=\"http:\/\/www.spaziotorino.it\/scatto\/wp-content\/gallery\/2021_05_12_spazioportici2\/thumbs\/thumbs_pla_2386.jpg\"\n               data-image-id=\"24952\"\n               data-title=\"Carlo Gloria\"\n               data-description=\"Carlo Gloria\"\n               data-image-slug=\"pla_2386-1\"\n               class=\"ngg-fancybox\" rel=\"f55ea3d6b59ddff51991a0e40775926a\">\n                <img\n                    title=\"Carlo Gloria\"\n                    alt=\"Carlo Gloria\"\n                    src=\"http:\/\/www.spaziotorino.it\/scatto\/wp-content\/gallery\/2021_05_12_spazioportici2\/cache\/pla_2386.jpg-nggid0524952-ngg0dyn-60x60x100-00f0w010c011r110f110r010t010.jpg\"\n                    width=\"60\"\n                    height=\"60\"\n                    style=\"max-width:100%;\"\n                \/>\n            <\/a>\n        <\/div>\n\t\t\t\t\t\t\t<\/div> \n\t\t\t\n        \n\t\t\t\t<div id=\"ngg-image-5\" class=\"ngg-gallery-thumbnail-box\" >\n\t\t\t\t        <div class=\"ngg-gallery-thumbnail\">\n            <a href=\"http:\/\/www.spaziotorino.it\/scatto\/wp-content\/gallery\/2021_05_12_spazioportici2\/pla_2393.jpg\"\n               title=\"Spazio Portici - Percorsi Creativi. Edizione 2 in via Nizza\"\n               data-src=\"http:\/\/www.spaziotorino.it\/scatto\/wp-content\/gallery\/2021_05_12_spazioportici2\/pla_2393.jpg\"\n               data-thumbnail=\"http:\/\/www.spaziotorino.it\/scatto\/wp-content\/gallery\/2021_05_12_spazioportici2\/thumbs\/thumbs_pla_2393.jpg\"\n               data-image-id=\"24953\"\n               data-title=\"Spazio Portici - Percorsi Creativi. Edizione 2 in via Nizza\"\n               data-description=\"Spazio Portici - Percorsi Creativi. Edizione 2 in via Nizza\"\n               data-image-slug=\"pla_2393-2\"\n               class=\"ngg-fancybox\" rel=\"f55ea3d6b59ddff51991a0e40775926a\">\n                <img\n                    title=\"Spazio Portici - Percorsi Creativi. Edizione 2 in via Nizza\"\n                    alt=\"Spazio Portici - Percorsi Creativi. Edizione 2 in via Nizza\"\n                    src=\"http:\/\/www.spaziotorino.it\/scatto\/wp-content\/gallery\/2021_05_12_spazioportici2\/cache\/pla_2393.jpg-nggid0524953-ngg0dyn-60x60x100-00f0w010c011r110f110r010t010.jpg\"\n                    width=\"60\"\n                    height=\"60\"\n                    style=\"max-width:100%;\"\n                \/>\n            <\/a>\n        <\/div>\n\t\t\t\t\t\t\t<\/div> \n\t\t\t\n        \n\t\t\t\t<div id=\"ngg-image-6\" class=\"ngg-gallery-thumbnail-box\" >\n\t\t\t\t        <div class=\"ngg-gallery-thumbnail\">\n            <a href=\"http:\/\/www.spaziotorino.it\/scatto\/wp-content\/gallery\/2021_05_12_spazioportici2\/pla_2395.jpg\"\n               title=\"Spazio Portici - Percorsi Creativi. Edizione 2 in via Nizza\"\n               data-src=\"http:\/\/www.spaziotorino.it\/scatto\/wp-content\/gallery\/2021_05_12_spazioportici2\/pla_2395.jpg\"\n               data-thumbnail=\"http:\/\/www.spaziotorino.it\/scatto\/wp-content\/gallery\/2021_05_12_spazioportici2\/thumbs\/thumbs_pla_2395.jpg\"\n               data-image-id=\"24954\"\n               data-title=\"Spazio Portici - Percorsi Creativi. Edizione 2 in via Nizza\"\n               data-description=\"Spazio Portici - Percorsi Creativi. Edizione 2 in via Nizza\"\n               data-image-slug=\"pla_2395\"\n               class=\"ngg-fancybox\" rel=\"f55ea3d6b59ddff51991a0e40775926a\">\n                <img\n                    title=\"Spazio Portici - Percorsi Creativi. Edizione 2 in via Nizza\"\n                    alt=\"Spazio Portici - Percorsi Creativi. Edizione 2 in via Nizza\"\n                    src=\"http:\/\/www.spaziotorino.it\/scatto\/wp-content\/gallery\/2021_05_12_spazioportici2\/cache\/pla_2395.jpg-nggid0524954-ngg0dyn-60x60x100-00f0w010c011r110f110r010t010.jpg\"\n                    width=\"60\"\n                    height=\"60\"\n                    style=\"max-width:100%;\"\n                \/>\n            <\/a>\n        <\/div>\n\t\t\t\t\t\t\t<\/div> \n\t\t\t\n        \n\t\t\t\t<div id=\"ngg-image-7\" class=\"ngg-gallery-thumbnail-box\" >\n\t\t\t\t        <div class=\"ngg-gallery-thumbnail\">\n            <a href=\"http:\/\/www.spaziotorino.it\/scatto\/wp-content\/gallery\/2021_05_12_spazioportici2\/pla_2412.jpg\"\n               title=\"Roberto Mastroianni curatore della mostra con Xel e Carlo Gloria\"\n               data-src=\"http:\/\/www.spaziotorino.it\/scatto\/wp-content\/gallery\/2021_05_12_spazioportici2\/pla_2412.jpg\"\n               data-thumbnail=\"http:\/\/www.spaziotorino.it\/scatto\/wp-content\/gallery\/2021_05_12_spazioportici2\/thumbs\/thumbs_pla_2412.jpg\"\n               data-image-id=\"24955\"\n               data-title=\"Roberto Mastroianni curatore della mostra con Xel e Carlo Gloria\"\n               data-description=\"Roberto Mastroianni curatore della mostra con Xel e Carlo Gloria\"\n               data-image-slug=\"pla_2412\"\n               class=\"ngg-fancybox\" rel=\"f55ea3d6b59ddff51991a0e40775926a\">\n                <img\n                    title=\"Roberto Mastroianni curatore della mostra con Xel e Carlo Gloria\"\n                    alt=\"Roberto Mastroianni curatore della mostra con Xel e Carlo Gloria\"\n                    src=\"http:\/\/www.spaziotorino.it\/scatto\/wp-content\/gallery\/2021_05_12_spazioportici2\/cache\/pla_2412.jpg-nggid0524955-ngg0dyn-60x60x100-00f0w010c011r110f110r010t010.jpg\"\n                    width=\"60\"\n                    height=\"60\"\n                    style=\"max-width:100%;\"\n                \/>\n            <\/a>\n        <\/div>\n\t\t\t\t\t\t\t<\/div> \n\t\t\t\n        \n\t\t\t\t<div id=\"ngg-image-8\" class=\"ngg-gallery-thumbnail-box\" >\n\t\t\t\t        <div class=\"ngg-gallery-thumbnail\">\n            <a href=\"http:\/\/www.spaziotorino.it\/scatto\/wp-content\/gallery\/2021_05_12_spazioportici2\/pla_2425.jpg\"\n               title=\"Spazio Portici - Percorsi Creativi. Edizione 2 in via Nizza\"\n               data-src=\"http:\/\/www.spaziotorino.it\/scatto\/wp-content\/gallery\/2021_05_12_spazioportici2\/pla_2425.jpg\"\n               data-thumbnail=\"http:\/\/www.spaziotorino.it\/scatto\/wp-content\/gallery\/2021_05_12_spazioportici2\/thumbs\/thumbs_pla_2425.jpg\"\n               data-image-id=\"24956\"\n               data-title=\"Spazio Portici - Percorsi Creativi. Edizione 2 in via Nizza\"\n               data-description=\"Spazio Portici - Percorsi Creativi. Edizione 2 in via Nizza\"\n               data-image-slug=\"pla_2425-1\"\n               class=\"ngg-fancybox\" rel=\"f55ea3d6b59ddff51991a0e40775926a\">\n                <img\n                    title=\"Spazio Portici - Percorsi Creativi. Edizione 2 in via Nizza\"\n                    alt=\"Spazio Portici - Percorsi Creativi. Edizione 2 in via Nizza\"\n                    src=\"http:\/\/www.spaziotorino.it\/scatto\/wp-content\/gallery\/2021_05_12_spazioportici2\/cache\/pla_2425.jpg-nggid0524956-ngg0dyn-60x60x100-00f0w010c011r110f110r010t010.jpg\"\n                    width=\"60\"\n                    height=\"60\"\n                    style=\"max-width:100%;\"\n                \/>\n            <\/a>\n        <\/div>\n\t\t\t\t\t\t\t<\/div> \n\t\t\t\n        \n\t\t\t\t<div id=\"ngg-image-9\" class=\"ngg-gallery-thumbnail-box\" >\n\t\t\t\t        <div class=\"ngg-gallery-thumbnail\">\n            <a href=\"http:\/\/www.spaziotorino.it\/scatto\/wp-content\/gallery\/2021_05_12_spazioportici2\/pla_2427.jpg\"\n               title=\"Spazio Portici - Percorsi Creativi. Edizione 2 in via Nizza\"\n               data-src=\"http:\/\/www.spaziotorino.it\/scatto\/wp-content\/gallery\/2021_05_12_spazioportici2\/pla_2427.jpg\"\n               data-thumbnail=\"http:\/\/www.spaziotorino.it\/scatto\/wp-content\/gallery\/2021_05_12_spazioportici2\/thumbs\/thumbs_pla_2427.jpg\"\n               data-image-id=\"24957\"\n               data-title=\"Spazio Portici - Percorsi Creativi. Edizione 2 in via Nizza\"\n               data-description=\"Spazio Portici - Percorsi Creativi. Edizione 2 in via Nizza\"\n               data-image-slug=\"pla_2427\"\n               class=\"ngg-fancybox\" rel=\"f55ea3d6b59ddff51991a0e40775926a\">\n                <img\n                    title=\"Spazio Portici - Percorsi Creativi. Edizione 2 in via Nizza\"\n                    alt=\"Spazio Portici - Percorsi Creativi. Edizione 2 in via Nizza\"\n                    src=\"http:\/\/www.spaziotorino.it\/scatto\/wp-content\/gallery\/2021_05_12_spazioportici2\/cache\/pla_2427.jpg-nggid0524957-ngg0dyn-60x60x100-00f0w010c011r110f110r010t010.jpg\"\n                    width=\"60\"\n                    height=\"60\"\n                    style=\"max-width:100%;\"\n                \/>\n            <\/a>\n        <\/div>\n\t\t\t\t\t\t\t<\/div> \n\t\t\t\n        \n\t\t\n\t\t<!-- Pagination -->\n\t<div class='ngg-clear'><\/div>\t<\/div>\n\n<p>Questa mattina sotto i portici di <strong>via Nizza <\/strong>tra corso Vittorio Emanuele II e via Berthollet &#8211; si \u00e8 inaugurata l\u2019<strong>Edizione 2<\/strong> di \u2018<strong>Spazio Portici &#8211; Percorsi Creativi<\/strong>\u2019, un progetto di&nbsp; <strong>Fondazione Contrada Torino Onlus<\/strong>&nbsp; in collaborazione con <strong>Citt\u00e0 di Torino e Torino Creativa<\/strong>, grazie al quale lungo i 12 chilometri porticati si potranno sviluppare&nbsp; installazioni, esposizioni, mostre temporanee e happening creativi, un vero e proprio <strong>percorso artistico itinerante<\/strong> che contribuir\u00e0 a dare nuova vita alle arcate.<br \/>\nIn via Nizza, selezionati dal <strong>curatore Roberto Mastroianni<\/strong>, sono stati coinvolti <strong>3 artisti e una artista<\/strong> (due provenienti dall\u2019<strong>arte urbana<\/strong> e due dall\u2019<strong>arte contemporanea<\/strong>), <strong>Giada Giulia Pucci<\/strong>, <strong>Carlo Gloria<\/strong>, <strong>UfoCinque<\/strong> e<strong> Xel<\/strong> che, durante la pandemia, hanno lavorato sul <strong>tema dello spazio urbano<\/strong>, creando 36 <strong>opere<\/strong> (8 Ufocinque, 8 Xel, 8 Giada Giulia Pucci e 12 Carlo Gloria) che mostrano <strong>architetture fantastiche o razionali<\/strong> che si confrontano e <strong>dialogano<\/strong> con le <strong>immagini destrutturate di figure umane<\/strong>. Gli artisti scelti, che hanno lavorato con <strong>quattro approcci diversi<\/strong>, sono <strong>accomunati da una ricerca sulla citt\u00e0 e sulle sue espressioni fisico temporali<\/strong>.<br \/>\nCome per l&#8217;Edizione 1 di via Po, le <strong>opere<\/strong> sono state <strong>allestite lungo le arcate<\/strong> e sono <strong>accompagnate da totem<\/strong> sui quali sono indicati i <strong>QR<\/strong> code che permetteranno di scoprire le pagine social degli artisti.<\/p>\n<p><em>\u201cSpazio Portici \u00e8 parte di una visione politica e strategica che mette al centro l&#8217;arte, la creativit\u00e0 e i\/le giovani a servizio della valorizzazione della citt\u00e0, delle comunit\u00e0 che la abitano, del commercio e del turismo<\/em>. <em>\u2013 <\/em><strong>dichiara Marco Giusta assessore ai diritti, giovani creativit\u00e0 della Citt\u00e0 di Torino<\/strong><em> -. Una galleria pubblica, dove il contemporaneo, l&#8217;arte e la creativit\u00e0 giovanile trovano la loro collocazione all&#8217;interno di uno spazio di bellezza storica e ne arricchiscono il contenuto giocando sul contrasto delle similitudini e delle differenze.&nbsp;Vogliamo attraverso il progetto far emergere i temi sociali e civili che prima erano confinati tra le scritte sulle colonne e dare loro una nuova collocazione l\u00e0, in alto, raggiungibili da tutte e tutti semplicemente alzando lo sguardo. Nella sua naturale evoluzione Spazio Portici si connette al quartiere e alle sue gallerie d&#8217;arte andando a costituire l&#8217;ossatura di una galleria a cielo aperto.&nbsp;La Fondazione Contrada ha elaborato una prospettiva per il futuro di questi portici, con il sostegno di Citt\u00e0, Circoscrizione 8 e il Comitato Rilanciamo i Portici di via Nizza, che diventeranno dedicati alla video art e al video mapping, miglioreranno l&#8217;illuminazione e installeranno l&#8217;infrastruttura necessaria per trasformare questo angolo di citt\u00e0. Luci, arte, persone: cos\u00ec rinasceranno i portici di via Nizza<\/em>.\u201d<\/p>\n<p><em>\u201cIl secondo atto di Spazio Portici &#8211; Percorsi Creativi si compie sotto le arcate di via Nizza &#8211; <\/em><strong>dichiara Germano Tagliasacchi, Direttore della Fondazione Contrada Torino Onlus <\/strong><em>-. Uno spazio centrale ma \u2018periferico\u2019, dove la persistente crisi sociale ed economica mostra maggiormente i suoi effetti. Tuttavia proprio queste condizioni suggeriscono di provare, insieme con le comunit\u00e0 e con il loro coinvolgimento, a innescare un processo di riappropriazione di un irrinunciabile pezzo di citt\u00e0, attraverso un&#8217;esposizione temporanea di capacit\u00e0 immaginative e di visioni alternative come solo gli artisti sanno proporre. Una mostra che vuole essere il viatico per prossime pi\u00f9 strutturate trasformazioni sempre nel segno della creativit\u00e0 cos\u00ec che via Nizza possa rientrare a pieno titolo nel cuore delle cittadine e dei cittadini\u201d.<\/em><\/p>\n<p>Dopo il successo di via Po, la scelta curatoriale \u00e8 caduta nuovamente su <strong>Roberto Mastroianni<\/strong>.<em> \u201cIn questa edizione \u2018temporary\u2019 della galleria a cielo aperto dell\u2019Urban Art torinese si \u00e8 deciso di ospitare due artisti contemporanei, Giada Pucci e Carlo Gloria, e due street artist, Xel e Ufocinque, attorno al concept curatoriale dello spazio urbano e dei\/delle suoi\/sue abitanti- <\/em><strong>dichiara il curatore critico d\u2019arte<\/strong><em> -. Assistiamo cos\u00ec a una carrellata di immagini che mettono assieme i \u2018portici\u2019 di Carlo Gloria con le \u2018mappe urbane\u2019 di Ufocinque e la vita in movimento degli abitanti della citt\u00e0 in una situazione pandemica, Giada Pucci, e pre-pandemica, Carlo Gloria. L\u2019Edizione 2 rivendica il valore della creativit\u00e0 urbana come parte essenziale dell\u2019arte contemporanea. Sono contento che tre gallerie di territorio ospitino alcune opere degli artisti rivendicando proprio questa connotazione\u201d.<\/em><\/p>\n<p><strong>Concept Artisti<\/strong><\/p>\n<p><strong>Carlo Gloria<\/strong><br \/>\n\u201cI portici sono importanti non solo per ripararsi dalle intemperie o come sede di negozi. Ad Atene servirono anche all&#8217;amministrazione della giustizia e alle conversazioni dei filosofi nell\u2019Agor\u00e0 ed erano costruiti intorno ai templi o nelle loro immediate vicinanze. Ecco quindi il senso di questo progetto: i portici servono a ripararsi e a stare insieme e quindi a sviluppare la vita civile. Sono dentro il nostro subconscio di cittadini di Torino e del mondo\u201d.<br \/>\n<strong>Giada Giulia Puicci<\/strong><br \/>\n\u201c\u2018Umano\u2019&nbsp;\u00e8 un progetto nato nel 2018 con una serie di performance casalinghe.&nbsp;Nel 2019 ho realizzato una performance all&#8217;interno dell&#8217;ex circolo PD di via Montanaro (TO), che si \u00e8&nbsp;poi&nbsp;estesa per strada.&nbsp;Nel 2020 ho realizzato un&#8217;altra serie di performance durante il look down e una performance ad ottobre al mercato suk di Torino, sempre sul finire del mercato. Il materiale utilizzato per le vestizioni \u00e8 quello che trovo nei luoghi, materiale di scarto. Durante l&#8217;azione c&#8217;\u00e8 un continuo slittamento di significati, a seconda del materiale utilizzato e del suo posizionamento sul mio corpo\u201d.<br \/>\n<strong>Ufocinque<\/strong><br \/>\n\u201cDal cardo e decumano romano che dettano la scacchiera del quadrilatero, ai videogiochi anni &#8217;80 di word building tipo sim-city, un sottile filo rosso lega questi due estremi. Un impianto grafico scandisce una griglia che diventa isometrica: il risultato \u00e8 un pattern di ripetizioni di portici e palazzi, all&#8217;interno dei quali spiccano gli elementi architettonici topici, frazionati in dettagli sospesi, in un gioco di riflessi, di una citt\u00e0 che racconta se stessa\u201d.<br \/>\n<strong>Xel<\/strong><br \/>\n\u201cXel ha trasferito il linguaggio del writing su tela cercando di non essere didascalico. La sua esigenza \u00e8 stata quella di cercare di evolvere, trasformando pezzi di lettere in altre forme pi\u00f9 illustrative in grado di veicolare una poetica. Ha caratterizzato quindi la produzione di un tratto semplice, riconoscibile, pulito, quasi grafico, con un accenno al 3d che deriva dagli anni del writing e di alcuni elementi e rappresentazioni ricorrenti, come nel caso dei paesaggi urbani surreali che in questa mostra sono ben rappresentati con i lavori pi\u00f9 recenti\u201d.<\/p>\n","protected":false},"excerpt":{"rendered":"<p>Questa mattina sotto i portici di via Nizza tra corso Vittorio Emanuele II e via Berthollet &#8211; si \u00e8 inaugurata l\u2019Edizione 2 di \u2018Spazio Portici &#8211; Percorsi Creativi\u2019, un progetto di&nbsp; Fondazione Contrada Torino Onlus&nbsp; in collaborazione con Citt\u00e0 di Torino e Torino Creativa, grazie al quale lungo i 12 chilometri porticati si potranno sviluppare&nbsp; [&hellip;]<\/p>\n","protected":false},"author":1,"featured_media":0,"comment_status":"closed","ping_status":"open","sticky":false,"template":"","format":"standard","meta":{"ngg_post_thumbnail":0},"categories":[54,1,41],"tags":[],"_links":{"self":[{"href":"http:\/\/www.spaziotorino.it\/scatto\/index.php?rest_route=\/wp\/v2\/posts\/39589"}],"collection":[{"href":"http:\/\/www.spaziotorino.it\/scatto\/index.php?rest_route=\/wp\/v2\/posts"}],"about":[{"href":"http:\/\/www.spaziotorino.it\/scatto\/index.php?rest_route=\/wp\/v2\/types\/post"}],"author":[{"embeddable":true,"href":"http:\/\/www.spaziotorino.it\/scatto\/index.php?rest_route=\/wp\/v2\/users\/1"}],"replies":[{"embeddable":true,"href":"http:\/\/www.spaziotorino.it\/scatto\/index.php?rest_route=%2Fwp%2Fv2%2Fcomments&post=39589"}],"version-history":[{"count":2,"href":"http:\/\/www.spaziotorino.it\/scatto\/index.php?rest_route=\/wp\/v2\/posts\/39589\/revisions"}],"predecessor-version":[{"id":39591,"href":"http:\/\/www.spaziotorino.it\/scatto\/index.php?rest_route=\/wp\/v2\/posts\/39589\/revisions\/39591"}],"wp:attachment":[{"href":"http:\/\/www.spaziotorino.it\/scatto\/index.php?rest_route=%2Fwp%2Fv2%2Fmedia&parent=39589"}],"wp:term":[{"taxonomy":"category","embeddable":true,"href":"http:\/\/www.spaziotorino.it\/scatto\/index.php?rest_route=%2Fwp%2Fv2%2Fcategories&post=39589"},{"taxonomy":"post_tag","embeddable":true,"href":"http:\/\/www.spaziotorino.it\/scatto\/index.php?rest_route=%2Fwp%2Fv2%2Ftags&post=39589"}],"curies":[{"name":"wp","href":"https:\/\/api.w.org\/{rel}","templated":true}]}}