{"id":39670,"date":"2021-05-20T14:25:04","date_gmt":"2021-05-20T13:25:04","guid":{"rendered":"http:\/\/www.spaziotorino.it\/scatto\/?p=39670"},"modified":"2021-05-20T14:25:04","modified_gmt":"2021-05-20T13:25:04","slug":"comitato-per-le-finali-atp-firmato-oggi-a-torino-latto-costitutivo-lassemblea-indica-i-primi-componenti-del-comitato-donore","status":"publish","type":"post","link":"http:\/\/www.spaziotorino.it\/scatto\/?p=39670","title":{"rendered":"Comitato per le finali ATP: firmato oggi a Torino l\u2019atto costitutivo.  L\u2019assemblea indica i primi componenti del Comitato D\u2019onore"},"content":{"rendered":"<p><a class=\"ngg-fancybox\" title=\"Comitato per le finali ATP: firmato oggi a Torino l\u2019atto costitutivo\" href=\"http:\/\/www.spaziotorino.it\/scatto\/wp-content\/gallery\/2021_05_20_comatp\/pla_2819.jpg\" rel=\"11dcc6a4a5718db9b23867fc8c5490bc\"><br \/>\n<img decoding=\"async\" loading=\"lazy\" class=\"ngg-singlepic\" title=\"Comitato per le finali ATP: firmato oggi a Torino l\u2019atto costitutivo\" src=\"http:\/\/www.spaziotorino.it\/scatto\/wp-content\/gallery\/2021_05_20_comatp\/pla_2819.jpg\" alt=\"\" width=\"540\" height=\"360\"\/><\/a><\/p>\n<!-- index.php -->\n<div\n\tclass=\"ngg-galleryoverview ngg-ajax-pagination-none\"\n\tid=\"ngg-gallery-c4ac1e103de971e7a9b040aac819f427-1\">\n\n    \t\t<!-- Thumbnails -->\n\t\t\t\t<div id=\"ngg-image-0\" class=\"ngg-gallery-thumbnail-box\" >\n\t\t\t\t        <div class=\"ngg-gallery-thumbnail\">\n            <a href=\"http:\/\/www.spaziotorino.it\/scatto\/wp-content\/gallery\/2021_05_20_comatp\/pla_2799.jpg\"\n               title=\"Torino \u201ccasa\u201d delle Atp Finals di tennis\"\n               data-src=\"http:\/\/www.spaziotorino.it\/scatto\/wp-content\/gallery\/2021_05_20_comatp\/pla_2799.jpg\"\n               data-thumbnail=\"http:\/\/www.spaziotorino.it\/scatto\/wp-content\/gallery\/2021_05_20_comatp\/thumbs\/thumbs_pla_2799.jpg\"\n               data-image-id=\"24980\"\n               data-title=\"Torino \u201ccasa\u201d delle Atp Finals di tennis\"\n               data-description=\"Torino \u201ccasa\u201d delle Atp Finals di tennis\"\n               data-image-slug=\"pla_2799\"\n               class=\"ngg-fancybox\" rel=\"c4ac1e103de971e7a9b040aac819f427\">\n                <img\n                    title=\"Torino \u201ccasa\u201d delle Atp Finals di tennis\"\n                    alt=\"Torino \u201ccasa\u201d delle Atp Finals di tennis\"\n                    src=\"http:\/\/www.spaziotorino.it\/scatto\/wp-content\/gallery\/2021_05_20_comatp\/cache\/pla_2799.jpg-nggid0524980-ngg0dyn-60x60x100-00f0w010c011r110f110r010t010.jpg\"\n                    width=\"60\"\n                    height=\"60\"\n                    style=\"max-width:100%;\"\n                \/>\n            <\/a>\n        <\/div>\n\t\t\t\t\t\t\t<\/div> \n\t\t\t\n        \n\t\t\t\t<div id=\"ngg-image-1\" class=\"ngg-gallery-thumbnail-box\" >\n\t\t\t\t        <div class=\"ngg-gallery-thumbnail\">\n            <a href=\"http:\/\/www.spaziotorino.it\/scatto\/wp-content\/gallery\/2021_05_20_comatp\/pla_2819.jpg\"\n               title=\"Comitato per le finali ATP: firmato oggi a Torino l\u2019atto costitutivo\"\n               data-src=\"http:\/\/www.spaziotorino.it\/scatto\/wp-content\/gallery\/2021_05_20_comatp\/pla_2819.jpg\"\n               data-thumbnail=\"http:\/\/www.spaziotorino.it\/scatto\/wp-content\/gallery\/2021_05_20_comatp\/thumbs\/thumbs_pla_2819.jpg\"\n               data-image-id=\"24981\"\n               data-title=\"Comitato per le finali ATP: firmato oggi a Torino l\u2019atto costitutivo\"\n               data-description=\"Comitato per le finali ATP: firmato oggi a Torino l\u2019atto costitutivo\"\n               data-image-slug=\"pla_2819\"\n               class=\"ngg-fancybox\" rel=\"c4ac1e103de971e7a9b040aac819f427\">\n                <img\n                    title=\"Comitato per le finali ATP: firmato oggi a Torino l\u2019atto costitutivo\"\n                    alt=\"Comitato per le finali ATP: firmato oggi a Torino l\u2019atto costitutivo\"\n                    src=\"http:\/\/www.spaziotorino.it\/scatto\/wp-content\/gallery\/2021_05_20_comatp\/cache\/pla_2819.jpg-nggid0524981-ngg0dyn-60x60x100-00f0w010c011r110f110r010t010.jpg\"\n                    width=\"60\"\n                    height=\"60\"\n                    style=\"max-width:100%;\"\n                \/>\n            <\/a>\n        <\/div>\n\t\t\t\t\t\t\t<\/div> \n\t\t\t\n        \n\t\t\t\t<div id=\"ngg-image-2\" class=\"ngg-gallery-thumbnail-box\" >\n\t\t\t\t        <div class=\"ngg-gallery-thumbnail\">\n            <a href=\"http:\/\/www.spaziotorino.it\/scatto\/wp-content\/gallery\/2021_05_20_comatp\/pla_2830.jpg\"\n               title=\"Comitato per le finali ATP: firmato oggi a Torino l\u2019atto costitutivo\"\n               data-src=\"http:\/\/www.spaziotorino.it\/scatto\/wp-content\/gallery\/2021_05_20_comatp\/pla_2830.jpg\"\n               data-thumbnail=\"http:\/\/www.spaziotorino.it\/scatto\/wp-content\/gallery\/2021_05_20_comatp\/thumbs\/thumbs_pla_2830.jpg\"\n               data-image-id=\"24982\"\n               data-title=\"Comitato per le finali ATP: firmato oggi a Torino l\u2019atto costitutivo\"\n               data-description=\"Comitato per le finali ATP: firmato oggi a Torino l\u2019atto costitutivo\"\n               data-image-slug=\"pla_2830\"\n               class=\"ngg-fancybox\" rel=\"c4ac1e103de971e7a9b040aac819f427\">\n                <img\n                    title=\"Comitato per le finali ATP: firmato oggi a Torino l\u2019atto costitutivo\"\n                    alt=\"Comitato per le finali ATP: firmato oggi a Torino l\u2019atto costitutivo\"\n                    src=\"http:\/\/www.spaziotorino.it\/scatto\/wp-content\/gallery\/2021_05_20_comatp\/cache\/pla_2830.jpg-nggid0524982-ngg0dyn-60x60x100-00f0w010c011r110f110r010t010.jpg\"\n                    width=\"60\"\n                    height=\"60\"\n                    style=\"max-width:100%;\"\n                \/>\n            <\/a>\n        <\/div>\n\t\t\t\t\t\t\t<\/div> \n\t\t\t\n        \n\t\t\t\t<div id=\"ngg-image-3\" class=\"ngg-gallery-thumbnail-box\" >\n\t\t\t\t        <div class=\"ngg-gallery-thumbnail\">\n            <a href=\"http:\/\/www.spaziotorino.it\/scatto\/wp-content\/gallery\/2021_05_20_comatp\/pla_2850.jpg\"\n               title=\"Comitato per le finali ATP: firmato oggi a Torino l\u2019atto costitutivo\"\n               data-src=\"http:\/\/www.spaziotorino.it\/scatto\/wp-content\/gallery\/2021_05_20_comatp\/pla_2850.jpg\"\n               data-thumbnail=\"http:\/\/www.spaziotorino.it\/scatto\/wp-content\/gallery\/2021_05_20_comatp\/thumbs\/thumbs_pla_2850.jpg\"\n               data-image-id=\"24983\"\n               data-title=\"Comitato per le finali ATP: firmato oggi a Torino l\u2019atto costitutivo\"\n               data-description=\"Comitato per le finali ATP: firmato oggi a Torino l\u2019atto costitutivo\"\n               data-image-slug=\"pla_2850\"\n               class=\"ngg-fancybox\" rel=\"c4ac1e103de971e7a9b040aac819f427\">\n                <img\n                    title=\"Comitato per le finali ATP: firmato oggi a Torino l\u2019atto costitutivo\"\n                    alt=\"Comitato per le finali ATP: firmato oggi a Torino l\u2019atto costitutivo\"\n                    src=\"http:\/\/www.spaziotorino.it\/scatto\/wp-content\/gallery\/2021_05_20_comatp\/cache\/pla_2850.jpg-nggid0524983-ngg0dyn-60x60x100-00f0w010c011r110f110r010t010.jpg\"\n                    width=\"60\"\n                    height=\"60\"\n                    style=\"max-width:100%;\"\n                \/>\n            <\/a>\n        <\/div>\n\t\t\t\t\t\t\t<\/div> \n\t\t\t\n        \n\t\t\t\t<div id=\"ngg-image-4\" class=\"ngg-gallery-thumbnail-box\" >\n\t\t\t\t        <div class=\"ngg-gallery-thumbnail\">\n            <a href=\"http:\/\/www.spaziotorino.it\/scatto\/wp-content\/gallery\/2021_05_20_comatp\/pla_2862.jpg\"\n               title=\"Comitato per le finali ATP: firmato oggi a Torino l\u2019atto costitutivo\"\n               data-src=\"http:\/\/www.spaziotorino.it\/scatto\/wp-content\/gallery\/2021_05_20_comatp\/pla_2862.jpg\"\n               data-thumbnail=\"http:\/\/www.spaziotorino.it\/scatto\/wp-content\/gallery\/2021_05_20_comatp\/thumbs\/thumbs_pla_2862.jpg\"\n               data-image-id=\"24984\"\n               data-title=\"Comitato per le finali ATP: firmato oggi a Torino l\u2019atto costitutivo\"\n               data-description=\"Comitato per le finali ATP: firmato oggi a Torino l\u2019atto costitutivo\"\n               data-image-slug=\"pla_2862\"\n               class=\"ngg-fancybox\" rel=\"c4ac1e103de971e7a9b040aac819f427\">\n                <img\n                    title=\"Comitato per le finali ATP: firmato oggi a Torino l\u2019atto costitutivo\"\n                    alt=\"Comitato per le finali ATP: firmato oggi a Torino l\u2019atto costitutivo\"\n                    src=\"http:\/\/www.spaziotorino.it\/scatto\/wp-content\/gallery\/2021_05_20_comatp\/cache\/pla_2862.jpg-nggid0524984-ngg0dyn-60x60x100-00f0w010c011r110f110r010t010.jpg\"\n                    width=\"60\"\n                    height=\"60\"\n                    style=\"max-width:100%;\"\n                \/>\n            <\/a>\n        <\/div>\n\t\t\t\t\t\t\t<\/div> \n\t\t\t\n        \n\t\t\t\t<div id=\"ngg-image-5\" class=\"ngg-gallery-thumbnail-box\" >\n\t\t\t\t        <div class=\"ngg-gallery-thumbnail\">\n            <a href=\"http:\/\/www.spaziotorino.it\/scatto\/wp-content\/gallery\/2021_05_20_comatp\/pla_2892.jpg\"\n               title=\"La sindaca Chiara Appendino con la coppa delle ATP Finals\"\n               data-src=\"http:\/\/www.spaziotorino.it\/scatto\/wp-content\/gallery\/2021_05_20_comatp\/pla_2892.jpg\"\n               data-thumbnail=\"http:\/\/www.spaziotorino.it\/scatto\/wp-content\/gallery\/2021_05_20_comatp\/thumbs\/thumbs_pla_2892.jpg\"\n               data-image-id=\"24985\"\n               data-title=\"La sindaca Chiara Appendino con la coppa delle ATP Finals\"\n               data-description=\"La sindaca Chiara Appendino con la coppa delle ATP Finals\"\n               data-image-slug=\"pla_2892-1\"\n               class=\"ngg-fancybox\" rel=\"c4ac1e103de971e7a9b040aac819f427\">\n                <img\n                    title=\"La sindaca Chiara Appendino con la coppa delle ATP Finals\"\n                    alt=\"La sindaca Chiara Appendino con la coppa delle ATP Finals\"\n                    src=\"http:\/\/www.spaziotorino.it\/scatto\/wp-content\/gallery\/2021_05_20_comatp\/cache\/pla_2892.jpg-nggid0524985-ngg0dyn-60x60x100-00f0w010c011r110f110r010t010.jpg\"\n                    width=\"60\"\n                    height=\"60\"\n                    style=\"max-width:100%;\"\n                \/>\n            <\/a>\n        <\/div>\n\t\t\t\t\t\t\t<\/div> \n\t\t\t\n        \n\t\t\n\t\t<!-- Pagination -->\n\t<div class='ngg-clear'><\/div>\t<\/div>\n\n<p>Con le firme davanti al notaio in calce all\u2019atto costitutivo &#8211; apposte a Torino, nella Sala Colonne di Palazzo di Citt\u00e0 &#8211; \u00e8 da oggi formalmente operativo il Comitato per le Finali ATP di Torino, di cui fanno parte la Citt\u00e0 di Torino, la Regione Piemonte, l\u2019Autorit\u00e0 di Governo competente in materia di Sport e la Federazione Italiana Tennis.<\/p>\n<p>Ad esso \u00e8 affidato il compito di coordinare e monitorare le iniziative di promozione che, dal 2021 al 2025, saranno realizzate a Torino e in Piemonte nell&#8217;ambito delle Nitto ATP Finals, con l\u2019obiettivo anche di favorire lo sviluppo delle locali attivit\u00e0 economiche, sociali e culturali.<\/p>\n<p>Nel Comitato per le Finali ATP \u2013 i cui organi sono l\u2019Assemblea, il Presidente, il Vicepresidente e il Collegio dei revisori dei conti &#8211; le istituzioni che lo costituiscono sono rappresentate dalla sindaca Chiara Appendino nella veste di Presidente, dall\u2019assessore regionale allo Sport Fabrizio Ricca, in quella di Vicepresidente, dall\u2019onorevole Simone Valente per l\u2019Autorit\u00e0 di Governo competente in materia di Sport e dall\u2019avvocato Fabrizio Tropiano per la Federazione Italiana Tennis.<\/p>\n<p>L\u2019Assemblea, come prevede lo statuto dell\u2019organismo, ha facolt\u00e0 di costituire un Comitato d\u2019Onore con funzioni celebrative e di rappresentanza, i cui componenti, su proposta dei membri del Comitato per le Finali ATP, sono scelti tra personalit\u00e0 di rilievo istituzionale, nonch\u00e9 tra esponenti del mondo dello sport, della cultura e dell\u2019imprenditoria.<\/p>\n<p>Nel corso della prima riunione, che si \u00e8 svolta immediatamente dopo le firme dell\u2019atto costitutivo, l\u2019Assemblea ha indicato come primi membri del Comitato d\u2019Onore i nomi di Gianni Ocleppo, 14 volte azzurro di Coppa Davis, numero 30 del mondo, che ricoprir\u00e0 il ruolo di presidente, Gian Maria Gros-Pietro, presidente di Intesa Sanpaolo, Marco Lavazza, vicepresidente del Gruppo Lavazza, Roberta Ceretto, presidente Ceretto Aziende Vitivinicole e Dario Gallina, presidente della Camera di commercio di Torino.<\/p>\n","protected":false},"excerpt":{"rendered":"<p>Con le firme davanti al notaio in calce all\u2019atto costitutivo &#8211; apposte a Torino, nella Sala Colonne di Palazzo di Citt\u00e0 &#8211; \u00e8 da oggi formalmente operativo il Comitato per le Finali ATP di Torino, di cui fanno parte la Citt\u00e0 di Torino, la Regione Piemonte, l\u2019Autorit\u00e0 di Governo competente in materia di Sport e [&hellip;]<\/p>\n","protected":false},"author":1,"featured_media":0,"comment_status":"closed","ping_status":"open","sticky":false,"template":"","format":"standard","meta":{"ngg_post_thumbnail":0},"categories":[133,1,10],"tags":[],"_links":{"self":[{"href":"http:\/\/www.spaziotorino.it\/scatto\/index.php?rest_route=\/wp\/v2\/posts\/39670"}],"collection":[{"href":"http:\/\/www.spaziotorino.it\/scatto\/index.php?rest_route=\/wp\/v2\/posts"}],"about":[{"href":"http:\/\/www.spaziotorino.it\/scatto\/index.php?rest_route=\/wp\/v2\/types\/post"}],"author":[{"embeddable":true,"href":"http:\/\/www.spaziotorino.it\/scatto\/index.php?rest_route=\/wp\/v2\/users\/1"}],"replies":[{"embeddable":true,"href":"http:\/\/www.spaziotorino.it\/scatto\/index.php?rest_route=%2Fwp%2Fv2%2Fcomments&post=39670"}],"version-history":[{"count":2,"href":"http:\/\/www.spaziotorino.it\/scatto\/index.php?rest_route=\/wp\/v2\/posts\/39670\/revisions"}],"predecessor-version":[{"id":39672,"href":"http:\/\/www.spaziotorino.it\/scatto\/index.php?rest_route=\/wp\/v2\/posts\/39670\/revisions\/39672"}],"wp:attachment":[{"href":"http:\/\/www.spaziotorino.it\/scatto\/index.php?rest_route=%2Fwp%2Fv2%2Fmedia&parent=39670"}],"wp:term":[{"taxonomy":"category","embeddable":true,"href":"http:\/\/www.spaziotorino.it\/scatto\/index.php?rest_route=%2Fwp%2Fv2%2Fcategories&post=39670"},{"taxonomy":"post_tag","embeddable":true,"href":"http:\/\/www.spaziotorino.it\/scatto\/index.php?rest_route=%2Fwp%2Fv2%2Ftags&post=39670"}],"curies":[{"name":"wp","href":"https:\/\/api.w.org\/{rel}","templated":true}]}}