{"id":40057,"date":"2021-07-02T10:10:32","date_gmt":"2021-07-02T09:10:32","guid":{"rendered":"http:\/\/www.spaziotorino.it\/scatto\/?p=40057"},"modified":"2021-07-02T10:10:32","modified_gmt":"2021-07-02T09:10:32","slug":"a-palazzo-chiablese-la-mostra-cipro-crocevia-delle-civilta","status":"publish","type":"post","link":"http:\/\/www.spaziotorino.it\/scatto\/?p=40057","title":{"rendered":"A Palazzo Chiablese la mostra &#8220;Cipro. Crocevia delle civilt\u00e0&#8221;"},"content":{"rendered":"<p><a class=\"ngg-fancybox\" title=\"Cipro. Crocevia delle civilt\u00e0\" href=\"http:\/\/www.spaziotorino.it\/scatto\/wp-content\/gallery\/2021_01_07_cipro\/pla_2430.jpg\" rel=\"0927cd709d93b653fb41b5973d0da346\"><br \/>\n<img decoding=\"async\" loading=\"lazy\" class=\"ngg-singlepic\" title=\"Cipro. Crocevia delle civilt\u00e0\" src=\"http:\/\/www.spaziotorino.it\/scatto\/wp-content\/gallery\/2021_01_07_cipro\/pla_2430.jpg\" alt=\"\" width=\"540\" height=\"360\"\/><\/a><\/p>\n<!-- index.php -->\n<div\n\tclass=\"ngg-galleryoverview ngg-ajax-pagination-none\"\n\tid=\"ngg-gallery-e43ea8c06e05d30fbd13c6433afd9db2-1\">\n\n    \t\t<!-- Thumbnails -->\n\t\t\t\t<div id=\"ngg-image-0\" class=\"ngg-gallery-thumbnail-box\" >\n\t\t\t\t        <div class=\"ngg-gallery-thumbnail\">\n            <a href=\"http:\/\/www.spaziotorino.it\/scatto\/wp-content\/gallery\/2021_01_07_cipro\/pla_2380.jpg\"\n               title=\"Cipro. Crocevia delle civilt\u00e0\"\n               data-src=\"http:\/\/www.spaziotorino.it\/scatto\/wp-content\/gallery\/2021_01_07_cipro\/pla_2380.jpg\"\n               data-thumbnail=\"http:\/\/www.spaziotorino.it\/scatto\/wp-content\/gallery\/2021_01_07_cipro\/thumbs\/thumbs_pla_2380.jpg\"\n               data-image-id=\"25125\"\n               data-title=\"Cipro. Crocevia delle civilt\u00e0\"\n               data-description=\"Cipro. Crocevia delle civilt\u00e0\"\n               data-image-slug=\"pla_2380\"\n               class=\"ngg-fancybox\" rel=\"e43ea8c06e05d30fbd13c6433afd9db2\">\n                <img\n                    title=\"Cipro. Crocevia delle civilt\u00e0\"\n                    alt=\"Cipro. Crocevia delle civilt\u00e0\"\n                    src=\"http:\/\/www.spaziotorino.it\/scatto\/wp-content\/gallery\/2021_01_07_cipro\/cache\/pla_2380.jpg-nggid0525125-ngg0dyn-60x60x100-00f0w010c011r110f110r010t010.jpg\"\n                    width=\"60\"\n                    height=\"60\"\n                    style=\"max-width:100%;\"\n                \/>\n            <\/a>\n        <\/div>\n\t\t\t\t\t\t\t<\/div> \n\t\t\t\n        \n\t\t\t\t<div id=\"ngg-image-1\" class=\"ngg-gallery-thumbnail-box\" >\n\t\t\t\t        <div class=\"ngg-gallery-thumbnail\">\n            <a href=\"http:\/\/www.spaziotorino.it\/scatto\/wp-content\/gallery\/2021_01_07_cipro\/pla_2393.jpg\"\n               title=\"Cipro. Crocevia delle civilt\u00e0\"\n               data-src=\"http:\/\/www.spaziotorino.it\/scatto\/wp-content\/gallery\/2021_01_07_cipro\/pla_2393.jpg\"\n               data-thumbnail=\"http:\/\/www.spaziotorino.it\/scatto\/wp-content\/gallery\/2021_01_07_cipro\/thumbs\/thumbs_pla_2393.jpg\"\n               data-image-id=\"25127\"\n               data-title=\"Cipro. Crocevia delle civilt\u00e0\"\n               data-description=\"Cipro. Crocevia delle civilt\u00e0\"\n               data-image-slug=\"pla_2393-3\"\n               class=\"ngg-fancybox\" rel=\"e43ea8c06e05d30fbd13c6433afd9db2\">\n                <img\n                    title=\"Cipro. Crocevia delle civilt\u00e0\"\n                    alt=\"Cipro. Crocevia delle civilt\u00e0\"\n                    src=\"http:\/\/www.spaziotorino.it\/scatto\/wp-content\/gallery\/2021_01_07_cipro\/cache\/pla_2393.jpg-nggid0525127-ngg0dyn-60x60x100-00f0w010c011r110f110r010t010.jpg\"\n                    width=\"60\"\n                    height=\"60\"\n                    style=\"max-width:100%;\"\n                \/>\n            <\/a>\n        <\/div>\n\t\t\t\t\t\t\t<\/div> \n\t\t\t\n        \n\t\t\t\t<div id=\"ngg-image-2\" class=\"ngg-gallery-thumbnail-box\" >\n\t\t\t\t        <div class=\"ngg-gallery-thumbnail\">\n            <a href=\"http:\/\/www.spaziotorino.it\/scatto\/wp-content\/gallery\/2021_01_07_cipro\/pla_2390.jpg\"\n               title=\"Cipro. Crocevia delle civilt\u00e0\"\n               data-src=\"http:\/\/www.spaziotorino.it\/scatto\/wp-content\/gallery\/2021_01_07_cipro\/pla_2390.jpg\"\n               data-thumbnail=\"http:\/\/www.spaziotorino.it\/scatto\/wp-content\/gallery\/2021_01_07_cipro\/thumbs\/thumbs_pla_2390.jpg\"\n               data-image-id=\"25126\"\n               data-title=\"Cipro. Crocevia delle civilt\u00e0\"\n               data-description=\"Cipro. Crocevia delle civilt\u00e0\"\n               data-image-slug=\"pla_2390-1\"\n               class=\"ngg-fancybox\" rel=\"e43ea8c06e05d30fbd13c6433afd9db2\">\n                <img\n                    title=\"Cipro. Crocevia delle civilt\u00e0\"\n                    alt=\"Cipro. Crocevia delle civilt\u00e0\"\n                    src=\"http:\/\/www.spaziotorino.it\/scatto\/wp-content\/gallery\/2021_01_07_cipro\/cache\/pla_2390.jpg-nggid0525126-ngg0dyn-60x60x100-00f0w010c011r110f110r010t010.jpg\"\n                    width=\"60\"\n                    height=\"60\"\n                    style=\"max-width:100%;\"\n                \/>\n            <\/a>\n        <\/div>\n\t\t\t\t\t\t\t<\/div> \n\t\t\t\n        \n\t\t\t\t<div id=\"ngg-image-3\" class=\"ngg-gallery-thumbnail-box\" >\n\t\t\t\t        <div class=\"ngg-gallery-thumbnail\">\n            <a href=\"http:\/\/www.spaziotorino.it\/scatto\/wp-content\/gallery\/2021_01_07_cipro\/pla_2396.jpg\"\n               title=\"Cipro. Crocevia delle civilt\u00e0\"\n               data-src=\"http:\/\/www.spaziotorino.it\/scatto\/wp-content\/gallery\/2021_01_07_cipro\/pla_2396.jpg\"\n               data-thumbnail=\"http:\/\/www.spaziotorino.it\/scatto\/wp-content\/gallery\/2021_01_07_cipro\/thumbs\/thumbs_pla_2396.jpg\"\n               data-image-id=\"25128\"\n               data-title=\"Cipro. Crocevia delle civilt\u00e0\"\n               data-description=\"Cipro. Crocevia delle civilt\u00e0\"\n               data-image-slug=\"pla_2396\"\n               class=\"ngg-fancybox\" rel=\"e43ea8c06e05d30fbd13c6433afd9db2\">\n                <img\n                    title=\"Cipro. Crocevia delle civilt\u00e0\"\n                    alt=\"Cipro. Crocevia delle civilt\u00e0\"\n                    src=\"http:\/\/www.spaziotorino.it\/scatto\/wp-content\/gallery\/2021_01_07_cipro\/cache\/pla_2396.jpg-nggid0525128-ngg0dyn-60x60x100-00f0w010c011r110f110r010t010.jpg\"\n                    width=\"60\"\n                    height=\"60\"\n                    style=\"max-width:100%;\"\n                \/>\n            <\/a>\n        <\/div>\n\t\t\t\t\t\t\t<\/div> \n\t\t\t\n        \n\t\t\t\t<div id=\"ngg-image-4\" class=\"ngg-gallery-thumbnail-box\" >\n\t\t\t\t        <div class=\"ngg-gallery-thumbnail\">\n            <a href=\"http:\/\/www.spaziotorino.it\/scatto\/wp-content\/gallery\/2021_01_07_cipro\/pla_2404.jpg\"\n               title=\"Cipro. Crocevia delle civilt\u00e0\"\n               data-src=\"http:\/\/www.spaziotorino.it\/scatto\/wp-content\/gallery\/2021_01_07_cipro\/pla_2404.jpg\"\n               data-thumbnail=\"http:\/\/www.spaziotorino.it\/scatto\/wp-content\/gallery\/2021_01_07_cipro\/thumbs\/thumbs_pla_2404.jpg\"\n               data-image-id=\"25129\"\n               data-title=\"Cipro. Crocevia delle civilt\u00e0\"\n               data-description=\"Cipro. Crocevia delle civilt\u00e0\"\n               data-image-slug=\"pla_2404-1\"\n               class=\"ngg-fancybox\" rel=\"e43ea8c06e05d30fbd13c6433afd9db2\">\n                <img\n                    title=\"Cipro. Crocevia delle civilt\u00e0\"\n                    alt=\"Cipro. Crocevia delle civilt\u00e0\"\n                    src=\"http:\/\/www.spaziotorino.it\/scatto\/wp-content\/gallery\/2021_01_07_cipro\/cache\/pla_2404.jpg-nggid0525129-ngg0dyn-60x60x100-00f0w010c011r110f110r010t010.jpg\"\n                    width=\"60\"\n                    height=\"60\"\n                    style=\"max-width:100%;\"\n                \/>\n            <\/a>\n        <\/div>\n\t\t\t\t\t\t\t<\/div> \n\t\t\t\n        \n\t\t\t\t<div id=\"ngg-image-5\" class=\"ngg-gallery-thumbnail-box\" >\n\t\t\t\t        <div class=\"ngg-gallery-thumbnail\">\n            <a href=\"http:\/\/www.spaziotorino.it\/scatto\/wp-content\/gallery\/2021_01_07_cipro\/pla_2405.jpg\"\n               title=\"Cipro. Crocevia delle civilt\u00e0\"\n               data-src=\"http:\/\/www.spaziotorino.it\/scatto\/wp-content\/gallery\/2021_01_07_cipro\/pla_2405.jpg\"\n               data-thumbnail=\"http:\/\/www.spaziotorino.it\/scatto\/wp-content\/gallery\/2021_01_07_cipro\/thumbs\/thumbs_pla_2405.jpg\"\n               data-image-id=\"25130\"\n               data-title=\"Cipro. Crocevia delle civilt\u00e0\"\n               data-description=\"Cipro. Crocevia delle civilt\u00e0\"\n               data-image-slug=\"pla_2405\"\n               class=\"ngg-fancybox\" rel=\"e43ea8c06e05d30fbd13c6433afd9db2\">\n                <img\n                    title=\"Cipro. Crocevia delle civilt\u00e0\"\n                    alt=\"Cipro. Crocevia delle civilt\u00e0\"\n                    src=\"http:\/\/www.spaziotorino.it\/scatto\/wp-content\/gallery\/2021_01_07_cipro\/cache\/pla_2405.jpg-nggid0525130-ngg0dyn-60x60x100-00f0w010c011r110f110r010t010.jpg\"\n                    width=\"60\"\n                    height=\"60\"\n                    style=\"max-width:100%;\"\n                \/>\n            <\/a>\n        <\/div>\n\t\t\t\t\t\t\t<\/div> \n\t\t\t\n        \n\t\t\t\t<div id=\"ngg-image-6\" class=\"ngg-gallery-thumbnail-box\" >\n\t\t\t\t        <div class=\"ngg-gallery-thumbnail\">\n            <a href=\"http:\/\/www.spaziotorino.it\/scatto\/wp-content\/gallery\/2021_01_07_cipro\/pla_2409.jpg\"\n               title=\"Cipro. Crocevia delle civilt\u00e0\"\n               data-src=\"http:\/\/www.spaziotorino.it\/scatto\/wp-content\/gallery\/2021_01_07_cipro\/pla_2409.jpg\"\n               data-thumbnail=\"http:\/\/www.spaziotorino.it\/scatto\/wp-content\/gallery\/2021_01_07_cipro\/thumbs\/thumbs_pla_2409.jpg\"\n               data-image-id=\"25131\"\n               data-title=\"Cipro. Crocevia delle civilt\u00e0\"\n               data-description=\"Cipro. Crocevia delle civilt\u00e0\"\n               data-image-slug=\"pla_2409-1\"\n               class=\"ngg-fancybox\" rel=\"e43ea8c06e05d30fbd13c6433afd9db2\">\n                <img\n                    title=\"Cipro. Crocevia delle civilt\u00e0\"\n                    alt=\"Cipro. Crocevia delle civilt\u00e0\"\n                    src=\"http:\/\/www.spaziotorino.it\/scatto\/wp-content\/gallery\/2021_01_07_cipro\/cache\/pla_2409.jpg-nggid0525131-ngg0dyn-60x60x100-00f0w010c011r110f110r010t010.jpg\"\n                    width=\"60\"\n                    height=\"60\"\n                    style=\"max-width:100%;\"\n                \/>\n            <\/a>\n        <\/div>\n\t\t\t\t\t\t\t<\/div> \n\t\t\t\n        \n\t\t\t\t<div id=\"ngg-image-7\" class=\"ngg-gallery-thumbnail-box\" >\n\t\t\t\t        <div class=\"ngg-gallery-thumbnail\">\n            <a href=\"http:\/\/www.spaziotorino.it\/scatto\/wp-content\/gallery\/2021_01_07_cipro\/pla_2413.jpg\"\n               title=\"Cipro. Crocevia delle civilt\u00e0\"\n               data-src=\"http:\/\/www.spaziotorino.it\/scatto\/wp-content\/gallery\/2021_01_07_cipro\/pla_2413.jpg\"\n               data-thumbnail=\"http:\/\/www.spaziotorino.it\/scatto\/wp-content\/gallery\/2021_01_07_cipro\/thumbs\/thumbs_pla_2413.jpg\"\n               data-image-id=\"25132\"\n               data-title=\"Cipro. Crocevia delle civilt\u00e0\"\n               data-description=\"Cipro. Crocevia delle civilt\u00e0\"\n               data-image-slug=\"pla_2413\"\n               class=\"ngg-fancybox\" rel=\"e43ea8c06e05d30fbd13c6433afd9db2\">\n                <img\n                    title=\"Cipro. Crocevia delle civilt\u00e0\"\n                    alt=\"Cipro. Crocevia delle civilt\u00e0\"\n                    src=\"http:\/\/www.spaziotorino.it\/scatto\/wp-content\/gallery\/2021_01_07_cipro\/cache\/pla_2413.jpg-nggid0525132-ngg0dyn-60x60x100-00f0w010c011r110f110r010t010.jpg\"\n                    width=\"60\"\n                    height=\"60\"\n                    style=\"max-width:100%;\"\n                \/>\n            <\/a>\n        <\/div>\n\t\t\t\t\t\t\t<\/div> \n\t\t\t\n        \n\t\t\t\t<div id=\"ngg-image-8\" class=\"ngg-gallery-thumbnail-box\" >\n\t\t\t\t        <div class=\"ngg-gallery-thumbnail\">\n            <a href=\"http:\/\/www.spaziotorino.it\/scatto\/wp-content\/gallery\/2021_01_07_cipro\/pla_2422.jpg\"\n               title=\"Cipro. Crocevia delle civilt\u00e0\"\n               data-src=\"http:\/\/www.spaziotorino.it\/scatto\/wp-content\/gallery\/2021_01_07_cipro\/pla_2422.jpg\"\n               data-thumbnail=\"http:\/\/www.spaziotorino.it\/scatto\/wp-content\/gallery\/2021_01_07_cipro\/thumbs\/thumbs_pla_2422.jpg\"\n               data-image-id=\"25133\"\n               data-title=\"Cipro. Crocevia delle civilt\u00e0\"\n               data-description=\"Cipro. Crocevia delle civilt\u00e0\"\n               data-image-slug=\"pla_2422\"\n               class=\"ngg-fancybox\" rel=\"e43ea8c06e05d30fbd13c6433afd9db2\">\n                <img\n                    title=\"Cipro. Crocevia delle civilt\u00e0\"\n                    alt=\"Cipro. Crocevia delle civilt\u00e0\"\n                    src=\"http:\/\/www.spaziotorino.it\/scatto\/wp-content\/gallery\/2021_01_07_cipro\/cache\/pla_2422.jpg-nggid0525133-ngg0dyn-60x60x100-00f0w010c011r110f110r010t010.jpg\"\n                    width=\"60\"\n                    height=\"60\"\n                    style=\"max-width:100%;\"\n                \/>\n            <\/a>\n        <\/div>\n\t\t\t\t\t\t\t<\/div> \n\t\t\t\n        \n\t\t\t\t<div id=\"ngg-image-9\" class=\"ngg-gallery-thumbnail-box\" >\n\t\t\t\t        <div class=\"ngg-gallery-thumbnail\">\n            <a href=\"http:\/\/www.spaziotorino.it\/scatto\/wp-content\/gallery\/2021_01_07_cipro\/pla_2430.jpg\"\n               title=\"Cipro. Crocevia delle civilt\u00e0\"\n               data-src=\"http:\/\/www.spaziotorino.it\/scatto\/wp-content\/gallery\/2021_01_07_cipro\/pla_2430.jpg\"\n               data-thumbnail=\"http:\/\/www.spaziotorino.it\/scatto\/wp-content\/gallery\/2021_01_07_cipro\/thumbs\/thumbs_pla_2430.jpg\"\n               data-image-id=\"25134\"\n               data-title=\"Cipro. Crocevia delle civilt\u00e0\"\n               data-description=\"Cipro. Crocevia delle civilt\u00e0\"\n               data-image-slug=\"pla_2430-1\"\n               class=\"ngg-fancybox\" rel=\"e43ea8c06e05d30fbd13c6433afd9db2\">\n                <img\n                    title=\"Cipro. Crocevia delle civilt\u00e0\"\n                    alt=\"Cipro. Crocevia delle civilt\u00e0\"\n                    src=\"http:\/\/www.spaziotorino.it\/scatto\/wp-content\/gallery\/2021_01_07_cipro\/cache\/pla_2430.jpg-nggid0525134-ngg0dyn-60x60x100-00f0w010c011r110f110r010t010.jpg\"\n                    width=\"60\"\n                    height=\"60\"\n                    style=\"max-width:100%;\"\n                \/>\n            <\/a>\n        <\/div>\n\t\t\t\t\t\t\t<\/div> \n\t\t\t\n        \n\t\t\t\t<div id=\"ngg-image-10\" class=\"ngg-gallery-thumbnail-box\" >\n\t\t\t\t        <div class=\"ngg-gallery-thumbnail\">\n            <a href=\"http:\/\/www.spaziotorino.it\/scatto\/wp-content\/gallery\/2021_01_07_cipro\/pla_2435.jpg\"\n               title=\"Cipro. Crocevia delle civilt\u00e0\"\n               data-src=\"http:\/\/www.spaziotorino.it\/scatto\/wp-content\/gallery\/2021_01_07_cipro\/pla_2435.jpg\"\n               data-thumbnail=\"http:\/\/www.spaziotorino.it\/scatto\/wp-content\/gallery\/2021_01_07_cipro\/thumbs\/thumbs_pla_2435.jpg\"\n               data-image-id=\"25135\"\n               data-title=\"Cipro. Crocevia delle civilt\u00e0\"\n               data-description=\"Cipro. Crocevia delle civilt\u00e0\"\n               data-image-slug=\"pla_2435\"\n               class=\"ngg-fancybox\" rel=\"e43ea8c06e05d30fbd13c6433afd9db2\">\n                <img\n                    title=\"Cipro. Crocevia delle civilt\u00e0\"\n                    alt=\"Cipro. Crocevia delle civilt\u00e0\"\n                    src=\"http:\/\/www.spaziotorino.it\/scatto\/wp-content\/gallery\/2021_01_07_cipro\/cache\/pla_2435.jpg-nggid0525135-ngg0dyn-60x60x100-00f0w010c011r110f110r010t010.jpg\"\n                    width=\"60\"\n                    height=\"60\"\n                    style=\"max-width:100%;\"\n                \/>\n            <\/a>\n        <\/div>\n\t\t\t\t\t\t\t<\/div> \n\t\t\t\n        \n\t\t\t\t<div id=\"ngg-image-11\" class=\"ngg-gallery-thumbnail-box\" >\n\t\t\t\t        <div class=\"ngg-gallery-thumbnail\">\n            <a href=\"http:\/\/www.spaziotorino.it\/scatto\/wp-content\/gallery\/2021_01_07_cipro\/pla_2442.jpg\"\n               title=\"Cipro. Crocevia delle civilt\u00e0\"\n               data-src=\"http:\/\/www.spaziotorino.it\/scatto\/wp-content\/gallery\/2021_01_07_cipro\/pla_2442.jpg\"\n               data-thumbnail=\"http:\/\/www.spaziotorino.it\/scatto\/wp-content\/gallery\/2021_01_07_cipro\/thumbs\/thumbs_pla_2442.jpg\"\n               data-image-id=\"25136\"\n               data-title=\"Cipro. Crocevia delle civilt\u00e0\"\n               data-description=\"Cipro. Crocevia delle civilt\u00e0\"\n               data-image-slug=\"pla_2442\"\n               class=\"ngg-fancybox\" rel=\"e43ea8c06e05d30fbd13c6433afd9db2\">\n                <img\n                    title=\"Cipro. Crocevia delle civilt\u00e0\"\n                    alt=\"Cipro. Crocevia delle civilt\u00e0\"\n                    src=\"http:\/\/www.spaziotorino.it\/scatto\/wp-content\/gallery\/2021_01_07_cipro\/cache\/pla_2442.jpg-nggid0525136-ngg0dyn-60x60x100-00f0w010c011r110f110r010t010.jpg\"\n                    width=\"60\"\n                    height=\"60\"\n                    style=\"max-width:100%;\"\n                \/>\n            <\/a>\n        <\/div>\n\t\t\t\t\t\t\t<\/div> \n\t\t\t\n        \n\t\t\t\t<div id=\"ngg-image-12\" class=\"ngg-gallery-thumbnail-box\" >\n\t\t\t\t        <div class=\"ngg-gallery-thumbnail\">\n            <a href=\"http:\/\/www.spaziotorino.it\/scatto\/wp-content\/gallery\/2021_01_07_cipro\/pla_2447.jpg\"\n               title=\"Cipro. Crocevia delle civilt\u00e0\"\n               data-src=\"http:\/\/www.spaziotorino.it\/scatto\/wp-content\/gallery\/2021_01_07_cipro\/pla_2447.jpg\"\n               data-thumbnail=\"http:\/\/www.spaziotorino.it\/scatto\/wp-content\/gallery\/2021_01_07_cipro\/thumbs\/thumbs_pla_2447.jpg\"\n               data-image-id=\"25137\"\n               data-title=\"Cipro. Crocevia delle civilt\u00e0\"\n               data-description=\"Cipro. Crocevia delle civilt\u00e0\"\n               data-image-slug=\"pla_2447-1\"\n               class=\"ngg-fancybox\" rel=\"e43ea8c06e05d30fbd13c6433afd9db2\">\n                <img\n                    title=\"Cipro. Crocevia delle civilt\u00e0\"\n                    alt=\"Cipro. Crocevia delle civilt\u00e0\"\n                    src=\"http:\/\/www.spaziotorino.it\/scatto\/wp-content\/gallery\/2021_01_07_cipro\/cache\/pla_2447.jpg-nggid0525137-ngg0dyn-60x60x100-00f0w010c011r110f110r010t010.jpg\"\n                    width=\"60\"\n                    height=\"60\"\n                    style=\"max-width:100%;\"\n                \/>\n            <\/a>\n        <\/div>\n\t\t\t\t\t\t\t<\/div> \n\t\t\t\n        \n\t\t\t\t<div id=\"ngg-image-13\" class=\"ngg-gallery-thumbnail-box\" >\n\t\t\t\t        <div class=\"ngg-gallery-thumbnail\">\n            <a href=\"http:\/\/www.spaziotorino.it\/scatto\/wp-content\/gallery\/2021_01_07_cipro\/pla_2449.jpg\"\n               title=\"Cipro. Crocevia delle civilt\u00e0\"\n               data-src=\"http:\/\/www.spaziotorino.it\/scatto\/wp-content\/gallery\/2021_01_07_cipro\/pla_2449.jpg\"\n               data-thumbnail=\"http:\/\/www.spaziotorino.it\/scatto\/wp-content\/gallery\/2021_01_07_cipro\/thumbs\/thumbs_pla_2449.jpg\"\n               data-image-id=\"25138\"\n               data-title=\"Cipro. Crocevia delle civilt\u00e0\"\n               data-description=\"Cipro. Crocevia delle civilt\u00e0\"\n               data-image-slug=\"pla_2449\"\n               class=\"ngg-fancybox\" rel=\"e43ea8c06e05d30fbd13c6433afd9db2\">\n                <img\n                    title=\"Cipro. Crocevia delle civilt\u00e0\"\n                    alt=\"Cipro. Crocevia delle civilt\u00e0\"\n                    src=\"http:\/\/www.spaziotorino.it\/scatto\/wp-content\/gallery\/2021_01_07_cipro\/cache\/pla_2449.jpg-nggid0525138-ngg0dyn-60x60x100-00f0w010c011r110f110r010t010.jpg\"\n                    width=\"60\"\n                    height=\"60\"\n                    style=\"max-width:100%;\"\n                \/>\n            <\/a>\n        <\/div>\n\t\t\t\t\t\t\t<\/div> \n\t\t\t\n        \n\t\t\n\t\t<!-- Pagination -->\n\t<div class='ngg-clear'><\/div>\t<\/div>\n\n<p>Il fascino millenario di Cipro, cuore del Mediterraneo e ponte tra Oriente e Occidente, \u00e8 protagonista della mostra internazionale <strong>Cipro. Crocevia delle civilt\u00e0<\/strong>, che dal 29 giugno al 9 gennaio 2021 si terr\u00e0 ai Musei Reali di Torino, realizzata in collaborazione con l\u2019Universit\u00e0 degli Studi di Torino e curata da Luca Bombardieri, docente di Archeologia cipriota presso l\u2019Ateneo torinese, ed Elisa Panero, curatrice delle collezioni archeologiche dei Musei Reali.&nbsp;<\/p>\n<p>La mostra si delinea intorno alla<strong>&nbsp;pi\u00f9 importante collezione cipriota italiana<\/strong>, quella dei Musei Reali di Torino, ad oggi largamente inedita, e sar\u00e0 arricchita da prestiti unici per la prima volta in Italia provenienti da illustri istituzioni straniere, tra cui il British Museum di Londra, il Metropolitan Museum of Art di New York, il Fitzwilliam Museum di Cambridge, Medelhavsmuseet di Stoccolma, il Kunsthistorisches Museum di Vienna e il Cyprus Museum di Nicosia.<\/p>\n<p>Le collezioni cipriote dei Musei Reali costituiscono un nucleo pressoch\u00e9 unico nel panorama dei grandi musei europei. Il Museo di Antichit\u00e0 di Torino conta infatti&nbsp;<strong>pi\u00f9 di 1.000 reperti<\/strong>, frutto di donazioni avvenute a partire dal 1847 sotto il console del Regno di Sardegna Marcello Cerruti e, soprattutto, grazie agli scavi condotti da Luigi Palma di Cesnola, console americano sull\u2019isola ma torinese di nascita e da suo fratello Alessandro. Tale raccolta \u00e8 paragonabile per importanza scientifica e variet\u00e0 alla grande collezione del Museo Egizio di Torino, di cui rappresenta un ideale contraltare mediterraneo.<\/p>\n<p>Si tratta di un\u2019occasione unica per lasciarsi conquistare da una delle isole mediterranee pi\u00f9 misteriose, il cui incanto \u00e8 a tutt\u2019oggi immutato: mitica culla di Afrodite, che nasce dalla spuma del mare cipriota, l\u2019isola \u00e8 crocevia di scambi commerciali e approdo di culture differenti in cui si forma la moderna concezione del mondo mediterraneo.<\/p>\n<p>Maggiori informazioni nelle pagine dei Musei Reali: <a href=\"http:\/\/www.museireali.beniculturali.it\/\">www.museireali.beniculturali.it<\/a><\/p>\n","protected":false},"excerpt":{"rendered":"<p>Il fascino millenario di Cipro, cuore del Mediterraneo e ponte tra Oriente e Occidente, \u00e8 protagonista della mostra internazionale Cipro. Crocevia delle civilt\u00e0, che dal 29 giugno al 9 gennaio 2021 si terr\u00e0 ai Musei Reali di Torino, realizzata in collaborazione con l\u2019Universit\u00e0 degli Studi di Torino e curata da Luca Bombardieri, docente di Archeologia [&hellip;]<\/p>\n","protected":false},"author":1,"featured_media":0,"comment_status":"closed","ping_status":"open","sticky":false,"template":"","format":"standard","meta":{"ngg_post_thumbnail":0},"categories":[54,1],"tags":[],"_links":{"self":[{"href":"http:\/\/www.spaziotorino.it\/scatto\/index.php?rest_route=\/wp\/v2\/posts\/40057"}],"collection":[{"href":"http:\/\/www.spaziotorino.it\/scatto\/index.php?rest_route=\/wp\/v2\/posts"}],"about":[{"href":"http:\/\/www.spaziotorino.it\/scatto\/index.php?rest_route=\/wp\/v2\/types\/post"}],"author":[{"embeddable":true,"href":"http:\/\/www.spaziotorino.it\/scatto\/index.php?rest_route=\/wp\/v2\/users\/1"}],"replies":[{"embeddable":true,"href":"http:\/\/www.spaziotorino.it\/scatto\/index.php?rest_route=%2Fwp%2Fv2%2Fcomments&post=40057"}],"version-history":[{"count":2,"href":"http:\/\/www.spaziotorino.it\/scatto\/index.php?rest_route=\/wp\/v2\/posts\/40057\/revisions"}],"predecessor-version":[{"id":40059,"href":"http:\/\/www.spaziotorino.it\/scatto\/index.php?rest_route=\/wp\/v2\/posts\/40057\/revisions\/40059"}],"wp:attachment":[{"href":"http:\/\/www.spaziotorino.it\/scatto\/index.php?rest_route=%2Fwp%2Fv2%2Fmedia&parent=40057"}],"wp:term":[{"taxonomy":"category","embeddable":true,"href":"http:\/\/www.spaziotorino.it\/scatto\/index.php?rest_route=%2Fwp%2Fv2%2Fcategories&post=40057"},{"taxonomy":"post_tag","embeddable":true,"href":"http:\/\/www.spaziotorino.it\/scatto\/index.php?rest_route=%2Fwp%2Fv2%2Ftags&post=40057"}],"curies":[{"name":"wp","href":"https:\/\/api.w.org\/{rel}","templated":true}]}}