{"id":40229,"date":"2021-07-15T17:12:45","date_gmt":"2021-07-15T16:12:45","guid":{"rendered":"http:\/\/www.spaziotorino.it\/scatto\/?p=40229"},"modified":"2021-07-15T17:12:45","modified_gmt":"2021-07-15T16:12:45","slug":"nasce-to-shape-torino-urban-art-district-la-citta-di-punta-sullurban-art-come-espressione-dellarte-contemporanea","status":"publish","type":"post","link":"http:\/\/www.spaziotorino.it\/scatto\/?p=40229","title":{"rendered":"Nasce &#8216;To Shape \u2013 Torino Urban Art District&#8217; la Citt\u00e0 di punta sull\u2019urban art come espressione dell&#8217;arte contemporanea"},"content":{"rendered":"<p><a class=\"ngg-fancybox\" title=\"Nasce 'To Shape \u2013 Torino Urban Art District' la Citt\u00e0 di punta sull\u2019urban art come espressione dell'arte contemporanea\" href=\"http:\/\/www.spaziotorino.it\/scatto\/wp-content\/gallery\/2021_07_15_toshape\/pla_8623.jpg\" rel=\"3ea06f1aba05ba0c61102bfb5dcbd2b7\"><br \/>\n<img decoding=\"async\" loading=\"lazy\" class=\"ngg-singlepic\" title=\"Nasce 'To Shape \u2013 Torino Urban Art District' la Citt\u00e0 di punta sull\u2019urban art come espressione dell'arte contemporanea\" src=\"http:\/\/www.spaziotorino.it\/scatto\/wp-content\/gallery\/2021_07_15_toshape\/pla_8623.jpg\" alt=\"\" width=\"540\" height=\"360\"\/><\/a><\/p>\n<!-- index.php -->\n<div\n\tclass=\"ngg-galleryoverview ngg-ajax-pagination-none\"\n\tid=\"ngg-gallery-baada2e19fcb3e13d49000ae4d9009c1-1\">\n\n    \t\t<!-- Thumbnails -->\n\t\t\t\t<div id=\"ngg-image-0\" class=\"ngg-gallery-thumbnail-box\" >\n\t\t\t\t        <div class=\"ngg-gallery-thumbnail\">\n            <a href=\"http:\/\/www.spaziotorino.it\/scatto\/wp-content\/gallery\/2021_07_15_toshape\/pla_3323.jpg\"\n               title=\"To Shape - Torino Urban Art District\"\n               data-src=\"http:\/\/www.spaziotorino.it\/scatto\/wp-content\/gallery\/2021_07_15_toshape\/pla_3323.jpg\"\n               data-thumbnail=\"http:\/\/www.spaziotorino.it\/scatto\/wp-content\/gallery\/2021_07_15_toshape\/thumbs\/thumbs_pla_3323.jpg\"\n               data-image-id=\"25199\"\n               data-title=\"To Shape - Torino Urban Art District\"\n               data-description=\"To Shape - Torino Urban Art District\"\n               data-image-slug=\"pla_3323\"\n               class=\"ngg-fancybox\" rel=\"baada2e19fcb3e13d49000ae4d9009c1\">\n                <img\n                    title=\"To Shape - Torino Urban Art District\"\n                    alt=\"To Shape - Torino Urban Art District\"\n                    src=\"http:\/\/www.spaziotorino.it\/scatto\/wp-content\/gallery\/2021_07_15_toshape\/cache\/pla_3323.jpg-nggid0525199-ngg0dyn-60x60x100-00f0w010c011r110f110r010t010.jpg\"\n                    width=\"60\"\n                    height=\"60\"\n                    style=\"max-width:100%;\"\n                \/>\n            <\/a>\n        <\/div>\n\t\t\t\t\t\t\t<\/div> \n\t\t\t\n        \n\t\t\t\t<div id=\"ngg-image-1\" class=\"ngg-gallery-thumbnail-box\" >\n\t\t\t\t        <div class=\"ngg-gallery-thumbnail\">\n            <a href=\"http:\/\/www.spaziotorino.it\/scatto\/wp-content\/gallery\/2021_07_15_toshape\/pla_3334.jpg\"\n               title=\"To Shape - Torino Urban Art District\"\n               data-src=\"http:\/\/www.spaziotorino.it\/scatto\/wp-content\/gallery\/2021_07_15_toshape\/pla_3334.jpg\"\n               data-thumbnail=\"http:\/\/www.spaziotorino.it\/scatto\/wp-content\/gallery\/2021_07_15_toshape\/thumbs\/thumbs_pla_3334.jpg\"\n               data-image-id=\"25201\"\n               data-title=\"To Shape - Torino Urban Art District\"\n               data-description=\"To Shape - Torino Urban Art District\"\n               data-image-slug=\"pla_3334-1\"\n               class=\"ngg-fancybox\" rel=\"baada2e19fcb3e13d49000ae4d9009c1\">\n                <img\n                    title=\"To Shape - Torino Urban Art District\"\n                    alt=\"To Shape - Torino Urban Art District\"\n                    src=\"http:\/\/www.spaziotorino.it\/scatto\/wp-content\/gallery\/2021_07_15_toshape\/cache\/pla_3334.jpg-nggid0525201-ngg0dyn-60x60x100-00f0w010c011r110f110r010t010.jpg\"\n                    width=\"60\"\n                    height=\"60\"\n                    style=\"max-width:100%;\"\n                \/>\n            <\/a>\n        <\/div>\n\t\t\t\t\t\t\t<\/div> \n\t\t\t\n        \n\t\t\t\t<div id=\"ngg-image-2\" class=\"ngg-gallery-thumbnail-box\" >\n\t\t\t\t        <div class=\"ngg-gallery-thumbnail\">\n            <a href=\"http:\/\/www.spaziotorino.it\/scatto\/wp-content\/gallery\/2021_07_15_toshape\/pla_3329.jpg\"\n               title=\"To Shape - Torino Urban Art District\"\n               data-src=\"http:\/\/www.spaziotorino.it\/scatto\/wp-content\/gallery\/2021_07_15_toshape\/pla_3329.jpg\"\n               data-thumbnail=\"http:\/\/www.spaziotorino.it\/scatto\/wp-content\/gallery\/2021_07_15_toshape\/thumbs\/thumbs_pla_3329.jpg\"\n               data-image-id=\"25200\"\n               data-title=\"To Shape - Torino Urban Art District\"\n               data-description=\"To Shape - Torino Urban Art District\"\n               data-image-slug=\"pla_3329\"\n               class=\"ngg-fancybox\" rel=\"baada2e19fcb3e13d49000ae4d9009c1\">\n                <img\n                    title=\"To Shape - Torino Urban Art District\"\n                    alt=\"To Shape - Torino Urban Art District\"\n                    src=\"http:\/\/www.spaziotorino.it\/scatto\/wp-content\/gallery\/2021_07_15_toshape\/cache\/pla_3329.jpg-nggid0525200-ngg0dyn-60x60x100-00f0w010c011r110f110r010t010.jpg\"\n                    width=\"60\"\n                    height=\"60\"\n                    style=\"max-width:100%;\"\n                \/>\n            <\/a>\n        <\/div>\n\t\t\t\t\t\t\t<\/div> \n\t\t\t\n        \n\t\t\t\t<div id=\"ngg-image-3\" class=\"ngg-gallery-thumbnail-box\" >\n\t\t\t\t        <div class=\"ngg-gallery-thumbnail\">\n            <a href=\"http:\/\/www.spaziotorino.it\/scatto\/wp-content\/gallery\/2021_07_15_toshape\/pla_3342.jpg\"\n               title=\"To Shape - Torino Urban Art District\"\n               data-src=\"http:\/\/www.spaziotorino.it\/scatto\/wp-content\/gallery\/2021_07_15_toshape\/pla_3342.jpg\"\n               data-thumbnail=\"http:\/\/www.spaziotorino.it\/scatto\/wp-content\/gallery\/2021_07_15_toshape\/thumbs\/thumbs_pla_3342.jpg\"\n               data-image-id=\"25202\"\n               data-title=\"To Shape - Torino Urban Art District\"\n               data-description=\"To Shape - Torino Urban Art District\"\n               data-image-slug=\"pla_3342\"\n               class=\"ngg-fancybox\" rel=\"baada2e19fcb3e13d49000ae4d9009c1\">\n                <img\n                    title=\"To Shape - Torino Urban Art District\"\n                    alt=\"To Shape - Torino Urban Art District\"\n                    src=\"http:\/\/www.spaziotorino.it\/scatto\/wp-content\/gallery\/2021_07_15_toshape\/cache\/pla_3342.jpg-nggid0525202-ngg0dyn-60x60x100-00f0w010c011r110f110r010t010.jpg\"\n                    width=\"60\"\n                    height=\"60\"\n                    style=\"max-width:100%;\"\n                \/>\n            <\/a>\n        <\/div>\n\t\t\t\t\t\t\t<\/div> \n\t\t\t\n        \n\t\t\t\t<div id=\"ngg-image-4\" class=\"ngg-gallery-thumbnail-box\" >\n\t\t\t\t        <div class=\"ngg-gallery-thumbnail\">\n            <a href=\"http:\/\/www.spaziotorino.it\/scatto\/wp-content\/gallery\/2021_07_15_toshape\/pla_8000.jpg\"\n               title=\"PicTurin, muralisti sotto la Mole\"\n               data-src=\"http:\/\/www.spaziotorino.it\/scatto\/wp-content\/gallery\/2021_07_15_toshape\/pla_8000.jpg\"\n               data-thumbnail=\"http:\/\/www.spaziotorino.it\/scatto\/wp-content\/gallery\/2021_07_15_toshape\/thumbs\/thumbs_pla_8000.jpg\"\n               data-image-id=\"25206\"\n               data-title=\"PicTurin, muralisti sotto la Mole\"\n               data-description=\"PicTurin, muralisti sotto la Mole\"\n               data-image-slug=\"pla_8000-1\"\n               class=\"ngg-fancybox\" rel=\"baada2e19fcb3e13d49000ae4d9009c1\">\n                <img\n                    title=\"PicTurin, muralisti sotto la Mole\"\n                    alt=\"PicTurin, muralisti sotto la Mole\"\n                    src=\"http:\/\/www.spaziotorino.it\/scatto\/wp-content\/gallery\/2021_07_15_toshape\/cache\/pla_8000.jpg-nggid0525206-ngg0dyn-60x60x100-00f0w010c011r110f110r010t010.jpg\"\n                    width=\"60\"\n                    height=\"60\"\n                    style=\"max-width:100%;\"\n                \/>\n            <\/a>\n        <\/div>\n\t\t\t\t\t\t\t<\/div> \n\t\t\t\n        \n\t\t\t\t<div id=\"ngg-image-5\" class=\"ngg-gallery-thumbnail-box\" >\n\t\t\t\t        <div class=\"ngg-gallery-thumbnail\">\n            <a href=\"http:\/\/www.spaziotorino.it\/scatto\/wp-content\/gallery\/2021_07_15_toshape\/pla_8109.jpg\"\n               title=\"PicTurin, muralisti sotto la Mole\"\n               data-src=\"http:\/\/www.spaziotorino.it\/scatto\/wp-content\/gallery\/2021_07_15_toshape\/pla_8109.jpg\"\n               data-thumbnail=\"http:\/\/www.spaziotorino.it\/scatto\/wp-content\/gallery\/2021_07_15_toshape\/thumbs\/thumbs_pla_8109.jpg\"\n               data-image-id=\"25207\"\n               data-title=\"PicTurin, muralisti sotto la Mole\"\n               data-description=\"PicTurin, muralisti sotto la Mole\"\n               data-image-slug=\"pla_8109\"\n               class=\"ngg-fancybox\" rel=\"baada2e19fcb3e13d49000ae4d9009c1\">\n                <img\n                    title=\"PicTurin, muralisti sotto la Mole\"\n                    alt=\"PicTurin, muralisti sotto la Mole\"\n                    src=\"http:\/\/www.spaziotorino.it\/scatto\/wp-content\/gallery\/2021_07_15_toshape\/cache\/pla_8109.jpg-nggid0525207-ngg0dyn-60x60x100-00f0w010c011r110f110r010t010.jpg\"\n                    width=\"60\"\n                    height=\"60\"\n                    style=\"max-width:100%;\"\n                \/>\n            <\/a>\n        <\/div>\n\t\t\t\t\t\t\t<\/div> \n\t\t\t\n        \n\t\t\t\t<div id=\"ngg-image-6\" class=\"ngg-gallery-thumbnail-box\" >\n\t\t\t\t        <div class=\"ngg-gallery-thumbnail\">\n            <a href=\"http:\/\/www.spaziotorino.it\/scatto\/wp-content\/gallery\/2021_07_15_toshape\/pla_1785.jpg\"\n               title=\"L\u2019arte murale di PicTurin\"\n               data-src=\"http:\/\/www.spaziotorino.it\/scatto\/wp-content\/gallery\/2021_07_15_toshape\/pla_1785.jpg\"\n               data-thumbnail=\"http:\/\/www.spaziotorino.it\/scatto\/wp-content\/gallery\/2021_07_15_toshape\/thumbs\/thumbs_pla_1785.jpg\"\n               data-image-id=\"25192\"\n               data-title=\"L\u2019arte murale di PicTurin\"\n               data-description=\"L\u2019arte murale di PicTurin\"\n               data-image-slug=\"pla_1785\"\n               class=\"ngg-fancybox\" rel=\"baada2e19fcb3e13d49000ae4d9009c1\">\n                <img\n                    title=\"L\u2019arte murale di PicTurin\"\n                    alt=\"L\u2019arte murale di PicTurin\"\n                    src=\"http:\/\/www.spaziotorino.it\/scatto\/wp-content\/gallery\/2021_07_15_toshape\/cache\/pla_1785.jpg-nggid0525192-ngg0dyn-60x60x100-00f0w010c011r110f110r010t010.jpg\"\n                    width=\"60\"\n                    height=\"60\"\n                    style=\"max-width:100%;\"\n                \/>\n            <\/a>\n        <\/div>\n\t\t\t\t\t\t\t<\/div> \n\t\t\t\n        \n\t\t\t\t<div id=\"ngg-image-7\" class=\"ngg-gallery-thumbnail-box\" >\n\t\t\t\t        <div class=\"ngg-gallery-thumbnail\">\n            <a href=\"http:\/\/www.spaziotorino.it\/scatto\/wp-content\/gallery\/2021_07_15_toshape\/pla_1804.jpg\"\n               title=\"L\u2019arte murale di PicTurin\"\n               data-src=\"http:\/\/www.spaziotorino.it\/scatto\/wp-content\/gallery\/2021_07_15_toshape\/pla_1804.jpg\"\n               data-thumbnail=\"http:\/\/www.spaziotorino.it\/scatto\/wp-content\/gallery\/2021_07_15_toshape\/thumbs\/thumbs_pla_1804.jpg\"\n               data-image-id=\"25194\"\n               data-title=\"L\u2019arte murale di PicTurin\"\n               data-description=\"L\u2019arte murale di PicTurin\"\n               data-image-slug=\"pla_1804\"\n               class=\"ngg-fancybox\" rel=\"baada2e19fcb3e13d49000ae4d9009c1\">\n                <img\n                    title=\"L\u2019arte murale di PicTurin\"\n                    alt=\"L\u2019arte murale di PicTurin\"\n                    src=\"http:\/\/www.spaziotorino.it\/scatto\/wp-content\/gallery\/2021_07_15_toshape\/cache\/pla_1804.jpg-nggid0525194-ngg0dyn-60x60x100-00f0w010c011r110f110r010t010.jpg\"\n                    width=\"60\"\n                    height=\"60\"\n                    style=\"max-width:100%;\"\n                \/>\n            <\/a>\n        <\/div>\n\t\t\t\t\t\t\t<\/div> \n\t\t\t\n        \n\t\t\t\t<div id=\"ngg-image-8\" class=\"ngg-gallery-thumbnail-box\" >\n\t\t\t\t        <div class=\"ngg-gallery-thumbnail\">\n            <a href=\"http:\/\/www.spaziotorino.it\/scatto\/wp-content\/gallery\/2021_07_15_toshape\/pla_1848.jpg\"\n               title=\"L\u2019arte murale di PicTurin\"\n               data-src=\"http:\/\/www.spaziotorino.it\/scatto\/wp-content\/gallery\/2021_07_15_toshape\/pla_1848.jpg\"\n               data-thumbnail=\"http:\/\/www.spaziotorino.it\/scatto\/wp-content\/gallery\/2021_07_15_toshape\/thumbs\/thumbs_pla_1848.jpg\"\n               data-image-id=\"25196\"\n               data-title=\"L\u2019arte murale di PicTurin\"\n               data-description=\"L\u2019arte murale di PicTurin\"\n               data-image-slug=\"pla_1848\"\n               class=\"ngg-fancybox\" rel=\"baada2e19fcb3e13d49000ae4d9009c1\">\n                <img\n                    title=\"L\u2019arte murale di PicTurin\"\n                    alt=\"L\u2019arte murale di PicTurin\"\n                    src=\"http:\/\/www.spaziotorino.it\/scatto\/wp-content\/gallery\/2021_07_15_toshape\/cache\/pla_1848.jpg-nggid0525196-ngg0dyn-60x60x100-00f0w010c011r110f110r010t010.jpg\"\n                    width=\"60\"\n                    height=\"60\"\n                    style=\"max-width:100%;\"\n                \/>\n            <\/a>\n        <\/div>\n\t\t\t\t\t\t\t<\/div> \n\t\t\t\n        \n\t\t\t\t<div id=\"ngg-image-9\" class=\"ngg-gallery-thumbnail-box\" >\n\t\t\t\t        <div class=\"ngg-gallery-thumbnail\">\n            <a href=\"http:\/\/www.spaziotorino.it\/scatto\/wp-content\/gallery\/2021_07_15_toshape\/pla_8578.jpg\"\n               title=\"B.ART \u2013 Arte in Barriera\"\n               data-src=\"http:\/\/www.spaziotorino.it\/scatto\/wp-content\/gallery\/2021_07_15_toshape\/pla_8578.jpg\"\n               data-thumbnail=\"http:\/\/www.spaziotorino.it\/scatto\/wp-content\/gallery\/2021_07_15_toshape\/thumbs\/thumbs_pla_8578.jpg\"\n               data-image-id=\"25208\"\n               data-title=\"B.ART \u2013 Arte in Barriera\"\n               data-description=\"B.ART \u2013 Arte in Barriera\"\n               data-image-slug=\"pla_8578\"\n               class=\"ngg-fancybox\" rel=\"baada2e19fcb3e13d49000ae4d9009c1\">\n                <img\n                    title=\"B.ART \u2013 Arte in Barriera\"\n                    alt=\"B.ART \u2013 Arte in Barriera\"\n                    src=\"http:\/\/www.spaziotorino.it\/scatto\/wp-content\/gallery\/2021_07_15_toshape\/cache\/pla_8578.jpg-nggid0525208-ngg0dyn-60x60x100-00f0w010c011r110f110r010t010.jpg\"\n                    width=\"60\"\n                    height=\"60\"\n                    style=\"max-width:100%;\"\n                \/>\n            <\/a>\n        <\/div>\n\t\t\t\t\t\t\t<\/div> \n\t\t\t\n        \n\t\t\t\t<div id=\"ngg-image-10\" class=\"ngg-gallery-thumbnail-box\" >\n\t\t\t\t        <div class=\"ngg-gallery-thumbnail\">\n            <a href=\"http:\/\/www.spaziotorino.it\/scatto\/wp-content\/gallery\/2021_07_15_toshape\/pla_8623.jpg\"\n               title=\"B.ART \u2013 Arte in Barriera\"\n               data-src=\"http:\/\/www.spaziotorino.it\/scatto\/wp-content\/gallery\/2021_07_15_toshape\/pla_8623.jpg\"\n               data-thumbnail=\"http:\/\/www.spaziotorino.it\/scatto\/wp-content\/gallery\/2021_07_15_toshape\/thumbs\/thumbs_pla_8623.jpg\"\n               data-image-id=\"25209\"\n               data-title=\"B.ART \u2013 Arte in Barriera\"\n               data-description=\"B.ART \u2013 Arte in Barriera\"\n               data-image-slug=\"pla_8623\"\n               class=\"ngg-fancybox\" rel=\"baada2e19fcb3e13d49000ae4d9009c1\">\n                <img\n                    title=\"B.ART \u2013 Arte in Barriera\"\n                    alt=\"B.ART \u2013 Arte in Barriera\"\n                    src=\"http:\/\/www.spaziotorino.it\/scatto\/wp-content\/gallery\/2021_07_15_toshape\/cache\/pla_8623.jpg-nggid0525209-ngg0dyn-60x60x100-00f0w010c011r110f110r010t010.jpg\"\n                    width=\"60\"\n                    height=\"60\"\n                    style=\"max-width:100%;\"\n                \/>\n            <\/a>\n        <\/div>\n\t\t\t\t\t\t\t<\/div> \n\t\t\t\n        \n\t\t\t\t<div id=\"ngg-image-11\" class=\"ngg-gallery-thumbnail-box\" >\n\t\t\t\t        <div class=\"ngg-gallery-thumbnail\">\n            <a href=\"http:\/\/www.spaziotorino.it\/scatto\/wp-content\/gallery\/2021_07_15_toshape\/ama_1244.jpg\"\n               title=\"Murarte closing party\"\n               data-src=\"http:\/\/www.spaziotorino.it\/scatto\/wp-content\/gallery\/2021_07_15_toshape\/ama_1244.jpg\"\n               data-thumbnail=\"http:\/\/www.spaziotorino.it\/scatto\/wp-content\/gallery\/2021_07_15_toshape\/thumbs\/thumbs_ama_1244.jpg\"\n               data-image-id=\"25187\"\n               data-title=\"Murarte closing party\"\n               data-description=\"Murarte closing party\"\n               data-image-slug=\"ama_1244-1\"\n               class=\"ngg-fancybox\" rel=\"baada2e19fcb3e13d49000ae4d9009c1\">\n                <img\n                    title=\"Murarte closing party\"\n                    alt=\"Murarte closing party\"\n                    src=\"http:\/\/www.spaziotorino.it\/scatto\/wp-content\/gallery\/2021_07_15_toshape\/cache\/ama_1244.jpg-nggid0525187-ngg0dyn-60x60x100-00f0w010c011r110f110r010t010.jpg\"\n                    width=\"60\"\n                    height=\"60\"\n                    style=\"max-width:100%;\"\n                \/>\n            <\/a>\n        <\/div>\n\t\t\t\t\t\t\t<\/div> \n\t\t\t\n        \n\t\t\t\t<div id=\"ngg-image-12\" class=\"ngg-gallery-thumbnail-box\" >\n\t\t\t\t        <div class=\"ngg-gallery-thumbnail\">\n            <a href=\"http:\/\/www.spaziotorino.it\/scatto\/wp-content\/gallery\/2021_07_15_toshape\/pla_6650.jpg\"\n               title=\"Murarte closing party\"\n               data-src=\"http:\/\/www.spaziotorino.it\/scatto\/wp-content\/gallery\/2021_07_15_toshape\/pla_6650.jpg\"\n               data-thumbnail=\"http:\/\/www.spaziotorino.it\/scatto\/wp-content\/gallery\/2021_07_15_toshape\/thumbs\/thumbs_pla_6650.jpg\"\n               data-image-id=\"25205\"\n               data-title=\"Murarte closing party\"\n               data-description=\"Murarte closing party\"\n               data-image-slug=\"pla_6650\"\n               class=\"ngg-fancybox\" rel=\"baada2e19fcb3e13d49000ae4d9009c1\">\n                <img\n                    title=\"Murarte closing party\"\n                    alt=\"Murarte closing party\"\n                    src=\"http:\/\/www.spaziotorino.it\/scatto\/wp-content\/gallery\/2021_07_15_toshape\/cache\/pla_6650.jpg-nggid0525205-ngg0dyn-60x60x100-00f0w010c011r110f110r010t010.jpg\"\n                    width=\"60\"\n                    height=\"60\"\n                    style=\"max-width:100%;\"\n                \/>\n            <\/a>\n        <\/div>\n\t\t\t\t\t\t\t<\/div> \n\t\t\t\n        \n\t\t\t\t<div id=\"ngg-image-13\" class=\"ngg-gallery-thumbnail-box\" >\n\t\t\t\t        <div class=\"ngg-gallery-thumbnail\">\n            <a href=\"http:\/\/www.spaziotorino.it\/scatto\/wp-content\/gallery\/2021_07_15_toshape\/pla_0380.jpg\"\n               title=\"Toward 2030: a Torino la coscienza ambientale si diffonde con la street art\"\n               data-src=\"http:\/\/www.spaziotorino.it\/scatto\/wp-content\/gallery\/2021_07_15_toshape\/pla_0380.jpg\"\n               data-thumbnail=\"http:\/\/www.spaziotorino.it\/scatto\/wp-content\/gallery\/2021_07_15_toshape\/thumbs\/thumbs_pla_0380.jpg\"\n               data-image-id=\"25188\"\n               data-title=\"Toward 2030: a Torino la coscienza ambientale si diffonde con la street art\"\n               data-description=\"Toward 2030: a Torino la coscienza ambientale si diffonde con la street art\"\n               data-image-slug=\"pla_0380\"\n               class=\"ngg-fancybox\" rel=\"baada2e19fcb3e13d49000ae4d9009c1\">\n                <img\n                    title=\"Toward 2030: a Torino la coscienza ambientale si diffonde con la street art\"\n                    alt=\"Toward 2030: a Torino la coscienza ambientale si diffonde con la street art\"\n                    src=\"http:\/\/www.spaziotorino.it\/scatto\/wp-content\/gallery\/2021_07_15_toshape\/cache\/pla_0380.jpg-nggid0525188-ngg0dyn-60x60x100-00f0w010c011r110f110r010t010.jpg\"\n                    width=\"60\"\n                    height=\"60\"\n                    style=\"max-width:100%;\"\n                \/>\n            <\/a>\n        <\/div>\n\t\t\t\t\t\t\t<\/div> \n\t\t\t\n        \n\t\t\t\t<div id=\"ngg-image-14\" class=\"ngg-gallery-thumbnail-box\" >\n\t\t\t\t        <div class=\"ngg-gallery-thumbnail\">\n            <a href=\"http:\/\/www.spaziotorino.it\/scatto\/wp-content\/gallery\/2021_07_15_toshape\/pla_0466.jpg\"\n               title=\"Toward 2030: a Torino la coscienza ambientale si diffonde con la street art\"\n               data-src=\"http:\/\/www.spaziotorino.it\/scatto\/wp-content\/gallery\/2021_07_15_toshape\/pla_0466.jpg\"\n               data-thumbnail=\"http:\/\/www.spaziotorino.it\/scatto\/wp-content\/gallery\/2021_07_15_toshape\/thumbs\/thumbs_pla_0466.jpg\"\n               data-image-id=\"25189\"\n               data-title=\"Toward 2030: a Torino la coscienza ambientale si diffonde con la street art\"\n               data-description=\"Toward 2030: a Torino la coscienza ambientale si diffonde con la street art\"\n               data-image-slug=\"pla_0466\"\n               class=\"ngg-fancybox\" rel=\"baada2e19fcb3e13d49000ae4d9009c1\">\n                <img\n                    title=\"Toward 2030: a Torino la coscienza ambientale si diffonde con la street art\"\n                    alt=\"Toward 2030: a Torino la coscienza ambientale si diffonde con la street art\"\n                    src=\"http:\/\/www.spaziotorino.it\/scatto\/wp-content\/gallery\/2021_07_15_toshape\/cache\/pla_0466.jpg-nggid0525189-ngg0dyn-60x60x100-00f0w010c011r110f110r010t010.jpg\"\n                    width=\"60\"\n                    height=\"60\"\n                    style=\"max-width:100%;\"\n                \/>\n            <\/a>\n        <\/div>\n\t\t\t\t\t\t\t<\/div> \n\t\t\t\n        \n\t\t\t\t<div id=\"ngg-image-15\" class=\"ngg-gallery-thumbnail-box\" >\n\t\t\t\t        <div class=\"ngg-gallery-thumbnail\">\n            <a href=\"http:\/\/www.spaziotorino.it\/scatto\/wp-content\/gallery\/2021_07_15_toshape\/pla-7322.jpg\"\n               title=\"Visual thinking \u2013 Kari Piippo Posters\"\n               data-src=\"http:\/\/www.spaziotorino.it\/scatto\/wp-content\/gallery\/2021_07_15_toshape\/pla-7322.jpg\"\n               data-thumbnail=\"http:\/\/www.spaziotorino.it\/scatto\/wp-content\/gallery\/2021_07_15_toshape\/thumbs\/thumbs_pla-7322.jpg\"\n               data-image-id=\"25210\"\n               data-title=\"Visual thinking \u2013 Kari Piippo Posters\"\n               data-description=\"Visual thinking \u2013 Kari Piippo Posters\"\n               data-image-slug=\"pla-7322-1\"\n               class=\"ngg-fancybox\" rel=\"baada2e19fcb3e13d49000ae4d9009c1\">\n                <img\n                    title=\"Visual thinking \u2013 Kari Piippo Posters\"\n                    alt=\"Visual thinking \u2013 Kari Piippo Posters\"\n                    src=\"http:\/\/www.spaziotorino.it\/scatto\/wp-content\/gallery\/2021_07_15_toshape\/cache\/pla-7322.jpg-nggid0525210-ngg0dyn-60x60x100-00f0w010c011r110f110r010t010.jpg\"\n                    width=\"60\"\n                    height=\"60\"\n                    style=\"max-width:100%;\"\n                \/>\n            <\/a>\n        <\/div>\n\t\t\t\t\t\t\t<\/div> \n\t\t\t\n        \n\t\t\t\t<div id=\"ngg-image-16\" class=\"ngg-gallery-thumbnail-box\" >\n\t\t\t\t        <div class=\"ngg-gallery-thumbnail\">\n            <a href=\"http:\/\/www.spaziotorino.it\/scatto\/wp-content\/gallery\/2021_07_15_toshape\/pla_1299.jpg\"\n               title=\"Murarte: Lockdown Consequences\"\n               data-src=\"http:\/\/www.spaziotorino.it\/scatto\/wp-content\/gallery\/2021_07_15_toshape\/pla_1299.jpg\"\n               data-thumbnail=\"http:\/\/www.spaziotorino.it\/scatto\/wp-content\/gallery\/2021_07_15_toshape\/thumbs\/thumbs_pla_1299.jpg\"\n               data-image-id=\"25190\"\n               data-title=\"Murarte: Lockdown Consequences\"\n               data-description=\"Murarte: Lockdown Consequences\"\n               data-image-slug=\"pla_1299-1\"\n               class=\"ngg-fancybox\" rel=\"baada2e19fcb3e13d49000ae4d9009c1\">\n                <img\n                    title=\"Murarte: Lockdown Consequences\"\n                    alt=\"Murarte: Lockdown Consequences\"\n                    src=\"http:\/\/www.spaziotorino.it\/scatto\/wp-content\/gallery\/2021_07_15_toshape\/cache\/pla_1299.jpg-nggid0525190-ngg0dyn-60x60x100-00f0w010c011r110f110r010t010.jpg\"\n                    width=\"60\"\n                    height=\"60\"\n                    style=\"max-width:100%;\"\n                \/>\n            <\/a>\n        <\/div>\n\t\t\t\t\t\t\t<\/div> \n\t\t\t\n        \n\t\t\t\t<div id=\"ngg-image-17\" class=\"ngg-gallery-thumbnail-box\" >\n\t\t\t\t        <div class=\"ngg-gallery-thumbnail\">\n            <a href=\"http:\/\/www.spaziotorino.it\/scatto\/wp-content\/gallery\/2021_07_15_toshape\/pla_1318.jpg\"\n               title=\"Murarte: Lockdown Consequences\"\n               data-src=\"http:\/\/www.spaziotorino.it\/scatto\/wp-content\/gallery\/2021_07_15_toshape\/pla_1318.jpg\"\n               data-thumbnail=\"http:\/\/www.spaziotorino.it\/scatto\/wp-content\/gallery\/2021_07_15_toshape\/thumbs\/thumbs_pla_1318.jpg\"\n               data-image-id=\"25191\"\n               data-title=\"Murarte: Lockdown Consequences\"\n               data-description=\"Murarte: Lockdown Consequences\"\n               data-image-slug=\"pla_1318-1\"\n               class=\"ngg-fancybox\" rel=\"baada2e19fcb3e13d49000ae4d9009c1\">\n                <img\n                    title=\"Murarte: Lockdown Consequences\"\n                    alt=\"Murarte: Lockdown Consequences\"\n                    src=\"http:\/\/www.spaziotorino.it\/scatto\/wp-content\/gallery\/2021_07_15_toshape\/cache\/pla_1318.jpg-nggid0525191-ngg0dyn-60x60x100-00f0w010c011r110f110r010t010.jpg\"\n                    width=\"60\"\n                    height=\"60\"\n                    style=\"max-width:100%;\"\n                \/>\n            <\/a>\n        <\/div>\n\t\t\t\t\t\t\t<\/div> \n\t\t\t\n        \n\t\t\t\t<div id=\"ngg-image-18\" class=\"ngg-gallery-thumbnail-box\" >\n\t\t\t\t        <div class=\"ngg-gallery-thumbnail\">\n            <a href=\"http:\/\/www.spaziotorino.it\/scatto\/wp-content\/gallery\/2021_07_15_toshape\/pla_1796.jpg\"\n               title=\"Toward 2030: mostra e live painting ai Musei Reali\"\n               data-src=\"http:\/\/www.spaziotorino.it\/scatto\/wp-content\/gallery\/2021_07_15_toshape\/pla_1796.jpg\"\n               data-thumbnail=\"http:\/\/www.spaziotorino.it\/scatto\/wp-content\/gallery\/2021_07_15_toshape\/thumbs\/thumbs_pla_1796.jpg\"\n               data-image-id=\"25193\"\n               data-title=\"Toward 2030: mostra e live painting ai Musei Reali\"\n               data-description=\"Toward 2030: mostra e live painting ai Musei Reali\"\n               data-image-slug=\"pla_1796-1\"\n               class=\"ngg-fancybox\" rel=\"baada2e19fcb3e13d49000ae4d9009c1\">\n                <img\n                    title=\"Toward 2030: mostra e live painting ai Musei Reali\"\n                    alt=\"Toward 2030: mostra e live painting ai Musei Reali\"\n                    src=\"http:\/\/www.spaziotorino.it\/scatto\/wp-content\/gallery\/2021_07_15_toshape\/cache\/pla_1796.jpg-nggid0525193-ngg0dyn-60x60x100-00f0w010c011r110f110r010t010.jpg\"\n                    width=\"60\"\n                    height=\"60\"\n                    style=\"max-width:100%;\"\n                \/>\n            <\/a>\n        <\/div>\n\t\t\t\t\t\t\t<\/div> \n\t\t\t\n        \n\t\t\t\t<div id=\"ngg-image-19\" class=\"ngg-gallery-thumbnail-box\" >\n\t\t\t\t        <div class=\"ngg-gallery-thumbnail\">\n            <a href=\"http:\/\/www.spaziotorino.it\/scatto\/wp-content\/gallery\/2021_07_15_toshape\/pla_1824.jpg\"\n               title=\"Toward 2030: mostra e live painting ai Musei Reali\"\n               data-src=\"http:\/\/www.spaziotorino.it\/scatto\/wp-content\/gallery\/2021_07_15_toshape\/pla_1824.jpg\"\n               data-thumbnail=\"http:\/\/www.spaziotorino.it\/scatto\/wp-content\/gallery\/2021_07_15_toshape\/thumbs\/thumbs_pla_1824.jpg\"\n               data-image-id=\"25195\"\n               data-title=\"Toward 2030: mostra e live painting ai Musei Reali\"\n               data-description=\"Toward 2030: mostra e live painting ai Musei Reali\"\n               data-image-slug=\"pla_1824-1\"\n               class=\"ngg-fancybox\" rel=\"baada2e19fcb3e13d49000ae4d9009c1\">\n                <img\n                    title=\"Toward 2030: mostra e live painting ai Musei Reali\"\n                    alt=\"Toward 2030: mostra e live painting ai Musei Reali\"\n                    src=\"http:\/\/www.spaziotorino.it\/scatto\/wp-content\/gallery\/2021_07_15_toshape\/cache\/pla_1824.jpg-nggid0525195-ngg0dyn-60x60x100-00f0w010c011r110f110r010t010.jpg\"\n                    width=\"60\"\n                    height=\"60\"\n                    style=\"max-width:100%;\"\n                \/>\n            <\/a>\n        <\/div>\n\t\t\t\t\t\t\t<\/div> \n\t\t\t\n        \n\t\t\t\t<div id=\"ngg-image-20\" class=\"ngg-gallery-thumbnail-box\" >\n\t\t\t\t        <div class=\"ngg-gallery-thumbnail\">\n            <a href=\"http:\/\/www.spaziotorino.it\/scatto\/wp-content\/gallery\/2021_07_15_toshape\/pla_6258.jpg\"\n               title=\"I Portici della Citt\u00e0 diventano una galleria \u2018a cielo aperto\u2019 d\u2019arte e di creativit\u00e0 urbana\"\n               data-src=\"http:\/\/www.spaziotorino.it\/scatto\/wp-content\/gallery\/2021_07_15_toshape\/pla_6258.jpg\"\n               data-thumbnail=\"http:\/\/www.spaziotorino.it\/scatto\/wp-content\/gallery\/2021_07_15_toshape\/thumbs\/thumbs_pla_6258.jpg\"\n               data-image-id=\"25203\"\n               data-title=\"I Portici della Citt\u00e0 diventano una galleria \u2018a cielo aperto\u2019 d\u2019arte e di creativit\u00e0 urbana\"\n               data-description=\"I Portici della Citt\u00e0 diventano una galleria \u2018a cielo aperto\u2019 d\u2019arte e di creativit\u00e0 urbana\"\n               data-image-slug=\"pla_6258-1\"\n               class=\"ngg-fancybox\" rel=\"baada2e19fcb3e13d49000ae4d9009c1\">\n                <img\n                    title=\"I Portici della Citt\u00e0 diventano una galleria \u2018a cielo aperto\u2019 d\u2019arte e di creativit\u00e0 urbana\"\n                    alt=\"I Portici della Citt\u00e0 diventano una galleria \u2018a cielo aperto\u2019 d\u2019arte e di creativit\u00e0 urbana\"\n                    src=\"http:\/\/www.spaziotorino.it\/scatto\/wp-content\/gallery\/2021_07_15_toshape\/cache\/pla_6258.jpg-nggid0525203-ngg0dyn-60x60x100-00f0w010c011r110f110r010t010.jpg\"\n                    width=\"60\"\n                    height=\"60\"\n                    style=\"max-width:100%;\"\n                \/>\n            <\/a>\n        <\/div>\n\t\t\t\t\t\t\t<\/div> \n\t\t\t\n        \n\t\t\t\t<div id=\"ngg-image-21\" class=\"ngg-gallery-thumbnail-box\" >\n\t\t\t\t        <div class=\"ngg-gallery-thumbnail\">\n            <a href=\"http:\/\/www.spaziotorino.it\/scatto\/wp-content\/gallery\/2021_07_15_toshape\/pla_6301.jpg\"\n               title=\"I Portici della Citt\u00e0 diventano una galleria \u2018a cielo aperto\u2019 d\u2019arte e di creativit\u00e0 urbana\"\n               data-src=\"http:\/\/www.spaziotorino.it\/scatto\/wp-content\/gallery\/2021_07_15_toshape\/pla_6301.jpg\"\n               data-thumbnail=\"http:\/\/www.spaziotorino.it\/scatto\/wp-content\/gallery\/2021_07_15_toshape\/thumbs\/thumbs_pla_6301.jpg\"\n               data-image-id=\"25204\"\n               data-title=\"I Portici della Citt\u00e0 diventano una galleria \u2018a cielo aperto\u2019 d\u2019arte e di creativit\u00e0 urbana\"\n               data-description=\"I Portici della Citt\u00e0 diventano una galleria \u2018a cielo aperto\u2019 d\u2019arte e di creativit\u00e0 urbana\"\n               data-image-slug=\"pla_6301-1\"\n               class=\"ngg-fancybox\" rel=\"baada2e19fcb3e13d49000ae4d9009c1\">\n                <img\n                    title=\"I Portici della Citt\u00e0 diventano una galleria \u2018a cielo aperto\u2019 d\u2019arte e di creativit\u00e0 urbana\"\n                    alt=\"I Portici della Citt\u00e0 diventano una galleria \u2018a cielo aperto\u2019 d\u2019arte e di creativit\u00e0 urbana\"\n                    src=\"http:\/\/www.spaziotorino.it\/scatto\/wp-content\/gallery\/2021_07_15_toshape\/cache\/pla_6301.jpg-nggid0525204-ngg0dyn-60x60x100-00f0w010c011r110f110r010t010.jpg\"\n                    width=\"60\"\n                    height=\"60\"\n                    style=\"max-width:100%;\"\n                \/>\n            <\/a>\n        <\/div>\n\t\t\t\t\t\t\t<\/div> \n\t\t\t\n        \n\t\t\t\t<div id=\"ngg-image-22\" class=\"ngg-gallery-thumbnail-box\" >\n\t\t\t\t        <div class=\"ngg-gallery-thumbnail\">\n            <a href=\"http:\/\/www.spaziotorino.it\/scatto\/wp-content\/gallery\/2021_07_15_toshape\/pla_2412.jpg\"\n               title=\"Spazio Portici \u2013 Percorsi Creativi. Edizione 2 in via Nizza\"\n               data-src=\"http:\/\/www.spaziotorino.it\/scatto\/wp-content\/gallery\/2021_07_15_toshape\/pla_2412.jpg\"\n               data-thumbnail=\"http:\/\/www.spaziotorino.it\/scatto\/wp-content\/gallery\/2021_07_15_toshape\/thumbs\/thumbs_pla_2412.jpg\"\n               data-image-id=\"25197\"\n               data-title=\"Spazio Portici \u2013 Percorsi Creativi. Edizione 2 in via Nizza\"\n               data-description=\"Spazio Portici \u2013 Percorsi Creativi. Edizione 2 in via Nizza\"\n               data-image-slug=\"pla_2412-1\"\n               class=\"ngg-fancybox\" rel=\"baada2e19fcb3e13d49000ae4d9009c1\">\n                <img\n                    title=\"Spazio Portici \u2013 Percorsi Creativi. Edizione 2 in via Nizza\"\n                    alt=\"Spazio Portici \u2013 Percorsi Creativi. Edizione 2 in via Nizza\"\n                    src=\"http:\/\/www.spaziotorino.it\/scatto\/wp-content\/gallery\/2021_07_15_toshape\/cache\/pla_2412.jpg-nggid0525197-ngg0dyn-60x60x100-00f0w010c011r110f110r010t010.jpg\"\n                    width=\"60\"\n                    height=\"60\"\n                    style=\"max-width:100%;\"\n                \/>\n            <\/a>\n        <\/div>\n\t\t\t\t\t\t\t<\/div> \n\t\t\t\n        \n\t\t\t\t<div id=\"ngg-image-23\" class=\"ngg-gallery-thumbnail-box\" >\n\t\t\t\t        <div class=\"ngg-gallery-thumbnail\">\n            <a href=\"http:\/\/www.spaziotorino.it\/scatto\/wp-content\/gallery\/2021_07_15_toshape\/pla_2425.jpg\"\n               title=\"Spazio Portici \u2013 Percorsi Creativi. Edizione 2 in via Nizza\"\n               data-src=\"http:\/\/www.spaziotorino.it\/scatto\/wp-content\/gallery\/2021_07_15_toshape\/pla_2425.jpg\"\n               data-thumbnail=\"http:\/\/www.spaziotorino.it\/scatto\/wp-content\/gallery\/2021_07_15_toshape\/thumbs\/thumbs_pla_2425.jpg\"\n               data-image-id=\"25198\"\n               data-title=\"Spazio Portici \u2013 Percorsi Creativi. Edizione 2 in via Nizza\"\n               data-description=\"Spazio Portici \u2013 Percorsi Creativi. Edizione 2 in via Nizza\"\n               data-image-slug=\"pla_2425-2\"\n               class=\"ngg-fancybox\" rel=\"baada2e19fcb3e13d49000ae4d9009c1\">\n                <img\n                    title=\"Spazio Portici \u2013 Percorsi Creativi. Edizione 2 in via Nizza\"\n                    alt=\"Spazio Portici \u2013 Percorsi Creativi. Edizione 2 in via Nizza\"\n                    src=\"http:\/\/www.spaziotorino.it\/scatto\/wp-content\/gallery\/2021_07_15_toshape\/cache\/pla_2425.jpg-nggid0525198-ngg0dyn-60x60x100-00f0w010c011r110f110r010t010.jpg\"\n                    width=\"60\"\n                    height=\"60\"\n                    style=\"max-width:100%;\"\n                \/>\n            <\/a>\n        <\/div>\n\t\t\t\t\t\t\t<\/div> \n\t\t\t\n        \n\t\t\n\t\t<!-- Pagination -->\n\t<div class='ngg-clear'><\/div>\t<\/div>\n\n<p>\u2018To Shape &#8211; Torino Urban Art District\u2019 \u00e8 la \u2018galleria a cielo aperto\u2019 della Citt\u00e0 di Torino che raccoglie l&#8217;eredit\u00e0 dei lavori di Murarte, Street Attitudes, Pareti ad Arte, Porte ad Arte, Picturin, Bart, TOward, SAM-Street Art Museum, MAU-Museo Arte Urbana, Spazio Portici-Percorsi Creativi e le azioni artistiche all&#8217;interno di Parco Dora.<\/p>\n<p>\u00c8 una visione nuova dell\u2019arte che pone la street art, il muralismo e l\u2019urban art al centro e la identifica come motore di sviluppo.<\/p>\n<p>\u2018To Shape\u2019 \u2013 progetto di Citt\u00e0 di Torino \/ Torino Creativa, Fondazione Contrada Onlus e GAI &#8211; Giovani Artisti Italiani realizzato anche grazie al sostegno di Compagnia di San Paolo &#8211; dar\u00e0 merito alle opere gi\u00e0 esistenti (sedimentate sul territorio negli ultimi 20 anni) e sar\u00e0 il punto di riferimento per gli interventi futuri. Un&#8217;azione di valorizzazione, con uno sguardo verso il domani, che riconosce la creativit\u00e0 giovanile come asse trainante di sviluppo economico al fine di sostenere il lavoro e le professioni creative. Uno spazio di innovazione imprescindibile anche all&#8217;interno del mondo dell\u2019arte.<\/p>\n<p>A sostegno di questa nuova prospettiva si inserisce anche la collaborazione con la Soprintendenza all&#8217;Archeologia Belle Arti e Paesaggio che si occuper\u00e0 di arte urbana con lo stesso impegno con cui si dedica alla conservazione dei monumenti e alla valorizzazione dell&#8217;arte moderna e contemporanea.<\/p>\n<p>Cuore di \u2018To Shape\u2019, progetto che si fonda sulla comunicazione, organizzazione e fruizione delle opere sia dal vivo, sia attraverso piattaforme digitali, \u00e8 la cabina di regia che coinvolge soggetti pubblici e privati interessati allo sviluppo e all&#8217;incremento dell\u2019arte pubblica e del tessuto sociale metropolitano. Ne fanno parte l\u2019Ufficio Torino Creativa dell\u2019Area Giovani e Pari Opportunit\u00e0, la Fondazione Contrada Torino Onlus, il GAI (Associazione per il Circuito dei Giovani Artisti Italiani), il curatore Roberto Mastroianni, la comunit\u00e0 artistica rappresentata dai collettivi e dai singoli creativi che hanno generato e che sostengono l&#8217;Urban Art, e istituzioni gi\u00e0 invitate che devono aderire formalmente come il Politecnico di Torino, l&#8217;Universit\u00e0 degli Studi di Torino e l&#8217;Accademia Albertina delle Belle Arti<\/p>\n<p>\u2018La nostra citt\u00e0 possiede una ricchezza eccezionale, la creativit\u00e0 giovanile, che deve essere sostenuta dalle istituzioni &#8211; dichiara Marco Giusta, Assessore alle Politiche e Creativit\u00e0 Giovanile -. Questa cresce e si sviluppa attraversando i luoghi di trasformazione spesso lontano dal centro citt\u00e0 e fuori dai classici canali di comunicazione e saperla coltivare, rispettandone l&#8217;identit\u00e0 e la modalit\u00e0 espressiva \u00e8 uno degli obiettivi di una citt\u00e0 che vuole scommettere sul futuro. Torino, oggi conosciuta come la citt\u00e0 dell&#8217;arte povera e contemporanea, diventer\u00e0 nei prossimi anni anche un punto di riferimento per la street art e il muralismo. La capacit\u00e0 delle e dei giovani di costruire nuovi percorsi artistici sar\u00e0 vettore di sviluppo pari a quello dell&#8217;arte contemporanea. Una visione questa condivisa con la cabina di regia di To Shape che sceglie lo spazio pubblico come luogo di espressione\u2019.<\/p>\n<p>\u2018To Shape\u2019 \u00e8 quindi un cambio di passo e prospettiva: l&#8217;arte che si sviluppa nelle periferie \u2013 intese come luoghi del contemporaneo e della trasformazione \u2013 quella delle e dei giovani creativi, la street art, il muralismo e l&#8217;arte urbana potr\u00e0 essere considerata come correnta fondamentala con valore culturale, artistico ed economico al pari &#8211; in prospettiva &#8211; di quello dell&#8217;arte contemporanea.<\/p>\n<p>LE AZIONI IN CORSO:<\/p>\n<p>La \u2018cabina di regia\u2019 cittadina, attiva da marzo 2021, ha gi\u00e0 iniziato una serie di operazioni tra cui:<\/p>\n<p>&#8211; il coordinamento, attraverso un comitato scientifico e curatoriale, di interventi futuri e di riscrittura del tessuto metropolitano in un\u2019ottica di urban design che permetta una facile fruizione delle opere e una programmazione degli interventi in relazione alle aspettative dei cittadini, dell&#8217;Amministrazione e degli attori pubblici e privati del territorio;<\/p>\n<p>&#8211; la pianificazione, all&#8217;interno delle procedure funzionali, delle informazioni da emanare verso l&#8217;esterno creando i presupposti per un archivio digitale di tutte le opere realizzate in Citt\u00e0, ancora presenti o scomparse;<\/p>\n<p>&#8211; l\u2019istituzione di una \u2018galleria a cielo aperto\u2019 permanente e temporanea, valorizzata attraverso l&#8217;individuazione di modalit\u00e0 razionali di censimento per avviare interventi di conservazione e restauro e con azioni e mostre temporanee a Parco Dora e nei portici e gallerie di Torino per alimentare l&#8217;interesse sulle modificazioni artistiche in corso.<\/p>\n<p>AZIONI PIANIFICATE:<\/p>\n<p>Il progetto, di durate biennale, ha visto slittare alcune azioni a causa della pandemia e delle restrizioni Covid-19. I lavori che hanno trovato spazio nel cronoprogramma e che sono gi\u00e0 in fase di organizzazione sono:<\/p>\n<p>&#8211; la creazione di centri studio e documentazione sul \u2018muralismo urbano\u2019, anche con funzione di Osservatorio Nazionale, che integrino il nascente archivio digitale con momenti di riflessione pubblica, produzione di cataloghi, pubblicazioni, workshop e conferenze;<\/p>\n<p>&#8211; la realizzazione di corsi e opportunit\u00e0 di accoglienza per artisti nazionali e internazionali che, attraverso un sistema di residenze mirate, producano opere sul territorio;<\/p>\n<p>&#8211; la pianificazione di tour tematici che permettano la fruizione delle opere murarie;<\/p>\n<p>&#8211; l&#8217;ideazione di una rete di opere &#8211; illuminate ad hoc per facilitarne la percezione notturna &#8211; da inserire nei percorsi tematici ed eventualmente nel circuito invernale delle Luci d\u2019Artista;<\/p>\n<p>&#8211; la scrittura di documenti e regolamenti da usare come base e strumento per esportare, in altre citt\u00e0 italiane, buone pratiche amministrative, esperienze tecnico-logistiche e conoscenze artistico-scientifiche da fornire a enti terzi.<\/p>\n<p><strong>Archivio delle gallerie di arte urbana pubblicate sul fotoblog:<\/strong><\/p>\n<ul>\n<li>14\/10\/2010:<a href=\"http:\/\/www.spaziotorino.it\/scatto\/?p=871\"> PicTurin, muralisti sotto la Mole<\/a><\/li>\n<li>23\/11\/2010:<a href=\"http:\/\/www.spaziotorino.it\/scatto\/?p=950\"> L\u2019arte murale di PicTurin<\/a><\/li>\n<li>16\/10\/2014:<a href=\"http:\/\/www.spaziotorino.it\/scatto\/?p=4323\"> B.ART \u2013 Arte in Barriera<\/a><\/li>\n<li>09\/10\/2018:<a href=\"http:\/\/www.spaziotorino.it\/scatto\/?p=13490\"> Murarte closing party<\/a><\/li>\n<li>25\/05\/2018:<a href=\"http:\/\/www.spaziotorino.it\/scatto\/?p=11145\"> Toward 2030: a Torino la coscienza ambientale si diffonde con la street art<\/a><\/li>\n<li>10\/10\/2018:<a href=\"http:\/\/www.spaziotorino.it\/scatto\/?p=13511\"> Visual thinking \u2013 Kari Piippo Posters<\/a><\/li>\n<li>29\/06\/2020: <a href=\"http:\/\/www.spaziotorino.it\/scatto\/?p=20828\">Murarte: Lockdown Consequences<\/a><\/li>\n<li>10\/07\/2020: <a href=\"http:\/\/www.spaziotorino.it\/scatto\/?p=20962\">TOward2030: mostra e live painting ai Musei Reali<\/a><\/li>\n<li>10\/10\/2020: <a href=\"http:\/\/www.spaziotorino.it\/scatto\/?p=38707\">I Portici della Citt\u00e0 diventano una galleria \u2018a cielo aperto\u2019 d\u2019arte e di creativit\u00e0 urbana<\/a><\/li>\n<li>12\/05\/2021: <a href=\"http:\/\/www.spaziotorino.it\/scatto\/?p=39589\">Spazio Portici \u2013 Percorsi Creativi. Edizione 2 in via Nizza<\/a><\/li>\n<\/ul>\n","protected":false},"excerpt":{"rendered":"<p>\u2018To Shape &#8211; Torino Urban Art District\u2019 \u00e8 la \u2018galleria a cielo aperto\u2019 della Citt\u00e0 di Torino che raccoglie l&#8217;eredit\u00e0 dei lavori di Murarte, Street Attitudes, Pareti ad Arte, Porte ad Arte, Picturin, Bart, TOward, SAM-Street Art Museum, MAU-Museo Arte Urbana, Spazio Portici-Percorsi Creativi e le azioni artistiche all&#8217;interno di Parco Dora. \u00c8 una visione [&hellip;]<\/p>\n","protected":false},"author":1,"featured_media":0,"comment_status":"closed","ping_status":"open","sticky":false,"template":"","format":"standard","meta":{"ngg_post_thumbnail":0},"categories":[54,1,41],"tags":[],"_links":{"self":[{"href":"http:\/\/www.spaziotorino.it\/scatto\/index.php?rest_route=\/wp\/v2\/posts\/40229"}],"collection":[{"href":"http:\/\/www.spaziotorino.it\/scatto\/index.php?rest_route=\/wp\/v2\/posts"}],"about":[{"href":"http:\/\/www.spaziotorino.it\/scatto\/index.php?rest_route=\/wp\/v2\/types\/post"}],"author":[{"embeddable":true,"href":"http:\/\/www.spaziotorino.it\/scatto\/index.php?rest_route=\/wp\/v2\/users\/1"}],"replies":[{"embeddable":true,"href":"http:\/\/www.spaziotorino.it\/scatto\/index.php?rest_route=%2Fwp%2Fv2%2Fcomments&post=40229"}],"version-history":[{"count":4,"href":"http:\/\/www.spaziotorino.it\/scatto\/index.php?rest_route=\/wp\/v2\/posts\/40229\/revisions"}],"predecessor-version":[{"id":40258,"href":"http:\/\/www.spaziotorino.it\/scatto\/index.php?rest_route=\/wp\/v2\/posts\/40229\/revisions\/40258"}],"wp:attachment":[{"href":"http:\/\/www.spaziotorino.it\/scatto\/index.php?rest_route=%2Fwp%2Fv2%2Fmedia&parent=40229"}],"wp:term":[{"taxonomy":"category","embeddable":true,"href":"http:\/\/www.spaziotorino.it\/scatto\/index.php?rest_route=%2Fwp%2Fv2%2Fcategories&post=40229"},{"taxonomy":"post_tag","embeddable":true,"href":"http:\/\/www.spaziotorino.it\/scatto\/index.php?rest_route=%2Fwp%2Fv2%2Ftags&post=40229"}],"curies":[{"name":"wp","href":"https:\/\/api.w.org\/{rel}","templated":true}]}}