{"id":40468,"date":"2021-08-31T16:40:21","date_gmt":"2021-08-31T15:40:21","guid":{"rendered":"http:\/\/www.spaziotorino.it\/scatto\/?p=40468"},"modified":"2021-09-01T08:40:41","modified_gmt":"2021-09-01T07:40:41","slug":"todays-festival-completamente-sold-out-la-sesta-edizione-26-29-agosto-2021","status":"publish","type":"post","link":"http:\/\/www.spaziotorino.it\/scatto\/?p=40468","title":{"rendered":"TOdays Festival: completamente sold-out la sesta edizione &#8211; 26-29 agosto 2021"},"content":{"rendered":"<p><a class=\"ngg-fancybox\" title=\"TOdays Festival: completamente sold-out la sesta edizione - 26-29 agosto 2021\" href=\"http:\/\/www.spaziotorino.it\/scatto\/wp-content\/gallery\/2021_08_27-29_todays\/pla_4669.jpg\" rel=\"lightbox[set_1673]\"><br \/>\n<img decoding=\"async\" loading=\"lazy\" class=\"ngg-singlepic\" title=\"TOdays Festival: completamente sold-out la sesta edizione - 26-29 agosto 2021\" src=\"http:\/\/www.spaziotorino.it\/scatto\/wp-content\/gallery\/2021_08_27-29_todays\/pla_4669.jpg\" alt=\"\" width=\"540\" height=\"360\"\/><\/a><\/p>\n<!-- index.php -->\n<div\n\tclass=\"ngg-galleryoverview ngg-ajax-pagination-none\"\n\tid=\"ngg-gallery-2d8c8fc5056e0d13d19d9365793a3df7-1\">\n\n    \t\t<!-- Thumbnails -->\n\t\t\t\t<div id=\"ngg-image-0\" class=\"ngg-gallery-thumbnail-box\" >\n\t\t\t\t        <div class=\"ngg-gallery-thumbnail\">\n            <a href=\"http:\/\/www.spaziotorino.it\/scatto\/wp-content\/gallery\/2021_08_27-29_todays\/pla_4541.jpg\"\n               title=\"I volontari di TOdays 2021\"\n               data-src=\"http:\/\/www.spaziotorino.it\/scatto\/wp-content\/gallery\/2021_08_27-29_todays\/pla_4541.jpg\"\n               data-thumbnail=\"http:\/\/www.spaziotorino.it\/scatto\/wp-content\/gallery\/2021_08_27-29_todays\/thumbs\/thumbs_pla_4541.jpg\"\n               data-image-id=\"25283\"\n               data-title=\"I volontari di TOdays 2021\"\n               data-description=\"I volontari di TOdays 2021\"\n               data-image-slug=\"pla_4541\"\n               class=\"ngg-fancybox\" rel=\"2d8c8fc5056e0d13d19d9365793a3df7\">\n                <img\n                    title=\"I volontari di TOdays 2021\"\n                    alt=\"I volontari di TOdays 2021\"\n                    src=\"http:\/\/www.spaziotorino.it\/scatto\/wp-content\/gallery\/2021_08_27-29_todays\/cache\/pla_4541.jpg-nggid0525283-ngg0dyn-60x60x100-00f0w010c011r110f110r010t010.jpg\"\n                    width=\"60\"\n                    height=\"60\"\n                    style=\"max-width:100%;\"\n                \/>\n            <\/a>\n        <\/div>\n\t\t\t\t\t\t\t<\/div> \n\t\t\t\n        \n\t\t\t\t<div id=\"ngg-image-1\" class=\"ngg-gallery-thumbnail-box\" >\n\t\t\t\t        <div class=\"ngg-gallery-thumbnail\">\n            <a href=\"http:\/\/www.spaziotorino.it\/scatto\/wp-content\/gallery\/2021_08_27-29_todays\/pla_4547.jpg\"\n               title=\"Si conclude completamente sold-out la sesta edizione di Todays Festival, Torino (26-29 agosto)\"\n               data-src=\"http:\/\/www.spaziotorino.it\/scatto\/wp-content\/gallery\/2021_08_27-29_todays\/pla_4547.jpg\"\n               data-thumbnail=\"http:\/\/www.spaziotorino.it\/scatto\/wp-content\/gallery\/2021_08_27-29_todays\/thumbs\/thumbs_pla_4547.jpg\"\n               data-image-id=\"25284\"\n               data-title=\"Si conclude completamente sold-out la sesta edizione di Todays Festival, Torino (26-29 agosto)\"\n               data-description=\"Si conclude completamente sold-out la sesta edizione di Todays Festival, Torino (26-29 agosto)\"\n               data-image-slug=\"pla_4547\"\n               class=\"ngg-fancybox\" rel=\"2d8c8fc5056e0d13d19d9365793a3df7\">\n                <img\n                    title=\"Si conclude completamente sold-out la sesta edizione di Todays Festival, Torino (26-29 agosto)\"\n                    alt=\"Si conclude completamente sold-out la sesta edizione di Todays Festival, Torino (26-29 agosto)\"\n                    src=\"http:\/\/www.spaziotorino.it\/scatto\/wp-content\/gallery\/2021_08_27-29_todays\/cache\/pla_4547.jpg-nggid0525284-ngg0dyn-60x60x100-00f0w010c011r110f110r010t010.jpg\"\n                    width=\"60\"\n                    height=\"60\"\n                    style=\"max-width:100%;\"\n                \/>\n            <\/a>\n        <\/div>\n\t\t\t\t\t\t\t<\/div> \n\t\t\t\n        \n\t\t\t\t<div id=\"ngg-image-2\" class=\"ngg-gallery-thumbnail-box\" >\n\t\t\t\t        <div class=\"ngg-gallery-thumbnail\">\n            <a href=\"http:\/\/www.spaziotorino.it\/scatto\/wp-content\/gallery\/2021_08_27-29_todays\/pla_4551.jpg\"\n               title=\"sPAZIO211\"\n               data-src=\"http:\/\/www.spaziotorino.it\/scatto\/wp-content\/gallery\/2021_08_27-29_todays\/pla_4551.jpg\"\n               data-thumbnail=\"http:\/\/www.spaziotorino.it\/scatto\/wp-content\/gallery\/2021_08_27-29_todays\/thumbs\/thumbs_pla_4551.jpg\"\n               data-image-id=\"25285\"\n               data-title=\"sPAZIO211\"\n               data-description=\"sPAZIO211\"\n               data-image-slug=\"pla_4551\"\n               class=\"ngg-fancybox\" rel=\"2d8c8fc5056e0d13d19d9365793a3df7\">\n                <img\n                    title=\"sPAZIO211\"\n                    alt=\"sPAZIO211\"\n                    src=\"http:\/\/www.spaziotorino.it\/scatto\/wp-content\/gallery\/2021_08_27-29_todays\/cache\/pla_4551.jpg-nggid0525285-ngg0dyn-60x60x100-00f0w010c011r110f110r010t010.jpg\"\n                    width=\"60\"\n                    height=\"60\"\n                    style=\"max-width:100%;\"\n                \/>\n            <\/a>\n        <\/div>\n\t\t\t\t\t\t\t<\/div> \n\t\t\t\n        \n\t\t\t\t<div id=\"ngg-image-3\" class=\"ngg-gallery-thumbnail-box\" >\n\t\t\t\t        <div class=\"ngg-gallery-thumbnail\">\n            <a href=\"http:\/\/www.spaziotorino.it\/scatto\/wp-content\/gallery\/2021_08_27-29_todays\/pla_4571.jpg\"\n               title=\"I Hate My Village - 27\/9\"\n               data-src=\"http:\/\/www.spaziotorino.it\/scatto\/wp-content\/gallery\/2021_08_27-29_todays\/pla_4571.jpg\"\n               data-thumbnail=\"http:\/\/www.spaziotorino.it\/scatto\/wp-content\/gallery\/2021_08_27-29_todays\/thumbs\/thumbs_pla_4571.jpg\"\n               data-image-id=\"25286\"\n               data-title=\"I Hate My Village - 27\/9\"\n               data-description=\"I Hate My Village - 27\/9\"\n               data-image-slug=\"pla_4571\"\n               class=\"ngg-fancybox\" rel=\"2d8c8fc5056e0d13d19d9365793a3df7\">\n                <img\n                    title=\"I Hate My Village - 27\/9\"\n                    alt=\"I Hate My Village - 27\/9\"\n                    src=\"http:\/\/www.spaziotorino.it\/scatto\/wp-content\/gallery\/2021_08_27-29_todays\/cache\/pla_4571.jpg-nggid0525286-ngg0dyn-60x60x100-00f0w010c011r110f110r010t010.jpg\"\n                    width=\"60\"\n                    height=\"60\"\n                    style=\"max-width:100%;\"\n                \/>\n            <\/a>\n        <\/div>\n\t\t\t\t\t\t\t<\/div> \n\t\t\t\n        \n\t\t\t\t<div id=\"ngg-image-4\" class=\"ngg-gallery-thumbnail-box\" >\n\t\t\t\t        <div class=\"ngg-gallery-thumbnail\">\n            <a href=\"http:\/\/www.spaziotorino.it\/scatto\/wp-content\/gallery\/2021_08_27-29_todays\/pla_4586.jpg\"\n               title=\"I Hate My Village - 27\/9\"\n               data-src=\"http:\/\/www.spaziotorino.it\/scatto\/wp-content\/gallery\/2021_08_27-29_todays\/pla_4586.jpg\"\n               data-thumbnail=\"http:\/\/www.spaziotorino.it\/scatto\/wp-content\/gallery\/2021_08_27-29_todays\/thumbs\/thumbs_pla_4586.jpg\"\n               data-image-id=\"25287\"\n               data-title=\"I Hate My Village - 27\/9\"\n               data-description=\"I Hate My Village - 27\/9\"\n               data-image-slug=\"pla_4586\"\n               class=\"ngg-fancybox\" rel=\"2d8c8fc5056e0d13d19d9365793a3df7\">\n                <img\n                    title=\"I Hate My Village - 27\/9\"\n                    alt=\"I Hate My Village - 27\/9\"\n                    src=\"http:\/\/www.spaziotorino.it\/scatto\/wp-content\/gallery\/2021_08_27-29_todays\/cache\/pla_4586.jpg-nggid0525287-ngg0dyn-60x60x100-00f0w010c011r110f110r010t010.jpg\"\n                    width=\"60\"\n                    height=\"60\"\n                    style=\"max-width:100%;\"\n                \/>\n            <\/a>\n        <\/div>\n\t\t\t\t\t\t\t<\/div> \n\t\t\t\n        \n\t\t\t\t<div id=\"ngg-image-5\" class=\"ngg-gallery-thumbnail-box\" >\n\t\t\t\t        <div class=\"ngg-gallery-thumbnail\">\n            <a href=\"http:\/\/www.spaziotorino.it\/scatto\/wp-content\/gallery\/2021_08_27-29_todays\/pla_4602.jpg\"\n               title=\"I Hate My Village - 27\/9\"\n               data-src=\"http:\/\/www.spaziotorino.it\/scatto\/wp-content\/gallery\/2021_08_27-29_todays\/pla_4602.jpg\"\n               data-thumbnail=\"http:\/\/www.spaziotorino.it\/scatto\/wp-content\/gallery\/2021_08_27-29_todays\/thumbs\/thumbs_pla_4602.jpg\"\n               data-image-id=\"25288\"\n               data-title=\"I Hate My Village - 27\/9\"\n               data-description=\"I Hate My Village - 27\/9\"\n               data-image-slug=\"pla_4602\"\n               class=\"ngg-fancybox\" rel=\"2d8c8fc5056e0d13d19d9365793a3df7\">\n                <img\n                    title=\"I Hate My Village - 27\/9\"\n                    alt=\"I Hate My Village - 27\/9\"\n                    src=\"http:\/\/www.spaziotorino.it\/scatto\/wp-content\/gallery\/2021_08_27-29_todays\/cache\/pla_4602.jpg-nggid0525288-ngg0dyn-60x60x100-00f0w010c011r110f110r010t010.jpg\"\n                    width=\"60\"\n                    height=\"60\"\n                    style=\"max-width:100%;\"\n                \/>\n            <\/a>\n        <\/div>\n\t\t\t\t\t\t\t<\/div> \n\t\t\t\n        \n\t\t\t\t<div id=\"ngg-image-6\" class=\"ngg-gallery-thumbnail-box\" >\n\t\t\t\t        <div class=\"ngg-gallery-thumbnail\">\n            <a href=\"http:\/\/www.spaziotorino.it\/scatto\/wp-content\/gallery\/2021_08_27-29_todays\/pla_4605.jpg\"\n               title=\"I Hate My Village - 27\/9\"\n               data-src=\"http:\/\/www.spaziotorino.it\/scatto\/wp-content\/gallery\/2021_08_27-29_todays\/pla_4605.jpg\"\n               data-thumbnail=\"http:\/\/www.spaziotorino.it\/scatto\/wp-content\/gallery\/2021_08_27-29_todays\/thumbs\/thumbs_pla_4605.jpg\"\n               data-image-id=\"25289\"\n               data-title=\"I Hate My Village - 27\/9\"\n               data-description=\"I Hate My Village - 27\/9\"\n               data-image-slug=\"pla_4605\"\n               class=\"ngg-fancybox\" rel=\"2d8c8fc5056e0d13d19d9365793a3df7\">\n                <img\n                    title=\"I Hate My Village - 27\/9\"\n                    alt=\"I Hate My Village - 27\/9\"\n                    src=\"http:\/\/www.spaziotorino.it\/scatto\/wp-content\/gallery\/2021_08_27-29_todays\/cache\/pla_4605.jpg-nggid0525289-ngg0dyn-60x60x100-00f0w010c011r110f110r010t010.jpg\"\n                    width=\"60\"\n                    height=\"60\"\n                    style=\"max-width:100%;\"\n                \/>\n            <\/a>\n        <\/div>\n\t\t\t\t\t\t\t<\/div> \n\t\t\t\n        \n\t\t\t\t<div id=\"ngg-image-7\" class=\"ngg-gallery-thumbnail-box\" >\n\t\t\t\t        <div class=\"ngg-gallery-thumbnail\">\n            <a href=\"http:\/\/www.spaziotorino.it\/scatto\/wp-content\/gallery\/2021_08_27-29_todays\/pla_4616.jpg\"\n               title=\"I Hate My Village - 27\/9\"\n               data-src=\"http:\/\/www.spaziotorino.it\/scatto\/wp-content\/gallery\/2021_08_27-29_todays\/pla_4616.jpg\"\n               data-thumbnail=\"http:\/\/www.spaziotorino.it\/scatto\/wp-content\/gallery\/2021_08_27-29_todays\/thumbs\/thumbs_pla_4616.jpg\"\n               data-image-id=\"25290\"\n               data-title=\"I Hate My Village - 27\/9\"\n               data-description=\"I Hate My Village - 27\/9\"\n               data-image-slug=\"pla_4616\"\n               class=\"ngg-fancybox\" rel=\"2d8c8fc5056e0d13d19d9365793a3df7\">\n                <img\n                    title=\"I Hate My Village - 27\/9\"\n                    alt=\"I Hate My Village - 27\/9\"\n                    src=\"http:\/\/www.spaziotorino.it\/scatto\/wp-content\/gallery\/2021_08_27-29_todays\/cache\/pla_4616.jpg-nggid0525290-ngg0dyn-60x60x100-00f0w010c011r110f110r010t010.jpg\"\n                    width=\"60\"\n                    height=\"60\"\n                    style=\"max-width:100%;\"\n                \/>\n            <\/a>\n        <\/div>\n\t\t\t\t\t\t\t<\/div> \n\t\t\t\n        \n\t\t\t\t<div id=\"ngg-image-8\" class=\"ngg-gallery-thumbnail-box\" >\n\t\t\t\t        <div class=\"ngg-gallery-thumbnail\">\n            <a href=\"http:\/\/www.spaziotorino.it\/scatto\/wp-content\/gallery\/2021_08_27-29_todays\/pla_4638.jpg\"\n               title=\"I Hate My Village - 27\/9\"\n               data-src=\"http:\/\/www.spaziotorino.it\/scatto\/wp-content\/gallery\/2021_08_27-29_todays\/pla_4638.jpg\"\n               data-thumbnail=\"http:\/\/www.spaziotorino.it\/scatto\/wp-content\/gallery\/2021_08_27-29_todays\/thumbs\/thumbs_pla_4638.jpg\"\n               data-image-id=\"25291\"\n               data-title=\"I Hate My Village - 27\/9\"\n               data-description=\"I Hate My Village - 27\/9\"\n               data-image-slug=\"pla_4638\"\n               class=\"ngg-fancybox\" rel=\"2d8c8fc5056e0d13d19d9365793a3df7\">\n                <img\n                    title=\"I Hate My Village - 27\/9\"\n                    alt=\"I Hate My Village - 27\/9\"\n                    src=\"http:\/\/www.spaziotorino.it\/scatto\/wp-content\/gallery\/2021_08_27-29_todays\/cache\/pla_4638.jpg-nggid0525291-ngg0dyn-60x60x100-00f0w010c011r110f110r010t010.jpg\"\n                    width=\"60\"\n                    height=\"60\"\n                    style=\"max-width:100%;\"\n                \/>\n            <\/a>\n        <\/div>\n\t\t\t\t\t\t\t<\/div> \n\t\t\t\n        \n\t\t\t\t<div id=\"ngg-image-9\" class=\"ngg-gallery-thumbnail-box\" >\n\t\t\t\t        <div class=\"ngg-gallery-thumbnail\">\n            <a href=\"http:\/\/www.spaziotorino.it\/scatto\/wp-content\/gallery\/2021_08_27-29_todays\/pla_4649.jpg\"\n               title=\"Il prato di sPAZIO211\"\n               data-src=\"http:\/\/www.spaziotorino.it\/scatto\/wp-content\/gallery\/2021_08_27-29_todays\/pla_4649.jpg\"\n               data-thumbnail=\"http:\/\/www.spaziotorino.it\/scatto\/wp-content\/gallery\/2021_08_27-29_todays\/thumbs\/thumbs_pla_4649.jpg\"\n               data-image-id=\"25292\"\n               data-title=\"Il prato di sPAZIO211\"\n               data-description=\"Il prato di sPAZIO211\"\n               data-image-slug=\"pla_4649\"\n               class=\"ngg-fancybox\" rel=\"2d8c8fc5056e0d13d19d9365793a3df7\">\n                <img\n                    title=\"Il prato di sPAZIO211\"\n                    alt=\"Il prato di sPAZIO211\"\n                    src=\"http:\/\/www.spaziotorino.it\/scatto\/wp-content\/gallery\/2021_08_27-29_todays\/cache\/pla_4649.jpg-nggid0525292-ngg0dyn-60x60x100-00f0w010c011r110f110r010t010.jpg\"\n                    width=\"60\"\n                    height=\"60\"\n                    style=\"max-width:100%;\"\n                \/>\n            <\/a>\n        <\/div>\n\t\t\t\t\t\t\t<\/div> \n\t\t\t\n        \n\t\t\t\t<div id=\"ngg-image-10\" class=\"ngg-gallery-thumbnail-box\" >\n\t\t\t\t        <div class=\"ngg-gallery-thumbnail\">\n            <a href=\"http:\/\/www.spaziotorino.it\/scatto\/wp-content\/gallery\/2021_08_27-29_todays\/pla_4669.jpg\"\n               title=\"I Hate My Village - 27\/9\"\n               data-src=\"http:\/\/www.spaziotorino.it\/scatto\/wp-content\/gallery\/2021_08_27-29_todays\/pla_4669.jpg\"\n               data-thumbnail=\"http:\/\/www.spaziotorino.it\/scatto\/wp-content\/gallery\/2021_08_27-29_todays\/thumbs\/thumbs_pla_4669.jpg\"\n               data-image-id=\"25293\"\n               data-title=\"I Hate My Village - 27\/9\"\n               data-description=\"I Hate My Village - 27\/9\"\n               data-image-slug=\"pla_4669-1\"\n               class=\"ngg-fancybox\" rel=\"2d8c8fc5056e0d13d19d9365793a3df7\">\n                <img\n                    title=\"I Hate My Village - 27\/9\"\n                    alt=\"I Hate My Village - 27\/9\"\n                    src=\"http:\/\/www.spaziotorino.it\/scatto\/wp-content\/gallery\/2021_08_27-29_todays\/cache\/pla_4669.jpg-nggid0525293-ngg0dyn-60x60x100-00f0w010c011r110f110r010t010.jpg\"\n                    width=\"60\"\n                    height=\"60\"\n                    style=\"max-width:100%;\"\n                \/>\n            <\/a>\n        <\/div>\n\t\t\t\t\t\t\t<\/div> \n\t\t\t\n        \n\t\t\t\t<div id=\"ngg-image-11\" class=\"ngg-gallery-thumbnail-box\" >\n\t\t\t\t        <div class=\"ngg-gallery-thumbnail\">\n            <a href=\"http:\/\/www.spaziotorino.it\/scatto\/wp-content\/gallery\/2021_08_27-29_todays\/pla_4679.jpg\"\n               title=\"I Hate My Village - 27\/9\"\n               data-src=\"http:\/\/www.spaziotorino.it\/scatto\/wp-content\/gallery\/2021_08_27-29_todays\/pla_4679.jpg\"\n               data-thumbnail=\"http:\/\/www.spaziotorino.it\/scatto\/wp-content\/gallery\/2021_08_27-29_todays\/thumbs\/thumbs_pla_4679.jpg\"\n               data-image-id=\"25294\"\n               data-title=\"I Hate My Village - 27\/9\"\n               data-description=\"I Hate My Village - 27\/9\"\n               data-image-slug=\"pla_4679\"\n               class=\"ngg-fancybox\" rel=\"2d8c8fc5056e0d13d19d9365793a3df7\">\n                <img\n                    title=\"I Hate My Village - 27\/9\"\n                    alt=\"I Hate My Village - 27\/9\"\n                    src=\"http:\/\/www.spaziotorino.it\/scatto\/wp-content\/gallery\/2021_08_27-29_todays\/cache\/pla_4679.jpg-nggid0525294-ngg0dyn-60x60x100-00f0w010c011r110f110r010t010.jpg\"\n                    width=\"60\"\n                    height=\"60\"\n                    style=\"max-width:100%;\"\n                \/>\n            <\/a>\n        <\/div>\n\t\t\t\t\t\t\t<\/div> \n\t\t\t\n        \n\t\t\t\t<div id=\"ngg-image-12\" class=\"ngg-gallery-thumbnail-box\" >\n\t\t\t\t        <div class=\"ngg-gallery-thumbnail\">\n            <a href=\"http:\/\/www.spaziotorino.it\/scatto\/wp-content\/gallery\/2021_08_27-29_todays\/pla_4688.jpg\"\n               title=\"I Hate My Village - 27\/9\"\n               data-src=\"http:\/\/www.spaziotorino.it\/scatto\/wp-content\/gallery\/2021_08_27-29_todays\/pla_4688.jpg\"\n               data-thumbnail=\"http:\/\/www.spaziotorino.it\/scatto\/wp-content\/gallery\/2021_08_27-29_todays\/thumbs\/thumbs_pla_4688.jpg\"\n               data-image-id=\"25295\"\n               data-title=\"I Hate My Village - 27\/9\"\n               data-description=\"I Hate My Village - 27\/9\"\n               data-image-slug=\"pla_4688-1\"\n               class=\"ngg-fancybox\" rel=\"2d8c8fc5056e0d13d19d9365793a3df7\">\n                <img\n                    title=\"I Hate My Village - 27\/9\"\n                    alt=\"I Hate My Village - 27\/9\"\n                    src=\"http:\/\/www.spaziotorino.it\/scatto\/wp-content\/gallery\/2021_08_27-29_todays\/cache\/pla_4688.jpg-nggid0525295-ngg0dyn-60x60x100-00f0w010c011r110f110r010t010.jpg\"\n                    width=\"60\"\n                    height=\"60\"\n                    style=\"max-width:100%;\"\n                \/>\n            <\/a>\n        <\/div>\n\t\t\t\t\t\t\t<\/div> \n\t\t\t\n        \n\t\t\t\t<div id=\"ngg-image-13\" class=\"ngg-gallery-thumbnail-box\" >\n\t\t\t\t        <div class=\"ngg-gallery-thumbnail\">\n            <a href=\"http:\/\/www.spaziotorino.it\/scatto\/wp-content\/gallery\/2021_08_27-29_todays\/pla_4713.jpg\"\n               title=\"Black Midi - 27\/9\"\n               data-src=\"http:\/\/www.spaziotorino.it\/scatto\/wp-content\/gallery\/2021_08_27-29_todays\/pla_4713.jpg\"\n               data-thumbnail=\"http:\/\/www.spaziotorino.it\/scatto\/wp-content\/gallery\/2021_08_27-29_todays\/thumbs\/thumbs_pla_4713.jpg\"\n               data-image-id=\"25296\"\n               data-title=\"Black Midi - 27\/9\"\n               data-description=\"Black Midi - 27\/9\"\n               data-image-slug=\"pla_4713\"\n               class=\"ngg-fancybox\" rel=\"2d8c8fc5056e0d13d19d9365793a3df7\">\n                <img\n                    title=\"Black Midi - 27\/9\"\n                    alt=\"Black Midi - 27\/9\"\n                    src=\"http:\/\/www.spaziotorino.it\/scatto\/wp-content\/gallery\/2021_08_27-29_todays\/cache\/pla_4713.jpg-nggid0525296-ngg0dyn-60x60x100-00f0w010c011r110f110r010t010.jpg\"\n                    width=\"60\"\n                    height=\"60\"\n                    style=\"max-width:100%;\"\n                \/>\n            <\/a>\n        <\/div>\n\t\t\t\t\t\t\t<\/div> \n\t\t\t\n        \n\t\t\t\t<div id=\"ngg-image-14\" class=\"ngg-gallery-thumbnail-box\" >\n\t\t\t\t        <div class=\"ngg-gallery-thumbnail\">\n            <a href=\"http:\/\/www.spaziotorino.it\/scatto\/wp-content\/gallery\/2021_08_27-29_todays\/pla_4741.jpg\"\n               title=\"Black Midi - 27\/9\"\n               data-src=\"http:\/\/www.spaziotorino.it\/scatto\/wp-content\/gallery\/2021_08_27-29_todays\/pla_4741.jpg\"\n               data-thumbnail=\"http:\/\/www.spaziotorino.it\/scatto\/wp-content\/gallery\/2021_08_27-29_todays\/thumbs\/thumbs_pla_4741.jpg\"\n               data-image-id=\"25297\"\n               data-title=\"Black Midi - 27\/9\"\n               data-description=\"Black Midi - 27\/9\"\n               data-image-slug=\"pla_4741\"\n               class=\"ngg-fancybox\" rel=\"2d8c8fc5056e0d13d19d9365793a3df7\">\n                <img\n                    title=\"Black Midi - 27\/9\"\n                    alt=\"Black Midi - 27\/9\"\n                    src=\"http:\/\/www.spaziotorino.it\/scatto\/wp-content\/gallery\/2021_08_27-29_todays\/cache\/pla_4741.jpg-nggid0525297-ngg0dyn-60x60x100-00f0w010c011r110f110r010t010.jpg\"\n                    width=\"60\"\n                    height=\"60\"\n                    style=\"max-width:100%;\"\n                \/>\n            <\/a>\n        <\/div>\n\t\t\t\t\t\t\t<\/div> \n\t\t\t\n        \n\t\t\t\t<div id=\"ngg-image-15\" class=\"ngg-gallery-thumbnail-box\" >\n\t\t\t\t        <div class=\"ngg-gallery-thumbnail\">\n            <a href=\"http:\/\/www.spaziotorino.it\/scatto\/wp-content\/gallery\/2021_08_27-29_todays\/pla_4752.jpg\"\n               title=\"Black Midi - 27\/9\"\n               data-src=\"http:\/\/www.spaziotorino.it\/scatto\/wp-content\/gallery\/2021_08_27-29_todays\/pla_4752.jpg\"\n               data-thumbnail=\"http:\/\/www.spaziotorino.it\/scatto\/wp-content\/gallery\/2021_08_27-29_todays\/thumbs\/thumbs_pla_4752.jpg\"\n               data-image-id=\"25298\"\n               data-title=\"Black Midi - 27\/9\"\n               data-description=\"Black Midi - 27\/9\"\n               data-image-slug=\"pla_4752\"\n               class=\"ngg-fancybox\" rel=\"2d8c8fc5056e0d13d19d9365793a3df7\">\n                <img\n                    title=\"Black Midi - 27\/9\"\n                    alt=\"Black Midi - 27\/9\"\n                    src=\"http:\/\/www.spaziotorino.it\/scatto\/wp-content\/gallery\/2021_08_27-29_todays\/cache\/pla_4752.jpg-nggid0525298-ngg0dyn-60x60x100-00f0w010c011r110f110r010t010.jpg\"\n                    width=\"60\"\n                    height=\"60\"\n                    style=\"max-width:100%;\"\n                \/>\n            <\/a>\n        <\/div>\n\t\t\t\t\t\t\t<\/div> \n\t\t\t\n        \n\t\t\t\t<div id=\"ngg-image-16\" class=\"ngg-gallery-thumbnail-box\" >\n\t\t\t\t        <div class=\"ngg-gallery-thumbnail\">\n            <a href=\"http:\/\/www.spaziotorino.it\/scatto\/wp-content\/gallery\/2021_08_27-29_todays\/pla_4775.jpg\"\n               title=\"Black Midi - 27\/9\"\n               data-src=\"http:\/\/www.spaziotorino.it\/scatto\/wp-content\/gallery\/2021_08_27-29_todays\/pla_4775.jpg\"\n               data-thumbnail=\"http:\/\/www.spaziotorino.it\/scatto\/wp-content\/gallery\/2021_08_27-29_todays\/thumbs\/thumbs_pla_4775.jpg\"\n               data-image-id=\"25299\"\n               data-title=\"Black Midi - 27\/9\"\n               data-description=\"Black Midi - 27\/9\"\n               data-image-slug=\"pla_4775-1\"\n               class=\"ngg-fancybox\" rel=\"2d8c8fc5056e0d13d19d9365793a3df7\">\n                <img\n                    title=\"Black Midi - 27\/9\"\n                    alt=\"Black Midi - 27\/9\"\n                    src=\"http:\/\/www.spaziotorino.it\/scatto\/wp-content\/gallery\/2021_08_27-29_todays\/cache\/pla_4775.jpg-nggid0525299-ngg0dyn-60x60x100-00f0w010c011r110f110r010t010.jpg\"\n                    width=\"60\"\n                    height=\"60\"\n                    style=\"max-width:100%;\"\n                \/>\n            <\/a>\n        <\/div>\n\t\t\t\t\t\t\t<\/div> \n\t\t\t\n        \n\t\t\t\t<div id=\"ngg-image-17\" class=\"ngg-gallery-thumbnail-box\" >\n\t\t\t\t        <div class=\"ngg-gallery-thumbnail\">\n            <a href=\"http:\/\/www.spaziotorino.it\/scatto\/wp-content\/gallery\/2021_08_27-29_todays\/pla_4798.jpg\"\n               title=\"Black Midi - 27\/9\"\n               data-src=\"http:\/\/www.spaziotorino.it\/scatto\/wp-content\/gallery\/2021_08_27-29_todays\/pla_4798.jpg\"\n               data-thumbnail=\"http:\/\/www.spaziotorino.it\/scatto\/wp-content\/gallery\/2021_08_27-29_todays\/thumbs\/thumbs_pla_4798.jpg\"\n               data-image-id=\"25300\"\n               data-title=\"Black Midi - 27\/9\"\n               data-description=\"Black Midi - 27\/9\"\n               data-image-slug=\"pla_4798\"\n               class=\"ngg-fancybox\" rel=\"2d8c8fc5056e0d13d19d9365793a3df7\">\n                <img\n                    title=\"Black Midi - 27\/9\"\n                    alt=\"Black Midi - 27\/9\"\n                    src=\"http:\/\/www.spaziotorino.it\/scatto\/wp-content\/gallery\/2021_08_27-29_todays\/cache\/pla_4798.jpg-nggid0525300-ngg0dyn-60x60x100-00f0w010c011r110f110r010t010.jpg\"\n                    width=\"60\"\n                    height=\"60\"\n                    style=\"max-width:100%;\"\n                \/>\n            <\/a>\n        <\/div>\n\t\t\t\t\t\t\t<\/div> \n\t\t\t\n        \n\t\t\t\t<div id=\"ngg-image-18\" class=\"ngg-gallery-thumbnail-box\" >\n\t\t\t\t        <div class=\"ngg-gallery-thumbnail\">\n            <a href=\"http:\/\/www.spaziotorino.it\/scatto\/wp-content\/gallery\/2021_08_27-29_todays\/pla_4802.jpg\"\n               title=\"Black Midi - 27\/9\"\n               data-src=\"http:\/\/www.spaziotorino.it\/scatto\/wp-content\/gallery\/2021_08_27-29_todays\/pla_4802.jpg\"\n               data-thumbnail=\"http:\/\/www.spaziotorino.it\/scatto\/wp-content\/gallery\/2021_08_27-29_todays\/thumbs\/thumbs_pla_4802.jpg\"\n               data-image-id=\"25301\"\n               data-title=\"Black Midi - 27\/9\"\n               data-description=\"Black Midi - 27\/9\"\n               data-image-slug=\"pla_4802\"\n               class=\"ngg-fancybox\" rel=\"2d8c8fc5056e0d13d19d9365793a3df7\">\n                <img\n                    title=\"Black Midi - 27\/9\"\n                    alt=\"Black Midi - 27\/9\"\n                    src=\"http:\/\/www.spaziotorino.it\/scatto\/wp-content\/gallery\/2021_08_27-29_todays\/cache\/pla_4802.jpg-nggid0525301-ngg0dyn-60x60x100-00f0w010c011r110f110r010t010.jpg\"\n                    width=\"60\"\n                    height=\"60\"\n                    style=\"max-width:100%;\"\n                \/>\n            <\/a>\n        <\/div>\n\t\t\t\t\t\t\t<\/div> \n\t\t\t\n        \n\t\t\t\t<div id=\"ngg-image-19\" class=\"ngg-gallery-thumbnail-box\" >\n\t\t\t\t        <div class=\"ngg-gallery-thumbnail\">\n            <a href=\"http:\/\/www.spaziotorino.it\/scatto\/wp-content\/gallery\/2021_08_27-29_todays\/pla_4832.jpg\"\n               title=\"Teho Teardo ,  La Jet\u00e8e - 27\/9\"\n               data-src=\"http:\/\/www.spaziotorino.it\/scatto\/wp-content\/gallery\/2021_08_27-29_todays\/pla_4832.jpg\"\n               data-thumbnail=\"http:\/\/www.spaziotorino.it\/scatto\/wp-content\/gallery\/2021_08_27-29_todays\/thumbs\/thumbs_pla_4832.jpg\"\n               data-image-id=\"25303\"\n               data-title=\"Teho Teardo ,  La Jet\u00e8e - 27\/9\"\n               data-description=\"Teho Teardo ,  La Jet\u00e8e - 27\/9\"\n               data-image-slug=\"pla_4832\"\n               class=\"ngg-fancybox\" rel=\"2d8c8fc5056e0d13d19d9365793a3df7\">\n                <img\n                    title=\"Teho Teardo ,  La Jet\u00e8e - 27\/9\"\n                    alt=\"Teho Teardo ,  La Jet\u00e8e - 27\/9\"\n                    src=\"http:\/\/www.spaziotorino.it\/scatto\/wp-content\/gallery\/2021_08_27-29_todays\/cache\/pla_4832.jpg-nggid0525303-ngg0dyn-60x60x100-00f0w010c011r110f110r010t010.jpg\"\n                    width=\"60\"\n                    height=\"60\"\n                    style=\"max-width:100%;\"\n                \/>\n            <\/a>\n        <\/div>\n\t\t\t\t\t\t\t<\/div> \n\t\t\t\n        \n\t\t\t\t<div id=\"ngg-image-20\" class=\"ngg-gallery-thumbnail-box\" >\n\t\t\t\t        <div class=\"ngg-gallery-thumbnail\">\n            <a href=\"http:\/\/www.spaziotorino.it\/scatto\/wp-content\/gallery\/2021_08_27-29_todays\/pla_4835.jpg\"\n               title=\"Teho Teardo ,  La Jet\u00e8e - 27\/9\"\n               data-src=\"http:\/\/www.spaziotorino.it\/scatto\/wp-content\/gallery\/2021_08_27-29_todays\/pla_4835.jpg\"\n               data-thumbnail=\"http:\/\/www.spaziotorino.it\/scatto\/wp-content\/gallery\/2021_08_27-29_todays\/thumbs\/thumbs_pla_4835.jpg\"\n               data-image-id=\"25302\"\n               data-title=\"Teho Teardo ,  La Jet\u00e8e - 27\/9\"\n               data-description=\"Teho Teardo ,  La Jet\u00e8e - 27\/9\"\n               data-image-slug=\"pla_4835\"\n               class=\"ngg-fancybox\" rel=\"2d8c8fc5056e0d13d19d9365793a3df7\">\n                <img\n                    title=\"Teho Teardo ,  La Jet\u00e8e - 27\/9\"\n                    alt=\"Teho Teardo ,  La Jet\u00e8e - 27\/9\"\n                    src=\"http:\/\/www.spaziotorino.it\/scatto\/wp-content\/gallery\/2021_08_27-29_todays\/cache\/pla_4835.jpg-nggid0525302-ngg0dyn-60x60x100-00f0w010c011r110f110r010t010.jpg\"\n                    width=\"60\"\n                    height=\"60\"\n                    style=\"max-width:100%;\"\n                \/>\n            <\/a>\n        <\/div>\n\t\t\t\t\t\t\t<\/div> \n\t\t\t\n        \n\t\t\t\t<div id=\"ngg-image-21\" class=\"ngg-gallery-thumbnail-box\" >\n\t\t\t\t        <div class=\"ngg-gallery-thumbnail\">\n            <a href=\"http:\/\/www.spaziotorino.it\/scatto\/wp-content\/gallery\/2021_08_27-29_todays\/pla_4841.jpg\"\n               title=\"Teho Teardo ,  La Jet\u00e8e - 27\/9\"\n               data-src=\"http:\/\/www.spaziotorino.it\/scatto\/wp-content\/gallery\/2021_08_27-29_todays\/pla_4841.jpg\"\n               data-thumbnail=\"http:\/\/www.spaziotorino.it\/scatto\/wp-content\/gallery\/2021_08_27-29_todays\/thumbs\/thumbs_pla_4841.jpg\"\n               data-image-id=\"25305\"\n               data-title=\"Teho Teardo ,  La Jet\u00e8e - 27\/9\"\n               data-description=\"Teho Teardo ,  La Jet\u00e8e - 27\/9\"\n               data-image-slug=\"pla_4841-1\"\n               class=\"ngg-fancybox\" rel=\"2d8c8fc5056e0d13d19d9365793a3df7\">\n                <img\n                    title=\"Teho Teardo ,  La Jet\u00e8e - 27\/9\"\n                    alt=\"Teho Teardo ,  La Jet\u00e8e - 27\/9\"\n                    src=\"http:\/\/www.spaziotorino.it\/scatto\/wp-content\/gallery\/2021_08_27-29_todays\/cache\/pla_4841.jpg-nggid0525305-ngg0dyn-60x60x100-00f0w010c011r110f110r010t010.jpg\"\n                    width=\"60\"\n                    height=\"60\"\n                    style=\"max-width:100%;\"\n                \/>\n            <\/a>\n        <\/div>\n\t\t\t\t\t\t\t<\/div> \n\t\t\t\n        \n\t\t\t\t<div id=\"ngg-image-22\" class=\"ngg-gallery-thumbnail-box\" >\n\t\t\t\t        <div class=\"ngg-gallery-thumbnail\">\n            <a href=\"http:\/\/www.spaziotorino.it\/scatto\/wp-content\/gallery\/2021_08_27-29_todays\/pla_4856.jpg\"\n               title=\"Teho Teardo ,  La Jet\u00e8e - 27\/9\"\n               data-src=\"http:\/\/www.spaziotorino.it\/scatto\/wp-content\/gallery\/2021_08_27-29_todays\/pla_4856.jpg\"\n               data-thumbnail=\"http:\/\/www.spaziotorino.it\/scatto\/wp-content\/gallery\/2021_08_27-29_todays\/thumbs\/thumbs_pla_4856.jpg\"\n               data-image-id=\"25304\"\n               data-title=\"Teho Teardo ,  La Jet\u00e8e - 27\/9\"\n               data-description=\"Teho Teardo ,  La Jet\u00e8e - 27\/9\"\n               data-image-slug=\"pla_4856-1\"\n               class=\"ngg-fancybox\" rel=\"2d8c8fc5056e0d13d19d9365793a3df7\">\n                <img\n                    title=\"Teho Teardo ,  La Jet\u00e8e - 27\/9\"\n                    alt=\"Teho Teardo ,  La Jet\u00e8e - 27\/9\"\n                    src=\"http:\/\/www.spaziotorino.it\/scatto\/wp-content\/gallery\/2021_08_27-29_todays\/cache\/pla_4856.jpg-nggid0525304-ngg0dyn-60x60x100-00f0w010c011r110f110r010t010.jpg\"\n                    width=\"60\"\n                    height=\"60\"\n                    style=\"max-width:100%;\"\n                \/>\n            <\/a>\n        <\/div>\n\t\t\t\t\t\t\t<\/div> \n\t\t\t\n        \n\t\t\t\t<div id=\"ngg-image-23\" class=\"ngg-gallery-thumbnail-box\" >\n\t\t\t\t        <div class=\"ngg-gallery-thumbnail\">\n            <a href=\"http:\/\/www.spaziotorino.it\/scatto\/wp-content\/gallery\/2021_08_27-29_todays\/pla_4897.jpg\"\n               title=\"Tutti Fenomeni ,  Parco Peccei - 28\/9\"\n               data-src=\"http:\/\/www.spaziotorino.it\/scatto\/wp-content\/gallery\/2021_08_27-29_todays\/pla_4897.jpg\"\n               data-thumbnail=\"http:\/\/www.spaziotorino.it\/scatto\/wp-content\/gallery\/2021_08_27-29_todays\/thumbs\/thumbs_pla_4897.jpg\"\n               data-image-id=\"25306\"\n               data-title=\"Tutti Fenomeni ,  Parco Peccei - 28\/9\"\n               data-description=\"Tutti Fenomeni ,  Parco Peccei - 28\/9\"\n               data-image-slug=\"pla_4897\"\n               class=\"ngg-fancybox\" rel=\"2d8c8fc5056e0d13d19d9365793a3df7\">\n                <img\n                    title=\"Tutti Fenomeni ,  Parco Peccei - 28\/9\"\n                    alt=\"Tutti Fenomeni ,  Parco Peccei - 28\/9\"\n                    src=\"http:\/\/www.spaziotorino.it\/scatto\/wp-content\/gallery\/2021_08_27-29_todays\/cache\/pla_4897.jpg-nggid0525306-ngg0dyn-60x60x100-00f0w010c011r110f110r010t010.jpg\"\n                    width=\"60\"\n                    height=\"60\"\n                    style=\"max-width:100%;\"\n                \/>\n            <\/a>\n        <\/div>\n\t\t\t\t\t\t\t<\/div> \n\t\t\t\n        \n\t\t\t\t<div id=\"ngg-image-24\" class=\"ngg-gallery-thumbnail-box\" >\n\t\t\t\t        <div class=\"ngg-gallery-thumbnail\">\n            <a href=\"http:\/\/www.spaziotorino.it\/scatto\/wp-content\/gallery\/2021_08_27-29_todays\/pla_4903.jpg\"\n               title=\"Tutti Fenomeni ,  Parco Peccei - 28\/9\"\n               data-src=\"http:\/\/www.spaziotorino.it\/scatto\/wp-content\/gallery\/2021_08_27-29_todays\/pla_4903.jpg\"\n               data-thumbnail=\"http:\/\/www.spaziotorino.it\/scatto\/wp-content\/gallery\/2021_08_27-29_todays\/thumbs\/thumbs_pla_4903.jpg\"\n               data-image-id=\"25307\"\n               data-title=\"Tutti Fenomeni ,  Parco Peccei - 28\/9\"\n               data-description=\"Tutti Fenomeni ,  Parco Peccei - 28\/9\"\n               data-image-slug=\"pla_4903-2\"\n               class=\"ngg-fancybox\" rel=\"2d8c8fc5056e0d13d19d9365793a3df7\">\n                <img\n                    title=\"Tutti Fenomeni ,  Parco Peccei - 28\/9\"\n                    alt=\"Tutti Fenomeni ,  Parco Peccei - 28\/9\"\n                    src=\"http:\/\/www.spaziotorino.it\/scatto\/wp-content\/gallery\/2021_08_27-29_todays\/cache\/pla_4903.jpg-nggid0525307-ngg0dyn-60x60x100-00f0w010c011r110f110r010t010.jpg\"\n                    width=\"60\"\n                    height=\"60\"\n                    style=\"max-width:100%;\"\n                \/>\n            <\/a>\n        <\/div>\n\t\t\t\t\t\t\t<\/div> \n\t\t\t\n        \n\t\t\t\t<div id=\"ngg-image-25\" class=\"ngg-gallery-thumbnail-box\" >\n\t\t\t\t        <div class=\"ngg-gallery-thumbnail\">\n            <a href=\"http:\/\/www.spaziotorino.it\/scatto\/wp-content\/gallery\/2021_08_27-29_todays\/pla_4908.jpg\"\n               title=\"Tutti Fenomeni ,  Parco Peccei - 28\/9\"\n               data-src=\"http:\/\/www.spaziotorino.it\/scatto\/wp-content\/gallery\/2021_08_27-29_todays\/pla_4908.jpg\"\n               data-thumbnail=\"http:\/\/www.spaziotorino.it\/scatto\/wp-content\/gallery\/2021_08_27-29_todays\/thumbs\/thumbs_pla_4908.jpg\"\n               data-image-id=\"25308\"\n               data-title=\"Tutti Fenomeni ,  Parco Peccei - 28\/9\"\n               data-description=\"Tutti Fenomeni ,  Parco Peccei - 28\/9\"\n               data-image-slug=\"pla_4908\"\n               class=\"ngg-fancybox\" rel=\"2d8c8fc5056e0d13d19d9365793a3df7\">\n                <img\n                    title=\"Tutti Fenomeni ,  Parco Peccei - 28\/9\"\n                    alt=\"Tutti Fenomeni ,  Parco Peccei - 28\/9\"\n                    src=\"http:\/\/www.spaziotorino.it\/scatto\/wp-content\/gallery\/2021_08_27-29_todays\/cache\/pla_4908.jpg-nggid0525308-ngg0dyn-60x60x100-00f0w010c011r110f110r010t010.jpg\"\n                    width=\"60\"\n                    height=\"60\"\n                    style=\"max-width:100%;\"\n                \/>\n            <\/a>\n        <\/div>\n\t\t\t\t\t\t\t<\/div> \n\t\t\t\n        \n\t\t\t\t<div id=\"ngg-image-26\" class=\"ngg-gallery-thumbnail-box\" >\n\t\t\t\t        <div class=\"ngg-gallery-thumbnail\">\n            <a href=\"http:\/\/www.spaziotorino.it\/scatto\/wp-content\/gallery\/2021_08_27-29_todays\/pla_4913.jpg\"\n               title=\"Tutti Fenomeni ,  Parco Peccei - 28\/9\"\n               data-src=\"http:\/\/www.spaziotorino.it\/scatto\/wp-content\/gallery\/2021_08_27-29_todays\/pla_4913.jpg\"\n               data-thumbnail=\"http:\/\/www.spaziotorino.it\/scatto\/wp-content\/gallery\/2021_08_27-29_todays\/thumbs\/thumbs_pla_4913.jpg\"\n               data-image-id=\"25309\"\n               data-title=\"Tutti Fenomeni ,  Parco Peccei - 28\/9\"\n               data-description=\"Tutti Fenomeni ,  Parco Peccei - 28\/9\"\n               data-image-slug=\"pla_4913\"\n               class=\"ngg-fancybox\" rel=\"2d8c8fc5056e0d13d19d9365793a3df7\">\n                <img\n                    title=\"Tutti Fenomeni ,  Parco Peccei - 28\/9\"\n                    alt=\"Tutti Fenomeni ,  Parco Peccei - 28\/9\"\n                    src=\"http:\/\/www.spaziotorino.it\/scatto\/wp-content\/gallery\/2021_08_27-29_todays\/cache\/pla_4913.jpg-nggid0525309-ngg0dyn-60x60x100-00f0w010c011r110f110r010t010.jpg\"\n                    width=\"60\"\n                    height=\"60\"\n                    style=\"max-width:100%;\"\n                \/>\n            <\/a>\n        <\/div>\n\t\t\t\t\t\t\t<\/div> \n\t\t\t\n        \n\t\t\t\t<div id=\"ngg-image-27\" class=\"ngg-gallery-thumbnail-box\" >\n\t\t\t\t        <div class=\"ngg-gallery-thumbnail\">\n            <a href=\"http:\/\/www.spaziotorino.it\/scatto\/wp-content\/gallery\/2021_08_27-29_todays\/pla_4960.jpg\"\n               title=\"Tutti Fenomeni ,  Parco Peccei - 28\/9\"\n               data-src=\"http:\/\/www.spaziotorino.it\/scatto\/wp-content\/gallery\/2021_08_27-29_todays\/pla_4960.jpg\"\n               data-thumbnail=\"http:\/\/www.spaziotorino.it\/scatto\/wp-content\/gallery\/2021_08_27-29_todays\/thumbs\/thumbs_pla_4960.jpg\"\n               data-image-id=\"25310\"\n               data-title=\"Tutti Fenomeni ,  Parco Peccei - 28\/9\"\n               data-description=\"Tutti Fenomeni ,  Parco Peccei - 28\/9\"\n               data-image-slug=\"pla_4960\"\n               class=\"ngg-fancybox\" rel=\"2d8c8fc5056e0d13d19d9365793a3df7\">\n                <img\n                    title=\"Tutti Fenomeni ,  Parco Peccei - 28\/9\"\n                    alt=\"Tutti Fenomeni ,  Parco Peccei - 28\/9\"\n                    src=\"http:\/\/www.spaziotorino.it\/scatto\/wp-content\/gallery\/2021_08_27-29_todays\/cache\/pla_4960.jpg-nggid0525310-ngg0dyn-60x60x100-00f0w010c011r110f110r010t010.jpg\"\n                    width=\"60\"\n                    height=\"60\"\n                    style=\"max-width:100%;\"\n                \/>\n            <\/a>\n        <\/div>\n\t\t\t\t\t\t\t<\/div> \n\t\t\t\n        \n\t\t\t\t<div id=\"ngg-image-28\" class=\"ngg-gallery-thumbnail-box\" >\n\t\t\t\t        <div class=\"ngg-gallery-thumbnail\">\n            <a href=\"http:\/\/www.spaziotorino.it\/scatto\/wp-content\/gallery\/2021_08_27-29_todays\/pla_4966.jpg\"\n               title=\"Tutti Fenomeni ,  Parco Peccei - 28\/9\"\n               data-src=\"http:\/\/www.spaziotorino.it\/scatto\/wp-content\/gallery\/2021_08_27-29_todays\/pla_4966.jpg\"\n               data-thumbnail=\"http:\/\/www.spaziotorino.it\/scatto\/wp-content\/gallery\/2021_08_27-29_todays\/thumbs\/thumbs_pla_4966.jpg\"\n               data-image-id=\"25312\"\n               data-title=\"Tutti Fenomeni ,  Parco Peccei - 28\/9\"\n               data-description=\"Tutti Fenomeni ,  Parco Peccei - 28\/9\"\n               data-image-slug=\"pla_4966\"\n               class=\"ngg-fancybox\" rel=\"2d8c8fc5056e0d13d19d9365793a3df7\">\n                <img\n                    title=\"Tutti Fenomeni ,  Parco Peccei - 28\/9\"\n                    alt=\"Tutti Fenomeni ,  Parco Peccei - 28\/9\"\n                    src=\"http:\/\/www.spaziotorino.it\/scatto\/wp-content\/gallery\/2021_08_27-29_todays\/cache\/pla_4966.jpg-nggid0525312-ngg0dyn-60x60x100-00f0w010c011r110f110r010t010.jpg\"\n                    width=\"60\"\n                    height=\"60\"\n                    style=\"max-width:100%;\"\n                \/>\n            <\/a>\n        <\/div>\n\t\t\t\t\t\t\t<\/div> \n\t\t\t\n        \n\t\t\t\t<div id=\"ngg-image-29\" class=\"ngg-gallery-thumbnail-box\" >\n\t\t\t\t        <div class=\"ngg-gallery-thumbnail\">\n            <a href=\"http:\/\/www.spaziotorino.it\/scatto\/wp-content\/gallery\/2021_08_27-29_todays\/pla_4987.jpg\"\n               title=\"Shout Out Louds - 28\/9\"\n               data-src=\"http:\/\/www.spaziotorino.it\/scatto\/wp-content\/gallery\/2021_08_27-29_todays\/pla_4987.jpg\"\n               data-thumbnail=\"http:\/\/www.spaziotorino.it\/scatto\/wp-content\/gallery\/2021_08_27-29_todays\/thumbs\/thumbs_pla_4987.jpg\"\n               data-image-id=\"25311\"\n               data-title=\"Shout Out Louds - 28\/9\"\n               data-description=\"Shout Out Louds - 28\/9\"\n               data-image-slug=\"pla_4987\"\n               class=\"ngg-fancybox\" rel=\"2d8c8fc5056e0d13d19d9365793a3df7\">\n                <img\n                    title=\"Shout Out Louds - 28\/9\"\n                    alt=\"Shout Out Louds - 28\/9\"\n                    src=\"http:\/\/www.spaziotorino.it\/scatto\/wp-content\/gallery\/2021_08_27-29_todays\/cache\/pla_4987.jpg-nggid0525311-ngg0dyn-60x60x100-00f0w010c011r110f110r010t010.jpg\"\n                    width=\"60\"\n                    height=\"60\"\n                    style=\"max-width:100%;\"\n                \/>\n            <\/a>\n        <\/div>\n\t\t\t\t\t\t\t<\/div> \n\t\t\t\n        \n\t\t\t\t<div id=\"ngg-image-30\" class=\"ngg-gallery-thumbnail-box\" >\n\t\t\t\t        <div class=\"ngg-gallery-thumbnail\">\n            <a href=\"http:\/\/www.spaziotorino.it\/scatto\/wp-content\/gallery\/2021_08_27-29_todays\/pla_5000.jpg\"\n               title=\"Shout Out Louds - 28\/9\"\n               data-src=\"http:\/\/www.spaziotorino.it\/scatto\/wp-content\/gallery\/2021_08_27-29_todays\/pla_5000.jpg\"\n               data-thumbnail=\"http:\/\/www.spaziotorino.it\/scatto\/wp-content\/gallery\/2021_08_27-29_todays\/thumbs\/thumbs_pla_5000.jpg\"\n               data-image-id=\"25313\"\n               data-title=\"Shout Out Louds - 28\/9\"\n               data-description=\"Shout Out Louds - 28\/9\"\n               data-image-slug=\"pla_5000\"\n               class=\"ngg-fancybox\" rel=\"2d8c8fc5056e0d13d19d9365793a3df7\">\n                <img\n                    title=\"Shout Out Louds - 28\/9\"\n                    alt=\"Shout Out Louds - 28\/9\"\n                    src=\"http:\/\/www.spaziotorino.it\/scatto\/wp-content\/gallery\/2021_08_27-29_todays\/cache\/pla_5000.jpg-nggid0525313-ngg0dyn-60x60x100-00f0w010c011r110f110r010t010.jpg\"\n                    width=\"60\"\n                    height=\"60\"\n                    style=\"max-width:100%;\"\n                \/>\n            <\/a>\n        <\/div>\n\t\t\t\t\t\t\t<\/div> \n\t\t\t\n        \n\t\t\t\t<div id=\"ngg-image-31\" class=\"ngg-gallery-thumbnail-box\" >\n\t\t\t\t        <div class=\"ngg-gallery-thumbnail\">\n            <a href=\"http:\/\/www.spaziotorino.it\/scatto\/wp-content\/gallery\/2021_08_27-29_todays\/pla_5015.jpg\"\n               title=\"Shout Out Louds - 28\/9\"\n               data-src=\"http:\/\/www.spaziotorino.it\/scatto\/wp-content\/gallery\/2021_08_27-29_todays\/pla_5015.jpg\"\n               data-thumbnail=\"http:\/\/www.spaziotorino.it\/scatto\/wp-content\/gallery\/2021_08_27-29_todays\/thumbs\/thumbs_pla_5015.jpg\"\n               data-image-id=\"25314\"\n               data-title=\"Shout Out Louds - 28\/9\"\n               data-description=\"Shout Out Louds - 28\/9\"\n               data-image-slug=\"pla_5015\"\n               class=\"ngg-fancybox\" rel=\"2d8c8fc5056e0d13d19d9365793a3df7\">\n                <img\n                    title=\"Shout Out Louds - 28\/9\"\n                    alt=\"Shout Out Louds - 28\/9\"\n                    src=\"http:\/\/www.spaziotorino.it\/scatto\/wp-content\/gallery\/2021_08_27-29_todays\/cache\/pla_5015.jpg-nggid0525314-ngg0dyn-60x60x100-00f0w010c011r110f110r010t010.jpg\"\n                    width=\"60\"\n                    height=\"60\"\n                    style=\"max-width:100%;\"\n                \/>\n            <\/a>\n        <\/div>\n\t\t\t\t\t\t\t<\/div> \n\t\t\t\n        \n\t\t\t\t<div id=\"ngg-image-32\" class=\"ngg-gallery-thumbnail-box\" >\n\t\t\t\t        <div class=\"ngg-gallery-thumbnail\">\n            <a href=\"http:\/\/www.spaziotorino.it\/scatto\/wp-content\/gallery\/2021_08_27-29_todays\/pla_5037.jpg\"\n               title=\"Shout Out Louds - 28\/9\"\n               data-src=\"http:\/\/www.spaziotorino.it\/scatto\/wp-content\/gallery\/2021_08_27-29_todays\/pla_5037.jpg\"\n               data-thumbnail=\"http:\/\/www.spaziotorino.it\/scatto\/wp-content\/gallery\/2021_08_27-29_todays\/thumbs\/thumbs_pla_5037.jpg\"\n               data-image-id=\"25315\"\n               data-title=\"Shout Out Louds - 28\/9\"\n               data-description=\"Shout Out Louds - 28\/9\"\n               data-image-slug=\"pla_5037\"\n               class=\"ngg-fancybox\" rel=\"2d8c8fc5056e0d13d19d9365793a3df7\">\n                <img\n                    title=\"Shout Out Louds - 28\/9\"\n                    alt=\"Shout Out Louds - 28\/9\"\n                    src=\"http:\/\/www.spaziotorino.it\/scatto\/wp-content\/gallery\/2021_08_27-29_todays\/cache\/pla_5037.jpg-nggid0525315-ngg0dyn-60x60x100-00f0w010c011r110f110r010t010.jpg\"\n                    width=\"60\"\n                    height=\"60\"\n                    style=\"max-width:100%;\"\n                \/>\n            <\/a>\n        <\/div>\n\t\t\t\t\t\t\t<\/div> \n\t\t\t\n        \n\t\t\t\t<div id=\"ngg-image-33\" class=\"ngg-gallery-thumbnail-box\" >\n\t\t\t\t        <div class=\"ngg-gallery-thumbnail\">\n            <a href=\"http:\/\/www.spaziotorino.it\/scatto\/wp-content\/gallery\/2021_08_27-29_todays\/pla_5062.jpg\"\n               title=\"Shout Out Louds - 28\/9\"\n               data-src=\"http:\/\/www.spaziotorino.it\/scatto\/wp-content\/gallery\/2021_08_27-29_todays\/pla_5062.jpg\"\n               data-thumbnail=\"http:\/\/www.spaziotorino.it\/scatto\/wp-content\/gallery\/2021_08_27-29_todays\/thumbs\/thumbs_pla_5062.jpg\"\n               data-image-id=\"25316\"\n               data-title=\"Shout Out Louds - 28\/9\"\n               data-description=\"Shout Out Louds - 28\/9\"\n               data-image-slug=\"pla_5062\"\n               class=\"ngg-fancybox\" rel=\"2d8c8fc5056e0d13d19d9365793a3df7\">\n                <img\n                    title=\"Shout Out Louds - 28\/9\"\n                    alt=\"Shout Out Louds - 28\/9\"\n                    src=\"http:\/\/www.spaziotorino.it\/scatto\/wp-content\/gallery\/2021_08_27-29_todays\/cache\/pla_5062.jpg-nggid0525316-ngg0dyn-60x60x100-00f0w010c011r110f110r010t010.jpg\"\n                    width=\"60\"\n                    height=\"60\"\n                    style=\"max-width:100%;\"\n                \/>\n            <\/a>\n        <\/div>\n\t\t\t\t\t\t\t<\/div> \n\t\t\t\n        \n\t\t\t\t<div id=\"ngg-image-34\" class=\"ngg-gallery-thumbnail-box\" >\n\t\t\t\t        <div class=\"ngg-gallery-thumbnail\">\n            <a href=\"http:\/\/www.spaziotorino.it\/scatto\/wp-content\/gallery\/2021_08_27-29_todays\/pla_5080.jpg\"\n               title=\"\"\n               data-src=\"http:\/\/www.spaziotorino.it\/scatto\/wp-content\/gallery\/2021_08_27-29_todays\/pla_5080.jpg\"\n               data-thumbnail=\"http:\/\/www.spaziotorino.it\/scatto\/wp-content\/gallery\/2021_08_27-29_todays\/thumbs\/thumbs_pla_5080.jpg\"\n               data-image-id=\"25317\"\n               data-title=\"Shout Out Louds - 28\/9\"\n               data-description=\"\"\n               data-image-slug=\"pla_5080\"\n               class=\"ngg-fancybox\" rel=\"2d8c8fc5056e0d13d19d9365793a3df7\">\n                <img\n                    title=\"Shout Out Louds - 28\/9\"\n                    alt=\"Shout Out Louds - 28\/9\"\n                    src=\"http:\/\/www.spaziotorino.it\/scatto\/wp-content\/gallery\/2021_08_27-29_todays\/cache\/pla_5080.jpg-nggid0525317-ngg0dyn-60x60x100-00f0w010c011r110f110r010t010.jpg\"\n                    width=\"60\"\n                    height=\"60\"\n                    style=\"max-width:100%;\"\n                \/>\n            <\/a>\n        <\/div>\n\t\t\t\t\t\t\t<\/div> \n\t\t\t\n        \n\t\t\t\t<div id=\"ngg-image-35\" class=\"ngg-gallery-thumbnail-box\" >\n\t\t\t\t        <div class=\"ngg-gallery-thumbnail\">\n            <a href=\"http:\/\/www.spaziotorino.it\/scatto\/wp-content\/gallery\/2021_08_27-29_todays\/pla_5101.jpg\"\n               title=\"Iosonouncane - 28\/9\"\n               data-src=\"http:\/\/www.spaziotorino.it\/scatto\/wp-content\/gallery\/2021_08_27-29_todays\/pla_5101.jpg\"\n               data-thumbnail=\"http:\/\/www.spaziotorino.it\/scatto\/wp-content\/gallery\/2021_08_27-29_todays\/thumbs\/thumbs_pla_5101.jpg\"\n               data-image-id=\"25319\"\n               data-title=\"Iosonouncane - 28\/9\"\n               data-description=\"Iosonouncane - 28\/9\"\n               data-image-slug=\"pla_5101-1\"\n               class=\"ngg-fancybox\" rel=\"2d8c8fc5056e0d13d19d9365793a3df7\">\n                <img\n                    title=\"Iosonouncane - 28\/9\"\n                    alt=\"Iosonouncane - 28\/9\"\n                    src=\"http:\/\/www.spaziotorino.it\/scatto\/wp-content\/gallery\/2021_08_27-29_todays\/cache\/pla_5101.jpg-nggid0525319-ngg0dyn-60x60x100-00f0w010c011r110f110r010t010.jpg\"\n                    width=\"60\"\n                    height=\"60\"\n                    style=\"max-width:100%;\"\n                \/>\n            <\/a>\n        <\/div>\n\t\t\t\t\t\t\t<\/div> \n\t\t\t\n        \n\t\t\t\t<div id=\"ngg-image-36\" class=\"ngg-gallery-thumbnail-box\" >\n\t\t\t\t        <div class=\"ngg-gallery-thumbnail\">\n            <a href=\"http:\/\/www.spaziotorino.it\/scatto\/wp-content\/gallery\/2021_08_27-29_todays\/pla_5122.jpg\"\n               title=\"Iosonouncane - 28\/9\"\n               data-src=\"http:\/\/www.spaziotorino.it\/scatto\/wp-content\/gallery\/2021_08_27-29_todays\/pla_5122.jpg\"\n               data-thumbnail=\"http:\/\/www.spaziotorino.it\/scatto\/wp-content\/gallery\/2021_08_27-29_todays\/thumbs\/thumbs_pla_5122.jpg\"\n               data-image-id=\"25318\"\n               data-title=\"Iosonouncane - 28\/9\"\n               data-description=\"Iosonouncane - 28\/9\"\n               data-image-slug=\"pla_5122\"\n               class=\"ngg-fancybox\" rel=\"2d8c8fc5056e0d13d19d9365793a3df7\">\n                <img\n                    title=\"Iosonouncane - 28\/9\"\n                    alt=\"Iosonouncane - 28\/9\"\n                    src=\"http:\/\/www.spaziotorino.it\/scatto\/wp-content\/gallery\/2021_08_27-29_todays\/cache\/pla_5122.jpg-nggid0525318-ngg0dyn-60x60x100-00f0w010c011r110f110r010t010.jpg\"\n                    width=\"60\"\n                    height=\"60\"\n                    style=\"max-width:100%;\"\n                \/>\n            <\/a>\n        <\/div>\n\t\t\t\t\t\t\t<\/div> \n\t\t\t\n        \n\t\t\t\t<div id=\"ngg-image-37\" class=\"ngg-gallery-thumbnail-box\" >\n\t\t\t\t        <div class=\"ngg-gallery-thumbnail\">\n            <a href=\"http:\/\/www.spaziotorino.it\/scatto\/wp-content\/gallery\/2021_08_27-29_todays\/pla_5200.jpg\"\n               title=\"Iosonouncane - 28\/9\"\n               data-src=\"http:\/\/www.spaziotorino.it\/scatto\/wp-content\/gallery\/2021_08_27-29_todays\/pla_5200.jpg\"\n               data-thumbnail=\"http:\/\/www.spaziotorino.it\/scatto\/wp-content\/gallery\/2021_08_27-29_todays\/thumbs\/thumbs_pla_5200.jpg\"\n               data-image-id=\"25320\"\n               data-title=\"Iosonouncane - 28\/9\"\n               data-description=\"Iosonouncane - 28\/9\"\n               data-image-slug=\"pla_5200\"\n               class=\"ngg-fancybox\" rel=\"2d8c8fc5056e0d13d19d9365793a3df7\">\n                <img\n                    title=\"Iosonouncane - 28\/9\"\n                    alt=\"Iosonouncane - 28\/9\"\n                    src=\"http:\/\/www.spaziotorino.it\/scatto\/wp-content\/gallery\/2021_08_27-29_todays\/cache\/pla_5200.jpg-nggid0525320-ngg0dyn-60x60x100-00f0w010c011r110f110r010t010.jpg\"\n                    width=\"60\"\n                    height=\"60\"\n                    style=\"max-width:100%;\"\n                \/>\n            <\/a>\n        <\/div>\n\t\t\t\t\t\t\t<\/div> \n\t\t\t\n        \n\t\t\t\t<div id=\"ngg-image-38\" class=\"ngg-gallery-thumbnail-box\" >\n\t\t\t\t        <div class=\"ngg-gallery-thumbnail\">\n            <a href=\"http:\/\/www.spaziotorino.it\/scatto\/wp-content\/gallery\/2021_08_27-29_todays\/pla_5244.jpg\"\n               title=\"Iosonouncane - 28\/9\"\n               data-src=\"http:\/\/www.spaziotorino.it\/scatto\/wp-content\/gallery\/2021_08_27-29_todays\/pla_5244.jpg\"\n               data-thumbnail=\"http:\/\/www.spaziotorino.it\/scatto\/wp-content\/gallery\/2021_08_27-29_todays\/thumbs\/thumbs_pla_5244.jpg\"\n               data-image-id=\"25321\"\n               data-title=\"Iosonouncane - 28\/9\"\n               data-description=\"Iosonouncane - 28\/9\"\n               data-image-slug=\"pla_5244\"\n               class=\"ngg-fancybox\" rel=\"2d8c8fc5056e0d13d19d9365793a3df7\">\n                <img\n                    title=\"Iosonouncane - 28\/9\"\n                    alt=\"Iosonouncane - 28\/9\"\n                    src=\"http:\/\/www.spaziotorino.it\/scatto\/wp-content\/gallery\/2021_08_27-29_todays\/cache\/pla_5244.jpg-nggid0525321-ngg0dyn-60x60x100-00f0w010c011r110f110r010t010.jpg\"\n                    width=\"60\"\n                    height=\"60\"\n                    style=\"max-width:100%;\"\n                \/>\n            <\/a>\n        <\/div>\n\t\t\t\t\t\t\t<\/div> \n\t\t\t\n        \n\t\t\t\t<div id=\"ngg-image-39\" class=\"ngg-gallery-thumbnail-box\" >\n\t\t\t\t        <div class=\"ngg-gallery-thumbnail\">\n            <a href=\"http:\/\/www.spaziotorino.it\/scatto\/wp-content\/gallery\/2021_08_27-29_todays\/pla_5246.jpg\"\n               title=\"Iosonouncane - 28\/9\"\n               data-src=\"http:\/\/www.spaziotorino.it\/scatto\/wp-content\/gallery\/2021_08_27-29_todays\/pla_5246.jpg\"\n               data-thumbnail=\"http:\/\/www.spaziotorino.it\/scatto\/wp-content\/gallery\/2021_08_27-29_todays\/thumbs\/thumbs_pla_5246.jpg\"\n               data-image-id=\"25322\"\n               data-title=\"Iosonouncane - 28\/9\"\n               data-description=\"Iosonouncane - 28\/9\"\n               data-image-slug=\"pla_5246\"\n               class=\"ngg-fancybox\" rel=\"2d8c8fc5056e0d13d19d9365793a3df7\">\n                <img\n                    title=\"Iosonouncane - 28\/9\"\n                    alt=\"Iosonouncane - 28\/9\"\n                    src=\"http:\/\/www.spaziotorino.it\/scatto\/wp-content\/gallery\/2021_08_27-29_todays\/cache\/pla_5246.jpg-nggid0525322-ngg0dyn-60x60x100-00f0w010c011r110f110r010t010.jpg\"\n                    width=\"60\"\n                    height=\"60\"\n                    style=\"max-width:100%;\"\n                \/>\n            <\/a>\n        <\/div>\n\t\t\t\t\t\t\t<\/div> \n\t\t\t\n        \n\t\t\t\t<div id=\"ngg-image-40\" class=\"ngg-gallery-thumbnail-box\" >\n\t\t\t\t        <div class=\"ngg-gallery-thumbnail\">\n            <a href=\"http:\/\/www.spaziotorino.it\/scatto\/wp-content\/gallery\/2021_08_27-29_todays\/pla_5262.jpg\"\n               title=\"Iosonouncane - 28\/9\"\n               data-src=\"http:\/\/www.spaziotorino.it\/scatto\/wp-content\/gallery\/2021_08_27-29_todays\/pla_5262.jpg\"\n               data-thumbnail=\"http:\/\/www.spaziotorino.it\/scatto\/wp-content\/gallery\/2021_08_27-29_todays\/thumbs\/thumbs_pla_5262.jpg\"\n               data-image-id=\"25323\"\n               data-title=\"Iosonouncane - 28\/9\"\n               data-description=\"Iosonouncane - 28\/9\"\n               data-image-slug=\"pla_5262\"\n               class=\"ngg-fancybox\" rel=\"2d8c8fc5056e0d13d19d9365793a3df7\">\n                <img\n                    title=\"Iosonouncane - 28\/9\"\n                    alt=\"Iosonouncane - 28\/9\"\n                    src=\"http:\/\/www.spaziotorino.it\/scatto\/wp-content\/gallery\/2021_08_27-29_todays\/cache\/pla_5262.jpg-nggid0525323-ngg0dyn-60x60x100-00f0w010c011r110f110r010t010.jpg\"\n                    width=\"60\"\n                    height=\"60\"\n                    style=\"max-width:100%;\"\n                \/>\n            <\/a>\n        <\/div>\n\t\t\t\t\t\t\t<\/div> \n\t\t\t\n        \n\t\t\t\t<div id=\"ngg-image-41\" class=\"ngg-gallery-thumbnail-box\" >\n\t\t\t\t        <div class=\"ngg-gallery-thumbnail\">\n            <a href=\"http:\/\/www.spaziotorino.it\/scatto\/wp-content\/gallery\/2021_08_27-29_todays\/pla_5267.jpg\"\n               title=\"The Comet Is Coming - 28\/9\"\n               data-src=\"http:\/\/www.spaziotorino.it\/scatto\/wp-content\/gallery\/2021_08_27-29_todays\/pla_5267.jpg\"\n               data-thumbnail=\"http:\/\/www.spaziotorino.it\/scatto\/wp-content\/gallery\/2021_08_27-29_todays\/thumbs\/thumbs_pla_5267.jpg\"\n               data-image-id=\"25324\"\n               data-title=\"The Comet Is Coming - 28\/9\"\n               data-description=\"The Comet Is Coming - 28\/9\"\n               data-image-slug=\"pla_5267-1\"\n               class=\"ngg-fancybox\" rel=\"2d8c8fc5056e0d13d19d9365793a3df7\">\n                <img\n                    title=\"The Comet Is Coming - 28\/9\"\n                    alt=\"The Comet Is Coming - 28\/9\"\n                    src=\"http:\/\/www.spaziotorino.it\/scatto\/wp-content\/gallery\/2021_08_27-29_todays\/cache\/pla_5267.jpg-nggid0525324-ngg0dyn-60x60x100-00f0w010c011r110f110r010t010.jpg\"\n                    width=\"60\"\n                    height=\"60\"\n                    style=\"max-width:100%;\"\n                \/>\n            <\/a>\n        <\/div>\n\t\t\t\t\t\t\t<\/div> \n\t\t\t\n        \n\t\t\t\t<div id=\"ngg-image-42\" class=\"ngg-gallery-thumbnail-box\" >\n\t\t\t\t        <div class=\"ngg-gallery-thumbnail\">\n            <a href=\"http:\/\/www.spaziotorino.it\/scatto\/wp-content\/gallery\/2021_08_27-29_todays\/pla_5278.jpg\"\n               title=\"The Comet Is Coming - 28\/9\"\n               data-src=\"http:\/\/www.spaziotorino.it\/scatto\/wp-content\/gallery\/2021_08_27-29_todays\/pla_5278.jpg\"\n               data-thumbnail=\"http:\/\/www.spaziotorino.it\/scatto\/wp-content\/gallery\/2021_08_27-29_todays\/thumbs\/thumbs_pla_5278.jpg\"\n               data-image-id=\"25325\"\n               data-title=\"The Comet Is Coming - 28\/9\"\n               data-description=\"The Comet Is Coming - 28\/9\"\n               data-image-slug=\"pla_5278\"\n               class=\"ngg-fancybox\" rel=\"2d8c8fc5056e0d13d19d9365793a3df7\">\n                <img\n                    title=\"The Comet Is Coming - 28\/9\"\n                    alt=\"The Comet Is Coming - 28\/9\"\n                    src=\"http:\/\/www.spaziotorino.it\/scatto\/wp-content\/gallery\/2021_08_27-29_todays\/cache\/pla_5278.jpg-nggid0525325-ngg0dyn-60x60x100-00f0w010c011r110f110r010t010.jpg\"\n                    width=\"60\"\n                    height=\"60\"\n                    style=\"max-width:100%;\"\n                \/>\n            <\/a>\n        <\/div>\n\t\t\t\t\t\t\t<\/div> \n\t\t\t\n        \n\t\t\t\t<div id=\"ngg-image-43\" class=\"ngg-gallery-thumbnail-box\" >\n\t\t\t\t        <div class=\"ngg-gallery-thumbnail\">\n            <a href=\"http:\/\/www.spaziotorino.it\/scatto\/wp-content\/gallery\/2021_08_27-29_todays\/pla_5301.jpg\"\n               title=\"The Comet Is Coming - 28\/9\"\n               data-src=\"http:\/\/www.spaziotorino.it\/scatto\/wp-content\/gallery\/2021_08_27-29_todays\/pla_5301.jpg\"\n               data-thumbnail=\"http:\/\/www.spaziotorino.it\/scatto\/wp-content\/gallery\/2021_08_27-29_todays\/thumbs\/thumbs_pla_5301.jpg\"\n               data-image-id=\"25327\"\n               data-title=\"The Comet Is Coming - 28\/9\"\n               data-description=\"The Comet Is Coming - 28\/9\"\n               data-image-slug=\"pla_5301-2\"\n               class=\"ngg-fancybox\" rel=\"2d8c8fc5056e0d13d19d9365793a3df7\">\n                <img\n                    title=\"The Comet Is Coming - 28\/9\"\n                    alt=\"The Comet Is Coming - 28\/9\"\n                    src=\"http:\/\/www.spaziotorino.it\/scatto\/wp-content\/gallery\/2021_08_27-29_todays\/cache\/pla_5301.jpg-nggid0525327-ngg0dyn-60x60x100-00f0w010c011r110f110r010t010.jpg\"\n                    width=\"60\"\n                    height=\"60\"\n                    style=\"max-width:100%;\"\n                \/>\n            <\/a>\n        <\/div>\n\t\t\t\t\t\t\t<\/div> \n\t\t\t\n        \n\t\t\t\t<div id=\"ngg-image-44\" class=\"ngg-gallery-thumbnail-box\" >\n\t\t\t\t        <div class=\"ngg-gallery-thumbnail\">\n            <a href=\"http:\/\/www.spaziotorino.it\/scatto\/wp-content\/gallery\/2021_08_27-29_todays\/pla_5360.jpg\"\n               title=\"The Comet Is Coming - 28\/9\"\n               data-src=\"http:\/\/www.spaziotorino.it\/scatto\/wp-content\/gallery\/2021_08_27-29_todays\/pla_5360.jpg\"\n               data-thumbnail=\"http:\/\/www.spaziotorino.it\/scatto\/wp-content\/gallery\/2021_08_27-29_todays\/thumbs\/thumbs_pla_5360.jpg\"\n               data-image-id=\"25326\"\n               data-title=\"The Comet Is Coming - 28\/9\"\n               data-description=\"The Comet Is Coming - 28\/9\"\n               data-image-slug=\"pla_5360\"\n               class=\"ngg-fancybox\" rel=\"2d8c8fc5056e0d13d19d9365793a3df7\">\n                <img\n                    title=\"The Comet Is Coming - 28\/9\"\n                    alt=\"The Comet Is Coming - 28\/9\"\n                    src=\"http:\/\/www.spaziotorino.it\/scatto\/wp-content\/gallery\/2021_08_27-29_todays\/cache\/pla_5360.jpg-nggid0525326-ngg0dyn-60x60x100-00f0w010c011r110f110r010t010.jpg\"\n                    width=\"60\"\n                    height=\"60\"\n                    style=\"max-width:100%;\"\n                \/>\n            <\/a>\n        <\/div>\n\t\t\t\t\t\t\t<\/div> \n\t\t\t\n        \n\t\t\t\t<div id=\"ngg-image-45\" class=\"ngg-gallery-thumbnail-box\" >\n\t\t\t\t        <div class=\"ngg-gallery-thumbnail\">\n            <a href=\"http:\/\/www.spaziotorino.it\/scatto\/wp-content\/gallery\/2021_08_27-29_todays\/pla_5366.jpg\"\n               title=\"The Comet Is Coming - 28\/9\"\n               data-src=\"http:\/\/www.spaziotorino.it\/scatto\/wp-content\/gallery\/2021_08_27-29_todays\/pla_5366.jpg\"\n               data-thumbnail=\"http:\/\/www.spaziotorino.it\/scatto\/wp-content\/gallery\/2021_08_27-29_todays\/thumbs\/thumbs_pla_5366.jpg\"\n               data-image-id=\"25330\"\n               data-title=\"The Comet Is Coming - 28\/9\"\n               data-description=\"The Comet Is Coming - 28\/9\"\n               data-image-slug=\"pla_5366\"\n               class=\"ngg-fancybox\" rel=\"2d8c8fc5056e0d13d19d9365793a3df7\">\n                <img\n                    title=\"The Comet Is Coming - 28\/9\"\n                    alt=\"The Comet Is Coming - 28\/9\"\n                    src=\"http:\/\/www.spaziotorino.it\/scatto\/wp-content\/gallery\/2021_08_27-29_todays\/cache\/pla_5366.jpg-nggid0525330-ngg0dyn-60x60x100-00f0w010c011r110f110r010t010.jpg\"\n                    width=\"60\"\n                    height=\"60\"\n                    style=\"max-width:100%;\"\n                \/>\n            <\/a>\n        <\/div>\n\t\t\t\t\t\t\t<\/div> \n\t\t\t\n        \n\t\t\t\t<div id=\"ngg-image-46\" class=\"ngg-gallery-thumbnail-box\" >\n\t\t\t\t        <div class=\"ngg-gallery-thumbnail\">\n            <a href=\"http:\/\/www.spaziotorino.it\/scatto\/wp-content\/gallery\/2021_08_27-29_todays\/pla_5382.jpg\"\n               title=\"The Comet Is Coming - 28\/9\"\n               data-src=\"http:\/\/www.spaziotorino.it\/scatto\/wp-content\/gallery\/2021_08_27-29_todays\/pla_5382.jpg\"\n               data-thumbnail=\"http:\/\/www.spaziotorino.it\/scatto\/wp-content\/gallery\/2021_08_27-29_todays\/thumbs\/thumbs_pla_5382.jpg\"\n               data-image-id=\"25328\"\n               data-title=\"The Comet Is Coming - 28\/9\"\n               data-description=\"The Comet Is Coming - 28\/9\"\n               data-image-slug=\"pla_5382\"\n               class=\"ngg-fancybox\" rel=\"2d8c8fc5056e0d13d19d9365793a3df7\">\n                <img\n                    title=\"The Comet Is Coming - 28\/9\"\n                    alt=\"The Comet Is Coming - 28\/9\"\n                    src=\"http:\/\/www.spaziotorino.it\/scatto\/wp-content\/gallery\/2021_08_27-29_todays\/cache\/pla_5382.jpg-nggid0525328-ngg0dyn-60x60x100-00f0w010c011r110f110r010t010.jpg\"\n                    width=\"60\"\n                    height=\"60\"\n                    style=\"max-width:100%;\"\n                \/>\n            <\/a>\n        <\/div>\n\t\t\t\t\t\t\t<\/div> \n\t\t\t\n        \n\t\t\t\t<div id=\"ngg-image-47\" class=\"ngg-gallery-thumbnail-box\" >\n\t\t\t\t        <div class=\"ngg-gallery-thumbnail\">\n            <a href=\"http:\/\/www.spaziotorino.it\/scatto\/wp-content\/gallery\/2021_08_27-29_todays\/pla_5386.jpg\"\n               title=\"The Comet Is Coming - 28\/9\"\n               data-src=\"http:\/\/www.spaziotorino.it\/scatto\/wp-content\/gallery\/2021_08_27-29_todays\/pla_5386.jpg\"\n               data-thumbnail=\"http:\/\/www.spaziotorino.it\/scatto\/wp-content\/gallery\/2021_08_27-29_todays\/thumbs\/thumbs_pla_5386.jpg\"\n               data-image-id=\"25329\"\n               data-title=\"The Comet Is Coming - 28\/9\"\n               data-description=\"The Comet Is Coming - 28\/9\"\n               data-image-slug=\"pla_5386\"\n               class=\"ngg-fancybox\" rel=\"2d8c8fc5056e0d13d19d9365793a3df7\">\n                <img\n                    title=\"The Comet Is Coming - 28\/9\"\n                    alt=\"The Comet Is Coming - 28\/9\"\n                    src=\"http:\/\/www.spaziotorino.it\/scatto\/wp-content\/gallery\/2021_08_27-29_todays\/cache\/pla_5386.jpg-nggid0525329-ngg0dyn-60x60x100-00f0w010c011r110f110r010t010.jpg\"\n                    width=\"60\"\n                    height=\"60\"\n                    style=\"max-width:100%;\"\n                \/>\n            <\/a>\n        <\/div>\n\t\t\t\t\t\t\t<\/div> \n\t\t\t\n        \n\t\t\t\t<div id=\"ngg-image-48\" class=\"ngg-gallery-thumbnail-box\" >\n\t\t\t\t        <div class=\"ngg-gallery-thumbnail\">\n            <a href=\"http:\/\/www.spaziotorino.it\/scatto\/wp-content\/gallery\/2021_08_27-29_todays\/pla_5405.jpg\"\n               title=\"The Comet Is Coming - 28\/9\"\n               data-src=\"http:\/\/www.spaziotorino.it\/scatto\/wp-content\/gallery\/2021_08_27-29_todays\/pla_5405.jpg\"\n               data-thumbnail=\"http:\/\/www.spaziotorino.it\/scatto\/wp-content\/gallery\/2021_08_27-29_todays\/thumbs\/thumbs_pla_5405.jpg\"\n               data-image-id=\"25331\"\n               data-title=\"The Comet Is Coming - 28\/9\"\n               data-description=\"The Comet Is Coming - 28\/9\"\n               data-image-slug=\"pla_5405\"\n               class=\"ngg-fancybox\" rel=\"2d8c8fc5056e0d13d19d9365793a3df7\">\n                <img\n                    title=\"The Comet Is Coming - 28\/9\"\n                    alt=\"The Comet Is Coming - 28\/9\"\n                    src=\"http:\/\/www.spaziotorino.it\/scatto\/wp-content\/gallery\/2021_08_27-29_todays\/cache\/pla_5405.jpg-nggid0525331-ngg0dyn-60x60x100-00f0w010c011r110f110r010t010.jpg\"\n                    width=\"60\"\n                    height=\"60\"\n                    style=\"max-width:100%;\"\n                \/>\n            <\/a>\n        <\/div>\n\t\t\t\t\t\t\t<\/div> \n\t\t\t\n        \n\t\t\t\t<div id=\"ngg-image-49\" class=\"ngg-gallery-thumbnail-box\" >\n\t\t\t\t        <div class=\"ngg-gallery-thumbnail\">\n            <a href=\"http:\/\/www.spaziotorino.it\/scatto\/wp-content\/gallery\/2021_08_27-29_todays\/pla_5453.jpg\"\n               title=\"The Comet Is Coming - 28\/9\"\n               data-src=\"http:\/\/www.spaziotorino.it\/scatto\/wp-content\/gallery\/2021_08_27-29_todays\/pla_5453.jpg\"\n               data-thumbnail=\"http:\/\/www.spaziotorino.it\/scatto\/wp-content\/gallery\/2021_08_27-29_todays\/thumbs\/thumbs_pla_5453.jpg\"\n               data-image-id=\"25332\"\n               data-title=\"The Comet Is Coming - 28\/9\"\n               data-description=\"The Comet Is Coming - 28\/9\"\n               data-image-slug=\"pla_5453\"\n               class=\"ngg-fancybox\" rel=\"2d8c8fc5056e0d13d19d9365793a3df7\">\n                <img\n                    title=\"The Comet Is Coming - 28\/9\"\n                    alt=\"The Comet Is Coming - 28\/9\"\n                    src=\"http:\/\/www.spaziotorino.it\/scatto\/wp-content\/gallery\/2021_08_27-29_todays\/cache\/pla_5453.jpg-nggid0525332-ngg0dyn-60x60x100-00f0w010c011r110f110r010t010.jpg\"\n                    width=\"60\"\n                    height=\"60\"\n                    style=\"max-width:100%;\"\n                \/>\n            <\/a>\n        <\/div>\n\t\t\t\t\t\t\t<\/div> \n\t\t\t\n        \n\t\t\t\t<div id=\"ngg-image-50\" class=\"ngg-gallery-thumbnail-box\" >\n\t\t\t\t        <div class=\"ngg-gallery-thumbnail\">\n            <a href=\"http:\/\/www.spaziotorino.it\/scatto\/wp-content\/gallery\/2021_08_27-29_todays\/pla_5486.jpg\"\n               title=\"Les Amazons d&#039;Afrique - Parco Peccei - 29\/9\"\n               data-src=\"http:\/\/www.spaziotorino.it\/scatto\/wp-content\/gallery\/2021_08_27-29_todays\/pla_5486.jpg\"\n               data-thumbnail=\"http:\/\/www.spaziotorino.it\/scatto\/wp-content\/gallery\/2021_08_27-29_todays\/thumbs\/thumbs_pla_5486.jpg\"\n               data-image-id=\"25333\"\n               data-title=\"Les Amazons d&#039;Afrique - Parco Peccei - 29\/9\"\n               data-description=\"Les Amazons d&#039;Afrique - Parco Peccei - 29\/9\"\n               data-image-slug=\"pla_5486\"\n               class=\"ngg-fancybox\" rel=\"2d8c8fc5056e0d13d19d9365793a3df7\">\n                <img\n                    title=\"Les Amazons d&#039;Afrique - Parco Peccei - 29\/9\"\n                    alt=\"Les Amazons d&#039;Afrique - Parco Peccei - 29\/9\"\n                    src=\"http:\/\/www.spaziotorino.it\/scatto\/wp-content\/gallery\/2021_08_27-29_todays\/cache\/pla_5486.jpg-nggid0525333-ngg0dyn-60x60x100-00f0w010c011r110f110r010t010.jpg\"\n                    width=\"60\"\n                    height=\"60\"\n                    style=\"max-width:100%;\"\n                \/>\n            <\/a>\n        <\/div>\n\t\t\t\t\t\t\t<\/div> \n\t\t\t\n        \n\t\t\t\t<div id=\"ngg-image-51\" class=\"ngg-gallery-thumbnail-box\" >\n\t\t\t\t        <div class=\"ngg-gallery-thumbnail\">\n            <a href=\"http:\/\/www.spaziotorino.it\/scatto\/wp-content\/gallery\/2021_08_27-29_todays\/pla_5488.jpg\"\n               title=\"Les Amazons d&#039;Afrique - Parco Peccei - 29\/9\"\n               data-src=\"http:\/\/www.spaziotorino.it\/scatto\/wp-content\/gallery\/2021_08_27-29_todays\/pla_5488.jpg\"\n               data-thumbnail=\"http:\/\/www.spaziotorino.it\/scatto\/wp-content\/gallery\/2021_08_27-29_todays\/thumbs\/thumbs_pla_5488.jpg\"\n               data-image-id=\"25334\"\n               data-title=\"Les Amazons d&#039;Afrique - Parco Peccei - 29\/9\"\n               data-description=\"Les Amazons d&#039;Afrique - Parco Peccei - 29\/9\"\n               data-image-slug=\"pla_5488\"\n               class=\"ngg-fancybox\" rel=\"2d8c8fc5056e0d13d19d9365793a3df7\">\n                <img\n                    title=\"Les Amazons d&#039;Afrique - Parco Peccei - 29\/9\"\n                    alt=\"Les Amazons d&#039;Afrique - Parco Peccei - 29\/9\"\n                    src=\"http:\/\/www.spaziotorino.it\/scatto\/wp-content\/gallery\/2021_08_27-29_todays\/cache\/pla_5488.jpg-nggid0525334-ngg0dyn-60x60x100-00f0w010c011r110f110r010t010.jpg\"\n                    width=\"60\"\n                    height=\"60\"\n                    style=\"max-width:100%;\"\n                \/>\n            <\/a>\n        <\/div>\n\t\t\t\t\t\t\t<\/div> \n\t\t\t\n        \n\t\t\t\t<div id=\"ngg-image-52\" class=\"ngg-gallery-thumbnail-box\" >\n\t\t\t\t        <div class=\"ngg-gallery-thumbnail\">\n            <a href=\"http:\/\/www.spaziotorino.it\/scatto\/wp-content\/gallery\/2021_08_27-29_todays\/pla_5522.jpg\"\n               title=\"Les Amazons d&#039;Afrique - Parco Peccei - 29\/9\"\n               data-src=\"http:\/\/www.spaziotorino.it\/scatto\/wp-content\/gallery\/2021_08_27-29_todays\/pla_5522.jpg\"\n               data-thumbnail=\"http:\/\/www.spaziotorino.it\/scatto\/wp-content\/gallery\/2021_08_27-29_todays\/thumbs\/thumbs_pla_5522.jpg\"\n               data-image-id=\"25335\"\n               data-title=\"Les Amazons d&#039;Afrique - Parco Peccei - 29\/9\"\n               data-description=\"Les Amazons d&#039;Afrique - Parco Peccei - 29\/9\"\n               data-image-slug=\"pla_5522\"\n               class=\"ngg-fancybox\" rel=\"2d8c8fc5056e0d13d19d9365793a3df7\">\n                <img\n                    title=\"Les Amazons d&#039;Afrique - Parco Peccei - 29\/9\"\n                    alt=\"Les Amazons d&#039;Afrique - Parco Peccei - 29\/9\"\n                    src=\"http:\/\/www.spaziotorino.it\/scatto\/wp-content\/gallery\/2021_08_27-29_todays\/cache\/pla_5522.jpg-nggid0525335-ngg0dyn-60x60x100-00f0w010c011r110f110r010t010.jpg\"\n                    width=\"60\"\n                    height=\"60\"\n                    style=\"max-width:100%;\"\n                \/>\n            <\/a>\n        <\/div>\n\t\t\t\t\t\t\t<\/div> \n\t\t\t\n        \n\t\t\t\t<div id=\"ngg-image-53\" class=\"ngg-gallery-thumbnail-box\" >\n\t\t\t\t        <div class=\"ngg-gallery-thumbnail\">\n            <a href=\"http:\/\/www.spaziotorino.it\/scatto\/wp-content\/gallery\/2021_08_27-29_todays\/pla_5533.jpg\"\n               title=\"Les Amazons d&#039;Afrique - Parco Peccei - 29\/9\"\n               data-src=\"http:\/\/www.spaziotorino.it\/scatto\/wp-content\/gallery\/2021_08_27-29_todays\/pla_5533.jpg\"\n               data-thumbnail=\"http:\/\/www.spaziotorino.it\/scatto\/wp-content\/gallery\/2021_08_27-29_todays\/thumbs\/thumbs_pla_5533.jpg\"\n               data-image-id=\"25336\"\n               data-title=\"Les Amazons d&#039;Afrique - Parco Peccei - 29\/9\"\n               data-description=\"Les Amazons d&#039;Afrique - Parco Peccei - 29\/9\"\n               data-image-slug=\"pla_5533\"\n               class=\"ngg-fancybox\" rel=\"2d8c8fc5056e0d13d19d9365793a3df7\">\n                <img\n                    title=\"Les Amazons d&#039;Afrique - Parco Peccei - 29\/9\"\n                    alt=\"Les Amazons d&#039;Afrique - Parco Peccei - 29\/9\"\n                    src=\"http:\/\/www.spaziotorino.it\/scatto\/wp-content\/gallery\/2021_08_27-29_todays\/cache\/pla_5533.jpg-nggid0525336-ngg0dyn-60x60x100-00f0w010c011r110f110r010t010.jpg\"\n                    width=\"60\"\n                    height=\"60\"\n                    style=\"max-width:100%;\"\n                \/>\n            <\/a>\n        <\/div>\n\t\t\t\t\t\t\t<\/div> \n\t\t\t\n        \n\t\t\t\t<div id=\"ngg-image-54\" class=\"ngg-gallery-thumbnail-box\" >\n\t\t\t\t        <div class=\"ngg-gallery-thumbnail\">\n            <a href=\"http:\/\/www.spaziotorino.it\/scatto\/wp-content\/gallery\/2021_08_27-29_todays\/IMG_5627.jpg\"\n               title=\"Erlend \u00d8ye &amp; La Comitiva - 29\/9\"\n               data-src=\"http:\/\/www.spaziotorino.it\/scatto\/wp-content\/gallery\/2021_08_27-29_todays\/IMG_5627.jpg\"\n               data-thumbnail=\"http:\/\/www.spaziotorino.it\/scatto\/wp-content\/gallery\/2021_08_27-29_todays\/thumbs\/thumbs_IMG_5627.jpg\"\n               data-image-id=\"25342\"\n               data-title=\"Erlend \u00d8ye &amp; La Comitiva - 29\/9\"\n               data-description=\"Erlend \u00d8ye &amp; La Comitiva - 29\/9\"\n               data-image-slug=\"img_5627\"\n               class=\"ngg-fancybox\" rel=\"2d8c8fc5056e0d13d19d9365793a3df7\">\n                <img\n                    title=\"Erlend \u00d8ye &amp; La Comitiva - 29\/9\"\n                    alt=\"Erlend \u00d8ye &amp; La Comitiva - 29\/9\"\n                    src=\"http:\/\/www.spaziotorino.it\/scatto\/wp-content\/gallery\/2021_08_27-29_todays\/cache\/IMG_5627.jpg-nggid0525342-ngg0dyn-60x60x100-00f0w010c011r110f110r010t010.jpg\"\n                    width=\"60\"\n                    height=\"60\"\n                    style=\"max-width:100%;\"\n                \/>\n            <\/a>\n        <\/div>\n\t\t\t\t\t\t\t<\/div> \n\t\t\t\n        \n\t\t\t\t<div id=\"ngg-image-55\" class=\"ngg-gallery-thumbnail-box\" >\n\t\t\t\t        <div class=\"ngg-gallery-thumbnail\">\n            <a href=\"http:\/\/www.spaziotorino.it\/scatto\/wp-content\/gallery\/2021_08_27-29_todays\/IMG_5615.jpg\"\n               title=\"Erlend \u00d8ye &amp; La Comitiva - 29\/9\"\n               data-src=\"http:\/\/www.spaziotorino.it\/scatto\/wp-content\/gallery\/2021_08_27-29_todays\/IMG_5615.jpg\"\n               data-thumbnail=\"http:\/\/www.spaziotorino.it\/scatto\/wp-content\/gallery\/2021_08_27-29_todays\/thumbs\/thumbs_IMG_5615.jpg\"\n               data-image-id=\"25343\"\n               data-title=\"Erlend \u00d8ye &amp; La Comitiva - 29\/9\"\n               data-description=\"Erlend \u00d8ye &amp; La Comitiva - 29\/9\"\n               data-image-slug=\"img_5615\"\n               class=\"ngg-fancybox\" rel=\"2d8c8fc5056e0d13d19d9365793a3df7\">\n                <img\n                    title=\"Erlend \u00d8ye &amp; La Comitiva - 29\/9\"\n                    alt=\"Erlend \u00d8ye &amp; La Comitiva - 29\/9\"\n                    src=\"http:\/\/www.spaziotorino.it\/scatto\/wp-content\/gallery\/2021_08_27-29_todays\/cache\/IMG_5615.jpg-nggid0525343-ngg0dyn-60x60x100-00f0w010c011r110f110r010t010.jpg\"\n                    width=\"60\"\n                    height=\"60\"\n                    style=\"max-width:100%;\"\n                \/>\n            <\/a>\n        <\/div>\n\t\t\t\t\t\t\t<\/div> \n\t\t\t\n        \n\t\t\t\t<div id=\"ngg-image-56\" class=\"ngg-gallery-thumbnail-box\" >\n\t\t\t\t        <div class=\"ngg-gallery-thumbnail\">\n            <a href=\"http:\/\/www.spaziotorino.it\/scatto\/wp-content\/gallery\/2021_08_27-29_todays\/IMG_5581.jpg\"\n               title=\"Erlend \u00d8ye &amp; La Comitiva - 29\/9\"\n               data-src=\"http:\/\/www.spaziotorino.it\/scatto\/wp-content\/gallery\/2021_08_27-29_todays\/IMG_5581.jpg\"\n               data-thumbnail=\"http:\/\/www.spaziotorino.it\/scatto\/wp-content\/gallery\/2021_08_27-29_todays\/thumbs\/thumbs_IMG_5581.jpg\"\n               data-image-id=\"25344\"\n               data-title=\"Erlend \u00d8ye &amp; La Comitiva - 29\/9\"\n               data-description=\"Erlend \u00d8ye &amp; La Comitiva - 29\/9\"\n               data-image-slug=\"img_5581\"\n               class=\"ngg-fancybox\" rel=\"2d8c8fc5056e0d13d19d9365793a3df7\">\n                <img\n                    title=\"Erlend \u00d8ye &amp; La Comitiva - 29\/9\"\n                    alt=\"Erlend \u00d8ye &amp; La Comitiva - 29\/9\"\n                    src=\"http:\/\/www.spaziotorino.it\/scatto\/wp-content\/gallery\/2021_08_27-29_todays\/cache\/IMG_5581.jpg-nggid0525344-ngg0dyn-60x60x100-00f0w010c011r110f110r010t010.jpg\"\n                    width=\"60\"\n                    height=\"60\"\n                    style=\"max-width:100%;\"\n                \/>\n            <\/a>\n        <\/div>\n\t\t\t\t\t\t\t<\/div> \n\t\t\t\n        \n\t\t\t\t<div id=\"ngg-image-57\" class=\"ngg-gallery-thumbnail-box\" >\n\t\t\t\t        <div class=\"ngg-gallery-thumbnail\">\n            <a href=\"http:\/\/www.spaziotorino.it\/scatto\/wp-content\/gallery\/2021_08_27-29_todays\/IMG_5635.jpg\"\n               title=\"Erlend \u00d8ye &amp; La Comitiva - 29\/9\"\n               data-src=\"http:\/\/www.spaziotorino.it\/scatto\/wp-content\/gallery\/2021_08_27-29_todays\/IMG_5635.jpg\"\n               data-thumbnail=\"http:\/\/www.spaziotorino.it\/scatto\/wp-content\/gallery\/2021_08_27-29_todays\/thumbs\/thumbs_IMG_5635.jpg\"\n               data-image-id=\"25345\"\n               data-title=\"Erlend \u00d8ye &amp; La Comitiva - 29\/9\"\n               data-description=\"Erlend \u00d8ye &amp; La Comitiva - 29\/9\"\n               data-image-slug=\"img_5635\"\n               class=\"ngg-fancybox\" rel=\"2d8c8fc5056e0d13d19d9365793a3df7\">\n                <img\n                    title=\"Erlend \u00d8ye &amp; La Comitiva - 29\/9\"\n                    alt=\"Erlend \u00d8ye &amp; La Comitiva - 29\/9\"\n                    src=\"http:\/\/www.spaziotorino.it\/scatto\/wp-content\/gallery\/2021_08_27-29_todays\/cache\/IMG_5635.jpg-nggid0525345-ngg0dyn-60x60x100-00f0w010c011r110f110r010t010.jpg\"\n                    width=\"60\"\n                    height=\"60\"\n                    style=\"max-width:100%;\"\n                \/>\n            <\/a>\n        <\/div>\n\t\t\t\t\t\t\t<\/div> \n\t\t\t\n        \n\t\t\t\t<div id=\"ngg-image-58\" class=\"ngg-gallery-thumbnail-box\" >\n\t\t\t\t        <div class=\"ngg-gallery-thumbnail\">\n            <a href=\"http:\/\/www.spaziotorino.it\/scatto\/wp-content\/gallery\/2021_08_27-29_todays\/IMG_5605.jpg\"\n               title=\"Erlend \u00d8ye &amp; La Comitiva - 29\/9\"\n               data-src=\"http:\/\/www.spaziotorino.it\/scatto\/wp-content\/gallery\/2021_08_27-29_todays\/IMG_5605.jpg\"\n               data-thumbnail=\"http:\/\/www.spaziotorino.it\/scatto\/wp-content\/gallery\/2021_08_27-29_todays\/thumbs\/thumbs_IMG_5605.jpg\"\n               data-image-id=\"25346\"\n               data-title=\"Erlend \u00d8ye &amp; La Comitiva - 29\/9\"\n               data-description=\"Erlend \u00d8ye &amp; La Comitiva - 29\/9\"\n               data-image-slug=\"img_5605\"\n               class=\"ngg-fancybox\" rel=\"2d8c8fc5056e0d13d19d9365793a3df7\">\n                <img\n                    title=\"Erlend \u00d8ye &amp; La Comitiva - 29\/9\"\n                    alt=\"Erlend \u00d8ye &amp; La Comitiva - 29\/9\"\n                    src=\"http:\/\/www.spaziotorino.it\/scatto\/wp-content\/gallery\/2021_08_27-29_todays\/cache\/IMG_5605.jpg-nggid0525346-ngg0dyn-60x60x100-00f0w010c011r110f110r010t010.jpg\"\n                    width=\"60\"\n                    height=\"60\"\n                    style=\"max-width:100%;\"\n                \/>\n            <\/a>\n        <\/div>\n\t\t\t\t\t\t\t<\/div> \n\t\t\t\n        \n\t\t\t\t<div id=\"ngg-image-59\" class=\"ngg-gallery-thumbnail-box\" >\n\t\t\t\t        <div class=\"ngg-gallery-thumbnail\">\n            <a href=\"http:\/\/www.spaziotorino.it\/scatto\/wp-content\/gallery\/2021_08_27-29_todays\/IMG_5638.jpg\"\n               title=\"Erlend \u00d8ye &amp; La Comitiva - 29\/9\"\n               data-src=\"http:\/\/www.spaziotorino.it\/scatto\/wp-content\/gallery\/2021_08_27-29_todays\/IMG_5638.jpg\"\n               data-thumbnail=\"http:\/\/www.spaziotorino.it\/scatto\/wp-content\/gallery\/2021_08_27-29_todays\/thumbs\/thumbs_IMG_5638.jpg\"\n               data-image-id=\"25347\"\n               data-title=\"Erlend \u00d8ye &amp; La Comitiva - 29\/9\"\n               data-description=\"Erlend \u00d8ye &amp; La Comitiva - 29\/9\"\n               data-image-slug=\"img_5638-1\"\n               class=\"ngg-fancybox\" rel=\"2d8c8fc5056e0d13d19d9365793a3df7\">\n                <img\n                    title=\"Erlend \u00d8ye &amp; La Comitiva - 29\/9\"\n                    alt=\"Erlend \u00d8ye &amp; La Comitiva - 29\/9\"\n                    src=\"http:\/\/www.spaziotorino.it\/scatto\/wp-content\/gallery\/2021_08_27-29_todays\/cache\/IMG_5638.jpg-nggid0525347-ngg0dyn-60x60x100-00f0w010c011r110f110r010t010.jpg\"\n                    width=\"60\"\n                    height=\"60\"\n                    style=\"max-width:100%;\"\n                \/>\n            <\/a>\n        <\/div>\n\t\t\t\t\t\t\t<\/div> \n\t\t\t\n        \n\t\t\t\t<div id=\"ngg-image-60\" class=\"ngg-gallery-thumbnail-box\" >\n\t\t\t\t        <div class=\"ngg-gallery-thumbnail\">\n            <a href=\"http:\/\/www.spaziotorino.it\/scatto\/wp-content\/gallery\/2021_08_27-29_todays\/pla_5663.jpg\"\n               title=\"Motta - 29\/9\"\n               data-src=\"http:\/\/www.spaziotorino.it\/scatto\/wp-content\/gallery\/2021_08_27-29_todays\/pla_5663.jpg\"\n               data-thumbnail=\"http:\/\/www.spaziotorino.it\/scatto\/wp-content\/gallery\/2021_08_27-29_todays\/thumbs\/thumbs_pla_5663.jpg\"\n               data-image-id=\"25337\"\n               data-title=\"Motta - 29\/9\"\n               data-description=\"Motta - 29\/9\"\n               data-image-slug=\"pla_5663\"\n               class=\"ngg-fancybox\" rel=\"2d8c8fc5056e0d13d19d9365793a3df7\">\n                <img\n                    title=\"Motta - 29\/9\"\n                    alt=\"Motta - 29\/9\"\n                    src=\"http:\/\/www.spaziotorino.it\/scatto\/wp-content\/gallery\/2021_08_27-29_todays\/cache\/pla_5663.jpg-nggid0525337-ngg0dyn-60x60x100-00f0w010c011r110f110r010t010.jpg\"\n                    width=\"60\"\n                    height=\"60\"\n                    style=\"max-width:100%;\"\n                \/>\n            <\/a>\n        <\/div>\n\t\t\t\t\t\t\t<\/div> \n\t\t\t\n        \n\t\t\t\t<div id=\"ngg-image-61\" class=\"ngg-gallery-thumbnail-box\" >\n\t\t\t\t        <div class=\"ngg-gallery-thumbnail\">\n            <a href=\"http:\/\/www.spaziotorino.it\/scatto\/wp-content\/gallery\/2021_08_27-29_todays\/pla_5765.jpg\"\n               title=\"Motta - 29\/9\"\n               data-src=\"http:\/\/www.spaziotorino.it\/scatto\/wp-content\/gallery\/2021_08_27-29_todays\/pla_5765.jpg\"\n               data-thumbnail=\"http:\/\/www.spaziotorino.it\/scatto\/wp-content\/gallery\/2021_08_27-29_todays\/thumbs\/thumbs_pla_5765.jpg\"\n               data-image-id=\"25338\"\n               data-title=\"Motta - 29\/9\"\n               data-description=\"Motta - 29\/9\"\n               data-image-slug=\"pla_5765\"\n               class=\"ngg-fancybox\" rel=\"2d8c8fc5056e0d13d19d9365793a3df7\">\n                <img\n                    title=\"Motta - 29\/9\"\n                    alt=\"Motta - 29\/9\"\n                    src=\"http:\/\/www.spaziotorino.it\/scatto\/wp-content\/gallery\/2021_08_27-29_todays\/cache\/pla_5765.jpg-nggid0525338-ngg0dyn-60x60x100-00f0w010c011r110f110r010t010.jpg\"\n                    width=\"60\"\n                    height=\"60\"\n                    style=\"max-width:100%;\"\n                \/>\n            <\/a>\n        <\/div>\n\t\t\t\t\t\t\t<\/div> \n\t\t\t\n        \n\t\t\t\t<div id=\"ngg-image-62\" class=\"ngg-gallery-thumbnail-box\" >\n\t\t\t\t        <div class=\"ngg-gallery-thumbnail\">\n            <a href=\"http:\/\/www.spaziotorino.it\/scatto\/wp-content\/gallery\/2021_08_27-29_todays\/pla_5785.jpg\"\n               title=\"Motta - 29\/9\"\n               data-src=\"http:\/\/www.spaziotorino.it\/scatto\/wp-content\/gallery\/2021_08_27-29_todays\/pla_5785.jpg\"\n               data-thumbnail=\"http:\/\/www.spaziotorino.it\/scatto\/wp-content\/gallery\/2021_08_27-29_todays\/thumbs\/thumbs_pla_5785.jpg\"\n               data-image-id=\"25339\"\n               data-title=\"Motta - 29\/9\"\n               data-description=\"Motta - 29\/9\"\n               data-image-slug=\"pla_5785\"\n               class=\"ngg-fancybox\" rel=\"2d8c8fc5056e0d13d19d9365793a3df7\">\n                <img\n                    title=\"Motta - 29\/9\"\n                    alt=\"Motta - 29\/9\"\n                    src=\"http:\/\/www.spaziotorino.it\/scatto\/wp-content\/gallery\/2021_08_27-29_todays\/cache\/pla_5785.jpg-nggid0525339-ngg0dyn-60x60x100-00f0w010c011r110f110r010t010.jpg\"\n                    width=\"60\"\n                    height=\"60\"\n                    style=\"max-width:100%;\"\n                \/>\n            <\/a>\n        <\/div>\n\t\t\t\t\t\t\t<\/div> \n\t\t\t\n        \n\t\t\t\t<div id=\"ngg-image-63\" class=\"ngg-gallery-thumbnail-box\" >\n\t\t\t\t        <div class=\"ngg-gallery-thumbnail\">\n            <a href=\"http:\/\/www.spaziotorino.it\/scatto\/wp-content\/gallery\/2021_08_27-29_todays\/pla_5832.jpg\"\n               title=\"Motta - 29\/9\"\n               data-src=\"http:\/\/www.spaziotorino.it\/scatto\/wp-content\/gallery\/2021_08_27-29_todays\/pla_5832.jpg\"\n               data-thumbnail=\"http:\/\/www.spaziotorino.it\/scatto\/wp-content\/gallery\/2021_08_27-29_todays\/thumbs\/thumbs_pla_5832.jpg\"\n               data-image-id=\"25341\"\n               data-title=\"Motta - 29\/9\"\n               data-description=\"Motta - 29\/9\"\n               data-image-slug=\"pla_5832\"\n               class=\"ngg-fancybox\" rel=\"2d8c8fc5056e0d13d19d9365793a3df7\">\n                <img\n                    title=\"Motta - 29\/9\"\n                    alt=\"Motta - 29\/9\"\n                    src=\"http:\/\/www.spaziotorino.it\/scatto\/wp-content\/gallery\/2021_08_27-29_todays\/cache\/pla_5832.jpg-nggid0525341-ngg0dyn-60x60x100-00f0w010c011r110f110r010t010.jpg\"\n                    width=\"60\"\n                    height=\"60\"\n                    style=\"max-width:100%;\"\n                \/>\n            <\/a>\n        <\/div>\n\t\t\t\t\t\t\t<\/div> \n\t\t\t\n        \n\t\t\t\t<div id=\"ngg-image-64\" class=\"ngg-gallery-thumbnail-box\" >\n\t\t\t\t        <div class=\"ngg-gallery-thumbnail\">\n            <a href=\"http:\/\/www.spaziotorino.it\/scatto\/wp-content\/gallery\/2021_08_27-29_todays\/pla_5856.jpg\"\n               title=\"Motta - 29\/9\"\n               data-src=\"http:\/\/www.spaziotorino.it\/scatto\/wp-content\/gallery\/2021_08_27-29_todays\/pla_5856.jpg\"\n               data-thumbnail=\"http:\/\/www.spaziotorino.it\/scatto\/wp-content\/gallery\/2021_08_27-29_todays\/thumbs\/thumbs_pla_5856.jpg\"\n               data-image-id=\"25340\"\n               data-title=\"Motta - 29\/9\"\n               data-description=\"Motta - 29\/9\"\n               data-image-slug=\"pla_5856\"\n               class=\"ngg-fancybox\" rel=\"2d8c8fc5056e0d13d19d9365793a3df7\">\n                <img\n                    title=\"Motta - 29\/9\"\n                    alt=\"Motta - 29\/9\"\n                    src=\"http:\/\/www.spaziotorino.it\/scatto\/wp-content\/gallery\/2021_08_27-29_todays\/cache\/pla_5856.jpg-nggid0525340-ngg0dyn-60x60x100-00f0w010c011r110f110r010t010.jpg\"\n                    width=\"60\"\n                    height=\"60\"\n                    style=\"max-width:100%;\"\n                \/>\n            <\/a>\n        <\/div>\n\t\t\t\t\t\t\t<\/div> \n\t\t\t\n        \n\t\t\t\t<div id=\"ngg-image-65\" class=\"ngg-gallery-thumbnail-box\" >\n\t\t\t\t        <div class=\"ngg-gallery-thumbnail\">\n            <a href=\"http:\/\/www.spaziotorino.it\/scatto\/wp-content\/gallery\/2021_08_27-29_todays\/pla_5873.jpg\"\n               title=\"Motta - 29\/9\"\n               data-src=\"http:\/\/www.spaziotorino.it\/scatto\/wp-content\/gallery\/2021_08_27-29_todays\/pla_5873.jpg\"\n               data-thumbnail=\"http:\/\/www.spaziotorino.it\/scatto\/wp-content\/gallery\/2021_08_27-29_todays\/thumbs\/thumbs_pla_5873.jpg\"\n               data-image-id=\"25273\"\n               data-title=\"Motta - 29\/9\"\n               data-description=\"Motta - 29\/9\"\n               data-image-slug=\"pla_5873\"\n               class=\"ngg-fancybox\" rel=\"2d8c8fc5056e0d13d19d9365793a3df7\">\n                <img\n                    title=\"Motta - 29\/9\"\n                    alt=\"Motta - 29\/9\"\n                    src=\"http:\/\/www.spaziotorino.it\/scatto\/wp-content\/gallery\/2021_08_27-29_todays\/cache\/pla_5873.jpg-nggid0525273-ngg0dyn-60x60x100-00f0w010c011r110f110r010t010.jpg\"\n                    width=\"60\"\n                    height=\"60\"\n                    style=\"max-width:100%;\"\n                \/>\n            <\/a>\n        <\/div>\n\t\t\t\t\t\t\t<\/div> \n\t\t\t\n        \n\t\t\t\t<div id=\"ngg-image-66\" class=\"ngg-gallery-thumbnail-box\" >\n\t\t\t\t        <div class=\"ngg-gallery-thumbnail\">\n            <a href=\"http:\/\/www.spaziotorino.it\/scatto\/wp-content\/gallery\/2021_08_27-29_todays\/pla_5898.jpg\"\n               title=\"Motta - 29\/9\"\n               data-src=\"http:\/\/www.spaziotorino.it\/scatto\/wp-content\/gallery\/2021_08_27-29_todays\/pla_5898.jpg\"\n               data-thumbnail=\"http:\/\/www.spaziotorino.it\/scatto\/wp-content\/gallery\/2021_08_27-29_todays\/thumbs\/thumbs_pla_5898.jpg\"\n               data-image-id=\"25276\"\n               data-title=\"Motta - 29\/9\"\n               data-description=\"Motta - 29\/9\"\n               data-image-slug=\"pla_5898\"\n               class=\"ngg-fancybox\" rel=\"2d8c8fc5056e0d13d19d9365793a3df7\">\n                <img\n                    title=\"Motta - 29\/9\"\n                    alt=\"Motta - 29\/9\"\n                    src=\"http:\/\/www.spaziotorino.it\/scatto\/wp-content\/gallery\/2021_08_27-29_todays\/cache\/pla_5898.jpg-nggid0525276-ngg0dyn-60x60x100-00f0w010c011r110f110r010t010.jpg\"\n                    width=\"60\"\n                    height=\"60\"\n                    style=\"max-width:100%;\"\n                \/>\n            <\/a>\n        <\/div>\n\t\t\t\t\t\t\t<\/div> \n\t\t\t\n        \n\t\t\t\t<div id=\"ngg-image-67\" class=\"ngg-gallery-thumbnail-box\" >\n\t\t\t\t        <div class=\"ngg-gallery-thumbnail\">\n            <a href=\"http:\/\/www.spaziotorino.it\/scatto\/wp-content\/gallery\/2021_08_27-29_todays\/pla_5937.jpg\"\n               title=\"Motta - 29\/9\"\n               data-src=\"http:\/\/www.spaziotorino.it\/scatto\/wp-content\/gallery\/2021_08_27-29_todays\/pla_5937.jpg\"\n               data-thumbnail=\"http:\/\/www.spaziotorino.it\/scatto\/wp-content\/gallery\/2021_08_27-29_todays\/thumbs\/thumbs_pla_5937.jpg\"\n               data-image-id=\"25277\"\n               data-title=\"Motta - 29\/9\"\n               data-description=\"Motta - 29\/9\"\n               data-image-slug=\"pla_5937\"\n               class=\"ngg-fancybox\" rel=\"2d8c8fc5056e0d13d19d9365793a3df7\">\n                <img\n                    title=\"Motta - 29\/9\"\n                    alt=\"Motta - 29\/9\"\n                    src=\"http:\/\/www.spaziotorino.it\/scatto\/wp-content\/gallery\/2021_08_27-29_todays\/cache\/pla_5937.jpg-nggid0525277-ngg0dyn-60x60x100-00f0w010c011r110f110r010t010.jpg\"\n                    width=\"60\"\n                    height=\"60\"\n                    style=\"max-width:100%;\"\n                \/>\n            <\/a>\n        <\/div>\n\t\t\t\t\t\t\t<\/div> \n\t\t\t\n        \n\t\t\t\t<div id=\"ngg-image-68\" class=\"ngg-gallery-thumbnail-box\" >\n\t\t\t\t        <div class=\"ngg-gallery-thumbnail\">\n            <a href=\"http:\/\/www.spaziotorino.it\/scatto\/wp-content\/gallery\/2021_08_27-29_todays\/pla_5953.jpg\"\n               title=\"Shame - 29\/9\"\n               data-src=\"http:\/\/www.spaziotorino.it\/scatto\/wp-content\/gallery\/2021_08_27-29_todays\/pla_5953.jpg\"\n               data-thumbnail=\"http:\/\/www.spaziotorino.it\/scatto\/wp-content\/gallery\/2021_08_27-29_todays\/thumbs\/thumbs_pla_5953.jpg\"\n               data-image-id=\"25278\"\n               data-title=\"Shame - 29\/9\"\n               data-description=\"Shame - 29\/9\"\n               data-image-slug=\"pla_5953\"\n               class=\"ngg-fancybox\" rel=\"2d8c8fc5056e0d13d19d9365793a3df7\">\n                <img\n                    title=\"Shame - 29\/9\"\n                    alt=\"Shame - 29\/9\"\n                    src=\"http:\/\/www.spaziotorino.it\/scatto\/wp-content\/gallery\/2021_08_27-29_todays\/cache\/pla_5953.jpg-nggid0525278-ngg0dyn-60x60x100-00f0w010c011r110f110r010t010.jpg\"\n                    width=\"60\"\n                    height=\"60\"\n                    style=\"max-width:100%;\"\n                \/>\n            <\/a>\n        <\/div>\n\t\t\t\t\t\t\t<\/div> \n\t\t\t\n        \n\t\t\t\t<div id=\"ngg-image-69\" class=\"ngg-gallery-thumbnail-box\" >\n\t\t\t\t        <div class=\"ngg-gallery-thumbnail\">\n            <a href=\"http:\/\/www.spaziotorino.it\/scatto\/wp-content\/gallery\/2021_08_27-29_todays\/pla_5959.jpg\"\n               title=\"Shame - 29\/9\"\n               data-src=\"http:\/\/www.spaziotorino.it\/scatto\/wp-content\/gallery\/2021_08_27-29_todays\/pla_5959.jpg\"\n               data-thumbnail=\"http:\/\/www.spaziotorino.it\/scatto\/wp-content\/gallery\/2021_08_27-29_todays\/thumbs\/thumbs_pla_5959.jpg\"\n               data-image-id=\"25274\"\n               data-title=\"Shame - 29\/9\"\n               data-description=\"Shame - 29\/9\"\n               data-image-slug=\"pla_5959\"\n               class=\"ngg-fancybox\" rel=\"2d8c8fc5056e0d13d19d9365793a3df7\">\n                <img\n                    title=\"Shame - 29\/9\"\n                    alt=\"Shame - 29\/9\"\n                    src=\"http:\/\/www.spaziotorino.it\/scatto\/wp-content\/gallery\/2021_08_27-29_todays\/cache\/pla_5959.jpg-nggid0525274-ngg0dyn-60x60x100-00f0w010c011r110f110r010t010.jpg\"\n                    width=\"60\"\n                    height=\"60\"\n                    style=\"max-width:100%;\"\n                \/>\n            <\/a>\n        <\/div>\n\t\t\t\t\t\t\t<\/div> \n\t\t\t\n        \n\t\t\t\t<div id=\"ngg-image-70\" class=\"ngg-gallery-thumbnail-box\" >\n\t\t\t\t        <div class=\"ngg-gallery-thumbnail\">\n            <a href=\"http:\/\/www.spaziotorino.it\/scatto\/wp-content\/gallery\/2021_08_27-29_todays\/pla_5986.jpg\"\n               title=\"Shame - 29\/9\"\n               data-src=\"http:\/\/www.spaziotorino.it\/scatto\/wp-content\/gallery\/2021_08_27-29_todays\/pla_5986.jpg\"\n               data-thumbnail=\"http:\/\/www.spaziotorino.it\/scatto\/wp-content\/gallery\/2021_08_27-29_todays\/thumbs\/thumbs_pla_5986.jpg\"\n               data-image-id=\"25275\"\n               data-title=\"Shame - 29\/9\"\n               data-description=\"Shame - 29\/9\"\n               data-image-slug=\"pla_5986\"\n               class=\"ngg-fancybox\" rel=\"2d8c8fc5056e0d13d19d9365793a3df7\">\n                <img\n                    title=\"Shame - 29\/9\"\n                    alt=\"Shame - 29\/9\"\n                    src=\"http:\/\/www.spaziotorino.it\/scatto\/wp-content\/gallery\/2021_08_27-29_todays\/cache\/pla_5986.jpg-nggid0525275-ngg0dyn-60x60x100-00f0w010c011r110f110r010t010.jpg\"\n                    width=\"60\"\n                    height=\"60\"\n                    style=\"max-width:100%;\"\n                \/>\n            <\/a>\n        <\/div>\n\t\t\t\t\t\t\t<\/div> \n\t\t\t\n        \n\t\t\t\t<div id=\"ngg-image-71\" class=\"ngg-gallery-thumbnail-box\" >\n\t\t\t\t        <div class=\"ngg-gallery-thumbnail\">\n            <a href=\"http:\/\/www.spaziotorino.it\/scatto\/wp-content\/gallery\/2021_08_27-29_todays\/pla_6042.jpg\"\n               title=\"Shame - 29\/9\"\n               data-src=\"http:\/\/www.spaziotorino.it\/scatto\/wp-content\/gallery\/2021_08_27-29_todays\/pla_6042.jpg\"\n               data-thumbnail=\"http:\/\/www.spaziotorino.it\/scatto\/wp-content\/gallery\/2021_08_27-29_todays\/thumbs\/thumbs_pla_6042.jpg\"\n               data-image-id=\"25279\"\n               data-title=\"Shame - 29\/9\"\n               data-description=\"Shame - 29\/9\"\n               data-image-slug=\"pla_6042\"\n               class=\"ngg-fancybox\" rel=\"2d8c8fc5056e0d13d19d9365793a3df7\">\n                <img\n                    title=\"Shame - 29\/9\"\n                    alt=\"Shame - 29\/9\"\n                    src=\"http:\/\/www.spaziotorino.it\/scatto\/wp-content\/gallery\/2021_08_27-29_todays\/cache\/pla_6042.jpg-nggid0525279-ngg0dyn-60x60x100-00f0w010c011r110f110r010t010.jpg\"\n                    width=\"60\"\n                    height=\"60\"\n                    style=\"max-width:100%;\"\n                \/>\n            <\/a>\n        <\/div>\n\t\t\t\t\t\t\t<\/div> \n\t\t\t\n        \n\t\t\t\t<div id=\"ngg-image-72\" class=\"ngg-gallery-thumbnail-box\" >\n\t\t\t\t        <div class=\"ngg-gallery-thumbnail\">\n            <a href=\"http:\/\/www.spaziotorino.it\/scatto\/wp-content\/gallery\/2021_08_27-29_todays\/pla_6109.jpg\"\n               title=\"Shame - 29\/9\"\n               data-src=\"http:\/\/www.spaziotorino.it\/scatto\/wp-content\/gallery\/2021_08_27-29_todays\/pla_6109.jpg\"\n               data-thumbnail=\"http:\/\/www.spaziotorino.it\/scatto\/wp-content\/gallery\/2021_08_27-29_todays\/thumbs\/thumbs_pla_6109.jpg\"\n               data-image-id=\"25280\"\n               data-title=\"Shame - 29\/9\"\n               data-description=\"Shame - 29\/9\"\n               data-image-slug=\"pla_6109\"\n               class=\"ngg-fancybox\" rel=\"2d8c8fc5056e0d13d19d9365793a3df7\">\n                <img\n                    title=\"Shame - 29\/9\"\n                    alt=\"Shame - 29\/9\"\n                    src=\"http:\/\/www.spaziotorino.it\/scatto\/wp-content\/gallery\/2021_08_27-29_todays\/cache\/pla_6109.jpg-nggid0525280-ngg0dyn-60x60x100-00f0w010c011r110f110r010t010.jpg\"\n                    width=\"60\"\n                    height=\"60\"\n                    style=\"max-width:100%;\"\n                \/>\n            <\/a>\n        <\/div>\n\t\t\t\t\t\t\t<\/div> \n\t\t\t\n        \n\t\t\t\t<div id=\"ngg-image-73\" class=\"ngg-gallery-thumbnail-box\" >\n\t\t\t\t        <div class=\"ngg-gallery-thumbnail\">\n            <a href=\"http:\/\/www.spaziotorino.it\/scatto\/wp-content\/gallery\/2021_08_27-29_todays\/pla_6110.jpg\"\n               title=\"Shame - 29\/9\"\n               data-src=\"http:\/\/www.spaziotorino.it\/scatto\/wp-content\/gallery\/2021_08_27-29_todays\/pla_6110.jpg\"\n               data-thumbnail=\"http:\/\/www.spaziotorino.it\/scatto\/wp-content\/gallery\/2021_08_27-29_todays\/thumbs\/thumbs_pla_6110.jpg\"\n               data-image-id=\"25281\"\n               data-title=\"Shame - 29\/9\"\n               data-description=\"Shame - 29\/9\"\n               data-image-slug=\"pla_6110\"\n               class=\"ngg-fancybox\" rel=\"2d8c8fc5056e0d13d19d9365793a3df7\">\n                <img\n                    title=\"Shame - 29\/9\"\n                    alt=\"Shame - 29\/9\"\n                    src=\"http:\/\/www.spaziotorino.it\/scatto\/wp-content\/gallery\/2021_08_27-29_todays\/cache\/pla_6110.jpg-nggid0525281-ngg0dyn-60x60x100-00f0w010c011r110f110r010t010.jpg\"\n                    width=\"60\"\n                    height=\"60\"\n                    style=\"max-width:100%;\"\n                \/>\n            <\/a>\n        <\/div>\n\t\t\t\t\t\t\t<\/div> \n\t\t\t\n        \n\t\t\t\t<div id=\"ngg-image-74\" class=\"ngg-gallery-thumbnail-box\" >\n\t\t\t\t        <div class=\"ngg-gallery-thumbnail\">\n            <a href=\"http:\/\/www.spaziotorino.it\/scatto\/wp-content\/gallery\/2021_08_27-29_todays\/pla_6144.jpg\"\n               title=\"Shame - 29\/9\"\n               data-src=\"http:\/\/www.spaziotorino.it\/scatto\/wp-content\/gallery\/2021_08_27-29_todays\/pla_6144.jpg\"\n               data-thumbnail=\"http:\/\/www.spaziotorino.it\/scatto\/wp-content\/gallery\/2021_08_27-29_todays\/thumbs\/thumbs_pla_6144.jpg\"\n               data-image-id=\"25282\"\n               data-title=\"Shame - 29\/9\"\n               data-description=\"Shame - 29\/9\"\n               data-image-slug=\"pla_6144-1\"\n               class=\"ngg-fancybox\" rel=\"2d8c8fc5056e0d13d19d9365793a3df7\">\n                <img\n                    title=\"Shame - 29\/9\"\n                    alt=\"Shame - 29\/9\"\n                    src=\"http:\/\/www.spaziotorino.it\/scatto\/wp-content\/gallery\/2021_08_27-29_todays\/cache\/pla_6144.jpg-nggid0525282-ngg0dyn-60x60x100-00f0w010c011r110f110r010t010.jpg\"\n                    width=\"60\"\n                    height=\"60\"\n                    style=\"max-width:100%;\"\n                \/>\n            <\/a>\n        <\/div>\n\t\t\t\t\t\t\t<\/div> \n\t\t\t\n        \n\t\t\n\t\t<!-- Pagination -->\n\t<div class='ngg-clear'><\/div>\t<\/div>\n\n<p><b>Da gioved\u00ec 26 a domenica 29 agosto<\/b>&nbsp;migliaia di persone di ogni et\u00e0 e provenienza<b>&nbsp;<\/b>hanno attraversato l\u2019asse nord di Torino per assistere alla sesta edizione di&nbsp;<b>TODAYS Festival<\/b>, tra i pi\u00f9 grandi festival di musica riconosciuti in Italia a livello&nbsp;internazionale.&nbsp;<br \/>\nOltre&nbsp;<b>30 ore di musica, arte e performance&nbsp;<\/b>per scoprire artisti fuori dall\u2019ordinario, oltre qualsiasi convenzione, su un&nbsp;vero e proprio&nbsp;<b>palcoscenico urbano di spazi rigenerati<\/b>,<b>&nbsp;<\/b>che ha visto il suo quartier generale nei luoghi di condivisione e aggregazione che sono<b>sPAZIO211<\/b>,<b>&nbsp;l\u2019ex fabbrica INCET<\/b>e il<b>&nbsp;Parco Aurelio Peccei<\/b>, nella fiera periferia della citt\u00e0.<\/p>\n<p>In un momento storico di assoluta incertezza e complessit\u00e0, il festival della&nbsp;<b>Citt\u00e0 di Torino<\/b>&nbsp;si \u00e8 confermato visionario e ambizioso: se esperienza non \u00e8 quello che ci capita, ma quello che facciamo con quel che ci capita, questi&nbsp;<b>quattro giorni completamente SOLD OUT<\/b>&nbsp;<b>gi\u00e0 in prevendita<\/b>&nbsp;con&nbsp;<b>148 artisti<\/b>&nbsp;per&nbsp;<b>14 band<\/b>, delle quali&nbsp;<b>7 per la prima volta in Italia,<\/b>&nbsp;sono il risultato di un&nbsp;<b>percorso identitario preciso e focalizzato<\/b>, che vuole superare la visione di un mondo che gi\u00e0 c\u2019\u00e8 e andare oltre l\u2019inatteso.<br \/>\nD\u2019altronde la differenza la fa sempre quello che non ci basta mai.&nbsp;<\/p>\n<p class=\"ox-465469a9b3-p1\">Nel 2021 TOdays \u00e8&nbsp;<b>l\u2019unico festival in Italia a proporre una line up con pi\u00f9 artisti internazionali<\/b>, provenienti da&nbsp;<b>Inghilterra, Francia, Islanda, Svezia, Germania, sud Africa<\/b>.&nbsp;<br \/>\nCon l\u2019impegno, la responsabilit\u00e0 e l\u2019ascolto attento della propria comunit\u00e0 di riferimento, TOdays ha saputo rischiare e dare una risposta concreta all&#8217;esigenza&nbsp;di arte, musica e divertimento del proprio pubblico.&nbsp;<br \/>\nNon solo gli artisti, anche per gli&nbsp;<b>spettatori<\/b>&nbsp;si \u00e8 registrata una&nbsp;<b>importante affluenza dall\u2019estero<\/b>, in particolare da&nbsp;<b>Spagna, Inghilterra, Francia, Croazia, Slovenia, Svizzera, Germania e USA<\/b>, oltre naturalmente a tutta Italia.<\/p>\n<p>\u201c<i>L\u2019attesa, i numeri e la partecipazione attenta del pubblico di TOdays 2021 sono la pi\u00f9 grande ricompensa allo straordinario impegno profuso in questi mesi molto complessi. Una risposta che gratifica e valorizza lo sforzo della direzione artistica, dello staff organizzativo e di tutti coloro che con grande professionalit\u00e0 hanno contribuito alla realizzazione di TOdays 2021. I risultati di questa ambiziosa edizione di TOdays superano le nostre aspettative e ci restituiscono entusiasmo per continuare a progettare con competenza i grandi eventi della Citt\u00e0 di Torino\u201d<\/i>, dichiara&nbsp;<b>Alessandro Isaia<\/b>, Segretario Generale di Fondazione per la Cultura Torino.&nbsp;<\/p>\n<p>Tra i momenti indimenticabili, il live di&nbsp;<a href=\"http:\/\/www.spaziotorino.it\/scatto\/?p=40379\"><b>Andrea Laszlo De Simone con l\u2019Immensit\u00e0 Orchestra<\/b><\/a>, che a pochi giorni dal TOdays ha annunciato il suo temporaneo ritiro dai palchi regalando un\u2019esperienza immersiva e onirica al suo pubblico estasiato; l\u2019anteprima esclusiva nazionale di&nbsp;<b>Teho Teardo<\/b>, in scena con la sonorizzazione di&nbsp;<b><i>La Jet\u00e9e<\/i><\/b>&nbsp;di Chris Marker, con il contributo dell\u2019attore&nbsp;<b>Michele Riondino<\/b>&nbsp;e la regista&nbsp;<b>Liliana Cavani<\/b>; i giovanissimi&nbsp;<b>Black Midi<\/b>&nbsp;capaci di destrutturare e poi stravolgere i canoni del genere;&nbsp;<b>The Comet is Coming<\/b>&nbsp;di<b>&nbsp;Shabaka Hutching<\/b>&nbsp;hanno ipnotizzato il pubblico con la colonna sonora di una apocalisse musicale immaginaria;&nbsp;<b>Les Amazones d\u2019Afrique<\/b>&nbsp;sul palco della cattedrale industriale del Parco Peccei hanno cantato ed esortato le donne a vivere a testa alta, a restare unite; gli&nbsp;<b>Shame<\/b>, cinque ventenni di South London, hanno portato un audace, riottoso, sconvolgente e liberatorio post-punk in chiusura di un\u2019edizione memorabile del TOdays.<\/p>\n<p><i>\u201cDa sette anni TOdays non \u00e8 solo un festival qualunque, e non solo musica qualunque. Organizzare un festival in questi tempi travagliati \u00e8 assai complesso, ma se fermarsi \u00e8 un istinto, andare avanti \u00e8 stata la nostra scelta per fare un festival che raccontasse il presente nella tensione e nella paura in cui ci siamo trovati. Un\u2019edizione che ha voluto invitare il pubblico a spostare l\u2019asticella ancor pi\u00f9 in l\u00e0 e mettersi in discussione destrutturando il pop e osando sempre di pi\u00f9. Se prima del 2020 ci siamo raccontati una realt\u00e0 che non esisteva, adesso \u00e8 il momento di farci i conti, con questa realt\u00e0. Per quattro giorni Il pubblico \u00e8 diventato amplificatore di gioia e entusiasmo, risuonando all&#8217;unisono con la musica, fino al punto in cui non ha pi\u00f9 avuto importanza che fosse difficile, ma solo che fosse finalmente vero, e in un solo fine settimana \u00e8 potuto accadere tutto ci\u00f2 che sognavamo accadesse da oltre un anno\u201d<\/i>, commenta&nbsp;<b>Gianluca Gozzi<\/b>, direttore artistico di TODAYS Festival.<\/p>\n<p><b>Non solo musica.&nbsp;<\/b><br \/>\nAnche quest\u2019anno i&nbsp;<b>TOlab<\/b>&nbsp;si sono rivelati fondamentali, per dare voce a nuove idee a chi la musica la fa e a chi la ascolta. Luogo del confronto tra innovazione, musica, cultura e green economy \u00e8 stato il cortile interno dell\u2019ex Fabbrica Incet. La partecipazione all\u2019intenso programma pomeridiano di panel e workshop di TOdays ha visto sul palco ospiti da tutta Italia, tra professionisti, artisti e stakeholder.<\/p>\n<p><b>Un festival sempre pi\u00f9 sostenibile<br \/>\n<\/b>L\u2019edizione 2021 di TOdays ha rappresentato un punto di svolta sul terreno della sensibilit\u00e0 alle ormai ineludibili sfide ambientali.&nbsp;La citt\u00e0 di Torino in collaborazione con la Fondazione per la Cultura ha intrapreso un percorso per rendere pi\u00f9&nbsp;sostenibile i propri eventi, secondo la norma internazionale UNI ISO 20121:2013.&nbsp;<br \/>\n<b>Venti azioni sostenibili<\/b>&nbsp;per un festival dedicato al presente con lo sguardo dritto al futuro:&nbsp;grazie al progetto&nbsp;<b>Eco.Reverb<\/b>, TOdays 2021 ha rafforzato l\u2019impegno nella riduzione del suo impatto sull\u2019ambiente, riducendo emissioni di CO2 e aumentando la consapevolezza e il rispetto per il Pianeta per quel che riguarda in particolare, energia, mobilit\u00e0 sostenibile, rifiuti e riciclo.&nbsp;<br \/>\nL\u2019impegno di responsabilit\u00e0 e agire concreto ha voluto ispirare e motivare il pubblico della manifestazione ad un nuovo stile di vita pi\u00f9 responsabile per le generazioni future. Alcune delle azioni sostenibili sono realizzate in collaborazione con tante realt\u00e0 della Citt\u00e0 e sono state rese possibili grazie alle preziosa partnership con&nbsp;<b>Iren<\/b>.&nbsp;<br \/>\nTODAYS Festival nel 2021 non \u00e8 pi\u00f9 solo un evento che parla al presente, tutto pu\u00f2, anzi deve, essere declinato al futuro.&nbsp;<b>Ognuno pu\u00f2 fare la sua parte!&nbsp;<\/b><\/p>\n<p><strong>Arrivederci alla prossima edizione nel 2022.<\/strong><\/p>\n<p>Le<a href=\"http:\/\/www.spaziotorino.it\/scatto\/?p=40379\"> immagini della serata d&#8217;apertura del Festival &#8211; 26\/9\/2021<\/a><\/p>\n","protected":false},"excerpt":{"rendered":"<p>Da gioved\u00ec 26 a domenica 29 agosto&nbsp;migliaia di persone di ogni et\u00e0 e provenienza&nbsp;hanno attraversato l\u2019asse nord di Torino per assistere alla sesta edizione di&nbsp;TODAYS Festival, tra i pi\u00f9 grandi festival di musica riconosciuti in Italia a livello&nbsp;internazionale.&nbsp; Oltre&nbsp;30 ore di musica, arte e performance&nbsp;per scoprire artisti fuori dall\u2019ordinario, oltre qualsiasi convenzione, su un&nbsp;vero e [&hellip;]<\/p>\n","protected":false},"author":1,"featured_media":0,"comment_status":"closed","ping_status":"open","sticky":false,"template":"","format":"standard","meta":{"ngg_post_thumbnail":0},"categories":[133,1,134,154],"tags":[],"_links":{"self":[{"href":"http:\/\/www.spaziotorino.it\/scatto\/index.php?rest_route=\/wp\/v2\/posts\/40468"}],"collection":[{"href":"http:\/\/www.spaziotorino.it\/scatto\/index.php?rest_route=\/wp\/v2\/posts"}],"about":[{"href":"http:\/\/www.spaziotorino.it\/scatto\/index.php?rest_route=\/wp\/v2\/types\/post"}],"author":[{"embeddable":true,"href":"http:\/\/www.spaziotorino.it\/scatto\/index.php?rest_route=\/wp\/v2\/users\/1"}],"replies":[{"embeddable":true,"href":"http:\/\/www.spaziotorino.it\/scatto\/index.php?rest_route=%2Fwp%2Fv2%2Fcomments&post=40468"}],"version-history":[{"count":3,"href":"http:\/\/www.spaziotorino.it\/scatto\/index.php?rest_route=\/wp\/v2\/posts\/40468\/revisions"}],"predecessor-version":[{"id":40471,"href":"http:\/\/www.spaziotorino.it\/scatto\/index.php?rest_route=\/wp\/v2\/posts\/40468\/revisions\/40471"}],"wp:attachment":[{"href":"http:\/\/www.spaziotorino.it\/scatto\/index.php?rest_route=%2Fwp%2Fv2%2Fmedia&parent=40468"}],"wp:term":[{"taxonomy":"category","embeddable":true,"href":"http:\/\/www.spaziotorino.it\/scatto\/index.php?rest_route=%2Fwp%2Fv2%2Fcategories&post=40468"},{"taxonomy":"post_tag","embeddable":true,"href":"http:\/\/www.spaziotorino.it\/scatto\/index.php?rest_route=%2Fwp%2Fv2%2Ftags&post=40468"}],"curies":[{"name":"wp","href":"https:\/\/api.w.org\/{rel}","templated":true}]}}