{"id":40483,"date":"2021-09-03T11:41:11","date_gmt":"2021-09-03T10:41:11","guid":{"rendered":"http:\/\/www.spaziotorino.it\/scatto\/?p=40483"},"modified":"2021-09-03T11:41:11","modified_gmt":"2021-09-03T10:41:11","slug":"piazza-statuto-un-mantello-di-margherite-per-i-150-anni-del-traforo-del-frejus","status":"publish","type":"post","link":"http:\/\/www.spaziotorino.it\/scatto\/?p=40483","title":{"rendered":"Piazza Statuto: un mantello di margherite per i 150 anni del traforo del Frejus"},"content":{"rendered":"<p><a class=\"ngg-fancybox\" title=\"Piazza Statuto: un mantello di margherite per i 150 anni del traforo del Frejus\" href=\"http:\/\/www.spaziotorino.it\/scatto\/wp-content\/gallery\/2021_09_03_frejus\/pla_6226.jpg\" rel=\"lightbox[set_1674]\"><br \/>\n<img decoding=\"async\" loading=\"lazy\" class=\"ngg-singlepic\" title=\"Piazza Statuto: un mantello di margherite per i 150 anni del traforo del Frejus\" src=\"http:\/\/www.spaziotorino.it\/scatto\/wp-content\/gallery\/2021_09_03_frejus\/pla_6226.jpg\" alt=\"\" width=\"540\" height=\"360\"\/><\/a><\/p>\n<p><!-- index.php -->\n<div\n\tclass=\"ngg-galleryoverview ngg-ajax-pagination-none\"\n\tid=\"ngg-gallery-77d1d61003a93ff62181fcc923b719de-1\">\n\n    \t\t<!-- Thumbnails -->\n\t\t\t\t<div id=\"ngg-image-0\" class=\"ngg-gallery-thumbnail-box\" >\n\t\t\t\t        <div class=\"ngg-gallery-thumbnail\">\n            <a href=\"http:\/\/www.spaziotorino.it\/scatto\/wp-content\/gallery\/2021_09_03_frejus\/pla_6200.jpg\"\n               title=\"I titani fra le margherite\"\n               data-src=\"http:\/\/www.spaziotorino.it\/scatto\/wp-content\/gallery\/2021_09_03_frejus\/pla_6200.jpg\"\n               data-thumbnail=\"http:\/\/www.spaziotorino.it\/scatto\/wp-content\/gallery\/2021_09_03_frejus\/thumbs\/thumbs_pla_6200.jpg\"\n               data-image-id=\"25349\"\n               data-title=\"I titani fra le margherite\"\n               data-description=\"I titani fra le margherite\"\n               data-image-slug=\"pla_6200\"\n               class=\"ngg-fancybox\" rel=\"77d1d61003a93ff62181fcc923b719de\">\n                <img\n                    title=\"I titani fra le margherite\"\n                    alt=\"I titani fra le margherite\"\n                    src=\"http:\/\/www.spaziotorino.it\/scatto\/wp-content\/gallery\/2021_09_03_frejus\/cache\/pla_6200.jpg-nggid0525349-ngg0dyn-60x60x100-00f0w010c011r110f110r010t010.jpg\"\n                    width=\"60\"\n                    height=\"60\"\n                    style=\"max-width:100%;\"\n                \/>\n            <\/a>\n        <\/div>\n\t\t\t\t\t\t\t<\/div> \n\t\t\t\n        \n\t\t\t\t<div id=\"ngg-image-1\" class=\"ngg-gallery-thumbnail-box\" >\n\t\t\t\t        <div class=\"ngg-gallery-thumbnail\">\n            <a href=\"http:\/\/www.spaziotorino.it\/scatto\/wp-content\/gallery\/2021_09_03_frejus\/pla_6217.jpg\"\n               title=\"Monumento al Traforo del Cenisio - Frejus\"\n               data-src=\"http:\/\/www.spaziotorino.it\/scatto\/wp-content\/gallery\/2021_09_03_frejus\/pla_6217.jpg\"\n               data-thumbnail=\"http:\/\/www.spaziotorino.it\/scatto\/wp-content\/gallery\/2021_09_03_frejus\/thumbs\/thumbs_pla_6217.jpg\"\n               data-image-id=\"25350\"\n               data-title=\"Monumento al Traforo del Cenisio - Frejus\"\n               data-description=\"Monumento al Traforo del Cenisio - Frejus\"\n               data-image-slug=\"pla_6217\"\n               class=\"ngg-fancybox\" rel=\"77d1d61003a93ff62181fcc923b719de\">\n                <img\n                    title=\"Monumento al Traforo del Cenisio - Frejus\"\n                    alt=\"Monumento al Traforo del Cenisio - Frejus\"\n                    src=\"http:\/\/www.spaziotorino.it\/scatto\/wp-content\/gallery\/2021_09_03_frejus\/cache\/pla_6217.jpg-nggid0525350-ngg0dyn-60x60x100-00f0w010c011r110f110r010t010.jpg\"\n                    width=\"60\"\n                    height=\"60\"\n                    style=\"max-width:100%;\"\n                \/>\n            <\/a>\n        <\/div>\n\t\t\t\t\t\t\t<\/div> \n\t\t\t\n        \n\t\t\t\t<div id=\"ngg-image-2\" class=\"ngg-gallery-thumbnail-box\" >\n\t\t\t\t        <div class=\"ngg-gallery-thumbnail\">\n            <a href=\"http:\/\/www.spaziotorino.it\/scatto\/wp-content\/gallery\/2021_09_03_frejus\/pla_6224.jpg\"\n               title=\"I titani fra le margherite\"\n               data-src=\"http:\/\/www.spaziotorino.it\/scatto\/wp-content\/gallery\/2021_09_03_frejus\/pla_6224.jpg\"\n               data-thumbnail=\"http:\/\/www.spaziotorino.it\/scatto\/wp-content\/gallery\/2021_09_03_frejus\/thumbs\/thumbs_pla_6224.jpg\"\n               data-image-id=\"25351\"\n               data-title=\"I titani fra le margherite\"\n               data-description=\"I titani fra le margherite\"\n               data-image-slug=\"pla_6224\"\n               class=\"ngg-fancybox\" rel=\"77d1d61003a93ff62181fcc923b719de\">\n                <img\n                    title=\"I titani fra le margherite\"\n                    alt=\"I titani fra le margherite\"\n                    src=\"http:\/\/www.spaziotorino.it\/scatto\/wp-content\/gallery\/2021_09_03_frejus\/cache\/pla_6224.jpg-nggid0525351-ngg0dyn-60x60x100-00f0w010c011r110f110r010t010.jpg\"\n                    width=\"60\"\n                    height=\"60\"\n                    style=\"max-width:100%;\"\n                \/>\n            <\/a>\n        <\/div>\n\t\t\t\t\t\t\t<\/div> \n\t\t\t\n        \n\t\t\t\t<div id=\"ngg-image-3\" class=\"ngg-gallery-thumbnail-box\" >\n\t\t\t\t        <div class=\"ngg-gallery-thumbnail\">\n            <a href=\"http:\/\/www.spaziotorino.it\/scatto\/wp-content\/gallery\/2021_09_03_frejus\/pla_6198.jpg\"\n               title=\"TRAIFIORI del Frejus\"\n               data-src=\"http:\/\/www.spaziotorino.it\/scatto\/wp-content\/gallery\/2021_09_03_frejus\/pla_6198.jpg\"\n               data-thumbnail=\"http:\/\/www.spaziotorino.it\/scatto\/wp-content\/gallery\/2021_09_03_frejus\/thumbs\/thumbs_pla_6198.jpg\"\n               data-image-id=\"25352\"\n               data-title=\"TRAIFIORI del Frejus\"\n               data-description=\"TRAIFIORI del Frejus\"\n               data-image-slug=\"pla_6198\"\n               class=\"ngg-fancybox\" rel=\"77d1d61003a93ff62181fcc923b719de\">\n                <img\n                    title=\"TRAIFIORI del Frejus\"\n                    alt=\"TRAIFIORI del Frejus\"\n                    src=\"http:\/\/www.spaziotorino.it\/scatto\/wp-content\/gallery\/2021_09_03_frejus\/cache\/pla_6198.jpg-nggid0525352-ngg0dyn-60x60x100-00f0w010c011r110f110r010t010.jpg\"\n                    width=\"60\"\n                    height=\"60\"\n                    style=\"max-width:100%;\"\n                \/>\n            <\/a>\n        <\/div>\n\t\t\t\t\t\t\t<\/div> \n\t\t\t\n        \n\t\t\t\t<div id=\"ngg-image-4\" class=\"ngg-gallery-thumbnail-box\" >\n\t\t\t\t        <div class=\"ngg-gallery-thumbnail\">\n            <a href=\"http:\/\/www.spaziotorino.it\/scatto\/wp-content\/gallery\/2021_09_03_frejus\/pla_6221.jpg\"\n               title=\"Il genio alato, simbolo della scienza trionfante\"\n               data-src=\"http:\/\/www.spaziotorino.it\/scatto\/wp-content\/gallery\/2021_09_03_frejus\/pla_6221.jpg\"\n               data-thumbnail=\"http:\/\/www.spaziotorino.it\/scatto\/wp-content\/gallery\/2021_09_03_frejus\/thumbs\/thumbs_pla_6221.jpg\"\n               data-image-id=\"25353\"\n               data-title=\"Il genio alato, simbolo della scienza trionfante\"\n               data-description=\"Il genio alato, simbolo della scienza trionfante\"\n               data-image-slug=\"pla_6221\"\n               class=\"ngg-fancybox\" rel=\"77d1d61003a93ff62181fcc923b719de\">\n                <img\n                    title=\"Il genio alato, simbolo della scienza trionfante\"\n                    alt=\"Il genio alato, simbolo della scienza trionfante\"\n                    src=\"http:\/\/www.spaziotorino.it\/scatto\/wp-content\/gallery\/2021_09_03_frejus\/cache\/pla_6221.jpg-nggid0525353-ngg0dyn-60x60x100-00f0w010c011r110f110r010t010.jpg\"\n                    width=\"60\"\n                    height=\"60\"\n                    style=\"max-width:100%;\"\n                \/>\n            <\/a>\n        <\/div>\n\t\t\t\t\t\t\t<\/div> \n\t\t\t\n        \n\t\t\t\t<div id=\"ngg-image-5\" class=\"ngg-gallery-thumbnail-box\" >\n\t\t\t\t        <div class=\"ngg-gallery-thumbnail\">\n            <a href=\"http:\/\/www.spaziotorino.it\/scatto\/wp-content\/gallery\/2021_09_03_frejus\/pla_6234.jpg\"\n               title=\"Il genio alato, simbolo della scienza trionfante\"\n               data-src=\"http:\/\/www.spaziotorino.it\/scatto\/wp-content\/gallery\/2021_09_03_frejus\/pla_6234.jpg\"\n               data-thumbnail=\"http:\/\/www.spaziotorino.it\/scatto\/wp-content\/gallery\/2021_09_03_frejus\/thumbs\/thumbs_pla_6234.jpg\"\n               data-image-id=\"25354\"\n               data-title=\"Il genio alato, simbolo della scienza trionfante\"\n               data-description=\"Il genio alato, simbolo della scienza trionfante\"\n               data-image-slug=\"pla_6234\"\n               class=\"ngg-fancybox\" rel=\"77d1d61003a93ff62181fcc923b719de\">\n                <img\n                    title=\"Il genio alato, simbolo della scienza trionfante\"\n                    alt=\"Il genio alato, simbolo della scienza trionfante\"\n                    src=\"http:\/\/www.spaziotorino.it\/scatto\/wp-content\/gallery\/2021_09_03_frejus\/cache\/pla_6234.jpg-nggid0525354-ngg0dyn-60x60x100-00f0w010c011r110f110r010t010.jpg\"\n                    width=\"60\"\n                    height=\"60\"\n                    style=\"max-width:100%;\"\n                \/>\n            <\/a>\n        <\/div>\n\t\t\t\t\t\t\t<\/div> \n\t\t\t\n        \n\t\t\t\t<div id=\"ngg-image-6\" class=\"ngg-gallery-thumbnail-box\" >\n\t\t\t\t        <div class=\"ngg-gallery-thumbnail\">\n            <a href=\"http:\/\/www.spaziotorino.it\/scatto\/wp-content\/gallery\/2021_09_03_frejus\/pla_6203.jpg\"\n               title=\"Richi Ferrero\"\n               data-src=\"http:\/\/www.spaziotorino.it\/scatto\/wp-content\/gallery\/2021_09_03_frejus\/pla_6203.jpg\"\n               data-thumbnail=\"http:\/\/www.spaziotorino.it\/scatto\/wp-content\/gallery\/2021_09_03_frejus\/thumbs\/thumbs_pla_6203.jpg\"\n               data-image-id=\"25348\"\n               data-title=\"Richi Ferrero\"\n               data-description=\"Richi Ferrero\"\n               data-image-slug=\"pla_6203\"\n               class=\"ngg-fancybox\" rel=\"77d1d61003a93ff62181fcc923b719de\">\n                <img\n                    title=\"Richi Ferrero\"\n                    alt=\"Richi Ferrero\"\n                    src=\"http:\/\/www.spaziotorino.it\/scatto\/wp-content\/gallery\/2021_09_03_frejus\/cache\/pla_6203.jpg-nggid0525348-ngg0dyn-60x60x100-00f0w010c011r110f110r010t010.jpg\"\n                    width=\"60\"\n                    height=\"60\"\n                    style=\"max-width:100%;\"\n                \/>\n            <\/a>\n        <\/div>\n\t\t\t\t\t\t\t<\/div> \n\t\t\t\n        \n\t\t\n\t\t<!-- Pagination -->\n\t<div class='ngg-clear'><\/div>\t<\/div>\n<br \/>\nUn mantello di margherite sulla piramide di massi in cui 7 titani, simbolo della forza e dell\u2019asprezza della natura, si protendono verso il genio alato del progresso che, sulla sommit\u00e0, in una mano regge un mazzo di fiori e con l\u2019altra ne lancia uno, simbolo della riconciliazione tra scienza e ambiente nelle opere contemporanee.<\/p>\n<p>\u00c9 l\u2019omaggio artistico che avvolge il monumento al traforo del Fr\u00e9jus di piazza Statuto a Torino nell\u2019anniversario dei 150 anni del tunnel ferroviario pi\u00f9 antico d\u2019Europa, e nella cornice delle iniziative dell\u2019anno dedicato alla promozione del trasporto ferroviario dalla Commissione europea.<\/p>\n<p>Il progetto <strong>TRAIFIORI DEL FREJUS<\/strong> ideato dall\u2019artista torinese Richi Ferrero insieme a Carmelo Giammelo, <strong>reinterpreta il progresso in chiave contemporanea evocando una pacificazione tra tecnologia e ambiente per raggiungere la sostenibilit\u00e0 necessaria a consegnare al futuro opere durevoli e integrate nel territorio.<\/strong><strong>&nbsp;<\/strong><\/p>\n<p>Dalla sera del <strong>5 settembre<\/strong>, giorno dell\u2019<strong>inaugurazione<\/strong>, le oltre 15mila margherite cambiano colore grazie a giochi di luce intorno alla fontana e, avvicinandosi, si possono sentire i suoni evocativi curati da Roberto \u201cTax\u201d Farano.<\/p>\n<p><strong>L\u2019installazione di Richi Ferrero, che rester\u00e0 attiva fino al 19 settembre, \u00e8 realizzata con il patrocinio di Regione Piemonte e Citt\u00e0 di Torino<\/strong> e con la collaborazione di TELT, GTT, IREN, Accademia Albertina di Belle Arti e Museo del Risorgimento, ed \u00e8 anche l\u2019occasione per sollecitare i necessari interventi di restauro del monumento.<\/p>\n","protected":false},"excerpt":{"rendered":"<p>Un mantello di margherite sulla piramide di massi in cui 7 titani, simbolo della forza e dell\u2019asprezza della natura, si protendono verso il genio alato del progresso che, sulla sommit\u00e0, in una mano regge un mazzo di fiori e con l\u2019altra ne lancia uno, simbolo della riconciliazione tra scienza e ambiente nelle opere contemporanee. \u00c9 [&hellip;]<\/p>\n","protected":false},"author":1,"featured_media":0,"comment_status":"closed","ping_status":"open","sticky":false,"template":"","format":"standard","meta":{"ngg_post_thumbnail":0},"categories":[54,1,41],"tags":[],"_links":{"self":[{"href":"http:\/\/www.spaziotorino.it\/scatto\/index.php?rest_route=\/wp\/v2\/posts\/40483"}],"collection":[{"href":"http:\/\/www.spaziotorino.it\/scatto\/index.php?rest_route=\/wp\/v2\/posts"}],"about":[{"href":"http:\/\/www.spaziotorino.it\/scatto\/index.php?rest_route=\/wp\/v2\/types\/post"}],"author":[{"embeddable":true,"href":"http:\/\/www.spaziotorino.it\/scatto\/index.php?rest_route=\/wp\/v2\/users\/1"}],"replies":[{"embeddable":true,"href":"http:\/\/www.spaziotorino.it\/scatto\/index.php?rest_route=%2Fwp%2Fv2%2Fcomments&post=40483"}],"version-history":[{"count":1,"href":"http:\/\/www.spaziotorino.it\/scatto\/index.php?rest_route=\/wp\/v2\/posts\/40483\/revisions"}],"predecessor-version":[{"id":40484,"href":"http:\/\/www.spaziotorino.it\/scatto\/index.php?rest_route=\/wp\/v2\/posts\/40483\/revisions\/40484"}],"wp:attachment":[{"href":"http:\/\/www.spaziotorino.it\/scatto\/index.php?rest_route=%2Fwp%2Fv2%2Fmedia&parent=40483"}],"wp:term":[{"taxonomy":"category","embeddable":true,"href":"http:\/\/www.spaziotorino.it\/scatto\/index.php?rest_route=%2Fwp%2Fv2%2Fcategories&post=40483"},{"taxonomy":"post_tag","embeddable":true,"href":"http:\/\/www.spaziotorino.it\/scatto\/index.php?rest_route=%2Fwp%2Fv2%2Ftags&post=40483"}],"curies":[{"name":"wp","href":"https:\/\/api.w.org\/{rel}","templated":true}]}}