{"id":42064,"date":"2022-04-28T20:45:29","date_gmt":"2022-04-28T19:45:29","guid":{"rendered":"http:\/\/www.spaziotorino.it\/scatto\/?p=42064"},"modified":"2022-04-29T13:25:04","modified_gmt":"2022-04-29T12:25:04","slug":"conclusione-mese-ramadan-la-citta-incontra-la-comunita-islamica-alla-mole-antonelliana","status":"publish","type":"post","link":"http:\/\/www.spaziotorino.it\/scatto\/?p=42064","title":{"rendered":"Conclusione mese Ramadan \u2013 La Citt\u00e0 incontra la comunit\u00e0 islamica alla Mole Antonelliana"},"content":{"rendered":"<p><a class=\"ngg-fancybox\" title=\"Conclusione mese Ramadan \u2013 La Citt\u00e0 incontra la comunit\u00e0 islamica alla Mole Antonelliana\" href=\"http:\/\/www.spaziotorino.it\/scatto\/wp-content\/gallery\/2022_04_28_destino\/pla_7316.jpg\" rel=\"lightbox[set_1761]\"><br \/>\n<img decoding=\"async\" loading=\"lazy\" class=\"ngg-singlepic\" title=\"Conclusione mese Ramadan \u2013 La Citt\u00e0 incontra la comunit\u00e0 islamica alla Mole Antonelliana\" src=\"http:\/\/www.spaziotorino.it\/scatto\/wp-content\/gallery\/2022_04_28_destino\/pla_7316.jpg\" alt=\"\" width=\"540\" height=\"360\"\/><\/a><\/p>\n<!-- index.php -->\n<div\n\tclass=\"ngg-galleryoverview ngg-ajax-pagination-none\"\n\tid=\"ngg-gallery-914c05a6dd12fe2b8296bc7c0138d55c-1\">\n\n    \t\t<!-- Thumbnails -->\n\t\t\t\t<div id=\"ngg-image-0\" class=\"ngg-gallery-thumbnail-box\" >\n\t\t\t\t        <div class=\"ngg-gallery-thumbnail\">\n            <a href=\"http:\/\/www.spaziotorino.it\/scatto\/wp-content\/gallery\/2022_04_28_destino\/pla_7328.jpg\"\n               title=\"Conclusione mese Ramadan \u2013 La Citt\u00e0 incontra la comunit\u00e0 islamica alla Mole Antonelliana\"\n               data-src=\"http:\/\/www.spaziotorino.it\/scatto\/wp-content\/gallery\/2022_04_28_destino\/pla_7328.jpg\"\n               data-thumbnail=\"http:\/\/www.spaziotorino.it\/scatto\/wp-content\/gallery\/2022_04_28_destino\/thumbs\/thumbs_pla_7328.jpg\"\n               data-image-id=\"26565\"\n               data-title=\"Conclusione mese Ramadan \u2013 La Citt\u00e0 incontra la comunit\u00e0 islamica alla Mole Antonelliana\"\n               data-description=\"Conclusione mese Ramadan \u2013 La Citt\u00e0 incontra la comunit\u00e0 islamica alla Mole Antonelliana\"\n               data-image-slug=\"pla_7328\"\n               class=\"ngg-fancybox\" rel=\"914c05a6dd12fe2b8296bc7c0138d55c\">\n                <img\n                    title=\"Conclusione mese Ramadan \u2013 La Citt\u00e0 incontra la comunit\u00e0 islamica alla Mole Antonelliana\"\n                    alt=\"Conclusione mese Ramadan \u2013 La Citt\u00e0 incontra la comunit\u00e0 islamica alla Mole Antonelliana\"\n                    src=\"http:\/\/www.spaziotorino.it\/scatto\/wp-content\/gallery\/2022_04_28_destino\/cache\/pla_7328.jpg-nggid0526565-ngg0dyn-60x60x100-00f0w010c011r110f110r010t010.jpg\"\n                    width=\"60\"\n                    height=\"60\"\n                    style=\"max-width:100%;\"\n                \/>\n            <\/a>\n        <\/div>\n\t\t\t\t\t\t\t<\/div> \n\t\t\t\n        \n\t\t\t\t<div id=\"ngg-image-1\" class=\"ngg-gallery-thumbnail-box\" >\n\t\t\t\t        <div class=\"ngg-gallery-thumbnail\">\n            <a href=\"http:\/\/www.spaziotorino.it\/scatto\/wp-content\/gallery\/2022_04_28_destino\/pla_7332.jpg\"\n               title=\"Conclusione mese Ramadan \u2013 La Citt\u00e0 incontra la comunit\u00e0 islamica alla Mole Antonelliana\"\n               data-src=\"http:\/\/www.spaziotorino.it\/scatto\/wp-content\/gallery\/2022_04_28_destino\/pla_7332.jpg\"\n               data-thumbnail=\"http:\/\/www.spaziotorino.it\/scatto\/wp-content\/gallery\/2022_04_28_destino\/thumbs\/thumbs_pla_7332.jpg\"\n               data-image-id=\"26568\"\n               data-title=\"Conclusione mese Ramadan \u2013 La Citt\u00e0 incontra la comunit\u00e0 islamica alla Mole Antonelliana\"\n               data-description=\"Conclusione mese Ramadan \u2013 La Citt\u00e0 incontra la comunit\u00e0 islamica alla Mole Antonelliana\"\n               data-image-slug=\"pla_7332\"\n               class=\"ngg-fancybox\" rel=\"914c05a6dd12fe2b8296bc7c0138d55c\">\n                <img\n                    title=\"Conclusione mese Ramadan \u2013 La Citt\u00e0 incontra la comunit\u00e0 islamica alla Mole Antonelliana\"\n                    alt=\"Conclusione mese Ramadan \u2013 La Citt\u00e0 incontra la comunit\u00e0 islamica alla Mole Antonelliana\"\n                    src=\"http:\/\/www.spaziotorino.it\/scatto\/wp-content\/gallery\/2022_04_28_destino\/cache\/pla_7332.jpg-nggid0526568-ngg0dyn-60x60x100-00f0w010c011r110f110r010t010.jpg\"\n                    width=\"60\"\n                    height=\"60\"\n                    style=\"max-width:100%;\"\n                \/>\n            <\/a>\n        <\/div>\n\t\t\t\t\t\t\t<\/div> \n\t\t\t\n        \n\t\t\t\t<div id=\"ngg-image-2\" class=\"ngg-gallery-thumbnail-box\" >\n\t\t\t\t        <div class=\"ngg-gallery-thumbnail\">\n            <a href=\"http:\/\/www.spaziotorino.it\/scatto\/wp-content\/gallery\/2022_04_28_destino\/pla_7339.jpg\"\n               title=\"Conclusione mese Ramadan \u2013 La Citt\u00e0 incontra la comunit\u00e0 islamica alla Mole Antonelliana\"\n               data-src=\"http:\/\/www.spaziotorino.it\/scatto\/wp-content\/gallery\/2022_04_28_destino\/pla_7339.jpg\"\n               data-thumbnail=\"http:\/\/www.spaziotorino.it\/scatto\/wp-content\/gallery\/2022_04_28_destino\/thumbs\/thumbs_pla_7339.jpg\"\n               data-image-id=\"26569\"\n               data-title=\"Conclusione mese Ramadan \u2013 La Citt\u00e0 incontra la comunit\u00e0 islamica alla Mole Antonelliana\"\n               data-description=\"Conclusione mese Ramadan \u2013 La Citt\u00e0 incontra la comunit\u00e0 islamica alla Mole Antonelliana\"\n               data-image-slug=\"pla_7339\"\n               class=\"ngg-fancybox\" rel=\"914c05a6dd12fe2b8296bc7c0138d55c\">\n                <img\n                    title=\"Conclusione mese Ramadan \u2013 La Citt\u00e0 incontra la comunit\u00e0 islamica alla Mole Antonelliana\"\n                    alt=\"Conclusione mese Ramadan \u2013 La Citt\u00e0 incontra la comunit\u00e0 islamica alla Mole Antonelliana\"\n                    src=\"http:\/\/www.spaziotorino.it\/scatto\/wp-content\/gallery\/2022_04_28_destino\/cache\/pla_7339.jpg-nggid0526569-ngg0dyn-60x60x100-00f0w010c011r110f110r010t010.jpg\"\n                    width=\"60\"\n                    height=\"60\"\n                    style=\"max-width:100%;\"\n                \/>\n            <\/a>\n        <\/div>\n\t\t\t\t\t\t\t<\/div> \n\t\t\t\n        \n\t\t\t\t<div id=\"ngg-image-3\" class=\"ngg-gallery-thumbnail-box\" >\n\t\t\t\t        <div class=\"ngg-gallery-thumbnail\">\n            <a href=\"http:\/\/www.spaziotorino.it\/scatto\/wp-content\/gallery\/2022_04_28_destino\/pla_7322.jpg\"\n               title=\"Conclusione mese Ramadan \u2013 La Citt\u00e0 incontra la comunit\u00e0 islamica alla Mole Antonelliana\"\n               data-src=\"http:\/\/www.spaziotorino.it\/scatto\/wp-content\/gallery\/2022_04_28_destino\/pla_7322.jpg\"\n               data-thumbnail=\"http:\/\/www.spaziotorino.it\/scatto\/wp-content\/gallery\/2022_04_28_destino\/thumbs\/thumbs_pla_7322.jpg\"\n               data-image-id=\"26570\"\n               data-title=\"Conclusione mese Ramadan \u2013 La Citt\u00e0 incontra la comunit\u00e0 islamica alla Mole Antonelliana\"\n               data-description=\"Conclusione mese Ramadan \u2013 La Citt\u00e0 incontra la comunit\u00e0 islamica alla Mole Antonelliana\"\n               data-image-slug=\"pla_7322\"\n               class=\"ngg-fancybox\" rel=\"914c05a6dd12fe2b8296bc7c0138d55c\">\n                <img\n                    title=\"Conclusione mese Ramadan \u2013 La Citt\u00e0 incontra la comunit\u00e0 islamica alla Mole Antonelliana\"\n                    alt=\"Conclusione mese Ramadan \u2013 La Citt\u00e0 incontra la comunit\u00e0 islamica alla Mole Antonelliana\"\n                    src=\"http:\/\/www.spaziotorino.it\/scatto\/wp-content\/gallery\/2022_04_28_destino\/cache\/pla_7322.jpg-nggid0526570-ngg0dyn-60x60x100-00f0w010c011r110f110r010t010.jpg\"\n                    width=\"60\"\n                    height=\"60\"\n                    style=\"max-width:100%;\"\n                \/>\n            <\/a>\n        <\/div>\n\t\t\t\t\t\t\t<\/div> \n\t\t\t\n        \n\t\t\t\t<div id=\"ngg-image-4\" class=\"ngg-gallery-thumbnail-box\" >\n\t\t\t\t        <div class=\"ngg-gallery-thumbnail\">\n            <a href=\"http:\/\/www.spaziotorino.it\/scatto\/wp-content\/gallery\/2022_04_28_destino\/pla_7344.jpg\"\n               title=\"Raffaele Ruberto, Prefetto di Torino\"\n               data-src=\"http:\/\/www.spaziotorino.it\/scatto\/wp-content\/gallery\/2022_04_28_destino\/pla_7344.jpg\"\n               data-thumbnail=\"http:\/\/www.spaziotorino.it\/scatto\/wp-content\/gallery\/2022_04_28_destino\/thumbs\/thumbs_pla_7344.jpg\"\n               data-image-id=\"26571\"\n               data-title=\"Raffaele Ruberto, Prefetto di Torino\"\n               data-description=\"Raffaele Ruberto, Prefetto di Torino\"\n               data-image-slug=\"pla_7344-1\"\n               class=\"ngg-fancybox\" rel=\"914c05a6dd12fe2b8296bc7c0138d55c\">\n                <img\n                    title=\"Raffaele Ruberto, Prefetto di Torino\"\n                    alt=\"Raffaele Ruberto, Prefetto di Torino\"\n                    src=\"http:\/\/www.spaziotorino.it\/scatto\/wp-content\/gallery\/2022_04_28_destino\/cache\/pla_7344.jpg-nggid0526571-ngg0dyn-60x60x100-00f0w010c011r110f110r010t010.jpg\"\n                    width=\"60\"\n                    height=\"60\"\n                    style=\"max-width:100%;\"\n                \/>\n            <\/a>\n        <\/div>\n\t\t\t\t\t\t\t<\/div> \n\t\t\t\n        \n\t\t\t\t<div id=\"ngg-image-5\" class=\"ngg-gallery-thumbnail-box\" >\n\t\t\t\t        <div class=\"ngg-gallery-thumbnail\">\n            <a href=\"http:\/\/www.spaziotorino.it\/scatto\/wp-content\/gallery\/2022_04_28_destino\/pla_7387.jpg\"\n               title=\"Maria Grazia Grippo. Presidente del Consiglio Comunale\"\n               data-src=\"http:\/\/www.spaziotorino.it\/scatto\/wp-content\/gallery\/2022_04_28_destino\/pla_7387.jpg\"\n               data-thumbnail=\"http:\/\/www.spaziotorino.it\/scatto\/wp-content\/gallery\/2022_04_28_destino\/thumbs\/thumbs_pla_7387.jpg\"\n               data-image-id=\"26572\"\n               data-title=\"Maria Grazia Grippo. Presidente del Consiglio Comunale\"\n               data-description=\"Maria Grazia Grippo. Presidente del Consiglio Comunale\"\n               data-image-slug=\"pla_7387-1\"\n               class=\"ngg-fancybox\" rel=\"914c05a6dd12fe2b8296bc7c0138d55c\">\n                <img\n                    title=\"Maria Grazia Grippo. Presidente del Consiglio Comunale\"\n                    alt=\"Maria Grazia Grippo. Presidente del Consiglio Comunale\"\n                    src=\"http:\/\/www.spaziotorino.it\/scatto\/wp-content\/gallery\/2022_04_28_destino\/cache\/pla_7387.jpg-nggid0526572-ngg0dyn-60x60x100-00f0w010c011r110f110r010t010.jpg\"\n                    width=\"60\"\n                    height=\"60\"\n                    style=\"max-width:100%;\"\n                \/>\n            <\/a>\n        <\/div>\n\t\t\t\t\t\t\t<\/div> \n\t\t\t\n        \n\t\t\t\t<div id=\"ngg-image-6\" class=\"ngg-gallery-thumbnail-box\" >\n\t\t\t\t        <div class=\"ngg-gallery-thumbnail\">\n            <a href=\"http:\/\/www.spaziotorino.it\/scatto\/wp-content\/gallery\/2022_04_28_destino\/pla_7399.jpg\"\n               title=\"Gianna Pentenero, Assessora al lavoro e attivit\u00e0 produttive, polizia municipale e sicurezza\"\n               data-src=\"http:\/\/www.spaziotorino.it\/scatto\/wp-content\/gallery\/2022_04_28_destino\/pla_7399.jpg\"\n               data-thumbnail=\"http:\/\/www.spaziotorino.it\/scatto\/wp-content\/gallery\/2022_04_28_destino\/thumbs\/thumbs_pla_7399.jpg\"\n               data-image-id=\"26573\"\n               data-title=\"Gianna Pentenero, Assessora al lavoro e attivit\u00e0 produttive, polizia municipale e sicurezza\"\n               data-description=\"Gianna Pentenero, Assessora al lavoro e attivit\u00e0 produttive, polizia municipale e sicurezza\"\n               data-image-slug=\"pla_7399\"\n               class=\"ngg-fancybox\" rel=\"914c05a6dd12fe2b8296bc7c0138d55c\">\n                <img\n                    title=\"Gianna Pentenero, Assessora al lavoro e attivit\u00e0 produttive, polizia municipale e sicurezza\"\n                    alt=\"Gianna Pentenero, Assessora al lavoro e attivit\u00e0 produttive, polizia municipale e sicurezza\"\n                    src=\"http:\/\/www.spaziotorino.it\/scatto\/wp-content\/gallery\/2022_04_28_destino\/cache\/pla_7399.jpg-nggid0526573-ngg0dyn-60x60x100-00f0w010c011r110f110r010t010.jpg\"\n                    width=\"60\"\n                    height=\"60\"\n                    style=\"max-width:100%;\"\n                \/>\n            <\/a>\n        <\/div>\n\t\t\t\t\t\t\t<\/div> \n\t\t\t\n        \n\t\t\t\t<div id=\"ngg-image-7\" class=\"ngg-gallery-thumbnail-box\" >\n\t\t\t\t        <div class=\"ngg-gallery-thumbnail\">\n            <a href=\"http:\/\/www.spaziotorino.it\/scatto\/wp-content\/gallery\/2022_04_28_destino\/pla_7415.jpg\"\n               title=\"Ahmed Abdullahi Abdullahi, consigliere comunale\"\n               data-src=\"http:\/\/www.spaziotorino.it\/scatto\/wp-content\/gallery\/2022_04_28_destino\/pla_7415.jpg\"\n               data-thumbnail=\"http:\/\/www.spaziotorino.it\/scatto\/wp-content\/gallery\/2022_04_28_destino\/thumbs\/thumbs_pla_7415.jpg\"\n               data-image-id=\"26574\"\n               data-title=\"Ahmed Abdullahi Abdullahi, consigliere comunale\"\n               data-description=\"Ahmed Abdullahi Abdullahi, consigliere comunale\"\n               data-image-slug=\"pla_7415\"\n               class=\"ngg-fancybox\" rel=\"914c05a6dd12fe2b8296bc7c0138d55c\">\n                <img\n                    title=\"Ahmed Abdullahi Abdullahi, consigliere comunale\"\n                    alt=\"Ahmed Abdullahi Abdullahi, consigliere comunale\"\n                    src=\"http:\/\/www.spaziotorino.it\/scatto\/wp-content\/gallery\/2022_04_28_destino\/cache\/pla_7415.jpg-nggid0526574-ngg0dyn-60x60x100-00f0w010c011r110f110r010t010.jpg\"\n                    width=\"60\"\n                    height=\"60\"\n                    style=\"max-width:100%;\"\n                \/>\n            <\/a>\n        <\/div>\n\t\t\t\t\t\t\t<\/div> \n\t\t\t\n        \n\t\t\t\t<div id=\"ngg-image-8\" class=\"ngg-gallery-thumbnail-box\" >\n\t\t\t\t        <div class=\"ngg-gallery-thumbnail\">\n            <a href=\"http:\/\/www.spaziotorino.it\/scatto\/wp-content\/gallery\/2022_04_28_destino\/pla_7418.jpg\"\n               title=\"Valentino Castellani, presidente del Comitato Interfedi\"\n               data-src=\"http:\/\/www.spaziotorino.it\/scatto\/wp-content\/gallery\/2022_04_28_destino\/pla_7418.jpg\"\n               data-thumbnail=\"http:\/\/www.spaziotorino.it\/scatto\/wp-content\/gallery\/2022_04_28_destino\/thumbs\/thumbs_pla_7418.jpg\"\n               data-image-id=\"26575\"\n               data-title=\"Valentino Castellani, presidente del Comitato Interfedi\"\n               data-description=\"Valentino Castellani, presidente del Comitato Interfedi\"\n               data-image-slug=\"pla_7418\"\n               class=\"ngg-fancybox\" rel=\"914c05a6dd12fe2b8296bc7c0138d55c\">\n                <img\n                    title=\"Valentino Castellani, presidente del Comitato Interfedi\"\n                    alt=\"Valentino Castellani, presidente del Comitato Interfedi\"\n                    src=\"http:\/\/www.spaziotorino.it\/scatto\/wp-content\/gallery\/2022_04_28_destino\/cache\/pla_7418.jpg-nggid0526575-ngg0dyn-60x60x100-00f0w010c011r110f110r010t010.jpg\"\n                    width=\"60\"\n                    height=\"60\"\n                    style=\"max-width:100%;\"\n                \/>\n            <\/a>\n        <\/div>\n\t\t\t\t\t\t\t<\/div> \n\t\t\t\n        \n\t\t\t\t<div id=\"ngg-image-9\" class=\"ngg-gallery-thumbnail-box\" >\n\t\t\t\t        <div class=\"ngg-gallery-thumbnail\">\n            <a href=\"http:\/\/www.spaziotorino.it\/scatto\/wp-content\/gallery\/2022_04_28_destino\/pla_7431.jpg\"\n               title=\"Un momento della preghiera\"\n               data-src=\"http:\/\/www.spaziotorino.it\/scatto\/wp-content\/gallery\/2022_04_28_destino\/pla_7431.jpg\"\n               data-thumbnail=\"http:\/\/www.spaziotorino.it\/scatto\/wp-content\/gallery\/2022_04_28_destino\/thumbs\/thumbs_pla_7431.jpg\"\n               data-image-id=\"26576\"\n               data-title=\"Un momento della preghiera\"\n               data-description=\"Un momento della preghiera\"\n               data-image-slug=\"pla_7431\"\n               class=\"ngg-fancybox\" rel=\"914c05a6dd12fe2b8296bc7c0138d55c\">\n                <img\n                    title=\"Un momento della preghiera\"\n                    alt=\"Un momento della preghiera\"\n                    src=\"http:\/\/www.spaziotorino.it\/scatto\/wp-content\/gallery\/2022_04_28_destino\/cache\/pla_7431.jpg-nggid0526576-ngg0dyn-60x60x100-00f0w010c011r110f110r010t010.jpg\"\n                    width=\"60\"\n                    height=\"60\"\n                    style=\"max-width:100%;\"\n                \/>\n            <\/a>\n        <\/div>\n\t\t\t\t\t\t\t<\/div> \n\t\t\t\n        \n\t\t\n\t\t<!-- Pagination -->\n\t<div class='ngg-clear'><\/div>\t<\/div>\n\n<p>La Citt\u00e0 incontra la comunit\u00e0 islamica. In occasione della Laylat al-Qadr (la Notte del destino), una delle ricorrenze pi\u00f9 importanti che concludono il mese di digiuno del Ramadan, l\u2019Amministrazione comunale di Torino ha voluto organizzare un momento di confronto con i 20 Centri di fede e cultura islamica presenti sul territorio, in una delle sedi pi\u00f9 iconiche del capoluogo piemontese: la Mole Antonelliana.<span id=\"more-103756\"><\/span><\/p>\n<p>Dopo le restrizioni imposte dall\u2019emergenza sanitaria, quest\u2019anno le comunit\u00e0 musulmane potranno tornare a celebrare in presenza la festa per la fine del Ramadan, Eid al-fitr, che cadr\u00e0 domenica 1 maggio o luned\u00ec 2 maggio. La \u2018grande preghiera\u2019 e il successivo momento di festa per uomini, donne e bambini non avverr\u00e0 , come da tradizione, sotto la tettoia del Parco Dora, eletta a grande moschea per le pi\u00f9 importanti feste dell\u2019Islam torinese, ma si sposter\u00e0 in 10 \u2018moschee all\u2019aperto\u2019 con appuntamenti nelle Circoscrizioni della Citt\u00e0 domenica 1 o luned\u00ec 2 maggio. In occasione della ricorrenza religiosa l\u2019assessora alle Politiche per la Multiculturalit\u00e0, Gianna Pentenero, ha convocato i rappresentanti dei Centri islamici per inviare loro un messaggio di pace e fratellanza, alla presenza del Prefetto, Raffaele Ruberto, della Vice Questore, Ilenia Gliozzi, del Comandante provinciale del Carabinieri, Claudio Lunardo, del presidente del Comitato Interfedi, Valentino Castellani, della presidente del Consiglio comunale, Mariagrazia Grippo e del consigliere comunale Abdullahi Ahmed, presidente della Commissione Consiliare Speciale per il contrasto dei fenomeni di intolleranza, razzismo, antisemitismo e istigazione all\u2019odio e alla violenza.<\/p>\n<p>\u201cDesidero porgere ai cittadini italiani di fede islamica e ai musulmani ospiti o residenti nella nostra Citt\u00e0 un sincero augurio di felice e sereno Eid al Fitr. La realizzazione di societ\u00e0 inclusive e pacifiche, rispettose dei diritti delle persone, esige la partecipazione di tutti e rappresenta un dovere nei confronti delle giovani generazioni, soprattutto in questi giorni terribili di guerra in Ucraina \u2013 ha dichiarato l\u2019assessora Pentenero \u2013 Le istituzioni politiche, in collaborazione con i leader religiosi e le comunit\u00e0 di riferimento, hanno il compito di prevenire e contrastare l\u2019incitamento all\u2019odio e alla violenza, affinch\u00e9 si possa insieme contribuire alla promozione delle fedi quali strumento di pace, dialogo e comprensione tra culture diverse\u201d.<\/p>\n<p>La Citt\u00e0 di Torino progetta e realizza le proprie politiche interculturali attraverso il dialogo e il coinvolgimento attivo delle associazioni di comunit\u00e0 presenti sul territorio.<\/p>\n<p>Festa Ramadan 2022<br \/>\n1 o 2 Maggio<\/p>\n<p>Circoscrizione 3<br \/>\n1. Campo sportivo in Piazza Robilant, 16.<br \/>\nMoschea: La Pace, Corso Giulio Cesare 6 e Al-Hidaya, Piazza Cattaneo 18<\/p>\n<p>Circoscrizione 4<br \/>\n2. Sporting Dora, Corso Umbria 83.<br \/>\nMoschea: La Palma, Via Aquila 34.<\/p>\n<p>Circoscrizione 6<br \/>\n3. Campo sportivo via Gottardo 10.<br \/>\nMoschea: Madina, via Sesia 1.<\/p>\n<p>4. Bunker di via Paganini zero<br \/>\nMoschee: Loqman, Corso Regina 160;<\/p>\n<p>5. Campo sportivo Centro Campo via Petrella 40<br \/>\nMoschea: Speranza (via Monte Rosa 20) e Via Montalciata<\/p>\n<p>6. Centro Mecca<br \/>\nVia Botticelli 104<\/p>\n<p>Circoscrizione 7<br \/>\n7. Parco Dora area verde<br \/>\nMoschea: Taiba, via Chivasso 10.<\/p>\n<p>8. San Pietro in Vincoli.<br \/>\nMoschea: Dar Assalam, via La Salle 15.<\/p>\n<p>Circoscrizione 8<br \/>\n9. Parco Colonnetti via Panetti 1<br \/>\nMoschea: Mohamed VI, via Genova 268.<\/p>\n<p>10. Viale Medaglie D\u2019Oro Pad 5 \u2013 Valentino (all\u2019aperto).<br \/>\nMoschee: Baretti, via Baretti 31; Omar Ibn al Khattab, via Saluzzo 18.<\/p>\n<p>Inoltre nei Centri Tohid di C. Emilia 32 e Sunna di Via Cottolengo 1 La preghiera si svolger\u00e0 all\u2019interno del proprio Centro<\/p>\n","protected":false},"excerpt":{"rendered":"<p>La Citt\u00e0 incontra la comunit\u00e0 islamica. In occasione della Laylat al-Qadr (la Notte del destino), una delle ricorrenze pi\u00f9 importanti che concludono il mese di digiuno del Ramadan, l\u2019Amministrazione comunale di Torino ha voluto organizzare un momento di confronto con i 20 Centri di fede e cultura islamica presenti sul territorio, in una delle sedi [&hellip;]<\/p>\n","protected":false},"author":1,"featured_media":0,"comment_status":"closed","ping_status":"open","sticky":false,"template":"","format":"standard","meta":{"ngg_post_thumbnail":0},"categories":[1,41,895],"tags":[],"_links":{"self":[{"href":"http:\/\/www.spaziotorino.it\/scatto\/index.php?rest_route=\/wp\/v2\/posts\/42064"}],"collection":[{"href":"http:\/\/www.spaziotorino.it\/scatto\/index.php?rest_route=\/wp\/v2\/posts"}],"about":[{"href":"http:\/\/www.spaziotorino.it\/scatto\/index.php?rest_route=\/wp\/v2\/types\/post"}],"author":[{"embeddable":true,"href":"http:\/\/www.spaziotorino.it\/scatto\/index.php?rest_route=\/wp\/v2\/users\/1"}],"replies":[{"embeddable":true,"href":"http:\/\/www.spaziotorino.it\/scatto\/index.php?rest_route=%2Fwp%2Fv2%2Fcomments&post=42064"}],"version-history":[{"count":1,"href":"http:\/\/www.spaziotorino.it\/scatto\/index.php?rest_route=\/wp\/v2\/posts\/42064\/revisions"}],"predecessor-version":[{"id":42066,"href":"http:\/\/www.spaziotorino.it\/scatto\/index.php?rest_route=\/wp\/v2\/posts\/42064\/revisions\/42066"}],"wp:attachment":[{"href":"http:\/\/www.spaziotorino.it\/scatto\/index.php?rest_route=%2Fwp%2Fv2%2Fmedia&parent=42064"}],"wp:term":[{"taxonomy":"category","embeddable":true,"href":"http:\/\/www.spaziotorino.it\/scatto\/index.php?rest_route=%2Fwp%2Fv2%2Fcategories&post=42064"},{"taxonomy":"post_tag","embeddable":true,"href":"http:\/\/www.spaziotorino.it\/scatto\/index.php?rest_route=%2Fwp%2Fv2%2Ftags&post=42064"}],"curies":[{"name":"wp","href":"https:\/\/api.w.org\/{rel}","templated":true}]}}