{"id":42076,"date":"2022-04-29T16:16:31","date_gmt":"2022-04-29T15:16:31","guid":{"rendered":"http:\/\/www.spaziotorino.it\/scatto\/?p=42076"},"modified":"2022-04-29T16:16:31","modified_gmt":"2022-04-29T15:16:31","slug":"stazione-bengasi-inaugurata-nuova-galleria-darte-urbana","status":"publish","type":"post","link":"http:\/\/www.spaziotorino.it\/scatto\/?p=42076","title":{"rendered":"Stazione Bengasi, inaugurata nuova \u2018galleria d\u2019arte urbana\u2019"},"content":{"rendered":"<p><a class=\"ngg-fancybox\" title=\"Stazione Bengasi, inaugurata nuova \u2018galleria d\u2019arte urbana\u2019\" href=\"http:\/\/www.spaziotorino.it\/scatto\/wp-content\/gallery\/2022_04_29_bengasi\/pla_7728.jpg\" rel=\"lightbox[set_1762]\"><br \/>\n<img decoding=\"async\" loading=\"lazy\" class=\"ngg-singlepic\" title=\"Stazione Bengasi, inaugurata nuova \u2018galleria d\u2019arte urbana\u2019\" src=\"http:\/\/www.spaziotorino.it\/scatto\/wp-content\/gallery\/2022_04_29_bengasi\/pla_7728.jpg\" alt=\"\" width=\"540\" height=\"360\"\/><\/a><\/p>\n<!-- index.php -->\n<div\n\tclass=\"ngg-galleryoverview ngg-ajax-pagination-none\"\n\tid=\"ngg-gallery-791488d8a54e34d3b205def5fada456d-1\">\n\n    \t\t<!-- Thumbnails -->\n\t\t\t\t<div id=\"ngg-image-0\" class=\"ngg-gallery-thumbnail-box\" >\n\t\t\t\t        <div class=\"ngg-gallery-thumbnail\">\n            <a href=\"http:\/\/www.spaziotorino.it\/scatto\/wp-content\/gallery\/2022_04_29_bengasi\/pla_7760.jpg\"\n               title=\"Stazione Bengasi, inaugurata nuova \u2018galleria d\u2019arte urbana\u2019\"\n               data-src=\"http:\/\/www.spaziotorino.it\/scatto\/wp-content\/gallery\/2022_04_29_bengasi\/pla_7760.jpg\"\n               data-thumbnail=\"http:\/\/www.spaziotorino.it\/scatto\/wp-content\/gallery\/2022_04_29_bengasi\/thumbs\/thumbs_pla_7760.jpg\"\n               data-image-id=\"26583\"\n               data-title=\"Stazione Bengasi, inaugurata nuova \u2018galleria d\u2019arte urbana\u2019\"\n               data-description=\"Stazione Bengasi, inaugurata nuova \u2018galleria d\u2019arte urbana\u2019\"\n               data-image-slug=\"pla_7760\"\n               class=\"ngg-fancybox\" rel=\"791488d8a54e34d3b205def5fada456d\">\n                <img\n                    title=\"Stazione Bengasi, inaugurata nuova \u2018galleria d\u2019arte urbana\u2019\"\n                    alt=\"Stazione Bengasi, inaugurata nuova \u2018galleria d\u2019arte urbana\u2019\"\n                    src=\"http:\/\/www.spaziotorino.it\/scatto\/wp-content\/gallery\/2022_04_29_bengasi\/cache\/pla_7760.jpg-nggid0526583-ngg0dyn-60x60x100-00f0w010c011r110f110r010t010.jpg\"\n                    width=\"60\"\n                    height=\"60\"\n                    style=\"max-width:100%;\"\n                \/>\n            <\/a>\n        <\/div>\n\t\t\t\t\t\t\t<\/div> \n\t\t\t\n        \n\t\t\t\t<div id=\"ngg-image-1\" class=\"ngg-gallery-thumbnail-box\" >\n\t\t\t\t        <div class=\"ngg-gallery-thumbnail\">\n            <a href=\"http:\/\/www.spaziotorino.it\/scatto\/wp-content\/gallery\/2022_04_29_bengasi\/pla_7729.jpg\"\n               title=\"Stazione Bengasi, inaugurata nuova \u2018galleria d\u2019arte urbana\u2019\"\n               data-src=\"http:\/\/www.spaziotorino.it\/scatto\/wp-content\/gallery\/2022_04_29_bengasi\/pla_7729.jpg\"\n               data-thumbnail=\"http:\/\/www.spaziotorino.it\/scatto\/wp-content\/gallery\/2022_04_29_bengasi\/thumbs\/thumbs_pla_7729.jpg\"\n               data-image-id=\"26578\"\n               data-title=\"Stazione Bengasi, inaugurata nuova \u2018galleria d\u2019arte urbana\u2019\"\n               data-description=\"Stazione Bengasi, inaugurata nuova \u2018galleria d\u2019arte urbana\u2019\"\n               data-image-slug=\"pla_7729\"\n               class=\"ngg-fancybox\" rel=\"791488d8a54e34d3b205def5fada456d\">\n                <img\n                    title=\"Stazione Bengasi, inaugurata nuova \u2018galleria d\u2019arte urbana\u2019\"\n                    alt=\"Stazione Bengasi, inaugurata nuova \u2018galleria d\u2019arte urbana\u2019\"\n                    src=\"http:\/\/www.spaziotorino.it\/scatto\/wp-content\/gallery\/2022_04_29_bengasi\/cache\/pla_7729.jpg-nggid0526578-ngg0dyn-60x60x100-00f0w010c011r110f110r010t010.jpg\"\n                    width=\"60\"\n                    height=\"60\"\n                    style=\"max-width:100%;\"\n                \/>\n            <\/a>\n        <\/div>\n\t\t\t\t\t\t\t<\/div> \n\t\t\t\n        \n\t\t\t\t<div id=\"ngg-image-2\" class=\"ngg-gallery-thumbnail-box\" >\n\t\t\t\t        <div class=\"ngg-gallery-thumbnail\">\n            <a href=\"http:\/\/www.spaziotorino.it\/scatto\/wp-content\/gallery\/2022_04_29_bengasi\/pla_7746.jpg\"\n               title=\"Stazione Bengasi, inaugurata nuova \u2018galleria d\u2019arte urbana\u2019\"\n               data-src=\"http:\/\/www.spaziotorino.it\/scatto\/wp-content\/gallery\/2022_04_29_bengasi\/pla_7746.jpg\"\n               data-thumbnail=\"http:\/\/www.spaziotorino.it\/scatto\/wp-content\/gallery\/2022_04_29_bengasi\/thumbs\/thumbs_pla_7746.jpg\"\n               data-image-id=\"26579\"\n               data-title=\"Stazione Bengasi, inaugurata nuova \u2018galleria d\u2019arte urbana\u2019\"\n               data-description=\"Stazione Bengasi, inaugurata nuova \u2018galleria d\u2019arte urbana\u2019\"\n               data-image-slug=\"pla_7746\"\n               class=\"ngg-fancybox\" rel=\"791488d8a54e34d3b205def5fada456d\">\n                <img\n                    title=\"Stazione Bengasi, inaugurata nuova \u2018galleria d\u2019arte urbana\u2019\"\n                    alt=\"Stazione Bengasi, inaugurata nuova \u2018galleria d\u2019arte urbana\u2019\"\n                    src=\"http:\/\/www.spaziotorino.it\/scatto\/wp-content\/gallery\/2022_04_29_bengasi\/cache\/pla_7746.jpg-nggid0526579-ngg0dyn-60x60x100-00f0w010c011r110f110r010t010.jpg\"\n                    width=\"60\"\n                    height=\"60\"\n                    style=\"max-width:100%;\"\n                \/>\n            <\/a>\n        <\/div>\n\t\t\t\t\t\t\t<\/div> \n\t\t\t\n        \n\t\t\t\t<div id=\"ngg-image-3\" class=\"ngg-gallery-thumbnail-box\" >\n\t\t\t\t        <div class=\"ngg-gallery-thumbnail\">\n            <a href=\"http:\/\/www.spaziotorino.it\/scatto\/wp-content\/gallery\/2022_04_29_bengasi\/pla_7739.jpg\"\n               title=\"Stazione Bengasi, inaugurata nuova \u2018galleria d\u2019arte urbana\u2019\"\n               data-src=\"http:\/\/www.spaziotorino.it\/scatto\/wp-content\/gallery\/2022_04_29_bengasi\/pla_7739.jpg\"\n               data-thumbnail=\"http:\/\/www.spaziotorino.it\/scatto\/wp-content\/gallery\/2022_04_29_bengasi\/thumbs\/thumbs_pla_7739.jpg\"\n               data-image-id=\"26580\"\n               data-title=\"Stazione Bengasi, inaugurata nuova \u2018galleria d\u2019arte urbana\u2019\"\n               data-description=\"Stazione Bengasi, inaugurata nuova \u2018galleria d\u2019arte urbana\u2019\"\n               data-image-slug=\"pla_7739-1\"\n               class=\"ngg-fancybox\" rel=\"791488d8a54e34d3b205def5fada456d\">\n                <img\n                    title=\"Stazione Bengasi, inaugurata nuova \u2018galleria d\u2019arte urbana\u2019\"\n                    alt=\"Stazione Bengasi, inaugurata nuova \u2018galleria d\u2019arte urbana\u2019\"\n                    src=\"http:\/\/www.spaziotorino.it\/scatto\/wp-content\/gallery\/2022_04_29_bengasi\/cache\/pla_7739.jpg-nggid0526580-ngg0dyn-60x60x100-00f0w010c011r110f110r010t010.jpg\"\n                    width=\"60\"\n                    height=\"60\"\n                    style=\"max-width:100%;\"\n                \/>\n            <\/a>\n        <\/div>\n\t\t\t\t\t\t\t<\/div> \n\t\t\t\n        \n\t\t\t\t<div id=\"ngg-image-4\" class=\"ngg-gallery-thumbnail-box\" >\n\t\t\t\t        <div class=\"ngg-gallery-thumbnail\">\n            <a href=\"http:\/\/www.spaziotorino.it\/scatto\/wp-content\/gallery\/2022_04_29_bengasi\/pla_7743.jpg\"\n               title=\"Stazione Bengasi, inaugurata nuova \u2018galleria d\u2019arte urbana\u2019\"\n               data-src=\"http:\/\/www.spaziotorino.it\/scatto\/wp-content\/gallery\/2022_04_29_bengasi\/pla_7743.jpg\"\n               data-thumbnail=\"http:\/\/www.spaziotorino.it\/scatto\/wp-content\/gallery\/2022_04_29_bengasi\/thumbs\/thumbs_pla_7743.jpg\"\n               data-image-id=\"26581\"\n               data-title=\"Stazione Bengasi, inaugurata nuova \u2018galleria d\u2019arte urbana\u2019\"\n               data-description=\"Stazione Bengasi, inaugurata nuova \u2018galleria d\u2019arte urbana\u2019\"\n               data-image-slug=\"pla_7743\"\n               class=\"ngg-fancybox\" rel=\"791488d8a54e34d3b205def5fada456d\">\n                <img\n                    title=\"Stazione Bengasi, inaugurata nuova \u2018galleria d\u2019arte urbana\u2019\"\n                    alt=\"Stazione Bengasi, inaugurata nuova \u2018galleria d\u2019arte urbana\u2019\"\n                    src=\"http:\/\/www.spaziotorino.it\/scatto\/wp-content\/gallery\/2022_04_29_bengasi\/cache\/pla_7743.jpg-nggid0526581-ngg0dyn-60x60x100-00f0w010c011r110f110r010t010.jpg\"\n                    width=\"60\"\n                    height=\"60\"\n                    style=\"max-width:100%;\"\n                \/>\n            <\/a>\n        <\/div>\n\t\t\t\t\t\t\t<\/div> \n\t\t\t\n        \n\t\t\t\t<div id=\"ngg-image-5\" class=\"ngg-gallery-thumbnail-box\" >\n\t\t\t\t        <div class=\"ngg-gallery-thumbnail\">\n            <a href=\"http:\/\/www.spaziotorino.it\/scatto\/wp-content\/gallery\/2022_04_29_bengasi\/pla_7750.jpg\"\n               title=\"Stazione Bengasi, inaugurata nuova \u2018galleria d\u2019arte urbana\u2019\"\n               data-src=\"http:\/\/www.spaziotorino.it\/scatto\/wp-content\/gallery\/2022_04_29_bengasi\/pla_7750.jpg\"\n               data-thumbnail=\"http:\/\/www.spaziotorino.it\/scatto\/wp-content\/gallery\/2022_04_29_bengasi\/thumbs\/thumbs_pla_7750.jpg\"\n               data-image-id=\"26582\"\n               data-title=\"Stazione Bengasi, inaugurata nuova \u2018galleria d\u2019arte urbana\u2019\"\n               data-description=\"Stazione Bengasi, inaugurata nuova \u2018galleria d\u2019arte urbana\u2019\"\n               data-image-slug=\"pla_7750\"\n               class=\"ngg-fancybox\" rel=\"791488d8a54e34d3b205def5fada456d\">\n                <img\n                    title=\"Stazione Bengasi, inaugurata nuova \u2018galleria d\u2019arte urbana\u2019\"\n                    alt=\"Stazione Bengasi, inaugurata nuova \u2018galleria d\u2019arte urbana\u2019\"\n                    src=\"http:\/\/www.spaziotorino.it\/scatto\/wp-content\/gallery\/2022_04_29_bengasi\/cache\/pla_7750.jpg-nggid0526582-ngg0dyn-60x60x100-00f0w010c011r110f110r010t010.jpg\"\n                    width=\"60\"\n                    height=\"60\"\n                    style=\"max-width:100%;\"\n                \/>\n            <\/a>\n        <\/div>\n\t\t\t\t\t\t\t<\/div> \n\t\t\t\n        \n\t\t\t\t<div id=\"ngg-image-6\" class=\"ngg-gallery-thumbnail-box\" >\n\t\t\t\t        <div class=\"ngg-gallery-thumbnail\">\n            <a href=\"http:\/\/www.spaziotorino.it\/scatto\/wp-content\/gallery\/2022_04_29_bengasi\/pla_7769.jpg\"\n               title=\"Stazione Bengasi, inaugurata nuova \u2018galleria d\u2019arte urbana\u2019\"\n               data-src=\"http:\/\/www.spaziotorino.it\/scatto\/wp-content\/gallery\/2022_04_29_bengasi\/pla_7769.jpg\"\n               data-thumbnail=\"http:\/\/www.spaziotorino.it\/scatto\/wp-content\/gallery\/2022_04_29_bengasi\/thumbs\/thumbs_pla_7769.jpg\"\n               data-image-id=\"26584\"\n               data-title=\"Stazione Bengasi, inaugurata nuova \u2018galleria d\u2019arte urbana\u2019\"\n               data-description=\"Stazione Bengasi, inaugurata nuova \u2018galleria d\u2019arte urbana\u2019\"\n               data-image-slug=\"pla_7769\"\n               class=\"ngg-fancybox\" rel=\"791488d8a54e34d3b205def5fada456d\">\n                <img\n                    title=\"Stazione Bengasi, inaugurata nuova \u2018galleria d\u2019arte urbana\u2019\"\n                    alt=\"Stazione Bengasi, inaugurata nuova \u2018galleria d\u2019arte urbana\u2019\"\n                    src=\"http:\/\/www.spaziotorino.it\/scatto\/wp-content\/gallery\/2022_04_29_bengasi\/cache\/pla_7769.jpg-nggid0526584-ngg0dyn-60x60x100-00f0w010c011r110f110r010t010.jpg\"\n                    width=\"60\"\n                    height=\"60\"\n                    style=\"max-width:100%;\"\n                \/>\n            <\/a>\n        <\/div>\n\t\t\t\t\t\t\t<\/div> \n\t\t\t\n        \n\t\t\n\t\t<!-- Pagination -->\n\t<div class='ngg-clear'><\/div>\t<\/div>\n\n<p>Nove opere realizzate da altrettanti artisti compongono la neo inaugurata mostra della Galleria d\u2019arte urbana Bengasi, nell\u2019omonima stazione della metropolitana 1 di Torino.<\/p>\n<p>Una sperimentazione nata un anno fa, in occasione dell\u2019inaugurazione della stazione alle porte di Moncalieri, con l\u2019idea di realizzare uno spazio per far conoscere le opere di giovani artisti torinesi impegnati in varie discipline \u2013 muralismo, street art, poster art, fotografia, arti visive e graffiti \u2013&nbsp; e che oggi si rinnova con nuove produzioni artistiche.<span id=\"more-103789\"><\/span><\/p>\n<p>L\u2019esposizione, curata dalle associazioni Il Cerchio E Le Gocce e Monkeys Evolution, che da anni operano a Torino e sono partner della Citt\u00e0, \u00e8 stata inaugurata questa mattina da Carlotta Salerno, assessora alle Politiche educative e giovanili, periferie e rigenerazione urbana della Citt\u00e0 di Torino e da Massimiliano Cudia, amministratore unico di Infra.To<\/p>\n<p>Le opere sovrapposte a teli retroilluminati creano nuove suggestioni e invitano i passeggeri, che transitano nei vagoni della stazione, a fermarsi davanti alle opere di Bans, Corn79, Sara De Lucia, Viola Gesmundo, Mr.Fijodor, Maria Nagni, NiceAndThe Fox, Elisa Veronelli, Wat, artiste e artisti che lavorano a Torino (link delle opere https:\/\/we.tl\/t-HyOnwIQAhL).<\/p>\n<p>Un progetto caro a Carlotta Salerno, che ha lasciato una sua traccia insieme alle opere, nella galleria: \u201c<em>Nella fretta della routine fermatevi un attimo a godere delle opere dei giovani e talentuosi artisti e artiste della nostra Citt\u00e0. State attraversando una \u2018galleria urbana\u2019 che rende il diritto di vivere la bellezza nello spazio pubblico e supporta la creativit\u00e0 giovanile nelle sue forme pi\u00f9 spontanee ed innovative<\/em>\u201d.<\/p>\n<p>\u201c<em>Con questo progetto abbiamo trasformato una stazione della metropolitana in un luogo di arte ed accoglienza valorizzando i talenti del nostro territorio<\/em>\u201d ha dichiarato Massimiliano Cudia, amministratore unico di Infra.To.<\/p>\n<p>La galleria d\u2019arte urbana \u00e8 stata realizzata grazie all\u2019opportunit\u00e0 offerta da Infra.To, la societ\u00e0 che gestisce le stazioni della metropolitana, e fa capo a Torino Creativa, Area giovani e pari opportunit\u00e0 della Citt\u00e0 di Torino.<\/p>\n","protected":false},"excerpt":{"rendered":"<p>Nove opere realizzate da altrettanti artisti compongono la neo inaugurata mostra della Galleria d\u2019arte urbana Bengasi, nell\u2019omonima stazione della metropolitana 1 di Torino. Una sperimentazione nata un anno fa, in occasione dell\u2019inaugurazione della stazione alle porte di Moncalieri, con l\u2019idea di realizzare uno spazio per far conoscere le opere di giovani artisti torinesi impegnati in [&hellip;]<\/p>\n","protected":false},"author":1,"featured_media":0,"comment_status":"closed","ping_status":"open","sticky":false,"template":"","format":"standard","meta":{"ngg_post_thumbnail":0},"categories":[54,1,41],"tags":[],"_links":{"self":[{"href":"http:\/\/www.spaziotorino.it\/scatto\/index.php?rest_route=\/wp\/v2\/posts\/42076"}],"collection":[{"href":"http:\/\/www.spaziotorino.it\/scatto\/index.php?rest_route=\/wp\/v2\/posts"}],"about":[{"href":"http:\/\/www.spaziotorino.it\/scatto\/index.php?rest_route=\/wp\/v2\/types\/post"}],"author":[{"embeddable":true,"href":"http:\/\/www.spaziotorino.it\/scatto\/index.php?rest_route=\/wp\/v2\/users\/1"}],"replies":[{"embeddable":true,"href":"http:\/\/www.spaziotorino.it\/scatto\/index.php?rest_route=%2Fwp%2Fv2%2Fcomments&post=42076"}],"version-history":[{"count":1,"href":"http:\/\/www.spaziotorino.it\/scatto\/index.php?rest_route=\/wp\/v2\/posts\/42076\/revisions"}],"predecessor-version":[{"id":42077,"href":"http:\/\/www.spaziotorino.it\/scatto\/index.php?rest_route=\/wp\/v2\/posts\/42076\/revisions\/42077"}],"wp:attachment":[{"href":"http:\/\/www.spaziotorino.it\/scatto\/index.php?rest_route=%2Fwp%2Fv2%2Fmedia&parent=42076"}],"wp:term":[{"taxonomy":"category","embeddable":true,"href":"http:\/\/www.spaziotorino.it\/scatto\/index.php?rest_route=%2Fwp%2Fv2%2Fcategories&post=42076"},{"taxonomy":"post_tag","embeddable":true,"href":"http:\/\/www.spaziotorino.it\/scatto\/index.php?rest_route=%2Fwp%2Fv2%2Ftags&post=42076"}],"curies":[{"name":"wp","href":"https:\/\/api.w.org\/{rel}","templated":true}]}}