{"id":42094,"date":"2022-04-29T16:27:41","date_gmt":"2022-04-29T15:27:41","guid":{"rendered":"http:\/\/www.spaziotorino.it\/scatto\/?p=42094"},"modified":"2022-04-29T16:27:41","modified_gmt":"2022-04-29T15:27:41","slug":"al-parco-del-valentino-botanical-rhapsody-urban-art-hall-of-fame-for-eurovision","status":"publish","type":"post","link":"http:\/\/www.spaziotorino.it\/scatto\/?p=42094","title":{"rendered":"Al Parco del Valentino &#8216;Botanical Rhapsody &#8211; Urban art hall of fame for EuroVision&#8217;"},"content":{"rendered":"<p><a class=\"ngg-fancybox\" title=\"Al Parco del Valentino 'Botanical Rhapsody - Urban art hall of fame for EuroVision'\" href=\"http:\/\/www.spaziotorino.it\/scatto\/wp-content\/gallery\/2022_04_29_botanico\/pla_7722.jpg\" rel=\"lightbox[set_1763]\"><br \/>\n<img decoding=\"async\" loading=\"lazy\" class=\"ngg-singlepic\" title=\"Al Parco del Valentino 'Botanical Rhapsody - Urban art hall of fame for EuroVision'\" src=\"http:\/\/www.spaziotorino.it\/scatto\/wp-content\/gallery\/2022_04_29_botanico\/pla_7722.jpg\" alt=\"\" width=\"540\" height=\"360\"\/><\/a><\/p>\n<!-- index.php -->\n<div\n\tclass=\"ngg-galleryoverview ngg-ajax-pagination-none\"\n\tid=\"ngg-gallery-dc56a7870293a3241242d40777670a13-1\">\n\n    \t\t<!-- Thumbnails -->\n\t\t\t\t<div id=\"ngg-image-0\" class=\"ngg-gallery-thumbnail-box\" >\n\t\t\t\t        <div class=\"ngg-gallery-thumbnail\">\n            <a href=\"http:\/\/www.spaziotorino.it\/scatto\/wp-content\/gallery\/2022_04_29_botanico\/pla_7572.jpg\"\n               title=\"Al Parco del Valentino &#039;Botanical Rhapsody -Urban art hall of fame for EuroVision&#039;\"\n               data-src=\"http:\/\/www.spaziotorino.it\/scatto\/wp-content\/gallery\/2022_04_29_botanico\/pla_7572.jpg\"\n               data-thumbnail=\"http:\/\/www.spaziotorino.it\/scatto\/wp-content\/gallery\/2022_04_29_botanico\/thumbs\/thumbs_pla_7572.jpg\"\n               data-image-id=\"26585\"\n               data-title=\"Al Parco del Valentino &#039;Botanical Rhapsody -Urban art hall of fame for EuroVision&#039;\"\n               data-description=\"Al Parco del Valentino &#039;Botanical Rhapsody -Urban art hall of fame for EuroVision&#039;\"\n               data-image-slug=\"pla_7572\"\n               class=\"ngg-fancybox\" rel=\"dc56a7870293a3241242d40777670a13\">\n                <img\n                    title=\"Al Parco del Valentino &#039;Botanical Rhapsody -Urban art hall of fame for EuroVision&#039;\"\n                    alt=\"Al Parco del Valentino &#039;Botanical Rhapsody -Urban art hall of fame for EuroVision&#039;\"\n                    src=\"http:\/\/www.spaziotorino.it\/scatto\/wp-content\/gallery\/2022_04_29_botanico\/cache\/pla_7572.jpg-nggid0526585-ngg0dyn-60x60x100-00f0w010c011r110f110r010t010.jpg\"\n                    width=\"60\"\n                    height=\"60\"\n                    style=\"max-width:100%;\"\n                \/>\n            <\/a>\n        <\/div>\n\t\t\t\t\t\t\t<\/div> \n\t\t\t\n        \n\t\t\t\t<div id=\"ngg-image-1\" class=\"ngg-gallery-thumbnail-box\" >\n\t\t\t\t        <div class=\"ngg-gallery-thumbnail\">\n            <a href=\"http:\/\/www.spaziotorino.it\/scatto\/wp-content\/gallery\/2022_04_29_botanico\/pla_7608.jpg\"\n               title=\"Al Parco del Valentino &#039;Botanical Rhapsody -Urban art hall of fame for EuroVision&#039;\"\n               data-src=\"http:\/\/www.spaziotorino.it\/scatto\/wp-content\/gallery\/2022_04_29_botanico\/pla_7608.jpg\"\n               data-thumbnail=\"http:\/\/www.spaziotorino.it\/scatto\/wp-content\/gallery\/2022_04_29_botanico\/thumbs\/thumbs_pla_7608.jpg\"\n               data-image-id=\"26586\"\n               data-title=\"Al Parco del Valentino &#039;Botanical Rhapsody -Urban art hall of fame for EuroVision&#039;\"\n               data-description=\"Al Parco del Valentino &#039;Botanical Rhapsody -Urban art hall of fame for EuroVision&#039;\"\n               data-image-slug=\"pla_7608-1\"\n               class=\"ngg-fancybox\" rel=\"dc56a7870293a3241242d40777670a13\">\n                <img\n                    title=\"Al Parco del Valentino &#039;Botanical Rhapsody -Urban art hall of fame for EuroVision&#039;\"\n                    alt=\"Al Parco del Valentino &#039;Botanical Rhapsody -Urban art hall of fame for EuroVision&#039;\"\n                    src=\"http:\/\/www.spaziotorino.it\/scatto\/wp-content\/gallery\/2022_04_29_botanico\/cache\/pla_7608.jpg-nggid0526586-ngg0dyn-60x60x100-00f0w010c011r110f110r010t010.jpg\"\n                    width=\"60\"\n                    height=\"60\"\n                    style=\"max-width:100%;\"\n                \/>\n            <\/a>\n        <\/div>\n\t\t\t\t\t\t\t<\/div> \n\t\t\t\n        \n\t\t\t\t<div id=\"ngg-image-2\" class=\"ngg-gallery-thumbnail-box\" >\n\t\t\t\t        <div class=\"ngg-gallery-thumbnail\">\n            <a href=\"http:\/\/www.spaziotorino.it\/scatto\/wp-content\/gallery\/2022_04_29_botanico\/pla_7595.jpg\"\n               title=\"Al Parco del Valentino &#039;Botanical Rhapsody -Urban art hall of fame for EuroVision&#039;\"\n               data-src=\"http:\/\/www.spaziotorino.it\/scatto\/wp-content\/gallery\/2022_04_29_botanico\/pla_7595.jpg\"\n               data-thumbnail=\"http:\/\/www.spaziotorino.it\/scatto\/wp-content\/gallery\/2022_04_29_botanico\/thumbs\/thumbs_pla_7595.jpg\"\n               data-image-id=\"26587\"\n               data-title=\"Al Parco del Valentino &#039;Botanical Rhapsody -Urban art hall of fame for EuroVision&#039;\"\n               data-description=\"Al Parco del Valentino &#039;Botanical Rhapsody -Urban art hall of fame for EuroVision&#039;\"\n               data-image-slug=\"pla_7595\"\n               class=\"ngg-fancybox\" rel=\"dc56a7870293a3241242d40777670a13\">\n                <img\n                    title=\"Al Parco del Valentino &#039;Botanical Rhapsody -Urban art hall of fame for EuroVision&#039;\"\n                    alt=\"Al Parco del Valentino &#039;Botanical Rhapsody -Urban art hall of fame for EuroVision&#039;\"\n                    src=\"http:\/\/www.spaziotorino.it\/scatto\/wp-content\/gallery\/2022_04_29_botanico\/cache\/pla_7595.jpg-nggid0526587-ngg0dyn-60x60x100-00f0w010c011r110f110r010t010.jpg\"\n                    width=\"60\"\n                    height=\"60\"\n                    style=\"max-width:100%;\"\n                \/>\n            <\/a>\n        <\/div>\n\t\t\t\t\t\t\t<\/div> \n\t\t\t\n        \n\t\t\t\t<div id=\"ngg-image-3\" class=\"ngg-gallery-thumbnail-box\" >\n\t\t\t\t        <div class=\"ngg-gallery-thumbnail\">\n            <a href=\"http:\/\/www.spaziotorino.it\/scatto\/wp-content\/gallery\/2022_04_29_botanico\/pla_7578.jpg\"\n               title=\"Al Parco del Valentino &#039;Botanical Rhapsody -Urban art hall of fame for EuroVision&#039;\"\n               data-src=\"http:\/\/www.spaziotorino.it\/scatto\/wp-content\/gallery\/2022_04_29_botanico\/pla_7578.jpg\"\n               data-thumbnail=\"http:\/\/www.spaziotorino.it\/scatto\/wp-content\/gallery\/2022_04_29_botanico\/thumbs\/thumbs_pla_7578.jpg\"\n               data-image-id=\"26588\"\n               data-title=\"Al Parco del Valentino &#039;Botanical Rhapsody -Urban art hall of fame for EuroVision&#039;\"\n               data-description=\"Al Parco del Valentino &#039;Botanical Rhapsody -Urban art hall of fame for EuroVision&#039;\"\n               data-image-slug=\"pla_7578-2\"\n               class=\"ngg-fancybox\" rel=\"dc56a7870293a3241242d40777670a13\">\n                <img\n                    title=\"Al Parco del Valentino &#039;Botanical Rhapsody -Urban art hall of fame for EuroVision&#039;\"\n                    alt=\"Al Parco del Valentino &#039;Botanical Rhapsody -Urban art hall of fame for EuroVision&#039;\"\n                    src=\"http:\/\/www.spaziotorino.it\/scatto\/wp-content\/gallery\/2022_04_29_botanico\/cache\/pla_7578.jpg-nggid0526588-ngg0dyn-60x60x100-00f0w010c011r110f110r010t010.jpg\"\n                    width=\"60\"\n                    height=\"60\"\n                    style=\"max-width:100%;\"\n                \/>\n            <\/a>\n        <\/div>\n\t\t\t\t\t\t\t<\/div> \n\t\t\t\n        \n\t\t\t\t<div id=\"ngg-image-4\" class=\"ngg-gallery-thumbnail-box\" >\n\t\t\t\t        <div class=\"ngg-gallery-thumbnail\">\n            <a href=\"http:\/\/www.spaziotorino.it\/scatto\/wp-content\/gallery\/2022_04_29_botanico\/pla_7589.jpg\"\n               title=\"Al Parco del Valentino &#039;Botanical Rhapsody -Urban art hall of fame for EuroVision&#039;\"\n               data-src=\"http:\/\/www.spaziotorino.it\/scatto\/wp-content\/gallery\/2022_04_29_botanico\/pla_7589.jpg\"\n               data-thumbnail=\"http:\/\/www.spaziotorino.it\/scatto\/wp-content\/gallery\/2022_04_29_botanico\/thumbs\/thumbs_pla_7589.jpg\"\n               data-image-id=\"26589\"\n               data-title=\"Al Parco del Valentino &#039;Botanical Rhapsody -Urban art hall of fame for EuroVision&#039;\"\n               data-description=\"Al Parco del Valentino &#039;Botanical Rhapsody -Urban art hall of fame for EuroVision&#039;\"\n               data-image-slug=\"pla_7589\"\n               class=\"ngg-fancybox\" rel=\"dc56a7870293a3241242d40777670a13\">\n                <img\n                    title=\"Al Parco del Valentino &#039;Botanical Rhapsody -Urban art hall of fame for EuroVision&#039;\"\n                    alt=\"Al Parco del Valentino &#039;Botanical Rhapsody -Urban art hall of fame for EuroVision&#039;\"\n                    src=\"http:\/\/www.spaziotorino.it\/scatto\/wp-content\/gallery\/2022_04_29_botanico\/cache\/pla_7589.jpg-nggid0526589-ngg0dyn-60x60x100-00f0w010c011r110f110r010t010.jpg\"\n                    width=\"60\"\n                    height=\"60\"\n                    style=\"max-width:100%;\"\n                \/>\n            <\/a>\n        <\/div>\n\t\t\t\t\t\t\t<\/div> \n\t\t\t\n        \n\t\t\t\t<div id=\"ngg-image-5\" class=\"ngg-gallery-thumbnail-box\" >\n\t\t\t\t        <div class=\"ngg-gallery-thumbnail\">\n            <a href=\"http:\/\/www.spaziotorino.it\/scatto\/wp-content\/gallery\/2022_04_29_botanico\/pla_7602.jpg\"\n               title=\"Al Parco del Valentino &#039;Botanical Rhapsody -Urban art hall of fame for EuroVision&#039;\"\n               data-src=\"http:\/\/www.spaziotorino.it\/scatto\/wp-content\/gallery\/2022_04_29_botanico\/pla_7602.jpg\"\n               data-thumbnail=\"http:\/\/www.spaziotorino.it\/scatto\/wp-content\/gallery\/2022_04_29_botanico\/thumbs\/thumbs_pla_7602.jpg\"\n               data-image-id=\"26590\"\n               data-title=\"Al Parco del Valentino &#039;Botanical Rhapsody -Urban art hall of fame for EuroVision&#039;\"\n               data-description=\"Al Parco del Valentino &#039;Botanical Rhapsody -Urban art hall of fame for EuroVision&#039;\"\n               data-image-slug=\"pla_7602-1\"\n               class=\"ngg-fancybox\" rel=\"dc56a7870293a3241242d40777670a13\">\n                <img\n                    title=\"Al Parco del Valentino &#039;Botanical Rhapsody -Urban art hall of fame for EuroVision&#039;\"\n                    alt=\"Al Parco del Valentino &#039;Botanical Rhapsody -Urban art hall of fame for EuroVision&#039;\"\n                    src=\"http:\/\/www.spaziotorino.it\/scatto\/wp-content\/gallery\/2022_04_29_botanico\/cache\/pla_7602.jpg-nggid0526590-ngg0dyn-60x60x100-00f0w010c011r110f110r010t010.jpg\"\n                    width=\"60\"\n                    height=\"60\"\n                    style=\"max-width:100%;\"\n                \/>\n            <\/a>\n        <\/div>\n\t\t\t\t\t\t\t<\/div> \n\t\t\t\n        \n\t\t\t\t<div id=\"ngg-image-6\" class=\"ngg-gallery-thumbnail-box\" >\n\t\t\t\t        <div class=\"ngg-gallery-thumbnail\">\n            <a href=\"http:\/\/www.spaziotorino.it\/scatto\/wp-content\/gallery\/2022_04_29_botanico\/pla_7624.jpg\"\n               title=\"Al Parco del Valentino &#039;Botanical Rhapsody -Urban art hall of fame for EuroVision&#039;\"\n               data-src=\"http:\/\/www.spaziotorino.it\/scatto\/wp-content\/gallery\/2022_04_29_botanico\/pla_7624.jpg\"\n               data-thumbnail=\"http:\/\/www.spaziotorino.it\/scatto\/wp-content\/gallery\/2022_04_29_botanico\/thumbs\/thumbs_pla_7624.jpg\"\n               data-image-id=\"26591\"\n               data-title=\"Al Parco del Valentino &#039;Botanical Rhapsody -Urban art hall of fame for EuroVision&#039;\"\n               data-description=\"Al Parco del Valentino &#039;Botanical Rhapsody -Urban art hall of fame for EuroVision&#039;\"\n               data-image-slug=\"pla_7624\"\n               class=\"ngg-fancybox\" rel=\"dc56a7870293a3241242d40777670a13\">\n                <img\n                    title=\"Al Parco del Valentino &#039;Botanical Rhapsody -Urban art hall of fame for EuroVision&#039;\"\n                    alt=\"Al Parco del Valentino &#039;Botanical Rhapsody -Urban art hall of fame for EuroVision&#039;\"\n                    src=\"http:\/\/www.spaziotorino.it\/scatto\/wp-content\/gallery\/2022_04_29_botanico\/cache\/pla_7624.jpg-nggid0526591-ngg0dyn-60x60x100-00f0w010c011r110f110r010t010.jpg\"\n                    width=\"60\"\n                    height=\"60\"\n                    style=\"max-width:100%;\"\n                \/>\n            <\/a>\n        <\/div>\n\t\t\t\t\t\t\t<\/div> \n\t\t\t\n        \n\t\t\t\t<div id=\"ngg-image-7\" class=\"ngg-gallery-thumbnail-box\" >\n\t\t\t\t        <div class=\"ngg-gallery-thumbnail\">\n            <a href=\"http:\/\/www.spaziotorino.it\/scatto\/wp-content\/gallery\/2022_04_29_botanico\/pla_7698.jpg\"\n               title=\"Al Parco del Valentino &#039;Botanical Rhapsody -Urban art hall of fame for EuroVision&#039;\"\n               data-src=\"http:\/\/www.spaziotorino.it\/scatto\/wp-content\/gallery\/2022_04_29_botanico\/pla_7698.jpg\"\n               data-thumbnail=\"http:\/\/www.spaziotorino.it\/scatto\/wp-content\/gallery\/2022_04_29_botanico\/thumbs\/thumbs_pla_7698.jpg\"\n               data-image-id=\"26592\"\n               data-title=\"Al Parco del Valentino &#039;Botanical Rhapsody -Urban art hall of fame for EuroVision&#039;\"\n               data-description=\"Al Parco del Valentino &#039;Botanical Rhapsody -Urban art hall of fame for EuroVision&#039;\"\n               data-image-slug=\"pla_7698\"\n               class=\"ngg-fancybox\" rel=\"dc56a7870293a3241242d40777670a13\">\n                <img\n                    title=\"Al Parco del Valentino &#039;Botanical Rhapsody -Urban art hall of fame for EuroVision&#039;\"\n                    alt=\"Al Parco del Valentino &#039;Botanical Rhapsody -Urban art hall of fame for EuroVision&#039;\"\n                    src=\"http:\/\/www.spaziotorino.it\/scatto\/wp-content\/gallery\/2022_04_29_botanico\/cache\/pla_7698.jpg-nggid0526592-ngg0dyn-60x60x100-00f0w010c011r110f110r010t010.jpg\"\n                    width=\"60\"\n                    height=\"60\"\n                    style=\"max-width:100%;\"\n                \/>\n            <\/a>\n        <\/div>\n\t\t\t\t\t\t\t<\/div> \n\t\t\t\n        \n\t\t\t\t<div id=\"ngg-image-8\" class=\"ngg-gallery-thumbnail-box\" >\n\t\t\t\t        <div class=\"ngg-gallery-thumbnail\">\n            <a href=\"http:\/\/www.spaziotorino.it\/scatto\/wp-content\/gallery\/2022_04_29_botanico\/pla_7655.jpg\"\n               title=\"La conferenza stampa all&#039;Orto Botanico\"\n               data-src=\"http:\/\/www.spaziotorino.it\/scatto\/wp-content\/gallery\/2022_04_29_botanico\/pla_7655.jpg\"\n               data-thumbnail=\"http:\/\/www.spaziotorino.it\/scatto\/wp-content\/gallery\/2022_04_29_botanico\/thumbs\/thumbs_pla_7655.jpg\"\n               data-image-id=\"26593\"\n               data-title=\"La conferenza stampa all&#039;Orto Botanico\"\n               data-description=\"La conferenza stampa all&#039;Orto Botanico\"\n               data-image-slug=\"pla_7655\"\n               class=\"ngg-fancybox\" rel=\"dc56a7870293a3241242d40777670a13\">\n                <img\n                    title=\"La conferenza stampa all&#039;Orto Botanico\"\n                    alt=\"La conferenza stampa all&#039;Orto Botanico\"\n                    src=\"http:\/\/www.spaziotorino.it\/scatto\/wp-content\/gallery\/2022_04_29_botanico\/cache\/pla_7655.jpg-nggid0526593-ngg0dyn-60x60x100-00f0w010c011r110f110r010t010.jpg\"\n                    width=\"60\"\n                    height=\"60\"\n                    style=\"max-width:100%;\"\n                \/>\n            <\/a>\n        <\/div>\n\t\t\t\t\t\t\t<\/div> \n\t\t\t\n        \n\t\t\t\t<div id=\"ngg-image-9\" class=\"ngg-gallery-thumbnail-box\" >\n\t\t\t\t        <div class=\"ngg-gallery-thumbnail\">\n            <a href=\"http:\/\/www.spaziotorino.it\/scatto\/wp-content\/gallery\/2022_04_29_botanico\/pla_7625.jpg\"\n               title=\"Orto Botanico\"\n               data-src=\"http:\/\/www.spaziotorino.it\/scatto\/wp-content\/gallery\/2022_04_29_botanico\/pla_7625.jpg\"\n               data-thumbnail=\"http:\/\/www.spaziotorino.it\/scatto\/wp-content\/gallery\/2022_04_29_botanico\/thumbs\/thumbs_pla_7625.jpg\"\n               data-image-id=\"26594\"\n               data-title=\"Orto Botanico\"\n               data-description=\"Orto Botanico\"\n               data-image-slug=\"pla_7625\"\n               class=\"ngg-fancybox\" rel=\"dc56a7870293a3241242d40777670a13\">\n                <img\n                    title=\"Orto Botanico\"\n                    alt=\"Orto Botanico\"\n                    src=\"http:\/\/www.spaziotorino.it\/scatto\/wp-content\/gallery\/2022_04_29_botanico\/cache\/pla_7625.jpg-nggid0526594-ngg0dyn-60x60x100-00f0w010c011r110f110r010t010.jpg\"\n                    width=\"60\"\n                    height=\"60\"\n                    style=\"max-width:100%;\"\n                \/>\n            <\/a>\n        <\/div>\n\t\t\t\t\t\t\t<\/div> \n\t\t\t\n        \n\t\t\t\t<div id=\"ngg-image-10\" class=\"ngg-gallery-thumbnail-box\" >\n\t\t\t\t        <div class=\"ngg-gallery-thumbnail\">\n            <a href=\"http:\/\/www.spaziotorino.it\/scatto\/wp-content\/gallery\/2022_04_29_botanico\/pla_7674.jpg\"\n               title=\"La conferenza stampa all&#039;Orto Botanico\"\n               data-src=\"http:\/\/www.spaziotorino.it\/scatto\/wp-content\/gallery\/2022_04_29_botanico\/pla_7674.jpg\"\n               data-thumbnail=\"http:\/\/www.spaziotorino.it\/scatto\/wp-content\/gallery\/2022_04_29_botanico\/thumbs\/thumbs_pla_7674.jpg\"\n               data-image-id=\"26595\"\n               data-title=\"La conferenza stampa all&#039;Orto Botanico\"\n               data-description=\"La conferenza stampa all&#039;Orto Botanico\"\n               data-image-slug=\"pla_7674\"\n               class=\"ngg-fancybox\" rel=\"dc56a7870293a3241242d40777670a13\">\n                <img\n                    title=\"La conferenza stampa all&#039;Orto Botanico\"\n                    alt=\"La conferenza stampa all&#039;Orto Botanico\"\n                    src=\"http:\/\/www.spaziotorino.it\/scatto\/wp-content\/gallery\/2022_04_29_botanico\/cache\/pla_7674.jpg-nggid0526595-ngg0dyn-60x60x100-00f0w010c011r110f110r010t010.jpg\"\n                    width=\"60\"\n                    height=\"60\"\n                    style=\"max-width:100%;\"\n                \/>\n            <\/a>\n        <\/div>\n\t\t\t\t\t\t\t<\/div> \n\t\t\t\n        \n\t\t\t\t<div id=\"ngg-image-11\" class=\"ngg-gallery-thumbnail-box\" >\n\t\t\t\t        <div class=\"ngg-gallery-thumbnail\">\n            <a href=\"http:\/\/www.spaziotorino.it\/scatto\/wp-content\/gallery\/2022_04_29_botanico\/pla_7665.jpg\"\n               title=\"La conferenza stampa all&#039;Orto Botanico\"\n               data-src=\"http:\/\/www.spaziotorino.it\/scatto\/wp-content\/gallery\/2022_04_29_botanico\/pla_7665.jpg\"\n               data-thumbnail=\"http:\/\/www.spaziotorino.it\/scatto\/wp-content\/gallery\/2022_04_29_botanico\/thumbs\/thumbs_pla_7665.jpg\"\n               data-image-id=\"26596\"\n               data-title=\"La conferenza stampa all&#039;Orto Botanico\"\n               data-description=\"La conferenza stampa all&#039;Orto Botanico\"\n               data-image-slug=\"pla_7665\"\n               class=\"ngg-fancybox\" rel=\"dc56a7870293a3241242d40777670a13\">\n                <img\n                    title=\"La conferenza stampa all&#039;Orto Botanico\"\n                    alt=\"La conferenza stampa all&#039;Orto Botanico\"\n                    src=\"http:\/\/www.spaziotorino.it\/scatto\/wp-content\/gallery\/2022_04_29_botanico\/cache\/pla_7665.jpg-nggid0526596-ngg0dyn-60x60x100-00f0w010c011r110f110r010t010.jpg\"\n                    width=\"60\"\n                    height=\"60\"\n                    style=\"max-width:100%;\"\n                \/>\n            <\/a>\n        <\/div>\n\t\t\t\t\t\t\t<\/div> \n\t\t\t\n        \n\t\t\t\t<div id=\"ngg-image-12\" class=\"ngg-gallery-thumbnail-box\" >\n\t\t\t\t        <div class=\"ngg-gallery-thumbnail\">\n            <a href=\"http:\/\/www.spaziotorino.it\/scatto\/wp-content\/gallery\/2022_04_29_botanico\/pla_7699.jpg\"\n               title=\"Al Parco del Valentino &#039;Botanical Rhapsody -Urban art hall of fame for EuroVision&#039;\"\n               data-src=\"http:\/\/www.spaziotorino.it\/scatto\/wp-content\/gallery\/2022_04_29_botanico\/pla_7699.jpg\"\n               data-thumbnail=\"http:\/\/www.spaziotorino.it\/scatto\/wp-content\/gallery\/2022_04_29_botanico\/thumbs\/thumbs_pla_7699.jpg\"\n               data-image-id=\"26597\"\n               data-title=\"Al Parco del Valentino &#039;Botanical Rhapsody -Urban art hall of fame for EuroVision&#039;\"\n               data-description=\"Al Parco del Valentino &#039;Botanical Rhapsody -Urban art hall of fame for EuroVision&#039;\"\n               data-image-slug=\"pla_7699\"\n               class=\"ngg-fancybox\" rel=\"dc56a7870293a3241242d40777670a13\">\n                <img\n                    title=\"Al Parco del Valentino &#039;Botanical Rhapsody -Urban art hall of fame for EuroVision&#039;\"\n                    alt=\"Al Parco del Valentino &#039;Botanical Rhapsody -Urban art hall of fame for EuroVision&#039;\"\n                    src=\"http:\/\/www.spaziotorino.it\/scatto\/wp-content\/gallery\/2022_04_29_botanico\/cache\/pla_7699.jpg-nggid0526597-ngg0dyn-60x60x100-00f0w010c011r110f110r010t010.jpg\"\n                    width=\"60\"\n                    height=\"60\"\n                    style=\"max-width:100%;\"\n                \/>\n            <\/a>\n        <\/div>\n\t\t\t\t\t\t\t<\/div> \n\t\t\t\n        \n\t\t\t\t<div id=\"ngg-image-13\" class=\"ngg-gallery-thumbnail-box\" >\n\t\t\t\t        <div class=\"ngg-gallery-thumbnail\">\n            <a href=\"http:\/\/www.spaziotorino.it\/scatto\/wp-content\/gallery\/2022_04_29_botanico\/pla_7717.jpg\"\n               title=\"Al Parco del Valentino &#039;Botanical Rhapsody -Urban art hall of fame for EuroVision&#039;\"\n               data-src=\"http:\/\/www.spaziotorino.it\/scatto\/wp-content\/gallery\/2022_04_29_botanico\/pla_7717.jpg\"\n               data-thumbnail=\"http:\/\/www.spaziotorino.it\/scatto\/wp-content\/gallery\/2022_04_29_botanico\/thumbs\/thumbs_pla_7717.jpg\"\n               data-image-id=\"26598\"\n               data-title=\"Al Parco del Valentino &#039;Botanical Rhapsody -Urban art hall of fame for EuroVision&#039;\"\n               data-description=\"Al Parco del Valentino &#039;Botanical Rhapsody -Urban art hall of fame for EuroVision&#039;\"\n               data-image-slug=\"pla_7717\"\n               class=\"ngg-fancybox\" rel=\"dc56a7870293a3241242d40777670a13\">\n                <img\n                    title=\"Al Parco del Valentino &#039;Botanical Rhapsody -Urban art hall of fame for EuroVision&#039;\"\n                    alt=\"Al Parco del Valentino &#039;Botanical Rhapsody -Urban art hall of fame for EuroVision&#039;\"\n                    src=\"http:\/\/www.spaziotorino.it\/scatto\/wp-content\/gallery\/2022_04_29_botanico\/cache\/pla_7717.jpg-nggid0526598-ngg0dyn-60x60x100-00f0w010c011r110f110r010t010.jpg\"\n                    width=\"60\"\n                    height=\"60\"\n                    style=\"max-width:100%;\"\n                \/>\n            <\/a>\n        <\/div>\n\t\t\t\t\t\t\t<\/div> \n\t\t\t\n        \n\t\t\n\t\t<!-- Pagination -->\n\t<div class='ngg-clear'><\/div>\t<\/div>\n\n<p>Si \u00e8 svolta &nbsp;<strong>26 al 29 aprile 2022<\/strong> al Parco del Valentino in <strong>Viale Mattioli <\/strong>nei pressi dell\u2019<strong>Orto Botanico di Torino, <\/strong>\u201c<strong>Botanical Rhapsody &#8211; Urban art hall of fame for EuroVision\u201d, <\/strong>manifestazione che intende promuovere l\u2019arte attraverso interventi di <em>Graffiti-Writing<\/em> e <em>Urban Art <\/em>in occasione dell\u2019apertura dell\u2019Eurovision Village.<\/p>\n<p><strong>Nato da un\u2019idea dell\u2019assessorato alla Cura della citt\u00e0 e del Verde pubblico, <\/strong>l\u2019evento -organizzato da \u201c<strong>TO SHAPE &#8211; Torino Urban Art District\u201d<\/strong>, con il patrocinio della <strong>Citt\u00e0 di Torino<\/strong> in collaborazione con<strong> Torino Creativa <\/strong>e <strong>Fondazione per la Cultura Torino<\/strong>, promosso da <strong>Fondazione Contrada Torino Onlus<\/strong>, coordinato dai collettivi artistici <strong>\u201cIl Cerchio e le Gocce\u201d<\/strong> e <strong>\u201cMonkeys Evolution<\/strong>\u201d e curato da <strong>Roberto Mastroianni<\/strong>&#8211; intende recuperare la recinzione metallica dell\u2019Orto Botanico negli spazi del Parco del Valentino, attraverso una <strong>Hall of fame di <em>Urban Art<\/em> e <em>Graffiti-Writing <\/em><\/strong>condotta da<strong> affermati <em>writer<\/em> e <em>urban artist <\/em><\/strong>e <strong>giovani <\/strong>neo artisti <strong>torinesi<\/strong>.<\/p>\n<p>La <strong><em>street culture<\/em><\/strong><em>, <\/em>nelle sue declinazioni visuali e musicali, <strong>incontra i temi della sostenibilit\u00e0<\/strong> ambientale e del <strong>verde pubblico<\/strong>, producendo un intervento di <strong>ri-fuzionalizzazione e ri-semantizzazione<\/strong> finalizzata a sviluppare rigenerazione urbana.<\/p>\n<p>La recinzione, destinata a essere in un prossimo futuro rimossa e smaltita, diventa una grande <strong>tela<\/strong> sulla quale interventi pittorici figurali e scritturali a tema <em>green &amp; music <\/em>danno forma a una <strong>galleria temporanea <\/strong>di opere d\u2019arte che si alternano alle tag autoriali storiche gi\u00e0 presenti.<\/p>\n<p>I lavori realizzati saranno visibili per tutto il periodo di <strong>EuroVision Song Contest 2022 <\/strong>e rimarranno nel parco fino a quando la recinzione non verr\u00e0 rimpiazzata da un\u2019inferriata d\u2019autore.<\/p>\n<p>In seguito le <strong>opere <\/strong>saranno<strong> messe all\u2019asta<\/strong> e il ricavato destinato alla piantumazione<strong> di nuovi alberi nel Parco del Valentino<\/strong> attraverso l\u2019iniziativa della Citt\u00e0 di Torino \u201cRegala un Albero\u201d.<\/p>\n<p><em>\u201cAbbiamo pensato di organizzare un evento preparatorio all\u2019Eurovision che unisca bellezza e musica, in cui l\u2019arte urbana incontra i temi della sostenibilit\u00e0 ambientale e del verde all&#8217;interno della splendida cornice del Parco del Valentino &#8211; <\/em><strong>hanno commentato l\u2019Assessore Francesco Tresso e la Direttrice dell\u2019Orto Botanico, Professoressa Consolata Siniscalco<\/strong> -. <em>Questa iniziativa inoltre ci insegna come si possa dare valore e nuova vita ad una cancellata deteriorata, che diventer\u00e0 prima opera d\u2019arte e infine nuovo verde per il Parco\u201d.<\/em><\/p>\n<p>&nbsp;<\/p>\n<p><strong><u>GLI ARTISTI<\/u><\/strong><\/p>\n<p>&nbsp;<\/p>\n<p>Gli artisti impegnati nella realizzazione dell&#8217;intervento sono:<\/p>\n<p>&nbsp;<\/p>\n<p>-CI.MA.A.A.<\/p>\n<p>-Corn79<\/p>\n<p>-Giga<\/p>\n<p>-Martello Pasquale<\/p>\n<p>-Mmmarta<\/p>\n<p>-MrFijodor<\/p>\n<p>-NO reason art<\/p>\n<p>-Pilo<\/p>\n<p>-Sheko<\/p>\n<p>-Supe<\/p>\n<p>-Theory<\/p>\n<p>-Wat<\/p>\n<p>-Zeta<\/p>\n<p>&nbsp;<\/p>\n<p><strong><u>TO SHAPE<\/u><\/strong><\/p>\n<p><strong>\u2018To Shape &#8211; Torino Urban Art District\u2019 \u00e8 la \u2018galleria a cielo aperto\u2019 della Citt\u00e0 di Torino<\/strong> che raccoglie l\u2019eredit\u00e0 dei lavori di <strong>Murarte, Street Attitudes, Pareti ad Arte, Porte ad Arte, Picturin, B.art, TOward, SAM-Street Art Museum, MAU-Museo Arte Urbana, Spazio Portici-Percorsi Creativi e le azioni artistiche all\u2019interno di Parco Dora<\/strong>.<\/p>\n<p>\u00c8 una visione nuova dell\u2019arte che pone la street art, il muralismo e l\u2019urban art al centro e la identifica come motore di sviluppo.<\/p>\n<p>\u2018To Shape\u2019-<strong>progetto di Citt\u00e0 di Torino \/ Torino Creativa, Fondazione Contrada Onlus e GAI &#8211; Giovani Artisti Italiani realizzato anche grazie al sostegno di Compagnia di San Paolo<\/strong>&#8211; dar\u00e0 merito alle opere gi\u00e0 esistenti (sedimentate sul territorio negli ultimi 20 anni) e sar\u00e0 il punto di riferimento per gli interventi futuri. Un\u2019azione di valorizzazione, con uno sguardo verso il domani, che riconosce la creativit\u00e0 giovanile come asse trainante di sviluppo economico al fine di sostenere il lavoro e le professioni creative. Uno spazio di innovazione imprescindibile anche all\u2019interno del mondo dell\u2019arte.<\/p>\n<p>&nbsp;<\/p>\n","protected":false},"excerpt":{"rendered":"<p>Si \u00e8 svolta &nbsp;26 al 29 aprile 2022 al Parco del Valentino in Viale Mattioli nei pressi dell\u2019Orto Botanico di Torino, \u201cBotanical Rhapsody &#8211; Urban art hall of fame for EuroVision\u201d, manifestazione che intende promuovere l\u2019arte attraverso interventi di Graffiti-Writing e Urban Art in occasione dell\u2019apertura dell\u2019Eurovision Village. Nato da un\u2019idea dell\u2019assessorato alla Cura della [&hellip;]<\/p>\n","protected":false},"author":1,"featured_media":0,"comment_status":"closed","ping_status":"open","sticky":false,"template":"","format":"standard","meta":{"ngg_post_thumbnail":0},"categories":[54,1,41],"tags":[],"_links":{"self":[{"href":"http:\/\/www.spaziotorino.it\/scatto\/index.php?rest_route=\/wp\/v2\/posts\/42094"}],"collection":[{"href":"http:\/\/www.spaziotorino.it\/scatto\/index.php?rest_route=\/wp\/v2\/posts"}],"about":[{"href":"http:\/\/www.spaziotorino.it\/scatto\/index.php?rest_route=\/wp\/v2\/types\/post"}],"author":[{"embeddable":true,"href":"http:\/\/www.spaziotorino.it\/scatto\/index.php?rest_route=\/wp\/v2\/users\/1"}],"replies":[{"embeddable":true,"href":"http:\/\/www.spaziotorino.it\/scatto\/index.php?rest_route=%2Fwp%2Fv2%2Fcomments&post=42094"}],"version-history":[{"count":2,"href":"http:\/\/www.spaziotorino.it\/scatto\/index.php?rest_route=\/wp\/v2\/posts\/42094\/revisions"}],"predecessor-version":[{"id":42111,"href":"http:\/\/www.spaziotorino.it\/scatto\/index.php?rest_route=\/wp\/v2\/posts\/42094\/revisions\/42111"}],"wp:attachment":[{"href":"http:\/\/www.spaziotorino.it\/scatto\/index.php?rest_route=%2Fwp%2Fv2%2Fmedia&parent=42094"}],"wp:term":[{"taxonomy":"category","embeddable":true,"href":"http:\/\/www.spaziotorino.it\/scatto\/index.php?rest_route=%2Fwp%2Fv2%2Fcategories&post=42094"},{"taxonomy":"post_tag","embeddable":true,"href":"http:\/\/www.spaziotorino.it\/scatto\/index.php?rest_route=%2Fwp%2Fv2%2Ftags&post=42094"}],"curies":[{"name":"wp","href":"https:\/\/api.w.org\/{rel}","templated":true}]}}