{"id":42270,"date":"2022-05-09T23:55:35","date_gmt":"2022-05-09T22:55:35","guid":{"rendered":"http:\/\/www.spaziotorino.it\/scatto\/?p=42270"},"modified":"2022-05-10T14:58:29","modified_gmt":"2022-05-10T13:58:29","slug":"eurovision-village-tutto-esaurito-con-i-negrita","status":"publish","type":"post","link":"http:\/\/www.spaziotorino.it\/scatto\/?p=42270","title":{"rendered":"Eurovision Village: Tutto esaurito con i Negrita!"},"content":{"rendered":"<p><a class=\"ngg-fancybox\" title=\"Eurovision Village: Tutto esaurito con i Negrita!\" href=\"http:\/\/www.spaziotorino.it\/scatto\/wp-content\/gallery\/2022_05_09_eurovillage\/pla_1508.jpg\" rel=\"lightbox[set_1770]\"><br \/>\n<img decoding=\"async\" loading=\"lazy\" class=\"ngg-singlepic\" title=\"Eurovision Village: Tutto esaurito con i Negrita!\" src=\"http:\/\/www.spaziotorino.it\/scatto\/wp-content\/gallery\/2022_05_09_eurovillage\/pla_1508.jpg\" alt=\"\" width=\"540\" height=\"360\"\/><\/a><\/p>\n<!-- index.php -->\n<div\n\tclass=\"ngg-galleryoverview ngg-ajax-pagination-none\"\n\tid=\"ngg-gallery-92f9adf2c98564ccf032e84b7d0d893a-1\">\n\n    \t\t<!-- Thumbnails -->\n\t\t\t\t<div id=\"ngg-image-0\" class=\"ngg-gallery-thumbnail-box\" >\n\t\t\t\t        <div class=\"ngg-gallery-thumbnail\">\n            <a href=\"http:\/\/www.spaziotorino.it\/scatto\/wp-content\/gallery\/2022_05_09_eurovillage\/pla_0916.jpg\"\n               title=\"I Negrita\"\n               data-src=\"http:\/\/www.spaziotorino.it\/scatto\/wp-content\/gallery\/2022_05_09_eurovillage\/pla_0916.jpg\"\n               data-thumbnail=\"http:\/\/www.spaziotorino.it\/scatto\/wp-content\/gallery\/2022_05_09_eurovillage\/thumbs\/thumbs_pla_0916.jpg\"\n               data-image-id=\"26715\"\n               data-title=\"I Negrita\"\n               data-description=\"I Negrita\"\n               data-image-slug=\"pla_0916\"\n               class=\"ngg-fancybox\" rel=\"92f9adf2c98564ccf032e84b7d0d893a\">\n                <img\n                    title=\"I Negrita\"\n                    alt=\"I Negrita\"\n                    src=\"http:\/\/www.spaziotorino.it\/scatto\/wp-content\/gallery\/2022_05_09_eurovillage\/cache\/pla_0916.jpg-nggid0526715-ngg0dyn-60x60x100-00f0w010c011r110f110r010t010.jpg\"\n                    width=\"60\"\n                    height=\"60\"\n                    style=\"max-width:100%;\"\n                \/>\n            <\/a>\n        <\/div>\n\t\t\t\t\t\t\t<\/div> \n\t\t\t\n        \n\t\t\t\t<div id=\"ngg-image-1\" class=\"ngg-gallery-thumbnail-box\" >\n\t\t\t\t        <div class=\"ngg-gallery-thumbnail\">\n            <a href=\"http:\/\/www.spaziotorino.it\/scatto\/wp-content\/gallery\/2022_05_09_eurovillage\/pla_0934.jpg\"\n               title=\"I Negrita al Media Centre\"\n               data-src=\"http:\/\/www.spaziotorino.it\/scatto\/wp-content\/gallery\/2022_05_09_eurovillage\/pla_0934.jpg\"\n               data-thumbnail=\"http:\/\/www.spaziotorino.it\/scatto\/wp-content\/gallery\/2022_05_09_eurovillage\/thumbs\/thumbs_pla_0934.jpg\"\n               data-image-id=\"26714\"\n               data-title=\"I Negrita al Media Centre\"\n               data-description=\"I Negrita al Media Centre\"\n               data-image-slug=\"pla_0934\"\n               class=\"ngg-fancybox\" rel=\"92f9adf2c98564ccf032e84b7d0d893a\">\n                <img\n                    title=\"I Negrita al Media Centre\"\n                    alt=\"I Negrita al Media Centre\"\n                    src=\"http:\/\/www.spaziotorino.it\/scatto\/wp-content\/gallery\/2022_05_09_eurovillage\/cache\/pla_0934.jpg-nggid0526714-ngg0dyn-60x60x100-00f0w010c011r110f110r010t010.jpg\"\n                    width=\"60\"\n                    height=\"60\"\n                    style=\"max-width:100%;\"\n                \/>\n            <\/a>\n        <\/div>\n\t\t\t\t\t\t\t<\/div> \n\t\t\t\n        \n\t\t\t\t<div id=\"ngg-image-2\" class=\"ngg-gallery-thumbnail-box\" >\n\t\t\t\t        <div class=\"ngg-gallery-thumbnail\">\n            <a href=\"http:\/\/www.spaziotorino.it\/scatto\/wp-content\/gallery\/2022_05_09_eurovillage\/pla_1025.jpg\"\n               title=\"Legno\"\n               data-src=\"http:\/\/www.spaziotorino.it\/scatto\/wp-content\/gallery\/2022_05_09_eurovillage\/pla_1025.jpg\"\n               data-thumbnail=\"http:\/\/www.spaziotorino.it\/scatto\/wp-content\/gallery\/2022_05_09_eurovillage\/thumbs\/thumbs_pla_1025.jpg\"\n               data-image-id=\"26716\"\n               data-title=\"Legno\"\n               data-description=\"Legno\"\n               data-image-slug=\"pla_1025\"\n               class=\"ngg-fancybox\" rel=\"92f9adf2c98564ccf032e84b7d0d893a\">\n                <img\n                    title=\"Legno\"\n                    alt=\"Legno\"\n                    src=\"http:\/\/www.spaziotorino.it\/scatto\/wp-content\/gallery\/2022_05_09_eurovillage\/cache\/pla_1025.jpg-nggid0526716-ngg0dyn-60x60x100-00f0w010c011r110f110r010t010.jpg\"\n                    width=\"60\"\n                    height=\"60\"\n                    style=\"max-width:100%;\"\n                \/>\n            <\/a>\n        <\/div>\n\t\t\t\t\t\t\t<\/div> \n\t\t\t\n        \n\t\t\t\t<div id=\"ngg-image-3\" class=\"ngg-gallery-thumbnail-box\" >\n\t\t\t\t        <div class=\"ngg-gallery-thumbnail\">\n            <a href=\"http:\/\/www.spaziotorino.it\/scatto\/wp-content\/gallery\/2022_05_09_eurovillage\/pla_1018.jpg\"\n               title=\"Legno\"\n               data-src=\"http:\/\/www.spaziotorino.it\/scatto\/wp-content\/gallery\/2022_05_09_eurovillage\/pla_1018.jpg\"\n               data-thumbnail=\"http:\/\/www.spaziotorino.it\/scatto\/wp-content\/gallery\/2022_05_09_eurovillage\/thumbs\/thumbs_pla_1018.jpg\"\n               data-image-id=\"26717\"\n               data-title=\"Legno\"\n               data-description=\"Legno\"\n               data-image-slug=\"pla_1018\"\n               class=\"ngg-fancybox\" rel=\"92f9adf2c98564ccf032e84b7d0d893a\">\n                <img\n                    title=\"Legno\"\n                    alt=\"Legno\"\n                    src=\"http:\/\/www.spaziotorino.it\/scatto\/wp-content\/gallery\/2022_05_09_eurovillage\/cache\/pla_1018.jpg-nggid0526717-ngg0dyn-60x60x100-00f0w010c011r110f110r010t010.jpg\"\n                    width=\"60\"\n                    height=\"60\"\n                    style=\"max-width:100%;\"\n                \/>\n            <\/a>\n        <\/div>\n\t\t\t\t\t\t\t<\/div> \n\t\t\t\n        \n\t\t\t\t<div id=\"ngg-image-4\" class=\"ngg-gallery-thumbnail-box\" >\n\t\t\t\t        <div class=\"ngg-gallery-thumbnail\">\n            <a href=\"http:\/\/www.spaziotorino.it\/scatto\/wp-content\/gallery\/2022_05_09_eurovillage\/pla_0995.jpg\"\n               title=\"Eurovision Village\"\n               data-src=\"http:\/\/www.spaziotorino.it\/scatto\/wp-content\/gallery\/2022_05_09_eurovillage\/pla_0995.jpg\"\n               data-thumbnail=\"http:\/\/www.spaziotorino.it\/scatto\/wp-content\/gallery\/2022_05_09_eurovillage\/thumbs\/thumbs_pla_0995.jpg\"\n               data-image-id=\"26718\"\n               data-title=\"Eurovision Village\"\n               data-description=\"Eurovision Village\"\n               data-image-slug=\"pla_0995-1\"\n               class=\"ngg-fancybox\" rel=\"92f9adf2c98564ccf032e84b7d0d893a\">\n                <img\n                    title=\"Eurovision Village\"\n                    alt=\"Eurovision Village\"\n                    src=\"http:\/\/www.spaziotorino.it\/scatto\/wp-content\/gallery\/2022_05_09_eurovillage\/cache\/pla_0995.jpg-nggid0526718-ngg0dyn-60x60x100-00f0w010c011r110f110r010t010.jpg\"\n                    width=\"60\"\n                    height=\"60\"\n                    style=\"max-width:100%;\"\n                \/>\n            <\/a>\n        <\/div>\n\t\t\t\t\t\t\t<\/div> \n\t\t\t\n        \n\t\t\t\t<div id=\"ngg-image-5\" class=\"ngg-gallery-thumbnail-box\" >\n\t\t\t\t        <div class=\"ngg-gallery-thumbnail\">\n            <a href=\"http:\/\/www.spaziotorino.it\/scatto\/wp-content\/gallery\/2022_05_09_eurovillage\/pla_0998.jpg\"\n               title=\"Eurovision Village\"\n               data-src=\"http:\/\/www.spaziotorino.it\/scatto\/wp-content\/gallery\/2022_05_09_eurovillage\/pla_0998.jpg\"\n               data-thumbnail=\"http:\/\/www.spaziotorino.it\/scatto\/wp-content\/gallery\/2022_05_09_eurovillage\/thumbs\/thumbs_pla_0998.jpg\"\n               data-image-id=\"26719\"\n               data-title=\"Eurovision Village\"\n               data-description=\"Eurovision Village\"\n               data-image-slug=\"pla_0998-1\"\n               class=\"ngg-fancybox\" rel=\"92f9adf2c98564ccf032e84b7d0d893a\">\n                <img\n                    title=\"Eurovision Village\"\n                    alt=\"Eurovision Village\"\n                    src=\"http:\/\/www.spaziotorino.it\/scatto\/wp-content\/gallery\/2022_05_09_eurovillage\/cache\/pla_0998.jpg-nggid0526719-ngg0dyn-60x60x100-00f0w010c011r110f110r010t010.jpg\"\n                    width=\"60\"\n                    height=\"60\"\n                    style=\"max-width:100%;\"\n                \/>\n            <\/a>\n        <\/div>\n\t\t\t\t\t\t\t<\/div> \n\t\t\t\n        \n\t\t\t\t<div id=\"ngg-image-6\" class=\"ngg-gallery-thumbnail-box\" >\n\t\t\t\t        <div class=\"ngg-gallery-thumbnail\">\n            <a href=\"http:\/\/www.spaziotorino.it\/scatto\/wp-content\/gallery\/2022_05_09_eurovillage\/pla_1035.jpg\"\n               title=\"Legno\"\n               data-src=\"http:\/\/www.spaziotorino.it\/scatto\/wp-content\/gallery\/2022_05_09_eurovillage\/pla_1035.jpg\"\n               data-thumbnail=\"http:\/\/www.spaziotorino.it\/scatto\/wp-content\/gallery\/2022_05_09_eurovillage\/thumbs\/thumbs_pla_1035.jpg\"\n               data-image-id=\"26720\"\n               data-title=\"Legno\"\n               data-description=\"Legno\"\n               data-image-slug=\"pla_1035\"\n               class=\"ngg-fancybox\" rel=\"92f9adf2c98564ccf032e84b7d0d893a\">\n                <img\n                    title=\"Legno\"\n                    alt=\"Legno\"\n                    src=\"http:\/\/www.spaziotorino.it\/scatto\/wp-content\/gallery\/2022_05_09_eurovillage\/cache\/pla_1035.jpg-nggid0526720-ngg0dyn-60x60x100-00f0w010c011r110f110r010t010.jpg\"\n                    width=\"60\"\n                    height=\"60\"\n                    style=\"max-width:100%;\"\n                \/>\n            <\/a>\n        <\/div>\n\t\t\t\t\t\t\t<\/div> \n\t\t\t\n        \n\t\t\t\t<div id=\"ngg-image-7\" class=\"ngg-gallery-thumbnail-box\" >\n\t\t\t\t        <div class=\"ngg-gallery-thumbnail\">\n            <a href=\"http:\/\/www.spaziotorino.it\/scatto\/wp-content\/gallery\/2022_05_09_eurovillage\/pla_1054.jpg\"\n               title=\"Slava\"\n               data-src=\"http:\/\/www.spaziotorino.it\/scatto\/wp-content\/gallery\/2022_05_09_eurovillage\/pla_1054.jpg\"\n               data-thumbnail=\"http:\/\/www.spaziotorino.it\/scatto\/wp-content\/gallery\/2022_05_09_eurovillage\/thumbs\/thumbs_pla_1054.jpg\"\n               data-image-id=\"26721\"\n               data-title=\"Slava\"\n               data-description=\"Slava\"\n               data-image-slug=\"pla_1054\"\n               class=\"ngg-fancybox\" rel=\"92f9adf2c98564ccf032e84b7d0d893a\">\n                <img\n                    title=\"Slava\"\n                    alt=\"Slava\"\n                    src=\"http:\/\/www.spaziotorino.it\/scatto\/wp-content\/gallery\/2022_05_09_eurovillage\/cache\/pla_1054.jpg-nggid0526721-ngg0dyn-60x60x100-00f0w010c011r110f110r010t010.jpg\"\n                    width=\"60\"\n                    height=\"60\"\n                    style=\"max-width:100%;\"\n                \/>\n            <\/a>\n        <\/div>\n\t\t\t\t\t\t\t<\/div> \n\t\t\t\n        \n\t\t\t\t<div id=\"ngg-image-8\" class=\"ngg-gallery-thumbnail-box\" >\n\t\t\t\t        <div class=\"ngg-gallery-thumbnail\">\n            <a href=\"http:\/\/www.spaziotorino.it\/scatto\/wp-content\/gallery\/2022_05_09_eurovillage\/pla_1058.jpg\"\n               title=\"Slava\"\n               data-src=\"http:\/\/www.spaziotorino.it\/scatto\/wp-content\/gallery\/2022_05_09_eurovillage\/pla_1058.jpg\"\n               data-thumbnail=\"http:\/\/www.spaziotorino.it\/scatto\/wp-content\/gallery\/2022_05_09_eurovillage\/thumbs\/thumbs_pla_1058.jpg\"\n               data-image-id=\"26722\"\n               data-title=\"Slava\"\n               data-description=\"Slava\"\n               data-image-slug=\"pla_1058-1\"\n               class=\"ngg-fancybox\" rel=\"92f9adf2c98564ccf032e84b7d0d893a\">\n                <img\n                    title=\"Slava\"\n                    alt=\"Slava\"\n                    src=\"http:\/\/www.spaziotorino.it\/scatto\/wp-content\/gallery\/2022_05_09_eurovillage\/cache\/pla_1058.jpg-nggid0526722-ngg0dyn-60x60x100-00f0w010c011r110f110r010t010.jpg\"\n                    width=\"60\"\n                    height=\"60\"\n                    style=\"max-width:100%;\"\n                \/>\n            <\/a>\n        <\/div>\n\t\t\t\t\t\t\t<\/div> \n\t\t\t\n        \n\t\t\t\t<div id=\"ngg-image-9\" class=\"ngg-gallery-thumbnail-box\" >\n\t\t\t\t        <div class=\"ngg-gallery-thumbnail\">\n            <a href=\"http:\/\/www.spaziotorino.it\/scatto\/wp-content\/gallery\/2022_05_09_eurovillage\/pla_1065.jpg\"\n               title=\"Eurovision Village\"\n               data-src=\"http:\/\/www.spaziotorino.it\/scatto\/wp-content\/gallery\/2022_05_09_eurovillage\/pla_1065.jpg\"\n               data-thumbnail=\"http:\/\/www.spaziotorino.it\/scatto\/wp-content\/gallery\/2022_05_09_eurovillage\/thumbs\/thumbs_pla_1065.jpg\"\n               data-image-id=\"26723\"\n               data-title=\"Eurovision Village\"\n               data-description=\"Eurovision Village\"\n               data-image-slug=\"pla_1065\"\n               class=\"ngg-fancybox\" rel=\"92f9adf2c98564ccf032e84b7d0d893a\">\n                <img\n                    title=\"Eurovision Village\"\n                    alt=\"Eurovision Village\"\n                    src=\"http:\/\/www.spaziotorino.it\/scatto\/wp-content\/gallery\/2022_05_09_eurovillage\/cache\/pla_1065.jpg-nggid0526723-ngg0dyn-60x60x100-00f0w010c011r110f110r010t010.jpg\"\n                    width=\"60\"\n                    height=\"60\"\n                    style=\"max-width:100%;\"\n                \/>\n            <\/a>\n        <\/div>\n\t\t\t\t\t\t\t<\/div> \n\t\t\t\n        \n\t\t\t\t<div id=\"ngg-image-10\" class=\"ngg-gallery-thumbnail-box\" >\n\t\t\t\t        <div class=\"ngg-gallery-thumbnail\">\n            <a href=\"http:\/\/www.spaziotorino.it\/scatto\/wp-content\/gallery\/2022_05_09_eurovillage\/pla_1069.jpg\"\n               title=\"Eurovision Village\"\n               data-src=\"http:\/\/www.spaziotorino.it\/scatto\/wp-content\/gallery\/2022_05_09_eurovillage\/pla_1069.jpg\"\n               data-thumbnail=\"http:\/\/www.spaziotorino.it\/scatto\/wp-content\/gallery\/2022_05_09_eurovillage\/thumbs\/thumbs_pla_1069.jpg\"\n               data-image-id=\"26724\"\n               data-title=\"Eurovision Village\"\n               data-description=\"Eurovision Village\"\n               data-image-slug=\"pla_1069-1\"\n               class=\"ngg-fancybox\" rel=\"92f9adf2c98564ccf032e84b7d0d893a\">\n                <img\n                    title=\"Eurovision Village\"\n                    alt=\"Eurovision Village\"\n                    src=\"http:\/\/www.spaziotorino.it\/scatto\/wp-content\/gallery\/2022_05_09_eurovillage\/cache\/pla_1069.jpg-nggid0526724-ngg0dyn-60x60x100-00f0w010c011r110f110r010t010.jpg\"\n                    width=\"60\"\n                    height=\"60\"\n                    style=\"max-width:100%;\"\n                \/>\n            <\/a>\n        <\/div>\n\t\t\t\t\t\t\t<\/div> \n\t\t\t\n        \n\t\t\t\t<div id=\"ngg-image-11\" class=\"ngg-gallery-thumbnail-box\" >\n\t\t\t\t        <div class=\"ngg-gallery-thumbnail\">\n            <a href=\"http:\/\/www.spaziotorino.it\/scatto\/wp-content\/gallery\/2022_05_09_eurovillage\/pla_1098.jpg\"\n               title=\"Pina Picierno\"\n               data-src=\"http:\/\/www.spaziotorino.it\/scatto\/wp-content\/gallery\/2022_05_09_eurovillage\/pla_1098.jpg\"\n               data-thumbnail=\"http:\/\/www.spaziotorino.it\/scatto\/wp-content\/gallery\/2022_05_09_eurovillage\/thumbs\/thumbs_pla_1098.jpg\"\n               data-image-id=\"26725\"\n               data-title=\"Pina Picierno\"\n               data-description=\"Pina Picierno\"\n               data-image-slug=\"pla_1098\"\n               class=\"ngg-fancybox\" rel=\"92f9adf2c98564ccf032e84b7d0d893a\">\n                <img\n                    title=\"Pina Picierno\"\n                    alt=\"Pina Picierno\"\n                    src=\"http:\/\/www.spaziotorino.it\/scatto\/wp-content\/gallery\/2022_05_09_eurovillage\/cache\/pla_1098.jpg-nggid0526725-ngg0dyn-60x60x100-00f0w010c011r110f110r010t010.jpg\"\n                    width=\"60\"\n                    height=\"60\"\n                    style=\"max-width:100%;\"\n                \/>\n            <\/a>\n        <\/div>\n\t\t\t\t\t\t\t<\/div> \n\t\t\t\n        \n\t\t\t\t<div id=\"ngg-image-12\" class=\"ngg-gallery-thumbnail-box\" >\n\t\t\t\t        <div class=\"ngg-gallery-thumbnail\">\n            <a href=\"http:\/\/www.spaziotorino.it\/scatto\/wp-content\/gallery\/2022_05_09_eurovillage\/pla_1168.jpg\"\n               title=\"Little Pieces of Marmelade\"\n               data-src=\"http:\/\/www.spaziotorino.it\/scatto\/wp-content\/gallery\/2022_05_09_eurovillage\/pla_1168.jpg\"\n               data-thumbnail=\"http:\/\/www.spaziotorino.it\/scatto\/wp-content\/gallery\/2022_05_09_eurovillage\/thumbs\/thumbs_pla_1168.jpg\"\n               data-image-id=\"26726\"\n               data-title=\"Little Pieces of Marmelade\"\n               data-description=\"Little Pieces of Marmelade\"\n               data-image-slug=\"pla_1168\"\n               class=\"ngg-fancybox\" rel=\"92f9adf2c98564ccf032e84b7d0d893a\">\n                <img\n                    title=\"Little Pieces of Marmelade\"\n                    alt=\"Little Pieces of Marmelade\"\n                    src=\"http:\/\/www.spaziotorino.it\/scatto\/wp-content\/gallery\/2022_05_09_eurovillage\/cache\/pla_1168.jpg-nggid0526726-ngg0dyn-60x60x100-00f0w010c011r110f110r010t010.jpg\"\n                    width=\"60\"\n                    height=\"60\"\n                    style=\"max-width:100%;\"\n                \/>\n            <\/a>\n        <\/div>\n\t\t\t\t\t\t\t<\/div> \n\t\t\t\n        \n\t\t\t\t<div id=\"ngg-image-13\" class=\"ngg-gallery-thumbnail-box\" >\n\t\t\t\t        <div class=\"ngg-gallery-thumbnail\">\n            <a href=\"http:\/\/www.spaziotorino.it\/scatto\/wp-content\/gallery\/2022_05_09_eurovillage\/pla_1185.jpg\"\n               title=\"Little Pieces of Marmelade\"\n               data-src=\"http:\/\/www.spaziotorino.it\/scatto\/wp-content\/gallery\/2022_05_09_eurovillage\/pla_1185.jpg\"\n               data-thumbnail=\"http:\/\/www.spaziotorino.it\/scatto\/wp-content\/gallery\/2022_05_09_eurovillage\/thumbs\/thumbs_pla_1185.jpg\"\n               data-image-id=\"26727\"\n               data-title=\"Little Pieces of Marmelade\"\n               data-description=\"Little Pieces of Marmelade\"\n               data-image-slug=\"pla_1185-1\"\n               class=\"ngg-fancybox\" rel=\"92f9adf2c98564ccf032e84b7d0d893a\">\n                <img\n                    title=\"Little Pieces of Marmelade\"\n                    alt=\"Little Pieces of Marmelade\"\n                    src=\"http:\/\/www.spaziotorino.it\/scatto\/wp-content\/gallery\/2022_05_09_eurovillage\/cache\/pla_1185.jpg-nggid0526727-ngg0dyn-60x60x100-00f0w010c011r110f110r010t010.jpg\"\n                    width=\"60\"\n                    height=\"60\"\n                    style=\"max-width:100%;\"\n                \/>\n            <\/a>\n        <\/div>\n\t\t\t\t\t\t\t<\/div> \n\t\t\t\n        \n\t\t\t\t<div id=\"ngg-image-14\" class=\"ngg-gallery-thumbnail-box\" >\n\t\t\t\t        <div class=\"ngg-gallery-thumbnail\">\n            <a href=\"http:\/\/www.spaziotorino.it\/scatto\/wp-content\/gallery\/2022_05_09_eurovillage\/pla_1214.jpg\"\n               title=\"Melancholia + Little Pieces of Marmelade\"\n               data-src=\"http:\/\/www.spaziotorino.it\/scatto\/wp-content\/gallery\/2022_05_09_eurovillage\/pla_1214.jpg\"\n               data-thumbnail=\"http:\/\/www.spaziotorino.it\/scatto\/wp-content\/gallery\/2022_05_09_eurovillage\/thumbs\/thumbs_pla_1214.jpg\"\n               data-image-id=\"26728\"\n               data-title=\"Melancholia + Little Pieces of Marmelade\"\n               data-description=\"Melancholia + Little Pieces of Marmelade\"\n               data-image-slug=\"pla_1214\"\n               class=\"ngg-fancybox\" rel=\"92f9adf2c98564ccf032e84b7d0d893a\">\n                <img\n                    title=\"Melancholia + Little Pieces of Marmelade\"\n                    alt=\"Melancholia + Little Pieces of Marmelade\"\n                    src=\"http:\/\/www.spaziotorino.it\/scatto\/wp-content\/gallery\/2022_05_09_eurovillage\/cache\/pla_1214.jpg-nggid0526728-ngg0dyn-60x60x100-00f0w010c011r110f110r010t010.jpg\"\n                    width=\"60\"\n                    height=\"60\"\n                    style=\"max-width:100%;\"\n                \/>\n            <\/a>\n        <\/div>\n\t\t\t\t\t\t\t<\/div> \n\t\t\t\n        \n\t\t\t\t<div id=\"ngg-image-15\" class=\"ngg-gallery-thumbnail-box\" >\n\t\t\t\t        <div class=\"ngg-gallery-thumbnail\">\n            <a href=\"http:\/\/www.spaziotorino.it\/scatto\/wp-content\/gallery\/2022_05_09_eurovillage\/pla_1225.jpg\"\n               title=\"Melancholia\"\n               data-src=\"http:\/\/www.spaziotorino.it\/scatto\/wp-content\/gallery\/2022_05_09_eurovillage\/pla_1225.jpg\"\n               data-thumbnail=\"http:\/\/www.spaziotorino.it\/scatto\/wp-content\/gallery\/2022_05_09_eurovillage\/thumbs\/thumbs_pla_1225.jpg\"\n               data-image-id=\"26729\"\n               data-title=\"Melancholia\"\n               data-description=\"Melancholia\"\n               data-image-slug=\"pla_1225\"\n               class=\"ngg-fancybox\" rel=\"92f9adf2c98564ccf032e84b7d0d893a\">\n                <img\n                    title=\"Melancholia\"\n                    alt=\"Melancholia\"\n                    src=\"http:\/\/www.spaziotorino.it\/scatto\/wp-content\/gallery\/2022_05_09_eurovillage\/cache\/pla_1225.jpg-nggid0526729-ngg0dyn-60x60x100-00f0w010c011r110f110r010t010.jpg\"\n                    width=\"60\"\n                    height=\"60\"\n                    style=\"max-width:100%;\"\n                \/>\n            <\/a>\n        <\/div>\n\t\t\t\t\t\t\t<\/div> \n\t\t\t\n        \n\t\t\t\t<div id=\"ngg-image-16\" class=\"ngg-gallery-thumbnail-box\" >\n\t\t\t\t        <div class=\"ngg-gallery-thumbnail\">\n            <a href=\"http:\/\/www.spaziotorino.it\/scatto\/wp-content\/gallery\/2022_05_09_eurovillage\/pla_1252.jpg\"\n               title=\"Melancholia + Little Pieces of Marmelade\"\n               data-src=\"http:\/\/www.spaziotorino.it\/scatto\/wp-content\/gallery\/2022_05_09_eurovillage\/pla_1252.jpg\"\n               data-thumbnail=\"http:\/\/www.spaziotorino.it\/scatto\/wp-content\/gallery\/2022_05_09_eurovillage\/thumbs\/thumbs_pla_1252.jpg\"\n               data-image-id=\"26730\"\n               data-title=\"Melancholia + Little Pieces of Marmelade\"\n               data-description=\"Melancholia + Little Pieces of Marmelade\"\n               data-image-slug=\"pla_1252-1\"\n               class=\"ngg-fancybox\" rel=\"92f9adf2c98564ccf032e84b7d0d893a\">\n                <img\n                    title=\"Melancholia + Little Pieces of Marmelade\"\n                    alt=\"Melancholia + Little Pieces of Marmelade\"\n                    src=\"http:\/\/www.spaziotorino.it\/scatto\/wp-content\/gallery\/2022_05_09_eurovillage\/cache\/pla_1252.jpg-nggid0526730-ngg0dyn-60x60x100-00f0w010c011r110f110r010t010.jpg\"\n                    width=\"60\"\n                    height=\"60\"\n                    style=\"max-width:100%;\"\n                \/>\n            <\/a>\n        <\/div>\n\t\t\t\t\t\t\t<\/div> \n\t\t\t\n        \n\t\t\t\t<div id=\"ngg-image-17\" class=\"ngg-gallery-thumbnail-box\" >\n\t\t\t\t        <div class=\"ngg-gallery-thumbnail\">\n            <a href=\"http:\/\/www.spaziotorino.it\/scatto\/wp-content\/gallery\/2022_05_09_eurovillage\/pla_1283.jpg\"\n               title=\"Melancholia + Little Pieces of Marmelade\"\n               data-src=\"http:\/\/www.spaziotorino.it\/scatto\/wp-content\/gallery\/2022_05_09_eurovillage\/pla_1283.jpg\"\n               data-thumbnail=\"http:\/\/www.spaziotorino.it\/scatto\/wp-content\/gallery\/2022_05_09_eurovillage\/thumbs\/thumbs_pla_1283.jpg\"\n               data-image-id=\"26731\"\n               data-title=\"Melancholia + Little Pieces of Marmelade\"\n               data-description=\"Melancholia + Little Pieces of Marmelade\"\n               data-image-slug=\"pla_1283\"\n               class=\"ngg-fancybox\" rel=\"92f9adf2c98564ccf032e84b7d0d893a\">\n                <img\n                    title=\"Melancholia + Little Pieces of Marmelade\"\n                    alt=\"Melancholia + Little Pieces of Marmelade\"\n                    src=\"http:\/\/www.spaziotorino.it\/scatto\/wp-content\/gallery\/2022_05_09_eurovillage\/cache\/pla_1283.jpg-nggid0526731-ngg0dyn-60x60x100-00f0w010c011r110f110r010t010.jpg\"\n                    width=\"60\"\n                    height=\"60\"\n                    style=\"max-width:100%;\"\n                \/>\n            <\/a>\n        <\/div>\n\t\t\t\t\t\t\t<\/div> \n\t\t\t\n        \n\t\t\t\t<div id=\"ngg-image-18\" class=\"ngg-gallery-thumbnail-box\" >\n\t\t\t\t        <div class=\"ngg-gallery-thumbnail\">\n            <a href=\"http:\/\/www.spaziotorino.it\/scatto\/wp-content\/gallery\/2022_05_09_eurovillage\/pla_1290.jpg\"\n               title=\"Melancholia + Little Pieces of Marmelade\"\n               data-src=\"http:\/\/www.spaziotorino.it\/scatto\/wp-content\/gallery\/2022_05_09_eurovillage\/pla_1290.jpg\"\n               data-thumbnail=\"http:\/\/www.spaziotorino.it\/scatto\/wp-content\/gallery\/2022_05_09_eurovillage\/thumbs\/thumbs_pla_1290.jpg\"\n               data-image-id=\"26732\"\n               data-title=\"Melancholia + Little Pieces of Marmelade\"\n               data-description=\"Melancholia + Little Pieces of Marmelade\"\n               data-image-slug=\"pla_1290-3\"\n               class=\"ngg-fancybox\" rel=\"92f9adf2c98564ccf032e84b7d0d893a\">\n                <img\n                    title=\"Melancholia + Little Pieces of Marmelade\"\n                    alt=\"Melancholia + Little Pieces of Marmelade\"\n                    src=\"http:\/\/www.spaziotorino.it\/scatto\/wp-content\/gallery\/2022_05_09_eurovillage\/cache\/pla_1290.jpg-nggid0526732-ngg0dyn-60x60x100-00f0w010c011r110f110r010t010.jpg\"\n                    width=\"60\"\n                    height=\"60\"\n                    style=\"max-width:100%;\"\n                \/>\n            <\/a>\n        <\/div>\n\t\t\t\t\t\t\t<\/div> \n\t\t\t\n        \n\t\t\t\t<div id=\"ngg-image-19\" class=\"ngg-gallery-thumbnail-box\" >\n\t\t\t\t        <div class=\"ngg-gallery-thumbnail\">\n            <a href=\"http:\/\/www.spaziotorino.it\/scatto\/wp-content\/gallery\/2022_05_09_eurovillage\/pla_1307.jpg\"\n               title=\"Melancholia\"\n               data-src=\"http:\/\/www.spaziotorino.it\/scatto\/wp-content\/gallery\/2022_05_09_eurovillage\/pla_1307.jpg\"\n               data-thumbnail=\"http:\/\/www.spaziotorino.it\/scatto\/wp-content\/gallery\/2022_05_09_eurovillage\/thumbs\/thumbs_pla_1307.jpg\"\n               data-image-id=\"26733\"\n               data-title=\"Melancholia\"\n               data-description=\"Melancholia\"\n               data-image-slug=\"pla_1307-1\"\n               class=\"ngg-fancybox\" rel=\"92f9adf2c98564ccf032e84b7d0d893a\">\n                <img\n                    title=\"Melancholia\"\n                    alt=\"Melancholia\"\n                    src=\"http:\/\/www.spaziotorino.it\/scatto\/wp-content\/gallery\/2022_05_09_eurovillage\/cache\/pla_1307.jpg-nggid0526733-ngg0dyn-60x60x100-00f0w010c011r110f110r010t010.jpg\"\n                    width=\"60\"\n                    height=\"60\"\n                    style=\"max-width:100%;\"\n                \/>\n            <\/a>\n        <\/div>\n\t\t\t\t\t\t\t<\/div> \n\t\t\t\n        \n\t\t\t\t<div id=\"ngg-image-20\" class=\"ngg-gallery-thumbnail-box\" >\n\t\t\t\t        <div class=\"ngg-gallery-thumbnail\">\n            <a href=\"http:\/\/www.spaziotorino.it\/scatto\/wp-content\/gallery\/2022_05_09_eurovillage\/pla_1323.jpg\"\n               title=\"Melancholia + Little Pieces of Marmelade\"\n               data-src=\"http:\/\/www.spaziotorino.it\/scatto\/wp-content\/gallery\/2022_05_09_eurovillage\/pla_1323.jpg\"\n               data-thumbnail=\"http:\/\/www.spaziotorino.it\/scatto\/wp-content\/gallery\/2022_05_09_eurovillage\/thumbs\/thumbs_pla_1323.jpg\"\n               data-image-id=\"26734\"\n               data-title=\"Melancholia + Little Pieces of Marmelade\"\n               data-description=\"Melancholia + Little Pieces of Marmelade\"\n               data-image-slug=\"pla_1323\"\n               class=\"ngg-fancybox\" rel=\"92f9adf2c98564ccf032e84b7d0d893a\">\n                <img\n                    title=\"Melancholia + Little Pieces of Marmelade\"\n                    alt=\"Melancholia + Little Pieces of Marmelade\"\n                    src=\"http:\/\/www.spaziotorino.it\/scatto\/wp-content\/gallery\/2022_05_09_eurovillage\/cache\/pla_1323.jpg-nggid0526734-ngg0dyn-60x60x100-00f0w010c011r110f110r010t010.jpg\"\n                    width=\"60\"\n                    height=\"60\"\n                    style=\"max-width:100%;\"\n                \/>\n            <\/a>\n        <\/div>\n\t\t\t\t\t\t\t<\/div> \n\t\t\t\n        \n\t\t\t\t<div id=\"ngg-image-21\" class=\"ngg-gallery-thumbnail-box\" >\n\t\t\t\t        <div class=\"ngg-gallery-thumbnail\">\n            <a href=\"http:\/\/www.spaziotorino.it\/scatto\/wp-content\/gallery\/2022_05_09_eurovillage\/pla_1325.jpg\"\n               title=\"Melancholia\"\n               data-src=\"http:\/\/www.spaziotorino.it\/scatto\/wp-content\/gallery\/2022_05_09_eurovillage\/pla_1325.jpg\"\n               data-thumbnail=\"http:\/\/www.spaziotorino.it\/scatto\/wp-content\/gallery\/2022_05_09_eurovillage\/thumbs\/thumbs_pla_1325.jpg\"\n               data-image-id=\"26735\"\n               data-title=\"Melancholia\"\n               data-description=\"Melancholia\"\n               data-image-slug=\"pla_1325-1\"\n               class=\"ngg-fancybox\" rel=\"92f9adf2c98564ccf032e84b7d0d893a\">\n                <img\n                    title=\"Melancholia\"\n                    alt=\"Melancholia\"\n                    src=\"http:\/\/www.spaziotorino.it\/scatto\/wp-content\/gallery\/2022_05_09_eurovillage\/cache\/pla_1325.jpg-nggid0526735-ngg0dyn-60x60x100-00f0w010c011r110f110r010t010.jpg\"\n                    width=\"60\"\n                    height=\"60\"\n                    style=\"max-width:100%;\"\n                \/>\n            <\/a>\n        <\/div>\n\t\t\t\t\t\t\t<\/div> \n\t\t\t\n        \n\t\t\t\t<div id=\"ngg-image-22\" class=\"ngg-gallery-thumbnail-box\" >\n\t\t\t\t        <div class=\"ngg-gallery-thumbnail\">\n            <a href=\"http:\/\/www.spaziotorino.it\/scatto\/wp-content\/gallery\/2022_05_09_eurovillage\/pla_1369.jpg\"\n               title=\"Helena Dalli\"\n               data-src=\"http:\/\/www.spaziotorino.it\/scatto\/wp-content\/gallery\/2022_05_09_eurovillage\/pla_1369.jpg\"\n               data-thumbnail=\"http:\/\/www.spaziotorino.it\/scatto\/wp-content\/gallery\/2022_05_09_eurovillage\/thumbs\/thumbs_pla_1369.jpg\"\n               data-image-id=\"26736\"\n               data-title=\"Helena Dalli\"\n               data-description=\"Helena Dalli\"\n               data-image-slug=\"pla_1369-1\"\n               class=\"ngg-fancybox\" rel=\"92f9adf2c98564ccf032e84b7d0d893a\">\n                <img\n                    title=\"Helena Dalli\"\n                    alt=\"Helena Dalli\"\n                    src=\"http:\/\/www.spaziotorino.it\/scatto\/wp-content\/gallery\/2022_05_09_eurovillage\/cache\/pla_1369.jpg-nggid0526736-ngg0dyn-60x60x100-00f0w010c011r110f110r010t010.jpg\"\n                    width=\"60\"\n                    height=\"60\"\n                    style=\"max-width:100%;\"\n                \/>\n            <\/a>\n        <\/div>\n\t\t\t\t\t\t\t<\/div> \n\t\t\t\n        \n\t\t\t\t<div id=\"ngg-image-23\" class=\"ngg-gallery-thumbnail-box\" >\n\t\t\t\t        <div class=\"ngg-gallery-thumbnail\">\n            <a href=\"http:\/\/www.spaziotorino.it\/scatto\/wp-content\/gallery\/2022_05_09_eurovillage\/pla_1392.jpg\"\n               title=\"Eurovision Village\"\n               data-src=\"http:\/\/www.spaziotorino.it\/scatto\/wp-content\/gallery\/2022_05_09_eurovillage\/pla_1392.jpg\"\n               data-thumbnail=\"http:\/\/www.spaziotorino.it\/scatto\/wp-content\/gallery\/2022_05_09_eurovillage\/thumbs\/thumbs_pla_1392.jpg\"\n               data-image-id=\"26737\"\n               data-title=\"Eurovision Village\"\n               data-description=\"Eurovision Village\"\n               data-image-slug=\"pla_1392\"\n               class=\"ngg-fancybox\" rel=\"92f9adf2c98564ccf032e84b7d0d893a\">\n                <img\n                    title=\"Eurovision Village\"\n                    alt=\"Eurovision Village\"\n                    src=\"http:\/\/www.spaziotorino.it\/scatto\/wp-content\/gallery\/2022_05_09_eurovillage\/cache\/pla_1392.jpg-nggid0526737-ngg0dyn-60x60x100-00f0w010c011r110f110r010t010.jpg\"\n                    width=\"60\"\n                    height=\"60\"\n                    style=\"max-width:100%;\"\n                \/>\n            <\/a>\n        <\/div>\n\t\t\t\t\t\t\t<\/div> \n\t\t\t\n        \n\t\t\t\t<div id=\"ngg-image-24\" class=\"ngg-gallery-thumbnail-box\" >\n\t\t\t\t        <div class=\"ngg-gallery-thumbnail\">\n            <a href=\"http:\/\/www.spaziotorino.it\/scatto\/wp-content\/gallery\/2022_05_09_eurovillage\/pla_1434.jpg\"\n               title=\"Negrita\"\n               data-src=\"http:\/\/www.spaziotorino.it\/scatto\/wp-content\/gallery\/2022_05_09_eurovillage\/pla_1434.jpg\"\n               data-thumbnail=\"http:\/\/www.spaziotorino.it\/scatto\/wp-content\/gallery\/2022_05_09_eurovillage\/thumbs\/thumbs_pla_1434.jpg\"\n               data-image-id=\"26738\"\n               data-title=\"Negrita\"\n               data-description=\"Negrita\"\n               data-image-slug=\"pla_1434\"\n               class=\"ngg-fancybox\" rel=\"92f9adf2c98564ccf032e84b7d0d893a\">\n                <img\n                    title=\"Negrita\"\n                    alt=\"Negrita\"\n                    src=\"http:\/\/www.spaziotorino.it\/scatto\/wp-content\/gallery\/2022_05_09_eurovillage\/cache\/pla_1434.jpg-nggid0526738-ngg0dyn-60x60x100-00f0w010c011r110f110r010t010.jpg\"\n                    width=\"60\"\n                    height=\"60\"\n                    style=\"max-width:100%;\"\n                \/>\n            <\/a>\n        <\/div>\n\t\t\t\t\t\t\t<\/div> \n\t\t\t\n        \n\t\t\t\t<div id=\"ngg-image-25\" class=\"ngg-gallery-thumbnail-box\" >\n\t\t\t\t        <div class=\"ngg-gallery-thumbnail\">\n            <a href=\"http:\/\/www.spaziotorino.it\/scatto\/wp-content\/gallery\/2022_05_09_eurovillage\/pla_1450.jpg\"\n               title=\"Negrita\"\n               data-src=\"http:\/\/www.spaziotorino.it\/scatto\/wp-content\/gallery\/2022_05_09_eurovillage\/pla_1450.jpg\"\n               data-thumbnail=\"http:\/\/www.spaziotorino.it\/scatto\/wp-content\/gallery\/2022_05_09_eurovillage\/thumbs\/thumbs_pla_1450.jpg\"\n               data-image-id=\"26739\"\n               data-title=\"Negrita\"\n               data-description=\"Negrita\"\n               data-image-slug=\"pla_1450\"\n               class=\"ngg-fancybox\" rel=\"92f9adf2c98564ccf032e84b7d0d893a\">\n                <img\n                    title=\"Negrita\"\n                    alt=\"Negrita\"\n                    src=\"http:\/\/www.spaziotorino.it\/scatto\/wp-content\/gallery\/2022_05_09_eurovillage\/cache\/pla_1450.jpg-nggid0526739-ngg0dyn-60x60x100-00f0w010c011r110f110r010t010.jpg\"\n                    width=\"60\"\n                    height=\"60\"\n                    style=\"max-width:100%;\"\n                \/>\n            <\/a>\n        <\/div>\n\t\t\t\t\t\t\t<\/div> \n\t\t\t\n        \n\t\t\t\t<div id=\"ngg-image-26\" class=\"ngg-gallery-thumbnail-box\" >\n\t\t\t\t        <div class=\"ngg-gallery-thumbnail\">\n            <a href=\"http:\/\/www.spaziotorino.it\/scatto\/wp-content\/gallery\/2022_05_09_eurovillage\/pla_1487.jpg\"\n               title=\"Negrita\"\n               data-src=\"http:\/\/www.spaziotorino.it\/scatto\/wp-content\/gallery\/2022_05_09_eurovillage\/pla_1487.jpg\"\n               data-thumbnail=\"http:\/\/www.spaziotorino.it\/scatto\/wp-content\/gallery\/2022_05_09_eurovillage\/thumbs\/thumbs_pla_1487.jpg\"\n               data-image-id=\"26740\"\n               data-title=\"Negrita\"\n               data-description=\"Negrita\"\n               data-image-slug=\"pla_1487\"\n               class=\"ngg-fancybox\" rel=\"92f9adf2c98564ccf032e84b7d0d893a\">\n                <img\n                    title=\"Negrita\"\n                    alt=\"Negrita\"\n                    src=\"http:\/\/www.spaziotorino.it\/scatto\/wp-content\/gallery\/2022_05_09_eurovillage\/cache\/pla_1487.jpg-nggid0526740-ngg0dyn-60x60x100-00f0w010c011r110f110r010t010.jpg\"\n                    width=\"60\"\n                    height=\"60\"\n                    style=\"max-width:100%;\"\n                \/>\n            <\/a>\n        <\/div>\n\t\t\t\t\t\t\t<\/div> \n\t\t\t\n        \n\t\t\t\t<div id=\"ngg-image-27\" class=\"ngg-gallery-thumbnail-box\" >\n\t\t\t\t        <div class=\"ngg-gallery-thumbnail\">\n            <a href=\"http:\/\/www.spaziotorino.it\/scatto\/wp-content\/gallery\/2022_05_09_eurovillage\/pla_1453.jpg\"\n               title=\"Negrita\"\n               data-src=\"http:\/\/www.spaziotorino.it\/scatto\/wp-content\/gallery\/2022_05_09_eurovillage\/pla_1453.jpg\"\n               data-thumbnail=\"http:\/\/www.spaziotorino.it\/scatto\/wp-content\/gallery\/2022_05_09_eurovillage\/thumbs\/thumbs_pla_1453.jpg\"\n               data-image-id=\"26741\"\n               data-title=\"Negrita\"\n               data-description=\"Negrita\"\n               data-image-slug=\"pla_1453\"\n               class=\"ngg-fancybox\" rel=\"92f9adf2c98564ccf032e84b7d0d893a\">\n                <img\n                    title=\"Negrita\"\n                    alt=\"Negrita\"\n                    src=\"http:\/\/www.spaziotorino.it\/scatto\/wp-content\/gallery\/2022_05_09_eurovillage\/cache\/pla_1453.jpg-nggid0526741-ngg0dyn-60x60x100-00f0w010c011r110f110r010t010.jpg\"\n                    width=\"60\"\n                    height=\"60\"\n                    style=\"max-width:100%;\"\n                \/>\n            <\/a>\n        <\/div>\n\t\t\t\t\t\t\t<\/div> \n\t\t\t\n        \n\t\t\t\t<div id=\"ngg-image-28\" class=\"ngg-gallery-thumbnail-box\" >\n\t\t\t\t        <div class=\"ngg-gallery-thumbnail\">\n            <a href=\"http:\/\/www.spaziotorino.it\/scatto\/wp-content\/gallery\/2022_05_09_eurovillage\/pla_1489.jpg\"\n               title=\"Negrita\"\n               data-src=\"http:\/\/www.spaziotorino.it\/scatto\/wp-content\/gallery\/2022_05_09_eurovillage\/pla_1489.jpg\"\n               data-thumbnail=\"http:\/\/www.spaziotorino.it\/scatto\/wp-content\/gallery\/2022_05_09_eurovillage\/thumbs\/thumbs_pla_1489.jpg\"\n               data-image-id=\"26742\"\n               data-title=\"Negrita\"\n               data-description=\"Negrita\"\n               data-image-slug=\"pla_1489-1\"\n               class=\"ngg-fancybox\" rel=\"92f9adf2c98564ccf032e84b7d0d893a\">\n                <img\n                    title=\"Negrita\"\n                    alt=\"Negrita\"\n                    src=\"http:\/\/www.spaziotorino.it\/scatto\/wp-content\/gallery\/2022_05_09_eurovillage\/cache\/pla_1489.jpg-nggid0526742-ngg0dyn-60x60x100-00f0w010c011r110f110r010t010.jpg\"\n                    width=\"60\"\n                    height=\"60\"\n                    style=\"max-width:100%;\"\n                \/>\n            <\/a>\n        <\/div>\n\t\t\t\t\t\t\t<\/div> \n\t\t\t\n        \n\t\t\t\t<div id=\"ngg-image-29\" class=\"ngg-gallery-thumbnail-box\" >\n\t\t\t\t        <div class=\"ngg-gallery-thumbnail\">\n            <a href=\"http:\/\/www.spaziotorino.it\/scatto\/wp-content\/gallery\/2022_05_09_eurovillage\/pla_1508.jpg\"\n               title=\"Negrita\"\n               data-src=\"http:\/\/www.spaziotorino.it\/scatto\/wp-content\/gallery\/2022_05_09_eurovillage\/pla_1508.jpg\"\n               data-thumbnail=\"http:\/\/www.spaziotorino.it\/scatto\/wp-content\/gallery\/2022_05_09_eurovillage\/thumbs\/thumbs_pla_1508.jpg\"\n               data-image-id=\"26743\"\n               data-title=\"Negrita\"\n               data-description=\"Negrita\"\n               data-image-slug=\"pla_1508-1\"\n               class=\"ngg-fancybox\" rel=\"92f9adf2c98564ccf032e84b7d0d893a\">\n                <img\n                    title=\"Negrita\"\n                    alt=\"Negrita\"\n                    src=\"http:\/\/www.spaziotorino.it\/scatto\/wp-content\/gallery\/2022_05_09_eurovillage\/cache\/pla_1508.jpg-nggid0526743-ngg0dyn-60x60x100-00f0w010c011r110f110r010t010.jpg\"\n                    width=\"60\"\n                    height=\"60\"\n                    style=\"max-width:100%;\"\n                \/>\n            <\/a>\n        <\/div>\n\t\t\t\t\t\t\t<\/div> \n\t\t\t\n        \n\t\t\t\t<div id=\"ngg-image-30\" class=\"ngg-gallery-thumbnail-box\" >\n\t\t\t\t        <div class=\"ngg-gallery-thumbnail\">\n            <a href=\"http:\/\/www.spaziotorino.it\/scatto\/wp-content\/gallery\/2022_05_09_eurovillage\/pla_1529.jpg\"\n               title=\"Negrita\"\n               data-src=\"http:\/\/www.spaziotorino.it\/scatto\/wp-content\/gallery\/2022_05_09_eurovillage\/pla_1529.jpg\"\n               data-thumbnail=\"http:\/\/www.spaziotorino.it\/scatto\/wp-content\/gallery\/2022_05_09_eurovillage\/thumbs\/thumbs_pla_1529.jpg\"\n               data-image-id=\"26744\"\n               data-title=\"Negrita\"\n               data-description=\"Negrita\"\n               data-image-slug=\"pla_1529-1\"\n               class=\"ngg-fancybox\" rel=\"92f9adf2c98564ccf032e84b7d0d893a\">\n                <img\n                    title=\"Negrita\"\n                    alt=\"Negrita\"\n                    src=\"http:\/\/www.spaziotorino.it\/scatto\/wp-content\/gallery\/2022_05_09_eurovillage\/cache\/pla_1529.jpg-nggid0526744-ngg0dyn-60x60x100-00f0w010c011r110f110r010t010.jpg\"\n                    width=\"60\"\n                    height=\"60\"\n                    style=\"max-width:100%;\"\n                \/>\n            <\/a>\n        <\/div>\n\t\t\t\t\t\t\t<\/div> \n\t\t\t\n        \n\t\t\t\t<div id=\"ngg-image-31\" class=\"ngg-gallery-thumbnail-box\" >\n\t\t\t\t        <div class=\"ngg-gallery-thumbnail\">\n            <a href=\"http:\/\/www.spaziotorino.it\/scatto\/wp-content\/gallery\/2022_05_09_eurovillage\/pla_1549.jpg\"\n               title=\"Negrita\"\n               data-src=\"http:\/\/www.spaziotorino.it\/scatto\/wp-content\/gallery\/2022_05_09_eurovillage\/pla_1549.jpg\"\n               data-thumbnail=\"http:\/\/www.spaziotorino.it\/scatto\/wp-content\/gallery\/2022_05_09_eurovillage\/thumbs\/thumbs_pla_1549.jpg\"\n               data-image-id=\"26745\"\n               data-title=\"Negrita\"\n               data-description=\"Negrita\"\n               data-image-slug=\"pla_1549-1\"\n               class=\"ngg-fancybox\" rel=\"92f9adf2c98564ccf032e84b7d0d893a\">\n                <img\n                    title=\"Negrita\"\n                    alt=\"Negrita\"\n                    src=\"http:\/\/www.spaziotorino.it\/scatto\/wp-content\/gallery\/2022_05_09_eurovillage\/cache\/pla_1549.jpg-nggid0526745-ngg0dyn-60x60x100-00f0w010c011r110f110r010t010.jpg\"\n                    width=\"60\"\n                    height=\"60\"\n                    style=\"max-width:100%;\"\n                \/>\n            <\/a>\n        <\/div>\n\t\t\t\t\t\t\t<\/div> \n\t\t\t\n        \n\t\t\t\t<div id=\"ngg-image-32\" class=\"ngg-gallery-thumbnail-box\" >\n\t\t\t\t        <div class=\"ngg-gallery-thumbnail\">\n            <a href=\"http:\/\/www.spaziotorino.it\/scatto\/wp-content\/gallery\/2022_05_09_eurovillage\/pla_1552.jpg\"\n               title=\"Negrita\"\n               data-src=\"http:\/\/www.spaziotorino.it\/scatto\/wp-content\/gallery\/2022_05_09_eurovillage\/pla_1552.jpg\"\n               data-thumbnail=\"http:\/\/www.spaziotorino.it\/scatto\/wp-content\/gallery\/2022_05_09_eurovillage\/thumbs\/thumbs_pla_1552.jpg\"\n               data-image-id=\"26746\"\n               data-title=\"Negrita\"\n               data-description=\"Negrita\"\n               data-image-slug=\"pla_1552\"\n               class=\"ngg-fancybox\" rel=\"92f9adf2c98564ccf032e84b7d0d893a\">\n                <img\n                    title=\"Negrita\"\n                    alt=\"Negrita\"\n                    src=\"http:\/\/www.spaziotorino.it\/scatto\/wp-content\/gallery\/2022_05_09_eurovillage\/cache\/pla_1552.jpg-nggid0526746-ngg0dyn-60x60x100-00f0w010c011r110f110r010t010.jpg\"\n                    width=\"60\"\n                    height=\"60\"\n                    style=\"max-width:100%;\"\n                \/>\n            <\/a>\n        <\/div>\n\t\t\t\t\t\t\t<\/div> \n\t\t\t\n        \n\t\t\t\t<div id=\"ngg-image-33\" class=\"ngg-gallery-thumbnail-box\" >\n\t\t\t\t        <div class=\"ngg-gallery-thumbnail\">\n            <a href=\"http:\/\/www.spaziotorino.it\/scatto\/wp-content\/gallery\/2022_05_09_eurovillage\/pla_1618.jpg\"\n               title=\"Negrita\"\n               data-src=\"http:\/\/www.spaziotorino.it\/scatto\/wp-content\/gallery\/2022_05_09_eurovillage\/pla_1618.jpg\"\n               data-thumbnail=\"http:\/\/www.spaziotorino.it\/scatto\/wp-content\/gallery\/2022_05_09_eurovillage\/thumbs\/thumbs_pla_1618.jpg\"\n               data-image-id=\"26747\"\n               data-title=\"Negrita\"\n               data-description=\"Negrita\"\n               data-image-slug=\"pla_1618\"\n               class=\"ngg-fancybox\" rel=\"92f9adf2c98564ccf032e84b7d0d893a\">\n                <img\n                    title=\"Negrita\"\n                    alt=\"Negrita\"\n                    src=\"http:\/\/www.spaziotorino.it\/scatto\/wp-content\/gallery\/2022_05_09_eurovillage\/cache\/pla_1618.jpg-nggid0526747-ngg0dyn-60x60x100-00f0w010c011r110f110r010t010.jpg\"\n                    width=\"60\"\n                    height=\"60\"\n                    style=\"max-width:100%;\"\n                \/>\n            <\/a>\n        <\/div>\n\t\t\t\t\t\t\t<\/div> \n\t\t\t\n        \n\t\t\n\t\t<!-- Pagination -->\n\t<div class='ngg-clear'><\/div>\t<\/div>\n\n<p>Prosegue il ricco programma dell&#8217;Eurovillage.<br \/>\nIl 9 maggio, Giornata dell&#8217;Europa per la Pace, ha visto il tutto esaurito, con la capienza massima raggiunta durante il concerto dei <strong>Negrita<\/strong>.<br \/>\nLa giornata di musica si \u00e8 aperta con <strong>Legno<\/strong>, un progetto indipendente formato da due ragazzi toscani che nascondo la propria identit\u00e0 con una scatola.<br \/>\n\u00c8 poi stato il turno di Vyacheslav Vlodimirovich Yermak, in arte <strong>Slava<\/strong>, nasce nel 1994 a Kharkov in Ucraina, dove vive con la madre, la zia e la nonna. Da sempre appassionato di musica, nel 2021 diventa ufficialmente cittadino italiano. Da qui nasce un disco interamente dedicato al suo Paese d\u2019origine, un omaggio e allo stesso tempo un addio alla madrepatria.<br \/>\nSul palco l&#8217;intervento di <strong>Pina Picierno<\/strong>, vice presidente del Parlamento europeo con delega alla Comunicazione, alla Giornata dell\u2019Europa e alla Conferenza sul Futuro dell\u2019Europa.<br \/>\nDi nuovo musica per la folla del Valentino con i <strong>Melancholia<\/strong> e i <strong>Little Pieces of Marmelade<\/strong> in un&#8217;inedita collaborazione.<br \/>\nI Melancholia e i Little Pieces of Marmelade, le band rivelazione di XFactor 2020, salgono insieme sul palco di Eurovision Village, per un esclusivo doppio concerto.<br \/>\nI Melancholia (Benedetta \u2013 voce; Fabio \u2013 tastiere; Filippo \u2013 chitarra) sono una band umbra che spazia dall\u2019indie rock al rock elettronico. In realt\u00e0, le loro esibizioni sono spesso contaminate anche dal cantautorato italiano e dal rap, che rende il loro sound musicale pi\u00f9 moderno. Stupiscono tutti alle Audizioni di X Factor 2020 con un inedito e una cover.<br \/>\nI Little Pieces of Marmelade sono capaci di attraversare e rinnovare l\u2019hard rock seventies, il grunge, il post-punk ma anche di incendiare la pi\u00f9 televisiva e pop delle esperienze: quel palco di XFactor che li ha visti, sotto alla guida del loro \u2018mentore\u2019 Manuel Agnelli, arrivare in finale.<br \/>\nPoco prima delle 21 l&#8217;interventi di <strong>Helena Dalli<\/strong>, Commissaria europea per l\u2019uguaglianza dal dicembre 2019, ruolo da cui guida la lotta contro la disuguaglianza seguendo le linee politiche della Presidente Ursula von der Leyen e promuovendo l\u2019inclusione in tutte le sue accezioni.<br \/>\nInfine i pi\u00f9 attesi, sono da poco passate le 22 quando i <strong>Negrita<\/strong> salutano i numerosissimi fan accorsi.<br \/>\nI Negrita sono un gruppo musicale rock italiano, formatosi all\u2019inizio degli anni novanta a Capolona, in provincia di Arezzo. Prendono il loro nome dal brano dei Rolling Stones Hey! Negrita. Una delle band pi\u00f9 di successo e longeve d\u2019Italia, hanno all\u2019attivo 13 album e 3 raccolte.<br \/>\nLa band nel pomeriggio \u00e8 stata anche ospite al Media Centre di Palazzo Madama per un incontro con la stampa.<\/p>\n","protected":false},"excerpt":{"rendered":"<p>Prosegue il ricco programma dell&#8217;Eurovillage. Il 9 maggio, Giornata dell&#8217;Europa per la Pace, ha visto il tutto esaurito, con la capienza massima raggiunta durante il concerto dei Negrita. La giornata di musica si \u00e8 aperta con Legno, un progetto indipendente formato da due ragazzi toscani che nascondo la propria identit\u00e0 con una scatola. \u00c8 poi [&hellip;]<\/p>\n","protected":false},"author":1,"featured_media":0,"comment_status":"closed","ping_status":"open","sticky":false,"template":"","format":"standard","meta":{"ngg_post_thumbnail":0},"categories":[133,1,134],"tags":[],"_links":{"self":[{"href":"http:\/\/www.spaziotorino.it\/scatto\/index.php?rest_route=\/wp\/v2\/posts\/42270"}],"collection":[{"href":"http:\/\/www.spaziotorino.it\/scatto\/index.php?rest_route=\/wp\/v2\/posts"}],"about":[{"href":"http:\/\/www.spaziotorino.it\/scatto\/index.php?rest_route=\/wp\/v2\/types\/post"}],"author":[{"embeddable":true,"href":"http:\/\/www.spaziotorino.it\/scatto\/index.php?rest_route=\/wp\/v2\/users\/1"}],"replies":[{"embeddable":true,"href":"http:\/\/www.spaziotorino.it\/scatto\/index.php?rest_route=%2Fwp%2Fv2%2Fcomments&post=42270"}],"version-history":[{"count":1,"href":"http:\/\/www.spaziotorino.it\/scatto\/index.php?rest_route=\/wp\/v2\/posts\/42270\/revisions"}],"predecessor-version":[{"id":42271,"href":"http:\/\/www.spaziotorino.it\/scatto\/index.php?rest_route=\/wp\/v2\/posts\/42270\/revisions\/42271"}],"wp:attachment":[{"href":"http:\/\/www.spaziotorino.it\/scatto\/index.php?rest_route=%2Fwp%2Fv2%2Fmedia&parent=42270"}],"wp:term":[{"taxonomy":"category","embeddable":true,"href":"http:\/\/www.spaziotorino.it\/scatto\/index.php?rest_route=%2Fwp%2Fv2%2Fcategories&post=42270"},{"taxonomy":"post_tag","embeddable":true,"href":"http:\/\/www.spaziotorino.it\/scatto\/index.php?rest_route=%2Fwp%2Fv2%2Ftags&post=42270"}],"curies":[{"name":"wp","href":"https:\/\/api.w.org\/{rel}","templated":true}]}}