{"id":42442,"date":"2022-05-25T13:48:54","date_gmt":"2022-05-25T12:48:54","guid":{"rendered":"http:\/\/www.spaziotorino.it\/scatto\/?p=42442"},"modified":"2022-05-25T13:48:54","modified_gmt":"2022-05-25T12:48:54","slug":"riappare-al-cimitero-monumentale-la-tomba-di-pelagio-palagi","status":"publish","type":"post","link":"http:\/\/www.spaziotorino.it\/scatto\/?p=42442","title":{"rendered":"\u2018Riappare\u2019 al cimitero Monumentale la tomba di Pelagio Palagi"},"content":{"rendered":"<p><a class=\"ngg-fancybox\" title=\"\u2018Riappare\u2019 al cimitero Monumentale la tomba di Pelagio Palagi\" href=\"http:\/\/www.spaziotorino.it\/scatto\/wp-content\/gallery\/2022_05_25_pelagio\/pla_8204.jpg\" rel=\"lightbox[set_1776]\"><br \/>\n<img decoding=\"async\" loading=\"lazy\" class=\"ngg-singlepic\" title=\"\u2018Riappare\u2019 al cimitero Monumentale la tomba di Pelagio Palagi\" src=\"http:\/\/www.spaziotorino.it\/scatto\/wp-content\/gallery\/2022_05_25_pelagio\/pla_8204.jpg\" alt=\"\" width=\"540\" height=\"360\"\/><\/a><\/p>\n<!-- index.php -->\n<div\n\tclass=\"ngg-galleryoverview ngg-ajax-pagination-none\"\n\tid=\"ngg-gallery-775abb3fa41432db0c8a235bd9dee7d2-1\">\n\n    \t\t<!-- Thumbnails -->\n\t\t\t\t<div id=\"ngg-image-0\" class=\"ngg-gallery-thumbnail-box\" >\n\t\t\t\t        <div class=\"ngg-gallery-thumbnail\">\n            <a href=\"http:\/\/www.spaziotorino.it\/scatto\/wp-content\/gallery\/2022_05_25_pelagio\/pla_8209.jpg\"\n               title=\"Pelagio Palagi, Monumento al Conte Verde\"\n               data-src=\"http:\/\/www.spaziotorino.it\/scatto\/wp-content\/gallery\/2022_05_25_pelagio\/pla_8209.jpg\"\n               data-thumbnail=\"http:\/\/www.spaziotorino.it\/scatto\/wp-content\/gallery\/2022_05_25_pelagio\/thumbs\/thumbs_pla_8209.jpg\"\n               data-image-id=\"26892\"\n               data-title=\"Pelagio Palagi, Monumento al Conte Verde\"\n               data-description=\"Pelagio Palagi, Monumento al Conte Verde\"\n               data-image-slug=\"pla_8209\"\n               class=\"ngg-fancybox\" rel=\"775abb3fa41432db0c8a235bd9dee7d2\">\n                <img\n                    title=\"Pelagio Palagi, Monumento al Conte Verde\"\n                    alt=\"Pelagio Palagi, Monumento al Conte Verde\"\n                    src=\"http:\/\/www.spaziotorino.it\/scatto\/wp-content\/gallery\/2022_05_25_pelagio\/cache\/pla_8209.jpg-nggid0526892-ngg0dyn-60x60x100-00f0w010c011r110f110r010t010.jpg\"\n                    width=\"60\"\n                    height=\"60\"\n                    style=\"max-width:100%;\"\n                \/>\n            <\/a>\n        <\/div>\n\t\t\t\t\t\t\t<\/div> \n\t\t\t\n        \n\t\t\t\t<div id=\"ngg-image-1\" class=\"ngg-gallery-thumbnail-box\" >\n\t\t\t\t        <div class=\"ngg-gallery-thumbnail\">\n            <a href=\"http:\/\/www.spaziotorino.it\/scatto\/wp-content\/gallery\/2022_05_25_pelagio\/20220525CS_completa_Palagi-3.jpg\"\n               title=\"\u2018Riappare\u2019 al cimitero Monumentale la tomba di Pelagio Palagi\"\n               data-src=\"http:\/\/www.spaziotorino.it\/scatto\/wp-content\/gallery\/2022_05_25_pelagio\/20220525CS_completa_Palagi-3.jpg\"\n               data-thumbnail=\"http:\/\/www.spaziotorino.it\/scatto\/wp-content\/gallery\/2022_05_25_pelagio\/thumbs\/thumbs_20220525CS_completa_Palagi-3.jpg\"\n               data-image-id=\"26889\"\n               data-title=\"\u2018Riappare\u2019 al cimitero Monumentale la tomba di Pelagio Palagi\"\n               data-description=\"\u2018Riappare\u2019 al cimitero Monumentale la tomba di Pelagio Palagi\"\n               data-image-slug=\"20220525cs_completa_palagi-3\"\n               class=\"ngg-fancybox\" rel=\"775abb3fa41432db0c8a235bd9dee7d2\">\n                <img\n                    title=\"\u2018Riappare\u2019 al cimitero Monumentale la tomba di Pelagio Palagi\"\n                    alt=\"\u2018Riappare\u2019 al cimitero Monumentale la tomba di Pelagio Palagi\"\n                    src=\"http:\/\/www.spaziotorino.it\/scatto\/wp-content\/gallery\/2022_05_25_pelagio\/cache\/20220525CS_completa_Palagi-3.jpg-nggid0526889-ngg0dyn-60x60x100-00f0w010c011r110f110r010t010.jpg\"\n                    width=\"60\"\n                    height=\"60\"\n                    style=\"max-width:100%;\"\n                \/>\n            <\/a>\n        <\/div>\n\t\t\t\t\t\t\t<\/div> \n\t\t\t\n        \n\t\t\t\t<div id=\"ngg-image-2\" class=\"ngg-gallery-thumbnail-box\" >\n\t\t\t\t        <div class=\"ngg-gallery-thumbnail\">\n            <a href=\"http:\/\/www.spaziotorino.it\/scatto\/wp-content\/gallery\/2022_05_25_pelagio\/20220525CS_completa_Palagi-7.jpg\"\n               title=\"\u2018Riappare\u2019 al cimitero Monumentale la tomba di Pelagio Palagi\"\n               data-src=\"http:\/\/www.spaziotorino.it\/scatto\/wp-content\/gallery\/2022_05_25_pelagio\/20220525CS_completa_Palagi-7.jpg\"\n               data-thumbnail=\"http:\/\/www.spaziotorino.it\/scatto\/wp-content\/gallery\/2022_05_25_pelagio\/thumbs\/thumbs_20220525CS_completa_Palagi-7.jpg\"\n               data-image-id=\"26890\"\n               data-title=\"\u2018Riappare\u2019 al cimitero Monumentale la tomba di Pelagio Palagi\"\n               data-description=\"\u2018Riappare\u2019 al cimitero Monumentale la tomba di Pelagio Palagi\"\n               data-image-slug=\"20220525cs_completa_palagi-7\"\n               class=\"ngg-fancybox\" rel=\"775abb3fa41432db0c8a235bd9dee7d2\">\n                <img\n                    title=\"\u2018Riappare\u2019 al cimitero Monumentale la tomba di Pelagio Palagi\"\n                    alt=\"\u2018Riappare\u2019 al cimitero Monumentale la tomba di Pelagio Palagi\"\n                    src=\"http:\/\/www.spaziotorino.it\/scatto\/wp-content\/gallery\/2022_05_25_pelagio\/cache\/20220525CS_completa_Palagi-7.jpg-nggid0526890-ngg0dyn-60x60x100-00f0w010c011r110f110r010t010.jpg\"\n                    width=\"60\"\n                    height=\"60\"\n                    style=\"max-width:100%;\"\n                \/>\n            <\/a>\n        <\/div>\n\t\t\t\t\t\t\t<\/div> \n\t\t\t\n        \n\t\t\t\t<div id=\"ngg-image-3\" class=\"ngg-gallery-thumbnail-box\" >\n\t\t\t\t        <div class=\"ngg-gallery-thumbnail\">\n            <a href=\"http:\/\/www.spaziotorino.it\/scatto\/wp-content\/gallery\/2022_05_25_pelagio\/20220525CS_completa_Palagi-9.jpg\"\n               title=\"\u2018Riappare\u2019 al cimitero Monumentale la tomba di Pelagio Palagi\"\n               data-src=\"http:\/\/www.spaziotorino.it\/scatto\/wp-content\/gallery\/2022_05_25_pelagio\/20220525CS_completa_Palagi-9.jpg\"\n               data-thumbnail=\"http:\/\/www.spaziotorino.it\/scatto\/wp-content\/gallery\/2022_05_25_pelagio\/thumbs\/thumbs_20220525CS_completa_Palagi-9.jpg\"\n               data-image-id=\"26893\"\n               data-title=\"\u2018Riappare\u2019 al cimitero Monumentale la tomba di Pelagio Palagi\"\n               data-description=\"\u2018Riappare\u2019 al cimitero Monumentale la tomba di Pelagio Palagi\"\n               data-image-slug=\"20220525cs_completa_palagi-9\"\n               class=\"ngg-fancybox\" rel=\"775abb3fa41432db0c8a235bd9dee7d2\">\n                <img\n                    title=\"\u2018Riappare\u2019 al cimitero Monumentale la tomba di Pelagio Palagi\"\n                    alt=\"\u2018Riappare\u2019 al cimitero Monumentale la tomba di Pelagio Palagi\"\n                    src=\"http:\/\/www.spaziotorino.it\/scatto\/wp-content\/gallery\/2022_05_25_pelagio\/cache\/20220525CS_completa_Palagi-9.jpg-nggid0526893-ngg0dyn-60x60x100-00f0w010c011r110f110r010t010.jpg\"\n                    width=\"60\"\n                    height=\"60\"\n                    style=\"max-width:100%;\"\n                \/>\n            <\/a>\n        <\/div>\n\t\t\t\t\t\t\t<\/div> \n\t\t\t\n        \n\t\t\t\t<div id=\"ngg-image-4\" class=\"ngg-gallery-thumbnail-box\" >\n\t\t\t\t        <div class=\"ngg-gallery-thumbnail\">\n            <a href=\"http:\/\/www.spaziotorino.it\/scatto\/wp-content\/gallery\/2022_05_25_pelagio\/20220525CS_completa_Palagi-9_.jpg\"\n               title=\"\u2018Riappare\u2019 al cimitero Monumentale la tomba di Pelagio Palagi\"\n               data-src=\"http:\/\/www.spaziotorino.it\/scatto\/wp-content\/gallery\/2022_05_25_pelagio\/20220525CS_completa_Palagi-9_.jpg\"\n               data-thumbnail=\"http:\/\/www.spaziotorino.it\/scatto\/wp-content\/gallery\/2022_05_25_pelagio\/thumbs\/thumbs_20220525CS_completa_Palagi-9_.jpg\"\n               data-image-id=\"26888\"\n               data-title=\"\u2018Riappare\u2019 al cimitero Monumentale la tomba di Pelagio Palagi\"\n               data-description=\"\u2018Riappare\u2019 al cimitero Monumentale la tomba di Pelagio Palagi\"\n               data-image-slug=\"20220525cs_completa_palagi-9_\"\n               class=\"ngg-fancybox\" rel=\"775abb3fa41432db0c8a235bd9dee7d2\">\n                <img\n                    title=\"\u2018Riappare\u2019 al cimitero Monumentale la tomba di Pelagio Palagi\"\n                    alt=\"\u2018Riappare\u2019 al cimitero Monumentale la tomba di Pelagio Palagi\"\n                    src=\"http:\/\/www.spaziotorino.it\/scatto\/wp-content\/gallery\/2022_05_25_pelagio\/cache\/20220525CS_completa_Palagi-9_.jpg-nggid0526888-ngg0dyn-60x60x100-00f0w010c011r110f110r010t010.jpg\"\n                    width=\"60\"\n                    height=\"60\"\n                    style=\"max-width:100%;\"\n                \/>\n            <\/a>\n        <\/div>\n\t\t\t\t\t\t\t<\/div> \n\t\t\t\n        \n\t\t\t\t<div id=\"ngg-image-5\" class=\"ngg-gallery-thumbnail-box\" >\n\t\t\t\t        <div class=\"ngg-gallery-thumbnail\">\n            <a href=\"http:\/\/www.spaziotorino.it\/scatto\/wp-content\/gallery\/2022_05_25_pelagio\/pla_8213.jpg\"\n               title=\"Pelagio Palagi, Monumento al Conte Verde\"\n               data-src=\"http:\/\/www.spaziotorino.it\/scatto\/wp-content\/gallery\/2022_05_25_pelagio\/pla_8213.jpg\"\n               data-thumbnail=\"http:\/\/www.spaziotorino.it\/scatto\/wp-content\/gallery\/2022_05_25_pelagio\/thumbs\/thumbs_pla_8213.jpg\"\n               data-image-id=\"26894\"\n               data-title=\"Pelagio Palagi, Monumento al Conte Verde\"\n               data-description=\"Pelagio Palagi, Monumento al Conte Verde\"\n               data-image-slug=\"pla_8213\"\n               class=\"ngg-fancybox\" rel=\"775abb3fa41432db0c8a235bd9dee7d2\">\n                <img\n                    title=\"Pelagio Palagi, Monumento al Conte Verde\"\n                    alt=\"Pelagio Palagi, Monumento al Conte Verde\"\n                    src=\"http:\/\/www.spaziotorino.it\/scatto\/wp-content\/gallery\/2022_05_25_pelagio\/cache\/pla_8213.jpg-nggid0526894-ngg0dyn-60x60x100-00f0w010c011r110f110r010t010.jpg\"\n                    width=\"60\"\n                    height=\"60\"\n                    style=\"max-width:100%;\"\n                \/>\n            <\/a>\n        <\/div>\n\t\t\t\t\t\t\t<\/div> \n\t\t\t\n        \n\t\t\n\t\t<!-- Pagination -->\n\t<div class='ngg-clear'><\/div>\t<\/div>\n\n<p>L\u2019opera di Pelagio Palagi pi\u00f9 conosciuta dai torinesi \u00e8 probabilmente il complesso statuario situato di fronte al Municipio, in Piazza Palazzo di Citt\u00e0, che commemora la vittoria di Amedeo VI di Savoia, il cosiddetto Conte Verde, in una battaglia contro i turchi. I suoi lavori pi\u00f9 importanti, tuttavia, furono l\u2019ampliamento del Castello di Racconigi e le opere di ammodernamento del Palazzo Reale di Torino e di quello di Pollenzo, su commissione di Carlo Alberto di Savoia.<\/p>\n<p>A Torino l\u2019artista ha trascorso una parte importante della sua vita, ma a legarlo per sempre alla citt\u00e0 \u00e8 stata la morte.<\/p>\n<p>Inumato al Cimitero Monumentale, della sua sepoltura si erano perse le tracce. E\u2019 stata una casualit\u00e0 a permetterne il rinvenimento: la richiesta di informazioni sulla tomba della famiglia Solei, fornitori di tessuti per le residenze reali di casa Savoia, pervenuta agli uffici di AFC nell\u2019ambito di una ricerca sulle manifatture torinesi. Si \u00e8 potuto cos\u00ec accertare che oltre ai membri della famiglia Solei vi era sepolto anche Pelagio Palagi.<\/p>\n<p>L\u2019eclettico artista, nel lungo periodo in cui fu al servizio dei Savoia, lavor\u00f2 a stretto contatto con i membri della famiglia Solei e doveva aver intrecciato con loro un forte rapporto di amicizia, al punto che alla sua morte, avvenuta a 84 anni, questi fecero conservare le sue spoglie nella tomba di famiglia.<\/p>\n<p>Emergono cos\u00ec dettagli delle vite di artisti illustri che arricchiscono le loro biografie e che altrimenti sarebbero rimasti, \u00e8 il caso di dirlo, sepolti.<\/p>\n<p>Scoperte di questo tipo non sono inconsuete. Il cimitero monumentale cela ancora molti misteri, poich\u00e9 ad oggi non esiste una mappatura completa delle sepolture. Soltanto recentemente la Soprintendenza ai Beni Culturali ha avviato un progetto, coinvolgendo i tirocinanti dell\u2019Universit\u00e0 e del Politecnico di Torino, che dovrebbe portare entro il 2024 alla schedatura di tutte le tombe del Cimitero Monumentale e alla digitalizzazione di materiali informativi e fotografici, con lo scopo di costituire un archivio a uso degli studiosi.<\/p>\n<p>Il Cimitero Monumentale di Torino \u00e8 ormai da diversi anni oggetto di apposite visite guidate. Sul sito www.cimiteritorino.it \u00e8 possibile trovare tutte le informazioni per la visita alle tombe artistiche e a quelle di personaggi famosi. Tra questi, Vincenzo Gioberti, Massimo d\u2019Azeglio, Primo Levi, Edmondo De Amicis, Galileo Ferraris, Rita Levi-Montalcini, Cesare Lombroso, Erminio Macario, Fred Buscaglione.<\/p>\n<p>Insomma, se qualcuno ancora si tiene scaramanticamente alla larga dai cimiteri, sempre pi\u00f9 persone, dai ricercatori ai turisti, si stanno interessando all\u2019importante patrimonio artistico e storico che custodiscono.<\/p>\n<p>[Fonte: <a href=\"http:\/\/www.torinoclick.it\/?p=104255\">TorinoClick<\/a>]<\/p>\n","protected":false},"excerpt":{"rendered":"<p>L\u2019opera di Pelagio Palagi pi\u00f9 conosciuta dai torinesi \u00e8 probabilmente il complesso statuario situato di fronte al Municipio, in Piazza Palazzo di Citt\u00e0, che commemora la vittoria di Amedeo VI di Savoia, il cosiddetto Conte Verde, in una battaglia contro i turchi. I suoi lavori pi\u00f9 importanti, tuttavia, furono l\u2019ampliamento del Castello di Racconigi e [&hellip;]<\/p>\n","protected":false},"author":1,"featured_media":0,"comment_status":"closed","ping_status":"open","sticky":false,"template":"","format":"standard","meta":{"ngg_post_thumbnail":0},"categories":[1,41],"tags":[],"_links":{"self":[{"href":"http:\/\/www.spaziotorino.it\/scatto\/index.php?rest_route=\/wp\/v2\/posts\/42442"}],"collection":[{"href":"http:\/\/www.spaziotorino.it\/scatto\/index.php?rest_route=\/wp\/v2\/posts"}],"about":[{"href":"http:\/\/www.spaziotorino.it\/scatto\/index.php?rest_route=\/wp\/v2\/types\/post"}],"author":[{"embeddable":true,"href":"http:\/\/www.spaziotorino.it\/scatto\/index.php?rest_route=\/wp\/v2\/users\/1"}],"replies":[{"embeddable":true,"href":"http:\/\/www.spaziotorino.it\/scatto\/index.php?rest_route=%2Fwp%2Fv2%2Fcomments&post=42442"}],"version-history":[{"count":1,"href":"http:\/\/www.spaziotorino.it\/scatto\/index.php?rest_route=\/wp\/v2\/posts\/42442\/revisions"}],"predecessor-version":[{"id":42443,"href":"http:\/\/www.spaziotorino.it\/scatto\/index.php?rest_route=\/wp\/v2\/posts\/42442\/revisions\/42443"}],"wp:attachment":[{"href":"http:\/\/www.spaziotorino.it\/scatto\/index.php?rest_route=%2Fwp%2Fv2%2Fmedia&parent=42442"}],"wp:term":[{"taxonomy":"category","embeddable":true,"href":"http:\/\/www.spaziotorino.it\/scatto\/index.php?rest_route=%2Fwp%2Fv2%2Fcategories&post=42442"},{"taxonomy":"post_tag","embeddable":true,"href":"http:\/\/www.spaziotorino.it\/scatto\/index.php?rest_route=%2Fwp%2Fv2%2Ftags&post=42442"}],"curies":[{"name":"wp","href":"https:\/\/api.w.org\/{rel}","templated":true}]}}