{"id":42454,"date":"2022-05-25T14:32:03","date_gmt":"2022-05-25T13:32:03","guid":{"rendered":"http:\/\/www.spaziotorino.it\/scatto\/?p=42454"},"modified":"2022-05-25T14:32:03","modified_gmt":"2022-05-25T13:32:03","slug":"alla-gam-i-maestri-serie-oro-di-flavio-favelli","status":"publish","type":"post","link":"http:\/\/www.spaziotorino.it\/scatto\/?p=42454","title":{"rendered":"Alla GAM &#8216;I Maestri Serie Oro&#8217; di Flavio Favelli"},"content":{"rendered":"<p><a class=\"ngg-fancybox\" title=\"Alla GAM 'I Maestri Serie Oro' di Flavio Favelli\" href=\"http:\/\/www.spaziotorino.it\/scatto\/wp-content\/gallery\/2022_05_25_favelli\/pla_8235.jpg\" rel=\"lightbox[set_1777]\"><br \/>\n<img decoding=\"async\" loading=\"lazy\" class=\"ngg-singlepic\" title=\"Alla GAM 'I Maestri Serie Oro' di Flavio Favelli\" src=\"http:\/\/www.spaziotorino.it\/scatto\/wp-content\/gallery\/2022_05_25_favelli\/pla_8235.jpg\" alt=\"\" width=\"540\" height=\"360\"\/><\/a><\/p>\n<!-- index.php -->\n<div\n\tclass=\"ngg-galleryoverview ngg-ajax-pagination-none\"\n\tid=\"ngg-gallery-42ccfb5bb8bc31e86b34398973b22a2e-1\">\n\n    \t\t<!-- Thumbnails -->\n\t\t\t\t<div id=\"ngg-image-0\" class=\"ngg-gallery-thumbnail-box\" >\n\t\t\t\t        <div class=\"ngg-gallery-thumbnail\">\n            <a href=\"http:\/\/www.spaziotorino.it\/scatto\/wp-content\/gallery\/2022_05_25_favelli\/pla_8228.jpg\"\n               title=\"Flavio Favelli\"\n               data-src=\"http:\/\/www.spaziotorino.it\/scatto\/wp-content\/gallery\/2022_05_25_favelli\/pla_8228.jpg\"\n               data-thumbnail=\"http:\/\/www.spaziotorino.it\/scatto\/wp-content\/gallery\/2022_05_25_favelli\/thumbs\/thumbs_pla_8228.jpg\"\n               data-image-id=\"26897\"\n               data-title=\"Flavio Favelli\"\n               data-description=\"Flavio Favelli\"\n               data-image-slug=\"pla_8228\"\n               class=\"ngg-fancybox\" rel=\"42ccfb5bb8bc31e86b34398973b22a2e\">\n                <img\n                    title=\"Flavio Favelli\"\n                    alt=\"Flavio Favelli\"\n                    src=\"http:\/\/www.spaziotorino.it\/scatto\/wp-content\/gallery\/2022_05_25_favelli\/cache\/pla_8228.jpg-nggid0526897-ngg0dyn-60x60x100-00f0w010c011r110f110r010t010.jpg\"\n                    width=\"60\"\n                    height=\"60\"\n                    style=\"max-width:100%;\"\n                \/>\n            <\/a>\n        <\/div>\n\t\t\t\t\t\t\t<\/div> \n\t\t\t\n        \n\t\t\t\t<div id=\"ngg-image-1\" class=\"ngg-gallery-thumbnail-box\" >\n\t\t\t\t        <div class=\"ngg-gallery-thumbnail\">\n            <a href=\"http:\/\/www.spaziotorino.it\/scatto\/wp-content\/gallery\/2022_05_25_favelli\/pla_8236.jpg\"\n               title=\"Alla GAM &#039;I Maestri Serie Oro&#039; di Flavio Favelli\"\n               data-src=\"http:\/\/www.spaziotorino.it\/scatto\/wp-content\/gallery\/2022_05_25_favelli\/pla_8236.jpg\"\n               data-thumbnail=\"http:\/\/www.spaziotorino.it\/scatto\/wp-content\/gallery\/2022_05_25_favelli\/thumbs\/thumbs_pla_8236.jpg\"\n               data-image-id=\"26899\"\n               data-title=\"Alla GAM &#039;I Maestri Serie Oro&#039; di Flavio Favelli\"\n               data-description=\"Alla GAM &#039;I Maestri Serie Oro&#039; di Flavio Favelli\"\n               data-image-slug=\"pla_8236-1\"\n               class=\"ngg-fancybox\" rel=\"42ccfb5bb8bc31e86b34398973b22a2e\">\n                <img\n                    title=\"Alla GAM &#039;I Maestri Serie Oro&#039; di Flavio Favelli\"\n                    alt=\"Alla GAM &#039;I Maestri Serie Oro&#039; di Flavio Favelli\"\n                    src=\"http:\/\/www.spaziotorino.it\/scatto\/wp-content\/gallery\/2022_05_25_favelli\/cache\/pla_8236.jpg-nggid0526899-ngg0dyn-60x60x100-00f0w010c011r110f110r010t010.jpg\"\n                    width=\"60\"\n                    height=\"60\"\n                    style=\"max-width:100%;\"\n                \/>\n            <\/a>\n        <\/div>\n\t\t\t\t\t\t\t<\/div> \n\t\t\t\n        \n\t\t\t\t<div id=\"ngg-image-2\" class=\"ngg-gallery-thumbnail-box\" >\n\t\t\t\t        <div class=\"ngg-gallery-thumbnail\">\n            <a href=\"http:\/\/www.spaziotorino.it\/scatto\/wp-content\/gallery\/2022_05_25_favelli\/pla_8288.jpg\"\n               title=\"Flavio Favelli\"\n               data-src=\"http:\/\/www.spaziotorino.it\/scatto\/wp-content\/gallery\/2022_05_25_favelli\/pla_8288.jpg\"\n               data-thumbnail=\"http:\/\/www.spaziotorino.it\/scatto\/wp-content\/gallery\/2022_05_25_favelli\/thumbs\/thumbs_pla_8288.jpg\"\n               data-image-id=\"26903\"\n               data-title=\"Flavio Favelli\"\n               data-description=\"Flavio Favelli\"\n               data-image-slug=\"pla_8288\"\n               class=\"ngg-fancybox\" rel=\"42ccfb5bb8bc31e86b34398973b22a2e\">\n                <img\n                    title=\"Flavio Favelli\"\n                    alt=\"Flavio Favelli\"\n                    src=\"http:\/\/www.spaziotorino.it\/scatto\/wp-content\/gallery\/2022_05_25_favelli\/cache\/pla_8288.jpg-nggid0526903-ngg0dyn-60x60x100-00f0w010c011r110f110r010t010.jpg\"\n                    width=\"60\"\n                    height=\"60\"\n                    style=\"max-width:100%;\"\n                \/>\n            <\/a>\n        <\/div>\n\t\t\t\t\t\t\t<\/div> \n\t\t\t\n        \n\t\t\t\t<div id=\"ngg-image-3\" class=\"ngg-gallery-thumbnail-box\" >\n\t\t\t\t        <div class=\"ngg-gallery-thumbnail\">\n            <a href=\"http:\/\/www.spaziotorino.it\/scatto\/wp-content\/gallery\/2022_05_25_favelli\/pla_8238.jpg\"\n               title=\"Alla GAM &#039;I Maestri Serie Oro&#039; di Flavio Favelli\"\n               data-src=\"http:\/\/www.spaziotorino.it\/scatto\/wp-content\/gallery\/2022_05_25_favelli\/pla_8238.jpg\"\n               data-thumbnail=\"http:\/\/www.spaziotorino.it\/scatto\/wp-content\/gallery\/2022_05_25_favelli\/thumbs\/thumbs_pla_8238.jpg\"\n               data-image-id=\"26895\"\n               data-title=\"Alla GAM &#039;I Maestri Serie Oro&#039; di Flavio Favelli\"\n               data-description=\"Alla GAM &#039;I Maestri Serie Oro&#039; di Flavio Favelli\"\n               data-image-slug=\"pla_8238\"\n               class=\"ngg-fancybox\" rel=\"42ccfb5bb8bc31e86b34398973b22a2e\">\n                <img\n                    title=\"Alla GAM &#039;I Maestri Serie Oro&#039; di Flavio Favelli\"\n                    alt=\"Alla GAM &#039;I Maestri Serie Oro&#039; di Flavio Favelli\"\n                    src=\"http:\/\/www.spaziotorino.it\/scatto\/wp-content\/gallery\/2022_05_25_favelli\/cache\/pla_8238.jpg-nggid0526895-ngg0dyn-60x60x100-00f0w010c011r110f110r010t010.jpg\"\n                    width=\"60\"\n                    height=\"60\"\n                    style=\"max-width:100%;\"\n                \/>\n            <\/a>\n        <\/div>\n\t\t\t\t\t\t\t<\/div> \n\t\t\t\n        \n\t\t\t\t<div id=\"ngg-image-4\" class=\"ngg-gallery-thumbnail-box\" >\n\t\t\t\t        <div class=\"ngg-gallery-thumbnail\">\n            <a href=\"http:\/\/www.spaziotorino.it\/scatto\/wp-content\/gallery\/2022_05_25_favelli\/pla_8245.jpg\"\n               title=\"Alla GAM &#039;I Maestri Serie Oro&#039; di Flavio Favelli\"\n               data-src=\"http:\/\/www.spaziotorino.it\/scatto\/wp-content\/gallery\/2022_05_25_favelli\/pla_8245.jpg\"\n               data-thumbnail=\"http:\/\/www.spaziotorino.it\/scatto\/wp-content\/gallery\/2022_05_25_favelli\/thumbs\/thumbs_pla_8245.jpg\"\n               data-image-id=\"26898\"\n               data-title=\"Alla GAM &#039;I Maestri Serie Oro&#039; di Flavio Favelli\"\n               data-description=\"Alla GAM &#039;I Maestri Serie Oro&#039; di Flavio Favelli\"\n               data-image-slug=\"pla_8245\"\n               class=\"ngg-fancybox\" rel=\"42ccfb5bb8bc31e86b34398973b22a2e\">\n                <img\n                    title=\"Alla GAM &#039;I Maestri Serie Oro&#039; di Flavio Favelli\"\n                    alt=\"Alla GAM &#039;I Maestri Serie Oro&#039; di Flavio Favelli\"\n                    src=\"http:\/\/www.spaziotorino.it\/scatto\/wp-content\/gallery\/2022_05_25_favelli\/cache\/pla_8245.jpg-nggid0526898-ngg0dyn-60x60x100-00f0w010c011r110f110r010t010.jpg\"\n                    width=\"60\"\n                    height=\"60\"\n                    style=\"max-width:100%;\"\n                \/>\n            <\/a>\n        <\/div>\n\t\t\t\t\t\t\t<\/div> \n\t\t\t\n        \n\t\t\t\t<div id=\"ngg-image-5\" class=\"ngg-gallery-thumbnail-box\" >\n\t\t\t\t        <div class=\"ngg-gallery-thumbnail\">\n            <a href=\"http:\/\/www.spaziotorino.it\/scatto\/wp-content\/gallery\/2022_05_25_favelli\/pla_8247.jpg\"\n               title=\"Alla GAM &#039;I Maestri Serie Oro&#039; di Flavio Favelli\"\n               data-src=\"http:\/\/www.spaziotorino.it\/scatto\/wp-content\/gallery\/2022_05_25_favelli\/pla_8247.jpg\"\n               data-thumbnail=\"http:\/\/www.spaziotorino.it\/scatto\/wp-content\/gallery\/2022_05_25_favelli\/thumbs\/thumbs_pla_8247.jpg\"\n               data-image-id=\"26900\"\n               data-title=\"Alla GAM &#039;I Maestri Serie Oro&#039; di Flavio Favelli\"\n               data-description=\"Alla GAM &#039;I Maestri Serie Oro&#039; di Flavio Favelli\"\n               data-image-slug=\"pla_8247-1\"\n               class=\"ngg-fancybox\" rel=\"42ccfb5bb8bc31e86b34398973b22a2e\">\n                <img\n                    title=\"Alla GAM &#039;I Maestri Serie Oro&#039; di Flavio Favelli\"\n                    alt=\"Alla GAM &#039;I Maestri Serie Oro&#039; di Flavio Favelli\"\n                    src=\"http:\/\/www.spaziotorino.it\/scatto\/wp-content\/gallery\/2022_05_25_favelli\/cache\/pla_8247.jpg-nggid0526900-ngg0dyn-60x60x100-00f0w010c011r110f110r010t010.jpg\"\n                    width=\"60\"\n                    height=\"60\"\n                    style=\"max-width:100%;\"\n                \/>\n            <\/a>\n        <\/div>\n\t\t\t\t\t\t\t<\/div> \n\t\t\t\n        \n\t\t\t\t<div id=\"ngg-image-6\" class=\"ngg-gallery-thumbnail-box\" >\n\t\t\t\t        <div class=\"ngg-gallery-thumbnail\">\n            <a href=\"http:\/\/www.spaziotorino.it\/scatto\/wp-content\/gallery\/2022_05_25_favelli\/pla_8267.jpg\"\n               title=\"Alla GAM &#039;I Maestri Serie Oro&#039; di Flavio Favelli\"\n               data-src=\"http:\/\/www.spaziotorino.it\/scatto\/wp-content\/gallery\/2022_05_25_favelli\/pla_8267.jpg\"\n               data-thumbnail=\"http:\/\/www.spaziotorino.it\/scatto\/wp-content\/gallery\/2022_05_25_favelli\/thumbs\/thumbs_pla_8267.jpg\"\n               data-image-id=\"26901\"\n               data-title=\"Alla GAM &#039;I Maestri Serie Oro&#039; di Flavio Favelli\"\n               data-description=\"Alla GAM &#039;I Maestri Serie Oro&#039; di Flavio Favelli\"\n               data-image-slug=\"pla_8267\"\n               class=\"ngg-fancybox\" rel=\"42ccfb5bb8bc31e86b34398973b22a2e\">\n                <img\n                    title=\"Alla GAM &#039;I Maestri Serie Oro&#039; di Flavio Favelli\"\n                    alt=\"Alla GAM &#039;I Maestri Serie Oro&#039; di Flavio Favelli\"\n                    src=\"http:\/\/www.spaziotorino.it\/scatto\/wp-content\/gallery\/2022_05_25_favelli\/cache\/pla_8267.jpg-nggid0526901-ngg0dyn-60x60x100-00f0w010c011r110f110r010t010.jpg\"\n                    width=\"60\"\n                    height=\"60\"\n                    style=\"max-width:100%;\"\n                \/>\n            <\/a>\n        <\/div>\n\t\t\t\t\t\t\t<\/div> \n\t\t\t\n        \n\t\t\t\t<div id=\"ngg-image-7\" class=\"ngg-gallery-thumbnail-box\" >\n\t\t\t\t        <div class=\"ngg-gallery-thumbnail\">\n            <a href=\"http:\/\/www.spaziotorino.it\/scatto\/wp-content\/gallery\/2022_05_25_favelli\/pla_8263.jpg\"\n               title=\"Alla GAM &#039;I Maestri Serie Oro&#039; di Flavio Favelli\"\n               data-src=\"http:\/\/www.spaziotorino.it\/scatto\/wp-content\/gallery\/2022_05_25_favelli\/pla_8263.jpg\"\n               data-thumbnail=\"http:\/\/www.spaziotorino.it\/scatto\/wp-content\/gallery\/2022_05_25_favelli\/thumbs\/thumbs_pla_8263.jpg\"\n               data-image-id=\"26902\"\n               data-title=\"Alla GAM &#039;I Maestri Serie Oro&#039; di Flavio Favelli\"\n               data-description=\"Alla GAM &#039;I Maestri Serie Oro&#039; di Flavio Favelli\"\n               data-image-slug=\"pla_8263-3\"\n               class=\"ngg-fancybox\" rel=\"42ccfb5bb8bc31e86b34398973b22a2e\">\n                <img\n                    title=\"Alla GAM &#039;I Maestri Serie Oro&#039; di Flavio Favelli\"\n                    alt=\"Alla GAM &#039;I Maestri Serie Oro&#039; di Flavio Favelli\"\n                    src=\"http:\/\/www.spaziotorino.it\/scatto\/wp-content\/gallery\/2022_05_25_favelli\/cache\/pla_8263.jpg-nggid0526902-ngg0dyn-60x60x100-00f0w010c011r110f110r010t010.jpg\"\n                    width=\"60\"\n                    height=\"60\"\n                    style=\"max-width:100%;\"\n                \/>\n            <\/a>\n        <\/div>\n\t\t\t\t\t\t\t<\/div> \n\t\t\t\n        \n\t\t\n\t\t<!-- Pagination -->\n\t<div class='ngg-clear'><\/div>\t<\/div>\n\n<p>La <strong>GAM di Torino<\/strong> \u00e8 felice di presentare nelle sale della Wunderkammer <strong><em>I Maestri Serie Oro<\/em> <\/strong>di <strong>Flavio Favelli<\/strong>, a cura di Elena Volpato.<\/p>\n<p>Il progetto \u00e8 vincitore dell\u2019avviso pubblico <strong>PAC2020<\/strong> \u2013 <strong>Piano per l\u2019Arte Contemporanea<\/strong>, promosso dalla <strong>Direzione Generale Creativit\u00e0 Contemporanea del Ministero della Cultura<\/strong>.<\/p>\n<p>L\u2019esposizione presenta <strong>un\u2019unica opera<\/strong> composta dai <strong>278 fascicoli<\/strong> monografici della nota serie <em>I Maestri del Colore<\/em> della Fratelli Fabbri Editori, uscita nelle edicole italiane tra il 1963 e il 1967. Si tratt\u00f2 di un fenomeno culturale di prima grandezza che rivoluzion\u00f2 il mercato editoriale negli anni del boom economico. I fascicoli rappresentarono per molte famiglie italiane un oggetto simbolico, una dichiarazione di appartenenza a una fascia sociale in crescita, attraversata da un desiderio di cultura e di benessere intrecciati insieme.<\/p>\n<p><strong>Flavio Favelli <\/strong>ha lavorato su ciascuna delle iconiche copertine, interagendo con la loro eleganza formale, con il loro equilibrio tra grafica e taglio fotografico dei particolari pittorici. Ha utilizzato <strong>una o pi\u00f9 cartine dorate dei Ferrero Rocher<\/strong> per occultare i volti dei ritratti, le scene aneddotiche, le porzioni di quadri, affreschi e mosaici dove campeggia la figura umana, dove gli sguardi dipinti sembrano cercare la risposta e la complicit\u00e0 dello sguardo degli osservatori. Favelli riporta le riproduzioni delle grandi opere d\u2019arte ad uno stato di impenetrabilit\u00e0, quasi di chiusa sacralit\u00e0: \u00e8 un gesto che mescola la cura all\u2019iconoclastia, quasi fosse necessaria una nuova ricarica del senso per delle immagini forse troppo note, persino troppo ammiccanti nella loro conquistata emblematicit\u00e0.<\/p>\n<p>Favelli per\u00f2, se da un lato cela parti di opere dietro il bagliore dell\u2019oro, dall\u2019altro apre a una visione panottica lo svolgimento della storia dell\u2019arte cos\u00ec come l\u2019avventura editoriale Fabbri fu capace di raccontarla. <strong>I 278 fascicoli\/collages sono esposti in tre file ad abbracciare interamente lo spazio della Wunderkammer della GAM<\/strong>. La disposizione accoglie il visitatore come nel perimetro di una basilica dove il susseguirsi regolare delle riproduzioni e dei nomi degli artisti, tutt\u2019attorno, restituisce una sorta di ideale ritratto di gruppo dove ciascun \u2018quadro\u2019 rappresenta il compiersi di una diversa misura, di un diverso canone, di una diversa maniera e sensibilit\u00e0.<\/p>\n<p>Poter vedere tutte le copertine della serie dispiegate in un&#8217;unica sala sembra esaltare lo spirito enciclopedico cui l\u2019impresa editoriale dei Fratelli Fabbri tese, ma la scelta di Favelli di <strong>spezzare le linee del disegno<\/strong>, di <strong>complicare la bidimensionalit\u00e0 della pittura<\/strong>, di <strong>nascondere il senso di completezza e perfezione<\/strong> che emana da molte di quelle opere, lascia intuire un rapporto pi\u00f9 contrastato con la storia e il valore del passato. Esprime un\u2019inquietudine estetica tutta contemporanea, per la quale la pienezza di senso e di forma non \u00e8 mai data e ogni Maestro \u00e8 allo stesso tempo riconosciuto e obliterato, oggetto di una celebrazione sincera ed insieme finta, come finta \u00e8 la foglia d\u2019oro di Favelli: <strong>luccicante, ma di carta, d\u2019aspetto prezioso<\/strong>, ma prelevata da una scatola di praline.<\/p>\n<p>L\u2019opera <strong><em>I Maestri Serie Oro<\/em><\/strong>, che entra a far parte delle collezioni del museo, rappresenta un nuovo sviluppo del lavoro di Favelli che negli ultimi anni ha pi\u00f9 volte indagato il tema dell\u2019oro sotto molteplici forme, rispecchiando il proprio animo nella lucentezza opaca e cieca di questo materiale che \u00e8 andato prelevando da latte di biscotti, da fondi di specchi, da cartelli pubblicitari di gelati: una lucentezza pervasiva, da Eldorado, in cui la nostra cultura si specchia alla ricerca di un bagliore di cui ammantarsi proprio mentre si va offuscando.<\/p>\n<p>Maggiori informazioni sul sito della <a href=\"https:\/\/www.gamtorino.it\/it\">GAM<\/a>&nbsp;<\/p>\n","protected":false},"excerpt":{"rendered":"<p>La GAM di Torino \u00e8 felice di presentare nelle sale della Wunderkammer I Maestri Serie Oro di Flavio Favelli, a cura di Elena Volpato. Il progetto \u00e8 vincitore dell\u2019avviso pubblico PAC2020 \u2013 Piano per l\u2019Arte Contemporanea, promosso dalla Direzione Generale Creativit\u00e0 Contemporanea del Ministero della Cultura. L\u2019esposizione presenta un\u2019unica opera composta dai 278 fascicoli monografici [&hellip;]<\/p>\n","protected":false},"author":1,"featured_media":0,"comment_status":"closed","ping_status":"open","sticky":false,"template":"","format":"standard","meta":{"ngg_post_thumbnail":0},"categories":[54,1],"tags":[],"_links":{"self":[{"href":"http:\/\/www.spaziotorino.it\/scatto\/index.php?rest_route=\/wp\/v2\/posts\/42454"}],"collection":[{"href":"http:\/\/www.spaziotorino.it\/scatto\/index.php?rest_route=\/wp\/v2\/posts"}],"about":[{"href":"http:\/\/www.spaziotorino.it\/scatto\/index.php?rest_route=\/wp\/v2\/types\/post"}],"author":[{"embeddable":true,"href":"http:\/\/www.spaziotorino.it\/scatto\/index.php?rest_route=\/wp\/v2\/users\/1"}],"replies":[{"embeddable":true,"href":"http:\/\/www.spaziotorino.it\/scatto\/index.php?rest_route=%2Fwp%2Fv2%2Fcomments&post=42454"}],"version-history":[{"count":1,"href":"http:\/\/www.spaziotorino.it\/scatto\/index.php?rest_route=\/wp\/v2\/posts\/42454\/revisions"}],"predecessor-version":[{"id":42455,"href":"http:\/\/www.spaziotorino.it\/scatto\/index.php?rest_route=\/wp\/v2\/posts\/42454\/revisions\/42455"}],"wp:attachment":[{"href":"http:\/\/www.spaziotorino.it\/scatto\/index.php?rest_route=%2Fwp%2Fv2%2Fmedia&parent=42454"}],"wp:term":[{"taxonomy":"category","embeddable":true,"href":"http:\/\/www.spaziotorino.it\/scatto\/index.php?rest_route=%2Fwp%2Fv2%2Fcategories&post=42454"},{"taxonomy":"post_tag","embeddable":true,"href":"http:\/\/www.spaziotorino.it\/scatto\/index.php?rest_route=%2Fwp%2Fv2%2Ftags&post=42454"}],"curies":[{"name":"wp","href":"https:\/\/api.w.org\/{rel}","templated":true}]}}