{"id":42492,"date":"2022-06-02T12:52:19","date_gmt":"2022-06-02T11:52:19","guid":{"rendered":"http:\/\/www.spaziotorino.it\/scatto\/?p=42492"},"modified":"2022-06-02T12:52:19","modified_gmt":"2022-06-02T11:52:19","slug":"2-giugno-festa-della-repubblica","status":"publish","type":"post","link":"http:\/\/www.spaziotorino.it\/scatto\/?p=42492","title":{"rendered":"2 giugno, Festa della Repubblica"},"content":{"rendered":"<p><a class=\"ngg-fancybox\" title=\"2 giugno, Festa della Repubblica\" href=\"http:\/\/www.spaziotorino.it\/scatto\/wp-content\/gallery\/2022_06_02_repubblica\/pla_8588_edited.jpg\" rel=\"lightbox[set_1779]\"><br \/>\n<img decoding=\"async\" loading=\"lazy\" class=\"ngg-singlepic\" title=\"2 giugno, Festa della Repubblica\" src=\"http:\/\/www.spaziotorino.it\/scatto\/wp-content\/gallery\/2022_06_02_repubblica\/pla_8588_edited.jpg\" alt=\"\" width=\"540\" height=\"360\"\/><\/a><\/p>\n<!-- index.php -->\n<div\n\tclass=\"ngg-galleryoverview ngg-ajax-pagination-none\"\n\tid=\"ngg-gallery-06d10a8ab52ece70ef5e4206a99eb4a6-1\">\n\n    \t\t<!-- Thumbnails -->\n\t\t\t\t<div id=\"ngg-image-0\" class=\"ngg-gallery-thumbnail-box\" >\n\t\t\t\t        <div class=\"ngg-gallery-thumbnail\">\n            <a href=\"http:\/\/www.spaziotorino.it\/scatto\/wp-content\/gallery\/2022_06_02_repubblica\/pla_8615_edited.jpg\"\n               title=\"2 giugno, Festa della Repubblica\"\n               data-src=\"http:\/\/www.spaziotorino.it\/scatto\/wp-content\/gallery\/2022_06_02_repubblica\/pla_8615_edited.jpg\"\n               data-thumbnail=\"http:\/\/www.spaziotorino.it\/scatto\/wp-content\/gallery\/2022_06_02_repubblica\/thumbs\/thumbs_pla_8615_edited.jpg\"\n               data-image-id=\"26926\"\n               data-title=\"2 giugno, Festa della Repubblica\"\n               data-description=\"2 giugno, Festa della Repubblica\"\n               data-image-slug=\"pla_8615_edited\"\n               class=\"ngg-fancybox\" rel=\"06d10a8ab52ece70ef5e4206a99eb4a6\">\n                <img\n                    title=\"2 giugno, Festa della Repubblica\"\n                    alt=\"2 giugno, Festa della Repubblica\"\n                    src=\"http:\/\/www.spaziotorino.it\/scatto\/wp-content\/gallery\/2022_06_02_repubblica\/cache\/pla_8615_edited.jpg-nggid0526926-ngg0dyn-60x60x100-00f0w010c011r110f110r010t010.jpg\"\n                    width=\"60\"\n                    height=\"60\"\n                    style=\"max-width:100%;\"\n                \/>\n            <\/a>\n        <\/div>\n\t\t\t\t\t\t\t<\/div> \n\t\t\t\n        \n\t\t\t\t<div id=\"ngg-image-1\" class=\"ngg-gallery-thumbnail-box\" >\n\t\t\t\t        <div class=\"ngg-gallery-thumbnail\">\n            <a href=\"http:\/\/www.spaziotorino.it\/scatto\/wp-content\/gallery\/2022_06_02_repubblica\/pla_8477_edited.jpg\"\n               title=\"2 giugno, Festa della Repubblica\"\n               data-src=\"http:\/\/www.spaziotorino.it\/scatto\/wp-content\/gallery\/2022_06_02_repubblica\/pla_8477_edited.jpg\"\n               data-thumbnail=\"http:\/\/www.spaziotorino.it\/scatto\/wp-content\/gallery\/2022_06_02_repubblica\/thumbs\/thumbs_pla_8477_edited.jpg\"\n               data-image-id=\"26920\"\n               data-title=\"2 giugno, Festa della Repubblica\"\n               data-description=\"2 giugno, Festa della Repubblica\"\n               data-image-slug=\"pla_8477_edited\"\n               class=\"ngg-fancybox\" rel=\"06d10a8ab52ece70ef5e4206a99eb4a6\">\n                <img\n                    title=\"2 giugno, Festa della Repubblica\"\n                    alt=\"2 giugno, Festa della Repubblica\"\n                    src=\"http:\/\/www.spaziotorino.it\/scatto\/wp-content\/gallery\/2022_06_02_repubblica\/cache\/pla_8477_edited.jpg-nggid0526920-ngg0dyn-60x60x100-00f0w010c011r110f110r010t010.jpg\"\n                    width=\"60\"\n                    height=\"60\"\n                    style=\"max-width:100%;\"\n                \/>\n            <\/a>\n        <\/div>\n\t\t\t\t\t\t\t<\/div> \n\t\t\t\n        \n\t\t\t\t<div id=\"ngg-image-2\" class=\"ngg-gallery-thumbnail-box\" >\n\t\t\t\t        <div class=\"ngg-gallery-thumbnail\">\n            <a href=\"http:\/\/www.spaziotorino.it\/scatto\/wp-content\/gallery\/2022_06_02_repubblica\/pla_8627_edited.jpg\"\n               title=\"2 giugno, Festa della Repubblica\"\n               data-src=\"http:\/\/www.spaziotorino.it\/scatto\/wp-content\/gallery\/2022_06_02_repubblica\/pla_8627_edited.jpg\"\n               data-thumbnail=\"http:\/\/www.spaziotorino.it\/scatto\/wp-content\/gallery\/2022_06_02_repubblica\/thumbs\/thumbs_pla_8627_edited.jpg\"\n               data-image-id=\"26929\"\n               data-title=\"2 giugno, Festa della Repubblica\"\n               data-description=\"2 giugno, Festa della Repubblica\"\n               data-image-slug=\"pla_8627_edited\"\n               class=\"ngg-fancybox\" rel=\"06d10a8ab52ece70ef5e4206a99eb4a6\">\n                <img\n                    title=\"2 giugno, Festa della Repubblica\"\n                    alt=\"2 giugno, Festa della Repubblica\"\n                    src=\"http:\/\/www.spaziotorino.it\/scatto\/wp-content\/gallery\/2022_06_02_repubblica\/cache\/pla_8627_edited.jpg-nggid0526929-ngg0dyn-60x60x100-00f0w010c011r110f110r010t010.jpg\"\n                    width=\"60\"\n                    height=\"60\"\n                    style=\"max-width:100%;\"\n                \/>\n            <\/a>\n        <\/div>\n\t\t\t\t\t\t\t<\/div> \n\t\t\t\n        \n\t\t\t\t<div id=\"ngg-image-3\" class=\"ngg-gallery-thumbnail-box\" >\n\t\t\t\t        <div class=\"ngg-gallery-thumbnail\">\n            <a href=\"http:\/\/www.spaziotorino.it\/scatto\/wp-content\/gallery\/2022_06_02_repubblica\/pla_8506_edited.jpg\"\n               title=\"2 giugno, Festa della Repubblica\"\n               data-src=\"http:\/\/www.spaziotorino.it\/scatto\/wp-content\/gallery\/2022_06_02_repubblica\/pla_8506_edited.jpg\"\n               data-thumbnail=\"http:\/\/www.spaziotorino.it\/scatto\/wp-content\/gallery\/2022_06_02_repubblica\/thumbs\/thumbs_pla_8506_edited.jpg\"\n               data-image-id=\"26923\"\n               data-title=\"2 giugno, Festa della Repubblica\"\n               data-description=\"2 giugno, Festa della Repubblica\"\n               data-image-slug=\"pla_8506_edited\"\n               class=\"ngg-fancybox\" rel=\"06d10a8ab52ece70ef5e4206a99eb4a6\">\n                <img\n                    title=\"2 giugno, Festa della Repubblica\"\n                    alt=\"2 giugno, Festa della Repubblica\"\n                    src=\"http:\/\/www.spaziotorino.it\/scatto\/wp-content\/gallery\/2022_06_02_repubblica\/cache\/pla_8506_edited.jpg-nggid0526923-ngg0dyn-60x60x100-00f0w010c011r110f110r010t010.jpg\"\n                    width=\"60\"\n                    height=\"60\"\n                    style=\"max-width:100%;\"\n                \/>\n            <\/a>\n        <\/div>\n\t\t\t\t\t\t\t<\/div> \n\t\t\t\n        \n\t\t\t\t<div id=\"ngg-image-4\" class=\"ngg-gallery-thumbnail-box\" >\n\t\t\t\t        <div class=\"ngg-gallery-thumbnail\">\n            <a href=\"http:\/\/www.spaziotorino.it\/scatto\/wp-content\/gallery\/2022_06_02_repubblica\/pla_8528_edited.jpg\"\n               title=\"I Gonfaloni entrano in piazza\"\n               data-src=\"http:\/\/www.spaziotorino.it\/scatto\/wp-content\/gallery\/2022_06_02_repubblica\/pla_8528_edited.jpg\"\n               data-thumbnail=\"http:\/\/www.spaziotorino.it\/scatto\/wp-content\/gallery\/2022_06_02_repubblica\/thumbs\/thumbs_pla_8528_edited.jpg\"\n               data-image-id=\"26921\"\n               data-title=\"I Gonfaloni entrano in piazza\"\n               data-description=\"I Gonfaloni entrano in piazza\"\n               data-image-slug=\"pla_8528_edited\"\n               class=\"ngg-fancybox\" rel=\"06d10a8ab52ece70ef5e4206a99eb4a6\">\n                <img\n                    title=\"I Gonfaloni entrano in piazza\"\n                    alt=\"I Gonfaloni entrano in piazza\"\n                    src=\"http:\/\/www.spaziotorino.it\/scatto\/wp-content\/gallery\/2022_06_02_repubblica\/cache\/pla_8528_edited.jpg-nggid0526921-ngg0dyn-60x60x100-00f0w010c011r110f110r010t010.jpg\"\n                    width=\"60\"\n                    height=\"60\"\n                    style=\"max-width:100%;\"\n                \/>\n            <\/a>\n        <\/div>\n\t\t\t\t\t\t\t<\/div> \n\t\t\t\n        \n\t\t\t\t<div id=\"ngg-image-5\" class=\"ngg-gallery-thumbnail-box\" >\n\t\t\t\t        <div class=\"ngg-gallery-thumbnail\">\n            <a href=\"http:\/\/www.spaziotorino.it\/scatto\/wp-content\/gallery\/2022_06_02_repubblica\/pla_8492_edited.jpg\"\n               title=\"2 giugno, Festa della Repubblica\"\n               data-src=\"http:\/\/www.spaziotorino.it\/scatto\/wp-content\/gallery\/2022_06_02_repubblica\/pla_8492_edited.jpg\"\n               data-thumbnail=\"http:\/\/www.spaziotorino.it\/scatto\/wp-content\/gallery\/2022_06_02_repubblica\/thumbs\/thumbs_pla_8492_edited.jpg\"\n               data-image-id=\"26919\"\n               data-title=\"2 giugno, Festa della Repubblica\"\n               data-description=\"2 giugno, Festa della Repubblica\"\n               data-image-slug=\"pla_8492_edited\"\n               class=\"ngg-fancybox\" rel=\"06d10a8ab52ece70ef5e4206a99eb4a6\">\n                <img\n                    title=\"2 giugno, Festa della Repubblica\"\n                    alt=\"2 giugno, Festa della Repubblica\"\n                    src=\"http:\/\/www.spaziotorino.it\/scatto\/wp-content\/gallery\/2022_06_02_repubblica\/cache\/pla_8492_edited.jpg-nggid0526919-ngg0dyn-60x60x100-00f0w010c011r110f110r010t010.jpg\"\n                    width=\"60\"\n                    height=\"60\"\n                    style=\"max-width:100%;\"\n                \/>\n            <\/a>\n        <\/div>\n\t\t\t\t\t\t\t<\/div> \n\t\t\t\n        \n\t\t\t\t<div id=\"ngg-image-6\" class=\"ngg-gallery-thumbnail-box\" >\n\t\t\t\t        <div class=\"ngg-gallery-thumbnail\">\n            <a href=\"http:\/\/www.spaziotorino.it\/scatto\/wp-content\/gallery\/2022_06_02_repubblica\/pla_8553_edited.jpg\"\n               title=\"2 giugno, Festa della Repubblica\"\n               data-src=\"http:\/\/www.spaziotorino.it\/scatto\/wp-content\/gallery\/2022_06_02_repubblica\/pla_8553_edited.jpg\"\n               data-thumbnail=\"http:\/\/www.spaziotorino.it\/scatto\/wp-content\/gallery\/2022_06_02_repubblica\/thumbs\/thumbs_pla_8553_edited.jpg\"\n               data-image-id=\"26922\"\n               data-title=\"2 giugno, Festa della Repubblica\"\n               data-description=\"2 giugno, Festa della Repubblica\"\n               data-image-slug=\"pla_8553_edited\"\n               class=\"ngg-fancybox\" rel=\"06d10a8ab52ece70ef5e4206a99eb4a6\">\n                <img\n                    title=\"2 giugno, Festa della Repubblica\"\n                    alt=\"2 giugno, Festa della Repubblica\"\n                    src=\"http:\/\/www.spaziotorino.it\/scatto\/wp-content\/gallery\/2022_06_02_repubblica\/cache\/pla_8553_edited.jpg-nggid0526922-ngg0dyn-60x60x100-00f0w010c011r110f110r010t010.jpg\"\n                    width=\"60\"\n                    height=\"60\"\n                    style=\"max-width:100%;\"\n                \/>\n            <\/a>\n        <\/div>\n\t\t\t\t\t\t\t<\/div> \n\t\t\t\n        \n\t\t\t\t<div id=\"ngg-image-7\" class=\"ngg-gallery-thumbnail-box\" >\n\t\t\t\t        <div class=\"ngg-gallery-thumbnail\">\n            <a href=\"http:\/\/www.spaziotorino.it\/scatto\/wp-content\/gallery\/2022_06_02_repubblica\/pla_8549_edited.jpg\"\n               title=\"Il Tricolore\"\n               data-src=\"http:\/\/www.spaziotorino.it\/scatto\/wp-content\/gallery\/2022_06_02_repubblica\/pla_8549_edited.jpg\"\n               data-thumbnail=\"http:\/\/www.spaziotorino.it\/scatto\/wp-content\/gallery\/2022_06_02_repubblica\/thumbs\/thumbs_pla_8549_edited.jpg\"\n               data-image-id=\"26924\"\n               data-title=\"Il Tricolore\"\n               data-description=\"Il Tricolore\"\n               data-image-slug=\"pla_8549_edited\"\n               class=\"ngg-fancybox\" rel=\"06d10a8ab52ece70ef5e4206a99eb4a6\">\n                <img\n                    title=\"Il Tricolore\"\n                    alt=\"Il Tricolore\"\n                    src=\"http:\/\/www.spaziotorino.it\/scatto\/wp-content\/gallery\/2022_06_02_repubblica\/cache\/pla_8549_edited.jpg-nggid0526924-ngg0dyn-60x60x100-00f0w010c011r110f110r010t010.jpg\"\n                    width=\"60\"\n                    height=\"60\"\n                    style=\"max-width:100%;\"\n                \/>\n            <\/a>\n        <\/div>\n\t\t\t\t\t\t\t<\/div> \n\t\t\t\n        \n\t\t\t\t<div id=\"ngg-image-8\" class=\"ngg-gallery-thumbnail-box\" >\n\t\t\t\t        <div class=\"ngg-gallery-thumbnail\">\n            <a href=\"http:\/\/www.spaziotorino.it\/scatto\/wp-content\/gallery\/2022_06_02_repubblica\/pla_8567_edited.jpg\"\n               title=\"Cerimonia dell&#039;Alza Bandiera\"\n               data-src=\"http:\/\/www.spaziotorino.it\/scatto\/wp-content\/gallery\/2022_06_02_repubblica\/pla_8567_edited.jpg\"\n               data-thumbnail=\"http:\/\/www.spaziotorino.it\/scatto\/wp-content\/gallery\/2022_06_02_repubblica\/thumbs\/thumbs_pla_8567_edited.jpg\"\n               data-image-id=\"26927\"\n               data-title=\"Cerimonia dell&#039;Alza Bandiera\"\n               data-description=\"Cerimonia dell&#039;Alza Bandiera\"\n               data-image-slug=\"pla_8567_edited\"\n               class=\"ngg-fancybox\" rel=\"06d10a8ab52ece70ef5e4206a99eb4a6\">\n                <img\n                    title=\"Cerimonia dell&#039;Alza Bandiera\"\n                    alt=\"Cerimonia dell&#039;Alza Bandiera\"\n                    src=\"http:\/\/www.spaziotorino.it\/scatto\/wp-content\/gallery\/2022_06_02_repubblica\/cache\/pla_8567_edited.jpg-nggid0526927-ngg0dyn-60x60x100-00f0w010c011r110f110r010t010.jpg\"\n                    width=\"60\"\n                    height=\"60\"\n                    style=\"max-width:100%;\"\n                \/>\n            <\/a>\n        <\/div>\n\t\t\t\t\t\t\t<\/div> \n\t\t\t\n        \n\t\t\t\t<div id=\"ngg-image-9\" class=\"ngg-gallery-thumbnail-box\" >\n\t\t\t\t        <div class=\"ngg-gallery-thumbnail\">\n            <a href=\"http:\/\/www.spaziotorino.it\/scatto\/wp-content\/gallery\/2022_06_02_repubblica\/pla_8576_edited.jpg\"\n               title=\"2 giugno, Festa della Repubblica\"\n               data-src=\"http:\/\/www.spaziotorino.it\/scatto\/wp-content\/gallery\/2022_06_02_repubblica\/pla_8576_edited.jpg\"\n               data-thumbnail=\"http:\/\/www.spaziotorino.it\/scatto\/wp-content\/gallery\/2022_06_02_repubblica\/thumbs\/thumbs_pla_8576_edited.jpg\"\n               data-image-id=\"26930\"\n               data-title=\"2 giugno, Festa della Repubblica\"\n               data-description=\"2 giugno, Festa della Repubblica\"\n               data-image-slug=\"pla_8576_edited\"\n               class=\"ngg-fancybox\" rel=\"06d10a8ab52ece70ef5e4206a99eb4a6\">\n                <img\n                    title=\"2 giugno, Festa della Repubblica\"\n                    alt=\"2 giugno, Festa della Repubblica\"\n                    src=\"http:\/\/www.spaziotorino.it\/scatto\/wp-content\/gallery\/2022_06_02_repubblica\/cache\/pla_8576_edited.jpg-nggid0526930-ngg0dyn-60x60x100-00f0w010c011r110f110r010t010.jpg\"\n                    width=\"60\"\n                    height=\"60\"\n                    style=\"max-width:100%;\"\n                \/>\n            <\/a>\n        <\/div>\n\t\t\t\t\t\t\t<\/div> \n\t\t\t\n        \n\t\t\t\t<div id=\"ngg-image-10\" class=\"ngg-gallery-thumbnail-box\" >\n\t\t\t\t        <div class=\"ngg-gallery-thumbnail\">\n            <a href=\"http:\/\/www.spaziotorino.it\/scatto\/wp-content\/gallery\/2022_06_02_repubblica\/pla_8599_edited.jpg\"\n               title=\"Cerimonia dell&#039;Alza Bandiera\"\n               data-src=\"http:\/\/www.spaziotorino.it\/scatto\/wp-content\/gallery\/2022_06_02_repubblica\/pla_8599_edited.jpg\"\n               data-thumbnail=\"http:\/\/www.spaziotorino.it\/scatto\/wp-content\/gallery\/2022_06_02_repubblica\/thumbs\/thumbs_pla_8599_edited.jpg\"\n               data-image-id=\"26925\"\n               data-title=\"Cerimonia dell&#039;Alza Bandiera\"\n               data-description=\"Cerimonia dell&#039;Alza Bandiera\"\n               data-image-slug=\"pla_8599_edited\"\n               class=\"ngg-fancybox\" rel=\"06d10a8ab52ece70ef5e4206a99eb4a6\">\n                <img\n                    title=\"Cerimonia dell&#039;Alza Bandiera\"\n                    alt=\"Cerimonia dell&#039;Alza Bandiera\"\n                    src=\"http:\/\/www.spaziotorino.it\/scatto\/wp-content\/gallery\/2022_06_02_repubblica\/cache\/pla_8599_edited.jpg-nggid0526925-ngg0dyn-60x60x100-00f0w010c011r110f110r010t010.jpg\"\n                    width=\"60\"\n                    height=\"60\"\n                    style=\"max-width:100%;\"\n                \/>\n            <\/a>\n        <\/div>\n\t\t\t\t\t\t\t<\/div> \n\t\t\t\n        \n\t\t\t\t<div id=\"ngg-image-11\" class=\"ngg-gallery-thumbnail-box\" >\n\t\t\t\t        <div class=\"ngg-gallery-thumbnail\">\n            <a href=\"http:\/\/www.spaziotorino.it\/scatto\/wp-content\/gallery\/2022_06_02_repubblica\/pla_8639_edited.jpg\"\n               title=\"Cerimonia dell&#039;Alza Bandiera\"\n               data-src=\"http:\/\/www.spaziotorino.it\/scatto\/wp-content\/gallery\/2022_06_02_repubblica\/pla_8639_edited.jpg\"\n               data-thumbnail=\"http:\/\/www.spaziotorino.it\/scatto\/wp-content\/gallery\/2022_06_02_repubblica\/thumbs\/thumbs_pla_8639_edited.jpg\"\n               data-image-id=\"26933\"\n               data-title=\"Cerimonia dell&#039;Alza Bandiera\"\n               data-description=\"Cerimonia dell&#039;Alza Bandiera\"\n               data-image-slug=\"pla_8639_edited\"\n               class=\"ngg-fancybox\" rel=\"06d10a8ab52ece70ef5e4206a99eb4a6\">\n                <img\n                    title=\"Cerimonia dell&#039;Alza Bandiera\"\n                    alt=\"Cerimonia dell&#039;Alza Bandiera\"\n                    src=\"http:\/\/www.spaziotorino.it\/scatto\/wp-content\/gallery\/2022_06_02_repubblica\/cache\/pla_8639_edited.jpg-nggid0526933-ngg0dyn-60x60x100-00f0w010c011r110f110r010t010.jpg\"\n                    width=\"60\"\n                    height=\"60\"\n                    style=\"max-width:100%;\"\n                \/>\n            <\/a>\n        <\/div>\n\t\t\t\t\t\t\t<\/div> \n\t\t\t\n        \n\t\t\t\t<div id=\"ngg-image-12\" class=\"ngg-gallery-thumbnail-box\" >\n\t\t\t\t        <div class=\"ngg-gallery-thumbnail\">\n            <a href=\"http:\/\/www.spaziotorino.it\/scatto\/wp-content\/gallery\/2022_06_02_repubblica\/pla_8632_edited.jpg\"\n               title=\"2 giugno, Festa della Repubblica\"\n               data-src=\"http:\/\/www.spaziotorino.it\/scatto\/wp-content\/gallery\/2022_06_02_repubblica\/pla_8632_edited.jpg\"\n               data-thumbnail=\"http:\/\/www.spaziotorino.it\/scatto\/wp-content\/gallery\/2022_06_02_repubblica\/thumbs\/thumbs_pla_8632_edited.jpg\"\n               data-image-id=\"26932\"\n               data-title=\"2 giugno, Festa della Repubblica\"\n               data-description=\"2 giugno, Festa della Repubblica\"\n               data-image-slug=\"pla_8632_edited\"\n               class=\"ngg-fancybox\" rel=\"06d10a8ab52ece70ef5e4206a99eb4a6\">\n                <img\n                    title=\"2 giugno, Festa della Repubblica\"\n                    alt=\"2 giugno, Festa della Repubblica\"\n                    src=\"http:\/\/www.spaziotorino.it\/scatto\/wp-content\/gallery\/2022_06_02_repubblica\/cache\/pla_8632_edited.jpg-nggid0526932-ngg0dyn-60x60x100-00f0w010c011r110f110r010t010.jpg\"\n                    width=\"60\"\n                    height=\"60\"\n                    style=\"max-width:100%;\"\n                \/>\n            <\/a>\n        <\/div>\n\t\t\t\t\t\t\t<\/div> \n\t\t\t\n        \n\t\t\t\t<div id=\"ngg-image-13\" class=\"ngg-gallery-thumbnail-box\" >\n\t\t\t\t        <div class=\"ngg-gallery-thumbnail\">\n            <a href=\"http:\/\/www.spaziotorino.it\/scatto\/wp-content\/gallery\/2022_06_02_repubblica\/pla_8642_edited.jpg\"\n               title=\"2 giugno, Festa della Repubblica\"\n               data-src=\"http:\/\/www.spaziotorino.it\/scatto\/wp-content\/gallery\/2022_06_02_repubblica\/pla_8642_edited.jpg\"\n               data-thumbnail=\"http:\/\/www.spaziotorino.it\/scatto\/wp-content\/gallery\/2022_06_02_repubblica\/thumbs\/thumbs_pla_8642_edited.jpg\"\n               data-image-id=\"26931\"\n               data-title=\"2 giugno, Festa della Repubblica\"\n               data-description=\"2 giugno, Festa della Repubblica\"\n               data-image-slug=\"pla_8642_edited\"\n               class=\"ngg-fancybox\" rel=\"06d10a8ab52ece70ef5e4206a99eb4a6\">\n                <img\n                    title=\"2 giugno, Festa della Repubblica\"\n                    alt=\"2 giugno, Festa della Repubblica\"\n                    src=\"http:\/\/www.spaziotorino.it\/scatto\/wp-content\/gallery\/2022_06_02_repubblica\/cache\/pla_8642_edited.jpg-nggid0526931-ngg0dyn-60x60x100-00f0w010c011r110f110r010t010.jpg\"\n                    width=\"60\"\n                    height=\"60\"\n                    style=\"max-width:100%;\"\n                \/>\n            <\/a>\n        <\/div>\n\t\t\t\t\t\t\t<\/div> \n\t\t\t\n        \n\t\t\n\t\t<!-- Pagination -->\n\t<div class='ngg-clear'><\/div>\t<\/div>\n\n<p>Si celebra oggi \u00e8 il 76\u00b0 anniversario della Repubblica. Sono trascorsi settantasei anni dal voto referendario con cui il popolo italiano sceglieva la Repubblica, inaugurando cos\u00ec una nuova pagina della nostra storia.<br \/>\nIn piazza Castello si \u00e8 svolta la cerimonia dell&#8217;Alza Bandiera alla presenza delle Istituzioni, Autorit\u00e0 civili e miliari (Comune, Citt\u00e0 Metropolitana, Regione Piemonte, Prefettura e Questura).<\/p>\n<p>Presenti cinque plotoni cos\u00ec composti: Ufficiali frequentanti la Scuola di Applicazione dell\u2019Esercito, Brigata Alpina Taurinense, Carabinieri, Guardia di Finanza e un plotone misto di Polizia di Stato, Corpo Polizia Penitenziaria e Corpo Forestale dello Stato.<\/p>\n<p>L\u2019inno \u00e8 stato eseguito dalla Banda Musicale del Corpo di Polizia Municipale.<br \/>\nL\u2019Ammainabandiera \u00e8 in programma alle ore 18.<\/p>\n","protected":false},"excerpt":{"rendered":"<p>Si celebra oggi \u00e8 il 76\u00b0 anniversario della Repubblica. Sono trascorsi settantasei anni dal voto referendario con cui il popolo italiano sceglieva la Repubblica, inaugurando cos\u00ec una nuova pagina della nostra storia. In piazza Castello si \u00e8 svolta la cerimonia dell&#8217;Alza Bandiera alla presenza delle Istituzioni, Autorit\u00e0 civili e miliari (Comune, Citt\u00e0 Metropolitana, Regione Piemonte, [&hellip;]<\/p>\n","protected":false},"author":1,"featured_media":0,"comment_status":"closed","ping_status":"open","sticky":false,"template":"","format":"standard","meta":{"ngg_post_thumbnail":0},"categories":[1,41,895],"tags":[],"_links":{"self":[{"href":"http:\/\/www.spaziotorino.it\/scatto\/index.php?rest_route=\/wp\/v2\/posts\/42492"}],"collection":[{"href":"http:\/\/www.spaziotorino.it\/scatto\/index.php?rest_route=\/wp\/v2\/posts"}],"about":[{"href":"http:\/\/www.spaziotorino.it\/scatto\/index.php?rest_route=\/wp\/v2\/types\/post"}],"author":[{"embeddable":true,"href":"http:\/\/www.spaziotorino.it\/scatto\/index.php?rest_route=\/wp\/v2\/users\/1"}],"replies":[{"embeddable":true,"href":"http:\/\/www.spaziotorino.it\/scatto\/index.php?rest_route=%2Fwp%2Fv2%2Fcomments&post=42492"}],"version-history":[{"count":2,"href":"http:\/\/www.spaziotorino.it\/scatto\/index.php?rest_route=\/wp\/v2\/posts\/42492\/revisions"}],"predecessor-version":[{"id":42494,"href":"http:\/\/www.spaziotorino.it\/scatto\/index.php?rest_route=\/wp\/v2\/posts\/42492\/revisions\/42494"}],"wp:attachment":[{"href":"http:\/\/www.spaziotorino.it\/scatto\/index.php?rest_route=%2Fwp%2Fv2%2Fmedia&parent=42492"}],"wp:term":[{"taxonomy":"category","embeddable":true,"href":"http:\/\/www.spaziotorino.it\/scatto\/index.php?rest_route=%2Fwp%2Fv2%2Fcategories&post=42492"},{"taxonomy":"post_tag","embeddable":true,"href":"http:\/\/www.spaziotorino.it\/scatto\/index.php?rest_route=%2Fwp%2Fv2%2Ftags&post=42492"}],"curies":[{"name":"wp","href":"https:\/\/api.w.org\/{rel}","templated":true}]}}