{"id":42532,"date":"2022-06-14T21:28:55","date_gmt":"2022-06-14T20:28:55","guid":{"rendered":"http:\/\/www.spaziotorino.it\/scatto\/?p=42532"},"modified":"2022-06-15T09:46:06","modified_gmt":"2022-06-15T08:46:06","slug":"di-rame-cera-ferro-glicini-e-ghiaccio-al-pav-parco-arte-vivente","status":"publish","type":"post","link":"http:\/\/www.spaziotorino.it\/scatto\/?p=42532","title":{"rendered":"Di rame, cera, ferro, glicini e ghiaccio al PAV Parco Arte Vivente"},"content":{"rendered":"<p><a class=\"ngg-fancybox\" title=\"Elena Mazzi - Di rame, cera, ferro, glicini e ghiaccio al PAV Parco Arte Vivente\" href=\"http:\/\/www.spaziotorino.it\/scatto\/wp-content\/gallery\/2022_06_14_pav\/pla_0123.jpg\" rel=\"lightbox[set_1781]\"><br \/>\n<img decoding=\"async\" loading=\"lazy\" class=\"ngg-singlepic\" title=\"Elena Mazzi - Di rame, cera, ferro, glicini e ghiaccio al PAV Parco Arte Vivente\" src=\"http:\/\/www.spaziotorino.it\/scatto\/wp-content\/gallery\/2022_06_14_pav\/pla_0123.jpg\" alt=\"\" width=\"540\" height=\"360\"\/><\/a><\/p>\n<!-- index.php -->\n<div\n\tclass=\"ngg-galleryoverview ngg-ajax-pagination-none\"\n\tid=\"ngg-gallery-c74668b40adcc54ef55ac161e22db5fd-1\">\n\n    \t\t<!-- Thumbnails -->\n\t\t\t\t<div id=\"ngg-image-0\" class=\"ngg-gallery-thumbnail-box\" >\n\t\t\t\t        <div class=\"ngg-gallery-thumbnail\">\n            <a href=\"http:\/\/www.spaziotorino.it\/scatto\/wp-content\/gallery\/2022_06_14_pav\/pla_0285.jpg\"\n               title=\"PAV -  Parco Arte Vivente\"\n               data-src=\"http:\/\/www.spaziotorino.it\/scatto\/wp-content\/gallery\/2022_06_14_pav\/pla_0285.jpg\"\n               data-thumbnail=\"http:\/\/www.spaziotorino.it\/scatto\/wp-content\/gallery\/2022_06_14_pav\/thumbs\/thumbs_pla_0285.jpg\"\n               data-image-id=\"26962\"\n               data-title=\"PAV -  Parco Arte Vivente\"\n               data-description=\"PAV -  Parco Arte Vivente\"\n               data-image-slug=\"pla_0285\"\n               class=\"ngg-fancybox\" rel=\"c74668b40adcc54ef55ac161e22db5fd\">\n                <img\n                    title=\"PAV -  Parco Arte Vivente\"\n                    alt=\"PAV -  Parco Arte Vivente\"\n                    src=\"http:\/\/www.spaziotorino.it\/scatto\/wp-content\/gallery\/2022_06_14_pav\/cache\/pla_0285.jpg-nggid0526962-ngg0dyn-60x60x100-00f0w010c011r110f110r010t010.jpg\"\n                    width=\"60\"\n                    height=\"60\"\n                    style=\"max-width:100%;\"\n                \/>\n            <\/a>\n        <\/div>\n\t\t\t\t\t\t\t<\/div> \n\t\t\t\n        \n\t\t\t\t<div id=\"ngg-image-1\" class=\"ngg-gallery-thumbnail-box\" >\n\t\t\t\t        <div class=\"ngg-gallery-thumbnail\">\n            <a href=\"http:\/\/www.spaziotorino.it\/scatto\/wp-content\/gallery\/2022_06_14_pav\/pla_0074.jpg\"\n               title=\"PAV -  Parco Arte Vivente\"\n               data-src=\"http:\/\/www.spaziotorino.it\/scatto\/wp-content\/gallery\/2022_06_14_pav\/pla_0074.jpg\"\n               data-thumbnail=\"http:\/\/www.spaziotorino.it\/scatto\/wp-content\/gallery\/2022_06_14_pav\/thumbs\/thumbs_pla_0074.jpg\"\n               data-image-id=\"26950\"\n               data-title=\"PAV -  Parco Arte Vivente\"\n               data-description=\"PAV -  Parco Arte Vivente\"\n               data-image-slug=\"pla_0074\"\n               class=\"ngg-fancybox\" rel=\"c74668b40adcc54ef55ac161e22db5fd\">\n                <img\n                    title=\"PAV -  Parco Arte Vivente\"\n                    alt=\"PAV -  Parco Arte Vivente\"\n                    src=\"http:\/\/www.spaziotorino.it\/scatto\/wp-content\/gallery\/2022_06_14_pav\/cache\/pla_0074.jpg-nggid0526950-ngg0dyn-60x60x100-00f0w010c011r110f110r010t010.jpg\"\n                    width=\"60\"\n                    height=\"60\"\n                    style=\"max-width:100%;\"\n                \/>\n            <\/a>\n        <\/div>\n\t\t\t\t\t\t\t<\/div> \n\t\t\t\n        \n\t\t\t\t<div id=\"ngg-image-2\" class=\"ngg-gallery-thumbnail-box\" >\n\t\t\t\t        <div class=\"ngg-gallery-thumbnail\">\n            <a href=\"http:\/\/www.spaziotorino.it\/scatto\/wp-content\/gallery\/2022_06_14_pav\/pla_0108.jpg\"\n               title=\"Elena Mazzi, Enrico Carlo Bonanate e Piero Gilardi\"\n               data-src=\"http:\/\/www.spaziotorino.it\/scatto\/wp-content\/gallery\/2022_06_14_pav\/pla_0108.jpg\"\n               data-thumbnail=\"http:\/\/www.spaziotorino.it\/scatto\/wp-content\/gallery\/2022_06_14_pav\/thumbs\/thumbs_pla_0108.jpg\"\n               data-image-id=\"26949\"\n               data-title=\"Elena Mazzi, Enrico Carlo Bonanate e Piero Gilardi\"\n               data-description=\"Elena Mazzi, Enrico Carlo Bonanate e Piero Gilardi\"\n               data-image-slug=\"pla_0108-2\"\n               class=\"ngg-fancybox\" rel=\"c74668b40adcc54ef55ac161e22db5fd\">\n                <img\n                    title=\"Elena Mazzi, Enrico Carlo Bonanate e Piero Gilardi\"\n                    alt=\"Elena Mazzi, Enrico Carlo Bonanate e Piero Gilardi\"\n                    src=\"http:\/\/www.spaziotorino.it\/scatto\/wp-content\/gallery\/2022_06_14_pav\/cache\/pla_0108.jpg-nggid0526949-ngg0dyn-60x60x100-00f0w010c011r110f110r010t010.jpg\"\n                    width=\"60\"\n                    height=\"60\"\n                    style=\"max-width:100%;\"\n                \/>\n            <\/a>\n        <\/div>\n\t\t\t\t\t\t\t<\/div> \n\t\t\t\n        \n\t\t\t\t<div id=\"ngg-image-3\" class=\"ngg-gallery-thumbnail-box\" >\n\t\t\t\t        <div class=\"ngg-gallery-thumbnail\">\n            <a href=\"http:\/\/www.spaziotorino.it\/scatto\/wp-content\/gallery\/2022_06_14_pav\/pla_0230.jpg\"\n               title=\"Di rame, cera, ferro, glicini e ghiaccio - Elena Mazzi\"\n               data-src=\"http:\/\/www.spaziotorino.it\/scatto\/wp-content\/gallery\/2022_06_14_pav\/pla_0230.jpg\"\n               data-thumbnail=\"http:\/\/www.spaziotorino.it\/scatto\/wp-content\/gallery\/2022_06_14_pav\/thumbs\/thumbs_pla_0230.jpg\"\n               data-image-id=\"26965\"\n               data-title=\"Di rame, cera, ferro, glicini e ghiaccio - Elena Mazzi\"\n               data-description=\"Di rame, cera, ferro, glicini e ghiaccio - Elena Mazzi\"\n               data-image-slug=\"pla_0230-1\"\n               class=\"ngg-fancybox\" rel=\"c74668b40adcc54ef55ac161e22db5fd\">\n                <img\n                    title=\"Di rame, cera, ferro, glicini e ghiaccio - Elena Mazzi\"\n                    alt=\"Di rame, cera, ferro, glicini e ghiaccio - Elena Mazzi\"\n                    src=\"http:\/\/www.spaziotorino.it\/scatto\/wp-content\/gallery\/2022_06_14_pav\/cache\/pla_0230.jpg-nggid0526965-ngg0dyn-60x60x100-00f0w010c011r110f110r010t010.jpg\"\n                    width=\"60\"\n                    height=\"60\"\n                    style=\"max-width:100%;\"\n                \/>\n            <\/a>\n        <\/div>\n\t\t\t\t\t\t\t<\/div> \n\t\t\t\n        \n\t\t\t\t<div id=\"ngg-image-4\" class=\"ngg-gallery-thumbnail-box\" >\n\t\t\t\t        <div class=\"ngg-gallery-thumbnail\">\n            <a href=\"http:\/\/www.spaziotorino.it\/scatto\/wp-content\/gallery\/2022_06_14_pav\/pla_0190.jpg\"\n               title=\"PAV -  Parco Arte Vivente\"\n               data-src=\"http:\/\/www.spaziotorino.it\/scatto\/wp-content\/gallery\/2022_06_14_pav\/pla_0190.jpg\"\n               data-thumbnail=\"http:\/\/www.spaziotorino.it\/scatto\/wp-content\/gallery\/2022_06_14_pav\/thumbs\/thumbs_pla_0190.jpg\"\n               data-image-id=\"26959\"\n               data-title=\"PAV -  Parco Arte Vivente\"\n               data-description=\"PAV -  Parco Arte Vivente\"\n               data-image-slug=\"pla_0190\"\n               class=\"ngg-fancybox\" rel=\"c74668b40adcc54ef55ac161e22db5fd\">\n                <img\n                    title=\"PAV -  Parco Arte Vivente\"\n                    alt=\"PAV -  Parco Arte Vivente\"\n                    src=\"http:\/\/www.spaziotorino.it\/scatto\/wp-content\/gallery\/2022_06_14_pav\/cache\/pla_0190.jpg-nggid0526959-ngg0dyn-60x60x100-00f0w010c011r110f110r010t010.jpg\"\n                    width=\"60\"\n                    height=\"60\"\n                    style=\"max-width:100%;\"\n                \/>\n            <\/a>\n        <\/div>\n\t\t\t\t\t\t\t<\/div> \n\t\t\t\n        \n\t\t\t\t<div id=\"ngg-image-5\" class=\"ngg-gallery-thumbnail-box\" >\n\t\t\t\t        <div class=\"ngg-gallery-thumbnail\">\n            <a href=\"http:\/\/www.spaziotorino.it\/scatto\/wp-content\/gallery\/2022_06_14_pav\/pla_0140.jpg\"\n               title=\"PAV -  Parco Arte Vivente\"\n               data-src=\"http:\/\/www.spaziotorino.it\/scatto\/wp-content\/gallery\/2022_06_14_pav\/pla_0140.jpg\"\n               data-thumbnail=\"http:\/\/www.spaziotorino.it\/scatto\/wp-content\/gallery\/2022_06_14_pav\/thumbs\/thumbs_pla_0140.jpg\"\n               data-image-id=\"26952\"\n               data-title=\"PAV -  Parco Arte Vivente\"\n               data-description=\"PAV -  Parco Arte Vivente\"\n               data-image-slug=\"pla_0140\"\n               class=\"ngg-fancybox\" rel=\"c74668b40adcc54ef55ac161e22db5fd\">\n                <img\n                    title=\"PAV -  Parco Arte Vivente\"\n                    alt=\"PAV -  Parco Arte Vivente\"\n                    src=\"http:\/\/www.spaziotorino.it\/scatto\/wp-content\/gallery\/2022_06_14_pav\/cache\/pla_0140.jpg-nggid0526952-ngg0dyn-60x60x100-00f0w010c011r110f110r010t010.jpg\"\n                    width=\"60\"\n                    height=\"60\"\n                    style=\"max-width:100%;\"\n                \/>\n            <\/a>\n        <\/div>\n\t\t\t\t\t\t\t<\/div> \n\t\t\t\n        \n\t\t\t\t<div id=\"ngg-image-6\" class=\"ngg-gallery-thumbnail-box\" >\n\t\t\t\t        <div class=\"ngg-gallery-thumbnail\">\n            <a href=\"http:\/\/www.spaziotorino.it\/scatto\/wp-content\/gallery\/2022_06_14_pav\/pla_0238.jpg\"\n               title=\"Di rame, cera, ferro, glicini e ghiaccio - Elena Mazzi\"\n               data-src=\"http:\/\/www.spaziotorino.it\/scatto\/wp-content\/gallery\/2022_06_14_pav\/pla_0238.jpg\"\n               data-thumbnail=\"http:\/\/www.spaziotorino.it\/scatto\/wp-content\/gallery\/2022_06_14_pav\/thumbs\/thumbs_pla_0238.jpg\"\n               data-image-id=\"26961\"\n               data-title=\"Di rame, cera, ferro, glicini e ghiaccio - Elena Mazzi\"\n               data-description=\"Di rame, cera, ferro, glicini e ghiaccio - Elena Mazzi\"\n               data-image-slug=\"pla_0238\"\n               class=\"ngg-fancybox\" rel=\"c74668b40adcc54ef55ac161e22db5fd\">\n                <img\n                    title=\"Di rame, cera, ferro, glicini e ghiaccio - Elena Mazzi\"\n                    alt=\"Di rame, cera, ferro, glicini e ghiaccio - Elena Mazzi\"\n                    src=\"http:\/\/www.spaziotorino.it\/scatto\/wp-content\/gallery\/2022_06_14_pav\/cache\/pla_0238.jpg-nggid0526961-ngg0dyn-60x60x100-00f0w010c011r110f110r010t010.jpg\"\n                    width=\"60\"\n                    height=\"60\"\n                    style=\"max-width:100%;\"\n                \/>\n            <\/a>\n        <\/div>\n\t\t\t\t\t\t\t<\/div> \n\t\t\t\n        \n\t\t\t\t<div id=\"ngg-image-7\" class=\"ngg-gallery-thumbnail-box\" >\n\t\t\t\t        <div class=\"ngg-gallery-thumbnail\">\n            <a href=\"http:\/\/www.spaziotorino.it\/scatto\/wp-content\/gallery\/2022_06_14_pav\/pla_0145.jpg\"\n               title=\"Di rame, cera, ferro, glicini e ghiaccio - Elena Mazzi\"\n               data-src=\"http:\/\/www.spaziotorino.it\/scatto\/wp-content\/gallery\/2022_06_14_pav\/pla_0145.jpg\"\n               data-thumbnail=\"http:\/\/www.spaziotorino.it\/scatto\/wp-content\/gallery\/2022_06_14_pav\/thumbs\/thumbs_pla_0145.jpg\"\n               data-image-id=\"26955\"\n               data-title=\"Di rame, cera, ferro, glicini e ghiaccio - Elena Mazzi\"\n               data-description=\"Di rame, cera, ferro, glicini e ghiaccio - Elena Mazzi\"\n               data-image-slug=\"pla_0145\"\n               class=\"ngg-fancybox\" rel=\"c74668b40adcc54ef55ac161e22db5fd\">\n                <img\n                    title=\"Di rame, cera, ferro, glicini e ghiaccio - Elena Mazzi\"\n                    alt=\"Di rame, cera, ferro, glicini e ghiaccio - Elena Mazzi\"\n                    src=\"http:\/\/www.spaziotorino.it\/scatto\/wp-content\/gallery\/2022_06_14_pav\/cache\/pla_0145.jpg-nggid0526955-ngg0dyn-60x60x100-00f0w010c011r110f110r010t010.jpg\"\n                    width=\"60\"\n                    height=\"60\"\n                    style=\"max-width:100%;\"\n                \/>\n            <\/a>\n        <\/div>\n\t\t\t\t\t\t\t<\/div> \n\t\t\t\n        \n\t\t\t\t<div id=\"ngg-image-8\" class=\"ngg-gallery-thumbnail-box\" >\n\t\t\t\t        <div class=\"ngg-gallery-thumbnail\">\n            <a href=\"http:\/\/www.spaziotorino.it\/scatto\/wp-content\/gallery\/2022_06_14_pav\/pla_0232.jpg\"\n               title=\"Di rame, cera, ferro, glicini e ghiaccio - Elena Mazzi\"\n               data-src=\"http:\/\/www.spaziotorino.it\/scatto\/wp-content\/gallery\/2022_06_14_pav\/pla_0232.jpg\"\n               data-thumbnail=\"http:\/\/www.spaziotorino.it\/scatto\/wp-content\/gallery\/2022_06_14_pav\/thumbs\/thumbs_pla_0232.jpg\"\n               data-image-id=\"26963\"\n               data-title=\"Di rame, cera, ferro, glicini e ghiaccio - Elena Mazzi\"\n               data-description=\"Di rame, cera, ferro, glicini e ghiaccio - Elena Mazzi\"\n               data-image-slug=\"pla_0232-2\"\n               class=\"ngg-fancybox\" rel=\"c74668b40adcc54ef55ac161e22db5fd\">\n                <img\n                    title=\"Di rame, cera, ferro, glicini e ghiaccio - Elena Mazzi\"\n                    alt=\"Di rame, cera, ferro, glicini e ghiaccio - Elena Mazzi\"\n                    src=\"http:\/\/www.spaziotorino.it\/scatto\/wp-content\/gallery\/2022_06_14_pav\/cache\/pla_0232.jpg-nggid0526963-ngg0dyn-60x60x100-00f0w010c011r110f110r010t010.jpg\"\n                    width=\"60\"\n                    height=\"60\"\n                    style=\"max-width:100%;\"\n                \/>\n            <\/a>\n        <\/div>\n\t\t\t\t\t\t\t<\/div> \n\t\t\t\n        \n\t\t\t\t<div id=\"ngg-image-9\" class=\"ngg-gallery-thumbnail-box\" >\n\t\t\t\t        <div class=\"ngg-gallery-thumbnail\">\n            <a href=\"http:\/\/www.spaziotorino.it\/scatto\/wp-content\/gallery\/2022_06_14_pav\/pla_0077.jpg\"\n               title=\"PAV -  Parco Arte Vivente\"\n               data-src=\"http:\/\/www.spaziotorino.it\/scatto\/wp-content\/gallery\/2022_06_14_pav\/pla_0077.jpg\"\n               data-thumbnail=\"http:\/\/www.spaziotorino.it\/scatto\/wp-content\/gallery\/2022_06_14_pav\/thumbs\/thumbs_pla_0077.jpg\"\n               data-image-id=\"26953\"\n               data-title=\"PAV -  Parco Arte Vivente\"\n               data-description=\"PAV -  Parco Arte Vivente\"\n               data-image-slug=\"pla_0077\"\n               class=\"ngg-fancybox\" rel=\"c74668b40adcc54ef55ac161e22db5fd\">\n                <img\n                    title=\"PAV -  Parco Arte Vivente\"\n                    alt=\"PAV -  Parco Arte Vivente\"\n                    src=\"http:\/\/www.spaziotorino.it\/scatto\/wp-content\/gallery\/2022_06_14_pav\/cache\/pla_0077.jpg-nggid0526953-ngg0dyn-60x60x100-00f0w010c011r110f110r010t010.jpg\"\n                    width=\"60\"\n                    height=\"60\"\n                    style=\"max-width:100%;\"\n                \/>\n            <\/a>\n        <\/div>\n\t\t\t\t\t\t\t<\/div> \n\t\t\t\n        \n\t\t\t\t<div id=\"ngg-image-10\" class=\"ngg-gallery-thumbnail-box\" >\n\t\t\t\t        <div class=\"ngg-gallery-thumbnail\">\n            <a href=\"http:\/\/www.spaziotorino.it\/scatto\/wp-content\/gallery\/2022_06_14_pav\/pla_0186.jpg\"\n               title=\"PAV -  Parco Arte Vivente\"\n               data-src=\"http:\/\/www.spaziotorino.it\/scatto\/wp-content\/gallery\/2022_06_14_pav\/pla_0186.jpg\"\n               data-thumbnail=\"http:\/\/www.spaziotorino.it\/scatto\/wp-content\/gallery\/2022_06_14_pav\/thumbs\/thumbs_pla_0186.jpg\"\n               data-image-id=\"26954\"\n               data-title=\"PAV -  Parco Arte Vivente\"\n               data-description=\"PAV -  Parco Arte Vivente\"\n               data-image-slug=\"pla_0186-1\"\n               class=\"ngg-fancybox\" rel=\"c74668b40adcc54ef55ac161e22db5fd\">\n                <img\n                    title=\"PAV -  Parco Arte Vivente\"\n                    alt=\"PAV -  Parco Arte Vivente\"\n                    src=\"http:\/\/www.spaziotorino.it\/scatto\/wp-content\/gallery\/2022_06_14_pav\/cache\/pla_0186.jpg-nggid0526954-ngg0dyn-60x60x100-00f0w010c011r110f110r010t010.jpg\"\n                    width=\"60\"\n                    height=\"60\"\n                    style=\"max-width:100%;\"\n                \/>\n            <\/a>\n        <\/div>\n\t\t\t\t\t\t\t<\/div> \n\t\t\t\n        \n\t\t\t\t<div id=\"ngg-image-11\" class=\"ngg-gallery-thumbnail-box\" >\n\t\t\t\t        <div class=\"ngg-gallery-thumbnail\">\n            <a href=\"http:\/\/www.spaziotorino.it\/scatto\/wp-content\/gallery\/2022_06_14_pav\/pla_0155.jpg\"\n               title=\"L&#039;Assessora alla Cultura Purchia in visita al PAV\"\n               data-src=\"http:\/\/www.spaziotorino.it\/scatto\/wp-content\/gallery\/2022_06_14_pav\/pla_0155.jpg\"\n               data-thumbnail=\"http:\/\/www.spaziotorino.it\/scatto\/wp-content\/gallery\/2022_06_14_pav\/thumbs\/thumbs_pla_0155.jpg\"\n               data-image-id=\"26956\"\n               data-title=\"L&#039;Assessora alla Cultura Purchia in visita al PAV\"\n               data-description=\"L&#039;Assessora alla Cultura Purchia in visita al PAV\"\n               data-image-slug=\"pla_0155-1\"\n               class=\"ngg-fancybox\" rel=\"c74668b40adcc54ef55ac161e22db5fd\">\n                <img\n                    title=\"L&#039;Assessora alla Cultura Purchia in visita al PAV\"\n                    alt=\"L&#039;Assessora alla Cultura Purchia in visita al PAV\"\n                    src=\"http:\/\/www.spaziotorino.it\/scatto\/wp-content\/gallery\/2022_06_14_pav\/cache\/pla_0155.jpg-nggid0526956-ngg0dyn-60x60x100-00f0w010c011r110f110r010t010.jpg\"\n                    width=\"60\"\n                    height=\"60\"\n                    style=\"max-width:100%;\"\n                \/>\n            <\/a>\n        <\/div>\n\t\t\t\t\t\t\t<\/div> \n\t\t\t\n        \n\t\t\t\t<div id=\"ngg-image-12\" class=\"ngg-gallery-thumbnail-box\" >\n\t\t\t\t        <div class=\"ngg-gallery-thumbnail\">\n            <a href=\"http:\/\/www.spaziotorino.it\/scatto\/wp-content\/gallery\/2022_06_14_pav\/pla_0165.jpg\"\n               title=\"Il Direttore del PAV, Enrico Carlo Bonanate\"\n               data-src=\"http:\/\/www.spaziotorino.it\/scatto\/wp-content\/gallery\/2022_06_14_pav\/pla_0165.jpg\"\n               data-thumbnail=\"http:\/\/www.spaziotorino.it\/scatto\/wp-content\/gallery\/2022_06_14_pav\/thumbs\/thumbs_pla_0165.jpg\"\n               data-image-id=\"26957\"\n               data-title=\"Il Direttore del PAV, Enrico Carlo Bonanate\"\n               data-description=\"Il Direttore del PAV, Enrico Carlo Bonanate\"\n               data-image-slug=\"pla_0165\"\n               class=\"ngg-fancybox\" rel=\"c74668b40adcc54ef55ac161e22db5fd\">\n                <img\n                    title=\"Il Direttore del PAV, Enrico Carlo Bonanate\"\n                    alt=\"Il Direttore del PAV, Enrico Carlo Bonanate\"\n                    src=\"http:\/\/www.spaziotorino.it\/scatto\/wp-content\/gallery\/2022_06_14_pav\/cache\/pla_0165.jpg-nggid0526957-ngg0dyn-60x60x100-00f0w010c011r110f110r010t010.jpg\"\n                    width=\"60\"\n                    height=\"60\"\n                    style=\"max-width:100%;\"\n                \/>\n            <\/a>\n        <\/div>\n\t\t\t\t\t\t\t<\/div> \n\t\t\t\n        \n\t\t\t\t<div id=\"ngg-image-13\" class=\"ngg-gallery-thumbnail-box\" >\n\t\t\t\t        <div class=\"ngg-gallery-thumbnail\">\n            <a href=\"http:\/\/www.spaziotorino.it\/scatto\/wp-content\/gallery\/2022_06_14_pav\/pla_0170.jpg\"\n               title=\"PAV -  Parco Arte Vivente\"\n               data-src=\"http:\/\/www.spaziotorino.it\/scatto\/wp-content\/gallery\/2022_06_14_pav\/pla_0170.jpg\"\n               data-thumbnail=\"http:\/\/www.spaziotorino.it\/scatto\/wp-content\/gallery\/2022_06_14_pav\/thumbs\/thumbs_pla_0170.jpg\"\n               data-image-id=\"26958\"\n               data-title=\"PAV -  Parco Arte Vivente\"\n               data-description=\"PAV -  Parco Arte Vivente\"\n               data-image-slug=\"pla_0170\"\n               class=\"ngg-fancybox\" rel=\"c74668b40adcc54ef55ac161e22db5fd\">\n                <img\n                    title=\"PAV -  Parco Arte Vivente\"\n                    alt=\"PAV -  Parco Arte Vivente\"\n                    src=\"http:\/\/www.spaziotorino.it\/scatto\/wp-content\/gallery\/2022_06_14_pav\/cache\/pla_0170.jpg-nggid0526958-ngg0dyn-60x60x100-00f0w010c011r110f110r010t010.jpg\"\n                    width=\"60\"\n                    height=\"60\"\n                    style=\"max-width:100%;\"\n                \/>\n            <\/a>\n        <\/div>\n\t\t\t\t\t\t\t<\/div> \n\t\t\t\n        \n\t\t\t\t<div id=\"ngg-image-14\" class=\"ngg-gallery-thumbnail-box\" >\n\t\t\t\t        <div class=\"ngg-gallery-thumbnail\">\n            <a href=\"http:\/\/www.spaziotorino.it\/scatto\/wp-content\/gallery\/2022_06_14_pav\/pla_0218.jpg\"\n               title=\"PAV -  Parco Arte Vivente\"\n               data-src=\"http:\/\/www.spaziotorino.it\/scatto\/wp-content\/gallery\/2022_06_14_pav\/pla_0218.jpg\"\n               data-thumbnail=\"http:\/\/www.spaziotorino.it\/scatto\/wp-content\/gallery\/2022_06_14_pav\/thumbs\/thumbs_pla_0218.jpg\"\n               data-image-id=\"26960\"\n               data-title=\"PAV -  Parco Arte Vivente\"\n               data-description=\"PAV -  Parco Arte Vivente\"\n               data-image-slug=\"pla_0218\"\n               class=\"ngg-fancybox\" rel=\"c74668b40adcc54ef55ac161e22db5fd\">\n                <img\n                    title=\"PAV -  Parco Arte Vivente\"\n                    alt=\"PAV -  Parco Arte Vivente\"\n                    src=\"http:\/\/www.spaziotorino.it\/scatto\/wp-content\/gallery\/2022_06_14_pav\/cache\/pla_0218.jpg-nggid0526960-ngg0dyn-60x60x100-00f0w010c011r110f110r010t010.jpg\"\n                    width=\"60\"\n                    height=\"60\"\n                    style=\"max-width:100%;\"\n                \/>\n            <\/a>\n        <\/div>\n\t\t\t\t\t\t\t<\/div> \n\t\t\t\n        \n\t\t\t\t<div id=\"ngg-image-15\" class=\"ngg-gallery-thumbnail-box\" >\n\t\t\t\t        <div class=\"ngg-gallery-thumbnail\">\n            <a href=\"http:\/\/www.spaziotorino.it\/scatto\/wp-content\/gallery\/2022_06_14_pav\/pla_0267.jpg\"\n               title=\"PAV -  Parco Arte Vivente\"\n               data-src=\"http:\/\/www.spaziotorino.it\/scatto\/wp-content\/gallery\/2022_06_14_pav\/pla_0267.jpg\"\n               data-thumbnail=\"http:\/\/www.spaziotorino.it\/scatto\/wp-content\/gallery\/2022_06_14_pav\/thumbs\/thumbs_pla_0267.jpg\"\n               data-image-id=\"26964\"\n               data-title=\"PAV -  Parco Arte Vivente\"\n               data-description=\"PAV -  Parco Arte Vivente\"\n               data-image-slug=\"pla_0267\"\n               class=\"ngg-fancybox\" rel=\"c74668b40adcc54ef55ac161e22db5fd\">\n                <img\n                    title=\"PAV -  Parco Arte Vivente\"\n                    alt=\"PAV -  Parco Arte Vivente\"\n                    src=\"http:\/\/www.spaziotorino.it\/scatto\/wp-content\/gallery\/2022_06_14_pav\/cache\/pla_0267.jpg-nggid0526964-ngg0dyn-60x60x100-00f0w010c011r110f110r010t010.jpg\"\n                    width=\"60\"\n                    height=\"60\"\n                    style=\"max-width:100%;\"\n                \/>\n            <\/a>\n        <\/div>\n\t\t\t\t\t\t\t<\/div> \n\t\t\t\n        \n\t\t\t\t<div id=\"ngg-image-16\" class=\"ngg-gallery-thumbnail-box\" >\n\t\t\t\t        <div class=\"ngg-gallery-thumbnail\">\n            <a href=\"http:\/\/www.spaziotorino.it\/scatto\/wp-content\/gallery\/2022_06_14_pav\/pla_0095.jpg\"\n               title=\"Bioma,  PAV -  Parco Arte Vivente\"\n               data-src=\"http:\/\/www.spaziotorino.it\/scatto\/wp-content\/gallery\/2022_06_14_pav\/pla_0095.jpg\"\n               data-thumbnail=\"http:\/\/www.spaziotorino.it\/scatto\/wp-content\/gallery\/2022_06_14_pav\/thumbs\/thumbs_pla_0095.jpg\"\n               data-image-id=\"26948\"\n               data-title=\"Bioma,  PAV -  Parco Arte Vivente\"\n               data-description=\"Bioma,  PAV -  Parco Arte Vivente\"\n               data-image-slug=\"pla_0095\"\n               class=\"ngg-fancybox\" rel=\"c74668b40adcc54ef55ac161e22db5fd\">\n                <img\n                    title=\"Bioma,  PAV -  Parco Arte Vivente\"\n                    alt=\"Bioma,  PAV -  Parco Arte Vivente\"\n                    src=\"http:\/\/www.spaziotorino.it\/scatto\/wp-content\/gallery\/2022_06_14_pav\/cache\/pla_0095.jpg-nggid0526948-ngg0dyn-60x60x100-00f0w010c011r110f110r010t010.jpg\"\n                    width=\"60\"\n                    height=\"60\"\n                    style=\"max-width:100%;\"\n                \/>\n            <\/a>\n        <\/div>\n\t\t\t\t\t\t\t<\/div> \n\t\t\t\n        \n\t\t\n\t\t<!-- Pagination -->\n\t<div class='ngg-clear'><\/div>\t<\/div>\n\n<p>Marted\u00ec 14 giugno il <strong>PAV Parco Arte Vivent<\/strong>e ha presentato <strong>On copper, wax, iron, wisteria and ice<\/strong>. Elena Mazzi: 10 years of smellscapes, labs and conversations, mostra personale dell&#8217;artista <strong>Elena Mazzi<\/strong> a cura di Marco <strong>Scotini<\/strong>.<\/p>\n<p>La relazione tra i territori a rischio e le comunit\u00e0 che li abitano innesca le pratiche di Elena Mazzi (1984), che decostruiscono e contestano le dicotomie epistemiche della modernit\u00e0, sollecitandoci a pensare un nuovo rapporto ecologico tra natura, cultura e mondo; Mazzi colleziona casi di studio sul campo, luoghi di lavoro, laboratori portatili, mette in opera differenti set di procedure, scambi interdisciplinari, vocabolari indigeni e specializzati, per superare i limiti degli ambiti in cui la conoscenza si \u00e8 prodotta e si produce. Seguendo la contrapposizione tra \u201cscienza di stato\u201d e \u201cscienza nomade\u201d (Deleuze e Guattari), potremmo annettere la ricerca di Elena Mazzi a quest\u2019ultimo modello teorico.<br \/>\nMazzi si introduce in ambito artistico, antropologico e scientifico con un approccio \u201cminore\u201d, con un fare rizomatico in cui le circostanze, di volta in volta, fanno emergere i kit di strumenti, i concatenamenti disciplinari e gli interlocutori possibili. L\u2019obiettivo \u00e8 quello di trovare una risposta non convenzionale alle urgenze ecologiche, all\u2019estrattivismo neoliberista, al collasso delle biodiversit\u00e0, cercando nuovi immaginari di interconnessione, intersezione e mutua dipendenza, oltre il monopolio cognitivo dei saperi occidentali. L&#8217;orizzonte strategico del suo lavoro, nei contenuti e nelle metodologie, \u00e8 quello di sensibilizzare le soggettivit\u00e0 coinvolte all&#8217;importanza della dimensione ecosistemica e delle \u201centit\u00e0 circolanti\u201d (Bruno Latour) che popolano la societ\u00e0.<br \/>\nIl titolo della mostra indica proprio questo processo additivo di molteplici laboratori che hanno come base le materie prime. Combinando le arti visive con soluzioni e tattiche deputate da discipline quali geografia, scienze sociali ed antropologia, nel lavoro di Elena Mazzi la pratica artistica diventa azione all&#8217;interno delle comunit\u00e0.<br \/>\nTroviamo infatti la comunit\u00e0 (ampia ma specifica) degli scienziati incontrati nella realizzazione di <strong>Copperialities<\/strong> (2022, nato nell&#8217;ambito di Scientific Visualizations: Impact on Practice, presso la Libera Universit\u00e0 di Bolzano-Bozen); delle comunit\u00e0 di api ed umani, nel progetto sull\u2019apicoltura nomade <strong>En route to the South<\/strong> (2015) realizzato in collaborazione con Rosario Sorbello, mentre con <strong>The Upcoming Polar Silk Road<\/strong> (2021), la nozione di comunit\u00e0 si espande alla dimensione geopolitica. Infine, la comunit\u00e0 locale \u00e8 al centro del progetto <strong>Smellscapes<\/strong>, pensato per questa mostra al fine di valorizzare la dimensione olfattiva e la cultura materiale, botanica e gastronomica territoriale tramite la creazione laboratoriale di essenze che funzionino come rappresentazioni partecipative del quartiere.<\/p>\n<p>Nell&#8217;ambito del public programme della mostra, il 5 Luglio il PAV ospita Soils Matter, un incontro interdisciplinare dedicato alla relazione tra pratiche artistiche, il suolo e le scienze del suolo, promosso e curato dal gruppo di ricerca del progetto Scientific Visualizations: Impact on Practice della Facolt\u00e0 di Design e Arti della Libera Universit\u00e0 di Bolzano-Bozen.<\/p>\n<p><strong>Elena Mazzi<\/strong> (Reggio Emilia, 1984) dopo gli studi presso l\u2019Universit\u00e0 di Siena e lo IUAV di Venezia, ha trascorso un periodo di formazione al Royal Institute of Art di Stoccolma. Le sue opere sono state esposte in mostre personali e collettive, tra cui: der TANK a Basilea, MADRE a Napoli, ar\/ge kunst a Bolzano, Whitechapel Gallery di Londra, BOZAR a Bruxelles, Museo Novecento di Firenze, GAMeC a Bergamo, MAMbo a Bologna, Sonje Art<br \/>\nCenter a Seoul, Palazzo Fortuny a Venezia, 16\u00b0 Quadriennale di Roma, 14\u00b0 Biennale di Istanbul, 17\u00b0 BJCEM Biennale del Mediterraneo, Fondazione Bevilacqua La Masa di Venezia. \u00c8 vincitrice, tra gli altri, di Cantica21 promosso dal Ministero degli Esteri e dal Ministero dei Beni Culturali, della 7\u00b0 edizione dell\u2019Italian Council promosso dal Ministero dei Beni Culturali.<\/p>\n<p>Nel periodo di apertura al pubblico della mostra, su prenotazione, le AEF Attivit\u00e0 Educative e Formative del PAV propongono alle scuole e ai gruppi l\u2019attivit\u00e0 laboratoriale La citt\u00e0 delle api, sperimentazione naturalistica in ambito urbano dove la socialit\u00e0 di questi importanti insetti impollinatori \u00e8 proposta come veicolo per giungere alla conoscenza dei meccanismi che regolano le popolazioni in un\u2019ottica ecologica.<br \/>\nNell\u2019ambito della rassegna di Workshop con gli artisti, Elena Mazzi conduce il workshop pubblico dal titolo Smellscapes, un percorso di esplorazione del territorio in cui \u00e8 situato il PAV per lavorare alla produzione di essenze di quartiere. Il percorso di ricerca partecipativa si sviluppa su pi\u00f9 date: 31 maggio, 28 giugno e 5 ottobre 2022.<\/p>\n<p>La mostra \u00e8 realizzata con il sostegno di Compagnia di San Paolo, Fondazione CRT,<br \/>\nRegione Piemonte, Citt\u00e0 di Torino. Si ringrazia [N.A!] Project.<\/p>\n<p>Maggiori informazioni su: <strong><a href=\"http:\/\/parcoartevivente.it\/\">parcoartevivente.it <\/a><\/strong><\/p>\n","protected":false},"excerpt":{"rendered":"<p>Marted\u00ec 14 giugno il PAV Parco Arte Vivente ha presentato On copper, wax, iron, wisteria and ice. Elena Mazzi: 10 years of smellscapes, labs and conversations, mostra personale dell&#8217;artista Elena Mazzi a cura di Marco Scotini. La relazione tra i territori a rischio e le comunit\u00e0 che li abitano innesca le pratiche di Elena Mazzi [&hellip;]<\/p>\n","protected":false},"author":1,"featured_media":0,"comment_status":"closed","ping_status":"open","sticky":false,"template":"","format":"standard","meta":{"ngg_post_thumbnail":0},"categories":[54,1],"tags":[],"_links":{"self":[{"href":"http:\/\/www.spaziotorino.it\/scatto\/index.php?rest_route=\/wp\/v2\/posts\/42532"}],"collection":[{"href":"http:\/\/www.spaziotorino.it\/scatto\/index.php?rest_route=\/wp\/v2\/posts"}],"about":[{"href":"http:\/\/www.spaziotorino.it\/scatto\/index.php?rest_route=\/wp\/v2\/types\/post"}],"author":[{"embeddable":true,"href":"http:\/\/www.spaziotorino.it\/scatto\/index.php?rest_route=\/wp\/v2\/users\/1"}],"replies":[{"embeddable":true,"href":"http:\/\/www.spaziotorino.it\/scatto\/index.php?rest_route=%2Fwp%2Fv2%2Fcomments&post=42532"}],"version-history":[{"count":3,"href":"http:\/\/www.spaziotorino.it\/scatto\/index.php?rest_route=\/wp\/v2\/posts\/42532\/revisions"}],"predecessor-version":[{"id":42547,"href":"http:\/\/www.spaziotorino.it\/scatto\/index.php?rest_route=\/wp\/v2\/posts\/42532\/revisions\/42547"}],"wp:attachment":[{"href":"http:\/\/www.spaziotorino.it\/scatto\/index.php?rest_route=%2Fwp%2Fv2%2Fmedia&parent=42532"}],"wp:term":[{"taxonomy":"category","embeddable":true,"href":"http:\/\/www.spaziotorino.it\/scatto\/index.php?rest_route=%2Fwp%2Fv2%2Fcategories&post=42532"},{"taxonomy":"post_tag","embeddable":true,"href":"http:\/\/www.spaziotorino.it\/scatto\/index.php?rest_route=%2Fwp%2Fv2%2Ftags&post=42532"}],"curies":[{"name":"wp","href":"https:\/\/api.w.org\/{rel}","templated":true}]}}