{"id":42606,"date":"2022-06-21T15:43:50","date_gmt":"2022-06-21T14:43:50","guid":{"rendered":"http:\/\/www.spaziotorino.it\/scatto\/?p=42606"},"modified":"2022-06-21T15:43:50","modified_gmt":"2022-06-21T14:43:50","slug":"riapre-al-pubblico-parco-michelotti","status":"publish","type":"post","link":"http:\/\/www.spaziotorino.it\/scatto\/?p=42606","title":{"rendered":"Riapre al pubblico Parco Michelotti"},"content":{"rendered":"<p><a class=\"ngg-fancybox\" title=\"Riapre al pubblico Parco Michelotti\" href=\"http:\/\/www.spaziotorino.it\/scatto\/wp-content\/gallery\/2022_06_21_michelotti\/pla_1506.jpg\" rel=\"lightbox[set_1785]\"><br \/>\n<img decoding=\"async\" loading=\"lazy\" class=\"ngg-singlepic\" title=\"Riapre al pubblico Parco Michelotti\" src=\"http:\/\/www.spaziotorino.it\/scatto\/wp-content\/gallery\/2022_06_21_michelotti\/pla_1506.jpg\" alt=\"\" width=\"540\" height=\"360\"\/><\/a><\/p>\n<!-- index.php -->\n<div\n\tclass=\"ngg-galleryoverview ngg-ajax-pagination-none\"\n\tid=\"ngg-gallery-b11cd1d78659b44c6bfdf18743f9b6dc-1\">\n\n    \t\t<!-- Thumbnails -->\n\t\t\t\t<div id=\"ngg-image-0\" class=\"ngg-gallery-thumbnail-box\" >\n\t\t\t\t        <div class=\"ngg-gallery-thumbnail\">\n            <a href=\"http:\/\/www.spaziotorino.it\/scatto\/wp-content\/gallery\/2022_06_21_michelotti\/pla_1453.jpg\"\n               title=\"Parco Michelotti\"\n               data-src=\"http:\/\/www.spaziotorino.it\/scatto\/wp-content\/gallery\/2022_06_21_michelotti\/pla_1453.jpg\"\n               data-thumbnail=\"http:\/\/www.spaziotorino.it\/scatto\/wp-content\/gallery\/2022_06_21_michelotti\/thumbs\/thumbs_pla_1453.jpg\"\n               data-image-id=\"27007\"\n               data-title=\"Parco Michelotti\"\n               data-description=\"Parco Michelotti\"\n               data-image-slug=\"pla_1453-1\"\n               class=\"ngg-fancybox\" rel=\"b11cd1d78659b44c6bfdf18743f9b6dc\">\n                <img\n                    title=\"Parco Michelotti\"\n                    alt=\"Parco Michelotti\"\n                    src=\"http:\/\/www.spaziotorino.it\/scatto\/wp-content\/gallery\/2022_06_21_michelotti\/cache\/pla_1453.jpg-nggid0527007-ngg0dyn-60x60x100-00f0w010c011r110f110r010t010.jpg\"\n                    width=\"60\"\n                    height=\"60\"\n                    style=\"max-width:100%;\"\n                \/>\n            <\/a>\n        <\/div>\n\t\t\t\t\t\t\t<\/div> \n\t\t\t\n        \n\t\t\t\t<div id=\"ngg-image-1\" class=\"ngg-gallery-thumbnail-box\" >\n\t\t\t\t        <div class=\"ngg-gallery-thumbnail\">\n            <a href=\"http:\/\/www.spaziotorino.it\/scatto\/wp-content\/gallery\/2022_06_21_michelotti\/pla_1479.jpg\"\n               title=\"Francesco Tresso e Massimiliano Miano\"\n               data-src=\"http:\/\/www.spaziotorino.it\/scatto\/wp-content\/gallery\/2022_06_21_michelotti\/pla_1479.jpg\"\n               data-thumbnail=\"http:\/\/www.spaziotorino.it\/scatto\/wp-content\/gallery\/2022_06_21_michelotti\/thumbs\/thumbs_pla_1479.jpg\"\n               data-image-id=\"27008\"\n               data-title=\"Francesco Tresso e Massimiliano Miano\"\n               data-description=\"Francesco Tresso e Massimiliano Miano\"\n               data-image-slug=\"pla_1479\"\n               class=\"ngg-fancybox\" rel=\"b11cd1d78659b44c6bfdf18743f9b6dc\">\n                <img\n                    title=\"Francesco Tresso e Massimiliano Miano\"\n                    alt=\"Francesco Tresso e Massimiliano Miano\"\n                    src=\"http:\/\/www.spaziotorino.it\/scatto\/wp-content\/gallery\/2022_06_21_michelotti\/cache\/pla_1479.jpg-nggid0527008-ngg0dyn-60x60x100-00f0w010c011r110f110r010t010.jpg\"\n                    width=\"60\"\n                    height=\"60\"\n                    style=\"max-width:100%;\"\n                \/>\n            <\/a>\n        <\/div>\n\t\t\t\t\t\t\t<\/div> \n\t\t\t\n        \n\t\t\t\t<div id=\"ngg-image-2\" class=\"ngg-gallery-thumbnail-box\" >\n\t\t\t\t        <div class=\"ngg-gallery-thumbnail\">\n            <a href=\"http:\/\/www.spaziotorino.it\/scatto\/wp-content\/gallery\/2022_06_21_michelotti\/pla_1446.jpg\"\n               title=\"Parco Michelotti\"\n               data-src=\"http:\/\/www.spaziotorino.it\/scatto\/wp-content\/gallery\/2022_06_21_michelotti\/pla_1446.jpg\"\n               data-thumbnail=\"http:\/\/www.spaziotorino.it\/scatto\/wp-content\/gallery\/2022_06_21_michelotti\/thumbs\/thumbs_pla_1446.jpg\"\n               data-image-id=\"27009\"\n               data-title=\"Parco Michelotti\"\n               data-description=\"Parco Michelotti\"\n               data-image-slug=\"pla_1446-1\"\n               class=\"ngg-fancybox\" rel=\"b11cd1d78659b44c6bfdf18743f9b6dc\">\n                <img\n                    title=\"Parco Michelotti\"\n                    alt=\"Parco Michelotti\"\n                    src=\"http:\/\/www.spaziotorino.it\/scatto\/wp-content\/gallery\/2022_06_21_michelotti\/cache\/pla_1446.jpg-nggid0527009-ngg0dyn-60x60x100-00f0w010c011r110f110r010t010.jpg\"\n                    width=\"60\"\n                    height=\"60\"\n                    style=\"max-width:100%;\"\n                \/>\n            <\/a>\n        <\/div>\n\t\t\t\t\t\t\t<\/div> \n\t\t\t\n        \n\t\t\t\t<div id=\"ngg-image-3\" class=\"ngg-gallery-thumbnail-box\" >\n\t\t\t\t        <div class=\"ngg-gallery-thumbnail\">\n            <a href=\"http:\/\/www.spaziotorino.it\/scatto\/wp-content\/gallery\/2022_06_21_michelotti\/pla_1451.jpg\"\n               title=\"Parco Michelotti\"\n               data-src=\"http:\/\/www.spaziotorino.it\/scatto\/wp-content\/gallery\/2022_06_21_michelotti\/pla_1451.jpg\"\n               data-thumbnail=\"http:\/\/www.spaziotorino.it\/scatto\/wp-content\/gallery\/2022_06_21_michelotti\/thumbs\/thumbs_pla_1451.jpg\"\n               data-image-id=\"27010\"\n               data-title=\"Parco Michelotti\"\n               data-description=\"Parco Michelotti\"\n               data-image-slug=\"pla_1451\"\n               class=\"ngg-fancybox\" rel=\"b11cd1d78659b44c6bfdf18743f9b6dc\">\n                <img\n                    title=\"Parco Michelotti\"\n                    alt=\"Parco Michelotti\"\n                    src=\"http:\/\/www.spaziotorino.it\/scatto\/wp-content\/gallery\/2022_06_21_michelotti\/cache\/pla_1451.jpg-nggid0527010-ngg0dyn-60x60x100-00f0w010c011r110f110r010t010.jpg\"\n                    width=\"60\"\n                    height=\"60\"\n                    style=\"max-width:100%;\"\n                \/>\n            <\/a>\n        <\/div>\n\t\t\t\t\t\t\t<\/div> \n\t\t\t\n        \n\t\t\t\t<div id=\"ngg-image-4\" class=\"ngg-gallery-thumbnail-box\" >\n\t\t\t\t        <div class=\"ngg-gallery-thumbnail\">\n            <a href=\"http:\/\/www.spaziotorino.it\/scatto\/wp-content\/gallery\/2022_06_21_michelotti\/pla_1462.jpg\"\n               title=\"Parco Michelotti\"\n               data-src=\"http:\/\/www.spaziotorino.it\/scatto\/wp-content\/gallery\/2022_06_21_michelotti\/pla_1462.jpg\"\n               data-thumbnail=\"http:\/\/www.spaziotorino.it\/scatto\/wp-content\/gallery\/2022_06_21_michelotti\/thumbs\/thumbs_pla_1462.jpg\"\n               data-image-id=\"27011\"\n               data-title=\"Parco Michelotti\"\n               data-description=\"Parco Michelotti\"\n               data-image-slug=\"pla_1462-1\"\n               class=\"ngg-fancybox\" rel=\"b11cd1d78659b44c6bfdf18743f9b6dc\">\n                <img\n                    title=\"Parco Michelotti\"\n                    alt=\"Parco Michelotti\"\n                    src=\"http:\/\/www.spaziotorino.it\/scatto\/wp-content\/gallery\/2022_06_21_michelotti\/cache\/pla_1462.jpg-nggid0527011-ngg0dyn-60x60x100-00f0w010c011r110f110r010t010.jpg\"\n                    width=\"60\"\n                    height=\"60\"\n                    style=\"max-width:100%;\"\n                \/>\n            <\/a>\n        <\/div>\n\t\t\t\t\t\t\t<\/div> \n\t\t\t\n        \n\t\t\t\t<div id=\"ngg-image-5\" class=\"ngg-gallery-thumbnail-box\" >\n\t\t\t\t        <div class=\"ngg-gallery-thumbnail\">\n            <a href=\"http:\/\/www.spaziotorino.it\/scatto\/wp-content\/gallery\/2022_06_21_michelotti\/pla_1460.jpg\"\n               title=\"Parco Michelotti\"\n               data-src=\"http:\/\/www.spaziotorino.it\/scatto\/wp-content\/gallery\/2022_06_21_michelotti\/pla_1460.jpg\"\n               data-thumbnail=\"http:\/\/www.spaziotorino.it\/scatto\/wp-content\/gallery\/2022_06_21_michelotti\/thumbs\/thumbs_pla_1460.jpg\"\n               data-image-id=\"27012\"\n               data-title=\"Parco Michelotti\"\n               data-description=\"Parco Michelotti\"\n               data-image-slug=\"pla_1460\"\n               class=\"ngg-fancybox\" rel=\"b11cd1d78659b44c6bfdf18743f9b6dc\">\n                <img\n                    title=\"Parco Michelotti\"\n                    alt=\"Parco Michelotti\"\n                    src=\"http:\/\/www.spaziotorino.it\/scatto\/wp-content\/gallery\/2022_06_21_michelotti\/cache\/pla_1460.jpg-nggid0527012-ngg0dyn-60x60x100-00f0w010c011r110f110r010t010.jpg\"\n                    width=\"60\"\n                    height=\"60\"\n                    style=\"max-width:100%;\"\n                \/>\n            <\/a>\n        <\/div>\n\t\t\t\t\t\t\t<\/div> \n\t\t\t\n        \n\t\t\t\t<div id=\"ngg-image-6\" class=\"ngg-gallery-thumbnail-box\" >\n\t\t\t\t        <div class=\"ngg-gallery-thumbnail\">\n            <a href=\"http:\/\/www.spaziotorino.it\/scatto\/wp-content\/gallery\/2022_06_21_michelotti\/pla_1483.jpg\"\n               title=\"Riapre al pubblico Parco Michelotti\"\n               data-src=\"http:\/\/www.spaziotorino.it\/scatto\/wp-content\/gallery\/2022_06_21_michelotti\/pla_1483.jpg\"\n               data-thumbnail=\"http:\/\/www.spaziotorino.it\/scatto\/wp-content\/gallery\/2022_06_21_michelotti\/thumbs\/thumbs_pla_1483.jpg\"\n               data-image-id=\"27013\"\n               data-title=\"Riapre al pubblico Parco Michelotti\"\n               data-description=\"Riapre al pubblico Parco Michelotti\"\n               data-image-slug=\"pla_1483\"\n               class=\"ngg-fancybox\" rel=\"b11cd1d78659b44c6bfdf18743f9b6dc\">\n                <img\n                    title=\"Riapre al pubblico Parco Michelotti\"\n                    alt=\"Riapre al pubblico Parco Michelotti\"\n                    src=\"http:\/\/www.spaziotorino.it\/scatto\/wp-content\/gallery\/2022_06_21_michelotti\/cache\/pla_1483.jpg-nggid0527013-ngg0dyn-60x60x100-00f0w010c011r110f110r010t010.jpg\"\n                    width=\"60\"\n                    height=\"60\"\n                    style=\"max-width:100%;\"\n                \/>\n            <\/a>\n        <\/div>\n\t\t\t\t\t\t\t<\/div> \n\t\t\t\n        \n\t\t\t\t<div id=\"ngg-image-7\" class=\"ngg-gallery-thumbnail-box\" >\n\t\t\t\t        <div class=\"ngg-gallery-thumbnail\">\n            <a href=\"http:\/\/www.spaziotorino.it\/scatto\/wp-content\/gallery\/2022_06_21_michelotti\/pla_1491.jpg\"\n               title=\"Riapre al pubblico Parco Michelotti\"\n               data-src=\"http:\/\/www.spaziotorino.it\/scatto\/wp-content\/gallery\/2022_06_21_michelotti\/pla_1491.jpg\"\n               data-thumbnail=\"http:\/\/www.spaziotorino.it\/scatto\/wp-content\/gallery\/2022_06_21_michelotti\/thumbs\/thumbs_pla_1491.jpg\"\n               data-image-id=\"27014\"\n               data-title=\"Riapre al pubblico Parco Michelotti\"\n               data-description=\"Riapre al pubblico Parco Michelotti\"\n               data-image-slug=\"pla_1491\"\n               class=\"ngg-fancybox\" rel=\"b11cd1d78659b44c6bfdf18743f9b6dc\">\n                <img\n                    title=\"Riapre al pubblico Parco Michelotti\"\n                    alt=\"Riapre al pubblico Parco Michelotti\"\n                    src=\"http:\/\/www.spaziotorino.it\/scatto\/wp-content\/gallery\/2022_06_21_michelotti\/cache\/pla_1491.jpg-nggid0527014-ngg0dyn-60x60x100-00f0w010c011r110f110r010t010.jpg\"\n                    width=\"60\"\n                    height=\"60\"\n                    style=\"max-width:100%;\"\n                \/>\n            <\/a>\n        <\/div>\n\t\t\t\t\t\t\t<\/div> \n\t\t\t\n        \n\t\t\t\t<div id=\"ngg-image-8\" class=\"ngg-gallery-thumbnail-box\" >\n\t\t\t\t        <div class=\"ngg-gallery-thumbnail\">\n            <a href=\"http:\/\/www.spaziotorino.it\/scatto\/wp-content\/gallery\/2022_06_21_michelotti\/pla_1526.jpg\"\n               title=\"Riapre al pubblico Parco Michelotti\"\n               data-src=\"http:\/\/www.spaziotorino.it\/scatto\/wp-content\/gallery\/2022_06_21_michelotti\/pla_1526.jpg\"\n               data-thumbnail=\"http:\/\/www.spaziotorino.it\/scatto\/wp-content\/gallery\/2022_06_21_michelotti\/thumbs\/thumbs_pla_1526.jpg\"\n               data-image-id=\"27015\"\n               data-title=\"Riapre al pubblico Parco Michelotti\"\n               data-description=\"Riapre al pubblico Parco Michelotti\"\n               data-image-slug=\"pla_1526\"\n               class=\"ngg-fancybox\" rel=\"b11cd1d78659b44c6bfdf18743f9b6dc\">\n                <img\n                    title=\"Riapre al pubblico Parco Michelotti\"\n                    alt=\"Riapre al pubblico Parco Michelotti\"\n                    src=\"http:\/\/www.spaziotorino.it\/scatto\/wp-content\/gallery\/2022_06_21_michelotti\/cache\/pla_1526.jpg-nggid0527015-ngg0dyn-60x60x100-00f0w010c011r110f110r010t010.jpg\"\n                    width=\"60\"\n                    height=\"60\"\n                    style=\"max-width:100%;\"\n                \/>\n            <\/a>\n        <\/div>\n\t\t\t\t\t\t\t<\/div> \n\t\t\t\n        \n\t\t\t\t<div id=\"ngg-image-9\" class=\"ngg-gallery-thumbnail-box\" >\n\t\t\t\t        <div class=\"ngg-gallery-thumbnail\">\n            <a href=\"http:\/\/www.spaziotorino.it\/scatto\/wp-content\/gallery\/2022_06_21_michelotti\/pla_1516.jpg\"\n               title=\"Riapre al pubblico Parco Michelotti\"\n               data-src=\"http:\/\/www.spaziotorino.it\/scatto\/wp-content\/gallery\/2022_06_21_michelotti\/pla_1516.jpg\"\n               data-thumbnail=\"http:\/\/www.spaziotorino.it\/scatto\/wp-content\/gallery\/2022_06_21_michelotti\/thumbs\/thumbs_pla_1516.jpg\"\n               data-image-id=\"27017\"\n               data-title=\"Riapre al pubblico Parco Michelotti\"\n               data-description=\"Riapre al pubblico Parco Michelotti\"\n               data-image-slug=\"pla_1516\"\n               class=\"ngg-fancybox\" rel=\"b11cd1d78659b44c6bfdf18743f9b6dc\">\n                <img\n                    title=\"Riapre al pubblico Parco Michelotti\"\n                    alt=\"Riapre al pubblico Parco Michelotti\"\n                    src=\"http:\/\/www.spaziotorino.it\/scatto\/wp-content\/gallery\/2022_06_21_michelotti\/cache\/pla_1516.jpg-nggid0527017-ngg0dyn-60x60x100-00f0w010c011r110f110r010t010.jpg\"\n                    width=\"60\"\n                    height=\"60\"\n                    style=\"max-width:100%;\"\n                \/>\n            <\/a>\n        <\/div>\n\t\t\t\t\t\t\t<\/div> \n\t\t\t\n        \n\t\t\t\t<div id=\"ngg-image-10\" class=\"ngg-gallery-thumbnail-box\" >\n\t\t\t\t        <div class=\"ngg-gallery-thumbnail\">\n            <a href=\"http:\/\/www.spaziotorino.it\/scatto\/wp-content\/gallery\/2022_06_21_michelotti\/pla_1510.jpg\"\n               title=\"Riapre al pubblico Parco Michelotti\"\n               data-src=\"http:\/\/www.spaziotorino.it\/scatto\/wp-content\/gallery\/2022_06_21_michelotti\/pla_1510.jpg\"\n               data-thumbnail=\"http:\/\/www.spaziotorino.it\/scatto\/wp-content\/gallery\/2022_06_21_michelotti\/thumbs\/thumbs_pla_1510.jpg\"\n               data-image-id=\"27018\"\n               data-title=\"Riapre al pubblico Parco Michelotti\"\n               data-description=\"Riapre al pubblico Parco Michelotti\"\n               data-image-slug=\"pla_1510\"\n               class=\"ngg-fancybox\" rel=\"b11cd1d78659b44c6bfdf18743f9b6dc\">\n                <img\n                    title=\"Riapre al pubblico Parco Michelotti\"\n                    alt=\"Riapre al pubblico Parco Michelotti\"\n                    src=\"http:\/\/www.spaziotorino.it\/scatto\/wp-content\/gallery\/2022_06_21_michelotti\/cache\/pla_1510.jpg-nggid0527018-ngg0dyn-60x60x100-00f0w010c011r110f110r010t010.jpg\"\n                    width=\"60\"\n                    height=\"60\"\n                    style=\"max-width:100%;\"\n                \/>\n            <\/a>\n        <\/div>\n\t\t\t\t\t\t\t<\/div> \n\t\t\t\n        \n\t\t\t\t<div id=\"ngg-image-11\" class=\"ngg-gallery-thumbnail-box\" >\n\t\t\t\t        <div class=\"ngg-gallery-thumbnail\">\n            <a href=\"http:\/\/www.spaziotorino.it\/scatto\/wp-content\/gallery\/2022_06_21_michelotti\/pla_1530.jpg\"\n               title=\"Riapre al pubblico Parco Michelotti\"\n               data-src=\"http:\/\/www.spaziotorino.it\/scatto\/wp-content\/gallery\/2022_06_21_michelotti\/pla_1530.jpg\"\n               data-thumbnail=\"http:\/\/www.spaziotorino.it\/scatto\/wp-content\/gallery\/2022_06_21_michelotti\/thumbs\/thumbs_pla_1530.jpg\"\n               data-image-id=\"27019\"\n               data-title=\"Riapre al pubblico Parco Michelotti\"\n               data-description=\"Riapre al pubblico Parco Michelotti\"\n               data-image-slug=\"pla_1530-1\"\n               class=\"ngg-fancybox\" rel=\"b11cd1d78659b44c6bfdf18743f9b6dc\">\n                <img\n                    title=\"Riapre al pubblico Parco Michelotti\"\n                    alt=\"Riapre al pubblico Parco Michelotti\"\n                    src=\"http:\/\/www.spaziotorino.it\/scatto\/wp-content\/gallery\/2022_06_21_michelotti\/cache\/pla_1530.jpg-nggid0527019-ngg0dyn-60x60x100-00f0w010c011r110f110r010t010.jpg\"\n                    width=\"60\"\n                    height=\"60\"\n                    style=\"max-width:100%;\"\n                \/>\n            <\/a>\n        <\/div>\n\t\t\t\t\t\t\t<\/div> \n\t\t\t\n        \n\t\t\t\t<div id=\"ngg-image-12\" class=\"ngg-gallery-thumbnail-box\" >\n\t\t\t\t        <div class=\"ngg-gallery-thumbnail\">\n            <a href=\"http:\/\/www.spaziotorino.it\/scatto\/wp-content\/gallery\/2022_06_21_michelotti\/pla_1545.jpg\"\n               title=\"Riapre al pubblico Parco Michelotti\"\n               data-src=\"http:\/\/www.spaziotorino.it\/scatto\/wp-content\/gallery\/2022_06_21_michelotti\/pla_1545.jpg\"\n               data-thumbnail=\"http:\/\/www.spaziotorino.it\/scatto\/wp-content\/gallery\/2022_06_21_michelotti\/thumbs\/thumbs_pla_1545.jpg\"\n               data-image-id=\"27020\"\n               data-title=\"Riapre al pubblico Parco Michelotti\"\n               data-description=\"Riapre al pubblico Parco Michelotti\"\n               data-image-slug=\"pla_1545\"\n               class=\"ngg-fancybox\" rel=\"b11cd1d78659b44c6bfdf18743f9b6dc\">\n                <img\n                    title=\"Riapre al pubblico Parco Michelotti\"\n                    alt=\"Riapre al pubblico Parco Michelotti\"\n                    src=\"http:\/\/www.spaziotorino.it\/scatto\/wp-content\/gallery\/2022_06_21_michelotti\/cache\/pla_1545.jpg-nggid0527020-ngg0dyn-60x60x100-00f0w010c011r110f110r010t010.jpg\"\n                    width=\"60\"\n                    height=\"60\"\n                    style=\"max-width:100%;\"\n                \/>\n            <\/a>\n        <\/div>\n\t\t\t\t\t\t\t<\/div> \n\t\t\t\n        \n\t\t\t\t<div id=\"ngg-image-13\" class=\"ngg-gallery-thumbnail-box\" >\n\t\t\t\t        <div class=\"ngg-gallery-thumbnail\">\n            <a href=\"http:\/\/www.spaziotorino.it\/scatto\/wp-content\/gallery\/2022_06_21_michelotti\/pla_1563.jpg\"\n               title=\"Riapre al pubblico Parco Michelotti\"\n               data-src=\"http:\/\/www.spaziotorino.it\/scatto\/wp-content\/gallery\/2022_06_21_michelotti\/pla_1563.jpg\"\n               data-thumbnail=\"http:\/\/www.spaziotorino.it\/scatto\/wp-content\/gallery\/2022_06_21_michelotti\/thumbs\/thumbs_pla_1563.jpg\"\n               data-image-id=\"27021\"\n               data-title=\"Riapre al pubblico Parco Michelotti\"\n               data-description=\"Riapre al pubblico Parco Michelotti\"\n               data-image-slug=\"pla_1563\"\n               class=\"ngg-fancybox\" rel=\"b11cd1d78659b44c6bfdf18743f9b6dc\">\n                <img\n                    title=\"Riapre al pubblico Parco Michelotti\"\n                    alt=\"Riapre al pubblico Parco Michelotti\"\n                    src=\"http:\/\/www.spaziotorino.it\/scatto\/wp-content\/gallery\/2022_06_21_michelotti\/cache\/pla_1563.jpg-nggid0527021-ngg0dyn-60x60x100-00f0w010c011r110f110r010t010.jpg\"\n                    width=\"60\"\n                    height=\"60\"\n                    style=\"max-width:100%;\"\n                \/>\n            <\/a>\n        <\/div>\n\t\t\t\t\t\t\t<\/div> \n\t\t\t\n        \n\t\t\n\t\t<!-- Pagination -->\n\t<div class='ngg-clear'><\/div>\t<\/div>\n\n<p>Con l\u2019inaugurazione di oggi, alle ore 12.30, \u00e8 stata ufficialmente aperta al pubblico la porzione centrale del Parco Michelotti.<\/p>\n<p>I lavori di manutenzione straordinaria sono stati finalizzati alla valorizzazione del ricco patrimonio arboreo, alla riqualificazione e al ripristino delle condizioni di sicurezza dell\u2019area di oltre 19mila metri quadrati, al fine di restituire uno dei parchi storici pi\u00f9 importanti della citt\u00e0&nbsp;alla piena fruibilit\u00e0 dei cittadini.&nbsp;<span id=\"more-104710\"><\/span><\/p>\n<p>Con questo intervento giunge a completamento la riqualificazione dell\u2019ex Giardino Zoologico di Torino \u2013 avviata con la riapertura delle due aree \u201cParco Gi\u00f2\u201d (2018) e \u201cPunta Nord\u201d (2019) \u2013 e che anche grazie a un percorso di consultazione partecipato&nbsp;ha permesso di riaprire l\u2019intero parco, collocato in splendida posizione lungo la riva destra del Po tra i ponti Vittorio Emanuele I e Regina Margherita, per una superficie complessiva di oltre 31 mila metri quadrati.&nbsp;La sua posizione centrale lo definisce inoltre quale tassello di congiunzione tra il Parco del Valentino e l\u2019infrastruttura verde, dal ricco patrimonio naturalistico, della riserva del Meisino e della collina torinese.<\/p>\n<p>L\u2019assessore ai Parchi, al Verde pubblico e alla Cura della citt\u00e0, Francesco Tresso ha dichiarato:&nbsp;<em>\u201cSono particolarmente lieto di inaugurare oggi il Parco Michelotti. Un\u2019area verde di grande valore paesaggistico, rimasta per troppi anni inaccessibile, viene restituita alle cittadine e ai cittadini torinesi e sar\u00e0 fruibile in completa sicurezza<\/em>.&nbsp;<em>Inauguriamo il parco pensando anche ad una sua nuova vocazione di tipo culturale e artistico, in cui l\u2019arte sia fruibile da tutti anche<\/em><em>&nbsp;<\/em><em>all\u2019interno degli spazi verdi, con un\u2019attenzione particolare all\u2019inclusivit\u00e0\u201d.<\/em>&nbsp;Continua Tresso: \u201c<em>Come primo segno tangibile di questa nuova vocazione avviamo il progetto \u2018Ethological Art\u2019, che fino al 23 giugno vedr\u00e0 dieci artisti realizzare una Hall of fame di Urban Art e graffiti-writing che animer\u00e0 il parco nei primi giorni di apertura, arricchendo ulteriormente questi spazi e instaurando un dialogo con le opere gi\u00e0 presenti\u201d.<\/em><\/p>\n<p>L\u2019importo complessivo dei lavori \u00e8 stato di 950 mila euro (iva compresa), di cui 651 mila euro in opere.<\/p>\n<p>Con la riqualificazione&nbsp;\u00e8 stato realizzato un nuovo ingresso al parco, in posizione intermedia tra l\u2019entrata principale e quella del \u201cParco Gi\u00f2\u201d, e tre nuovi varchi, con scalinate in legno, per il collegamento con il sentiero ciclo-pedonale che corre parallelo al Po.<\/p>\n<p>\u00c8 stata aumentata la superficie permeabile del parco,&nbsp;con la realizzazione di nuovi percorsi e camminamenti pedonali con pavimentazione drenante, nuove aree di sosta e di relax con sedute e tavoli, il rifacimento dei percorsi pedonali e della piazzola di sosta della collinetta e la sostituzione della passerella di attraversamento dell\u2019ex vasca.<\/p>\n<p>Significativi gli interventi realizzati sul verde, in un\u2019area gi\u00e0 caratterizzata da un ricco patrimonio arboreo, con la messa a dimora di nuovi alberi a completamento del doppio filare di platani e di ginkgo biloba che corre sul lato lungo il fiume Po \u2013 che regalano in autunno un paesaggio spettacolare, pervaso di giallo intenso, unico in citt\u00e0 \u2013 e la sistemazione di circa 8mila metri quadrati di aree prative.<\/p>\n<p>Nuovi elementi di arredo urbano \u2013 panchine, cestini porta-rifiuti, archi portabici, paletti dissuasori \u2013 hanno sostituito quelli vetusti mantenendo gli elementi identitari del parco. A breve saranno inoltre posizionati pannelli didattico-informativi sulla storia dell\u2019area.<\/p>\n<p>L\u2019impianto di illuminazione pubblica \u00e8 stato rinnovato e implementato con un intervento a cura di Iren Smart Solutions SpA.<\/p>\n<p>I cinque fabbricati reliquati dell\u2019ex Giardino Zoologico (ospitato nel parco fino alla sua chiusura nel 1987) sono stati conservati e non coinvolti nel progetto di fruizione dell\u2019area, in quanto soggetti al vincolo dalla Soprintendenza. In questo caso si \u00e8 intervenuti esclusivamente con opere di bonifica, salvaguardia e messa in sicurezza dei manufatti.<\/p>\n<p>[Fonte: <a href=\"http:\/\/www.torinoclick.it\/?p=104710\">TorinoClick<\/a>]<\/p>\n","protected":false},"excerpt":{"rendered":"<p>Con l\u2019inaugurazione di oggi, alle ore 12.30, \u00e8 stata ufficialmente aperta al pubblico la porzione centrale del Parco Michelotti. I lavori di manutenzione straordinaria sono stati finalizzati alla valorizzazione del ricco patrimonio arboreo, alla riqualificazione e al ripristino delle condizioni di sicurezza dell\u2019area di oltre 19mila metri quadrati, al fine di restituire uno dei parchi [&hellip;]<\/p>\n","protected":false},"author":1,"featured_media":0,"comment_status":"closed","ping_status":"open","sticky":false,"template":"","format":"standard","meta":{"ngg_post_thumbnail":0},"categories":[1,41],"tags":[],"_links":{"self":[{"href":"http:\/\/www.spaziotorino.it\/scatto\/index.php?rest_route=\/wp\/v2\/posts\/42606"}],"collection":[{"href":"http:\/\/www.spaziotorino.it\/scatto\/index.php?rest_route=\/wp\/v2\/posts"}],"about":[{"href":"http:\/\/www.spaziotorino.it\/scatto\/index.php?rest_route=\/wp\/v2\/types\/post"}],"author":[{"embeddable":true,"href":"http:\/\/www.spaziotorino.it\/scatto\/index.php?rest_route=\/wp\/v2\/users\/1"}],"replies":[{"embeddable":true,"href":"http:\/\/www.spaziotorino.it\/scatto\/index.php?rest_route=%2Fwp%2Fv2%2Fcomments&post=42606"}],"version-history":[{"count":1,"href":"http:\/\/www.spaziotorino.it\/scatto\/index.php?rest_route=\/wp\/v2\/posts\/42606\/revisions"}],"predecessor-version":[{"id":42607,"href":"http:\/\/www.spaziotorino.it\/scatto\/index.php?rest_route=\/wp\/v2\/posts\/42606\/revisions\/42607"}],"wp:attachment":[{"href":"http:\/\/www.spaziotorino.it\/scatto\/index.php?rest_route=%2Fwp%2Fv2%2Fmedia&parent=42606"}],"wp:term":[{"taxonomy":"category","embeddable":true,"href":"http:\/\/www.spaziotorino.it\/scatto\/index.php?rest_route=%2Fwp%2Fv2%2Fcategories&post=42606"},{"taxonomy":"post_tag","embeddable":true,"href":"http:\/\/www.spaziotorino.it\/scatto\/index.php?rest_route=%2Fwp%2Fv2%2Ftags&post=42606"}],"curies":[{"name":"wp","href":"https:\/\/api.w.org\/{rel}","templated":true}]}}