{"id":42639,"date":"2022-06-23T23:51:08","date_gmt":"2022-06-23T22:51:08","guid":{"rendered":"http:\/\/www.spaziotorino.it\/scatto\/?p=42639"},"modified":"2022-06-23T23:51:08","modified_gmt":"2022-06-23T22:51:08","slug":"il-faro-e-il-corteo-storico-di-di-san-giovanni","status":"publish","type":"post","link":"http:\/\/www.spaziotorino.it\/scatto\/?p=42639","title":{"rendered":"Il Far\u00f2 e il Corteo Storico di di San Giovanni"},"content":{"rendered":"<p><a class=\"ngg-fancybox\" title=\"Il Far\u00f2 di San Giovanni\" href=\"http:\/\/www.spaziotorino.it\/scatto\/wp-content\/gallery\/2022_06_23_faro\/IMG_2417_edited_edited.jpg\" rel=\"lightbox[set_1787]\"><br \/>\n<img decoding=\"async\" loading=\"lazy\" class=\"ngg-singlepic\" title=\"Il Far\u00f2 di San Giovanni\" src=\"http:\/\/www.spaziotorino.it\/scatto\/wp-content\/gallery\/2022_06_23_faro\/IMG_2417_edited_edited.jpg\" alt=\"\" width=\"540\" height=\"360\"\/><\/a><\/p>\n<!-- index.php -->\n<div\n\tclass=\"ngg-galleryoverview ngg-ajax-pagination-none\"\n\tid=\"ngg-gallery-6e12eabd3e44f6574bdd578519f1a66f-1\">\n\n    \t\t<!-- Thumbnails -->\n\t\t\t\t<div id=\"ngg-image-0\" class=\"ngg-gallery-thumbnail-box\" >\n\t\t\t\t        <div class=\"ngg-gallery-thumbnail\">\n            <a href=\"http:\/\/www.spaziotorino.it\/scatto\/wp-content\/gallery\/2022_06_23_faro\/IMG_2021_edited_edited.jpg\"\n               title=\"La catasta \u00e8 pronta per il Far\u00f2\"\n               data-src=\"http:\/\/www.spaziotorino.it\/scatto\/wp-content\/gallery\/2022_06_23_faro\/IMG_2021_edited_edited.jpg\"\n               data-thumbnail=\"http:\/\/www.spaziotorino.it\/scatto\/wp-content\/gallery\/2022_06_23_faro\/thumbs\/thumbs_IMG_2021_edited_edited.jpg\"\n               data-image-id=\"27032\"\n               data-title=\"La catasta \u00e8 pronta per il Far\u00f2\"\n               data-description=\"La catasta \u00e8 pronta per il Far\u00f2\"\n               data-image-slug=\"img_2021_edited_edited\"\n               class=\"ngg-fancybox\" rel=\"6e12eabd3e44f6574bdd578519f1a66f\">\n                <img\n                    title=\"La catasta \u00e8 pronta per il Far\u00f2\"\n                    alt=\"La catasta \u00e8 pronta per il Far\u00f2\"\n                    src=\"http:\/\/www.spaziotorino.it\/scatto\/wp-content\/gallery\/2022_06_23_faro\/cache\/IMG_2021_edited_edited.jpg-nggid0527032-ngg0dyn-60x60x100-00f0w010c011r110f110r010t010.jpg\"\n                    width=\"60\"\n                    height=\"60\"\n                    style=\"max-width:100%;\"\n                \/>\n            <\/a>\n        <\/div>\n\t\t\t\t\t\t\t<\/div> \n\t\t\t\n        \n\t\t\t\t<div id=\"ngg-image-1\" class=\"ngg-gallery-thumbnail-box\" >\n\t\t\t\t        <div class=\"ngg-gallery-thumbnail\">\n            <a href=\"http:\/\/www.spaziotorino.it\/scatto\/wp-content\/gallery\/2022_06_23_faro\/IMG_2030_edited_edited.jpg\"\n               title=\"Il Corteo di San Giovanni\"\n               data-src=\"http:\/\/www.spaziotorino.it\/scatto\/wp-content\/gallery\/2022_06_23_faro\/IMG_2030_edited_edited.jpg\"\n               data-thumbnail=\"http:\/\/www.spaziotorino.it\/scatto\/wp-content\/gallery\/2022_06_23_faro\/thumbs\/thumbs_IMG_2030_edited_edited.jpg\"\n               data-image-id=\"27034\"\n               data-title=\"Il Corteo di San Giovanni\"\n               data-description=\"Il Corteo di San Giovanni\"\n               data-image-slug=\"img_2030_edited_edited\"\n               class=\"ngg-fancybox\" rel=\"6e12eabd3e44f6574bdd578519f1a66f\">\n                <img\n                    title=\"Il Corteo di San Giovanni\"\n                    alt=\"Il Corteo di San Giovanni\"\n                    src=\"http:\/\/www.spaziotorino.it\/scatto\/wp-content\/gallery\/2022_06_23_faro\/cache\/IMG_2030_edited_edited.jpg-nggid0527034-ngg0dyn-60x60x100-00f0w010c011r110f110r010t010.jpg\"\n                    width=\"60\"\n                    height=\"60\"\n                    style=\"max-width:100%;\"\n                \/>\n            <\/a>\n        <\/div>\n\t\t\t\t\t\t\t<\/div> \n\t\t\t\n        \n\t\t\t\t<div id=\"ngg-image-2\" class=\"ngg-gallery-thumbnail-box\" >\n\t\t\t\t        <div class=\"ngg-gallery-thumbnail\">\n            <a href=\"http:\/\/www.spaziotorino.it\/scatto\/wp-content\/gallery\/2022_06_23_faro\/IMG_2039_edited_edited.jpg\"\n               title=\"Il Corteo di San Giovanni\"\n               data-src=\"http:\/\/www.spaziotorino.it\/scatto\/wp-content\/gallery\/2022_06_23_faro\/IMG_2039_edited_edited.jpg\"\n               data-thumbnail=\"http:\/\/www.spaziotorino.it\/scatto\/wp-content\/gallery\/2022_06_23_faro\/thumbs\/thumbs_IMG_2039_edited_edited.jpg\"\n               data-image-id=\"27033\"\n               data-title=\"Il Corteo di San Giovanni\"\n               data-description=\"Il Corteo di San Giovanni\"\n               data-image-slug=\"img_2039_edited_edited\"\n               class=\"ngg-fancybox\" rel=\"6e12eabd3e44f6574bdd578519f1a66f\">\n                <img\n                    title=\"Il Corteo di San Giovanni\"\n                    alt=\"Il Corteo di San Giovanni\"\n                    src=\"http:\/\/www.spaziotorino.it\/scatto\/wp-content\/gallery\/2022_06_23_faro\/cache\/IMG_2039_edited_edited.jpg-nggid0527033-ngg0dyn-60x60x100-00f0w010c011r110f110r010t010.jpg\"\n                    width=\"60\"\n                    height=\"60\"\n                    style=\"max-width:100%;\"\n                \/>\n            <\/a>\n        <\/div>\n\t\t\t\t\t\t\t<\/div> \n\t\t\t\n        \n\t\t\t\t<div id=\"ngg-image-3\" class=\"ngg-gallery-thumbnail-box\" >\n\t\t\t\t        <div class=\"ngg-gallery-thumbnail\">\n            <a href=\"http:\/\/www.spaziotorino.it\/scatto\/wp-content\/gallery\/2022_06_23_faro\/IMG_2047_edited_edited.jpg\"\n               title=\"Gianduja e Giacometta in corteo\"\n               data-src=\"http:\/\/www.spaziotorino.it\/scatto\/wp-content\/gallery\/2022_06_23_faro\/IMG_2047_edited_edited.jpg\"\n               data-thumbnail=\"http:\/\/www.spaziotorino.it\/scatto\/wp-content\/gallery\/2022_06_23_faro\/thumbs\/thumbs_IMG_2047_edited_edited.jpg\"\n               data-image-id=\"27031\"\n               data-title=\"Gianduja e Giacometta in corteo\"\n               data-description=\"Gianduja e Giacometta in corteo\"\n               data-image-slug=\"img_2047_edited_edited\"\n               class=\"ngg-fancybox\" rel=\"6e12eabd3e44f6574bdd578519f1a66f\">\n                <img\n                    title=\"Gianduja e Giacometta in corteo\"\n                    alt=\"Gianduja e Giacometta in corteo\"\n                    src=\"http:\/\/www.spaziotorino.it\/scatto\/wp-content\/gallery\/2022_06_23_faro\/cache\/IMG_2047_edited_edited.jpg-nggid0527031-ngg0dyn-60x60x100-00f0w010c011r110f110r010t010.jpg\"\n                    width=\"60\"\n                    height=\"60\"\n                    style=\"max-width:100%;\"\n                \/>\n            <\/a>\n        <\/div>\n\t\t\t\t\t\t\t<\/div> \n\t\t\t\n        \n\t\t\t\t<div id=\"ngg-image-4\" class=\"ngg-gallery-thumbnail-box\" >\n\t\t\t\t        <div class=\"ngg-gallery-thumbnail\">\n            <a href=\"http:\/\/www.spaziotorino.it\/scatto\/wp-content\/gallery\/2022_06_23_faro\/IMG_2141_edited_edited.jpg\"\n               title=\"Il Sindaco riceve Gianduja e Giacometta a Palazzo Civico\"\n               data-src=\"http:\/\/www.spaziotorino.it\/scatto\/wp-content\/gallery\/2022_06_23_faro\/IMG_2141_edited_edited.jpg\"\n               data-thumbnail=\"http:\/\/www.spaziotorino.it\/scatto\/wp-content\/gallery\/2022_06_23_faro\/thumbs\/thumbs_IMG_2141_edited_edited.jpg\"\n               data-image-id=\"27035\"\n               data-title=\"Il Sindaco riceve Gianduja e Giacometta a Palazzo Civico\"\n               data-description=\"Il Sindaco riceve Gianduja e Giacometta a Palazzo Civico\"\n               data-image-slug=\"img_2141_edited_edited\"\n               class=\"ngg-fancybox\" rel=\"6e12eabd3e44f6574bdd578519f1a66f\">\n                <img\n                    title=\"Il Sindaco riceve Gianduja e Giacometta a Palazzo Civico\"\n                    alt=\"Il Sindaco riceve Gianduja e Giacometta a Palazzo Civico\"\n                    src=\"http:\/\/www.spaziotorino.it\/scatto\/wp-content\/gallery\/2022_06_23_faro\/cache\/IMG_2141_edited_edited.jpg-nggid0527035-ngg0dyn-60x60x100-00f0w010c011r110f110r010t010.jpg\"\n                    width=\"60\"\n                    height=\"60\"\n                    style=\"max-width:100%;\"\n                \/>\n            <\/a>\n        <\/div>\n\t\t\t\t\t\t\t<\/div> \n\t\t\t\n        \n\t\t\t\t<div id=\"ngg-image-5\" class=\"ngg-gallery-thumbnail-box\" >\n\t\t\t\t        <div class=\"ngg-gallery-thumbnail\">\n            <a href=\"http:\/\/www.spaziotorino.it\/scatto\/wp-content\/gallery\/2022_06_23_faro\/IMG_2167_edited_edited.jpg\"\n               title=\"La benedizione dei Pani della Carit\u00e0\"\n               data-src=\"http:\/\/www.spaziotorino.it\/scatto\/wp-content\/gallery\/2022_06_23_faro\/IMG_2167_edited_edited.jpg\"\n               data-thumbnail=\"http:\/\/www.spaziotorino.it\/scatto\/wp-content\/gallery\/2022_06_23_faro\/thumbs\/thumbs_IMG_2167_edited_edited.jpg\"\n               data-image-id=\"27030\"\n               data-title=\"La benedizione dei Pani della Carit\u00e0\"\n               data-description=\"La benedizione dei Pani della Carit\u00e0\"\n               data-image-slug=\"img_2167_edited_edited\"\n               class=\"ngg-fancybox\" rel=\"6e12eabd3e44f6574bdd578519f1a66f\">\n                <img\n                    title=\"La benedizione dei Pani della Carit\u00e0\"\n                    alt=\"La benedizione dei Pani della Carit\u00e0\"\n                    src=\"http:\/\/www.spaziotorino.it\/scatto\/wp-content\/gallery\/2022_06_23_faro\/cache\/IMG_2167_edited_edited.jpg-nggid0527030-ngg0dyn-60x60x100-00f0w010c011r110f110r010t010.jpg\"\n                    width=\"60\"\n                    height=\"60\"\n                    style=\"max-width:100%;\"\n                \/>\n            <\/a>\n        <\/div>\n\t\t\t\t\t\t\t<\/div> \n\t\t\t\n        \n\t\t\t\t<div id=\"ngg-image-6\" class=\"ngg-gallery-thumbnail-box\" >\n\t\t\t\t        <div class=\"ngg-gallery-thumbnail\">\n            <a href=\"http:\/\/www.spaziotorino.it\/scatto\/wp-content\/gallery\/2022_06_23_faro\/IMG_2196_edited_edited.jpg\"\n               title=\"La Banda musicale del Corpo di Polizia Municipale nel cortile di Palazzo Civico\"\n               data-src=\"http:\/\/www.spaziotorino.it\/scatto\/wp-content\/gallery\/2022_06_23_faro\/IMG_2196_edited_edited.jpg\"\n               data-thumbnail=\"http:\/\/www.spaziotorino.it\/scatto\/wp-content\/gallery\/2022_06_23_faro\/thumbs\/thumbs_IMG_2196_edited_edited.jpg\"\n               data-image-id=\"27037\"\n               data-title=\"La Banda musicale del Corpo di Polizia Municipale nel cortile di Palazzo Civico\"\n               data-description=\"La Banda musicale del Corpo di Polizia Municipale nel cortile di Palazzo Civico\"\n               data-image-slug=\"img_2196_edited_edited\"\n               class=\"ngg-fancybox\" rel=\"6e12eabd3e44f6574bdd578519f1a66f\">\n                <img\n                    title=\"La Banda musicale del Corpo di Polizia Municipale nel cortile di Palazzo Civico\"\n                    alt=\"La Banda musicale del Corpo di Polizia Municipale nel cortile di Palazzo Civico\"\n                    src=\"http:\/\/www.spaziotorino.it\/scatto\/wp-content\/gallery\/2022_06_23_faro\/cache\/IMG_2196_edited_edited.jpg-nggid0527037-ngg0dyn-60x60x100-00f0w010c011r110f110r010t010.jpg\"\n                    width=\"60\"\n                    height=\"60\"\n                    style=\"max-width:100%;\"\n                \/>\n            <\/a>\n        <\/div>\n\t\t\t\t\t\t\t<\/div> \n\t\t\t\n        \n\t\t\t\t<div id=\"ngg-image-7\" class=\"ngg-gallery-thumbnail-box\" >\n\t\t\t\t        <div class=\"ngg-gallery-thumbnail\">\n            <a href=\"http:\/\/www.spaziotorino.it\/scatto\/wp-content\/gallery\/2022_06_23_faro\/IMG_2251_edited_edited.jpg\"\n               title=\"Il saluto del Sindaco al pubblico presente in piazza Castello\"\n               data-src=\"http:\/\/www.spaziotorino.it\/scatto\/wp-content\/gallery\/2022_06_23_faro\/IMG_2251_edited_edited.jpg\"\n               data-thumbnail=\"http:\/\/www.spaziotorino.it\/scatto\/wp-content\/gallery\/2022_06_23_faro\/thumbs\/thumbs_IMG_2251_edited_edited.jpg\"\n               data-image-id=\"27036\"\n               data-title=\"Il saluto del Sindaco al pubblico presente in piazza Castello\"\n               data-description=\"Il saluto del Sindaco al pubblico presente in piazza Castello\"\n               data-image-slug=\"img_2251_edited_edited\"\n               class=\"ngg-fancybox\" rel=\"6e12eabd3e44f6574bdd578519f1a66f\">\n                <img\n                    title=\"Il saluto del Sindaco al pubblico presente in piazza Castello\"\n                    alt=\"Il saluto del Sindaco al pubblico presente in piazza Castello\"\n                    src=\"http:\/\/www.spaziotorino.it\/scatto\/wp-content\/gallery\/2022_06_23_faro\/cache\/IMG_2251_edited_edited.jpg-nggid0527036-ngg0dyn-60x60x100-00f0w010c011r110f110r010t010.jpg\"\n                    width=\"60\"\n                    height=\"60\"\n                    style=\"max-width:100%;\"\n                \/>\n            <\/a>\n        <\/div>\n\t\t\t\t\t\t\t<\/div> \n\t\t\t\n        \n\t\t\t\t<div id=\"ngg-image-8\" class=\"ngg-gallery-thumbnail-box\" >\n\t\t\t\t        <div class=\"ngg-gallery-thumbnail\">\n            <a href=\"http:\/\/www.spaziotorino.it\/scatto\/wp-content\/gallery\/2022_06_23_faro\/IMG_2269_edited_edited.jpg\"\n               title=\"Il Corteo di San Giovanni\"\n               data-src=\"http:\/\/www.spaziotorino.it\/scatto\/wp-content\/gallery\/2022_06_23_faro\/IMG_2269_edited_edited.jpg\"\n               data-thumbnail=\"http:\/\/www.spaziotorino.it\/scatto\/wp-content\/gallery\/2022_06_23_faro\/thumbs\/thumbs_IMG_2269_edited_edited.jpg\"\n               data-image-id=\"27038\"\n               data-title=\"Il Corteo di San Giovanni\"\n               data-description=\"Il Corteo di San Giovanni\"\n               data-image-slug=\"img_2269_edited_edited\"\n               class=\"ngg-fancybox\" rel=\"6e12eabd3e44f6574bdd578519f1a66f\">\n                <img\n                    title=\"Il Corteo di San Giovanni\"\n                    alt=\"Il Corteo di San Giovanni\"\n                    src=\"http:\/\/www.spaziotorino.it\/scatto\/wp-content\/gallery\/2022_06_23_faro\/cache\/IMG_2269_edited_edited.jpg-nggid0527038-ngg0dyn-60x60x100-00f0w010c011r110f110r010t010.jpg\"\n                    width=\"60\"\n                    height=\"60\"\n                    style=\"max-width:100%;\"\n                \/>\n            <\/a>\n        <\/div>\n\t\t\t\t\t\t\t<\/div> \n\t\t\t\n        \n\t\t\t\t<div id=\"ngg-image-9\" class=\"ngg-gallery-thumbnail-box\" >\n\t\t\t\t        <div class=\"ngg-gallery-thumbnail\">\n            <a href=\"http:\/\/www.spaziotorino.it\/scatto\/wp-content\/gallery\/2022_06_23_faro\/IMG_2278_edited_edited.jpg\"\n               title=\"Il Corteo di San Giovanni\"\n               data-src=\"http:\/\/www.spaziotorino.it\/scatto\/wp-content\/gallery\/2022_06_23_faro\/IMG_2278_edited_edited.jpg\"\n               data-thumbnail=\"http:\/\/www.spaziotorino.it\/scatto\/wp-content\/gallery\/2022_06_23_faro\/thumbs\/thumbs_IMG_2278_edited_edited.jpg\"\n               data-image-id=\"27039\"\n               data-title=\"Il Corteo di San Giovanni\"\n               data-description=\"Il Corteo di San Giovanni\"\n               data-image-slug=\"img_2278_edited_edited\"\n               class=\"ngg-fancybox\" rel=\"6e12eabd3e44f6574bdd578519f1a66f\">\n                <img\n                    title=\"Il Corteo di San Giovanni\"\n                    alt=\"Il Corteo di San Giovanni\"\n                    src=\"http:\/\/www.spaziotorino.it\/scatto\/wp-content\/gallery\/2022_06_23_faro\/cache\/IMG_2278_edited_edited.jpg-nggid0527039-ngg0dyn-60x60x100-00f0w010c011r110f110r010t010.jpg\"\n                    width=\"60\"\n                    height=\"60\"\n                    style=\"max-width:100%;\"\n                \/>\n            <\/a>\n        <\/div>\n\t\t\t\t\t\t\t<\/div> \n\t\t\t\n        \n\t\t\t\t<div id=\"ngg-image-10\" class=\"ngg-gallery-thumbnail-box\" >\n\t\t\t\t        <div class=\"ngg-gallery-thumbnail\">\n            <a href=\"http:\/\/www.spaziotorino.it\/scatto\/wp-content\/gallery\/2022_06_23_faro\/IMG_2292_edited_edited.jpg\"\n               title=\"Il Sindaco e i figuranti sul palco di piazza Castello\"\n               data-src=\"http:\/\/www.spaziotorino.it\/scatto\/wp-content\/gallery\/2022_06_23_faro\/IMG_2292_edited_edited.jpg\"\n               data-thumbnail=\"http:\/\/www.spaziotorino.it\/scatto\/wp-content\/gallery\/2022_06_23_faro\/thumbs\/thumbs_IMG_2292_edited_edited.jpg\"\n               data-image-id=\"27040\"\n               data-title=\"Il Sindaco e i figuranti sul palco di piazza Castello\"\n               data-description=\"Il Sindaco e i figuranti sul palco di piazza Castello\"\n               data-image-slug=\"img_2292_edited_edited\"\n               class=\"ngg-fancybox\" rel=\"6e12eabd3e44f6574bdd578519f1a66f\">\n                <img\n                    title=\"Il Sindaco e i figuranti sul palco di piazza Castello\"\n                    alt=\"Il Sindaco e i figuranti sul palco di piazza Castello\"\n                    src=\"http:\/\/www.spaziotorino.it\/scatto\/wp-content\/gallery\/2022_06_23_faro\/cache\/IMG_2292_edited_edited.jpg-nggid0527040-ngg0dyn-60x60x100-00f0w010c011r110f110r010t010.jpg\"\n                    width=\"60\"\n                    height=\"60\"\n                    style=\"max-width:100%;\"\n                \/>\n            <\/a>\n        <\/div>\n\t\t\t\t\t\t\t<\/div> \n\t\t\t\n        \n\t\t\t\t<div id=\"ngg-image-11\" class=\"ngg-gallery-thumbnail-box\" >\n\t\t\t\t        <div class=\"ngg-gallery-thumbnail\">\n            <a href=\"http:\/\/www.spaziotorino.it\/scatto\/wp-content\/gallery\/2022_06_23_faro\/IMG_2303_edited_edited.jpg\"\n               title=\"I fucilieri di Pietro Micca danno il via all&#039;accensione del Far\u00f2\"\n               data-src=\"http:\/\/www.spaziotorino.it\/scatto\/wp-content\/gallery\/2022_06_23_faro\/IMG_2303_edited_edited.jpg\"\n               data-thumbnail=\"http:\/\/www.spaziotorino.it\/scatto\/wp-content\/gallery\/2022_06_23_faro\/thumbs\/thumbs_IMG_2303_edited_edited.jpg\"\n               data-image-id=\"27042\"\n               data-title=\"I fucilieri di Pietro Micca danno il via all&#039;accensione del Far\u00f2\"\n               data-description=\"I fucilieri di Pietro Micca danno il via all&#039;accensione del Far\u00f2\"\n               data-image-slug=\"img_2303_edited_edited\"\n               class=\"ngg-fancybox\" rel=\"6e12eabd3e44f6574bdd578519f1a66f\">\n                <img\n                    title=\"I fucilieri di Pietro Micca danno il via all&#039;accensione del Far\u00f2\"\n                    alt=\"I fucilieri di Pietro Micca danno il via all&#039;accensione del Far\u00f2\"\n                    src=\"http:\/\/www.spaziotorino.it\/scatto\/wp-content\/gallery\/2022_06_23_faro\/cache\/IMG_2303_edited_edited.jpg-nggid0527042-ngg0dyn-60x60x100-00f0w010c011r110f110r010t010.jpg\"\n                    width=\"60\"\n                    height=\"60\"\n                    style=\"max-width:100%;\"\n                \/>\n            <\/a>\n        <\/div>\n\t\t\t\t\t\t\t<\/div> \n\t\t\t\n        \n\t\t\t\t<div id=\"ngg-image-12\" class=\"ngg-gallery-thumbnail-box\" >\n\t\t\t\t        <div class=\"ngg-gallery-thumbnail\">\n            <a href=\"http:\/\/www.spaziotorino.it\/scatto\/wp-content\/gallery\/2022_06_23_faro\/IMG_2332_edited_edited.jpg\"\n               title=\"L&#039;accensione del Far\u00f2\"\n               data-src=\"http:\/\/www.spaziotorino.it\/scatto\/wp-content\/gallery\/2022_06_23_faro\/IMG_2332_edited_edited.jpg\"\n               data-thumbnail=\"http:\/\/www.spaziotorino.it\/scatto\/wp-content\/gallery\/2022_06_23_faro\/thumbs\/thumbs_IMG_2332_edited_edited.jpg\"\n               data-image-id=\"27043\"\n               data-title=\"L&#039;accensione del Far\u00f2\"\n               data-description=\"L&#039;accensione del Far\u00f2\"\n               data-image-slug=\"img_2332_edited_edited\"\n               class=\"ngg-fancybox\" rel=\"6e12eabd3e44f6574bdd578519f1a66f\">\n                <img\n                    title=\"L&#039;accensione del Far\u00f2\"\n                    alt=\"L&#039;accensione del Far\u00f2\"\n                    src=\"http:\/\/www.spaziotorino.it\/scatto\/wp-content\/gallery\/2022_06_23_faro\/cache\/IMG_2332_edited_edited.jpg-nggid0527043-ngg0dyn-60x60x100-00f0w010c011r110f110r010t010.jpg\"\n                    width=\"60\"\n                    height=\"60\"\n                    style=\"max-width:100%;\"\n                \/>\n            <\/a>\n        <\/div>\n\t\t\t\t\t\t\t<\/div> \n\t\t\t\n        \n\t\t\t\t<div id=\"ngg-image-13\" class=\"ngg-gallery-thumbnail-box\" >\n\t\t\t\t        <div class=\"ngg-gallery-thumbnail\">\n            <a href=\"http:\/\/www.spaziotorino.it\/scatto\/wp-content\/gallery\/2022_06_23_faro\/IMG_2425_edited_edited.jpg\"\n               title=\"Il Far\u00f2 di San Giovanni\"\n               data-src=\"http:\/\/www.spaziotorino.it\/scatto\/wp-content\/gallery\/2022_06_23_faro\/IMG_2425_edited_edited.jpg\"\n               data-thumbnail=\"http:\/\/www.spaziotorino.it\/scatto\/wp-content\/gallery\/2022_06_23_faro\/thumbs\/thumbs_IMG_2425_edited_edited.jpg\"\n               data-image-id=\"27044\"\n               data-title=\"Il Far\u00f2 di San Giovanni\"\n               data-description=\"Il Far\u00f2 di San Giovanni\"\n               data-image-slug=\"img_2425_edited_edited\"\n               class=\"ngg-fancybox\" rel=\"6e12eabd3e44f6574bdd578519f1a66f\">\n                <img\n                    title=\"Il Far\u00f2 di San Giovanni\"\n                    alt=\"Il Far\u00f2 di San Giovanni\"\n                    src=\"http:\/\/www.spaziotorino.it\/scatto\/wp-content\/gallery\/2022_06_23_faro\/cache\/IMG_2425_edited_edited.jpg-nggid0527044-ngg0dyn-60x60x100-00f0w010c011r110f110r010t010.jpg\"\n                    width=\"60\"\n                    height=\"60\"\n                    style=\"max-width:100%;\"\n                \/>\n            <\/a>\n        <\/div>\n\t\t\t\t\t\t\t<\/div> \n\t\t\t\n        \n\t\t\t\t<div id=\"ngg-image-14\" class=\"ngg-gallery-thumbnail-box\" >\n\t\t\t\t        <div class=\"ngg-gallery-thumbnail\">\n            <a href=\"http:\/\/www.spaziotorino.it\/scatto\/wp-content\/gallery\/2022_06_23_faro\/IMG_2397_edited_edited.jpg\"\n               title=\"Il Far\u00f2 di San Giovanni\"\n               data-src=\"http:\/\/www.spaziotorino.it\/scatto\/wp-content\/gallery\/2022_06_23_faro\/IMG_2397_edited_edited.jpg\"\n               data-thumbnail=\"http:\/\/www.spaziotorino.it\/scatto\/wp-content\/gallery\/2022_06_23_faro\/thumbs\/thumbs_IMG_2397_edited_edited.jpg\"\n               data-image-id=\"27046\"\n               data-title=\"Il Far\u00f2 di San Giovanni\"\n               data-description=\"Il Far\u00f2 di San Giovanni\"\n               data-image-slug=\"img_2397_edited_edited\"\n               class=\"ngg-fancybox\" rel=\"6e12eabd3e44f6574bdd578519f1a66f\">\n                <img\n                    title=\"Il Far\u00f2 di San Giovanni\"\n                    alt=\"Il Far\u00f2 di San Giovanni\"\n                    src=\"http:\/\/www.spaziotorino.it\/scatto\/wp-content\/gallery\/2022_06_23_faro\/cache\/IMG_2397_edited_edited.jpg-nggid0527046-ngg0dyn-60x60x100-00f0w010c011r110f110r010t010.jpg\"\n                    width=\"60\"\n                    height=\"60\"\n                    style=\"max-width:100%;\"\n                \/>\n            <\/a>\n        <\/div>\n\t\t\t\t\t\t\t<\/div> \n\t\t\t\n        \n\t\t\t\t<div id=\"ngg-image-15\" class=\"ngg-gallery-thumbnail-box\" >\n\t\t\t\t        <div class=\"ngg-gallery-thumbnail\">\n            <a href=\"http:\/\/www.spaziotorino.it\/scatto\/wp-content\/gallery\/2022_06_23_faro\/IMG_2450_edited_edited.jpg\"\n               title=\"Il Far\u00f2 di San Giovanni\"\n               data-src=\"http:\/\/www.spaziotorino.it\/scatto\/wp-content\/gallery\/2022_06_23_faro\/IMG_2450_edited_edited.jpg\"\n               data-thumbnail=\"http:\/\/www.spaziotorino.it\/scatto\/wp-content\/gallery\/2022_06_23_faro\/thumbs\/thumbs_IMG_2450_edited_edited.jpg\"\n               data-image-id=\"27047\"\n               data-title=\"Il Far\u00f2 di San Giovanni\"\n               data-description=\"Il Far\u00f2 di San Giovanni\"\n               data-image-slug=\"img_2450_edited_edited\"\n               class=\"ngg-fancybox\" rel=\"6e12eabd3e44f6574bdd578519f1a66f\">\n                <img\n                    title=\"Il Far\u00f2 di San Giovanni\"\n                    alt=\"Il Far\u00f2 di San Giovanni\"\n                    src=\"http:\/\/www.spaziotorino.it\/scatto\/wp-content\/gallery\/2022_06_23_faro\/cache\/IMG_2450_edited_edited.jpg-nggid0527047-ngg0dyn-60x60x100-00f0w010c011r110f110r010t010.jpg\"\n                    width=\"60\"\n                    height=\"60\"\n                    style=\"max-width:100%;\"\n                \/>\n            <\/a>\n        <\/div>\n\t\t\t\t\t\t\t<\/div> \n\t\t\t\n        \n\t\t\n\t\t<!-- Pagination -->\n\t<div class='ngg-clear'><\/div>\t<\/div>\n\n<p>Tornano in piazza le tradizionali celebrazioni per la festa di San Giovanni.<br \/>\nGioved\u00ec 23 il Corteo Storico \u00e8 tornato a sfilare le vie del centro, da piazza Carlo Felice fino al municipio dove Gianduja e Giacometta hanno consegnato al Sindaco i Pani della Carit\u00e0 e sono state premiate le migliori tesi di laurea.<br \/>\nIl corteo \u00e8 quindi ripartito da Palazzo Civico in direzione piazza Castello, dove il Sindaco Lo Russo, Gianduia e le autorit\u00e0 cittadine hanno appiccato il fuoco alla catasta del Far\u00f2.<br \/>\nQuest\u2019anno la catasta accesa in piazza Castello \u00e8 caduta verso Porta Nuova, posizione che dovrebbe essere di buon auspicio. <\/p>\n","protected":false},"excerpt":{"rendered":"<p>Tornano in piazza le tradizionali celebrazioni per la festa di San Giovanni. Gioved\u00ec 23 il Corteo Storico \u00e8 tornato a sfilare le vie del centro, da piazza Carlo Felice fino al municipio dove Gianduja e Giacometta hanno consegnato al Sindaco i Pani della Carit\u00e0 e sono state premiate le migliori tesi di laurea. Il corteo [&hellip;]<\/p>\n","protected":false},"author":1,"featured_media":0,"comment_status":"closed","ping_status":"open","sticky":false,"template":"","format":"standard","meta":{"ngg_post_thumbnail":0},"categories":[133,1],"tags":[],"_links":{"self":[{"href":"http:\/\/www.spaziotorino.it\/scatto\/index.php?rest_route=\/wp\/v2\/posts\/42639"}],"collection":[{"href":"http:\/\/www.spaziotorino.it\/scatto\/index.php?rest_route=\/wp\/v2\/posts"}],"about":[{"href":"http:\/\/www.spaziotorino.it\/scatto\/index.php?rest_route=\/wp\/v2\/types\/post"}],"author":[{"embeddable":true,"href":"http:\/\/www.spaziotorino.it\/scatto\/index.php?rest_route=\/wp\/v2\/users\/1"}],"replies":[{"embeddable":true,"href":"http:\/\/www.spaziotorino.it\/scatto\/index.php?rest_route=%2Fwp%2Fv2%2Fcomments&post=42639"}],"version-history":[{"count":3,"href":"http:\/\/www.spaziotorino.it\/scatto\/index.php?rest_route=\/wp\/v2\/posts\/42639\/revisions"}],"predecessor-version":[{"id":42642,"href":"http:\/\/www.spaziotorino.it\/scatto\/index.php?rest_route=\/wp\/v2\/posts\/42639\/revisions\/42642"}],"wp:attachment":[{"href":"http:\/\/www.spaziotorino.it\/scatto\/index.php?rest_route=%2Fwp%2Fv2%2Fmedia&parent=42639"}],"wp:term":[{"taxonomy":"category","embeddable":true,"href":"http:\/\/www.spaziotorino.it\/scatto\/index.php?rest_route=%2Fwp%2Fv2%2Fcategories&post=42639"},{"taxonomy":"post_tag","embeddable":true,"href":"http:\/\/www.spaziotorino.it\/scatto\/index.php?rest_route=%2Fwp%2Fv2%2Ftags&post=42639"}],"curies":[{"name":"wp","href":"https:\/\/api.w.org\/{rel}","templated":true}]}}