{"id":42658,"date":"2022-06-24T14:14:19","date_gmt":"2022-06-24T13:14:19","guid":{"rendered":"http:\/\/www.spaziotorino.it\/scatto\/?p=42658"},"modified":"2022-06-24T14:14:19","modified_gmt":"2022-06-24T13:14:19","slug":"gli-eugenio-in-via-di-gioia-ambasciatori-per-mostrare-al-mondo-le-eccellenze-di-torino","status":"publish","type":"post","link":"http:\/\/www.spaziotorino.it\/scatto\/?p=42658","title":{"rendered":"Gli Eugenio in Via Di Gioia Ambasciatori per mostrare al mondo le eccellenze di Torino"},"content":{"rendered":"<p><a class=\"ngg-fancybox\" title=\"Gli Eugenio in Via Di Gioia Ambasciatori per mostrare al mondo le eccellenze di Torino \" href=\"http:\/\/www.spaziotorino.it\/scatto\/wp-content\/gallery\/2022_06_24_eugenio\/pla_2575.jpg\" rel=\"lightbox[set_1788]\"><br \/>\n<img decoding=\"async\" loading=\"lazy\" class=\"ngg-singlepic\" title=\"Gli Eugenio in Via Di Gioia Ambasciatori per mostrare al mondo le eccellenze di Torino \" src=\"http:\/\/www.spaziotorino.it\/scatto\/wp-content\/gallery\/2022_06_24_eugenio\/pla_2575.jpg\" alt=\"\" width=\"540\" height=\"360\"\/><\/a><\/p>\n<!-- index.php -->\n<div\n\tclass=\"ngg-galleryoverview ngg-ajax-pagination-none\"\n\tid=\"ngg-gallery-e98b17297bf1265d1e7ce1bf54456537-1\">\n\n    \t\t<!-- Thumbnails -->\n\t\t\t\t<div id=\"ngg-image-0\" class=\"ngg-gallery-thumbnail-box\" >\n\t\t\t\t        <div class=\"ngg-gallery-thumbnail\">\n            <a href=\"http:\/\/www.spaziotorino.it\/scatto\/wp-content\/gallery\/2022_06_24_eugenio\/pla_2482.jpg\"\n               title=\"La targa per gli  Eugenio in Via Di Gioia\"\n               data-src=\"http:\/\/www.spaziotorino.it\/scatto\/wp-content\/gallery\/2022_06_24_eugenio\/pla_2482.jpg\"\n               data-thumbnail=\"http:\/\/www.spaziotorino.it\/scatto\/wp-content\/gallery\/2022_06_24_eugenio\/thumbs\/thumbs_pla_2482.jpg\"\n               data-image-id=\"27049\"\n               data-title=\"La targa per gli  Eugenio in Via Di Gioia\"\n               data-description=\"La targa per gli  Eugenio in Via Di Gioia\"\n               data-image-slug=\"pla_2482\"\n               class=\"ngg-fancybox\" rel=\"e98b17297bf1265d1e7ce1bf54456537\">\n                <img\n                    title=\"La targa per gli  Eugenio in Via Di Gioia\"\n                    alt=\"La targa per gli  Eugenio in Via Di Gioia\"\n                    src=\"http:\/\/www.spaziotorino.it\/scatto\/wp-content\/gallery\/2022_06_24_eugenio\/cache\/pla_2482.jpg-nggid0527049-ngg0dyn-60x60x100-00f0w010c011r110f110r010t010.jpg\"\n                    width=\"60\"\n                    height=\"60\"\n                    style=\"max-width:100%;\"\n                \/>\n            <\/a>\n        <\/div>\n\t\t\t\t\t\t\t<\/div> \n\t\t\t\n        \n\t\t\t\t<div id=\"ngg-image-1\" class=\"ngg-gallery-thumbnail-box\" >\n\t\t\t\t        <div class=\"ngg-gallery-thumbnail\">\n            <a href=\"http:\/\/www.spaziotorino.it\/scatto\/wp-content\/gallery\/2022_06_24_eugenio\/pla_2511.jpg\"\n               title=\"Un momento della cerimonia in Sala Rossa\"\n               data-src=\"http:\/\/www.spaziotorino.it\/scatto\/wp-content\/gallery\/2022_06_24_eugenio\/pla_2511.jpg\"\n               data-thumbnail=\"http:\/\/www.spaziotorino.it\/scatto\/wp-content\/gallery\/2022_06_24_eugenio\/thumbs\/thumbs_pla_2511.jpg\"\n               data-image-id=\"27050\"\n               data-title=\"Un momento della cerimonia in Sala Rossa\"\n               data-description=\"Un momento della cerimonia in Sala Rossa\"\n               data-image-slug=\"pla_2511\"\n               class=\"ngg-fancybox\" rel=\"e98b17297bf1265d1e7ce1bf54456537\">\n                <img\n                    title=\"Un momento della cerimonia in Sala Rossa\"\n                    alt=\"Un momento della cerimonia in Sala Rossa\"\n                    src=\"http:\/\/www.spaziotorino.it\/scatto\/wp-content\/gallery\/2022_06_24_eugenio\/cache\/pla_2511.jpg-nggid0527050-ngg0dyn-60x60x100-00f0w010c011r110f110r010t010.jpg\"\n                    width=\"60\"\n                    height=\"60\"\n                    style=\"max-width:100%;\"\n                \/>\n            <\/a>\n        <\/div>\n\t\t\t\t\t\t\t<\/div> \n\t\t\t\n        \n\t\t\t\t<div id=\"ngg-image-2\" class=\"ngg-gallery-thumbnail-box\" >\n\t\t\t\t        <div class=\"ngg-gallery-thumbnail\">\n            <a href=\"http:\/\/www.spaziotorino.it\/scatto\/wp-content\/gallery\/2022_06_24_eugenio\/pla_2515.jpg\"\n               title=\"Maria Grazia Grippo e Stefano Lo Russo\"\n               data-src=\"http:\/\/www.spaziotorino.it\/scatto\/wp-content\/gallery\/2022_06_24_eugenio\/pla_2515.jpg\"\n               data-thumbnail=\"http:\/\/www.spaziotorino.it\/scatto\/wp-content\/gallery\/2022_06_24_eugenio\/thumbs\/thumbs_pla_2515.jpg\"\n               data-image-id=\"27053\"\n               data-title=\"Maria Grazia Grippo e Stefano Lo Russo\"\n               data-description=\"Maria Grazia Grippo e Stefano Lo Russo\"\n               data-image-slug=\"pla_2515-1\"\n               class=\"ngg-fancybox\" rel=\"e98b17297bf1265d1e7ce1bf54456537\">\n                <img\n                    title=\"Maria Grazia Grippo e Stefano Lo Russo\"\n                    alt=\"Maria Grazia Grippo e Stefano Lo Russo\"\n                    src=\"http:\/\/www.spaziotorino.it\/scatto\/wp-content\/gallery\/2022_06_24_eugenio\/cache\/pla_2515.jpg-nggid0527053-ngg0dyn-60x60x100-00f0w010c011r110f110r010t010.jpg\"\n                    width=\"60\"\n                    height=\"60\"\n                    style=\"max-width:100%;\"\n                \/>\n            <\/a>\n        <\/div>\n\t\t\t\t\t\t\t<\/div> \n\t\t\t\n        \n\t\t\t\t<div id=\"ngg-image-3\" class=\"ngg-gallery-thumbnail-box\" >\n\t\t\t\t        <div class=\"ngg-gallery-thumbnail\">\n            <a href=\"http:\/\/www.spaziotorino.it\/scatto\/wp-content\/gallery\/2022_06_24_eugenio\/pla_2561.jpg\"\n               title=\"Gli Eugenio in Via Di Gioia Ambasciatori per mostrare al mondo le eccellenze di Torino\"\n               data-src=\"http:\/\/www.spaziotorino.it\/scatto\/wp-content\/gallery\/2022_06_24_eugenio\/pla_2561.jpg\"\n               data-thumbnail=\"http:\/\/www.spaziotorino.it\/scatto\/wp-content\/gallery\/2022_06_24_eugenio\/thumbs\/thumbs_pla_2561.jpg\"\n               data-image-id=\"27048\"\n               data-title=\"Gli Eugenio in Via Di Gioia Ambasciatori per mostrare al mondo le eccellenze di Torino\"\n               data-description=\"Gli Eugenio in Via Di Gioia Ambasciatori per mostrare al mondo le eccellenze di Torino\"\n               data-image-slug=\"pla_2561\"\n               class=\"ngg-fancybox\" rel=\"e98b17297bf1265d1e7ce1bf54456537\">\n                <img\n                    title=\"Gli Eugenio in Via Di Gioia Ambasciatori per mostrare al mondo le eccellenze di Torino\"\n                    alt=\"Gli Eugenio in Via Di Gioia Ambasciatori per mostrare al mondo le eccellenze di Torino\"\n                    src=\"http:\/\/www.spaziotorino.it\/scatto\/wp-content\/gallery\/2022_06_24_eugenio\/cache\/pla_2561.jpg-nggid0527048-ngg0dyn-60x60x100-00f0w010c011r110f110r010t010.jpg\"\n                    width=\"60\"\n                    height=\"60\"\n                    style=\"max-width:100%;\"\n                \/>\n            <\/a>\n        <\/div>\n\t\t\t\t\t\t\t<\/div> \n\t\t\t\n        \n\t\t\t\t<div id=\"ngg-image-4\" class=\"ngg-gallery-thumbnail-box\" >\n\t\t\t\t        <div class=\"ngg-gallery-thumbnail\">\n            <a href=\"http:\/\/www.spaziotorino.it\/scatto\/wp-content\/gallery\/2022_06_24_eugenio\/pla_2585.jpg\"\n               title=\"Paolo Di Gioia in collegamento telefonico\"\n               data-src=\"http:\/\/www.spaziotorino.it\/scatto\/wp-content\/gallery\/2022_06_24_eugenio\/pla_2585.jpg\"\n               data-thumbnail=\"http:\/\/www.spaziotorino.it\/scatto\/wp-content\/gallery\/2022_06_24_eugenio\/thumbs\/thumbs_pla_2585.jpg\"\n               data-image-id=\"27051\"\n               data-title=\"Paolo Di Gioia in collegamento telefonico\"\n               data-description=\"Paolo Di Gioia in collegamento telefonico\"\n               data-image-slug=\"pla_2585\"\n               class=\"ngg-fancybox\" rel=\"e98b17297bf1265d1e7ce1bf54456537\">\n                <img\n                    title=\"Paolo Di Gioia in collegamento telefonico\"\n                    alt=\"Paolo Di Gioia in collegamento telefonico\"\n                    src=\"http:\/\/www.spaziotorino.it\/scatto\/wp-content\/gallery\/2022_06_24_eugenio\/cache\/pla_2585.jpg-nggid0527051-ngg0dyn-60x60x100-00f0w010c011r110f110r010t010.jpg\"\n                    width=\"60\"\n                    height=\"60\"\n                    style=\"max-width:100%;\"\n                \/>\n            <\/a>\n        <\/div>\n\t\t\t\t\t\t\t<\/div> \n\t\t\t\n        \n\t\t\t\t<div id=\"ngg-image-5\" class=\"ngg-gallery-thumbnail-box\" >\n\t\t\t\t        <div class=\"ngg-gallery-thumbnail\">\n            <a href=\"http:\/\/www.spaziotorino.it\/scatto\/wp-content\/gallery\/2022_06_24_eugenio\/pla_2605.jpg\"\n               title=\"Un momento della cerimonia in Sala Rossa\"\n               data-src=\"http:\/\/www.spaziotorino.it\/scatto\/wp-content\/gallery\/2022_06_24_eugenio\/pla_2605.jpg\"\n               data-thumbnail=\"http:\/\/www.spaziotorino.it\/scatto\/wp-content\/gallery\/2022_06_24_eugenio\/thumbs\/thumbs_pla_2605.jpg\"\n               data-image-id=\"27055\"\n               data-title=\"Un momento della cerimonia in Sala Rossa\"\n               data-description=\"Un momento della cerimonia in Sala Rossa\"\n               data-image-slug=\"pla_2605\"\n               class=\"ngg-fancybox\" rel=\"e98b17297bf1265d1e7ce1bf54456537\">\n                <img\n                    title=\"Un momento della cerimonia in Sala Rossa\"\n                    alt=\"Un momento della cerimonia in Sala Rossa\"\n                    src=\"http:\/\/www.spaziotorino.it\/scatto\/wp-content\/gallery\/2022_06_24_eugenio\/cache\/pla_2605.jpg-nggid0527055-ngg0dyn-60x60x100-00f0w010c011r110f110r010t010.jpg\"\n                    width=\"60\"\n                    height=\"60\"\n                    style=\"max-width:100%;\"\n                \/>\n            <\/a>\n        <\/div>\n\t\t\t\t\t\t\t<\/div> \n\t\t\t\n        \n\t\t\t\t<div id=\"ngg-image-6\" class=\"ngg-gallery-thumbnail-box\" >\n\t\t\t\t        <div class=\"ngg-gallery-thumbnail\">\n            <a href=\"http:\/\/www.spaziotorino.it\/scatto\/wp-content\/gallery\/2022_06_24_eugenio\/pla_2611.jpg\"\n               title=\"Eugenio Cesaro\"\n               data-src=\"http:\/\/www.spaziotorino.it\/scatto\/wp-content\/gallery\/2022_06_24_eugenio\/pla_2611.jpg\"\n               data-thumbnail=\"http:\/\/www.spaziotorino.it\/scatto\/wp-content\/gallery\/2022_06_24_eugenio\/thumbs\/thumbs_pla_2611.jpg\"\n               data-image-id=\"27054\"\n               data-title=\"Eugenio Cesaro\"\n               data-description=\"Eugenio Cesaro\"\n               data-image-slug=\"pla_2611\"\n               class=\"ngg-fancybox\" rel=\"e98b17297bf1265d1e7ce1bf54456537\">\n                <img\n                    title=\"Eugenio Cesaro\"\n                    alt=\"Eugenio Cesaro\"\n                    src=\"http:\/\/www.spaziotorino.it\/scatto\/wp-content\/gallery\/2022_06_24_eugenio\/cache\/pla_2611.jpg-nggid0527054-ngg0dyn-60x60x100-00f0w010c011r110f110r010t010.jpg\"\n                    width=\"60\"\n                    height=\"60\"\n                    style=\"max-width:100%;\"\n                \/>\n            <\/a>\n        <\/div>\n\t\t\t\t\t\t\t<\/div> \n\t\t\t\n        \n\t\t\t\t<div id=\"ngg-image-7\" class=\"ngg-gallery-thumbnail-box\" >\n\t\t\t\t        <div class=\"ngg-gallery-thumbnail\">\n            <a href=\"http:\/\/www.spaziotorino.it\/scatto\/wp-content\/gallery\/2022_06_24_eugenio\/pla_2631.jpg\"\n               title=\"Un momento della cerimonia in Sala Rossa\"\n               data-src=\"http:\/\/www.spaziotorino.it\/scatto\/wp-content\/gallery\/2022_06_24_eugenio\/pla_2631.jpg\"\n               data-thumbnail=\"http:\/\/www.spaziotorino.it\/scatto\/wp-content\/gallery\/2022_06_24_eugenio\/thumbs\/thumbs_pla_2631.jpg\"\n               data-image-id=\"27058\"\n               data-title=\"Un momento della cerimonia in Sala Rossa\"\n               data-description=\"Un momento della cerimonia in Sala Rossa\"\n               data-image-slug=\"pla_2631\"\n               class=\"ngg-fancybox\" rel=\"e98b17297bf1265d1e7ce1bf54456537\">\n                <img\n                    title=\"Un momento della cerimonia in Sala Rossa\"\n                    alt=\"Un momento della cerimonia in Sala Rossa\"\n                    src=\"http:\/\/www.spaziotorino.it\/scatto\/wp-content\/gallery\/2022_06_24_eugenio\/cache\/pla_2631.jpg-nggid0527058-ngg0dyn-60x60x100-00f0w010c011r110f110r010t010.jpg\"\n                    width=\"60\"\n                    height=\"60\"\n                    style=\"max-width:100%;\"\n                \/>\n            <\/a>\n        <\/div>\n\t\t\t\t\t\t\t<\/div> \n\t\t\t\n        \n\t\t\t\t<div id=\"ngg-image-8\" class=\"ngg-gallery-thumbnail-box\" >\n\t\t\t\t        <div class=\"ngg-gallery-thumbnail\">\n            <a href=\"http:\/\/www.spaziotorino.it\/scatto\/wp-content\/gallery\/2022_06_24_eugenio\/pla_2638.jpg\"\n               title=\"Il Sindaco Stefano Lo Russo\"\n               data-src=\"http:\/\/www.spaziotorino.it\/scatto\/wp-content\/gallery\/2022_06_24_eugenio\/pla_2638.jpg\"\n               data-thumbnail=\"http:\/\/www.spaziotorino.it\/scatto\/wp-content\/gallery\/2022_06_24_eugenio\/thumbs\/thumbs_pla_2638.jpg\"\n               data-image-id=\"27056\"\n               data-title=\"Il Sindaco Stefano Lo Russo\"\n               data-description=\"Il Sindaco Stefano Lo Russo\"\n               data-image-slug=\"pla_2638\"\n               class=\"ngg-fancybox\" rel=\"e98b17297bf1265d1e7ce1bf54456537\">\n                <img\n                    title=\"Il Sindaco Stefano Lo Russo\"\n                    alt=\"Il Sindaco Stefano Lo Russo\"\n                    src=\"http:\/\/www.spaziotorino.it\/scatto\/wp-content\/gallery\/2022_06_24_eugenio\/cache\/pla_2638.jpg-nggid0527056-ngg0dyn-60x60x100-00f0w010c011r110f110r010t010.jpg\"\n                    width=\"60\"\n                    height=\"60\"\n                    style=\"max-width:100%;\"\n                \/>\n            <\/a>\n        <\/div>\n\t\t\t\t\t\t\t<\/div> \n\t\t\t\n        \n\t\t\t\t<div id=\"ngg-image-9\" class=\"ngg-gallery-thumbnail-box\" >\n\t\t\t\t        <div class=\"ngg-gallery-thumbnail\">\n            <a href=\"http:\/\/www.spaziotorino.it\/scatto\/wp-content\/gallery\/2022_06_24_eugenio\/pla_2659.jpg\"\n               title=\"L&#039;omaggio canoro degli Eugenio in Via Di Gioia\"\n               data-src=\"http:\/\/www.spaziotorino.it\/scatto\/wp-content\/gallery\/2022_06_24_eugenio\/pla_2659.jpg\"\n               data-thumbnail=\"http:\/\/www.spaziotorino.it\/scatto\/wp-content\/gallery\/2022_06_24_eugenio\/thumbs\/thumbs_pla_2659.jpg\"\n               data-image-id=\"27059\"\n               data-title=\"L&#039;omaggio canoro degli Eugenio in Via Di Gioia\"\n               data-description=\"L&#039;omaggio canoro degli Eugenio in Via Di Gioia\"\n               data-image-slug=\"pla_2659\"\n               class=\"ngg-fancybox\" rel=\"e98b17297bf1265d1e7ce1bf54456537\">\n                <img\n                    title=\"L&#039;omaggio canoro degli Eugenio in Via Di Gioia\"\n                    alt=\"L&#039;omaggio canoro degli Eugenio in Via Di Gioia\"\n                    src=\"http:\/\/www.spaziotorino.it\/scatto\/wp-content\/gallery\/2022_06_24_eugenio\/cache\/pla_2659.jpg-nggid0527059-ngg0dyn-60x60x100-00f0w010c011r110f110r010t010.jpg\"\n                    width=\"60\"\n                    height=\"60\"\n                    style=\"max-width:100%;\"\n                \/>\n            <\/a>\n        <\/div>\n\t\t\t\t\t\t\t<\/div> \n\t\t\t\n        \n\t\t\t\t<div id=\"ngg-image-10\" class=\"ngg-gallery-thumbnail-box\" >\n\t\t\t\t        <div class=\"ngg-gallery-thumbnail\">\n            <a href=\"http:\/\/www.spaziotorino.it\/scatto\/wp-content\/gallery\/2022_06_24_eugenio\/pla_2696.jpg\"\n               title=\"Il Sindaco e gli Eugenio cantano Gianna\"\n               data-src=\"http:\/\/www.spaziotorino.it\/scatto\/wp-content\/gallery\/2022_06_24_eugenio\/pla_2696.jpg\"\n               data-thumbnail=\"http:\/\/www.spaziotorino.it\/scatto\/wp-content\/gallery\/2022_06_24_eugenio\/thumbs\/thumbs_pla_2696.jpg\"\n               data-image-id=\"27057\"\n               data-title=\"Il Sindaco e gli Eugenio cantano Gianna\"\n               data-description=\"Il Sindaco e gli Eugenio cantano Gianna\"\n               data-image-slug=\"pla_2696-1\"\n               class=\"ngg-fancybox\" rel=\"e98b17297bf1265d1e7ce1bf54456537\">\n                <img\n                    title=\"Il Sindaco e gli Eugenio cantano Gianna\"\n                    alt=\"Il Sindaco e gli Eugenio cantano Gianna\"\n                    src=\"http:\/\/www.spaziotorino.it\/scatto\/wp-content\/gallery\/2022_06_24_eugenio\/cache\/pla_2696.jpg-nggid0527057-ngg0dyn-60x60x100-00f0w010c011r110f110r010t010.jpg\"\n                    width=\"60\"\n                    height=\"60\"\n                    style=\"max-width:100%;\"\n                \/>\n            <\/a>\n        <\/div>\n\t\t\t\t\t\t\t<\/div> \n\t\t\t\n        \n\t\t\t\t<div id=\"ngg-image-11\" class=\"ngg-gallery-thumbnail-box\" >\n\t\t\t\t        <div class=\"ngg-gallery-thumbnail\">\n            <a href=\"http:\/\/www.spaziotorino.it\/scatto\/wp-content\/gallery\/2022_06_24_eugenio\/pla_2713.jpg\"\n               title=\"Gli Eugenio in Via Di Gioia Ambasciatori per mostrare al mondo le eccellenze di Torino\"\n               data-src=\"http:\/\/www.spaziotorino.it\/scatto\/wp-content\/gallery\/2022_06_24_eugenio\/pla_2713.jpg\"\n               data-thumbnail=\"http:\/\/www.spaziotorino.it\/scatto\/wp-content\/gallery\/2022_06_24_eugenio\/thumbs\/thumbs_pla_2713.jpg\"\n               data-image-id=\"27061\"\n               data-title=\"Gli Eugenio in Via Di Gioia Ambasciatori per mostrare al mondo le eccellenze di Torino\"\n               data-description=\"Gli Eugenio in Via Di Gioia Ambasciatori per mostrare al mondo le eccellenze di Torino\"\n               data-image-slug=\"pla_2713\"\n               class=\"ngg-fancybox\" rel=\"e98b17297bf1265d1e7ce1bf54456537\">\n                <img\n                    title=\"Gli Eugenio in Via Di Gioia Ambasciatori per mostrare al mondo le eccellenze di Torino\"\n                    alt=\"Gli Eugenio in Via Di Gioia Ambasciatori per mostrare al mondo le eccellenze di Torino\"\n                    src=\"http:\/\/www.spaziotorino.it\/scatto\/wp-content\/gallery\/2022_06_24_eugenio\/cache\/pla_2713.jpg-nggid0527061-ngg0dyn-60x60x100-00f0w010c011r110f110r010t010.jpg\"\n                    width=\"60\"\n                    height=\"60\"\n                    style=\"max-width:100%;\"\n                \/>\n            <\/a>\n        <\/div>\n\t\t\t\t\t\t\t<\/div> \n\t\t\t\n        \n\t\t\t\t<div id=\"ngg-image-12\" class=\"ngg-gallery-thumbnail-box\" >\n\t\t\t\t        <div class=\"ngg-gallery-thumbnail\">\n            <a href=\"http:\/\/www.spaziotorino.it\/scatto\/wp-content\/gallery\/2022_06_24_eugenio\/pla_2740.jpg\"\n               title=\"Gli Eugenio in Via Di Gioia con Gianna (Pentenero)\"\n               data-src=\"http:\/\/www.spaziotorino.it\/scatto\/wp-content\/gallery\/2022_06_24_eugenio\/pla_2740.jpg\"\n               data-thumbnail=\"http:\/\/www.spaziotorino.it\/scatto\/wp-content\/gallery\/2022_06_24_eugenio\/thumbs\/thumbs_pla_2740.jpg\"\n               data-image-id=\"27060\"\n               data-title=\"Gli Eugenio in Via Di Gioia con Gianna (Pentenero)\"\n               data-description=\"Gli Eugenio in Via Di Gioia con Gianna (Pentenero)\"\n               data-image-slug=\"pla_2740\"\n               class=\"ngg-fancybox\" rel=\"e98b17297bf1265d1e7ce1bf54456537\">\n                <img\n                    title=\"Gli Eugenio in Via Di Gioia con Gianna (Pentenero)\"\n                    alt=\"Gli Eugenio in Via Di Gioia con Gianna (Pentenero)\"\n                    src=\"http:\/\/www.spaziotorino.it\/scatto\/wp-content\/gallery\/2022_06_24_eugenio\/cache\/pla_2740.jpg-nggid0527060-ngg0dyn-60x60x100-00f0w010c011r110f110r010t010.jpg\"\n                    width=\"60\"\n                    height=\"60\"\n                    style=\"max-width:100%;\"\n                \/>\n            <\/a>\n        <\/div>\n\t\t\t\t\t\t\t<\/div> \n\t\t\t\n        \n\t\t\n\t\t<!-- Pagination -->\n\t<div class='ngg-clear'><\/div>\t<\/div>\n\n<p class=\"ox-f87a825a69-MsoNormal\">Torino \u00e8 orgogliosa di annoverarli tra i suoi cittadini e loro si sono detti onorati di rappresentare nel mondo la citt\u00e0 della Mole: sono le persone che nel giorno di San Giovanni Battista, nella Sala Rossa di Palazzo Civico,&nbsp;<b>il sindaco Stefano Lo Russo<\/b>&nbsp;e la&nbsp;<b>presidente del Consiglio comunale, Maria Grazia Grippo<\/b>, hanno nominato ambasciatori delle eccellenze del territorio torinese.<\/p>\n<p class=\"ox-f87a825a69-MsoNormal\">A ricevere questa mattina l\u2019incarico di portare nei cinque continenti l\u2019immagine migliore del capoluogo piemontese sono stati i quattro componenti del gruppo musicale&nbsp;<b>Eugenio in Via Di Gioia<\/b>&nbsp;(<b>Eugenio Cesaro, Emanuele Via, Paolo Di Gioia e Lorenzo Federici) nominati ambasciatori<\/b>&nbsp;perch\u00e9, si legge nella motivazione:<\/p>\n<p class=\"ox-f87a825a69-MsoNormal\">&#8220;<i>il gruppo musicale, nato a Torino e sempre attivo sullo scenario musicale cittadino, ha portato con i suoi testi e la musica la nostra citt\u00e0 al di fuori dei nostri confini, diventando riferimento popolare nel panorama musicale nazionale e internazionale. Inoltre, durante l\u2019ultima edizione dell\u2019Eurovision Song Contest di Torino ha diffuso la musica in modo spontaneo e coinvolgente, trascinando un pubblico sempre crescente e i numerosi turisti presenti in quei giorni nella nostra citt\u00e0.&nbsp; Con questo riconoscimento intendiamo estendere ai pi\u00f9 giovani la conoscenza di Torino, in coerenza con gli obiettivi dell\u2019Amministrazione a sostegno di una citt\u00e0 sempre pi\u00f9 a loro misura<\/i>\u201d.<\/p>\n<p class=\"ox-f87a825a69-MsoNormal\"><i>&nbsp;<\/i><i>\u201cIl conferimento del titolo \u00e8 un invito all\u2019azione ed \u00e8 anche una richiesta di relazione stabile con la Citt\u00e0 formulata nella ricorrenza pi\u00f9 sentita dalla comunit\u00e0 torinese \u2013&nbsp;<\/i><a name=\"_Hlk106958017\"><\/a><b>ha dichiarato la presidente del Consiglio comunale, Maria Grazia Grippo<i>&nbsp;-.<\/i><\/b><i>&nbsp;<\/i><i>Su proposta del sindaco, la conferenza dei capigruppo ha deciso di conferire il titolo di Ambasciatori nel mondo delle eccellenze del territorio torinese agli Eugenio In Via Di Gioia, una band che a proposito del prerequisito determinato dal valore dell\u2019attivit\u00e0 non ha bisogno di presentazioni. I loro successi nel panorama musicale come le loro gioiose stravaganze extramusicali sono ormai parte integrante della storia artistica pi\u00f9 recente della nostra citt\u00e0. Su tutto spicca l\u2019aver voluto consolidare nel tempo la loro cifra distintiva, rappresentata dall\u2019impegno sociale, dall\u2019attenzione all\u2019ambiente e all\u2019umanit\u00e0 nel senso pi\u00f9 alto, tanto da aver mantenuto con il proprio pubblico quel rapporto orizzontale che \u00e8 stato decisivo nei successi dei primi tempi\u201d.<\/i><\/p>\n<p class=\"ox-f87a825a69-MsoNormal\">Alla cerimonia erano presenti tre dei quattro componenti il gruppo: Eugenio Cesaro, Emanuele Via e Lorenzo Federici, nella foto insieme al sindaco Lo Russo e alla presidente del Consiglio comunale Grippo.<\/p>\n","protected":false},"excerpt":{"rendered":"<p>Torino \u00e8 orgogliosa di annoverarli tra i suoi cittadini e loro si sono detti onorati di rappresentare nel mondo la citt\u00e0 della Mole: sono le persone che nel giorno di San Giovanni Battista, nella Sala Rossa di Palazzo Civico,&nbsp;il sindaco Stefano Lo Russo&nbsp;e la&nbsp;presidente del Consiglio comunale, Maria Grazia Grippo, hanno nominato ambasciatori delle eccellenze [&hellip;]<\/p>\n","protected":false},"author":1,"featured_media":0,"comment_status":"closed","ping_status":"open","sticky":false,"template":"","format":"standard","meta":{"ngg_post_thumbnail":0},"categories":[1,895],"tags":[],"_links":{"self":[{"href":"http:\/\/www.spaziotorino.it\/scatto\/index.php?rest_route=\/wp\/v2\/posts\/42658"}],"collection":[{"href":"http:\/\/www.spaziotorino.it\/scatto\/index.php?rest_route=\/wp\/v2\/posts"}],"about":[{"href":"http:\/\/www.spaziotorino.it\/scatto\/index.php?rest_route=\/wp\/v2\/types\/post"}],"author":[{"embeddable":true,"href":"http:\/\/www.spaziotorino.it\/scatto\/index.php?rest_route=\/wp\/v2\/users\/1"}],"replies":[{"embeddable":true,"href":"http:\/\/www.spaziotorino.it\/scatto\/index.php?rest_route=%2Fwp%2Fv2%2Fcomments&post=42658"}],"version-history":[{"count":2,"href":"http:\/\/www.spaziotorino.it\/scatto\/index.php?rest_route=\/wp\/v2\/posts\/42658\/revisions"}],"predecessor-version":[{"id":42660,"href":"http:\/\/www.spaziotorino.it\/scatto\/index.php?rest_route=\/wp\/v2\/posts\/42658\/revisions\/42660"}],"wp:attachment":[{"href":"http:\/\/www.spaziotorino.it\/scatto\/index.php?rest_route=%2Fwp%2Fv2%2Fmedia&parent=42658"}],"wp:term":[{"taxonomy":"category","embeddable":true,"href":"http:\/\/www.spaziotorino.it\/scatto\/index.php?rest_route=%2Fwp%2Fv2%2Fcategories&post=42658"},{"taxonomy":"post_tag","embeddable":true,"href":"http:\/\/www.spaziotorino.it\/scatto\/index.php?rest_route=%2Fwp%2Fv2%2Ftags&post=42658"}],"curies":[{"name":"wp","href":"https:\/\/api.w.org\/{rel}","templated":true}]}}