{"id":42676,"date":"2022-06-23T17:30:40","date_gmt":"2022-06-23T16:30:40","guid":{"rendered":"http:\/\/www.spaziotorino.it\/scatto\/?p=42676"},"modified":"2022-06-24T16:09:01","modified_gmt":"2022-06-24T15:09:01","slug":"ethological-art-hall-of-fame-larte-urbana-anima-lex-zoo-di-torino","status":"publish","type":"post","link":"http:\/\/www.spaziotorino.it\/scatto\/?p=42676","title":{"rendered":"Ethological Art, Hall of Fame &#8211; L&#8217;Arte Urbana anima l&#8217;ex Zoo di Torino"},"content":{"rendered":"<p><a class=\"ngg-fancybox\" title=\"Ethological Art, Hall of Fame - L'Arte Urbana anima l'ex Zoo di Torino\" href=\"http:\/\/www.spaziotorino.it\/scatto\/wp-content\/gallery\/2022_06_23_ethological\/pla_1821.jpg\" rel=\"lightbox[set_1789]\"><br \/>\n<img decoding=\"async\" loading=\"lazy\" class=\"ngg-singlepic\" title=\"Ethological Art, Hall of Fame - L'Arte Urbana anima l'ex Zoo di Torino\" src=\"http:\/\/www.spaziotorino.it\/scatto\/wp-content\/gallery\/2022_06_23_ethological\/pla_1821.jpg\" alt=\"\" width=\"540\" height=\"360\"\/><\/a><\/p>\n<!-- index.php -->\n<div\n\tclass=\"ngg-galleryoverview ngg-ajax-pagination-none\"\n\tid=\"ngg-gallery-e139b914a1d493bd07a601512f0c97f6-1\">\n\n    \t\t<!-- Thumbnails -->\n\t\t\t\t<div id=\"ngg-image-0\" class=\"ngg-gallery-thumbnail-box\" >\n\t\t\t\t        <div class=\"ngg-gallery-thumbnail\">\n            <a href=\"http:\/\/www.spaziotorino.it\/scatto\/wp-content\/gallery\/2022_06_23_ethological\/pla_1814.jpg\"\n               title=\"Ethological Art, Hall of Fame\"\n               data-src=\"http:\/\/www.spaziotorino.it\/scatto\/wp-content\/gallery\/2022_06_23_ethological\/pla_1814.jpg\"\n               data-thumbnail=\"http:\/\/www.spaziotorino.it\/scatto\/wp-content\/gallery\/2022_06_23_ethological\/thumbs\/thumbs_pla_1814.jpg\"\n               data-image-id=\"27064\"\n               data-title=\"Ethological Art, Hall of Fame\"\n               data-description=\"Ethological Art, Hall of Fame\"\n               data-image-slug=\"pla_1814-1\"\n               class=\"ngg-fancybox\" rel=\"e139b914a1d493bd07a601512f0c97f6\">\n                <img\n                    title=\"Ethological Art, Hall of Fame\"\n                    alt=\"Ethological Art, Hall of Fame\"\n                    src=\"http:\/\/www.spaziotorino.it\/scatto\/wp-content\/gallery\/2022_06_23_ethological\/cache\/pla_1814.jpg-nggid0527064-ngg0dyn-60x60x100-00f0w010c011r110f110r010t010.jpg\"\n                    width=\"60\"\n                    height=\"60\"\n                    style=\"max-width:100%;\"\n                \/>\n            <\/a>\n        <\/div>\n\t\t\t\t\t\t\t<\/div> \n\t\t\t\n        \n\t\t\t\t<div id=\"ngg-image-1\" class=\"ngg-gallery-thumbnail-box\" >\n\t\t\t\t        <div class=\"ngg-gallery-thumbnail\">\n            <a href=\"http:\/\/www.spaziotorino.it\/scatto\/wp-content\/gallery\/2022_06_23_ethological\/pla_1863.jpg\"\n               title=\"Gli artisti di Ethological Art, Hall of Fame\"\n               data-src=\"http:\/\/www.spaziotorino.it\/scatto\/wp-content\/gallery\/2022_06_23_ethological\/pla_1863.jpg\"\n               data-thumbnail=\"http:\/\/www.spaziotorino.it\/scatto\/wp-content\/gallery\/2022_06_23_ethological\/thumbs\/thumbs_pla_1863.jpg\"\n               data-image-id=\"27073\"\n               data-title=\"Gli artisti di Ethological Art, Hall of Fame\"\n               data-description=\"Gli artisti di Ethological Art, Hall of Fame\"\n               data-image-slug=\"pla_1863\"\n               class=\"ngg-fancybox\" rel=\"e139b914a1d493bd07a601512f0c97f6\">\n                <img\n                    title=\"Gli artisti di Ethological Art, Hall of Fame\"\n                    alt=\"Gli artisti di Ethological Art, Hall of Fame\"\n                    src=\"http:\/\/www.spaziotorino.it\/scatto\/wp-content\/gallery\/2022_06_23_ethological\/cache\/pla_1863.jpg-nggid0527073-ngg0dyn-60x60x100-00f0w010c011r110f110r010t010.jpg\"\n                    width=\"60\"\n                    height=\"60\"\n                    style=\"max-width:100%;\"\n                \/>\n            <\/a>\n        <\/div>\n\t\t\t\t\t\t\t<\/div> \n\t\t\t\n        \n\t\t\t\t<div id=\"ngg-image-2\" class=\"ngg-gallery-thumbnail-box\" >\n\t\t\t\t        <div class=\"ngg-gallery-thumbnail\">\n            <a href=\"http:\/\/www.spaziotorino.it\/scatto\/wp-content\/gallery\/2022_06_23_ethological\/pla_1794.jpg\"\n               title=\"Ethological Art, Hall of Fame\"\n               data-src=\"http:\/\/www.spaziotorino.it\/scatto\/wp-content\/gallery\/2022_06_23_ethological\/pla_1794.jpg\"\n               data-thumbnail=\"http:\/\/www.spaziotorino.it\/scatto\/wp-content\/gallery\/2022_06_23_ethological\/thumbs\/thumbs_pla_1794.jpg\"\n               data-image-id=\"27062\"\n               data-title=\"Ethological Art, Hall of Fame\"\n               data-description=\"Ethological Art, Hall of Fame\"\n               data-image-slug=\"pla_1794\"\n               class=\"ngg-fancybox\" rel=\"e139b914a1d493bd07a601512f0c97f6\">\n                <img\n                    title=\"Ethological Art, Hall of Fame\"\n                    alt=\"Ethological Art, Hall of Fame\"\n                    src=\"http:\/\/www.spaziotorino.it\/scatto\/wp-content\/gallery\/2022_06_23_ethological\/cache\/pla_1794.jpg-nggid0527062-ngg0dyn-60x60x100-00f0w010c011r110f110r010t010.jpg\"\n                    width=\"60\"\n                    height=\"60\"\n                    style=\"max-width:100%;\"\n                \/>\n            <\/a>\n        <\/div>\n\t\t\t\t\t\t\t<\/div> \n\t\t\t\n        \n\t\t\t\t<div id=\"ngg-image-3\" class=\"ngg-gallery-thumbnail-box\" >\n\t\t\t\t        <div class=\"ngg-gallery-thumbnail\">\n            <a href=\"http:\/\/www.spaziotorino.it\/scatto\/wp-content\/gallery\/2022_06_23_ethological\/pla_1809.jpg\"\n               title=\"Ethological Art, Hall of Fame\"\n               data-src=\"http:\/\/www.spaziotorino.it\/scatto\/wp-content\/gallery\/2022_06_23_ethological\/pla_1809.jpg\"\n               data-thumbnail=\"http:\/\/www.spaziotorino.it\/scatto\/wp-content\/gallery\/2022_06_23_ethological\/thumbs\/thumbs_pla_1809.jpg\"\n               data-image-id=\"27063\"\n               data-title=\"Ethological Art, Hall of Fame\"\n               data-description=\"Ethological Art, Hall of Fame\"\n               data-image-slug=\"pla_1809\"\n               class=\"ngg-fancybox\" rel=\"e139b914a1d493bd07a601512f0c97f6\">\n                <img\n                    title=\"Ethological Art, Hall of Fame\"\n                    alt=\"Ethological Art, Hall of Fame\"\n                    src=\"http:\/\/www.spaziotorino.it\/scatto\/wp-content\/gallery\/2022_06_23_ethological\/cache\/pla_1809.jpg-nggid0527063-ngg0dyn-60x60x100-00f0w010c011r110f110r010t010.jpg\"\n                    width=\"60\"\n                    height=\"60\"\n                    style=\"max-width:100%;\"\n                \/>\n            <\/a>\n        <\/div>\n\t\t\t\t\t\t\t<\/div> \n\t\t\t\n        \n\t\t\t\t<div id=\"ngg-image-4\" class=\"ngg-gallery-thumbnail-box\" >\n\t\t\t\t        <div class=\"ngg-gallery-thumbnail\">\n            <a href=\"http:\/\/www.spaziotorino.it\/scatto\/wp-content\/gallery\/2022_06_23_ethological\/pla_1813.jpg\"\n               title=\"Ethological Art, Hall of Fame\"\n               data-src=\"http:\/\/www.spaziotorino.it\/scatto\/wp-content\/gallery\/2022_06_23_ethological\/pla_1813.jpg\"\n               data-thumbnail=\"http:\/\/www.spaziotorino.it\/scatto\/wp-content\/gallery\/2022_06_23_ethological\/thumbs\/thumbs_pla_1813.jpg\"\n               data-image-id=\"27066\"\n               data-title=\"Ethological Art, Hall of Fame\"\n               data-description=\"Ethological Art, Hall of Fame\"\n               data-image-slug=\"pla_1813\"\n               class=\"ngg-fancybox\" rel=\"e139b914a1d493bd07a601512f0c97f6\">\n                <img\n                    title=\"Ethological Art, Hall of Fame\"\n                    alt=\"Ethological Art, Hall of Fame\"\n                    src=\"http:\/\/www.spaziotorino.it\/scatto\/wp-content\/gallery\/2022_06_23_ethological\/cache\/pla_1813.jpg-nggid0527066-ngg0dyn-60x60x100-00f0w010c011r110f110r010t010.jpg\"\n                    width=\"60\"\n                    height=\"60\"\n                    style=\"max-width:100%;\"\n                \/>\n            <\/a>\n        <\/div>\n\t\t\t\t\t\t\t<\/div> \n\t\t\t\n        \n\t\t\t\t<div id=\"ngg-image-5\" class=\"ngg-gallery-thumbnail-box\" >\n\t\t\t\t        <div class=\"ngg-gallery-thumbnail\">\n            <a href=\"http:\/\/www.spaziotorino.it\/scatto\/wp-content\/gallery\/2022_06_23_ethological\/pla_1803.jpg\"\n               title=\"Ethological Art, Hall of Fame\"\n               data-src=\"http:\/\/www.spaziotorino.it\/scatto\/wp-content\/gallery\/2022_06_23_ethological\/pla_1803.jpg\"\n               data-thumbnail=\"http:\/\/www.spaziotorino.it\/scatto\/wp-content\/gallery\/2022_06_23_ethological\/thumbs\/thumbs_pla_1803.jpg\"\n               data-image-id=\"27065\"\n               data-title=\"Ethological Art, Hall of Fame\"\n               data-description=\"Ethological Art, Hall of Fame\"\n               data-image-slug=\"pla_1803-2\"\n               class=\"ngg-fancybox\" rel=\"e139b914a1d493bd07a601512f0c97f6\">\n                <img\n                    title=\"Ethological Art, Hall of Fame\"\n                    alt=\"Ethological Art, Hall of Fame\"\n                    src=\"http:\/\/www.spaziotorino.it\/scatto\/wp-content\/gallery\/2022_06_23_ethological\/cache\/pla_1803.jpg-nggid0527065-ngg0dyn-60x60x100-00f0w010c011r110f110r010t010.jpg\"\n                    width=\"60\"\n                    height=\"60\"\n                    style=\"max-width:100%;\"\n                \/>\n            <\/a>\n        <\/div>\n\t\t\t\t\t\t\t<\/div> \n\t\t\t\n        \n\t\t\t\t<div id=\"ngg-image-6\" class=\"ngg-gallery-thumbnail-box\" >\n\t\t\t\t        <div class=\"ngg-gallery-thumbnail\">\n            <a href=\"http:\/\/www.spaziotorino.it\/scatto\/wp-content\/gallery\/2022_06_23_ethological\/pla_1810.jpg\"\n               title=\"Ethological Art, Hall of Fame\"\n               data-src=\"http:\/\/www.spaziotorino.it\/scatto\/wp-content\/gallery\/2022_06_23_ethological\/pla_1810.jpg\"\n               data-thumbnail=\"http:\/\/www.spaziotorino.it\/scatto\/wp-content\/gallery\/2022_06_23_ethological\/thumbs\/thumbs_pla_1810.jpg\"\n               data-image-id=\"27067\"\n               data-title=\"Ethological Art, Hall of Fame\"\n               data-description=\"Ethological Art, Hall of Fame\"\n               data-image-slug=\"pla_1810\"\n               class=\"ngg-fancybox\" rel=\"e139b914a1d493bd07a601512f0c97f6\">\n                <img\n                    title=\"Ethological Art, Hall of Fame\"\n                    alt=\"Ethological Art, Hall of Fame\"\n                    src=\"http:\/\/www.spaziotorino.it\/scatto\/wp-content\/gallery\/2022_06_23_ethological\/cache\/pla_1810.jpg-nggid0527067-ngg0dyn-60x60x100-00f0w010c011r110f110r010t010.jpg\"\n                    width=\"60\"\n                    height=\"60\"\n                    style=\"max-width:100%;\"\n                \/>\n            <\/a>\n        <\/div>\n\t\t\t\t\t\t\t<\/div> \n\t\t\t\n        \n\t\t\t\t<div id=\"ngg-image-7\" class=\"ngg-gallery-thumbnail-box\" >\n\t\t\t\t        <div class=\"ngg-gallery-thumbnail\">\n            <a href=\"http:\/\/www.spaziotorino.it\/scatto\/wp-content\/gallery\/2022_06_23_ethological\/pla_1826.jpg\"\n               title=\"Ethological Art, Hall of Fame\"\n               data-src=\"http:\/\/www.spaziotorino.it\/scatto\/wp-content\/gallery\/2022_06_23_ethological\/pla_1826.jpg\"\n               data-thumbnail=\"http:\/\/www.spaziotorino.it\/scatto\/wp-content\/gallery\/2022_06_23_ethological\/thumbs\/thumbs_pla_1826.jpg\"\n               data-image-id=\"27068\"\n               data-title=\"Ethological Art, Hall of Fame\"\n               data-description=\"Ethological Art, Hall of Fame\"\n               data-image-slug=\"pla_1826-1\"\n               class=\"ngg-fancybox\" rel=\"e139b914a1d493bd07a601512f0c97f6\">\n                <img\n                    title=\"Ethological Art, Hall of Fame\"\n                    alt=\"Ethological Art, Hall of Fame\"\n                    src=\"http:\/\/www.spaziotorino.it\/scatto\/wp-content\/gallery\/2022_06_23_ethological\/cache\/pla_1826.jpg-nggid0527068-ngg0dyn-60x60x100-00f0w010c011r110f110r010t010.jpg\"\n                    width=\"60\"\n                    height=\"60\"\n                    style=\"max-width:100%;\"\n                \/>\n            <\/a>\n        <\/div>\n\t\t\t\t\t\t\t<\/div> \n\t\t\t\n        \n\t\t\t\t<div id=\"ngg-image-8\" class=\"ngg-gallery-thumbnail-box\" >\n\t\t\t\t        <div class=\"ngg-gallery-thumbnail\">\n            <a href=\"http:\/\/www.spaziotorino.it\/scatto\/wp-content\/gallery\/2022_06_23_ethological\/pla_1845.jpg\"\n               title=\"Ethological Art, Hall of Fame\"\n               data-src=\"http:\/\/www.spaziotorino.it\/scatto\/wp-content\/gallery\/2022_06_23_ethological\/pla_1845.jpg\"\n               data-thumbnail=\"http:\/\/www.spaziotorino.it\/scatto\/wp-content\/gallery\/2022_06_23_ethological\/thumbs\/thumbs_pla_1845.jpg\"\n               data-image-id=\"27069\"\n               data-title=\"Ethological Art, Hall of Fame\"\n               data-description=\"Ethological Art, Hall of Fame\"\n               data-image-slug=\"pla_1845\"\n               class=\"ngg-fancybox\" rel=\"e139b914a1d493bd07a601512f0c97f6\">\n                <img\n                    title=\"Ethological Art, Hall of Fame\"\n                    alt=\"Ethological Art, Hall of Fame\"\n                    src=\"http:\/\/www.spaziotorino.it\/scatto\/wp-content\/gallery\/2022_06_23_ethological\/cache\/pla_1845.jpg-nggid0527069-ngg0dyn-60x60x100-00f0w010c011r110f110r010t010.jpg\"\n                    width=\"60\"\n                    height=\"60\"\n                    style=\"max-width:100%;\"\n                \/>\n            <\/a>\n        <\/div>\n\t\t\t\t\t\t\t<\/div> \n\t\t\t\n        \n\t\t\t\t<div id=\"ngg-image-9\" class=\"ngg-gallery-thumbnail-box\" >\n\t\t\t\t        <div class=\"ngg-gallery-thumbnail\">\n            <a href=\"http:\/\/www.spaziotorino.it\/scatto\/wp-content\/gallery\/2022_06_23_ethological\/pla_1821.jpg\"\n               title=\"Ethological Art, Hall of Fame\"\n               data-src=\"http:\/\/www.spaziotorino.it\/scatto\/wp-content\/gallery\/2022_06_23_ethological\/pla_1821.jpg\"\n               data-thumbnail=\"http:\/\/www.spaziotorino.it\/scatto\/wp-content\/gallery\/2022_06_23_ethological\/thumbs\/thumbs_pla_1821.jpg\"\n               data-image-id=\"27070\"\n               data-title=\"Ethological Art, Hall of Fame\"\n               data-description=\"Ethological Art, Hall of Fame\"\n               data-image-slug=\"pla_1821-1\"\n               class=\"ngg-fancybox\" rel=\"e139b914a1d493bd07a601512f0c97f6\">\n                <img\n                    title=\"Ethological Art, Hall of Fame\"\n                    alt=\"Ethological Art, Hall of Fame\"\n                    src=\"http:\/\/www.spaziotorino.it\/scatto\/wp-content\/gallery\/2022_06_23_ethological\/cache\/pla_1821.jpg-nggid0527070-ngg0dyn-60x60x100-00f0w010c011r110f110r010t010.jpg\"\n                    width=\"60\"\n                    height=\"60\"\n                    style=\"max-width:100%;\"\n                \/>\n            <\/a>\n        <\/div>\n\t\t\t\t\t\t\t<\/div> \n\t\t\t\n        \n\t\t\t\t<div id=\"ngg-image-10\" class=\"ngg-gallery-thumbnail-box\" >\n\t\t\t\t        <div class=\"ngg-gallery-thumbnail\">\n            <a href=\"http:\/\/www.spaziotorino.it\/scatto\/wp-content\/gallery\/2022_06_23_ethological\/pla_1820.jpg\"\n               title=\"Ethological Art, Hall of Fame\"\n               data-src=\"http:\/\/www.spaziotorino.it\/scatto\/wp-content\/gallery\/2022_06_23_ethological\/pla_1820.jpg\"\n               data-thumbnail=\"http:\/\/www.spaziotorino.it\/scatto\/wp-content\/gallery\/2022_06_23_ethological\/thumbs\/thumbs_pla_1820.jpg\"\n               data-image-id=\"27071\"\n               data-title=\"Ethological Art, Hall of Fame\"\n               data-description=\"Ethological Art, Hall of Fame\"\n               data-image-slug=\"pla_1820-1\"\n               class=\"ngg-fancybox\" rel=\"e139b914a1d493bd07a601512f0c97f6\">\n                <img\n                    title=\"Ethological Art, Hall of Fame\"\n                    alt=\"Ethological Art, Hall of Fame\"\n                    src=\"http:\/\/www.spaziotorino.it\/scatto\/wp-content\/gallery\/2022_06_23_ethological\/cache\/pla_1820.jpg-nggid0527071-ngg0dyn-60x60x100-00f0w010c011r110f110r010t010.jpg\"\n                    width=\"60\"\n                    height=\"60\"\n                    style=\"max-width:100%;\"\n                \/>\n            <\/a>\n        <\/div>\n\t\t\t\t\t\t\t<\/div> \n\t\t\t\n        \n\t\t\t\t<div id=\"ngg-image-11\" class=\"ngg-gallery-thumbnail-box\" >\n\t\t\t\t        <div class=\"ngg-gallery-thumbnail\">\n            <a href=\"http:\/\/www.spaziotorino.it\/scatto\/wp-content\/gallery\/2022_06_23_ethological\/pla_1816.jpg\"\n               title=\"Ethological Art, Hall of Fame\"\n               data-src=\"http:\/\/www.spaziotorino.it\/scatto\/wp-content\/gallery\/2022_06_23_ethological\/pla_1816.jpg\"\n               data-thumbnail=\"http:\/\/www.spaziotorino.it\/scatto\/wp-content\/gallery\/2022_06_23_ethological\/thumbs\/thumbs_pla_1816.jpg\"\n               data-image-id=\"27072\"\n               data-title=\"Ethological Art, Hall of Fame\"\n               data-description=\"Ethological Art, Hall of Fame\"\n               data-image-slug=\"pla_1816\"\n               class=\"ngg-fancybox\" rel=\"e139b914a1d493bd07a601512f0c97f6\">\n                <img\n                    title=\"Ethological Art, Hall of Fame\"\n                    alt=\"Ethological Art, Hall of Fame\"\n                    src=\"http:\/\/www.spaziotorino.it\/scatto\/wp-content\/gallery\/2022_06_23_ethological\/cache\/pla_1816.jpg-nggid0527072-ngg0dyn-60x60x100-00f0w010c011r110f110r010t010.jpg\"\n                    width=\"60\"\n                    height=\"60\"\n                    style=\"max-width:100%;\"\n                \/>\n            <\/a>\n        <\/div>\n\t\t\t\t\t\t\t<\/div> \n\t\t\t\n        \n\t\t\t\t<div id=\"ngg-image-12\" class=\"ngg-gallery-thumbnail-box\" >\n\t\t\t\t        <div class=\"ngg-gallery-thumbnail\">\n            <a href=\"http:\/\/www.spaziotorino.it\/scatto\/wp-content\/gallery\/2022_06_23_ethological\/pla_1873.jpg\"\n               title=\"Carlotta Salerno, Francesco Tresso,  Germano Tagliasacchi e Roberto Mastroianni\"\n               data-src=\"http:\/\/www.spaziotorino.it\/scatto\/wp-content\/gallery\/2022_06_23_ethological\/pla_1873.jpg\"\n               data-thumbnail=\"http:\/\/www.spaziotorino.it\/scatto\/wp-content\/gallery\/2022_06_23_ethological\/thumbs\/thumbs_pla_1873.jpg\"\n               data-image-id=\"27074\"\n               data-title=\"Carlotta Salerno, Francesco Tresso,  Germano Tagliasacchi e Roberto Mastroianni\"\n               data-description=\"Carlotta Salerno, Francesco Tresso,  Germano Tagliasacchi e Roberto Mastroianni\"\n               data-image-slug=\"pla_1873\"\n               class=\"ngg-fancybox\" rel=\"e139b914a1d493bd07a601512f0c97f6\">\n                <img\n                    title=\"Carlotta Salerno, Francesco Tresso,  Germano Tagliasacchi e Roberto Mastroianni\"\n                    alt=\"Carlotta Salerno, Francesco Tresso,  Germano Tagliasacchi e Roberto Mastroianni\"\n                    src=\"http:\/\/www.spaziotorino.it\/scatto\/wp-content\/gallery\/2022_06_23_ethological\/cache\/pla_1873.jpg-nggid0527074-ngg0dyn-60x60x100-00f0w010c011r110f110r010t010.jpg\"\n                    width=\"60\"\n                    height=\"60\"\n                    style=\"max-width:100%;\"\n                \/>\n            <\/a>\n        <\/div>\n\t\t\t\t\t\t\t<\/div> \n\t\t\t\n        \n\t\t\t\t<div id=\"ngg-image-13\" class=\"ngg-gallery-thumbnail-box\" >\n\t\t\t\t        <div class=\"ngg-gallery-thumbnail\">\n            <a href=\"http:\/\/www.spaziotorino.it\/scatto\/wp-content\/gallery\/2022_06_23_ethological\/pla_1570.jpg\"\n               title=\"L&#039;opera di Alessandro Calligaris\"\n               data-src=\"http:\/\/www.spaziotorino.it\/scatto\/wp-content\/gallery\/2022_06_23_ethological\/pla_1570.jpg\"\n               data-thumbnail=\"http:\/\/www.spaziotorino.it\/scatto\/wp-content\/gallery\/2022_06_23_ethological\/thumbs\/thumbs_pla_1570.jpg\"\n               data-image-id=\"27075\"\n               data-title=\"L&#039;opera di Alessandro Calligaris\"\n               data-description=\"L&#039;opera di Alessandro Calligaris\"\n               data-image-slug=\"pla_1570-1\"\n               class=\"ngg-fancybox\" rel=\"e139b914a1d493bd07a601512f0c97f6\">\n                <img\n                    title=\"L&#039;opera di Alessandro Calligaris\"\n                    alt=\"L&#039;opera di Alessandro Calligaris\"\n                    src=\"http:\/\/www.spaziotorino.it\/scatto\/wp-content\/gallery\/2022_06_23_ethological\/cache\/pla_1570.jpg-nggid0527075-ngg0dyn-60x60x100-00f0w010c011r110f110r010t010.jpg\"\n                    width=\"60\"\n                    height=\"60\"\n                    style=\"max-width:100%;\"\n                \/>\n            <\/a>\n        <\/div>\n\t\t\t\t\t\t\t<\/div> \n\t\t\t\n        \n\t\t\n\t\t<!-- Pagination -->\n\t<div class='ngg-clear'><\/div>\t<\/div>\n\n<p>In occasione della riapertura al pubblico del <strong>Parco Michelotti di Torino<\/strong> in corso Casale si \u00e8 svolta, dal 21 al 23 giugno, \u201c<strong>Ethological art &#8211; Hall of Fame ex zoo di Torino<\/strong>\u201d, manifestazione che ha visto, attraverso interventi di Urban Art, una valorizzazione in chiave artistica dell\u2019ex Giardino Zoologico di Torino.<\/p>\n<p><strong>Nato da un\u2019idea dell\u2019assessorato alla Cura della citt\u00e0 e del Verde Pubblico<\/strong>, l\u2019evento -organizzato da \u201c<a href=\"http:\/\/www.spaziotorino.it\/scatto\/?p=40229\"><strong>TO SHAPE &#8211; Torino Urban Art District<\/strong><\/a>\u201d, con il patrocinio della <strong>Citt\u00e0 di Torino<\/strong> in collaborazione con <strong>Torino Creativa<\/strong> e <strong>Fondazione Contrada Torino Onlus<\/strong>, coordinato dai collettivi artistici \u201c<strong>Il Cerchio e le Gocce<\/strong>\u201d e \u201c<strong>Monkeys Evolution<\/strong>\u201d e curato da <strong>Roberto Mastroianni<\/strong>&#8211; intende proporre, come<strong> estensione delle opere che gi\u00e0 popolano il parco<\/strong>, nuovi interventi artistici sulla recinzione metallica dell\u2019area di cantiere ex rettilario e sul volume tecnico Iren realizzando una Hall of fame di Urban Art e Graffiti-Writing.<\/p>\n<p>Il 23 giugno alle ore 16 ha avuto luogo l\u2019evento di inaugurazione delle opere, alla presenza dell\u2019assessora della Citt\u00e0 di Torino con delega alla Rigenerazione urbana, Politiche giovanili e presidente del GAi <strong>Carlotta Salerno<\/strong>, dell\u2019assessore della Citt\u00e0 di Torino con delega al Verde pubblico, ai parchi e alla Cura della citt\u00e0, <strong>Francesco Tresso<\/strong>, del Direttore della Fondazione Contrada Torino Onlus, <strong>Germano Tagliasacchi<\/strong>, dell curatore artistico, <strong>Roberto Mastroianni<\/strong>, di un esponente del collettivo artistico \u201cIl cerchio e le gocce\u201d e di un esponente del collettivo artistico \u201cMonkeys Evolution\u201d.<\/p>\n<p>Questi interventi vogliono creare un filo conduttore con le opere realizzate tra il 2011 e il 2012 in occasione di SAM &#8211; Street Art Museum, una galleria a cielo aperto situata nell\u2019ex Giardino Zoologico grazie al progetto Border Land, promosso e sostenuto dall\u2019associazione culturale BorderGate. In quegli anni gli interventi hanno contribuito attivamente alla riqualificazione urbana e sociale dell\u2019area: le opere realizzate da sessantasei artisti italiani e stranieri, dislocate sulle pareti dei vecchi edifici, dentro le gabbie e nelle vasche occupate un tempo dagli animali, hanno concretizzato un intervento creativo precorritore grazie al curatore Carmelo Cambareri.<\/p>\n<p>Tale patrimonio nel corso del tempo \u00e8 andato parzialmente perduto: per questa ragione, anche in coerenza con una delle mission istituzionali collegata alla valorizzazione dei beni culturali, la Fondazione Contrada Torino, in accordo con tutti gli attori coinvolti avvier\u00e0 a breve, un intervento \u201cmodello\u201d di restauro di un&#8217;opera di Urban Art a partire da quella del noto artista e illustratore torinese, mancato prematuramente, <strong>Alessandro Calligaris<\/strong>.<\/p>\n<p>\u201cMemoria e sguardo sul futuro in questo caso si fondono per dare vita ad un progetto che non si limita ad una dimensione rigenerativa, ma punta sulla creativit\u00e0 giovanile per portare innovazione e valorizzazione. Il Parco verr\u00e0 restituito alla cittadinanza grazie ad un lavoro corale, che incrocia tante diverse realt\u00e0 ma riconosce nell\u2019arte urbana l\u2019elemento di traino per una nuova sperimentazione sociale e culturale.\u201d ha dichiarato l\u2019assessora della Citt\u00e0 di Torino con delega alla Rigenerazione urbana, Politiche giovanili e presidente del GAi Carlotta Salerno.<\/p>\n<p>&#8220;Grazie alla riqualificazione da poco conclusa abbiamo finalmente restituito alla citt\u00e0 il Parco Michelotti, un&#8217;area verde di grande valore paesaggistico impreziosita anche da opere di street art che si sono stratificate nel tempo &#8211; ha sottolineato l&#8217;assessore della Citt\u00e0 di Torino con delega al Verde pubblico, ai Parchi e alla Cura della citt\u00e0, Francesco Tresso -. In concomitanza con l&#8217;inaugurazione della porzione centrale del parco, ci \u00e8 sembrato significativo quindi realizzare anche un nuovo progetto di urban art &#8211; continua Tresso &#8211; in cui le opere del presente dialogheranno con quelle del passato, attivando nuovi possibili interventi culturali che porteranno ad nuova vocazione di questi spazi\u201d.<\/p>\n<p>GLI ARTISTI<\/p>\n<p>Dieci sono gli artisti chiamati a interagire con gli spazi dell\u2019ex Giardino Zoologico e del parco all\u2019insegna di un rapporto tra natura, architettura, mondo umano e animale che vede nell\u2019etologia il principio ispiratore di una relazione equilibrata e rispettosa tra fauna, flora e tessuto metropolitano:<\/p>\n<p>-Corn79<\/p>\n<p>-Zeta<\/p>\n<p>-Wat<\/p>\n<p>-Noreason<\/p>\n<p>-Slave<\/p>\n<p>-Sheko<\/p>\n<p>-Sara De Lucia<\/p>\n<p>-OAFS<\/p>\n<p>-Supe<\/p>\n<p>-Y.Hoffa<\/p>\n","protected":false},"excerpt":{"rendered":"<p>In occasione della riapertura al pubblico del Parco Michelotti di Torino in corso Casale si \u00e8 svolta, dal 21 al 23 giugno, \u201cEthological art &#8211; Hall of Fame ex zoo di Torino\u201d, manifestazione che ha visto, attraverso interventi di Urban Art, una valorizzazione in chiave artistica dell\u2019ex Giardino Zoologico di Torino. Nato da un\u2019idea dell\u2019assessorato [&hellip;]<\/p>\n","protected":false},"author":1,"featured_media":0,"comment_status":"closed","ping_status":"open","sticky":false,"template":"","format":"standard","meta":{"ngg_post_thumbnail":0},"categories":[54,1,41],"tags":[],"_links":{"self":[{"href":"http:\/\/www.spaziotorino.it\/scatto\/index.php?rest_route=\/wp\/v2\/posts\/42676"}],"collection":[{"href":"http:\/\/www.spaziotorino.it\/scatto\/index.php?rest_route=\/wp\/v2\/posts"}],"about":[{"href":"http:\/\/www.spaziotorino.it\/scatto\/index.php?rest_route=\/wp\/v2\/types\/post"}],"author":[{"embeddable":true,"href":"http:\/\/www.spaziotorino.it\/scatto\/index.php?rest_route=\/wp\/v2\/users\/1"}],"replies":[{"embeddable":true,"href":"http:\/\/www.spaziotorino.it\/scatto\/index.php?rest_route=%2Fwp%2Fv2%2Fcomments&post=42676"}],"version-history":[{"count":2,"href":"http:\/\/www.spaziotorino.it\/scatto\/index.php?rest_route=\/wp\/v2\/posts\/42676\/revisions"}],"predecessor-version":[{"id":42678,"href":"http:\/\/www.spaziotorino.it\/scatto\/index.php?rest_route=\/wp\/v2\/posts\/42676\/revisions\/42678"}],"wp:attachment":[{"href":"http:\/\/www.spaziotorino.it\/scatto\/index.php?rest_route=%2Fwp%2Fv2%2Fmedia&parent=42676"}],"wp:term":[{"taxonomy":"category","embeddable":true,"href":"http:\/\/www.spaziotorino.it\/scatto\/index.php?rest_route=%2Fwp%2Fv2%2Fcategories&post=42676"},{"taxonomy":"post_tag","embeddable":true,"href":"http:\/\/www.spaziotorino.it\/scatto\/index.php?rest_route=%2Fwp%2Fv2%2Ftags&post=42676"}],"curies":[{"name":"wp","href":"https:\/\/api.w.org\/{rel}","templated":true}]}}