{"id":42741,"date":"2022-07-12T19:31:36","date_gmt":"2022-07-12T18:31:36","guid":{"rendered":"http:\/\/www.spaziotorino.it\/scatto\/?p=42741"},"modified":"2022-07-13T13:35:44","modified_gmt":"2022-07-13T12:35:44","slug":"il-volo-delle-statue-di-palazzo-madama","status":"publish","type":"post","link":"http:\/\/www.spaziotorino.it\/scatto\/?p=42741","title":{"rendered":"Il &#8216;volo&#8217; delle statue di Palazzo Madama"},"content":{"rendered":"<p><a class=\"ngg-fancybox\" title=\"Il 'volo' delle statue di Palazzo Madama\" href=\"http:\/\/www.spaziotorino.it\/scatto\/wp-content\/gallery\/2022_07_13_volo\/pla_3983.jpg\" rel=\"lightbox[set_1793]\"><br \/>\n<img decoding=\"async\" loading=\"lazy\" class=\"ngg-singlepic\" title=\"Il 'volo' delle statue di Palazzo Madama\" src=\"http:\/\/www.spaziotorino.it\/scatto\/wp-content\/gallery\/2022_07_13_volo\/pla_3983.jpg\" alt=\"\" width=\"540\" height=\"360\"\/><\/a><\/p>\n<!-- index.php -->\n<div\n\tclass=\"ngg-galleryoverview ngg-ajax-pagination-none\"\n\tid=\"ngg-gallery-6dc1cfd309d6854f72f556f496935b43-1\">\n\n    \t\t<!-- Thumbnails -->\n\t\t\t\t<div id=\"ngg-image-0\" class=\"ngg-gallery-thumbnail-box\" >\n\t\t\t\t        <div class=\"ngg-gallery-thumbnail\">\n            <a href=\"http:\/\/www.spaziotorino.it\/scatto\/wp-content\/gallery\/2022_07_13_volo\/pla_3918.jpg\"\n               title=\"Il \u201cvolo\u201d delle statue di Palazzo Madama\"\n               data-src=\"http:\/\/www.spaziotorino.it\/scatto\/wp-content\/gallery\/2022_07_13_volo\/pla_3918.jpg\"\n               data-thumbnail=\"http:\/\/www.spaziotorino.it\/scatto\/wp-content\/gallery\/2022_07_13_volo\/thumbs\/thumbs_pla_3918.jpg\"\n               data-image-id=\"27117\"\n               data-title=\"Il \u201cvolo\u201d delle statue di Palazzo Madama\"\n               data-description=\"Il \u201cvolo\u201d delle statue di Palazzo Madama\"\n               data-image-slug=\"pla_3918\"\n               class=\"ngg-fancybox\" rel=\"6dc1cfd309d6854f72f556f496935b43\">\n                <img\n                    title=\"Il \u201cvolo\u201d delle statue di Palazzo Madama\"\n                    alt=\"Il \u201cvolo\u201d delle statue di Palazzo Madama\"\n                    src=\"http:\/\/www.spaziotorino.it\/scatto\/wp-content\/gallery\/2022_07_13_volo\/cache\/pla_3918.jpg-nggid0527117-ngg0dyn-60x60x100-00f0w010c011r110f110r010t010.jpg\"\n                    width=\"60\"\n                    height=\"60\"\n                    style=\"max-width:100%;\"\n                \/>\n            <\/a>\n        <\/div>\n\t\t\t\t\t\t\t<\/div> \n\t\t\t\n        \n\t\t\t\t<div id=\"ngg-image-1\" class=\"ngg-gallery-thumbnail-box\" >\n\t\t\t\t        <div class=\"ngg-gallery-thumbnail\">\n            <a href=\"http:\/\/www.spaziotorino.it\/scatto\/wp-content\/gallery\/2022_07_13_volo\/pla_3951.jpg\"\n               title=\"Il \u201cvolo\u201d delle statue di Palazzo Madama\"\n               data-src=\"http:\/\/www.spaziotorino.it\/scatto\/wp-content\/gallery\/2022_07_13_volo\/pla_3951.jpg\"\n               data-thumbnail=\"http:\/\/www.spaziotorino.it\/scatto\/wp-content\/gallery\/2022_07_13_volo\/thumbs\/thumbs_pla_3951.jpg\"\n               data-image-id=\"27118\"\n               data-title=\"Il \u201cvolo\u201d delle statue di Palazzo Madama\"\n               data-description=\"Il \u201cvolo\u201d delle statue di Palazzo Madama\"\n               data-image-slug=\"pla_3951\"\n               class=\"ngg-fancybox\" rel=\"6dc1cfd309d6854f72f556f496935b43\">\n                <img\n                    title=\"Il \u201cvolo\u201d delle statue di Palazzo Madama\"\n                    alt=\"Il \u201cvolo\u201d delle statue di Palazzo Madama\"\n                    src=\"http:\/\/www.spaziotorino.it\/scatto\/wp-content\/gallery\/2022_07_13_volo\/cache\/pla_3951.jpg-nggid0527118-ngg0dyn-60x60x100-00f0w010c011r110f110r010t010.jpg\"\n                    width=\"60\"\n                    height=\"60\"\n                    style=\"max-width:100%;\"\n                \/>\n            <\/a>\n        <\/div>\n\t\t\t\t\t\t\t<\/div> \n\t\t\t\n        \n\t\t\t\t<div id=\"ngg-image-2\" class=\"ngg-gallery-thumbnail-box\" >\n\t\t\t\t        <div class=\"ngg-gallery-thumbnail\">\n            <a href=\"http:\/\/www.spaziotorino.it\/scatto\/wp-content\/gallery\/2022_07_13_volo\/pla_3959.jpg\"\n               title=\"Il \u201cvolo\u201d delle statue di Palazzo Madama\"\n               data-src=\"http:\/\/www.spaziotorino.it\/scatto\/wp-content\/gallery\/2022_07_13_volo\/pla_3959.jpg\"\n               data-thumbnail=\"http:\/\/www.spaziotorino.it\/scatto\/wp-content\/gallery\/2022_07_13_volo\/thumbs\/thumbs_pla_3959.jpg\"\n               data-image-id=\"27119\"\n               data-title=\"Il \u201cvolo\u201d delle statue di Palazzo Madama\"\n               data-description=\"Il \u201cvolo\u201d delle statue di Palazzo Madama\"\n               data-image-slug=\"pla_3959-1\"\n               class=\"ngg-fancybox\" rel=\"6dc1cfd309d6854f72f556f496935b43\">\n                <img\n                    title=\"Il \u201cvolo\u201d delle statue di Palazzo Madama\"\n                    alt=\"Il \u201cvolo\u201d delle statue di Palazzo Madama\"\n                    src=\"http:\/\/www.spaziotorino.it\/scatto\/wp-content\/gallery\/2022_07_13_volo\/cache\/pla_3959.jpg-nggid0527119-ngg0dyn-60x60x100-00f0w010c011r110f110r010t010.jpg\"\n                    width=\"60\"\n                    height=\"60\"\n                    style=\"max-width:100%;\"\n                \/>\n            <\/a>\n        <\/div>\n\t\t\t\t\t\t\t<\/div> \n\t\t\t\n        \n\t\t\t\t<div id=\"ngg-image-3\" class=\"ngg-gallery-thumbnail-box\" >\n\t\t\t\t        <div class=\"ngg-gallery-thumbnail\">\n            <a href=\"http:\/\/www.spaziotorino.it\/scatto\/wp-content\/gallery\/2022_07_13_volo\/pla_3967.jpg\"\n               title=\"Il \u201cvolo\u201d delle statue di Palazzo Madama\"\n               data-src=\"http:\/\/www.spaziotorino.it\/scatto\/wp-content\/gallery\/2022_07_13_volo\/pla_3967.jpg\"\n               data-thumbnail=\"http:\/\/www.spaziotorino.it\/scatto\/wp-content\/gallery\/2022_07_13_volo\/thumbs\/thumbs_pla_3967.jpg\"\n               data-image-id=\"27114\"\n               data-title=\"Il \u201cvolo\u201d delle statue di Palazzo Madama\"\n               data-description=\"Il \u201cvolo\u201d delle statue di Palazzo Madama\"\n               data-image-slug=\"pla_3967\"\n               class=\"ngg-fancybox\" rel=\"6dc1cfd309d6854f72f556f496935b43\">\n                <img\n                    title=\"Il \u201cvolo\u201d delle statue di Palazzo Madama\"\n                    alt=\"Il \u201cvolo\u201d delle statue di Palazzo Madama\"\n                    src=\"http:\/\/www.spaziotorino.it\/scatto\/wp-content\/gallery\/2022_07_13_volo\/cache\/pla_3967.jpg-nggid0527114-ngg0dyn-60x60x100-00f0w010c011r110f110r010t010.jpg\"\n                    width=\"60\"\n                    height=\"60\"\n                    style=\"max-width:100%;\"\n                \/>\n            <\/a>\n        <\/div>\n\t\t\t\t\t\t\t<\/div> \n\t\t\t\n        \n\t\t\t\t<div id=\"ngg-image-4\" class=\"ngg-gallery-thumbnail-box\" >\n\t\t\t\t        <div class=\"ngg-gallery-thumbnail\">\n            <a href=\"http:\/\/www.spaziotorino.it\/scatto\/wp-content\/gallery\/2022_07_13_volo\/pla_3968.jpg\"\n               title=\"Il \u201cvolo\u201d delle statue di Palazzo Madama\"\n               data-src=\"http:\/\/www.spaziotorino.it\/scatto\/wp-content\/gallery\/2022_07_13_volo\/pla_3968.jpg\"\n               data-thumbnail=\"http:\/\/www.spaziotorino.it\/scatto\/wp-content\/gallery\/2022_07_13_volo\/thumbs\/thumbs_pla_3968.jpg\"\n               data-image-id=\"27116\"\n               data-title=\"Il \u201cvolo\u201d delle statue di Palazzo Madama\"\n               data-description=\"Il \u201cvolo\u201d delle statue di Palazzo Madama\"\n               data-image-slug=\"pla_3968-3\"\n               class=\"ngg-fancybox\" rel=\"6dc1cfd309d6854f72f556f496935b43\">\n                <img\n                    title=\"Il \u201cvolo\u201d delle statue di Palazzo Madama\"\n                    alt=\"Il \u201cvolo\u201d delle statue di Palazzo Madama\"\n                    src=\"http:\/\/www.spaziotorino.it\/scatto\/wp-content\/gallery\/2022_07_13_volo\/cache\/pla_3968.jpg-nggid0527116-ngg0dyn-60x60x100-00f0w010c011r110f110r010t010.jpg\"\n                    width=\"60\"\n                    height=\"60\"\n                    style=\"max-width:100%;\"\n                \/>\n            <\/a>\n        <\/div>\n\t\t\t\t\t\t\t<\/div> \n\t\t\t\n        \n\t\t\t\t<div id=\"ngg-image-5\" class=\"ngg-gallery-thumbnail-box\" >\n\t\t\t\t        <div class=\"ngg-gallery-thumbnail\">\n            <a href=\"http:\/\/www.spaziotorino.it\/scatto\/wp-content\/gallery\/2022_07_13_volo\/pla_3983.jpg\"\n               title=\"Il \u201cvolo\u201d delle statue di Palazzo Madama\"\n               data-src=\"http:\/\/www.spaziotorino.it\/scatto\/wp-content\/gallery\/2022_07_13_volo\/pla_3983.jpg\"\n               data-thumbnail=\"http:\/\/www.spaziotorino.it\/scatto\/wp-content\/gallery\/2022_07_13_volo\/thumbs\/thumbs_pla_3983.jpg\"\n               data-image-id=\"27115\"\n               data-title=\"Il \u201cvolo\u201d delle statue di Palazzo Madama\"\n               data-description=\"Il \u201cvolo\u201d delle statue di Palazzo Madama\"\n               data-image-slug=\"pla_3983\"\n               class=\"ngg-fancybox\" rel=\"6dc1cfd309d6854f72f556f496935b43\">\n                <img\n                    title=\"Il \u201cvolo\u201d delle statue di Palazzo Madama\"\n                    alt=\"Il \u201cvolo\u201d delle statue di Palazzo Madama\"\n                    src=\"http:\/\/www.spaziotorino.it\/scatto\/wp-content\/gallery\/2022_07_13_volo\/cache\/pla_3983.jpg-nggid0527115-ngg0dyn-60x60x100-00f0w010c011r110f110r010t010.jpg\"\n                    width=\"60\"\n                    height=\"60\"\n                    style=\"max-width:100%;\"\n                \/>\n            <\/a>\n        <\/div>\n\t\t\t\t\t\t\t<\/div> \n\t\t\t\n        \n\t\t\t\t<div id=\"ngg-image-6\" class=\"ngg-gallery-thumbnail-box\" >\n\t\t\t\t        <div class=\"ngg-gallery-thumbnail\">\n            <a href=\"http:\/\/www.spaziotorino.it\/scatto\/wp-content\/gallery\/2022_07_13_volo\/pla_3995.jpg\"\n               title=\"Il \u201cvolo\u201d delle statue di Palazzo Madama\"\n               data-src=\"http:\/\/www.spaziotorino.it\/scatto\/wp-content\/gallery\/2022_07_13_volo\/pla_3995.jpg\"\n               data-thumbnail=\"http:\/\/www.spaziotorino.it\/scatto\/wp-content\/gallery\/2022_07_13_volo\/thumbs\/thumbs_pla_3995.jpg\"\n               data-image-id=\"27120\"\n               data-title=\"Il \u201cvolo\u201d delle statue di Palazzo Madama\"\n               data-description=\"Il \u201cvolo\u201d delle statue di Palazzo Madama\"\n               data-image-slug=\"pla_3995-1\"\n               class=\"ngg-fancybox\" rel=\"6dc1cfd309d6854f72f556f496935b43\">\n                <img\n                    title=\"Il \u201cvolo\u201d delle statue di Palazzo Madama\"\n                    alt=\"Il \u201cvolo\u201d delle statue di Palazzo Madama\"\n                    src=\"http:\/\/www.spaziotorino.it\/scatto\/wp-content\/gallery\/2022_07_13_volo\/cache\/pla_3995.jpg-nggid0527120-ngg0dyn-60x60x100-00f0w010c011r110f110r010t010.jpg\"\n                    width=\"60\"\n                    height=\"60\"\n                    style=\"max-width:100%;\"\n                \/>\n            <\/a>\n        <\/div>\n\t\t\t\t\t\t\t<\/div> \n\t\t\t\n        \n\t\t\t\t<div id=\"ngg-image-7\" class=\"ngg-gallery-thumbnail-box\" >\n\t\t\t\t        <div class=\"ngg-gallery-thumbnail\">\n            <a href=\"http:\/\/www.spaziotorino.it\/scatto\/wp-content\/gallery\/2022_07_13_volo\/pla_3996.jpg\"\n               title=\"Il \u201cvolo\u201d delle statue di Palazzo Madama\"\n               data-src=\"http:\/\/www.spaziotorino.it\/scatto\/wp-content\/gallery\/2022_07_13_volo\/pla_3996.jpg\"\n               data-thumbnail=\"http:\/\/www.spaziotorino.it\/scatto\/wp-content\/gallery\/2022_07_13_volo\/thumbs\/thumbs_pla_3996.jpg\"\n               data-image-id=\"27121\"\n               data-title=\"Il \u201cvolo\u201d delle statue di Palazzo Madama\"\n               data-description=\"Il \u201cvolo\u201d delle statue di Palazzo Madama\"\n               data-image-slug=\"pla_3996-1\"\n               class=\"ngg-fancybox\" rel=\"6dc1cfd309d6854f72f556f496935b43\">\n                <img\n                    title=\"Il \u201cvolo\u201d delle statue di Palazzo Madama\"\n                    alt=\"Il \u201cvolo\u201d delle statue di Palazzo Madama\"\n                    src=\"http:\/\/www.spaziotorino.it\/scatto\/wp-content\/gallery\/2022_07_13_volo\/cache\/pla_3996.jpg-nggid0527121-ngg0dyn-60x60x100-00f0w010c011r110f110r010t010.jpg\"\n                    width=\"60\"\n                    height=\"60\"\n                    style=\"max-width:100%;\"\n                \/>\n            <\/a>\n        <\/div>\n\t\t\t\t\t\t\t<\/div> \n\t\t\t\n        \n\t\t\t\t<div id=\"ngg-image-8\" class=\"ngg-gallery-thumbnail-box\" >\n\t\t\t\t        <div class=\"ngg-gallery-thumbnail\">\n            <a href=\"http:\/\/www.spaziotorino.it\/scatto\/wp-content\/gallery\/2022_07_13_volo\/pla_3999.jpg\"\n               title=\"Il \u201cvolo\u201d delle statue di Palazzo Madama\"\n               data-src=\"http:\/\/www.spaziotorino.it\/scatto\/wp-content\/gallery\/2022_07_13_volo\/pla_3999.jpg\"\n               data-thumbnail=\"http:\/\/www.spaziotorino.it\/scatto\/wp-content\/gallery\/2022_07_13_volo\/thumbs\/thumbs_pla_3999.jpg\"\n               data-image-id=\"27122\"\n               data-title=\"Il \u201cvolo\u201d delle statue di Palazzo Madama\"\n               data-description=\"Il \u201cvolo\u201d delle statue di Palazzo Madama\"\n               data-image-slug=\"pla_3999\"\n               class=\"ngg-fancybox\" rel=\"6dc1cfd309d6854f72f556f496935b43\">\n                <img\n                    title=\"Il \u201cvolo\u201d delle statue di Palazzo Madama\"\n                    alt=\"Il \u201cvolo\u201d delle statue di Palazzo Madama\"\n                    src=\"http:\/\/www.spaziotorino.it\/scatto\/wp-content\/gallery\/2022_07_13_volo\/cache\/pla_3999.jpg-nggid0527122-ngg0dyn-60x60x100-00f0w010c011r110f110r010t010.jpg\"\n                    width=\"60\"\n                    height=\"60\"\n                    style=\"max-width:100%;\"\n                \/>\n            <\/a>\n        <\/div>\n\t\t\t\t\t\t\t<\/div> \n\t\t\t\n        \n\t\t\n\t\t<!-- Pagination -->\n\t<div class='ngg-clear'><\/div>\t<\/div>\n\n<p>Giustizia, Liberalit\u00e0, Magnanimit\u00e0 e Abbondanza spiccano il \u201cvolo\u201d nel cielo di Torino per tornare all\u2019antico splendore. Sono iniziate l\u2019operazione di spostamento a terra delle <strong>quattro monumentali statue<\/strong> in marmo di Brossasco, alte pi\u00f9 di 4 metri e pesanti oltre 3 tonnellate ciascuna, che coronano la balaustra del corpo centrale di <strong>Palazzo Madama<\/strong> e raffigurano ermetiche allegorie del \u201cBuon Governo\u201d. Dopo un innovativo intervento di sezionamento, le statue saranno ingabbiate e calate con un eccezionale sistema di gru dall\u2019altezza di 27 metri in piazza Castello, dove verranno restaurate \u201clive\u201d in uno speciale padiglione trasparente visitabile dal pubblico.<\/p>\n<p><strong>Lo spettacolare intervento \u2013<\/strong> <strong>condotto dalla Cooperativa Archeologia di Firenze e da Arte Restauro Conservazione di Arlotto Cristina Maria, <\/strong>sotto la direzione dell\u2019arch. Gianfranco Gritella <strong>\u2013 rappresenta un momento decisivo del grande cantiere <\/strong>di restauro e consolidamento strutturale della facciata juvarriana dell\u2019edificio, grazie alla sinergia tra <strong>Fondazione Torino Musei<\/strong>, da sempre impegnata nella tutela, conservazione e valorizzazione dei beni museali, e <strong>Fondazione CRT<\/strong>, storico e principale sostenitore privato di Palazzo Madama (17,5 milioni di euro stanziati complessivamente), che finanzia interamente quest\u2019ultimo intervento con un impegno straordinario di <strong>2,4 milioni<\/strong>.<\/p>\n<p><em>&nbsp;<\/em>Le statue &#8211; formate ciascuna da quattro blocchi marmorei scolpiti e sovrapposti e del peso di circa 3.200 kg &#8211; sono opera dello scultore carrarese Giovanni Baratta (1670-1747), chiamato a Torino da Filippo Juvarra a pi\u00f9 riprese tra il 1721 e il 1730 per portare a compimento queste sculture e altre opere a Superga, Venaria Reale e nella chiesa torinese di S. Filippo. Furono sbozzate nel laboratorio dello scultore a Carrara, poi trasportate in pezzi separati via nave fino a Savona e, infine, condotte su carri trainati da buoi e muli a Torino, dove furono montate in opera e portate a compimento.<\/p>\n<p><strong>Lo stato di salute delle statue.<br \/>\n<\/strong>Lo stato conservativo delle statue \u00e8 oggi assai compromesso e molto eterogeneo. Quella che evidenzia maggiore degrado, anche strutturale, \u00e8 la statua della Giustizia (la prima verso nord). L\u2019opera fu gi\u00e0 smontata e calata a terra una prima volta tra il 1846 e il 1847, in occasione dei lavori di consolidamento delle fondamenta del palazzo, diretti dall\u2019architetto Ernesto Melano e realizzati per l\u2019insediamento nell\u2019edifico del Senato Subalpino.<strong>&nbsp;<\/strong><\/p>\n<p>L\u2019aggressione degli agenti atmosferici, i danni bellici, gli antichi restauri incongrui, l\u2019ossidazione dei perni in metallo che trattengono i singoli blocchi lapidei e i rifacimenti ottocenteschi in marmi diversi hanno causato un degrado diffuso e problematiche di conservazione evidenti anche nella tecnica costruttiva utilizzata dallo scultore settecentesco. Baratta, infatti, adottando una tecnica di antica tradizione, per alleggerire il peso e facilitare il trasporto e il montaggio in opera delle sculture, fece svuotare gran parte del lato posteriore non visibile di ciascuna figura. Il profondo incavo che ne deriv\u00f2 fu poi colmato con una muratura di mattoni e calce, nella quale \u00e8 infissa una barra in ferro che assicura la stabilit\u00e0 delle statue alla sottostante balaustra alta circa 2 metri. Un complesso sistema di perni e staffe in ferro e bronzo, alcune visibili, altre nascoste all\u2019interno delle statue, ma individuate mediante indagini specialistiche con magnetoscopi e georadar, rivela la tecnica costruttiva impiegata per garantire stabilit\u00e0 alle opere trattenendo intere parti lapidee, scolpite separatamente e poi applicate al corpo principale della statua.<\/p>\n<p><strong>Il sezionamento.<\/strong><strong><br \/>\n<\/strong>Il distacco e il trasferimento delle quattro Allegorie dalla base su cui appoggiano saranno resi possibili dall\u2019allestimento in quota, a 27 metri dal suolo, di speciali macchine operatrici, che utilizzano la tecnica del taglio murario mediante lo scorrimento di un filo diamantato e lubrificato ad acqua, tecnologia tradizionalmente utilizzata nelle cave di estrazione del marmo. Il processo di taglio avviene mediante una macchina a motore elettrico dotata di pulegge su cui scorre ad alta velocit\u00e0 uno speciale cavo metallico ad anello, dotato di uncini costituiti da diamanti artificiali, che avanza su un carrello collocato su guide in acciaio: queste ultime sono posizionate su una piastra di base che garantisce un avanzamento guidato assolutamente lineare e continuo. L\u2019operatore agisce tramite un\u2019unit\u00e0 di comando elettronica a distanza.<\/p>\n<p><strong>L\u2019ingabbiatura, il \u201cvolo\u201d e il restauro \u201clive\u201d<\/strong>.<br \/>\nContestualmente alla progressione del taglio, che avverr\u00e0 secondo due direttrici contrapposte e in due fasi operative, nelle fessure cos\u00ec ricavate verranno inserite due piastre in acciaio debitamente sagomate e rinforzate. Su queste piastre verr\u00e0 fissata una \u201cgabbia\u201d, anch\u2019essa in acciaio, che conterr\u00e0 a sua volta una cassa lignea in parte aperta, che inglober\u00e0 e render\u00e0 stabili le statue precedentemente pre-consolidate e protette. Al fine di non compromettere l\u2019equilibrio statico dell\u2019architettura marmorea, al posto delle statue rimosse verranno collocate sulla balaustra delle zavorre in calcestruzzo armato di peso equivalente alle statue, zavorre a cui saranno vincolate le ultime strutture del ponteggio superiore e della soprastante copertura provvisoria.<\/p>\n<p>Sollevate da una gru, le statue e le loro imbracature, del peso complessivo di 6.000 kg, verranno calate a terra e poste su basamenti provvisori, in attesa di essere collocate in un padiglione ad hoc che sar\u00e0 allestito dinanzi a Palazzo Madama, dove avverr\u00e0 l\u2019intero processo di restauro, visibile direttamente dal pubblico in piazza Castello, anche tramite visite guidate.<\/p>\n","protected":false},"excerpt":{"rendered":"<p>Giustizia, Liberalit\u00e0, Magnanimit\u00e0 e Abbondanza spiccano il \u201cvolo\u201d nel cielo di Torino per tornare all\u2019antico splendore. Sono iniziate l\u2019operazione di spostamento a terra delle quattro monumentali statue in marmo di Brossasco, alte pi\u00f9 di 4 metri e pesanti oltre 3 tonnellate ciascuna, che coronano la balaustra del corpo centrale di Palazzo Madama e raffigurano ermetiche [&hellip;]<\/p>\n","protected":false},"author":1,"featured_media":0,"comment_status":"closed","ping_status":"open","sticky":false,"template":"","format":"standard","meta":{"ngg_post_thumbnail":0},"categories":[54,1,41],"tags":[],"_links":{"self":[{"href":"http:\/\/www.spaziotorino.it\/scatto\/index.php?rest_route=\/wp\/v2\/posts\/42741"}],"collection":[{"href":"http:\/\/www.spaziotorino.it\/scatto\/index.php?rest_route=\/wp\/v2\/posts"}],"about":[{"href":"http:\/\/www.spaziotorino.it\/scatto\/index.php?rest_route=\/wp\/v2\/types\/post"}],"author":[{"embeddable":true,"href":"http:\/\/www.spaziotorino.it\/scatto\/index.php?rest_route=\/wp\/v2\/users\/1"}],"replies":[{"embeddable":true,"href":"http:\/\/www.spaziotorino.it\/scatto\/index.php?rest_route=%2Fwp%2Fv2%2Fcomments&post=42741"}],"version-history":[{"count":2,"href":"http:\/\/www.spaziotorino.it\/scatto\/index.php?rest_route=\/wp\/v2\/posts\/42741\/revisions"}],"predecessor-version":[{"id":42744,"href":"http:\/\/www.spaziotorino.it\/scatto\/index.php?rest_route=\/wp\/v2\/posts\/42741\/revisions\/42744"}],"wp:attachment":[{"href":"http:\/\/www.spaziotorino.it\/scatto\/index.php?rest_route=%2Fwp%2Fv2%2Fmedia&parent=42741"}],"wp:term":[{"taxonomy":"category","embeddable":true,"href":"http:\/\/www.spaziotorino.it\/scatto\/index.php?rest_route=%2Fwp%2Fv2%2Fcategories&post=42741"},{"taxonomy":"post_tag","embeddable":true,"href":"http:\/\/www.spaziotorino.it\/scatto\/index.php?rest_route=%2Fwp%2Fv2%2Ftags&post=42741"}],"curies":[{"name":"wp","href":"https:\/\/api.w.org\/{rel}","templated":true}]}}