{"id":42784,"date":"2022-07-14T22:32:50","date_gmt":"2022-07-14T21:32:50","guid":{"rendered":"http:\/\/www.spaziotorino.it\/scatto\/?p=42784"},"modified":"2022-07-15T12:15:36","modified_gmt":"2022-07-15T11:15:36","slug":"la-mole-celebra-la-francia","status":"publish","type":"post","link":"http:\/\/www.spaziotorino.it\/scatto\/?p=42784","title":{"rendered":"La Mole celebra la Francia"},"content":{"rendered":"<p><a class=\"ngg-fancybox\" title=\"La Mole celebra la Francia\" href=\"http:\/\/www.spaziotorino.it\/scatto\/wp-content\/gallery\/2022_07_14_francia\/pla_4621.jpg\" rel=\"lightbox[set_1795]\"><br \/>\n<img decoding=\"async\" loading=\"lazy\" class=\"ngg-singlepic\" title=\"La Mole celebra la Francia\" src=\"http:\/\/www.spaziotorino.it\/scatto\/wp-content\/gallery\/2022_07_14_francia\/pla_4621.jpg\" alt=\"\" width=\"540\" height=\"360\"\/><\/a><\/p>\n<!-- index.php -->\n<div\n\tclass=\"ngg-galleryoverview ngg-ajax-pagination-none\"\n\tid=\"ngg-gallery-c812fd6c43feff0b64de74147c0eda75-1\">\n\n    \t\t<!-- Thumbnails -->\n\t\t\t\t<div id=\"ngg-image-0\" class=\"ngg-gallery-thumbnail-box\" >\n\t\t\t\t        <div class=\"ngg-gallery-thumbnail\">\n            <a href=\"http:\/\/www.spaziotorino.it\/scatto\/wp-content\/gallery\/2022_07_14_francia\/pla_4406.jpg\"\n               title=\"Un momento della cerimonia alla Mole Antonelliana\"\n               data-src=\"http:\/\/www.spaziotorino.it\/scatto\/wp-content\/gallery\/2022_07_14_francia\/pla_4406.jpg\"\n               data-thumbnail=\"http:\/\/www.spaziotorino.it\/scatto\/wp-content\/gallery\/2022_07_14_francia\/thumbs\/thumbs_pla_4406.jpg\"\n               data-image-id=\"27137\"\n               data-title=\"Un momento della cerimonia alla Mole Antonelliana\"\n               data-description=\"Un momento della cerimonia alla Mole Antonelliana\"\n               data-image-slug=\"pla_4406\"\n               class=\"ngg-fancybox\" rel=\"c812fd6c43feff0b64de74147c0eda75\">\n                <img\n                    title=\"Un momento della cerimonia alla Mole Antonelliana\"\n                    alt=\"Un momento della cerimonia alla Mole Antonelliana\"\n                    src=\"http:\/\/www.spaziotorino.it\/scatto\/wp-content\/gallery\/2022_07_14_francia\/cache\/pla_4406.jpg-nggid0527137-ngg0dyn-60x60x100-00f0w010c011r110f110r010t010.jpg\"\n                    width=\"60\"\n                    height=\"60\"\n                    style=\"max-width:100%;\"\n                \/>\n            <\/a>\n        <\/div>\n\t\t\t\t\t\t\t<\/div> \n\t\t\t\n        \n\t\t\t\t<div id=\"ngg-image-1\" class=\"ngg-gallery-thumbnail-box\" >\n\t\t\t\t        <div class=\"ngg-gallery-thumbnail\">\n            <a href=\"http:\/\/www.spaziotorino.it\/scatto\/wp-content\/gallery\/2022_07_14_francia\/pla_4378.jpg\"\n               title=\"La la Banda Musicale del Corpo di Polizia municipale di Torino esegue gli inni nazionali\"\n               data-src=\"http:\/\/www.spaziotorino.it\/scatto\/wp-content\/gallery\/2022_07_14_francia\/pla_4378.jpg\"\n               data-thumbnail=\"http:\/\/www.spaziotorino.it\/scatto\/wp-content\/gallery\/2022_07_14_francia\/thumbs\/thumbs_pla_4378.jpg\"\n               data-image-id=\"27140\"\n               data-title=\"La la Banda Musicale del Corpo di Polizia municipale di Torino esegue gli inni nazionali\"\n               data-description=\"La la Banda Musicale del Corpo di Polizia municipale di Torino esegue gli inni nazionali\"\n               data-image-slug=\"pla_4378\"\n               class=\"ngg-fancybox\" rel=\"c812fd6c43feff0b64de74147c0eda75\">\n                <img\n                    title=\"La la Banda Musicale del Corpo di Polizia municipale di Torino esegue gli inni nazionali\"\n                    alt=\"La la Banda Musicale del Corpo di Polizia municipale di Torino esegue gli inni nazionali\"\n                    src=\"http:\/\/www.spaziotorino.it\/scatto\/wp-content\/gallery\/2022_07_14_francia\/cache\/pla_4378.jpg-nggid0527140-ngg0dyn-60x60x100-00f0w010c011r110f110r010t010.jpg\"\n                    width=\"60\"\n                    height=\"60\"\n                    style=\"max-width:100%;\"\n                \/>\n            <\/a>\n        <\/div>\n\t\t\t\t\t\t\t<\/div> \n\t\t\t\n        \n\t\t\t\t<div id=\"ngg-image-2\" class=\"ngg-gallery-thumbnail-box\" >\n\t\t\t\t        <div class=\"ngg-gallery-thumbnail\">\n            <a href=\"http:\/\/www.spaziotorino.it\/scatto\/wp-content\/gallery\/2022_07_14_francia\/pla_4411.jpg\"\n               title=\"Fran\u00e7ois Revardeaux, Stefano Lo Russo e Emanuele Chieli\"\n               data-src=\"http:\/\/www.spaziotorino.it\/scatto\/wp-content\/gallery\/2022_07_14_francia\/pla_4411.jpg\"\n               data-thumbnail=\"http:\/\/www.spaziotorino.it\/scatto\/wp-content\/gallery\/2022_07_14_francia\/thumbs\/thumbs_pla_4411.jpg\"\n               data-image-id=\"27138\"\n               data-title=\"Fran\u00e7ois Revardeaux, Stefano Lo Russo e Emanuele Chieli\"\n               data-description=\"Fran\u00e7ois Revardeaux, Stefano Lo Russo e Emanuele Chieli\"\n               data-image-slug=\"pla_4411\"\n               class=\"ngg-fancybox\" rel=\"c812fd6c43feff0b64de74147c0eda75\">\n                <img\n                    title=\"Fran\u00e7ois Revardeaux, Stefano Lo Russo e Emanuele Chieli\"\n                    alt=\"Fran\u00e7ois Revardeaux, Stefano Lo Russo e Emanuele Chieli\"\n                    src=\"http:\/\/www.spaziotorino.it\/scatto\/wp-content\/gallery\/2022_07_14_francia\/cache\/pla_4411.jpg-nggid0527138-ngg0dyn-60x60x100-00f0w010c011r110f110r010t010.jpg\"\n                    width=\"60\"\n                    height=\"60\"\n                    style=\"max-width:100%;\"\n                \/>\n            <\/a>\n        <\/div>\n\t\t\t\t\t\t\t<\/div> \n\t\t\t\n        \n\t\t\t\t<div id=\"ngg-image-3\" class=\"ngg-gallery-thumbnail-box\" >\n\t\t\t\t        <div class=\"ngg-gallery-thumbnail\">\n            <a href=\"http:\/\/www.spaziotorino.it\/scatto\/wp-content\/gallery\/2022_07_14_francia\/pla_4376.jpg\"\n               title=\"La la Banda Musicale del Corpo di Polizia municipale di Torino esegue gli inni nazionali\"\n               data-src=\"http:\/\/www.spaziotorino.it\/scatto\/wp-content\/gallery\/2022_07_14_francia\/pla_4376.jpg\"\n               data-thumbnail=\"http:\/\/www.spaziotorino.it\/scatto\/wp-content\/gallery\/2022_07_14_francia\/thumbs\/thumbs_pla_4376.jpg\"\n               data-image-id=\"27141\"\n               data-title=\"La la Banda Musicale del Corpo di Polizia municipale di Torino esegue gli inni nazionali\"\n               data-description=\"La la Banda Musicale del Corpo di Polizia municipale di Torino esegue gli inni nazionali\"\n               data-image-slug=\"pla_4376-1\"\n               class=\"ngg-fancybox\" rel=\"c812fd6c43feff0b64de74147c0eda75\">\n                <img\n                    title=\"La la Banda Musicale del Corpo di Polizia municipale di Torino esegue gli inni nazionali\"\n                    alt=\"La la Banda Musicale del Corpo di Polizia municipale di Torino esegue gli inni nazionali\"\n                    src=\"http:\/\/www.spaziotorino.it\/scatto\/wp-content\/gallery\/2022_07_14_francia\/cache\/pla_4376.jpg-nggid0527141-ngg0dyn-60x60x100-00f0w010c011r110f110r010t010.jpg\"\n                    width=\"60\"\n                    height=\"60\"\n                    style=\"max-width:100%;\"\n                \/>\n            <\/a>\n        <\/div>\n\t\t\t\t\t\t\t<\/div> \n\t\t\t\n        \n\t\t\t\t<div id=\"ngg-image-4\" class=\"ngg-gallery-thumbnail-box\" >\n\t\t\t\t        <div class=\"ngg-gallery-thumbnail\">\n            <a href=\"http:\/\/www.spaziotorino.it\/scatto\/wp-content\/gallery\/2022_07_14_francia\/pla_4399.jpg\"\n               title=\"Fran\u00e7ois Revardeaux e Stefano Lo Russo\"\n               data-src=\"http:\/\/www.spaziotorino.it\/scatto\/wp-content\/gallery\/2022_07_14_francia\/pla_4399.jpg\"\n               data-thumbnail=\"http:\/\/www.spaziotorino.it\/scatto\/wp-content\/gallery\/2022_07_14_francia\/thumbs\/thumbs_pla_4399.jpg\"\n               data-image-id=\"27139\"\n               data-title=\"Fran\u00e7ois Revardeaux e Stefano Lo Russo\"\n               data-description=\"Fran\u00e7ois Revardeaux e Stefano Lo Russo\"\n               data-image-slug=\"pla_4399\"\n               class=\"ngg-fancybox\" rel=\"c812fd6c43feff0b64de74147c0eda75\">\n                <img\n                    title=\"Fran\u00e7ois Revardeaux e Stefano Lo Russo\"\n                    alt=\"Fran\u00e7ois Revardeaux e Stefano Lo Russo\"\n                    src=\"http:\/\/www.spaziotorino.it\/scatto\/wp-content\/gallery\/2022_07_14_francia\/cache\/pla_4399.jpg-nggid0527139-ngg0dyn-60x60x100-00f0w010c011r110f110r010t010.jpg\"\n                    width=\"60\"\n                    height=\"60\"\n                    style=\"max-width:100%;\"\n                \/>\n            <\/a>\n        <\/div>\n\t\t\t\t\t\t\t<\/div> \n\t\t\t\n        \n\t\t\t\t<div id=\"ngg-image-5\" class=\"ngg-gallery-thumbnail-box\" >\n\t\t\t\t        <div class=\"ngg-gallery-thumbnail\">\n            <a href=\"http:\/\/www.spaziotorino.it\/scatto\/wp-content\/gallery\/2022_07_14_francia\/pla_4511.jpg\"\n               title=\"Stefano Lo Russo e Fran\u00e7ois Revardeaux\"\n               data-src=\"http:\/\/www.spaziotorino.it\/scatto\/wp-content\/gallery\/2022_07_14_francia\/pla_4511.jpg\"\n               data-thumbnail=\"http:\/\/www.spaziotorino.it\/scatto\/wp-content\/gallery\/2022_07_14_francia\/thumbs\/thumbs_pla_4511.jpg\"\n               data-image-id=\"27143\"\n               data-title=\"Stefano Lo Russo e Fran\u00e7ois Revardeaux\"\n               data-description=\"Stefano Lo Russo e Fran\u00e7ois Revardeaux\"\n               data-image-slug=\"pla_4511-2\"\n               class=\"ngg-fancybox\" rel=\"c812fd6c43feff0b64de74147c0eda75\">\n                <img\n                    title=\"Stefano Lo Russo e Fran\u00e7ois Revardeaux\"\n                    alt=\"Stefano Lo Russo e Fran\u00e7ois Revardeaux\"\n                    src=\"http:\/\/www.spaziotorino.it\/scatto\/wp-content\/gallery\/2022_07_14_francia\/cache\/pla_4511.jpg-nggid0527143-ngg0dyn-60x60x100-00f0w010c011r110f110r010t010.jpg\"\n                    width=\"60\"\n                    height=\"60\"\n                    style=\"max-width:100%;\"\n                \/>\n            <\/a>\n        <\/div>\n\t\t\t\t\t\t\t<\/div> \n\t\t\t\n        \n\t\t\t\t<div id=\"ngg-image-6\" class=\"ngg-gallery-thumbnail-box\" >\n\t\t\t\t        <div class=\"ngg-gallery-thumbnail\">\n            <a href=\"http:\/\/www.spaziotorino.it\/scatto\/wp-content\/gallery\/2022_07_14_francia\/pla_4519.jpg\"\n               title=\"Il Console generale di Francia a Milano Fran\u00e7ois Revardeaux\"\n               data-src=\"http:\/\/www.spaziotorino.it\/scatto\/wp-content\/gallery\/2022_07_14_francia\/pla_4519.jpg\"\n               data-thumbnail=\"http:\/\/www.spaziotorino.it\/scatto\/wp-content\/gallery\/2022_07_14_francia\/thumbs\/thumbs_pla_4519.jpg\"\n               data-image-id=\"27144\"\n               data-title=\"Il Console generale di Francia a Milano Fran\u00e7ois Revardeaux\"\n               data-description=\"Il Console generale di Francia a Milano Fran\u00e7ois Revardeaux\"\n               data-image-slug=\"pla_4519-1\"\n               class=\"ngg-fancybox\" rel=\"c812fd6c43feff0b64de74147c0eda75\">\n                <img\n                    title=\"Il Console generale di Francia a Milano Fran\u00e7ois Revardeaux\"\n                    alt=\"Il Console generale di Francia a Milano Fran\u00e7ois Revardeaux\"\n                    src=\"http:\/\/www.spaziotorino.it\/scatto\/wp-content\/gallery\/2022_07_14_francia\/cache\/pla_4519.jpg-nggid0527144-ngg0dyn-60x60x100-00f0w010c011r110f110r010t010.jpg\"\n                    width=\"60\"\n                    height=\"60\"\n                    style=\"max-width:100%;\"\n                \/>\n            <\/a>\n        <\/div>\n\t\t\t\t\t\t\t<\/div> \n\t\t\t\n        \n\t\t\t\t<div id=\"ngg-image-7\" class=\"ngg-gallery-thumbnail-box\" >\n\t\t\t\t        <div class=\"ngg-gallery-thumbnail\">\n            <a href=\"http:\/\/www.spaziotorino.it\/scatto\/wp-content\/gallery\/2022_07_14_francia\/pla_4426.jpg\"\n               title=\"Enzo Ghigo, Fran\u00e7ois Revardeaux Stefano Lo Russo e Emanuele Chieli\"\n               data-src=\"http:\/\/www.spaziotorino.it\/scatto\/wp-content\/gallery\/2022_07_14_francia\/pla_4426.jpg\"\n               data-thumbnail=\"http:\/\/www.spaziotorino.it\/scatto\/wp-content\/gallery\/2022_07_14_francia\/thumbs\/thumbs_pla_4426.jpg\"\n               data-image-id=\"27147\"\n               data-title=\"Enzo Ghigo, Fran\u00e7ois Revardeaux Stefano Lo Russo e Emanuele Chieli\"\n               data-description=\"Enzo Ghigo, Fran\u00e7ois Revardeaux Stefano Lo Russo e Emanuele Chieli\"\n               data-image-slug=\"pla_4426-1\"\n               class=\"ngg-fancybox\" rel=\"c812fd6c43feff0b64de74147c0eda75\">\n                <img\n                    title=\"Enzo Ghigo, Fran\u00e7ois Revardeaux Stefano Lo Russo e Emanuele Chieli\"\n                    alt=\"Enzo Ghigo, Fran\u00e7ois Revardeaux Stefano Lo Russo e Emanuele Chieli\"\n                    src=\"http:\/\/www.spaziotorino.it\/scatto\/wp-content\/gallery\/2022_07_14_francia\/cache\/pla_4426.jpg-nggid0527147-ngg0dyn-60x60x100-00f0w010c011r110f110r010t010.jpg\"\n                    width=\"60\"\n                    height=\"60\"\n                    style=\"max-width:100%;\"\n                \/>\n            <\/a>\n        <\/div>\n\t\t\t\t\t\t\t<\/div> \n\t\t\t\n        \n\t\t\t\t<div id=\"ngg-image-8\" class=\"ngg-gallery-thumbnail-box\" >\n\t\t\t\t        <div class=\"ngg-gallery-thumbnail\">\n            <a href=\"http:\/\/www.spaziotorino.it\/scatto\/wp-content\/gallery\/2022_07_14_francia\/pla_4434.jpg\"\n               title=\"Il video messaggio di Christian Masset, Ambasciatore di Francia in Italia\"\n               data-src=\"http:\/\/www.spaziotorino.it\/scatto\/wp-content\/gallery\/2022_07_14_francia\/pla_4434.jpg\"\n               data-thumbnail=\"http:\/\/www.spaziotorino.it\/scatto\/wp-content\/gallery\/2022_07_14_francia\/thumbs\/thumbs_pla_4434.jpg\"\n               data-image-id=\"27145\"\n               data-title=\"Il video messaggio di Christian Masset, Ambasciatore di Francia in Italia\"\n               data-description=\"Il video messaggio di Christian Masset, Ambasciatore di Francia in Italia\"\n               data-image-slug=\"pla_4434\"\n               class=\"ngg-fancybox\" rel=\"c812fd6c43feff0b64de74147c0eda75\">\n                <img\n                    title=\"Il video messaggio di Christian Masset, Ambasciatore di Francia in Italia\"\n                    alt=\"Il video messaggio di Christian Masset, Ambasciatore di Francia in Italia\"\n                    src=\"http:\/\/www.spaziotorino.it\/scatto\/wp-content\/gallery\/2022_07_14_francia\/cache\/pla_4434.jpg-nggid0527145-ngg0dyn-60x60x100-00f0w010c011r110f110r010t010.jpg\"\n                    width=\"60\"\n                    height=\"60\"\n                    style=\"max-width:100%;\"\n                \/>\n            <\/a>\n        <\/div>\n\t\t\t\t\t\t\t<\/div> \n\t\t\t\n        \n\t\t\t\t<div id=\"ngg-image-9\" class=\"ngg-gallery-thumbnail-box\" >\n\t\t\t\t        <div class=\"ngg-gallery-thumbnail\">\n            <a href=\"http:\/\/www.spaziotorino.it\/scatto\/wp-content\/gallery\/2022_07_14_francia\/pla_4494.jpg\"\n               title=\"Il Sindaco Stefano Lo Russo\"\n               data-src=\"http:\/\/www.spaziotorino.it\/scatto\/wp-content\/gallery\/2022_07_14_francia\/pla_4494.jpg\"\n               data-thumbnail=\"http:\/\/www.spaziotorino.it\/scatto\/wp-content\/gallery\/2022_07_14_francia\/thumbs\/thumbs_pla_4494.jpg\"\n               data-image-id=\"27146\"\n               data-title=\"Il Sindaco Stefano Lo Russo\"\n               data-description=\"Il Sindaco Stefano Lo Russo\"\n               data-image-slug=\"pla_4494\"\n               class=\"ngg-fancybox\" rel=\"c812fd6c43feff0b64de74147c0eda75\">\n                <img\n                    title=\"Il Sindaco Stefano Lo Russo\"\n                    alt=\"Il Sindaco Stefano Lo Russo\"\n                    src=\"http:\/\/www.spaziotorino.it\/scatto\/wp-content\/gallery\/2022_07_14_francia\/cache\/pla_4494.jpg-nggid0527146-ngg0dyn-60x60x100-00f0w010c011r110f110r010t010.jpg\"\n                    width=\"60\"\n                    height=\"60\"\n                    style=\"max-width:100%;\"\n                \/>\n            <\/a>\n        <\/div>\n\t\t\t\t\t\t\t<\/div> \n\t\t\t\n        \n\t\t\t\t<div id=\"ngg-image-10\" class=\"ngg-gallery-thumbnail-box\" >\n\t\t\t\t        <div class=\"ngg-gallery-thumbnail\">\n            <a href=\"http:\/\/www.spaziotorino.it\/scatto\/wp-content\/gallery\/2022_07_14_francia\/pla_4533.jpg\"\n               title=\"Un momento della cerimonia alla Mole Antonelliana\"\n               data-src=\"http:\/\/www.spaziotorino.it\/scatto\/wp-content\/gallery\/2022_07_14_francia\/pla_4533.jpg\"\n               data-thumbnail=\"http:\/\/www.spaziotorino.it\/scatto\/wp-content\/gallery\/2022_07_14_francia\/thumbs\/thumbs_pla_4533.jpg\"\n               data-image-id=\"27150\"\n               data-title=\"Un momento della cerimonia alla Mole Antonelliana\"\n               data-description=\"Un momento della cerimonia alla Mole Antonelliana\"\n               data-image-slug=\"pla_4533\"\n               class=\"ngg-fancybox\" rel=\"c812fd6c43feff0b64de74147c0eda75\">\n                <img\n                    title=\"Un momento della cerimonia alla Mole Antonelliana\"\n                    alt=\"Un momento della cerimonia alla Mole Antonelliana\"\n                    src=\"http:\/\/www.spaziotorino.it\/scatto\/wp-content\/gallery\/2022_07_14_francia\/cache\/pla_4533.jpg-nggid0527150-ngg0dyn-60x60x100-00f0w010c011r110f110r010t010.jpg\"\n                    width=\"60\"\n                    height=\"60\"\n                    style=\"max-width:100%;\"\n                \/>\n            <\/a>\n        <\/div>\n\t\t\t\t\t\t\t<\/div> \n\t\t\t\n        \n\t\t\t\t<div id=\"ngg-image-11\" class=\"ngg-gallery-thumbnail-box\" >\n\t\t\t\t        <div class=\"ngg-gallery-thumbnail\">\n            <a href=\"http:\/\/www.spaziotorino.it\/scatto\/wp-content\/gallery\/2022_07_14_francia\/pla_4458.jpg\"\n               title=\"Il saluto del Prefetto Raffaele Ruberto\"\n               data-src=\"http:\/\/www.spaziotorino.it\/scatto\/wp-content\/gallery\/2022_07_14_francia\/pla_4458.jpg\"\n               data-thumbnail=\"http:\/\/www.spaziotorino.it\/scatto\/wp-content\/gallery\/2022_07_14_francia\/thumbs\/thumbs_pla_4458.jpg\"\n               data-image-id=\"27148\"\n               data-title=\"Il saluto del Prefetto Raffaele Ruberto\"\n               data-description=\"Il saluto del Prefetto Raffaele Ruberto\"\n               data-image-slug=\"pla_4458\"\n               class=\"ngg-fancybox\" rel=\"c812fd6c43feff0b64de74147c0eda75\">\n                <img\n                    title=\"Il saluto del Prefetto Raffaele Ruberto\"\n                    alt=\"Il saluto del Prefetto Raffaele Ruberto\"\n                    src=\"http:\/\/www.spaziotorino.it\/scatto\/wp-content\/gallery\/2022_07_14_francia\/cache\/pla_4458.jpg-nggid0527148-ngg0dyn-60x60x100-00f0w010c011r110f110r010t010.jpg\"\n                    width=\"60\"\n                    height=\"60\"\n                    style=\"max-width:100%;\"\n                \/>\n            <\/a>\n        <\/div>\n\t\t\t\t\t\t\t<\/div> \n\t\t\t\n        \n\t\t\t\t<div id=\"ngg-image-12\" class=\"ngg-gallery-thumbnail-box\" >\n\t\t\t\t        <div class=\"ngg-gallery-thumbnail\">\n            <a href=\"http:\/\/www.spaziotorino.it\/scatto\/wp-content\/gallery\/2022_07_14_francia\/pla_4528.jpg\"\n               title=\"Un momento della cerimonia alla Mole Antonelliana\"\n               data-src=\"http:\/\/www.spaziotorino.it\/scatto\/wp-content\/gallery\/2022_07_14_francia\/pla_4528.jpg\"\n               data-thumbnail=\"http:\/\/www.spaziotorino.it\/scatto\/wp-content\/gallery\/2022_07_14_francia\/thumbs\/thumbs_pla_4528.jpg\"\n               data-image-id=\"27149\"\n               data-title=\"Un momento della cerimonia alla Mole Antonelliana\"\n               data-description=\"Un momento della cerimonia alla Mole Antonelliana\"\n               data-image-slug=\"pla_4528-1\"\n               class=\"ngg-fancybox\" rel=\"c812fd6c43feff0b64de74147c0eda75\">\n                <img\n                    title=\"Un momento della cerimonia alla Mole Antonelliana\"\n                    alt=\"Un momento della cerimonia alla Mole Antonelliana\"\n                    src=\"http:\/\/www.spaziotorino.it\/scatto\/wp-content\/gallery\/2022_07_14_francia\/cache\/pla_4528.jpg-nggid0527149-ngg0dyn-60x60x100-00f0w010c011r110f110r010t010.jpg\"\n                    width=\"60\"\n                    height=\"60\"\n                    style=\"max-width:100%;\"\n                \/>\n            <\/a>\n        <\/div>\n\t\t\t\t\t\t\t<\/div> \n\t\t\t\n        \n\t\t\t\t<div id=\"ngg-image-13\" class=\"ngg-gallery-thumbnail-box\" >\n\t\t\t\t        <div class=\"ngg-gallery-thumbnail\">\n            <a href=\"http:\/\/www.spaziotorino.it\/scatto\/wp-content\/gallery\/2022_07_14_francia\/pla_4551.jpg\"\n               title=\"Raffaele Ruberto, Stefano Lo Russo, Fran\u00e7ois Revardeaux, Emanuele Chieli, Andrea Tronzano e Enzo Ghigo\"\n               data-src=\"http:\/\/www.spaziotorino.it\/scatto\/wp-content\/gallery\/2022_07_14_francia\/pla_4551.jpg\"\n               data-thumbnail=\"http:\/\/www.spaziotorino.it\/scatto\/wp-content\/gallery\/2022_07_14_francia\/thumbs\/thumbs_pla_4551.jpg\"\n               data-image-id=\"27153\"\n               data-title=\"Raffaele Ruberto, Stefano Lo Russo, Fran\u00e7ois Revardeaux, Emanuele Chieli, Andrea Tronzano e Enzo Ghigo\"\n               data-description=\"Raffaele Ruberto, Stefano Lo Russo, Fran\u00e7ois Revardeaux, Emanuele Chieli, Andrea Tronzano e Enzo Ghigo\"\n               data-image-slug=\"pla_4551-1\"\n               class=\"ngg-fancybox\" rel=\"c812fd6c43feff0b64de74147c0eda75\">\n                <img\n                    title=\"Raffaele Ruberto, Stefano Lo Russo, Fran\u00e7ois Revardeaux, Emanuele Chieli, Andrea Tronzano e Enzo Ghigo\"\n                    alt=\"Raffaele Ruberto, Stefano Lo Russo, Fran\u00e7ois Revardeaux, Emanuele Chieli, Andrea Tronzano e Enzo Ghigo\"\n                    src=\"http:\/\/www.spaziotorino.it\/scatto\/wp-content\/gallery\/2022_07_14_francia\/cache\/pla_4551.jpg-nggid0527153-ngg0dyn-60x60x100-00f0w010c011r110f110r010t010.jpg\"\n                    width=\"60\"\n                    height=\"60\"\n                    style=\"max-width:100%;\"\n                \/>\n            <\/a>\n        <\/div>\n\t\t\t\t\t\t\t<\/div> \n\t\t\t\n        \n\t\t\t\t<div id=\"ngg-image-14\" class=\"ngg-gallery-thumbnail-box\" >\n\t\t\t\t        <div class=\"ngg-gallery-thumbnail\">\n            <a href=\"http:\/\/www.spaziotorino.it\/scatto\/wp-content\/gallery\/2022_07_14_francia\/pla_4596.jpg\"\n               title=\"La Mole celebra la Francia\"\n               data-src=\"http:\/\/www.spaziotorino.it\/scatto\/wp-content\/gallery\/2022_07_14_francia\/pla_4596.jpg\"\n               data-thumbnail=\"http:\/\/www.spaziotorino.it\/scatto\/wp-content\/gallery\/2022_07_14_francia\/thumbs\/thumbs_pla_4596.jpg\"\n               data-image-id=\"27151\"\n               data-title=\"La Mole celebra la Francia\"\n               data-description=\"La Mole celebra la Francia\"\n               data-image-slug=\"pla_4596\"\n               class=\"ngg-fancybox\" rel=\"c812fd6c43feff0b64de74147c0eda75\">\n                <img\n                    title=\"La Mole celebra la Francia\"\n                    alt=\"La Mole celebra la Francia\"\n                    src=\"http:\/\/www.spaziotorino.it\/scatto\/wp-content\/gallery\/2022_07_14_francia\/cache\/pla_4596.jpg-nggid0527151-ngg0dyn-60x60x100-00f0w010c011r110f110r010t010.jpg\"\n                    width=\"60\"\n                    height=\"60\"\n                    style=\"max-width:100%;\"\n                \/>\n            <\/a>\n        <\/div>\n\t\t\t\t\t\t\t<\/div> \n\t\t\t\n        \n\t\t\t\t<div id=\"ngg-image-15\" class=\"ngg-gallery-thumbnail-box\" >\n\t\t\t\t        <div class=\"ngg-gallery-thumbnail\">\n            <a href=\"http:\/\/www.spaziotorino.it\/scatto\/wp-content\/gallery\/2022_07_14_francia\/pla_4589.jpg\"\n               title=\"La Mole celebra la Francia\"\n               data-src=\"http:\/\/www.spaziotorino.it\/scatto\/wp-content\/gallery\/2022_07_14_francia\/pla_4589.jpg\"\n               data-thumbnail=\"http:\/\/www.spaziotorino.it\/scatto\/wp-content\/gallery\/2022_07_14_francia\/thumbs\/thumbs_pla_4589.jpg\"\n               data-image-id=\"27152\"\n               data-title=\"La Mole celebra la Francia\"\n               data-description=\"La Mole celebra la Francia\"\n               data-image-slug=\"pla_4589\"\n               class=\"ngg-fancybox\" rel=\"c812fd6c43feff0b64de74147c0eda75\">\n                <img\n                    title=\"La Mole celebra la Francia\"\n                    alt=\"La Mole celebra la Francia\"\n                    src=\"http:\/\/www.spaziotorino.it\/scatto\/wp-content\/gallery\/2022_07_14_francia\/cache\/pla_4589.jpg-nggid0527152-ngg0dyn-60x60x100-00f0w010c011r110f110r010t010.jpg\"\n                    width=\"60\"\n                    height=\"60\"\n                    style=\"max-width:100%;\"\n                \/>\n            <\/a>\n        <\/div>\n\t\t\t\t\t\t\t<\/div> \n\t\t\t\n        \n\t\t\t\t<div id=\"ngg-image-16\" class=\"ngg-gallery-thumbnail-box\" >\n\t\t\t\t        <div class=\"ngg-gallery-thumbnail\">\n            <a href=\"http:\/\/www.spaziotorino.it\/scatto\/wp-content\/gallery\/2022_07_14_francia\/pla_4614.jpg\"\n               title=\"La Mole celebra la Francia\"\n               data-src=\"http:\/\/www.spaziotorino.it\/scatto\/wp-content\/gallery\/2022_07_14_francia\/pla_4614.jpg\"\n               data-thumbnail=\"http:\/\/www.spaziotorino.it\/scatto\/wp-content\/gallery\/2022_07_14_francia\/thumbs\/thumbs_pla_4614.jpg\"\n               data-image-id=\"27154\"\n               data-title=\"La Mole celebra la Francia\"\n               data-description=\"La Mole celebra la Francia\"\n               data-image-slug=\"pla_4614\"\n               class=\"ngg-fancybox\" rel=\"c812fd6c43feff0b64de74147c0eda75\">\n                <img\n                    title=\"La Mole celebra la Francia\"\n                    alt=\"La Mole celebra la Francia\"\n                    src=\"http:\/\/www.spaziotorino.it\/scatto\/wp-content\/gallery\/2022_07_14_francia\/cache\/pla_4614.jpg-nggid0527154-ngg0dyn-60x60x100-00f0w010c011r110f110r010t010.jpg\"\n                    width=\"60\"\n                    height=\"60\"\n                    style=\"max-width:100%;\"\n                \/>\n            <\/a>\n        <\/div>\n\t\t\t\t\t\t\t<\/div> \n\t\t\t\n        \n\t\t\t\t<div id=\"ngg-image-17\" class=\"ngg-gallery-thumbnail-box\" >\n\t\t\t\t        <div class=\"ngg-gallery-thumbnail\">\n            <a href=\"http:\/\/www.spaziotorino.it\/scatto\/wp-content\/gallery\/2022_07_14_francia\/pla_4619.jpg\"\n               title=\"La Mole celebra la Francia\"\n               data-src=\"http:\/\/www.spaziotorino.it\/scatto\/wp-content\/gallery\/2022_07_14_francia\/pla_4619.jpg\"\n               data-thumbnail=\"http:\/\/www.spaziotorino.it\/scatto\/wp-content\/gallery\/2022_07_14_francia\/thumbs\/thumbs_pla_4619.jpg\"\n               data-image-id=\"27155\"\n               data-title=\"La Mole celebra la Francia\"\n               data-description=\"La Mole celebra la Francia\"\n               data-image-slug=\"pla_4619\"\n               class=\"ngg-fancybox\" rel=\"c812fd6c43feff0b64de74147c0eda75\">\n                <img\n                    title=\"La Mole celebra la Francia\"\n                    alt=\"La Mole celebra la Francia\"\n                    src=\"http:\/\/www.spaziotorino.it\/scatto\/wp-content\/gallery\/2022_07_14_francia\/cache\/pla_4619.jpg-nggid0527155-ngg0dyn-60x60x100-00f0w010c011r110f110r010t010.jpg\"\n                    width=\"60\"\n                    height=\"60\"\n                    style=\"max-width:100%;\"\n                \/>\n            <\/a>\n        <\/div>\n\t\t\t\t\t\t\t<\/div> \n\t\t\t\n        \n\t\t\n\t\t<!-- Pagination -->\n\t<div class='ngg-clear'><\/div>\t<\/div>\n\n<p>Una proiezione speciale sulla Mole Antonelliana per celebrare l\u2019evento pi\u00f9 importante per la Repubblica francese, la presa della Bastiglia il 14 luglio 1789 e la Festa della Federazione, esattamente un anno dopo nel 1790, che la commemora e celebra l\u2019unione della Nazione: gioved\u00ec 14 luglio, alle ore 21, sul monumento simbolo del capoluogo piemontese apparir\u00e0 un\u2019immagine elaborata dall\u2019artista JonOne e intitolata Libert\u00e9, Egalit\u00e9, Fraternit\u00e9 (2015, credito: Bruno Brounch).<\/p>\n<p>Si tratta del terzo appuntamento celebrativo di \u2018Torino Omaggia il Mondo\u2019, progetto con cui la Citt\u00e0 intende onorare le festivit\u00e0 nazionali dei Paesi a cui \u00e8 legata da affinit\u00e0 e da elementi di fratellanza, vicinanza e cooperazione con l&#8217;illuminazione a tema del suo monumento pi\u00f9 conosciuto al mondo.<\/p>\n<p>Per l\u2019occasione il Consolato Generale di Francia a Milano ha deciso di organizzare per la prima volta l\u2019annuale ricevimento serale a Torino, all\u2019interno della Mole Antonelliana, confermando il successo dell\u2019iniziativa \u2018Torino Omaggia il mondo\u2019 e incoraggiando a lavorare per la programmazione degli appuntamenti successivi.<\/p>\n<p>Presenti il Console generale di Francia a Milano Fran\u00e7ois Revardeaux insieme al Console onorario di Francia a Torino Emanuele Chieli ricevuti dal Sindaco Stefano Lo Russo, dal Presidente del Museo del Cinema Enzo Ghigo e dal Prefetto di Torino Raffaele Ruberto. Ad aprire la cerimonia alla Mole la Banda Musicale del Corpo di Polizia municipale di Torino ha eseguito gli inni italiano e francese e in chiusura l&#8217;inno europeo.<\/p>\n<p>La Cooperazione tra le Relazioni Internazionali della Citt\u00e0, l\u2019Assessorato alla Cultura, l\u2019Assessorato al Coordinamento Politiche per la Multiculturalit\u00e0 e Integrazione dei nuovi Cittadini e il Corpo Consolare di Torino, rappresenta un nuovo modello di collaborazione che persegue obiettivi di rafforzamento delle relazioni con le Nazioni del Mondo, nella prospettiva di migliorare il futuro dei nostri Paesi e dei nostri popoli.<\/p>\n<p>Tra Italia e Francia nel corso dei secoli si sono stabiliti e consolidati forti legami di scambio sia a livello culturale, sia dal punto di vista commerciale e diplomatico. Il 4 novembre 1949 venne firmato un Accordo di Cooperazione Culturale, in applicazione del quale si sono poi succeduti nel tempo i diversi programmi esecutivi di cooperazione in questo specifico ambito.<\/p>\n<p>Con il \u2018Trattato per una cooperazione bilaterale rafforzata\u2019, firmato a Roma il 26 novembre 2021 (Trattato del Quirinale,) l\u2019Italia e la Francia hanno rinnovato l\u2019ambizione comune, quali membri fondatori, nel progetto europeo. In tutti gli ambiti di cooperazione, l\u2019Italia e la Francia si adopereranno per un\u2019Europa forte, democratica, unita e sovrana.<\/p>\n<p>\u201cCon grande piacere la Citt\u00e0 di Torino omaggia la Francia &#8211; dichiara Stefano Lo Russo, Sindaco di Torino \u2013 un Paese a cui siamo legati da una profonda amicizia, legami storici e culturali. Partecipiamo ai festeggiamenti del 14 luglio, la storica data della presa della Bastiglia con cui dal 1790 si celebra la Festa della Federazione, giorno dell&#8217;unit\u00e0 nazionale. Una festa che rinnova nel presente i valori di libert\u00e0, uguaglianza e fraternit\u00e0. Ogni evento di \u2018Torino omaggia il Mondo\u2019 intende rafforzare quei rapporti internazionali a cui teniamo molto, Torino vuole intensificare le relazioni con i Paesi esteri, promuovendo sempre pi\u00f9 progetti e iniziative internazionali. Torino omaggia il mondo rappresenta la precisa volont\u00e0 della nostra amministrazione: essere sempre pi\u00f9 aperti al mondo\u201d.<\/p>\n<p>\u201cSiamo onorati e orgogliosi &#8211; dichiara Christian Masset, Ambasciatore di Francia in Italia &#8211; che il Comune di Torino abbia deciso di celebrare, il 14 luglio, la profonda amicizia con la Francia proiettando sul monumento pi\u00f9 emblematico della citt\u00e0, la Mole Antonelliana, una delle immagini pi\u00f9 emblematiche del nostro paese, quella di Marianne, simbolo della Repubblica, magnificamente rivisitata da JonOne in un gesto artistico che dimostra la permanenza e la modernit\u00e0 dei valori che simboleggia e che condividiamo. So che i miei concittadini che vivono a Torino proveranno un\u2019emozione sincera quando vedranno quest\u2019immagine e sono convinto che tutti quelli che potranno ammirarla rimarranno colpiti dalla forza del simbolo. Siamo legati dalla storia, uniti dal presente e consapevoli che il futuro si prepara oggi, ogni giorno. Questa certezza \u00e8 anche alla base del Trattato del Quirinale per una cooperazione rafforzata tra i nostri due paesi, la certezza che possiamo, anzi dobbiamo lavorare sempre pi\u00f9 insieme. Esiste un proverbio francese che dice: \u2018les petits cadeaux entretiennent l\u2019amiti\u00e9\u2019. Il regalo, non piccolo, che ci fa il Comune di Torino per il 14 luglio nell\u2019omaggiare la Francia dimostra l\u2019importanza e la sincerit\u00e0 di quest\u2019amicizia che esiste tra la Francia e la citt\u00e0 e, oltre, tra la Francia e l\u2019Italia\u201d.<\/p>\n","protected":false},"excerpt":{"rendered":"<p>Una proiezione speciale sulla Mole Antonelliana per celebrare l\u2019evento pi\u00f9 importante per la Repubblica francese, la presa della Bastiglia il 14 luglio 1789 e la Festa della Federazione, esattamente un anno dopo nel 1790, che la commemora e celebra l\u2019unione della Nazione: gioved\u00ec 14 luglio, alle ore 21, sul monumento simbolo del capoluogo piemontese apparir\u00e0 [&hellip;]<\/p>\n","protected":false},"author":1,"featured_media":0,"comment_status":"closed","ping_status":"open","sticky":false,"template":"","format":"standard","meta":{"ngg_post_thumbnail":0},"categories":[1,895],"tags":[],"_links":{"self":[{"href":"http:\/\/www.spaziotorino.it\/scatto\/index.php?rest_route=\/wp\/v2\/posts\/42784"}],"collection":[{"href":"http:\/\/www.spaziotorino.it\/scatto\/index.php?rest_route=\/wp\/v2\/posts"}],"about":[{"href":"http:\/\/www.spaziotorino.it\/scatto\/index.php?rest_route=\/wp\/v2\/types\/post"}],"author":[{"embeddable":true,"href":"http:\/\/www.spaziotorino.it\/scatto\/index.php?rest_route=\/wp\/v2\/users\/1"}],"replies":[{"embeddable":true,"href":"http:\/\/www.spaziotorino.it\/scatto\/index.php?rest_route=%2Fwp%2Fv2%2Fcomments&post=42784"}],"version-history":[{"count":1,"href":"http:\/\/www.spaziotorino.it\/scatto\/index.php?rest_route=\/wp\/v2\/posts\/42784\/revisions"}],"predecessor-version":[{"id":42786,"href":"http:\/\/www.spaziotorino.it\/scatto\/index.php?rest_route=\/wp\/v2\/posts\/42784\/revisions\/42786"}],"wp:attachment":[{"href":"http:\/\/www.spaziotorino.it\/scatto\/index.php?rest_route=%2Fwp%2Fv2%2Fmedia&parent=42784"}],"wp:term":[{"taxonomy":"category","embeddable":true,"href":"http:\/\/www.spaziotorino.it\/scatto\/index.php?rest_route=%2Fwp%2Fv2%2Fcategories&post=42784"},{"taxonomy":"post_tag","embeddable":true,"href":"http:\/\/www.spaziotorino.it\/scatto\/index.php?rest_route=%2Fwp%2Fv2%2Ftags&post=42784"}],"curies":[{"name":"wp","href":"https:\/\/api.w.org\/{rel}","templated":true}]}}