{"id":42795,"date":"2022-07-18T16:18:23","date_gmt":"2022-07-18T15:18:23","guid":{"rendered":"http:\/\/www.spaziotorino.it\/scatto\/?p=42795"},"modified":"2022-07-19T16:20:54","modified_gmt":"2022-07-19T15:20:54","slug":"comune-di-torino-da-compagnia-di-san-paolo-64-milioni-di-euro-in-4-anni-per-progetti-condivisi-firmato-protocollo","status":"publish","type":"post","link":"http:\/\/www.spaziotorino.it\/scatto\/?p=42795","title":{"rendered":"Comune di Torino, da Compagnia di San Paolo 64 milioni di euro in 4 anni per progetti condivisi. Firmato Protocollo"},"content":{"rendered":"<p><a class=\"ngg-fancybox\" title=\"Comune di Torino, da Compagnia di San Paolo 64 milioni di euro in 4 anni per progetti condivisi. Firmato Protocollo\" href=\"http:\/\/www.spaziotorino.it\/scatto\/wp-content\/gallery\/2022_07_18_patto\/pla_4832.jpg\" rel=\"lightbox[set_1796]\"><br \/>\n<img decoding=\"async\" loading=\"lazy\" class=\"ngg-singlepic\" title=\"Comune di Torino, da Compagnia di San Paolo 64 milioni di euro in 4 anni per progetti condivisi. Firmato Protocollo\" src=\"http:\/\/www.spaziotorino.it\/scatto\/wp-content\/gallery\/2022_07_18_patto\/pla_4832.jpg\" alt=\"\" width=\"540\" height=\"360\"\/><\/a><\/p>\n<!-- index.php -->\n<div\n\tclass=\"ngg-galleryoverview ngg-ajax-pagination-none\"\n\tid=\"ngg-gallery-7c7ba9b2a7f29359975fe15a3c3234fc-1\">\n\n    \t\t<!-- Thumbnails -->\n\t\t\t\t<div id=\"ngg-image-0\" class=\"ngg-gallery-thumbnail-box\" >\n\t\t\t\t        <div class=\"ngg-gallery-thumbnail\">\n            <a href=\"http:\/\/www.spaziotorino.it\/scatto\/wp-content\/gallery\/2022_07_18_patto\/pla_4776.jpg\"\n               title=\"Alberto Anfossi, Francesco Profumo, Stefano Lo Russo e Michela Favaro\"\n               data-src=\"http:\/\/www.spaziotorino.it\/scatto\/wp-content\/gallery\/2022_07_18_patto\/pla_4776.jpg\"\n               data-thumbnail=\"http:\/\/www.spaziotorino.it\/scatto\/wp-content\/gallery\/2022_07_18_patto\/thumbs\/thumbs_pla_4776.jpg\"\n               data-image-id=\"27157\"\n               data-title=\"Alberto Anfossi, Francesco Profumo, Stefano Lo Russo e Michela Favaro\"\n               data-description=\"Alberto Anfossi, Francesco Profumo, Stefano Lo Russo e Michela Favaro\"\n               data-image-slug=\"pla_4776\"\n               class=\"ngg-fancybox\" rel=\"7c7ba9b2a7f29359975fe15a3c3234fc\">\n                <img\n                    title=\"Alberto Anfossi, Francesco Profumo, Stefano Lo Russo e Michela Favaro\"\n                    alt=\"Alberto Anfossi, Francesco Profumo, Stefano Lo Russo e Michela Favaro\"\n                    src=\"http:\/\/www.spaziotorino.it\/scatto\/wp-content\/gallery\/2022_07_18_patto\/cache\/pla_4776.jpg-nggid0527157-ngg0dyn-60x60x100-00f0w010c011r110f110r010t010.jpg\"\n                    width=\"60\"\n                    height=\"60\"\n                    style=\"max-width:100%;\"\n                \/>\n            <\/a>\n        <\/div>\n\t\t\t\t\t\t\t<\/div> \n\t\t\t\n        \n\t\t\t\t<div id=\"ngg-image-1\" class=\"ngg-gallery-thumbnail-box\" >\n\t\t\t\t        <div class=\"ngg-gallery-thumbnail\">\n            <a href=\"http:\/\/www.spaziotorino.it\/scatto\/wp-content\/gallery\/2022_07_18_patto\/pla_4814.jpg\"\n               title=\"Francesco Profumo, Stefano Lo Russo\"\n               data-src=\"http:\/\/www.spaziotorino.it\/scatto\/wp-content\/gallery\/2022_07_18_patto\/pla_4814.jpg\"\n               data-thumbnail=\"http:\/\/www.spaziotorino.it\/scatto\/wp-content\/gallery\/2022_07_18_patto\/thumbs\/thumbs_pla_4814.jpg\"\n               data-image-id=\"27158\"\n               data-title=\"Francesco Profumo, Stefano Lo Russo\"\n               data-description=\"Francesco Profumo, Stefano Lo Russo\"\n               data-image-slug=\"pla_4814\"\n               class=\"ngg-fancybox\" rel=\"7c7ba9b2a7f29359975fe15a3c3234fc\">\n                <img\n                    title=\"Francesco Profumo, Stefano Lo Russo\"\n                    alt=\"Francesco Profumo, Stefano Lo Russo\"\n                    src=\"http:\/\/www.spaziotorino.it\/scatto\/wp-content\/gallery\/2022_07_18_patto\/cache\/pla_4814.jpg-nggid0527158-ngg0dyn-60x60x100-00f0w010c011r110f110r010t010.jpg\"\n                    width=\"60\"\n                    height=\"60\"\n                    style=\"max-width:100%;\"\n                \/>\n            <\/a>\n        <\/div>\n\t\t\t\t\t\t\t<\/div> \n\t\t\t\n        \n\t\t\t\t<div id=\"ngg-image-2\" class=\"ngg-gallery-thumbnail-box\" >\n\t\t\t\t        <div class=\"ngg-gallery-thumbnail\">\n            <a href=\"http:\/\/www.spaziotorino.it\/scatto\/wp-content\/gallery\/2022_07_18_patto\/pla_4752.jpg\"\n               title=\"Stefano Lo Russo e Michela Favaro\"\n               data-src=\"http:\/\/www.spaziotorino.it\/scatto\/wp-content\/gallery\/2022_07_18_patto\/pla_4752.jpg\"\n               data-thumbnail=\"http:\/\/www.spaziotorino.it\/scatto\/wp-content\/gallery\/2022_07_18_patto\/thumbs\/thumbs_pla_4752.jpg\"\n               data-image-id=\"27159\"\n               data-title=\"Stefano Lo Russo e Michela Favaro\"\n               data-description=\"Stefano Lo Russo e Michela Favaro\"\n               data-image-slug=\"pla_4752-1\"\n               class=\"ngg-fancybox\" rel=\"7c7ba9b2a7f29359975fe15a3c3234fc\">\n                <img\n                    title=\"Stefano Lo Russo e Michela Favaro\"\n                    alt=\"Stefano Lo Russo e Michela Favaro\"\n                    src=\"http:\/\/www.spaziotorino.it\/scatto\/wp-content\/gallery\/2022_07_18_patto\/cache\/pla_4752.jpg-nggid0527159-ngg0dyn-60x60x100-00f0w010c011r110f110r010t010.jpg\"\n                    width=\"60\"\n                    height=\"60\"\n                    style=\"max-width:100%;\"\n                \/>\n            <\/a>\n        <\/div>\n\t\t\t\t\t\t\t<\/div> \n\t\t\t\n        \n\t\t\t\t<div id=\"ngg-image-3\" class=\"ngg-gallery-thumbnail-box\" >\n\t\t\t\t        <div class=\"ngg-gallery-thumbnail\">\n            <a href=\"http:\/\/www.spaziotorino.it\/scatto\/wp-content\/gallery\/2022_07_18_patto\/pla_4744.jpg\"\n               title=\"Un momento della sigla del patto\"\n               data-src=\"http:\/\/www.spaziotorino.it\/scatto\/wp-content\/gallery\/2022_07_18_patto\/pla_4744.jpg\"\n               data-thumbnail=\"http:\/\/www.spaziotorino.it\/scatto\/wp-content\/gallery\/2022_07_18_patto\/thumbs\/thumbs_pla_4744.jpg\"\n               data-image-id=\"27160\"\n               data-title=\"Un momento della sigla del patto\"\n               data-description=\"Un momento della sigla del patto\"\n               data-image-slug=\"pla_4744\"\n               class=\"ngg-fancybox\" rel=\"7c7ba9b2a7f29359975fe15a3c3234fc\">\n                <img\n                    title=\"Un momento della sigla del patto\"\n                    alt=\"Un momento della sigla del patto\"\n                    src=\"http:\/\/www.spaziotorino.it\/scatto\/wp-content\/gallery\/2022_07_18_patto\/cache\/pla_4744.jpg-nggid0527160-ngg0dyn-60x60x100-00f0w010c011r110f110r010t010.jpg\"\n                    width=\"60\"\n                    height=\"60\"\n                    style=\"max-width:100%;\"\n                \/>\n            <\/a>\n        <\/div>\n\t\t\t\t\t\t\t<\/div> \n\t\t\t\n        \n\t\t\t\t<div id=\"ngg-image-4\" class=\"ngg-gallery-thumbnail-box\" >\n\t\t\t\t        <div class=\"ngg-gallery-thumbnail\">\n            <a href=\"http:\/\/www.spaziotorino.it\/scatto\/wp-content\/gallery\/2022_07_18_patto\/pla_4827.jpg\"\n               title=\"Alberto Anfossi, Francesco Profumo, Stefano Lo Russo e Michela Favaro\"\n               data-src=\"http:\/\/www.spaziotorino.it\/scatto\/wp-content\/gallery\/2022_07_18_patto\/pla_4827.jpg\"\n               data-thumbnail=\"http:\/\/www.spaziotorino.it\/scatto\/wp-content\/gallery\/2022_07_18_patto\/thumbs\/thumbs_pla_4827.jpg\"\n               data-image-id=\"27161\"\n               data-title=\"Alberto Anfossi, Francesco Profumo, Stefano Lo Russo e Michela Favaro\"\n               data-description=\"Alberto Anfossi, Francesco Profumo, Stefano Lo Russo e Michela Favaro\"\n               data-image-slug=\"pla_4827\"\n               class=\"ngg-fancybox\" rel=\"7c7ba9b2a7f29359975fe15a3c3234fc\">\n                <img\n                    title=\"Alberto Anfossi, Francesco Profumo, Stefano Lo Russo e Michela Favaro\"\n                    alt=\"Alberto Anfossi, Francesco Profumo, Stefano Lo Russo e Michela Favaro\"\n                    src=\"http:\/\/www.spaziotorino.it\/scatto\/wp-content\/gallery\/2022_07_18_patto\/cache\/pla_4827.jpg-nggid0527161-ngg0dyn-60x60x100-00f0w010c011r110f110r010t010.jpg\"\n                    width=\"60\"\n                    height=\"60\"\n                    style=\"max-width:100%;\"\n                \/>\n            <\/a>\n        <\/div>\n\t\t\t\t\t\t\t<\/div> \n\t\t\t\n        \n\t\t\t\t<div id=\"ngg-image-5\" class=\"ngg-gallery-thumbnail-box\" >\n\t\t\t\t        <div class=\"ngg-gallery-thumbnail\">\n            <a href=\"http:\/\/www.spaziotorino.it\/scatto\/wp-content\/gallery\/2022_07_18_patto\/pla_4803.jpg\"\n               title=\"Francesco Profumo, Stefano Lo Russo\"\n               data-src=\"http:\/\/www.spaziotorino.it\/scatto\/wp-content\/gallery\/2022_07_18_patto\/pla_4803.jpg\"\n               data-thumbnail=\"http:\/\/www.spaziotorino.it\/scatto\/wp-content\/gallery\/2022_07_18_patto\/thumbs\/thumbs_pla_4803.jpg\"\n               data-image-id=\"27162\"\n               data-title=\"Francesco Profumo, Stefano Lo Russo\"\n               data-description=\"Francesco Profumo, Stefano Lo Russo\"\n               data-image-slug=\"pla_4803\"\n               class=\"ngg-fancybox\" rel=\"7c7ba9b2a7f29359975fe15a3c3234fc\">\n                <img\n                    title=\"Francesco Profumo, Stefano Lo Russo\"\n                    alt=\"Francesco Profumo, Stefano Lo Russo\"\n                    src=\"http:\/\/www.spaziotorino.it\/scatto\/wp-content\/gallery\/2022_07_18_patto\/cache\/pla_4803.jpg-nggid0527162-ngg0dyn-60x60x100-00f0w010c011r110f110r010t010.jpg\"\n                    width=\"60\"\n                    height=\"60\"\n                    style=\"max-width:100%;\"\n                \/>\n            <\/a>\n        <\/div>\n\t\t\t\t\t\t\t<\/div> \n\t\t\t\n        \n\t\t\n\t\t<!-- Pagination -->\n\t<div class='ngg-clear'><\/div>\t<\/div>\n\n<p>\u00c8 stato siglato oggi da Stefano Lo Russo, Sindaco del Comune di Torino e da Francesco Profumo, Presidente della Compagnia di San Paolo, il Protocollo Quadro per la realizzazione di progetti condivisi nei settori della Cultura, delle Persone e del Pianeta per il quadriennio 2022\/2025.<\/p>\n<p><em>\u201cLa Citt\u00e0 di Torino<\/em>&nbsp;\u2013 ha dichiarato il Sindaco di Torino, Stefano Lo Russo \u2013<em>&nbsp;sigla l\u2019accordo quadro con la Fondazione Compagnia di San Paolo per il quadriennio 2022-2025, un documento che consente alla Citt\u00e0 certezza di risorse con una modalit\u00e0 di coprogettazione. Siamo contenti di stipulare questo accordo pluriennale, non solo per la solidit\u00e0 finanziaria che fornisce certezza su ambiti importanti ma anche perch\u00e9 contemporaneamente apriamo una nuova stagione di collaborazione sui progetti in: Cultura, Persone e Pianeta. Inoltre, insieme alla firma del Piano quadriennale, con la firma del Memorandum of understanding andremo a sostenere tutte le iniziative per la \u201cCitt\u00e0 dell\u2019Educazione\u201d, progetto che riteniamo importante perch\u00e9 rappresenta costruire con basi solide il nostro futuro. Il rapporto tra Fondazione Compagnia di San Paolo e la Citt\u00e0 di Torino si rafforza con l\u2019obiettivo di creare sempre pi\u00f9 valore positivo per tutta la comunit\u00e0. La possibilit\u00e0 di lavorare in sinergia con la Compagnia di San Paolo \u00e8 una risorsa importante per Torino, un esempio di come si possa fare squadra e, guardando al futuro, realizzare progetti importanti per la nostra citt\u00e0\u201d.<\/em><\/p>\n<p>La Compagnia di San Paolo mette a disposizione del quadro strategico oggetto del Protocollo, risorse derivanti dalla propria programmazione annuale fino a complessivi 64 milioni di euro per il quadriennio 2022\/2025, ripartiti in quattro quote annuali di importo massimo di 16 milioni di euro; ulteriori risorse, non definibili&nbsp;<i>ex ante<\/i>, potranno essere oggetto di future delibere, con particolare riferimento ai bandi emessi dalla Compagnia (a cui il Comune potr\u00e0 partecipare) e al grande progetto \u201cle citt\u00e0 dell\u2019educazione\u201d, in fase di progettazione.<\/p>\n<p>Con la firma del Protocollo Quadro, il Comune e la Fondazione intendono agire in modo coordinato individuando specifici interventi e programmi che concorrano al rafforzamento e alla sostenibilit\u00e0 di processi e progetti trasversali alla struttura organizzativo-gestionale comunale e nei settori \u201cCultura\u201d, \u201cPersone\u201d e \u201cPianeta\u201d, individuati nel Documento di Programmazione Pluriennale 2021-2024 della Compagnia, alla luce dell\u2019Agenda 2030 delle Nazioni Unite mediante i relativi Obiettivi di Sviluppo Sostenibile.<\/p>\n<p><i>\u201cLa Fondazione Compagnia di San Paolo lavora come agente di sviluppo nella logica di rafforzare, condividere e accompagnare comuni e unioni di comuni a migliorare il proprio ruolo di gestori nelle strategie del cambiamento, in coerenza con il Pnrr \u2013&nbsp;<\/i>ha dichiarato Francesco Profumo, Presidente dell\u2019ente torinese \u2013 \u201c<i>Il Protocollo Quadro rappresenta per noi un grande salto di qualit\u00e0: la componente strategica delle progettualit\u00e0 diventa centrale; la grande ambizione \u00e8 quella di non limitarsi a investire nella direzione indicata dal Piano strategico 2021- 2024 della Fondazione, ma di moltiplicare l\u2019impatto degli investimenti nostri e dei beneficiari. Per questo, serve soprattutto la capacit\u00e0 di lavorare con gli attori del territorio, per crescere nel tempo. Noi e loro.\u201d<\/i><\/p>\n<p>Il Comune di Torino e la Fondazione Compagnia di San Paolo fanno squadra definendo, sperimentando e sostenendo modalit\u00e0 di intervento dedicate ad aspetti strutturali, in particolare nell\u2019ambito della transizione digitale, della transizione verde, sociale e in campo educativo e nelle nuove competenze amministrativo-gestionali, sulla base delle migliori pratiche, capaci di determinare sostenibilit\u00e0 e\/o efficienze di lungo periodo, nonch\u00e9 studiare, sperimentare e modellizzare pratiche e operative che rendano pi\u00f9 efficiente e incisiva la capacit\u00e0 di impiego delle risorse, con particolare riferimento ai fondi derivanti dalle programmazioni nazionali ed europee.<\/p>\n<p><i>\u201cIl protocollo Quadro che sigliamo oggi<\/i>\u201d \u2013 ha aggiunto Alberto Anfossi, Segretario Generale della Compagnia di San Paolo \u2013 \u201c<i>\u00e8 basato su tre assi strategici che prevedono il supporto continuativo equilibrato alle istituzioni culturali; un rafforzamento del valore dei progetti compresi nel perimetro d\u2019intervento in particolare dell\u2019Obiettivo Persone (Educazione, Comunit\u00e0 e Inclusione) e la definizione e allocazione di risorse strategiche per sostenere il rafforzamento strutturale e la transizione digitale, ecologica e sociale del Comune di Torino. Con il Protocollo Quadro mettiamo a disposizione 64 milioni di euro per il quadriennio 2022-2025 a favore della Citt\u00e0 per interventi di tipo strategico che definiremo congiuntamente, pensiamo per esempio a un grande progetto legato alla transizione digitale della macchina comunale; interventi a favore degli enti culturali compartecipati come la Fondazione Torino Musei, la Fondazione Teatro Regio, la Fondazione Teatro Stabile, per citarne alcuni, e, infine, per interventi a favore delle agenzie urbane compartecipare come Urban Lab al fine di sostenerne lo sviluppo e il riassetto strategico, nella convinzione che sono con l\u2019azione congiunta gli sforzi che facciamo possano moltiplicare i risultati con importanti benefici a favore della collettivit\u00e0 e del bene comune\u201d.<\/i><\/p>\n<p>Pi\u00f9 nello specifico le azioni congiunte previste dal Protocollo prevedono:<\/p>\n<ul>\n<li aria-level=\"1\">Interventi di tipo strategico o \u201ccentrali\u201d attuati in for ma co-progettuale anche valorizzando nella collaborazione con il Comune di Torino esperienze positive gi\u00e0 maturate dalla Compagnia di San Paolo con priorit\u00e0 sull\u2019innovazione nei servizi comunali, della transizione digitale, della transizione verde, sociale e educativa, e nelle nuove competenze amministrativo gestionali; nell\u2019ambito del contrasto alla povert\u00e0, della promozione della inclusione sociale e culturale, dell\u2019abitare sociale e della rigenerazione urbana, delle attivit\u00e0 educative, della partecipazione.<\/li>\n<li aria-level=\"1\">Interventi a favore degli enti culturali compartecipati, quali in particolare: Fondazione Torino Musei, Museo nazionale del Cinema \u2013 Fondazione Maria Adriana Prolo, Fondazione Teatro Regio di Torino, Fondazione Teatro Stabile di Torino; a ci\u00f2 potranno eventualmente essere aggiunti ulteriori interventi in ambito culturale concordati tra le Parti in forma scritta e&nbsp; interventi a favore delle Agenzie urbane torinesi \u201ccompartecipate\u201d finalizzati allo sviluppo e del riassetto strategico: Associazione Urban Lab, Fondazione Contrada Torino, The Gate \u2013 Comitato Porta Palazzo;<\/li>\n<li aria-level=\"1\">Infine, l\u2019avvio di un significativo programma pluriennale denominato \u201cle citt\u00e0 dell\u2019educazione\u201d, individuando nella citt\u00e0 di Torino uno dei luoghi primari di realizzazione.<\/li>\n<\/ul>\n<p>Il Protocollo Quadro intende rappresentare la cornice di riferimento, in particolare a livello strategico di&nbsp;<i>goverance<\/i>&nbsp;e di allocazione di risorse, anche per il programma pluriennale \u201cle citt\u00e0 dell\u2019educazione\u201d , che vedr\u00e0 la luce nel 2023.<\/p>\n<p><i>\u201cLa qualit\u00e0 del cambiamento che realizzeremo nei prossimi anni dipender\u00e0 innanzitutto dalla nostra capacit\u00e0 di trovare nuovi equilibri e nuovi slanci, come persone e come comunit\u00e0, in armonia con le grandi trasformazioni mettendo al centro quella che io considero&nbsp;<\/i><i>la sfida dell\u2019educazione<\/i><i>, che parte dai giovani ma coinvolge tutti, perch\u00e9 tutti siamo chiamati a non smettere mai di imparare. Sono convinto che l\u2019educazione e la formazione siano la pi\u00f9 potente forma di inclusione sociale. Non vale solo per le nostre bambine e i nostri bambini, per le ragazze e i ragazzi, ma anche per il mondo del lavoro. L\u2019apprendimento continuo e l\u2019aggiornamento delle competenze diventano una necessit\u00e0\u201d \u2013&nbsp;<\/i>ha dichiarato Francesco Profumo<i>&nbsp;\u2013 \u201cil grande programma \u201cle citt\u00e0 dell\u2019educazione\u201d prevede nei prossimi cinque anni lo sviluppo di tre macro-interventi nel campo del&nbsp;<\/i><i>contrasto al fenomeno della denatalit\u00e0, della cura e dell\u2019educazione dei bambini da 0 a 6 anni; della promozione di opportunit\u00e0 educative e formative per bambini e ragazzi da 6 a 16 anni; e del contrasto al fenomeno dei \u201cNEET\u201d da realizzarsi nel territorio di Torino<\/i><i>, in forte sinergia e collaborazione con la Citt\u00e0 di Torino e altre Istituzioni e stakeholders. La dimensione dell\u2019impegno e delle risorse che mettiamo a disposizione, in modo aggiuntivo, per questo programma\u201d \u2013&nbsp;<\/i>ha concluso Profumo<i>&nbsp;\u2013 \u201cha la potenzialit\u00e0 di imprimere importanti cambiamenti e un forte impatto sul territorio delle citt\u00e0 interessate, soprattutto per bambine, bambini, ragazze, ragazzi e giovani, con l\u2019obiettivo finale di costruire&nbsp;<\/i><i>una vera e propria Citt\u00e0 educante<\/i><i>, con forti caratteristiche di inclusione, innovazione e sostenibilit\u00e0\u201d.<\/i><\/p>\n<p>[Fonte: <a href=\"http:\/\/www.torinoclick.it\/?p=105184\">TorinoClick<\/a>]<\/p>\n","protected":false},"excerpt":{"rendered":"<p>\u00c8 stato siglato oggi da Stefano Lo Russo, Sindaco del Comune di Torino e da Francesco Profumo, Presidente della Compagnia di San Paolo, il Protocollo Quadro per la realizzazione di progetti condivisi nei settori della Cultura, delle Persone e del Pianeta per il quadriennio 2022\/2025. \u201cLa Citt\u00e0 di Torino&nbsp;\u2013 ha dichiarato il Sindaco di Torino, [&hellip;]<\/p>\n","protected":false},"author":1,"featured_media":0,"comment_status":"closed","ping_status":"open","sticky":false,"template":"","format":"standard","meta":{"ngg_post_thumbnail":0},"categories":[1,895],"tags":[],"_links":{"self":[{"href":"http:\/\/www.spaziotorino.it\/scatto\/index.php?rest_route=\/wp\/v2\/posts\/42795"}],"collection":[{"href":"http:\/\/www.spaziotorino.it\/scatto\/index.php?rest_route=\/wp\/v2\/posts"}],"about":[{"href":"http:\/\/www.spaziotorino.it\/scatto\/index.php?rest_route=\/wp\/v2\/types\/post"}],"author":[{"embeddable":true,"href":"http:\/\/www.spaziotorino.it\/scatto\/index.php?rest_route=\/wp\/v2\/users\/1"}],"replies":[{"embeddable":true,"href":"http:\/\/www.spaziotorino.it\/scatto\/index.php?rest_route=%2Fwp%2Fv2%2Fcomments&post=42795"}],"version-history":[{"count":2,"href":"http:\/\/www.spaziotorino.it\/scatto\/index.php?rest_route=\/wp\/v2\/posts\/42795\/revisions"}],"predecessor-version":[{"id":42807,"href":"http:\/\/www.spaziotorino.it\/scatto\/index.php?rest_route=\/wp\/v2\/posts\/42795\/revisions\/42807"}],"wp:attachment":[{"href":"http:\/\/www.spaziotorino.it\/scatto\/index.php?rest_route=%2Fwp%2Fv2%2Fmedia&parent=42795"}],"wp:term":[{"taxonomy":"category","embeddable":true,"href":"http:\/\/www.spaziotorino.it\/scatto\/index.php?rest_route=%2Fwp%2Fv2%2Fcategories&post=42795"},{"taxonomy":"post_tag","embeddable":true,"href":"http:\/\/www.spaziotorino.it\/scatto\/index.php?rest_route=%2Fwp%2Fv2%2Ftags&post=42795"}],"curies":[{"name":"wp","href":"https:\/\/api.w.org\/{rel}","templated":true}]}}