{"id":43026,"date":"2022-09-21T13:08:41","date_gmt":"2022-09-21T12:08:41","guid":{"rendered":"http:\/\/www.spaziotorino.it\/scatto\/?p=43026"},"modified":"2022-09-23T11:11:11","modified_gmt":"2022-09-23T10:11:11","slug":"a-gallerie-ditalia-la-mostra-lisetta-carmi-suonare-forte","status":"publish","type":"post","link":"http:\/\/www.spaziotorino.it\/scatto\/?p=43026","title":{"rendered":"A Gallerie d&#8217;Italia la mostra &#8216;Lisetta Carmi. Suonare forte&#8217;"},"content":{"rendered":"<p><a class=\"ngg-fancybox\" title=\"A Gallerie d'Italia la mostra 'Lisetta Carmi. Suonare forte'\" href=\"http:\/\/www.spaziotorino.it\/scatto\/wp-content\/gallery\/2022_09_21_lisetta\/pla_2302.jpg\" rel=\"lightbox[set_1807]\"><br \/>\n<img decoding=\"async\" loading=\"lazy\" class=\"ngg-singlepic\" title=\"A Gallerie d'Italia la mostra 'Lisetta Carmi. Suonare forte'\" src=\"http:\/\/www.spaziotorino.it\/scatto\/wp-content\/gallery\/2022_09_21_lisetta\/pla_2302.jpg\" alt=\"\" width=\"540\" height=\"360\"\/><\/a><\/p>\n<!-- index.php -->\n<div\n\tclass=\"ngg-galleryoverview ngg-ajax-pagination-none\"\n\tid=\"ngg-gallery-089200dd13e7f78a8fc51dde59036d25-1\">\n\n    \t\t<!-- Thumbnails -->\n\t\t\t\t<div id=\"ngg-image-0\" class=\"ngg-gallery-thumbnail-box\" >\n\t\t\t\t        <div class=\"ngg-gallery-thumbnail\">\n            <a href=\"http:\/\/www.spaziotorino.it\/scatto\/wp-content\/gallery\/2022_09_21_lisetta\/pla_2369.jpg\"\n               title=\"Lisetta Carmi. Suonare forte\"\n               data-src=\"http:\/\/www.spaziotorino.it\/scatto\/wp-content\/gallery\/2022_09_21_lisetta\/pla_2369.jpg\"\n               data-thumbnail=\"http:\/\/www.spaziotorino.it\/scatto\/wp-content\/gallery\/2022_09_21_lisetta\/thumbs\/thumbs_pla_2369.jpg\"\n               data-image-id=\"27349\"\n               data-title=\"Lisetta Carmi. Suonare forte\"\n               data-description=\"Lisetta Carmi. Suonare forte\"\n               data-image-slug=\"pla_2369-1\"\n               class=\"ngg-fancybox\" rel=\"089200dd13e7f78a8fc51dde59036d25\">\n                <img\n                    title=\"Lisetta Carmi. Suonare forte\"\n                    alt=\"Lisetta Carmi. Suonare forte\"\n                    src=\"http:\/\/www.spaziotorino.it\/scatto\/wp-content\/gallery\/2022_09_21_lisetta\/cache\/pla_2369.jpg-nggid0527349-ngg0dyn-60x60x100-00f0w010c011r110f110r010t010.jpg\"\n                    width=\"60\"\n                    height=\"60\"\n                    style=\"max-width:100%;\"\n                \/>\n            <\/a>\n        <\/div>\n\t\t\t\t\t\t\t<\/div> \n\t\t\t\n        \n\t\t\t\t<div id=\"ngg-image-1\" class=\"ngg-gallery-thumbnail-box\" >\n\t\t\t\t        <div class=\"ngg-gallery-thumbnail\">\n            <a href=\"http:\/\/www.spaziotorino.it\/scatto\/wp-content\/gallery\/2022_09_21_lisetta\/pla_2308.jpg\"\n               title=\"Lisetta Carmi. Suonare forte\"\n               data-src=\"http:\/\/www.spaziotorino.it\/scatto\/wp-content\/gallery\/2022_09_21_lisetta\/pla_2308.jpg\"\n               data-thumbnail=\"http:\/\/www.spaziotorino.it\/scatto\/wp-content\/gallery\/2022_09_21_lisetta\/thumbs\/thumbs_pla_2308.jpg\"\n               data-image-id=\"27339\"\n               data-title=\"Lisetta Carmi. Suonare forte\"\n               data-description=\"Lisetta Carmi. Suonare forte\"\n               data-image-slug=\"pla_2308\"\n               class=\"ngg-fancybox\" rel=\"089200dd13e7f78a8fc51dde59036d25\">\n                <img\n                    title=\"Lisetta Carmi. Suonare forte\"\n                    alt=\"Lisetta Carmi. Suonare forte\"\n                    src=\"http:\/\/www.spaziotorino.it\/scatto\/wp-content\/gallery\/2022_09_21_lisetta\/cache\/pla_2308.jpg-nggid0527339-ngg0dyn-60x60x100-00f0w010c011r110f110r010t010.jpg\"\n                    width=\"60\"\n                    height=\"60\"\n                    style=\"max-width:100%;\"\n                \/>\n            <\/a>\n        <\/div>\n\t\t\t\t\t\t\t<\/div> \n\t\t\t\n        \n\t\t\t\t<div id=\"ngg-image-2\" class=\"ngg-gallery-thumbnail-box\" >\n\t\t\t\t        <div class=\"ngg-gallery-thumbnail\">\n            <a href=\"http:\/\/www.spaziotorino.it\/scatto\/wp-content\/gallery\/2022_09_21_lisetta\/pla_2314.jpg\"\n               title=\"Lisetta Carmi. Suonare forte\"\n               data-src=\"http:\/\/www.spaziotorino.it\/scatto\/wp-content\/gallery\/2022_09_21_lisetta\/pla_2314.jpg\"\n               data-thumbnail=\"http:\/\/www.spaziotorino.it\/scatto\/wp-content\/gallery\/2022_09_21_lisetta\/thumbs\/thumbs_pla_2314.jpg\"\n               data-image-id=\"27341\"\n               data-title=\"Lisetta Carmi. Suonare forte\"\n               data-description=\"Lisetta Carmi. Suonare forte\"\n               data-image-slug=\"pla_2314\"\n               class=\"ngg-fancybox\" rel=\"089200dd13e7f78a8fc51dde59036d25\">\n                <img\n                    title=\"Lisetta Carmi. Suonare forte\"\n                    alt=\"Lisetta Carmi. Suonare forte\"\n                    src=\"http:\/\/www.spaziotorino.it\/scatto\/wp-content\/gallery\/2022_09_21_lisetta\/cache\/pla_2314.jpg-nggid0527341-ngg0dyn-60x60x100-00f0w010c011r110f110r010t010.jpg\"\n                    width=\"60\"\n                    height=\"60\"\n                    style=\"max-width:100%;\"\n                \/>\n            <\/a>\n        <\/div>\n\t\t\t\t\t\t\t<\/div> \n\t\t\t\n        \n\t\t\t\t<div id=\"ngg-image-3\" class=\"ngg-gallery-thumbnail-box\" >\n\t\t\t\t        <div class=\"ngg-gallery-thumbnail\">\n            <a href=\"http:\/\/www.spaziotorino.it\/scatto\/wp-content\/gallery\/2022_09_21_lisetta\/pla_2320.jpg\"\n               title=\"Lisetta Carmi. Suonare forte\"\n               data-src=\"http:\/\/www.spaziotorino.it\/scatto\/wp-content\/gallery\/2022_09_21_lisetta\/pla_2320.jpg\"\n               data-thumbnail=\"http:\/\/www.spaziotorino.it\/scatto\/wp-content\/gallery\/2022_09_21_lisetta\/thumbs\/thumbs_pla_2320.jpg\"\n               data-image-id=\"27342\"\n               data-title=\"Lisetta Carmi. Suonare forte\"\n               data-description=\"Lisetta Carmi. Suonare forte\"\n               data-image-slug=\"pla_2320\"\n               class=\"ngg-fancybox\" rel=\"089200dd13e7f78a8fc51dde59036d25\">\n                <img\n                    title=\"Lisetta Carmi. Suonare forte\"\n                    alt=\"Lisetta Carmi. Suonare forte\"\n                    src=\"http:\/\/www.spaziotorino.it\/scatto\/wp-content\/gallery\/2022_09_21_lisetta\/cache\/pla_2320.jpg-nggid0527342-ngg0dyn-60x60x100-00f0w010c011r110f110r010t010.jpg\"\n                    width=\"60\"\n                    height=\"60\"\n                    style=\"max-width:100%;\"\n                \/>\n            <\/a>\n        <\/div>\n\t\t\t\t\t\t\t<\/div> \n\t\t\t\n        \n\t\t\t\t<div id=\"ngg-image-4\" class=\"ngg-gallery-thumbnail-box\" >\n\t\t\t\t        <div class=\"ngg-gallery-thumbnail\">\n            <a href=\"http:\/\/www.spaziotorino.it\/scatto\/wp-content\/gallery\/2022_09_21_lisetta\/pla_2330.jpg\"\n               title=\"Lisetta Carmi. Suonare forte\"\n               data-src=\"http:\/\/www.spaziotorino.it\/scatto\/wp-content\/gallery\/2022_09_21_lisetta\/pla_2330.jpg\"\n               data-thumbnail=\"http:\/\/www.spaziotorino.it\/scatto\/wp-content\/gallery\/2022_09_21_lisetta\/thumbs\/thumbs_pla_2330.jpg\"\n               data-image-id=\"27343\"\n               data-title=\"Lisetta Carmi. Suonare forte\"\n               data-description=\"Lisetta Carmi. Suonare forte\"\n               data-image-slug=\"pla_2330\"\n               class=\"ngg-fancybox\" rel=\"089200dd13e7f78a8fc51dde59036d25\">\n                <img\n                    title=\"Lisetta Carmi. Suonare forte\"\n                    alt=\"Lisetta Carmi. Suonare forte\"\n                    src=\"http:\/\/www.spaziotorino.it\/scatto\/wp-content\/gallery\/2022_09_21_lisetta\/cache\/pla_2330.jpg-nggid0527343-ngg0dyn-60x60x100-00f0w010c011r110f110r010t010.jpg\"\n                    width=\"60\"\n                    height=\"60\"\n                    style=\"max-width:100%;\"\n                \/>\n            <\/a>\n        <\/div>\n\t\t\t\t\t\t\t<\/div> \n\t\t\t\n        \n\t\t\t\t<div id=\"ngg-image-5\" class=\"ngg-gallery-thumbnail-box\" >\n\t\t\t\t        <div class=\"ngg-gallery-thumbnail\">\n            <a href=\"http:\/\/www.spaziotorino.it\/scatto\/wp-content\/gallery\/2022_09_21_lisetta\/pla_2328.jpg\"\n               title=\"Lisetta Carmi. Suonare forte\"\n               data-src=\"http:\/\/www.spaziotorino.it\/scatto\/wp-content\/gallery\/2022_09_21_lisetta\/pla_2328.jpg\"\n               data-thumbnail=\"http:\/\/www.spaziotorino.it\/scatto\/wp-content\/gallery\/2022_09_21_lisetta\/thumbs\/thumbs_pla_2328.jpg\"\n               data-image-id=\"27344\"\n               data-title=\"Lisetta Carmi. Suonare forte\"\n               data-description=\"Lisetta Carmi. Suonare forte\"\n               data-image-slug=\"pla_2328-2\"\n               class=\"ngg-fancybox\" rel=\"089200dd13e7f78a8fc51dde59036d25\">\n                <img\n                    title=\"Lisetta Carmi. Suonare forte\"\n                    alt=\"Lisetta Carmi. Suonare forte\"\n                    src=\"http:\/\/www.spaziotorino.it\/scatto\/wp-content\/gallery\/2022_09_21_lisetta\/cache\/pla_2328.jpg-nggid0527344-ngg0dyn-60x60x100-00f0w010c011r110f110r010t010.jpg\"\n                    width=\"60\"\n                    height=\"60\"\n                    style=\"max-width:100%;\"\n                \/>\n            <\/a>\n        <\/div>\n\t\t\t\t\t\t\t<\/div> \n\t\t\t\n        \n\t\t\t\t<div id=\"ngg-image-6\" class=\"ngg-gallery-thumbnail-box\" >\n\t\t\t\t        <div class=\"ngg-gallery-thumbnail\">\n            <a href=\"http:\/\/www.spaziotorino.it\/scatto\/wp-content\/gallery\/2022_09_21_lisetta\/pla_2350.jpg\"\n               title=\"Lisetta Carmi. Suonare forte\"\n               data-src=\"http:\/\/www.spaziotorino.it\/scatto\/wp-content\/gallery\/2022_09_21_lisetta\/pla_2350.jpg\"\n               data-thumbnail=\"http:\/\/www.spaziotorino.it\/scatto\/wp-content\/gallery\/2022_09_21_lisetta\/thumbs\/thumbs_pla_2350.jpg\"\n               data-image-id=\"27345\"\n               data-title=\"Lisetta Carmi. Suonare forte\"\n               data-description=\"Lisetta Carmi. Suonare forte\"\n               data-image-slug=\"pla_2350-2\"\n               class=\"ngg-fancybox\" rel=\"089200dd13e7f78a8fc51dde59036d25\">\n                <img\n                    title=\"Lisetta Carmi. Suonare forte\"\n                    alt=\"Lisetta Carmi. Suonare forte\"\n                    src=\"http:\/\/www.spaziotorino.it\/scatto\/wp-content\/gallery\/2022_09_21_lisetta\/cache\/pla_2350.jpg-nggid0527345-ngg0dyn-60x60x100-00f0w010c011r110f110r010t010.jpg\"\n                    width=\"60\"\n                    height=\"60\"\n                    style=\"max-width:100%;\"\n                \/>\n            <\/a>\n        <\/div>\n\t\t\t\t\t\t\t<\/div> \n\t\t\t\n        \n\t\t\t\t<div id=\"ngg-image-7\" class=\"ngg-gallery-thumbnail-box\" >\n\t\t\t\t        <div class=\"ngg-gallery-thumbnail\">\n            <a href=\"http:\/\/www.spaziotorino.it\/scatto\/wp-content\/gallery\/2022_09_21_lisetta\/pla_2339.jpg\"\n               title=\"Lisetta Carmi. Suonare forte\"\n               data-src=\"http:\/\/www.spaziotorino.it\/scatto\/wp-content\/gallery\/2022_09_21_lisetta\/pla_2339.jpg\"\n               data-thumbnail=\"http:\/\/www.spaziotorino.it\/scatto\/wp-content\/gallery\/2022_09_21_lisetta\/thumbs\/thumbs_pla_2339.jpg\"\n               data-image-id=\"27346\"\n               data-title=\"Lisetta Carmi. Suonare forte\"\n               data-description=\"Lisetta Carmi. Suonare forte\"\n               data-image-slug=\"pla_2339\"\n               class=\"ngg-fancybox\" rel=\"089200dd13e7f78a8fc51dde59036d25\">\n                <img\n                    title=\"Lisetta Carmi. Suonare forte\"\n                    alt=\"Lisetta Carmi. Suonare forte\"\n                    src=\"http:\/\/www.spaziotorino.it\/scatto\/wp-content\/gallery\/2022_09_21_lisetta\/cache\/pla_2339.jpg-nggid0527346-ngg0dyn-60x60x100-00f0w010c011r110f110r010t010.jpg\"\n                    width=\"60\"\n                    height=\"60\"\n                    style=\"max-width:100%;\"\n                \/>\n            <\/a>\n        <\/div>\n\t\t\t\t\t\t\t<\/div> \n\t\t\t\n        \n\t\t\t\t<div id=\"ngg-image-8\" class=\"ngg-gallery-thumbnail-box\" >\n\t\t\t\t        <div class=\"ngg-gallery-thumbnail\">\n            <a href=\"http:\/\/www.spaziotorino.it\/scatto\/wp-content\/gallery\/2022_09_21_lisetta\/pla_2357.jpg\"\n               title=\"Lisetta Carmi. Suonare forte\"\n               data-src=\"http:\/\/www.spaziotorino.it\/scatto\/wp-content\/gallery\/2022_09_21_lisetta\/pla_2357.jpg\"\n               data-thumbnail=\"http:\/\/www.spaziotorino.it\/scatto\/wp-content\/gallery\/2022_09_21_lisetta\/thumbs\/thumbs_pla_2357.jpg\"\n               data-image-id=\"27347\"\n               data-title=\"Lisetta Carmi. Suonare forte\"\n               data-description=\"Lisetta Carmi. Suonare forte\"\n               data-image-slug=\"pla_2357\"\n               class=\"ngg-fancybox\" rel=\"089200dd13e7f78a8fc51dde59036d25\">\n                <img\n                    title=\"Lisetta Carmi. Suonare forte\"\n                    alt=\"Lisetta Carmi. Suonare forte\"\n                    src=\"http:\/\/www.spaziotorino.it\/scatto\/wp-content\/gallery\/2022_09_21_lisetta\/cache\/pla_2357.jpg-nggid0527347-ngg0dyn-60x60x100-00f0w010c011r110f110r010t010.jpg\"\n                    width=\"60\"\n                    height=\"60\"\n                    style=\"max-width:100%;\"\n                \/>\n            <\/a>\n        <\/div>\n\t\t\t\t\t\t\t<\/div> \n\t\t\t\n        \n\t\t\t\t<div id=\"ngg-image-9\" class=\"ngg-gallery-thumbnail-box\" >\n\t\t\t\t        <div class=\"ngg-gallery-thumbnail\">\n            <a href=\"http:\/\/www.spaziotorino.it\/scatto\/wp-content\/gallery\/2022_09_21_lisetta\/pla_2360.jpg\"\n               title=\"Lisetta Carmi. Suonare forte\"\n               data-src=\"http:\/\/www.spaziotorino.it\/scatto\/wp-content\/gallery\/2022_09_21_lisetta\/pla_2360.jpg\"\n               data-thumbnail=\"http:\/\/www.spaziotorino.it\/scatto\/wp-content\/gallery\/2022_09_21_lisetta\/thumbs\/thumbs_pla_2360.jpg\"\n               data-image-id=\"27348\"\n               data-title=\"Lisetta Carmi. Suonare forte\"\n               data-description=\"Lisetta Carmi. Suonare forte\"\n               data-image-slug=\"pla_2360\"\n               class=\"ngg-fancybox\" rel=\"089200dd13e7f78a8fc51dde59036d25\">\n                <img\n                    title=\"Lisetta Carmi. Suonare forte\"\n                    alt=\"Lisetta Carmi. Suonare forte\"\n                    src=\"http:\/\/www.spaziotorino.it\/scatto\/wp-content\/gallery\/2022_09_21_lisetta\/cache\/pla_2360.jpg-nggid0527348-ngg0dyn-60x60x100-00f0w010c011r110f110r010t010.jpg\"\n                    width=\"60\"\n                    height=\"60\"\n                    style=\"max-width:100%;\"\n                \/>\n            <\/a>\n        <\/div>\n\t\t\t\t\t\t\t<\/div> \n\t\t\t\n        \n\t\t\t\t<div id=\"ngg-image-10\" class=\"ngg-gallery-thumbnail-box\" >\n\t\t\t\t        <div class=\"ngg-gallery-thumbnail\">\n            <a href=\"http:\/\/www.spaziotorino.it\/scatto\/wp-content\/gallery\/2022_09_21_lisetta\/pla_2367.jpg\"\n               title=\"Lisetta Carmi. Suonare forte\"\n               data-src=\"http:\/\/www.spaziotorino.it\/scatto\/wp-content\/gallery\/2022_09_21_lisetta\/pla_2367.jpg\"\n               data-thumbnail=\"http:\/\/www.spaziotorino.it\/scatto\/wp-content\/gallery\/2022_09_21_lisetta\/thumbs\/thumbs_pla_2367.jpg\"\n               data-image-id=\"27350\"\n               data-title=\"Lisetta Carmi. Suonare forte\"\n               data-description=\"Lisetta Carmi. Suonare forte\"\n               data-image-slug=\"pla_2367-1\"\n               class=\"ngg-fancybox\" rel=\"089200dd13e7f78a8fc51dde59036d25\">\n                <img\n                    title=\"Lisetta Carmi. Suonare forte\"\n                    alt=\"Lisetta Carmi. Suonare forte\"\n                    src=\"http:\/\/www.spaziotorino.it\/scatto\/wp-content\/gallery\/2022_09_21_lisetta\/cache\/pla_2367.jpg-nggid0527350-ngg0dyn-60x60x100-00f0w010c011r110f110r010t010.jpg\"\n                    width=\"60\"\n                    height=\"60\"\n                    style=\"max-width:100%;\"\n                \/>\n            <\/a>\n        <\/div>\n\t\t\t\t\t\t\t<\/div> \n\t\t\t\n        \n\t\t\n\t\t<!-- Pagination -->\n\t<div class='ngg-clear'><\/div>\t<\/div>\n\n<p>Alle Gallerie d&#8217;Italia di Torino \u00e8 in programma dal 22 settembre 2022 al 22 gennaio 2023 la grande mostra monografica dedicata a&nbsp;<strong>Lisetta Carm<\/strong>i, una delle personalit\u00e0 pi\u00f9 interessanti del panorama fotografico italiano, recentemente scomparsa all&#8217;et\u00e0 di 98 anni. In mostra saranno presenti oltre&nbsp;<strong>150 foto scattate tra gli anni Sessanta e Settanta<\/strong>, incluse alcune tra le opere pi\u00f9 salienti del suo lavoro: dallo straordinario reportage sul mondo dei travestiti, unico nel suo genere e diventato negli anni Settanta un libro di culto, con la sua declinazione del tutto inedita a colori, alla documentazione del parto, oltre ai lavori fotografici dedicati al mondo del lavoro in Italia e all&#8217;estero e ai ritratti di Ezra Pound. Ad accompagnare la mostra anche un public program che approfondisce, amplifica e sviluppa i temi trattati dall&#8217;esposizione temporanea. Gli&nbsp;<strong>incontri #INSIDE,<\/strong>&nbsp;il mercoled\u00ec, alle ore 18.30, con accesso gratuito al pubblico, vedranno la partecipazione di esperti e professionisti impegnati in una serie di eventi, per condividere riflessioni e spunti in occasione delle giornate di apertura serale del museo.<\/p>\n<p>Per maggiori informazioni <a href=\"http:\/\/www.gallerieditalia.com\">www.gallerieditalia.com<\/a><\/p>\n","protected":false},"excerpt":{"rendered":"<p>Alle Gallerie d&#8217;Italia di Torino \u00e8 in programma dal 22 settembre 2022 al 22 gennaio 2023 la grande mostra monografica dedicata a&nbsp;Lisetta Carmi, una delle personalit\u00e0 pi\u00f9 interessanti del panorama fotografico italiano, recentemente scomparsa all&#8217;et\u00e0 di 98 anni. In mostra saranno presenti oltre&nbsp;150 foto scattate tra gli anni Sessanta e Settanta, incluse alcune tra le [&hellip;]<\/p>\n","protected":false},"author":1,"featured_media":0,"comment_status":"closed","ping_status":"open","sticky":false,"template":"","format":"standard","meta":{"ngg_post_thumbnail":0},"categories":[54,1],"tags":[],"_links":{"self":[{"href":"http:\/\/www.spaziotorino.it\/scatto\/index.php?rest_route=\/wp\/v2\/posts\/43026"}],"collection":[{"href":"http:\/\/www.spaziotorino.it\/scatto\/index.php?rest_route=\/wp\/v2\/posts"}],"about":[{"href":"http:\/\/www.spaziotorino.it\/scatto\/index.php?rest_route=\/wp\/v2\/types\/post"}],"author":[{"embeddable":true,"href":"http:\/\/www.spaziotorino.it\/scatto\/index.php?rest_route=\/wp\/v2\/users\/1"}],"replies":[{"embeddable":true,"href":"http:\/\/www.spaziotorino.it\/scatto\/index.php?rest_route=%2Fwp%2Fv2%2Fcomments&post=43026"}],"version-history":[{"count":2,"href":"http:\/\/www.spaziotorino.it\/scatto\/index.php?rest_route=\/wp\/v2\/posts\/43026\/revisions"}],"predecessor-version":[{"id":43052,"href":"http:\/\/www.spaziotorino.it\/scatto\/index.php?rest_route=\/wp\/v2\/posts\/43026\/revisions\/43052"}],"wp:attachment":[{"href":"http:\/\/www.spaziotorino.it\/scatto\/index.php?rest_route=%2Fwp%2Fv2%2Fmedia&parent=43026"}],"wp:term":[{"taxonomy":"category","embeddable":true,"href":"http:\/\/www.spaziotorino.it\/scatto\/index.php?rest_route=%2Fwp%2Fv2%2Fcategories&post=43026"},{"taxonomy":"post_tag","embeddable":true,"href":"http:\/\/www.spaziotorino.it\/scatto\/index.php?rest_route=%2Fwp%2Fv2%2Ftags&post=43026"}],"curies":[{"name":"wp","href":"https:\/\/api.w.org\/{rel}","templated":true}]}}