{"id":43336,"date":"2022-10-14T16:20:42","date_gmt":"2022-10-14T15:20:42","guid":{"rendered":"http:\/\/www.spaziotorino.it\/scatto\/?p=43336"},"modified":"2022-10-14T16:20:42","modified_gmt":"2022-10-14T15:20:42","slug":"inaugurato-a-torino-il-grattacielo-della-regione-si-chiamera-piemonte","status":"publish","type":"post","link":"http:\/\/www.spaziotorino.it\/scatto\/?p=43336","title":{"rendered":"Inaugurato a Torino il grattacielo della Regione, si chiamer\u00e0 Piemonte"},"content":{"rendered":"<p><a class=\"ngg-fancybox\" title=\"Inaugurato a Torino il grattacielo della Regione, si chiamer\u00e0 Piemonte\" href=\"http:\/\/www.spaziotorino.it\/scatto\/wp-content\/gallery\/2022_10_14_piemonte\/PLA_5532.jpg\" rel=\"lightbox[set_1823]\"><br \/>\n<img decoding=\"async\" loading=\"lazy\" class=\"ngg-singlepic\" title=\"Inaugurato a Torino il grattacielo della Regione, si chiamer\u00e0 Piemonte\" src=\"http:\/\/www.spaziotorino.it\/scatto\/wp-content\/gallery\/2022_10_14_piemonte\/PLA_5532.jpg\" alt=\"\" width=\"540\" height=\"360\"\/><\/a><\/p>\n<!-- index.php -->\n<div\n\tclass=\"ngg-galleryoverview ngg-ajax-pagination-none\"\n\tid=\"ngg-gallery-28678aba90fb70f51b94c0b6607de787-1\">\n\n    \t\t<!-- Thumbnails -->\n\t\t\t\t<div id=\"ngg-image-0\" class=\"ngg-gallery-thumbnail-box\" >\n\t\t\t\t        <div class=\"ngg-gallery-thumbnail\">\n            <a href=\"http:\/\/www.spaziotorino.it\/scatto\/wp-content\/gallery\/2022_10_14_piemonte\/PLA_5447.jpg\"\n               title=\"Piemonte, il grattacielo della Regione\"\n               data-src=\"http:\/\/www.spaziotorino.it\/scatto\/wp-content\/gallery\/2022_10_14_piemonte\/PLA_5447.jpg\"\n               data-thumbnail=\"http:\/\/www.spaziotorino.it\/scatto\/wp-content\/gallery\/2022_10_14_piemonte\/thumbs\/thumbs_PLA_5447.jpg\"\n               data-image-id=\"27557\"\n               data-title=\"Piemonte, il grattacielo della Regione\"\n               data-description=\"Piemonte, il grattacielo della Regione\"\n               data-image-slug=\"pla_5447-2\"\n               class=\"ngg-fancybox\" rel=\"28678aba90fb70f51b94c0b6607de787\">\n                <img\n                    title=\"Piemonte, il grattacielo della Regione\"\n                    alt=\"Piemonte, il grattacielo della Regione\"\n                    src=\"http:\/\/www.spaziotorino.it\/scatto\/wp-content\/gallery\/2022_10_14_piemonte\/cache\/PLA_5447.jpg-nggid0527557-ngg0dyn-60x60x100-00f0w010c011r110f110r010t010.jpg\"\n                    width=\"60\"\n                    height=\"60\"\n                    style=\"max-width:100%;\"\n                \/>\n            <\/a>\n        <\/div>\n\t\t\t\t\t\t\t<\/div> \n\t\t\t\n        \n\t\t\t\t<div id=\"ngg-image-1\" class=\"ngg-gallery-thumbnail-box\" >\n\t\t\t\t        <div class=\"ngg-gallery-thumbnail\">\n            <a href=\"http:\/\/www.spaziotorino.it\/scatto\/wp-content\/gallery\/2022_10_14_piemonte\/PLA_5470.jpg\"\n               title=\"Vista dalla fermata della metro\"\n               data-src=\"http:\/\/www.spaziotorino.it\/scatto\/wp-content\/gallery\/2022_10_14_piemonte\/PLA_5470.jpg\"\n               data-thumbnail=\"http:\/\/www.spaziotorino.it\/scatto\/wp-content\/gallery\/2022_10_14_piemonte\/thumbs\/thumbs_PLA_5470.jpg\"\n               data-image-id=\"27558\"\n               data-title=\"Vista dalla fermata della metro\"\n               data-description=\"Vista dalla fermata della metro\"\n               data-image-slug=\"pla_5470\"\n               class=\"ngg-fancybox\" rel=\"28678aba90fb70f51b94c0b6607de787\">\n                <img\n                    title=\"Vista dalla fermata della metro\"\n                    alt=\"Vista dalla fermata della metro\"\n                    src=\"http:\/\/www.spaziotorino.it\/scatto\/wp-content\/gallery\/2022_10_14_piemonte\/cache\/PLA_5470.jpg-nggid0527558-ngg0dyn-60x60x100-00f0w010c011r110f110r010t010.jpg\"\n                    width=\"60\"\n                    height=\"60\"\n                    style=\"max-width:100%;\"\n                \/>\n            <\/a>\n        <\/div>\n\t\t\t\t\t\t\t<\/div> \n\t\t\t\n        \n\t\t\t\t<div id=\"ngg-image-2\" class=\"ngg-gallery-thumbnail-box\" >\n\t\t\t\t        <div class=\"ngg-gallery-thumbnail\">\n            <a href=\"http:\/\/www.spaziotorino.it\/scatto\/wp-content\/gallery\/2022_10_14_piemonte\/PLA_5663.jpg\"\n               title=\"Inaugurato a Torino il grattacielo della Regione, si chiamer\u00e0 Piemonte\"\n               data-src=\"http:\/\/www.spaziotorino.it\/scatto\/wp-content\/gallery\/2022_10_14_piemonte\/PLA_5663.jpg\"\n               data-thumbnail=\"http:\/\/www.spaziotorino.it\/scatto\/wp-content\/gallery\/2022_10_14_piemonte\/thumbs\/thumbs_PLA_5663.jpg\"\n               data-image-id=\"27565\"\n               data-title=\"Inaugurato a Torino il grattacielo della Regione, si chiamer\u00e0 Piemonte\"\n               data-description=\"Inaugurato a Torino il grattacielo della Regione, si chiamer\u00e0 Piemonte\"\n               data-image-slug=\"pla_5663-1\"\n               class=\"ngg-fancybox\" rel=\"28678aba90fb70f51b94c0b6607de787\">\n                <img\n                    title=\"Inaugurato a Torino il grattacielo della Regione, si chiamer\u00e0 Piemonte\"\n                    alt=\"Inaugurato a Torino il grattacielo della Regione, si chiamer\u00e0 Piemonte\"\n                    src=\"http:\/\/www.spaziotorino.it\/scatto\/wp-content\/gallery\/2022_10_14_piemonte\/cache\/PLA_5663.jpg-nggid0527565-ngg0dyn-60x60x100-00f0w010c011r110f110r010t010.jpg\"\n                    width=\"60\"\n                    height=\"60\"\n                    style=\"max-width:100%;\"\n                \/>\n            <\/a>\n        <\/div>\n\t\t\t\t\t\t\t<\/div> \n\t\t\t\n        \n\t\t\t\t<div id=\"ngg-image-3\" class=\"ngg-gallery-thumbnail-box\" >\n\t\t\t\t        <div class=\"ngg-gallery-thumbnail\">\n            <a href=\"http:\/\/www.spaziotorino.it\/scatto\/wp-content\/gallery\/2022_10_14_piemonte\/PLA_5631.jpg\"\n               title=\"L&#039;intervento del Sindaco Lo Russo\"\n               data-src=\"http:\/\/www.spaziotorino.it\/scatto\/wp-content\/gallery\/2022_10_14_piemonte\/PLA_5631.jpg\"\n               data-thumbnail=\"http:\/\/www.spaziotorino.it\/scatto\/wp-content\/gallery\/2022_10_14_piemonte\/thumbs\/thumbs_PLA_5631.jpg\"\n               data-image-id=\"27563\"\n               data-title=\"L&#039;intervento del Sindaco Lo Russo\"\n               data-description=\"L&#039;intervento del Sindaco Lo Russo\"\n               data-image-slug=\"pla_5631\"\n               class=\"ngg-fancybox\" rel=\"28678aba90fb70f51b94c0b6607de787\">\n                <img\n                    title=\"L&#039;intervento del Sindaco Lo Russo\"\n                    alt=\"L&#039;intervento del Sindaco Lo Russo\"\n                    src=\"http:\/\/www.spaziotorino.it\/scatto\/wp-content\/gallery\/2022_10_14_piemonte\/cache\/PLA_5631.jpg-nggid0527563-ngg0dyn-60x60x100-00f0w010c011r110f110r010t010.jpg\"\n                    width=\"60\"\n                    height=\"60\"\n                    style=\"max-width:100%;\"\n                \/>\n            <\/a>\n        <\/div>\n\t\t\t\t\t\t\t<\/div> \n\t\t\t\n        \n\t\t\t\t<div id=\"ngg-image-4\" class=\"ngg-gallery-thumbnail-box\" >\n\t\t\t\t        <div class=\"ngg-gallery-thumbnail\">\n            <a href=\"http:\/\/www.spaziotorino.it\/scatto\/wp-content\/gallery\/2022_10_14_piemonte\/PLA_5654.jpg\"\n               title=\"Inaugurato a Torino il grattacielo della Regione, si chiamer\u00e0 Piemonte\"\n               data-src=\"http:\/\/www.spaziotorino.it\/scatto\/wp-content\/gallery\/2022_10_14_piemonte\/PLA_5654.jpg\"\n               data-thumbnail=\"http:\/\/www.spaziotorino.it\/scatto\/wp-content\/gallery\/2022_10_14_piemonte\/thumbs\/thumbs_PLA_5654.jpg\"\n               data-image-id=\"27566\"\n               data-title=\"Inaugurato a Torino il grattacielo della Regione, si chiamer\u00e0 Piemonte\"\n               data-description=\"Inaugurato a Torino il grattacielo della Regione, si chiamer\u00e0 Piemonte\"\n               data-image-slug=\"pla_5654\"\n               class=\"ngg-fancybox\" rel=\"28678aba90fb70f51b94c0b6607de787\">\n                <img\n                    title=\"Inaugurato a Torino il grattacielo della Regione, si chiamer\u00e0 Piemonte\"\n                    alt=\"Inaugurato a Torino il grattacielo della Regione, si chiamer\u00e0 Piemonte\"\n                    src=\"http:\/\/www.spaziotorino.it\/scatto\/wp-content\/gallery\/2022_10_14_piemonte\/cache\/PLA_5654.jpg-nggid0527566-ngg0dyn-60x60x100-00f0w010c011r110f110r010t010.jpg\"\n                    width=\"60\"\n                    height=\"60\"\n                    style=\"max-width:100%;\"\n                \/>\n            <\/a>\n        <\/div>\n\t\t\t\t\t\t\t<\/div> \n\t\t\t\n        \n\t\t\t\t<div id=\"ngg-image-5\" class=\"ngg-gallery-thumbnail-box\" >\n\t\t\t\t        <div class=\"ngg-gallery-thumbnail\">\n            <a href=\"http:\/\/www.spaziotorino.it\/scatto\/wp-content\/gallery\/2022_10_14_piemonte\/PLA_5677.jpg\"\n               title=\"Inaugurato a Torino il grattacielo della Regione, si chiamer\u00e0 Piemonte\"\n               data-src=\"http:\/\/www.spaziotorino.it\/scatto\/wp-content\/gallery\/2022_10_14_piemonte\/PLA_5677.jpg\"\n               data-thumbnail=\"http:\/\/www.spaziotorino.it\/scatto\/wp-content\/gallery\/2022_10_14_piemonte\/thumbs\/thumbs_PLA_5677.jpg\"\n               data-image-id=\"27568\"\n               data-title=\"Inaugurato a Torino il grattacielo della Regione, si chiamer\u00e0 Piemonte\"\n               data-description=\"Inaugurato a Torino il grattacielo della Regione, si chiamer\u00e0 Piemonte\"\n               data-image-slug=\"pla_5677\"\n               class=\"ngg-fancybox\" rel=\"28678aba90fb70f51b94c0b6607de787\">\n                <img\n                    title=\"Inaugurato a Torino il grattacielo della Regione, si chiamer\u00e0 Piemonte\"\n                    alt=\"Inaugurato a Torino il grattacielo della Regione, si chiamer\u00e0 Piemonte\"\n                    src=\"http:\/\/www.spaziotorino.it\/scatto\/wp-content\/gallery\/2022_10_14_piemonte\/cache\/PLA_5677.jpg-nggid0527568-ngg0dyn-60x60x100-00f0w010c011r110f110r010t010.jpg\"\n                    width=\"60\"\n                    height=\"60\"\n                    style=\"max-width:100%;\"\n                \/>\n            <\/a>\n        <\/div>\n\t\t\t\t\t\t\t<\/div> \n\t\t\t\n        \n\t\t\t\t<div id=\"ngg-image-6\" class=\"ngg-gallery-thumbnail-box\" >\n\t\t\t\t        <div class=\"ngg-gallery-thumbnail\">\n            <a href=\"http:\/\/www.spaziotorino.it\/scatto\/wp-content\/gallery\/2022_10_14_piemonte\/PLA_5674.jpg\"\n               title=\"Inaugurato a Torino il grattacielo della Regione, si chiamer\u00e0 Piemonte\"\n               data-src=\"http:\/\/www.spaziotorino.it\/scatto\/wp-content\/gallery\/2022_10_14_piemonte\/PLA_5674.jpg\"\n               data-thumbnail=\"http:\/\/www.spaziotorino.it\/scatto\/wp-content\/gallery\/2022_10_14_piemonte\/thumbs\/thumbs_PLA_5674.jpg\"\n               data-image-id=\"27569\"\n               data-title=\"Inaugurato a Torino il grattacielo della Regione, si chiamer\u00e0 Piemonte\"\n               data-description=\"Inaugurato a Torino il grattacielo della Regione, si chiamer\u00e0 Piemonte\"\n               data-image-slug=\"pla_5674\"\n               class=\"ngg-fancybox\" rel=\"28678aba90fb70f51b94c0b6607de787\">\n                <img\n                    title=\"Inaugurato a Torino il grattacielo della Regione, si chiamer\u00e0 Piemonte\"\n                    alt=\"Inaugurato a Torino il grattacielo della Regione, si chiamer\u00e0 Piemonte\"\n                    src=\"http:\/\/www.spaziotorino.it\/scatto\/wp-content\/gallery\/2022_10_14_piemonte\/cache\/PLA_5674.jpg-nggid0527569-ngg0dyn-60x60x100-00f0w010c011r110f110r010t010.jpg\"\n                    width=\"60\"\n                    height=\"60\"\n                    style=\"max-width:100%;\"\n                \/>\n            <\/a>\n        <\/div>\n\t\t\t\t\t\t\t<\/div> \n\t\t\t\n        \n\t\t\t\t<div id=\"ngg-image-7\" class=\"ngg-gallery-thumbnail-box\" >\n\t\t\t\t        <div class=\"ngg-gallery-thumbnail\">\n            <a href=\"http:\/\/www.spaziotorino.it\/scatto\/wp-content\/gallery\/2022_10_14_piemonte\/PLA_5473.jpg\"\n               title=\"Piemonte, il grattacielo della Regione\"\n               data-src=\"http:\/\/www.spaziotorino.it\/scatto\/wp-content\/gallery\/2022_10_14_piemonte\/PLA_5473.jpg\"\n               data-thumbnail=\"http:\/\/www.spaziotorino.it\/scatto\/wp-content\/gallery\/2022_10_14_piemonte\/thumbs\/thumbs_PLA_5473.jpg\"\n               data-image-id=\"27560\"\n               data-title=\"Piemonte, il grattacielo della Regione\"\n               data-description=\"Piemonte, il grattacielo della Regione\"\n               data-image-slug=\"pla_5473-1\"\n               class=\"ngg-fancybox\" rel=\"28678aba90fb70f51b94c0b6607de787\">\n                <img\n                    title=\"Piemonte, il grattacielo della Regione\"\n                    alt=\"Piemonte, il grattacielo della Regione\"\n                    src=\"http:\/\/www.spaziotorino.it\/scatto\/wp-content\/gallery\/2022_10_14_piemonte\/cache\/PLA_5473.jpg-nggid0527560-ngg0dyn-60x60x100-00f0w010c011r110f110r010t010.jpg\"\n                    width=\"60\"\n                    height=\"60\"\n                    style=\"max-width:100%;\"\n                \/>\n            <\/a>\n        <\/div>\n\t\t\t\t\t\t\t<\/div> \n\t\t\t\n        \n\t\t\t\t<div id=\"ngg-image-8\" class=\"ngg-gallery-thumbnail-box\" >\n\t\t\t\t        <div class=\"ngg-gallery-thumbnail\">\n            <a href=\"http:\/\/www.spaziotorino.it\/scatto\/wp-content\/gallery\/2022_10_14_piemonte\/PLA_5490.jpg\"\n               title=\"Vista dal 43\u00b0 piano\"\n               data-src=\"http:\/\/www.spaziotorino.it\/scatto\/wp-content\/gallery\/2022_10_14_piemonte\/PLA_5490.jpg\"\n               data-thumbnail=\"http:\/\/www.spaziotorino.it\/scatto\/wp-content\/gallery\/2022_10_14_piemonte\/thumbs\/thumbs_PLA_5490.jpg\"\n               data-image-id=\"27555\"\n               data-title=\"Vista dal 43\u00b0 piano\"\n               data-description=\"Vista dal 43\u00b0 piano\"\n               data-image-slug=\"pla_5490\"\n               class=\"ngg-fancybox\" rel=\"28678aba90fb70f51b94c0b6607de787\">\n                <img\n                    title=\"Vista dal 43\u00b0 piano\"\n                    alt=\"Vista dal 43\u00b0 piano\"\n                    src=\"http:\/\/www.spaziotorino.it\/scatto\/wp-content\/gallery\/2022_10_14_piemonte\/cache\/PLA_5490.jpg-nggid0527555-ngg0dyn-60x60x100-00f0w010c011r110f110r010t010.jpg\"\n                    width=\"60\"\n                    height=\"60\"\n                    style=\"max-width:100%;\"\n                \/>\n            <\/a>\n        <\/div>\n\t\t\t\t\t\t\t<\/div> \n\t\t\t\n        \n\t\t\t\t<div id=\"ngg-image-9\" class=\"ngg-gallery-thumbnail-box\" >\n\t\t\t\t        <div class=\"ngg-gallery-thumbnail\">\n            <a href=\"http:\/\/www.spaziotorino.it\/scatto\/wp-content\/gallery\/2022_10_14_piemonte\/PLA_5495.jpg\"\n               title=\"La pista del Lingotto\"\n               data-src=\"http:\/\/www.spaziotorino.it\/scatto\/wp-content\/gallery\/2022_10_14_piemonte\/PLA_5495.jpg\"\n               data-thumbnail=\"http:\/\/www.spaziotorino.it\/scatto\/wp-content\/gallery\/2022_10_14_piemonte\/thumbs\/thumbs_PLA_5495.jpg\"\n               data-image-id=\"27559\"\n               data-title=\"La pista del Lingotto\"\n               data-description=\"La pista del Lingotto\"\n               data-image-slug=\"pla_5495-1\"\n               class=\"ngg-fancybox\" rel=\"28678aba90fb70f51b94c0b6607de787\">\n                <img\n                    title=\"La pista del Lingotto\"\n                    alt=\"La pista del Lingotto\"\n                    src=\"http:\/\/www.spaziotorino.it\/scatto\/wp-content\/gallery\/2022_10_14_piemonte\/cache\/PLA_5495.jpg-nggid0527559-ngg0dyn-60x60x100-00f0w010c011r110f110r010t010.jpg\"\n                    width=\"60\"\n                    height=\"60\"\n                    style=\"max-width:100%;\"\n                \/>\n            <\/a>\n        <\/div>\n\t\t\t\t\t\t\t<\/div> \n\t\t\t\n        \n\t\t\t\t<div id=\"ngg-image-10\" class=\"ngg-gallery-thumbnail-box\" >\n\t\t\t\t        <div class=\"ngg-gallery-thumbnail\">\n            <a href=\"http:\/\/www.spaziotorino.it\/scatto\/wp-content\/gallery\/2022_10_14_piemonte\/PLA_5518.jpg\"\n               title=\"\"\n               data-src=\"http:\/\/www.spaziotorino.it\/scatto\/wp-content\/gallery\/2022_10_14_piemonte\/PLA_5518.jpg\"\n               data-thumbnail=\"http:\/\/www.spaziotorino.it\/scatto\/wp-content\/gallery\/2022_10_14_piemonte\/thumbs\/thumbs_PLA_5518.jpg\"\n               data-image-id=\"27561\"\n               data-title=\"Piemonte, il grattacielo della Regione\"\n               data-description=\"\"\n               data-image-slug=\"pla_5518\"\n               class=\"ngg-fancybox\" rel=\"28678aba90fb70f51b94c0b6607de787\">\n                <img\n                    title=\"Piemonte, il grattacielo della Regione\"\n                    alt=\"Piemonte, il grattacielo della Regione\"\n                    src=\"http:\/\/www.spaziotorino.it\/scatto\/wp-content\/gallery\/2022_10_14_piemonte\/cache\/PLA_5518.jpg-nggid0527561-ngg0dyn-60x60x100-00f0w010c011r110f110r010t010.jpg\"\n                    width=\"60\"\n                    height=\"60\"\n                    style=\"max-width:100%;\"\n                \/>\n            <\/a>\n        <\/div>\n\t\t\t\t\t\t\t<\/div> \n\t\t\t\n        \n\t\t\t\t<div id=\"ngg-image-11\" class=\"ngg-gallery-thumbnail-box\" >\n\t\t\t\t        <div class=\"ngg-gallery-thumbnail\">\n            <a href=\"http:\/\/www.spaziotorino.it\/scatto\/wp-content\/gallery\/2022_10_14_piemonte\/PLA_5502.jpg\"\n               title=\"L&#039;Arco e la Passarella Olimpica\"\n               data-src=\"http:\/\/www.spaziotorino.it\/scatto\/wp-content\/gallery\/2022_10_14_piemonte\/PLA_5502.jpg\"\n               data-thumbnail=\"http:\/\/www.spaziotorino.it\/scatto\/wp-content\/gallery\/2022_10_14_piemonte\/thumbs\/thumbs_PLA_5502.jpg\"\n               data-image-id=\"27562\"\n               data-title=\"L&#039;Arco e la Passarella Olimpica\"\n               data-description=\"L&#039;Arco e la Passarella Olimpica\"\n               data-image-slug=\"pla_5502\"\n               class=\"ngg-fancybox\" rel=\"28678aba90fb70f51b94c0b6607de787\">\n                <img\n                    title=\"L&#039;Arco e la Passarella Olimpica\"\n                    alt=\"L&#039;Arco e la Passarella Olimpica\"\n                    src=\"http:\/\/www.spaziotorino.it\/scatto\/wp-content\/gallery\/2022_10_14_piemonte\/cache\/PLA_5502.jpg-nggid0527562-ngg0dyn-60x60x100-00f0w010c011r110f110r010t010.jpg\"\n                    width=\"60\"\n                    height=\"60\"\n                    style=\"max-width:100%;\"\n                \/>\n            <\/a>\n        <\/div>\n\t\t\t\t\t\t\t<\/div> \n\t\t\t\n        \n\t\t\n\t\t<!-- Pagination -->\n\t<div class='ngg-clear'><\/div>\t<\/div>\n\n<p>43 piani e&nbsp;<strong>204,4 metri che lo rendono uno dei grattacieli pi\u00f9 alti in Italia<\/strong>: \u00e8 il nuovo palazzo unico della Regione Piemonte, oggi ufficialmente \u201cpreso in carico\u201d dalla Giunta con una cerimonia a cui hanno preso parte le autorit\u00e0 civili e religiose del territorio.<\/p>\n<p>Una struttura innovativa anche dal punto di vista della sostenibilit\u00e0, che sfrutta la&nbsp;<strong>geotermia<\/strong>&nbsp;e il&nbsp;<strong>fotovoltaico<\/strong>, consentendo al Palazzo una autonomia energetica di oltre il 30% (non c\u2019\u00e8 uso di gas e il sistema sfrutta anche l\u2019acqua piovana).&nbsp;&nbsp;<\/p>\n<p>Durante la cerimonia sono stati ricordati i momenti principali della storia del Palazzo.&nbsp;<strong>I lavori sono iniziati nel 2011 a pi\u00f9 di 10 anni da quando l\u2019idea era stata messa in cantiere<\/strong>. Poi numerosi ostacoli, a cominciare dal fallimento di alcune delle imprese che avevano in appalto la realizzazione dell\u2019opera, e molte altre complessit\u00e0 che ne hanno allungato enormemente i tempi.&nbsp;Nel <strong>2019 <\/strong>la decisione della nuova giunta di dare un impulso forte per il completamento del grattacielo, con l\u2019approvazione di tre varianti per accelerare il cantiere e la costituzione di una unit\u00e0 di missione che ha lavorato senza sosta pur nelle difficolt\u00e0 dovute alla pandemia.&nbsp;&nbsp;<\/p>\n<p>Al grattacielo si affianca un moderno&nbsp;<strong>centro servizi&nbsp;<\/strong>con un&nbsp;<strong>auditorium<\/strong>&nbsp;da circa 300 posti e altre due sale eventi da quasi 100 posti l\u2019una.&nbsp;<\/p>\n<p>Inoltre una novit\u00e0 assoluta \u00e8 la&nbsp;<strong>passerella con copertura fotovoltaica che potr\u00e0 essere percorsa a piedi o in bicicletta<\/strong>&nbsp;dai cittadini, creando un collegamento diretto tra il sottopasso della stazione Lingotto e via Nizza.<\/p>\n<p>Nelle prossime settimane inizieranno gli allestimenti interni ed&nbsp;<strong>a novembre i primi trasferimenti<\/strong>, a cominciare dalla Presidenza, con l\u2019obiettivo&nbsp;<strong>entro giugno 2023 di completare lo spostamento di tutto il personale<\/strong>&nbsp;all\u2019interno del nuovo Palazzo Unico. Le altre sedi di propriet\u00e0 della Regione che oggi ospitano i diversi assessorati verranno messe in vendita, ad eccezione del Palazzo storico di Piazza Castello.<\/p>\n","protected":false},"excerpt":{"rendered":"<p>43 piani e&nbsp;204,4 metri che lo rendono uno dei grattacieli pi\u00f9 alti in Italia: \u00e8 il nuovo palazzo unico della Regione Piemonte, oggi ufficialmente \u201cpreso in carico\u201d dalla Giunta con una cerimonia a cui hanno preso parte le autorit\u00e0 civili e religiose del territorio. Una struttura innovativa anche dal punto di vista della sostenibilit\u00e0, che [&hellip;]<\/p>\n","protected":false},"author":1,"featured_media":0,"comment_status":"closed","ping_status":"open","sticky":false,"template":"","format":"standard","meta":{"ngg_post_thumbnail":0},"categories":[133,1,41],"tags":[],"_links":{"self":[{"href":"http:\/\/www.spaziotorino.it\/scatto\/index.php?rest_route=\/wp\/v2\/posts\/43336"}],"collection":[{"href":"http:\/\/www.spaziotorino.it\/scatto\/index.php?rest_route=\/wp\/v2\/posts"}],"about":[{"href":"http:\/\/www.spaziotorino.it\/scatto\/index.php?rest_route=\/wp\/v2\/types\/post"}],"author":[{"embeddable":true,"href":"http:\/\/www.spaziotorino.it\/scatto\/index.php?rest_route=\/wp\/v2\/users\/1"}],"replies":[{"embeddable":true,"href":"http:\/\/www.spaziotorino.it\/scatto\/index.php?rest_route=%2Fwp%2Fv2%2Fcomments&post=43336"}],"version-history":[{"count":1,"href":"http:\/\/www.spaziotorino.it\/scatto\/index.php?rest_route=\/wp\/v2\/posts\/43336\/revisions"}],"predecessor-version":[{"id":43338,"href":"http:\/\/www.spaziotorino.it\/scatto\/index.php?rest_route=\/wp\/v2\/posts\/43336\/revisions\/43338"}],"wp:attachment":[{"href":"http:\/\/www.spaziotorino.it\/scatto\/index.php?rest_route=%2Fwp%2Fv2%2Fmedia&parent=43336"}],"wp:term":[{"taxonomy":"category","embeddable":true,"href":"http:\/\/www.spaziotorino.it\/scatto\/index.php?rest_route=%2Fwp%2Fv2%2Fcategories&post=43336"},{"taxonomy":"post_tag","embeddable":true,"href":"http:\/\/www.spaziotorino.it\/scatto\/index.php?rest_route=%2Fwp%2Fv2%2Ftags&post=43336"}],"curies":[{"name":"wp","href":"https:\/\/api.w.org\/{rel}","templated":true}]}}